{"id":4125,"date":"2020-04-18T13:42:57","date_gmt":"2020-04-18T13:42:57","guid":{"rendered":"http:\/\/www.eldigitaldeasturias.com\/radio\/?p=4125"},"modified":"2020-04-18T13:42:57","modified_gmt":"2020-04-18T13:42:57","slug":"alemania-planea-endurecer-ciudadania-a-extranjeros-con-papeles-falsos","status":"publish","type":"post","link":"https:\/\/eldigitaldeasturias.com\/radio\/alemania-planea-endurecer-ciudadania-a-extranjeros-con-papeles-falsos\/","title":{"rendered":"Alemania planea endurecer ciudadan\u00eda a extranjeros con papeles falsos"},"content":{"rendered":"<p><img fetchpriority=\"high\" decoding=\"async\" class=\"alignleft size-medium wp-image-1439\" src=\"http:\/\/www.eldigitaldeasturias.com\/radio\/wp-content\/uploads\/2018\/10\/berlin-76509_960_720-360x270.jpg\" alt=\"\" width=\"360\" height=\"270\" srcset=\"https:\/\/eldigitaldeasturias.com\/radio\/wp-content\/uploads\/2018\/10\/berlin-76509_960_720-360x270.jpg 360w, https:\/\/eldigitaldeasturias.com\/radio\/wp-content\/uploads\/2018\/10\/berlin-76509_960_720-768x576.jpg 768w, https:\/\/eldigitaldeasturias.com\/radio\/wp-content\/uploads\/2018\/10\/berlin-76509_960_720.jpg 960w\" sizes=\"(max-width: 360px) 100vw, 360px\" \/>Berl\u00edn, 17 abr (dpa) &#8211; Los extranjeros que ingresaron a Alemania con una identidad o nacionalidad falsa tendr\u00e1n m\u00e1s dificultades al momento de iniciar el tr\u00e1mite de nacionalizaci\u00f3n, seg\u00fan inform\u00f3 hoy el peri\u00f3dico \u00abDie Welt\u00bb en base a un proyecto de ley del Ministerio Alem\u00e1n del Interior.<\/p>\n<p>De acuerdo con estos planes, el ministerio no tendr\u00e1 en cuenta los a\u00f1os pasados en Alemania bajo una identidad falsa. Esto es importante porque un extranjero debe haber vivido en el pa\u00eds durante al menos ocho a\u00f1os para poder solicitar el pasaporte alem\u00e1n.<\/p>\n<p>Seg\u00fan el informe, puede haber varios motivos por los cuales la persona minti\u00f3 sobre su identidad u origen. Por otra parte, tampoco es posible deportarla si no se conoce su pa\u00eds de origen.<\/p>\n<p>El proyecto de ley del Ministerio del Interior prev\u00e9 que a las personas que ingresaron en Alemania con una identidad falsa no se les otorgue un permiso de residencia temporal -que suele concederse a los extranjeros- y la posterior residencia permanente, un requisito indispensable para adquirir la ciudadan\u00eda alemana.<\/p>\n<p>A partir de la nueva ley, a estas personas se les negar\u00e1 la residencia permanente en el pa\u00eds. \u00abLa aclaraci\u00f3n de la identidad y la nacionalidad se establecer\u00e1 como requisito obligatorio para la concesi\u00f3n de un permiso de residencia permanente\u00bb, se\u00f1ala el borrador.<\/p>\n<p>Adem\u00e1s, de acuerdo con el informe, se modific\u00f3 la ley en cuanto a la situaci\u00f3n legal de los hijos de estas personas con identidad falsa. Hasta ahora, los ni\u00f1os nacidos en Alemania de dos padres extranjeros recib\u00edan el pasaporte alem\u00e1n desde su nacimiento si uno de los padres ya resid\u00eda en el pa\u00eds m\u00e1s de ocho a\u00f1os.<\/p>\n<p>En el futuro, los padres extranjeros deber\u00e1n declarar su verdadera identidad como \u00abrequisito\u00bb para que sus hijos nacidos en Alemania obtengan la ciudadan\u00eda.<\/p>\n","protected":false},"excerpt":{"rendered":"<p>Berl\u00edn, 17 abr (dpa) &#8211; Los extranjeros que ingresaron a Alemania con una identidad o nacionalidad falsa tendr\u00e1n m\u00e1s dificultades al momento de iniciar el tr\u00e1mite de nacionalizaci\u00f3n, seg\u00fan inform\u00f3 hoy el peri\u00f3dico \u00abDie Welt\u00bb en base a un proyecto de ley del Ministerio Alem\u00e1n del Interior. De acuerdo con estos planes, el ministerio no<\/p>\n","protected":false},"author":1,"featured_media":2992,"comment_status":"closed","ping_status":"closed","sticky":false,"template":"","format":"standard","meta":{"footnotes":""},"categories":[1],"tags":[],"class_list":{"0":"post-4125","1":"post","2":"type-post","3":"status-publish","4":"format-standard","5":"has-post-thumbnail","7":"category-noticias"},"aioseo_notices":[],"aioseo_head":"\n\t\t<!-- All in One SEO Pro 4.9.6.2 - aioseo.com -->\n\t<meta name=\"description\" content=\"Berl\u00edn, 17 abr (dpa) - Los extranjeros que ingresaron a Alemania con una identidad o nacionalidad falsa tendr\u00e1n m\u00e1s dificultades al momento de iniciar el tr\u00e1mite de nacionalizaci\u00f3n, seg\u00fan inform\u00f3 hoy el peri\u00f3dico &quot;Die Welt&quot; en base a un proyecto de ley del Ministerio Alem\u00e1n del Interior. De acuerdo con estos planes, el ministerio no\" \/>\n\t<meta name=\"robots\" content=\"max-image-preview:large\" \/>\n\t<meta name=\"author\" content=\"NBAsturias\"\/>\n\t<meta name=\"google-site-verification\" content=\"UA-38556648-1\" \/>\n\t<meta name=\"keywords\" content=\"noticias\" \/>\n\t<link rel=\"canonical\" href=\"https:\/\/eldigitaldeasturias.com\/radio\/alemania-planea-endurecer-ciudadania-a-extranjeros-con-papeles-falsos\/\" \/>\n\t<meta name=\"generator\" content=\"All in One SEO Pro (AIOSEO) 4.9.6.2\" \/>\n\t\t<meta property=\"og:locale\" content=\"es_ES\" \/>\n\t\t<meta property=\"og:site_name\" content=\"El Digital de Asturias | Diario de informaci\u00f3n y noticias\" \/>\n\t\t<meta property=\"og:type\" content=\"article\" \/>\n\t\t<meta property=\"og:title\" content=\"Alemania planea endurecer ciudadan\u00eda a extranjeros con papeles falsos | El Digital de Asturias\" \/>\n\t\t<meta property=\"og:description\" content=\"Berl\u00edn, 17 abr (dpa) - Los extranjeros que ingresaron a Alemania con una identidad o nacionalidad falsa tendr\u00e1n m\u00e1s dificultades al momento de iniciar el tr\u00e1mite de nacionalizaci\u00f3n, seg\u00fan inform\u00f3 hoy el peri\u00f3dico &quot;Die Welt&quot; en base a un proyecto de ley del Ministerio Alem\u00e1n del Interior. De acuerdo con estos planes, el ministerio no\" \/>\n\t\t<meta property=\"og:url\" content=\"https:\/\/eldigitaldeasturias.com\/radio\/alemania-planea-endurecer-ciudadania-a-extranjeros-con-papeles-falsos\/\" \/>\n\t\t<meta property=\"og:image\" content=\"https:\/\/eldigitaldeasturias.com\/radio\/wp-content\/uploads\/2019\/08\/pedestrians-400811_960_720.jpg\" \/>\n\t\t<meta property=\"og:image:secure_url\" content=\"https:\/\/eldigitaldeasturias.com\/radio\/wp-content\/uploads\/2019\/08\/pedestrians-400811_960_720.jpg\" \/>\n\t\t<meta property=\"og:image:width\" content=\"960\" \/>\n\t\t<meta property=\"og:image:height\" content=\"635\" \/>\n\t\t<meta property=\"article:published_time\" content=\"2020-04-18T13:42:57+00:00\" \/>\n\t\t<meta property=\"article:modified_time\" content=\"2020-04-18T13:42:57+00:00\" \/>\n\t\t<meta name=\"twitter:card\" content=\"summary_large_image\" \/>\n\t\t<meta name=\"twitter:site\" content=\"@bercodi\" \/>\n\t\t<meta name=\"twitter:title\" content=\"Alemania planea endurecer ciudadan\u00eda a extranjeros con papeles falsos | El Digital de Asturias\" \/>\n\t\t<meta name=\"twitter:description\" content=\"Berl\u00edn, 17 abr (dpa) - Los extranjeros que ingresaron a Alemania con una identidad o nacionalidad falsa tendr\u00e1n m\u00e1s dificultades al momento de iniciar el tr\u00e1mite de nacionalizaci\u00f3n, seg\u00fan inform\u00f3 hoy el peri\u00f3dico &quot;Die Welt&quot; en base a un proyecto de ley del Ministerio Alem\u00e1n del Interior. De acuerdo con estos planes, el ministerio no\" \/>\n\t\t<meta name=\"twitter:creator\" content=\"@bercodi\" \/>\n\t\t<meta name=\"twitter:image\" content=\"https:\/\/eldigitaldeasturias.com\/radio\/wp-content\/uploads\/2019\/08\/pedestrians-400811_960_720.jpg\" \/>\n\t\t<script type=\"application\/ld+json\" class=\"aioseo-schema\">\n\t\t\t{\"@context\":\"https:\\\/\\\/schema.org\",\"@graph\":[{\"@type\":\"BreadcrumbList\",\"@id\":\"https:\\\/\\\/eldigitaldeasturias.com\\\/radio\\\/alemania-planea-endurecer-ciudadania-a-extranjeros-con-papeles-falsos\\\/#breadcrumblist\",\"itemListElement\":[{\"@type\":\"ListItem\",\"@id\":\"https:\\\/\\\/eldigitaldeasturias.com\\\/radio#listItem\",\"position\":1,\"name\":\"Inicio\",\"item\":\"https:\\\/\\\/eldigitaldeasturias.com\\\/radio\",\"nextItem\":{\"@type\":\"ListItem\",\"@id\":\"https:\\\/\\\/eldigitaldeasturias.com\\\/radio\\\/category\\\/noticias\\\/#listItem\",\"name\":\"Noticias\"}},{\"@type\":\"ListItem\",\"@id\":\"https:\\\/\\\/eldigitaldeasturias.com\\\/radio\\\/category\\\/noticias\\\/#listItem\",\"position\":2,\"name\":\"Noticias\",\"item\":\"https:\\\/\\\/eldigitaldeasturias.com\\\/radio\\\/category\\\/noticias\\\/\",\"nextItem\":{\"@type\":\"ListItem\",\"@id\":\"https:\\\/\\\/eldigitaldeasturias.com\\\/radio\\\/alemania-planea-endurecer-ciudadania-a-extranjeros-con-papeles-falsos\\\/#listItem\",\"name\":\"Alemania planea endurecer ciudadan\\u00eda a extranjeros con papeles falsos\"},\"previousItem\":{\"@type\":\"ListItem\",\"@id\":\"https:\\\/\\\/eldigitaldeasturias.com\\\/radio#listItem\",\"name\":\"Inicio\"}},{\"@type\":\"ListItem\",\"@id\":\"https:\\\/\\\/eldigitaldeasturias.com\\\/radio\\\/alemania-planea-endurecer-ciudadania-a-extranjeros-con-papeles-falsos\\\/#listItem\",\"position\":3,\"name\":\"Alemania planea endurecer ciudadan\\u00eda a extranjeros con papeles falsos\",\"previousItem\":{\"@type\":\"ListItem\",\"@id\":\"https:\\\/\\\/eldigitaldeasturias.com\\\/radio\\\/category\\\/noticias\\\/#listItem\",\"name\":\"Noticias\"}}]},{\"@type\":\"NewsArticle\",\"@id\":\"https:\\\/\\\/eldigitaldeasturias.com\\\/radio\\\/alemania-planea-endurecer-ciudadania-a-extranjeros-con-papeles-falsos\\\/#newsarticle\",\"name\":\"Alemania planea endurecer ciudadan\\u00eda a extranjeros con papeles falsos | El Digital de Asturias\",\"headline\":\"Alemania planea endurecer ciudadan\\u00eda a extranjeros con papeles falsos\",\"author\":{\"@id\":\"https:\\\/\\\/eldigitaldeasturias.com\\\/radio\\\/author\\\/nbasturias\\\/#author\"},\"publisher\":{\"@id\":\"https:\\\/\\\/eldigitaldeasturias.com\\\/radio\\\/#organization\"},\"image\":{\"@type\":\"ImageObject\",\"url\":\"https:\\\/\\\/eldigitaldeasturias.com\\\/radio\\\/wp-content\\\/uploads\\\/2019\\\/08\\\/pedestrians-400811_960_720.jpg\",\"width\":960,\"height\":635},\"datePublished\":\"2020-04-18T13:42:57+02:00\",\"dateModified\":\"2020-04-18T13:42:57+02:00\",\"inLanguage\":\"es-ES\",\"mainEntityOfPage\":{\"@id\":\"https:\\\/\\\/eldigitaldeasturias.com\\\/radio\\\/alemania-planea-endurecer-ciudadania-a-extranjeros-con-papeles-falsos\\\/#webpage\"},\"isPartOf\":{\"@id\":\"https:\\\/\\\/eldigitaldeasturias.com\\\/radio\\\/alemania-planea-endurecer-ciudadania-a-extranjeros-con-papeles-falsos\\\/#webpage\"},\"articleSection\":\"Noticias\",\"dateline\":\"Publicado el abril 18, 2020.\"},{\"@type\":\"Organization\",\"@id\":\"https:\\\/\\\/eldigitaldeasturias.com\\\/radio\\\/#organization\",\"name\":\"El digital de Asturias Radio\",\"description\":\"Diario de informaci\\u00f3n y noticias\",\"url\":\"https:\\\/\\\/eldigitaldeasturias.com\\\/radio\\\/\",\"telephone\":\"+34652131393\",\"logo\":{\"@type\":\"ImageObject\",\"url\":\"https:\\\/\\\/www.eldigitaldeasturias.com\\\/radio\\\/wp-content\\\/uploads\\\/2021\\\/03\\\/EDA.jpg\",\"@id\":\"https:\\\/\\\/eldigitaldeasturias.com\\\/radio\\\/alemania-planea-endurecer-ciudadania-a-extranjeros-con-papeles-falsos\\\/#organizationLogo\"},\"image\":{\"@id\":\"https:\\\/\\\/eldigitaldeasturias.com\\\/radio\\\/alemania-planea-endurecer-ciudadania-a-extranjeros-con-papeles-falsos\\\/#organizationLogo\"},\"sameAs\":[\"https:\\\/\\\/www.facebook.com\\\/\",\"https:\\\/\\\/x.com\\\/bercodi\",\"https:\\\/\\\/www.instagram.com\\\/\",\"https:\\\/\\\/www.youtube.com\\\/channel\\\/UCZP-2wLEB9Rv6erhFmqVnvg\"]},{\"@type\":\"Person\",\"@id\":\"https:\\\/\\\/eldigitaldeasturias.com\\\/radio\\\/author\\\/nbasturias\\\/#author\",\"url\":\"https:\\\/\\\/eldigitaldeasturias.com\\\/radio\\\/author\\\/nbasturias\\\/\",\"name\":\"NBAsturias\",\"image\":{\"@type\":\"ImageObject\",\"@id\":\"https:\\\/\\\/eldigitaldeasturias.com\\\/radio\\\/alemania-planea-endurecer-ciudadania-a-extranjeros-con-papeles-falsos\\\/#authorImage\",\"url\":\"https:\\\/\\\/secure.gravatar.com\\\/avatar\\\/df2aeffc32bcd13f8d26072ef8a91b623d677766deac7f97ca815868cd41bf5e?s=96&d=mm&r=g\",\"width\":96,\"height\":96,\"caption\":\"NBAsturias\"}},{\"@type\":\"WebPage\",\"@id\":\"https:\\\/\\\/eldigitaldeasturias.com\\\/radio\\\/alemania-planea-endurecer-ciudadania-a-extranjeros-con-papeles-falsos\\\/#webpage\",\"url\":\"https:\\\/\\\/eldigitaldeasturias.com\\\/radio\\\/alemania-planea-endurecer-ciudadania-a-extranjeros-con-papeles-falsos\\\/\",\"name\":\"Alemania planea endurecer ciudadan\\u00eda a extranjeros con papeles falsos | El Digital de Asturias\",\"description\":\"Berl\\u00edn, 17 abr (dpa) - Los extranjeros que ingresaron a Alemania con una identidad o nacionalidad falsa tendr\\u00e1n m\\u00e1s dificultades al momento de iniciar el tr\\u00e1mite de nacionalizaci\\u00f3n, seg\\u00fan inform\\u00f3 hoy el peri\\u00f3dico \\\"Die Welt\\\" en base a un proyecto de ley del Ministerio Alem\\u00e1n del Interior. De acuerdo con estos planes, el ministerio no\",\"inLanguage\":\"es-ES\",\"isPartOf\":{\"@id\":\"https:\\\/\\\/eldigitaldeasturias.com\\\/radio\\\/#website\"},\"breadcrumb\":{\"@id\":\"https:\\\/\\\/eldigitaldeasturias.com\\\/radio\\\/alemania-planea-endurecer-ciudadania-a-extranjeros-con-papeles-falsos\\\/#breadcrumblist\"},\"author\":{\"@id\":\"https:\\\/\\\/eldigitaldeasturias.com\\\/radio\\\/author\\\/nbasturias\\\/#author\"},\"creator\":{\"@id\":\"https:\\\/\\\/eldigitaldeasturias.com\\\/radio\\\/author\\\/nbasturias\\\/#author\"},\"image\":{\"@type\":\"ImageObject\",\"url\":\"https:\\\/\\\/eldigitaldeasturias.com\\\/radio\\\/wp-content\\\/uploads\\\/2019\\\/08\\\/pedestrians-400811_960_720.jpg\",\"@id\":\"https:\\\/\\\/eldigitaldeasturias.com\\\/radio\\\/alemania-planea-endurecer-ciudadania-a-extranjeros-con-papeles-falsos\\\/#mainImage\",\"width\":960,\"height\":635},\"primaryImageOfPage\":{\"@id\":\"https:\\\/\\\/eldigitaldeasturias.com\\\/radio\\\/alemania-planea-endurecer-ciudadania-a-extranjeros-con-papeles-falsos\\\/#mainImage\"},\"datePublished\":\"2020-04-18T13:42:57+02:00\",\"dateModified\":\"2020-04-18T13:42:57+02:00\"},{\"@type\":\"WebSite\",\"@id\":\"https:\\\/\\\/eldigitaldeasturias.com\\\/radio\\\/#website\",\"url\":\"https:\\\/\\\/eldigitaldeasturias.com\\\/radio\\\/\",\"name\":\"El Digital de Asturias\",\"description\":\"Diario de informaci\\u00f3n y noticias\",\"inLanguage\":\"es-ES\",\"publisher\":{\"@id\":\"https:\\\/\\\/eldigitaldeasturias.com\\\/radio\\\/#organization\"}}]}\n\t\t<\/script>\n\t\t<!-- All in One SEO Pro -->\r\n\t\t<title>Alemania planea endurecer ciudadan\u00eda a extranjeros con papeles falsos | El Digital de Asturias<\/title>\n\n","aioseo_head_json":{"title":"Alemania planea endurecer ciudadan\u00eda a extranjeros con papeles falsos | El Digital de Asturias","description":"Berl\u00edn, 17 abr (dpa) - Los extranjeros que ingresaron a Alemania con una identidad o nacionalidad falsa tendr\u00e1n m\u00e1s dificultades al momento de iniciar el tr\u00e1mite de nacionalizaci\u00f3n, seg\u00fan inform\u00f3 hoy el peri\u00f3dico \"Die Welt\" en base a un proyecto de ley del Ministerio Alem\u00e1n del Interior. De acuerdo con estos planes, el ministerio no","canonical_url":"https:\/\/eldigitaldeasturias.com\/radio\/alemania-planea-endurecer-ciudadania-a-extranjeros-con-papeles-falsos\/","robots":"max-image-preview:large","keywords":"noticias","webmasterTools":{"google-site-verification":"UA-38556648-1","miscellaneous":""},"schema":{"@context":"https:\/\/schema.org","@graph":[{"@type":"BreadcrumbList","@id":"https:\/\/eldigitaldeasturias.com\/radio\/alemania-planea-endurecer-ciudadania-a-extranjeros-con-papeles-falsos\/#breadcrumblist","itemListElement":[{"@type":"ListItem","@id":"https:\/\/eldigitaldeasturias.com\/radio#listItem","position":1,"name":"Inicio","item":"https:\/\/eldigitaldeasturias.com\/radio","nextItem":{"@type":"ListItem","@id":"https:\/\/eldigitaldeasturias.com\/radio\/category\/noticias\/#listItem","name":"Noticias"}},{"@type":"ListItem","@id":"https:\/\/eldigitaldeasturias.com\/radio\/category\/noticias\/#listItem","position":2,"name":"Noticias","item":"https:\/\/eldigitaldeasturias.com\/radio\/category\/noticias\/","nextItem":{"@type":"ListItem","@id":"https:\/\/eldigitaldeasturias.com\/radio\/alemania-planea-endurecer-ciudadania-a-extranjeros-con-papeles-falsos\/#listItem","name":"Alemania planea endurecer ciudadan\u00eda a extranjeros con papeles falsos"},"previousItem":{"@type":"ListItem","@id":"https:\/\/eldigitaldeasturias.com\/radio#listItem","name":"Inicio"}},{"@type":"ListItem","@id":"https:\/\/eldigitaldeasturias.com\/radio\/alemania-planea-endurecer-ciudadania-a-extranjeros-con-papeles-falsos\/#listItem","position":3,"name":"Alemania planea endurecer ciudadan\u00eda a extranjeros con papeles falsos","previousItem":{"@type":"ListItem","@id":"https:\/\/eldigitaldeasturias.com\/radio\/category\/noticias\/#listItem","name":"Noticias"}}]},{"@type":"NewsArticle","@id":"https:\/\/eldigitaldeasturias.com\/radio\/alemania-planea-endurecer-ciudadania-a-extranjeros-con-papeles-falsos\/#newsarticle","name":"Alemania planea endurecer ciudadan\u00eda a extranjeros con papeles falsos | El Digital de Asturias","headline":"Alemania planea endurecer ciudadan\u00eda a extranjeros con papeles falsos","author":{"@id":"https:\/\/eldigitaldeasturias.com\/radio\/author\/nbasturias\/#author"},"publisher":{"@id":"https:\/\/eldigitaldeasturias.com\/radio\/#organization"},"image":{"@type":"ImageObject","url":"https:\/\/eldigitaldeasturias.com\/radio\/wp-content\/uploads\/2019\/08\/pedestrians-400811_960_720.jpg","width":960,"height":635},"datePublished":"2020-04-18T13:42:57+02:00","dateModified":"2020-04-18T13:42:57+02:00","inLanguage":"es-ES","mainEntityOfPage":{"@id":"https:\/\/eldigitaldeasturias.com\/radio\/alemania-planea-endurecer-ciudadania-a-extranjeros-con-papeles-falsos\/#webpage"},"isPartOf":{"@id":"https:\/\/eldigitaldeasturias.com\/radio\/alemania-planea-endurecer-ciudadania-a-extranjeros-con-papeles-falsos\/#webpage"},"articleSection":"Noticias","dateline":"Publicado el abril 18, 2020."},{"@type":"Organization","@id":"https:\/\/eldigitaldeasturias.com\/radio\/#organization","name":"El digital de Asturias Radio","description":"Diario de informaci\u00f3n y noticias","url":"https:\/\/eldigitaldeasturias.com\/radio\/","telephone":"+34652131393","logo":{"@type":"ImageObject","url":"https:\/\/www.eldigitaldeasturias.com\/radio\/wp-content\/uploads\/2021\/03\/EDA.jpg","@id":"https:\/\/eldigitaldeasturias.com\/radio\/alemania-planea-endurecer-ciudadania-a-extranjeros-con-papeles-falsos\/#organizationLogo"},"image":{"@id":"https:\/\/eldigitaldeasturias.com\/radio\/alemania-planea-endurecer-ciudadania-a-extranjeros-con-papeles-falsos\/#organizationLogo"},"sameAs":["https:\/\/www.facebook.com\/","https:\/\/x.com\/bercodi","https:\/\/www.instagram.com\/","https:\/\/www.youtube.com\/channel\/UCZP-2wLEB9Rv6erhFmqVnvg"]},{"@type":"Person","@id":"https:\/\/eldigitaldeasturias.com\/radio\/author\/nbasturias\/#author","url":"https:\/\/eldigitaldeasturias.com\/radio\/author\/nbasturias\/","name":"NBAsturias","image":{"@type":"ImageObject","@id":"https:\/\/eldigitaldeasturias.com\/radio\/alemania-planea-endurecer-ciudadania-a-extranjeros-con-papeles-falsos\/#authorImage","url":"https:\/\/secure.gravatar.com\/avatar\/df2aeffc32bcd13f8d26072ef8a91b623d677766deac7f97ca815868cd41bf5e?s=96&d=mm&r=g","width":96,"height":96,"caption":"NBAsturias"}},{"@type":"WebPage","@id":"https:\/\/eldigitaldeasturias.com\/radio\/alemania-planea-endurecer-ciudadania-a-extranjeros-con-papeles-falsos\/#webpage","url":"https:\/\/eldigitaldeasturias.com\/radio\/alemania-planea-endurecer-ciudadania-a-extranjeros-con-papeles-falsos\/","name":"Alemania planea endurecer ciudadan\u00eda a extranjeros con papeles falsos | El Digital de Asturias","description":"Berl\u00edn, 17 abr (dpa) - Los extranjeros que ingresaron a Alemania con una identidad o nacionalidad falsa tendr\u00e1n m\u00e1s dificultades al momento de iniciar el tr\u00e1mite de nacionalizaci\u00f3n, seg\u00fan inform\u00f3 hoy el peri\u00f3dico \"Die Welt\" en base a un proyecto de ley del Ministerio Alem\u00e1n del Interior. De acuerdo con estos planes, el ministerio no","inLanguage":"es-ES","isPartOf":{"@id":"https:\/\/eldigitaldeasturias.com\/radio\/#website"},"breadcrumb":{"@id":"https:\/\/eldigitaldeasturias.com\/radio\/alemania-planea-endurecer-ciudadania-a-extranjeros-con-papeles-falsos\/#breadcrumblist"},"author":{"@id":"https:\/\/eldigitaldeasturias.com\/radio\/author\/nbasturias\/#author"},"creator":{"@id":"https:\/\/eldigitaldeasturias.com\/radio\/author\/nbasturias\/#author"},"image":{"@type":"ImageObject","url":"https:\/\/eldigitaldeasturias.com\/radio\/wp-content\/uploads\/2019\/08\/pedestrians-400811_960_720.jpg","@id":"https:\/\/eldigitaldeasturias.com\/radio\/alemania-planea-endurecer-ciudadania-a-extranjeros-con-papeles-falsos\/#mainImage","width":960,"height":635},"primaryImageOfPage":{"@id":"https:\/\/eldigitaldeasturias.com\/radio\/alemania-planea-endurecer-ciudadania-a-extranjeros-con-papeles-falsos\/#mainImage"},"datePublished":"2020-04-18T13:42:57+02:00","dateModified":"2020-04-18T13:42:57+02:00"},{"@type":"WebSite","@id":"https:\/\/eldigitaldeasturias.com\/radio\/#website","url":"https:\/\/eldigitaldeasturias.com\/radio\/","name":"El Digital de Asturias","description":"Diario de informaci\u00f3n y noticias","inLanguage":"es-ES","publisher":{"@id":"https:\/\/eldigitaldeasturias.com\/radio\/#organization"}}]},"og:locale":"es_ES","og:site_name":"El Digital de Asturias | Diario de informaci\u00f3n y noticias","og:type":"article","og:title":"Alemania planea endurecer ciudadan\u00eda a extranjeros con papeles falsos | El Digital de Asturias","og:description":"Berl\u00edn, 17 abr (dpa) - Los extranjeros que ingresaron a Alemania con una identidad o nacionalidad falsa tendr\u00e1n m\u00e1s dificultades al momento de iniciar el tr\u00e1mite de nacionalizaci\u00f3n, seg\u00fan inform\u00f3 hoy el peri\u00f3dico &quot;Die Welt&quot; en base a un proyecto de ley del Ministerio Alem\u00e1n del Interior. De acuerdo con estos planes, el ministerio no","og:url":"https:\/\/eldigitaldeasturias.com\/radio\/alemania-planea-endurecer-ciudadania-a-extranjeros-con-papeles-falsos\/","og:image":"https:\/\/eldigitaldeasturias.com\/radio\/wp-content\/uploads\/2019\/08\/pedestrians-400811_960_720.jpg","og:image:secure_url":"https:\/\/eldigitaldeasturias.com\/radio\/wp-content\/uploads\/2019\/08\/pedestrians-400811_960_720.jpg","og:image:width":960,"og:image:height":635,"article:published_time":"2020-04-18T13:42:57+00:00","article:modified_time":"2020-04-18T13:42:57+00:00","twitter:card":"summary_large_image","twitter:site":"@bercodi","twitter:title":"Alemania planea endurecer ciudadan\u00eda a extranjeros con papeles falsos | El Digital de Asturias","twitter:description":"Berl\u00edn, 17 abr (dpa) - Los extranjeros que ingresaron a Alemania con una identidad o nacionalidad falsa tendr\u00e1n m\u00e1s dificultades al momento de iniciar el tr\u00e1mite de nacionalizaci\u00f3n, seg\u00fan inform\u00f3 hoy el peri\u00f3dico &quot;Die Welt&quot; en base a un proyecto de ley del Ministerio Alem\u00e1n del Interior. De acuerdo con estos planes, el ministerio no","twitter:creator":"@bercodi","twitter:image":"https:\/\/eldigitaldeasturias.com\/radio\/wp-content\/uploads\/2019\/08\/pedestrians-400811_960_720.jpg"},"aioseo_meta_data":{"post_id":"4125","title":null,"description":null,"keywords":null,"keyphrases":null,"primary_term":null,"canonical_url":null,"og_title":null,"og_description":null,"og_object_type":"default","og_image_type":"default","og_image_url":null,"og_image_width":null,"og_image_height":null,"og_image_custom_url":null,"og_image_custom_fields":null,"og_video":null,"og_custom_url":null,"og_article_section":null,"og_article_tags":null,"twitter_use_og":false,"twitter_card":"default","twitter_image_type":"default","twitter_image_url":null,"twitter_image_custom_url":null,"twitter_image_custom_fields":null,"twitter_title":null,"twitter_description":null,"schema":{"blockGraphs":[],"customGraphs":[],"default":{"data":{"Article":[],"Course":[],"Dataset":[],"FAQPage":[],"Movie":[],"Person":[],"Product":[],"ProductReview":[],"Car":[],"Recipe":[],"Service":[],"SoftwareApplication":[],"WebPage":[]},"graphName":"","isEnabled":true},"graphs":[],"defaultGraph":"","defaultPostTypeGraph":""},"schema_type":null,"schema_type_options":null,"pillar_content":false,"robots_default":true,"robots_noindex":false,"robots_noarchive":false,"robots_nosnippet":false,"robots_nofollow":false,"robots_noimageindex":false,"robots_noodp":false,"robots_notranslate":false,"robots_max_snippet":null,"robots_max_videopreview":null,"robots_max_imagepreview":"large","priority":null,"frequency":null,"location":null,"local_seo":null,"seo_analyzer_scan_date":"2025-08-28 15:22:30","breadcrumb_settings":null,"limit_modified_date":false,"open_ai":null,"ai":null,"created":"2021-03-26 00:47:43","updated":"2025-08-28 15:22:30"},"aioseo_breadcrumb":"<div class=\"aioseo-breadcrumbs\"><span class=\"aioseo-breadcrumb\">\n\t<a href=\"https:\/\/eldigitaldeasturias.com\/radio\" title=\"Inicio\">Inicio<\/a>\n<\/span><span class=\"aioseo-breadcrumb-separator\">&ndash;<\/span><span class=\"aioseo-breadcrumb\">\n\t<a href=\"https:\/\/eldigitaldeasturias.com\/radio\/category\/noticias\/\" title=\"Noticias\">Noticias<\/a>\n<\/span><span class=\"aioseo-breadcrumb-separator\">&ndash;<\/span><span class=\"aioseo-breadcrumb\">\n\tAlemania planea endurecer ciudadan\u00eda a extranjeros con papeles falsos\n<\/span><\/div>","aioseo_breadcrumb_json":[{"label":"Inicio","link":"https:\/\/eldigitaldeasturias.com\/radio"},{"label":"Noticias","link":"https:\/\/eldigitaldeasturias.com\/radio\/category\/noticias\/"},{"label":"Alemania planea endurecer ciudadan\u00eda a extranjeros con papeles falsos","link":"https:\/\/eldigitaldeasturias.com\/radio\/alemania-planea-endurecer-ciudadania-a-extranjeros-con-papeles-falsos\/"}],"_links":{"self":[{"href":"https:\/\/eldigitaldeasturias.com\/radio\/wp-json\/wp\/v2\/posts\/4125","targetHints":{"allow":["GET"]}}],"collection":[{"href":"https:\/\/eldigitaldeasturias.com\/radio\/wp-json\/wp\/v2\/posts"}],"about":[{"href":"https:\/\/eldigitaldeasturias.com\/radio\/wp-json\/wp\/v2\/types\/post"}],"author":[{"embeddable":true,"href":"https:\/\/eldigitaldeasturias.com\/radio\/wp-json\/wp\/v2\/users\/1"}],"replies":[{"embeddable":true,"href":"https:\/\/eldigitaldeasturias.com\/radio\/wp-json\/wp\/v2\/comments?post=4125"}],"version-history":[{"count":0,"href":"https:\/\/eldigitaldeasturias.com\/radio\/wp-json\/wp\/v2\/posts\/4125\/revisions"}],"wp:featuredmedia":[{"embeddable":true,"href":"https:\/\/eldigitaldeasturias.com\/radio\/wp-json\/wp\/v2\/media\/2992"}],"wp:attachment":[{"href":"https:\/\/eldigitaldeasturias.com\/radio\/wp-json\/wp\/v2\/media?parent=4125"}],"wp:term":[{"taxonomy":"category","embeddable":true,"href":"https:\/\/eldigitaldeasturias.com\/radio\/wp-json\/wp\/v2\/categories?post=4125"},{"taxonomy":"post_tag","embeddable":true,"href":"https:\/\/eldigitaldeasturias.com\/radio\/wp-json\/wp\/v2\/tags?post=4125"}],"curies":[{"name":"wp","href":"https:\/\/api.w.org\/{rel}","templated":true}]}}