{"id":4123,"date":"2020-04-18T11:57:02","date_gmt":"2020-04-18T11:57:02","guid":{"rendered":"http:\/\/www.eldigitaldeasturias.com\/radio\/?p=4123"},"modified":"2020-04-18T11:57:02","modified_gmt":"2020-04-18T11:57:02","slug":"el-gobierno-de-asturias-estudia-apoyar-al-sector-cultural","status":"publish","type":"post","link":"https:\/\/eldigitaldeasturias.com\/radio\/el-gobierno-de-asturias-estudia-apoyar-al-sector-cultural\/","title":{"rendered":"El Gobierno de Asturias estudia apoyar al sector cultural"},"content":{"rendered":"<p><img fetchpriority=\"high\" decoding=\"async\" class=\"alignleft size-medium wp-image-878\" src=\"http:\/\/www.eldigitaldeasturias.com\/radio\/wp-content\/uploads\/2018\/05\/book-1291164_960_720-360x240.jpg\" alt=\"\" width=\"360\" height=\"240\" srcset=\"https:\/\/eldigitaldeasturias.com\/radio\/wp-content\/uploads\/2018\/05\/book-1291164_960_720-360x240.jpg 360w, https:\/\/eldigitaldeasturias.com\/radio\/wp-content\/uploads\/2018\/05\/book-1291164_960_720-768x512.jpg 768w, https:\/\/eldigitaldeasturias.com\/radio\/wp-content\/uploads\/2018\/05\/book-1291164_960_720.jpg 960w\" sizes=\"(max-width: 360px) 100vw, 360px\" \/>La consejera de Cultura, Pol\u00edtica Lling\u00fc\u00edstica y Turismo, Berta Pi\u00f1\u00e1n, ha asegurado que el Gobierno de Asturias estudia apoyar al sector cultural con la adopci\u00f3n de medidas excepcionales frente al duro momento que atraviesa a ra\u00edz de la emergencia sanitaria. <strong>Tambi\u00e9n ha mostrado su confianza en que estas iniciativas puedan materializarse lo antes posible<\/strong>.<\/p>\n<p>Pi\u00f1\u00e1n, que ha celebrado junto a su equipo una videoconferencia con el grupo de trabajo de la Junta General para el seguimiento y evaluaci\u00f3n del coronavirus, ha anunciado que se procurar\u00e1 adelantar la constituci\u00f3n de mesas sectoriales en los diferentes \u00e1mbitos del sector, una actuaci\u00f3n demandada por los profesionales y que ya estaba prevista -y avanzada en el caso de las artes esc\u00e9nicas- antes de la crisis y que ahora \u201cadquiere m\u00e1s necesidad que nunca y una mayor urgencia\u201d<\/p>\n<p>Estas mesas sectoriales, que estar\u00e1n integradas por representantes de la cultura, los ayuntamientos y la propia consejer\u00eda, entre otros, confluir\u00e1n en la constituci\u00f3n del Conseyu de la Cultura n\u2019Asturies, que contar\u00e1, adem\u00e1s, con presencia de los partidos representados en el Parlamento.<\/p>\n<p>La consejera tambi\u00e9n ha constatado la implicaci\u00f3n del mundo de la cultura para tratar de hacer m\u00e1s llevadero el confinamiento, subrayando la dureza de esta situaci\u00f3n para el sector a causa de la crisis del coronavirus. En este sentido, ha aludido al sondeo anonimizado entre profesionales de la cultura difundido desde la consejer\u00eda, al que respondieron 394 personas. \u201cEse informe nos revela que el sector estima una bajada en su facturaci\u00f3n e ingresos durante las primeras semanas de la crisis de hasta el 62%. Adem\u00e1s, hasta un 31% de los profesionales que contestaron consideran que, de prolongarse esta situaci\u00f3n hasta mayo o junio, les abocar\u00eda al cierre o a la declaraci\u00f3n de ruina\u201d.<\/p>\n<p>Pi\u00f1\u00e1n ha valorado la puesta en marcha de una serie de acciones destinadas a incrementar la acci\u00f3n cultural en internet y en las redes sociales. Entre otras, ha recordado las iniciativas Laboral Cinemateca en Casa, que emite los fines de semana trabajos cinematogr\u00e1ficos de realizadores asturianos, y Asturies, Cultura en Rede, un nuevo programa lanzado esta semana y espec\u00edficamente concebido durante la etapa de confinamiento. Este proyecto mostrar\u00e1 hasta 50 v\u00eddeos de otros tantos artistas asturianos de los diferentes sectores creativos, en los que explicar\u00e1n sus procesos creativos.<\/p>\n<h3>El grupo de trabajo del sector tur\u00edstico<\/h3>\n<p>En su intervenci\u00f3n, la titular de Cultura ha citado las medidas puestas en marcha por la consejer\u00eda durante la crisis sanitaria. En relaci\u00f3n con el \u00e1mbito tur\u00edstico, ha puesto como \u201cejemplo de colaboraci\u00f3n y coordinaci\u00f3n\u201d la constituci\u00f3n del grupo de trabajo para el seguimiento del impacto provocado por la COVID-19 y para la reactivaci\u00f3n del sector, una vez superada la emergencia sanitaria. Este \u00f3rgano, promovido desde la Viceconsejer\u00eda de Turismo, est\u00e1 integrado por cinco representantes del sector en nombre de las ocho asociaciones m\u00e1s representativas de la regi\u00f3n, que suman un colectivo superior a las 2.300 empresas.<\/p>\n<p>El grupo de trabajo ha establecido tres l\u00edneas de actuaci\u00f3n prioritarias para el sector: el an\u00e1lisis y puesta en marcha de estrategias conjuntas de promoci\u00f3n tur\u00edstica, el apoyo a la creaci\u00f3n de producto tur\u00edstico para impulsar la comercializaci\u00f3n de Asturias como destino, y las posibles ayudas directas al sector empresarial.<\/p>\n<p>Tambi\u00e9n en el \u00e1mbito tur\u00edstico, Pi\u00f1\u00e1n ha aludido al lanzamiento en redes de un v\u00eddeo que invita a la esperanza de la sociedad con el lema #Volveremos. Esta acci\u00f3n se suma a la puesta en marcha desde el 14 marzo en la que se invita al p\u00fablico de los perfiles de Turismo de Asturias a compartir fotos de sus vacaciones en la comunidad. Ambas acciones han situado los canales asturianos en el primer puesto entre todos los perfiles de destinos espa\u00f1oles en nivel de interacci\u00f3n.<\/p>\n<p>En cuanto a las aportaciones desde la Direcci\u00f3n General de Deporte, la consejera ha destacado el programa en l\u00ednea #Mu\u00e9veteEnCasa, una propuesta para que la ciudadan\u00eda haga ejercicio en sus hogares con garant\u00edas de salud y seguridad, y pensado especialmente para los colectivos m\u00e1s vulnerables: personas mayores, poblaci\u00f3n especial, ni\u00f1os y adolescentes y personas con riesgo incrementado por enfermedades cardiovasculares, respiratorias, metab\u00f3licas, renales o neurol\u00f3gicas.<\/p>\n<p>Asimismo, la consejer\u00eda ha incorporado a las actividades de los Juegos Escolares Deportivos y los Juegos de Deporte Adaptado un certamen cultural para que j\u00f3venes deportistas env\u00eden sus mensajes de \u00e1nimo en forma de dibujos, microrrelatos y poemas.<\/p>\n<p>&nbsp;<\/p>\n","protected":false},"excerpt":{"rendered":"<p>La consejera de Cultura, Pol\u00edtica Lling\u00fc\u00edstica y Turismo, Berta Pi\u00f1\u00e1n, ha asegurado que el Gobierno de Asturias estudia apoyar al sector cultural con la adopci\u00f3n de medidas excepcionales frente al duro momento que atraviesa a ra\u00edz de la emergencia sanitaria. Tambi\u00e9n ha mostrado su confianza en que estas iniciativas puedan materializarse lo antes posible. Pi\u00f1\u00e1n,<\/p>\n","protected":false},"author":1,"featured_media":878,"comment_status":"closed","ping_status":"closed","sticky":false,"template":"","format":"standard","meta":{"footnotes":""},"categories":[1],"tags":[],"class_list":{"0":"post-4123","1":"post","2":"type-post","3":"status-publish","4":"format-standard","5":"has-post-thumbnail","7":"category-noticias"},"aioseo_notices":[],"aioseo_head":"\n\t\t<!-- All in One SEO Pro 4.9.6.2 - aioseo.com -->\n\t<meta name=\"description\" content=\"La consejera de Cultura, Pol\u00edtica Lling\u00fc\u00edstica y Turismo, Berta Pi\u00f1\u00e1n, ha asegurado que el Gobierno de Asturias estudia apoyar al sector cultural con la adopci\u00f3n de medidas excepcionales frente al duro momento que atraviesa a ra\u00edz de la emergencia sanitaria. Tambi\u00e9n ha mostrado su confianza en que estas iniciativas puedan materializarse lo antes posible. Pi\u00f1\u00e1n,\" \/>\n\t<meta name=\"robots\" content=\"max-image-preview:large\" \/>\n\t<meta name=\"author\" content=\"NBAsturias\"\/>\n\t<meta name=\"google-site-verification\" content=\"UA-38556648-1\" \/>\n\t<meta name=\"keywords\" content=\"noticias\" \/>\n\t<link rel=\"canonical\" href=\"https:\/\/eldigitaldeasturias.com\/radio\/el-gobierno-de-asturias-estudia-apoyar-al-sector-cultural\/\" \/>\n\t<meta name=\"generator\" content=\"All in One SEO Pro (AIOSEO) 4.9.6.2\" \/>\n\t\t<meta property=\"og:locale\" content=\"es_ES\" \/>\n\t\t<meta property=\"og:site_name\" content=\"El Digital de Asturias | Diario de informaci\u00f3n y noticias\" \/>\n\t\t<meta property=\"og:type\" content=\"article\" \/>\n\t\t<meta property=\"og:title\" content=\"El Gobierno de Asturias estudia apoyar al sector cultural | El Digital de Asturias\" \/>\n\t\t<meta property=\"og:description\" content=\"La consejera de Cultura, Pol\u00edtica Lling\u00fc\u00edstica y Turismo, Berta Pi\u00f1\u00e1n, ha asegurado que el Gobierno de Asturias estudia apoyar al sector cultural con la adopci\u00f3n de medidas excepcionales frente al duro momento que atraviesa a ra\u00edz de la emergencia sanitaria. Tambi\u00e9n ha mostrado su confianza en que estas iniciativas puedan materializarse lo antes posible. Pi\u00f1\u00e1n,\" \/>\n\t\t<meta property=\"og:url\" content=\"https:\/\/eldigitaldeasturias.com\/radio\/el-gobierno-de-asturias-estudia-apoyar-al-sector-cultural\/\" \/>\n\t\t<meta property=\"og:image\" content=\"https:\/\/eldigitaldeasturias.com\/radio\/wp-content\/uploads\/2018\/05\/book-1291164_960_720.jpg\" \/>\n\t\t<meta property=\"og:image:secure_url\" content=\"https:\/\/eldigitaldeasturias.com\/radio\/wp-content\/uploads\/2018\/05\/book-1291164_960_720.jpg\" \/>\n\t\t<meta property=\"og:image:width\" content=\"960\" \/>\n\t\t<meta property=\"og:image:height\" content=\"640\" \/>\n\t\t<meta property=\"article:published_time\" content=\"2020-04-18T11:57:02+00:00\" \/>\n\t\t<meta property=\"article:modified_time\" content=\"2020-04-18T11:57:02+00:00\" \/>\n\t\t<meta name=\"twitter:card\" content=\"summary_large_image\" \/>\n\t\t<meta name=\"twitter:site\" content=\"@bercodi\" \/>\n\t\t<meta name=\"twitter:title\" content=\"El Gobierno de Asturias estudia apoyar al sector cultural | El Digital de Asturias\" \/>\n\t\t<meta name=\"twitter:description\" content=\"La consejera de Cultura, Pol\u00edtica Lling\u00fc\u00edstica y Turismo, Berta Pi\u00f1\u00e1n, ha asegurado que el Gobierno de Asturias estudia apoyar al sector cultural con la adopci\u00f3n de medidas excepcionales frente al duro momento que atraviesa a ra\u00edz de la emergencia sanitaria. Tambi\u00e9n ha mostrado su confianza en que estas iniciativas puedan materializarse lo antes posible. Pi\u00f1\u00e1n,\" \/>\n\t\t<meta name=\"twitter:creator\" content=\"@bercodi\" \/>\n\t\t<meta name=\"twitter:image\" content=\"https:\/\/eldigitaldeasturias.com\/radio\/wp-content\/uploads\/2018\/05\/book-1291164_960_720.jpg\" \/>\n\t\t<script type=\"application\/ld+json\" class=\"aioseo-schema\">\n\t\t\t{\"@context\":\"https:\\\/\\\/schema.org\",\"@graph\":[{\"@type\":\"BreadcrumbList\",\"@id\":\"https:\\\/\\\/eldigitaldeasturias.com\\\/radio\\\/el-gobierno-de-asturias-estudia-apoyar-al-sector-cultural\\\/#breadcrumblist\",\"itemListElement\":[{\"@type\":\"ListItem\",\"@id\":\"https:\\\/\\\/eldigitaldeasturias.com\\\/radio#listItem\",\"position\":1,\"name\":\"Inicio\",\"item\":\"https:\\\/\\\/eldigitaldeasturias.com\\\/radio\",\"nextItem\":{\"@type\":\"ListItem\",\"@id\":\"https:\\\/\\\/eldigitaldeasturias.com\\\/radio\\\/category\\\/noticias\\\/#listItem\",\"name\":\"Noticias\"}},{\"@type\":\"ListItem\",\"@id\":\"https:\\\/\\\/eldigitaldeasturias.com\\\/radio\\\/category\\\/noticias\\\/#listItem\",\"position\":2,\"name\":\"Noticias\",\"item\":\"https:\\\/\\\/eldigitaldeasturias.com\\\/radio\\\/category\\\/noticias\\\/\",\"nextItem\":{\"@type\":\"ListItem\",\"@id\":\"https:\\\/\\\/eldigitaldeasturias.com\\\/radio\\\/el-gobierno-de-asturias-estudia-apoyar-al-sector-cultural\\\/#listItem\",\"name\":\"El Gobierno de Asturias estudia apoyar al sector cultural\"},\"previousItem\":{\"@type\":\"ListItem\",\"@id\":\"https:\\\/\\\/eldigitaldeasturias.com\\\/radio#listItem\",\"name\":\"Inicio\"}},{\"@type\":\"ListItem\",\"@id\":\"https:\\\/\\\/eldigitaldeasturias.com\\\/radio\\\/el-gobierno-de-asturias-estudia-apoyar-al-sector-cultural\\\/#listItem\",\"position\":3,\"name\":\"El Gobierno de Asturias estudia apoyar al sector cultural\",\"previousItem\":{\"@type\":\"ListItem\",\"@id\":\"https:\\\/\\\/eldigitaldeasturias.com\\\/radio\\\/category\\\/noticias\\\/#listItem\",\"name\":\"Noticias\"}}]},{\"@type\":\"NewsArticle\",\"@id\":\"https:\\\/\\\/eldigitaldeasturias.com\\\/radio\\\/el-gobierno-de-asturias-estudia-apoyar-al-sector-cultural\\\/#newsarticle\",\"name\":\"El Gobierno de Asturias estudia apoyar al sector cultural | El Digital de Asturias\",\"headline\":\"El Gobierno de Asturias estudia apoyar al sector cultural\",\"author\":{\"@id\":\"https:\\\/\\\/eldigitaldeasturias.com\\\/radio\\\/author\\\/nbasturias\\\/#author\"},\"publisher\":{\"@id\":\"https:\\\/\\\/eldigitaldeasturias.com\\\/radio\\\/#organization\"},\"image\":{\"@type\":\"ImageObject\",\"url\":\"https:\\\/\\\/eldigitaldeasturias.com\\\/radio\\\/wp-content\\\/uploads\\\/2018\\\/05\\\/book-1291164_960_720.jpg\",\"width\":960,\"height\":640},\"datePublished\":\"2020-04-18T11:57:02+02:00\",\"dateModified\":\"2020-04-18T11:57:02+02:00\",\"inLanguage\":\"es-ES\",\"mainEntityOfPage\":{\"@id\":\"https:\\\/\\\/eldigitaldeasturias.com\\\/radio\\\/el-gobierno-de-asturias-estudia-apoyar-al-sector-cultural\\\/#webpage\"},\"isPartOf\":{\"@id\":\"https:\\\/\\\/eldigitaldeasturias.com\\\/radio\\\/el-gobierno-de-asturias-estudia-apoyar-al-sector-cultural\\\/#webpage\"},\"articleSection\":\"Noticias\",\"dateline\":\"Publicado el abril 18, 2020.\"},{\"@type\":\"Organization\",\"@id\":\"https:\\\/\\\/eldigitaldeasturias.com\\\/radio\\\/#organization\",\"name\":\"El digital de Asturias Radio\",\"description\":\"Diario de informaci\\u00f3n y noticias\",\"url\":\"https:\\\/\\\/eldigitaldeasturias.com\\\/radio\\\/\",\"telephone\":\"+34652131393\",\"logo\":{\"@type\":\"ImageObject\",\"url\":\"https:\\\/\\\/www.eldigitaldeasturias.com\\\/radio\\\/wp-content\\\/uploads\\\/2021\\\/03\\\/EDA.jpg\",\"@id\":\"https:\\\/\\\/eldigitaldeasturias.com\\\/radio\\\/el-gobierno-de-asturias-estudia-apoyar-al-sector-cultural\\\/#organizationLogo\"},\"image\":{\"@id\":\"https:\\\/\\\/eldigitaldeasturias.com\\\/radio\\\/el-gobierno-de-asturias-estudia-apoyar-al-sector-cultural\\\/#organizationLogo\"},\"sameAs\":[\"https:\\\/\\\/www.facebook.com\\\/\",\"https:\\\/\\\/x.com\\\/bercodi\",\"https:\\\/\\\/www.instagram.com\\\/\",\"https:\\\/\\\/www.youtube.com\\\/channel\\\/UCZP-2wLEB9Rv6erhFmqVnvg\"]},{\"@type\":\"Person\",\"@id\":\"https:\\\/\\\/eldigitaldeasturias.com\\\/radio\\\/author\\\/nbasturias\\\/#author\",\"url\":\"https:\\\/\\\/eldigitaldeasturias.com\\\/radio\\\/author\\\/nbasturias\\\/\",\"name\":\"NBAsturias\",\"image\":{\"@type\":\"ImageObject\",\"@id\":\"https:\\\/\\\/eldigitaldeasturias.com\\\/radio\\\/el-gobierno-de-asturias-estudia-apoyar-al-sector-cultural\\\/#authorImage\",\"url\":\"https:\\\/\\\/secure.gravatar.com\\\/avatar\\\/df2aeffc32bcd13f8d26072ef8a91b623d677766deac7f97ca815868cd41bf5e?s=96&d=mm&r=g\",\"width\":96,\"height\":96,\"caption\":\"NBAsturias\"}},{\"@type\":\"WebPage\",\"@id\":\"https:\\\/\\\/eldigitaldeasturias.com\\\/radio\\\/el-gobierno-de-asturias-estudia-apoyar-al-sector-cultural\\\/#webpage\",\"url\":\"https:\\\/\\\/eldigitaldeasturias.com\\\/radio\\\/el-gobierno-de-asturias-estudia-apoyar-al-sector-cultural\\\/\",\"name\":\"El Gobierno de Asturias estudia apoyar al sector cultural | El Digital de Asturias\",\"description\":\"La consejera de Cultura, Pol\\u00edtica Lling\\u00fc\\u00edstica y Turismo, Berta Pi\\u00f1\\u00e1n, ha asegurado que el Gobierno de Asturias estudia apoyar al sector cultural con la adopci\\u00f3n de medidas excepcionales frente al duro momento que atraviesa a ra\\u00edz de la emergencia sanitaria. Tambi\\u00e9n ha mostrado su confianza en que estas iniciativas puedan materializarse lo antes posible. Pi\\u00f1\\u00e1n,\",\"inLanguage\":\"es-ES\",\"isPartOf\":{\"@id\":\"https:\\\/\\\/eldigitaldeasturias.com\\\/radio\\\/#website\"},\"breadcrumb\":{\"@id\":\"https:\\\/\\\/eldigitaldeasturias.com\\\/radio\\\/el-gobierno-de-asturias-estudia-apoyar-al-sector-cultural\\\/#breadcrumblist\"},\"author\":{\"@id\":\"https:\\\/\\\/eldigitaldeasturias.com\\\/radio\\\/author\\\/nbasturias\\\/#author\"},\"creator\":{\"@id\":\"https:\\\/\\\/eldigitaldeasturias.com\\\/radio\\\/author\\\/nbasturias\\\/#author\"},\"image\":{\"@type\":\"ImageObject\",\"url\":\"https:\\\/\\\/eldigitaldeasturias.com\\\/radio\\\/wp-content\\\/uploads\\\/2018\\\/05\\\/book-1291164_960_720.jpg\",\"@id\":\"https:\\\/\\\/eldigitaldeasturias.com\\\/radio\\\/el-gobierno-de-asturias-estudia-apoyar-al-sector-cultural\\\/#mainImage\",\"width\":960,\"height\":640},\"primaryImageOfPage\":{\"@id\":\"https:\\\/\\\/eldigitaldeasturias.com\\\/radio\\\/el-gobierno-de-asturias-estudia-apoyar-al-sector-cultural\\\/#mainImage\"},\"datePublished\":\"2020-04-18T11:57:02+02:00\",\"dateModified\":\"2020-04-18T11:57:02+02:00\"},{\"@type\":\"WebSite\",\"@id\":\"https:\\\/\\\/eldigitaldeasturias.com\\\/radio\\\/#website\",\"url\":\"https:\\\/\\\/eldigitaldeasturias.com\\\/radio\\\/\",\"name\":\"El Digital de Asturias\",\"description\":\"Diario de informaci\\u00f3n y noticias\",\"inLanguage\":\"es-ES\",\"publisher\":{\"@id\":\"https:\\\/\\\/eldigitaldeasturias.com\\\/radio\\\/#organization\"}}]}\n\t\t<\/script>\n\t\t<!-- All in One SEO Pro -->\r\n\t\t<title>El Gobierno de Asturias estudia apoyar al sector cultural | El Digital de Asturias<\/title>\n\n","aioseo_head_json":{"title":"El Gobierno de Asturias estudia apoyar al sector cultural | El Digital de Asturias","description":"La consejera de Cultura, Pol\u00edtica Lling\u00fc\u00edstica y Turismo, Berta Pi\u00f1\u00e1n, ha asegurado que el Gobierno de Asturias estudia apoyar al sector cultural con la adopci\u00f3n de medidas excepcionales frente al duro momento que atraviesa a ra\u00edz de la emergencia sanitaria. Tambi\u00e9n ha mostrado su confianza en que estas iniciativas puedan materializarse lo antes posible. Pi\u00f1\u00e1n,","canonical_url":"https:\/\/eldigitaldeasturias.com\/radio\/el-gobierno-de-asturias-estudia-apoyar-al-sector-cultural\/","robots":"max-image-preview:large","keywords":"noticias","webmasterTools":{"google-site-verification":"UA-38556648-1","miscellaneous":""},"schema":{"@context":"https:\/\/schema.org","@graph":[{"@type":"BreadcrumbList","@id":"https:\/\/eldigitaldeasturias.com\/radio\/el-gobierno-de-asturias-estudia-apoyar-al-sector-cultural\/#breadcrumblist","itemListElement":[{"@type":"ListItem","@id":"https:\/\/eldigitaldeasturias.com\/radio#listItem","position":1,"name":"Inicio","item":"https:\/\/eldigitaldeasturias.com\/radio","nextItem":{"@type":"ListItem","@id":"https:\/\/eldigitaldeasturias.com\/radio\/category\/noticias\/#listItem","name":"Noticias"}},{"@type":"ListItem","@id":"https:\/\/eldigitaldeasturias.com\/radio\/category\/noticias\/#listItem","position":2,"name":"Noticias","item":"https:\/\/eldigitaldeasturias.com\/radio\/category\/noticias\/","nextItem":{"@type":"ListItem","@id":"https:\/\/eldigitaldeasturias.com\/radio\/el-gobierno-de-asturias-estudia-apoyar-al-sector-cultural\/#listItem","name":"El Gobierno de Asturias estudia apoyar al sector cultural"},"previousItem":{"@type":"ListItem","@id":"https:\/\/eldigitaldeasturias.com\/radio#listItem","name":"Inicio"}},{"@type":"ListItem","@id":"https:\/\/eldigitaldeasturias.com\/radio\/el-gobierno-de-asturias-estudia-apoyar-al-sector-cultural\/#listItem","position":3,"name":"El Gobierno de Asturias estudia apoyar al sector cultural","previousItem":{"@type":"ListItem","@id":"https:\/\/eldigitaldeasturias.com\/radio\/category\/noticias\/#listItem","name":"Noticias"}}]},{"@type":"NewsArticle","@id":"https:\/\/eldigitaldeasturias.com\/radio\/el-gobierno-de-asturias-estudia-apoyar-al-sector-cultural\/#newsarticle","name":"El Gobierno de Asturias estudia apoyar al sector cultural | El Digital de Asturias","headline":"El Gobierno de Asturias estudia apoyar al sector cultural","author":{"@id":"https:\/\/eldigitaldeasturias.com\/radio\/author\/nbasturias\/#author"},"publisher":{"@id":"https:\/\/eldigitaldeasturias.com\/radio\/#organization"},"image":{"@type":"ImageObject","url":"https:\/\/eldigitaldeasturias.com\/radio\/wp-content\/uploads\/2018\/05\/book-1291164_960_720.jpg","width":960,"height":640},"datePublished":"2020-04-18T11:57:02+02:00","dateModified":"2020-04-18T11:57:02+02:00","inLanguage":"es-ES","mainEntityOfPage":{"@id":"https:\/\/eldigitaldeasturias.com\/radio\/el-gobierno-de-asturias-estudia-apoyar-al-sector-cultural\/#webpage"},"isPartOf":{"@id":"https:\/\/eldigitaldeasturias.com\/radio\/el-gobierno-de-asturias-estudia-apoyar-al-sector-cultural\/#webpage"},"articleSection":"Noticias","dateline":"Publicado el abril 18, 2020."},{"@type":"Organization","@id":"https:\/\/eldigitaldeasturias.com\/radio\/#organization","name":"El digital de Asturias Radio","description":"Diario de informaci\u00f3n y noticias","url":"https:\/\/eldigitaldeasturias.com\/radio\/","telephone":"+34652131393","logo":{"@type":"ImageObject","url":"https:\/\/www.eldigitaldeasturias.com\/radio\/wp-content\/uploads\/2021\/03\/EDA.jpg","@id":"https:\/\/eldigitaldeasturias.com\/radio\/el-gobierno-de-asturias-estudia-apoyar-al-sector-cultural\/#organizationLogo"},"image":{"@id":"https:\/\/eldigitaldeasturias.com\/radio\/el-gobierno-de-asturias-estudia-apoyar-al-sector-cultural\/#organizationLogo"},"sameAs":["https:\/\/www.facebook.com\/","https:\/\/x.com\/bercodi","https:\/\/www.instagram.com\/","https:\/\/www.youtube.com\/channel\/UCZP-2wLEB9Rv6erhFmqVnvg"]},{"@type":"Person","@id":"https:\/\/eldigitaldeasturias.com\/radio\/author\/nbasturias\/#author","url":"https:\/\/eldigitaldeasturias.com\/radio\/author\/nbasturias\/","name":"NBAsturias","image":{"@type":"ImageObject","@id":"https:\/\/eldigitaldeasturias.com\/radio\/el-gobierno-de-asturias-estudia-apoyar-al-sector-cultural\/#authorImage","url":"https:\/\/secure.gravatar.com\/avatar\/df2aeffc32bcd13f8d26072ef8a91b623d677766deac7f97ca815868cd41bf5e?s=96&d=mm&r=g","width":96,"height":96,"caption":"NBAsturias"}},{"@type":"WebPage","@id":"https:\/\/eldigitaldeasturias.com\/radio\/el-gobierno-de-asturias-estudia-apoyar-al-sector-cultural\/#webpage","url":"https:\/\/eldigitaldeasturias.com\/radio\/el-gobierno-de-asturias-estudia-apoyar-al-sector-cultural\/","name":"El Gobierno de Asturias estudia apoyar al sector cultural | El Digital de Asturias","description":"La consejera de Cultura, Pol\u00edtica Lling\u00fc\u00edstica y Turismo, Berta Pi\u00f1\u00e1n, ha asegurado que el Gobierno de Asturias estudia apoyar al sector cultural con la adopci\u00f3n de medidas excepcionales frente al duro momento que atraviesa a ra\u00edz de la emergencia sanitaria. Tambi\u00e9n ha mostrado su confianza en que estas iniciativas puedan materializarse lo antes posible. Pi\u00f1\u00e1n,","inLanguage":"es-ES","isPartOf":{"@id":"https:\/\/eldigitaldeasturias.com\/radio\/#website"},"breadcrumb":{"@id":"https:\/\/eldigitaldeasturias.com\/radio\/el-gobierno-de-asturias-estudia-apoyar-al-sector-cultural\/#breadcrumblist"},"author":{"@id":"https:\/\/eldigitaldeasturias.com\/radio\/author\/nbasturias\/#author"},"creator":{"@id":"https:\/\/eldigitaldeasturias.com\/radio\/author\/nbasturias\/#author"},"image":{"@type":"ImageObject","url":"https:\/\/eldigitaldeasturias.com\/radio\/wp-content\/uploads\/2018\/05\/book-1291164_960_720.jpg","@id":"https:\/\/eldigitaldeasturias.com\/radio\/el-gobierno-de-asturias-estudia-apoyar-al-sector-cultural\/#mainImage","width":960,"height":640},"primaryImageOfPage":{"@id":"https:\/\/eldigitaldeasturias.com\/radio\/el-gobierno-de-asturias-estudia-apoyar-al-sector-cultural\/#mainImage"},"datePublished":"2020-04-18T11:57:02+02:00","dateModified":"2020-04-18T11:57:02+02:00"},{"@type":"WebSite","@id":"https:\/\/eldigitaldeasturias.com\/radio\/#website","url":"https:\/\/eldigitaldeasturias.com\/radio\/","name":"El Digital de Asturias","description":"Diario de informaci\u00f3n y noticias","inLanguage":"es-ES","publisher":{"@id":"https:\/\/eldigitaldeasturias.com\/radio\/#organization"}}]},"og:locale":"es_ES","og:site_name":"El Digital de Asturias | Diario de informaci\u00f3n y noticias","og:type":"article","og:title":"El Gobierno de Asturias estudia apoyar al sector cultural | El Digital de Asturias","og:description":"La consejera de Cultura, Pol\u00edtica Lling\u00fc\u00edstica y Turismo, Berta Pi\u00f1\u00e1n, ha asegurado que el Gobierno de Asturias estudia apoyar al sector cultural con la adopci\u00f3n de medidas excepcionales frente al duro momento que atraviesa a ra\u00edz de la emergencia sanitaria. Tambi\u00e9n ha mostrado su confianza en que estas iniciativas puedan materializarse lo antes posible. Pi\u00f1\u00e1n,","og:url":"https:\/\/eldigitaldeasturias.com\/radio\/el-gobierno-de-asturias-estudia-apoyar-al-sector-cultural\/","og:image":"https:\/\/eldigitaldeasturias.com\/radio\/wp-content\/uploads\/2018\/05\/book-1291164_960_720.jpg","og:image:secure_url":"https:\/\/eldigitaldeasturias.com\/radio\/wp-content\/uploads\/2018\/05\/book-1291164_960_720.jpg","og:image:width":960,"og:image:height":640,"article:published_time":"2020-04-18T11:57:02+00:00","article:modified_time":"2020-04-18T11:57:02+00:00","twitter:card":"summary_large_image","twitter:site":"@bercodi","twitter:title":"El Gobierno de Asturias estudia apoyar al sector cultural | El Digital de Asturias","twitter:description":"La consejera de Cultura, Pol\u00edtica Lling\u00fc\u00edstica y Turismo, Berta Pi\u00f1\u00e1n, ha asegurado que el Gobierno de Asturias estudia apoyar al sector cultural con la adopci\u00f3n de medidas excepcionales frente al duro momento que atraviesa a ra\u00edz de la emergencia sanitaria. Tambi\u00e9n ha mostrado su confianza en que estas iniciativas puedan materializarse lo antes posible. Pi\u00f1\u00e1n,","twitter:creator":"@bercodi","twitter:image":"https:\/\/eldigitaldeasturias.com\/radio\/wp-content\/uploads\/2018\/05\/book-1291164_960_720.jpg"},"aioseo_meta_data":{"post_id":"4123","title":null,"description":null,"keywords":null,"keyphrases":null,"primary_term":null,"canonical_url":null,"og_title":null,"og_description":null,"og_object_type":"default","og_image_type":"default","og_image_url":null,"og_image_width":null,"og_image_height":null,"og_image_custom_url":null,"og_image_custom_fields":null,"og_video":null,"og_custom_url":null,"og_article_section":null,"og_article_tags":null,"twitter_use_og":false,"twitter_card":"default","twitter_image_type":"default","twitter_image_url":null,"twitter_image_custom_url":null,"twitter_image_custom_fields":null,"twitter_title":null,"twitter_description":null,"schema":{"blockGraphs":[],"customGraphs":[],"default":{"data":{"Article":[],"Course":[],"Dataset":[],"FAQPage":[],"Movie":[],"Person":[],"Product":[],"ProductReview":[],"Car":[],"Recipe":[],"Service":[],"SoftwareApplication":[],"WebPage":[]},"graphName":"","isEnabled":true},"graphs":[],"defaultGraph":"","defaultPostTypeGraph":""},"schema_type":null,"schema_type_options":null,"pillar_content":false,"robots_default":true,"robots_noindex":false,"robots_noarchive":false,"robots_nosnippet":false,"robots_nofollow":false,"robots_noimageindex":false,"robots_noodp":false,"robots_notranslate":false,"robots_max_snippet":null,"robots_max_videopreview":null,"robots_max_imagepreview":"large","priority":null,"frequency":null,"location":null,"local_seo":null,"seo_analyzer_scan_date":"2025-08-28 15:22:29","breadcrumb_settings":null,"limit_modified_date":false,"open_ai":null,"ai":null,"created":"2021-03-28 14:48:13","updated":"2025-08-28 15:22:29"},"aioseo_breadcrumb":"<div class=\"aioseo-breadcrumbs\"><span class=\"aioseo-breadcrumb\">\n\t<a href=\"https:\/\/eldigitaldeasturias.com\/radio\" title=\"Inicio\">Inicio<\/a>\n<\/span><span class=\"aioseo-breadcrumb-separator\">&ndash;<\/span><span class=\"aioseo-breadcrumb\">\n\t<a href=\"https:\/\/eldigitaldeasturias.com\/radio\/category\/noticias\/\" title=\"Noticias\">Noticias<\/a>\n<\/span><span class=\"aioseo-breadcrumb-separator\">&ndash;<\/span><span class=\"aioseo-breadcrumb\">\n\tEl Gobierno de Asturias estudia apoyar al sector cultural\n<\/span><\/div>","aioseo_breadcrumb_json":[{"label":"Inicio","link":"https:\/\/eldigitaldeasturias.com\/radio"},{"label":"Noticias","link":"https:\/\/eldigitaldeasturias.com\/radio\/category\/noticias\/"},{"label":"El Gobierno de Asturias estudia apoyar al sector cultural","link":"https:\/\/eldigitaldeasturias.com\/radio\/el-gobierno-de-asturias-estudia-apoyar-al-sector-cultural\/"}],"_links":{"self":[{"href":"https:\/\/eldigitaldeasturias.com\/radio\/wp-json\/wp\/v2\/posts\/4123","targetHints":{"allow":["GET"]}}],"collection":[{"href":"https:\/\/eldigitaldeasturias.com\/radio\/wp-json\/wp\/v2\/posts"}],"about":[{"href":"https:\/\/eldigitaldeasturias.com\/radio\/wp-json\/wp\/v2\/types\/post"}],"author":[{"embeddable":true,"href":"https:\/\/eldigitaldeasturias.com\/radio\/wp-json\/wp\/v2\/users\/1"}],"replies":[{"embeddable":true,"href":"https:\/\/eldigitaldeasturias.com\/radio\/wp-json\/wp\/v2\/comments?post=4123"}],"version-history":[{"count":0,"href":"https:\/\/eldigitaldeasturias.com\/radio\/wp-json\/wp\/v2\/posts\/4123\/revisions"}],"wp:featuredmedia":[{"embeddable":true,"href":"https:\/\/eldigitaldeasturias.com\/radio\/wp-json\/wp\/v2\/media\/878"}],"wp:attachment":[{"href":"https:\/\/eldigitaldeasturias.com\/radio\/wp-json\/wp\/v2\/media?parent=4123"}],"wp:term":[{"taxonomy":"category","embeddable":true,"href":"https:\/\/eldigitaldeasturias.com\/radio\/wp-json\/wp\/v2\/categories?post=4123"},{"taxonomy":"post_tag","embeddable":true,"href":"https:\/\/eldigitaldeasturias.com\/radio\/wp-json\/wp\/v2\/tags?post=4123"}],"curies":[{"name":"wp","href":"https:\/\/api.w.org\/{rel}","templated":true}]}}