{"id":4117,"date":"2020-04-18T10:04:46","date_gmt":"2020-04-18T10:04:46","guid":{"rendered":"http:\/\/www.eldigitaldeasturias.com\/radio\/?p=4117"},"modified":"2020-04-18T10:26:12","modified_gmt":"2020-04-18T10:26:12","slug":"el-instituto-goethe-lanza-una-plataforma-cultural-internacional","status":"publish","type":"post","link":"https:\/\/eldigitaldeasturias.com\/radio\/el-instituto-goethe-lanza-una-plataforma-cultural-internacional\/","title":{"rendered":"El Instituto Goethe lanza una plataforma cultural internacional"},"content":{"rendered":"<p>Berl\u00edn, 16 abr (dpa) &#8211; El Instituto Goethe cre\u00f3 una plataforma online para posibilitar una mayor difusi\u00f3n de la oferta cultural internacional, anunci\u00f3 hoy la entidad en Berl\u00edn.<\/p>\n<p>El sitio web kulturama.digital permitir\u00e1 a los artistas y trabajadores culturales dar m\u00e1s visibilidad a sus actividades y eventos online y alcanzar a un p\u00fablico m\u00e1s all\u00e1 de las fronteras, comunic\u00f3 el Instituto Goethe.<\/p>\n<p>La instituci\u00f3n subray\u00f3 que esta plataforma tiene por objeto permitir que los eventos lleguen a un p\u00fablico internacional y posibilitar donaciones para los artistas.<\/p>\n<p>\u00abArtistas e instituciones culturales de todo el mundo se enfrentan a retos existenciales\u00bb, se\u00f1al\u00f3 Johannes Ebert, secretario general del Instituto Goethe, en alusi\u00f3n a la cancelaci\u00f3n de conciertos, el cierre de museos y la disminuci\u00f3n de los ingresos.<\/p>\n<p>\u00abEn tiempos de distanciamiento social, la digitalizaci\u00f3n es actualmente la \u00fanica forma de llevar la oferta cultural de manera virtual a la gente\u00bb, adujo.<\/p>\n<p>Ebert indic\u00f3 que tanto los formatos experimentales como los cl\u00e1sicos son igualmente bienvenidos en la plataforma y que las ofertas culturales pueden ser cargadas gratuitamente.<\/p>\n<p>El Instituto Goethe es la entidad cultural alemana m\u00e1s conocida en el extranjero y cuenta con 157 sedes en casi 100 pa\u00edses y doce en Alemania.<\/p>\n","protected":false},"excerpt":{"rendered":"<p>Berl\u00edn, 16 abr (dpa) &#8211; El Instituto Goethe cre\u00f3 una plataforma online para posibilitar una mayor difusi\u00f3n de la oferta cultural internacional, anunci\u00f3 hoy la entidad en Berl\u00edn. El sitio web kulturama.digital permitir\u00e1 a los artistas y trabajadores culturales dar m\u00e1s visibilidad a sus actividades y eventos online y alcanzar a un p\u00fablico m\u00e1s all\u00e1<\/p>\n","protected":false},"author":1,"featured_media":62,"comment_status":"closed","ping_status":"closed","sticky":false,"template":"","format":"standard","meta":{"footnotes":""},"categories":[1],"tags":[],"class_list":{"0":"post-4117","1":"post","2":"type-post","3":"status-publish","4":"format-standard","5":"has-post-thumbnail","7":"category-noticias"},"aioseo_notices":[],"aioseo_head":"\n\t\t<!-- All in One SEO Pro 4.9.6.2 - aioseo.com -->\n\t<meta name=\"description\" content=\"Berl\u00edn, 16 abr (dpa) - El Instituto Goethe cre\u00f3 una plataforma online para posibilitar una mayor difusi\u00f3n de la oferta cultural internacional, anunci\u00f3 hoy la entidad en Berl\u00edn. El sitio web kulturama.digital permitir\u00e1 a los artistas y trabajadores culturales dar m\u00e1s visibilidad a sus actividades y eventos online y alcanzar a un p\u00fablico m\u00e1s all\u00e1\" \/>\n\t<meta name=\"robots\" content=\"max-image-preview:large\" \/>\n\t<meta name=\"author\" content=\"NBAsturias\"\/>\n\t<meta name=\"google-site-verification\" content=\"UA-38556648-1\" \/>\n\t<meta name=\"keywords\" content=\"noticias\" \/>\n\t<link rel=\"canonical\" href=\"https:\/\/eldigitaldeasturias.com\/radio\/el-instituto-goethe-lanza-una-plataforma-cultural-internacional\/\" \/>\n\t<meta name=\"generator\" content=\"All in One SEO Pro (AIOSEO) 4.9.6.2\" \/>\n\t\t<meta property=\"og:locale\" content=\"es_ES\" \/>\n\t\t<meta property=\"og:site_name\" content=\"El Digital de Asturias | Diario de informaci\u00f3n y noticias\" \/>\n\t\t<meta property=\"og:type\" content=\"article\" \/>\n\t\t<meta property=\"og:title\" content=\"El Instituto Goethe lanza una plataforma cultural internacional | El Digital de Asturias\" \/>\n\t\t<meta property=\"og:description\" content=\"Berl\u00edn, 16 abr (dpa) - El Instituto Goethe cre\u00f3 una plataforma online para posibilitar una mayor difusi\u00f3n de la oferta cultural internacional, anunci\u00f3 hoy la entidad en Berl\u00edn. El sitio web kulturama.digital permitir\u00e1 a los artistas y trabajadores culturales dar m\u00e1s visibilidad a sus actividades y eventos online y alcanzar a un p\u00fablico m\u00e1s all\u00e1\" \/>\n\t\t<meta property=\"og:url\" content=\"https:\/\/eldigitaldeasturias.com\/radio\/el-instituto-goethe-lanza-una-plataforma-cultural-internacional\/\" \/>\n\t\t<meta property=\"og:image\" content=\"https:\/\/eldigitaldeasturias.com\/radio\/wp-content\/uploads\/2018\/03\/macbook-577758_1280.jpg\" \/>\n\t\t<meta property=\"og:image:secure_url\" content=\"https:\/\/eldigitaldeasturias.com\/radio\/wp-content\/uploads\/2018\/03\/macbook-577758_1280.jpg\" \/>\n\t\t<meta property=\"og:image:width\" content=\"1280\" \/>\n\t\t<meta property=\"og:image:height\" content=\"850\" \/>\n\t\t<meta property=\"article:published_time\" content=\"2020-04-18T10:04:46+00:00\" \/>\n\t\t<meta property=\"article:modified_time\" content=\"2020-04-18T10:26:12+00:00\" \/>\n\t\t<meta name=\"twitter:card\" content=\"summary_large_image\" \/>\n\t\t<meta name=\"twitter:site\" content=\"@bercodi\" \/>\n\t\t<meta name=\"twitter:title\" content=\"El Instituto Goethe lanza una plataforma cultural internacional | El Digital de Asturias\" \/>\n\t\t<meta name=\"twitter:description\" content=\"Berl\u00edn, 16 abr (dpa) - El Instituto Goethe cre\u00f3 una plataforma online para posibilitar una mayor difusi\u00f3n de la oferta cultural internacional, anunci\u00f3 hoy la entidad en Berl\u00edn. El sitio web kulturama.digital permitir\u00e1 a los artistas y trabajadores culturales dar m\u00e1s visibilidad a sus actividades y eventos online y alcanzar a un p\u00fablico m\u00e1s all\u00e1\" \/>\n\t\t<meta name=\"twitter:creator\" content=\"@bercodi\" \/>\n\t\t<meta name=\"twitter:image\" content=\"https:\/\/eldigitaldeasturias.com\/radio\/wp-content\/uploads\/2018\/03\/macbook-577758_1280.jpg\" \/>\n\t\t<script type=\"application\/ld+json\" class=\"aioseo-schema\">\n\t\t\t{\"@context\":\"https:\\\/\\\/schema.org\",\"@graph\":[{\"@type\":\"BreadcrumbList\",\"@id\":\"https:\\\/\\\/eldigitaldeasturias.com\\\/radio\\\/el-instituto-goethe-lanza-una-plataforma-cultural-internacional\\\/#breadcrumblist\",\"itemListElement\":[{\"@type\":\"ListItem\",\"@id\":\"https:\\\/\\\/eldigitaldeasturias.com\\\/radio#listItem\",\"position\":1,\"name\":\"Inicio\",\"item\":\"https:\\\/\\\/eldigitaldeasturias.com\\\/radio\",\"nextItem\":{\"@type\":\"ListItem\",\"@id\":\"https:\\\/\\\/eldigitaldeasturias.com\\\/radio\\\/category\\\/noticias\\\/#listItem\",\"name\":\"Noticias\"}},{\"@type\":\"ListItem\",\"@id\":\"https:\\\/\\\/eldigitaldeasturias.com\\\/radio\\\/category\\\/noticias\\\/#listItem\",\"position\":2,\"name\":\"Noticias\",\"item\":\"https:\\\/\\\/eldigitaldeasturias.com\\\/radio\\\/category\\\/noticias\\\/\",\"nextItem\":{\"@type\":\"ListItem\",\"@id\":\"https:\\\/\\\/eldigitaldeasturias.com\\\/radio\\\/el-instituto-goethe-lanza-una-plataforma-cultural-internacional\\\/#listItem\",\"name\":\"El Instituto Goethe lanza una plataforma cultural internacional\"},\"previousItem\":{\"@type\":\"ListItem\",\"@id\":\"https:\\\/\\\/eldigitaldeasturias.com\\\/radio#listItem\",\"name\":\"Inicio\"}},{\"@type\":\"ListItem\",\"@id\":\"https:\\\/\\\/eldigitaldeasturias.com\\\/radio\\\/el-instituto-goethe-lanza-una-plataforma-cultural-internacional\\\/#listItem\",\"position\":3,\"name\":\"El Instituto Goethe lanza una plataforma cultural internacional\",\"previousItem\":{\"@type\":\"ListItem\",\"@id\":\"https:\\\/\\\/eldigitaldeasturias.com\\\/radio\\\/category\\\/noticias\\\/#listItem\",\"name\":\"Noticias\"}}]},{\"@type\":\"NewsArticle\",\"@id\":\"https:\\\/\\\/eldigitaldeasturias.com\\\/radio\\\/el-instituto-goethe-lanza-una-plataforma-cultural-internacional\\\/#newsarticle\",\"name\":\"El Instituto Goethe lanza una plataforma cultural internacional | El Digital de Asturias\",\"headline\":\"El Instituto Goethe lanza una plataforma cultural internacional\",\"author\":{\"@id\":\"https:\\\/\\\/eldigitaldeasturias.com\\\/radio\\\/author\\\/nbasturias\\\/#author\"},\"publisher\":{\"@id\":\"https:\\\/\\\/eldigitaldeasturias.com\\\/radio\\\/#organization\"},\"image\":{\"@type\":\"ImageObject\",\"url\":\"https:\\\/\\\/eldigitaldeasturias.com\\\/radio\\\/wp-content\\\/uploads\\\/2018\\\/03\\\/macbook-577758_1280.jpg\",\"width\":1280,\"height\":850},\"datePublished\":\"2020-04-18T10:04:46+02:00\",\"dateModified\":\"2020-04-18T10:26:12+02:00\",\"inLanguage\":\"es-ES\",\"mainEntityOfPage\":{\"@id\":\"https:\\\/\\\/eldigitaldeasturias.com\\\/radio\\\/el-instituto-goethe-lanza-una-plataforma-cultural-internacional\\\/#webpage\"},\"isPartOf\":{\"@id\":\"https:\\\/\\\/eldigitaldeasturias.com\\\/radio\\\/el-instituto-goethe-lanza-una-plataforma-cultural-internacional\\\/#webpage\"},\"articleSection\":\"Noticias\",\"dateline\":\"Publicado el abril 18, 2020.\"},{\"@type\":\"Organization\",\"@id\":\"https:\\\/\\\/eldigitaldeasturias.com\\\/radio\\\/#organization\",\"name\":\"El digital de Asturias Radio\",\"description\":\"Diario de informaci\\u00f3n y noticias\",\"url\":\"https:\\\/\\\/eldigitaldeasturias.com\\\/radio\\\/\",\"telephone\":\"+34652131393\",\"logo\":{\"@type\":\"ImageObject\",\"url\":\"https:\\\/\\\/www.eldigitaldeasturias.com\\\/radio\\\/wp-content\\\/uploads\\\/2021\\\/03\\\/EDA.jpg\",\"@id\":\"https:\\\/\\\/eldigitaldeasturias.com\\\/radio\\\/el-instituto-goethe-lanza-una-plataforma-cultural-internacional\\\/#organizationLogo\"},\"image\":{\"@id\":\"https:\\\/\\\/eldigitaldeasturias.com\\\/radio\\\/el-instituto-goethe-lanza-una-plataforma-cultural-internacional\\\/#organizationLogo\"},\"sameAs\":[\"https:\\\/\\\/www.facebook.com\\\/\",\"https:\\\/\\\/x.com\\\/bercodi\",\"https:\\\/\\\/www.instagram.com\\\/\",\"https:\\\/\\\/www.youtube.com\\\/channel\\\/UCZP-2wLEB9Rv6erhFmqVnvg\"]},{\"@type\":\"Person\",\"@id\":\"https:\\\/\\\/eldigitaldeasturias.com\\\/radio\\\/author\\\/nbasturias\\\/#author\",\"url\":\"https:\\\/\\\/eldigitaldeasturias.com\\\/radio\\\/author\\\/nbasturias\\\/\",\"name\":\"NBAsturias\",\"image\":{\"@type\":\"ImageObject\",\"@id\":\"https:\\\/\\\/eldigitaldeasturias.com\\\/radio\\\/el-instituto-goethe-lanza-una-plataforma-cultural-internacional\\\/#authorImage\",\"url\":\"https:\\\/\\\/secure.gravatar.com\\\/avatar\\\/df2aeffc32bcd13f8d26072ef8a91b623d677766deac7f97ca815868cd41bf5e?s=96&d=mm&r=g\",\"width\":96,\"height\":96,\"caption\":\"NBAsturias\"}},{\"@type\":\"WebPage\",\"@id\":\"https:\\\/\\\/eldigitaldeasturias.com\\\/radio\\\/el-instituto-goethe-lanza-una-plataforma-cultural-internacional\\\/#webpage\",\"url\":\"https:\\\/\\\/eldigitaldeasturias.com\\\/radio\\\/el-instituto-goethe-lanza-una-plataforma-cultural-internacional\\\/\",\"name\":\"El Instituto Goethe lanza una plataforma cultural internacional | El Digital de Asturias\",\"description\":\"Berl\\u00edn, 16 abr (dpa) - El Instituto Goethe cre\\u00f3 una plataforma online para posibilitar una mayor difusi\\u00f3n de la oferta cultural internacional, anunci\\u00f3 hoy la entidad en Berl\\u00edn. El sitio web kulturama.digital permitir\\u00e1 a los artistas y trabajadores culturales dar m\\u00e1s visibilidad a sus actividades y eventos online y alcanzar a un p\\u00fablico m\\u00e1s all\\u00e1\",\"inLanguage\":\"es-ES\",\"isPartOf\":{\"@id\":\"https:\\\/\\\/eldigitaldeasturias.com\\\/radio\\\/#website\"},\"breadcrumb\":{\"@id\":\"https:\\\/\\\/eldigitaldeasturias.com\\\/radio\\\/el-instituto-goethe-lanza-una-plataforma-cultural-internacional\\\/#breadcrumblist\"},\"author\":{\"@id\":\"https:\\\/\\\/eldigitaldeasturias.com\\\/radio\\\/author\\\/nbasturias\\\/#author\"},\"creator\":{\"@id\":\"https:\\\/\\\/eldigitaldeasturias.com\\\/radio\\\/author\\\/nbasturias\\\/#author\"},\"image\":{\"@type\":\"ImageObject\",\"url\":\"https:\\\/\\\/eldigitaldeasturias.com\\\/radio\\\/wp-content\\\/uploads\\\/2018\\\/03\\\/macbook-577758_1280.jpg\",\"@id\":\"https:\\\/\\\/eldigitaldeasturias.com\\\/radio\\\/el-instituto-goethe-lanza-una-plataforma-cultural-internacional\\\/#mainImage\",\"width\":1280,\"height\":850},\"primaryImageOfPage\":{\"@id\":\"https:\\\/\\\/eldigitaldeasturias.com\\\/radio\\\/el-instituto-goethe-lanza-una-plataforma-cultural-internacional\\\/#mainImage\"},\"datePublished\":\"2020-04-18T10:04:46+02:00\",\"dateModified\":\"2020-04-18T10:26:12+02:00\"},{\"@type\":\"WebSite\",\"@id\":\"https:\\\/\\\/eldigitaldeasturias.com\\\/radio\\\/#website\",\"url\":\"https:\\\/\\\/eldigitaldeasturias.com\\\/radio\\\/\",\"name\":\"El Digital de Asturias\",\"description\":\"Diario de informaci\\u00f3n y noticias\",\"inLanguage\":\"es-ES\",\"publisher\":{\"@id\":\"https:\\\/\\\/eldigitaldeasturias.com\\\/radio\\\/#organization\"}}]}\n\t\t<\/script>\n\t\t<!-- All in One SEO Pro -->\r\n\t\t<title>El Instituto Goethe lanza una plataforma cultural internacional | El Digital de Asturias<\/title>\n\n","aioseo_head_json":{"title":"El Instituto Goethe lanza una plataforma cultural internacional | El Digital de Asturias","description":"Berl\u00edn, 16 abr (dpa) - El Instituto Goethe cre\u00f3 una plataforma online para posibilitar una mayor difusi\u00f3n de la oferta cultural internacional, anunci\u00f3 hoy la entidad en Berl\u00edn. El sitio web kulturama.digital permitir\u00e1 a los artistas y trabajadores culturales dar m\u00e1s visibilidad a sus actividades y eventos online y alcanzar a un p\u00fablico m\u00e1s all\u00e1","canonical_url":"https:\/\/eldigitaldeasturias.com\/radio\/el-instituto-goethe-lanza-una-plataforma-cultural-internacional\/","robots":"max-image-preview:large","keywords":"noticias","webmasterTools":{"google-site-verification":"UA-38556648-1","miscellaneous":""},"schema":{"@context":"https:\/\/schema.org","@graph":[{"@type":"BreadcrumbList","@id":"https:\/\/eldigitaldeasturias.com\/radio\/el-instituto-goethe-lanza-una-plataforma-cultural-internacional\/#breadcrumblist","itemListElement":[{"@type":"ListItem","@id":"https:\/\/eldigitaldeasturias.com\/radio#listItem","position":1,"name":"Inicio","item":"https:\/\/eldigitaldeasturias.com\/radio","nextItem":{"@type":"ListItem","@id":"https:\/\/eldigitaldeasturias.com\/radio\/category\/noticias\/#listItem","name":"Noticias"}},{"@type":"ListItem","@id":"https:\/\/eldigitaldeasturias.com\/radio\/category\/noticias\/#listItem","position":2,"name":"Noticias","item":"https:\/\/eldigitaldeasturias.com\/radio\/category\/noticias\/","nextItem":{"@type":"ListItem","@id":"https:\/\/eldigitaldeasturias.com\/radio\/el-instituto-goethe-lanza-una-plataforma-cultural-internacional\/#listItem","name":"El Instituto Goethe lanza una plataforma cultural internacional"},"previousItem":{"@type":"ListItem","@id":"https:\/\/eldigitaldeasturias.com\/radio#listItem","name":"Inicio"}},{"@type":"ListItem","@id":"https:\/\/eldigitaldeasturias.com\/radio\/el-instituto-goethe-lanza-una-plataforma-cultural-internacional\/#listItem","position":3,"name":"El Instituto Goethe lanza una plataforma cultural internacional","previousItem":{"@type":"ListItem","@id":"https:\/\/eldigitaldeasturias.com\/radio\/category\/noticias\/#listItem","name":"Noticias"}}]},{"@type":"NewsArticle","@id":"https:\/\/eldigitaldeasturias.com\/radio\/el-instituto-goethe-lanza-una-plataforma-cultural-internacional\/#newsarticle","name":"El Instituto Goethe lanza una plataforma cultural internacional | El Digital de Asturias","headline":"El Instituto Goethe lanza una plataforma cultural internacional","author":{"@id":"https:\/\/eldigitaldeasturias.com\/radio\/author\/nbasturias\/#author"},"publisher":{"@id":"https:\/\/eldigitaldeasturias.com\/radio\/#organization"},"image":{"@type":"ImageObject","url":"https:\/\/eldigitaldeasturias.com\/radio\/wp-content\/uploads\/2018\/03\/macbook-577758_1280.jpg","width":1280,"height":850},"datePublished":"2020-04-18T10:04:46+02:00","dateModified":"2020-04-18T10:26:12+02:00","inLanguage":"es-ES","mainEntityOfPage":{"@id":"https:\/\/eldigitaldeasturias.com\/radio\/el-instituto-goethe-lanza-una-plataforma-cultural-internacional\/#webpage"},"isPartOf":{"@id":"https:\/\/eldigitaldeasturias.com\/radio\/el-instituto-goethe-lanza-una-plataforma-cultural-internacional\/#webpage"},"articleSection":"Noticias","dateline":"Publicado el abril 18, 2020."},{"@type":"Organization","@id":"https:\/\/eldigitaldeasturias.com\/radio\/#organization","name":"El digital de Asturias Radio","description":"Diario de informaci\u00f3n y noticias","url":"https:\/\/eldigitaldeasturias.com\/radio\/","telephone":"+34652131393","logo":{"@type":"ImageObject","url":"https:\/\/www.eldigitaldeasturias.com\/radio\/wp-content\/uploads\/2021\/03\/EDA.jpg","@id":"https:\/\/eldigitaldeasturias.com\/radio\/el-instituto-goethe-lanza-una-plataforma-cultural-internacional\/#organizationLogo"},"image":{"@id":"https:\/\/eldigitaldeasturias.com\/radio\/el-instituto-goethe-lanza-una-plataforma-cultural-internacional\/#organizationLogo"},"sameAs":["https:\/\/www.facebook.com\/","https:\/\/x.com\/bercodi","https:\/\/www.instagram.com\/","https:\/\/www.youtube.com\/channel\/UCZP-2wLEB9Rv6erhFmqVnvg"]},{"@type":"Person","@id":"https:\/\/eldigitaldeasturias.com\/radio\/author\/nbasturias\/#author","url":"https:\/\/eldigitaldeasturias.com\/radio\/author\/nbasturias\/","name":"NBAsturias","image":{"@type":"ImageObject","@id":"https:\/\/eldigitaldeasturias.com\/radio\/el-instituto-goethe-lanza-una-plataforma-cultural-internacional\/#authorImage","url":"https:\/\/secure.gravatar.com\/avatar\/df2aeffc32bcd13f8d26072ef8a91b623d677766deac7f97ca815868cd41bf5e?s=96&d=mm&r=g","width":96,"height":96,"caption":"NBAsturias"}},{"@type":"WebPage","@id":"https:\/\/eldigitaldeasturias.com\/radio\/el-instituto-goethe-lanza-una-plataforma-cultural-internacional\/#webpage","url":"https:\/\/eldigitaldeasturias.com\/radio\/el-instituto-goethe-lanza-una-plataforma-cultural-internacional\/","name":"El Instituto Goethe lanza una plataforma cultural internacional | El Digital de Asturias","description":"Berl\u00edn, 16 abr (dpa) - El Instituto Goethe cre\u00f3 una plataforma online para posibilitar una mayor difusi\u00f3n de la oferta cultural internacional, anunci\u00f3 hoy la entidad en Berl\u00edn. El sitio web kulturama.digital permitir\u00e1 a los artistas y trabajadores culturales dar m\u00e1s visibilidad a sus actividades y eventos online y alcanzar a un p\u00fablico m\u00e1s all\u00e1","inLanguage":"es-ES","isPartOf":{"@id":"https:\/\/eldigitaldeasturias.com\/radio\/#website"},"breadcrumb":{"@id":"https:\/\/eldigitaldeasturias.com\/radio\/el-instituto-goethe-lanza-una-plataforma-cultural-internacional\/#breadcrumblist"},"author":{"@id":"https:\/\/eldigitaldeasturias.com\/radio\/author\/nbasturias\/#author"},"creator":{"@id":"https:\/\/eldigitaldeasturias.com\/radio\/author\/nbasturias\/#author"},"image":{"@type":"ImageObject","url":"https:\/\/eldigitaldeasturias.com\/radio\/wp-content\/uploads\/2018\/03\/macbook-577758_1280.jpg","@id":"https:\/\/eldigitaldeasturias.com\/radio\/el-instituto-goethe-lanza-una-plataforma-cultural-internacional\/#mainImage","width":1280,"height":850},"primaryImageOfPage":{"@id":"https:\/\/eldigitaldeasturias.com\/radio\/el-instituto-goethe-lanza-una-plataforma-cultural-internacional\/#mainImage"},"datePublished":"2020-04-18T10:04:46+02:00","dateModified":"2020-04-18T10:26:12+02:00"},{"@type":"WebSite","@id":"https:\/\/eldigitaldeasturias.com\/radio\/#website","url":"https:\/\/eldigitaldeasturias.com\/radio\/","name":"El Digital de Asturias","description":"Diario de informaci\u00f3n y noticias","inLanguage":"es-ES","publisher":{"@id":"https:\/\/eldigitaldeasturias.com\/radio\/#organization"}}]},"og:locale":"es_ES","og:site_name":"El Digital de Asturias | Diario de informaci\u00f3n y noticias","og:type":"article","og:title":"El Instituto Goethe lanza una plataforma cultural internacional | El Digital de Asturias","og:description":"Berl\u00edn, 16 abr (dpa) - El Instituto Goethe cre\u00f3 una plataforma online para posibilitar una mayor difusi\u00f3n de la oferta cultural internacional, anunci\u00f3 hoy la entidad en Berl\u00edn. El sitio web kulturama.digital permitir\u00e1 a los artistas y trabajadores culturales dar m\u00e1s visibilidad a sus actividades y eventos online y alcanzar a un p\u00fablico m\u00e1s all\u00e1","og:url":"https:\/\/eldigitaldeasturias.com\/radio\/el-instituto-goethe-lanza-una-plataforma-cultural-internacional\/","og:image":"https:\/\/eldigitaldeasturias.com\/radio\/wp-content\/uploads\/2018\/03\/macbook-577758_1280.jpg","og:image:secure_url":"https:\/\/eldigitaldeasturias.com\/radio\/wp-content\/uploads\/2018\/03\/macbook-577758_1280.jpg","og:image:width":1280,"og:image:height":850,"article:published_time":"2020-04-18T10:04:46+00:00","article:modified_time":"2020-04-18T10:26:12+00:00","twitter:card":"summary_large_image","twitter:site":"@bercodi","twitter:title":"El Instituto Goethe lanza una plataforma cultural internacional | El Digital de Asturias","twitter:description":"Berl\u00edn, 16 abr (dpa) - El Instituto Goethe cre\u00f3 una plataforma online para posibilitar una mayor difusi\u00f3n de la oferta cultural internacional, anunci\u00f3 hoy la entidad en Berl\u00edn. El sitio web kulturama.digital permitir\u00e1 a los artistas y trabajadores culturales dar m\u00e1s visibilidad a sus actividades y eventos online y alcanzar a un p\u00fablico m\u00e1s all\u00e1","twitter:creator":"@bercodi","twitter:image":"https:\/\/eldigitaldeasturias.com\/radio\/wp-content\/uploads\/2018\/03\/macbook-577758_1280.jpg"},"aioseo_meta_data":{"post_id":"4117","title":null,"description":null,"keywords":null,"keyphrases":null,"primary_term":null,"canonical_url":null,"og_title":null,"og_description":null,"og_object_type":"default","og_image_type":"default","og_image_url":null,"og_image_width":null,"og_image_height":null,"og_image_custom_url":null,"og_image_custom_fields":null,"og_video":null,"og_custom_url":null,"og_article_section":null,"og_article_tags":null,"twitter_use_og":false,"twitter_card":"default","twitter_image_type":"default","twitter_image_url":null,"twitter_image_custom_url":null,"twitter_image_custom_fields":null,"twitter_title":null,"twitter_description":null,"schema":{"blockGraphs":[],"customGraphs":[],"default":{"data":{"Article":[],"Course":[],"Dataset":[],"FAQPage":[],"Movie":[],"Person":[],"Product":[],"ProductReview":[],"Car":[],"Recipe":[],"Service":[],"SoftwareApplication":[],"WebPage":[]},"graphName":"","isEnabled":true},"graphs":[],"defaultGraph":"","defaultPostTypeGraph":""},"schema_type":null,"schema_type_options":null,"pillar_content":false,"robots_default":true,"robots_noindex":false,"robots_noarchive":false,"robots_nosnippet":false,"robots_nofollow":false,"robots_noimageindex":false,"robots_noodp":false,"robots_notranslate":false,"robots_max_snippet":null,"robots_max_videopreview":null,"robots_max_imagepreview":"large","priority":null,"frequency":null,"location":null,"local_seo":null,"seo_analyzer_scan_date":"2025-08-28 15:20:39","breadcrumb_settings":null,"limit_modified_date":false,"open_ai":null,"ai":null,"created":"2021-03-28 14:48:13","updated":"2025-08-28 15:20:39"},"aioseo_breadcrumb":"<div class=\"aioseo-breadcrumbs\"><span class=\"aioseo-breadcrumb\">\n\t<a href=\"https:\/\/eldigitaldeasturias.com\/radio\" title=\"Inicio\">Inicio<\/a>\n<\/span><span class=\"aioseo-breadcrumb-separator\">&ndash;<\/span><span class=\"aioseo-breadcrumb\">\n\t<a href=\"https:\/\/eldigitaldeasturias.com\/radio\/category\/noticias\/\" title=\"Noticias\">Noticias<\/a>\n<\/span><span class=\"aioseo-breadcrumb-separator\">&ndash;<\/span><span class=\"aioseo-breadcrumb\">\n\tEl Instituto Goethe lanza una plataforma cultural internacional\n<\/span><\/div>","aioseo_breadcrumb_json":[{"label":"Inicio","link":"https:\/\/eldigitaldeasturias.com\/radio"},{"label":"Noticias","link":"https:\/\/eldigitaldeasturias.com\/radio\/category\/noticias\/"},{"label":"El Instituto Goethe lanza una plataforma cultural internacional","link":"https:\/\/eldigitaldeasturias.com\/radio\/el-instituto-goethe-lanza-una-plataforma-cultural-internacional\/"}],"_links":{"self":[{"href":"https:\/\/eldigitaldeasturias.com\/radio\/wp-json\/wp\/v2\/posts\/4117","targetHints":{"allow":["GET"]}}],"collection":[{"href":"https:\/\/eldigitaldeasturias.com\/radio\/wp-json\/wp\/v2\/posts"}],"about":[{"href":"https:\/\/eldigitaldeasturias.com\/radio\/wp-json\/wp\/v2\/types\/post"}],"author":[{"embeddable":true,"href":"https:\/\/eldigitaldeasturias.com\/radio\/wp-json\/wp\/v2\/users\/1"}],"replies":[{"embeddable":true,"href":"https:\/\/eldigitaldeasturias.com\/radio\/wp-json\/wp\/v2\/comments?post=4117"}],"version-history":[{"count":0,"href":"https:\/\/eldigitaldeasturias.com\/radio\/wp-json\/wp\/v2\/posts\/4117\/revisions"}],"wp:featuredmedia":[{"embeddable":true,"href":"https:\/\/eldigitaldeasturias.com\/radio\/wp-json\/wp\/v2\/media\/62"}],"wp:attachment":[{"href":"https:\/\/eldigitaldeasturias.com\/radio\/wp-json\/wp\/v2\/media?parent=4117"}],"wp:term":[{"taxonomy":"category","embeddable":true,"href":"https:\/\/eldigitaldeasturias.com\/radio\/wp-json\/wp\/v2\/categories?post=4117"},{"taxonomy":"post_tag","embeddable":true,"href":"https:\/\/eldigitaldeasturias.com\/radio\/wp-json\/wp\/v2\/tags?post=4117"}],"curies":[{"name":"wp","href":"https:\/\/api.w.org\/{rel}","templated":true}]}}