{"id":4115,"date":"2020-04-18T10:03:51","date_gmt":"2020-04-18T10:03:51","guid":{"rendered":"http:\/\/www.eldigitaldeasturias.com\/radio\/?p=4115"},"modified":"2020-04-18T10:03:51","modified_gmt":"2020-04-18T10:03:51","slug":"lufthansa-reduce-aun-mas-su-plan-de-vuelos","status":"publish","type":"post","link":"https:\/\/eldigitaldeasturias.com\/radio\/lufthansa-reduce-aun-mas-su-plan-de-vuelos\/","title":{"rendered":"Lufthansa reduce a\u00fan m\u00e1s su plan de vuelos"},"content":{"rendered":"<p><img fetchpriority=\"high\" decoding=\"async\" class=\"alignleft size-medium wp-image-65\" src=\"http:\/\/www.eldigitaldeasturias.com\/radio\/wp-content\/uploads\/2018\/03\/airport-1822133_1280-360x247.jpg\" alt=\"\" width=\"360\" height=\"247\" srcset=\"https:\/\/eldigitaldeasturias.com\/radio\/wp-content\/uploads\/2018\/03\/airport-1822133_1280-360x247.jpg 360w, https:\/\/eldigitaldeasturias.com\/radio\/wp-content\/uploads\/2018\/03\/airport-1822133_1280-1024x702.jpg 1024w, https:\/\/eldigitaldeasturias.com\/radio\/wp-content\/uploads\/2018\/03\/airport-1822133_1280-768x527.jpg 768w, https:\/\/eldigitaldeasturias.com\/radio\/wp-content\/uploads\/2018\/03\/airport-1822133_1280.jpg 1280w\" sizes=\"(max-width: 360px) 100vw, 360px\" \/>Fr\u00e1ncfort, 16 abr (dpa) &#8211; La aerol\u00ednea alemana Lufthansa prolong\u00f3 la vigencia de su plan de vuelos reducido y lo recort\u00f3 a\u00fan m\u00e1s, seg\u00fan dio a conocer la empresa hoy en Fr\u00e1ncfort.<\/p>\n<p>El plan de vuelos seguir\u00e1 vigente hasta el 17 de mayo, pero la cifra de vuelos de larga distancia que parten desde Fr\u00e1ncfort se redujo a 15 por semana con la cancelaci\u00f3n de tres conexiones a Montreal. Ahora s\u00f3lo habr\u00e1 tres vuelos semanales a los aeropuertos de Chicago, Newark, Sao Paulo, Bangkok y Tokio.<\/p>\n<p>A ello se suman 36 vuelos diarios que parten de Fr\u00e1ncfort a destinos europeos. A partir del 4 de mayo habr\u00e1 adem\u00e1s otra vez seis conexiones diarias desde M\u00fanich a ciudades alemanas.<\/p>\n<p>En tanto, la subsidiaria Swiss continuar\u00e1 con sus tres vuelos semanales a Newark, mientras que Eurowings mantiene los servicios b\u00e1sicos en los aeropuertos de D\u00fcsseldorf, Hamburgo, Stuttgart y Colonia.<\/p>\n<p>Debido a que se espera una menor demanda a largo plazo, Lufthansa guardar\u00e1 por al menos un a\u00f1o en el aeropuerto de Teruel, en el norte de Espa\u00f1a, su flota completa de 17 Airbus A340-600.<\/p>\n<p>Ya se resolvi\u00f3 adem\u00e1s que siete de estos aviones de largo recorrido no volver\u00e1n a la flota de Lufthansa.<\/p>\n<p>Los primeros tres jets ya llegaron a Espa\u00f1a. Con 240 d\u00edas de sol al a\u00f1o y poca lluvia, la regi\u00f3n espa\u00f1ola es especialmente adecuada para el estacionamiento de aviones, se explic\u00f3.<\/p>\n","protected":false},"excerpt":{"rendered":"<p>Fr\u00e1ncfort, 16 abr (dpa) &#8211; La aerol\u00ednea alemana Lufthansa prolong\u00f3 la vigencia de su plan de vuelos reducido y lo recort\u00f3 a\u00fan m\u00e1s, seg\u00fan dio a conocer la empresa hoy en Fr\u00e1ncfort. El plan de vuelos seguir\u00e1 vigente hasta el 17 de mayo, pero la cifra de vuelos de larga distancia que parten desde Fr\u00e1ncfort<\/p>\n","protected":false},"author":1,"featured_media":65,"comment_status":"closed","ping_status":"closed","sticky":false,"template":"","format":"standard","meta":{"footnotes":""},"categories":[35],"tags":[],"class_list":{"0":"post-4115","1":"post","2":"type-post","3":"status-publish","4":"format-standard","5":"has-post-thumbnail","7":"category-negocios"},"aioseo_notices":[],"aioseo_head":"\n\t\t<!-- All in One SEO Pro 4.9.6.2 - aioseo.com -->\n\t<meta name=\"description\" content=\"Fr\u00e1ncfort, 16 abr (dpa) - La aerol\u00ednea alemana Lufthansa prolong\u00f3 la vigencia de su plan de vuelos reducido y lo recort\u00f3 a\u00fan m\u00e1s, seg\u00fan dio a conocer la empresa hoy en Fr\u00e1ncfort. El plan de vuelos seguir\u00e1 vigente hasta el 17 de mayo, pero la cifra de vuelos de larga distancia que parten desde Fr\u00e1ncfort\" \/>\n\t<meta name=\"robots\" content=\"max-image-preview:large\" \/>\n\t<meta name=\"author\" content=\"NBAsturias\"\/>\n\t<meta name=\"google-site-verification\" content=\"UA-38556648-1\" \/>\n\t<meta name=\"keywords\" content=\"negocios\" \/>\n\t<link rel=\"canonical\" href=\"https:\/\/eldigitaldeasturias.com\/radio\/lufthansa-reduce-aun-mas-su-plan-de-vuelos\/\" \/>\n\t<meta name=\"generator\" content=\"All in One SEO Pro (AIOSEO) 4.9.6.2\" \/>\n\t\t<meta property=\"og:locale\" content=\"es_ES\" \/>\n\t\t<meta property=\"og:site_name\" content=\"El Digital de Asturias | Diario de informaci\u00f3n y noticias\" \/>\n\t\t<meta property=\"og:type\" content=\"article\" \/>\n\t\t<meta property=\"og:title\" content=\"Lufthansa reduce a\u00fan m\u00e1s su plan de vuelos | El Digital de Asturias\" \/>\n\t\t<meta property=\"og:description\" content=\"Fr\u00e1ncfort, 16 abr (dpa) - La aerol\u00ednea alemana Lufthansa prolong\u00f3 la vigencia de su plan de vuelos reducido y lo recort\u00f3 a\u00fan m\u00e1s, seg\u00fan dio a conocer la empresa hoy en Fr\u00e1ncfort. El plan de vuelos seguir\u00e1 vigente hasta el 17 de mayo, pero la cifra de vuelos de larga distancia que parten desde Fr\u00e1ncfort\" \/>\n\t\t<meta property=\"og:url\" content=\"https:\/\/eldigitaldeasturias.com\/radio\/lufthansa-reduce-aun-mas-su-plan-de-vuelos\/\" \/>\n\t\t<meta property=\"og:image\" content=\"https:\/\/eldigitaldeasturias.com\/radio\/wp-content\/uploads\/2018\/03\/airport-1822133_1280.jpg\" \/>\n\t\t<meta property=\"og:image:secure_url\" content=\"https:\/\/eldigitaldeasturias.com\/radio\/wp-content\/uploads\/2018\/03\/airport-1822133_1280.jpg\" \/>\n\t\t<meta property=\"og:image:width\" content=\"1280\" \/>\n\t\t<meta property=\"og:image:height\" content=\"878\" \/>\n\t\t<meta property=\"article:published_time\" content=\"2020-04-18T10:03:51+00:00\" \/>\n\t\t<meta property=\"article:modified_time\" content=\"2020-04-18T10:03:51+00:00\" \/>\n\t\t<meta name=\"twitter:card\" content=\"summary_large_image\" \/>\n\t\t<meta name=\"twitter:site\" content=\"@bercodi\" \/>\n\t\t<meta name=\"twitter:title\" content=\"Lufthansa reduce a\u00fan m\u00e1s su plan de vuelos | El Digital de Asturias\" \/>\n\t\t<meta name=\"twitter:description\" content=\"Fr\u00e1ncfort, 16 abr (dpa) - La aerol\u00ednea alemana Lufthansa prolong\u00f3 la vigencia de su plan de vuelos reducido y lo recort\u00f3 a\u00fan m\u00e1s, seg\u00fan dio a conocer la empresa hoy en Fr\u00e1ncfort. El plan de vuelos seguir\u00e1 vigente hasta el 17 de mayo, pero la cifra de vuelos de larga distancia que parten desde Fr\u00e1ncfort\" \/>\n\t\t<meta name=\"twitter:creator\" content=\"@bercodi\" \/>\n\t\t<meta name=\"twitter:image\" content=\"https:\/\/eldigitaldeasturias.com\/radio\/wp-content\/uploads\/2018\/03\/airport-1822133_1280.jpg\" \/>\n\t\t<script type=\"application\/ld+json\" class=\"aioseo-schema\">\n\t\t\t{\"@context\":\"https:\\\/\\\/schema.org\",\"@graph\":[{\"@type\":\"BreadcrumbList\",\"@id\":\"https:\\\/\\\/eldigitaldeasturias.com\\\/radio\\\/lufthansa-reduce-aun-mas-su-plan-de-vuelos\\\/#breadcrumblist\",\"itemListElement\":[{\"@type\":\"ListItem\",\"@id\":\"https:\\\/\\\/eldigitaldeasturias.com\\\/radio#listItem\",\"position\":1,\"name\":\"Inicio\",\"item\":\"https:\\\/\\\/eldigitaldeasturias.com\\\/radio\",\"nextItem\":{\"@type\":\"ListItem\",\"@id\":\"https:\\\/\\\/eldigitaldeasturias.com\\\/radio\\\/category\\\/negocios\\\/#listItem\",\"name\":\"Negocios\"}},{\"@type\":\"ListItem\",\"@id\":\"https:\\\/\\\/eldigitaldeasturias.com\\\/radio\\\/category\\\/negocios\\\/#listItem\",\"position\":2,\"name\":\"Negocios\",\"item\":\"https:\\\/\\\/eldigitaldeasturias.com\\\/radio\\\/category\\\/negocios\\\/\",\"nextItem\":{\"@type\":\"ListItem\",\"@id\":\"https:\\\/\\\/eldigitaldeasturias.com\\\/radio\\\/lufthansa-reduce-aun-mas-su-plan-de-vuelos\\\/#listItem\",\"name\":\"Lufthansa reduce a\\u00fan m\\u00e1s su plan de vuelos\"},\"previousItem\":{\"@type\":\"ListItem\",\"@id\":\"https:\\\/\\\/eldigitaldeasturias.com\\\/radio#listItem\",\"name\":\"Inicio\"}},{\"@type\":\"ListItem\",\"@id\":\"https:\\\/\\\/eldigitaldeasturias.com\\\/radio\\\/lufthansa-reduce-aun-mas-su-plan-de-vuelos\\\/#listItem\",\"position\":3,\"name\":\"Lufthansa reduce a\\u00fan m\\u00e1s su plan de vuelos\",\"previousItem\":{\"@type\":\"ListItem\",\"@id\":\"https:\\\/\\\/eldigitaldeasturias.com\\\/radio\\\/category\\\/negocios\\\/#listItem\",\"name\":\"Negocios\"}}]},{\"@type\":\"NewsArticle\",\"@id\":\"https:\\\/\\\/eldigitaldeasturias.com\\\/radio\\\/lufthansa-reduce-aun-mas-su-plan-de-vuelos\\\/#newsarticle\",\"name\":\"Lufthansa reduce a\\u00fan m\\u00e1s su plan de vuelos | El Digital de Asturias\",\"headline\":\"Lufthansa reduce a\\u00fan m\\u00e1s su plan de vuelos\",\"author\":{\"@id\":\"https:\\\/\\\/eldigitaldeasturias.com\\\/radio\\\/author\\\/nbasturias\\\/#author\"},\"publisher\":{\"@id\":\"https:\\\/\\\/eldigitaldeasturias.com\\\/radio\\\/#organization\"},\"image\":{\"@type\":\"ImageObject\",\"url\":\"https:\\\/\\\/eldigitaldeasturias.com\\\/radio\\\/wp-content\\\/uploads\\\/2018\\\/03\\\/airport-1822133_1280.jpg\",\"width\":1280,\"height\":878},\"datePublished\":\"2020-04-18T10:03:51+02:00\",\"dateModified\":\"2020-04-18T10:03:51+02:00\",\"inLanguage\":\"es-ES\",\"mainEntityOfPage\":{\"@id\":\"https:\\\/\\\/eldigitaldeasturias.com\\\/radio\\\/lufthansa-reduce-aun-mas-su-plan-de-vuelos\\\/#webpage\"},\"isPartOf\":{\"@id\":\"https:\\\/\\\/eldigitaldeasturias.com\\\/radio\\\/lufthansa-reduce-aun-mas-su-plan-de-vuelos\\\/#webpage\"},\"articleSection\":\"Negocios\",\"dateline\":\"Publicado el abril 18, 2020.\"},{\"@type\":\"Organization\",\"@id\":\"https:\\\/\\\/eldigitaldeasturias.com\\\/radio\\\/#organization\",\"name\":\"El digital de Asturias Radio\",\"description\":\"Diario de informaci\\u00f3n y noticias\",\"url\":\"https:\\\/\\\/eldigitaldeasturias.com\\\/radio\\\/\",\"telephone\":\"+34652131393\",\"logo\":{\"@type\":\"ImageObject\",\"url\":\"https:\\\/\\\/www.eldigitaldeasturias.com\\\/radio\\\/wp-content\\\/uploads\\\/2021\\\/03\\\/EDA.jpg\",\"@id\":\"https:\\\/\\\/eldigitaldeasturias.com\\\/radio\\\/lufthansa-reduce-aun-mas-su-plan-de-vuelos\\\/#organizationLogo\"},\"image\":{\"@id\":\"https:\\\/\\\/eldigitaldeasturias.com\\\/radio\\\/lufthansa-reduce-aun-mas-su-plan-de-vuelos\\\/#organizationLogo\"},\"sameAs\":[\"https:\\\/\\\/www.facebook.com\\\/\",\"https:\\\/\\\/x.com\\\/bercodi\",\"https:\\\/\\\/www.instagram.com\\\/\",\"https:\\\/\\\/www.youtube.com\\\/channel\\\/UCZP-2wLEB9Rv6erhFmqVnvg\"]},{\"@type\":\"Person\",\"@id\":\"https:\\\/\\\/eldigitaldeasturias.com\\\/radio\\\/author\\\/nbasturias\\\/#author\",\"url\":\"https:\\\/\\\/eldigitaldeasturias.com\\\/radio\\\/author\\\/nbasturias\\\/\",\"name\":\"NBAsturias\",\"image\":{\"@type\":\"ImageObject\",\"@id\":\"https:\\\/\\\/eldigitaldeasturias.com\\\/radio\\\/lufthansa-reduce-aun-mas-su-plan-de-vuelos\\\/#authorImage\",\"url\":\"https:\\\/\\\/secure.gravatar.com\\\/avatar\\\/df2aeffc32bcd13f8d26072ef8a91b623d677766deac7f97ca815868cd41bf5e?s=96&d=mm&r=g\",\"width\":96,\"height\":96,\"caption\":\"NBAsturias\"}},{\"@type\":\"WebPage\",\"@id\":\"https:\\\/\\\/eldigitaldeasturias.com\\\/radio\\\/lufthansa-reduce-aun-mas-su-plan-de-vuelos\\\/#webpage\",\"url\":\"https:\\\/\\\/eldigitaldeasturias.com\\\/radio\\\/lufthansa-reduce-aun-mas-su-plan-de-vuelos\\\/\",\"name\":\"Lufthansa reduce a\\u00fan m\\u00e1s su plan de vuelos | El Digital de Asturias\",\"description\":\"Fr\\u00e1ncfort, 16 abr (dpa) - La aerol\\u00ednea alemana Lufthansa prolong\\u00f3 la vigencia de su plan de vuelos reducido y lo recort\\u00f3 a\\u00fan m\\u00e1s, seg\\u00fan dio a conocer la empresa hoy en Fr\\u00e1ncfort. El plan de vuelos seguir\\u00e1 vigente hasta el 17 de mayo, pero la cifra de vuelos de larga distancia que parten desde Fr\\u00e1ncfort\",\"inLanguage\":\"es-ES\",\"isPartOf\":{\"@id\":\"https:\\\/\\\/eldigitaldeasturias.com\\\/radio\\\/#website\"},\"breadcrumb\":{\"@id\":\"https:\\\/\\\/eldigitaldeasturias.com\\\/radio\\\/lufthansa-reduce-aun-mas-su-plan-de-vuelos\\\/#breadcrumblist\"},\"author\":{\"@id\":\"https:\\\/\\\/eldigitaldeasturias.com\\\/radio\\\/author\\\/nbasturias\\\/#author\"},\"creator\":{\"@id\":\"https:\\\/\\\/eldigitaldeasturias.com\\\/radio\\\/author\\\/nbasturias\\\/#author\"},\"image\":{\"@type\":\"ImageObject\",\"url\":\"https:\\\/\\\/eldigitaldeasturias.com\\\/radio\\\/wp-content\\\/uploads\\\/2018\\\/03\\\/airport-1822133_1280.jpg\",\"@id\":\"https:\\\/\\\/eldigitaldeasturias.com\\\/radio\\\/lufthansa-reduce-aun-mas-su-plan-de-vuelos\\\/#mainImage\",\"width\":1280,\"height\":878},\"primaryImageOfPage\":{\"@id\":\"https:\\\/\\\/eldigitaldeasturias.com\\\/radio\\\/lufthansa-reduce-aun-mas-su-plan-de-vuelos\\\/#mainImage\"},\"datePublished\":\"2020-04-18T10:03:51+02:00\",\"dateModified\":\"2020-04-18T10:03:51+02:00\"},{\"@type\":\"WebSite\",\"@id\":\"https:\\\/\\\/eldigitaldeasturias.com\\\/radio\\\/#website\",\"url\":\"https:\\\/\\\/eldigitaldeasturias.com\\\/radio\\\/\",\"name\":\"El Digital de Asturias\",\"description\":\"Diario de informaci\\u00f3n y noticias\",\"inLanguage\":\"es-ES\",\"publisher\":{\"@id\":\"https:\\\/\\\/eldigitaldeasturias.com\\\/radio\\\/#organization\"}}]}\n\t\t<\/script>\n\t\t<!-- All in One SEO Pro -->\r\n\t\t<title>Lufthansa reduce a\u00fan m\u00e1s su plan de vuelos | El Digital de Asturias<\/title>\n\n","aioseo_head_json":{"title":"Lufthansa reduce a\u00fan m\u00e1s su plan de vuelos | El Digital de Asturias","description":"Fr\u00e1ncfort, 16 abr (dpa) - La aerol\u00ednea alemana Lufthansa prolong\u00f3 la vigencia de su plan de vuelos reducido y lo recort\u00f3 a\u00fan m\u00e1s, seg\u00fan dio a conocer la empresa hoy en Fr\u00e1ncfort. El plan de vuelos seguir\u00e1 vigente hasta el 17 de mayo, pero la cifra de vuelos de larga distancia que parten desde Fr\u00e1ncfort","canonical_url":"https:\/\/eldigitaldeasturias.com\/radio\/lufthansa-reduce-aun-mas-su-plan-de-vuelos\/","robots":"max-image-preview:large","keywords":"negocios","webmasterTools":{"google-site-verification":"UA-38556648-1","miscellaneous":""},"schema":{"@context":"https:\/\/schema.org","@graph":[{"@type":"BreadcrumbList","@id":"https:\/\/eldigitaldeasturias.com\/radio\/lufthansa-reduce-aun-mas-su-plan-de-vuelos\/#breadcrumblist","itemListElement":[{"@type":"ListItem","@id":"https:\/\/eldigitaldeasturias.com\/radio#listItem","position":1,"name":"Inicio","item":"https:\/\/eldigitaldeasturias.com\/radio","nextItem":{"@type":"ListItem","@id":"https:\/\/eldigitaldeasturias.com\/radio\/category\/negocios\/#listItem","name":"Negocios"}},{"@type":"ListItem","@id":"https:\/\/eldigitaldeasturias.com\/radio\/category\/negocios\/#listItem","position":2,"name":"Negocios","item":"https:\/\/eldigitaldeasturias.com\/radio\/category\/negocios\/","nextItem":{"@type":"ListItem","@id":"https:\/\/eldigitaldeasturias.com\/radio\/lufthansa-reduce-aun-mas-su-plan-de-vuelos\/#listItem","name":"Lufthansa reduce a\u00fan m\u00e1s su plan de vuelos"},"previousItem":{"@type":"ListItem","@id":"https:\/\/eldigitaldeasturias.com\/radio#listItem","name":"Inicio"}},{"@type":"ListItem","@id":"https:\/\/eldigitaldeasturias.com\/radio\/lufthansa-reduce-aun-mas-su-plan-de-vuelos\/#listItem","position":3,"name":"Lufthansa reduce a\u00fan m\u00e1s su plan de vuelos","previousItem":{"@type":"ListItem","@id":"https:\/\/eldigitaldeasturias.com\/radio\/category\/negocios\/#listItem","name":"Negocios"}}]},{"@type":"NewsArticle","@id":"https:\/\/eldigitaldeasturias.com\/radio\/lufthansa-reduce-aun-mas-su-plan-de-vuelos\/#newsarticle","name":"Lufthansa reduce a\u00fan m\u00e1s su plan de vuelos | El Digital de Asturias","headline":"Lufthansa reduce a\u00fan m\u00e1s su plan de vuelos","author":{"@id":"https:\/\/eldigitaldeasturias.com\/radio\/author\/nbasturias\/#author"},"publisher":{"@id":"https:\/\/eldigitaldeasturias.com\/radio\/#organization"},"image":{"@type":"ImageObject","url":"https:\/\/eldigitaldeasturias.com\/radio\/wp-content\/uploads\/2018\/03\/airport-1822133_1280.jpg","width":1280,"height":878},"datePublished":"2020-04-18T10:03:51+02:00","dateModified":"2020-04-18T10:03:51+02:00","inLanguage":"es-ES","mainEntityOfPage":{"@id":"https:\/\/eldigitaldeasturias.com\/radio\/lufthansa-reduce-aun-mas-su-plan-de-vuelos\/#webpage"},"isPartOf":{"@id":"https:\/\/eldigitaldeasturias.com\/radio\/lufthansa-reduce-aun-mas-su-plan-de-vuelos\/#webpage"},"articleSection":"Negocios","dateline":"Publicado el abril 18, 2020."},{"@type":"Organization","@id":"https:\/\/eldigitaldeasturias.com\/radio\/#organization","name":"El digital de Asturias Radio","description":"Diario de informaci\u00f3n y noticias","url":"https:\/\/eldigitaldeasturias.com\/radio\/","telephone":"+34652131393","logo":{"@type":"ImageObject","url":"https:\/\/www.eldigitaldeasturias.com\/radio\/wp-content\/uploads\/2021\/03\/EDA.jpg","@id":"https:\/\/eldigitaldeasturias.com\/radio\/lufthansa-reduce-aun-mas-su-plan-de-vuelos\/#organizationLogo"},"image":{"@id":"https:\/\/eldigitaldeasturias.com\/radio\/lufthansa-reduce-aun-mas-su-plan-de-vuelos\/#organizationLogo"},"sameAs":["https:\/\/www.facebook.com\/","https:\/\/x.com\/bercodi","https:\/\/www.instagram.com\/","https:\/\/www.youtube.com\/channel\/UCZP-2wLEB9Rv6erhFmqVnvg"]},{"@type":"Person","@id":"https:\/\/eldigitaldeasturias.com\/radio\/author\/nbasturias\/#author","url":"https:\/\/eldigitaldeasturias.com\/radio\/author\/nbasturias\/","name":"NBAsturias","image":{"@type":"ImageObject","@id":"https:\/\/eldigitaldeasturias.com\/radio\/lufthansa-reduce-aun-mas-su-plan-de-vuelos\/#authorImage","url":"https:\/\/secure.gravatar.com\/avatar\/df2aeffc32bcd13f8d26072ef8a91b623d677766deac7f97ca815868cd41bf5e?s=96&d=mm&r=g","width":96,"height":96,"caption":"NBAsturias"}},{"@type":"WebPage","@id":"https:\/\/eldigitaldeasturias.com\/radio\/lufthansa-reduce-aun-mas-su-plan-de-vuelos\/#webpage","url":"https:\/\/eldigitaldeasturias.com\/radio\/lufthansa-reduce-aun-mas-su-plan-de-vuelos\/","name":"Lufthansa reduce a\u00fan m\u00e1s su plan de vuelos | El Digital de Asturias","description":"Fr\u00e1ncfort, 16 abr (dpa) - La aerol\u00ednea alemana Lufthansa prolong\u00f3 la vigencia de su plan de vuelos reducido y lo recort\u00f3 a\u00fan m\u00e1s, seg\u00fan dio a conocer la empresa hoy en Fr\u00e1ncfort. El plan de vuelos seguir\u00e1 vigente hasta el 17 de mayo, pero la cifra de vuelos de larga distancia que parten desde Fr\u00e1ncfort","inLanguage":"es-ES","isPartOf":{"@id":"https:\/\/eldigitaldeasturias.com\/radio\/#website"},"breadcrumb":{"@id":"https:\/\/eldigitaldeasturias.com\/radio\/lufthansa-reduce-aun-mas-su-plan-de-vuelos\/#breadcrumblist"},"author":{"@id":"https:\/\/eldigitaldeasturias.com\/radio\/author\/nbasturias\/#author"},"creator":{"@id":"https:\/\/eldigitaldeasturias.com\/radio\/author\/nbasturias\/#author"},"image":{"@type":"ImageObject","url":"https:\/\/eldigitaldeasturias.com\/radio\/wp-content\/uploads\/2018\/03\/airport-1822133_1280.jpg","@id":"https:\/\/eldigitaldeasturias.com\/radio\/lufthansa-reduce-aun-mas-su-plan-de-vuelos\/#mainImage","width":1280,"height":878},"primaryImageOfPage":{"@id":"https:\/\/eldigitaldeasturias.com\/radio\/lufthansa-reduce-aun-mas-su-plan-de-vuelos\/#mainImage"},"datePublished":"2020-04-18T10:03:51+02:00","dateModified":"2020-04-18T10:03:51+02:00"},{"@type":"WebSite","@id":"https:\/\/eldigitaldeasturias.com\/radio\/#website","url":"https:\/\/eldigitaldeasturias.com\/radio\/","name":"El Digital de Asturias","description":"Diario de informaci\u00f3n y noticias","inLanguage":"es-ES","publisher":{"@id":"https:\/\/eldigitaldeasturias.com\/radio\/#organization"}}]},"og:locale":"es_ES","og:site_name":"El Digital de Asturias | Diario de informaci\u00f3n y noticias","og:type":"article","og:title":"Lufthansa reduce a\u00fan m\u00e1s su plan de vuelos | El Digital de Asturias","og:description":"Fr\u00e1ncfort, 16 abr (dpa) - La aerol\u00ednea alemana Lufthansa prolong\u00f3 la vigencia de su plan de vuelos reducido y lo recort\u00f3 a\u00fan m\u00e1s, seg\u00fan dio a conocer la empresa hoy en Fr\u00e1ncfort. El plan de vuelos seguir\u00e1 vigente hasta el 17 de mayo, pero la cifra de vuelos de larga distancia que parten desde Fr\u00e1ncfort","og:url":"https:\/\/eldigitaldeasturias.com\/radio\/lufthansa-reduce-aun-mas-su-plan-de-vuelos\/","og:image":"https:\/\/eldigitaldeasturias.com\/radio\/wp-content\/uploads\/2018\/03\/airport-1822133_1280.jpg","og:image:secure_url":"https:\/\/eldigitaldeasturias.com\/radio\/wp-content\/uploads\/2018\/03\/airport-1822133_1280.jpg","og:image:width":1280,"og:image:height":878,"article:published_time":"2020-04-18T10:03:51+00:00","article:modified_time":"2020-04-18T10:03:51+00:00","twitter:card":"summary_large_image","twitter:site":"@bercodi","twitter:title":"Lufthansa reduce a\u00fan m\u00e1s su plan de vuelos | El Digital de Asturias","twitter:description":"Fr\u00e1ncfort, 16 abr (dpa) - La aerol\u00ednea alemana Lufthansa prolong\u00f3 la vigencia de su plan de vuelos reducido y lo recort\u00f3 a\u00fan m\u00e1s, seg\u00fan dio a conocer la empresa hoy en Fr\u00e1ncfort. El plan de vuelos seguir\u00e1 vigente hasta el 17 de mayo, pero la cifra de vuelos de larga distancia que parten desde Fr\u00e1ncfort","twitter:creator":"@bercodi","twitter:image":"https:\/\/eldigitaldeasturias.com\/radio\/wp-content\/uploads\/2018\/03\/airport-1822133_1280.jpg"},"aioseo_meta_data":{"post_id":"4115","title":null,"description":null,"keywords":null,"keyphrases":null,"primary_term":null,"canonical_url":null,"og_title":null,"og_description":null,"og_object_type":"default","og_image_type":"default","og_image_url":null,"og_image_width":null,"og_image_height":null,"og_image_custom_url":null,"og_image_custom_fields":null,"og_video":null,"og_custom_url":null,"og_article_section":null,"og_article_tags":null,"twitter_use_og":false,"twitter_card":"default","twitter_image_type":"default","twitter_image_url":null,"twitter_image_custom_url":null,"twitter_image_custom_fields":null,"twitter_title":null,"twitter_description":null,"schema":{"blockGraphs":[],"customGraphs":[],"default":{"data":{"Article":[],"Course":[],"Dataset":[],"FAQPage":[],"Movie":[],"Person":[],"Product":[],"ProductReview":[],"Car":[],"Recipe":[],"Service":[],"SoftwareApplication":[],"WebPage":[]},"graphName":"","isEnabled":true},"graphs":[],"defaultGraph":"","defaultPostTypeGraph":""},"schema_type":null,"schema_type_options":null,"pillar_content":false,"robots_default":true,"robots_noindex":false,"robots_noarchive":false,"robots_nosnippet":false,"robots_nofollow":false,"robots_noimageindex":false,"robots_noodp":false,"robots_notranslate":false,"robots_max_snippet":null,"robots_max_videopreview":null,"robots_max_imagepreview":"large","priority":null,"frequency":null,"location":null,"local_seo":null,"seo_analyzer_scan_date":"2025-08-28 15:20:38","breadcrumb_settings":null,"limit_modified_date":false,"open_ai":null,"ai":null,"created":"2021-04-03 01:58:17","updated":"2025-08-28 15:20:38"},"aioseo_breadcrumb":"<div class=\"aioseo-breadcrumbs\"><span class=\"aioseo-breadcrumb\">\n\t<a href=\"https:\/\/eldigitaldeasturias.com\/radio\" title=\"Inicio\">Inicio<\/a>\n<\/span><span class=\"aioseo-breadcrumb-separator\">&ndash;<\/span><span class=\"aioseo-breadcrumb\">\n\t<a href=\"https:\/\/eldigitaldeasturias.com\/radio\/category\/negocios\/\" title=\"Negocios\">Negocios<\/a>\n<\/span><span class=\"aioseo-breadcrumb-separator\">&ndash;<\/span><span class=\"aioseo-breadcrumb\">\n\tLufthansa reduce a\u00fan m\u00e1s su plan de vuelos\n<\/span><\/div>","aioseo_breadcrumb_json":[{"label":"Inicio","link":"https:\/\/eldigitaldeasturias.com\/radio"},{"label":"Negocios","link":"https:\/\/eldigitaldeasturias.com\/radio\/category\/negocios\/"},{"label":"Lufthansa reduce a\u00fan m\u00e1s su plan de vuelos","link":"https:\/\/eldigitaldeasturias.com\/radio\/lufthansa-reduce-aun-mas-su-plan-de-vuelos\/"}],"_links":{"self":[{"href":"https:\/\/eldigitaldeasturias.com\/radio\/wp-json\/wp\/v2\/posts\/4115","targetHints":{"allow":["GET"]}}],"collection":[{"href":"https:\/\/eldigitaldeasturias.com\/radio\/wp-json\/wp\/v2\/posts"}],"about":[{"href":"https:\/\/eldigitaldeasturias.com\/radio\/wp-json\/wp\/v2\/types\/post"}],"author":[{"embeddable":true,"href":"https:\/\/eldigitaldeasturias.com\/radio\/wp-json\/wp\/v2\/users\/1"}],"replies":[{"embeddable":true,"href":"https:\/\/eldigitaldeasturias.com\/radio\/wp-json\/wp\/v2\/comments?post=4115"}],"version-history":[{"count":0,"href":"https:\/\/eldigitaldeasturias.com\/radio\/wp-json\/wp\/v2\/posts\/4115\/revisions"}],"wp:featuredmedia":[{"embeddable":true,"href":"https:\/\/eldigitaldeasturias.com\/radio\/wp-json\/wp\/v2\/media\/65"}],"wp:attachment":[{"href":"https:\/\/eldigitaldeasturias.com\/radio\/wp-json\/wp\/v2\/media?parent=4115"}],"wp:term":[{"taxonomy":"category","embeddable":true,"href":"https:\/\/eldigitaldeasturias.com\/radio\/wp-json\/wp\/v2\/categories?post=4115"},{"taxonomy":"post_tag","embeddable":true,"href":"https:\/\/eldigitaldeasturias.com\/radio\/wp-json\/wp\/v2\/tags?post=4115"}],"curies":[{"name":"wp","href":"https:\/\/api.w.org\/{rel}","templated":true}]}}