{"id":4113,"date":"2020-04-18T09:51:24","date_gmt":"2020-04-18T09:51:24","guid":{"rendered":"http:\/\/www.eldigitaldeasturias.com\/radio\/?p=4113"},"modified":"2020-04-18T09:51:24","modified_gmt":"2020-04-18T09:51:24","slug":"alemania-establece-normas-para-proteger-a-trabajadores-de-coronavirus","status":"publish","type":"post","link":"https:\/\/eldigitaldeasturias.com\/radio\/alemania-establece-normas-para-proteger-a-trabajadores-de-coronavirus\/","title":{"rendered":"Alemania establece normas para proteger a trabajadores de coronavirus"},"content":{"rendered":"<p><img fetchpriority=\"high\" decoding=\"async\" class=\"alignleft size-medium wp-image-4110\" src=\"http:\/\/www.eldigitaldeasturias.com\/radio\/wp-content\/uploads\/2020\/04\/covid-19-4960246_640-360x194.jpg\" alt=\"\" width=\"360\" height=\"194\" srcset=\"https:\/\/eldigitaldeasturias.com\/radio\/wp-content\/uploads\/2020\/04\/covid-19-4960246_640-360x194.jpg 360w, https:\/\/eldigitaldeasturias.com\/radio\/wp-content\/uploads\/2020\/04\/covid-19-4960246_640.jpg 640w\" sizes=\"(max-width: 360px) 100vw, 360px\" \/>Berl\u00edn, 16 abr (dpa) &#8211; En Alemania se implementar\u00e1n reglas unificadas de protecci\u00f3n contra el coronavirus para el regreso paulatino de m\u00e1s empleados a sus lugares de trabajo, comunic\u00f3 hoy en Berl\u00edn el ministro alem\u00e1n de Trabajo, Hubertus Heil.<\/p>\n<p>El gabinete federal aprob\u00f3 para ello nuevas normas vinculantes. \u00abQuien trabaje en estos tiempos tan especiales necesita una protecci\u00f3n especial\u00bb, dijo Heil. A\u00f1adi\u00f3 que las nuevas reglas son confiables y que todos deben cumplirlas.<\/p>\n<p>En concreto, se establece que debe haber una distancia m\u00ednima de 1,5 metros entre las personas en su lugar de trabajo, tanto dentro de edificios como al aire libre o en veh\u00edculos. Para ello, deben implementarse barreras, marcas o limitaciones de acceso.<\/p>\n<p>All\u00ed donde no sea posible aplicar esta disposici\u00f3n, deber\u00e1n instalarse paredes divisorias. Si eso tampoco es posible, los empleadores deber\u00e1n entregar a sus empleados mascarillas protectoras de nariz y boca y ponerlas a disposici\u00f3n tambi\u00e9n de clientes o prestadores de servicios.<\/p>\n<p>El trabajo debe organizarse de tal manera que los empleados tengan el menor contacto directo posible. Eso vale por ejemplo para las pausas, los cambios de turno o las presencias en las oficinas.<\/p>\n<p>Heil dijo que para los empleados vale esta premisa fundamental: \u00abNunca acudir enfermo al trabajo\u00bb. Quien tenga s\u00edntomas o algo de fiebre deber\u00e1 abandonar su lugar de trabajo o permanecer en casa hasta que un m\u00e9dico descarte la presencia del coronavirus.<\/p>\n<p>El ministro sostuvo que las reglas son de cumplimiento obligatorio y que las autoridades controlar\u00e1n que se respeten. En las deliberaciones para establecer estas nuevas premisas de seguridad participaron tanto empleadores como sindicatos.<\/p>\n","protected":false},"excerpt":{"rendered":"<p>Berl\u00edn, 16 abr (dpa) &#8211; En Alemania se implementar\u00e1n reglas unificadas de protecci\u00f3n contra el coronavirus para el regreso paulatino de m\u00e1s empleados a sus lugares de trabajo, comunic\u00f3 hoy en Berl\u00edn el ministro alem\u00e1n de Trabajo, Hubertus Heil. El gabinete federal aprob\u00f3 para ello nuevas normas vinculantes. \u00abQuien trabaje en estos tiempos tan especiales<\/p>\n","protected":false},"author":1,"featured_media":4110,"comment_status":"closed","ping_status":"closed","sticky":false,"template":"","format":"standard","meta":{"footnotes":""},"categories":[35],"tags":[],"class_list":{"0":"post-4113","1":"post","2":"type-post","3":"status-publish","4":"format-standard","5":"has-post-thumbnail","7":"category-negocios"},"aioseo_notices":[],"aioseo_head":"\n\t\t<!-- All in One SEO Pro 4.9.6.2 - aioseo.com -->\n\t<meta name=\"description\" content=\"Berl\u00edn, 16 abr (dpa) - En Alemania se implementar\u00e1n reglas unificadas de protecci\u00f3n contra el coronavirus para el regreso paulatino de m\u00e1s empleados a sus lugares de trabajo, comunic\u00f3 hoy en Berl\u00edn el ministro alem\u00e1n de Trabajo, Hubertus Heil. El gabinete federal aprob\u00f3 para ello nuevas normas vinculantes. &quot;Quien trabaje en estos tiempos tan especiales\" \/>\n\t<meta name=\"robots\" content=\"max-image-preview:large\" \/>\n\t<meta name=\"author\" content=\"NBAsturias\"\/>\n\t<meta name=\"google-site-verification\" content=\"UA-38556648-1\" \/>\n\t<meta name=\"keywords\" content=\"negocios\" \/>\n\t<link rel=\"canonical\" href=\"https:\/\/eldigitaldeasturias.com\/radio\/alemania-establece-normas-para-proteger-a-trabajadores-de-coronavirus\/\" \/>\n\t<meta name=\"generator\" content=\"All in One SEO Pro (AIOSEO) 4.9.6.2\" \/>\n\t\t<meta property=\"og:locale\" content=\"es_ES\" \/>\n\t\t<meta property=\"og:site_name\" content=\"El Digital de Asturias | Diario de informaci\u00f3n y noticias\" \/>\n\t\t<meta property=\"og:type\" content=\"article\" \/>\n\t\t<meta property=\"og:title\" content=\"Alemania establece normas para proteger a trabajadores de coronavirus | El Digital de Asturias\" \/>\n\t\t<meta property=\"og:description\" content=\"Berl\u00edn, 16 abr (dpa) - En Alemania se implementar\u00e1n reglas unificadas de protecci\u00f3n contra el coronavirus para el regreso paulatino de m\u00e1s empleados a sus lugares de trabajo, comunic\u00f3 hoy en Berl\u00edn el ministro alem\u00e1n de Trabajo, Hubertus Heil. El gabinete federal aprob\u00f3 para ello nuevas normas vinculantes. &quot;Quien trabaje en estos tiempos tan especiales\" \/>\n\t\t<meta property=\"og:url\" content=\"https:\/\/eldigitaldeasturias.com\/radio\/alemania-establece-normas-para-proteger-a-trabajadores-de-coronavirus\/\" \/>\n\t\t<meta property=\"og:image\" content=\"https:\/\/eldigitaldeasturias.com\/radio\/wp-content\/uploads\/2020\/04\/covid-19-4960246_640.jpg\" \/>\n\t\t<meta property=\"og:image:secure_url\" content=\"https:\/\/eldigitaldeasturias.com\/radio\/wp-content\/uploads\/2020\/04\/covid-19-4960246_640.jpg\" \/>\n\t\t<meta property=\"og:image:width\" content=\"640\" \/>\n\t\t<meta property=\"og:image:height\" content=\"344\" \/>\n\t\t<meta property=\"article:published_time\" content=\"2020-04-18T09:51:24+00:00\" \/>\n\t\t<meta property=\"article:modified_time\" content=\"2020-04-18T09:51:24+00:00\" \/>\n\t\t<meta name=\"twitter:card\" content=\"summary_large_image\" \/>\n\t\t<meta name=\"twitter:site\" content=\"@bercodi\" \/>\n\t\t<meta name=\"twitter:title\" content=\"Alemania establece normas para proteger a trabajadores de coronavirus | El Digital de Asturias\" \/>\n\t\t<meta name=\"twitter:description\" content=\"Berl\u00edn, 16 abr (dpa) - En Alemania se implementar\u00e1n reglas unificadas de protecci\u00f3n contra el coronavirus para el regreso paulatino de m\u00e1s empleados a sus lugares de trabajo, comunic\u00f3 hoy en Berl\u00edn el ministro alem\u00e1n de Trabajo, Hubertus Heil. El gabinete federal aprob\u00f3 para ello nuevas normas vinculantes. &quot;Quien trabaje en estos tiempos tan especiales\" \/>\n\t\t<meta name=\"twitter:creator\" content=\"@bercodi\" \/>\n\t\t<meta name=\"twitter:image\" content=\"https:\/\/eldigitaldeasturias.com\/radio\/wp-content\/uploads\/2020\/04\/covid-19-4960246_640.jpg\" \/>\n\t\t<script type=\"application\/ld+json\" class=\"aioseo-schema\">\n\t\t\t{\"@context\":\"https:\\\/\\\/schema.org\",\"@graph\":[{\"@type\":\"BreadcrumbList\",\"@id\":\"https:\\\/\\\/eldigitaldeasturias.com\\\/radio\\\/alemania-establece-normas-para-proteger-a-trabajadores-de-coronavirus\\\/#breadcrumblist\",\"itemListElement\":[{\"@type\":\"ListItem\",\"@id\":\"https:\\\/\\\/eldigitaldeasturias.com\\\/radio#listItem\",\"position\":1,\"name\":\"Inicio\",\"item\":\"https:\\\/\\\/eldigitaldeasturias.com\\\/radio\",\"nextItem\":{\"@type\":\"ListItem\",\"@id\":\"https:\\\/\\\/eldigitaldeasturias.com\\\/radio\\\/category\\\/negocios\\\/#listItem\",\"name\":\"Negocios\"}},{\"@type\":\"ListItem\",\"@id\":\"https:\\\/\\\/eldigitaldeasturias.com\\\/radio\\\/category\\\/negocios\\\/#listItem\",\"position\":2,\"name\":\"Negocios\",\"item\":\"https:\\\/\\\/eldigitaldeasturias.com\\\/radio\\\/category\\\/negocios\\\/\",\"nextItem\":{\"@type\":\"ListItem\",\"@id\":\"https:\\\/\\\/eldigitaldeasturias.com\\\/radio\\\/alemania-establece-normas-para-proteger-a-trabajadores-de-coronavirus\\\/#listItem\",\"name\":\"Alemania establece normas para proteger a trabajadores de coronavirus\"},\"previousItem\":{\"@type\":\"ListItem\",\"@id\":\"https:\\\/\\\/eldigitaldeasturias.com\\\/radio#listItem\",\"name\":\"Inicio\"}},{\"@type\":\"ListItem\",\"@id\":\"https:\\\/\\\/eldigitaldeasturias.com\\\/radio\\\/alemania-establece-normas-para-proteger-a-trabajadores-de-coronavirus\\\/#listItem\",\"position\":3,\"name\":\"Alemania establece normas para proteger a trabajadores de coronavirus\",\"previousItem\":{\"@type\":\"ListItem\",\"@id\":\"https:\\\/\\\/eldigitaldeasturias.com\\\/radio\\\/category\\\/negocios\\\/#listItem\",\"name\":\"Negocios\"}}]},{\"@type\":\"NewsArticle\",\"@id\":\"https:\\\/\\\/eldigitaldeasturias.com\\\/radio\\\/alemania-establece-normas-para-proteger-a-trabajadores-de-coronavirus\\\/#newsarticle\",\"name\":\"Alemania establece normas para proteger a trabajadores de coronavirus | El Digital de Asturias\",\"headline\":\"Alemania establece normas para proteger a trabajadores de coronavirus\",\"author\":{\"@id\":\"https:\\\/\\\/eldigitaldeasturias.com\\\/radio\\\/author\\\/nbasturias\\\/#author\"},\"publisher\":{\"@id\":\"https:\\\/\\\/eldigitaldeasturias.com\\\/radio\\\/#organization\"},\"image\":{\"@type\":\"ImageObject\",\"url\":\"https:\\\/\\\/eldigitaldeasturias.com\\\/radio\\\/wp-content\\\/uploads\\\/2020\\\/04\\\/covid-19-4960246_640.jpg\",\"width\":640,\"height\":344},\"datePublished\":\"2020-04-18T09:51:24+02:00\",\"dateModified\":\"2020-04-18T09:51:24+02:00\",\"inLanguage\":\"es-ES\",\"mainEntityOfPage\":{\"@id\":\"https:\\\/\\\/eldigitaldeasturias.com\\\/radio\\\/alemania-establece-normas-para-proteger-a-trabajadores-de-coronavirus\\\/#webpage\"},\"isPartOf\":{\"@id\":\"https:\\\/\\\/eldigitaldeasturias.com\\\/radio\\\/alemania-establece-normas-para-proteger-a-trabajadores-de-coronavirus\\\/#webpage\"},\"articleSection\":\"Negocios\",\"dateline\":\"Publicado el abril 18, 2020.\"},{\"@type\":\"Organization\",\"@id\":\"https:\\\/\\\/eldigitaldeasturias.com\\\/radio\\\/#organization\",\"name\":\"El digital de Asturias Radio\",\"description\":\"Diario de informaci\\u00f3n y noticias\",\"url\":\"https:\\\/\\\/eldigitaldeasturias.com\\\/radio\\\/\",\"telephone\":\"+34652131393\",\"logo\":{\"@type\":\"ImageObject\",\"url\":\"https:\\\/\\\/www.eldigitaldeasturias.com\\\/radio\\\/wp-content\\\/uploads\\\/2021\\\/03\\\/EDA.jpg\",\"@id\":\"https:\\\/\\\/eldigitaldeasturias.com\\\/radio\\\/alemania-establece-normas-para-proteger-a-trabajadores-de-coronavirus\\\/#organizationLogo\"},\"image\":{\"@id\":\"https:\\\/\\\/eldigitaldeasturias.com\\\/radio\\\/alemania-establece-normas-para-proteger-a-trabajadores-de-coronavirus\\\/#organizationLogo\"},\"sameAs\":[\"https:\\\/\\\/www.facebook.com\\\/\",\"https:\\\/\\\/x.com\\\/bercodi\",\"https:\\\/\\\/www.instagram.com\\\/\",\"https:\\\/\\\/www.youtube.com\\\/channel\\\/UCZP-2wLEB9Rv6erhFmqVnvg\"]},{\"@type\":\"Person\",\"@id\":\"https:\\\/\\\/eldigitaldeasturias.com\\\/radio\\\/author\\\/nbasturias\\\/#author\",\"url\":\"https:\\\/\\\/eldigitaldeasturias.com\\\/radio\\\/author\\\/nbasturias\\\/\",\"name\":\"NBAsturias\",\"image\":{\"@type\":\"ImageObject\",\"@id\":\"https:\\\/\\\/eldigitaldeasturias.com\\\/radio\\\/alemania-establece-normas-para-proteger-a-trabajadores-de-coronavirus\\\/#authorImage\",\"url\":\"https:\\\/\\\/secure.gravatar.com\\\/avatar\\\/df2aeffc32bcd13f8d26072ef8a91b623d677766deac7f97ca815868cd41bf5e?s=96&d=mm&r=g\",\"width\":96,\"height\":96,\"caption\":\"NBAsturias\"}},{\"@type\":\"WebPage\",\"@id\":\"https:\\\/\\\/eldigitaldeasturias.com\\\/radio\\\/alemania-establece-normas-para-proteger-a-trabajadores-de-coronavirus\\\/#webpage\",\"url\":\"https:\\\/\\\/eldigitaldeasturias.com\\\/radio\\\/alemania-establece-normas-para-proteger-a-trabajadores-de-coronavirus\\\/\",\"name\":\"Alemania establece normas para proteger a trabajadores de coronavirus | El Digital de Asturias\",\"description\":\"Berl\\u00edn, 16 abr (dpa) - En Alemania se implementar\\u00e1n reglas unificadas de protecci\\u00f3n contra el coronavirus para el regreso paulatino de m\\u00e1s empleados a sus lugares de trabajo, comunic\\u00f3 hoy en Berl\\u00edn el ministro alem\\u00e1n de Trabajo, Hubertus Heil. El gabinete federal aprob\\u00f3 para ello nuevas normas vinculantes. \\\"Quien trabaje en estos tiempos tan especiales\",\"inLanguage\":\"es-ES\",\"isPartOf\":{\"@id\":\"https:\\\/\\\/eldigitaldeasturias.com\\\/radio\\\/#website\"},\"breadcrumb\":{\"@id\":\"https:\\\/\\\/eldigitaldeasturias.com\\\/radio\\\/alemania-establece-normas-para-proteger-a-trabajadores-de-coronavirus\\\/#breadcrumblist\"},\"author\":{\"@id\":\"https:\\\/\\\/eldigitaldeasturias.com\\\/radio\\\/author\\\/nbasturias\\\/#author\"},\"creator\":{\"@id\":\"https:\\\/\\\/eldigitaldeasturias.com\\\/radio\\\/author\\\/nbasturias\\\/#author\"},\"image\":{\"@type\":\"ImageObject\",\"url\":\"https:\\\/\\\/eldigitaldeasturias.com\\\/radio\\\/wp-content\\\/uploads\\\/2020\\\/04\\\/covid-19-4960246_640.jpg\",\"@id\":\"https:\\\/\\\/eldigitaldeasturias.com\\\/radio\\\/alemania-establece-normas-para-proteger-a-trabajadores-de-coronavirus\\\/#mainImage\",\"width\":640,\"height\":344},\"primaryImageOfPage\":{\"@id\":\"https:\\\/\\\/eldigitaldeasturias.com\\\/radio\\\/alemania-establece-normas-para-proteger-a-trabajadores-de-coronavirus\\\/#mainImage\"},\"datePublished\":\"2020-04-18T09:51:24+02:00\",\"dateModified\":\"2020-04-18T09:51:24+02:00\"},{\"@type\":\"WebSite\",\"@id\":\"https:\\\/\\\/eldigitaldeasturias.com\\\/radio\\\/#website\",\"url\":\"https:\\\/\\\/eldigitaldeasturias.com\\\/radio\\\/\",\"name\":\"El Digital de Asturias\",\"description\":\"Diario de informaci\\u00f3n y noticias\",\"inLanguage\":\"es-ES\",\"publisher\":{\"@id\":\"https:\\\/\\\/eldigitaldeasturias.com\\\/radio\\\/#organization\"}}]}\n\t\t<\/script>\n\t\t<!-- All in One SEO Pro -->\r\n\t\t<title>Alemania establece normas para proteger a trabajadores de coronavirus | El Digital de Asturias<\/title>\n\n","aioseo_head_json":{"title":"Alemania establece normas para proteger a trabajadores de coronavirus | El Digital de Asturias","description":"Berl\u00edn, 16 abr (dpa) - En Alemania se implementar\u00e1n reglas unificadas de protecci\u00f3n contra el coronavirus para el regreso paulatino de m\u00e1s empleados a sus lugares de trabajo, comunic\u00f3 hoy en Berl\u00edn el ministro alem\u00e1n de Trabajo, Hubertus Heil. El gabinete federal aprob\u00f3 para ello nuevas normas vinculantes. \"Quien trabaje en estos tiempos tan especiales","canonical_url":"https:\/\/eldigitaldeasturias.com\/radio\/alemania-establece-normas-para-proteger-a-trabajadores-de-coronavirus\/","robots":"max-image-preview:large","keywords":"negocios","webmasterTools":{"google-site-verification":"UA-38556648-1","miscellaneous":""},"schema":{"@context":"https:\/\/schema.org","@graph":[{"@type":"BreadcrumbList","@id":"https:\/\/eldigitaldeasturias.com\/radio\/alemania-establece-normas-para-proteger-a-trabajadores-de-coronavirus\/#breadcrumblist","itemListElement":[{"@type":"ListItem","@id":"https:\/\/eldigitaldeasturias.com\/radio#listItem","position":1,"name":"Inicio","item":"https:\/\/eldigitaldeasturias.com\/radio","nextItem":{"@type":"ListItem","@id":"https:\/\/eldigitaldeasturias.com\/radio\/category\/negocios\/#listItem","name":"Negocios"}},{"@type":"ListItem","@id":"https:\/\/eldigitaldeasturias.com\/radio\/category\/negocios\/#listItem","position":2,"name":"Negocios","item":"https:\/\/eldigitaldeasturias.com\/radio\/category\/negocios\/","nextItem":{"@type":"ListItem","@id":"https:\/\/eldigitaldeasturias.com\/radio\/alemania-establece-normas-para-proteger-a-trabajadores-de-coronavirus\/#listItem","name":"Alemania establece normas para proteger a trabajadores de coronavirus"},"previousItem":{"@type":"ListItem","@id":"https:\/\/eldigitaldeasturias.com\/radio#listItem","name":"Inicio"}},{"@type":"ListItem","@id":"https:\/\/eldigitaldeasturias.com\/radio\/alemania-establece-normas-para-proteger-a-trabajadores-de-coronavirus\/#listItem","position":3,"name":"Alemania establece normas para proteger a trabajadores de coronavirus","previousItem":{"@type":"ListItem","@id":"https:\/\/eldigitaldeasturias.com\/radio\/category\/negocios\/#listItem","name":"Negocios"}}]},{"@type":"NewsArticle","@id":"https:\/\/eldigitaldeasturias.com\/radio\/alemania-establece-normas-para-proteger-a-trabajadores-de-coronavirus\/#newsarticle","name":"Alemania establece normas para proteger a trabajadores de coronavirus | El Digital de Asturias","headline":"Alemania establece normas para proteger a trabajadores de coronavirus","author":{"@id":"https:\/\/eldigitaldeasturias.com\/radio\/author\/nbasturias\/#author"},"publisher":{"@id":"https:\/\/eldigitaldeasturias.com\/radio\/#organization"},"image":{"@type":"ImageObject","url":"https:\/\/eldigitaldeasturias.com\/radio\/wp-content\/uploads\/2020\/04\/covid-19-4960246_640.jpg","width":640,"height":344},"datePublished":"2020-04-18T09:51:24+02:00","dateModified":"2020-04-18T09:51:24+02:00","inLanguage":"es-ES","mainEntityOfPage":{"@id":"https:\/\/eldigitaldeasturias.com\/radio\/alemania-establece-normas-para-proteger-a-trabajadores-de-coronavirus\/#webpage"},"isPartOf":{"@id":"https:\/\/eldigitaldeasturias.com\/radio\/alemania-establece-normas-para-proteger-a-trabajadores-de-coronavirus\/#webpage"},"articleSection":"Negocios","dateline":"Publicado el abril 18, 2020."},{"@type":"Organization","@id":"https:\/\/eldigitaldeasturias.com\/radio\/#organization","name":"El digital de Asturias Radio","description":"Diario de informaci\u00f3n y noticias","url":"https:\/\/eldigitaldeasturias.com\/radio\/","telephone":"+34652131393","logo":{"@type":"ImageObject","url":"https:\/\/www.eldigitaldeasturias.com\/radio\/wp-content\/uploads\/2021\/03\/EDA.jpg","@id":"https:\/\/eldigitaldeasturias.com\/radio\/alemania-establece-normas-para-proteger-a-trabajadores-de-coronavirus\/#organizationLogo"},"image":{"@id":"https:\/\/eldigitaldeasturias.com\/radio\/alemania-establece-normas-para-proteger-a-trabajadores-de-coronavirus\/#organizationLogo"},"sameAs":["https:\/\/www.facebook.com\/","https:\/\/x.com\/bercodi","https:\/\/www.instagram.com\/","https:\/\/www.youtube.com\/channel\/UCZP-2wLEB9Rv6erhFmqVnvg"]},{"@type":"Person","@id":"https:\/\/eldigitaldeasturias.com\/radio\/author\/nbasturias\/#author","url":"https:\/\/eldigitaldeasturias.com\/radio\/author\/nbasturias\/","name":"NBAsturias","image":{"@type":"ImageObject","@id":"https:\/\/eldigitaldeasturias.com\/radio\/alemania-establece-normas-para-proteger-a-trabajadores-de-coronavirus\/#authorImage","url":"https:\/\/secure.gravatar.com\/avatar\/df2aeffc32bcd13f8d26072ef8a91b623d677766deac7f97ca815868cd41bf5e?s=96&d=mm&r=g","width":96,"height":96,"caption":"NBAsturias"}},{"@type":"WebPage","@id":"https:\/\/eldigitaldeasturias.com\/radio\/alemania-establece-normas-para-proteger-a-trabajadores-de-coronavirus\/#webpage","url":"https:\/\/eldigitaldeasturias.com\/radio\/alemania-establece-normas-para-proteger-a-trabajadores-de-coronavirus\/","name":"Alemania establece normas para proteger a trabajadores de coronavirus | El Digital de Asturias","description":"Berl\u00edn, 16 abr (dpa) - En Alemania se implementar\u00e1n reglas unificadas de protecci\u00f3n contra el coronavirus para el regreso paulatino de m\u00e1s empleados a sus lugares de trabajo, comunic\u00f3 hoy en Berl\u00edn el ministro alem\u00e1n de Trabajo, Hubertus Heil. El gabinete federal aprob\u00f3 para ello nuevas normas vinculantes. \"Quien trabaje en estos tiempos tan especiales","inLanguage":"es-ES","isPartOf":{"@id":"https:\/\/eldigitaldeasturias.com\/radio\/#website"},"breadcrumb":{"@id":"https:\/\/eldigitaldeasturias.com\/radio\/alemania-establece-normas-para-proteger-a-trabajadores-de-coronavirus\/#breadcrumblist"},"author":{"@id":"https:\/\/eldigitaldeasturias.com\/radio\/author\/nbasturias\/#author"},"creator":{"@id":"https:\/\/eldigitaldeasturias.com\/radio\/author\/nbasturias\/#author"},"image":{"@type":"ImageObject","url":"https:\/\/eldigitaldeasturias.com\/radio\/wp-content\/uploads\/2020\/04\/covid-19-4960246_640.jpg","@id":"https:\/\/eldigitaldeasturias.com\/radio\/alemania-establece-normas-para-proteger-a-trabajadores-de-coronavirus\/#mainImage","width":640,"height":344},"primaryImageOfPage":{"@id":"https:\/\/eldigitaldeasturias.com\/radio\/alemania-establece-normas-para-proteger-a-trabajadores-de-coronavirus\/#mainImage"},"datePublished":"2020-04-18T09:51:24+02:00","dateModified":"2020-04-18T09:51:24+02:00"},{"@type":"WebSite","@id":"https:\/\/eldigitaldeasturias.com\/radio\/#website","url":"https:\/\/eldigitaldeasturias.com\/radio\/","name":"El Digital de Asturias","description":"Diario de informaci\u00f3n y noticias","inLanguage":"es-ES","publisher":{"@id":"https:\/\/eldigitaldeasturias.com\/radio\/#organization"}}]},"og:locale":"es_ES","og:site_name":"El Digital de Asturias | Diario de informaci\u00f3n y noticias","og:type":"article","og:title":"Alemania establece normas para proteger a trabajadores de coronavirus | El Digital de Asturias","og:description":"Berl\u00edn, 16 abr (dpa) - En Alemania se implementar\u00e1n reglas unificadas de protecci\u00f3n contra el coronavirus para el regreso paulatino de m\u00e1s empleados a sus lugares de trabajo, comunic\u00f3 hoy en Berl\u00edn el ministro alem\u00e1n de Trabajo, Hubertus Heil. El gabinete federal aprob\u00f3 para ello nuevas normas vinculantes. &quot;Quien trabaje en estos tiempos tan especiales","og:url":"https:\/\/eldigitaldeasturias.com\/radio\/alemania-establece-normas-para-proteger-a-trabajadores-de-coronavirus\/","og:image":"https:\/\/eldigitaldeasturias.com\/radio\/wp-content\/uploads\/2020\/04\/covid-19-4960246_640.jpg","og:image:secure_url":"https:\/\/eldigitaldeasturias.com\/radio\/wp-content\/uploads\/2020\/04\/covid-19-4960246_640.jpg","og:image:width":640,"og:image:height":344,"article:published_time":"2020-04-18T09:51:24+00:00","article:modified_time":"2020-04-18T09:51:24+00:00","twitter:card":"summary_large_image","twitter:site":"@bercodi","twitter:title":"Alemania establece normas para proteger a trabajadores de coronavirus | El Digital de Asturias","twitter:description":"Berl\u00edn, 16 abr (dpa) - En Alemania se implementar\u00e1n reglas unificadas de protecci\u00f3n contra el coronavirus para el regreso paulatino de m\u00e1s empleados a sus lugares de trabajo, comunic\u00f3 hoy en Berl\u00edn el ministro alem\u00e1n de Trabajo, Hubertus Heil. El gabinete federal aprob\u00f3 para ello nuevas normas vinculantes. &quot;Quien trabaje en estos tiempos tan especiales","twitter:creator":"@bercodi","twitter:image":"https:\/\/eldigitaldeasturias.com\/radio\/wp-content\/uploads\/2020\/04\/covid-19-4960246_640.jpg"},"aioseo_meta_data":{"post_id":"4113","title":null,"description":null,"keywords":null,"keyphrases":null,"primary_term":null,"canonical_url":null,"og_title":null,"og_description":null,"og_object_type":"default","og_image_type":"default","og_image_url":null,"og_image_width":null,"og_image_height":null,"og_image_custom_url":null,"og_image_custom_fields":null,"og_video":null,"og_custom_url":null,"og_article_section":null,"og_article_tags":null,"twitter_use_og":false,"twitter_card":"default","twitter_image_type":"default","twitter_image_url":null,"twitter_image_custom_url":null,"twitter_image_custom_fields":null,"twitter_title":null,"twitter_description":null,"schema":{"blockGraphs":[],"customGraphs":[],"default":{"data":{"Article":[],"Course":[],"Dataset":[],"FAQPage":[],"Movie":[],"Person":[],"Product":[],"ProductReview":[],"Car":[],"Recipe":[],"Service":[],"SoftwareApplication":[],"WebPage":[]},"graphName":"","isEnabled":true},"graphs":[],"defaultGraph":"","defaultPostTypeGraph":""},"schema_type":null,"schema_type_options":null,"pillar_content":false,"robots_default":true,"robots_noindex":false,"robots_noarchive":false,"robots_nosnippet":false,"robots_nofollow":false,"robots_noimageindex":false,"robots_noodp":false,"robots_notranslate":false,"robots_max_snippet":null,"robots_max_videopreview":null,"robots_max_imagepreview":"large","priority":null,"frequency":null,"location":null,"local_seo":null,"seo_analyzer_scan_date":"2025-08-28 15:20:37","breadcrumb_settings":null,"limit_modified_date":false,"open_ai":null,"ai":null,"created":"2021-03-29 05:39:11","updated":"2025-08-28 15:20:37"},"aioseo_breadcrumb":"<div class=\"aioseo-breadcrumbs\"><span class=\"aioseo-breadcrumb\">\n\t<a href=\"https:\/\/eldigitaldeasturias.com\/radio\" title=\"Inicio\">Inicio<\/a>\n<\/span><span class=\"aioseo-breadcrumb-separator\">&ndash;<\/span><span class=\"aioseo-breadcrumb\">\n\t<a href=\"https:\/\/eldigitaldeasturias.com\/radio\/category\/negocios\/\" title=\"Negocios\">Negocios<\/a>\n<\/span><span class=\"aioseo-breadcrumb-separator\">&ndash;<\/span><span class=\"aioseo-breadcrumb\">\n\tAlemania establece normas para proteger a trabajadores de coronavirus\n<\/span><\/div>","aioseo_breadcrumb_json":[{"label":"Inicio","link":"https:\/\/eldigitaldeasturias.com\/radio"},{"label":"Negocios","link":"https:\/\/eldigitaldeasturias.com\/radio\/category\/negocios\/"},{"label":"Alemania establece normas para proteger a trabajadores de coronavirus","link":"https:\/\/eldigitaldeasturias.com\/radio\/alemania-establece-normas-para-proteger-a-trabajadores-de-coronavirus\/"}],"_links":{"self":[{"href":"https:\/\/eldigitaldeasturias.com\/radio\/wp-json\/wp\/v2\/posts\/4113","targetHints":{"allow":["GET"]}}],"collection":[{"href":"https:\/\/eldigitaldeasturias.com\/radio\/wp-json\/wp\/v2\/posts"}],"about":[{"href":"https:\/\/eldigitaldeasturias.com\/radio\/wp-json\/wp\/v2\/types\/post"}],"author":[{"embeddable":true,"href":"https:\/\/eldigitaldeasturias.com\/radio\/wp-json\/wp\/v2\/users\/1"}],"replies":[{"embeddable":true,"href":"https:\/\/eldigitaldeasturias.com\/radio\/wp-json\/wp\/v2\/comments?post=4113"}],"version-history":[{"count":0,"href":"https:\/\/eldigitaldeasturias.com\/radio\/wp-json\/wp\/v2\/posts\/4113\/revisions"}],"wp:featuredmedia":[{"embeddable":true,"href":"https:\/\/eldigitaldeasturias.com\/radio\/wp-json\/wp\/v2\/media\/4110"}],"wp:attachment":[{"href":"https:\/\/eldigitaldeasturias.com\/radio\/wp-json\/wp\/v2\/media?parent=4113"}],"wp:term":[{"taxonomy":"category","embeddable":true,"href":"https:\/\/eldigitaldeasturias.com\/radio\/wp-json\/wp\/v2\/categories?post=4113"},{"taxonomy":"post_tag","embeddable":true,"href":"https:\/\/eldigitaldeasturias.com\/radio\/wp-json\/wp\/v2\/tags?post=4113"}],"curies":[{"name":"wp","href":"https:\/\/api.w.org\/{rel}","templated":true}]}}