{"id":4109,"date":"2020-04-18T09:44:54","date_gmt":"2020-04-18T09:44:54","guid":{"rendered":"http:\/\/www.eldigitaldeasturias.com\/radio\/?p=4109"},"modified":"2020-04-18T09:44:54","modified_gmt":"2020-04-18T09:44:54","slug":"expertos-crisis-de-coronavirus-puede-tambien-fortalecer-a-los-ninos","status":"publish","type":"post","link":"https:\/\/eldigitaldeasturias.com\/radio\/expertos-crisis-de-coronavirus-puede-tambien-fortalecer-a-los-ninos\/","title":{"rendered":"Expertos: Crisis de coronavirus puede tambi\u00e9n fortalecer a los ni\u00f1os"},"content":{"rendered":"<p><img fetchpriority=\"high\" decoding=\"async\" class=\"alignleft size-medium wp-image-4110\" src=\"http:\/\/www.eldigitaldeasturias.com\/radio\/wp-content\/uploads\/2020\/04\/covid-19-4960246_640-360x194.jpg\" alt=\"\" width=\"360\" height=\"194\" srcset=\"https:\/\/eldigitaldeasturias.com\/radio\/wp-content\/uploads\/2020\/04\/covid-19-4960246_640-360x194.jpg 360w, https:\/\/eldigitaldeasturias.com\/radio\/wp-content\/uploads\/2020\/04\/covid-19-4960246_640.jpg 640w\" sizes=\"(max-width: 360px) 100vw, 360px\" \/>Berl\u00edn, 16 abr (dpa) &#8211; Tambi\u00e9n los m\u00e1s peque\u00f1os sufren por la crisis del coronavirus. Muchos ni\u00f1os lloran porque no pueden ver a sus amigos o parientes o porque no se les permite ir a la guarder\u00eda. Pero seg\u00fan Silvia Schneider, profesora de psicoterapia infantil y juvenil en la Universidad de Bochum, en Alemania, la situaci\u00f3n actual tambi\u00e9n puede tener un beneficio para el desarrollo infantil: \u00abLos ni\u00f1os pueden salir fortalecidos de la crisis.\u00bb<\/p>\n<p>Muchos padres informan actualmente de que sus hijos est\u00e1n sufriendo mucho el aislamiento social. Anika N. de Renania del Norte-Westfalia, por ejemplo, describe una situaci\u00f3n con su hijo de cuatro a\u00f1os: \u00abLo escuch\u00e9 lloriquear a trav\u00e9s del monitor de beb\u00e9 y me acerqu\u00e9 a \u00e9l. Estaba acostado en su cama con su mu\u00f1eco Elmo en sus brazos y me dijo con grandes l\u00e1grimas que extra\u00f1aba mucho a sus amigos del jard\u00edn de infantes. Nunca lo hab\u00eda visto tan alterado\u00bb.<\/p>\n<p>Regina L. de Berl\u00edn tuvo que conducir con su hija a la guarder\u00eda cerrada para que la ni\u00f1a de cinco a\u00f1os se asegurara de que no hubiera nadie: \u00abElla quer\u00eda ver sin falta el edificio. Nos detuvimos justo antes y volvimos a hablar de por qu\u00e9 las cosas son como son ahora\u00bb, dice la madre, cuya hija tambi\u00e9n extra\u00f1a a sus compa\u00f1eros de juego.<\/p>\n<p>\u00abLos ni\u00f1os reaccionan de manera muy diferente a la crisis, lo que tambi\u00e9n significa estr\u00e9s para ellos\u00bb, dice el psic\u00f3logo berlin\u00e9s Thilo Hartmann. Adem\u00e1s de los problemas de sue\u00f1o, los ni\u00f1os pueden reaccionar con dolores de cabeza, dolores de est\u00f3mago, mareos y agotamiento.<\/p>\n<p>\u00abA nivel de comportamiento, es posible que los ni\u00f1os se retraigan, se vuelvan m\u00e1s agresivos o que tengan una mayor necesidad de ser abrazados\u00bb, dice el experto.<\/p>\n<p>\u00abTambi\u00e9n es importante prestar atenci\u00f3n a los ni\u00f1os que se vuelven m\u00e1s tranquilos en esta situaci\u00f3n o que reaccionan con el retiro y quiz\u00e1s incluso parecen particularmente poco problem\u00e1ticos en el proceso\u00bb, enfatiza Hartmann.<\/p>\n<p>Estos ni\u00f1os podr\u00edan tratar de encajar en un papel que no es el adecuado para ellos, asumiendo la responsabilidad de hacer todo bien y proteger a la familia. Seg\u00fan Hartmann, esto puede suponer una carga excesiva para los ni\u00f1os.<\/p>\n<p>\u00abB\u00e1sicamente, es importante que tengan un buen modelo de c\u00f3mo manejar la situaci\u00f3n\u00bb, destaca el psic\u00f3logo. Es importante que las personas cercanas al ni\u00f1o le ejemplifiquen con una compostura alegre las nuevas acciones y comportamientos por la pandemia, como una higiene especial o el uso de una mascarilla de protecci\u00f3n.<\/p>\n<p>\u00abPodemos afrontar mejor las situaciones dif\u00edciles cuando sentimos que podemos hacer algo\u00bb, explica Schneider.<\/p>\n<p>Seg\u00fan la profesora de Bochum, muchos padres tienden a mantener a sus hijos alejados de las crisis. Pero las investigaciones han demostrado que los ni\u00f1os tambi\u00e9n necesitan aprender sobre las crisis. \u00abY, sobre todo, deben aprender a manejar las crisis\u00bb, dice Schneider.<\/p>\n<p>Para la experta, la vida cotidiana consiste en crisis y nuestra vida es una constante soluci\u00f3n de problemas. \u00abUna vida sin crisis es anormal, y eso tampoco es bueno para los ni\u00f1os. Por ejemplo, \u00bfc\u00f3mo pueden los j\u00f3venes atreverse a dar pasos fuera de la familia en la pubertad si nunca han aprendido a hacer frente a situaciones dif\u00edciles? Se tiene que desarrollar cierta resiliencia, una fuerza ante la crisis\u00bb, explica.<\/p>\n<p>En su opini\u00f3n, no solo es importante explicar la nueva situaci\u00f3n a los ni\u00f1os en un lenguaje sencillo, sino tambi\u00e9n limitar el tiempo que se dedica a hablar del coronavirus.<\/p>\n<p>\u00abLo experimentamos en nuestra vida cl\u00ednica diaria: hay familias en las que las noticias del coronavirus se escuchan de la ma\u00f1ana a la noche y todos est\u00e1n cada vez m\u00e1s inseguros y ven al virus en todas partes\u00bb, comenta. Schneider afirma que eso no ayuda. \u00abDebe haber una exposici\u00f3n equilibrada y bien dosificada a la crisis\u00bb, aconseja.<\/p>\n<p>El presidente de la Agencia Alemana de Protecci\u00f3n Infantil, Heinz Hilgers, tambi\u00e9n ve los aspectos positivos que la crisis tiene para muchos ni\u00f1os: \u00abGran parte del estr\u00e9s que normalmente irradia toda la sociedad ha desaparecido. Es un tiempo de desaceleraci\u00f3n tambi\u00e9n para las familias. Nunca he visto a tantos padres con sus hijos\u00bb.<\/p>\n<p>Por Anja Sokolow (dpa)<\/p>\n","protected":false},"excerpt":{"rendered":"<p>Berl\u00edn, 16 abr (dpa) &#8211; Tambi\u00e9n los m\u00e1s peque\u00f1os sufren por la crisis del coronavirus. Muchos ni\u00f1os lloran porque no pueden ver a sus amigos o parientes o porque no se les permite ir a la guarder\u00eda. Pero seg\u00fan Silvia Schneider, profesora de psicoterapia infantil y juvenil en la Universidad de Bochum, en Alemania, la<\/p>\n","protected":false},"author":1,"featured_media":4110,"comment_status":"closed","ping_status":"closed","sticky":false,"template":"","format":"standard","meta":{"footnotes":""},"categories":[1],"tags":[],"class_list":{"0":"post-4109","1":"post","2":"type-post","3":"status-publish","4":"format-standard","5":"has-post-thumbnail","7":"category-noticias"},"aioseo_notices":[],"aioseo_head":"\n\t\t<!-- All in One SEO Pro 4.9.6.2 - aioseo.com -->\n\t<meta name=\"description\" content=\"Berl\u00edn, 16 abr (dpa) - Tambi\u00e9n los m\u00e1s peque\u00f1os sufren por la crisis del coronavirus. Muchos ni\u00f1os lloran porque no pueden ver a sus amigos o parientes o porque no se les permite ir a la guarder\u00eda. Pero seg\u00fan Silvia Schneider, profesora de psicoterapia infantil y juvenil en la Universidad de Bochum, en Alemania, la\" \/>\n\t<meta name=\"robots\" content=\"max-image-preview:large\" \/>\n\t<meta name=\"author\" content=\"NBAsturias\"\/>\n\t<meta name=\"google-site-verification\" content=\"UA-38556648-1\" \/>\n\t<meta name=\"keywords\" content=\"noticias\" \/>\n\t<link rel=\"canonical\" href=\"https:\/\/eldigitaldeasturias.com\/radio\/expertos-crisis-de-coronavirus-puede-tambien-fortalecer-a-los-ninos\/\" \/>\n\t<meta name=\"generator\" content=\"All in One SEO Pro (AIOSEO) 4.9.6.2\" \/>\n\t\t<meta property=\"og:locale\" content=\"es_ES\" \/>\n\t\t<meta property=\"og:site_name\" content=\"El Digital de Asturias | Diario de informaci\u00f3n y noticias\" \/>\n\t\t<meta property=\"og:type\" content=\"article\" \/>\n\t\t<meta property=\"og:title\" content=\"Expertos: Crisis de coronavirus puede tambi\u00e9n fortalecer a los ni\u00f1os | El Digital de Asturias\" \/>\n\t\t<meta property=\"og:description\" content=\"Berl\u00edn, 16 abr (dpa) - Tambi\u00e9n los m\u00e1s peque\u00f1os sufren por la crisis del coronavirus. Muchos ni\u00f1os lloran porque no pueden ver a sus amigos o parientes o porque no se les permite ir a la guarder\u00eda. Pero seg\u00fan Silvia Schneider, profesora de psicoterapia infantil y juvenil en la Universidad de Bochum, en Alemania, la\" \/>\n\t\t<meta property=\"og:url\" content=\"https:\/\/eldigitaldeasturias.com\/radio\/expertos-crisis-de-coronavirus-puede-tambien-fortalecer-a-los-ninos\/\" \/>\n\t\t<meta property=\"og:image\" content=\"https:\/\/eldigitaldeasturias.com\/radio\/wp-content\/uploads\/2020\/04\/covid-19-4960246_640.jpg\" \/>\n\t\t<meta property=\"og:image:secure_url\" content=\"https:\/\/eldigitaldeasturias.com\/radio\/wp-content\/uploads\/2020\/04\/covid-19-4960246_640.jpg\" \/>\n\t\t<meta property=\"og:image:width\" content=\"640\" \/>\n\t\t<meta property=\"og:image:height\" content=\"344\" \/>\n\t\t<meta property=\"article:published_time\" content=\"2020-04-18T09:44:54+00:00\" \/>\n\t\t<meta property=\"article:modified_time\" content=\"2020-04-18T09:44:54+00:00\" \/>\n\t\t<meta name=\"twitter:card\" content=\"summary_large_image\" \/>\n\t\t<meta name=\"twitter:site\" content=\"@bercodi\" \/>\n\t\t<meta name=\"twitter:title\" content=\"Expertos: Crisis de coronavirus puede tambi\u00e9n fortalecer a los ni\u00f1os | El Digital de Asturias\" \/>\n\t\t<meta name=\"twitter:description\" content=\"Berl\u00edn, 16 abr (dpa) - Tambi\u00e9n los m\u00e1s peque\u00f1os sufren por la crisis del coronavirus. Muchos ni\u00f1os lloran porque no pueden ver a sus amigos o parientes o porque no se les permite ir a la guarder\u00eda. Pero seg\u00fan Silvia Schneider, profesora de psicoterapia infantil y juvenil en la Universidad de Bochum, en Alemania, la\" \/>\n\t\t<meta name=\"twitter:creator\" content=\"@bercodi\" \/>\n\t\t<meta name=\"twitter:image\" content=\"https:\/\/eldigitaldeasturias.com\/radio\/wp-content\/uploads\/2020\/04\/covid-19-4960246_640.jpg\" \/>\n\t\t<script type=\"application\/ld+json\" class=\"aioseo-schema\">\n\t\t\t{\"@context\":\"https:\\\/\\\/schema.org\",\"@graph\":[{\"@type\":\"BreadcrumbList\",\"@id\":\"https:\\\/\\\/eldigitaldeasturias.com\\\/radio\\\/expertos-crisis-de-coronavirus-puede-tambien-fortalecer-a-los-ninos\\\/#breadcrumblist\",\"itemListElement\":[{\"@type\":\"ListItem\",\"@id\":\"https:\\\/\\\/eldigitaldeasturias.com\\\/radio#listItem\",\"position\":1,\"name\":\"Inicio\",\"item\":\"https:\\\/\\\/eldigitaldeasturias.com\\\/radio\",\"nextItem\":{\"@type\":\"ListItem\",\"@id\":\"https:\\\/\\\/eldigitaldeasturias.com\\\/radio\\\/category\\\/noticias\\\/#listItem\",\"name\":\"Noticias\"}},{\"@type\":\"ListItem\",\"@id\":\"https:\\\/\\\/eldigitaldeasturias.com\\\/radio\\\/category\\\/noticias\\\/#listItem\",\"position\":2,\"name\":\"Noticias\",\"item\":\"https:\\\/\\\/eldigitaldeasturias.com\\\/radio\\\/category\\\/noticias\\\/\",\"nextItem\":{\"@type\":\"ListItem\",\"@id\":\"https:\\\/\\\/eldigitaldeasturias.com\\\/radio\\\/expertos-crisis-de-coronavirus-puede-tambien-fortalecer-a-los-ninos\\\/#listItem\",\"name\":\"Expertos: Crisis de coronavirus puede tambi\\u00e9n fortalecer a los ni\\u00f1os\"},\"previousItem\":{\"@type\":\"ListItem\",\"@id\":\"https:\\\/\\\/eldigitaldeasturias.com\\\/radio#listItem\",\"name\":\"Inicio\"}},{\"@type\":\"ListItem\",\"@id\":\"https:\\\/\\\/eldigitaldeasturias.com\\\/radio\\\/expertos-crisis-de-coronavirus-puede-tambien-fortalecer-a-los-ninos\\\/#listItem\",\"position\":3,\"name\":\"Expertos: Crisis de coronavirus puede tambi\\u00e9n fortalecer a los ni\\u00f1os\",\"previousItem\":{\"@type\":\"ListItem\",\"@id\":\"https:\\\/\\\/eldigitaldeasturias.com\\\/radio\\\/category\\\/noticias\\\/#listItem\",\"name\":\"Noticias\"}}]},{\"@type\":\"NewsArticle\",\"@id\":\"https:\\\/\\\/eldigitaldeasturias.com\\\/radio\\\/expertos-crisis-de-coronavirus-puede-tambien-fortalecer-a-los-ninos\\\/#newsarticle\",\"name\":\"Expertos: Crisis de coronavirus puede tambi\\u00e9n fortalecer a los ni\\u00f1os | El Digital de Asturias\",\"headline\":\"Expertos: Crisis de coronavirus puede tambi\\u00e9n fortalecer a los ni\\u00f1os\",\"author\":{\"@id\":\"https:\\\/\\\/eldigitaldeasturias.com\\\/radio\\\/author\\\/nbasturias\\\/#author\"},\"publisher\":{\"@id\":\"https:\\\/\\\/eldigitaldeasturias.com\\\/radio\\\/#organization\"},\"image\":{\"@type\":\"ImageObject\",\"url\":\"https:\\\/\\\/eldigitaldeasturias.com\\\/radio\\\/wp-content\\\/uploads\\\/2020\\\/04\\\/covid-19-4960246_640.jpg\",\"width\":640,\"height\":344},\"datePublished\":\"2020-04-18T09:44:54+02:00\",\"dateModified\":\"2020-04-18T09:44:54+02:00\",\"inLanguage\":\"es-ES\",\"mainEntityOfPage\":{\"@id\":\"https:\\\/\\\/eldigitaldeasturias.com\\\/radio\\\/expertos-crisis-de-coronavirus-puede-tambien-fortalecer-a-los-ninos\\\/#webpage\"},\"isPartOf\":{\"@id\":\"https:\\\/\\\/eldigitaldeasturias.com\\\/radio\\\/expertos-crisis-de-coronavirus-puede-tambien-fortalecer-a-los-ninos\\\/#webpage\"},\"articleSection\":\"Noticias\",\"dateline\":\"Publicado el abril 18, 2020.\"},{\"@type\":\"Organization\",\"@id\":\"https:\\\/\\\/eldigitaldeasturias.com\\\/radio\\\/#organization\",\"name\":\"El digital de Asturias Radio\",\"description\":\"Diario de informaci\\u00f3n y noticias\",\"url\":\"https:\\\/\\\/eldigitaldeasturias.com\\\/radio\\\/\",\"telephone\":\"+34652131393\",\"logo\":{\"@type\":\"ImageObject\",\"url\":\"https:\\\/\\\/www.eldigitaldeasturias.com\\\/radio\\\/wp-content\\\/uploads\\\/2021\\\/03\\\/EDA.jpg\",\"@id\":\"https:\\\/\\\/eldigitaldeasturias.com\\\/radio\\\/expertos-crisis-de-coronavirus-puede-tambien-fortalecer-a-los-ninos\\\/#organizationLogo\"},\"image\":{\"@id\":\"https:\\\/\\\/eldigitaldeasturias.com\\\/radio\\\/expertos-crisis-de-coronavirus-puede-tambien-fortalecer-a-los-ninos\\\/#organizationLogo\"},\"sameAs\":[\"https:\\\/\\\/www.facebook.com\\\/\",\"https:\\\/\\\/x.com\\\/bercodi\",\"https:\\\/\\\/www.instagram.com\\\/\",\"https:\\\/\\\/www.youtube.com\\\/channel\\\/UCZP-2wLEB9Rv6erhFmqVnvg\"]},{\"@type\":\"Person\",\"@id\":\"https:\\\/\\\/eldigitaldeasturias.com\\\/radio\\\/author\\\/nbasturias\\\/#author\",\"url\":\"https:\\\/\\\/eldigitaldeasturias.com\\\/radio\\\/author\\\/nbasturias\\\/\",\"name\":\"NBAsturias\",\"image\":{\"@type\":\"ImageObject\",\"@id\":\"https:\\\/\\\/eldigitaldeasturias.com\\\/radio\\\/expertos-crisis-de-coronavirus-puede-tambien-fortalecer-a-los-ninos\\\/#authorImage\",\"url\":\"https:\\\/\\\/secure.gravatar.com\\\/avatar\\\/df2aeffc32bcd13f8d26072ef8a91b623d677766deac7f97ca815868cd41bf5e?s=96&d=mm&r=g\",\"width\":96,\"height\":96,\"caption\":\"NBAsturias\"}},{\"@type\":\"WebPage\",\"@id\":\"https:\\\/\\\/eldigitaldeasturias.com\\\/radio\\\/expertos-crisis-de-coronavirus-puede-tambien-fortalecer-a-los-ninos\\\/#webpage\",\"url\":\"https:\\\/\\\/eldigitaldeasturias.com\\\/radio\\\/expertos-crisis-de-coronavirus-puede-tambien-fortalecer-a-los-ninos\\\/\",\"name\":\"Expertos: Crisis de coronavirus puede tambi\\u00e9n fortalecer a los ni\\u00f1os | El Digital de Asturias\",\"description\":\"Berl\\u00edn, 16 abr (dpa) - Tambi\\u00e9n los m\\u00e1s peque\\u00f1os sufren por la crisis del coronavirus. Muchos ni\\u00f1os lloran porque no pueden ver a sus amigos o parientes o porque no se les permite ir a la guarder\\u00eda. Pero seg\\u00fan Silvia Schneider, profesora de psicoterapia infantil y juvenil en la Universidad de Bochum, en Alemania, la\",\"inLanguage\":\"es-ES\",\"isPartOf\":{\"@id\":\"https:\\\/\\\/eldigitaldeasturias.com\\\/radio\\\/#website\"},\"breadcrumb\":{\"@id\":\"https:\\\/\\\/eldigitaldeasturias.com\\\/radio\\\/expertos-crisis-de-coronavirus-puede-tambien-fortalecer-a-los-ninos\\\/#breadcrumblist\"},\"author\":{\"@id\":\"https:\\\/\\\/eldigitaldeasturias.com\\\/radio\\\/author\\\/nbasturias\\\/#author\"},\"creator\":{\"@id\":\"https:\\\/\\\/eldigitaldeasturias.com\\\/radio\\\/author\\\/nbasturias\\\/#author\"},\"image\":{\"@type\":\"ImageObject\",\"url\":\"https:\\\/\\\/eldigitaldeasturias.com\\\/radio\\\/wp-content\\\/uploads\\\/2020\\\/04\\\/covid-19-4960246_640.jpg\",\"@id\":\"https:\\\/\\\/eldigitaldeasturias.com\\\/radio\\\/expertos-crisis-de-coronavirus-puede-tambien-fortalecer-a-los-ninos\\\/#mainImage\",\"width\":640,\"height\":344},\"primaryImageOfPage\":{\"@id\":\"https:\\\/\\\/eldigitaldeasturias.com\\\/radio\\\/expertos-crisis-de-coronavirus-puede-tambien-fortalecer-a-los-ninos\\\/#mainImage\"},\"datePublished\":\"2020-04-18T09:44:54+02:00\",\"dateModified\":\"2020-04-18T09:44:54+02:00\"},{\"@type\":\"WebSite\",\"@id\":\"https:\\\/\\\/eldigitaldeasturias.com\\\/radio\\\/#website\",\"url\":\"https:\\\/\\\/eldigitaldeasturias.com\\\/radio\\\/\",\"name\":\"El Digital de Asturias\",\"description\":\"Diario de informaci\\u00f3n y noticias\",\"inLanguage\":\"es-ES\",\"publisher\":{\"@id\":\"https:\\\/\\\/eldigitaldeasturias.com\\\/radio\\\/#organization\"}}]}\n\t\t<\/script>\n\t\t<!-- All in One SEO Pro -->\r\n\t\t<title>Expertos: Crisis de coronavirus puede tambi\u00e9n fortalecer a los ni\u00f1os | El Digital de Asturias<\/title>\n\n","aioseo_head_json":{"title":"Expertos: Crisis de coronavirus puede tambi\u00e9n fortalecer a los ni\u00f1os | El Digital de Asturias","description":"Berl\u00edn, 16 abr (dpa) - Tambi\u00e9n los m\u00e1s peque\u00f1os sufren por la crisis del coronavirus. Muchos ni\u00f1os lloran porque no pueden ver a sus amigos o parientes o porque no se les permite ir a la guarder\u00eda. Pero seg\u00fan Silvia Schneider, profesora de psicoterapia infantil y juvenil en la Universidad de Bochum, en Alemania, la","canonical_url":"https:\/\/eldigitaldeasturias.com\/radio\/expertos-crisis-de-coronavirus-puede-tambien-fortalecer-a-los-ninos\/","robots":"max-image-preview:large","keywords":"noticias","webmasterTools":{"google-site-verification":"UA-38556648-1","miscellaneous":""},"schema":{"@context":"https:\/\/schema.org","@graph":[{"@type":"BreadcrumbList","@id":"https:\/\/eldigitaldeasturias.com\/radio\/expertos-crisis-de-coronavirus-puede-tambien-fortalecer-a-los-ninos\/#breadcrumblist","itemListElement":[{"@type":"ListItem","@id":"https:\/\/eldigitaldeasturias.com\/radio#listItem","position":1,"name":"Inicio","item":"https:\/\/eldigitaldeasturias.com\/radio","nextItem":{"@type":"ListItem","@id":"https:\/\/eldigitaldeasturias.com\/radio\/category\/noticias\/#listItem","name":"Noticias"}},{"@type":"ListItem","@id":"https:\/\/eldigitaldeasturias.com\/radio\/category\/noticias\/#listItem","position":2,"name":"Noticias","item":"https:\/\/eldigitaldeasturias.com\/radio\/category\/noticias\/","nextItem":{"@type":"ListItem","@id":"https:\/\/eldigitaldeasturias.com\/radio\/expertos-crisis-de-coronavirus-puede-tambien-fortalecer-a-los-ninos\/#listItem","name":"Expertos: Crisis de coronavirus puede tambi\u00e9n fortalecer a los ni\u00f1os"},"previousItem":{"@type":"ListItem","@id":"https:\/\/eldigitaldeasturias.com\/radio#listItem","name":"Inicio"}},{"@type":"ListItem","@id":"https:\/\/eldigitaldeasturias.com\/radio\/expertos-crisis-de-coronavirus-puede-tambien-fortalecer-a-los-ninos\/#listItem","position":3,"name":"Expertos: Crisis de coronavirus puede tambi\u00e9n fortalecer a los ni\u00f1os","previousItem":{"@type":"ListItem","@id":"https:\/\/eldigitaldeasturias.com\/radio\/category\/noticias\/#listItem","name":"Noticias"}}]},{"@type":"NewsArticle","@id":"https:\/\/eldigitaldeasturias.com\/radio\/expertos-crisis-de-coronavirus-puede-tambien-fortalecer-a-los-ninos\/#newsarticle","name":"Expertos: Crisis de coronavirus puede tambi\u00e9n fortalecer a los ni\u00f1os | El Digital de Asturias","headline":"Expertos: Crisis de coronavirus puede tambi\u00e9n fortalecer a los ni\u00f1os","author":{"@id":"https:\/\/eldigitaldeasturias.com\/radio\/author\/nbasturias\/#author"},"publisher":{"@id":"https:\/\/eldigitaldeasturias.com\/radio\/#organization"},"image":{"@type":"ImageObject","url":"https:\/\/eldigitaldeasturias.com\/radio\/wp-content\/uploads\/2020\/04\/covid-19-4960246_640.jpg","width":640,"height":344},"datePublished":"2020-04-18T09:44:54+02:00","dateModified":"2020-04-18T09:44:54+02:00","inLanguage":"es-ES","mainEntityOfPage":{"@id":"https:\/\/eldigitaldeasturias.com\/radio\/expertos-crisis-de-coronavirus-puede-tambien-fortalecer-a-los-ninos\/#webpage"},"isPartOf":{"@id":"https:\/\/eldigitaldeasturias.com\/radio\/expertos-crisis-de-coronavirus-puede-tambien-fortalecer-a-los-ninos\/#webpage"},"articleSection":"Noticias","dateline":"Publicado el abril 18, 2020."},{"@type":"Organization","@id":"https:\/\/eldigitaldeasturias.com\/radio\/#organization","name":"El digital de Asturias Radio","description":"Diario de informaci\u00f3n y noticias","url":"https:\/\/eldigitaldeasturias.com\/radio\/","telephone":"+34652131393","logo":{"@type":"ImageObject","url":"https:\/\/www.eldigitaldeasturias.com\/radio\/wp-content\/uploads\/2021\/03\/EDA.jpg","@id":"https:\/\/eldigitaldeasturias.com\/radio\/expertos-crisis-de-coronavirus-puede-tambien-fortalecer-a-los-ninos\/#organizationLogo"},"image":{"@id":"https:\/\/eldigitaldeasturias.com\/radio\/expertos-crisis-de-coronavirus-puede-tambien-fortalecer-a-los-ninos\/#organizationLogo"},"sameAs":["https:\/\/www.facebook.com\/","https:\/\/x.com\/bercodi","https:\/\/www.instagram.com\/","https:\/\/www.youtube.com\/channel\/UCZP-2wLEB9Rv6erhFmqVnvg"]},{"@type":"Person","@id":"https:\/\/eldigitaldeasturias.com\/radio\/author\/nbasturias\/#author","url":"https:\/\/eldigitaldeasturias.com\/radio\/author\/nbasturias\/","name":"NBAsturias","image":{"@type":"ImageObject","@id":"https:\/\/eldigitaldeasturias.com\/radio\/expertos-crisis-de-coronavirus-puede-tambien-fortalecer-a-los-ninos\/#authorImage","url":"https:\/\/secure.gravatar.com\/avatar\/df2aeffc32bcd13f8d26072ef8a91b623d677766deac7f97ca815868cd41bf5e?s=96&d=mm&r=g","width":96,"height":96,"caption":"NBAsturias"}},{"@type":"WebPage","@id":"https:\/\/eldigitaldeasturias.com\/radio\/expertos-crisis-de-coronavirus-puede-tambien-fortalecer-a-los-ninos\/#webpage","url":"https:\/\/eldigitaldeasturias.com\/radio\/expertos-crisis-de-coronavirus-puede-tambien-fortalecer-a-los-ninos\/","name":"Expertos: Crisis de coronavirus puede tambi\u00e9n fortalecer a los ni\u00f1os | El Digital de Asturias","description":"Berl\u00edn, 16 abr (dpa) - Tambi\u00e9n los m\u00e1s peque\u00f1os sufren por la crisis del coronavirus. Muchos ni\u00f1os lloran porque no pueden ver a sus amigos o parientes o porque no se les permite ir a la guarder\u00eda. Pero seg\u00fan Silvia Schneider, profesora de psicoterapia infantil y juvenil en la Universidad de Bochum, en Alemania, la","inLanguage":"es-ES","isPartOf":{"@id":"https:\/\/eldigitaldeasturias.com\/radio\/#website"},"breadcrumb":{"@id":"https:\/\/eldigitaldeasturias.com\/radio\/expertos-crisis-de-coronavirus-puede-tambien-fortalecer-a-los-ninos\/#breadcrumblist"},"author":{"@id":"https:\/\/eldigitaldeasturias.com\/radio\/author\/nbasturias\/#author"},"creator":{"@id":"https:\/\/eldigitaldeasturias.com\/radio\/author\/nbasturias\/#author"},"image":{"@type":"ImageObject","url":"https:\/\/eldigitaldeasturias.com\/radio\/wp-content\/uploads\/2020\/04\/covid-19-4960246_640.jpg","@id":"https:\/\/eldigitaldeasturias.com\/radio\/expertos-crisis-de-coronavirus-puede-tambien-fortalecer-a-los-ninos\/#mainImage","width":640,"height":344},"primaryImageOfPage":{"@id":"https:\/\/eldigitaldeasturias.com\/radio\/expertos-crisis-de-coronavirus-puede-tambien-fortalecer-a-los-ninos\/#mainImage"},"datePublished":"2020-04-18T09:44:54+02:00","dateModified":"2020-04-18T09:44:54+02:00"},{"@type":"WebSite","@id":"https:\/\/eldigitaldeasturias.com\/radio\/#website","url":"https:\/\/eldigitaldeasturias.com\/radio\/","name":"El Digital de Asturias","description":"Diario de informaci\u00f3n y noticias","inLanguage":"es-ES","publisher":{"@id":"https:\/\/eldigitaldeasturias.com\/radio\/#organization"}}]},"og:locale":"es_ES","og:site_name":"El Digital de Asturias | Diario de informaci\u00f3n y noticias","og:type":"article","og:title":"Expertos: Crisis de coronavirus puede tambi\u00e9n fortalecer a los ni\u00f1os | El Digital de Asturias","og:description":"Berl\u00edn, 16 abr (dpa) - Tambi\u00e9n los m\u00e1s peque\u00f1os sufren por la crisis del coronavirus. Muchos ni\u00f1os lloran porque no pueden ver a sus amigos o parientes o porque no se les permite ir a la guarder\u00eda. Pero seg\u00fan Silvia Schneider, profesora de psicoterapia infantil y juvenil en la Universidad de Bochum, en Alemania, la","og:url":"https:\/\/eldigitaldeasturias.com\/radio\/expertos-crisis-de-coronavirus-puede-tambien-fortalecer-a-los-ninos\/","og:image":"https:\/\/eldigitaldeasturias.com\/radio\/wp-content\/uploads\/2020\/04\/covid-19-4960246_640.jpg","og:image:secure_url":"https:\/\/eldigitaldeasturias.com\/radio\/wp-content\/uploads\/2020\/04\/covid-19-4960246_640.jpg","og:image:width":640,"og:image:height":344,"article:published_time":"2020-04-18T09:44:54+00:00","article:modified_time":"2020-04-18T09:44:54+00:00","twitter:card":"summary_large_image","twitter:site":"@bercodi","twitter:title":"Expertos: Crisis de coronavirus puede tambi\u00e9n fortalecer a los ni\u00f1os | El Digital de Asturias","twitter:description":"Berl\u00edn, 16 abr (dpa) - Tambi\u00e9n los m\u00e1s peque\u00f1os sufren por la crisis del coronavirus. Muchos ni\u00f1os lloran porque no pueden ver a sus amigos o parientes o porque no se les permite ir a la guarder\u00eda. Pero seg\u00fan Silvia Schneider, profesora de psicoterapia infantil y juvenil en la Universidad de Bochum, en Alemania, la","twitter:creator":"@bercodi","twitter:image":"https:\/\/eldigitaldeasturias.com\/radio\/wp-content\/uploads\/2020\/04\/covid-19-4960246_640.jpg"},"aioseo_meta_data":{"post_id":"4109","title":null,"description":null,"keywords":null,"keyphrases":null,"primary_term":null,"canonical_url":null,"og_title":null,"og_description":null,"og_object_type":"default","og_image_type":"default","og_image_url":null,"og_image_width":null,"og_image_height":null,"og_image_custom_url":null,"og_image_custom_fields":null,"og_video":null,"og_custom_url":null,"og_article_section":null,"og_article_tags":null,"twitter_use_og":false,"twitter_card":"default","twitter_image_type":"default","twitter_image_url":null,"twitter_image_custom_url":null,"twitter_image_custom_fields":null,"twitter_title":null,"twitter_description":null,"schema":{"blockGraphs":[],"customGraphs":[],"default":{"data":{"Article":[],"Course":[],"Dataset":[],"FAQPage":[],"Movie":[],"Person":[],"Product":[],"ProductReview":[],"Car":[],"Recipe":[],"Service":[],"SoftwareApplication":[],"WebPage":[]},"graphName":"","isEnabled":true},"graphs":[],"defaultGraph":"","defaultPostTypeGraph":""},"schema_type":null,"schema_type_options":null,"pillar_content":false,"robots_default":true,"robots_noindex":false,"robots_noarchive":false,"robots_nosnippet":false,"robots_nofollow":false,"robots_noimageindex":false,"robots_noodp":false,"robots_notranslate":false,"robots_max_snippet":null,"robots_max_videopreview":null,"robots_max_imagepreview":"large","priority":null,"frequency":null,"location":null,"local_seo":null,"seo_analyzer_scan_date":"2025-08-28 15:20:36","breadcrumb_settings":null,"limit_modified_date":false,"open_ai":null,"ai":null,"created":"2021-03-25 16:16:11","updated":"2025-08-28 15:20:36"},"aioseo_breadcrumb":"<div class=\"aioseo-breadcrumbs\"><span class=\"aioseo-breadcrumb\">\n\t<a href=\"https:\/\/eldigitaldeasturias.com\/radio\" title=\"Inicio\">Inicio<\/a>\n<\/span><span class=\"aioseo-breadcrumb-separator\">&ndash;<\/span><span class=\"aioseo-breadcrumb\">\n\t<a href=\"https:\/\/eldigitaldeasturias.com\/radio\/category\/noticias\/\" title=\"Noticias\">Noticias<\/a>\n<\/span><span class=\"aioseo-breadcrumb-separator\">&ndash;<\/span><span class=\"aioseo-breadcrumb\">\n\tExpertos: Crisis de coronavirus puede tambi\u00e9n fortalecer a los ni\u00f1os\n<\/span><\/div>","aioseo_breadcrumb_json":[{"label":"Inicio","link":"https:\/\/eldigitaldeasturias.com\/radio"},{"label":"Noticias","link":"https:\/\/eldigitaldeasturias.com\/radio\/category\/noticias\/"},{"label":"Expertos: Crisis de coronavirus puede tambi\u00e9n fortalecer a los ni\u00f1os","link":"https:\/\/eldigitaldeasturias.com\/radio\/expertos-crisis-de-coronavirus-puede-tambien-fortalecer-a-los-ninos\/"}],"_links":{"self":[{"href":"https:\/\/eldigitaldeasturias.com\/radio\/wp-json\/wp\/v2\/posts\/4109","targetHints":{"allow":["GET"]}}],"collection":[{"href":"https:\/\/eldigitaldeasturias.com\/radio\/wp-json\/wp\/v2\/posts"}],"about":[{"href":"https:\/\/eldigitaldeasturias.com\/radio\/wp-json\/wp\/v2\/types\/post"}],"author":[{"embeddable":true,"href":"https:\/\/eldigitaldeasturias.com\/radio\/wp-json\/wp\/v2\/users\/1"}],"replies":[{"embeddable":true,"href":"https:\/\/eldigitaldeasturias.com\/radio\/wp-json\/wp\/v2\/comments?post=4109"}],"version-history":[{"count":0,"href":"https:\/\/eldigitaldeasturias.com\/radio\/wp-json\/wp\/v2\/posts\/4109\/revisions"}],"wp:featuredmedia":[{"embeddable":true,"href":"https:\/\/eldigitaldeasturias.com\/radio\/wp-json\/wp\/v2\/media\/4110"}],"wp:attachment":[{"href":"https:\/\/eldigitaldeasturias.com\/radio\/wp-json\/wp\/v2\/media?parent=4109"}],"wp:term":[{"taxonomy":"category","embeddable":true,"href":"https:\/\/eldigitaldeasturias.com\/radio\/wp-json\/wp\/v2\/categories?post=4109"},{"taxonomy":"post_tag","embeddable":true,"href":"https:\/\/eldigitaldeasturias.com\/radio\/wp-json\/wp\/v2\/tags?post=4109"}],"curies":[{"name":"wp","href":"https:\/\/api.w.org\/{rel}","templated":true}]}}