{"id":4106,"date":"2020-04-16T00:21:47","date_gmt":"2020-04-16T00:21:47","guid":{"rendered":"http:\/\/www.eldigitaldeasturias.com\/radio\/?p=4106"},"modified":"2020-04-16T00:21:47","modified_gmt":"2020-04-16T00:21:47","slug":"zverev-cree-que-pausa-por-el-covid-19-beneficia-a-los-astros","status":"publish","type":"post","link":"https:\/\/eldigitaldeasturias.com\/radio\/zverev-cree-que-pausa-por-el-covid-19-beneficia-a-los-astros\/","title":{"rendered":"Zverev cree que pausa por el Covid-19 beneficia a los astros"},"content":{"rendered":"<p><img fetchpriority=\"high\" decoding=\"async\" class=\"alignleft size-medium wp-image-893\" src=\"http:\/\/www.eldigitaldeasturias.com\/radio\/wp-content\/uploads\/2018\/05\/tennis-923659_960_720-360x270.jpg\" alt=\"\" width=\"360\" height=\"270\" srcset=\"https:\/\/eldigitaldeasturias.com\/radio\/wp-content\/uploads\/2018\/05\/tennis-923659_960_720-360x270.jpg 360w, https:\/\/eldigitaldeasturias.com\/radio\/wp-content\/uploads\/2018\/05\/tennis-923659_960_720-768x576.jpg 768w, https:\/\/eldigitaldeasturias.com\/radio\/wp-content\/uploads\/2018\/05\/tennis-923659_960_720.jpg 960w\" sizes=\"(max-width: 360px) 100vw, 360px\" \/>Tampa (EEUU), 15 abr (dpa) &#8211; El tenista alem\u00e1n Alexander Zverev considera que el esperado relevo generacional entre los mejores tenistas del mundo se postergar\u00e1 debido a la crisis por la pandemia de coronavirus, seg\u00fan declaraciones que publica hoy el diario \u00abSport Bild\u00bb.<\/p>\n<p>Zverev, de 22 a\u00f1os, se\u00f1al\u00f3 que los astros de mayor edad Novak Djokovic, Rafael Nadal y Roger Federer comenzar\u00e1n en mejores condiciones tras la pausa de varios meses en el tenis mundial. \u00abPorque tienen m\u00e1s rutina y saben exactamente lo que deben hacer\u00bb, argument\u00f3 el mejor tenista alem\u00e1n.<\/p>\n<p>Por eso, a\u00f1adi\u00f3, \u00abla pausa es m\u00e1s bien una ventaja para los mayores. Pero estoy seguro de que despu\u00e9s vendr\u00e1 el relevo generacional\u00bb.<\/p>\n<p>El circuito ten\u00edstico est\u00e1 suspendido desde principios de marzo y hasta al menos el 13 de julio. El torneo de Wimbledon se cancel\u00f3 totalmente mientras que el Abierto de Francia se posterg\u00f3 a fines de septiembre, despu\u00e9s del US Open.<\/p>\n<p>Zverev dijo que jugar el Abierto de Francia en Par\u00eds en oto\u00f1o (boreal) ser\u00e1 \u00abraro\u00bb. \u00abPero si se llega a realizar, estar\u00edamos todos felices. Ser\u00eda genial si este a\u00f1o a\u00fan se pudieran jugar dos torneos de Grand Slam\u00bb, agreg\u00f3.<\/p>\n<p>El circuito ten\u00edstico depende de muchos viajes. Por el momento no est\u00e1 claro si el Abierto de Estados Unidos se podr\u00e1 celebrar a fines de agosto tal como est\u00e1 previsto debido a la dram\u00e1tica situaci\u00f3n que la pandemia de coronavirus gener\u00f3 en Nueva York.<\/p>\n<p>Zverev, de origen ruso, a\u00f1adi\u00f3 que aceptar\u00eda jugar sin espectadores al principio. \u00abL\u00f3gicamente jugamos al tenis para los seguidores y los espectadores en el estadio. Pero quiz\u00e1 es mejor que vuelva a haber deporte en vivo por televisi\u00f3n. Eso es mejor que nada\u00bb, opin\u00f3.<\/p>\n<p>El n\u00famero siete del ranking mundial vive con su familia y su equipo actualmente en las cercan\u00edas de Tampa, en Florida, donde tiene a disposici\u00f3n una cancha de tenis y un gimnasio.<\/p>\n<p>El tenista se\u00f1al\u00f3 que ni se plantea reducir la jornada de trabajo de su equipo. \u00abMis empleados trabajan actualmente m\u00e1s de lo habitual\u00bb, dijo.<\/p>\n<p>El joven gan\u00f3 hasta ahora en su carrera ten\u00edstica m\u00e1s de 21 millones de d\u00f3lares en premios.<\/p>\n","protected":false},"excerpt":{"rendered":"<p>Tampa (EEUU), 15 abr (dpa) &#8211; El tenista alem\u00e1n Alexander Zverev considera que el esperado relevo generacional entre los mejores tenistas del mundo se postergar\u00e1 debido a la crisis por la pandemia de coronavirus, seg\u00fan declaraciones que publica hoy el diario \u00abSport Bild\u00bb. Zverev, de 22 a\u00f1os, se\u00f1al\u00f3 que los astros de mayor edad Novak<\/p>\n","protected":false},"author":1,"featured_media":893,"comment_status":"closed","ping_status":"closed","sticky":false,"template":"","format":"standard","meta":{"footnotes":""},"categories":[1],"tags":[],"class_list":{"0":"post-4106","1":"post","2":"type-post","3":"status-publish","4":"format-standard","5":"has-post-thumbnail","7":"category-noticias"},"aioseo_notices":[],"aioseo_head":"\n\t\t<!-- All in One SEO Pro 4.9.6.2 - aioseo.com -->\n\t<meta name=\"description\" content=\"Tampa (EEUU), 15 abr (dpa) - El tenista alem\u00e1n Alexander Zverev considera que el esperado relevo generacional entre los mejores tenistas del mundo se postergar\u00e1 debido a la crisis por la pandemia de coronavirus, seg\u00fan declaraciones que publica hoy el diario &quot;Sport Bild&quot;. Zverev, de 22 a\u00f1os, se\u00f1al\u00f3 que los astros de mayor edad Novak\" \/>\n\t<meta name=\"robots\" content=\"max-image-preview:large\" \/>\n\t<meta name=\"author\" content=\"NBAsturias\"\/>\n\t<meta name=\"google-site-verification\" content=\"UA-38556648-1\" \/>\n\t<meta name=\"keywords\" content=\"noticias\" \/>\n\t<link rel=\"canonical\" href=\"https:\/\/eldigitaldeasturias.com\/radio\/zverev-cree-que-pausa-por-el-covid-19-beneficia-a-los-astros\/\" \/>\n\t<meta name=\"generator\" content=\"All in One SEO Pro (AIOSEO) 4.9.6.2\" \/>\n\t\t<meta property=\"og:locale\" content=\"es_ES\" \/>\n\t\t<meta property=\"og:site_name\" content=\"El Digital de Asturias | Diario de informaci\u00f3n y noticias\" \/>\n\t\t<meta property=\"og:type\" content=\"article\" \/>\n\t\t<meta property=\"og:title\" content=\"Zverev cree que pausa por el Covid-19 beneficia a los astros | El Digital de Asturias\" \/>\n\t\t<meta property=\"og:description\" content=\"Tampa (EEUU), 15 abr (dpa) - El tenista alem\u00e1n Alexander Zverev considera que el esperado relevo generacional entre los mejores tenistas del mundo se postergar\u00e1 debido a la crisis por la pandemia de coronavirus, seg\u00fan declaraciones que publica hoy el diario &quot;Sport Bild&quot;. Zverev, de 22 a\u00f1os, se\u00f1al\u00f3 que los astros de mayor edad Novak\" \/>\n\t\t<meta property=\"og:url\" content=\"https:\/\/eldigitaldeasturias.com\/radio\/zverev-cree-que-pausa-por-el-covid-19-beneficia-a-los-astros\/\" \/>\n\t\t<meta property=\"og:image\" content=\"https:\/\/eldigitaldeasturias.com\/radio\/wp-content\/uploads\/2018\/05\/tennis-923659_960_720.jpg\" \/>\n\t\t<meta property=\"og:image:secure_url\" content=\"https:\/\/eldigitaldeasturias.com\/radio\/wp-content\/uploads\/2018\/05\/tennis-923659_960_720.jpg\" \/>\n\t\t<meta property=\"og:image:width\" content=\"960\" \/>\n\t\t<meta property=\"og:image:height\" content=\"720\" \/>\n\t\t<meta property=\"article:published_time\" content=\"2020-04-16T00:21:47+00:00\" \/>\n\t\t<meta property=\"article:modified_time\" content=\"2020-04-16T00:21:47+00:00\" \/>\n\t\t<meta name=\"twitter:card\" content=\"summary_large_image\" \/>\n\t\t<meta name=\"twitter:site\" content=\"@bercodi\" \/>\n\t\t<meta name=\"twitter:title\" content=\"Zverev cree que pausa por el Covid-19 beneficia a los astros | El Digital de Asturias\" \/>\n\t\t<meta name=\"twitter:description\" content=\"Tampa (EEUU), 15 abr (dpa) - El tenista alem\u00e1n Alexander Zverev considera que el esperado relevo generacional entre los mejores tenistas del mundo se postergar\u00e1 debido a la crisis por la pandemia de coronavirus, seg\u00fan declaraciones que publica hoy el diario &quot;Sport Bild&quot;. Zverev, de 22 a\u00f1os, se\u00f1al\u00f3 que los astros de mayor edad Novak\" \/>\n\t\t<meta name=\"twitter:creator\" content=\"@bercodi\" \/>\n\t\t<meta name=\"twitter:image\" content=\"https:\/\/eldigitaldeasturias.com\/radio\/wp-content\/uploads\/2018\/05\/tennis-923659_960_720.jpg\" \/>\n\t\t<script type=\"application\/ld+json\" class=\"aioseo-schema\">\n\t\t\t{\"@context\":\"https:\\\/\\\/schema.org\",\"@graph\":[{\"@type\":\"BreadcrumbList\",\"@id\":\"https:\\\/\\\/eldigitaldeasturias.com\\\/radio\\\/zverev-cree-que-pausa-por-el-covid-19-beneficia-a-los-astros\\\/#breadcrumblist\",\"itemListElement\":[{\"@type\":\"ListItem\",\"@id\":\"https:\\\/\\\/eldigitaldeasturias.com\\\/radio#listItem\",\"position\":1,\"name\":\"Inicio\",\"item\":\"https:\\\/\\\/eldigitaldeasturias.com\\\/radio\",\"nextItem\":{\"@type\":\"ListItem\",\"@id\":\"https:\\\/\\\/eldigitaldeasturias.com\\\/radio\\\/category\\\/noticias\\\/#listItem\",\"name\":\"Noticias\"}},{\"@type\":\"ListItem\",\"@id\":\"https:\\\/\\\/eldigitaldeasturias.com\\\/radio\\\/category\\\/noticias\\\/#listItem\",\"position\":2,\"name\":\"Noticias\",\"item\":\"https:\\\/\\\/eldigitaldeasturias.com\\\/radio\\\/category\\\/noticias\\\/\",\"nextItem\":{\"@type\":\"ListItem\",\"@id\":\"https:\\\/\\\/eldigitaldeasturias.com\\\/radio\\\/zverev-cree-que-pausa-por-el-covid-19-beneficia-a-los-astros\\\/#listItem\",\"name\":\"Zverev cree que pausa por el Covid-19 beneficia a los astros\"},\"previousItem\":{\"@type\":\"ListItem\",\"@id\":\"https:\\\/\\\/eldigitaldeasturias.com\\\/radio#listItem\",\"name\":\"Inicio\"}},{\"@type\":\"ListItem\",\"@id\":\"https:\\\/\\\/eldigitaldeasturias.com\\\/radio\\\/zverev-cree-que-pausa-por-el-covid-19-beneficia-a-los-astros\\\/#listItem\",\"position\":3,\"name\":\"Zverev cree que pausa por el Covid-19 beneficia a los astros\",\"previousItem\":{\"@type\":\"ListItem\",\"@id\":\"https:\\\/\\\/eldigitaldeasturias.com\\\/radio\\\/category\\\/noticias\\\/#listItem\",\"name\":\"Noticias\"}}]},{\"@type\":\"NewsArticle\",\"@id\":\"https:\\\/\\\/eldigitaldeasturias.com\\\/radio\\\/zverev-cree-que-pausa-por-el-covid-19-beneficia-a-los-astros\\\/#newsarticle\",\"name\":\"Zverev cree que pausa por el Covid-19 beneficia a los astros | El Digital de Asturias\",\"headline\":\"Zverev cree que pausa por el Covid-19 beneficia a los astros\",\"author\":{\"@id\":\"https:\\\/\\\/eldigitaldeasturias.com\\\/radio\\\/author\\\/nbasturias\\\/#author\"},\"publisher\":{\"@id\":\"https:\\\/\\\/eldigitaldeasturias.com\\\/radio\\\/#organization\"},\"image\":{\"@type\":\"ImageObject\",\"url\":\"https:\\\/\\\/eldigitaldeasturias.com\\\/radio\\\/wp-content\\\/uploads\\\/2018\\\/05\\\/tennis-923659_960_720.jpg\",\"width\":960,\"height\":720},\"datePublished\":\"2020-04-16T00:21:47+02:00\",\"dateModified\":\"2020-04-16T00:21:47+02:00\",\"inLanguage\":\"es-ES\",\"mainEntityOfPage\":{\"@id\":\"https:\\\/\\\/eldigitaldeasturias.com\\\/radio\\\/zverev-cree-que-pausa-por-el-covid-19-beneficia-a-los-astros\\\/#webpage\"},\"isPartOf\":{\"@id\":\"https:\\\/\\\/eldigitaldeasturias.com\\\/radio\\\/zverev-cree-que-pausa-por-el-covid-19-beneficia-a-los-astros\\\/#webpage\"},\"articleSection\":\"Noticias\",\"dateline\":\"Publicado el abril 16, 2020.\"},{\"@type\":\"Organization\",\"@id\":\"https:\\\/\\\/eldigitaldeasturias.com\\\/radio\\\/#organization\",\"name\":\"El digital de Asturias Radio\",\"description\":\"Diario de informaci\\u00f3n y noticias\",\"url\":\"https:\\\/\\\/eldigitaldeasturias.com\\\/radio\\\/\",\"telephone\":\"+34652131393\",\"logo\":{\"@type\":\"ImageObject\",\"url\":\"https:\\\/\\\/www.eldigitaldeasturias.com\\\/radio\\\/wp-content\\\/uploads\\\/2021\\\/03\\\/EDA.jpg\",\"@id\":\"https:\\\/\\\/eldigitaldeasturias.com\\\/radio\\\/zverev-cree-que-pausa-por-el-covid-19-beneficia-a-los-astros\\\/#organizationLogo\"},\"image\":{\"@id\":\"https:\\\/\\\/eldigitaldeasturias.com\\\/radio\\\/zverev-cree-que-pausa-por-el-covid-19-beneficia-a-los-astros\\\/#organizationLogo\"},\"sameAs\":[\"https:\\\/\\\/www.facebook.com\\\/\",\"https:\\\/\\\/x.com\\\/bercodi\",\"https:\\\/\\\/www.instagram.com\\\/\",\"https:\\\/\\\/www.youtube.com\\\/channel\\\/UCZP-2wLEB9Rv6erhFmqVnvg\"]},{\"@type\":\"Person\",\"@id\":\"https:\\\/\\\/eldigitaldeasturias.com\\\/radio\\\/author\\\/nbasturias\\\/#author\",\"url\":\"https:\\\/\\\/eldigitaldeasturias.com\\\/radio\\\/author\\\/nbasturias\\\/\",\"name\":\"NBAsturias\",\"image\":{\"@type\":\"ImageObject\",\"@id\":\"https:\\\/\\\/eldigitaldeasturias.com\\\/radio\\\/zverev-cree-que-pausa-por-el-covid-19-beneficia-a-los-astros\\\/#authorImage\",\"url\":\"https:\\\/\\\/secure.gravatar.com\\\/avatar\\\/df2aeffc32bcd13f8d26072ef8a91b623d677766deac7f97ca815868cd41bf5e?s=96&d=mm&r=g\",\"width\":96,\"height\":96,\"caption\":\"NBAsturias\"}},{\"@type\":\"WebPage\",\"@id\":\"https:\\\/\\\/eldigitaldeasturias.com\\\/radio\\\/zverev-cree-que-pausa-por-el-covid-19-beneficia-a-los-astros\\\/#webpage\",\"url\":\"https:\\\/\\\/eldigitaldeasturias.com\\\/radio\\\/zverev-cree-que-pausa-por-el-covid-19-beneficia-a-los-astros\\\/\",\"name\":\"Zverev cree que pausa por el Covid-19 beneficia a los astros | El Digital de Asturias\",\"description\":\"Tampa (EEUU), 15 abr (dpa) - El tenista alem\\u00e1n Alexander Zverev considera que el esperado relevo generacional entre los mejores tenistas del mundo se postergar\\u00e1 debido a la crisis por la pandemia de coronavirus, seg\\u00fan declaraciones que publica hoy el diario \\\"Sport Bild\\\". Zverev, de 22 a\\u00f1os, se\\u00f1al\\u00f3 que los astros de mayor edad Novak\",\"inLanguage\":\"es-ES\",\"isPartOf\":{\"@id\":\"https:\\\/\\\/eldigitaldeasturias.com\\\/radio\\\/#website\"},\"breadcrumb\":{\"@id\":\"https:\\\/\\\/eldigitaldeasturias.com\\\/radio\\\/zverev-cree-que-pausa-por-el-covid-19-beneficia-a-los-astros\\\/#breadcrumblist\"},\"author\":{\"@id\":\"https:\\\/\\\/eldigitaldeasturias.com\\\/radio\\\/author\\\/nbasturias\\\/#author\"},\"creator\":{\"@id\":\"https:\\\/\\\/eldigitaldeasturias.com\\\/radio\\\/author\\\/nbasturias\\\/#author\"},\"image\":{\"@type\":\"ImageObject\",\"url\":\"https:\\\/\\\/eldigitaldeasturias.com\\\/radio\\\/wp-content\\\/uploads\\\/2018\\\/05\\\/tennis-923659_960_720.jpg\",\"@id\":\"https:\\\/\\\/eldigitaldeasturias.com\\\/radio\\\/zverev-cree-que-pausa-por-el-covid-19-beneficia-a-los-astros\\\/#mainImage\",\"width\":960,\"height\":720},\"primaryImageOfPage\":{\"@id\":\"https:\\\/\\\/eldigitaldeasturias.com\\\/radio\\\/zverev-cree-que-pausa-por-el-covid-19-beneficia-a-los-astros\\\/#mainImage\"},\"datePublished\":\"2020-04-16T00:21:47+02:00\",\"dateModified\":\"2020-04-16T00:21:47+02:00\"},{\"@type\":\"WebSite\",\"@id\":\"https:\\\/\\\/eldigitaldeasturias.com\\\/radio\\\/#website\",\"url\":\"https:\\\/\\\/eldigitaldeasturias.com\\\/radio\\\/\",\"name\":\"El Digital de Asturias\",\"description\":\"Diario de informaci\\u00f3n y noticias\",\"inLanguage\":\"es-ES\",\"publisher\":{\"@id\":\"https:\\\/\\\/eldigitaldeasturias.com\\\/radio\\\/#organization\"}}]}\n\t\t<\/script>\n\t\t<!-- All in One SEO Pro -->\r\n\t\t<title>Zverev cree que pausa por el Covid-19 beneficia a los astros | El Digital de Asturias<\/title>\n\n","aioseo_head_json":{"title":"Zverev cree que pausa por el Covid-19 beneficia a los astros | El Digital de Asturias","description":"Tampa (EEUU), 15 abr (dpa) - El tenista alem\u00e1n Alexander Zverev considera que el esperado relevo generacional entre los mejores tenistas del mundo se postergar\u00e1 debido a la crisis por la pandemia de coronavirus, seg\u00fan declaraciones que publica hoy el diario \"Sport Bild\". Zverev, de 22 a\u00f1os, se\u00f1al\u00f3 que los astros de mayor edad Novak","canonical_url":"https:\/\/eldigitaldeasturias.com\/radio\/zverev-cree-que-pausa-por-el-covid-19-beneficia-a-los-astros\/","robots":"max-image-preview:large","keywords":"noticias","webmasterTools":{"google-site-verification":"UA-38556648-1","miscellaneous":""},"schema":{"@context":"https:\/\/schema.org","@graph":[{"@type":"BreadcrumbList","@id":"https:\/\/eldigitaldeasturias.com\/radio\/zverev-cree-que-pausa-por-el-covid-19-beneficia-a-los-astros\/#breadcrumblist","itemListElement":[{"@type":"ListItem","@id":"https:\/\/eldigitaldeasturias.com\/radio#listItem","position":1,"name":"Inicio","item":"https:\/\/eldigitaldeasturias.com\/radio","nextItem":{"@type":"ListItem","@id":"https:\/\/eldigitaldeasturias.com\/radio\/category\/noticias\/#listItem","name":"Noticias"}},{"@type":"ListItem","@id":"https:\/\/eldigitaldeasturias.com\/radio\/category\/noticias\/#listItem","position":2,"name":"Noticias","item":"https:\/\/eldigitaldeasturias.com\/radio\/category\/noticias\/","nextItem":{"@type":"ListItem","@id":"https:\/\/eldigitaldeasturias.com\/radio\/zverev-cree-que-pausa-por-el-covid-19-beneficia-a-los-astros\/#listItem","name":"Zverev cree que pausa por el Covid-19 beneficia a los astros"},"previousItem":{"@type":"ListItem","@id":"https:\/\/eldigitaldeasturias.com\/radio#listItem","name":"Inicio"}},{"@type":"ListItem","@id":"https:\/\/eldigitaldeasturias.com\/radio\/zverev-cree-que-pausa-por-el-covid-19-beneficia-a-los-astros\/#listItem","position":3,"name":"Zverev cree que pausa por el Covid-19 beneficia a los astros","previousItem":{"@type":"ListItem","@id":"https:\/\/eldigitaldeasturias.com\/radio\/category\/noticias\/#listItem","name":"Noticias"}}]},{"@type":"NewsArticle","@id":"https:\/\/eldigitaldeasturias.com\/radio\/zverev-cree-que-pausa-por-el-covid-19-beneficia-a-los-astros\/#newsarticle","name":"Zverev cree que pausa por el Covid-19 beneficia a los astros | El Digital de Asturias","headline":"Zverev cree que pausa por el Covid-19 beneficia a los astros","author":{"@id":"https:\/\/eldigitaldeasturias.com\/radio\/author\/nbasturias\/#author"},"publisher":{"@id":"https:\/\/eldigitaldeasturias.com\/radio\/#organization"},"image":{"@type":"ImageObject","url":"https:\/\/eldigitaldeasturias.com\/radio\/wp-content\/uploads\/2018\/05\/tennis-923659_960_720.jpg","width":960,"height":720},"datePublished":"2020-04-16T00:21:47+02:00","dateModified":"2020-04-16T00:21:47+02:00","inLanguage":"es-ES","mainEntityOfPage":{"@id":"https:\/\/eldigitaldeasturias.com\/radio\/zverev-cree-que-pausa-por-el-covid-19-beneficia-a-los-astros\/#webpage"},"isPartOf":{"@id":"https:\/\/eldigitaldeasturias.com\/radio\/zverev-cree-que-pausa-por-el-covid-19-beneficia-a-los-astros\/#webpage"},"articleSection":"Noticias","dateline":"Publicado el abril 16, 2020."},{"@type":"Organization","@id":"https:\/\/eldigitaldeasturias.com\/radio\/#organization","name":"El digital de Asturias Radio","description":"Diario de informaci\u00f3n y noticias","url":"https:\/\/eldigitaldeasturias.com\/radio\/","telephone":"+34652131393","logo":{"@type":"ImageObject","url":"https:\/\/www.eldigitaldeasturias.com\/radio\/wp-content\/uploads\/2021\/03\/EDA.jpg","@id":"https:\/\/eldigitaldeasturias.com\/radio\/zverev-cree-que-pausa-por-el-covid-19-beneficia-a-los-astros\/#organizationLogo"},"image":{"@id":"https:\/\/eldigitaldeasturias.com\/radio\/zverev-cree-que-pausa-por-el-covid-19-beneficia-a-los-astros\/#organizationLogo"},"sameAs":["https:\/\/www.facebook.com\/","https:\/\/x.com\/bercodi","https:\/\/www.instagram.com\/","https:\/\/www.youtube.com\/channel\/UCZP-2wLEB9Rv6erhFmqVnvg"]},{"@type":"Person","@id":"https:\/\/eldigitaldeasturias.com\/radio\/author\/nbasturias\/#author","url":"https:\/\/eldigitaldeasturias.com\/radio\/author\/nbasturias\/","name":"NBAsturias","image":{"@type":"ImageObject","@id":"https:\/\/eldigitaldeasturias.com\/radio\/zverev-cree-que-pausa-por-el-covid-19-beneficia-a-los-astros\/#authorImage","url":"https:\/\/secure.gravatar.com\/avatar\/df2aeffc32bcd13f8d26072ef8a91b623d677766deac7f97ca815868cd41bf5e?s=96&d=mm&r=g","width":96,"height":96,"caption":"NBAsturias"}},{"@type":"WebPage","@id":"https:\/\/eldigitaldeasturias.com\/radio\/zverev-cree-que-pausa-por-el-covid-19-beneficia-a-los-astros\/#webpage","url":"https:\/\/eldigitaldeasturias.com\/radio\/zverev-cree-que-pausa-por-el-covid-19-beneficia-a-los-astros\/","name":"Zverev cree que pausa por el Covid-19 beneficia a los astros | El Digital de Asturias","description":"Tampa (EEUU), 15 abr (dpa) - El tenista alem\u00e1n Alexander Zverev considera que el esperado relevo generacional entre los mejores tenistas del mundo se postergar\u00e1 debido a la crisis por la pandemia de coronavirus, seg\u00fan declaraciones que publica hoy el diario \"Sport Bild\". Zverev, de 22 a\u00f1os, se\u00f1al\u00f3 que los astros de mayor edad Novak","inLanguage":"es-ES","isPartOf":{"@id":"https:\/\/eldigitaldeasturias.com\/radio\/#website"},"breadcrumb":{"@id":"https:\/\/eldigitaldeasturias.com\/radio\/zverev-cree-que-pausa-por-el-covid-19-beneficia-a-los-astros\/#breadcrumblist"},"author":{"@id":"https:\/\/eldigitaldeasturias.com\/radio\/author\/nbasturias\/#author"},"creator":{"@id":"https:\/\/eldigitaldeasturias.com\/radio\/author\/nbasturias\/#author"},"image":{"@type":"ImageObject","url":"https:\/\/eldigitaldeasturias.com\/radio\/wp-content\/uploads\/2018\/05\/tennis-923659_960_720.jpg","@id":"https:\/\/eldigitaldeasturias.com\/radio\/zverev-cree-que-pausa-por-el-covid-19-beneficia-a-los-astros\/#mainImage","width":960,"height":720},"primaryImageOfPage":{"@id":"https:\/\/eldigitaldeasturias.com\/radio\/zverev-cree-que-pausa-por-el-covid-19-beneficia-a-los-astros\/#mainImage"},"datePublished":"2020-04-16T00:21:47+02:00","dateModified":"2020-04-16T00:21:47+02:00"},{"@type":"WebSite","@id":"https:\/\/eldigitaldeasturias.com\/radio\/#website","url":"https:\/\/eldigitaldeasturias.com\/radio\/","name":"El Digital de Asturias","description":"Diario de informaci\u00f3n y noticias","inLanguage":"es-ES","publisher":{"@id":"https:\/\/eldigitaldeasturias.com\/radio\/#organization"}}]},"og:locale":"es_ES","og:site_name":"El Digital de Asturias | Diario de informaci\u00f3n y noticias","og:type":"article","og:title":"Zverev cree que pausa por el Covid-19 beneficia a los astros | El Digital de Asturias","og:description":"Tampa (EEUU), 15 abr (dpa) - El tenista alem\u00e1n Alexander Zverev considera que el esperado relevo generacional entre los mejores tenistas del mundo se postergar\u00e1 debido a la crisis por la pandemia de coronavirus, seg\u00fan declaraciones que publica hoy el diario &quot;Sport Bild&quot;. Zverev, de 22 a\u00f1os, se\u00f1al\u00f3 que los astros de mayor edad Novak","og:url":"https:\/\/eldigitaldeasturias.com\/radio\/zverev-cree-que-pausa-por-el-covid-19-beneficia-a-los-astros\/","og:image":"https:\/\/eldigitaldeasturias.com\/radio\/wp-content\/uploads\/2018\/05\/tennis-923659_960_720.jpg","og:image:secure_url":"https:\/\/eldigitaldeasturias.com\/radio\/wp-content\/uploads\/2018\/05\/tennis-923659_960_720.jpg","og:image:width":960,"og:image:height":720,"article:published_time":"2020-04-16T00:21:47+00:00","article:modified_time":"2020-04-16T00:21:47+00:00","twitter:card":"summary_large_image","twitter:site":"@bercodi","twitter:title":"Zverev cree que pausa por el Covid-19 beneficia a los astros | El Digital de Asturias","twitter:description":"Tampa (EEUU), 15 abr (dpa) - El tenista alem\u00e1n Alexander Zverev considera que el esperado relevo generacional entre los mejores tenistas del mundo se postergar\u00e1 debido a la crisis por la pandemia de coronavirus, seg\u00fan declaraciones que publica hoy el diario &quot;Sport Bild&quot;. Zverev, de 22 a\u00f1os, se\u00f1al\u00f3 que los astros de mayor edad Novak","twitter:creator":"@bercodi","twitter:image":"https:\/\/eldigitaldeasturias.com\/radio\/wp-content\/uploads\/2018\/05\/tennis-923659_960_720.jpg"},"aioseo_meta_data":{"post_id":"4106","title":null,"description":null,"keywords":null,"keyphrases":null,"primary_term":null,"canonical_url":null,"og_title":null,"og_description":null,"og_object_type":"default","og_image_type":"default","og_image_url":null,"og_image_width":null,"og_image_height":null,"og_image_custom_url":null,"og_image_custom_fields":null,"og_video":null,"og_custom_url":null,"og_article_section":null,"og_article_tags":null,"twitter_use_og":false,"twitter_card":"default","twitter_image_type":"default","twitter_image_url":null,"twitter_image_custom_url":null,"twitter_image_custom_fields":null,"twitter_title":null,"twitter_description":null,"schema":{"blockGraphs":[],"customGraphs":[],"default":{"data":{"Article":[],"Course":[],"Dataset":[],"FAQPage":[],"Movie":[],"Person":[],"Product":[],"ProductReview":[],"Car":[],"Recipe":[],"Service":[],"SoftwareApplication":[],"WebPage":[]},"graphName":"","isEnabled":true},"graphs":[],"defaultGraph":"","defaultPostTypeGraph":""},"schema_type":null,"schema_type_options":null,"pillar_content":false,"robots_default":true,"robots_noindex":false,"robots_noarchive":false,"robots_nosnippet":false,"robots_nofollow":false,"robots_noimageindex":false,"robots_noodp":false,"robots_notranslate":false,"robots_max_snippet":null,"robots_max_videopreview":null,"robots_max_imagepreview":"large","priority":null,"frequency":null,"location":null,"local_seo":null,"seo_analyzer_scan_date":"2025-08-28 15:19:28","breadcrumb_settings":null,"limit_modified_date":false,"open_ai":null,"ai":null,"created":"2021-03-28 14:48:13","updated":"2025-08-28 15:19:28"},"aioseo_breadcrumb":"<div class=\"aioseo-breadcrumbs\"><span class=\"aioseo-breadcrumb\">\n\t<a href=\"https:\/\/eldigitaldeasturias.com\/radio\" title=\"Inicio\">Inicio<\/a>\n<\/span><span class=\"aioseo-breadcrumb-separator\">&ndash;<\/span><span class=\"aioseo-breadcrumb\">\n\t<a href=\"https:\/\/eldigitaldeasturias.com\/radio\/category\/noticias\/\" title=\"Noticias\">Noticias<\/a>\n<\/span><span class=\"aioseo-breadcrumb-separator\">&ndash;<\/span><span class=\"aioseo-breadcrumb\">\n\tZverev cree que pausa por el Covid-19 beneficia a los astros\n<\/span><\/div>","aioseo_breadcrumb_json":[{"label":"Inicio","link":"https:\/\/eldigitaldeasturias.com\/radio"},{"label":"Noticias","link":"https:\/\/eldigitaldeasturias.com\/radio\/category\/noticias\/"},{"label":"Zverev cree que pausa por el Covid-19 beneficia a los astros","link":"https:\/\/eldigitaldeasturias.com\/radio\/zverev-cree-que-pausa-por-el-covid-19-beneficia-a-los-astros\/"}],"_links":{"self":[{"href":"https:\/\/eldigitaldeasturias.com\/radio\/wp-json\/wp\/v2\/posts\/4106","targetHints":{"allow":["GET"]}}],"collection":[{"href":"https:\/\/eldigitaldeasturias.com\/radio\/wp-json\/wp\/v2\/posts"}],"about":[{"href":"https:\/\/eldigitaldeasturias.com\/radio\/wp-json\/wp\/v2\/types\/post"}],"author":[{"embeddable":true,"href":"https:\/\/eldigitaldeasturias.com\/radio\/wp-json\/wp\/v2\/users\/1"}],"replies":[{"embeddable":true,"href":"https:\/\/eldigitaldeasturias.com\/radio\/wp-json\/wp\/v2\/comments?post=4106"}],"version-history":[{"count":0,"href":"https:\/\/eldigitaldeasturias.com\/radio\/wp-json\/wp\/v2\/posts\/4106\/revisions"}],"wp:featuredmedia":[{"embeddable":true,"href":"https:\/\/eldigitaldeasturias.com\/radio\/wp-json\/wp\/v2\/media\/893"}],"wp:attachment":[{"href":"https:\/\/eldigitaldeasturias.com\/radio\/wp-json\/wp\/v2\/media?parent=4106"}],"wp:term":[{"taxonomy":"category","embeddable":true,"href":"https:\/\/eldigitaldeasturias.com\/radio\/wp-json\/wp\/v2\/categories?post=4106"},{"taxonomy":"post_tag","embeddable":true,"href":"https:\/\/eldigitaldeasturias.com\/radio\/wp-json\/wp\/v2\/tags?post=4106"}],"curies":[{"name":"wp","href":"https:\/\/api.w.org\/{rel}","templated":true}]}}