{"id":4104,"date":"2020-04-16T00:06:45","date_gmt":"2020-04-16T00:06:45","guid":{"rendered":"http:\/\/www.eldigitaldeasturias.com\/radio\/?p=4104"},"modified":"2020-04-16T00:06:45","modified_gmt":"2020-04-16T00:06:45","slug":"asesor-afirma-que-sane-sigue-interesado-en-pase-al-bayern-munich","status":"publish","type":"post","link":"https:\/\/eldigitaldeasturias.com\/radio\/asesor-afirma-que-sane-sigue-interesado-en-pase-al-bayern-munich\/","title":{"rendered":"Asesor afirma que San\u00e9 sigue interesado en pase al Bayern M\u00fanich"},"content":{"rendered":"<p><img fetchpriority=\"high\" decoding=\"async\" class=\"alignleft size-medium wp-image-812\" src=\"http:\/\/www.eldigitaldeasturias.com\/radio\/wp-content\/uploads\/2018\/04\/arena-1181668_960_720-360x240.jpg\" alt=\"\" width=\"360\" height=\"240\" srcset=\"https:\/\/eldigitaldeasturias.com\/radio\/wp-content\/uploads\/2018\/04\/arena-1181668_960_720-360x240.jpg 360w, https:\/\/eldigitaldeasturias.com\/radio\/wp-content\/uploads\/2018\/04\/arena-1181668_960_720-768x512.jpg 768w, https:\/\/eldigitaldeasturias.com\/radio\/wp-content\/uploads\/2018\/04\/arena-1181668_960_720.jpg 960w\" sizes=\"(max-width: 360px) 100vw, 360px\" \/>M\u00fanich, 15 abr (dpa) &#8211; El internacional alem\u00e1n del Manchester City Leroy San\u00e9 contin\u00faa interesado en un pase al Bayern M\u00fanich de la Bundesliga, seg\u00fan declaraciones del nuevo asesor del futbolista.<\/p>\n<p>El Bayern es el \u00fanico club de Alemania \u00abque Leroy puede imaginarse como siguiente paso en su carrera. \u00c9l ve all\u00ed las condiciones para poder lograr su gran objetivo de ganar la Liga de Campeones\u00bb, cit\u00f3 hoy la revista \u00abSport Bild\u00bb a Damir Smoljan, gerente de la nueva agencia de San\u00e9.<\/p>\n<p>Seg\u00fan la revista, la palabra de San\u00e9 dada en enero de querer cambiar al Bayern M\u00fanich sigue en pie.<\/p>\n<p>La revista deportiva \u00abKicker\u00bb inform\u00f3 recientemente que en el club b\u00e1varo la \u00abtendencia actual va claramente en contra\u00bb de un futuro fichaje del extremo del Manchester City y que eso se debe a que el deseo de San\u00e9 de pasar al M\u00fanich, \u00abseg\u00fan los que le rodean\u00bb, est\u00e1 disminuyendo y que las dudas acerca de la mentalidad de San\u00e9 aumentan.<\/p>\n<p>Smoljan neg\u00f3 ahora esto. \u00abMe parece asombroso c\u00f3mo se puede cuestionar el car\u00e1cter o la mentalidad de Leroy. Se le est\u00e1 cometiendo una injusticia sin raz\u00f3n\u00bb, dijo. \u00abPero me han asegurado que nadie en el Bayern lo hace\u00bb, a\u00f1adi\u00f3.<\/p>\n","protected":false},"excerpt":{"rendered":"<p>M\u00fanich, 15 abr (dpa) &#8211; El internacional alem\u00e1n del Manchester City Leroy San\u00e9 contin\u00faa interesado en un pase al Bayern M\u00fanich de la Bundesliga, seg\u00fan declaraciones del nuevo asesor del futbolista. El Bayern es el \u00fanico club de Alemania \u00abque Leroy puede imaginarse como siguiente paso en su carrera. \u00c9l ve all\u00ed las condiciones para<\/p>\n","protected":false},"author":1,"featured_media":812,"comment_status":"closed","ping_status":"closed","sticky":false,"template":"","format":"standard","meta":{"footnotes":""},"categories":[1],"tags":[],"class_list":{"0":"post-4104","1":"post","2":"type-post","3":"status-publish","4":"format-standard","5":"has-post-thumbnail","7":"category-noticias"},"aioseo_notices":[],"aioseo_head":"\n\t\t<!-- All in One SEO Pro 4.9.6.2 - aioseo.com -->\n\t<meta name=\"description\" content=\"M\u00fanich, 15 abr (dpa) - El internacional alem\u00e1n del Manchester City Leroy San\u00e9 contin\u00faa interesado en un pase al Bayern M\u00fanich de la Bundesliga, seg\u00fan declaraciones del nuevo asesor del futbolista. El Bayern es el \u00fanico club de Alemania &quot;que Leroy puede imaginarse como siguiente paso en su carrera. \u00c9l ve all\u00ed las condiciones para\" \/>\n\t<meta name=\"robots\" content=\"max-image-preview:large\" \/>\n\t<meta name=\"author\" content=\"NBAsturias\"\/>\n\t<meta name=\"google-site-verification\" content=\"UA-38556648-1\" \/>\n\t<meta name=\"keywords\" content=\"noticias\" \/>\n\t<link rel=\"canonical\" href=\"https:\/\/eldigitaldeasturias.com\/radio\/asesor-afirma-que-sane-sigue-interesado-en-pase-al-bayern-munich\/\" \/>\n\t<meta name=\"generator\" content=\"All in One SEO Pro (AIOSEO) 4.9.6.2\" \/>\n\t\t<meta property=\"og:locale\" content=\"es_ES\" \/>\n\t\t<meta property=\"og:site_name\" content=\"El Digital de Asturias | Diario de informaci\u00f3n y noticias\" \/>\n\t\t<meta property=\"og:type\" content=\"article\" \/>\n\t\t<meta property=\"og:title\" content=\"Asesor afirma que San\u00e9 sigue interesado en pase al Bayern M\u00fanich | El Digital de Asturias\" \/>\n\t\t<meta property=\"og:description\" content=\"M\u00fanich, 15 abr (dpa) - El internacional alem\u00e1n del Manchester City Leroy San\u00e9 contin\u00faa interesado en un pase al Bayern M\u00fanich de la Bundesliga, seg\u00fan declaraciones del nuevo asesor del futbolista. El Bayern es el \u00fanico club de Alemania &quot;que Leroy puede imaginarse como siguiente paso en su carrera. \u00c9l ve all\u00ed las condiciones para\" \/>\n\t\t<meta property=\"og:url\" content=\"https:\/\/eldigitaldeasturias.com\/radio\/asesor-afirma-que-sane-sigue-interesado-en-pase-al-bayern-munich\/\" \/>\n\t\t<meta property=\"og:image\" content=\"https:\/\/eldigitaldeasturias.com\/radio\/wp-content\/uploads\/2018\/04\/arena-1181668_960_720.jpg\" \/>\n\t\t<meta property=\"og:image:secure_url\" content=\"https:\/\/eldigitaldeasturias.com\/radio\/wp-content\/uploads\/2018\/04\/arena-1181668_960_720.jpg\" \/>\n\t\t<meta property=\"og:image:width\" content=\"960\" \/>\n\t\t<meta property=\"og:image:height\" content=\"640\" \/>\n\t\t<meta property=\"article:published_time\" content=\"2020-04-16T00:06:45+00:00\" \/>\n\t\t<meta property=\"article:modified_time\" content=\"2020-04-16T00:06:45+00:00\" \/>\n\t\t<meta name=\"twitter:card\" content=\"summary_large_image\" \/>\n\t\t<meta name=\"twitter:site\" content=\"@bercodi\" \/>\n\t\t<meta name=\"twitter:title\" content=\"Asesor afirma que San\u00e9 sigue interesado en pase al Bayern M\u00fanich | El Digital de Asturias\" \/>\n\t\t<meta name=\"twitter:description\" content=\"M\u00fanich, 15 abr (dpa) - El internacional alem\u00e1n del Manchester City Leroy San\u00e9 contin\u00faa interesado en un pase al Bayern M\u00fanich de la Bundesliga, seg\u00fan declaraciones del nuevo asesor del futbolista. El Bayern es el \u00fanico club de Alemania &quot;que Leroy puede imaginarse como siguiente paso en su carrera. \u00c9l ve all\u00ed las condiciones para\" \/>\n\t\t<meta name=\"twitter:creator\" content=\"@bercodi\" \/>\n\t\t<meta name=\"twitter:image\" content=\"https:\/\/eldigitaldeasturias.com\/radio\/wp-content\/uploads\/2018\/04\/arena-1181668_960_720.jpg\" \/>\n\t\t<script type=\"application\/ld+json\" class=\"aioseo-schema\">\n\t\t\t{\"@context\":\"https:\\\/\\\/schema.org\",\"@graph\":[{\"@type\":\"BreadcrumbList\",\"@id\":\"https:\\\/\\\/eldigitaldeasturias.com\\\/radio\\\/asesor-afirma-que-sane-sigue-interesado-en-pase-al-bayern-munich\\\/#breadcrumblist\",\"itemListElement\":[{\"@type\":\"ListItem\",\"@id\":\"https:\\\/\\\/eldigitaldeasturias.com\\\/radio#listItem\",\"position\":1,\"name\":\"Inicio\",\"item\":\"https:\\\/\\\/eldigitaldeasturias.com\\\/radio\",\"nextItem\":{\"@type\":\"ListItem\",\"@id\":\"https:\\\/\\\/eldigitaldeasturias.com\\\/radio\\\/category\\\/noticias\\\/#listItem\",\"name\":\"Noticias\"}},{\"@type\":\"ListItem\",\"@id\":\"https:\\\/\\\/eldigitaldeasturias.com\\\/radio\\\/category\\\/noticias\\\/#listItem\",\"position\":2,\"name\":\"Noticias\",\"item\":\"https:\\\/\\\/eldigitaldeasturias.com\\\/radio\\\/category\\\/noticias\\\/\",\"nextItem\":{\"@type\":\"ListItem\",\"@id\":\"https:\\\/\\\/eldigitaldeasturias.com\\\/radio\\\/asesor-afirma-que-sane-sigue-interesado-en-pase-al-bayern-munich\\\/#listItem\",\"name\":\"Asesor afirma que San\\u00e9 sigue interesado en pase al Bayern M\\u00fanich\"},\"previousItem\":{\"@type\":\"ListItem\",\"@id\":\"https:\\\/\\\/eldigitaldeasturias.com\\\/radio#listItem\",\"name\":\"Inicio\"}},{\"@type\":\"ListItem\",\"@id\":\"https:\\\/\\\/eldigitaldeasturias.com\\\/radio\\\/asesor-afirma-que-sane-sigue-interesado-en-pase-al-bayern-munich\\\/#listItem\",\"position\":3,\"name\":\"Asesor afirma que San\\u00e9 sigue interesado en pase al Bayern M\\u00fanich\",\"previousItem\":{\"@type\":\"ListItem\",\"@id\":\"https:\\\/\\\/eldigitaldeasturias.com\\\/radio\\\/category\\\/noticias\\\/#listItem\",\"name\":\"Noticias\"}}]},{\"@type\":\"NewsArticle\",\"@id\":\"https:\\\/\\\/eldigitaldeasturias.com\\\/radio\\\/asesor-afirma-que-sane-sigue-interesado-en-pase-al-bayern-munich\\\/#newsarticle\",\"name\":\"Asesor afirma que San\\u00e9 sigue interesado en pase al Bayern M\\u00fanich | El Digital de Asturias\",\"headline\":\"Asesor afirma que San\\u00e9 sigue interesado en pase al Bayern M\\u00fanich\",\"author\":{\"@id\":\"https:\\\/\\\/eldigitaldeasturias.com\\\/radio\\\/author\\\/nbasturias\\\/#author\"},\"publisher\":{\"@id\":\"https:\\\/\\\/eldigitaldeasturias.com\\\/radio\\\/#organization\"},\"image\":{\"@type\":\"ImageObject\",\"url\":\"https:\\\/\\\/eldigitaldeasturias.com\\\/radio\\\/wp-content\\\/uploads\\\/2018\\\/04\\\/arena-1181668_960_720.jpg\",\"width\":960,\"height\":640},\"datePublished\":\"2020-04-16T00:06:45+02:00\",\"dateModified\":\"2020-04-16T00:06:45+02:00\",\"inLanguage\":\"es-ES\",\"mainEntityOfPage\":{\"@id\":\"https:\\\/\\\/eldigitaldeasturias.com\\\/radio\\\/asesor-afirma-que-sane-sigue-interesado-en-pase-al-bayern-munich\\\/#webpage\"},\"isPartOf\":{\"@id\":\"https:\\\/\\\/eldigitaldeasturias.com\\\/radio\\\/asesor-afirma-que-sane-sigue-interesado-en-pase-al-bayern-munich\\\/#webpage\"},\"articleSection\":\"Noticias\",\"dateline\":\"Publicado el abril 16, 2020.\"},{\"@type\":\"Organization\",\"@id\":\"https:\\\/\\\/eldigitaldeasturias.com\\\/radio\\\/#organization\",\"name\":\"El digital de Asturias Radio\",\"description\":\"Diario de informaci\\u00f3n y noticias\",\"url\":\"https:\\\/\\\/eldigitaldeasturias.com\\\/radio\\\/\",\"telephone\":\"+34652131393\",\"logo\":{\"@type\":\"ImageObject\",\"url\":\"https:\\\/\\\/www.eldigitaldeasturias.com\\\/radio\\\/wp-content\\\/uploads\\\/2021\\\/03\\\/EDA.jpg\",\"@id\":\"https:\\\/\\\/eldigitaldeasturias.com\\\/radio\\\/asesor-afirma-que-sane-sigue-interesado-en-pase-al-bayern-munich\\\/#organizationLogo\"},\"image\":{\"@id\":\"https:\\\/\\\/eldigitaldeasturias.com\\\/radio\\\/asesor-afirma-que-sane-sigue-interesado-en-pase-al-bayern-munich\\\/#organizationLogo\"},\"sameAs\":[\"https:\\\/\\\/www.facebook.com\\\/\",\"https:\\\/\\\/x.com\\\/bercodi\",\"https:\\\/\\\/www.instagram.com\\\/\",\"https:\\\/\\\/www.youtube.com\\\/channel\\\/UCZP-2wLEB9Rv6erhFmqVnvg\"]},{\"@type\":\"Person\",\"@id\":\"https:\\\/\\\/eldigitaldeasturias.com\\\/radio\\\/author\\\/nbasturias\\\/#author\",\"url\":\"https:\\\/\\\/eldigitaldeasturias.com\\\/radio\\\/author\\\/nbasturias\\\/\",\"name\":\"NBAsturias\",\"image\":{\"@type\":\"ImageObject\",\"@id\":\"https:\\\/\\\/eldigitaldeasturias.com\\\/radio\\\/asesor-afirma-que-sane-sigue-interesado-en-pase-al-bayern-munich\\\/#authorImage\",\"url\":\"https:\\\/\\\/secure.gravatar.com\\\/avatar\\\/df2aeffc32bcd13f8d26072ef8a91b623d677766deac7f97ca815868cd41bf5e?s=96&d=mm&r=g\",\"width\":96,\"height\":96,\"caption\":\"NBAsturias\"}},{\"@type\":\"WebPage\",\"@id\":\"https:\\\/\\\/eldigitaldeasturias.com\\\/radio\\\/asesor-afirma-que-sane-sigue-interesado-en-pase-al-bayern-munich\\\/#webpage\",\"url\":\"https:\\\/\\\/eldigitaldeasturias.com\\\/radio\\\/asesor-afirma-que-sane-sigue-interesado-en-pase-al-bayern-munich\\\/\",\"name\":\"Asesor afirma que San\\u00e9 sigue interesado en pase al Bayern M\\u00fanich | El Digital de Asturias\",\"description\":\"M\\u00fanich, 15 abr (dpa) - El internacional alem\\u00e1n del Manchester City Leroy San\\u00e9 contin\\u00faa interesado en un pase al Bayern M\\u00fanich de la Bundesliga, seg\\u00fan declaraciones del nuevo asesor del futbolista. El Bayern es el \\u00fanico club de Alemania \\\"que Leroy puede imaginarse como siguiente paso en su carrera. \\u00c9l ve all\\u00ed las condiciones para\",\"inLanguage\":\"es-ES\",\"isPartOf\":{\"@id\":\"https:\\\/\\\/eldigitaldeasturias.com\\\/radio\\\/#website\"},\"breadcrumb\":{\"@id\":\"https:\\\/\\\/eldigitaldeasturias.com\\\/radio\\\/asesor-afirma-que-sane-sigue-interesado-en-pase-al-bayern-munich\\\/#breadcrumblist\"},\"author\":{\"@id\":\"https:\\\/\\\/eldigitaldeasturias.com\\\/radio\\\/author\\\/nbasturias\\\/#author\"},\"creator\":{\"@id\":\"https:\\\/\\\/eldigitaldeasturias.com\\\/radio\\\/author\\\/nbasturias\\\/#author\"},\"image\":{\"@type\":\"ImageObject\",\"url\":\"https:\\\/\\\/eldigitaldeasturias.com\\\/radio\\\/wp-content\\\/uploads\\\/2018\\\/04\\\/arena-1181668_960_720.jpg\",\"@id\":\"https:\\\/\\\/eldigitaldeasturias.com\\\/radio\\\/asesor-afirma-que-sane-sigue-interesado-en-pase-al-bayern-munich\\\/#mainImage\",\"width\":960,\"height\":640},\"primaryImageOfPage\":{\"@id\":\"https:\\\/\\\/eldigitaldeasturias.com\\\/radio\\\/asesor-afirma-que-sane-sigue-interesado-en-pase-al-bayern-munich\\\/#mainImage\"},\"datePublished\":\"2020-04-16T00:06:45+02:00\",\"dateModified\":\"2020-04-16T00:06:45+02:00\"},{\"@type\":\"WebSite\",\"@id\":\"https:\\\/\\\/eldigitaldeasturias.com\\\/radio\\\/#website\",\"url\":\"https:\\\/\\\/eldigitaldeasturias.com\\\/radio\\\/\",\"name\":\"El Digital de Asturias\",\"description\":\"Diario de informaci\\u00f3n y noticias\",\"inLanguage\":\"es-ES\",\"publisher\":{\"@id\":\"https:\\\/\\\/eldigitaldeasturias.com\\\/radio\\\/#organization\"}}]}\n\t\t<\/script>\n\t\t<!-- All in One SEO Pro -->\r\n\t\t<title>Asesor afirma que San\u00e9 sigue interesado en pase al Bayern M\u00fanich | El Digital de Asturias<\/title>\n\n","aioseo_head_json":{"title":"Asesor afirma que San\u00e9 sigue interesado en pase al Bayern M\u00fanich | El Digital de Asturias","description":"M\u00fanich, 15 abr (dpa) - El internacional alem\u00e1n del Manchester City Leroy San\u00e9 contin\u00faa interesado en un pase al Bayern M\u00fanich de la Bundesliga, seg\u00fan declaraciones del nuevo asesor del futbolista. El Bayern es el \u00fanico club de Alemania \"que Leroy puede imaginarse como siguiente paso en su carrera. \u00c9l ve all\u00ed las condiciones para","canonical_url":"https:\/\/eldigitaldeasturias.com\/radio\/asesor-afirma-que-sane-sigue-interesado-en-pase-al-bayern-munich\/","robots":"max-image-preview:large","keywords":"noticias","webmasterTools":{"google-site-verification":"UA-38556648-1","miscellaneous":""},"schema":{"@context":"https:\/\/schema.org","@graph":[{"@type":"BreadcrumbList","@id":"https:\/\/eldigitaldeasturias.com\/radio\/asesor-afirma-que-sane-sigue-interesado-en-pase-al-bayern-munich\/#breadcrumblist","itemListElement":[{"@type":"ListItem","@id":"https:\/\/eldigitaldeasturias.com\/radio#listItem","position":1,"name":"Inicio","item":"https:\/\/eldigitaldeasturias.com\/radio","nextItem":{"@type":"ListItem","@id":"https:\/\/eldigitaldeasturias.com\/radio\/category\/noticias\/#listItem","name":"Noticias"}},{"@type":"ListItem","@id":"https:\/\/eldigitaldeasturias.com\/radio\/category\/noticias\/#listItem","position":2,"name":"Noticias","item":"https:\/\/eldigitaldeasturias.com\/radio\/category\/noticias\/","nextItem":{"@type":"ListItem","@id":"https:\/\/eldigitaldeasturias.com\/radio\/asesor-afirma-que-sane-sigue-interesado-en-pase-al-bayern-munich\/#listItem","name":"Asesor afirma que San\u00e9 sigue interesado en pase al Bayern M\u00fanich"},"previousItem":{"@type":"ListItem","@id":"https:\/\/eldigitaldeasturias.com\/radio#listItem","name":"Inicio"}},{"@type":"ListItem","@id":"https:\/\/eldigitaldeasturias.com\/radio\/asesor-afirma-que-sane-sigue-interesado-en-pase-al-bayern-munich\/#listItem","position":3,"name":"Asesor afirma que San\u00e9 sigue interesado en pase al Bayern M\u00fanich","previousItem":{"@type":"ListItem","@id":"https:\/\/eldigitaldeasturias.com\/radio\/category\/noticias\/#listItem","name":"Noticias"}}]},{"@type":"NewsArticle","@id":"https:\/\/eldigitaldeasturias.com\/radio\/asesor-afirma-que-sane-sigue-interesado-en-pase-al-bayern-munich\/#newsarticle","name":"Asesor afirma que San\u00e9 sigue interesado en pase al Bayern M\u00fanich | El Digital de Asturias","headline":"Asesor afirma que San\u00e9 sigue interesado en pase al Bayern M\u00fanich","author":{"@id":"https:\/\/eldigitaldeasturias.com\/radio\/author\/nbasturias\/#author"},"publisher":{"@id":"https:\/\/eldigitaldeasturias.com\/radio\/#organization"},"image":{"@type":"ImageObject","url":"https:\/\/eldigitaldeasturias.com\/radio\/wp-content\/uploads\/2018\/04\/arena-1181668_960_720.jpg","width":960,"height":640},"datePublished":"2020-04-16T00:06:45+02:00","dateModified":"2020-04-16T00:06:45+02:00","inLanguage":"es-ES","mainEntityOfPage":{"@id":"https:\/\/eldigitaldeasturias.com\/radio\/asesor-afirma-que-sane-sigue-interesado-en-pase-al-bayern-munich\/#webpage"},"isPartOf":{"@id":"https:\/\/eldigitaldeasturias.com\/radio\/asesor-afirma-que-sane-sigue-interesado-en-pase-al-bayern-munich\/#webpage"},"articleSection":"Noticias","dateline":"Publicado el abril 16, 2020."},{"@type":"Organization","@id":"https:\/\/eldigitaldeasturias.com\/radio\/#organization","name":"El digital de Asturias Radio","description":"Diario de informaci\u00f3n y noticias","url":"https:\/\/eldigitaldeasturias.com\/radio\/","telephone":"+34652131393","logo":{"@type":"ImageObject","url":"https:\/\/www.eldigitaldeasturias.com\/radio\/wp-content\/uploads\/2021\/03\/EDA.jpg","@id":"https:\/\/eldigitaldeasturias.com\/radio\/asesor-afirma-que-sane-sigue-interesado-en-pase-al-bayern-munich\/#organizationLogo"},"image":{"@id":"https:\/\/eldigitaldeasturias.com\/radio\/asesor-afirma-que-sane-sigue-interesado-en-pase-al-bayern-munich\/#organizationLogo"},"sameAs":["https:\/\/www.facebook.com\/","https:\/\/x.com\/bercodi","https:\/\/www.instagram.com\/","https:\/\/www.youtube.com\/channel\/UCZP-2wLEB9Rv6erhFmqVnvg"]},{"@type":"Person","@id":"https:\/\/eldigitaldeasturias.com\/radio\/author\/nbasturias\/#author","url":"https:\/\/eldigitaldeasturias.com\/radio\/author\/nbasturias\/","name":"NBAsturias","image":{"@type":"ImageObject","@id":"https:\/\/eldigitaldeasturias.com\/radio\/asesor-afirma-que-sane-sigue-interesado-en-pase-al-bayern-munich\/#authorImage","url":"https:\/\/secure.gravatar.com\/avatar\/df2aeffc32bcd13f8d26072ef8a91b623d677766deac7f97ca815868cd41bf5e?s=96&d=mm&r=g","width":96,"height":96,"caption":"NBAsturias"}},{"@type":"WebPage","@id":"https:\/\/eldigitaldeasturias.com\/radio\/asesor-afirma-que-sane-sigue-interesado-en-pase-al-bayern-munich\/#webpage","url":"https:\/\/eldigitaldeasturias.com\/radio\/asesor-afirma-que-sane-sigue-interesado-en-pase-al-bayern-munich\/","name":"Asesor afirma que San\u00e9 sigue interesado en pase al Bayern M\u00fanich | El Digital de Asturias","description":"M\u00fanich, 15 abr (dpa) - El internacional alem\u00e1n del Manchester City Leroy San\u00e9 contin\u00faa interesado en un pase al Bayern M\u00fanich de la Bundesliga, seg\u00fan declaraciones del nuevo asesor del futbolista. El Bayern es el \u00fanico club de Alemania \"que Leroy puede imaginarse como siguiente paso en su carrera. \u00c9l ve all\u00ed las condiciones para","inLanguage":"es-ES","isPartOf":{"@id":"https:\/\/eldigitaldeasturias.com\/radio\/#website"},"breadcrumb":{"@id":"https:\/\/eldigitaldeasturias.com\/radio\/asesor-afirma-que-sane-sigue-interesado-en-pase-al-bayern-munich\/#breadcrumblist"},"author":{"@id":"https:\/\/eldigitaldeasturias.com\/radio\/author\/nbasturias\/#author"},"creator":{"@id":"https:\/\/eldigitaldeasturias.com\/radio\/author\/nbasturias\/#author"},"image":{"@type":"ImageObject","url":"https:\/\/eldigitaldeasturias.com\/radio\/wp-content\/uploads\/2018\/04\/arena-1181668_960_720.jpg","@id":"https:\/\/eldigitaldeasturias.com\/radio\/asesor-afirma-que-sane-sigue-interesado-en-pase-al-bayern-munich\/#mainImage","width":960,"height":640},"primaryImageOfPage":{"@id":"https:\/\/eldigitaldeasturias.com\/radio\/asesor-afirma-que-sane-sigue-interesado-en-pase-al-bayern-munich\/#mainImage"},"datePublished":"2020-04-16T00:06:45+02:00","dateModified":"2020-04-16T00:06:45+02:00"},{"@type":"WebSite","@id":"https:\/\/eldigitaldeasturias.com\/radio\/#website","url":"https:\/\/eldigitaldeasturias.com\/radio\/","name":"El Digital de Asturias","description":"Diario de informaci\u00f3n y noticias","inLanguage":"es-ES","publisher":{"@id":"https:\/\/eldigitaldeasturias.com\/radio\/#organization"}}]},"og:locale":"es_ES","og:site_name":"El Digital de Asturias | Diario de informaci\u00f3n y noticias","og:type":"article","og:title":"Asesor afirma que San\u00e9 sigue interesado en pase al Bayern M\u00fanich | El Digital de Asturias","og:description":"M\u00fanich, 15 abr (dpa) - El internacional alem\u00e1n del Manchester City Leroy San\u00e9 contin\u00faa interesado en un pase al Bayern M\u00fanich de la Bundesliga, seg\u00fan declaraciones del nuevo asesor del futbolista. El Bayern es el \u00fanico club de Alemania &quot;que Leroy puede imaginarse como siguiente paso en su carrera. \u00c9l ve all\u00ed las condiciones para","og:url":"https:\/\/eldigitaldeasturias.com\/radio\/asesor-afirma-que-sane-sigue-interesado-en-pase-al-bayern-munich\/","og:image":"https:\/\/eldigitaldeasturias.com\/radio\/wp-content\/uploads\/2018\/04\/arena-1181668_960_720.jpg","og:image:secure_url":"https:\/\/eldigitaldeasturias.com\/radio\/wp-content\/uploads\/2018\/04\/arena-1181668_960_720.jpg","og:image:width":960,"og:image:height":640,"article:published_time":"2020-04-16T00:06:45+00:00","article:modified_time":"2020-04-16T00:06:45+00:00","twitter:card":"summary_large_image","twitter:site":"@bercodi","twitter:title":"Asesor afirma que San\u00e9 sigue interesado en pase al Bayern M\u00fanich | El Digital de Asturias","twitter:description":"M\u00fanich, 15 abr (dpa) - El internacional alem\u00e1n del Manchester City Leroy San\u00e9 contin\u00faa interesado en un pase al Bayern M\u00fanich de la Bundesliga, seg\u00fan declaraciones del nuevo asesor del futbolista. El Bayern es el \u00fanico club de Alemania &quot;que Leroy puede imaginarse como siguiente paso en su carrera. \u00c9l ve all\u00ed las condiciones para","twitter:creator":"@bercodi","twitter:image":"https:\/\/eldigitaldeasturias.com\/radio\/wp-content\/uploads\/2018\/04\/arena-1181668_960_720.jpg"},"aioseo_meta_data":{"post_id":"4104","title":null,"description":null,"keywords":null,"keyphrases":null,"primary_term":null,"canonical_url":null,"og_title":null,"og_description":null,"og_object_type":"default","og_image_type":"default","og_image_url":null,"og_image_width":null,"og_image_height":null,"og_image_custom_url":null,"og_image_custom_fields":null,"og_video":null,"og_custom_url":null,"og_article_section":null,"og_article_tags":null,"twitter_use_og":false,"twitter_card":"default","twitter_image_type":"default","twitter_image_url":null,"twitter_image_custom_url":null,"twitter_image_custom_fields":null,"twitter_title":null,"twitter_description":null,"schema":{"blockGraphs":[],"customGraphs":[],"default":{"data":{"Article":[],"Course":[],"Dataset":[],"FAQPage":[],"Movie":[],"Person":[],"Product":[],"ProductReview":[],"Car":[],"Recipe":[],"Service":[],"SoftwareApplication":[],"WebPage":[]},"graphName":"","isEnabled":true},"graphs":[],"defaultGraph":"","defaultPostTypeGraph":""},"schema_type":null,"schema_type_options":null,"pillar_content":false,"robots_default":true,"robots_noindex":false,"robots_noarchive":false,"robots_nosnippet":false,"robots_nofollow":false,"robots_noimageindex":false,"robots_noodp":false,"robots_notranslate":false,"robots_max_snippet":null,"robots_max_videopreview":null,"robots_max_imagepreview":"large","priority":null,"frequency":null,"location":null,"local_seo":null,"seo_analyzer_scan_date":"2025-08-28 15:19:27","breadcrumb_settings":null,"limit_modified_date":false,"open_ai":null,"ai":null,"created":"2021-03-28 14:48:13","updated":"2025-08-28 15:19:27"},"aioseo_breadcrumb":"<div class=\"aioseo-breadcrumbs\"><span class=\"aioseo-breadcrumb\">\n\t<a href=\"https:\/\/eldigitaldeasturias.com\/radio\" title=\"Inicio\">Inicio<\/a>\n<\/span><span class=\"aioseo-breadcrumb-separator\">&ndash;<\/span><span class=\"aioseo-breadcrumb\">\n\t<a href=\"https:\/\/eldigitaldeasturias.com\/radio\/category\/noticias\/\" title=\"Noticias\">Noticias<\/a>\n<\/span><span class=\"aioseo-breadcrumb-separator\">&ndash;<\/span><span class=\"aioseo-breadcrumb\">\n\tAsesor afirma que San\u00e9 sigue interesado en pase al Bayern M\u00fanich\n<\/span><\/div>","aioseo_breadcrumb_json":[{"label":"Inicio","link":"https:\/\/eldigitaldeasturias.com\/radio"},{"label":"Noticias","link":"https:\/\/eldigitaldeasturias.com\/radio\/category\/noticias\/"},{"label":"Asesor afirma que San\u00e9 sigue interesado en pase al Bayern M\u00fanich","link":"https:\/\/eldigitaldeasturias.com\/radio\/asesor-afirma-que-sane-sigue-interesado-en-pase-al-bayern-munich\/"}],"_links":{"self":[{"href":"https:\/\/eldigitaldeasturias.com\/radio\/wp-json\/wp\/v2\/posts\/4104","targetHints":{"allow":["GET"]}}],"collection":[{"href":"https:\/\/eldigitaldeasturias.com\/radio\/wp-json\/wp\/v2\/posts"}],"about":[{"href":"https:\/\/eldigitaldeasturias.com\/radio\/wp-json\/wp\/v2\/types\/post"}],"author":[{"embeddable":true,"href":"https:\/\/eldigitaldeasturias.com\/radio\/wp-json\/wp\/v2\/users\/1"}],"replies":[{"embeddable":true,"href":"https:\/\/eldigitaldeasturias.com\/radio\/wp-json\/wp\/v2\/comments?post=4104"}],"version-history":[{"count":0,"href":"https:\/\/eldigitaldeasturias.com\/radio\/wp-json\/wp\/v2\/posts\/4104\/revisions"}],"wp:featuredmedia":[{"embeddable":true,"href":"https:\/\/eldigitaldeasturias.com\/radio\/wp-json\/wp\/v2\/media\/812"}],"wp:attachment":[{"href":"https:\/\/eldigitaldeasturias.com\/radio\/wp-json\/wp\/v2\/media?parent=4104"}],"wp:term":[{"taxonomy":"category","embeddable":true,"href":"https:\/\/eldigitaldeasturias.com\/radio\/wp-json\/wp\/v2\/categories?post=4104"},{"taxonomy":"post_tag","embeddable":true,"href":"https:\/\/eldigitaldeasturias.com\/radio\/wp-json\/wp\/v2\/tags?post=4104"}],"curies":[{"name":"wp","href":"https:\/\/api.w.org\/{rel}","templated":true}]}}