{"id":4088,"date":"2020-04-12T17:24:17","date_gmt":"2020-04-12T17:24:17","guid":{"rendered":"http:\/\/www.eldigitaldeasturias.com\/radio\/?p=4088"},"modified":"2020-04-15T23:35:41","modified_gmt":"2020-04-15T23:35:41","slug":"alemania-aumenta-apoyo-a-paises-emergentes-en-150-millones-de-euros","status":"publish","type":"post","link":"https:\/\/eldigitaldeasturias.com\/radio\/alemania-aumenta-apoyo-a-paises-emergentes-en-150-millones-de-euros\/","title":{"rendered":"Alemania aumenta apoyo a pa\u00edses emergentes en 150 millones de euros"},"content":{"rendered":"<p><img fetchpriority=\"high\" decoding=\"async\" class=\"alignleft size-medium wp-image-1471\" src=\"http:\/\/www.eldigitaldeasturias.com\/radio\/wp-content\/uploads\/2018\/10\/money-1005477_960_720-360x240.jpg\" alt=\"\" width=\"360\" height=\"240\" srcset=\"https:\/\/eldigitaldeasturias.com\/radio\/wp-content\/uploads\/2018\/10\/money-1005477_960_720-360x240.jpg 360w, https:\/\/eldigitaldeasturias.com\/radio\/wp-content\/uploads\/2018\/10\/money-1005477_960_720-768x512.jpg 768w, https:\/\/eldigitaldeasturias.com\/radio\/wp-content\/uploads\/2018\/10\/money-1005477_960_720.jpg 960w\" sizes=\"(max-width: 360px) 100vw, 360px\" \/>Berl\u00edn, 11 abr (dpa) &#8211; El Gobierno alem\u00e1n pondr\u00e1 a disposici\u00f3n del Programa Mundial de Alimentos (PMA) de Naciones Unidas una suma adicional de 150 millones de euros (164 millones de d\u00f3lares) para apoyar a pa\u00edses emergentes en la crisis del coronavirus, informaron hoy peri\u00f3dicos el grupo medi\u00e1tico Funke.<\/p>\n<p>\u00abLa poblaci\u00f3n m\u00e1s pobre de los pa\u00edses emergentes se ver\u00e1 especialmente afectada por la crisis del coronavirus\u00bb, se\u00f1al\u00f3 el ministro alem\u00e1n de Desarrollo, Gerd M\u00fcller.<\/p>\n<p>El ministro a\u00f1adi\u00f3 que quienes viven en los campamentos de refugiados totalmente hacinados se ven en especial afectados, dado que all\u00ed la situaci\u00f3n es dram\u00e1tica. \u00abDebemos hacer todo lo posible para salvar a esta gente de la hambruna\u00bb, enfatiz\u00f3.<\/p>\n<p>El informe detalla que 30 millones de euros ser\u00e1n destinados al L\u00edbano y 56 millones a la regi\u00f3n del Sahel.<\/p>\n<p>El Banco Alem\u00e1n de Desarrollo KfW advirti\u00f3 sobre el peligro de perder de vista a los pa\u00edses emergentes en la actual crisis por la pandemia.<\/p>\n<p>\u00abLos pa\u00edses m\u00e1s pobres necesitan apoyo, en especial ahora\u00bb, recalc\u00f3 Joachim Nagel, miembro de la junta directiva del KfW, en un art\u00edculo para el dominical \u00abFrankfurter Allgemeine Sonntagszeitung\u00bb.<\/p>\n<p>\u00abDe lo contrario, se perder\u00e1n todos los avances en materia de desarrollo logrados en los \u00faltimos a\u00f1os; tambi\u00e9n existe la amenaza de que haya disturbios y de un r\u00e1pido aumento de la delincuencia. Por lo tanto, es correcto que Alemania y Europa preparen programas de ayuda\u00bb, agreg\u00f3.<\/p>\n","protected":false},"excerpt":{"rendered":"<p>Berl\u00edn, 11 abr (dpa) &#8211; El Gobierno alem\u00e1n pondr\u00e1 a disposici\u00f3n del Programa Mundial de Alimentos (PMA) de Naciones Unidas una suma adicional de 150 millones de euros (164 millones de d\u00f3lares) para apoyar a pa\u00edses emergentes en la crisis del coronavirus, informaron hoy peri\u00f3dicos el grupo medi\u00e1tico Funke. \u00abLa poblaci\u00f3n m\u00e1s pobre de los<\/p>\n","protected":false},"author":1,"featured_media":1471,"comment_status":"closed","ping_status":"closed","sticky":false,"template":"","format":"standard","meta":{"footnotes":""},"categories":[1],"tags":[],"class_list":{"0":"post-4088","1":"post","2":"type-post","3":"status-publish","4":"format-standard","5":"has-post-thumbnail","7":"category-noticias"},"aioseo_notices":[],"aioseo_head":"\n\t\t<!-- All in One SEO Pro 4.9.6.2 - aioseo.com -->\n\t<meta name=\"description\" content=\"Berl\u00edn, 11 abr (dpa) - El Gobierno alem\u00e1n pondr\u00e1 a disposici\u00f3n del Programa Mundial de Alimentos (PMA) de Naciones Unidas una suma adicional de 150 millones de euros (164 millones de d\u00f3lares) para apoyar a pa\u00edses emergentes en la crisis del coronavirus, informaron hoy peri\u00f3dicos el grupo medi\u00e1tico Funke. &quot;La poblaci\u00f3n m\u00e1s pobre de los\" \/>\n\t<meta name=\"robots\" content=\"max-image-preview:large\" \/>\n\t<meta name=\"author\" content=\"NBAsturias\"\/>\n\t<meta name=\"google-site-verification\" content=\"UA-38556648-1\" \/>\n\t<meta name=\"keywords\" content=\"noticias\" \/>\n\t<link rel=\"canonical\" href=\"https:\/\/eldigitaldeasturias.com\/radio\/alemania-aumenta-apoyo-a-paises-emergentes-en-150-millones-de-euros\/\" \/>\n\t<meta name=\"generator\" content=\"All in One SEO Pro (AIOSEO) 4.9.6.2\" \/>\n\t\t<meta property=\"og:locale\" content=\"es_ES\" \/>\n\t\t<meta property=\"og:site_name\" content=\"El Digital de Asturias | Diario de informaci\u00f3n y noticias\" \/>\n\t\t<meta property=\"og:type\" content=\"article\" \/>\n\t\t<meta property=\"og:title\" content=\"Alemania aumenta apoyo a pa\u00edses emergentes en 150 millones de euros | El Digital de Asturias\" \/>\n\t\t<meta property=\"og:description\" content=\"Berl\u00edn, 11 abr (dpa) - El Gobierno alem\u00e1n pondr\u00e1 a disposici\u00f3n del Programa Mundial de Alimentos (PMA) de Naciones Unidas una suma adicional de 150 millones de euros (164 millones de d\u00f3lares) para apoyar a pa\u00edses emergentes en la crisis del coronavirus, informaron hoy peri\u00f3dicos el grupo medi\u00e1tico Funke. &quot;La poblaci\u00f3n m\u00e1s pobre de los\" \/>\n\t\t<meta property=\"og:url\" content=\"https:\/\/eldigitaldeasturias.com\/radio\/alemania-aumenta-apoyo-a-paises-emergentes-en-150-millones-de-euros\/\" \/>\n\t\t<meta property=\"og:image\" content=\"https:\/\/eldigitaldeasturias.com\/radio\/wp-content\/uploads\/2018\/10\/money-1005477_960_720.jpg\" \/>\n\t\t<meta property=\"og:image:secure_url\" content=\"https:\/\/eldigitaldeasturias.com\/radio\/wp-content\/uploads\/2018\/10\/money-1005477_960_720.jpg\" \/>\n\t\t<meta property=\"og:image:width\" content=\"960\" \/>\n\t\t<meta property=\"og:image:height\" content=\"640\" \/>\n\t\t<meta property=\"article:published_time\" content=\"2020-04-12T17:24:17+00:00\" \/>\n\t\t<meta property=\"article:modified_time\" content=\"2020-04-15T23:35:41+00:00\" \/>\n\t\t<meta name=\"twitter:card\" content=\"summary_large_image\" \/>\n\t\t<meta name=\"twitter:site\" content=\"@bercodi\" \/>\n\t\t<meta name=\"twitter:title\" content=\"Alemania aumenta apoyo a pa\u00edses emergentes en 150 millones de euros | El Digital de Asturias\" \/>\n\t\t<meta name=\"twitter:description\" content=\"Berl\u00edn, 11 abr (dpa) - El Gobierno alem\u00e1n pondr\u00e1 a disposici\u00f3n del Programa Mundial de Alimentos (PMA) de Naciones Unidas una suma adicional de 150 millones de euros (164 millones de d\u00f3lares) para apoyar a pa\u00edses emergentes en la crisis del coronavirus, informaron hoy peri\u00f3dicos el grupo medi\u00e1tico Funke. &quot;La poblaci\u00f3n m\u00e1s pobre de los\" \/>\n\t\t<meta name=\"twitter:creator\" content=\"@bercodi\" \/>\n\t\t<meta name=\"twitter:image\" content=\"https:\/\/eldigitaldeasturias.com\/radio\/wp-content\/uploads\/2018\/10\/money-1005477_960_720.jpg\" \/>\n\t\t<script type=\"application\/ld+json\" class=\"aioseo-schema\">\n\t\t\t{\"@context\":\"https:\\\/\\\/schema.org\",\"@graph\":[{\"@type\":\"BreadcrumbList\",\"@id\":\"https:\\\/\\\/eldigitaldeasturias.com\\\/radio\\\/alemania-aumenta-apoyo-a-paises-emergentes-en-150-millones-de-euros\\\/#breadcrumblist\",\"itemListElement\":[{\"@type\":\"ListItem\",\"@id\":\"https:\\\/\\\/eldigitaldeasturias.com\\\/radio#listItem\",\"position\":1,\"name\":\"Inicio\",\"item\":\"https:\\\/\\\/eldigitaldeasturias.com\\\/radio\",\"nextItem\":{\"@type\":\"ListItem\",\"@id\":\"https:\\\/\\\/eldigitaldeasturias.com\\\/radio\\\/category\\\/noticias\\\/#listItem\",\"name\":\"Noticias\"}},{\"@type\":\"ListItem\",\"@id\":\"https:\\\/\\\/eldigitaldeasturias.com\\\/radio\\\/category\\\/noticias\\\/#listItem\",\"position\":2,\"name\":\"Noticias\",\"item\":\"https:\\\/\\\/eldigitaldeasturias.com\\\/radio\\\/category\\\/noticias\\\/\",\"nextItem\":{\"@type\":\"ListItem\",\"@id\":\"https:\\\/\\\/eldigitaldeasturias.com\\\/radio\\\/alemania-aumenta-apoyo-a-paises-emergentes-en-150-millones-de-euros\\\/#listItem\",\"name\":\"Alemania aumenta apoyo a pa\\u00edses emergentes en 150 millones de euros\"},\"previousItem\":{\"@type\":\"ListItem\",\"@id\":\"https:\\\/\\\/eldigitaldeasturias.com\\\/radio#listItem\",\"name\":\"Inicio\"}},{\"@type\":\"ListItem\",\"@id\":\"https:\\\/\\\/eldigitaldeasturias.com\\\/radio\\\/alemania-aumenta-apoyo-a-paises-emergentes-en-150-millones-de-euros\\\/#listItem\",\"position\":3,\"name\":\"Alemania aumenta apoyo a pa\\u00edses emergentes en 150 millones de euros\",\"previousItem\":{\"@type\":\"ListItem\",\"@id\":\"https:\\\/\\\/eldigitaldeasturias.com\\\/radio\\\/category\\\/noticias\\\/#listItem\",\"name\":\"Noticias\"}}]},{\"@type\":\"NewsArticle\",\"@id\":\"https:\\\/\\\/eldigitaldeasturias.com\\\/radio\\\/alemania-aumenta-apoyo-a-paises-emergentes-en-150-millones-de-euros\\\/#newsarticle\",\"name\":\"Alemania aumenta apoyo a pa\\u00edses emergentes en 150 millones de euros | El Digital de Asturias\",\"headline\":\"Alemania aumenta apoyo a pa\\u00edses emergentes en 150 millones de euros\",\"author\":{\"@id\":\"https:\\\/\\\/eldigitaldeasturias.com\\\/radio\\\/author\\\/nbasturias\\\/#author\"},\"publisher\":{\"@id\":\"https:\\\/\\\/eldigitaldeasturias.com\\\/radio\\\/#organization\"},\"image\":{\"@type\":\"ImageObject\",\"url\":\"https:\\\/\\\/eldigitaldeasturias.com\\\/radio\\\/wp-content\\\/uploads\\\/2018\\\/10\\\/money-1005477_960_720.jpg\",\"width\":960,\"height\":640},\"datePublished\":\"2020-04-12T17:24:17+02:00\",\"dateModified\":\"2020-04-15T23:35:41+02:00\",\"inLanguage\":\"es-ES\",\"mainEntityOfPage\":{\"@id\":\"https:\\\/\\\/eldigitaldeasturias.com\\\/radio\\\/alemania-aumenta-apoyo-a-paises-emergentes-en-150-millones-de-euros\\\/#webpage\"},\"isPartOf\":{\"@id\":\"https:\\\/\\\/eldigitaldeasturias.com\\\/radio\\\/alemania-aumenta-apoyo-a-paises-emergentes-en-150-millones-de-euros\\\/#webpage\"},\"articleSection\":\"Noticias\",\"dateline\":\"Publicado el abril 12, 2020.\"},{\"@type\":\"Organization\",\"@id\":\"https:\\\/\\\/eldigitaldeasturias.com\\\/radio\\\/#organization\",\"name\":\"El digital de Asturias Radio\",\"description\":\"Diario de informaci\\u00f3n y noticias\",\"url\":\"https:\\\/\\\/eldigitaldeasturias.com\\\/radio\\\/\",\"telephone\":\"+34652131393\",\"logo\":{\"@type\":\"ImageObject\",\"url\":\"https:\\\/\\\/www.eldigitaldeasturias.com\\\/radio\\\/wp-content\\\/uploads\\\/2021\\\/03\\\/EDA.jpg\",\"@id\":\"https:\\\/\\\/eldigitaldeasturias.com\\\/radio\\\/alemania-aumenta-apoyo-a-paises-emergentes-en-150-millones-de-euros\\\/#organizationLogo\"},\"image\":{\"@id\":\"https:\\\/\\\/eldigitaldeasturias.com\\\/radio\\\/alemania-aumenta-apoyo-a-paises-emergentes-en-150-millones-de-euros\\\/#organizationLogo\"},\"sameAs\":[\"https:\\\/\\\/www.facebook.com\\\/\",\"https:\\\/\\\/x.com\\\/bercodi\",\"https:\\\/\\\/www.instagram.com\\\/\",\"https:\\\/\\\/www.youtube.com\\\/channel\\\/UCZP-2wLEB9Rv6erhFmqVnvg\"]},{\"@type\":\"Person\",\"@id\":\"https:\\\/\\\/eldigitaldeasturias.com\\\/radio\\\/author\\\/nbasturias\\\/#author\",\"url\":\"https:\\\/\\\/eldigitaldeasturias.com\\\/radio\\\/author\\\/nbasturias\\\/\",\"name\":\"NBAsturias\",\"image\":{\"@type\":\"ImageObject\",\"@id\":\"https:\\\/\\\/eldigitaldeasturias.com\\\/radio\\\/alemania-aumenta-apoyo-a-paises-emergentes-en-150-millones-de-euros\\\/#authorImage\",\"url\":\"https:\\\/\\\/secure.gravatar.com\\\/avatar\\\/df2aeffc32bcd13f8d26072ef8a91b623d677766deac7f97ca815868cd41bf5e?s=96&d=mm&r=g\",\"width\":96,\"height\":96,\"caption\":\"NBAsturias\"}},{\"@type\":\"WebPage\",\"@id\":\"https:\\\/\\\/eldigitaldeasturias.com\\\/radio\\\/alemania-aumenta-apoyo-a-paises-emergentes-en-150-millones-de-euros\\\/#webpage\",\"url\":\"https:\\\/\\\/eldigitaldeasturias.com\\\/radio\\\/alemania-aumenta-apoyo-a-paises-emergentes-en-150-millones-de-euros\\\/\",\"name\":\"Alemania aumenta apoyo a pa\\u00edses emergentes en 150 millones de euros | El Digital de Asturias\",\"description\":\"Berl\\u00edn, 11 abr (dpa) - El Gobierno alem\\u00e1n pondr\\u00e1 a disposici\\u00f3n del Programa Mundial de Alimentos (PMA) de Naciones Unidas una suma adicional de 150 millones de euros (164 millones de d\\u00f3lares) para apoyar a pa\\u00edses emergentes en la crisis del coronavirus, informaron hoy peri\\u00f3dicos el grupo medi\\u00e1tico Funke. \\\"La poblaci\\u00f3n m\\u00e1s pobre de los\",\"inLanguage\":\"es-ES\",\"isPartOf\":{\"@id\":\"https:\\\/\\\/eldigitaldeasturias.com\\\/radio\\\/#website\"},\"breadcrumb\":{\"@id\":\"https:\\\/\\\/eldigitaldeasturias.com\\\/radio\\\/alemania-aumenta-apoyo-a-paises-emergentes-en-150-millones-de-euros\\\/#breadcrumblist\"},\"author\":{\"@id\":\"https:\\\/\\\/eldigitaldeasturias.com\\\/radio\\\/author\\\/nbasturias\\\/#author\"},\"creator\":{\"@id\":\"https:\\\/\\\/eldigitaldeasturias.com\\\/radio\\\/author\\\/nbasturias\\\/#author\"},\"image\":{\"@type\":\"ImageObject\",\"url\":\"https:\\\/\\\/eldigitaldeasturias.com\\\/radio\\\/wp-content\\\/uploads\\\/2018\\\/10\\\/money-1005477_960_720.jpg\",\"@id\":\"https:\\\/\\\/eldigitaldeasturias.com\\\/radio\\\/alemania-aumenta-apoyo-a-paises-emergentes-en-150-millones-de-euros\\\/#mainImage\",\"width\":960,\"height\":640},\"primaryImageOfPage\":{\"@id\":\"https:\\\/\\\/eldigitaldeasturias.com\\\/radio\\\/alemania-aumenta-apoyo-a-paises-emergentes-en-150-millones-de-euros\\\/#mainImage\"},\"datePublished\":\"2020-04-12T17:24:17+02:00\",\"dateModified\":\"2020-04-15T23:35:41+02:00\"},{\"@type\":\"WebSite\",\"@id\":\"https:\\\/\\\/eldigitaldeasturias.com\\\/radio\\\/#website\",\"url\":\"https:\\\/\\\/eldigitaldeasturias.com\\\/radio\\\/\",\"name\":\"El Digital de Asturias\",\"description\":\"Diario de informaci\\u00f3n y noticias\",\"inLanguage\":\"es-ES\",\"publisher\":{\"@id\":\"https:\\\/\\\/eldigitaldeasturias.com\\\/radio\\\/#organization\"}}]}\n\t\t<\/script>\n\t\t<!-- All in One SEO Pro -->\r\n\t\t<title>Alemania aumenta apoyo a pa\u00edses emergentes en 150 millones de euros | El Digital de Asturias<\/title>\n\n","aioseo_head_json":{"title":"Alemania aumenta apoyo a pa\u00edses emergentes en 150 millones de euros | El Digital de Asturias","description":"Berl\u00edn, 11 abr (dpa) - El Gobierno alem\u00e1n pondr\u00e1 a disposici\u00f3n del Programa Mundial de Alimentos (PMA) de Naciones Unidas una suma adicional de 150 millones de euros (164 millones de d\u00f3lares) para apoyar a pa\u00edses emergentes en la crisis del coronavirus, informaron hoy peri\u00f3dicos el grupo medi\u00e1tico Funke. \"La poblaci\u00f3n m\u00e1s pobre de los","canonical_url":"https:\/\/eldigitaldeasturias.com\/radio\/alemania-aumenta-apoyo-a-paises-emergentes-en-150-millones-de-euros\/","robots":"max-image-preview:large","keywords":"noticias","webmasterTools":{"google-site-verification":"UA-38556648-1","miscellaneous":""},"schema":{"@context":"https:\/\/schema.org","@graph":[{"@type":"BreadcrumbList","@id":"https:\/\/eldigitaldeasturias.com\/radio\/alemania-aumenta-apoyo-a-paises-emergentes-en-150-millones-de-euros\/#breadcrumblist","itemListElement":[{"@type":"ListItem","@id":"https:\/\/eldigitaldeasturias.com\/radio#listItem","position":1,"name":"Inicio","item":"https:\/\/eldigitaldeasturias.com\/radio","nextItem":{"@type":"ListItem","@id":"https:\/\/eldigitaldeasturias.com\/radio\/category\/noticias\/#listItem","name":"Noticias"}},{"@type":"ListItem","@id":"https:\/\/eldigitaldeasturias.com\/radio\/category\/noticias\/#listItem","position":2,"name":"Noticias","item":"https:\/\/eldigitaldeasturias.com\/radio\/category\/noticias\/","nextItem":{"@type":"ListItem","@id":"https:\/\/eldigitaldeasturias.com\/radio\/alemania-aumenta-apoyo-a-paises-emergentes-en-150-millones-de-euros\/#listItem","name":"Alemania aumenta apoyo a pa\u00edses emergentes en 150 millones de euros"},"previousItem":{"@type":"ListItem","@id":"https:\/\/eldigitaldeasturias.com\/radio#listItem","name":"Inicio"}},{"@type":"ListItem","@id":"https:\/\/eldigitaldeasturias.com\/radio\/alemania-aumenta-apoyo-a-paises-emergentes-en-150-millones-de-euros\/#listItem","position":3,"name":"Alemania aumenta apoyo a pa\u00edses emergentes en 150 millones de euros","previousItem":{"@type":"ListItem","@id":"https:\/\/eldigitaldeasturias.com\/radio\/category\/noticias\/#listItem","name":"Noticias"}}]},{"@type":"NewsArticle","@id":"https:\/\/eldigitaldeasturias.com\/radio\/alemania-aumenta-apoyo-a-paises-emergentes-en-150-millones-de-euros\/#newsarticle","name":"Alemania aumenta apoyo a pa\u00edses emergentes en 150 millones de euros | El Digital de Asturias","headline":"Alemania aumenta apoyo a pa\u00edses emergentes en 150 millones de euros","author":{"@id":"https:\/\/eldigitaldeasturias.com\/radio\/author\/nbasturias\/#author"},"publisher":{"@id":"https:\/\/eldigitaldeasturias.com\/radio\/#organization"},"image":{"@type":"ImageObject","url":"https:\/\/eldigitaldeasturias.com\/radio\/wp-content\/uploads\/2018\/10\/money-1005477_960_720.jpg","width":960,"height":640},"datePublished":"2020-04-12T17:24:17+02:00","dateModified":"2020-04-15T23:35:41+02:00","inLanguage":"es-ES","mainEntityOfPage":{"@id":"https:\/\/eldigitaldeasturias.com\/radio\/alemania-aumenta-apoyo-a-paises-emergentes-en-150-millones-de-euros\/#webpage"},"isPartOf":{"@id":"https:\/\/eldigitaldeasturias.com\/radio\/alemania-aumenta-apoyo-a-paises-emergentes-en-150-millones-de-euros\/#webpage"},"articleSection":"Noticias","dateline":"Publicado el abril 12, 2020."},{"@type":"Organization","@id":"https:\/\/eldigitaldeasturias.com\/radio\/#organization","name":"El digital de Asturias Radio","description":"Diario de informaci\u00f3n y noticias","url":"https:\/\/eldigitaldeasturias.com\/radio\/","telephone":"+34652131393","logo":{"@type":"ImageObject","url":"https:\/\/www.eldigitaldeasturias.com\/radio\/wp-content\/uploads\/2021\/03\/EDA.jpg","@id":"https:\/\/eldigitaldeasturias.com\/radio\/alemania-aumenta-apoyo-a-paises-emergentes-en-150-millones-de-euros\/#organizationLogo"},"image":{"@id":"https:\/\/eldigitaldeasturias.com\/radio\/alemania-aumenta-apoyo-a-paises-emergentes-en-150-millones-de-euros\/#organizationLogo"},"sameAs":["https:\/\/www.facebook.com\/","https:\/\/x.com\/bercodi","https:\/\/www.instagram.com\/","https:\/\/www.youtube.com\/channel\/UCZP-2wLEB9Rv6erhFmqVnvg"]},{"@type":"Person","@id":"https:\/\/eldigitaldeasturias.com\/radio\/author\/nbasturias\/#author","url":"https:\/\/eldigitaldeasturias.com\/radio\/author\/nbasturias\/","name":"NBAsturias","image":{"@type":"ImageObject","@id":"https:\/\/eldigitaldeasturias.com\/radio\/alemania-aumenta-apoyo-a-paises-emergentes-en-150-millones-de-euros\/#authorImage","url":"https:\/\/secure.gravatar.com\/avatar\/df2aeffc32bcd13f8d26072ef8a91b623d677766deac7f97ca815868cd41bf5e?s=96&d=mm&r=g","width":96,"height":96,"caption":"NBAsturias"}},{"@type":"WebPage","@id":"https:\/\/eldigitaldeasturias.com\/radio\/alemania-aumenta-apoyo-a-paises-emergentes-en-150-millones-de-euros\/#webpage","url":"https:\/\/eldigitaldeasturias.com\/radio\/alemania-aumenta-apoyo-a-paises-emergentes-en-150-millones-de-euros\/","name":"Alemania aumenta apoyo a pa\u00edses emergentes en 150 millones de euros | El Digital de Asturias","description":"Berl\u00edn, 11 abr (dpa) - El Gobierno alem\u00e1n pondr\u00e1 a disposici\u00f3n del Programa Mundial de Alimentos (PMA) de Naciones Unidas una suma adicional de 150 millones de euros (164 millones de d\u00f3lares) para apoyar a pa\u00edses emergentes en la crisis del coronavirus, informaron hoy peri\u00f3dicos el grupo medi\u00e1tico Funke. \"La poblaci\u00f3n m\u00e1s pobre de los","inLanguage":"es-ES","isPartOf":{"@id":"https:\/\/eldigitaldeasturias.com\/radio\/#website"},"breadcrumb":{"@id":"https:\/\/eldigitaldeasturias.com\/radio\/alemania-aumenta-apoyo-a-paises-emergentes-en-150-millones-de-euros\/#breadcrumblist"},"author":{"@id":"https:\/\/eldigitaldeasturias.com\/radio\/author\/nbasturias\/#author"},"creator":{"@id":"https:\/\/eldigitaldeasturias.com\/radio\/author\/nbasturias\/#author"},"image":{"@type":"ImageObject","url":"https:\/\/eldigitaldeasturias.com\/radio\/wp-content\/uploads\/2018\/10\/money-1005477_960_720.jpg","@id":"https:\/\/eldigitaldeasturias.com\/radio\/alemania-aumenta-apoyo-a-paises-emergentes-en-150-millones-de-euros\/#mainImage","width":960,"height":640},"primaryImageOfPage":{"@id":"https:\/\/eldigitaldeasturias.com\/radio\/alemania-aumenta-apoyo-a-paises-emergentes-en-150-millones-de-euros\/#mainImage"},"datePublished":"2020-04-12T17:24:17+02:00","dateModified":"2020-04-15T23:35:41+02:00"},{"@type":"WebSite","@id":"https:\/\/eldigitaldeasturias.com\/radio\/#website","url":"https:\/\/eldigitaldeasturias.com\/radio\/","name":"El Digital de Asturias","description":"Diario de informaci\u00f3n y noticias","inLanguage":"es-ES","publisher":{"@id":"https:\/\/eldigitaldeasturias.com\/radio\/#organization"}}]},"og:locale":"es_ES","og:site_name":"El Digital de Asturias | Diario de informaci\u00f3n y noticias","og:type":"article","og:title":"Alemania aumenta apoyo a pa\u00edses emergentes en 150 millones de euros | El Digital de Asturias","og:description":"Berl\u00edn, 11 abr (dpa) - El Gobierno alem\u00e1n pondr\u00e1 a disposici\u00f3n del Programa Mundial de Alimentos (PMA) de Naciones Unidas una suma adicional de 150 millones de euros (164 millones de d\u00f3lares) para apoyar a pa\u00edses emergentes en la crisis del coronavirus, informaron hoy peri\u00f3dicos el grupo medi\u00e1tico Funke. &quot;La poblaci\u00f3n m\u00e1s pobre de los","og:url":"https:\/\/eldigitaldeasturias.com\/radio\/alemania-aumenta-apoyo-a-paises-emergentes-en-150-millones-de-euros\/","og:image":"https:\/\/eldigitaldeasturias.com\/radio\/wp-content\/uploads\/2018\/10\/money-1005477_960_720.jpg","og:image:secure_url":"https:\/\/eldigitaldeasturias.com\/radio\/wp-content\/uploads\/2018\/10\/money-1005477_960_720.jpg","og:image:width":960,"og:image:height":640,"article:published_time":"2020-04-12T17:24:17+00:00","article:modified_time":"2020-04-15T23:35:41+00:00","twitter:card":"summary_large_image","twitter:site":"@bercodi","twitter:title":"Alemania aumenta apoyo a pa\u00edses emergentes en 150 millones de euros | El Digital de Asturias","twitter:description":"Berl\u00edn, 11 abr (dpa) - El Gobierno alem\u00e1n pondr\u00e1 a disposici\u00f3n del Programa Mundial de Alimentos (PMA) de Naciones Unidas una suma adicional de 150 millones de euros (164 millones de d\u00f3lares) para apoyar a pa\u00edses emergentes en la crisis del coronavirus, informaron hoy peri\u00f3dicos el grupo medi\u00e1tico Funke. &quot;La poblaci\u00f3n m\u00e1s pobre de los","twitter:creator":"@bercodi","twitter:image":"https:\/\/eldigitaldeasturias.com\/radio\/wp-content\/uploads\/2018\/10\/money-1005477_960_720.jpg"},"aioseo_meta_data":{"post_id":"4088","title":null,"description":null,"keywords":null,"keyphrases":null,"primary_term":null,"canonical_url":null,"og_title":null,"og_description":null,"og_object_type":"default","og_image_type":"default","og_image_url":null,"og_image_width":null,"og_image_height":null,"og_image_custom_url":null,"og_image_custom_fields":null,"og_video":null,"og_custom_url":null,"og_article_section":null,"og_article_tags":null,"twitter_use_og":false,"twitter_card":"default","twitter_image_type":"default","twitter_image_url":null,"twitter_image_custom_url":null,"twitter_image_custom_fields":null,"twitter_title":null,"twitter_description":null,"schema":{"blockGraphs":[],"customGraphs":[],"default":{"data":{"Article":[],"Course":[],"Dataset":[],"FAQPage":[],"Movie":[],"Person":[],"Product":[],"ProductReview":[],"Car":[],"Recipe":[],"Service":[],"SoftwareApplication":[],"WebPage":[]},"graphName":"","isEnabled":true},"graphs":[],"defaultGraph":"","defaultPostTypeGraph":""},"schema_type":null,"schema_type_options":null,"pillar_content":false,"robots_default":true,"robots_noindex":false,"robots_noarchive":false,"robots_nosnippet":false,"robots_nofollow":false,"robots_noimageindex":false,"robots_noodp":false,"robots_notranslate":false,"robots_max_snippet":null,"robots_max_videopreview":null,"robots_max_imagepreview":"large","priority":null,"frequency":null,"location":null,"local_seo":null,"seo_analyzer_scan_date":"2025-08-28 15:19:24","breadcrumb_settings":null,"limit_modified_date":false,"open_ai":null,"ai":null,"created":"2021-03-28 14:48:13","updated":"2025-08-28 15:19:24"},"aioseo_breadcrumb":"<div class=\"aioseo-breadcrumbs\"><span class=\"aioseo-breadcrumb\">\n\t<a href=\"https:\/\/eldigitaldeasturias.com\/radio\" title=\"Inicio\">Inicio<\/a>\n<\/span><span class=\"aioseo-breadcrumb-separator\">&ndash;<\/span><span class=\"aioseo-breadcrumb\">\n\t<a href=\"https:\/\/eldigitaldeasturias.com\/radio\/category\/noticias\/\" title=\"Noticias\">Noticias<\/a>\n<\/span><span class=\"aioseo-breadcrumb-separator\">&ndash;<\/span><span class=\"aioseo-breadcrumb\">\n\tAlemania aumenta apoyo a pa\u00edses emergentes en 150 millones de euros\n<\/span><\/div>","aioseo_breadcrumb_json":[{"label":"Inicio","link":"https:\/\/eldigitaldeasturias.com\/radio"},{"label":"Noticias","link":"https:\/\/eldigitaldeasturias.com\/radio\/category\/noticias\/"},{"label":"Alemania aumenta apoyo a pa\u00edses emergentes en 150 millones de euros","link":"https:\/\/eldigitaldeasturias.com\/radio\/alemania-aumenta-apoyo-a-paises-emergentes-en-150-millones-de-euros\/"}],"_links":{"self":[{"href":"https:\/\/eldigitaldeasturias.com\/radio\/wp-json\/wp\/v2\/posts\/4088","targetHints":{"allow":["GET"]}}],"collection":[{"href":"https:\/\/eldigitaldeasturias.com\/radio\/wp-json\/wp\/v2\/posts"}],"about":[{"href":"https:\/\/eldigitaldeasturias.com\/radio\/wp-json\/wp\/v2\/types\/post"}],"author":[{"embeddable":true,"href":"https:\/\/eldigitaldeasturias.com\/radio\/wp-json\/wp\/v2\/users\/1"}],"replies":[{"embeddable":true,"href":"https:\/\/eldigitaldeasturias.com\/radio\/wp-json\/wp\/v2\/comments?post=4088"}],"version-history":[{"count":0,"href":"https:\/\/eldigitaldeasturias.com\/radio\/wp-json\/wp\/v2\/posts\/4088\/revisions"}],"wp:featuredmedia":[{"embeddable":true,"href":"https:\/\/eldigitaldeasturias.com\/radio\/wp-json\/wp\/v2\/media\/1471"}],"wp:attachment":[{"href":"https:\/\/eldigitaldeasturias.com\/radio\/wp-json\/wp\/v2\/media?parent=4088"}],"wp:term":[{"taxonomy":"category","embeddable":true,"href":"https:\/\/eldigitaldeasturias.com\/radio\/wp-json\/wp\/v2\/categories?post=4088"},{"taxonomy":"post_tag","embeddable":true,"href":"https:\/\/eldigitaldeasturias.com\/radio\/wp-json\/wp\/v2\/tags?post=4088"}],"curies":[{"name":"wp","href":"https:\/\/api.w.org\/{rel}","templated":true}]}}