{"id":4079,"date":"2020-04-10T14:37:02","date_gmt":"2020-04-10T14:37:02","guid":{"rendered":"http:\/\/www.eldigitaldeasturias.com\/radio\/?p=4079"},"modified":"2020-04-15T23:36:59","modified_gmt":"2020-04-15T23:36:59","slug":"la-itf-anuncia-recortes-tras-la-cancelacion-de-900-torneos","status":"publish","type":"post","link":"https:\/\/eldigitaldeasturias.com\/radio\/la-itf-anuncia-recortes-tras-la-cancelacion-de-900-torneos\/","title":{"rendered":"La ITF anuncia recortes tras la cancelaci\u00f3n de 900 torneos"},"content":{"rendered":"<p><img fetchpriority=\"high\" decoding=\"async\" class=\"alignleft size-medium wp-image-893\" src=\"http:\/\/www.eldigitaldeasturias.com\/radio\/wp-content\/uploads\/2018\/05\/tennis-923659_960_720-360x270.jpg\" alt=\"\" width=\"360\" height=\"270\" srcset=\"https:\/\/eldigitaldeasturias.com\/radio\/wp-content\/uploads\/2018\/05\/tennis-923659_960_720-360x270.jpg 360w, https:\/\/eldigitaldeasturias.com\/radio\/wp-content\/uploads\/2018\/05\/tennis-923659_960_720-768x576.jpg 768w, https:\/\/eldigitaldeasturias.com\/radio\/wp-content\/uploads\/2018\/05\/tennis-923659_960_720.jpg 960w\" sizes=\"(max-width: 360px) 100vw, 360px\" \/>(Europa Press) &#8211;\u00a0La Federaci\u00f3n Interancional de Tenis (ITF) ha emitido un comunicado este jueves anunciando recortes en distintos proyectos, en los salarios de los directivos, as\u00ed como la suspensi\u00f3n del empleo de forma temporal para la mitad de sus trabajadores con el objetivo de resistir a las p\u00e9rdidas econ\u00f3micas generadas por el coronavirus y los m\u00e1s de 900 torneos que han sido cancelados en este \u00faltimo mes.<\/p>\n<p>\u00abLa situaci\u00f3n que enfrentamos representa un desaf\u00edo fundamental para nuestra organizaci\u00f3n y nuestro deporte. Nuestro prop\u00f3sito es garantizar el crecimiento a largo plazo y la sostenibilidad de nuestro deporte en colaboraci\u00f3n con nuestros 210 pa\u00edses miembros, por lo que estamos tomando decisiones dif\u00edciles a corto plazo para que podamos continuar entregando tenis para las generaciones futuras en todo el mundo\u00bb, indic\u00f3 David Haggerty, el presidente de la ITF.<\/p>\n<p>Haggerty record\u00f3 que \u00abcomo organizaci\u00f3n sin \u00e1nimo de lucro\u00bb, el \u00ab90% de los ingresos de la ITF se reinvierten en programas que impulsan el crecimiento del tenis\u00bb. Y ahora cree necesario un \u00absistema de protecci\u00f3n laboral\u00bb que \u00abincluye un permiso para aproximadamente la mitad del personal de la ITF\u00bb, el equivalente a un ERTE en Espa\u00f1a.<\/p>\n<p>\u00abEl personal restante continuar\u00e1 trabajando para mantener los servicios m\u00ednimos y las plataformas esenciales con una reducci\u00f3n del salario del 10%. El equipo de lidereazgo se reducir\u00e1 el salario el 20%, mientras que el presidente de la ITF ha propuesto voluntariamente una disminuci\u00f3n del 30% durante un a\u00f1o\u00bb, explica el comunicado.<\/p>\n<p>\u00abHemos pospuesto m\u00e1s de 900 torneos en todos los circuitos de la ITF, incluida la Copa Federaci\u00f3n Finals 2020, y sigue siendo incierto cu\u00e1ndo se puede reanudar el juego. Si bien posponer eventos y priorizar la seguridad es la respuesta adecuada en estas circunstancias excepcionales, ha resultado en una serie de desaf\u00edos complejos, incluida una p\u00e9rdida significativa de ingresos\u00bb, destaca el organismo.<\/p>\n<p>\u00abCon el fin de salvaguardar los trabajos y proteger la salud a largo plazo de nuestra organizaci\u00f3n y nuestro deporte, la ITF est\u00e1 implementando una serie de medidas, vigentes a partir de hoy, que incluyen ahorros en proyectos, un esquema de protecci\u00f3n laboral para los empleados y la utilizaci\u00f3n de fondos de Reservas de la ITF\u00bb, subraya.<\/p>\n","protected":false},"excerpt":{"rendered":"<p>(Europa Press) &#8211;\u00a0La Federaci\u00f3n Interancional de Tenis (ITF) ha emitido un comunicado este jueves anunciando recortes en distintos proyectos, en los salarios de los directivos, as\u00ed como la suspensi\u00f3n del empleo de forma temporal para la mitad de sus trabajadores con el objetivo de resistir a las p\u00e9rdidas econ\u00f3micas generadas por el coronavirus y los<\/p>\n","protected":false},"author":1,"featured_media":893,"comment_status":"closed","ping_status":"closed","sticky":false,"template":"","format":"standard","meta":{"footnotes":""},"categories":[1],"tags":[],"class_list":{"0":"post-4079","1":"post","2":"type-post","3":"status-publish","4":"format-standard","5":"has-post-thumbnail","7":"category-noticias"},"aioseo_notices":[],"aioseo_head":"\n\t\t<!-- All in One SEO Pro 4.9.6.2 - aioseo.com -->\n\t<meta name=\"description\" content=\"(Europa Press) - La Federaci\u00f3n Interancional de Tenis (ITF) ha emitido un comunicado este jueves anunciando recortes en distintos proyectos, en los salarios de los directivos, as\u00ed como la suspensi\u00f3n del empleo de forma temporal para la mitad de sus trabajadores con el objetivo de resistir a las p\u00e9rdidas econ\u00f3micas generadas por el coronavirus y los\" \/>\n\t<meta name=\"robots\" content=\"max-image-preview:large\" \/>\n\t<meta name=\"author\" content=\"NBAsturias\"\/>\n\t<meta name=\"google-site-verification\" content=\"UA-38556648-1\" \/>\n\t<meta name=\"keywords\" content=\"noticias\" \/>\n\t<link rel=\"canonical\" href=\"https:\/\/eldigitaldeasturias.com\/radio\/la-itf-anuncia-recortes-tras-la-cancelacion-de-900-torneos\/\" \/>\n\t<meta name=\"generator\" content=\"All in One SEO Pro (AIOSEO) 4.9.6.2\" \/>\n\t\t<meta property=\"og:locale\" content=\"es_ES\" \/>\n\t\t<meta property=\"og:site_name\" content=\"El Digital de Asturias | Diario de informaci\u00f3n y noticias\" \/>\n\t\t<meta property=\"og:type\" content=\"article\" \/>\n\t\t<meta property=\"og:title\" content=\"La ITF anuncia recortes tras la cancelaci\u00f3n de 900 torneos | El Digital de Asturias\" \/>\n\t\t<meta property=\"og:description\" content=\"(Europa Press) - La Federaci\u00f3n Interancional de Tenis (ITF) ha emitido un comunicado este jueves anunciando recortes en distintos proyectos, en los salarios de los directivos, as\u00ed como la suspensi\u00f3n del empleo de forma temporal para la mitad de sus trabajadores con el objetivo de resistir a las p\u00e9rdidas econ\u00f3micas generadas por el coronavirus y los\" \/>\n\t\t<meta property=\"og:url\" content=\"https:\/\/eldigitaldeasturias.com\/radio\/la-itf-anuncia-recortes-tras-la-cancelacion-de-900-torneos\/\" \/>\n\t\t<meta property=\"og:image\" content=\"https:\/\/eldigitaldeasturias.com\/radio\/wp-content\/uploads\/2018\/05\/tennis-923659_960_720.jpg\" \/>\n\t\t<meta property=\"og:image:secure_url\" content=\"https:\/\/eldigitaldeasturias.com\/radio\/wp-content\/uploads\/2018\/05\/tennis-923659_960_720.jpg\" \/>\n\t\t<meta property=\"og:image:width\" content=\"960\" \/>\n\t\t<meta property=\"og:image:height\" content=\"720\" \/>\n\t\t<meta property=\"article:published_time\" content=\"2020-04-10T14:37:02+00:00\" \/>\n\t\t<meta property=\"article:modified_time\" content=\"2020-04-15T23:36:59+00:00\" \/>\n\t\t<meta name=\"twitter:card\" content=\"summary_large_image\" \/>\n\t\t<meta name=\"twitter:site\" content=\"@bercodi\" \/>\n\t\t<meta name=\"twitter:title\" content=\"La ITF anuncia recortes tras la cancelaci\u00f3n de 900 torneos | El Digital de Asturias\" \/>\n\t\t<meta name=\"twitter:description\" content=\"(Europa Press) - La Federaci\u00f3n Interancional de Tenis (ITF) ha emitido un comunicado este jueves anunciando recortes en distintos proyectos, en los salarios de los directivos, as\u00ed como la suspensi\u00f3n del empleo de forma temporal para la mitad de sus trabajadores con el objetivo de resistir a las p\u00e9rdidas econ\u00f3micas generadas por el coronavirus y los\" \/>\n\t\t<meta name=\"twitter:creator\" content=\"@bercodi\" \/>\n\t\t<meta name=\"twitter:image\" content=\"https:\/\/eldigitaldeasturias.com\/radio\/wp-content\/uploads\/2018\/05\/tennis-923659_960_720.jpg\" \/>\n\t\t<script type=\"application\/ld+json\" class=\"aioseo-schema\">\n\t\t\t{\"@context\":\"https:\\\/\\\/schema.org\",\"@graph\":[{\"@type\":\"BreadcrumbList\",\"@id\":\"https:\\\/\\\/eldigitaldeasturias.com\\\/radio\\\/la-itf-anuncia-recortes-tras-la-cancelacion-de-900-torneos\\\/#breadcrumblist\",\"itemListElement\":[{\"@type\":\"ListItem\",\"@id\":\"https:\\\/\\\/eldigitaldeasturias.com\\\/radio#listItem\",\"position\":1,\"name\":\"Inicio\",\"item\":\"https:\\\/\\\/eldigitaldeasturias.com\\\/radio\",\"nextItem\":{\"@type\":\"ListItem\",\"@id\":\"https:\\\/\\\/eldigitaldeasturias.com\\\/radio\\\/category\\\/noticias\\\/#listItem\",\"name\":\"Noticias\"}},{\"@type\":\"ListItem\",\"@id\":\"https:\\\/\\\/eldigitaldeasturias.com\\\/radio\\\/category\\\/noticias\\\/#listItem\",\"position\":2,\"name\":\"Noticias\",\"item\":\"https:\\\/\\\/eldigitaldeasturias.com\\\/radio\\\/category\\\/noticias\\\/\",\"nextItem\":{\"@type\":\"ListItem\",\"@id\":\"https:\\\/\\\/eldigitaldeasturias.com\\\/radio\\\/la-itf-anuncia-recortes-tras-la-cancelacion-de-900-torneos\\\/#listItem\",\"name\":\"La ITF anuncia recortes tras la cancelaci\\u00f3n de 900 torneos\"},\"previousItem\":{\"@type\":\"ListItem\",\"@id\":\"https:\\\/\\\/eldigitaldeasturias.com\\\/radio#listItem\",\"name\":\"Inicio\"}},{\"@type\":\"ListItem\",\"@id\":\"https:\\\/\\\/eldigitaldeasturias.com\\\/radio\\\/la-itf-anuncia-recortes-tras-la-cancelacion-de-900-torneos\\\/#listItem\",\"position\":3,\"name\":\"La ITF anuncia recortes tras la cancelaci\\u00f3n de 900 torneos\",\"previousItem\":{\"@type\":\"ListItem\",\"@id\":\"https:\\\/\\\/eldigitaldeasturias.com\\\/radio\\\/category\\\/noticias\\\/#listItem\",\"name\":\"Noticias\"}}]},{\"@type\":\"NewsArticle\",\"@id\":\"https:\\\/\\\/eldigitaldeasturias.com\\\/radio\\\/la-itf-anuncia-recortes-tras-la-cancelacion-de-900-torneos\\\/#newsarticle\",\"name\":\"La ITF anuncia recortes tras la cancelaci\\u00f3n de 900 torneos | El Digital de Asturias\",\"headline\":\"La ITF anuncia recortes tras la cancelaci\\u00f3n de 900 torneos\",\"author\":{\"@id\":\"https:\\\/\\\/eldigitaldeasturias.com\\\/radio\\\/author\\\/nbasturias\\\/#author\"},\"publisher\":{\"@id\":\"https:\\\/\\\/eldigitaldeasturias.com\\\/radio\\\/#organization\"},\"image\":{\"@type\":\"ImageObject\",\"url\":\"https:\\\/\\\/eldigitaldeasturias.com\\\/radio\\\/wp-content\\\/uploads\\\/2018\\\/05\\\/tennis-923659_960_720.jpg\",\"width\":960,\"height\":720},\"datePublished\":\"2020-04-10T14:37:02+02:00\",\"dateModified\":\"2020-04-15T23:36:59+02:00\",\"inLanguage\":\"es-ES\",\"mainEntityOfPage\":{\"@id\":\"https:\\\/\\\/eldigitaldeasturias.com\\\/radio\\\/la-itf-anuncia-recortes-tras-la-cancelacion-de-900-torneos\\\/#webpage\"},\"isPartOf\":{\"@id\":\"https:\\\/\\\/eldigitaldeasturias.com\\\/radio\\\/la-itf-anuncia-recortes-tras-la-cancelacion-de-900-torneos\\\/#webpage\"},\"articleSection\":\"Noticias\",\"dateline\":\"Publicado el abril 10, 2020.\"},{\"@type\":\"Organization\",\"@id\":\"https:\\\/\\\/eldigitaldeasturias.com\\\/radio\\\/#organization\",\"name\":\"El digital de Asturias Radio\",\"description\":\"Diario de informaci\\u00f3n y noticias\",\"url\":\"https:\\\/\\\/eldigitaldeasturias.com\\\/radio\\\/\",\"telephone\":\"+34652131393\",\"logo\":{\"@type\":\"ImageObject\",\"url\":\"https:\\\/\\\/www.eldigitaldeasturias.com\\\/radio\\\/wp-content\\\/uploads\\\/2021\\\/03\\\/EDA.jpg\",\"@id\":\"https:\\\/\\\/eldigitaldeasturias.com\\\/radio\\\/la-itf-anuncia-recortes-tras-la-cancelacion-de-900-torneos\\\/#organizationLogo\"},\"image\":{\"@id\":\"https:\\\/\\\/eldigitaldeasturias.com\\\/radio\\\/la-itf-anuncia-recortes-tras-la-cancelacion-de-900-torneos\\\/#organizationLogo\"},\"sameAs\":[\"https:\\\/\\\/www.facebook.com\\\/\",\"https:\\\/\\\/x.com\\\/bercodi\",\"https:\\\/\\\/www.instagram.com\\\/\",\"https:\\\/\\\/www.youtube.com\\\/channel\\\/UCZP-2wLEB9Rv6erhFmqVnvg\"]},{\"@type\":\"Person\",\"@id\":\"https:\\\/\\\/eldigitaldeasturias.com\\\/radio\\\/author\\\/nbasturias\\\/#author\",\"url\":\"https:\\\/\\\/eldigitaldeasturias.com\\\/radio\\\/author\\\/nbasturias\\\/\",\"name\":\"NBAsturias\",\"image\":{\"@type\":\"ImageObject\",\"@id\":\"https:\\\/\\\/eldigitaldeasturias.com\\\/radio\\\/la-itf-anuncia-recortes-tras-la-cancelacion-de-900-torneos\\\/#authorImage\",\"url\":\"https:\\\/\\\/secure.gravatar.com\\\/avatar\\\/df2aeffc32bcd13f8d26072ef8a91b623d677766deac7f97ca815868cd41bf5e?s=96&d=mm&r=g\",\"width\":96,\"height\":96,\"caption\":\"NBAsturias\"}},{\"@type\":\"WebPage\",\"@id\":\"https:\\\/\\\/eldigitaldeasturias.com\\\/radio\\\/la-itf-anuncia-recortes-tras-la-cancelacion-de-900-torneos\\\/#webpage\",\"url\":\"https:\\\/\\\/eldigitaldeasturias.com\\\/radio\\\/la-itf-anuncia-recortes-tras-la-cancelacion-de-900-torneos\\\/\",\"name\":\"La ITF anuncia recortes tras la cancelaci\\u00f3n de 900 torneos | El Digital de Asturias\",\"description\":\"(Europa Press) - La Federaci\\u00f3n Interancional de Tenis (ITF) ha emitido un comunicado este jueves anunciando recortes en distintos proyectos, en los salarios de los directivos, as\\u00ed como la suspensi\\u00f3n del empleo de forma temporal para la mitad de sus trabajadores con el objetivo de resistir a las p\\u00e9rdidas econ\\u00f3micas generadas por el coronavirus y los\",\"inLanguage\":\"es-ES\",\"isPartOf\":{\"@id\":\"https:\\\/\\\/eldigitaldeasturias.com\\\/radio\\\/#website\"},\"breadcrumb\":{\"@id\":\"https:\\\/\\\/eldigitaldeasturias.com\\\/radio\\\/la-itf-anuncia-recortes-tras-la-cancelacion-de-900-torneos\\\/#breadcrumblist\"},\"author\":{\"@id\":\"https:\\\/\\\/eldigitaldeasturias.com\\\/radio\\\/author\\\/nbasturias\\\/#author\"},\"creator\":{\"@id\":\"https:\\\/\\\/eldigitaldeasturias.com\\\/radio\\\/author\\\/nbasturias\\\/#author\"},\"image\":{\"@type\":\"ImageObject\",\"url\":\"https:\\\/\\\/eldigitaldeasturias.com\\\/radio\\\/wp-content\\\/uploads\\\/2018\\\/05\\\/tennis-923659_960_720.jpg\",\"@id\":\"https:\\\/\\\/eldigitaldeasturias.com\\\/radio\\\/la-itf-anuncia-recortes-tras-la-cancelacion-de-900-torneos\\\/#mainImage\",\"width\":960,\"height\":720},\"primaryImageOfPage\":{\"@id\":\"https:\\\/\\\/eldigitaldeasturias.com\\\/radio\\\/la-itf-anuncia-recortes-tras-la-cancelacion-de-900-torneos\\\/#mainImage\"},\"datePublished\":\"2020-04-10T14:37:02+02:00\",\"dateModified\":\"2020-04-15T23:36:59+02:00\"},{\"@type\":\"WebSite\",\"@id\":\"https:\\\/\\\/eldigitaldeasturias.com\\\/radio\\\/#website\",\"url\":\"https:\\\/\\\/eldigitaldeasturias.com\\\/radio\\\/\",\"name\":\"El Digital de Asturias\",\"description\":\"Diario de informaci\\u00f3n y noticias\",\"inLanguage\":\"es-ES\",\"publisher\":{\"@id\":\"https:\\\/\\\/eldigitaldeasturias.com\\\/radio\\\/#organization\"}}]}\n\t\t<\/script>\n\t\t<!-- All in One SEO Pro -->\r\n\t\t<title>La ITF anuncia recortes tras la cancelaci\u00f3n de 900 torneos | El Digital de Asturias<\/title>\n\n","aioseo_head_json":{"title":"La ITF anuncia recortes tras la cancelaci\u00f3n de 900 torneos | El Digital de Asturias","description":"(Europa Press) - La Federaci\u00f3n Interancional de Tenis (ITF) ha emitido un comunicado este jueves anunciando recortes en distintos proyectos, en los salarios de los directivos, as\u00ed como la suspensi\u00f3n del empleo de forma temporal para la mitad de sus trabajadores con el objetivo de resistir a las p\u00e9rdidas econ\u00f3micas generadas por el coronavirus y los","canonical_url":"https:\/\/eldigitaldeasturias.com\/radio\/la-itf-anuncia-recortes-tras-la-cancelacion-de-900-torneos\/","robots":"max-image-preview:large","keywords":"noticias","webmasterTools":{"google-site-verification":"UA-38556648-1","miscellaneous":""},"schema":{"@context":"https:\/\/schema.org","@graph":[{"@type":"BreadcrumbList","@id":"https:\/\/eldigitaldeasturias.com\/radio\/la-itf-anuncia-recortes-tras-la-cancelacion-de-900-torneos\/#breadcrumblist","itemListElement":[{"@type":"ListItem","@id":"https:\/\/eldigitaldeasturias.com\/radio#listItem","position":1,"name":"Inicio","item":"https:\/\/eldigitaldeasturias.com\/radio","nextItem":{"@type":"ListItem","@id":"https:\/\/eldigitaldeasturias.com\/radio\/category\/noticias\/#listItem","name":"Noticias"}},{"@type":"ListItem","@id":"https:\/\/eldigitaldeasturias.com\/radio\/category\/noticias\/#listItem","position":2,"name":"Noticias","item":"https:\/\/eldigitaldeasturias.com\/radio\/category\/noticias\/","nextItem":{"@type":"ListItem","@id":"https:\/\/eldigitaldeasturias.com\/radio\/la-itf-anuncia-recortes-tras-la-cancelacion-de-900-torneos\/#listItem","name":"La ITF anuncia recortes tras la cancelaci\u00f3n de 900 torneos"},"previousItem":{"@type":"ListItem","@id":"https:\/\/eldigitaldeasturias.com\/radio#listItem","name":"Inicio"}},{"@type":"ListItem","@id":"https:\/\/eldigitaldeasturias.com\/radio\/la-itf-anuncia-recortes-tras-la-cancelacion-de-900-torneos\/#listItem","position":3,"name":"La ITF anuncia recortes tras la cancelaci\u00f3n de 900 torneos","previousItem":{"@type":"ListItem","@id":"https:\/\/eldigitaldeasturias.com\/radio\/category\/noticias\/#listItem","name":"Noticias"}}]},{"@type":"NewsArticle","@id":"https:\/\/eldigitaldeasturias.com\/radio\/la-itf-anuncia-recortes-tras-la-cancelacion-de-900-torneos\/#newsarticle","name":"La ITF anuncia recortes tras la cancelaci\u00f3n de 900 torneos | El Digital de Asturias","headline":"La ITF anuncia recortes tras la cancelaci\u00f3n de 900 torneos","author":{"@id":"https:\/\/eldigitaldeasturias.com\/radio\/author\/nbasturias\/#author"},"publisher":{"@id":"https:\/\/eldigitaldeasturias.com\/radio\/#organization"},"image":{"@type":"ImageObject","url":"https:\/\/eldigitaldeasturias.com\/radio\/wp-content\/uploads\/2018\/05\/tennis-923659_960_720.jpg","width":960,"height":720},"datePublished":"2020-04-10T14:37:02+02:00","dateModified":"2020-04-15T23:36:59+02:00","inLanguage":"es-ES","mainEntityOfPage":{"@id":"https:\/\/eldigitaldeasturias.com\/radio\/la-itf-anuncia-recortes-tras-la-cancelacion-de-900-torneos\/#webpage"},"isPartOf":{"@id":"https:\/\/eldigitaldeasturias.com\/radio\/la-itf-anuncia-recortes-tras-la-cancelacion-de-900-torneos\/#webpage"},"articleSection":"Noticias","dateline":"Publicado el abril 10, 2020."},{"@type":"Organization","@id":"https:\/\/eldigitaldeasturias.com\/radio\/#organization","name":"El digital de Asturias Radio","description":"Diario de informaci\u00f3n y noticias","url":"https:\/\/eldigitaldeasturias.com\/radio\/","telephone":"+34652131393","logo":{"@type":"ImageObject","url":"https:\/\/www.eldigitaldeasturias.com\/radio\/wp-content\/uploads\/2021\/03\/EDA.jpg","@id":"https:\/\/eldigitaldeasturias.com\/radio\/la-itf-anuncia-recortes-tras-la-cancelacion-de-900-torneos\/#organizationLogo"},"image":{"@id":"https:\/\/eldigitaldeasturias.com\/radio\/la-itf-anuncia-recortes-tras-la-cancelacion-de-900-torneos\/#organizationLogo"},"sameAs":["https:\/\/www.facebook.com\/","https:\/\/x.com\/bercodi","https:\/\/www.instagram.com\/","https:\/\/www.youtube.com\/channel\/UCZP-2wLEB9Rv6erhFmqVnvg"]},{"@type":"Person","@id":"https:\/\/eldigitaldeasturias.com\/radio\/author\/nbasturias\/#author","url":"https:\/\/eldigitaldeasturias.com\/radio\/author\/nbasturias\/","name":"NBAsturias","image":{"@type":"ImageObject","@id":"https:\/\/eldigitaldeasturias.com\/radio\/la-itf-anuncia-recortes-tras-la-cancelacion-de-900-torneos\/#authorImage","url":"https:\/\/secure.gravatar.com\/avatar\/df2aeffc32bcd13f8d26072ef8a91b623d677766deac7f97ca815868cd41bf5e?s=96&d=mm&r=g","width":96,"height":96,"caption":"NBAsturias"}},{"@type":"WebPage","@id":"https:\/\/eldigitaldeasturias.com\/radio\/la-itf-anuncia-recortes-tras-la-cancelacion-de-900-torneos\/#webpage","url":"https:\/\/eldigitaldeasturias.com\/radio\/la-itf-anuncia-recortes-tras-la-cancelacion-de-900-torneos\/","name":"La ITF anuncia recortes tras la cancelaci\u00f3n de 900 torneos | El Digital de Asturias","description":"(Europa Press) - La Federaci\u00f3n Interancional de Tenis (ITF) ha emitido un comunicado este jueves anunciando recortes en distintos proyectos, en los salarios de los directivos, as\u00ed como la suspensi\u00f3n del empleo de forma temporal para la mitad de sus trabajadores con el objetivo de resistir a las p\u00e9rdidas econ\u00f3micas generadas por el coronavirus y los","inLanguage":"es-ES","isPartOf":{"@id":"https:\/\/eldigitaldeasturias.com\/radio\/#website"},"breadcrumb":{"@id":"https:\/\/eldigitaldeasturias.com\/radio\/la-itf-anuncia-recortes-tras-la-cancelacion-de-900-torneos\/#breadcrumblist"},"author":{"@id":"https:\/\/eldigitaldeasturias.com\/radio\/author\/nbasturias\/#author"},"creator":{"@id":"https:\/\/eldigitaldeasturias.com\/radio\/author\/nbasturias\/#author"},"image":{"@type":"ImageObject","url":"https:\/\/eldigitaldeasturias.com\/radio\/wp-content\/uploads\/2018\/05\/tennis-923659_960_720.jpg","@id":"https:\/\/eldigitaldeasturias.com\/radio\/la-itf-anuncia-recortes-tras-la-cancelacion-de-900-torneos\/#mainImage","width":960,"height":720},"primaryImageOfPage":{"@id":"https:\/\/eldigitaldeasturias.com\/radio\/la-itf-anuncia-recortes-tras-la-cancelacion-de-900-torneos\/#mainImage"},"datePublished":"2020-04-10T14:37:02+02:00","dateModified":"2020-04-15T23:36:59+02:00"},{"@type":"WebSite","@id":"https:\/\/eldigitaldeasturias.com\/radio\/#website","url":"https:\/\/eldigitaldeasturias.com\/radio\/","name":"El Digital de Asturias","description":"Diario de informaci\u00f3n y noticias","inLanguage":"es-ES","publisher":{"@id":"https:\/\/eldigitaldeasturias.com\/radio\/#organization"}}]},"og:locale":"es_ES","og:site_name":"El Digital de Asturias | Diario de informaci\u00f3n y noticias","og:type":"article","og:title":"La ITF anuncia recortes tras la cancelaci\u00f3n de 900 torneos | El Digital de Asturias","og:description":"(Europa Press) - La Federaci\u00f3n Interancional de Tenis (ITF) ha emitido un comunicado este jueves anunciando recortes en distintos proyectos, en los salarios de los directivos, as\u00ed como la suspensi\u00f3n del empleo de forma temporal para la mitad de sus trabajadores con el objetivo de resistir a las p\u00e9rdidas econ\u00f3micas generadas por el coronavirus y los","og:url":"https:\/\/eldigitaldeasturias.com\/radio\/la-itf-anuncia-recortes-tras-la-cancelacion-de-900-torneos\/","og:image":"https:\/\/eldigitaldeasturias.com\/radio\/wp-content\/uploads\/2018\/05\/tennis-923659_960_720.jpg","og:image:secure_url":"https:\/\/eldigitaldeasturias.com\/radio\/wp-content\/uploads\/2018\/05\/tennis-923659_960_720.jpg","og:image:width":960,"og:image:height":720,"article:published_time":"2020-04-10T14:37:02+00:00","article:modified_time":"2020-04-15T23:36:59+00:00","twitter:card":"summary_large_image","twitter:site":"@bercodi","twitter:title":"La ITF anuncia recortes tras la cancelaci\u00f3n de 900 torneos | El Digital de Asturias","twitter:description":"(Europa Press) - La Federaci\u00f3n Interancional de Tenis (ITF) ha emitido un comunicado este jueves anunciando recortes en distintos proyectos, en los salarios de los directivos, as\u00ed como la suspensi\u00f3n del empleo de forma temporal para la mitad de sus trabajadores con el objetivo de resistir a las p\u00e9rdidas econ\u00f3micas generadas por el coronavirus y los","twitter:creator":"@bercodi","twitter:image":"https:\/\/eldigitaldeasturias.com\/radio\/wp-content\/uploads\/2018\/05\/tennis-923659_960_720.jpg"},"aioseo_meta_data":{"post_id":"4079","title":null,"description":null,"keywords":null,"keyphrases":null,"primary_term":null,"canonical_url":null,"og_title":null,"og_description":null,"og_object_type":"default","og_image_type":"default","og_image_url":null,"og_image_width":null,"og_image_height":null,"og_image_custom_url":null,"og_image_custom_fields":null,"og_video":null,"og_custom_url":null,"og_article_section":null,"og_article_tags":null,"twitter_use_og":false,"twitter_card":"default","twitter_image_type":"default","twitter_image_url":null,"twitter_image_custom_url":null,"twitter_image_custom_fields":null,"twitter_title":null,"twitter_description":null,"schema":{"blockGraphs":[],"customGraphs":[],"default":{"data":{"Article":[],"Course":[],"Dataset":[],"FAQPage":[],"Movie":[],"Person":[],"Product":[],"ProductReview":[],"Car":[],"Recipe":[],"Service":[],"SoftwareApplication":[],"WebPage":[]},"graphName":"","isEnabled":true},"graphs":[],"defaultGraph":"","defaultPostTypeGraph":""},"schema_type":null,"schema_type_options":null,"pillar_content":false,"robots_default":true,"robots_noindex":false,"robots_noarchive":false,"robots_nosnippet":false,"robots_nofollow":false,"robots_noimageindex":false,"robots_noodp":false,"robots_notranslate":false,"robots_max_snippet":null,"robots_max_videopreview":null,"robots_max_imagepreview":"large","priority":null,"frequency":null,"location":null,"local_seo":null,"seo_analyzer_scan_date":"2025-08-28 15:17:35","breadcrumb_settings":null,"limit_modified_date":false,"open_ai":null,"ai":null,"created":"2021-03-28 14:48:13","updated":"2025-08-28 15:17:35"},"aioseo_breadcrumb":"<div class=\"aioseo-breadcrumbs\"><span class=\"aioseo-breadcrumb\">\n\t<a href=\"https:\/\/eldigitaldeasturias.com\/radio\" title=\"Inicio\">Inicio<\/a>\n<\/span><span class=\"aioseo-breadcrumb-separator\">&ndash;<\/span><span class=\"aioseo-breadcrumb\">\n\t<a href=\"https:\/\/eldigitaldeasturias.com\/radio\/category\/noticias\/\" title=\"Noticias\">Noticias<\/a>\n<\/span><span class=\"aioseo-breadcrumb-separator\">&ndash;<\/span><span class=\"aioseo-breadcrumb\">\n\tLa ITF anuncia recortes tras la cancelaci\u00f3n de 900 torneos\n<\/span><\/div>","aioseo_breadcrumb_json":[{"label":"Inicio","link":"https:\/\/eldigitaldeasturias.com\/radio"},{"label":"Noticias","link":"https:\/\/eldigitaldeasturias.com\/radio\/category\/noticias\/"},{"label":"La ITF anuncia recortes tras la cancelaci\u00f3n de 900 torneos","link":"https:\/\/eldigitaldeasturias.com\/radio\/la-itf-anuncia-recortes-tras-la-cancelacion-de-900-torneos\/"}],"_links":{"self":[{"href":"https:\/\/eldigitaldeasturias.com\/radio\/wp-json\/wp\/v2\/posts\/4079","targetHints":{"allow":["GET"]}}],"collection":[{"href":"https:\/\/eldigitaldeasturias.com\/radio\/wp-json\/wp\/v2\/posts"}],"about":[{"href":"https:\/\/eldigitaldeasturias.com\/radio\/wp-json\/wp\/v2\/types\/post"}],"author":[{"embeddable":true,"href":"https:\/\/eldigitaldeasturias.com\/radio\/wp-json\/wp\/v2\/users\/1"}],"replies":[{"embeddable":true,"href":"https:\/\/eldigitaldeasturias.com\/radio\/wp-json\/wp\/v2\/comments?post=4079"}],"version-history":[{"count":0,"href":"https:\/\/eldigitaldeasturias.com\/radio\/wp-json\/wp\/v2\/posts\/4079\/revisions"}],"wp:featuredmedia":[{"embeddable":true,"href":"https:\/\/eldigitaldeasturias.com\/radio\/wp-json\/wp\/v2\/media\/893"}],"wp:attachment":[{"href":"https:\/\/eldigitaldeasturias.com\/radio\/wp-json\/wp\/v2\/media?parent=4079"}],"wp:term":[{"taxonomy":"category","embeddable":true,"href":"https:\/\/eldigitaldeasturias.com\/radio\/wp-json\/wp\/v2\/categories?post=4079"},{"taxonomy":"post_tag","embeddable":true,"href":"https:\/\/eldigitaldeasturias.com\/radio\/wp-json\/wp\/v2\/tags?post=4079"}],"curies":[{"name":"wp","href":"https:\/\/api.w.org\/{rel}","templated":true}]}}