{"id":4076,"date":"2020-04-10T14:34:27","date_gmt":"2020-04-10T14:34:27","guid":{"rendered":"http:\/\/www.eldigitaldeasturias.com\/radio\/?p=4076"},"modified":"2020-04-15T23:37:28","modified_gmt":"2020-04-15T23:37:28","slug":"infantino-ningun-partido-vale-mas-que-una-vida","status":"publish","type":"post","link":"https:\/\/eldigitaldeasturias.com\/radio\/infantino-ningun-partido-vale-mas-que-una-vida\/","title":{"rendered":"Infantino: \u00abNing\u00fan partido vale m\u00e1s que una vida\u00bb"},"content":{"rendered":"<figure id=\"attachment_4077\" aria-describedby=\"caption-attachment-4077\" style=\"width: 360px\" class=\"wp-caption alignleft\"><img fetchpriority=\"high\" decoding=\"async\" class=\"size-medium wp-image-4077\" src=\"http:\/\/www.eldigitaldeasturias.com\/radio\/wp-content\/uploads\/2020\/04\/Infantino-360x236.jpg\" alt=\"\" width=\"360\" height=\"236\" srcset=\"https:\/\/eldigitaldeasturias.com\/radio\/wp-content\/uploads\/2020\/04\/Infantino-360x236.jpg 360w, https:\/\/eldigitaldeasturias.com\/radio\/wp-content\/uploads\/2020\/04\/Infantino-768x504.jpg 768w, https:\/\/eldigitaldeasturias.com\/radio\/wp-content\/uploads\/2020\/04\/Infantino.jpg 1001w\" sizes=\"(max-width: 360px) 100vw, 360px\" \/><figcaption id=\"caption-attachment-4077\" class=\"wp-caption-text\">Foto: Leigh Vogel \/ Polaris<\/figcaption><\/figure>\n<p>(Europa Press) &#8211;\u00a0El presidente de la FIFA, Gianni Infantino, record\u00f3 que \u00abning\u00fan partido de f\u00fatbol vale m\u00e1s que una vida\u00bb, motivo m\u00e1s que \u00absuficiente\u00bb para \u00abesperar\u00bb a retomar la vuelta a las competiciones hasta que digan las autoridades, adem\u00e1s de confirmar que el organismo que dirige est\u00e1 preparando la \u00abayuda adecuada\u00bb para paliar el impacto econ\u00f3mico del par\u00f3n provocado por la pandemia del coronavirus.<\/p>\n<p>\u00abNuestra m\u00e1xima prioridad, nuestro principio empleado para nuestras competiciones y el cual animamos a todos a seguir, es que la salud es lo primero. Por mucho que lo recalque no es suficiente. No merece la pena poner en peligro ninguna vida humana por ning\u00fan partido, por ninguna competici\u00f3n y ninguna Liga\u00bb, dijo Infantino en declaraciones a la Real Federaci\u00f3n Espa\u00f1ola de F\u00fatbol (RFEF).<\/p>\n<p>\u00abTodas las personas del mundo deber\u00edan tener esto muy claro en su cabeza. Ser\u00eda m\u00e1s que irresponsable obligar a que las competiciones se reanudasen si la situaci\u00f3n no es segura al cien por cien. Si tenemos que esperar un poco m\u00e1s tiempo, lo haremos. Es mejor esperar un poquito m\u00e1s que correr riesgos\u00bb, a\u00f1adi\u00f3 el m\u00e1ximo responsable de la FIFA.<\/p>\n<p>Infantino, adem\u00e1s, confirm\u00f3 una ayuda econ\u00f3mica para el f\u00fatbol a nivel mundial. \u00abHabr\u00e9is o\u00eddo hablar de otra de nuestras prioridades, que es el fondo de socorro en el que estamos trabajando. Quiero ofrecer m\u00e1s informaci\u00f3n al respecto. Gracias al trabajo que venimos realizando juntos en la FIFA los \u00faltimos cuatro a\u00f1os nos encontramos con una situaci\u00f3n financiera muy s\u00f3lida\u00bb, record\u00f3.<\/p>\n<p>\u00abLa FIFA tiene una buena reputaci\u00f3n en los mercados financieros y esto nos ha ayudado a consolidar una base con reservas importantes. Nuestras reservas no son el dinero de la FIFA. Ese dinero es el dinero del f\u00fatbol. Y por eso cuando el f\u00fatbol est\u00e1 necesitado debemos pensar qu\u00e9 podemos hacer para ayudar. Es nuestra responsabilidad y nuestro deber, as\u00ed lo veo yo como presidente de la FIFA\u00bb, agreg\u00f3 el suizo.<\/p>\n<p>\u00abY como el f\u00fatbol se ha parado por todo el mundo, todos estamos enfrent\u00e1ndonos a problemas econ\u00f3micos, desde la base hasta el f\u00fatbol profesional. Teniendo esto presente estamos colaborando con vosotros a la hora de evaluar el impacto financiero para poder preparar la respuesta adecuada\u00bb, sentenci\u00f3.<\/p>\n<h4><strong>\u00abSENTIDO COM\u00daN Y FLEXIBILIDAD\u00bb CON LOS CONTRATOS<\/strong><\/h4>\n<p>Por \u00faltimo, Infantino tambi\u00e9n confirm\u00f3 que la FIFA sigue estudiando la mejor forma de resolver el conflicto de los contratos para aquellos jugadores que acaban su vinculaci\u00f3n con un club el 30 de junio. Si la competici\u00f3n se sigue celebrando en julio deber\u00e1 habilitarse una pr\u00f3rroga, de igual manera que para el mercado de fichajes.<\/p>\n<p>\u00abEstamos estudiando igualmente los contratos de jugadores y los mercados de fichajes para mostrar flexibilidad y sentido com\u00fan en nuestro enfoque jur\u00eddico de cara al futuro. Y analizaremos tambi\u00e9n c\u00f3mo podemos ayudar de una manera concreta y eficiente con el fondo espec\u00edfico que he mencionado antes\u00bb, finaliz\u00f3.<\/p>\n<p>&nbsp;<\/p>\n","protected":false},"excerpt":{"rendered":"<p>(Europa Press) &#8211;\u00a0El presidente de la FIFA, Gianni Infantino, record\u00f3 que \u00abning\u00fan partido de f\u00fatbol vale m\u00e1s que una vida\u00bb, motivo m\u00e1s que \u00absuficiente\u00bb para \u00abesperar\u00bb a retomar la vuelta a las competiciones hasta que digan las autoridades, adem\u00e1s de confirmar que el organismo que dirige est\u00e1 preparando la \u00abayuda adecuada\u00bb para paliar el impacto<\/p>\n","protected":false},"author":1,"featured_media":4077,"comment_status":"closed","ping_status":"closed","sticky":false,"template":"","format":"standard","meta":{"footnotes":""},"categories":[1],"tags":[],"class_list":{"0":"post-4076","1":"post","2":"type-post","3":"status-publish","4":"format-standard","5":"has-post-thumbnail","7":"category-noticias"},"aioseo_notices":[],"aioseo_head":"\n\t\t<!-- All in One SEO Pro 4.9.6.2 - aioseo.com -->\n\t<meta name=\"description\" content=\"(Europa Press) - El presidente de la FIFA, Gianni Infantino, record\u00f3 que &quot;ning\u00fan partido de f\u00fatbol vale m\u00e1s que una vida&quot;, motivo m\u00e1s que &quot;suficiente&quot; para &quot;esperar&quot; a retomar la vuelta a las competiciones hasta que digan las autoridades, adem\u00e1s de confirmar que el organismo que dirige est\u00e1 preparando la &quot;ayuda adecuada&quot; para paliar el impacto\" \/>\n\t<meta name=\"robots\" content=\"max-image-preview:large\" \/>\n\t<meta name=\"author\" content=\"NBAsturias\"\/>\n\t<meta name=\"google-site-verification\" content=\"UA-38556648-1\" \/>\n\t<meta name=\"keywords\" content=\"noticias\" \/>\n\t<link rel=\"canonical\" href=\"https:\/\/eldigitaldeasturias.com\/radio\/infantino-ningun-partido-vale-mas-que-una-vida\/\" \/>\n\t<meta name=\"generator\" content=\"All in One SEO Pro (AIOSEO) 4.9.6.2\" \/>\n\t\t<meta property=\"og:locale\" content=\"es_ES\" \/>\n\t\t<meta property=\"og:site_name\" content=\"El Digital de Asturias | Diario de informaci\u00f3n y noticias\" \/>\n\t\t<meta property=\"og:type\" content=\"article\" \/>\n\t\t<meta property=\"og:title\" content=\"Infantino: \u00abNing\u00fan partido vale m\u00e1s que una vida\u00bb | El Digital de Asturias\" \/>\n\t\t<meta property=\"og:description\" content=\"(Europa Press) - El presidente de la FIFA, Gianni Infantino, record\u00f3 que &quot;ning\u00fan partido de f\u00fatbol vale m\u00e1s que una vida&quot;, motivo m\u00e1s que &quot;suficiente&quot; para &quot;esperar&quot; a retomar la vuelta a las competiciones hasta que digan las autoridades, adem\u00e1s de confirmar que el organismo que dirige est\u00e1 preparando la &quot;ayuda adecuada&quot; para paliar el impacto\" \/>\n\t\t<meta property=\"og:url\" content=\"https:\/\/eldigitaldeasturias.com\/radio\/infantino-ningun-partido-vale-mas-que-una-vida\/\" \/>\n\t\t<meta property=\"og:image\" content=\"https:\/\/eldigitaldeasturias.com\/radio\/wp-content\/uploads\/2020\/04\/Infantino.jpg\" \/>\n\t\t<meta property=\"og:image:secure_url\" content=\"https:\/\/eldigitaldeasturias.com\/radio\/wp-content\/uploads\/2020\/04\/Infantino.jpg\" \/>\n\t\t<meta property=\"og:image:width\" content=\"1001\" \/>\n\t\t<meta property=\"og:image:height\" content=\"657\" \/>\n\t\t<meta property=\"article:published_time\" content=\"2020-04-10T14:34:27+00:00\" \/>\n\t\t<meta property=\"article:modified_time\" content=\"2020-04-15T23:37:28+00:00\" \/>\n\t\t<meta name=\"twitter:card\" content=\"summary_large_image\" \/>\n\t\t<meta name=\"twitter:site\" content=\"@bercodi\" \/>\n\t\t<meta name=\"twitter:title\" content=\"Infantino: \u00abNing\u00fan partido vale m\u00e1s que una vida\u00bb | El Digital de Asturias\" \/>\n\t\t<meta name=\"twitter:description\" content=\"(Europa Press) - El presidente de la FIFA, Gianni Infantino, record\u00f3 que &quot;ning\u00fan partido de f\u00fatbol vale m\u00e1s que una vida&quot;, motivo m\u00e1s que &quot;suficiente&quot; para &quot;esperar&quot; a retomar la vuelta a las competiciones hasta que digan las autoridades, adem\u00e1s de confirmar que el organismo que dirige est\u00e1 preparando la &quot;ayuda adecuada&quot; para paliar el impacto\" \/>\n\t\t<meta name=\"twitter:creator\" content=\"@bercodi\" \/>\n\t\t<meta name=\"twitter:image\" content=\"https:\/\/eldigitaldeasturias.com\/radio\/wp-content\/uploads\/2020\/04\/Infantino.jpg\" \/>\n\t\t<script type=\"application\/ld+json\" class=\"aioseo-schema\">\n\t\t\t{\"@context\":\"https:\\\/\\\/schema.org\",\"@graph\":[{\"@type\":\"BreadcrumbList\",\"@id\":\"https:\\\/\\\/eldigitaldeasturias.com\\\/radio\\\/infantino-ningun-partido-vale-mas-que-una-vida\\\/#breadcrumblist\",\"itemListElement\":[{\"@type\":\"ListItem\",\"@id\":\"https:\\\/\\\/eldigitaldeasturias.com\\\/radio#listItem\",\"position\":1,\"name\":\"Inicio\",\"item\":\"https:\\\/\\\/eldigitaldeasturias.com\\\/radio\",\"nextItem\":{\"@type\":\"ListItem\",\"@id\":\"https:\\\/\\\/eldigitaldeasturias.com\\\/radio\\\/category\\\/noticias\\\/#listItem\",\"name\":\"Noticias\"}},{\"@type\":\"ListItem\",\"@id\":\"https:\\\/\\\/eldigitaldeasturias.com\\\/radio\\\/category\\\/noticias\\\/#listItem\",\"position\":2,\"name\":\"Noticias\",\"item\":\"https:\\\/\\\/eldigitaldeasturias.com\\\/radio\\\/category\\\/noticias\\\/\",\"nextItem\":{\"@type\":\"ListItem\",\"@id\":\"https:\\\/\\\/eldigitaldeasturias.com\\\/radio\\\/infantino-ningun-partido-vale-mas-que-una-vida\\\/#listItem\",\"name\":\"Infantino: \\u00abNing\\u00fan partido vale m\\u00e1s que una vida\\u00bb\"},\"previousItem\":{\"@type\":\"ListItem\",\"@id\":\"https:\\\/\\\/eldigitaldeasturias.com\\\/radio#listItem\",\"name\":\"Inicio\"}},{\"@type\":\"ListItem\",\"@id\":\"https:\\\/\\\/eldigitaldeasturias.com\\\/radio\\\/infantino-ningun-partido-vale-mas-que-una-vida\\\/#listItem\",\"position\":3,\"name\":\"Infantino: \\u00abNing\\u00fan partido vale m\\u00e1s que una vida\\u00bb\",\"previousItem\":{\"@type\":\"ListItem\",\"@id\":\"https:\\\/\\\/eldigitaldeasturias.com\\\/radio\\\/category\\\/noticias\\\/#listItem\",\"name\":\"Noticias\"}}]},{\"@type\":\"NewsArticle\",\"@id\":\"https:\\\/\\\/eldigitaldeasturias.com\\\/radio\\\/infantino-ningun-partido-vale-mas-que-una-vida\\\/#newsarticle\",\"name\":\"Infantino: \\u00abNing\\u00fan partido vale m\\u00e1s que una vida\\u00bb | El Digital de Asturias\",\"headline\":\"Infantino: \\u00abNing\\u00fan partido vale m\\u00e1s que una vida\\u00bb\",\"author\":{\"@id\":\"https:\\\/\\\/eldigitaldeasturias.com\\\/radio\\\/author\\\/nbasturias\\\/#author\"},\"publisher\":{\"@id\":\"https:\\\/\\\/eldigitaldeasturias.com\\\/radio\\\/#organization\"},\"image\":{\"@type\":\"ImageObject\",\"url\":\"https:\\\/\\\/eldigitaldeasturias.com\\\/radio\\\/wp-content\\\/uploads\\\/2020\\\/04\\\/Infantino.jpg\",\"width\":1001,\"height\":657,\"caption\":\"Foto: Leigh Vogel \\\/ Polaris\"},\"datePublished\":\"2020-04-10T14:34:27+02:00\",\"dateModified\":\"2020-04-15T23:37:28+02:00\",\"inLanguage\":\"es-ES\",\"mainEntityOfPage\":{\"@id\":\"https:\\\/\\\/eldigitaldeasturias.com\\\/radio\\\/infantino-ningun-partido-vale-mas-que-una-vida\\\/#webpage\"},\"isPartOf\":{\"@id\":\"https:\\\/\\\/eldigitaldeasturias.com\\\/radio\\\/infantino-ningun-partido-vale-mas-que-una-vida\\\/#webpage\"},\"articleSection\":\"Noticias\",\"dateline\":\"Publicado el abril 10, 2020.\"},{\"@type\":\"Organization\",\"@id\":\"https:\\\/\\\/eldigitaldeasturias.com\\\/radio\\\/#organization\",\"name\":\"El digital de Asturias Radio\",\"description\":\"Diario de informaci\\u00f3n y noticias\",\"url\":\"https:\\\/\\\/eldigitaldeasturias.com\\\/radio\\\/\",\"telephone\":\"+34652131393\",\"logo\":{\"@type\":\"ImageObject\",\"url\":\"https:\\\/\\\/www.eldigitaldeasturias.com\\\/radio\\\/wp-content\\\/uploads\\\/2021\\\/03\\\/EDA.jpg\",\"@id\":\"https:\\\/\\\/eldigitaldeasturias.com\\\/radio\\\/infantino-ningun-partido-vale-mas-que-una-vida\\\/#organizationLogo\"},\"image\":{\"@id\":\"https:\\\/\\\/eldigitaldeasturias.com\\\/radio\\\/infantino-ningun-partido-vale-mas-que-una-vida\\\/#organizationLogo\"},\"sameAs\":[\"https:\\\/\\\/www.facebook.com\\\/\",\"https:\\\/\\\/x.com\\\/bercodi\",\"https:\\\/\\\/www.instagram.com\\\/\",\"https:\\\/\\\/www.youtube.com\\\/channel\\\/UCZP-2wLEB9Rv6erhFmqVnvg\"]},{\"@type\":\"Person\",\"@id\":\"https:\\\/\\\/eldigitaldeasturias.com\\\/radio\\\/author\\\/nbasturias\\\/#author\",\"url\":\"https:\\\/\\\/eldigitaldeasturias.com\\\/radio\\\/author\\\/nbasturias\\\/\",\"name\":\"NBAsturias\",\"image\":{\"@type\":\"ImageObject\",\"@id\":\"https:\\\/\\\/eldigitaldeasturias.com\\\/radio\\\/infantino-ningun-partido-vale-mas-que-una-vida\\\/#authorImage\",\"url\":\"https:\\\/\\\/secure.gravatar.com\\\/avatar\\\/df2aeffc32bcd13f8d26072ef8a91b623d677766deac7f97ca815868cd41bf5e?s=96&d=mm&r=g\",\"width\":96,\"height\":96,\"caption\":\"NBAsturias\"}},{\"@type\":\"WebPage\",\"@id\":\"https:\\\/\\\/eldigitaldeasturias.com\\\/radio\\\/infantino-ningun-partido-vale-mas-que-una-vida\\\/#webpage\",\"url\":\"https:\\\/\\\/eldigitaldeasturias.com\\\/radio\\\/infantino-ningun-partido-vale-mas-que-una-vida\\\/\",\"name\":\"Infantino: \\u00abNing\\u00fan partido vale m\\u00e1s que una vida\\u00bb | El Digital de Asturias\",\"description\":\"(Europa Press) - El presidente de la FIFA, Gianni Infantino, record\\u00f3 que \\\"ning\\u00fan partido de f\\u00fatbol vale m\\u00e1s que una vida\\\", motivo m\\u00e1s que \\\"suficiente\\\" para \\\"esperar\\\" a retomar la vuelta a las competiciones hasta que digan las autoridades, adem\\u00e1s de confirmar que el organismo que dirige est\\u00e1 preparando la \\\"ayuda adecuada\\\" para paliar el impacto\",\"inLanguage\":\"es-ES\",\"isPartOf\":{\"@id\":\"https:\\\/\\\/eldigitaldeasturias.com\\\/radio\\\/#website\"},\"breadcrumb\":{\"@id\":\"https:\\\/\\\/eldigitaldeasturias.com\\\/radio\\\/infantino-ningun-partido-vale-mas-que-una-vida\\\/#breadcrumblist\"},\"author\":{\"@id\":\"https:\\\/\\\/eldigitaldeasturias.com\\\/radio\\\/author\\\/nbasturias\\\/#author\"},\"creator\":{\"@id\":\"https:\\\/\\\/eldigitaldeasturias.com\\\/radio\\\/author\\\/nbasturias\\\/#author\"},\"image\":{\"@type\":\"ImageObject\",\"url\":\"https:\\\/\\\/eldigitaldeasturias.com\\\/radio\\\/wp-content\\\/uploads\\\/2020\\\/04\\\/Infantino.jpg\",\"@id\":\"https:\\\/\\\/eldigitaldeasturias.com\\\/radio\\\/infantino-ningun-partido-vale-mas-que-una-vida\\\/#mainImage\",\"width\":1001,\"height\":657,\"caption\":\"Foto: Leigh Vogel \\\/ Polaris\"},\"primaryImageOfPage\":{\"@id\":\"https:\\\/\\\/eldigitaldeasturias.com\\\/radio\\\/infantino-ningun-partido-vale-mas-que-una-vida\\\/#mainImage\"},\"datePublished\":\"2020-04-10T14:34:27+02:00\",\"dateModified\":\"2020-04-15T23:37:28+02:00\"},{\"@type\":\"WebSite\",\"@id\":\"https:\\\/\\\/eldigitaldeasturias.com\\\/radio\\\/#website\",\"url\":\"https:\\\/\\\/eldigitaldeasturias.com\\\/radio\\\/\",\"name\":\"El Digital de Asturias\",\"description\":\"Diario de informaci\\u00f3n y noticias\",\"inLanguage\":\"es-ES\",\"publisher\":{\"@id\":\"https:\\\/\\\/eldigitaldeasturias.com\\\/radio\\\/#organization\"}}]}\n\t\t<\/script>\n\t\t<!-- All in One SEO Pro -->\r\n\t\t<title>Infantino: \u00abNing\u00fan partido vale m\u00e1s que una vida\u00bb | El Digital de Asturias<\/title>\n\n","aioseo_head_json":{"title":"Infantino: \u00abNing\u00fan partido vale m\u00e1s que una vida\u00bb | El Digital de Asturias","description":"(Europa Press) - El presidente de la FIFA, Gianni Infantino, record\u00f3 que \"ning\u00fan partido de f\u00fatbol vale m\u00e1s que una vida\", motivo m\u00e1s que \"suficiente\" para \"esperar\" a retomar la vuelta a las competiciones hasta que digan las autoridades, adem\u00e1s de confirmar que el organismo que dirige est\u00e1 preparando la \"ayuda adecuada\" para paliar el impacto","canonical_url":"https:\/\/eldigitaldeasturias.com\/radio\/infantino-ningun-partido-vale-mas-que-una-vida\/","robots":"max-image-preview:large","keywords":"noticias","webmasterTools":{"google-site-verification":"UA-38556648-1","miscellaneous":""},"schema":{"@context":"https:\/\/schema.org","@graph":[{"@type":"BreadcrumbList","@id":"https:\/\/eldigitaldeasturias.com\/radio\/infantino-ningun-partido-vale-mas-que-una-vida\/#breadcrumblist","itemListElement":[{"@type":"ListItem","@id":"https:\/\/eldigitaldeasturias.com\/radio#listItem","position":1,"name":"Inicio","item":"https:\/\/eldigitaldeasturias.com\/radio","nextItem":{"@type":"ListItem","@id":"https:\/\/eldigitaldeasturias.com\/radio\/category\/noticias\/#listItem","name":"Noticias"}},{"@type":"ListItem","@id":"https:\/\/eldigitaldeasturias.com\/radio\/category\/noticias\/#listItem","position":2,"name":"Noticias","item":"https:\/\/eldigitaldeasturias.com\/radio\/category\/noticias\/","nextItem":{"@type":"ListItem","@id":"https:\/\/eldigitaldeasturias.com\/radio\/infantino-ningun-partido-vale-mas-que-una-vida\/#listItem","name":"Infantino: \u00abNing\u00fan partido vale m\u00e1s que una vida\u00bb"},"previousItem":{"@type":"ListItem","@id":"https:\/\/eldigitaldeasturias.com\/radio#listItem","name":"Inicio"}},{"@type":"ListItem","@id":"https:\/\/eldigitaldeasturias.com\/radio\/infantino-ningun-partido-vale-mas-que-una-vida\/#listItem","position":3,"name":"Infantino: \u00abNing\u00fan partido vale m\u00e1s que una vida\u00bb","previousItem":{"@type":"ListItem","@id":"https:\/\/eldigitaldeasturias.com\/radio\/category\/noticias\/#listItem","name":"Noticias"}}]},{"@type":"NewsArticle","@id":"https:\/\/eldigitaldeasturias.com\/radio\/infantino-ningun-partido-vale-mas-que-una-vida\/#newsarticle","name":"Infantino: \u00abNing\u00fan partido vale m\u00e1s que una vida\u00bb | El Digital de Asturias","headline":"Infantino: \u00abNing\u00fan partido vale m\u00e1s que una vida\u00bb","author":{"@id":"https:\/\/eldigitaldeasturias.com\/radio\/author\/nbasturias\/#author"},"publisher":{"@id":"https:\/\/eldigitaldeasturias.com\/radio\/#organization"},"image":{"@type":"ImageObject","url":"https:\/\/eldigitaldeasturias.com\/radio\/wp-content\/uploads\/2020\/04\/Infantino.jpg","width":1001,"height":657,"caption":"Foto: Leigh Vogel \/ Polaris"},"datePublished":"2020-04-10T14:34:27+02:00","dateModified":"2020-04-15T23:37:28+02:00","inLanguage":"es-ES","mainEntityOfPage":{"@id":"https:\/\/eldigitaldeasturias.com\/radio\/infantino-ningun-partido-vale-mas-que-una-vida\/#webpage"},"isPartOf":{"@id":"https:\/\/eldigitaldeasturias.com\/radio\/infantino-ningun-partido-vale-mas-que-una-vida\/#webpage"},"articleSection":"Noticias","dateline":"Publicado el abril 10, 2020."},{"@type":"Organization","@id":"https:\/\/eldigitaldeasturias.com\/radio\/#organization","name":"El digital de Asturias Radio","description":"Diario de informaci\u00f3n y noticias","url":"https:\/\/eldigitaldeasturias.com\/radio\/","telephone":"+34652131393","logo":{"@type":"ImageObject","url":"https:\/\/www.eldigitaldeasturias.com\/radio\/wp-content\/uploads\/2021\/03\/EDA.jpg","@id":"https:\/\/eldigitaldeasturias.com\/radio\/infantino-ningun-partido-vale-mas-que-una-vida\/#organizationLogo"},"image":{"@id":"https:\/\/eldigitaldeasturias.com\/radio\/infantino-ningun-partido-vale-mas-que-una-vida\/#organizationLogo"},"sameAs":["https:\/\/www.facebook.com\/","https:\/\/x.com\/bercodi","https:\/\/www.instagram.com\/","https:\/\/www.youtube.com\/channel\/UCZP-2wLEB9Rv6erhFmqVnvg"]},{"@type":"Person","@id":"https:\/\/eldigitaldeasturias.com\/radio\/author\/nbasturias\/#author","url":"https:\/\/eldigitaldeasturias.com\/radio\/author\/nbasturias\/","name":"NBAsturias","image":{"@type":"ImageObject","@id":"https:\/\/eldigitaldeasturias.com\/radio\/infantino-ningun-partido-vale-mas-que-una-vida\/#authorImage","url":"https:\/\/secure.gravatar.com\/avatar\/df2aeffc32bcd13f8d26072ef8a91b623d677766deac7f97ca815868cd41bf5e?s=96&d=mm&r=g","width":96,"height":96,"caption":"NBAsturias"}},{"@type":"WebPage","@id":"https:\/\/eldigitaldeasturias.com\/radio\/infantino-ningun-partido-vale-mas-que-una-vida\/#webpage","url":"https:\/\/eldigitaldeasturias.com\/radio\/infantino-ningun-partido-vale-mas-que-una-vida\/","name":"Infantino: \u00abNing\u00fan partido vale m\u00e1s que una vida\u00bb | El Digital de Asturias","description":"(Europa Press) - El presidente de la FIFA, Gianni Infantino, record\u00f3 que \"ning\u00fan partido de f\u00fatbol vale m\u00e1s que una vida\", motivo m\u00e1s que \"suficiente\" para \"esperar\" a retomar la vuelta a las competiciones hasta que digan las autoridades, adem\u00e1s de confirmar que el organismo que dirige est\u00e1 preparando la \"ayuda adecuada\" para paliar el impacto","inLanguage":"es-ES","isPartOf":{"@id":"https:\/\/eldigitaldeasturias.com\/radio\/#website"},"breadcrumb":{"@id":"https:\/\/eldigitaldeasturias.com\/radio\/infantino-ningun-partido-vale-mas-que-una-vida\/#breadcrumblist"},"author":{"@id":"https:\/\/eldigitaldeasturias.com\/radio\/author\/nbasturias\/#author"},"creator":{"@id":"https:\/\/eldigitaldeasturias.com\/radio\/author\/nbasturias\/#author"},"image":{"@type":"ImageObject","url":"https:\/\/eldigitaldeasturias.com\/radio\/wp-content\/uploads\/2020\/04\/Infantino.jpg","@id":"https:\/\/eldigitaldeasturias.com\/radio\/infantino-ningun-partido-vale-mas-que-una-vida\/#mainImage","width":1001,"height":657,"caption":"Foto: Leigh Vogel \/ Polaris"},"primaryImageOfPage":{"@id":"https:\/\/eldigitaldeasturias.com\/radio\/infantino-ningun-partido-vale-mas-que-una-vida\/#mainImage"},"datePublished":"2020-04-10T14:34:27+02:00","dateModified":"2020-04-15T23:37:28+02:00"},{"@type":"WebSite","@id":"https:\/\/eldigitaldeasturias.com\/radio\/#website","url":"https:\/\/eldigitaldeasturias.com\/radio\/","name":"El Digital de Asturias","description":"Diario de informaci\u00f3n y noticias","inLanguage":"es-ES","publisher":{"@id":"https:\/\/eldigitaldeasturias.com\/radio\/#organization"}}]},"og:locale":"es_ES","og:site_name":"El Digital de Asturias | Diario de informaci\u00f3n y noticias","og:type":"article","og:title":"Infantino: \u00abNing\u00fan partido vale m\u00e1s que una vida\u00bb | El Digital de Asturias","og:description":"(Europa Press) - El presidente de la FIFA, Gianni Infantino, record\u00f3 que &quot;ning\u00fan partido de f\u00fatbol vale m\u00e1s que una vida&quot;, motivo m\u00e1s que &quot;suficiente&quot; para &quot;esperar&quot; a retomar la vuelta a las competiciones hasta que digan las autoridades, adem\u00e1s de confirmar que el organismo que dirige est\u00e1 preparando la &quot;ayuda adecuada&quot; para paliar el impacto","og:url":"https:\/\/eldigitaldeasturias.com\/radio\/infantino-ningun-partido-vale-mas-que-una-vida\/","og:image":"https:\/\/eldigitaldeasturias.com\/radio\/wp-content\/uploads\/2020\/04\/Infantino.jpg","og:image:secure_url":"https:\/\/eldigitaldeasturias.com\/radio\/wp-content\/uploads\/2020\/04\/Infantino.jpg","og:image:width":1001,"og:image:height":657,"article:published_time":"2020-04-10T14:34:27+00:00","article:modified_time":"2020-04-15T23:37:28+00:00","twitter:card":"summary_large_image","twitter:site":"@bercodi","twitter:title":"Infantino: \u00abNing\u00fan partido vale m\u00e1s que una vida\u00bb | El Digital de Asturias","twitter:description":"(Europa Press) - El presidente de la FIFA, Gianni Infantino, record\u00f3 que &quot;ning\u00fan partido de f\u00fatbol vale m\u00e1s que una vida&quot;, motivo m\u00e1s que &quot;suficiente&quot; para &quot;esperar&quot; a retomar la vuelta a las competiciones hasta que digan las autoridades, adem\u00e1s de confirmar que el organismo que dirige est\u00e1 preparando la &quot;ayuda adecuada&quot; para paliar el impacto","twitter:creator":"@bercodi","twitter:image":"https:\/\/eldigitaldeasturias.com\/radio\/wp-content\/uploads\/2020\/04\/Infantino.jpg"},"aioseo_meta_data":{"post_id":"4076","title":null,"description":null,"keywords":null,"keyphrases":null,"primary_term":null,"canonical_url":null,"og_title":null,"og_description":null,"og_object_type":"default","og_image_type":"default","og_image_url":null,"og_image_width":null,"og_image_height":null,"og_image_custom_url":null,"og_image_custom_fields":null,"og_video":null,"og_custom_url":null,"og_article_section":null,"og_article_tags":null,"twitter_use_og":false,"twitter_card":"default","twitter_image_type":"default","twitter_image_url":null,"twitter_image_custom_url":null,"twitter_image_custom_fields":null,"twitter_title":null,"twitter_description":null,"schema":{"blockGraphs":[],"customGraphs":[],"default":{"data":{"Article":[],"Course":[],"Dataset":[],"FAQPage":[],"Movie":[],"Person":[],"Product":[],"ProductReview":[],"Car":[],"Recipe":[],"Service":[],"SoftwareApplication":[],"WebPage":[]},"graphName":"","isEnabled":true},"graphs":[],"defaultGraph":"","defaultPostTypeGraph":""},"schema_type":null,"schema_type_options":null,"pillar_content":false,"robots_default":true,"robots_noindex":false,"robots_noarchive":false,"robots_nosnippet":false,"robots_nofollow":false,"robots_noimageindex":false,"robots_noodp":false,"robots_notranslate":false,"robots_max_snippet":null,"robots_max_videopreview":null,"robots_max_imagepreview":"large","priority":null,"frequency":null,"location":null,"local_seo":null,"seo_analyzer_scan_date":"2025-08-28 15:17:34","breadcrumb_settings":null,"limit_modified_date":false,"open_ai":null,"ai":null,"created":"2021-03-28 02:54:59","updated":"2025-08-28 15:17:34"},"aioseo_breadcrumb":"<div class=\"aioseo-breadcrumbs\"><span class=\"aioseo-breadcrumb\">\n\t<a href=\"https:\/\/eldigitaldeasturias.com\/radio\" title=\"Inicio\">Inicio<\/a>\n<\/span><span class=\"aioseo-breadcrumb-separator\">&ndash;<\/span><span class=\"aioseo-breadcrumb\">\n\t<a href=\"https:\/\/eldigitaldeasturias.com\/radio\/category\/noticias\/\" title=\"Noticias\">Noticias<\/a>\n<\/span><span class=\"aioseo-breadcrumb-separator\">&ndash;<\/span><span class=\"aioseo-breadcrumb\">\n\tInfantino: \u00abNing\u00fan partido vale m\u00e1s que una vida\u00bb\n<\/span><\/div>","aioseo_breadcrumb_json":[{"label":"Inicio","link":"https:\/\/eldigitaldeasturias.com\/radio"},{"label":"Noticias","link":"https:\/\/eldigitaldeasturias.com\/radio\/category\/noticias\/"},{"label":"Infantino: \u00abNing\u00fan partido vale m\u00e1s que una vida\u00bb","link":"https:\/\/eldigitaldeasturias.com\/radio\/infantino-ningun-partido-vale-mas-que-una-vida\/"}],"_links":{"self":[{"href":"https:\/\/eldigitaldeasturias.com\/radio\/wp-json\/wp\/v2\/posts\/4076","targetHints":{"allow":["GET"]}}],"collection":[{"href":"https:\/\/eldigitaldeasturias.com\/radio\/wp-json\/wp\/v2\/posts"}],"about":[{"href":"https:\/\/eldigitaldeasturias.com\/radio\/wp-json\/wp\/v2\/types\/post"}],"author":[{"embeddable":true,"href":"https:\/\/eldigitaldeasturias.com\/radio\/wp-json\/wp\/v2\/users\/1"}],"replies":[{"embeddable":true,"href":"https:\/\/eldigitaldeasturias.com\/radio\/wp-json\/wp\/v2\/comments?post=4076"}],"version-history":[{"count":0,"href":"https:\/\/eldigitaldeasturias.com\/radio\/wp-json\/wp\/v2\/posts\/4076\/revisions"}],"wp:featuredmedia":[{"embeddable":true,"href":"https:\/\/eldigitaldeasturias.com\/radio\/wp-json\/wp\/v2\/media\/4077"}],"wp:attachment":[{"href":"https:\/\/eldigitaldeasturias.com\/radio\/wp-json\/wp\/v2\/media?parent=4076"}],"wp:term":[{"taxonomy":"category","embeddable":true,"href":"https:\/\/eldigitaldeasturias.com\/radio\/wp-json\/wp\/v2\/categories?post=4076"},{"taxonomy":"post_tag","embeddable":true,"href":"https:\/\/eldigitaldeasturias.com\/radio\/wp-json\/wp\/v2\/tags?post=4076"}],"curies":[{"name":"wp","href":"https:\/\/api.w.org\/{rel}","templated":true}]}}