{"id":4062,"date":"2020-04-06T16:50:00","date_gmt":"2020-04-06T16:50:00","guid":{"rendered":"http:\/\/www.eldigitaldeasturias.com\/radio\/?p=4062"},"modified":"2020-04-06T23:35:46","modified_gmt":"2020-04-06T23:35:46","slug":"policia-disuelve-protestas-pro-refugiados-en-berlin-y-francfort","status":"publish","type":"post","link":"https:\/\/eldigitaldeasturias.com\/radio\/policia-disuelve-protestas-pro-refugiados-en-berlin-y-francfort\/","title":{"rendered":"Polic\u00eda disuelve protestas pro-refugiados en Berl\u00edn y Fr\u00e1ncfort"},"content":{"rendered":"<figure id=\"attachment_4063\" aria-describedby=\"caption-attachment-4063\" style=\"width: 360px\" class=\"wp-caption alignleft\"><img fetchpriority=\"high\" decoding=\"async\" class=\"size-medium wp-image-4063\" src=\"http:\/\/www.eldigitaldeasturias.com\/radio\/wp-content\/uploads\/2020\/04\/protestas-pro-refugiados-360x291.jpg\" alt=\"\" width=\"360\" height=\"291\" srcset=\"https:\/\/eldigitaldeasturias.com\/radio\/wp-content\/uploads\/2020\/04\/protestas-pro-refugiados-360x291.jpg 360w, https:\/\/eldigitaldeasturias.com\/radio\/wp-content\/uploads\/2020\/04\/protestas-pro-refugiados-768x620.jpg 768w, https:\/\/eldigitaldeasturias.com\/radio\/wp-content\/uploads\/2020\/04\/protestas-pro-refugiados.jpg 798w\" sizes=\"(max-width: 360px) 100vw, 360px\" \/><figcaption id=\"caption-attachment-4063\" class=\"wp-caption-text\">Miembros de la Polic\u00eda de la ciudad de Fr\u00e1ncfort disuelven una cadena humana en favor de los derechos de los refugiados. Foto: Frank Rumpenhorst\/dpa<\/figcaption><\/figure>\n<p>Berl\u00edn\/Fr\u00e1ncfort (Alemania), 5 abr (dpa) &#8211; Agentes de la Polic\u00eda de las ciudades de Berl\u00edn y Fr\u00e1ncfort disolvieron hoy de manera respectiva protestas celebradas en ambas ciudades en favor de los derechos de los refugiados, seg\u00fan anunciaron las dos instituciones.<\/p>\n<p>Las protestas formaban parte de la campa\u00f1a \u00abLeaveNoOneBehind\u00bb (no dejes a nadie atr\u00e1s), liderada por la organizaci\u00f3n humanitaria alemana \u00abSeebr\u00fccke\u00bb (puente mar\u00edtimo) y que tiene por objeto solicitar la evacuaci\u00f3n de los campos de refugiados en Grecia.<\/p>\n<p>Seg\u00fan la cuenta de Twitter de la Polic\u00eda de Berl\u00edn, las personas concentradas en la Puerta de Brandeburgo no contaban con la autorizaci\u00f3n necesaria para realizar el evento. Los agentes pidieron a los participantes que se marcharan mediante anuncios por altavoz y tambi\u00e9n de manera personal.<\/p>\n<p>\u00abSe tomaron las medidas necesarias contras aquellas personas que se negaron a irse\u00bb, manifest\u00f3 la instituci\u00f3n en el mensaje.<\/p>\n<p>Por su parte, la Polic\u00eda de Fr\u00e1ncfort disolvi\u00f3 una cadena humana formada por unos 250 manifestantes a orillas del r\u00edo Meno, alegando que no pod\u00eda controlarse la distancia social m\u00ednima exigida para evitar la propagaci\u00f3n del coronavirus.<\/p>\n<p>Seg\u00fan las autoridades, despu\u00e9s de que los participantes ignorasen los avisos, se recogieron los datos personales de los mismos y se iniciaron procedimientos administrativos contra ellos.<\/p>\n<p>Un portavoz de \u00abSeebr\u00fccke\u00bb argument\u00f3 que las personas que formaron la cadena humana hab\u00edan respetado la distancia m\u00ednima requerida, ya que exist\u00edan una serie de marcas en el suelo con tal prop\u00f3sito.<\/p>\n<p>&nbsp;<\/p>\n","protected":false},"excerpt":{"rendered":"<p>Berl\u00edn\/Fr\u00e1ncfort (Alemania), 5 abr (dpa) &#8211; Agentes de la Polic\u00eda de las ciudades de Berl\u00edn y Fr\u00e1ncfort disolvieron hoy de manera respectiva protestas celebradas en ambas ciudades en favor de los derechos de los refugiados, seg\u00fan anunciaron las dos instituciones. Las protestas formaban parte de la campa\u00f1a \u00abLeaveNoOneBehind\u00bb (no dejes a nadie atr\u00e1s), liderada por<\/p>\n","protected":false},"author":1,"featured_media":4063,"comment_status":"closed","ping_status":"closed","sticky":false,"template":"","format":"standard","meta":{"footnotes":""},"categories":[1],"tags":[],"class_list":{"0":"post-4062","1":"post","2":"type-post","3":"status-publish","4":"format-standard","5":"has-post-thumbnail","7":"category-noticias"},"aioseo_notices":[],"aioseo_head":"\n\t\t<!-- All in One SEO Pro 4.9.6.2 - aioseo.com -->\n\t<meta name=\"description\" content=\"Berl\u00edn\/Fr\u00e1ncfort (Alemania), 5 abr (dpa) - Agentes de la Polic\u00eda de las ciudades de Berl\u00edn y Fr\u00e1ncfort disolvieron hoy de manera respectiva protestas celebradas en ambas ciudades en favor de los derechos de los refugiados, seg\u00fan anunciaron las dos instituciones. Las protestas formaban parte de la campa\u00f1a &quot;LeaveNoOneBehind&quot; (no dejes a nadie atr\u00e1s), liderada por\" \/>\n\t<meta name=\"robots\" content=\"max-image-preview:large\" \/>\n\t<meta name=\"author\" content=\"NBAsturias\"\/>\n\t<meta name=\"google-site-verification\" content=\"UA-38556648-1\" \/>\n\t<meta name=\"keywords\" content=\"noticias\" \/>\n\t<link rel=\"canonical\" href=\"https:\/\/eldigitaldeasturias.com\/radio\/policia-disuelve-protestas-pro-refugiados-en-berlin-y-francfort\/\" \/>\n\t<meta name=\"generator\" content=\"All in One SEO Pro (AIOSEO) 4.9.6.2\" \/>\n\t\t<meta property=\"og:locale\" content=\"es_ES\" \/>\n\t\t<meta property=\"og:site_name\" content=\"El Digital de Asturias | Diario de informaci\u00f3n y noticias\" \/>\n\t\t<meta property=\"og:type\" content=\"article\" \/>\n\t\t<meta property=\"og:title\" content=\"Polic\u00eda disuelve protestas pro-refugiados en Berl\u00edn y Fr\u00e1ncfort | El Digital de Asturias\" \/>\n\t\t<meta property=\"og:description\" content=\"Berl\u00edn\/Fr\u00e1ncfort (Alemania), 5 abr (dpa) - Agentes de la Polic\u00eda de las ciudades de Berl\u00edn y Fr\u00e1ncfort disolvieron hoy de manera respectiva protestas celebradas en ambas ciudades en favor de los derechos de los refugiados, seg\u00fan anunciaron las dos instituciones. Las protestas formaban parte de la campa\u00f1a &quot;LeaveNoOneBehind&quot; (no dejes a nadie atr\u00e1s), liderada por\" \/>\n\t\t<meta property=\"og:url\" content=\"https:\/\/eldigitaldeasturias.com\/radio\/policia-disuelve-protestas-pro-refugiados-en-berlin-y-francfort\/\" \/>\n\t\t<meta property=\"og:image\" content=\"https:\/\/eldigitaldeasturias.com\/radio\/wp-content\/uploads\/2020\/04\/protestas-pro-refugiados.jpg\" \/>\n\t\t<meta property=\"og:image:secure_url\" content=\"https:\/\/eldigitaldeasturias.com\/radio\/wp-content\/uploads\/2020\/04\/protestas-pro-refugiados.jpg\" \/>\n\t\t<meta property=\"og:image:width\" content=\"798\" \/>\n\t\t<meta property=\"og:image:height\" content=\"644\" \/>\n\t\t<meta property=\"article:published_time\" content=\"2020-04-06T16:50:00+00:00\" \/>\n\t\t<meta property=\"article:modified_time\" content=\"2020-04-06T23:35:46+00:00\" \/>\n\t\t<meta name=\"twitter:card\" content=\"summary_large_image\" \/>\n\t\t<meta name=\"twitter:site\" content=\"@bercodi\" \/>\n\t\t<meta name=\"twitter:title\" content=\"Polic\u00eda disuelve protestas pro-refugiados en Berl\u00edn y Fr\u00e1ncfort | El Digital de Asturias\" \/>\n\t\t<meta name=\"twitter:description\" content=\"Berl\u00edn\/Fr\u00e1ncfort (Alemania), 5 abr (dpa) - Agentes de la Polic\u00eda de las ciudades de Berl\u00edn y Fr\u00e1ncfort disolvieron hoy de manera respectiva protestas celebradas en ambas ciudades en favor de los derechos de los refugiados, seg\u00fan anunciaron las dos instituciones. Las protestas formaban parte de la campa\u00f1a &quot;LeaveNoOneBehind&quot; (no dejes a nadie atr\u00e1s), liderada por\" \/>\n\t\t<meta name=\"twitter:creator\" content=\"@bercodi\" \/>\n\t\t<meta name=\"twitter:image\" content=\"https:\/\/eldigitaldeasturias.com\/radio\/wp-content\/uploads\/2020\/04\/protestas-pro-refugiados.jpg\" \/>\n\t\t<script type=\"application\/ld+json\" class=\"aioseo-schema\">\n\t\t\t{\"@context\":\"https:\\\/\\\/schema.org\",\"@graph\":[{\"@type\":\"BreadcrumbList\",\"@id\":\"https:\\\/\\\/eldigitaldeasturias.com\\\/radio\\\/policia-disuelve-protestas-pro-refugiados-en-berlin-y-francfort\\\/#breadcrumblist\",\"itemListElement\":[{\"@type\":\"ListItem\",\"@id\":\"https:\\\/\\\/eldigitaldeasturias.com\\\/radio#listItem\",\"position\":1,\"name\":\"Inicio\",\"item\":\"https:\\\/\\\/eldigitaldeasturias.com\\\/radio\",\"nextItem\":{\"@type\":\"ListItem\",\"@id\":\"https:\\\/\\\/eldigitaldeasturias.com\\\/radio\\\/category\\\/noticias\\\/#listItem\",\"name\":\"Noticias\"}},{\"@type\":\"ListItem\",\"@id\":\"https:\\\/\\\/eldigitaldeasturias.com\\\/radio\\\/category\\\/noticias\\\/#listItem\",\"position\":2,\"name\":\"Noticias\",\"item\":\"https:\\\/\\\/eldigitaldeasturias.com\\\/radio\\\/category\\\/noticias\\\/\",\"nextItem\":{\"@type\":\"ListItem\",\"@id\":\"https:\\\/\\\/eldigitaldeasturias.com\\\/radio\\\/policia-disuelve-protestas-pro-refugiados-en-berlin-y-francfort\\\/#listItem\",\"name\":\"Polic\\u00eda disuelve protestas pro-refugiados en Berl\\u00edn y Fr\\u00e1ncfort\"},\"previousItem\":{\"@type\":\"ListItem\",\"@id\":\"https:\\\/\\\/eldigitaldeasturias.com\\\/radio#listItem\",\"name\":\"Inicio\"}},{\"@type\":\"ListItem\",\"@id\":\"https:\\\/\\\/eldigitaldeasturias.com\\\/radio\\\/policia-disuelve-protestas-pro-refugiados-en-berlin-y-francfort\\\/#listItem\",\"position\":3,\"name\":\"Polic\\u00eda disuelve protestas pro-refugiados en Berl\\u00edn y Fr\\u00e1ncfort\",\"previousItem\":{\"@type\":\"ListItem\",\"@id\":\"https:\\\/\\\/eldigitaldeasturias.com\\\/radio\\\/category\\\/noticias\\\/#listItem\",\"name\":\"Noticias\"}}]},{\"@type\":\"NewsArticle\",\"@id\":\"https:\\\/\\\/eldigitaldeasturias.com\\\/radio\\\/policia-disuelve-protestas-pro-refugiados-en-berlin-y-francfort\\\/#newsarticle\",\"name\":\"Polic\\u00eda disuelve protestas pro-refugiados en Berl\\u00edn y Fr\\u00e1ncfort | El Digital de Asturias\",\"headline\":\"Polic\\u00eda disuelve protestas pro-refugiados en Berl\\u00edn y Fr\\u00e1ncfort\",\"author\":{\"@id\":\"https:\\\/\\\/eldigitaldeasturias.com\\\/radio\\\/author\\\/nbasturias\\\/#author\"},\"publisher\":{\"@id\":\"https:\\\/\\\/eldigitaldeasturias.com\\\/radio\\\/#organization\"},\"image\":{\"@type\":\"ImageObject\",\"url\":\"https:\\\/\\\/eldigitaldeasturias.com\\\/radio\\\/wp-content\\\/uploads\\\/2020\\\/04\\\/protestas-pro-refugiados.jpg\",\"width\":798,\"height\":644,\"caption\":\"Miembros de la Polic\\u00eda de la ciudad de Fr\\u00e1ncfort disuelven una cadena humana en favor de los derechos de los refugiados. Foto: Frank Rumpenhorst\\\/dpa\"},\"datePublished\":\"2020-04-06T16:50:00+02:00\",\"dateModified\":\"2020-04-06T23:35:46+02:00\",\"inLanguage\":\"es-ES\",\"mainEntityOfPage\":{\"@id\":\"https:\\\/\\\/eldigitaldeasturias.com\\\/radio\\\/policia-disuelve-protestas-pro-refugiados-en-berlin-y-francfort\\\/#webpage\"},\"isPartOf\":{\"@id\":\"https:\\\/\\\/eldigitaldeasturias.com\\\/radio\\\/policia-disuelve-protestas-pro-refugiados-en-berlin-y-francfort\\\/#webpage\"},\"articleSection\":\"Noticias\",\"dateline\":\"Publicado el abril 6, 2020.\"},{\"@type\":\"Organization\",\"@id\":\"https:\\\/\\\/eldigitaldeasturias.com\\\/radio\\\/#organization\",\"name\":\"El digital de Asturias Radio\",\"description\":\"Diario de informaci\\u00f3n y noticias\",\"url\":\"https:\\\/\\\/eldigitaldeasturias.com\\\/radio\\\/\",\"telephone\":\"+34652131393\",\"logo\":{\"@type\":\"ImageObject\",\"url\":\"https:\\\/\\\/www.eldigitaldeasturias.com\\\/radio\\\/wp-content\\\/uploads\\\/2021\\\/03\\\/EDA.jpg\",\"@id\":\"https:\\\/\\\/eldigitaldeasturias.com\\\/radio\\\/policia-disuelve-protestas-pro-refugiados-en-berlin-y-francfort\\\/#organizationLogo\"},\"image\":{\"@id\":\"https:\\\/\\\/eldigitaldeasturias.com\\\/radio\\\/policia-disuelve-protestas-pro-refugiados-en-berlin-y-francfort\\\/#organizationLogo\"},\"sameAs\":[\"https:\\\/\\\/www.facebook.com\\\/\",\"https:\\\/\\\/x.com\\\/bercodi\",\"https:\\\/\\\/www.instagram.com\\\/\",\"https:\\\/\\\/www.youtube.com\\\/channel\\\/UCZP-2wLEB9Rv6erhFmqVnvg\"]},{\"@type\":\"Person\",\"@id\":\"https:\\\/\\\/eldigitaldeasturias.com\\\/radio\\\/author\\\/nbasturias\\\/#author\",\"url\":\"https:\\\/\\\/eldigitaldeasturias.com\\\/radio\\\/author\\\/nbasturias\\\/\",\"name\":\"NBAsturias\",\"image\":{\"@type\":\"ImageObject\",\"@id\":\"https:\\\/\\\/eldigitaldeasturias.com\\\/radio\\\/policia-disuelve-protestas-pro-refugiados-en-berlin-y-francfort\\\/#authorImage\",\"url\":\"https:\\\/\\\/secure.gravatar.com\\\/avatar\\\/df2aeffc32bcd13f8d26072ef8a91b623d677766deac7f97ca815868cd41bf5e?s=96&d=mm&r=g\",\"width\":96,\"height\":96,\"caption\":\"NBAsturias\"}},{\"@type\":\"WebPage\",\"@id\":\"https:\\\/\\\/eldigitaldeasturias.com\\\/radio\\\/policia-disuelve-protestas-pro-refugiados-en-berlin-y-francfort\\\/#webpage\",\"url\":\"https:\\\/\\\/eldigitaldeasturias.com\\\/radio\\\/policia-disuelve-protestas-pro-refugiados-en-berlin-y-francfort\\\/\",\"name\":\"Polic\\u00eda disuelve protestas pro-refugiados en Berl\\u00edn y Fr\\u00e1ncfort | El Digital de Asturias\",\"description\":\"Berl\\u00edn\\\/Fr\\u00e1ncfort (Alemania), 5 abr (dpa) - Agentes de la Polic\\u00eda de las ciudades de Berl\\u00edn y Fr\\u00e1ncfort disolvieron hoy de manera respectiva protestas celebradas en ambas ciudades en favor de los derechos de los refugiados, seg\\u00fan anunciaron las dos instituciones. Las protestas formaban parte de la campa\\u00f1a \\\"LeaveNoOneBehind\\\" (no dejes a nadie atr\\u00e1s), liderada por\",\"inLanguage\":\"es-ES\",\"isPartOf\":{\"@id\":\"https:\\\/\\\/eldigitaldeasturias.com\\\/radio\\\/#website\"},\"breadcrumb\":{\"@id\":\"https:\\\/\\\/eldigitaldeasturias.com\\\/radio\\\/policia-disuelve-protestas-pro-refugiados-en-berlin-y-francfort\\\/#breadcrumblist\"},\"author\":{\"@id\":\"https:\\\/\\\/eldigitaldeasturias.com\\\/radio\\\/author\\\/nbasturias\\\/#author\"},\"creator\":{\"@id\":\"https:\\\/\\\/eldigitaldeasturias.com\\\/radio\\\/author\\\/nbasturias\\\/#author\"},\"image\":{\"@type\":\"ImageObject\",\"url\":\"https:\\\/\\\/eldigitaldeasturias.com\\\/radio\\\/wp-content\\\/uploads\\\/2020\\\/04\\\/protestas-pro-refugiados.jpg\",\"@id\":\"https:\\\/\\\/eldigitaldeasturias.com\\\/radio\\\/policia-disuelve-protestas-pro-refugiados-en-berlin-y-francfort\\\/#mainImage\",\"width\":798,\"height\":644,\"caption\":\"Miembros de la Polic\\u00eda de la ciudad de Fr\\u00e1ncfort disuelven una cadena humana en favor de los derechos de los refugiados. Foto: Frank Rumpenhorst\\\/dpa\"},\"primaryImageOfPage\":{\"@id\":\"https:\\\/\\\/eldigitaldeasturias.com\\\/radio\\\/policia-disuelve-protestas-pro-refugiados-en-berlin-y-francfort\\\/#mainImage\"},\"datePublished\":\"2020-04-06T16:50:00+02:00\",\"dateModified\":\"2020-04-06T23:35:46+02:00\"},{\"@type\":\"WebSite\",\"@id\":\"https:\\\/\\\/eldigitaldeasturias.com\\\/radio\\\/#website\",\"url\":\"https:\\\/\\\/eldigitaldeasturias.com\\\/radio\\\/\",\"name\":\"El Digital de Asturias\",\"description\":\"Diario de informaci\\u00f3n y noticias\",\"inLanguage\":\"es-ES\",\"publisher\":{\"@id\":\"https:\\\/\\\/eldigitaldeasturias.com\\\/radio\\\/#organization\"}}]}\n\t\t<\/script>\n\t\t<!-- All in One SEO Pro -->\r\n\t\t<title>Polic\u00eda disuelve protestas pro-refugiados en Berl\u00edn y Fr\u00e1ncfort | El Digital de Asturias<\/title>\n\n","aioseo_head_json":{"title":"Polic\u00eda disuelve protestas pro-refugiados en Berl\u00edn y Fr\u00e1ncfort | El Digital de Asturias","description":"Berl\u00edn\/Fr\u00e1ncfort (Alemania), 5 abr (dpa) - Agentes de la Polic\u00eda de las ciudades de Berl\u00edn y Fr\u00e1ncfort disolvieron hoy de manera respectiva protestas celebradas en ambas ciudades en favor de los derechos de los refugiados, seg\u00fan anunciaron las dos instituciones. Las protestas formaban parte de la campa\u00f1a \"LeaveNoOneBehind\" (no dejes a nadie atr\u00e1s), liderada por","canonical_url":"https:\/\/eldigitaldeasturias.com\/radio\/policia-disuelve-protestas-pro-refugiados-en-berlin-y-francfort\/","robots":"max-image-preview:large","keywords":"noticias","webmasterTools":{"google-site-verification":"UA-38556648-1","miscellaneous":""},"schema":{"@context":"https:\/\/schema.org","@graph":[{"@type":"BreadcrumbList","@id":"https:\/\/eldigitaldeasturias.com\/radio\/policia-disuelve-protestas-pro-refugiados-en-berlin-y-francfort\/#breadcrumblist","itemListElement":[{"@type":"ListItem","@id":"https:\/\/eldigitaldeasturias.com\/radio#listItem","position":1,"name":"Inicio","item":"https:\/\/eldigitaldeasturias.com\/radio","nextItem":{"@type":"ListItem","@id":"https:\/\/eldigitaldeasturias.com\/radio\/category\/noticias\/#listItem","name":"Noticias"}},{"@type":"ListItem","@id":"https:\/\/eldigitaldeasturias.com\/radio\/category\/noticias\/#listItem","position":2,"name":"Noticias","item":"https:\/\/eldigitaldeasturias.com\/radio\/category\/noticias\/","nextItem":{"@type":"ListItem","@id":"https:\/\/eldigitaldeasturias.com\/radio\/policia-disuelve-protestas-pro-refugiados-en-berlin-y-francfort\/#listItem","name":"Polic\u00eda disuelve protestas pro-refugiados en Berl\u00edn y Fr\u00e1ncfort"},"previousItem":{"@type":"ListItem","@id":"https:\/\/eldigitaldeasturias.com\/radio#listItem","name":"Inicio"}},{"@type":"ListItem","@id":"https:\/\/eldigitaldeasturias.com\/radio\/policia-disuelve-protestas-pro-refugiados-en-berlin-y-francfort\/#listItem","position":3,"name":"Polic\u00eda disuelve protestas pro-refugiados en Berl\u00edn y Fr\u00e1ncfort","previousItem":{"@type":"ListItem","@id":"https:\/\/eldigitaldeasturias.com\/radio\/category\/noticias\/#listItem","name":"Noticias"}}]},{"@type":"NewsArticle","@id":"https:\/\/eldigitaldeasturias.com\/radio\/policia-disuelve-protestas-pro-refugiados-en-berlin-y-francfort\/#newsarticle","name":"Polic\u00eda disuelve protestas pro-refugiados en Berl\u00edn y Fr\u00e1ncfort | El Digital de Asturias","headline":"Polic\u00eda disuelve protestas pro-refugiados en Berl\u00edn y Fr\u00e1ncfort","author":{"@id":"https:\/\/eldigitaldeasturias.com\/radio\/author\/nbasturias\/#author"},"publisher":{"@id":"https:\/\/eldigitaldeasturias.com\/radio\/#organization"},"image":{"@type":"ImageObject","url":"https:\/\/eldigitaldeasturias.com\/radio\/wp-content\/uploads\/2020\/04\/protestas-pro-refugiados.jpg","width":798,"height":644,"caption":"Miembros de la Polic\u00eda de la ciudad de Fr\u00e1ncfort disuelven una cadena humana en favor de los derechos de los refugiados. Foto: Frank Rumpenhorst\/dpa"},"datePublished":"2020-04-06T16:50:00+02:00","dateModified":"2020-04-06T23:35:46+02:00","inLanguage":"es-ES","mainEntityOfPage":{"@id":"https:\/\/eldigitaldeasturias.com\/radio\/policia-disuelve-protestas-pro-refugiados-en-berlin-y-francfort\/#webpage"},"isPartOf":{"@id":"https:\/\/eldigitaldeasturias.com\/radio\/policia-disuelve-protestas-pro-refugiados-en-berlin-y-francfort\/#webpage"},"articleSection":"Noticias","dateline":"Publicado el abril 6, 2020."},{"@type":"Organization","@id":"https:\/\/eldigitaldeasturias.com\/radio\/#organization","name":"El digital de Asturias Radio","description":"Diario de informaci\u00f3n y noticias","url":"https:\/\/eldigitaldeasturias.com\/radio\/","telephone":"+34652131393","logo":{"@type":"ImageObject","url":"https:\/\/www.eldigitaldeasturias.com\/radio\/wp-content\/uploads\/2021\/03\/EDA.jpg","@id":"https:\/\/eldigitaldeasturias.com\/radio\/policia-disuelve-protestas-pro-refugiados-en-berlin-y-francfort\/#organizationLogo"},"image":{"@id":"https:\/\/eldigitaldeasturias.com\/radio\/policia-disuelve-protestas-pro-refugiados-en-berlin-y-francfort\/#organizationLogo"},"sameAs":["https:\/\/www.facebook.com\/","https:\/\/x.com\/bercodi","https:\/\/www.instagram.com\/","https:\/\/www.youtube.com\/channel\/UCZP-2wLEB9Rv6erhFmqVnvg"]},{"@type":"Person","@id":"https:\/\/eldigitaldeasturias.com\/radio\/author\/nbasturias\/#author","url":"https:\/\/eldigitaldeasturias.com\/radio\/author\/nbasturias\/","name":"NBAsturias","image":{"@type":"ImageObject","@id":"https:\/\/eldigitaldeasturias.com\/radio\/policia-disuelve-protestas-pro-refugiados-en-berlin-y-francfort\/#authorImage","url":"https:\/\/secure.gravatar.com\/avatar\/df2aeffc32bcd13f8d26072ef8a91b623d677766deac7f97ca815868cd41bf5e?s=96&d=mm&r=g","width":96,"height":96,"caption":"NBAsturias"}},{"@type":"WebPage","@id":"https:\/\/eldigitaldeasturias.com\/radio\/policia-disuelve-protestas-pro-refugiados-en-berlin-y-francfort\/#webpage","url":"https:\/\/eldigitaldeasturias.com\/radio\/policia-disuelve-protestas-pro-refugiados-en-berlin-y-francfort\/","name":"Polic\u00eda disuelve protestas pro-refugiados en Berl\u00edn y Fr\u00e1ncfort | El Digital de Asturias","description":"Berl\u00edn\/Fr\u00e1ncfort (Alemania), 5 abr (dpa) - Agentes de la Polic\u00eda de las ciudades de Berl\u00edn y Fr\u00e1ncfort disolvieron hoy de manera respectiva protestas celebradas en ambas ciudades en favor de los derechos de los refugiados, seg\u00fan anunciaron las dos instituciones. Las protestas formaban parte de la campa\u00f1a \"LeaveNoOneBehind\" (no dejes a nadie atr\u00e1s), liderada por","inLanguage":"es-ES","isPartOf":{"@id":"https:\/\/eldigitaldeasturias.com\/radio\/#website"},"breadcrumb":{"@id":"https:\/\/eldigitaldeasturias.com\/radio\/policia-disuelve-protestas-pro-refugiados-en-berlin-y-francfort\/#breadcrumblist"},"author":{"@id":"https:\/\/eldigitaldeasturias.com\/radio\/author\/nbasturias\/#author"},"creator":{"@id":"https:\/\/eldigitaldeasturias.com\/radio\/author\/nbasturias\/#author"},"image":{"@type":"ImageObject","url":"https:\/\/eldigitaldeasturias.com\/radio\/wp-content\/uploads\/2020\/04\/protestas-pro-refugiados.jpg","@id":"https:\/\/eldigitaldeasturias.com\/radio\/policia-disuelve-protestas-pro-refugiados-en-berlin-y-francfort\/#mainImage","width":798,"height":644,"caption":"Miembros de la Polic\u00eda de la ciudad de Fr\u00e1ncfort disuelven una cadena humana en favor de los derechos de los refugiados. Foto: Frank Rumpenhorst\/dpa"},"primaryImageOfPage":{"@id":"https:\/\/eldigitaldeasturias.com\/radio\/policia-disuelve-protestas-pro-refugiados-en-berlin-y-francfort\/#mainImage"},"datePublished":"2020-04-06T16:50:00+02:00","dateModified":"2020-04-06T23:35:46+02:00"},{"@type":"WebSite","@id":"https:\/\/eldigitaldeasturias.com\/radio\/#website","url":"https:\/\/eldigitaldeasturias.com\/radio\/","name":"El Digital de Asturias","description":"Diario de informaci\u00f3n y noticias","inLanguage":"es-ES","publisher":{"@id":"https:\/\/eldigitaldeasturias.com\/radio\/#organization"}}]},"og:locale":"es_ES","og:site_name":"El Digital de Asturias | Diario de informaci\u00f3n y noticias","og:type":"article","og:title":"Polic\u00eda disuelve protestas pro-refugiados en Berl\u00edn y Fr\u00e1ncfort | El Digital de Asturias","og:description":"Berl\u00edn\/Fr\u00e1ncfort (Alemania), 5 abr (dpa) - Agentes de la Polic\u00eda de las ciudades de Berl\u00edn y Fr\u00e1ncfort disolvieron hoy de manera respectiva protestas celebradas en ambas ciudades en favor de los derechos de los refugiados, seg\u00fan anunciaron las dos instituciones. Las protestas formaban parte de la campa\u00f1a &quot;LeaveNoOneBehind&quot; (no dejes a nadie atr\u00e1s), liderada por","og:url":"https:\/\/eldigitaldeasturias.com\/radio\/policia-disuelve-protestas-pro-refugiados-en-berlin-y-francfort\/","og:image":"https:\/\/eldigitaldeasturias.com\/radio\/wp-content\/uploads\/2020\/04\/protestas-pro-refugiados.jpg","og:image:secure_url":"https:\/\/eldigitaldeasturias.com\/radio\/wp-content\/uploads\/2020\/04\/protestas-pro-refugiados.jpg","og:image:width":798,"og:image:height":644,"article:published_time":"2020-04-06T16:50:00+00:00","article:modified_time":"2020-04-06T23:35:46+00:00","twitter:card":"summary_large_image","twitter:site":"@bercodi","twitter:title":"Polic\u00eda disuelve protestas pro-refugiados en Berl\u00edn y Fr\u00e1ncfort | El Digital de Asturias","twitter:description":"Berl\u00edn\/Fr\u00e1ncfort (Alemania), 5 abr (dpa) - Agentes de la Polic\u00eda de las ciudades de Berl\u00edn y Fr\u00e1ncfort disolvieron hoy de manera respectiva protestas celebradas en ambas ciudades en favor de los derechos de los refugiados, seg\u00fan anunciaron las dos instituciones. Las protestas formaban parte de la campa\u00f1a &quot;LeaveNoOneBehind&quot; (no dejes a nadie atr\u00e1s), liderada por","twitter:creator":"@bercodi","twitter:image":"https:\/\/eldigitaldeasturias.com\/radio\/wp-content\/uploads\/2020\/04\/protestas-pro-refugiados.jpg"},"aioseo_meta_data":{"post_id":"4062","title":null,"description":null,"keywords":null,"keyphrases":null,"primary_term":null,"canonical_url":null,"og_title":null,"og_description":null,"og_object_type":"default","og_image_type":"default","og_image_url":null,"og_image_width":null,"og_image_height":null,"og_image_custom_url":null,"og_image_custom_fields":null,"og_video":null,"og_custom_url":null,"og_article_section":null,"og_article_tags":null,"twitter_use_og":false,"twitter_card":"default","twitter_image_type":"default","twitter_image_url":null,"twitter_image_custom_url":null,"twitter_image_custom_fields":null,"twitter_title":null,"twitter_description":null,"schema":{"blockGraphs":[],"customGraphs":[],"default":{"data":{"Article":[],"Course":[],"Dataset":[],"FAQPage":[],"Movie":[],"Person":[],"Product":[],"ProductReview":[],"Car":[],"Recipe":[],"Service":[],"SoftwareApplication":[],"WebPage":[]},"graphName":"","isEnabled":true},"graphs":[],"defaultGraph":"","defaultPostTypeGraph":""},"schema_type":null,"schema_type_options":null,"pillar_content":false,"robots_default":true,"robots_noindex":false,"robots_noarchive":false,"robots_nosnippet":false,"robots_nofollow":false,"robots_noimageindex":false,"robots_noodp":false,"robots_notranslate":false,"robots_max_snippet":null,"robots_max_videopreview":null,"robots_max_imagepreview":"large","priority":null,"frequency":null,"location":null,"local_seo":null,"seo_analyzer_scan_date":"2025-08-28 15:15:32","breadcrumb_settings":null,"limit_modified_date":false,"open_ai":null,"ai":null,"created":"2021-03-28 02:54:59","updated":"2025-08-28 15:15:32"},"aioseo_breadcrumb":"<div class=\"aioseo-breadcrumbs\"><span class=\"aioseo-breadcrumb\">\n\t<a href=\"https:\/\/eldigitaldeasturias.com\/radio\" title=\"Inicio\">Inicio<\/a>\n<\/span><span class=\"aioseo-breadcrumb-separator\">&ndash;<\/span><span class=\"aioseo-breadcrumb\">\n\t<a href=\"https:\/\/eldigitaldeasturias.com\/radio\/category\/noticias\/\" title=\"Noticias\">Noticias<\/a>\n<\/span><span class=\"aioseo-breadcrumb-separator\">&ndash;<\/span><span class=\"aioseo-breadcrumb\">\n\tPolic\u00eda disuelve protestas pro-refugiados en Berl\u00edn y Fr\u00e1ncfort\n<\/span><\/div>","aioseo_breadcrumb_json":[{"label":"Inicio","link":"https:\/\/eldigitaldeasturias.com\/radio"},{"label":"Noticias","link":"https:\/\/eldigitaldeasturias.com\/radio\/category\/noticias\/"},{"label":"Polic\u00eda disuelve protestas pro-refugiados en Berl\u00edn y Fr\u00e1ncfort","link":"https:\/\/eldigitaldeasturias.com\/radio\/policia-disuelve-protestas-pro-refugiados-en-berlin-y-francfort\/"}],"_links":{"self":[{"href":"https:\/\/eldigitaldeasturias.com\/radio\/wp-json\/wp\/v2\/posts\/4062","targetHints":{"allow":["GET"]}}],"collection":[{"href":"https:\/\/eldigitaldeasturias.com\/radio\/wp-json\/wp\/v2\/posts"}],"about":[{"href":"https:\/\/eldigitaldeasturias.com\/radio\/wp-json\/wp\/v2\/types\/post"}],"author":[{"embeddable":true,"href":"https:\/\/eldigitaldeasturias.com\/radio\/wp-json\/wp\/v2\/users\/1"}],"replies":[{"embeddable":true,"href":"https:\/\/eldigitaldeasturias.com\/radio\/wp-json\/wp\/v2\/comments?post=4062"}],"version-history":[{"count":0,"href":"https:\/\/eldigitaldeasturias.com\/radio\/wp-json\/wp\/v2\/posts\/4062\/revisions"}],"wp:featuredmedia":[{"embeddable":true,"href":"https:\/\/eldigitaldeasturias.com\/radio\/wp-json\/wp\/v2\/media\/4063"}],"wp:attachment":[{"href":"https:\/\/eldigitaldeasturias.com\/radio\/wp-json\/wp\/v2\/media?parent=4062"}],"wp:term":[{"taxonomy":"category","embeddable":true,"href":"https:\/\/eldigitaldeasturias.com\/radio\/wp-json\/wp\/v2\/categories?post=4062"},{"taxonomy":"post_tag","embeddable":true,"href":"https:\/\/eldigitaldeasturias.com\/radio\/wp-json\/wp\/v2\/tags?post=4062"}],"curies":[{"name":"wp","href":"https:\/\/api.w.org\/{rel}","templated":true}]}}