{"id":4059,"date":"2020-04-06T16:46:09","date_gmt":"2020-04-06T16:46:09","guid":{"rendered":"http:\/\/www.eldigitaldeasturias.com\/radio\/?p=4059"},"modified":"2020-04-06T16:46:09","modified_gmt":"2020-04-06T16:46:09","slug":"consideran-la-celebracion-de-la-oktoberfest-en-munich-por-coronavirus","status":"publish","type":"post","link":"https:\/\/eldigitaldeasturias.com\/radio\/consideran-la-celebracion-de-la-oktoberfest-en-munich-por-coronavirus\/","title":{"rendered":"Consideran la celebraci\u00f3n de la Oktoberfest en M\u00fanich por coronavirus"},"content":{"rendered":"<figure id=\"attachment_4060\" aria-describedby=\"caption-attachment-4060\" style=\"width: 360px\" class=\"wp-caption alignleft\"><img fetchpriority=\"high\" decoding=\"async\" class=\"size-medium wp-image-4060\" src=\"http:\/\/www.eldigitaldeasturias.com\/radio\/wp-content\/uploads\/2020\/04\/Oktoberfest-360x244.jpg\" alt=\"\" width=\"360\" height=\"244\" srcset=\"https:\/\/eldigitaldeasturias.com\/radio\/wp-content\/uploads\/2020\/04\/Oktoberfest-360x244.jpg 360w, https:\/\/eldigitaldeasturias.com\/radio\/wp-content\/uploads\/2020\/04\/Oktoberfest-768x520.jpg 768w, https:\/\/eldigitaldeasturias.com\/radio\/wp-content\/uploads\/2020\/04\/Oktoberfest.jpg 995w\" sizes=\"(max-width: 360px) 100vw, 360px\" \/><figcaption id=\"caption-attachment-4060\" class=\"wp-caption-text\">Visitantes celebran en la Oktoberfest. Foto: Andreas Gebert\/dpa<\/figcaption><\/figure>\n<p>M\u00fcnchen (dpa) &#8211; El alcalde de la ciudad de M\u00fanich, Dieter Reiter, anunci\u00f3 hoy que \u00aba m\u00e1s tardar a fines de mayo, principios de junio\u00bb se decidir\u00e1 si debido a la pandemia del coronavirus este a\u00f1o se podr\u00e1 celebrar la \u00abOktoberfest\u00bb, la fiesta popular m\u00e1s grande de Alemania y una de las mayores del mundo.<\/p>\n<p>Seg\u00fan los planes, la Okotberfest se celebrar\u00e1 este a\u00f1o entre el 16 de septiembre y el 4 de octubre.<\/p>\n<p>La conocida como fiesta de la cerveza que se desarrolla en la Theresienwiese (Prado de Teresa o simplemente \u00abWiesn\u00bb), cerca del centro de M\u00fanich, atrae cada a\u00f1o a millones de personas, tambi\u00e9n a muchos extranjeros.<\/p>\n<p>\u00abPor el momento estamos esperando el final de las vacaciones de Pascua y la probable evaluaci\u00f3n de si logramos frenar la propagaci\u00f3n del virus. Por lo tanto, todav\u00eda es demasiado temprano para tomar una decisi\u00f3n vinculante\u00bb, dijo el asesor econ\u00f3mico y director del \u00abOktoberfest\u00bb, Clemens Baumg\u00e4rtner.<\/p>\n<p>Agreg\u00f3 que la decisi\u00f3n depender\u00e1 en gran medida del asesoramiento de los expertos y de las normas de salud y seguridad emitidas por el Gobierno alem\u00e1n y el estado federado de Baviera.<\/p>\n<p>La cancelaci\u00f3n de la fiesta no solo tendr\u00eda fuertes consecuencias econ\u00f3micas, con p\u00e9rdidas millonarias, sino que tambi\u00e9n repercutir\u00e1 socialmente.<\/p>\n<p>La gente vestida con trajes t\u00edpicos, locales y turistas bebiendo cerveza de manera pac\u00edfica, sumado adem\u00e1s al cielo azul en oto\u00f1o, son las im\u00e1genes que destacan a M\u00fanich y Baviera.<\/p>\n<p>Unos seis millones de visitantes de todo el mundo llegan cada a\u00f1o al predio de 34 hect\u00e1reas donde se desarrolla la fiesta durante dos semanas.<\/p>\n<p>En d\u00edas muy concurridos, puede haber hasta 250.000 visitantes, as\u00ed que no hay posibilidad de mantener distancia. Incluso en tiempos normales, muchos m\u00e9dicos de M\u00fanich y alrededores registran m\u00e1s pacientes con resfr\u00edos y gripe a partir de la segunda semana del \u00abOktoberfest\u00bb: la llamada gripe de \u00abWiesn\u00bb, como los lugare\u00f1os llaman a esta fiesta.<\/p>\n<p>Los pat\u00f3genos tienen v\u00eda libre en las carpas estrechas en las que miles de personas se re\u00fanen a tomar cerveza. El alcohol adem\u00e1s debilita el sistema inmunol\u00f3gico.<\/p>\n","protected":false},"excerpt":{"rendered":"<p>M\u00fcnchen (dpa) &#8211; El alcalde de la ciudad de M\u00fanich, Dieter Reiter, anunci\u00f3 hoy que \u00aba m\u00e1s tardar a fines de mayo, principios de junio\u00bb se decidir\u00e1 si debido a la pandemia del coronavirus este a\u00f1o se podr\u00e1 celebrar la \u00abOktoberfest\u00bb, la fiesta popular m\u00e1s grande de Alemania y una de las mayores del mundo.<\/p>\n","protected":false},"author":1,"featured_media":4060,"comment_status":"closed","ping_status":"closed","sticky":false,"template":"","format":"standard","meta":{"footnotes":""},"categories":[34],"tags":[],"class_list":{"0":"post-4059","1":"post","2":"type-post","3":"status-publish","4":"format-standard","5":"has-post-thumbnail","7":"category-turismo"},"aioseo_notices":[],"aioseo_head":"\n\t\t<!-- All in One SEO Pro 4.9.6.2 - aioseo.com -->\n\t<meta name=\"description\" content=\"M\u00fcnchen (dpa) - El alcalde de la ciudad de M\u00fanich, Dieter Reiter, anunci\u00f3 hoy que &quot;a m\u00e1s tardar a fines de mayo, principios de junio&quot; se decidir\u00e1 si debido a la pandemia del coronavirus este a\u00f1o se podr\u00e1 celebrar la &quot;Oktoberfest&quot;, la fiesta popular m\u00e1s grande de Alemania y una de las mayores del mundo.\" \/>\n\t<meta name=\"robots\" content=\"max-image-preview:large\" \/>\n\t<meta name=\"author\" content=\"NBAsturias\"\/>\n\t<meta name=\"google-site-verification\" content=\"UA-38556648-1\" \/>\n\t<meta name=\"keywords\" content=\"turismo\" \/>\n\t<link rel=\"canonical\" href=\"https:\/\/eldigitaldeasturias.com\/radio\/consideran-la-celebracion-de-la-oktoberfest-en-munich-por-coronavirus\/\" \/>\n\t<meta name=\"generator\" content=\"All in One SEO Pro (AIOSEO) 4.9.6.2\" \/>\n\t\t<meta property=\"og:locale\" content=\"es_ES\" \/>\n\t\t<meta property=\"og:site_name\" content=\"El Digital de Asturias | Diario de informaci\u00f3n y noticias\" \/>\n\t\t<meta property=\"og:type\" content=\"article\" \/>\n\t\t<meta property=\"og:title\" content=\"Consideran la celebraci\u00f3n de la Oktoberfest en M\u00fanich por coronavirus | El Digital de Asturias\" \/>\n\t\t<meta property=\"og:description\" content=\"M\u00fcnchen (dpa) - El alcalde de la ciudad de M\u00fanich, Dieter Reiter, anunci\u00f3 hoy que &quot;a m\u00e1s tardar a fines de mayo, principios de junio&quot; se decidir\u00e1 si debido a la pandemia del coronavirus este a\u00f1o se podr\u00e1 celebrar la &quot;Oktoberfest&quot;, la fiesta popular m\u00e1s grande de Alemania y una de las mayores del mundo.\" \/>\n\t\t<meta property=\"og:url\" content=\"https:\/\/eldigitaldeasturias.com\/radio\/consideran-la-celebracion-de-la-oktoberfest-en-munich-por-coronavirus\/\" \/>\n\t\t<meta property=\"og:image\" content=\"https:\/\/eldigitaldeasturias.com\/radio\/wp-content\/uploads\/2020\/04\/Oktoberfest.jpg\" \/>\n\t\t<meta property=\"og:image:secure_url\" content=\"https:\/\/eldigitaldeasturias.com\/radio\/wp-content\/uploads\/2020\/04\/Oktoberfest.jpg\" \/>\n\t\t<meta property=\"og:image:width\" content=\"995\" \/>\n\t\t<meta property=\"og:image:height\" content=\"674\" \/>\n\t\t<meta property=\"article:published_time\" content=\"2020-04-06T16:46:09+00:00\" \/>\n\t\t<meta property=\"article:modified_time\" content=\"2020-04-06T16:46:09+00:00\" \/>\n\t\t<meta name=\"twitter:card\" content=\"summary_large_image\" \/>\n\t\t<meta name=\"twitter:site\" content=\"@bercodi\" \/>\n\t\t<meta name=\"twitter:title\" content=\"Consideran la celebraci\u00f3n de la Oktoberfest en M\u00fanich por coronavirus | El Digital de Asturias\" \/>\n\t\t<meta name=\"twitter:description\" content=\"M\u00fcnchen (dpa) - El alcalde de la ciudad de M\u00fanich, Dieter Reiter, anunci\u00f3 hoy que &quot;a m\u00e1s tardar a fines de mayo, principios de junio&quot; se decidir\u00e1 si debido a la pandemia del coronavirus este a\u00f1o se podr\u00e1 celebrar la &quot;Oktoberfest&quot;, la fiesta popular m\u00e1s grande de Alemania y una de las mayores del mundo.\" \/>\n\t\t<meta name=\"twitter:creator\" content=\"@bercodi\" \/>\n\t\t<meta name=\"twitter:image\" content=\"https:\/\/eldigitaldeasturias.com\/radio\/wp-content\/uploads\/2020\/04\/Oktoberfest.jpg\" \/>\n\t\t<script type=\"application\/ld+json\" class=\"aioseo-schema\">\n\t\t\t{\"@context\":\"https:\\\/\\\/schema.org\",\"@graph\":[{\"@type\":\"BreadcrumbList\",\"@id\":\"https:\\\/\\\/eldigitaldeasturias.com\\\/radio\\\/consideran-la-celebracion-de-la-oktoberfest-en-munich-por-coronavirus\\\/#breadcrumblist\",\"itemListElement\":[{\"@type\":\"ListItem\",\"@id\":\"https:\\\/\\\/eldigitaldeasturias.com\\\/radio#listItem\",\"position\":1,\"name\":\"Inicio\",\"item\":\"https:\\\/\\\/eldigitaldeasturias.com\\\/radio\",\"nextItem\":{\"@type\":\"ListItem\",\"@id\":\"https:\\\/\\\/eldigitaldeasturias.com\\\/radio\\\/category\\\/turismo\\\/#listItem\",\"name\":\"Turismo\"}},{\"@type\":\"ListItem\",\"@id\":\"https:\\\/\\\/eldigitaldeasturias.com\\\/radio\\\/category\\\/turismo\\\/#listItem\",\"position\":2,\"name\":\"Turismo\",\"item\":\"https:\\\/\\\/eldigitaldeasturias.com\\\/radio\\\/category\\\/turismo\\\/\",\"nextItem\":{\"@type\":\"ListItem\",\"@id\":\"https:\\\/\\\/eldigitaldeasturias.com\\\/radio\\\/consideran-la-celebracion-de-la-oktoberfest-en-munich-por-coronavirus\\\/#listItem\",\"name\":\"Consideran la celebraci\\u00f3n de la Oktoberfest en M\\u00fanich por coronavirus\"},\"previousItem\":{\"@type\":\"ListItem\",\"@id\":\"https:\\\/\\\/eldigitaldeasturias.com\\\/radio#listItem\",\"name\":\"Inicio\"}},{\"@type\":\"ListItem\",\"@id\":\"https:\\\/\\\/eldigitaldeasturias.com\\\/radio\\\/consideran-la-celebracion-de-la-oktoberfest-en-munich-por-coronavirus\\\/#listItem\",\"position\":3,\"name\":\"Consideran la celebraci\\u00f3n de la Oktoberfest en M\\u00fanich por coronavirus\",\"previousItem\":{\"@type\":\"ListItem\",\"@id\":\"https:\\\/\\\/eldigitaldeasturias.com\\\/radio\\\/category\\\/turismo\\\/#listItem\",\"name\":\"Turismo\"}}]},{\"@type\":\"NewsArticle\",\"@id\":\"https:\\\/\\\/eldigitaldeasturias.com\\\/radio\\\/consideran-la-celebracion-de-la-oktoberfest-en-munich-por-coronavirus\\\/#newsarticle\",\"name\":\"Consideran la celebraci\\u00f3n de la Oktoberfest en M\\u00fanich por coronavirus | El Digital de Asturias\",\"headline\":\"Consideran la celebraci\\u00f3n de la Oktoberfest en M\\u00fanich por coronavirus\",\"author\":{\"@id\":\"https:\\\/\\\/eldigitaldeasturias.com\\\/radio\\\/author\\\/nbasturias\\\/#author\"},\"publisher\":{\"@id\":\"https:\\\/\\\/eldigitaldeasturias.com\\\/radio\\\/#organization\"},\"image\":{\"@type\":\"ImageObject\",\"url\":\"https:\\\/\\\/eldigitaldeasturias.com\\\/radio\\\/wp-content\\\/uploads\\\/2020\\\/04\\\/Oktoberfest.jpg\",\"width\":995,\"height\":674,\"caption\":\"Visitantes celebran en la Oktoberfest. Foto: Andreas Gebert\\\/dpa\"},\"datePublished\":\"2020-04-06T16:46:09+02:00\",\"dateModified\":\"2020-04-06T16:46:09+02:00\",\"inLanguage\":\"es-ES\",\"mainEntityOfPage\":{\"@id\":\"https:\\\/\\\/eldigitaldeasturias.com\\\/radio\\\/consideran-la-celebracion-de-la-oktoberfest-en-munich-por-coronavirus\\\/#webpage\"},\"isPartOf\":{\"@id\":\"https:\\\/\\\/eldigitaldeasturias.com\\\/radio\\\/consideran-la-celebracion-de-la-oktoberfest-en-munich-por-coronavirus\\\/#webpage\"},\"articleSection\":\"Turismo\",\"dateline\":\"Publicado el abril 6, 2020.\"},{\"@type\":\"Organization\",\"@id\":\"https:\\\/\\\/eldigitaldeasturias.com\\\/radio\\\/#organization\",\"name\":\"El digital de Asturias Radio\",\"description\":\"Diario de informaci\\u00f3n y noticias\",\"url\":\"https:\\\/\\\/eldigitaldeasturias.com\\\/radio\\\/\",\"telephone\":\"+34652131393\",\"logo\":{\"@type\":\"ImageObject\",\"url\":\"https:\\\/\\\/www.eldigitaldeasturias.com\\\/radio\\\/wp-content\\\/uploads\\\/2021\\\/03\\\/EDA.jpg\",\"@id\":\"https:\\\/\\\/eldigitaldeasturias.com\\\/radio\\\/consideran-la-celebracion-de-la-oktoberfest-en-munich-por-coronavirus\\\/#organizationLogo\"},\"image\":{\"@id\":\"https:\\\/\\\/eldigitaldeasturias.com\\\/radio\\\/consideran-la-celebracion-de-la-oktoberfest-en-munich-por-coronavirus\\\/#organizationLogo\"},\"sameAs\":[\"https:\\\/\\\/www.facebook.com\\\/\",\"https:\\\/\\\/x.com\\\/bercodi\",\"https:\\\/\\\/www.instagram.com\\\/\",\"https:\\\/\\\/www.youtube.com\\\/channel\\\/UCZP-2wLEB9Rv6erhFmqVnvg\"]},{\"@type\":\"Person\",\"@id\":\"https:\\\/\\\/eldigitaldeasturias.com\\\/radio\\\/author\\\/nbasturias\\\/#author\",\"url\":\"https:\\\/\\\/eldigitaldeasturias.com\\\/radio\\\/author\\\/nbasturias\\\/\",\"name\":\"NBAsturias\",\"image\":{\"@type\":\"ImageObject\",\"@id\":\"https:\\\/\\\/eldigitaldeasturias.com\\\/radio\\\/consideran-la-celebracion-de-la-oktoberfest-en-munich-por-coronavirus\\\/#authorImage\",\"url\":\"https:\\\/\\\/secure.gravatar.com\\\/avatar\\\/df2aeffc32bcd13f8d26072ef8a91b623d677766deac7f97ca815868cd41bf5e?s=96&d=mm&r=g\",\"width\":96,\"height\":96,\"caption\":\"NBAsturias\"}},{\"@type\":\"WebPage\",\"@id\":\"https:\\\/\\\/eldigitaldeasturias.com\\\/radio\\\/consideran-la-celebracion-de-la-oktoberfest-en-munich-por-coronavirus\\\/#webpage\",\"url\":\"https:\\\/\\\/eldigitaldeasturias.com\\\/radio\\\/consideran-la-celebracion-de-la-oktoberfest-en-munich-por-coronavirus\\\/\",\"name\":\"Consideran la celebraci\\u00f3n de la Oktoberfest en M\\u00fanich por coronavirus | El Digital de Asturias\",\"description\":\"M\\u00fcnchen (dpa) - El alcalde de la ciudad de M\\u00fanich, Dieter Reiter, anunci\\u00f3 hoy que \\\"a m\\u00e1s tardar a fines de mayo, principios de junio\\\" se decidir\\u00e1 si debido a la pandemia del coronavirus este a\\u00f1o se podr\\u00e1 celebrar la \\\"Oktoberfest\\\", la fiesta popular m\\u00e1s grande de Alemania y una de las mayores del mundo.\",\"inLanguage\":\"es-ES\",\"isPartOf\":{\"@id\":\"https:\\\/\\\/eldigitaldeasturias.com\\\/radio\\\/#website\"},\"breadcrumb\":{\"@id\":\"https:\\\/\\\/eldigitaldeasturias.com\\\/radio\\\/consideran-la-celebracion-de-la-oktoberfest-en-munich-por-coronavirus\\\/#breadcrumblist\"},\"author\":{\"@id\":\"https:\\\/\\\/eldigitaldeasturias.com\\\/radio\\\/author\\\/nbasturias\\\/#author\"},\"creator\":{\"@id\":\"https:\\\/\\\/eldigitaldeasturias.com\\\/radio\\\/author\\\/nbasturias\\\/#author\"},\"image\":{\"@type\":\"ImageObject\",\"url\":\"https:\\\/\\\/eldigitaldeasturias.com\\\/radio\\\/wp-content\\\/uploads\\\/2020\\\/04\\\/Oktoberfest.jpg\",\"@id\":\"https:\\\/\\\/eldigitaldeasturias.com\\\/radio\\\/consideran-la-celebracion-de-la-oktoberfest-en-munich-por-coronavirus\\\/#mainImage\",\"width\":995,\"height\":674,\"caption\":\"Visitantes celebran en la Oktoberfest. Foto: Andreas Gebert\\\/dpa\"},\"primaryImageOfPage\":{\"@id\":\"https:\\\/\\\/eldigitaldeasturias.com\\\/radio\\\/consideran-la-celebracion-de-la-oktoberfest-en-munich-por-coronavirus\\\/#mainImage\"},\"datePublished\":\"2020-04-06T16:46:09+02:00\",\"dateModified\":\"2020-04-06T16:46:09+02:00\"},{\"@type\":\"WebSite\",\"@id\":\"https:\\\/\\\/eldigitaldeasturias.com\\\/radio\\\/#website\",\"url\":\"https:\\\/\\\/eldigitaldeasturias.com\\\/radio\\\/\",\"name\":\"El Digital de Asturias\",\"description\":\"Diario de informaci\\u00f3n y noticias\",\"inLanguage\":\"es-ES\",\"publisher\":{\"@id\":\"https:\\\/\\\/eldigitaldeasturias.com\\\/radio\\\/#organization\"}}]}\n\t\t<\/script>\n\t\t<!-- All in One SEO Pro -->\r\n\t\t<title>Consideran la celebraci\u00f3n de la Oktoberfest en M\u00fanich por coronavirus | El Digital de Asturias<\/title>\n\n","aioseo_head_json":{"title":"Consideran la celebraci\u00f3n de la Oktoberfest en M\u00fanich por coronavirus | El Digital de Asturias","description":"M\u00fcnchen (dpa) - El alcalde de la ciudad de M\u00fanich, Dieter Reiter, anunci\u00f3 hoy que \"a m\u00e1s tardar a fines de mayo, principios de junio\" se decidir\u00e1 si debido a la pandemia del coronavirus este a\u00f1o se podr\u00e1 celebrar la \"Oktoberfest\", la fiesta popular m\u00e1s grande de Alemania y una de las mayores del mundo.","canonical_url":"https:\/\/eldigitaldeasturias.com\/radio\/consideran-la-celebracion-de-la-oktoberfest-en-munich-por-coronavirus\/","robots":"max-image-preview:large","keywords":"turismo","webmasterTools":{"google-site-verification":"UA-38556648-1","miscellaneous":""},"schema":{"@context":"https:\/\/schema.org","@graph":[{"@type":"BreadcrumbList","@id":"https:\/\/eldigitaldeasturias.com\/radio\/consideran-la-celebracion-de-la-oktoberfest-en-munich-por-coronavirus\/#breadcrumblist","itemListElement":[{"@type":"ListItem","@id":"https:\/\/eldigitaldeasturias.com\/radio#listItem","position":1,"name":"Inicio","item":"https:\/\/eldigitaldeasturias.com\/radio","nextItem":{"@type":"ListItem","@id":"https:\/\/eldigitaldeasturias.com\/radio\/category\/turismo\/#listItem","name":"Turismo"}},{"@type":"ListItem","@id":"https:\/\/eldigitaldeasturias.com\/radio\/category\/turismo\/#listItem","position":2,"name":"Turismo","item":"https:\/\/eldigitaldeasturias.com\/radio\/category\/turismo\/","nextItem":{"@type":"ListItem","@id":"https:\/\/eldigitaldeasturias.com\/radio\/consideran-la-celebracion-de-la-oktoberfest-en-munich-por-coronavirus\/#listItem","name":"Consideran la celebraci\u00f3n de la Oktoberfest en M\u00fanich por coronavirus"},"previousItem":{"@type":"ListItem","@id":"https:\/\/eldigitaldeasturias.com\/radio#listItem","name":"Inicio"}},{"@type":"ListItem","@id":"https:\/\/eldigitaldeasturias.com\/radio\/consideran-la-celebracion-de-la-oktoberfest-en-munich-por-coronavirus\/#listItem","position":3,"name":"Consideran la celebraci\u00f3n de la Oktoberfest en M\u00fanich por coronavirus","previousItem":{"@type":"ListItem","@id":"https:\/\/eldigitaldeasturias.com\/radio\/category\/turismo\/#listItem","name":"Turismo"}}]},{"@type":"NewsArticle","@id":"https:\/\/eldigitaldeasturias.com\/radio\/consideran-la-celebracion-de-la-oktoberfest-en-munich-por-coronavirus\/#newsarticle","name":"Consideran la celebraci\u00f3n de la Oktoberfest en M\u00fanich por coronavirus | El Digital de Asturias","headline":"Consideran la celebraci\u00f3n de la Oktoberfest en M\u00fanich por coronavirus","author":{"@id":"https:\/\/eldigitaldeasturias.com\/radio\/author\/nbasturias\/#author"},"publisher":{"@id":"https:\/\/eldigitaldeasturias.com\/radio\/#organization"},"image":{"@type":"ImageObject","url":"https:\/\/eldigitaldeasturias.com\/radio\/wp-content\/uploads\/2020\/04\/Oktoberfest.jpg","width":995,"height":674,"caption":"Visitantes celebran en la Oktoberfest. Foto: Andreas Gebert\/dpa"},"datePublished":"2020-04-06T16:46:09+02:00","dateModified":"2020-04-06T16:46:09+02:00","inLanguage":"es-ES","mainEntityOfPage":{"@id":"https:\/\/eldigitaldeasturias.com\/radio\/consideran-la-celebracion-de-la-oktoberfest-en-munich-por-coronavirus\/#webpage"},"isPartOf":{"@id":"https:\/\/eldigitaldeasturias.com\/radio\/consideran-la-celebracion-de-la-oktoberfest-en-munich-por-coronavirus\/#webpage"},"articleSection":"Turismo","dateline":"Publicado el abril 6, 2020."},{"@type":"Organization","@id":"https:\/\/eldigitaldeasturias.com\/radio\/#organization","name":"El digital de Asturias Radio","description":"Diario de informaci\u00f3n y noticias","url":"https:\/\/eldigitaldeasturias.com\/radio\/","telephone":"+34652131393","logo":{"@type":"ImageObject","url":"https:\/\/www.eldigitaldeasturias.com\/radio\/wp-content\/uploads\/2021\/03\/EDA.jpg","@id":"https:\/\/eldigitaldeasturias.com\/radio\/consideran-la-celebracion-de-la-oktoberfest-en-munich-por-coronavirus\/#organizationLogo"},"image":{"@id":"https:\/\/eldigitaldeasturias.com\/radio\/consideran-la-celebracion-de-la-oktoberfest-en-munich-por-coronavirus\/#organizationLogo"},"sameAs":["https:\/\/www.facebook.com\/","https:\/\/x.com\/bercodi","https:\/\/www.instagram.com\/","https:\/\/www.youtube.com\/channel\/UCZP-2wLEB9Rv6erhFmqVnvg"]},{"@type":"Person","@id":"https:\/\/eldigitaldeasturias.com\/radio\/author\/nbasturias\/#author","url":"https:\/\/eldigitaldeasturias.com\/radio\/author\/nbasturias\/","name":"NBAsturias","image":{"@type":"ImageObject","@id":"https:\/\/eldigitaldeasturias.com\/radio\/consideran-la-celebracion-de-la-oktoberfest-en-munich-por-coronavirus\/#authorImage","url":"https:\/\/secure.gravatar.com\/avatar\/df2aeffc32bcd13f8d26072ef8a91b623d677766deac7f97ca815868cd41bf5e?s=96&d=mm&r=g","width":96,"height":96,"caption":"NBAsturias"}},{"@type":"WebPage","@id":"https:\/\/eldigitaldeasturias.com\/radio\/consideran-la-celebracion-de-la-oktoberfest-en-munich-por-coronavirus\/#webpage","url":"https:\/\/eldigitaldeasturias.com\/radio\/consideran-la-celebracion-de-la-oktoberfest-en-munich-por-coronavirus\/","name":"Consideran la celebraci\u00f3n de la Oktoberfest en M\u00fanich por coronavirus | El Digital de Asturias","description":"M\u00fcnchen (dpa) - El alcalde de la ciudad de M\u00fanich, Dieter Reiter, anunci\u00f3 hoy que \"a m\u00e1s tardar a fines de mayo, principios de junio\" se decidir\u00e1 si debido a la pandemia del coronavirus este a\u00f1o se podr\u00e1 celebrar la \"Oktoberfest\", la fiesta popular m\u00e1s grande de Alemania y una de las mayores del mundo.","inLanguage":"es-ES","isPartOf":{"@id":"https:\/\/eldigitaldeasturias.com\/radio\/#website"},"breadcrumb":{"@id":"https:\/\/eldigitaldeasturias.com\/radio\/consideran-la-celebracion-de-la-oktoberfest-en-munich-por-coronavirus\/#breadcrumblist"},"author":{"@id":"https:\/\/eldigitaldeasturias.com\/radio\/author\/nbasturias\/#author"},"creator":{"@id":"https:\/\/eldigitaldeasturias.com\/radio\/author\/nbasturias\/#author"},"image":{"@type":"ImageObject","url":"https:\/\/eldigitaldeasturias.com\/radio\/wp-content\/uploads\/2020\/04\/Oktoberfest.jpg","@id":"https:\/\/eldigitaldeasturias.com\/radio\/consideran-la-celebracion-de-la-oktoberfest-en-munich-por-coronavirus\/#mainImage","width":995,"height":674,"caption":"Visitantes celebran en la Oktoberfest. Foto: Andreas Gebert\/dpa"},"primaryImageOfPage":{"@id":"https:\/\/eldigitaldeasturias.com\/radio\/consideran-la-celebracion-de-la-oktoberfest-en-munich-por-coronavirus\/#mainImage"},"datePublished":"2020-04-06T16:46:09+02:00","dateModified":"2020-04-06T16:46:09+02:00"},{"@type":"WebSite","@id":"https:\/\/eldigitaldeasturias.com\/radio\/#website","url":"https:\/\/eldigitaldeasturias.com\/radio\/","name":"El Digital de Asturias","description":"Diario de informaci\u00f3n y noticias","inLanguage":"es-ES","publisher":{"@id":"https:\/\/eldigitaldeasturias.com\/radio\/#organization"}}]},"og:locale":"es_ES","og:site_name":"El Digital de Asturias | Diario de informaci\u00f3n y noticias","og:type":"article","og:title":"Consideran la celebraci\u00f3n de la Oktoberfest en M\u00fanich por coronavirus | El Digital de Asturias","og:description":"M\u00fcnchen (dpa) - El alcalde de la ciudad de M\u00fanich, Dieter Reiter, anunci\u00f3 hoy que &quot;a m\u00e1s tardar a fines de mayo, principios de junio&quot; se decidir\u00e1 si debido a la pandemia del coronavirus este a\u00f1o se podr\u00e1 celebrar la &quot;Oktoberfest&quot;, la fiesta popular m\u00e1s grande de Alemania y una de las mayores del mundo.","og:url":"https:\/\/eldigitaldeasturias.com\/radio\/consideran-la-celebracion-de-la-oktoberfest-en-munich-por-coronavirus\/","og:image":"https:\/\/eldigitaldeasturias.com\/radio\/wp-content\/uploads\/2020\/04\/Oktoberfest.jpg","og:image:secure_url":"https:\/\/eldigitaldeasturias.com\/radio\/wp-content\/uploads\/2020\/04\/Oktoberfest.jpg","og:image:width":995,"og:image:height":674,"article:published_time":"2020-04-06T16:46:09+00:00","article:modified_time":"2020-04-06T16:46:09+00:00","twitter:card":"summary_large_image","twitter:site":"@bercodi","twitter:title":"Consideran la celebraci\u00f3n de la Oktoberfest en M\u00fanich por coronavirus | El Digital de Asturias","twitter:description":"M\u00fcnchen (dpa) - El alcalde de la ciudad de M\u00fanich, Dieter Reiter, anunci\u00f3 hoy que &quot;a m\u00e1s tardar a fines de mayo, principios de junio&quot; se decidir\u00e1 si debido a la pandemia del coronavirus este a\u00f1o se podr\u00e1 celebrar la &quot;Oktoberfest&quot;, la fiesta popular m\u00e1s grande de Alemania y una de las mayores del mundo.","twitter:creator":"@bercodi","twitter:image":"https:\/\/eldigitaldeasturias.com\/radio\/wp-content\/uploads\/2020\/04\/Oktoberfest.jpg"},"aioseo_meta_data":{"post_id":"4059","title":null,"description":null,"keywords":null,"keyphrases":null,"primary_term":null,"canonical_url":null,"og_title":null,"og_description":null,"og_object_type":"default","og_image_type":"default","og_image_url":null,"og_image_width":null,"og_image_height":null,"og_image_custom_url":null,"og_image_custom_fields":null,"og_video":null,"og_custom_url":null,"og_article_section":null,"og_article_tags":null,"twitter_use_og":false,"twitter_card":"default","twitter_image_type":"default","twitter_image_url":null,"twitter_image_custom_url":null,"twitter_image_custom_fields":null,"twitter_title":null,"twitter_description":null,"schema":{"blockGraphs":[],"customGraphs":[],"default":{"data":{"Article":[],"Course":[],"Dataset":[],"FAQPage":[],"Movie":[],"Person":[],"Product":[],"ProductReview":[],"Car":[],"Recipe":[],"Service":[],"SoftwareApplication":[],"WebPage":[]},"graphName":"","isEnabled":true},"graphs":[],"defaultGraph":"","defaultPostTypeGraph":""},"schema_type":null,"schema_type_options":null,"pillar_content":false,"robots_default":true,"robots_noindex":false,"robots_noarchive":false,"robots_nosnippet":false,"robots_nofollow":false,"robots_noimageindex":false,"robots_noodp":false,"robots_notranslate":false,"robots_max_snippet":null,"robots_max_videopreview":null,"robots_max_imagepreview":"large","priority":null,"frequency":null,"location":null,"local_seo":null,"seo_analyzer_scan_date":"2025-08-28 15:15:31","breadcrumb_settings":null,"limit_modified_date":false,"open_ai":null,"ai":null,"created":"2021-03-25 19:10:00","updated":"2025-08-28 15:15:31"},"aioseo_breadcrumb":"<div class=\"aioseo-breadcrumbs\"><span class=\"aioseo-breadcrumb\">\n\t<a href=\"https:\/\/eldigitaldeasturias.com\/radio\" title=\"Inicio\">Inicio<\/a>\n<\/span><span class=\"aioseo-breadcrumb-separator\">&ndash;<\/span><span class=\"aioseo-breadcrumb\">\n\t<a href=\"https:\/\/eldigitaldeasturias.com\/radio\/category\/turismo\/\" title=\"Turismo\">Turismo<\/a>\n<\/span><span class=\"aioseo-breadcrumb-separator\">&ndash;<\/span><span class=\"aioseo-breadcrumb\">\n\tConsideran la celebraci\u00f3n de la Oktoberfest en M\u00fanich por coronavirus\n<\/span><\/div>","aioseo_breadcrumb_json":[{"label":"Inicio","link":"https:\/\/eldigitaldeasturias.com\/radio"},{"label":"Turismo","link":"https:\/\/eldigitaldeasturias.com\/radio\/category\/turismo\/"},{"label":"Consideran la celebraci\u00f3n de la Oktoberfest en M\u00fanich por coronavirus","link":"https:\/\/eldigitaldeasturias.com\/radio\/consideran-la-celebracion-de-la-oktoberfest-en-munich-por-coronavirus\/"}],"_links":{"self":[{"href":"https:\/\/eldigitaldeasturias.com\/radio\/wp-json\/wp\/v2\/posts\/4059","targetHints":{"allow":["GET"]}}],"collection":[{"href":"https:\/\/eldigitaldeasturias.com\/radio\/wp-json\/wp\/v2\/posts"}],"about":[{"href":"https:\/\/eldigitaldeasturias.com\/radio\/wp-json\/wp\/v2\/types\/post"}],"author":[{"embeddable":true,"href":"https:\/\/eldigitaldeasturias.com\/radio\/wp-json\/wp\/v2\/users\/1"}],"replies":[{"embeddable":true,"href":"https:\/\/eldigitaldeasturias.com\/radio\/wp-json\/wp\/v2\/comments?post=4059"}],"version-history":[{"count":0,"href":"https:\/\/eldigitaldeasturias.com\/radio\/wp-json\/wp\/v2\/posts\/4059\/revisions"}],"wp:featuredmedia":[{"embeddable":true,"href":"https:\/\/eldigitaldeasturias.com\/radio\/wp-json\/wp\/v2\/media\/4060"}],"wp:attachment":[{"href":"https:\/\/eldigitaldeasturias.com\/radio\/wp-json\/wp\/v2\/media?parent=4059"}],"wp:term":[{"taxonomy":"category","embeddable":true,"href":"https:\/\/eldigitaldeasturias.com\/radio\/wp-json\/wp\/v2\/categories?post=4059"},{"taxonomy":"post_tag","embeddable":true,"href":"https:\/\/eldigitaldeasturias.com\/radio\/wp-json\/wp\/v2\/tags?post=4059"}],"curies":[{"name":"wp","href":"https:\/\/api.w.org\/{rel}","templated":true}]}}