{"id":4051,"date":"2020-04-06T16:04:25","date_gmt":"2020-04-06T16:04:25","guid":{"rendered":"http:\/\/www.eldigitaldeasturias.com\/radio\/?p=4051"},"modified":"2020-04-06T16:04:25","modified_gmt":"2020-04-06T16:04:25","slug":"heynckes-flick-es-el-tecnico-ideal-para-el-bayern-munich","status":"publish","type":"post","link":"https:\/\/eldigitaldeasturias.com\/radio\/heynckes-flick-es-el-tecnico-ideal-para-el-bayern-munich\/","title":{"rendered":"Heynckes: Flick es el t\u00e9cnico ideal para el Bayern M\u00fanich"},"content":{"rendered":"<figure id=\"attachment_4052\" aria-describedby=\"caption-attachment-4052\" style=\"width: 360px\" class=\"wp-caption alignleft\"><img fetchpriority=\"high\" decoding=\"async\" class=\"size-medium wp-image-4052\" src=\"http:\/\/www.eldigitaldeasturias.com\/radio\/wp-content\/uploads\/2020\/04\/Heynckes-360x236.jpg\" alt=\"\" width=\"360\" height=\"236\" srcset=\"https:\/\/eldigitaldeasturias.com\/radio\/wp-content\/uploads\/2020\/04\/Heynckes-360x236.jpg 360w, https:\/\/eldigitaldeasturias.com\/radio\/wp-content\/uploads\/2020\/04\/Heynckes-768x504.jpg 768w, https:\/\/eldigitaldeasturias.com\/radio\/wp-content\/uploads\/2020\/04\/Heynckes.jpg 1013w\" sizes=\"(max-width: 360px) 100vw, 360px\" \/><figcaption id=\"caption-attachment-4052\" class=\"wp-caption-text\">Foto: Sven Hoppe\/dpa<\/figcaption><\/figure>\n<p>M\u00fanich, 5 abr (dpa) &#8211; El ex t\u00e9cnico Jupp Heynckes dijo hoy a dpa que la renovaci\u00f3n del contrato de Hansi Flick como entrenador es una \u00absabia decisi\u00f3n del Bayern M\u00fanich\u00bb.<\/p>\n<p>\u00abPara m\u00ed es el entrenador ideal porque ya ha adquirido mucha experiencia en diversos puestos en el f\u00fatbol\u00bb, destac\u00f3 Heynckes, quien dirigi\u00f3 el banquillo del club muniqu\u00e9s en tres ocasiones.<\/p>\n<p>El ex entrenador, de 74 a\u00f1os, gan\u00f3 en 2013 el hist\u00f3rico triplete con el Bayern M\u00fanich, es decir, los t\u00edtulos de la Bundesliga, la Copa de la Fedraci\u00f3n Alemana de F\u00fatbol (DFB) y la Liga de Campeones.<\/p>\n<p>Seg\u00fan Heynckes, los b\u00e1varos han mostrado un f\u00fatbol atractivo y exitoso en los \u00faltimos meses.<\/p>\n<p>\u00abFlick tiene competencia profesional, liderazgo en todas las \u00e1reas, seriedad, solidez y una excelente presentaci\u00f3n p\u00fablica\u00bb, enfatiz\u00f3 su elogio hacia el actual t\u00e9cnico b\u00e1varo.<\/p>\n<p>Pese a la interrupci\u00f3n de la Bundesliga debido a la pandemia del coronavirus, el Bayern M\u00fanich anunci\u00f3 el viernes la prolongaci\u00f3n anticipada del contrato de Flick, de 55 a\u00f1os, hasta el 30 de junio de 2023.<\/p>\n<p>\u00abLe deseo a \u00e9l y al Bayern M\u00fanich el mayor \u00e9xito en las tres competiciones\u00bb, declar\u00f3 Heynckes, quien fue consultado en varias oportunidades por el club durante este proceso de elecci\u00f3n del t\u00e9cnico.<\/p>\n<p>El presidente de la junta directiva del Bayern M\u00fanich, Karl-Heinz Rummenigge, inform\u00f3 sobre varias llamadas telef\u00f3nicas con Heynckes.<\/p>\n<p>\u00abDesde el punto de vista de Jupp, Hansi es perfecto para el Bayern M\u00fanich\u00bb, revel\u00f3 Rummenigge, quien asegur\u00f3 que el propio Flick le recuerda a Heynckes. \u00abA ambos les distingue especialmente la empat\u00eda demostrada con el equipo\u00bb, se\u00f1al\u00f3.<\/p>\n<p>&nbsp;<\/p>\n","protected":false},"excerpt":{"rendered":"<p>M\u00fanich, 5 abr (dpa) &#8211; El ex t\u00e9cnico Jupp Heynckes dijo hoy a dpa que la renovaci\u00f3n del contrato de Hansi Flick como entrenador es una \u00absabia decisi\u00f3n del Bayern M\u00fanich\u00bb. \u00abPara m\u00ed es el entrenador ideal porque ya ha adquirido mucha experiencia en diversos puestos en el f\u00fatbol\u00bb, destac\u00f3 Heynckes, quien dirigi\u00f3 el banquillo<\/p>\n","protected":false},"author":1,"featured_media":4052,"comment_status":"closed","ping_status":"closed","sticky":false,"template":"","format":"standard","meta":{"footnotes":""},"categories":[1],"tags":[],"class_list":{"0":"post-4051","1":"post","2":"type-post","3":"status-publish","4":"format-standard","5":"has-post-thumbnail","7":"category-noticias"},"aioseo_notices":[],"aioseo_head":"\n\t\t<!-- All in One SEO Pro 4.9.6.2 - aioseo.com -->\n\t<meta name=\"description\" content=\"M\u00fanich, 5 abr (dpa) - El ex t\u00e9cnico Jupp Heynckes dijo hoy a dpa que la renovaci\u00f3n del contrato de Hansi Flick como entrenador es una &quot;sabia decisi\u00f3n del Bayern M\u00fanich&quot;. &quot;Para m\u00ed es el entrenador ideal porque ya ha adquirido mucha experiencia en diversos puestos en el f\u00fatbol&quot;, destac\u00f3 Heynckes, quien dirigi\u00f3 el banquillo\" \/>\n\t<meta name=\"robots\" content=\"max-image-preview:large\" \/>\n\t<meta name=\"author\" content=\"NBAsturias\"\/>\n\t<meta name=\"google-site-verification\" content=\"UA-38556648-1\" \/>\n\t<meta name=\"keywords\" content=\"noticias\" \/>\n\t<link rel=\"canonical\" href=\"https:\/\/eldigitaldeasturias.com\/radio\/heynckes-flick-es-el-tecnico-ideal-para-el-bayern-munich\/\" \/>\n\t<meta name=\"generator\" content=\"All in One SEO Pro (AIOSEO) 4.9.6.2\" \/>\n\t\t<meta property=\"og:locale\" content=\"es_ES\" \/>\n\t\t<meta property=\"og:site_name\" content=\"El Digital de Asturias | Diario de informaci\u00f3n y noticias\" \/>\n\t\t<meta property=\"og:type\" content=\"article\" \/>\n\t\t<meta property=\"og:title\" content=\"Heynckes: Flick es el t\u00e9cnico ideal para el Bayern M\u00fanich | El Digital de Asturias\" \/>\n\t\t<meta property=\"og:description\" content=\"M\u00fanich, 5 abr (dpa) - El ex t\u00e9cnico Jupp Heynckes dijo hoy a dpa que la renovaci\u00f3n del contrato de Hansi Flick como entrenador es una &quot;sabia decisi\u00f3n del Bayern M\u00fanich&quot;. &quot;Para m\u00ed es el entrenador ideal porque ya ha adquirido mucha experiencia en diversos puestos en el f\u00fatbol&quot;, destac\u00f3 Heynckes, quien dirigi\u00f3 el banquillo\" \/>\n\t\t<meta property=\"og:url\" content=\"https:\/\/eldigitaldeasturias.com\/radio\/heynckes-flick-es-el-tecnico-ideal-para-el-bayern-munich\/\" \/>\n\t\t<meta property=\"og:image\" content=\"https:\/\/eldigitaldeasturias.com\/radio\/wp-content\/uploads\/2020\/04\/Heynckes.jpg\" \/>\n\t\t<meta property=\"og:image:secure_url\" content=\"https:\/\/eldigitaldeasturias.com\/radio\/wp-content\/uploads\/2020\/04\/Heynckes.jpg\" \/>\n\t\t<meta property=\"og:image:width\" content=\"1013\" \/>\n\t\t<meta property=\"og:image:height\" content=\"665\" \/>\n\t\t<meta property=\"article:published_time\" content=\"2020-04-06T16:04:25+00:00\" \/>\n\t\t<meta property=\"article:modified_time\" content=\"2020-04-06T16:04:25+00:00\" \/>\n\t\t<meta name=\"twitter:card\" content=\"summary_large_image\" \/>\n\t\t<meta name=\"twitter:site\" content=\"@bercodi\" \/>\n\t\t<meta name=\"twitter:title\" content=\"Heynckes: Flick es el t\u00e9cnico ideal para el Bayern M\u00fanich | El Digital de Asturias\" \/>\n\t\t<meta name=\"twitter:description\" content=\"M\u00fanich, 5 abr (dpa) - El ex t\u00e9cnico Jupp Heynckes dijo hoy a dpa que la renovaci\u00f3n del contrato de Hansi Flick como entrenador es una &quot;sabia decisi\u00f3n del Bayern M\u00fanich&quot;. &quot;Para m\u00ed es el entrenador ideal porque ya ha adquirido mucha experiencia en diversos puestos en el f\u00fatbol&quot;, destac\u00f3 Heynckes, quien dirigi\u00f3 el banquillo\" \/>\n\t\t<meta name=\"twitter:creator\" content=\"@bercodi\" \/>\n\t\t<meta name=\"twitter:image\" content=\"https:\/\/eldigitaldeasturias.com\/radio\/wp-content\/uploads\/2020\/04\/Heynckes.jpg\" \/>\n\t\t<script type=\"application\/ld+json\" class=\"aioseo-schema\">\n\t\t\t{\"@context\":\"https:\\\/\\\/schema.org\",\"@graph\":[{\"@type\":\"BreadcrumbList\",\"@id\":\"https:\\\/\\\/eldigitaldeasturias.com\\\/radio\\\/heynckes-flick-es-el-tecnico-ideal-para-el-bayern-munich\\\/#breadcrumblist\",\"itemListElement\":[{\"@type\":\"ListItem\",\"@id\":\"https:\\\/\\\/eldigitaldeasturias.com\\\/radio#listItem\",\"position\":1,\"name\":\"Inicio\",\"item\":\"https:\\\/\\\/eldigitaldeasturias.com\\\/radio\",\"nextItem\":{\"@type\":\"ListItem\",\"@id\":\"https:\\\/\\\/eldigitaldeasturias.com\\\/radio\\\/category\\\/noticias\\\/#listItem\",\"name\":\"Noticias\"}},{\"@type\":\"ListItem\",\"@id\":\"https:\\\/\\\/eldigitaldeasturias.com\\\/radio\\\/category\\\/noticias\\\/#listItem\",\"position\":2,\"name\":\"Noticias\",\"item\":\"https:\\\/\\\/eldigitaldeasturias.com\\\/radio\\\/category\\\/noticias\\\/\",\"nextItem\":{\"@type\":\"ListItem\",\"@id\":\"https:\\\/\\\/eldigitaldeasturias.com\\\/radio\\\/heynckes-flick-es-el-tecnico-ideal-para-el-bayern-munich\\\/#listItem\",\"name\":\"Heynckes: Flick es el t\\u00e9cnico ideal para el Bayern M\\u00fanich\"},\"previousItem\":{\"@type\":\"ListItem\",\"@id\":\"https:\\\/\\\/eldigitaldeasturias.com\\\/radio#listItem\",\"name\":\"Inicio\"}},{\"@type\":\"ListItem\",\"@id\":\"https:\\\/\\\/eldigitaldeasturias.com\\\/radio\\\/heynckes-flick-es-el-tecnico-ideal-para-el-bayern-munich\\\/#listItem\",\"position\":3,\"name\":\"Heynckes: Flick es el t\\u00e9cnico ideal para el Bayern M\\u00fanich\",\"previousItem\":{\"@type\":\"ListItem\",\"@id\":\"https:\\\/\\\/eldigitaldeasturias.com\\\/radio\\\/category\\\/noticias\\\/#listItem\",\"name\":\"Noticias\"}}]},{\"@type\":\"NewsArticle\",\"@id\":\"https:\\\/\\\/eldigitaldeasturias.com\\\/radio\\\/heynckes-flick-es-el-tecnico-ideal-para-el-bayern-munich\\\/#newsarticle\",\"name\":\"Heynckes: Flick es el t\\u00e9cnico ideal para el Bayern M\\u00fanich | El Digital de Asturias\",\"headline\":\"Heynckes: Flick es el t\\u00e9cnico ideal para el Bayern M\\u00fanich\",\"author\":{\"@id\":\"https:\\\/\\\/eldigitaldeasturias.com\\\/radio\\\/author\\\/nbasturias\\\/#author\"},\"publisher\":{\"@id\":\"https:\\\/\\\/eldigitaldeasturias.com\\\/radio\\\/#organization\"},\"image\":{\"@type\":\"ImageObject\",\"url\":\"https:\\\/\\\/eldigitaldeasturias.com\\\/radio\\\/wp-content\\\/uploads\\\/2020\\\/04\\\/Heynckes.jpg\",\"width\":1013,\"height\":665,\"caption\":\"Foto: Sven Hoppe\\\/dpa\"},\"datePublished\":\"2020-04-06T16:04:25+02:00\",\"dateModified\":\"2020-04-06T16:04:25+02:00\",\"inLanguage\":\"es-ES\",\"mainEntityOfPage\":{\"@id\":\"https:\\\/\\\/eldigitaldeasturias.com\\\/radio\\\/heynckes-flick-es-el-tecnico-ideal-para-el-bayern-munich\\\/#webpage\"},\"isPartOf\":{\"@id\":\"https:\\\/\\\/eldigitaldeasturias.com\\\/radio\\\/heynckes-flick-es-el-tecnico-ideal-para-el-bayern-munich\\\/#webpage\"},\"articleSection\":\"Noticias\",\"dateline\":\"Publicado el abril 6, 2020.\"},{\"@type\":\"Organization\",\"@id\":\"https:\\\/\\\/eldigitaldeasturias.com\\\/radio\\\/#organization\",\"name\":\"El digital de Asturias Radio\",\"description\":\"Diario de informaci\\u00f3n y noticias\",\"url\":\"https:\\\/\\\/eldigitaldeasturias.com\\\/radio\\\/\",\"telephone\":\"+34652131393\",\"logo\":{\"@type\":\"ImageObject\",\"url\":\"https:\\\/\\\/www.eldigitaldeasturias.com\\\/radio\\\/wp-content\\\/uploads\\\/2021\\\/03\\\/EDA.jpg\",\"@id\":\"https:\\\/\\\/eldigitaldeasturias.com\\\/radio\\\/heynckes-flick-es-el-tecnico-ideal-para-el-bayern-munich\\\/#organizationLogo\"},\"image\":{\"@id\":\"https:\\\/\\\/eldigitaldeasturias.com\\\/radio\\\/heynckes-flick-es-el-tecnico-ideal-para-el-bayern-munich\\\/#organizationLogo\"},\"sameAs\":[\"https:\\\/\\\/www.facebook.com\\\/\",\"https:\\\/\\\/x.com\\\/bercodi\",\"https:\\\/\\\/www.instagram.com\\\/\",\"https:\\\/\\\/www.youtube.com\\\/channel\\\/UCZP-2wLEB9Rv6erhFmqVnvg\"]},{\"@type\":\"Person\",\"@id\":\"https:\\\/\\\/eldigitaldeasturias.com\\\/radio\\\/author\\\/nbasturias\\\/#author\",\"url\":\"https:\\\/\\\/eldigitaldeasturias.com\\\/radio\\\/author\\\/nbasturias\\\/\",\"name\":\"NBAsturias\",\"image\":{\"@type\":\"ImageObject\",\"@id\":\"https:\\\/\\\/eldigitaldeasturias.com\\\/radio\\\/heynckes-flick-es-el-tecnico-ideal-para-el-bayern-munich\\\/#authorImage\",\"url\":\"https:\\\/\\\/secure.gravatar.com\\\/avatar\\\/df2aeffc32bcd13f8d26072ef8a91b623d677766deac7f97ca815868cd41bf5e?s=96&d=mm&r=g\",\"width\":96,\"height\":96,\"caption\":\"NBAsturias\"}},{\"@type\":\"WebPage\",\"@id\":\"https:\\\/\\\/eldigitaldeasturias.com\\\/radio\\\/heynckes-flick-es-el-tecnico-ideal-para-el-bayern-munich\\\/#webpage\",\"url\":\"https:\\\/\\\/eldigitaldeasturias.com\\\/radio\\\/heynckes-flick-es-el-tecnico-ideal-para-el-bayern-munich\\\/\",\"name\":\"Heynckes: Flick es el t\\u00e9cnico ideal para el Bayern M\\u00fanich | El Digital de Asturias\",\"description\":\"M\\u00fanich, 5 abr (dpa) - El ex t\\u00e9cnico Jupp Heynckes dijo hoy a dpa que la renovaci\\u00f3n del contrato de Hansi Flick como entrenador es una \\\"sabia decisi\\u00f3n del Bayern M\\u00fanich\\\". \\\"Para m\\u00ed es el entrenador ideal porque ya ha adquirido mucha experiencia en diversos puestos en el f\\u00fatbol\\\", destac\\u00f3 Heynckes, quien dirigi\\u00f3 el banquillo\",\"inLanguage\":\"es-ES\",\"isPartOf\":{\"@id\":\"https:\\\/\\\/eldigitaldeasturias.com\\\/radio\\\/#website\"},\"breadcrumb\":{\"@id\":\"https:\\\/\\\/eldigitaldeasturias.com\\\/radio\\\/heynckes-flick-es-el-tecnico-ideal-para-el-bayern-munich\\\/#breadcrumblist\"},\"author\":{\"@id\":\"https:\\\/\\\/eldigitaldeasturias.com\\\/radio\\\/author\\\/nbasturias\\\/#author\"},\"creator\":{\"@id\":\"https:\\\/\\\/eldigitaldeasturias.com\\\/radio\\\/author\\\/nbasturias\\\/#author\"},\"image\":{\"@type\":\"ImageObject\",\"url\":\"https:\\\/\\\/eldigitaldeasturias.com\\\/radio\\\/wp-content\\\/uploads\\\/2020\\\/04\\\/Heynckes.jpg\",\"@id\":\"https:\\\/\\\/eldigitaldeasturias.com\\\/radio\\\/heynckes-flick-es-el-tecnico-ideal-para-el-bayern-munich\\\/#mainImage\",\"width\":1013,\"height\":665,\"caption\":\"Foto: Sven Hoppe\\\/dpa\"},\"primaryImageOfPage\":{\"@id\":\"https:\\\/\\\/eldigitaldeasturias.com\\\/radio\\\/heynckes-flick-es-el-tecnico-ideal-para-el-bayern-munich\\\/#mainImage\"},\"datePublished\":\"2020-04-06T16:04:25+02:00\",\"dateModified\":\"2020-04-06T16:04:25+02:00\"},{\"@type\":\"WebSite\",\"@id\":\"https:\\\/\\\/eldigitaldeasturias.com\\\/radio\\\/#website\",\"url\":\"https:\\\/\\\/eldigitaldeasturias.com\\\/radio\\\/\",\"name\":\"El Digital de Asturias\",\"description\":\"Diario de informaci\\u00f3n y noticias\",\"inLanguage\":\"es-ES\",\"publisher\":{\"@id\":\"https:\\\/\\\/eldigitaldeasturias.com\\\/radio\\\/#organization\"}}]}\n\t\t<\/script>\n\t\t<!-- All in One SEO Pro -->\r\n\t\t<title>Heynckes: Flick es el t\u00e9cnico ideal para el Bayern M\u00fanich | El Digital de Asturias<\/title>\n\n","aioseo_head_json":{"title":"Heynckes: Flick es el t\u00e9cnico ideal para el Bayern M\u00fanich | El Digital de Asturias","description":"M\u00fanich, 5 abr (dpa) - El ex t\u00e9cnico Jupp Heynckes dijo hoy a dpa que la renovaci\u00f3n del contrato de Hansi Flick como entrenador es una \"sabia decisi\u00f3n del Bayern M\u00fanich\". \"Para m\u00ed es el entrenador ideal porque ya ha adquirido mucha experiencia en diversos puestos en el f\u00fatbol\", destac\u00f3 Heynckes, quien dirigi\u00f3 el banquillo","canonical_url":"https:\/\/eldigitaldeasturias.com\/radio\/heynckes-flick-es-el-tecnico-ideal-para-el-bayern-munich\/","robots":"max-image-preview:large","keywords":"noticias","webmasterTools":{"google-site-verification":"UA-38556648-1","miscellaneous":""},"schema":{"@context":"https:\/\/schema.org","@graph":[{"@type":"BreadcrumbList","@id":"https:\/\/eldigitaldeasturias.com\/radio\/heynckes-flick-es-el-tecnico-ideal-para-el-bayern-munich\/#breadcrumblist","itemListElement":[{"@type":"ListItem","@id":"https:\/\/eldigitaldeasturias.com\/radio#listItem","position":1,"name":"Inicio","item":"https:\/\/eldigitaldeasturias.com\/radio","nextItem":{"@type":"ListItem","@id":"https:\/\/eldigitaldeasturias.com\/radio\/category\/noticias\/#listItem","name":"Noticias"}},{"@type":"ListItem","@id":"https:\/\/eldigitaldeasturias.com\/radio\/category\/noticias\/#listItem","position":2,"name":"Noticias","item":"https:\/\/eldigitaldeasturias.com\/radio\/category\/noticias\/","nextItem":{"@type":"ListItem","@id":"https:\/\/eldigitaldeasturias.com\/radio\/heynckes-flick-es-el-tecnico-ideal-para-el-bayern-munich\/#listItem","name":"Heynckes: Flick es el t\u00e9cnico ideal para el Bayern M\u00fanich"},"previousItem":{"@type":"ListItem","@id":"https:\/\/eldigitaldeasturias.com\/radio#listItem","name":"Inicio"}},{"@type":"ListItem","@id":"https:\/\/eldigitaldeasturias.com\/radio\/heynckes-flick-es-el-tecnico-ideal-para-el-bayern-munich\/#listItem","position":3,"name":"Heynckes: Flick es el t\u00e9cnico ideal para el Bayern M\u00fanich","previousItem":{"@type":"ListItem","@id":"https:\/\/eldigitaldeasturias.com\/radio\/category\/noticias\/#listItem","name":"Noticias"}}]},{"@type":"NewsArticle","@id":"https:\/\/eldigitaldeasturias.com\/radio\/heynckes-flick-es-el-tecnico-ideal-para-el-bayern-munich\/#newsarticle","name":"Heynckes: Flick es el t\u00e9cnico ideal para el Bayern M\u00fanich | El Digital de Asturias","headline":"Heynckes: Flick es el t\u00e9cnico ideal para el Bayern M\u00fanich","author":{"@id":"https:\/\/eldigitaldeasturias.com\/radio\/author\/nbasturias\/#author"},"publisher":{"@id":"https:\/\/eldigitaldeasturias.com\/radio\/#organization"},"image":{"@type":"ImageObject","url":"https:\/\/eldigitaldeasturias.com\/radio\/wp-content\/uploads\/2020\/04\/Heynckes.jpg","width":1013,"height":665,"caption":"Foto: Sven Hoppe\/dpa"},"datePublished":"2020-04-06T16:04:25+02:00","dateModified":"2020-04-06T16:04:25+02:00","inLanguage":"es-ES","mainEntityOfPage":{"@id":"https:\/\/eldigitaldeasturias.com\/radio\/heynckes-flick-es-el-tecnico-ideal-para-el-bayern-munich\/#webpage"},"isPartOf":{"@id":"https:\/\/eldigitaldeasturias.com\/radio\/heynckes-flick-es-el-tecnico-ideal-para-el-bayern-munich\/#webpage"},"articleSection":"Noticias","dateline":"Publicado el abril 6, 2020."},{"@type":"Organization","@id":"https:\/\/eldigitaldeasturias.com\/radio\/#organization","name":"El digital de Asturias Radio","description":"Diario de informaci\u00f3n y noticias","url":"https:\/\/eldigitaldeasturias.com\/radio\/","telephone":"+34652131393","logo":{"@type":"ImageObject","url":"https:\/\/www.eldigitaldeasturias.com\/radio\/wp-content\/uploads\/2021\/03\/EDA.jpg","@id":"https:\/\/eldigitaldeasturias.com\/radio\/heynckes-flick-es-el-tecnico-ideal-para-el-bayern-munich\/#organizationLogo"},"image":{"@id":"https:\/\/eldigitaldeasturias.com\/radio\/heynckes-flick-es-el-tecnico-ideal-para-el-bayern-munich\/#organizationLogo"},"sameAs":["https:\/\/www.facebook.com\/","https:\/\/x.com\/bercodi","https:\/\/www.instagram.com\/","https:\/\/www.youtube.com\/channel\/UCZP-2wLEB9Rv6erhFmqVnvg"]},{"@type":"Person","@id":"https:\/\/eldigitaldeasturias.com\/radio\/author\/nbasturias\/#author","url":"https:\/\/eldigitaldeasturias.com\/radio\/author\/nbasturias\/","name":"NBAsturias","image":{"@type":"ImageObject","@id":"https:\/\/eldigitaldeasturias.com\/radio\/heynckes-flick-es-el-tecnico-ideal-para-el-bayern-munich\/#authorImage","url":"https:\/\/secure.gravatar.com\/avatar\/df2aeffc32bcd13f8d26072ef8a91b623d677766deac7f97ca815868cd41bf5e?s=96&d=mm&r=g","width":96,"height":96,"caption":"NBAsturias"}},{"@type":"WebPage","@id":"https:\/\/eldigitaldeasturias.com\/radio\/heynckes-flick-es-el-tecnico-ideal-para-el-bayern-munich\/#webpage","url":"https:\/\/eldigitaldeasturias.com\/radio\/heynckes-flick-es-el-tecnico-ideal-para-el-bayern-munich\/","name":"Heynckes: Flick es el t\u00e9cnico ideal para el Bayern M\u00fanich | El Digital de Asturias","description":"M\u00fanich, 5 abr (dpa) - El ex t\u00e9cnico Jupp Heynckes dijo hoy a dpa que la renovaci\u00f3n del contrato de Hansi Flick como entrenador es una \"sabia decisi\u00f3n del Bayern M\u00fanich\". \"Para m\u00ed es el entrenador ideal porque ya ha adquirido mucha experiencia en diversos puestos en el f\u00fatbol\", destac\u00f3 Heynckes, quien dirigi\u00f3 el banquillo","inLanguage":"es-ES","isPartOf":{"@id":"https:\/\/eldigitaldeasturias.com\/radio\/#website"},"breadcrumb":{"@id":"https:\/\/eldigitaldeasturias.com\/radio\/heynckes-flick-es-el-tecnico-ideal-para-el-bayern-munich\/#breadcrumblist"},"author":{"@id":"https:\/\/eldigitaldeasturias.com\/radio\/author\/nbasturias\/#author"},"creator":{"@id":"https:\/\/eldigitaldeasturias.com\/radio\/author\/nbasturias\/#author"},"image":{"@type":"ImageObject","url":"https:\/\/eldigitaldeasturias.com\/radio\/wp-content\/uploads\/2020\/04\/Heynckes.jpg","@id":"https:\/\/eldigitaldeasturias.com\/radio\/heynckes-flick-es-el-tecnico-ideal-para-el-bayern-munich\/#mainImage","width":1013,"height":665,"caption":"Foto: Sven Hoppe\/dpa"},"primaryImageOfPage":{"@id":"https:\/\/eldigitaldeasturias.com\/radio\/heynckes-flick-es-el-tecnico-ideal-para-el-bayern-munich\/#mainImage"},"datePublished":"2020-04-06T16:04:25+02:00","dateModified":"2020-04-06T16:04:25+02:00"},{"@type":"WebSite","@id":"https:\/\/eldigitaldeasturias.com\/radio\/#website","url":"https:\/\/eldigitaldeasturias.com\/radio\/","name":"El Digital de Asturias","description":"Diario de informaci\u00f3n y noticias","inLanguage":"es-ES","publisher":{"@id":"https:\/\/eldigitaldeasturias.com\/radio\/#organization"}}]},"og:locale":"es_ES","og:site_name":"El Digital de Asturias | Diario de informaci\u00f3n y noticias","og:type":"article","og:title":"Heynckes: Flick es el t\u00e9cnico ideal para el Bayern M\u00fanich | El Digital de Asturias","og:description":"M\u00fanich, 5 abr (dpa) - El ex t\u00e9cnico Jupp Heynckes dijo hoy a dpa que la renovaci\u00f3n del contrato de Hansi Flick como entrenador es una &quot;sabia decisi\u00f3n del Bayern M\u00fanich&quot;. &quot;Para m\u00ed es el entrenador ideal porque ya ha adquirido mucha experiencia en diversos puestos en el f\u00fatbol&quot;, destac\u00f3 Heynckes, quien dirigi\u00f3 el banquillo","og:url":"https:\/\/eldigitaldeasturias.com\/radio\/heynckes-flick-es-el-tecnico-ideal-para-el-bayern-munich\/","og:image":"https:\/\/eldigitaldeasturias.com\/radio\/wp-content\/uploads\/2020\/04\/Heynckes.jpg","og:image:secure_url":"https:\/\/eldigitaldeasturias.com\/radio\/wp-content\/uploads\/2020\/04\/Heynckes.jpg","og:image:width":1013,"og:image:height":665,"article:published_time":"2020-04-06T16:04:25+00:00","article:modified_time":"2020-04-06T16:04:25+00:00","twitter:card":"summary_large_image","twitter:site":"@bercodi","twitter:title":"Heynckes: Flick es el t\u00e9cnico ideal para el Bayern M\u00fanich | El Digital de Asturias","twitter:description":"M\u00fanich, 5 abr (dpa) - El ex t\u00e9cnico Jupp Heynckes dijo hoy a dpa que la renovaci\u00f3n del contrato de Hansi Flick como entrenador es una &quot;sabia decisi\u00f3n del Bayern M\u00fanich&quot;. &quot;Para m\u00ed es el entrenador ideal porque ya ha adquirido mucha experiencia en diversos puestos en el f\u00fatbol&quot;, destac\u00f3 Heynckes, quien dirigi\u00f3 el banquillo","twitter:creator":"@bercodi","twitter:image":"https:\/\/eldigitaldeasturias.com\/radio\/wp-content\/uploads\/2020\/04\/Heynckes.jpg"},"aioseo_meta_data":{"post_id":"4051","title":null,"description":null,"keywords":null,"keyphrases":null,"primary_term":null,"canonical_url":null,"og_title":null,"og_description":null,"og_object_type":"default","og_image_type":"default","og_image_url":null,"og_image_width":null,"og_image_height":null,"og_image_custom_url":null,"og_image_custom_fields":null,"og_video":null,"og_custom_url":null,"og_article_section":null,"og_article_tags":null,"twitter_use_og":false,"twitter_card":"default","twitter_image_type":"default","twitter_image_url":null,"twitter_image_custom_url":null,"twitter_image_custom_fields":null,"twitter_title":null,"twitter_description":null,"schema":{"blockGraphs":[],"customGraphs":[],"default":{"data":{"Article":[],"Course":[],"Dataset":[],"FAQPage":[],"Movie":[],"Person":[],"Product":[],"ProductReview":[],"Car":[],"Recipe":[],"Service":[],"SoftwareApplication":[],"WebPage":[]},"graphName":"","isEnabled":true},"graphs":[],"defaultGraph":"","defaultPostTypeGraph":""},"schema_type":null,"schema_type_options":null,"pillar_content":false,"robots_default":true,"robots_noindex":false,"robots_noarchive":false,"robots_nosnippet":false,"robots_nofollow":false,"robots_noimageindex":false,"robots_noodp":false,"robots_notranslate":false,"robots_max_snippet":null,"robots_max_videopreview":null,"robots_max_imagepreview":"large","priority":null,"frequency":null,"location":null,"local_seo":null,"seo_analyzer_scan_date":"2025-08-28 15:13:51","breadcrumb_settings":null,"limit_modified_date":false,"open_ai":null,"ai":null,"created":"2021-03-27 22:03:42","updated":"2025-08-28 15:13:51"},"aioseo_breadcrumb":"<div class=\"aioseo-breadcrumbs\"><span class=\"aioseo-breadcrumb\">\n\t<a href=\"https:\/\/eldigitaldeasturias.com\/radio\" title=\"Inicio\">Inicio<\/a>\n<\/span><span class=\"aioseo-breadcrumb-separator\">&ndash;<\/span><span class=\"aioseo-breadcrumb\">\n\t<a href=\"https:\/\/eldigitaldeasturias.com\/radio\/category\/noticias\/\" title=\"Noticias\">Noticias<\/a>\n<\/span><span class=\"aioseo-breadcrumb-separator\">&ndash;<\/span><span class=\"aioseo-breadcrumb\">\n\tHeynckes: Flick es el t\u00e9cnico ideal para el Bayern M\u00fanich\n<\/span><\/div>","aioseo_breadcrumb_json":[{"label":"Inicio","link":"https:\/\/eldigitaldeasturias.com\/radio"},{"label":"Noticias","link":"https:\/\/eldigitaldeasturias.com\/radio\/category\/noticias\/"},{"label":"Heynckes: Flick es el t\u00e9cnico ideal para el Bayern M\u00fanich","link":"https:\/\/eldigitaldeasturias.com\/radio\/heynckes-flick-es-el-tecnico-ideal-para-el-bayern-munich\/"}],"_links":{"self":[{"href":"https:\/\/eldigitaldeasturias.com\/radio\/wp-json\/wp\/v2\/posts\/4051","targetHints":{"allow":["GET"]}}],"collection":[{"href":"https:\/\/eldigitaldeasturias.com\/radio\/wp-json\/wp\/v2\/posts"}],"about":[{"href":"https:\/\/eldigitaldeasturias.com\/radio\/wp-json\/wp\/v2\/types\/post"}],"author":[{"embeddable":true,"href":"https:\/\/eldigitaldeasturias.com\/radio\/wp-json\/wp\/v2\/users\/1"}],"replies":[{"embeddable":true,"href":"https:\/\/eldigitaldeasturias.com\/radio\/wp-json\/wp\/v2\/comments?post=4051"}],"version-history":[{"count":0,"href":"https:\/\/eldigitaldeasturias.com\/radio\/wp-json\/wp\/v2\/posts\/4051\/revisions"}],"wp:featuredmedia":[{"embeddable":true,"href":"https:\/\/eldigitaldeasturias.com\/radio\/wp-json\/wp\/v2\/media\/4052"}],"wp:attachment":[{"href":"https:\/\/eldigitaldeasturias.com\/radio\/wp-json\/wp\/v2\/media?parent=4051"}],"wp:term":[{"taxonomy":"category","embeddable":true,"href":"https:\/\/eldigitaldeasturias.com\/radio\/wp-json\/wp\/v2\/categories?post=4051"},{"taxonomy":"post_tag","embeddable":true,"href":"https:\/\/eldigitaldeasturias.com\/radio\/wp-json\/wp\/v2\/tags?post=4051"}],"curies":[{"name":"wp","href":"https:\/\/api.w.org\/{rel}","templated":true}]}}