{"id":4018,"date":"2020-03-01T16:51:50","date_gmt":"2020-03-01T16:51:50","guid":{"rendered":"http:\/\/www.eldigitaldeasturias.com\/radio\/?p=4018"},"modified":"2020-03-01T16:51:50","modified_gmt":"2020-03-01T16:51:50","slug":"comite-de-coordinacion-de-asturias-frente-al-coronavirus-covid-19","status":"publish","type":"post","link":"https:\/\/eldigitaldeasturias.com\/radio\/comite-de-coordinacion-de-asturias-frente-al-coronavirus-covid-19\/","title":{"rendered":"Comit\u00e9 de Coordinaci\u00f3n de Asturias frente al Coronavirus COVID-19"},"content":{"rendered":"<p><img fetchpriority=\"high\" decoding=\"async\" class=\"alignleft size-medium wp-image-4019\" src=\"http:\/\/www.eldigitaldeasturias.com\/radio\/wp-content\/uploads\/2020\/03\/Coronavirus-en-Asturias-360x245.jpg\" alt=\"\" width=\"360\" height=\"245\" srcset=\"https:\/\/eldigitaldeasturias.com\/radio\/wp-content\/uploads\/2020\/03\/Coronavirus-en-Asturias-360x245.jpg 360w, https:\/\/eldigitaldeasturias.com\/radio\/wp-content\/uploads\/2020\/03\/Coronavirus-en-Asturias-1024x697.jpg 1024w, https:\/\/eldigitaldeasturias.com\/radio\/wp-content\/uploads\/2020\/03\/Coronavirus-en-Asturias-768x523.jpg 768w, https:\/\/eldigitaldeasturias.com\/radio\/wp-content\/uploads\/2020\/03\/Coronavirus-en-Asturias.jpg 1087w\" sizes=\"(max-width: 360px) 100vw, 360px\" \/>El presidente del Principado, Adri\u00e1n Barb\u00f3n, ha decidido constituir el Comit\u00e9 de Coordinaci\u00f3n de Asturias frente al Coronavirus COVID-19. El nuevo \u00f3rgano, que se formar\u00e1 en colaboraci\u00f3n con la Delegaci\u00f3n del Gobierno, se encargar\u00e1 de estudiar y aplicar las medidas preventivas que se consideren necesarias para afrontar una hipot\u00e9tica expansi\u00f3n de la enfermedad.<\/p>\n<p>La Consejer\u00eda de Salud ya cuenta con su propio Comit\u00e9 de Seguimiento, formado el d\u00eda 13 y que desde entonces se re\u00fane a diario. Presidido por el consejero, Pablo Fern\u00e1ndez Mu\u00f1iz, tiene un car\u00e1cter esencialmente t\u00e9cnico. Entre otros cargos, cuenta con el director general de Salud P\u00fablica, Rafael Cofi\u00f1o; la gerente del Servicio de Salud, Concepci\u00f3n Saavedra, y el jefe del Servicio de Epidemiolog\u00eda, Ismael Huerta.<\/p>\n<p>El Comit\u00e9 de Coordinaci\u00f3n tiene una finalidad distinta, no estrictamente sanitaria. El objetivo es prepararse ante posibles situaciones que afecten a otros \u00e1mbitos de responsabilidad del Principado, como el educativo, la protecci\u00f3n civil o los servicios sociales, por ejemplo. Para mejorar esa capacidad de respuesta, tambi\u00e9n contar\u00e1 con la Delegada del Gobierno, Delia Losa, responsable de la coordinaci\u00f3n de las fuerzas y cuerpos de seguridad.<\/p>\n<p>La composici\u00f3n de este comit\u00e9, que vicepresidir\u00e1 el consejero de Salud, ser\u00e1 abierta. De mano, incluir\u00e1 las consejeras de Presidencia, Educaci\u00f3n y Servicios Sociales. En funci\u00f3n de la evoluci\u00f3n de los acontecimientos, podr\u00e1n sumarse otras \u00e1reas del Ejecutivo, como las consejer\u00edas de Infraestructuras o Cultura (de la que depende la Direcci\u00f3n General de Deporte). De igual modo, tambi\u00e9n actuar\u00e1 en colaboraci\u00f3n con la Federaci\u00f3n Asturiana de Concejos.<\/p>\n<p>El Gobierno de Espa\u00f1a anunci\u00f3 hace semanas la creaci\u00f3n de un comit\u00e9 interministerial de caracter\u00edsticas similares que est\u00e1 liderado por la vicepresidenta Carmen Calvo. El auton\u00f3mico se constituir\u00e1 formalmente en los pr\u00f3ximos d\u00edas, aunque las consejer\u00edas ya trabajan de forma coordinada en los objetivos citados.<\/p>\n<p>El presidente del Principado ha subrayado que la formaci\u00f3n de este \u00f3rgano no se debe a una situaci\u00f3n de especial riesgo, \u201csino a la conveniencia de estar preparados para ofrecer la mejor respuesta posible, como es nuestra obligaci\u00f3n\u201d. Al mismo tiempo, ha pedido a la ciudadan\u00eda que conf\u00ede \u201cen el rigor y la contrastada capacidad del sistema sanitario auton\u00f3mico\u201d para afrontar la situaci\u00f3n. \u201cSon profesionales de primer orden, lo demuestran a diario y merecen toda nuestra confianza\u201d, ha a\u00f1adido. Tambi\u00e9n ha asegurado que el Gobierno del Principado \u201cinformar\u00e1 con total transparencia y con todo rigor. Vamos a hacer un importante esfuerzo para que los asturianos y asturianas dispongan de todos los datos y toda la informaci\u00f3n, sin cortapisas pero con absoluto rigor\u201d.<\/p>\n<p>&nbsp;<\/p>\n","protected":false},"excerpt":{"rendered":"<p>El presidente del Principado, Adri\u00e1n Barb\u00f3n, ha decidido constituir el Comit\u00e9 de Coordinaci\u00f3n de Asturias frente al Coronavirus COVID-19. El nuevo \u00f3rgano, que se formar\u00e1 en colaboraci\u00f3n con la Delegaci\u00f3n del Gobierno, se encargar\u00e1 de estudiar y aplicar las medidas preventivas que se consideren necesarias para afrontar una hipot\u00e9tica expansi\u00f3n de la enfermedad. La Consejer\u00eda<\/p>\n","protected":false},"author":1,"featured_media":4019,"comment_status":"closed","ping_status":"closed","sticky":false,"template":"","format":"standard","meta":{"footnotes":""},"categories":[1],"tags":[],"class_list":{"0":"post-4018","1":"post","2":"type-post","3":"status-publish","4":"format-standard","5":"has-post-thumbnail","7":"category-noticias"},"aioseo_notices":[],"aioseo_head":"\n\t\t<!-- All in One SEO Pro 4.9.6.2 - aioseo.com -->\n\t<meta name=\"description\" content=\"El presidente del Principado, Adri\u00e1n Barb\u00f3n, ha decidido constituir el Comit\u00e9 de Coordinaci\u00f3n de Asturias frente al Coronavirus COVID-19. El nuevo \u00f3rgano, que se formar\u00e1 en colaboraci\u00f3n con la Delegaci\u00f3n del Gobierno, se encargar\u00e1 de estudiar y aplicar las medidas preventivas que se consideren necesarias para afrontar una hipot\u00e9tica expansi\u00f3n de la enfermedad. La Consejer\u00eda\" \/>\n\t<meta name=\"robots\" content=\"max-image-preview:large\" \/>\n\t<meta name=\"author\" content=\"NBAsturias\"\/>\n\t<meta name=\"google-site-verification\" content=\"UA-38556648-1\" \/>\n\t<meta name=\"keywords\" content=\"noticias\" \/>\n\t<link rel=\"canonical\" href=\"https:\/\/eldigitaldeasturias.com\/radio\/comite-de-coordinacion-de-asturias-frente-al-coronavirus-covid-19\/\" \/>\n\t<meta name=\"generator\" content=\"All in One SEO Pro (AIOSEO) 4.9.6.2\" \/>\n\t\t<meta property=\"og:locale\" content=\"es_ES\" \/>\n\t\t<meta property=\"og:site_name\" content=\"El Digital de Asturias | Diario de informaci\u00f3n y noticias\" \/>\n\t\t<meta property=\"og:type\" content=\"article\" \/>\n\t\t<meta property=\"og:title\" content=\"Comit\u00e9 de Coordinaci\u00f3n de Asturias frente al Coronavirus COVID-19 | El Digital de Asturias\" \/>\n\t\t<meta property=\"og:description\" content=\"El presidente del Principado, Adri\u00e1n Barb\u00f3n, ha decidido constituir el Comit\u00e9 de Coordinaci\u00f3n de Asturias frente al Coronavirus COVID-19. El nuevo \u00f3rgano, que se formar\u00e1 en colaboraci\u00f3n con la Delegaci\u00f3n del Gobierno, se encargar\u00e1 de estudiar y aplicar las medidas preventivas que se consideren necesarias para afrontar una hipot\u00e9tica expansi\u00f3n de la enfermedad. La Consejer\u00eda\" \/>\n\t\t<meta property=\"og:url\" content=\"https:\/\/eldigitaldeasturias.com\/radio\/comite-de-coordinacion-de-asturias-frente-al-coronavirus-covid-19\/\" \/>\n\t\t<meta property=\"og:image\" content=\"https:\/\/eldigitaldeasturias.com\/radio\/wp-content\/uploads\/2020\/03\/Coronavirus-en-Asturias.jpg\" \/>\n\t\t<meta property=\"og:image:secure_url\" content=\"https:\/\/eldigitaldeasturias.com\/radio\/wp-content\/uploads\/2020\/03\/Coronavirus-en-Asturias.jpg\" \/>\n\t\t<meta property=\"og:image:width\" content=\"1087\" \/>\n\t\t<meta property=\"og:image:height\" content=\"740\" \/>\n\t\t<meta property=\"article:published_time\" content=\"2020-03-01T16:51:50+00:00\" \/>\n\t\t<meta property=\"article:modified_time\" content=\"2020-03-01T16:51:50+00:00\" \/>\n\t\t<meta name=\"twitter:card\" content=\"summary_large_image\" \/>\n\t\t<meta name=\"twitter:site\" content=\"@bercodi\" \/>\n\t\t<meta name=\"twitter:title\" content=\"Comit\u00e9 de Coordinaci\u00f3n de Asturias frente al Coronavirus COVID-19 | El Digital de Asturias\" \/>\n\t\t<meta name=\"twitter:description\" content=\"El presidente del Principado, Adri\u00e1n Barb\u00f3n, ha decidido constituir el Comit\u00e9 de Coordinaci\u00f3n de Asturias frente al Coronavirus COVID-19. El nuevo \u00f3rgano, que se formar\u00e1 en colaboraci\u00f3n con la Delegaci\u00f3n del Gobierno, se encargar\u00e1 de estudiar y aplicar las medidas preventivas que se consideren necesarias para afrontar una hipot\u00e9tica expansi\u00f3n de la enfermedad. La Consejer\u00eda\" \/>\n\t\t<meta name=\"twitter:creator\" content=\"@bercodi\" \/>\n\t\t<meta name=\"twitter:image\" content=\"https:\/\/eldigitaldeasturias.com\/radio\/wp-content\/uploads\/2020\/03\/Coronavirus-en-Asturias.jpg\" \/>\n\t\t<script type=\"application\/ld+json\" class=\"aioseo-schema\">\n\t\t\t{\"@context\":\"https:\\\/\\\/schema.org\",\"@graph\":[{\"@type\":\"BreadcrumbList\",\"@id\":\"https:\\\/\\\/eldigitaldeasturias.com\\\/radio\\\/comite-de-coordinacion-de-asturias-frente-al-coronavirus-covid-19\\\/#breadcrumblist\",\"itemListElement\":[{\"@type\":\"ListItem\",\"@id\":\"https:\\\/\\\/eldigitaldeasturias.com\\\/radio#listItem\",\"position\":1,\"name\":\"Inicio\",\"item\":\"https:\\\/\\\/eldigitaldeasturias.com\\\/radio\",\"nextItem\":{\"@type\":\"ListItem\",\"@id\":\"https:\\\/\\\/eldigitaldeasturias.com\\\/radio\\\/category\\\/noticias\\\/#listItem\",\"name\":\"Noticias\"}},{\"@type\":\"ListItem\",\"@id\":\"https:\\\/\\\/eldigitaldeasturias.com\\\/radio\\\/category\\\/noticias\\\/#listItem\",\"position\":2,\"name\":\"Noticias\",\"item\":\"https:\\\/\\\/eldigitaldeasturias.com\\\/radio\\\/category\\\/noticias\\\/\",\"nextItem\":{\"@type\":\"ListItem\",\"@id\":\"https:\\\/\\\/eldigitaldeasturias.com\\\/radio\\\/comite-de-coordinacion-de-asturias-frente-al-coronavirus-covid-19\\\/#listItem\",\"name\":\"Comit\\u00e9 de Coordinaci\\u00f3n de Asturias frente al Coronavirus COVID-19\"},\"previousItem\":{\"@type\":\"ListItem\",\"@id\":\"https:\\\/\\\/eldigitaldeasturias.com\\\/radio#listItem\",\"name\":\"Inicio\"}},{\"@type\":\"ListItem\",\"@id\":\"https:\\\/\\\/eldigitaldeasturias.com\\\/radio\\\/comite-de-coordinacion-de-asturias-frente-al-coronavirus-covid-19\\\/#listItem\",\"position\":3,\"name\":\"Comit\\u00e9 de Coordinaci\\u00f3n de Asturias frente al Coronavirus COVID-19\",\"previousItem\":{\"@type\":\"ListItem\",\"@id\":\"https:\\\/\\\/eldigitaldeasturias.com\\\/radio\\\/category\\\/noticias\\\/#listItem\",\"name\":\"Noticias\"}}]},{\"@type\":\"NewsArticle\",\"@id\":\"https:\\\/\\\/eldigitaldeasturias.com\\\/radio\\\/comite-de-coordinacion-de-asturias-frente-al-coronavirus-covid-19\\\/#newsarticle\",\"name\":\"Comit\\u00e9 de Coordinaci\\u00f3n de Asturias frente al Coronavirus COVID-19 | El Digital de Asturias\",\"headline\":\"Comit\\u00e9 de Coordinaci\\u00f3n de Asturias frente al Coronavirus COVID-19\",\"author\":{\"@id\":\"https:\\\/\\\/eldigitaldeasturias.com\\\/radio\\\/author\\\/nbasturias\\\/#author\"},\"publisher\":{\"@id\":\"https:\\\/\\\/eldigitaldeasturias.com\\\/radio\\\/#organization\"},\"image\":{\"@type\":\"ImageObject\",\"url\":\"https:\\\/\\\/eldigitaldeasturias.com\\\/radio\\\/wp-content\\\/uploads\\\/2020\\\/03\\\/Coronavirus-en-Asturias.jpg\",\"width\":1087,\"height\":740},\"datePublished\":\"2020-03-01T16:51:50+01:00\",\"dateModified\":\"2020-03-01T16:51:50+01:00\",\"inLanguage\":\"es-ES\",\"mainEntityOfPage\":{\"@id\":\"https:\\\/\\\/eldigitaldeasturias.com\\\/radio\\\/comite-de-coordinacion-de-asturias-frente-al-coronavirus-covid-19\\\/#webpage\"},\"isPartOf\":{\"@id\":\"https:\\\/\\\/eldigitaldeasturias.com\\\/radio\\\/comite-de-coordinacion-de-asturias-frente-al-coronavirus-covid-19\\\/#webpage\"},\"articleSection\":\"Noticias\",\"dateline\":\"Publicado el marzo 1, 2020.\"},{\"@type\":\"Organization\",\"@id\":\"https:\\\/\\\/eldigitaldeasturias.com\\\/radio\\\/#organization\",\"name\":\"El digital de Asturias Radio\",\"description\":\"Diario de informaci\\u00f3n y noticias\",\"url\":\"https:\\\/\\\/eldigitaldeasturias.com\\\/radio\\\/\",\"telephone\":\"+34652131393\",\"logo\":{\"@type\":\"ImageObject\",\"url\":\"https:\\\/\\\/www.eldigitaldeasturias.com\\\/radio\\\/wp-content\\\/uploads\\\/2021\\\/03\\\/EDA.jpg\",\"@id\":\"https:\\\/\\\/eldigitaldeasturias.com\\\/radio\\\/comite-de-coordinacion-de-asturias-frente-al-coronavirus-covid-19\\\/#organizationLogo\"},\"image\":{\"@id\":\"https:\\\/\\\/eldigitaldeasturias.com\\\/radio\\\/comite-de-coordinacion-de-asturias-frente-al-coronavirus-covid-19\\\/#organizationLogo\"},\"sameAs\":[\"https:\\\/\\\/www.facebook.com\\\/\",\"https:\\\/\\\/x.com\\\/bercodi\",\"https:\\\/\\\/www.instagram.com\\\/\",\"https:\\\/\\\/www.youtube.com\\\/channel\\\/UCZP-2wLEB9Rv6erhFmqVnvg\"]},{\"@type\":\"Person\",\"@id\":\"https:\\\/\\\/eldigitaldeasturias.com\\\/radio\\\/author\\\/nbasturias\\\/#author\",\"url\":\"https:\\\/\\\/eldigitaldeasturias.com\\\/radio\\\/author\\\/nbasturias\\\/\",\"name\":\"NBAsturias\",\"image\":{\"@type\":\"ImageObject\",\"@id\":\"https:\\\/\\\/eldigitaldeasturias.com\\\/radio\\\/comite-de-coordinacion-de-asturias-frente-al-coronavirus-covid-19\\\/#authorImage\",\"url\":\"https:\\\/\\\/secure.gravatar.com\\\/avatar\\\/df2aeffc32bcd13f8d26072ef8a91b623d677766deac7f97ca815868cd41bf5e?s=96&d=mm&r=g\",\"width\":96,\"height\":96,\"caption\":\"NBAsturias\"}},{\"@type\":\"WebPage\",\"@id\":\"https:\\\/\\\/eldigitaldeasturias.com\\\/radio\\\/comite-de-coordinacion-de-asturias-frente-al-coronavirus-covid-19\\\/#webpage\",\"url\":\"https:\\\/\\\/eldigitaldeasturias.com\\\/radio\\\/comite-de-coordinacion-de-asturias-frente-al-coronavirus-covid-19\\\/\",\"name\":\"Comit\\u00e9 de Coordinaci\\u00f3n de Asturias frente al Coronavirus COVID-19 | El Digital de Asturias\",\"description\":\"El presidente del Principado, Adri\\u00e1n Barb\\u00f3n, ha decidido constituir el Comit\\u00e9 de Coordinaci\\u00f3n de Asturias frente al Coronavirus COVID-19. El nuevo \\u00f3rgano, que se formar\\u00e1 en colaboraci\\u00f3n con la Delegaci\\u00f3n del Gobierno, se encargar\\u00e1 de estudiar y aplicar las medidas preventivas que se consideren necesarias para afrontar una hipot\\u00e9tica expansi\\u00f3n de la enfermedad. La Consejer\\u00eda\",\"inLanguage\":\"es-ES\",\"isPartOf\":{\"@id\":\"https:\\\/\\\/eldigitaldeasturias.com\\\/radio\\\/#website\"},\"breadcrumb\":{\"@id\":\"https:\\\/\\\/eldigitaldeasturias.com\\\/radio\\\/comite-de-coordinacion-de-asturias-frente-al-coronavirus-covid-19\\\/#breadcrumblist\"},\"author\":{\"@id\":\"https:\\\/\\\/eldigitaldeasturias.com\\\/radio\\\/author\\\/nbasturias\\\/#author\"},\"creator\":{\"@id\":\"https:\\\/\\\/eldigitaldeasturias.com\\\/radio\\\/author\\\/nbasturias\\\/#author\"},\"image\":{\"@type\":\"ImageObject\",\"url\":\"https:\\\/\\\/eldigitaldeasturias.com\\\/radio\\\/wp-content\\\/uploads\\\/2020\\\/03\\\/Coronavirus-en-Asturias.jpg\",\"@id\":\"https:\\\/\\\/eldigitaldeasturias.com\\\/radio\\\/comite-de-coordinacion-de-asturias-frente-al-coronavirus-covid-19\\\/#mainImage\",\"width\":1087,\"height\":740},\"primaryImageOfPage\":{\"@id\":\"https:\\\/\\\/eldigitaldeasturias.com\\\/radio\\\/comite-de-coordinacion-de-asturias-frente-al-coronavirus-covid-19\\\/#mainImage\"},\"datePublished\":\"2020-03-01T16:51:50+01:00\",\"dateModified\":\"2020-03-01T16:51:50+01:00\"},{\"@type\":\"WebSite\",\"@id\":\"https:\\\/\\\/eldigitaldeasturias.com\\\/radio\\\/#website\",\"url\":\"https:\\\/\\\/eldigitaldeasturias.com\\\/radio\\\/\",\"name\":\"El Digital de Asturias\",\"description\":\"Diario de informaci\\u00f3n y noticias\",\"inLanguage\":\"es-ES\",\"publisher\":{\"@id\":\"https:\\\/\\\/eldigitaldeasturias.com\\\/radio\\\/#organization\"}}]}\n\t\t<\/script>\n\t\t<!-- All in One SEO Pro -->\r\n\t\t<title>Comit\u00e9 de Coordinaci\u00f3n de Asturias frente al Coronavirus COVID-19 | El Digital de Asturias<\/title>\n\n","aioseo_head_json":{"title":"Comit\u00e9 de Coordinaci\u00f3n de Asturias frente al Coronavirus COVID-19 | El Digital de Asturias","description":"El presidente del Principado, Adri\u00e1n Barb\u00f3n, ha decidido constituir el Comit\u00e9 de Coordinaci\u00f3n de Asturias frente al Coronavirus COVID-19. El nuevo \u00f3rgano, que se formar\u00e1 en colaboraci\u00f3n con la Delegaci\u00f3n del Gobierno, se encargar\u00e1 de estudiar y aplicar las medidas preventivas que se consideren necesarias para afrontar una hipot\u00e9tica expansi\u00f3n de la enfermedad. La Consejer\u00eda","canonical_url":"https:\/\/eldigitaldeasturias.com\/radio\/comite-de-coordinacion-de-asturias-frente-al-coronavirus-covid-19\/","robots":"max-image-preview:large","keywords":"noticias","webmasterTools":{"google-site-verification":"UA-38556648-1","miscellaneous":""},"schema":{"@context":"https:\/\/schema.org","@graph":[{"@type":"BreadcrumbList","@id":"https:\/\/eldigitaldeasturias.com\/radio\/comite-de-coordinacion-de-asturias-frente-al-coronavirus-covid-19\/#breadcrumblist","itemListElement":[{"@type":"ListItem","@id":"https:\/\/eldigitaldeasturias.com\/radio#listItem","position":1,"name":"Inicio","item":"https:\/\/eldigitaldeasturias.com\/radio","nextItem":{"@type":"ListItem","@id":"https:\/\/eldigitaldeasturias.com\/radio\/category\/noticias\/#listItem","name":"Noticias"}},{"@type":"ListItem","@id":"https:\/\/eldigitaldeasturias.com\/radio\/category\/noticias\/#listItem","position":2,"name":"Noticias","item":"https:\/\/eldigitaldeasturias.com\/radio\/category\/noticias\/","nextItem":{"@type":"ListItem","@id":"https:\/\/eldigitaldeasturias.com\/radio\/comite-de-coordinacion-de-asturias-frente-al-coronavirus-covid-19\/#listItem","name":"Comit\u00e9 de Coordinaci\u00f3n de Asturias frente al Coronavirus COVID-19"},"previousItem":{"@type":"ListItem","@id":"https:\/\/eldigitaldeasturias.com\/radio#listItem","name":"Inicio"}},{"@type":"ListItem","@id":"https:\/\/eldigitaldeasturias.com\/radio\/comite-de-coordinacion-de-asturias-frente-al-coronavirus-covid-19\/#listItem","position":3,"name":"Comit\u00e9 de Coordinaci\u00f3n de Asturias frente al Coronavirus COVID-19","previousItem":{"@type":"ListItem","@id":"https:\/\/eldigitaldeasturias.com\/radio\/category\/noticias\/#listItem","name":"Noticias"}}]},{"@type":"NewsArticle","@id":"https:\/\/eldigitaldeasturias.com\/radio\/comite-de-coordinacion-de-asturias-frente-al-coronavirus-covid-19\/#newsarticle","name":"Comit\u00e9 de Coordinaci\u00f3n de Asturias frente al Coronavirus COVID-19 | El Digital de Asturias","headline":"Comit\u00e9 de Coordinaci\u00f3n de Asturias frente al Coronavirus COVID-19","author":{"@id":"https:\/\/eldigitaldeasturias.com\/radio\/author\/nbasturias\/#author"},"publisher":{"@id":"https:\/\/eldigitaldeasturias.com\/radio\/#organization"},"image":{"@type":"ImageObject","url":"https:\/\/eldigitaldeasturias.com\/radio\/wp-content\/uploads\/2020\/03\/Coronavirus-en-Asturias.jpg","width":1087,"height":740},"datePublished":"2020-03-01T16:51:50+01:00","dateModified":"2020-03-01T16:51:50+01:00","inLanguage":"es-ES","mainEntityOfPage":{"@id":"https:\/\/eldigitaldeasturias.com\/radio\/comite-de-coordinacion-de-asturias-frente-al-coronavirus-covid-19\/#webpage"},"isPartOf":{"@id":"https:\/\/eldigitaldeasturias.com\/radio\/comite-de-coordinacion-de-asturias-frente-al-coronavirus-covid-19\/#webpage"},"articleSection":"Noticias","dateline":"Publicado el marzo 1, 2020."},{"@type":"Organization","@id":"https:\/\/eldigitaldeasturias.com\/radio\/#organization","name":"El digital de Asturias Radio","description":"Diario de informaci\u00f3n y noticias","url":"https:\/\/eldigitaldeasturias.com\/radio\/","telephone":"+34652131393","logo":{"@type":"ImageObject","url":"https:\/\/www.eldigitaldeasturias.com\/radio\/wp-content\/uploads\/2021\/03\/EDA.jpg","@id":"https:\/\/eldigitaldeasturias.com\/radio\/comite-de-coordinacion-de-asturias-frente-al-coronavirus-covid-19\/#organizationLogo"},"image":{"@id":"https:\/\/eldigitaldeasturias.com\/radio\/comite-de-coordinacion-de-asturias-frente-al-coronavirus-covid-19\/#organizationLogo"},"sameAs":["https:\/\/www.facebook.com\/","https:\/\/x.com\/bercodi","https:\/\/www.instagram.com\/","https:\/\/www.youtube.com\/channel\/UCZP-2wLEB9Rv6erhFmqVnvg"]},{"@type":"Person","@id":"https:\/\/eldigitaldeasturias.com\/radio\/author\/nbasturias\/#author","url":"https:\/\/eldigitaldeasturias.com\/radio\/author\/nbasturias\/","name":"NBAsturias","image":{"@type":"ImageObject","@id":"https:\/\/eldigitaldeasturias.com\/radio\/comite-de-coordinacion-de-asturias-frente-al-coronavirus-covid-19\/#authorImage","url":"https:\/\/secure.gravatar.com\/avatar\/df2aeffc32bcd13f8d26072ef8a91b623d677766deac7f97ca815868cd41bf5e?s=96&d=mm&r=g","width":96,"height":96,"caption":"NBAsturias"}},{"@type":"WebPage","@id":"https:\/\/eldigitaldeasturias.com\/radio\/comite-de-coordinacion-de-asturias-frente-al-coronavirus-covid-19\/#webpage","url":"https:\/\/eldigitaldeasturias.com\/radio\/comite-de-coordinacion-de-asturias-frente-al-coronavirus-covid-19\/","name":"Comit\u00e9 de Coordinaci\u00f3n de Asturias frente al Coronavirus COVID-19 | El Digital de Asturias","description":"El presidente del Principado, Adri\u00e1n Barb\u00f3n, ha decidido constituir el Comit\u00e9 de Coordinaci\u00f3n de Asturias frente al Coronavirus COVID-19. El nuevo \u00f3rgano, que se formar\u00e1 en colaboraci\u00f3n con la Delegaci\u00f3n del Gobierno, se encargar\u00e1 de estudiar y aplicar las medidas preventivas que se consideren necesarias para afrontar una hipot\u00e9tica expansi\u00f3n de la enfermedad. La Consejer\u00eda","inLanguage":"es-ES","isPartOf":{"@id":"https:\/\/eldigitaldeasturias.com\/radio\/#website"},"breadcrumb":{"@id":"https:\/\/eldigitaldeasturias.com\/radio\/comite-de-coordinacion-de-asturias-frente-al-coronavirus-covid-19\/#breadcrumblist"},"author":{"@id":"https:\/\/eldigitaldeasturias.com\/radio\/author\/nbasturias\/#author"},"creator":{"@id":"https:\/\/eldigitaldeasturias.com\/radio\/author\/nbasturias\/#author"},"image":{"@type":"ImageObject","url":"https:\/\/eldigitaldeasturias.com\/radio\/wp-content\/uploads\/2020\/03\/Coronavirus-en-Asturias.jpg","@id":"https:\/\/eldigitaldeasturias.com\/radio\/comite-de-coordinacion-de-asturias-frente-al-coronavirus-covid-19\/#mainImage","width":1087,"height":740},"primaryImageOfPage":{"@id":"https:\/\/eldigitaldeasturias.com\/radio\/comite-de-coordinacion-de-asturias-frente-al-coronavirus-covid-19\/#mainImage"},"datePublished":"2020-03-01T16:51:50+01:00","dateModified":"2020-03-01T16:51:50+01:00"},{"@type":"WebSite","@id":"https:\/\/eldigitaldeasturias.com\/radio\/#website","url":"https:\/\/eldigitaldeasturias.com\/radio\/","name":"El Digital de Asturias","description":"Diario de informaci\u00f3n y noticias","inLanguage":"es-ES","publisher":{"@id":"https:\/\/eldigitaldeasturias.com\/radio\/#organization"}}]},"og:locale":"es_ES","og:site_name":"El Digital de Asturias | Diario de informaci\u00f3n y noticias","og:type":"article","og:title":"Comit\u00e9 de Coordinaci\u00f3n de Asturias frente al Coronavirus COVID-19 | El Digital de Asturias","og:description":"El presidente del Principado, Adri\u00e1n Barb\u00f3n, ha decidido constituir el Comit\u00e9 de Coordinaci\u00f3n de Asturias frente al Coronavirus COVID-19. El nuevo \u00f3rgano, que se formar\u00e1 en colaboraci\u00f3n con la Delegaci\u00f3n del Gobierno, se encargar\u00e1 de estudiar y aplicar las medidas preventivas que se consideren necesarias para afrontar una hipot\u00e9tica expansi\u00f3n de la enfermedad. La Consejer\u00eda","og:url":"https:\/\/eldigitaldeasturias.com\/radio\/comite-de-coordinacion-de-asturias-frente-al-coronavirus-covid-19\/","og:image":"https:\/\/eldigitaldeasturias.com\/radio\/wp-content\/uploads\/2020\/03\/Coronavirus-en-Asturias.jpg","og:image:secure_url":"https:\/\/eldigitaldeasturias.com\/radio\/wp-content\/uploads\/2020\/03\/Coronavirus-en-Asturias.jpg","og:image:width":1087,"og:image:height":740,"article:published_time":"2020-03-01T16:51:50+00:00","article:modified_time":"2020-03-01T16:51:50+00:00","twitter:card":"summary_large_image","twitter:site":"@bercodi","twitter:title":"Comit\u00e9 de Coordinaci\u00f3n de Asturias frente al Coronavirus COVID-19 | El Digital de Asturias","twitter:description":"El presidente del Principado, Adri\u00e1n Barb\u00f3n, ha decidido constituir el Comit\u00e9 de Coordinaci\u00f3n de Asturias frente al Coronavirus COVID-19. El nuevo \u00f3rgano, que se formar\u00e1 en colaboraci\u00f3n con la Delegaci\u00f3n del Gobierno, se encargar\u00e1 de estudiar y aplicar las medidas preventivas que se consideren necesarias para afrontar una hipot\u00e9tica expansi\u00f3n de la enfermedad. La Consejer\u00eda","twitter:creator":"@bercodi","twitter:image":"https:\/\/eldigitaldeasturias.com\/radio\/wp-content\/uploads\/2020\/03\/Coronavirus-en-Asturias.jpg"},"aioseo_meta_data":{"post_id":"4018","title":null,"description":null,"keywords":null,"keyphrases":null,"primary_term":null,"canonical_url":null,"og_title":null,"og_description":null,"og_object_type":"default","og_image_type":"default","og_image_url":null,"og_image_width":null,"og_image_height":null,"og_image_custom_url":null,"og_image_custom_fields":null,"og_video":null,"og_custom_url":null,"og_article_section":null,"og_article_tags":null,"twitter_use_og":false,"twitter_card":"default","twitter_image_type":"default","twitter_image_url":null,"twitter_image_custom_url":null,"twitter_image_custom_fields":null,"twitter_title":null,"twitter_description":null,"schema":{"blockGraphs":[],"customGraphs":[],"default":{"data":{"Article":[],"Course":[],"Dataset":[],"FAQPage":[],"Movie":[],"Person":[],"Product":[],"ProductReview":[],"Car":[],"Recipe":[],"Service":[],"SoftwareApplication":[],"WebPage":[]},"graphName":"","isEnabled":true},"graphs":[],"defaultGraph":"","defaultPostTypeGraph":""},"schema_type":null,"schema_type_options":null,"pillar_content":false,"robots_default":true,"robots_noindex":false,"robots_noarchive":false,"robots_nosnippet":false,"robots_nofollow":false,"robots_noimageindex":false,"robots_noodp":false,"robots_notranslate":false,"robots_max_snippet":null,"robots_max_videopreview":null,"robots_max_imagepreview":"large","priority":null,"frequency":null,"location":null,"local_seo":null,"seo_analyzer_scan_date":"2025-08-28 15:13:47","breadcrumb_settings":null,"limit_modified_date":false,"open_ai":null,"ai":null,"created":"2021-03-27 04:12:44","updated":"2025-08-28 15:13:47"},"aioseo_breadcrumb":"<div class=\"aioseo-breadcrumbs\"><span class=\"aioseo-breadcrumb\">\n\t<a href=\"https:\/\/eldigitaldeasturias.com\/radio\" title=\"Inicio\">Inicio<\/a>\n<\/span><span class=\"aioseo-breadcrumb-separator\">&ndash;<\/span><span class=\"aioseo-breadcrumb\">\n\t<a href=\"https:\/\/eldigitaldeasturias.com\/radio\/category\/noticias\/\" title=\"Noticias\">Noticias<\/a>\n<\/span><span class=\"aioseo-breadcrumb-separator\">&ndash;<\/span><span class=\"aioseo-breadcrumb\">\n\tComit\u00e9 de Coordinaci\u00f3n de Asturias frente al Coronavirus COVID-19\n<\/span><\/div>","aioseo_breadcrumb_json":[{"label":"Inicio","link":"https:\/\/eldigitaldeasturias.com\/radio"},{"label":"Noticias","link":"https:\/\/eldigitaldeasturias.com\/radio\/category\/noticias\/"},{"label":"Comit\u00e9 de Coordinaci\u00f3n de Asturias frente al Coronavirus COVID-19","link":"https:\/\/eldigitaldeasturias.com\/radio\/comite-de-coordinacion-de-asturias-frente-al-coronavirus-covid-19\/"}],"_links":{"self":[{"href":"https:\/\/eldigitaldeasturias.com\/radio\/wp-json\/wp\/v2\/posts\/4018","targetHints":{"allow":["GET"]}}],"collection":[{"href":"https:\/\/eldigitaldeasturias.com\/radio\/wp-json\/wp\/v2\/posts"}],"about":[{"href":"https:\/\/eldigitaldeasturias.com\/radio\/wp-json\/wp\/v2\/types\/post"}],"author":[{"embeddable":true,"href":"https:\/\/eldigitaldeasturias.com\/radio\/wp-json\/wp\/v2\/users\/1"}],"replies":[{"embeddable":true,"href":"https:\/\/eldigitaldeasturias.com\/radio\/wp-json\/wp\/v2\/comments?post=4018"}],"version-history":[{"count":0,"href":"https:\/\/eldigitaldeasturias.com\/radio\/wp-json\/wp\/v2\/posts\/4018\/revisions"}],"wp:featuredmedia":[{"embeddable":true,"href":"https:\/\/eldigitaldeasturias.com\/radio\/wp-json\/wp\/v2\/media\/4019"}],"wp:attachment":[{"href":"https:\/\/eldigitaldeasturias.com\/radio\/wp-json\/wp\/v2\/media?parent=4018"}],"wp:term":[{"taxonomy":"category","embeddable":true,"href":"https:\/\/eldigitaldeasturias.com\/radio\/wp-json\/wp\/v2\/categories?post=4018"},{"taxonomy":"post_tag","embeddable":true,"href":"https:\/\/eldigitaldeasturias.com\/radio\/wp-json\/wp\/v2\/tags?post=4018"}],"curies":[{"name":"wp","href":"https:\/\/api.w.org\/{rel}","templated":true}]}}