{"id":4007,"date":"2020-02-28T08:51:17","date_gmt":"2020-02-28T08:51:17","guid":{"rendered":"http:\/\/www.eldigitaldeasturias.com\/radio\/?p=4007"},"modified":"2020-02-28T08:54:19","modified_gmt":"2020-02-28T08:54:19","slug":"el-servicio-de-alquiler-de-furgonetas-de-confivan-llega-a-oviedo","status":"publish","type":"post","link":"https:\/\/eldigitaldeasturias.com\/radio\/el-servicio-de-alquiler-de-furgonetas-de-confivan-llega-a-oviedo\/","title":{"rendered":"El servicio de alquiler de furgonetas de Confivan llega a Oviedo"},"content":{"rendered":"<p><img fetchpriority=\"high\" decoding=\"async\" class=\"alignleft size-medium wp-image-4008\" src=\"http:\/\/www.eldigitaldeasturias.com\/radio\/wp-content\/uploads\/2020\/02\/key-791390_640-360x240.jpg\" alt=\"\" width=\"360\" height=\"240\" srcset=\"https:\/\/eldigitaldeasturias.com\/radio\/wp-content\/uploads\/2020\/02\/key-791390_640-360x240.jpg 360w, https:\/\/eldigitaldeasturias.com\/radio\/wp-content\/uploads\/2020\/02\/key-791390_640.jpg 640w\" sizes=\"(max-width: 360px) 100vw, 360px\" \/>Buenas noticias para todos los asturianos y asturianas que quieran o necesiten <strong>alquilar una furgoneta en <a href=\"https:\/\/www.confivan.com\/alquiler-furgonetas\/oviedo\/\" target=\"_blank\" rel=\"noopener noreferrer\"><span style=\"color: #ff6600;\">Oviedo<\/span><\/a><\/strong>, ya es oficial,<strong> Confivan ofrece sus servicios en la capital del Principado<\/strong>.<\/p>\n<p><a href=\"https:\/\/www.confivan.com\/alquiler-furgonetas\/asturias\/\" target=\"_blank\" rel=\"noopener noreferrer\"><span style=\"color: #ff6600;\"><strong>Confivan Asturias<\/strong><\/span><\/a> es una <strong>empresa de confianza<\/strong> con la que podr\u00e1s hacer frente a tus necesidades, <em>alquilando una furgoneta por horas, d\u00edas o semanas para transportar personas o para realizar una mudanza<\/em>, <strong>sus veh\u00edculos te ofrecen m\u00faltiples opciones y se adaptan a todo tipo de necesidades<\/strong> tanto para profesionales como para particulares y adem\u00e1s de has de saber que las tienes de varias plazas, con Confivan podr\u00e1s moverte con mucha comodidad por toda la geograf\u00eda asturiana o hacer una tarea urgente, siempre es bueno saber que podemos encontrar una furgoneta para cualquier asunto o tarea que lo requiera, la confianza, la calidad y la comodidad la tendr\u00e1s garantizada.<\/p>\n<h3><strong>Alquiler por horas.<\/strong><\/h3>\n<p>Muchas personas a lo largo de su vida necesitan una furgoneta para mover objetos de un sitio a otro, para realizar una mudanza o para ir a buscar a la familia, amigos o compa\u00f1eros de trabajo al aeropuerto, <strong>para estos casos es bueno contar con un buen veh\u00edculo que nos aporte comodidad<\/strong>, seguridad y que cubra nuestras necesidades y tambi\u00e9n las de nuestros hu\u00e9spedes o acompa\u00f1antes, y tambi\u00e9n es importante saber que podemos disponer durante unas horas de una furgoneta que responda a nuestras expectativas.<\/p>\n<h3><strong>\u00bfC\u00f3mo reservar?<\/strong><\/h3>\n<p>Confivan te lo pone muy f\u00e1cil, <strong>en su web encontrar\u00e1s los modelos disponibles y te ofrecen dos opciones<\/strong>, puedes hacerlo llamando por tel\u00e9fono o de manera online, no obstante te recomendamos que consultes precios, condiciones y la disponibilidad de las furgonetas con antelaci\u00f3n, <strong>su equipo de profesionales te solucionar\u00e1n todas y cada una de tus dudas<\/strong> y podr\u00e1s conocer que requisitos necesitas, todas tus preguntas tendr\u00e1n una respuesta.<\/p>\n<h3><strong>Viajeros y comodidades.<\/strong><\/h3>\n<p>Existen furgonetas con capacidad para transportar hasta nueve personas, y en ellas tendr\u00e1s espacio suficiente para las maletas o para cualquier tipo de objeto, en caso de que necesites una furgoneta para ir recoger a la familia al aeropuerto y transportar sus equipajes <strong>con Confivan no tendr\u00e1s problemas de espacio ni de comodidad<\/strong>.<\/p>\n<p>Tambi\u00e9n se puede dar el caso que quieras hacer un viaje a la monta\u00f1a, una ruta por los pueblos asturianos y que quieras llevar tus sillas, mesas de playa o utensilios para pasar el d\u00eda, no tendr\u00e1s problema de espacio.<\/p>\n<p>Otra opci\u00f3n puede ser para ir con tus amigos o compa\u00f1eros de aventura a realizar un deporte, ir entrenar o a disputar un encuentro deportivo, en este caso tambi\u00e9n tendr\u00e1s el espacio necesario para llevar todo lo que necesites.<\/p>\n<p><strong>Lo importante a la hora de viajar es hacerlo de manera c\u00f3moda y sentirse seguro<\/strong>, sin olvidarnos de de lo importante que es tener espacio para descansar o para los objetos transportados.<\/p>\n<h3><strong>Viaja sin l\u00edmite de kil\u00f3metros.<\/strong><\/h3>\n<p>Cuando se alquila una furgoneta es muy importante saber que no tienes un l\u00edmite de kil\u00f3metros que te limiten a la hora de desplazarte, y en Confivan Oviedo te ofrecen esa opci\u00f3n, en unos segundos y de manera muy sencilla podr\u00e1s contratar el modelo que mejor se ajuste a tus necesidades en su web.<\/p>\n<p>Viajar puede ser una aventura, y una buena furgoneta te puede aportar calidad de vida\u2026 pero <em>no olvides tener siempre mucha precauci\u00f3n en la carretera y darle un uso responsable al veh\u00edculo que alquiles<\/em> \u00a1!<\/p>\n","protected":false},"excerpt":{"rendered":"<p>Buenas noticias para todos los asturianos y asturianas que quieran o necesiten alquilar una furgoneta en Oviedo, ya es oficial, Confivan ofrece sus servicios en la capital del Principado. Confivan Asturias es una empresa de confianza con la que podr\u00e1s hacer frente a tus necesidades, alquilando una furgoneta por horas, d\u00edas o semanas para transportar<\/p>\n","protected":false},"author":1,"featured_media":4008,"comment_status":"closed","ping_status":"closed","sticky":false,"template":"","format":"standard","meta":{"footnotes":""},"categories":[35],"tags":[],"class_list":{"0":"post-4007","1":"post","2":"type-post","3":"status-publish","4":"format-standard","5":"has-post-thumbnail","7":"category-negocios"},"aioseo_notices":[],"aioseo_head":"\n\t\t<!-- All in One SEO Pro 4.9.6.2 - aioseo.com -->\n\t<meta name=\"description\" content=\"Buenas noticias para todos los asturianos y asturianas que quieran o necesiten alquilar una furgoneta en Oviedo, ya es oficial, Confivan ofrece sus servicios en la capital del Principado. Confivan Asturias es una empresa de confianza con la que podr\u00e1s hacer frente a tus necesidades, alquilando una furgoneta por horas, d\u00edas o semanas para transportar\" \/>\n\t<meta name=\"robots\" content=\"max-image-preview:large\" \/>\n\t<meta name=\"author\" content=\"NBAsturias\"\/>\n\t<meta name=\"google-site-verification\" content=\"UA-38556648-1\" \/>\n\t<meta name=\"keywords\" content=\"negocios\" \/>\n\t<link rel=\"canonical\" href=\"https:\/\/eldigitaldeasturias.com\/radio\/el-servicio-de-alquiler-de-furgonetas-de-confivan-llega-a-oviedo\/\" \/>\n\t<meta name=\"generator\" content=\"All in One SEO Pro (AIOSEO) 4.9.6.2\" \/>\n\t\t<meta property=\"og:locale\" content=\"es_ES\" \/>\n\t\t<meta property=\"og:site_name\" content=\"El Digital de Asturias | Diario de informaci\u00f3n y noticias\" \/>\n\t\t<meta property=\"og:type\" content=\"article\" \/>\n\t\t<meta property=\"og:title\" content=\"El servicio de alquiler de furgonetas de Confivan llega a Oviedo | El Digital de Asturias\" \/>\n\t\t<meta property=\"og:description\" content=\"Buenas noticias para todos los asturianos y asturianas que quieran o necesiten alquilar una furgoneta en Oviedo, ya es oficial, Confivan ofrece sus servicios en la capital del Principado. Confivan Asturias es una empresa de confianza con la que podr\u00e1s hacer frente a tus necesidades, alquilando una furgoneta por horas, d\u00edas o semanas para transportar\" \/>\n\t\t<meta property=\"og:url\" content=\"https:\/\/eldigitaldeasturias.com\/radio\/el-servicio-de-alquiler-de-furgonetas-de-confivan-llega-a-oviedo\/\" \/>\n\t\t<meta property=\"og:image\" content=\"https:\/\/eldigitaldeasturias.com\/radio\/wp-content\/uploads\/2020\/02\/key-791390_640.jpg\" \/>\n\t\t<meta property=\"og:image:secure_url\" content=\"https:\/\/eldigitaldeasturias.com\/radio\/wp-content\/uploads\/2020\/02\/key-791390_640.jpg\" \/>\n\t\t<meta property=\"og:image:width\" content=\"640\" \/>\n\t\t<meta property=\"og:image:height\" content=\"426\" \/>\n\t\t<meta property=\"article:published_time\" content=\"2020-02-28T08:51:17+00:00\" \/>\n\t\t<meta property=\"article:modified_time\" content=\"2020-02-28T08:54:19+00:00\" \/>\n\t\t<meta name=\"twitter:card\" content=\"summary_large_image\" \/>\n\t\t<meta name=\"twitter:site\" content=\"@bercodi\" \/>\n\t\t<meta name=\"twitter:title\" content=\"El servicio de alquiler de furgonetas de Confivan llega a Oviedo | El Digital de Asturias\" \/>\n\t\t<meta name=\"twitter:description\" content=\"Buenas noticias para todos los asturianos y asturianas que quieran o necesiten alquilar una furgoneta en Oviedo, ya es oficial, Confivan ofrece sus servicios en la capital del Principado. Confivan Asturias es una empresa de confianza con la que podr\u00e1s hacer frente a tus necesidades, alquilando una furgoneta por horas, d\u00edas o semanas para transportar\" \/>\n\t\t<meta name=\"twitter:creator\" content=\"@bercodi\" \/>\n\t\t<meta name=\"twitter:image\" content=\"https:\/\/eldigitaldeasturias.com\/radio\/wp-content\/uploads\/2020\/02\/key-791390_640.jpg\" \/>\n\t\t<script type=\"application\/ld+json\" class=\"aioseo-schema\">\n\t\t\t{\"@context\":\"https:\\\/\\\/schema.org\",\"@graph\":[{\"@type\":\"BreadcrumbList\",\"@id\":\"https:\\\/\\\/eldigitaldeasturias.com\\\/radio\\\/el-servicio-de-alquiler-de-furgonetas-de-confivan-llega-a-oviedo\\\/#breadcrumblist\",\"itemListElement\":[{\"@type\":\"ListItem\",\"@id\":\"https:\\\/\\\/eldigitaldeasturias.com\\\/radio#listItem\",\"position\":1,\"name\":\"Inicio\",\"item\":\"https:\\\/\\\/eldigitaldeasturias.com\\\/radio\",\"nextItem\":{\"@type\":\"ListItem\",\"@id\":\"https:\\\/\\\/eldigitaldeasturias.com\\\/radio\\\/category\\\/negocios\\\/#listItem\",\"name\":\"Negocios\"}},{\"@type\":\"ListItem\",\"@id\":\"https:\\\/\\\/eldigitaldeasturias.com\\\/radio\\\/category\\\/negocios\\\/#listItem\",\"position\":2,\"name\":\"Negocios\",\"item\":\"https:\\\/\\\/eldigitaldeasturias.com\\\/radio\\\/category\\\/negocios\\\/\",\"nextItem\":{\"@type\":\"ListItem\",\"@id\":\"https:\\\/\\\/eldigitaldeasturias.com\\\/radio\\\/el-servicio-de-alquiler-de-furgonetas-de-confivan-llega-a-oviedo\\\/#listItem\",\"name\":\"El servicio de alquiler de furgonetas de Confivan llega a Oviedo\"},\"previousItem\":{\"@type\":\"ListItem\",\"@id\":\"https:\\\/\\\/eldigitaldeasturias.com\\\/radio#listItem\",\"name\":\"Inicio\"}},{\"@type\":\"ListItem\",\"@id\":\"https:\\\/\\\/eldigitaldeasturias.com\\\/radio\\\/el-servicio-de-alquiler-de-furgonetas-de-confivan-llega-a-oviedo\\\/#listItem\",\"position\":3,\"name\":\"El servicio de alquiler de furgonetas de Confivan llega a Oviedo\",\"previousItem\":{\"@type\":\"ListItem\",\"@id\":\"https:\\\/\\\/eldigitaldeasturias.com\\\/radio\\\/category\\\/negocios\\\/#listItem\",\"name\":\"Negocios\"}}]},{\"@type\":\"NewsArticle\",\"@id\":\"https:\\\/\\\/eldigitaldeasturias.com\\\/radio\\\/el-servicio-de-alquiler-de-furgonetas-de-confivan-llega-a-oviedo\\\/#newsarticle\",\"name\":\"El servicio de alquiler de furgonetas de Confivan llega a Oviedo | El Digital de Asturias\",\"headline\":\"El servicio de alquiler de furgonetas de Confivan llega a Oviedo\",\"author\":{\"@id\":\"https:\\\/\\\/eldigitaldeasturias.com\\\/radio\\\/author\\\/nbasturias\\\/#author\"},\"publisher\":{\"@id\":\"https:\\\/\\\/eldigitaldeasturias.com\\\/radio\\\/#organization\"},\"image\":{\"@type\":\"ImageObject\",\"url\":\"https:\\\/\\\/eldigitaldeasturias.com\\\/radio\\\/wp-content\\\/uploads\\\/2020\\\/02\\\/key-791390_640.jpg\",\"width\":640,\"height\":426},\"datePublished\":\"2020-02-28T08:51:17+01:00\",\"dateModified\":\"2020-02-28T08:54:19+01:00\",\"inLanguage\":\"es-ES\",\"mainEntityOfPage\":{\"@id\":\"https:\\\/\\\/eldigitaldeasturias.com\\\/radio\\\/el-servicio-de-alquiler-de-furgonetas-de-confivan-llega-a-oviedo\\\/#webpage\"},\"isPartOf\":{\"@id\":\"https:\\\/\\\/eldigitaldeasturias.com\\\/radio\\\/el-servicio-de-alquiler-de-furgonetas-de-confivan-llega-a-oviedo\\\/#webpage\"},\"articleSection\":\"Negocios\",\"dateline\":\"Publicado el febrero 28, 2020.\"},{\"@type\":\"Organization\",\"@id\":\"https:\\\/\\\/eldigitaldeasturias.com\\\/radio\\\/#organization\",\"name\":\"El digital de Asturias Radio\",\"description\":\"Diario de informaci\\u00f3n y noticias\",\"url\":\"https:\\\/\\\/eldigitaldeasturias.com\\\/radio\\\/\",\"telephone\":\"+34652131393\",\"logo\":{\"@type\":\"ImageObject\",\"url\":\"https:\\\/\\\/www.eldigitaldeasturias.com\\\/radio\\\/wp-content\\\/uploads\\\/2021\\\/03\\\/EDA.jpg\",\"@id\":\"https:\\\/\\\/eldigitaldeasturias.com\\\/radio\\\/el-servicio-de-alquiler-de-furgonetas-de-confivan-llega-a-oviedo\\\/#organizationLogo\"},\"image\":{\"@id\":\"https:\\\/\\\/eldigitaldeasturias.com\\\/radio\\\/el-servicio-de-alquiler-de-furgonetas-de-confivan-llega-a-oviedo\\\/#organizationLogo\"},\"sameAs\":[\"https:\\\/\\\/www.facebook.com\\\/\",\"https:\\\/\\\/x.com\\\/bercodi\",\"https:\\\/\\\/www.instagram.com\\\/\",\"https:\\\/\\\/www.youtube.com\\\/channel\\\/UCZP-2wLEB9Rv6erhFmqVnvg\"]},{\"@type\":\"Person\",\"@id\":\"https:\\\/\\\/eldigitaldeasturias.com\\\/radio\\\/author\\\/nbasturias\\\/#author\",\"url\":\"https:\\\/\\\/eldigitaldeasturias.com\\\/radio\\\/author\\\/nbasturias\\\/\",\"name\":\"NBAsturias\",\"image\":{\"@type\":\"ImageObject\",\"@id\":\"https:\\\/\\\/eldigitaldeasturias.com\\\/radio\\\/el-servicio-de-alquiler-de-furgonetas-de-confivan-llega-a-oviedo\\\/#authorImage\",\"url\":\"https:\\\/\\\/secure.gravatar.com\\\/avatar\\\/df2aeffc32bcd13f8d26072ef8a91b623d677766deac7f97ca815868cd41bf5e?s=96&d=mm&r=g\",\"width\":96,\"height\":96,\"caption\":\"NBAsturias\"}},{\"@type\":\"WebPage\",\"@id\":\"https:\\\/\\\/eldigitaldeasturias.com\\\/radio\\\/el-servicio-de-alquiler-de-furgonetas-de-confivan-llega-a-oviedo\\\/#webpage\",\"url\":\"https:\\\/\\\/eldigitaldeasturias.com\\\/radio\\\/el-servicio-de-alquiler-de-furgonetas-de-confivan-llega-a-oviedo\\\/\",\"name\":\"El servicio de alquiler de furgonetas de Confivan llega a Oviedo | El Digital de Asturias\",\"description\":\"Buenas noticias para todos los asturianos y asturianas que quieran o necesiten alquilar una furgoneta en Oviedo, ya es oficial, Confivan ofrece sus servicios en la capital del Principado. Confivan Asturias es una empresa de confianza con la que podr\\u00e1s hacer frente a tus necesidades, alquilando una furgoneta por horas, d\\u00edas o semanas para transportar\",\"inLanguage\":\"es-ES\",\"isPartOf\":{\"@id\":\"https:\\\/\\\/eldigitaldeasturias.com\\\/radio\\\/#website\"},\"breadcrumb\":{\"@id\":\"https:\\\/\\\/eldigitaldeasturias.com\\\/radio\\\/el-servicio-de-alquiler-de-furgonetas-de-confivan-llega-a-oviedo\\\/#breadcrumblist\"},\"author\":{\"@id\":\"https:\\\/\\\/eldigitaldeasturias.com\\\/radio\\\/author\\\/nbasturias\\\/#author\"},\"creator\":{\"@id\":\"https:\\\/\\\/eldigitaldeasturias.com\\\/radio\\\/author\\\/nbasturias\\\/#author\"},\"image\":{\"@type\":\"ImageObject\",\"url\":\"https:\\\/\\\/eldigitaldeasturias.com\\\/radio\\\/wp-content\\\/uploads\\\/2020\\\/02\\\/key-791390_640.jpg\",\"@id\":\"https:\\\/\\\/eldigitaldeasturias.com\\\/radio\\\/el-servicio-de-alquiler-de-furgonetas-de-confivan-llega-a-oviedo\\\/#mainImage\",\"width\":640,\"height\":426},\"primaryImageOfPage\":{\"@id\":\"https:\\\/\\\/eldigitaldeasturias.com\\\/radio\\\/el-servicio-de-alquiler-de-furgonetas-de-confivan-llega-a-oviedo\\\/#mainImage\"},\"datePublished\":\"2020-02-28T08:51:17+01:00\",\"dateModified\":\"2020-02-28T08:54:19+01:00\"},{\"@type\":\"WebSite\",\"@id\":\"https:\\\/\\\/eldigitaldeasturias.com\\\/radio\\\/#website\",\"url\":\"https:\\\/\\\/eldigitaldeasturias.com\\\/radio\\\/\",\"name\":\"El Digital de Asturias\",\"description\":\"Diario de informaci\\u00f3n y noticias\",\"inLanguage\":\"es-ES\",\"publisher\":{\"@id\":\"https:\\\/\\\/eldigitaldeasturias.com\\\/radio\\\/#organization\"}}]}\n\t\t<\/script>\n\t\t<!-- All in One SEO Pro -->\r\n\t\t<title>El servicio de alquiler de furgonetas de Confivan llega a Oviedo | El Digital de Asturias<\/title>\n\n","aioseo_head_json":{"title":"El servicio de alquiler de furgonetas de Confivan llega a Oviedo | El Digital de Asturias","description":"Buenas noticias para todos los asturianos y asturianas que quieran o necesiten alquilar una furgoneta en Oviedo, ya es oficial, Confivan ofrece sus servicios en la capital del Principado. Confivan Asturias es una empresa de confianza con la que podr\u00e1s hacer frente a tus necesidades, alquilando una furgoneta por horas, d\u00edas o semanas para transportar","canonical_url":"https:\/\/eldigitaldeasturias.com\/radio\/el-servicio-de-alquiler-de-furgonetas-de-confivan-llega-a-oviedo\/","robots":"max-image-preview:large","keywords":"negocios","webmasterTools":{"google-site-verification":"UA-38556648-1","miscellaneous":""},"schema":{"@context":"https:\/\/schema.org","@graph":[{"@type":"BreadcrumbList","@id":"https:\/\/eldigitaldeasturias.com\/radio\/el-servicio-de-alquiler-de-furgonetas-de-confivan-llega-a-oviedo\/#breadcrumblist","itemListElement":[{"@type":"ListItem","@id":"https:\/\/eldigitaldeasturias.com\/radio#listItem","position":1,"name":"Inicio","item":"https:\/\/eldigitaldeasturias.com\/radio","nextItem":{"@type":"ListItem","@id":"https:\/\/eldigitaldeasturias.com\/radio\/category\/negocios\/#listItem","name":"Negocios"}},{"@type":"ListItem","@id":"https:\/\/eldigitaldeasturias.com\/radio\/category\/negocios\/#listItem","position":2,"name":"Negocios","item":"https:\/\/eldigitaldeasturias.com\/radio\/category\/negocios\/","nextItem":{"@type":"ListItem","@id":"https:\/\/eldigitaldeasturias.com\/radio\/el-servicio-de-alquiler-de-furgonetas-de-confivan-llega-a-oviedo\/#listItem","name":"El servicio de alquiler de furgonetas de Confivan llega a Oviedo"},"previousItem":{"@type":"ListItem","@id":"https:\/\/eldigitaldeasturias.com\/radio#listItem","name":"Inicio"}},{"@type":"ListItem","@id":"https:\/\/eldigitaldeasturias.com\/radio\/el-servicio-de-alquiler-de-furgonetas-de-confivan-llega-a-oviedo\/#listItem","position":3,"name":"El servicio de alquiler de furgonetas de Confivan llega a Oviedo","previousItem":{"@type":"ListItem","@id":"https:\/\/eldigitaldeasturias.com\/radio\/category\/negocios\/#listItem","name":"Negocios"}}]},{"@type":"NewsArticle","@id":"https:\/\/eldigitaldeasturias.com\/radio\/el-servicio-de-alquiler-de-furgonetas-de-confivan-llega-a-oviedo\/#newsarticle","name":"El servicio de alquiler de furgonetas de Confivan llega a Oviedo | El Digital de Asturias","headline":"El servicio de alquiler de furgonetas de Confivan llega a Oviedo","author":{"@id":"https:\/\/eldigitaldeasturias.com\/radio\/author\/nbasturias\/#author"},"publisher":{"@id":"https:\/\/eldigitaldeasturias.com\/radio\/#organization"},"image":{"@type":"ImageObject","url":"https:\/\/eldigitaldeasturias.com\/radio\/wp-content\/uploads\/2020\/02\/key-791390_640.jpg","width":640,"height":426},"datePublished":"2020-02-28T08:51:17+01:00","dateModified":"2020-02-28T08:54:19+01:00","inLanguage":"es-ES","mainEntityOfPage":{"@id":"https:\/\/eldigitaldeasturias.com\/radio\/el-servicio-de-alquiler-de-furgonetas-de-confivan-llega-a-oviedo\/#webpage"},"isPartOf":{"@id":"https:\/\/eldigitaldeasturias.com\/radio\/el-servicio-de-alquiler-de-furgonetas-de-confivan-llega-a-oviedo\/#webpage"},"articleSection":"Negocios","dateline":"Publicado el febrero 28, 2020."},{"@type":"Organization","@id":"https:\/\/eldigitaldeasturias.com\/radio\/#organization","name":"El digital de Asturias Radio","description":"Diario de informaci\u00f3n y noticias","url":"https:\/\/eldigitaldeasturias.com\/radio\/","telephone":"+34652131393","logo":{"@type":"ImageObject","url":"https:\/\/www.eldigitaldeasturias.com\/radio\/wp-content\/uploads\/2021\/03\/EDA.jpg","@id":"https:\/\/eldigitaldeasturias.com\/radio\/el-servicio-de-alquiler-de-furgonetas-de-confivan-llega-a-oviedo\/#organizationLogo"},"image":{"@id":"https:\/\/eldigitaldeasturias.com\/radio\/el-servicio-de-alquiler-de-furgonetas-de-confivan-llega-a-oviedo\/#organizationLogo"},"sameAs":["https:\/\/www.facebook.com\/","https:\/\/x.com\/bercodi","https:\/\/www.instagram.com\/","https:\/\/www.youtube.com\/channel\/UCZP-2wLEB9Rv6erhFmqVnvg"]},{"@type":"Person","@id":"https:\/\/eldigitaldeasturias.com\/radio\/author\/nbasturias\/#author","url":"https:\/\/eldigitaldeasturias.com\/radio\/author\/nbasturias\/","name":"NBAsturias","image":{"@type":"ImageObject","@id":"https:\/\/eldigitaldeasturias.com\/radio\/el-servicio-de-alquiler-de-furgonetas-de-confivan-llega-a-oviedo\/#authorImage","url":"https:\/\/secure.gravatar.com\/avatar\/df2aeffc32bcd13f8d26072ef8a91b623d677766deac7f97ca815868cd41bf5e?s=96&d=mm&r=g","width":96,"height":96,"caption":"NBAsturias"}},{"@type":"WebPage","@id":"https:\/\/eldigitaldeasturias.com\/radio\/el-servicio-de-alquiler-de-furgonetas-de-confivan-llega-a-oviedo\/#webpage","url":"https:\/\/eldigitaldeasturias.com\/radio\/el-servicio-de-alquiler-de-furgonetas-de-confivan-llega-a-oviedo\/","name":"El servicio de alquiler de furgonetas de Confivan llega a Oviedo | El Digital de Asturias","description":"Buenas noticias para todos los asturianos y asturianas que quieran o necesiten alquilar una furgoneta en Oviedo, ya es oficial, Confivan ofrece sus servicios en la capital del Principado. Confivan Asturias es una empresa de confianza con la que podr\u00e1s hacer frente a tus necesidades, alquilando una furgoneta por horas, d\u00edas o semanas para transportar","inLanguage":"es-ES","isPartOf":{"@id":"https:\/\/eldigitaldeasturias.com\/radio\/#website"},"breadcrumb":{"@id":"https:\/\/eldigitaldeasturias.com\/radio\/el-servicio-de-alquiler-de-furgonetas-de-confivan-llega-a-oviedo\/#breadcrumblist"},"author":{"@id":"https:\/\/eldigitaldeasturias.com\/radio\/author\/nbasturias\/#author"},"creator":{"@id":"https:\/\/eldigitaldeasturias.com\/radio\/author\/nbasturias\/#author"},"image":{"@type":"ImageObject","url":"https:\/\/eldigitaldeasturias.com\/radio\/wp-content\/uploads\/2020\/02\/key-791390_640.jpg","@id":"https:\/\/eldigitaldeasturias.com\/radio\/el-servicio-de-alquiler-de-furgonetas-de-confivan-llega-a-oviedo\/#mainImage","width":640,"height":426},"primaryImageOfPage":{"@id":"https:\/\/eldigitaldeasturias.com\/radio\/el-servicio-de-alquiler-de-furgonetas-de-confivan-llega-a-oviedo\/#mainImage"},"datePublished":"2020-02-28T08:51:17+01:00","dateModified":"2020-02-28T08:54:19+01:00"},{"@type":"WebSite","@id":"https:\/\/eldigitaldeasturias.com\/radio\/#website","url":"https:\/\/eldigitaldeasturias.com\/radio\/","name":"El Digital de Asturias","description":"Diario de informaci\u00f3n y noticias","inLanguage":"es-ES","publisher":{"@id":"https:\/\/eldigitaldeasturias.com\/radio\/#organization"}}]},"og:locale":"es_ES","og:site_name":"El Digital de Asturias | Diario de informaci\u00f3n y noticias","og:type":"article","og:title":"El servicio de alquiler de furgonetas de Confivan llega a Oviedo | El Digital de Asturias","og:description":"Buenas noticias para todos los asturianos y asturianas que quieran o necesiten alquilar una furgoneta en Oviedo, ya es oficial, Confivan ofrece sus servicios en la capital del Principado. Confivan Asturias es una empresa de confianza con la que podr\u00e1s hacer frente a tus necesidades, alquilando una furgoneta por horas, d\u00edas o semanas para transportar","og:url":"https:\/\/eldigitaldeasturias.com\/radio\/el-servicio-de-alquiler-de-furgonetas-de-confivan-llega-a-oviedo\/","og:image":"https:\/\/eldigitaldeasturias.com\/radio\/wp-content\/uploads\/2020\/02\/key-791390_640.jpg","og:image:secure_url":"https:\/\/eldigitaldeasturias.com\/radio\/wp-content\/uploads\/2020\/02\/key-791390_640.jpg","og:image:width":640,"og:image:height":426,"article:published_time":"2020-02-28T08:51:17+00:00","article:modified_time":"2020-02-28T08:54:19+00:00","twitter:card":"summary_large_image","twitter:site":"@bercodi","twitter:title":"El servicio de alquiler de furgonetas de Confivan llega a Oviedo | El Digital de Asturias","twitter:description":"Buenas noticias para todos los asturianos y asturianas que quieran o necesiten alquilar una furgoneta en Oviedo, ya es oficial, Confivan ofrece sus servicios en la capital del Principado. Confivan Asturias es una empresa de confianza con la que podr\u00e1s hacer frente a tus necesidades, alquilando una furgoneta por horas, d\u00edas o semanas para transportar","twitter:creator":"@bercodi","twitter:image":"https:\/\/eldigitaldeasturias.com\/radio\/wp-content\/uploads\/2020\/02\/key-791390_640.jpg"},"aioseo_meta_data":{"post_id":"4007","title":null,"description":null,"keywords":null,"keyphrases":null,"primary_term":null,"canonical_url":null,"og_title":null,"og_description":null,"og_object_type":"default","og_image_type":"default","og_image_url":null,"og_image_width":null,"og_image_height":null,"og_image_custom_url":null,"og_image_custom_fields":null,"og_video":null,"og_custom_url":null,"og_article_section":null,"og_article_tags":null,"twitter_use_og":false,"twitter_card":"default","twitter_image_type":"default","twitter_image_url":null,"twitter_image_custom_url":null,"twitter_image_custom_fields":null,"twitter_title":null,"twitter_description":null,"schema":{"blockGraphs":[],"customGraphs":[],"default":{"data":{"Article":[],"Course":[],"Dataset":[],"FAQPage":[],"Movie":[],"Person":[],"Product":[],"ProductReview":[],"Car":[],"Recipe":[],"Service":[],"SoftwareApplication":[],"WebPage":[]},"graphName":"","isEnabled":true},"graphs":[],"defaultGraph":"","defaultPostTypeGraph":""},"schema_type":null,"schema_type_options":null,"pillar_content":false,"robots_default":true,"robots_noindex":false,"robots_noarchive":false,"robots_nosnippet":false,"robots_nofollow":false,"robots_noimageindex":false,"robots_noodp":false,"robots_notranslate":false,"robots_max_snippet":null,"robots_max_videopreview":null,"robots_max_imagepreview":"large","priority":null,"frequency":null,"location":null,"local_seo":null,"seo_analyzer_scan_date":"2025-08-28 15:12:38","breadcrumb_settings":null,"limit_modified_date":false,"open_ai":null,"ai":null,"created":"2021-03-25 14:23:35","updated":"2025-08-28 15:12:38"},"aioseo_breadcrumb":"<div class=\"aioseo-breadcrumbs\"><span class=\"aioseo-breadcrumb\">\n\t<a href=\"https:\/\/eldigitaldeasturias.com\/radio\" title=\"Inicio\">Inicio<\/a>\n<\/span><span class=\"aioseo-breadcrumb-separator\">&ndash;<\/span><span class=\"aioseo-breadcrumb\">\n\t<a href=\"https:\/\/eldigitaldeasturias.com\/radio\/category\/negocios\/\" title=\"Negocios\">Negocios<\/a>\n<\/span><span class=\"aioseo-breadcrumb-separator\">&ndash;<\/span><span class=\"aioseo-breadcrumb\">\n\tEl servicio de alquiler de furgonetas de Confivan llega a Oviedo\n<\/span><\/div>","aioseo_breadcrumb_json":[{"label":"Inicio","link":"https:\/\/eldigitaldeasturias.com\/radio"},{"label":"Negocios","link":"https:\/\/eldigitaldeasturias.com\/radio\/category\/negocios\/"},{"label":"El servicio de alquiler de furgonetas de Confivan llega a Oviedo","link":"https:\/\/eldigitaldeasturias.com\/radio\/el-servicio-de-alquiler-de-furgonetas-de-confivan-llega-a-oviedo\/"}],"_links":{"self":[{"href":"https:\/\/eldigitaldeasturias.com\/radio\/wp-json\/wp\/v2\/posts\/4007","targetHints":{"allow":["GET"]}}],"collection":[{"href":"https:\/\/eldigitaldeasturias.com\/radio\/wp-json\/wp\/v2\/posts"}],"about":[{"href":"https:\/\/eldigitaldeasturias.com\/radio\/wp-json\/wp\/v2\/types\/post"}],"author":[{"embeddable":true,"href":"https:\/\/eldigitaldeasturias.com\/radio\/wp-json\/wp\/v2\/users\/1"}],"replies":[{"embeddable":true,"href":"https:\/\/eldigitaldeasturias.com\/radio\/wp-json\/wp\/v2\/comments?post=4007"}],"version-history":[{"count":0,"href":"https:\/\/eldigitaldeasturias.com\/radio\/wp-json\/wp\/v2\/posts\/4007\/revisions"}],"wp:featuredmedia":[{"embeddable":true,"href":"https:\/\/eldigitaldeasturias.com\/radio\/wp-json\/wp\/v2\/media\/4008"}],"wp:attachment":[{"href":"https:\/\/eldigitaldeasturias.com\/radio\/wp-json\/wp\/v2\/media?parent=4007"}],"wp:term":[{"taxonomy":"category","embeddable":true,"href":"https:\/\/eldigitaldeasturias.com\/radio\/wp-json\/wp\/v2\/categories?post=4007"},{"taxonomy":"post_tag","embeddable":true,"href":"https:\/\/eldigitaldeasturias.com\/radio\/wp-json\/wp\/v2\/tags?post=4007"}],"curies":[{"name":"wp","href":"https:\/\/api.w.org\/{rel}","templated":true}]}}