{"id":4003,"date":"2020-02-27T15:20:52","date_gmt":"2020-02-27T15:20:52","guid":{"rendered":"http:\/\/www.eldigitaldeasturias.com\/radio\/?p=4003"},"modified":"2020-02-27T15:20:52","modified_gmt":"2020-02-27T15:20:52","slug":"reunion-del-consejo-de-gobierno-en-ribadedeva","status":"publish","type":"post","link":"https:\/\/eldigitaldeasturias.com\/radio\/reunion-del-consejo-de-gobierno-en-ribadedeva\/","title":{"rendered":"Reuni\u00f3n del Consejo de Gobierno en Ribadedeva"},"content":{"rendered":"<figure id=\"attachment_4004\" aria-describedby=\"caption-attachment-4004\" style=\"width: 290px\" class=\"wp-caption alignleft\"><img fetchpriority=\"high\" decoding=\"async\" class=\"size-medium wp-image-4004\" src=\"http:\/\/www.eldigitaldeasturias.com\/radio\/wp-content\/uploads\/2020\/02\/Consejo-Principado-290x300.jpg\" alt=\"\" width=\"290\" height=\"300\" srcset=\"https:\/\/eldigitaldeasturias.com\/radio\/wp-content\/uploads\/2020\/02\/Consejo-Principado-290x300.jpg 290w, https:\/\/eldigitaldeasturias.com\/radio\/wp-content\/uploads\/2020\/02\/Consejo-Principado.jpg 680w\" sizes=\"(max-width: 290px) 100vw, 290px\" \/><figcaption id=\"caption-attachment-4004\" class=\"wp-caption-text\">Foto: Armando \u00c1lvarez<\/figcaption><\/figure>\n<p>Hoy jueves el presidente del Principado de Asturias, Adri\u00e1n Barb\u00f3n, ha realizado una visita al concejo de Ribadedeva, donde ha presidido la reuni\u00f3n del Consejo de Gobierno y conocido las instalaciones de la empresa Zebra Design SD<\/p>\n<p>El Presidente estuvo acomapa\u00f1ado entre otras personas por la concejala de Ribadedeva Sara Gil; la concejala de Cultura, Mar\u00eda Luisa Fern\u00e1ndez; el vicepresidente y consejero de Infraestructuras, Medio Ambiente y Cambio Clim\u00e1tico, Juan Cofi\u00f1o; el alcalde de Ribadedeva, Jes\u00fas Manuel Bord\u00e1s; la concejala de Medio Rural, Bego\u00f1a Escand\u00f3n Pe\u00f1a; el concejal de Servicios y Obras, Jos\u00e9 Luis Nosti; el concejal de Servicios Sociales y Juventud, Jos\u00e9 Manuel Andreu, y el concejal Jorge Mart\u00ednez.<\/p>\n<p>&nbsp;<\/p>\n","protected":false},"excerpt":{"rendered":"<p>Hoy jueves el presidente del Principado de Asturias, Adri\u00e1n Barb\u00f3n, ha realizado una visita al concejo de Ribadedeva, donde ha presidido la reuni\u00f3n del Consejo de Gobierno y conocido las instalaciones de la empresa Zebra Design SD El Presidente estuvo acomapa\u00f1ado entre otras personas por la concejala de Ribadedeva Sara Gil; la concejala de Cultura,<\/p>\n","protected":false},"author":1,"featured_media":4004,"comment_status":"closed","ping_status":"closed","sticky":false,"template":"","format":"standard","meta":{"footnotes":""},"categories":[1],"tags":[],"class_list":{"0":"post-4003","1":"post","2":"type-post","3":"status-publish","4":"format-standard","5":"has-post-thumbnail","7":"category-noticias"},"aioseo_notices":[],"aioseo_head":"\n\t\t<!-- All in One SEO Pro 4.9.6.2 - aioseo.com -->\n\t<meta name=\"description\" content=\"Hoy jueves el presidente del Principado de Asturias, Adri\u00e1n Barb\u00f3n, ha realizado una visita al concejo de Ribadedeva, donde ha presidido la reuni\u00f3n del Consejo de Gobierno y conocido las instalaciones de la empresa Zebra Design SD El Presidente estuvo acomapa\u00f1ado entre otras personas por la concejala de Ribadedeva Sara Gil; la concejala de Cultura,\" \/>\n\t<meta name=\"robots\" content=\"max-image-preview:large\" \/>\n\t<meta name=\"author\" content=\"NBAsturias\"\/>\n\t<meta name=\"google-site-verification\" content=\"UA-38556648-1\" \/>\n\t<meta name=\"keywords\" content=\"noticias\" \/>\n\t<link rel=\"canonical\" href=\"https:\/\/eldigitaldeasturias.com\/radio\/reunion-del-consejo-de-gobierno-en-ribadedeva\/\" \/>\n\t<meta name=\"generator\" content=\"All in One SEO Pro (AIOSEO) 4.9.6.2\" \/>\n\t\t<meta property=\"og:locale\" content=\"es_ES\" \/>\n\t\t<meta property=\"og:site_name\" content=\"El Digital de Asturias | Diario de informaci\u00f3n y noticias\" \/>\n\t\t<meta property=\"og:type\" content=\"article\" \/>\n\t\t<meta property=\"og:title\" content=\"Reuni\u00f3n del Consejo de Gobierno en Ribadedeva | El Digital de Asturias\" \/>\n\t\t<meta property=\"og:description\" content=\"Hoy jueves el presidente del Principado de Asturias, Adri\u00e1n Barb\u00f3n, ha realizado una visita al concejo de Ribadedeva, donde ha presidido la reuni\u00f3n del Consejo de Gobierno y conocido las instalaciones de la empresa Zebra Design SD El Presidente estuvo acomapa\u00f1ado entre otras personas por la concejala de Ribadedeva Sara Gil; la concejala de Cultura,\" \/>\n\t\t<meta property=\"og:url\" content=\"https:\/\/eldigitaldeasturias.com\/radio\/reunion-del-consejo-de-gobierno-en-ribadedeva\/\" \/>\n\t\t<meta property=\"og:image\" content=\"https:\/\/eldigitaldeasturias.com\/radio\/wp-content\/uploads\/2020\/02\/Consejo-Principado.jpg\" \/>\n\t\t<meta property=\"og:image:secure_url\" content=\"https:\/\/eldigitaldeasturias.com\/radio\/wp-content\/uploads\/2020\/02\/Consejo-Principado.jpg\" \/>\n\t\t<meta property=\"og:image:width\" content=\"680\" \/>\n\t\t<meta property=\"og:image:height\" content=\"704\" \/>\n\t\t<meta property=\"article:published_time\" content=\"2020-02-27T15:20:52+00:00\" \/>\n\t\t<meta property=\"article:modified_time\" content=\"2020-02-27T15:20:52+00:00\" \/>\n\t\t<meta name=\"twitter:card\" content=\"summary_large_image\" \/>\n\t\t<meta name=\"twitter:site\" content=\"@bercodi\" \/>\n\t\t<meta name=\"twitter:title\" content=\"Reuni\u00f3n del Consejo de Gobierno en Ribadedeva | El Digital de Asturias\" \/>\n\t\t<meta name=\"twitter:description\" content=\"Hoy jueves el presidente del Principado de Asturias, Adri\u00e1n Barb\u00f3n, ha realizado una visita al concejo de Ribadedeva, donde ha presidido la reuni\u00f3n del Consejo de Gobierno y conocido las instalaciones de la empresa Zebra Design SD El Presidente estuvo acomapa\u00f1ado entre otras personas por la concejala de Ribadedeva Sara Gil; la concejala de Cultura,\" \/>\n\t\t<meta name=\"twitter:creator\" content=\"@bercodi\" \/>\n\t\t<meta name=\"twitter:image\" content=\"https:\/\/eldigitaldeasturias.com\/radio\/wp-content\/uploads\/2020\/02\/Consejo-Principado.jpg\" \/>\n\t\t<script type=\"application\/ld+json\" class=\"aioseo-schema\">\n\t\t\t{\"@context\":\"https:\\\/\\\/schema.org\",\"@graph\":[{\"@type\":\"BreadcrumbList\",\"@id\":\"https:\\\/\\\/eldigitaldeasturias.com\\\/radio\\\/reunion-del-consejo-de-gobierno-en-ribadedeva\\\/#breadcrumblist\",\"itemListElement\":[{\"@type\":\"ListItem\",\"@id\":\"https:\\\/\\\/eldigitaldeasturias.com\\\/radio#listItem\",\"position\":1,\"name\":\"Inicio\",\"item\":\"https:\\\/\\\/eldigitaldeasturias.com\\\/radio\",\"nextItem\":{\"@type\":\"ListItem\",\"@id\":\"https:\\\/\\\/eldigitaldeasturias.com\\\/radio\\\/category\\\/noticias\\\/#listItem\",\"name\":\"Noticias\"}},{\"@type\":\"ListItem\",\"@id\":\"https:\\\/\\\/eldigitaldeasturias.com\\\/radio\\\/category\\\/noticias\\\/#listItem\",\"position\":2,\"name\":\"Noticias\",\"item\":\"https:\\\/\\\/eldigitaldeasturias.com\\\/radio\\\/category\\\/noticias\\\/\",\"nextItem\":{\"@type\":\"ListItem\",\"@id\":\"https:\\\/\\\/eldigitaldeasturias.com\\\/radio\\\/reunion-del-consejo-de-gobierno-en-ribadedeva\\\/#listItem\",\"name\":\"Reuni\\u00f3n del Consejo de Gobierno en Ribadedeva\"},\"previousItem\":{\"@type\":\"ListItem\",\"@id\":\"https:\\\/\\\/eldigitaldeasturias.com\\\/radio#listItem\",\"name\":\"Inicio\"}},{\"@type\":\"ListItem\",\"@id\":\"https:\\\/\\\/eldigitaldeasturias.com\\\/radio\\\/reunion-del-consejo-de-gobierno-en-ribadedeva\\\/#listItem\",\"position\":3,\"name\":\"Reuni\\u00f3n del Consejo de Gobierno en Ribadedeva\",\"previousItem\":{\"@type\":\"ListItem\",\"@id\":\"https:\\\/\\\/eldigitaldeasturias.com\\\/radio\\\/category\\\/noticias\\\/#listItem\",\"name\":\"Noticias\"}}]},{\"@type\":\"NewsArticle\",\"@id\":\"https:\\\/\\\/eldigitaldeasturias.com\\\/radio\\\/reunion-del-consejo-de-gobierno-en-ribadedeva\\\/#newsarticle\",\"name\":\"Reuni\\u00f3n del Consejo de Gobierno en Ribadedeva | El Digital de Asturias\",\"headline\":\"Reuni\\u00f3n del Consejo de Gobierno en Ribadedeva\",\"author\":{\"@id\":\"https:\\\/\\\/eldigitaldeasturias.com\\\/radio\\\/author\\\/nbasturias\\\/#author\"},\"publisher\":{\"@id\":\"https:\\\/\\\/eldigitaldeasturias.com\\\/radio\\\/#organization\"},\"image\":{\"@type\":\"ImageObject\",\"url\":\"https:\\\/\\\/eldigitaldeasturias.com\\\/radio\\\/wp-content\\\/uploads\\\/2020\\\/02\\\/Consejo-Principado.jpg\",\"width\":680,\"height\":704,\"caption\":\"Foto: Armando \\u00c1lvarez\"},\"datePublished\":\"2020-02-27T15:20:52+01:00\",\"dateModified\":\"2020-02-27T15:20:52+01:00\",\"inLanguage\":\"es-ES\",\"mainEntityOfPage\":{\"@id\":\"https:\\\/\\\/eldigitaldeasturias.com\\\/radio\\\/reunion-del-consejo-de-gobierno-en-ribadedeva\\\/#webpage\"},\"isPartOf\":{\"@id\":\"https:\\\/\\\/eldigitaldeasturias.com\\\/radio\\\/reunion-del-consejo-de-gobierno-en-ribadedeva\\\/#webpage\"},\"articleSection\":\"Noticias\",\"dateline\":\"Publicado el febrero 27, 2020.\"},{\"@type\":\"Organization\",\"@id\":\"https:\\\/\\\/eldigitaldeasturias.com\\\/radio\\\/#organization\",\"name\":\"El digital de Asturias Radio\",\"description\":\"Diario de informaci\\u00f3n y noticias\",\"url\":\"https:\\\/\\\/eldigitaldeasturias.com\\\/radio\\\/\",\"telephone\":\"+34652131393\",\"logo\":{\"@type\":\"ImageObject\",\"url\":\"https:\\\/\\\/www.eldigitaldeasturias.com\\\/radio\\\/wp-content\\\/uploads\\\/2021\\\/03\\\/EDA.jpg\",\"@id\":\"https:\\\/\\\/eldigitaldeasturias.com\\\/radio\\\/reunion-del-consejo-de-gobierno-en-ribadedeva\\\/#organizationLogo\"},\"image\":{\"@id\":\"https:\\\/\\\/eldigitaldeasturias.com\\\/radio\\\/reunion-del-consejo-de-gobierno-en-ribadedeva\\\/#organizationLogo\"},\"sameAs\":[\"https:\\\/\\\/www.facebook.com\\\/\",\"https:\\\/\\\/x.com\\\/bercodi\",\"https:\\\/\\\/www.instagram.com\\\/\",\"https:\\\/\\\/www.youtube.com\\\/channel\\\/UCZP-2wLEB9Rv6erhFmqVnvg\"]},{\"@type\":\"Person\",\"@id\":\"https:\\\/\\\/eldigitaldeasturias.com\\\/radio\\\/author\\\/nbasturias\\\/#author\",\"url\":\"https:\\\/\\\/eldigitaldeasturias.com\\\/radio\\\/author\\\/nbasturias\\\/\",\"name\":\"NBAsturias\",\"image\":{\"@type\":\"ImageObject\",\"@id\":\"https:\\\/\\\/eldigitaldeasturias.com\\\/radio\\\/reunion-del-consejo-de-gobierno-en-ribadedeva\\\/#authorImage\",\"url\":\"https:\\\/\\\/secure.gravatar.com\\\/avatar\\\/df2aeffc32bcd13f8d26072ef8a91b623d677766deac7f97ca815868cd41bf5e?s=96&d=mm&r=g\",\"width\":96,\"height\":96,\"caption\":\"NBAsturias\"}},{\"@type\":\"WebPage\",\"@id\":\"https:\\\/\\\/eldigitaldeasturias.com\\\/radio\\\/reunion-del-consejo-de-gobierno-en-ribadedeva\\\/#webpage\",\"url\":\"https:\\\/\\\/eldigitaldeasturias.com\\\/radio\\\/reunion-del-consejo-de-gobierno-en-ribadedeva\\\/\",\"name\":\"Reuni\\u00f3n del Consejo de Gobierno en Ribadedeva | El Digital de Asturias\",\"description\":\"Hoy jueves el presidente del Principado de Asturias, Adri\\u00e1n Barb\\u00f3n, ha realizado una visita al concejo de Ribadedeva, donde ha presidido la reuni\\u00f3n del Consejo de Gobierno y conocido las instalaciones de la empresa Zebra Design SD El Presidente estuvo acomapa\\u00f1ado entre otras personas por la concejala de Ribadedeva Sara Gil; la concejala de Cultura,\",\"inLanguage\":\"es-ES\",\"isPartOf\":{\"@id\":\"https:\\\/\\\/eldigitaldeasturias.com\\\/radio\\\/#website\"},\"breadcrumb\":{\"@id\":\"https:\\\/\\\/eldigitaldeasturias.com\\\/radio\\\/reunion-del-consejo-de-gobierno-en-ribadedeva\\\/#breadcrumblist\"},\"author\":{\"@id\":\"https:\\\/\\\/eldigitaldeasturias.com\\\/radio\\\/author\\\/nbasturias\\\/#author\"},\"creator\":{\"@id\":\"https:\\\/\\\/eldigitaldeasturias.com\\\/radio\\\/author\\\/nbasturias\\\/#author\"},\"image\":{\"@type\":\"ImageObject\",\"url\":\"https:\\\/\\\/eldigitaldeasturias.com\\\/radio\\\/wp-content\\\/uploads\\\/2020\\\/02\\\/Consejo-Principado.jpg\",\"@id\":\"https:\\\/\\\/eldigitaldeasturias.com\\\/radio\\\/reunion-del-consejo-de-gobierno-en-ribadedeva\\\/#mainImage\",\"width\":680,\"height\":704,\"caption\":\"Foto: Armando \\u00c1lvarez\"},\"primaryImageOfPage\":{\"@id\":\"https:\\\/\\\/eldigitaldeasturias.com\\\/radio\\\/reunion-del-consejo-de-gobierno-en-ribadedeva\\\/#mainImage\"},\"datePublished\":\"2020-02-27T15:20:52+01:00\",\"dateModified\":\"2020-02-27T15:20:52+01:00\"},{\"@type\":\"WebSite\",\"@id\":\"https:\\\/\\\/eldigitaldeasturias.com\\\/radio\\\/#website\",\"url\":\"https:\\\/\\\/eldigitaldeasturias.com\\\/radio\\\/\",\"name\":\"El Digital de Asturias\",\"description\":\"Diario de informaci\\u00f3n y noticias\",\"inLanguage\":\"es-ES\",\"publisher\":{\"@id\":\"https:\\\/\\\/eldigitaldeasturias.com\\\/radio\\\/#organization\"}}]}\n\t\t<\/script>\n\t\t<!-- All in One SEO Pro -->\r\n\t\t<title>Reuni\u00f3n del Consejo de Gobierno en Ribadedeva | El Digital de Asturias<\/title>\n\n","aioseo_head_json":{"title":"Reuni\u00f3n del Consejo de Gobierno en Ribadedeva | El Digital de Asturias","description":"Hoy jueves el presidente del Principado de Asturias, Adri\u00e1n Barb\u00f3n, ha realizado una visita al concejo de Ribadedeva, donde ha presidido la reuni\u00f3n del Consejo de Gobierno y conocido las instalaciones de la empresa Zebra Design SD El Presidente estuvo acomapa\u00f1ado entre otras personas por la concejala de Ribadedeva Sara Gil; la concejala de Cultura,","canonical_url":"https:\/\/eldigitaldeasturias.com\/radio\/reunion-del-consejo-de-gobierno-en-ribadedeva\/","robots":"max-image-preview:large","keywords":"noticias","webmasterTools":{"google-site-verification":"UA-38556648-1","miscellaneous":""},"schema":{"@context":"https:\/\/schema.org","@graph":[{"@type":"BreadcrumbList","@id":"https:\/\/eldigitaldeasturias.com\/radio\/reunion-del-consejo-de-gobierno-en-ribadedeva\/#breadcrumblist","itemListElement":[{"@type":"ListItem","@id":"https:\/\/eldigitaldeasturias.com\/radio#listItem","position":1,"name":"Inicio","item":"https:\/\/eldigitaldeasturias.com\/radio","nextItem":{"@type":"ListItem","@id":"https:\/\/eldigitaldeasturias.com\/radio\/category\/noticias\/#listItem","name":"Noticias"}},{"@type":"ListItem","@id":"https:\/\/eldigitaldeasturias.com\/radio\/category\/noticias\/#listItem","position":2,"name":"Noticias","item":"https:\/\/eldigitaldeasturias.com\/radio\/category\/noticias\/","nextItem":{"@type":"ListItem","@id":"https:\/\/eldigitaldeasturias.com\/radio\/reunion-del-consejo-de-gobierno-en-ribadedeva\/#listItem","name":"Reuni\u00f3n del Consejo de Gobierno en Ribadedeva"},"previousItem":{"@type":"ListItem","@id":"https:\/\/eldigitaldeasturias.com\/radio#listItem","name":"Inicio"}},{"@type":"ListItem","@id":"https:\/\/eldigitaldeasturias.com\/radio\/reunion-del-consejo-de-gobierno-en-ribadedeva\/#listItem","position":3,"name":"Reuni\u00f3n del Consejo de Gobierno en Ribadedeva","previousItem":{"@type":"ListItem","@id":"https:\/\/eldigitaldeasturias.com\/radio\/category\/noticias\/#listItem","name":"Noticias"}}]},{"@type":"NewsArticle","@id":"https:\/\/eldigitaldeasturias.com\/radio\/reunion-del-consejo-de-gobierno-en-ribadedeva\/#newsarticle","name":"Reuni\u00f3n del Consejo de Gobierno en Ribadedeva | El Digital de Asturias","headline":"Reuni\u00f3n del Consejo de Gobierno en Ribadedeva","author":{"@id":"https:\/\/eldigitaldeasturias.com\/radio\/author\/nbasturias\/#author"},"publisher":{"@id":"https:\/\/eldigitaldeasturias.com\/radio\/#organization"},"image":{"@type":"ImageObject","url":"https:\/\/eldigitaldeasturias.com\/radio\/wp-content\/uploads\/2020\/02\/Consejo-Principado.jpg","width":680,"height":704,"caption":"Foto: Armando \u00c1lvarez"},"datePublished":"2020-02-27T15:20:52+01:00","dateModified":"2020-02-27T15:20:52+01:00","inLanguage":"es-ES","mainEntityOfPage":{"@id":"https:\/\/eldigitaldeasturias.com\/radio\/reunion-del-consejo-de-gobierno-en-ribadedeva\/#webpage"},"isPartOf":{"@id":"https:\/\/eldigitaldeasturias.com\/radio\/reunion-del-consejo-de-gobierno-en-ribadedeva\/#webpage"},"articleSection":"Noticias","dateline":"Publicado el febrero 27, 2020."},{"@type":"Organization","@id":"https:\/\/eldigitaldeasturias.com\/radio\/#organization","name":"El digital de Asturias Radio","description":"Diario de informaci\u00f3n y noticias","url":"https:\/\/eldigitaldeasturias.com\/radio\/","telephone":"+34652131393","logo":{"@type":"ImageObject","url":"https:\/\/www.eldigitaldeasturias.com\/radio\/wp-content\/uploads\/2021\/03\/EDA.jpg","@id":"https:\/\/eldigitaldeasturias.com\/radio\/reunion-del-consejo-de-gobierno-en-ribadedeva\/#organizationLogo"},"image":{"@id":"https:\/\/eldigitaldeasturias.com\/radio\/reunion-del-consejo-de-gobierno-en-ribadedeva\/#organizationLogo"},"sameAs":["https:\/\/www.facebook.com\/","https:\/\/x.com\/bercodi","https:\/\/www.instagram.com\/","https:\/\/www.youtube.com\/channel\/UCZP-2wLEB9Rv6erhFmqVnvg"]},{"@type":"Person","@id":"https:\/\/eldigitaldeasturias.com\/radio\/author\/nbasturias\/#author","url":"https:\/\/eldigitaldeasturias.com\/radio\/author\/nbasturias\/","name":"NBAsturias","image":{"@type":"ImageObject","@id":"https:\/\/eldigitaldeasturias.com\/radio\/reunion-del-consejo-de-gobierno-en-ribadedeva\/#authorImage","url":"https:\/\/secure.gravatar.com\/avatar\/df2aeffc32bcd13f8d26072ef8a91b623d677766deac7f97ca815868cd41bf5e?s=96&d=mm&r=g","width":96,"height":96,"caption":"NBAsturias"}},{"@type":"WebPage","@id":"https:\/\/eldigitaldeasturias.com\/radio\/reunion-del-consejo-de-gobierno-en-ribadedeva\/#webpage","url":"https:\/\/eldigitaldeasturias.com\/radio\/reunion-del-consejo-de-gobierno-en-ribadedeva\/","name":"Reuni\u00f3n del Consejo de Gobierno en Ribadedeva | El Digital de Asturias","description":"Hoy jueves el presidente del Principado de Asturias, Adri\u00e1n Barb\u00f3n, ha realizado una visita al concejo de Ribadedeva, donde ha presidido la reuni\u00f3n del Consejo de Gobierno y conocido las instalaciones de la empresa Zebra Design SD El Presidente estuvo acomapa\u00f1ado entre otras personas por la concejala de Ribadedeva Sara Gil; la concejala de Cultura,","inLanguage":"es-ES","isPartOf":{"@id":"https:\/\/eldigitaldeasturias.com\/radio\/#website"},"breadcrumb":{"@id":"https:\/\/eldigitaldeasturias.com\/radio\/reunion-del-consejo-de-gobierno-en-ribadedeva\/#breadcrumblist"},"author":{"@id":"https:\/\/eldigitaldeasturias.com\/radio\/author\/nbasturias\/#author"},"creator":{"@id":"https:\/\/eldigitaldeasturias.com\/radio\/author\/nbasturias\/#author"},"image":{"@type":"ImageObject","url":"https:\/\/eldigitaldeasturias.com\/radio\/wp-content\/uploads\/2020\/02\/Consejo-Principado.jpg","@id":"https:\/\/eldigitaldeasturias.com\/radio\/reunion-del-consejo-de-gobierno-en-ribadedeva\/#mainImage","width":680,"height":704,"caption":"Foto: Armando \u00c1lvarez"},"primaryImageOfPage":{"@id":"https:\/\/eldigitaldeasturias.com\/radio\/reunion-del-consejo-de-gobierno-en-ribadedeva\/#mainImage"},"datePublished":"2020-02-27T15:20:52+01:00","dateModified":"2020-02-27T15:20:52+01:00"},{"@type":"WebSite","@id":"https:\/\/eldigitaldeasturias.com\/radio\/#website","url":"https:\/\/eldigitaldeasturias.com\/radio\/","name":"El Digital de Asturias","description":"Diario de informaci\u00f3n y noticias","inLanguage":"es-ES","publisher":{"@id":"https:\/\/eldigitaldeasturias.com\/radio\/#organization"}}]},"og:locale":"es_ES","og:site_name":"El Digital de Asturias | Diario de informaci\u00f3n y noticias","og:type":"article","og:title":"Reuni\u00f3n del Consejo de Gobierno en Ribadedeva | El Digital de Asturias","og:description":"Hoy jueves el presidente del Principado de Asturias, Adri\u00e1n Barb\u00f3n, ha realizado una visita al concejo de Ribadedeva, donde ha presidido la reuni\u00f3n del Consejo de Gobierno y conocido las instalaciones de la empresa Zebra Design SD El Presidente estuvo acomapa\u00f1ado entre otras personas por la concejala de Ribadedeva Sara Gil; la concejala de Cultura,","og:url":"https:\/\/eldigitaldeasturias.com\/radio\/reunion-del-consejo-de-gobierno-en-ribadedeva\/","og:image":"https:\/\/eldigitaldeasturias.com\/radio\/wp-content\/uploads\/2020\/02\/Consejo-Principado.jpg","og:image:secure_url":"https:\/\/eldigitaldeasturias.com\/radio\/wp-content\/uploads\/2020\/02\/Consejo-Principado.jpg","og:image:width":680,"og:image:height":704,"article:published_time":"2020-02-27T15:20:52+00:00","article:modified_time":"2020-02-27T15:20:52+00:00","twitter:card":"summary_large_image","twitter:site":"@bercodi","twitter:title":"Reuni\u00f3n del Consejo de Gobierno en Ribadedeva | El Digital de Asturias","twitter:description":"Hoy jueves el presidente del Principado de Asturias, Adri\u00e1n Barb\u00f3n, ha realizado una visita al concejo de Ribadedeva, donde ha presidido la reuni\u00f3n del Consejo de Gobierno y conocido las instalaciones de la empresa Zebra Design SD El Presidente estuvo acomapa\u00f1ado entre otras personas por la concejala de Ribadedeva Sara Gil; la concejala de Cultura,","twitter:creator":"@bercodi","twitter:image":"https:\/\/eldigitaldeasturias.com\/radio\/wp-content\/uploads\/2020\/02\/Consejo-Principado.jpg"},"aioseo_meta_data":{"post_id":"4003","title":null,"description":null,"keywords":null,"keyphrases":null,"primary_term":null,"canonical_url":null,"og_title":null,"og_description":null,"og_object_type":"default","og_image_type":"default","og_image_url":null,"og_image_width":null,"og_image_height":null,"og_image_custom_url":null,"og_image_custom_fields":null,"og_video":null,"og_custom_url":null,"og_article_section":null,"og_article_tags":null,"twitter_use_og":false,"twitter_card":"default","twitter_image_type":"default","twitter_image_url":null,"twitter_image_custom_url":null,"twitter_image_custom_fields":null,"twitter_title":null,"twitter_description":null,"schema":{"blockGraphs":[],"customGraphs":[],"default":{"data":{"Article":[],"Course":[],"Dataset":[],"FAQPage":[],"Movie":[],"Person":[],"Product":[],"ProductReview":[],"Car":[],"Recipe":[],"Service":[],"SoftwareApplication":[],"WebPage":[]},"graphName":"","isEnabled":true},"graphs":[],"defaultGraph":"","defaultPostTypeGraph":""},"schema_type":null,"schema_type_options":null,"pillar_content":false,"robots_default":true,"robots_noindex":false,"robots_noarchive":false,"robots_nosnippet":false,"robots_nofollow":false,"robots_noimageindex":false,"robots_noodp":false,"robots_notranslate":false,"robots_max_snippet":null,"robots_max_videopreview":null,"robots_max_imagepreview":"large","priority":null,"frequency":null,"location":null,"local_seo":null,"seo_analyzer_scan_date":"2025-08-28 15:12:37","breadcrumb_settings":null,"limit_modified_date":false,"open_ai":null,"ai":null,"created":"2021-03-27 10:30:15","updated":"2025-08-28 15:12:37"},"aioseo_breadcrumb":"<div class=\"aioseo-breadcrumbs\"><span class=\"aioseo-breadcrumb\">\n\t<a href=\"https:\/\/eldigitaldeasturias.com\/radio\" title=\"Inicio\">Inicio<\/a>\n<\/span><span class=\"aioseo-breadcrumb-separator\">&ndash;<\/span><span class=\"aioseo-breadcrumb\">\n\t<a href=\"https:\/\/eldigitaldeasturias.com\/radio\/category\/noticias\/\" title=\"Noticias\">Noticias<\/a>\n<\/span><span class=\"aioseo-breadcrumb-separator\">&ndash;<\/span><span class=\"aioseo-breadcrumb\">\n\tReuni\u00f3n del Consejo de Gobierno en Ribadedeva\n<\/span><\/div>","aioseo_breadcrumb_json":[{"label":"Inicio","link":"https:\/\/eldigitaldeasturias.com\/radio"},{"label":"Noticias","link":"https:\/\/eldigitaldeasturias.com\/radio\/category\/noticias\/"},{"label":"Reuni\u00f3n del Consejo de Gobierno en Ribadedeva","link":"https:\/\/eldigitaldeasturias.com\/radio\/reunion-del-consejo-de-gobierno-en-ribadedeva\/"}],"_links":{"self":[{"href":"https:\/\/eldigitaldeasturias.com\/radio\/wp-json\/wp\/v2\/posts\/4003","targetHints":{"allow":["GET"]}}],"collection":[{"href":"https:\/\/eldigitaldeasturias.com\/radio\/wp-json\/wp\/v2\/posts"}],"about":[{"href":"https:\/\/eldigitaldeasturias.com\/radio\/wp-json\/wp\/v2\/types\/post"}],"author":[{"embeddable":true,"href":"https:\/\/eldigitaldeasturias.com\/radio\/wp-json\/wp\/v2\/users\/1"}],"replies":[{"embeddable":true,"href":"https:\/\/eldigitaldeasturias.com\/radio\/wp-json\/wp\/v2\/comments?post=4003"}],"version-history":[{"count":0,"href":"https:\/\/eldigitaldeasturias.com\/radio\/wp-json\/wp\/v2\/posts\/4003\/revisions"}],"wp:featuredmedia":[{"embeddable":true,"href":"https:\/\/eldigitaldeasturias.com\/radio\/wp-json\/wp\/v2\/media\/4004"}],"wp:attachment":[{"href":"https:\/\/eldigitaldeasturias.com\/radio\/wp-json\/wp\/v2\/media?parent=4003"}],"wp:term":[{"taxonomy":"category","embeddable":true,"href":"https:\/\/eldigitaldeasturias.com\/radio\/wp-json\/wp\/v2\/categories?post=4003"},{"taxonomy":"post_tag","embeddable":true,"href":"https:\/\/eldigitaldeasturias.com\/radio\/wp-json\/wp\/v2\/tags?post=4003"}],"curies":[{"name":"wp","href":"https:\/\/api.w.org\/{rel}","templated":true}]}}