{"id":4000,"date":"2020-02-27T15:16:08","date_gmt":"2020-02-27T15:16:08","guid":{"rendered":"http:\/\/www.eldigitaldeasturias.com\/radio\/?p=4000"},"modified":"2020-02-27T15:16:08","modified_gmt":"2020-02-27T15:16:08","slug":"el-legado-clarin-en-la-biblioteca-de-asturias","status":"publish","type":"post","link":"https:\/\/eldigitaldeasturias.com\/radio\/el-legado-clarin-en-la-biblioteca-de-asturias\/","title":{"rendered":"\u201cEl legado Clar\u00edn\u201d, en la Biblioteca de Asturias"},"content":{"rendered":"<p><img fetchpriority=\"high\" decoding=\"async\" class=\"alignleft size-medium wp-image-4001\" src=\"http:\/\/www.eldigitaldeasturias.com\/radio\/wp-content\/uploads\/2020\/02\/Legado-Clarin-Asturias-360x248.jpg\" alt=\"\" width=\"360\" height=\"248\" srcset=\"https:\/\/eldigitaldeasturias.com\/radio\/wp-content\/uploads\/2020\/02\/Legado-Clarin-Asturias-360x248.jpg 360w, https:\/\/eldigitaldeasturias.com\/radio\/wp-content\/uploads\/2020\/02\/Legado-Clarin-Asturias-1024x705.jpg 1024w, https:\/\/eldigitaldeasturias.com\/radio\/wp-content\/uploads\/2020\/02\/Legado-Clarin-Asturias-768x529.jpg 768w, https:\/\/eldigitaldeasturias.com\/radio\/wp-content\/uploads\/2020\/02\/Legado-Clarin-Asturias.jpg 1046w\" sizes=\"(max-width: 360px) 100vw, 360px\" \/>La consejera de Cultura, Pol\u00edtica Lling\u00fc\u00edstica y Turismo, Berta Pi\u00f1\u00e1n, ha participado en el acto de incorporaci\u00f3n al dep\u00f3sito Tolivar-Alas de la Biblioteca de Asturias de una primera edici\u00f3n de la obra Del sentimiento tr\u00e1gico de la vida, dedicada por el rector Miguel de Unamuno al rector Leopoldo Alas Arg\u00fcelles.<\/p>\n<p>El ejemplar fue sustra\u00eddo durante la Guerra Civil y recuperado y devuelto recientemente a los leg\u00edtimos propietarios por Pl\u00e1cido Arango, fallecido la pasada semana y cuyo recuerdo ha estado muy presente en las intervenciones de Pi\u00f1\u00e1n y Tolivar Alas.<\/p>\n<p>La consejera ha agradecido a la familia su generosidad y su disposici\u00f3n en poner al alcance de todos el denominado legado Clar\u00edn. Pi\u00f1\u00e1n ha calificado de \u00abextraordinaria historia de reconciliaci\u00f3n y de amor a la cultura\u00bb la que ha propiciado este nuevo dep\u00f3sito de la familia de Leopoldo Alas en la Biblioteca de Asturias.<\/p>\n","protected":false},"excerpt":{"rendered":"<p>La consejera de Cultura, Pol\u00edtica Lling\u00fc\u00edstica y Turismo, Berta Pi\u00f1\u00e1n, ha participado en el acto de incorporaci\u00f3n al dep\u00f3sito Tolivar-Alas de la Biblioteca de Asturias de una primera edici\u00f3n de la obra Del sentimiento tr\u00e1gico de la vida, dedicada por el rector Miguel de Unamuno al rector Leopoldo Alas Arg\u00fcelles. El ejemplar fue sustra\u00eddo durante<\/p>\n","protected":false},"author":1,"featured_media":4001,"comment_status":"closed","ping_status":"closed","sticky":false,"template":"","format":"standard","meta":{"footnotes":""},"categories":[1],"tags":[],"class_list":{"0":"post-4000","1":"post","2":"type-post","3":"status-publish","4":"format-standard","5":"has-post-thumbnail","7":"category-noticias"},"aioseo_notices":[],"aioseo_head":"\n\t\t<!-- All in One SEO Pro 4.9.6.2 - aioseo.com -->\n\t<meta name=\"description\" content=\"La consejera de Cultura, Pol\u00edtica Lling\u00fc\u00edstica y Turismo, Berta Pi\u00f1\u00e1n, ha participado en el acto de incorporaci\u00f3n al dep\u00f3sito Tolivar-Alas de la Biblioteca de Asturias de una primera edici\u00f3n de la obra Del sentimiento tr\u00e1gico de la vida, dedicada por el rector Miguel de Unamuno al rector Leopoldo Alas Arg\u00fcelles. El ejemplar fue sustra\u00eddo durante\" \/>\n\t<meta name=\"robots\" content=\"max-image-preview:large\" \/>\n\t<meta name=\"author\" content=\"NBAsturias\"\/>\n\t<meta name=\"google-site-verification\" content=\"UA-38556648-1\" \/>\n\t<meta name=\"keywords\" content=\"noticias\" \/>\n\t<link rel=\"canonical\" href=\"https:\/\/eldigitaldeasturias.com\/radio\/el-legado-clarin-en-la-biblioteca-de-asturias\/\" \/>\n\t<meta name=\"generator\" content=\"All in One SEO Pro (AIOSEO) 4.9.6.2\" \/>\n\t\t<meta property=\"og:locale\" content=\"es_ES\" \/>\n\t\t<meta property=\"og:site_name\" content=\"El Digital de Asturias | Diario de informaci\u00f3n y noticias\" \/>\n\t\t<meta property=\"og:type\" content=\"article\" \/>\n\t\t<meta property=\"og:title\" content=\"\u201cEl legado Clar\u00edn\u201d, en la Biblioteca de Asturias | El Digital de Asturias\" \/>\n\t\t<meta property=\"og:description\" content=\"La consejera de Cultura, Pol\u00edtica Lling\u00fc\u00edstica y Turismo, Berta Pi\u00f1\u00e1n, ha participado en el acto de incorporaci\u00f3n al dep\u00f3sito Tolivar-Alas de la Biblioteca de Asturias de una primera edici\u00f3n de la obra Del sentimiento tr\u00e1gico de la vida, dedicada por el rector Miguel de Unamuno al rector Leopoldo Alas Arg\u00fcelles. El ejemplar fue sustra\u00eddo durante\" \/>\n\t\t<meta property=\"og:url\" content=\"https:\/\/eldigitaldeasturias.com\/radio\/el-legado-clarin-en-la-biblioteca-de-asturias\/\" \/>\n\t\t<meta property=\"og:image\" content=\"https:\/\/eldigitaldeasturias.com\/radio\/wp-content\/uploads\/2020\/02\/Legado-Clarin-Asturias.jpg\" \/>\n\t\t<meta property=\"og:image:secure_url\" content=\"https:\/\/eldigitaldeasturias.com\/radio\/wp-content\/uploads\/2020\/02\/Legado-Clarin-Asturias.jpg\" \/>\n\t\t<meta property=\"og:image:width\" content=\"1046\" \/>\n\t\t<meta property=\"og:image:height\" content=\"720\" \/>\n\t\t<meta property=\"article:published_time\" content=\"2020-02-27T15:16:08+00:00\" \/>\n\t\t<meta property=\"article:modified_time\" content=\"2020-02-27T15:16:08+00:00\" \/>\n\t\t<meta name=\"twitter:card\" content=\"summary_large_image\" \/>\n\t\t<meta name=\"twitter:site\" content=\"@bercodi\" \/>\n\t\t<meta name=\"twitter:title\" content=\"\u201cEl legado Clar\u00edn\u201d, en la Biblioteca de Asturias | El Digital de Asturias\" \/>\n\t\t<meta name=\"twitter:description\" content=\"La consejera de Cultura, Pol\u00edtica Lling\u00fc\u00edstica y Turismo, Berta Pi\u00f1\u00e1n, ha participado en el acto de incorporaci\u00f3n al dep\u00f3sito Tolivar-Alas de la Biblioteca de Asturias de una primera edici\u00f3n de la obra Del sentimiento tr\u00e1gico de la vida, dedicada por el rector Miguel de Unamuno al rector Leopoldo Alas Arg\u00fcelles. El ejemplar fue sustra\u00eddo durante\" \/>\n\t\t<meta name=\"twitter:creator\" content=\"@bercodi\" \/>\n\t\t<meta name=\"twitter:image\" content=\"https:\/\/eldigitaldeasturias.com\/radio\/wp-content\/uploads\/2020\/02\/Legado-Clarin-Asturias.jpg\" \/>\n\t\t<script type=\"application\/ld+json\" class=\"aioseo-schema\">\n\t\t\t{\"@context\":\"https:\\\/\\\/schema.org\",\"@graph\":[{\"@type\":\"BreadcrumbList\",\"@id\":\"https:\\\/\\\/eldigitaldeasturias.com\\\/radio\\\/el-legado-clarin-en-la-biblioteca-de-asturias\\\/#breadcrumblist\",\"itemListElement\":[{\"@type\":\"ListItem\",\"@id\":\"https:\\\/\\\/eldigitaldeasturias.com\\\/radio#listItem\",\"position\":1,\"name\":\"Inicio\",\"item\":\"https:\\\/\\\/eldigitaldeasturias.com\\\/radio\",\"nextItem\":{\"@type\":\"ListItem\",\"@id\":\"https:\\\/\\\/eldigitaldeasturias.com\\\/radio\\\/category\\\/noticias\\\/#listItem\",\"name\":\"Noticias\"}},{\"@type\":\"ListItem\",\"@id\":\"https:\\\/\\\/eldigitaldeasturias.com\\\/radio\\\/category\\\/noticias\\\/#listItem\",\"position\":2,\"name\":\"Noticias\",\"item\":\"https:\\\/\\\/eldigitaldeasturias.com\\\/radio\\\/category\\\/noticias\\\/\",\"nextItem\":{\"@type\":\"ListItem\",\"@id\":\"https:\\\/\\\/eldigitaldeasturias.com\\\/radio\\\/el-legado-clarin-en-la-biblioteca-de-asturias\\\/#listItem\",\"name\":\"\\u201cEl legado Clar\\u00edn\\u201d, en la Biblioteca de Asturias\"},\"previousItem\":{\"@type\":\"ListItem\",\"@id\":\"https:\\\/\\\/eldigitaldeasturias.com\\\/radio#listItem\",\"name\":\"Inicio\"}},{\"@type\":\"ListItem\",\"@id\":\"https:\\\/\\\/eldigitaldeasturias.com\\\/radio\\\/el-legado-clarin-en-la-biblioteca-de-asturias\\\/#listItem\",\"position\":3,\"name\":\"\\u201cEl legado Clar\\u00edn\\u201d, en la Biblioteca de Asturias\",\"previousItem\":{\"@type\":\"ListItem\",\"@id\":\"https:\\\/\\\/eldigitaldeasturias.com\\\/radio\\\/category\\\/noticias\\\/#listItem\",\"name\":\"Noticias\"}}]},{\"@type\":\"NewsArticle\",\"@id\":\"https:\\\/\\\/eldigitaldeasturias.com\\\/radio\\\/el-legado-clarin-en-la-biblioteca-de-asturias\\\/#newsarticle\",\"name\":\"\\u201cEl legado Clar\\u00edn\\u201d, en la Biblioteca de Asturias | El Digital de Asturias\",\"headline\":\"\\u201cEl legado Clar\\u00edn\\u201d, en la Biblioteca de Asturias\",\"author\":{\"@id\":\"https:\\\/\\\/eldigitaldeasturias.com\\\/radio\\\/author\\\/nbasturias\\\/#author\"},\"publisher\":{\"@id\":\"https:\\\/\\\/eldigitaldeasturias.com\\\/radio\\\/#organization\"},\"image\":{\"@type\":\"ImageObject\",\"url\":\"https:\\\/\\\/eldigitaldeasturias.com\\\/radio\\\/wp-content\\\/uploads\\\/2020\\\/02\\\/Legado-Clarin-Asturias.jpg\",\"width\":1046,\"height\":720},\"datePublished\":\"2020-02-27T15:16:08+01:00\",\"dateModified\":\"2020-02-27T15:16:08+01:00\",\"inLanguage\":\"es-ES\",\"mainEntityOfPage\":{\"@id\":\"https:\\\/\\\/eldigitaldeasturias.com\\\/radio\\\/el-legado-clarin-en-la-biblioteca-de-asturias\\\/#webpage\"},\"isPartOf\":{\"@id\":\"https:\\\/\\\/eldigitaldeasturias.com\\\/radio\\\/el-legado-clarin-en-la-biblioteca-de-asturias\\\/#webpage\"},\"articleSection\":\"Noticias\",\"dateline\":\"Publicado el febrero 27, 2020.\"},{\"@type\":\"Organization\",\"@id\":\"https:\\\/\\\/eldigitaldeasturias.com\\\/radio\\\/#organization\",\"name\":\"El digital de Asturias Radio\",\"description\":\"Diario de informaci\\u00f3n y noticias\",\"url\":\"https:\\\/\\\/eldigitaldeasturias.com\\\/radio\\\/\",\"telephone\":\"+34652131393\",\"logo\":{\"@type\":\"ImageObject\",\"url\":\"https:\\\/\\\/www.eldigitaldeasturias.com\\\/radio\\\/wp-content\\\/uploads\\\/2021\\\/03\\\/EDA.jpg\",\"@id\":\"https:\\\/\\\/eldigitaldeasturias.com\\\/radio\\\/el-legado-clarin-en-la-biblioteca-de-asturias\\\/#organizationLogo\"},\"image\":{\"@id\":\"https:\\\/\\\/eldigitaldeasturias.com\\\/radio\\\/el-legado-clarin-en-la-biblioteca-de-asturias\\\/#organizationLogo\"},\"sameAs\":[\"https:\\\/\\\/www.facebook.com\\\/\",\"https:\\\/\\\/x.com\\\/bercodi\",\"https:\\\/\\\/www.instagram.com\\\/\",\"https:\\\/\\\/www.youtube.com\\\/channel\\\/UCZP-2wLEB9Rv6erhFmqVnvg\"]},{\"@type\":\"Person\",\"@id\":\"https:\\\/\\\/eldigitaldeasturias.com\\\/radio\\\/author\\\/nbasturias\\\/#author\",\"url\":\"https:\\\/\\\/eldigitaldeasturias.com\\\/radio\\\/author\\\/nbasturias\\\/\",\"name\":\"NBAsturias\",\"image\":{\"@type\":\"ImageObject\",\"@id\":\"https:\\\/\\\/eldigitaldeasturias.com\\\/radio\\\/el-legado-clarin-en-la-biblioteca-de-asturias\\\/#authorImage\",\"url\":\"https:\\\/\\\/secure.gravatar.com\\\/avatar\\\/df2aeffc32bcd13f8d26072ef8a91b623d677766deac7f97ca815868cd41bf5e?s=96&d=mm&r=g\",\"width\":96,\"height\":96,\"caption\":\"NBAsturias\"}},{\"@type\":\"WebPage\",\"@id\":\"https:\\\/\\\/eldigitaldeasturias.com\\\/radio\\\/el-legado-clarin-en-la-biblioteca-de-asturias\\\/#webpage\",\"url\":\"https:\\\/\\\/eldigitaldeasturias.com\\\/radio\\\/el-legado-clarin-en-la-biblioteca-de-asturias\\\/\",\"name\":\"\\u201cEl legado Clar\\u00edn\\u201d, en la Biblioteca de Asturias | El Digital de Asturias\",\"description\":\"La consejera de Cultura, Pol\\u00edtica Lling\\u00fc\\u00edstica y Turismo, Berta Pi\\u00f1\\u00e1n, ha participado en el acto de incorporaci\\u00f3n al dep\\u00f3sito Tolivar-Alas de la Biblioteca de Asturias de una primera edici\\u00f3n de la obra Del sentimiento tr\\u00e1gico de la vida, dedicada por el rector Miguel de Unamuno al rector Leopoldo Alas Arg\\u00fcelles. El ejemplar fue sustra\\u00eddo durante\",\"inLanguage\":\"es-ES\",\"isPartOf\":{\"@id\":\"https:\\\/\\\/eldigitaldeasturias.com\\\/radio\\\/#website\"},\"breadcrumb\":{\"@id\":\"https:\\\/\\\/eldigitaldeasturias.com\\\/radio\\\/el-legado-clarin-en-la-biblioteca-de-asturias\\\/#breadcrumblist\"},\"author\":{\"@id\":\"https:\\\/\\\/eldigitaldeasturias.com\\\/radio\\\/author\\\/nbasturias\\\/#author\"},\"creator\":{\"@id\":\"https:\\\/\\\/eldigitaldeasturias.com\\\/radio\\\/author\\\/nbasturias\\\/#author\"},\"image\":{\"@type\":\"ImageObject\",\"url\":\"https:\\\/\\\/eldigitaldeasturias.com\\\/radio\\\/wp-content\\\/uploads\\\/2020\\\/02\\\/Legado-Clarin-Asturias.jpg\",\"@id\":\"https:\\\/\\\/eldigitaldeasturias.com\\\/radio\\\/el-legado-clarin-en-la-biblioteca-de-asturias\\\/#mainImage\",\"width\":1046,\"height\":720},\"primaryImageOfPage\":{\"@id\":\"https:\\\/\\\/eldigitaldeasturias.com\\\/radio\\\/el-legado-clarin-en-la-biblioteca-de-asturias\\\/#mainImage\"},\"datePublished\":\"2020-02-27T15:16:08+01:00\",\"dateModified\":\"2020-02-27T15:16:08+01:00\"},{\"@type\":\"WebSite\",\"@id\":\"https:\\\/\\\/eldigitaldeasturias.com\\\/radio\\\/#website\",\"url\":\"https:\\\/\\\/eldigitaldeasturias.com\\\/radio\\\/\",\"name\":\"El Digital de Asturias\",\"description\":\"Diario de informaci\\u00f3n y noticias\",\"inLanguage\":\"es-ES\",\"publisher\":{\"@id\":\"https:\\\/\\\/eldigitaldeasturias.com\\\/radio\\\/#organization\"}}]}\n\t\t<\/script>\n\t\t<!-- All in One SEO Pro -->\r\n\t\t<title>\u201cEl legado Clar\u00edn\u201d, en la Biblioteca de Asturias | El Digital de Asturias<\/title>\n\n","aioseo_head_json":{"title":"\u201cEl legado Clar\u00edn\u201d, en la Biblioteca de Asturias | El Digital de Asturias","description":"La consejera de Cultura, Pol\u00edtica Lling\u00fc\u00edstica y Turismo, Berta Pi\u00f1\u00e1n, ha participado en el acto de incorporaci\u00f3n al dep\u00f3sito Tolivar-Alas de la Biblioteca de Asturias de una primera edici\u00f3n de la obra Del sentimiento tr\u00e1gico de la vida, dedicada por el rector Miguel de Unamuno al rector Leopoldo Alas Arg\u00fcelles. El ejemplar fue sustra\u00eddo durante","canonical_url":"https:\/\/eldigitaldeasturias.com\/radio\/el-legado-clarin-en-la-biblioteca-de-asturias\/","robots":"max-image-preview:large","keywords":"noticias","webmasterTools":{"google-site-verification":"UA-38556648-1","miscellaneous":""},"schema":{"@context":"https:\/\/schema.org","@graph":[{"@type":"BreadcrumbList","@id":"https:\/\/eldigitaldeasturias.com\/radio\/el-legado-clarin-en-la-biblioteca-de-asturias\/#breadcrumblist","itemListElement":[{"@type":"ListItem","@id":"https:\/\/eldigitaldeasturias.com\/radio#listItem","position":1,"name":"Inicio","item":"https:\/\/eldigitaldeasturias.com\/radio","nextItem":{"@type":"ListItem","@id":"https:\/\/eldigitaldeasturias.com\/radio\/category\/noticias\/#listItem","name":"Noticias"}},{"@type":"ListItem","@id":"https:\/\/eldigitaldeasturias.com\/radio\/category\/noticias\/#listItem","position":2,"name":"Noticias","item":"https:\/\/eldigitaldeasturias.com\/radio\/category\/noticias\/","nextItem":{"@type":"ListItem","@id":"https:\/\/eldigitaldeasturias.com\/radio\/el-legado-clarin-en-la-biblioteca-de-asturias\/#listItem","name":"\u201cEl legado Clar\u00edn\u201d, en la Biblioteca de Asturias"},"previousItem":{"@type":"ListItem","@id":"https:\/\/eldigitaldeasturias.com\/radio#listItem","name":"Inicio"}},{"@type":"ListItem","@id":"https:\/\/eldigitaldeasturias.com\/radio\/el-legado-clarin-en-la-biblioteca-de-asturias\/#listItem","position":3,"name":"\u201cEl legado Clar\u00edn\u201d, en la Biblioteca de Asturias","previousItem":{"@type":"ListItem","@id":"https:\/\/eldigitaldeasturias.com\/radio\/category\/noticias\/#listItem","name":"Noticias"}}]},{"@type":"NewsArticle","@id":"https:\/\/eldigitaldeasturias.com\/radio\/el-legado-clarin-en-la-biblioteca-de-asturias\/#newsarticle","name":"\u201cEl legado Clar\u00edn\u201d, en la Biblioteca de Asturias | El Digital de Asturias","headline":"\u201cEl legado Clar\u00edn\u201d, en la Biblioteca de Asturias","author":{"@id":"https:\/\/eldigitaldeasturias.com\/radio\/author\/nbasturias\/#author"},"publisher":{"@id":"https:\/\/eldigitaldeasturias.com\/radio\/#organization"},"image":{"@type":"ImageObject","url":"https:\/\/eldigitaldeasturias.com\/radio\/wp-content\/uploads\/2020\/02\/Legado-Clarin-Asturias.jpg","width":1046,"height":720},"datePublished":"2020-02-27T15:16:08+01:00","dateModified":"2020-02-27T15:16:08+01:00","inLanguage":"es-ES","mainEntityOfPage":{"@id":"https:\/\/eldigitaldeasturias.com\/radio\/el-legado-clarin-en-la-biblioteca-de-asturias\/#webpage"},"isPartOf":{"@id":"https:\/\/eldigitaldeasturias.com\/radio\/el-legado-clarin-en-la-biblioteca-de-asturias\/#webpage"},"articleSection":"Noticias","dateline":"Publicado el febrero 27, 2020."},{"@type":"Organization","@id":"https:\/\/eldigitaldeasturias.com\/radio\/#organization","name":"El digital de Asturias Radio","description":"Diario de informaci\u00f3n y noticias","url":"https:\/\/eldigitaldeasturias.com\/radio\/","telephone":"+34652131393","logo":{"@type":"ImageObject","url":"https:\/\/www.eldigitaldeasturias.com\/radio\/wp-content\/uploads\/2021\/03\/EDA.jpg","@id":"https:\/\/eldigitaldeasturias.com\/radio\/el-legado-clarin-en-la-biblioteca-de-asturias\/#organizationLogo"},"image":{"@id":"https:\/\/eldigitaldeasturias.com\/radio\/el-legado-clarin-en-la-biblioteca-de-asturias\/#organizationLogo"},"sameAs":["https:\/\/www.facebook.com\/","https:\/\/x.com\/bercodi","https:\/\/www.instagram.com\/","https:\/\/www.youtube.com\/channel\/UCZP-2wLEB9Rv6erhFmqVnvg"]},{"@type":"Person","@id":"https:\/\/eldigitaldeasturias.com\/radio\/author\/nbasturias\/#author","url":"https:\/\/eldigitaldeasturias.com\/radio\/author\/nbasturias\/","name":"NBAsturias","image":{"@type":"ImageObject","@id":"https:\/\/eldigitaldeasturias.com\/radio\/el-legado-clarin-en-la-biblioteca-de-asturias\/#authorImage","url":"https:\/\/secure.gravatar.com\/avatar\/df2aeffc32bcd13f8d26072ef8a91b623d677766deac7f97ca815868cd41bf5e?s=96&d=mm&r=g","width":96,"height":96,"caption":"NBAsturias"}},{"@type":"WebPage","@id":"https:\/\/eldigitaldeasturias.com\/radio\/el-legado-clarin-en-la-biblioteca-de-asturias\/#webpage","url":"https:\/\/eldigitaldeasturias.com\/radio\/el-legado-clarin-en-la-biblioteca-de-asturias\/","name":"\u201cEl legado Clar\u00edn\u201d, en la Biblioteca de Asturias | El Digital de Asturias","description":"La consejera de Cultura, Pol\u00edtica Lling\u00fc\u00edstica y Turismo, Berta Pi\u00f1\u00e1n, ha participado en el acto de incorporaci\u00f3n al dep\u00f3sito Tolivar-Alas de la Biblioteca de Asturias de una primera edici\u00f3n de la obra Del sentimiento tr\u00e1gico de la vida, dedicada por el rector Miguel de Unamuno al rector Leopoldo Alas Arg\u00fcelles. El ejemplar fue sustra\u00eddo durante","inLanguage":"es-ES","isPartOf":{"@id":"https:\/\/eldigitaldeasturias.com\/radio\/#website"},"breadcrumb":{"@id":"https:\/\/eldigitaldeasturias.com\/radio\/el-legado-clarin-en-la-biblioteca-de-asturias\/#breadcrumblist"},"author":{"@id":"https:\/\/eldigitaldeasturias.com\/radio\/author\/nbasturias\/#author"},"creator":{"@id":"https:\/\/eldigitaldeasturias.com\/radio\/author\/nbasturias\/#author"},"image":{"@type":"ImageObject","url":"https:\/\/eldigitaldeasturias.com\/radio\/wp-content\/uploads\/2020\/02\/Legado-Clarin-Asturias.jpg","@id":"https:\/\/eldigitaldeasturias.com\/radio\/el-legado-clarin-en-la-biblioteca-de-asturias\/#mainImage","width":1046,"height":720},"primaryImageOfPage":{"@id":"https:\/\/eldigitaldeasturias.com\/radio\/el-legado-clarin-en-la-biblioteca-de-asturias\/#mainImage"},"datePublished":"2020-02-27T15:16:08+01:00","dateModified":"2020-02-27T15:16:08+01:00"},{"@type":"WebSite","@id":"https:\/\/eldigitaldeasturias.com\/radio\/#website","url":"https:\/\/eldigitaldeasturias.com\/radio\/","name":"El Digital de Asturias","description":"Diario de informaci\u00f3n y noticias","inLanguage":"es-ES","publisher":{"@id":"https:\/\/eldigitaldeasturias.com\/radio\/#organization"}}]},"og:locale":"es_ES","og:site_name":"El Digital de Asturias | Diario de informaci\u00f3n y noticias","og:type":"article","og:title":"\u201cEl legado Clar\u00edn\u201d, en la Biblioteca de Asturias | El Digital de Asturias","og:description":"La consejera de Cultura, Pol\u00edtica Lling\u00fc\u00edstica y Turismo, Berta Pi\u00f1\u00e1n, ha participado en el acto de incorporaci\u00f3n al dep\u00f3sito Tolivar-Alas de la Biblioteca de Asturias de una primera edici\u00f3n de la obra Del sentimiento tr\u00e1gico de la vida, dedicada por el rector Miguel de Unamuno al rector Leopoldo Alas Arg\u00fcelles. El ejemplar fue sustra\u00eddo durante","og:url":"https:\/\/eldigitaldeasturias.com\/radio\/el-legado-clarin-en-la-biblioteca-de-asturias\/","og:image":"https:\/\/eldigitaldeasturias.com\/radio\/wp-content\/uploads\/2020\/02\/Legado-Clarin-Asturias.jpg","og:image:secure_url":"https:\/\/eldigitaldeasturias.com\/radio\/wp-content\/uploads\/2020\/02\/Legado-Clarin-Asturias.jpg","og:image:width":1046,"og:image:height":720,"article:published_time":"2020-02-27T15:16:08+00:00","article:modified_time":"2020-02-27T15:16:08+00:00","twitter:card":"summary_large_image","twitter:site":"@bercodi","twitter:title":"\u201cEl legado Clar\u00edn\u201d, en la Biblioteca de Asturias | El Digital de Asturias","twitter:description":"La consejera de Cultura, Pol\u00edtica Lling\u00fc\u00edstica y Turismo, Berta Pi\u00f1\u00e1n, ha participado en el acto de incorporaci\u00f3n al dep\u00f3sito Tolivar-Alas de la Biblioteca de Asturias de una primera edici\u00f3n de la obra Del sentimiento tr\u00e1gico de la vida, dedicada por el rector Miguel de Unamuno al rector Leopoldo Alas Arg\u00fcelles. El ejemplar fue sustra\u00eddo durante","twitter:creator":"@bercodi","twitter:image":"https:\/\/eldigitaldeasturias.com\/radio\/wp-content\/uploads\/2020\/02\/Legado-Clarin-Asturias.jpg"},"aioseo_meta_data":{"post_id":"4000","title":null,"description":null,"keywords":null,"keyphrases":null,"primary_term":null,"canonical_url":null,"og_title":null,"og_description":null,"og_object_type":"default","og_image_type":"default","og_image_url":null,"og_image_width":null,"og_image_height":null,"og_image_custom_url":null,"og_image_custom_fields":null,"og_video":null,"og_custom_url":null,"og_article_section":null,"og_article_tags":null,"twitter_use_og":false,"twitter_card":"default","twitter_image_type":"default","twitter_image_url":null,"twitter_image_custom_url":null,"twitter_image_custom_fields":null,"twitter_title":null,"twitter_description":null,"schema":{"blockGraphs":[],"customGraphs":[],"default":{"data":{"Article":[],"Course":[],"Dataset":[],"FAQPage":[],"Movie":[],"Person":[],"Product":[],"ProductReview":[],"Car":[],"Recipe":[],"Service":[],"SoftwareApplication":[],"WebPage":[]},"graphName":"","isEnabled":true},"graphs":[],"defaultGraph":"","defaultPostTypeGraph":""},"schema_type":null,"schema_type_options":null,"pillar_content":false,"robots_default":true,"robots_noindex":false,"robots_noarchive":false,"robots_nosnippet":false,"robots_nofollow":false,"robots_noimageindex":false,"robots_noodp":false,"robots_notranslate":false,"robots_max_snippet":null,"robots_max_videopreview":null,"robots_max_imagepreview":"large","priority":null,"frequency":null,"location":null,"local_seo":null,"seo_analyzer_scan_date":"2025-08-28 15:12:36","breadcrumb_settings":null,"limit_modified_date":false,"open_ai":null,"ai":null,"created":"2021-03-27 10:30:15","updated":"2025-08-28 15:12:36"},"aioseo_breadcrumb":"<div class=\"aioseo-breadcrumbs\"><span class=\"aioseo-breadcrumb\">\n\t<a href=\"https:\/\/eldigitaldeasturias.com\/radio\" title=\"Inicio\">Inicio<\/a>\n<\/span><span class=\"aioseo-breadcrumb-separator\">&ndash;<\/span><span class=\"aioseo-breadcrumb\">\n\t<a href=\"https:\/\/eldigitaldeasturias.com\/radio\/category\/noticias\/\" title=\"Noticias\">Noticias<\/a>\n<\/span><span class=\"aioseo-breadcrumb-separator\">&ndash;<\/span><span class=\"aioseo-breadcrumb\">\n\t\u201cEl legado Clar\u00edn\u201d, en la Biblioteca de Asturias\n<\/span><\/div>","aioseo_breadcrumb_json":[{"label":"Inicio","link":"https:\/\/eldigitaldeasturias.com\/radio"},{"label":"Noticias","link":"https:\/\/eldigitaldeasturias.com\/radio\/category\/noticias\/"},{"label":"\u201cEl legado Clar\u00edn\u201d, en la Biblioteca de Asturias","link":"https:\/\/eldigitaldeasturias.com\/radio\/el-legado-clarin-en-la-biblioteca-de-asturias\/"}],"_links":{"self":[{"href":"https:\/\/eldigitaldeasturias.com\/radio\/wp-json\/wp\/v2\/posts\/4000","targetHints":{"allow":["GET"]}}],"collection":[{"href":"https:\/\/eldigitaldeasturias.com\/radio\/wp-json\/wp\/v2\/posts"}],"about":[{"href":"https:\/\/eldigitaldeasturias.com\/radio\/wp-json\/wp\/v2\/types\/post"}],"author":[{"embeddable":true,"href":"https:\/\/eldigitaldeasturias.com\/radio\/wp-json\/wp\/v2\/users\/1"}],"replies":[{"embeddable":true,"href":"https:\/\/eldigitaldeasturias.com\/radio\/wp-json\/wp\/v2\/comments?post=4000"}],"version-history":[{"count":0,"href":"https:\/\/eldigitaldeasturias.com\/radio\/wp-json\/wp\/v2\/posts\/4000\/revisions"}],"wp:featuredmedia":[{"embeddable":true,"href":"https:\/\/eldigitaldeasturias.com\/radio\/wp-json\/wp\/v2\/media\/4001"}],"wp:attachment":[{"href":"https:\/\/eldigitaldeasturias.com\/radio\/wp-json\/wp\/v2\/media?parent=4000"}],"wp:term":[{"taxonomy":"category","embeddable":true,"href":"https:\/\/eldigitaldeasturias.com\/radio\/wp-json\/wp\/v2\/categories?post=4000"},{"taxonomy":"post_tag","embeddable":true,"href":"https:\/\/eldigitaldeasturias.com\/radio\/wp-json\/wp\/v2\/tags?post=4000"}],"curies":[{"name":"wp","href":"https:\/\/api.w.org\/{rel}","templated":true}]}}