{"id":3969,"date":"2020-02-13T11:51:45","date_gmt":"2020-02-13T11:51:45","guid":{"rendered":"http:\/\/www.eldigitaldeasturias.com\/radio\/?p=3969"},"modified":"2020-02-13T11:51:45","modified_gmt":"2020-02-13T11:51:45","slug":"inflacion-en-alemania-trepa-al-17-por-ciento-en-enero","status":"publish","type":"post","link":"https:\/\/eldigitaldeasturias.com\/radio\/inflacion-en-alemania-trepa-al-17-por-ciento-en-enero\/","title":{"rendered":"Inflaci\u00f3n en Alemania trepa al 1,7 por ciento en enero"},"content":{"rendered":"<p>Wiesbaden (Alemania), 13 feb (dpa) &#8211; Los precios al consumidor en Alemania volvieron a aumentar en el mes de enero, un 1,7 por ciento interanual, comunic\u00f3 hoy la Oficina Federal de Estad\u00edstica (Destatis) confirmando estimaciones preliminares.<\/p>\n<p>El incremento se debi\u00f3 fundamentalmente al encarecimiento de la energ\u00eda, precisa un comunicado de la entidad.<\/p>\n<p>En diciembre de 2019 la tasa de inflaci\u00f3n se ubic\u00f3 en el 1,5 por ciento y en noviembre en el 1,1 por ciento. En comparaci\u00f3n con el mes de diciembre, los precios al consumidor cayeron un 0,6 por ciento.<\/p>\n","protected":false},"excerpt":{"rendered":"<p>Wiesbaden (Alemania), 13 feb (dpa) &#8211; Los precios al consumidor en Alemania volvieron a aumentar en el mes de enero, un 1,7 por ciento interanual, comunic\u00f3 hoy la Oficina Federal de Estad\u00edstica (Destatis) confirmando estimaciones preliminares. El incremento se debi\u00f3 fundamentalmente al encarecimiento de la energ\u00eda, precisa un comunicado de la entidad. En diciembre de<\/p>\n","protected":false},"author":1,"featured_media":1471,"comment_status":"closed","ping_status":"closed","sticky":false,"template":"","format":"standard","meta":{"footnotes":""},"categories":[1],"tags":[],"class_list":{"0":"post-3969","1":"post","2":"type-post","3":"status-publish","4":"format-standard","5":"has-post-thumbnail","7":"category-noticias"},"aioseo_notices":[],"aioseo_head":"\n\t\t<!-- All in One SEO Pro 4.9.6.2 - aioseo.com -->\n\t<meta name=\"description\" content=\"Wiesbaden (Alemania), 13 feb (dpa) - Los precios al consumidor en Alemania volvieron a aumentar en el mes de enero, un 1,7 por ciento interanual, comunic\u00f3 hoy la Oficina Federal de Estad\u00edstica (Destatis) confirmando estimaciones preliminares. El incremento se debi\u00f3 fundamentalmente al encarecimiento de la energ\u00eda, precisa un comunicado de la entidad. En diciembre de\" \/>\n\t<meta name=\"robots\" content=\"max-image-preview:large\" \/>\n\t<meta name=\"author\" content=\"NBAsturias\"\/>\n\t<meta name=\"google-site-verification\" content=\"UA-38556648-1\" \/>\n\t<meta name=\"keywords\" content=\"noticias\" \/>\n\t<link rel=\"canonical\" href=\"https:\/\/eldigitaldeasturias.com\/radio\/inflacion-en-alemania-trepa-al-17-por-ciento-en-enero\/\" \/>\n\t<meta name=\"generator\" content=\"All in One SEO Pro (AIOSEO) 4.9.6.2\" \/>\n\t\t<meta property=\"og:locale\" content=\"es_ES\" \/>\n\t\t<meta property=\"og:site_name\" content=\"El Digital de Asturias | Diario de informaci\u00f3n y noticias\" \/>\n\t\t<meta property=\"og:type\" content=\"article\" \/>\n\t\t<meta property=\"og:title\" content=\"Inflaci\u00f3n en Alemania trepa al 1,7 por ciento en enero | El Digital de Asturias\" \/>\n\t\t<meta property=\"og:description\" content=\"Wiesbaden (Alemania), 13 feb (dpa) - Los precios al consumidor en Alemania volvieron a aumentar en el mes de enero, un 1,7 por ciento interanual, comunic\u00f3 hoy la Oficina Federal de Estad\u00edstica (Destatis) confirmando estimaciones preliminares. El incremento se debi\u00f3 fundamentalmente al encarecimiento de la energ\u00eda, precisa un comunicado de la entidad. En diciembre de\" \/>\n\t\t<meta property=\"og:url\" content=\"https:\/\/eldigitaldeasturias.com\/radio\/inflacion-en-alemania-trepa-al-17-por-ciento-en-enero\/\" \/>\n\t\t<meta property=\"og:image\" content=\"https:\/\/eldigitaldeasturias.com\/radio\/wp-content\/uploads\/2018\/10\/money-1005477_960_720.jpg\" \/>\n\t\t<meta property=\"og:image:secure_url\" content=\"https:\/\/eldigitaldeasturias.com\/radio\/wp-content\/uploads\/2018\/10\/money-1005477_960_720.jpg\" \/>\n\t\t<meta property=\"og:image:width\" content=\"960\" \/>\n\t\t<meta property=\"og:image:height\" content=\"640\" \/>\n\t\t<meta property=\"article:published_time\" content=\"2020-02-13T11:51:45+00:00\" \/>\n\t\t<meta property=\"article:modified_time\" content=\"2020-02-13T11:51:45+00:00\" \/>\n\t\t<meta name=\"twitter:card\" content=\"summary_large_image\" \/>\n\t\t<meta name=\"twitter:site\" content=\"@bercodi\" \/>\n\t\t<meta name=\"twitter:title\" content=\"Inflaci\u00f3n en Alemania trepa al 1,7 por ciento en enero | El Digital de Asturias\" \/>\n\t\t<meta name=\"twitter:description\" content=\"Wiesbaden (Alemania), 13 feb (dpa) - Los precios al consumidor en Alemania volvieron a aumentar en el mes de enero, un 1,7 por ciento interanual, comunic\u00f3 hoy la Oficina Federal de Estad\u00edstica (Destatis) confirmando estimaciones preliminares. El incremento se debi\u00f3 fundamentalmente al encarecimiento de la energ\u00eda, precisa un comunicado de la entidad. En diciembre de\" \/>\n\t\t<meta name=\"twitter:creator\" content=\"@bercodi\" \/>\n\t\t<meta name=\"twitter:image\" content=\"https:\/\/eldigitaldeasturias.com\/radio\/wp-content\/uploads\/2018\/10\/money-1005477_960_720.jpg\" \/>\n\t\t<script type=\"application\/ld+json\" class=\"aioseo-schema\">\n\t\t\t{\"@context\":\"https:\\\/\\\/schema.org\",\"@graph\":[{\"@type\":\"BreadcrumbList\",\"@id\":\"https:\\\/\\\/eldigitaldeasturias.com\\\/radio\\\/inflacion-en-alemania-trepa-al-17-por-ciento-en-enero\\\/#breadcrumblist\",\"itemListElement\":[{\"@type\":\"ListItem\",\"@id\":\"https:\\\/\\\/eldigitaldeasturias.com\\\/radio#listItem\",\"position\":1,\"name\":\"Inicio\",\"item\":\"https:\\\/\\\/eldigitaldeasturias.com\\\/radio\",\"nextItem\":{\"@type\":\"ListItem\",\"@id\":\"https:\\\/\\\/eldigitaldeasturias.com\\\/radio\\\/category\\\/noticias\\\/#listItem\",\"name\":\"Noticias\"}},{\"@type\":\"ListItem\",\"@id\":\"https:\\\/\\\/eldigitaldeasturias.com\\\/radio\\\/category\\\/noticias\\\/#listItem\",\"position\":2,\"name\":\"Noticias\",\"item\":\"https:\\\/\\\/eldigitaldeasturias.com\\\/radio\\\/category\\\/noticias\\\/\",\"nextItem\":{\"@type\":\"ListItem\",\"@id\":\"https:\\\/\\\/eldigitaldeasturias.com\\\/radio\\\/inflacion-en-alemania-trepa-al-17-por-ciento-en-enero\\\/#listItem\",\"name\":\"Inflaci\\u00f3n en Alemania trepa al 1,7 por ciento en enero\"},\"previousItem\":{\"@type\":\"ListItem\",\"@id\":\"https:\\\/\\\/eldigitaldeasturias.com\\\/radio#listItem\",\"name\":\"Inicio\"}},{\"@type\":\"ListItem\",\"@id\":\"https:\\\/\\\/eldigitaldeasturias.com\\\/radio\\\/inflacion-en-alemania-trepa-al-17-por-ciento-en-enero\\\/#listItem\",\"position\":3,\"name\":\"Inflaci\\u00f3n en Alemania trepa al 1,7 por ciento en enero\",\"previousItem\":{\"@type\":\"ListItem\",\"@id\":\"https:\\\/\\\/eldigitaldeasturias.com\\\/radio\\\/category\\\/noticias\\\/#listItem\",\"name\":\"Noticias\"}}]},{\"@type\":\"NewsArticle\",\"@id\":\"https:\\\/\\\/eldigitaldeasturias.com\\\/radio\\\/inflacion-en-alemania-trepa-al-17-por-ciento-en-enero\\\/#newsarticle\",\"name\":\"Inflaci\\u00f3n en Alemania trepa al 1,7 por ciento en enero | El Digital de Asturias\",\"headline\":\"Inflaci\\u00f3n en Alemania trepa al 1,7 por ciento en enero\",\"author\":{\"@id\":\"https:\\\/\\\/eldigitaldeasturias.com\\\/radio\\\/author\\\/nbasturias\\\/#author\"},\"publisher\":{\"@id\":\"https:\\\/\\\/eldigitaldeasturias.com\\\/radio\\\/#organization\"},\"image\":{\"@type\":\"ImageObject\",\"url\":\"https:\\\/\\\/eldigitaldeasturias.com\\\/radio\\\/wp-content\\\/uploads\\\/2018\\\/10\\\/money-1005477_960_720.jpg\",\"width\":960,\"height\":640},\"datePublished\":\"2020-02-13T11:51:45+01:00\",\"dateModified\":\"2020-02-13T11:51:45+01:00\",\"inLanguage\":\"es-ES\",\"mainEntityOfPage\":{\"@id\":\"https:\\\/\\\/eldigitaldeasturias.com\\\/radio\\\/inflacion-en-alemania-trepa-al-17-por-ciento-en-enero\\\/#webpage\"},\"isPartOf\":{\"@id\":\"https:\\\/\\\/eldigitaldeasturias.com\\\/radio\\\/inflacion-en-alemania-trepa-al-17-por-ciento-en-enero\\\/#webpage\"},\"articleSection\":\"Noticias\",\"dateline\":\"Publicado el febrero 13, 2020.\"},{\"@type\":\"Organization\",\"@id\":\"https:\\\/\\\/eldigitaldeasturias.com\\\/radio\\\/#organization\",\"name\":\"El digital de Asturias Radio\",\"description\":\"Diario de informaci\\u00f3n y noticias\",\"url\":\"https:\\\/\\\/eldigitaldeasturias.com\\\/radio\\\/\",\"telephone\":\"+34652131393\",\"logo\":{\"@type\":\"ImageObject\",\"url\":\"https:\\\/\\\/www.eldigitaldeasturias.com\\\/radio\\\/wp-content\\\/uploads\\\/2021\\\/03\\\/EDA.jpg\",\"@id\":\"https:\\\/\\\/eldigitaldeasturias.com\\\/radio\\\/inflacion-en-alemania-trepa-al-17-por-ciento-en-enero\\\/#organizationLogo\"},\"image\":{\"@id\":\"https:\\\/\\\/eldigitaldeasturias.com\\\/radio\\\/inflacion-en-alemania-trepa-al-17-por-ciento-en-enero\\\/#organizationLogo\"},\"sameAs\":[\"https:\\\/\\\/www.facebook.com\\\/\",\"https:\\\/\\\/x.com\\\/bercodi\",\"https:\\\/\\\/www.instagram.com\\\/\",\"https:\\\/\\\/www.youtube.com\\\/channel\\\/UCZP-2wLEB9Rv6erhFmqVnvg\"]},{\"@type\":\"Person\",\"@id\":\"https:\\\/\\\/eldigitaldeasturias.com\\\/radio\\\/author\\\/nbasturias\\\/#author\",\"url\":\"https:\\\/\\\/eldigitaldeasturias.com\\\/radio\\\/author\\\/nbasturias\\\/\",\"name\":\"NBAsturias\",\"image\":{\"@type\":\"ImageObject\",\"@id\":\"https:\\\/\\\/eldigitaldeasturias.com\\\/radio\\\/inflacion-en-alemania-trepa-al-17-por-ciento-en-enero\\\/#authorImage\",\"url\":\"https:\\\/\\\/secure.gravatar.com\\\/avatar\\\/df2aeffc32bcd13f8d26072ef8a91b623d677766deac7f97ca815868cd41bf5e?s=96&d=mm&r=g\",\"width\":96,\"height\":96,\"caption\":\"NBAsturias\"}},{\"@type\":\"WebPage\",\"@id\":\"https:\\\/\\\/eldigitaldeasturias.com\\\/radio\\\/inflacion-en-alemania-trepa-al-17-por-ciento-en-enero\\\/#webpage\",\"url\":\"https:\\\/\\\/eldigitaldeasturias.com\\\/radio\\\/inflacion-en-alemania-trepa-al-17-por-ciento-en-enero\\\/\",\"name\":\"Inflaci\\u00f3n en Alemania trepa al 1,7 por ciento en enero | El Digital de Asturias\",\"description\":\"Wiesbaden (Alemania), 13 feb (dpa) - Los precios al consumidor en Alemania volvieron a aumentar en el mes de enero, un 1,7 por ciento interanual, comunic\\u00f3 hoy la Oficina Federal de Estad\\u00edstica (Destatis) confirmando estimaciones preliminares. El incremento se debi\\u00f3 fundamentalmente al encarecimiento de la energ\\u00eda, precisa un comunicado de la entidad. En diciembre de\",\"inLanguage\":\"es-ES\",\"isPartOf\":{\"@id\":\"https:\\\/\\\/eldigitaldeasturias.com\\\/radio\\\/#website\"},\"breadcrumb\":{\"@id\":\"https:\\\/\\\/eldigitaldeasturias.com\\\/radio\\\/inflacion-en-alemania-trepa-al-17-por-ciento-en-enero\\\/#breadcrumblist\"},\"author\":{\"@id\":\"https:\\\/\\\/eldigitaldeasturias.com\\\/radio\\\/author\\\/nbasturias\\\/#author\"},\"creator\":{\"@id\":\"https:\\\/\\\/eldigitaldeasturias.com\\\/radio\\\/author\\\/nbasturias\\\/#author\"},\"image\":{\"@type\":\"ImageObject\",\"url\":\"https:\\\/\\\/eldigitaldeasturias.com\\\/radio\\\/wp-content\\\/uploads\\\/2018\\\/10\\\/money-1005477_960_720.jpg\",\"@id\":\"https:\\\/\\\/eldigitaldeasturias.com\\\/radio\\\/inflacion-en-alemania-trepa-al-17-por-ciento-en-enero\\\/#mainImage\",\"width\":960,\"height\":640},\"primaryImageOfPage\":{\"@id\":\"https:\\\/\\\/eldigitaldeasturias.com\\\/radio\\\/inflacion-en-alemania-trepa-al-17-por-ciento-en-enero\\\/#mainImage\"},\"datePublished\":\"2020-02-13T11:51:45+01:00\",\"dateModified\":\"2020-02-13T11:51:45+01:00\"},{\"@type\":\"WebSite\",\"@id\":\"https:\\\/\\\/eldigitaldeasturias.com\\\/radio\\\/#website\",\"url\":\"https:\\\/\\\/eldigitaldeasturias.com\\\/radio\\\/\",\"name\":\"El Digital de Asturias\",\"description\":\"Diario de informaci\\u00f3n y noticias\",\"inLanguage\":\"es-ES\",\"publisher\":{\"@id\":\"https:\\\/\\\/eldigitaldeasturias.com\\\/radio\\\/#organization\"}}]}\n\t\t<\/script>\n\t\t<!-- All in One SEO Pro -->\r\n\t\t<title>Inflaci\u00f3n en Alemania trepa al 1,7 por ciento en enero | El Digital de Asturias<\/title>\n\n","aioseo_head_json":{"title":"Inflaci\u00f3n en Alemania trepa al 1,7 por ciento en enero | El Digital de Asturias","description":"Wiesbaden (Alemania), 13 feb (dpa) - Los precios al consumidor en Alemania volvieron a aumentar en el mes de enero, un 1,7 por ciento interanual, comunic\u00f3 hoy la Oficina Federal de Estad\u00edstica (Destatis) confirmando estimaciones preliminares. El incremento se debi\u00f3 fundamentalmente al encarecimiento de la energ\u00eda, precisa un comunicado de la entidad. En diciembre de","canonical_url":"https:\/\/eldigitaldeasturias.com\/radio\/inflacion-en-alemania-trepa-al-17-por-ciento-en-enero\/","robots":"max-image-preview:large","keywords":"noticias","webmasterTools":{"google-site-verification":"UA-38556648-1","miscellaneous":""},"schema":{"@context":"https:\/\/schema.org","@graph":[{"@type":"BreadcrumbList","@id":"https:\/\/eldigitaldeasturias.com\/radio\/inflacion-en-alemania-trepa-al-17-por-ciento-en-enero\/#breadcrumblist","itemListElement":[{"@type":"ListItem","@id":"https:\/\/eldigitaldeasturias.com\/radio#listItem","position":1,"name":"Inicio","item":"https:\/\/eldigitaldeasturias.com\/radio","nextItem":{"@type":"ListItem","@id":"https:\/\/eldigitaldeasturias.com\/radio\/category\/noticias\/#listItem","name":"Noticias"}},{"@type":"ListItem","@id":"https:\/\/eldigitaldeasturias.com\/radio\/category\/noticias\/#listItem","position":2,"name":"Noticias","item":"https:\/\/eldigitaldeasturias.com\/radio\/category\/noticias\/","nextItem":{"@type":"ListItem","@id":"https:\/\/eldigitaldeasturias.com\/radio\/inflacion-en-alemania-trepa-al-17-por-ciento-en-enero\/#listItem","name":"Inflaci\u00f3n en Alemania trepa al 1,7 por ciento en enero"},"previousItem":{"@type":"ListItem","@id":"https:\/\/eldigitaldeasturias.com\/radio#listItem","name":"Inicio"}},{"@type":"ListItem","@id":"https:\/\/eldigitaldeasturias.com\/radio\/inflacion-en-alemania-trepa-al-17-por-ciento-en-enero\/#listItem","position":3,"name":"Inflaci\u00f3n en Alemania trepa al 1,7 por ciento en enero","previousItem":{"@type":"ListItem","@id":"https:\/\/eldigitaldeasturias.com\/radio\/category\/noticias\/#listItem","name":"Noticias"}}]},{"@type":"NewsArticle","@id":"https:\/\/eldigitaldeasturias.com\/radio\/inflacion-en-alemania-trepa-al-17-por-ciento-en-enero\/#newsarticle","name":"Inflaci\u00f3n en Alemania trepa al 1,7 por ciento en enero | El Digital de Asturias","headline":"Inflaci\u00f3n en Alemania trepa al 1,7 por ciento en enero","author":{"@id":"https:\/\/eldigitaldeasturias.com\/radio\/author\/nbasturias\/#author"},"publisher":{"@id":"https:\/\/eldigitaldeasturias.com\/radio\/#organization"},"image":{"@type":"ImageObject","url":"https:\/\/eldigitaldeasturias.com\/radio\/wp-content\/uploads\/2018\/10\/money-1005477_960_720.jpg","width":960,"height":640},"datePublished":"2020-02-13T11:51:45+01:00","dateModified":"2020-02-13T11:51:45+01:00","inLanguage":"es-ES","mainEntityOfPage":{"@id":"https:\/\/eldigitaldeasturias.com\/radio\/inflacion-en-alemania-trepa-al-17-por-ciento-en-enero\/#webpage"},"isPartOf":{"@id":"https:\/\/eldigitaldeasturias.com\/radio\/inflacion-en-alemania-trepa-al-17-por-ciento-en-enero\/#webpage"},"articleSection":"Noticias","dateline":"Publicado el febrero 13, 2020."},{"@type":"Organization","@id":"https:\/\/eldigitaldeasturias.com\/radio\/#organization","name":"El digital de Asturias Radio","description":"Diario de informaci\u00f3n y noticias","url":"https:\/\/eldigitaldeasturias.com\/radio\/","telephone":"+34652131393","logo":{"@type":"ImageObject","url":"https:\/\/www.eldigitaldeasturias.com\/radio\/wp-content\/uploads\/2021\/03\/EDA.jpg","@id":"https:\/\/eldigitaldeasturias.com\/radio\/inflacion-en-alemania-trepa-al-17-por-ciento-en-enero\/#organizationLogo"},"image":{"@id":"https:\/\/eldigitaldeasturias.com\/radio\/inflacion-en-alemania-trepa-al-17-por-ciento-en-enero\/#organizationLogo"},"sameAs":["https:\/\/www.facebook.com\/","https:\/\/x.com\/bercodi","https:\/\/www.instagram.com\/","https:\/\/www.youtube.com\/channel\/UCZP-2wLEB9Rv6erhFmqVnvg"]},{"@type":"Person","@id":"https:\/\/eldigitaldeasturias.com\/radio\/author\/nbasturias\/#author","url":"https:\/\/eldigitaldeasturias.com\/radio\/author\/nbasturias\/","name":"NBAsturias","image":{"@type":"ImageObject","@id":"https:\/\/eldigitaldeasturias.com\/radio\/inflacion-en-alemania-trepa-al-17-por-ciento-en-enero\/#authorImage","url":"https:\/\/secure.gravatar.com\/avatar\/df2aeffc32bcd13f8d26072ef8a91b623d677766deac7f97ca815868cd41bf5e?s=96&d=mm&r=g","width":96,"height":96,"caption":"NBAsturias"}},{"@type":"WebPage","@id":"https:\/\/eldigitaldeasturias.com\/radio\/inflacion-en-alemania-trepa-al-17-por-ciento-en-enero\/#webpage","url":"https:\/\/eldigitaldeasturias.com\/radio\/inflacion-en-alemania-trepa-al-17-por-ciento-en-enero\/","name":"Inflaci\u00f3n en Alemania trepa al 1,7 por ciento en enero | El Digital de Asturias","description":"Wiesbaden (Alemania), 13 feb (dpa) - Los precios al consumidor en Alemania volvieron a aumentar en el mes de enero, un 1,7 por ciento interanual, comunic\u00f3 hoy la Oficina Federal de Estad\u00edstica (Destatis) confirmando estimaciones preliminares. El incremento se debi\u00f3 fundamentalmente al encarecimiento de la energ\u00eda, precisa un comunicado de la entidad. En diciembre de","inLanguage":"es-ES","isPartOf":{"@id":"https:\/\/eldigitaldeasturias.com\/radio\/#website"},"breadcrumb":{"@id":"https:\/\/eldigitaldeasturias.com\/radio\/inflacion-en-alemania-trepa-al-17-por-ciento-en-enero\/#breadcrumblist"},"author":{"@id":"https:\/\/eldigitaldeasturias.com\/radio\/author\/nbasturias\/#author"},"creator":{"@id":"https:\/\/eldigitaldeasturias.com\/radio\/author\/nbasturias\/#author"},"image":{"@type":"ImageObject","url":"https:\/\/eldigitaldeasturias.com\/radio\/wp-content\/uploads\/2018\/10\/money-1005477_960_720.jpg","@id":"https:\/\/eldigitaldeasturias.com\/radio\/inflacion-en-alemania-trepa-al-17-por-ciento-en-enero\/#mainImage","width":960,"height":640},"primaryImageOfPage":{"@id":"https:\/\/eldigitaldeasturias.com\/radio\/inflacion-en-alemania-trepa-al-17-por-ciento-en-enero\/#mainImage"},"datePublished":"2020-02-13T11:51:45+01:00","dateModified":"2020-02-13T11:51:45+01:00"},{"@type":"WebSite","@id":"https:\/\/eldigitaldeasturias.com\/radio\/#website","url":"https:\/\/eldigitaldeasturias.com\/radio\/","name":"El Digital de Asturias","description":"Diario de informaci\u00f3n y noticias","inLanguage":"es-ES","publisher":{"@id":"https:\/\/eldigitaldeasturias.com\/radio\/#organization"}}]},"og:locale":"es_ES","og:site_name":"El Digital de Asturias | Diario de informaci\u00f3n y noticias","og:type":"article","og:title":"Inflaci\u00f3n en Alemania trepa al 1,7 por ciento en enero | El Digital de Asturias","og:description":"Wiesbaden (Alemania), 13 feb (dpa) - Los precios al consumidor en Alemania volvieron a aumentar en el mes de enero, un 1,7 por ciento interanual, comunic\u00f3 hoy la Oficina Federal de Estad\u00edstica (Destatis) confirmando estimaciones preliminares. El incremento se debi\u00f3 fundamentalmente al encarecimiento de la energ\u00eda, precisa un comunicado de la entidad. En diciembre de","og:url":"https:\/\/eldigitaldeasturias.com\/radio\/inflacion-en-alemania-trepa-al-17-por-ciento-en-enero\/","og:image":"https:\/\/eldigitaldeasturias.com\/radio\/wp-content\/uploads\/2018\/10\/money-1005477_960_720.jpg","og:image:secure_url":"https:\/\/eldigitaldeasturias.com\/radio\/wp-content\/uploads\/2018\/10\/money-1005477_960_720.jpg","og:image:width":960,"og:image:height":640,"article:published_time":"2020-02-13T11:51:45+00:00","article:modified_time":"2020-02-13T11:51:45+00:00","twitter:card":"summary_large_image","twitter:site":"@bercodi","twitter:title":"Inflaci\u00f3n en Alemania trepa al 1,7 por ciento en enero | El Digital de Asturias","twitter:description":"Wiesbaden (Alemania), 13 feb (dpa) - Los precios al consumidor en Alemania volvieron a aumentar en el mes de enero, un 1,7 por ciento interanual, comunic\u00f3 hoy la Oficina Federal de Estad\u00edstica (Destatis) confirmando estimaciones preliminares. El incremento se debi\u00f3 fundamentalmente al encarecimiento de la energ\u00eda, precisa un comunicado de la entidad. En diciembre de","twitter:creator":"@bercodi","twitter:image":"https:\/\/eldigitaldeasturias.com\/radio\/wp-content\/uploads\/2018\/10\/money-1005477_960_720.jpg"},"aioseo_meta_data":{"post_id":"3969","title":null,"description":null,"keywords":null,"keyphrases":null,"primary_term":null,"canonical_url":null,"og_title":null,"og_description":null,"og_object_type":"default","og_image_type":"default","og_image_url":null,"og_image_width":null,"og_image_height":null,"og_image_custom_url":null,"og_image_custom_fields":null,"og_video":null,"og_custom_url":null,"og_article_section":null,"og_article_tags":null,"twitter_use_og":false,"twitter_card":"default","twitter_image_type":"default","twitter_image_url":null,"twitter_image_custom_url":null,"twitter_image_custom_fields":null,"twitter_title":null,"twitter_description":null,"schema":{"blockGraphs":[],"customGraphs":[],"default":{"data":{"Article":[],"Course":[],"Dataset":[],"FAQPage":[],"Movie":[],"Person":[],"Product":[],"ProductReview":[],"Car":[],"Recipe":[],"Service":[],"SoftwareApplication":[],"WebPage":[]},"graphName":"","isEnabled":true},"graphs":[],"defaultGraph":"","defaultPostTypeGraph":""},"schema_type":null,"schema_type_options":null,"pillar_content":false,"robots_default":true,"robots_noindex":false,"robots_noarchive":false,"robots_nosnippet":false,"robots_nofollow":false,"robots_noimageindex":false,"robots_noodp":false,"robots_notranslate":false,"robots_max_snippet":null,"robots_max_videopreview":null,"robots_max_imagepreview":"large","priority":null,"frequency":null,"location":null,"local_seo":null,"seo_analyzer_scan_date":"2025-08-28 15:12:35","breadcrumb_settings":null,"limit_modified_date":false,"open_ai":null,"ai":null,"created":"2021-03-27 10:30:15","updated":"2025-08-28 15:12:35"},"aioseo_breadcrumb":"<div class=\"aioseo-breadcrumbs\"><span class=\"aioseo-breadcrumb\">\n\t<a href=\"https:\/\/eldigitaldeasturias.com\/radio\" title=\"Inicio\">Inicio<\/a>\n<\/span><span class=\"aioseo-breadcrumb-separator\">&ndash;<\/span><span class=\"aioseo-breadcrumb\">\n\t<a href=\"https:\/\/eldigitaldeasturias.com\/radio\/category\/noticias\/\" title=\"Noticias\">Noticias<\/a>\n<\/span><span class=\"aioseo-breadcrumb-separator\">&ndash;<\/span><span class=\"aioseo-breadcrumb\">\n\tInflaci\u00f3n en Alemania trepa al 1,7 por ciento en enero\n<\/span><\/div>","aioseo_breadcrumb_json":[{"label":"Inicio","link":"https:\/\/eldigitaldeasturias.com\/radio"},{"label":"Noticias","link":"https:\/\/eldigitaldeasturias.com\/radio\/category\/noticias\/"},{"label":"Inflaci\u00f3n en Alemania trepa al 1,7 por ciento en enero","link":"https:\/\/eldigitaldeasturias.com\/radio\/inflacion-en-alemania-trepa-al-17-por-ciento-en-enero\/"}],"_links":{"self":[{"href":"https:\/\/eldigitaldeasturias.com\/radio\/wp-json\/wp\/v2\/posts\/3969","targetHints":{"allow":["GET"]}}],"collection":[{"href":"https:\/\/eldigitaldeasturias.com\/radio\/wp-json\/wp\/v2\/posts"}],"about":[{"href":"https:\/\/eldigitaldeasturias.com\/radio\/wp-json\/wp\/v2\/types\/post"}],"author":[{"embeddable":true,"href":"https:\/\/eldigitaldeasturias.com\/radio\/wp-json\/wp\/v2\/users\/1"}],"replies":[{"embeddable":true,"href":"https:\/\/eldigitaldeasturias.com\/radio\/wp-json\/wp\/v2\/comments?post=3969"}],"version-history":[{"count":0,"href":"https:\/\/eldigitaldeasturias.com\/radio\/wp-json\/wp\/v2\/posts\/3969\/revisions"}],"wp:featuredmedia":[{"embeddable":true,"href":"https:\/\/eldigitaldeasturias.com\/radio\/wp-json\/wp\/v2\/media\/1471"}],"wp:attachment":[{"href":"https:\/\/eldigitaldeasturias.com\/radio\/wp-json\/wp\/v2\/media?parent=3969"}],"wp:term":[{"taxonomy":"category","embeddable":true,"href":"https:\/\/eldigitaldeasturias.com\/radio\/wp-json\/wp\/v2\/categories?post=3969"},{"taxonomy":"post_tag","embeddable":true,"href":"https:\/\/eldigitaldeasturias.com\/radio\/wp-json\/wp\/v2\/tags?post=3969"}],"curies":[{"name":"wp","href":"https:\/\/api.w.org\/{rel}","templated":true}]}}