{"id":3966,"date":"2020-02-13T11:48:39","date_gmt":"2020-02-13T11:48:39","guid":{"rendered":"http:\/\/www.eldigitaldeasturias.com\/radio\/?p=3966"},"modified":"2020-02-13T11:48:39","modified_gmt":"2020-02-13T11:48:39","slug":"muestra-en-berlin-sobre-la-pelicula-muda-el-gabinete-del-dr-caligari","status":"publish","type":"post","link":"https:\/\/eldigitaldeasturias.com\/radio\/muestra-en-berlin-sobre-la-pelicula-muda-el-gabinete-del-dr-caligari\/","title":{"rendered":"Muestra en Berl\u00edn sobre la pel\u00edcula muda \u00abEl gabinete del Dr. Caligari\u00bb"},"content":{"rendered":"<figure id=\"attachment_3967\" aria-describedby=\"caption-attachment-3967\" style=\"width: 360px\" class=\"wp-caption alignleft\"><img fetchpriority=\"high\" decoding=\"async\" class=\"size-medium wp-image-3967\" src=\"http:\/\/www.eldigitaldeasturias.com\/radio\/wp-content\/uploads\/2020\/02\/Muestra-cine-dpa-360x243.jpg\" alt=\"\" width=\"360\" height=\"243\" srcset=\"https:\/\/eldigitaldeasturias.com\/radio\/wp-content\/uploads\/2020\/02\/Muestra-cine-dpa-360x243.jpg 360w, https:\/\/eldigitaldeasturias.com\/radio\/wp-content\/uploads\/2020\/02\/Muestra-cine-dpa-768x519.jpg 768w, https:\/\/eldigitaldeasturias.com\/radio\/wp-content\/uploads\/2020\/02\/Muestra-cine-dpa.jpg 990w\" sizes=\"(max-width: 360px) 100vw, 360px\" \/><figcaption id=\"caption-attachment-3967\" class=\"wp-caption-text\">Foto: Sonja Wurtscheid\/dpa<\/figcaption><\/figure>\n<p>Berl\u00edn, 12 feb (dpa) &#8211; Cien a\u00f1os despu\u00e9s su estreno, el 27 de febrero de 1920, la Cinemateca Alemana de Berl\u00edn dedica una exposici\u00f3n al cl\u00e1sico del cine mudo \u00abEl gabinete del Dr. Caligari\u00bb.<\/p>\n<p>La pel\u00edcula del director alem\u00e1n Robert Wiene sobre el loco hipnotista Caligari, que dirige una feria ambulante y aterra a un peque\u00f1o pueblo con la ayuda del son\u00e1mbulo Cesare, es considerada una obra maestra. Los plat\u00f3s, decorados con dibujos expresionistas para las escenas de la pel\u00edcula, reflejan el estilo de la \u00e9poca.<\/p>\n<p>La exposici\u00f3n \u00ab\u00a1Tienes que convertirte en Caligari! &#8211; El gabinete virtual\u00bb se cre\u00f3 en cooperaci\u00f3n con el Instituto Goethe de Varsovia, que ya abord\u00f3 las corrientes culturales durante la Rep\u00fablica de Weimar en cuatro centros de Polonia.<\/p>\n<p>Entre otras cosas, los curadores tratan de reflejar en la muestra el eslogan de la campa\u00f1a publicitaria de la pel\u00edcula que dec\u00eda \u00abTienes que convertirte en Caligari\u00bb. En su opini\u00f3n, este imperativo es una forma que se extiende a todo el expresionismo de la posguerra.<\/p>\n","protected":false},"excerpt":{"rendered":"<p>Berl\u00edn, 12 feb (dpa) &#8211; Cien a\u00f1os despu\u00e9s su estreno, el 27 de febrero de 1920, la Cinemateca Alemana de Berl\u00edn dedica una exposici\u00f3n al cl\u00e1sico del cine mudo \u00abEl gabinete del Dr. Caligari\u00bb. La pel\u00edcula del director alem\u00e1n Robert Wiene sobre el loco hipnotista Caligari, que dirige una feria ambulante y aterra a un<\/p>\n","protected":false},"author":1,"featured_media":3967,"comment_status":"closed","ping_status":"closed","sticky":false,"template":"","format":"standard","meta":{"footnotes":""},"categories":[28],"tags":[],"class_list":{"0":"post-3966","1":"post","2":"type-post","3":"status-publish","4":"format-standard","5":"has-post-thumbnail","7":"category-variedades"},"aioseo_notices":[],"aioseo_head":"\n\t\t<!-- All in One SEO Pro 4.9.6.2 - aioseo.com -->\n\t<meta name=\"description\" content=\"Berl\u00edn, 12 feb (dpa) - Cien a\u00f1os despu\u00e9s su estreno, el 27 de febrero de 1920, la Cinemateca Alemana de Berl\u00edn dedica una exposici\u00f3n al cl\u00e1sico del cine mudo &quot;El gabinete del Dr. Caligari&quot;. La pel\u00edcula del director alem\u00e1n Robert Wiene sobre el loco hipnotista Caligari, que dirige una feria ambulante y aterra a un\" \/>\n\t<meta name=\"robots\" content=\"max-image-preview:large\" \/>\n\t<meta name=\"author\" content=\"NBAsturias\"\/>\n\t<meta name=\"google-site-verification\" content=\"UA-38556648-1\" \/>\n\t<meta name=\"keywords\" content=\"variedades\" \/>\n\t<link rel=\"canonical\" href=\"https:\/\/eldigitaldeasturias.com\/radio\/muestra-en-berlin-sobre-la-pelicula-muda-el-gabinete-del-dr-caligari\/\" \/>\n\t<meta name=\"generator\" content=\"All in One SEO Pro (AIOSEO) 4.9.6.2\" \/>\n\t\t<meta property=\"og:locale\" content=\"es_ES\" \/>\n\t\t<meta property=\"og:site_name\" content=\"El Digital de Asturias | Diario de informaci\u00f3n y noticias\" \/>\n\t\t<meta property=\"og:type\" content=\"article\" \/>\n\t\t<meta property=\"og:title\" content=\"Muestra en Berl\u00edn sobre la pel\u00edcula muda \u00abEl gabinete del Dr. Caligari\u00bb | El Digital de Asturias\" \/>\n\t\t<meta property=\"og:description\" content=\"Berl\u00edn, 12 feb (dpa) - Cien a\u00f1os despu\u00e9s su estreno, el 27 de febrero de 1920, la Cinemateca Alemana de Berl\u00edn dedica una exposici\u00f3n al cl\u00e1sico del cine mudo &quot;El gabinete del Dr. Caligari&quot;. La pel\u00edcula del director alem\u00e1n Robert Wiene sobre el loco hipnotista Caligari, que dirige una feria ambulante y aterra a un\" \/>\n\t\t<meta property=\"og:url\" content=\"https:\/\/eldigitaldeasturias.com\/radio\/muestra-en-berlin-sobre-la-pelicula-muda-el-gabinete-del-dr-caligari\/\" \/>\n\t\t<meta property=\"og:image\" content=\"https:\/\/eldigitaldeasturias.com\/radio\/wp-content\/uploads\/2020\/02\/Muestra-cine-dpa.jpg\" \/>\n\t\t<meta property=\"og:image:secure_url\" content=\"https:\/\/eldigitaldeasturias.com\/radio\/wp-content\/uploads\/2020\/02\/Muestra-cine-dpa.jpg\" \/>\n\t\t<meta property=\"og:image:width\" content=\"990\" \/>\n\t\t<meta property=\"og:image:height\" content=\"669\" \/>\n\t\t<meta property=\"article:published_time\" content=\"2020-02-13T11:48:39+00:00\" \/>\n\t\t<meta property=\"article:modified_time\" content=\"2020-02-13T11:48:39+00:00\" \/>\n\t\t<meta name=\"twitter:card\" content=\"summary_large_image\" \/>\n\t\t<meta name=\"twitter:site\" content=\"@bercodi\" \/>\n\t\t<meta name=\"twitter:title\" content=\"Muestra en Berl\u00edn sobre la pel\u00edcula muda \u00abEl gabinete del Dr. Caligari\u00bb | El Digital de Asturias\" \/>\n\t\t<meta name=\"twitter:description\" content=\"Berl\u00edn, 12 feb (dpa) - Cien a\u00f1os despu\u00e9s su estreno, el 27 de febrero de 1920, la Cinemateca Alemana de Berl\u00edn dedica una exposici\u00f3n al cl\u00e1sico del cine mudo &quot;El gabinete del Dr. Caligari&quot;. La pel\u00edcula del director alem\u00e1n Robert Wiene sobre el loco hipnotista Caligari, que dirige una feria ambulante y aterra a un\" \/>\n\t\t<meta name=\"twitter:creator\" content=\"@bercodi\" \/>\n\t\t<meta name=\"twitter:image\" content=\"https:\/\/eldigitaldeasturias.com\/radio\/wp-content\/uploads\/2020\/02\/Muestra-cine-dpa.jpg\" \/>\n\t\t<script type=\"application\/ld+json\" class=\"aioseo-schema\">\n\t\t\t{\"@context\":\"https:\\\/\\\/schema.org\",\"@graph\":[{\"@type\":\"BreadcrumbList\",\"@id\":\"https:\\\/\\\/eldigitaldeasturias.com\\\/radio\\\/muestra-en-berlin-sobre-la-pelicula-muda-el-gabinete-del-dr-caligari\\\/#breadcrumblist\",\"itemListElement\":[{\"@type\":\"ListItem\",\"@id\":\"https:\\\/\\\/eldigitaldeasturias.com\\\/radio#listItem\",\"position\":1,\"name\":\"Inicio\",\"item\":\"https:\\\/\\\/eldigitaldeasturias.com\\\/radio\",\"nextItem\":{\"@type\":\"ListItem\",\"@id\":\"https:\\\/\\\/eldigitaldeasturias.com\\\/radio\\\/category\\\/variedades\\\/#listItem\",\"name\":\"Variedades\"}},{\"@type\":\"ListItem\",\"@id\":\"https:\\\/\\\/eldigitaldeasturias.com\\\/radio\\\/category\\\/variedades\\\/#listItem\",\"position\":2,\"name\":\"Variedades\",\"item\":\"https:\\\/\\\/eldigitaldeasturias.com\\\/radio\\\/category\\\/variedades\\\/\",\"nextItem\":{\"@type\":\"ListItem\",\"@id\":\"https:\\\/\\\/eldigitaldeasturias.com\\\/radio\\\/muestra-en-berlin-sobre-la-pelicula-muda-el-gabinete-del-dr-caligari\\\/#listItem\",\"name\":\"Muestra en Berl\\u00edn sobre la pel\\u00edcula muda \\u00abEl gabinete del Dr. Caligari\\u00bb\"},\"previousItem\":{\"@type\":\"ListItem\",\"@id\":\"https:\\\/\\\/eldigitaldeasturias.com\\\/radio#listItem\",\"name\":\"Inicio\"}},{\"@type\":\"ListItem\",\"@id\":\"https:\\\/\\\/eldigitaldeasturias.com\\\/radio\\\/muestra-en-berlin-sobre-la-pelicula-muda-el-gabinete-del-dr-caligari\\\/#listItem\",\"position\":3,\"name\":\"Muestra en Berl\\u00edn sobre la pel\\u00edcula muda \\u00abEl gabinete del Dr. Caligari\\u00bb\",\"previousItem\":{\"@type\":\"ListItem\",\"@id\":\"https:\\\/\\\/eldigitaldeasturias.com\\\/radio\\\/category\\\/variedades\\\/#listItem\",\"name\":\"Variedades\"}}]},{\"@type\":\"NewsArticle\",\"@id\":\"https:\\\/\\\/eldigitaldeasturias.com\\\/radio\\\/muestra-en-berlin-sobre-la-pelicula-muda-el-gabinete-del-dr-caligari\\\/#newsarticle\",\"name\":\"Muestra en Berl\\u00edn sobre la pel\\u00edcula muda \\u00abEl gabinete del Dr. Caligari\\u00bb | El Digital de Asturias\",\"headline\":\"Muestra en Berl\\u00edn sobre la pel\\u00edcula muda \\u00abEl gabinete del Dr. Caligari\\u00bb\",\"author\":{\"@id\":\"https:\\\/\\\/eldigitaldeasturias.com\\\/radio\\\/author\\\/nbasturias\\\/#author\"},\"publisher\":{\"@id\":\"https:\\\/\\\/eldigitaldeasturias.com\\\/radio\\\/#organization\"},\"image\":{\"@type\":\"ImageObject\",\"url\":\"https:\\\/\\\/eldigitaldeasturias.com\\\/radio\\\/wp-content\\\/uploads\\\/2020\\\/02\\\/Muestra-cine-dpa.jpg\",\"width\":990,\"height\":669,\"caption\":\"Foto: Sonja Wurtscheid\\\/dpa\"},\"datePublished\":\"2020-02-13T11:48:39+01:00\",\"dateModified\":\"2020-02-13T11:48:39+01:00\",\"inLanguage\":\"es-ES\",\"mainEntityOfPage\":{\"@id\":\"https:\\\/\\\/eldigitaldeasturias.com\\\/radio\\\/muestra-en-berlin-sobre-la-pelicula-muda-el-gabinete-del-dr-caligari\\\/#webpage\"},\"isPartOf\":{\"@id\":\"https:\\\/\\\/eldigitaldeasturias.com\\\/radio\\\/muestra-en-berlin-sobre-la-pelicula-muda-el-gabinete-del-dr-caligari\\\/#webpage\"},\"articleSection\":\"Variedades\",\"dateline\":\"Publicado el febrero 13, 2020.\"},{\"@type\":\"Organization\",\"@id\":\"https:\\\/\\\/eldigitaldeasturias.com\\\/radio\\\/#organization\",\"name\":\"El digital de Asturias Radio\",\"description\":\"Diario de informaci\\u00f3n y noticias\",\"url\":\"https:\\\/\\\/eldigitaldeasturias.com\\\/radio\\\/\",\"telephone\":\"+34652131393\",\"logo\":{\"@type\":\"ImageObject\",\"url\":\"https:\\\/\\\/www.eldigitaldeasturias.com\\\/radio\\\/wp-content\\\/uploads\\\/2021\\\/03\\\/EDA.jpg\",\"@id\":\"https:\\\/\\\/eldigitaldeasturias.com\\\/radio\\\/muestra-en-berlin-sobre-la-pelicula-muda-el-gabinete-del-dr-caligari\\\/#organizationLogo\"},\"image\":{\"@id\":\"https:\\\/\\\/eldigitaldeasturias.com\\\/radio\\\/muestra-en-berlin-sobre-la-pelicula-muda-el-gabinete-del-dr-caligari\\\/#organizationLogo\"},\"sameAs\":[\"https:\\\/\\\/www.facebook.com\\\/\",\"https:\\\/\\\/x.com\\\/bercodi\",\"https:\\\/\\\/www.instagram.com\\\/\",\"https:\\\/\\\/www.youtube.com\\\/channel\\\/UCZP-2wLEB9Rv6erhFmqVnvg\"]},{\"@type\":\"Person\",\"@id\":\"https:\\\/\\\/eldigitaldeasturias.com\\\/radio\\\/author\\\/nbasturias\\\/#author\",\"url\":\"https:\\\/\\\/eldigitaldeasturias.com\\\/radio\\\/author\\\/nbasturias\\\/\",\"name\":\"NBAsturias\",\"image\":{\"@type\":\"ImageObject\",\"@id\":\"https:\\\/\\\/eldigitaldeasturias.com\\\/radio\\\/muestra-en-berlin-sobre-la-pelicula-muda-el-gabinete-del-dr-caligari\\\/#authorImage\",\"url\":\"https:\\\/\\\/secure.gravatar.com\\\/avatar\\\/df2aeffc32bcd13f8d26072ef8a91b623d677766deac7f97ca815868cd41bf5e?s=96&d=mm&r=g\",\"width\":96,\"height\":96,\"caption\":\"NBAsturias\"}},{\"@type\":\"WebPage\",\"@id\":\"https:\\\/\\\/eldigitaldeasturias.com\\\/radio\\\/muestra-en-berlin-sobre-la-pelicula-muda-el-gabinete-del-dr-caligari\\\/#webpage\",\"url\":\"https:\\\/\\\/eldigitaldeasturias.com\\\/radio\\\/muestra-en-berlin-sobre-la-pelicula-muda-el-gabinete-del-dr-caligari\\\/\",\"name\":\"Muestra en Berl\\u00edn sobre la pel\\u00edcula muda \\u00abEl gabinete del Dr. Caligari\\u00bb | El Digital de Asturias\",\"description\":\"Berl\\u00edn, 12 feb (dpa) - Cien a\\u00f1os despu\\u00e9s su estreno, el 27 de febrero de 1920, la Cinemateca Alemana de Berl\\u00edn dedica una exposici\\u00f3n al cl\\u00e1sico del cine mudo \\\"El gabinete del Dr. Caligari\\\". La pel\\u00edcula del director alem\\u00e1n Robert Wiene sobre el loco hipnotista Caligari, que dirige una feria ambulante y aterra a un\",\"inLanguage\":\"es-ES\",\"isPartOf\":{\"@id\":\"https:\\\/\\\/eldigitaldeasturias.com\\\/radio\\\/#website\"},\"breadcrumb\":{\"@id\":\"https:\\\/\\\/eldigitaldeasturias.com\\\/radio\\\/muestra-en-berlin-sobre-la-pelicula-muda-el-gabinete-del-dr-caligari\\\/#breadcrumblist\"},\"author\":{\"@id\":\"https:\\\/\\\/eldigitaldeasturias.com\\\/radio\\\/author\\\/nbasturias\\\/#author\"},\"creator\":{\"@id\":\"https:\\\/\\\/eldigitaldeasturias.com\\\/radio\\\/author\\\/nbasturias\\\/#author\"},\"image\":{\"@type\":\"ImageObject\",\"url\":\"https:\\\/\\\/eldigitaldeasturias.com\\\/radio\\\/wp-content\\\/uploads\\\/2020\\\/02\\\/Muestra-cine-dpa.jpg\",\"@id\":\"https:\\\/\\\/eldigitaldeasturias.com\\\/radio\\\/muestra-en-berlin-sobre-la-pelicula-muda-el-gabinete-del-dr-caligari\\\/#mainImage\",\"width\":990,\"height\":669,\"caption\":\"Foto: Sonja Wurtscheid\\\/dpa\"},\"primaryImageOfPage\":{\"@id\":\"https:\\\/\\\/eldigitaldeasturias.com\\\/radio\\\/muestra-en-berlin-sobre-la-pelicula-muda-el-gabinete-del-dr-caligari\\\/#mainImage\"},\"datePublished\":\"2020-02-13T11:48:39+01:00\",\"dateModified\":\"2020-02-13T11:48:39+01:00\"},{\"@type\":\"WebSite\",\"@id\":\"https:\\\/\\\/eldigitaldeasturias.com\\\/radio\\\/#website\",\"url\":\"https:\\\/\\\/eldigitaldeasturias.com\\\/radio\\\/\",\"name\":\"El Digital de Asturias\",\"description\":\"Diario de informaci\\u00f3n y noticias\",\"inLanguage\":\"es-ES\",\"publisher\":{\"@id\":\"https:\\\/\\\/eldigitaldeasturias.com\\\/radio\\\/#organization\"}}]}\n\t\t<\/script>\n\t\t<!-- All in One SEO Pro -->\r\n\t\t<title>Muestra en Berl\u00edn sobre la pel\u00edcula muda \u00abEl gabinete del Dr. Caligari\u00bb | El Digital de Asturias<\/title>\n\n","aioseo_head_json":{"title":"Muestra en Berl\u00edn sobre la pel\u00edcula muda \u00abEl gabinete del Dr. Caligari\u00bb | El Digital de Asturias","description":"Berl\u00edn, 12 feb (dpa) - Cien a\u00f1os despu\u00e9s su estreno, el 27 de febrero de 1920, la Cinemateca Alemana de Berl\u00edn dedica una exposici\u00f3n al cl\u00e1sico del cine mudo \"El gabinete del Dr. Caligari\". La pel\u00edcula del director alem\u00e1n Robert Wiene sobre el loco hipnotista Caligari, que dirige una feria ambulante y aterra a un","canonical_url":"https:\/\/eldigitaldeasturias.com\/radio\/muestra-en-berlin-sobre-la-pelicula-muda-el-gabinete-del-dr-caligari\/","robots":"max-image-preview:large","keywords":"variedades","webmasterTools":{"google-site-verification":"UA-38556648-1","miscellaneous":""},"schema":{"@context":"https:\/\/schema.org","@graph":[{"@type":"BreadcrumbList","@id":"https:\/\/eldigitaldeasturias.com\/radio\/muestra-en-berlin-sobre-la-pelicula-muda-el-gabinete-del-dr-caligari\/#breadcrumblist","itemListElement":[{"@type":"ListItem","@id":"https:\/\/eldigitaldeasturias.com\/radio#listItem","position":1,"name":"Inicio","item":"https:\/\/eldigitaldeasturias.com\/radio","nextItem":{"@type":"ListItem","@id":"https:\/\/eldigitaldeasturias.com\/radio\/category\/variedades\/#listItem","name":"Variedades"}},{"@type":"ListItem","@id":"https:\/\/eldigitaldeasturias.com\/radio\/category\/variedades\/#listItem","position":2,"name":"Variedades","item":"https:\/\/eldigitaldeasturias.com\/radio\/category\/variedades\/","nextItem":{"@type":"ListItem","@id":"https:\/\/eldigitaldeasturias.com\/radio\/muestra-en-berlin-sobre-la-pelicula-muda-el-gabinete-del-dr-caligari\/#listItem","name":"Muestra en Berl\u00edn sobre la pel\u00edcula muda \u00abEl gabinete del Dr. Caligari\u00bb"},"previousItem":{"@type":"ListItem","@id":"https:\/\/eldigitaldeasturias.com\/radio#listItem","name":"Inicio"}},{"@type":"ListItem","@id":"https:\/\/eldigitaldeasturias.com\/radio\/muestra-en-berlin-sobre-la-pelicula-muda-el-gabinete-del-dr-caligari\/#listItem","position":3,"name":"Muestra en Berl\u00edn sobre la pel\u00edcula muda \u00abEl gabinete del Dr. Caligari\u00bb","previousItem":{"@type":"ListItem","@id":"https:\/\/eldigitaldeasturias.com\/radio\/category\/variedades\/#listItem","name":"Variedades"}}]},{"@type":"NewsArticle","@id":"https:\/\/eldigitaldeasturias.com\/radio\/muestra-en-berlin-sobre-la-pelicula-muda-el-gabinete-del-dr-caligari\/#newsarticle","name":"Muestra en Berl\u00edn sobre la pel\u00edcula muda \u00abEl gabinete del Dr. Caligari\u00bb | El Digital de Asturias","headline":"Muestra en Berl\u00edn sobre la pel\u00edcula muda \u00abEl gabinete del Dr. Caligari\u00bb","author":{"@id":"https:\/\/eldigitaldeasturias.com\/radio\/author\/nbasturias\/#author"},"publisher":{"@id":"https:\/\/eldigitaldeasturias.com\/radio\/#organization"},"image":{"@type":"ImageObject","url":"https:\/\/eldigitaldeasturias.com\/radio\/wp-content\/uploads\/2020\/02\/Muestra-cine-dpa.jpg","width":990,"height":669,"caption":"Foto: Sonja Wurtscheid\/dpa"},"datePublished":"2020-02-13T11:48:39+01:00","dateModified":"2020-02-13T11:48:39+01:00","inLanguage":"es-ES","mainEntityOfPage":{"@id":"https:\/\/eldigitaldeasturias.com\/radio\/muestra-en-berlin-sobre-la-pelicula-muda-el-gabinete-del-dr-caligari\/#webpage"},"isPartOf":{"@id":"https:\/\/eldigitaldeasturias.com\/radio\/muestra-en-berlin-sobre-la-pelicula-muda-el-gabinete-del-dr-caligari\/#webpage"},"articleSection":"Variedades","dateline":"Publicado el febrero 13, 2020."},{"@type":"Organization","@id":"https:\/\/eldigitaldeasturias.com\/radio\/#organization","name":"El digital de Asturias Radio","description":"Diario de informaci\u00f3n y noticias","url":"https:\/\/eldigitaldeasturias.com\/radio\/","telephone":"+34652131393","logo":{"@type":"ImageObject","url":"https:\/\/www.eldigitaldeasturias.com\/radio\/wp-content\/uploads\/2021\/03\/EDA.jpg","@id":"https:\/\/eldigitaldeasturias.com\/radio\/muestra-en-berlin-sobre-la-pelicula-muda-el-gabinete-del-dr-caligari\/#organizationLogo"},"image":{"@id":"https:\/\/eldigitaldeasturias.com\/radio\/muestra-en-berlin-sobre-la-pelicula-muda-el-gabinete-del-dr-caligari\/#organizationLogo"},"sameAs":["https:\/\/www.facebook.com\/","https:\/\/x.com\/bercodi","https:\/\/www.instagram.com\/","https:\/\/www.youtube.com\/channel\/UCZP-2wLEB9Rv6erhFmqVnvg"]},{"@type":"Person","@id":"https:\/\/eldigitaldeasturias.com\/radio\/author\/nbasturias\/#author","url":"https:\/\/eldigitaldeasturias.com\/radio\/author\/nbasturias\/","name":"NBAsturias","image":{"@type":"ImageObject","@id":"https:\/\/eldigitaldeasturias.com\/radio\/muestra-en-berlin-sobre-la-pelicula-muda-el-gabinete-del-dr-caligari\/#authorImage","url":"https:\/\/secure.gravatar.com\/avatar\/df2aeffc32bcd13f8d26072ef8a91b623d677766deac7f97ca815868cd41bf5e?s=96&d=mm&r=g","width":96,"height":96,"caption":"NBAsturias"}},{"@type":"WebPage","@id":"https:\/\/eldigitaldeasturias.com\/radio\/muestra-en-berlin-sobre-la-pelicula-muda-el-gabinete-del-dr-caligari\/#webpage","url":"https:\/\/eldigitaldeasturias.com\/radio\/muestra-en-berlin-sobre-la-pelicula-muda-el-gabinete-del-dr-caligari\/","name":"Muestra en Berl\u00edn sobre la pel\u00edcula muda \u00abEl gabinete del Dr. Caligari\u00bb | El Digital de Asturias","description":"Berl\u00edn, 12 feb (dpa) - Cien a\u00f1os despu\u00e9s su estreno, el 27 de febrero de 1920, la Cinemateca Alemana de Berl\u00edn dedica una exposici\u00f3n al cl\u00e1sico del cine mudo \"El gabinete del Dr. Caligari\". La pel\u00edcula del director alem\u00e1n Robert Wiene sobre el loco hipnotista Caligari, que dirige una feria ambulante y aterra a un","inLanguage":"es-ES","isPartOf":{"@id":"https:\/\/eldigitaldeasturias.com\/radio\/#website"},"breadcrumb":{"@id":"https:\/\/eldigitaldeasturias.com\/radio\/muestra-en-berlin-sobre-la-pelicula-muda-el-gabinete-del-dr-caligari\/#breadcrumblist"},"author":{"@id":"https:\/\/eldigitaldeasturias.com\/radio\/author\/nbasturias\/#author"},"creator":{"@id":"https:\/\/eldigitaldeasturias.com\/radio\/author\/nbasturias\/#author"},"image":{"@type":"ImageObject","url":"https:\/\/eldigitaldeasturias.com\/radio\/wp-content\/uploads\/2020\/02\/Muestra-cine-dpa.jpg","@id":"https:\/\/eldigitaldeasturias.com\/radio\/muestra-en-berlin-sobre-la-pelicula-muda-el-gabinete-del-dr-caligari\/#mainImage","width":990,"height":669,"caption":"Foto: Sonja Wurtscheid\/dpa"},"primaryImageOfPage":{"@id":"https:\/\/eldigitaldeasturias.com\/radio\/muestra-en-berlin-sobre-la-pelicula-muda-el-gabinete-del-dr-caligari\/#mainImage"},"datePublished":"2020-02-13T11:48:39+01:00","dateModified":"2020-02-13T11:48:39+01:00"},{"@type":"WebSite","@id":"https:\/\/eldigitaldeasturias.com\/radio\/#website","url":"https:\/\/eldigitaldeasturias.com\/radio\/","name":"El Digital de Asturias","description":"Diario de informaci\u00f3n y noticias","inLanguage":"es-ES","publisher":{"@id":"https:\/\/eldigitaldeasturias.com\/radio\/#organization"}}]},"og:locale":"es_ES","og:site_name":"El Digital de Asturias | Diario de informaci\u00f3n y noticias","og:type":"article","og:title":"Muestra en Berl\u00edn sobre la pel\u00edcula muda \u00abEl gabinete del Dr. Caligari\u00bb | El Digital de Asturias","og:description":"Berl\u00edn, 12 feb (dpa) - Cien a\u00f1os despu\u00e9s su estreno, el 27 de febrero de 1920, la Cinemateca Alemana de Berl\u00edn dedica una exposici\u00f3n al cl\u00e1sico del cine mudo &quot;El gabinete del Dr. Caligari&quot;. La pel\u00edcula del director alem\u00e1n Robert Wiene sobre el loco hipnotista Caligari, que dirige una feria ambulante y aterra a un","og:url":"https:\/\/eldigitaldeasturias.com\/radio\/muestra-en-berlin-sobre-la-pelicula-muda-el-gabinete-del-dr-caligari\/","og:image":"https:\/\/eldigitaldeasturias.com\/radio\/wp-content\/uploads\/2020\/02\/Muestra-cine-dpa.jpg","og:image:secure_url":"https:\/\/eldigitaldeasturias.com\/radio\/wp-content\/uploads\/2020\/02\/Muestra-cine-dpa.jpg","og:image:width":990,"og:image:height":669,"article:published_time":"2020-02-13T11:48:39+00:00","article:modified_time":"2020-02-13T11:48:39+00:00","twitter:card":"summary_large_image","twitter:site":"@bercodi","twitter:title":"Muestra en Berl\u00edn sobre la pel\u00edcula muda \u00abEl gabinete del Dr. Caligari\u00bb | El Digital de Asturias","twitter:description":"Berl\u00edn, 12 feb (dpa) - Cien a\u00f1os despu\u00e9s su estreno, el 27 de febrero de 1920, la Cinemateca Alemana de Berl\u00edn dedica una exposici\u00f3n al cl\u00e1sico del cine mudo &quot;El gabinete del Dr. Caligari&quot;. La pel\u00edcula del director alem\u00e1n Robert Wiene sobre el loco hipnotista Caligari, que dirige una feria ambulante y aterra a un","twitter:creator":"@bercodi","twitter:image":"https:\/\/eldigitaldeasturias.com\/radio\/wp-content\/uploads\/2020\/02\/Muestra-cine-dpa.jpg"},"aioseo_meta_data":{"post_id":"3966","title":null,"description":null,"keywords":null,"keyphrases":null,"primary_term":null,"canonical_url":null,"og_title":null,"og_description":null,"og_object_type":"default","og_image_type":"default","og_image_url":null,"og_image_width":null,"og_image_height":null,"og_image_custom_url":null,"og_image_custom_fields":null,"og_video":null,"og_custom_url":null,"og_article_section":null,"og_article_tags":null,"twitter_use_og":false,"twitter_card":"default","twitter_image_type":"default","twitter_image_url":null,"twitter_image_custom_url":null,"twitter_image_custom_fields":null,"twitter_title":null,"twitter_description":null,"schema":{"blockGraphs":[],"customGraphs":[],"default":{"data":{"Article":[],"Course":[],"Dataset":[],"FAQPage":[],"Movie":[],"Person":[],"Product":[],"ProductReview":[],"Car":[],"Recipe":[],"Service":[],"SoftwareApplication":[],"WebPage":[]},"graphName":"","isEnabled":true},"graphs":[],"defaultGraph":"","defaultPostTypeGraph":""},"schema_type":null,"schema_type_options":null,"pillar_content":false,"robots_default":true,"robots_noindex":false,"robots_noarchive":false,"robots_nosnippet":false,"robots_nofollow":false,"robots_noimageindex":false,"robots_noodp":false,"robots_notranslate":false,"robots_max_snippet":null,"robots_max_videopreview":null,"robots_max_imagepreview":"large","priority":null,"frequency":null,"location":null,"local_seo":null,"seo_analyzer_scan_date":"2025-08-28 15:10:51","breadcrumb_settings":null,"limit_modified_date":false,"open_ai":null,"ai":null,"created":"2021-03-25 19:01:03","updated":"2025-08-28 15:10:51"},"aioseo_breadcrumb":"<div class=\"aioseo-breadcrumbs\"><span class=\"aioseo-breadcrumb\">\n\t<a href=\"https:\/\/eldigitaldeasturias.com\/radio\" title=\"Inicio\">Inicio<\/a>\n<\/span><span class=\"aioseo-breadcrumb-separator\">&ndash;<\/span><span class=\"aioseo-breadcrumb\">\n\t<a href=\"https:\/\/eldigitaldeasturias.com\/radio\/category\/variedades\/\" title=\"Variedades\">Variedades<\/a>\n<\/span><span class=\"aioseo-breadcrumb-separator\">&ndash;<\/span><span class=\"aioseo-breadcrumb\">\n\tMuestra en Berl\u00edn sobre la pel\u00edcula muda \u00abEl gabinete del Dr. Caligari\u00bb\n<\/span><\/div>","aioseo_breadcrumb_json":[{"label":"Inicio","link":"https:\/\/eldigitaldeasturias.com\/radio"},{"label":"Variedades","link":"https:\/\/eldigitaldeasturias.com\/radio\/category\/variedades\/"},{"label":"Muestra en Berl\u00edn sobre la pel\u00edcula muda \u00abEl gabinete del Dr. Caligari\u00bb","link":"https:\/\/eldigitaldeasturias.com\/radio\/muestra-en-berlin-sobre-la-pelicula-muda-el-gabinete-del-dr-caligari\/"}],"_links":{"self":[{"href":"https:\/\/eldigitaldeasturias.com\/radio\/wp-json\/wp\/v2\/posts\/3966","targetHints":{"allow":["GET"]}}],"collection":[{"href":"https:\/\/eldigitaldeasturias.com\/radio\/wp-json\/wp\/v2\/posts"}],"about":[{"href":"https:\/\/eldigitaldeasturias.com\/radio\/wp-json\/wp\/v2\/types\/post"}],"author":[{"embeddable":true,"href":"https:\/\/eldigitaldeasturias.com\/radio\/wp-json\/wp\/v2\/users\/1"}],"replies":[{"embeddable":true,"href":"https:\/\/eldigitaldeasturias.com\/radio\/wp-json\/wp\/v2\/comments?post=3966"}],"version-history":[{"count":0,"href":"https:\/\/eldigitaldeasturias.com\/radio\/wp-json\/wp\/v2\/posts\/3966\/revisions"}],"wp:featuredmedia":[{"embeddable":true,"href":"https:\/\/eldigitaldeasturias.com\/radio\/wp-json\/wp\/v2\/media\/3967"}],"wp:attachment":[{"href":"https:\/\/eldigitaldeasturias.com\/radio\/wp-json\/wp\/v2\/media?parent=3966"}],"wp:term":[{"taxonomy":"category","embeddable":true,"href":"https:\/\/eldigitaldeasturias.com\/radio\/wp-json\/wp\/v2\/categories?post=3966"},{"taxonomy":"post_tag","embeddable":true,"href":"https:\/\/eldigitaldeasturias.com\/radio\/wp-json\/wp\/v2\/tags?post=3966"}],"curies":[{"name":"wp","href":"https:\/\/api.w.org\/{rel}","templated":true}]}}