{"id":3964,"date":"2020-02-13T06:38:46","date_gmt":"2020-02-13T06:38:46","guid":{"rendered":"http:\/\/www.eldigitaldeasturias.com\/radio\/?p=3964"},"modified":"2020-02-13T06:38:46","modified_gmt":"2020-02-13T06:38:46","slug":"el-precio-de-la-vivienda-en-alemania-se-mantiene-alto","status":"publish","type":"post","link":"https:\/\/eldigitaldeasturias.com\/radio\/el-precio-de-la-vivienda-en-alemania-se-mantiene-alto\/","title":{"rendered":"El precio de la vivienda en Alemania se mantiene alto"},"content":{"rendered":"<p><img fetchpriority=\"high\" decoding=\"async\" class=\"alignleft size-medium wp-image-2266\" src=\"http:\/\/www.eldigitaldeasturias.com\/radio\/wp-content\/uploads\/2019\/01\/berliner-dom-3873686_960_720-360x227.jpg\" alt=\"\" width=\"360\" height=\"227\" srcset=\"https:\/\/eldigitaldeasturias.com\/radio\/wp-content\/uploads\/2019\/01\/berliner-dom-3873686_960_720-360x227.jpg 360w, https:\/\/eldigitaldeasturias.com\/radio\/wp-content\/uploads\/2019\/01\/berliner-dom-3873686_960_720-768x483.jpg 768w, https:\/\/eldigitaldeasturias.com\/radio\/wp-content\/uploads\/2019\/01\/berliner-dom-3873686_960_720.jpg 960w\" sizes=\"(max-width: 360px) 100vw, 360px\" \/>Berl\u00edn, 11 feb (dpa) &#8211; Los alquileres en Alemania aumentaron un 3,5 por ciento en 2019, seg\u00fan se desprende del informe de primavera de la Comisi\u00f3n Central de Bienes Ra\u00edces (ZIA).<\/p>\n<p>En el a\u00f1o 2018, la cifra de los alquileres subi\u00f3 con m\u00e1s fuerza, alcanzando un 3,8 por ciento.<\/p>\n<p>Lars Feld, investigador econ\u00f3mico, dijo hoy en la presentaci\u00f3n de las cifras en Berl\u00edn que el crecimiento de los alquileres hab\u00eda disminuido y que los pol\u00edticos ya no ten\u00edan que preocuparse tanto por el aumento de los alquileres.<\/p>\n<p>Por otro lado, los precios para las viviendas propias siguen subiendo. Seg\u00fan el estudio, el a\u00f1o pasado los precios fueron un 9,7 m\u00e1s altos que el a\u00f1o anterior. Este aumento causa preocupaci\u00f3n al ser significativamente mayor que el de los alquileres seg\u00fan el informe.<\/p>\n<p>Las viviendas unifamiliares y adosadas fueron un 9,3 por ciento m\u00e1s caras el a\u00f1o pasado.<\/p>\n","protected":false},"excerpt":{"rendered":"<p>Berl\u00edn, 11 feb (dpa) &#8211; Los alquileres en Alemania aumentaron un 3,5 por ciento en 2019, seg\u00fan se desprende del informe de primavera de la Comisi\u00f3n Central de Bienes Ra\u00edces (ZIA). En el a\u00f1o 2018, la cifra de los alquileres subi\u00f3 con m\u00e1s fuerza, alcanzando un 3,8 por ciento. Lars Feld, investigador econ\u00f3mico, dijo hoy<\/p>\n","protected":false},"author":1,"featured_media":2266,"comment_status":"closed","ping_status":"closed","sticky":false,"template":"","format":"standard","meta":{"footnotes":""},"categories":[1],"tags":[],"class_list":{"0":"post-3964","1":"post","2":"type-post","3":"status-publish","4":"format-standard","5":"has-post-thumbnail","7":"category-noticias"},"aioseo_notices":[],"aioseo_head":"\n\t\t<!-- All in One SEO Pro 4.9.6.2 - aioseo.com -->\n\t<meta name=\"description\" content=\"Berl\u00edn, 11 feb (dpa) - Los alquileres en Alemania aumentaron un 3,5 por ciento en 2019, seg\u00fan se desprende del informe de primavera de la Comisi\u00f3n Central de Bienes Ra\u00edces (ZIA). En el a\u00f1o 2018, la cifra de los alquileres subi\u00f3 con m\u00e1s fuerza, alcanzando un 3,8 por ciento. Lars Feld, investigador econ\u00f3mico, dijo hoy\" \/>\n\t<meta name=\"robots\" content=\"max-image-preview:large\" \/>\n\t<meta name=\"author\" content=\"NBAsturias\"\/>\n\t<meta name=\"google-site-verification\" content=\"UA-38556648-1\" \/>\n\t<meta name=\"keywords\" content=\"noticias\" \/>\n\t<link rel=\"canonical\" href=\"https:\/\/eldigitaldeasturias.com\/radio\/el-precio-de-la-vivienda-en-alemania-se-mantiene-alto\/\" \/>\n\t<meta name=\"generator\" content=\"All in One SEO Pro (AIOSEO) 4.9.6.2\" \/>\n\t\t<meta property=\"og:locale\" content=\"es_ES\" \/>\n\t\t<meta property=\"og:site_name\" content=\"El Digital de Asturias | Diario de informaci\u00f3n y noticias\" \/>\n\t\t<meta property=\"og:type\" content=\"article\" \/>\n\t\t<meta property=\"og:title\" content=\"El precio de la vivienda en Alemania se mantiene alto | El Digital de Asturias\" \/>\n\t\t<meta property=\"og:description\" content=\"Berl\u00edn, 11 feb (dpa) - Los alquileres en Alemania aumentaron un 3,5 por ciento en 2019, seg\u00fan se desprende del informe de primavera de la Comisi\u00f3n Central de Bienes Ra\u00edces (ZIA). En el a\u00f1o 2018, la cifra de los alquileres subi\u00f3 con m\u00e1s fuerza, alcanzando un 3,8 por ciento. Lars Feld, investigador econ\u00f3mico, dijo hoy\" \/>\n\t\t<meta property=\"og:url\" content=\"https:\/\/eldigitaldeasturias.com\/radio\/el-precio-de-la-vivienda-en-alemania-se-mantiene-alto\/\" \/>\n\t\t<meta property=\"og:image\" content=\"https:\/\/eldigitaldeasturias.com\/radio\/wp-content\/uploads\/2019\/01\/berliner-dom-3873686_960_720.jpg\" \/>\n\t\t<meta property=\"og:image:secure_url\" content=\"https:\/\/eldigitaldeasturias.com\/radio\/wp-content\/uploads\/2019\/01\/berliner-dom-3873686_960_720.jpg\" \/>\n\t\t<meta property=\"og:image:width\" content=\"960\" \/>\n\t\t<meta property=\"og:image:height\" content=\"604\" \/>\n\t\t<meta property=\"article:published_time\" content=\"2020-02-13T06:38:46+00:00\" \/>\n\t\t<meta property=\"article:modified_time\" content=\"2020-02-13T06:38:46+00:00\" \/>\n\t\t<meta name=\"twitter:card\" content=\"summary_large_image\" \/>\n\t\t<meta name=\"twitter:site\" content=\"@bercodi\" \/>\n\t\t<meta name=\"twitter:title\" content=\"El precio de la vivienda en Alemania se mantiene alto | El Digital de Asturias\" \/>\n\t\t<meta name=\"twitter:description\" content=\"Berl\u00edn, 11 feb (dpa) - Los alquileres en Alemania aumentaron un 3,5 por ciento en 2019, seg\u00fan se desprende del informe de primavera de la Comisi\u00f3n Central de Bienes Ra\u00edces (ZIA). En el a\u00f1o 2018, la cifra de los alquileres subi\u00f3 con m\u00e1s fuerza, alcanzando un 3,8 por ciento. Lars Feld, investigador econ\u00f3mico, dijo hoy\" \/>\n\t\t<meta name=\"twitter:creator\" content=\"@bercodi\" \/>\n\t\t<meta name=\"twitter:image\" content=\"https:\/\/eldigitaldeasturias.com\/radio\/wp-content\/uploads\/2019\/01\/berliner-dom-3873686_960_720.jpg\" \/>\n\t\t<script type=\"application\/ld+json\" class=\"aioseo-schema\">\n\t\t\t{\"@context\":\"https:\\\/\\\/schema.org\",\"@graph\":[{\"@type\":\"BreadcrumbList\",\"@id\":\"https:\\\/\\\/eldigitaldeasturias.com\\\/radio\\\/el-precio-de-la-vivienda-en-alemania-se-mantiene-alto\\\/#breadcrumblist\",\"itemListElement\":[{\"@type\":\"ListItem\",\"@id\":\"https:\\\/\\\/eldigitaldeasturias.com\\\/radio#listItem\",\"position\":1,\"name\":\"Inicio\",\"item\":\"https:\\\/\\\/eldigitaldeasturias.com\\\/radio\",\"nextItem\":{\"@type\":\"ListItem\",\"@id\":\"https:\\\/\\\/eldigitaldeasturias.com\\\/radio\\\/category\\\/noticias\\\/#listItem\",\"name\":\"Noticias\"}},{\"@type\":\"ListItem\",\"@id\":\"https:\\\/\\\/eldigitaldeasturias.com\\\/radio\\\/category\\\/noticias\\\/#listItem\",\"position\":2,\"name\":\"Noticias\",\"item\":\"https:\\\/\\\/eldigitaldeasturias.com\\\/radio\\\/category\\\/noticias\\\/\",\"nextItem\":{\"@type\":\"ListItem\",\"@id\":\"https:\\\/\\\/eldigitaldeasturias.com\\\/radio\\\/el-precio-de-la-vivienda-en-alemania-se-mantiene-alto\\\/#listItem\",\"name\":\"El precio de la vivienda en Alemania se mantiene alto\"},\"previousItem\":{\"@type\":\"ListItem\",\"@id\":\"https:\\\/\\\/eldigitaldeasturias.com\\\/radio#listItem\",\"name\":\"Inicio\"}},{\"@type\":\"ListItem\",\"@id\":\"https:\\\/\\\/eldigitaldeasturias.com\\\/radio\\\/el-precio-de-la-vivienda-en-alemania-se-mantiene-alto\\\/#listItem\",\"position\":3,\"name\":\"El precio de la vivienda en Alemania se mantiene alto\",\"previousItem\":{\"@type\":\"ListItem\",\"@id\":\"https:\\\/\\\/eldigitaldeasturias.com\\\/radio\\\/category\\\/noticias\\\/#listItem\",\"name\":\"Noticias\"}}]},{\"@type\":\"NewsArticle\",\"@id\":\"https:\\\/\\\/eldigitaldeasturias.com\\\/radio\\\/el-precio-de-la-vivienda-en-alemania-se-mantiene-alto\\\/#newsarticle\",\"name\":\"El precio de la vivienda en Alemania se mantiene alto | El Digital de Asturias\",\"headline\":\"El precio de la vivienda en Alemania se mantiene alto\",\"author\":{\"@id\":\"https:\\\/\\\/eldigitaldeasturias.com\\\/radio\\\/author\\\/nbasturias\\\/#author\"},\"publisher\":{\"@id\":\"https:\\\/\\\/eldigitaldeasturias.com\\\/radio\\\/#organization\"},\"image\":{\"@type\":\"ImageObject\",\"url\":\"https:\\\/\\\/eldigitaldeasturias.com\\\/radio\\\/wp-content\\\/uploads\\\/2019\\\/01\\\/berliner-dom-3873686_960_720.jpg\",\"width\":960,\"height\":604},\"datePublished\":\"2020-02-13T06:38:46+01:00\",\"dateModified\":\"2020-02-13T06:38:46+01:00\",\"inLanguage\":\"es-ES\",\"mainEntityOfPage\":{\"@id\":\"https:\\\/\\\/eldigitaldeasturias.com\\\/radio\\\/el-precio-de-la-vivienda-en-alemania-se-mantiene-alto\\\/#webpage\"},\"isPartOf\":{\"@id\":\"https:\\\/\\\/eldigitaldeasturias.com\\\/radio\\\/el-precio-de-la-vivienda-en-alemania-se-mantiene-alto\\\/#webpage\"},\"articleSection\":\"Noticias\",\"dateline\":\"Publicado el febrero 13, 2020.\"},{\"@type\":\"Organization\",\"@id\":\"https:\\\/\\\/eldigitaldeasturias.com\\\/radio\\\/#organization\",\"name\":\"El digital de Asturias Radio\",\"description\":\"Diario de informaci\\u00f3n y noticias\",\"url\":\"https:\\\/\\\/eldigitaldeasturias.com\\\/radio\\\/\",\"telephone\":\"+34652131393\",\"logo\":{\"@type\":\"ImageObject\",\"url\":\"https:\\\/\\\/www.eldigitaldeasturias.com\\\/radio\\\/wp-content\\\/uploads\\\/2021\\\/03\\\/EDA.jpg\",\"@id\":\"https:\\\/\\\/eldigitaldeasturias.com\\\/radio\\\/el-precio-de-la-vivienda-en-alemania-se-mantiene-alto\\\/#organizationLogo\"},\"image\":{\"@id\":\"https:\\\/\\\/eldigitaldeasturias.com\\\/radio\\\/el-precio-de-la-vivienda-en-alemania-se-mantiene-alto\\\/#organizationLogo\"},\"sameAs\":[\"https:\\\/\\\/www.facebook.com\\\/\",\"https:\\\/\\\/x.com\\\/bercodi\",\"https:\\\/\\\/www.instagram.com\\\/\",\"https:\\\/\\\/www.youtube.com\\\/channel\\\/UCZP-2wLEB9Rv6erhFmqVnvg\"]},{\"@type\":\"Person\",\"@id\":\"https:\\\/\\\/eldigitaldeasturias.com\\\/radio\\\/author\\\/nbasturias\\\/#author\",\"url\":\"https:\\\/\\\/eldigitaldeasturias.com\\\/radio\\\/author\\\/nbasturias\\\/\",\"name\":\"NBAsturias\",\"image\":{\"@type\":\"ImageObject\",\"@id\":\"https:\\\/\\\/eldigitaldeasturias.com\\\/radio\\\/el-precio-de-la-vivienda-en-alemania-se-mantiene-alto\\\/#authorImage\",\"url\":\"https:\\\/\\\/secure.gravatar.com\\\/avatar\\\/df2aeffc32bcd13f8d26072ef8a91b623d677766deac7f97ca815868cd41bf5e?s=96&d=mm&r=g\",\"width\":96,\"height\":96,\"caption\":\"NBAsturias\"}},{\"@type\":\"WebPage\",\"@id\":\"https:\\\/\\\/eldigitaldeasturias.com\\\/radio\\\/el-precio-de-la-vivienda-en-alemania-se-mantiene-alto\\\/#webpage\",\"url\":\"https:\\\/\\\/eldigitaldeasturias.com\\\/radio\\\/el-precio-de-la-vivienda-en-alemania-se-mantiene-alto\\\/\",\"name\":\"El precio de la vivienda en Alemania se mantiene alto | El Digital de Asturias\",\"description\":\"Berl\\u00edn, 11 feb (dpa) - Los alquileres en Alemania aumentaron un 3,5 por ciento en 2019, seg\\u00fan se desprende del informe de primavera de la Comisi\\u00f3n Central de Bienes Ra\\u00edces (ZIA). En el a\\u00f1o 2018, la cifra de los alquileres subi\\u00f3 con m\\u00e1s fuerza, alcanzando un 3,8 por ciento. Lars Feld, investigador econ\\u00f3mico, dijo hoy\",\"inLanguage\":\"es-ES\",\"isPartOf\":{\"@id\":\"https:\\\/\\\/eldigitaldeasturias.com\\\/radio\\\/#website\"},\"breadcrumb\":{\"@id\":\"https:\\\/\\\/eldigitaldeasturias.com\\\/radio\\\/el-precio-de-la-vivienda-en-alemania-se-mantiene-alto\\\/#breadcrumblist\"},\"author\":{\"@id\":\"https:\\\/\\\/eldigitaldeasturias.com\\\/radio\\\/author\\\/nbasturias\\\/#author\"},\"creator\":{\"@id\":\"https:\\\/\\\/eldigitaldeasturias.com\\\/radio\\\/author\\\/nbasturias\\\/#author\"},\"image\":{\"@type\":\"ImageObject\",\"url\":\"https:\\\/\\\/eldigitaldeasturias.com\\\/radio\\\/wp-content\\\/uploads\\\/2019\\\/01\\\/berliner-dom-3873686_960_720.jpg\",\"@id\":\"https:\\\/\\\/eldigitaldeasturias.com\\\/radio\\\/el-precio-de-la-vivienda-en-alemania-se-mantiene-alto\\\/#mainImage\",\"width\":960,\"height\":604},\"primaryImageOfPage\":{\"@id\":\"https:\\\/\\\/eldigitaldeasturias.com\\\/radio\\\/el-precio-de-la-vivienda-en-alemania-se-mantiene-alto\\\/#mainImage\"},\"datePublished\":\"2020-02-13T06:38:46+01:00\",\"dateModified\":\"2020-02-13T06:38:46+01:00\"},{\"@type\":\"WebSite\",\"@id\":\"https:\\\/\\\/eldigitaldeasturias.com\\\/radio\\\/#website\",\"url\":\"https:\\\/\\\/eldigitaldeasturias.com\\\/radio\\\/\",\"name\":\"El Digital de Asturias\",\"description\":\"Diario de informaci\\u00f3n y noticias\",\"inLanguage\":\"es-ES\",\"publisher\":{\"@id\":\"https:\\\/\\\/eldigitaldeasturias.com\\\/radio\\\/#organization\"}}]}\n\t\t<\/script>\n\t\t<!-- All in One SEO Pro -->\r\n\t\t<title>El precio de la vivienda en Alemania se mantiene alto | El Digital de Asturias<\/title>\n\n","aioseo_head_json":{"title":"El precio de la vivienda en Alemania se mantiene alto | El Digital de Asturias","description":"Berl\u00edn, 11 feb (dpa) - Los alquileres en Alemania aumentaron un 3,5 por ciento en 2019, seg\u00fan se desprende del informe de primavera de la Comisi\u00f3n Central de Bienes Ra\u00edces (ZIA). En el a\u00f1o 2018, la cifra de los alquileres subi\u00f3 con m\u00e1s fuerza, alcanzando un 3,8 por ciento. Lars Feld, investigador econ\u00f3mico, dijo hoy","canonical_url":"https:\/\/eldigitaldeasturias.com\/radio\/el-precio-de-la-vivienda-en-alemania-se-mantiene-alto\/","robots":"max-image-preview:large","keywords":"noticias","webmasterTools":{"google-site-verification":"UA-38556648-1","miscellaneous":""},"schema":{"@context":"https:\/\/schema.org","@graph":[{"@type":"BreadcrumbList","@id":"https:\/\/eldigitaldeasturias.com\/radio\/el-precio-de-la-vivienda-en-alemania-se-mantiene-alto\/#breadcrumblist","itemListElement":[{"@type":"ListItem","@id":"https:\/\/eldigitaldeasturias.com\/radio#listItem","position":1,"name":"Inicio","item":"https:\/\/eldigitaldeasturias.com\/radio","nextItem":{"@type":"ListItem","@id":"https:\/\/eldigitaldeasturias.com\/radio\/category\/noticias\/#listItem","name":"Noticias"}},{"@type":"ListItem","@id":"https:\/\/eldigitaldeasturias.com\/radio\/category\/noticias\/#listItem","position":2,"name":"Noticias","item":"https:\/\/eldigitaldeasturias.com\/radio\/category\/noticias\/","nextItem":{"@type":"ListItem","@id":"https:\/\/eldigitaldeasturias.com\/radio\/el-precio-de-la-vivienda-en-alemania-se-mantiene-alto\/#listItem","name":"El precio de la vivienda en Alemania se mantiene alto"},"previousItem":{"@type":"ListItem","@id":"https:\/\/eldigitaldeasturias.com\/radio#listItem","name":"Inicio"}},{"@type":"ListItem","@id":"https:\/\/eldigitaldeasturias.com\/radio\/el-precio-de-la-vivienda-en-alemania-se-mantiene-alto\/#listItem","position":3,"name":"El precio de la vivienda en Alemania se mantiene alto","previousItem":{"@type":"ListItem","@id":"https:\/\/eldigitaldeasturias.com\/radio\/category\/noticias\/#listItem","name":"Noticias"}}]},{"@type":"NewsArticle","@id":"https:\/\/eldigitaldeasturias.com\/radio\/el-precio-de-la-vivienda-en-alemania-se-mantiene-alto\/#newsarticle","name":"El precio de la vivienda en Alemania se mantiene alto | El Digital de Asturias","headline":"El precio de la vivienda en Alemania se mantiene alto","author":{"@id":"https:\/\/eldigitaldeasturias.com\/radio\/author\/nbasturias\/#author"},"publisher":{"@id":"https:\/\/eldigitaldeasturias.com\/radio\/#organization"},"image":{"@type":"ImageObject","url":"https:\/\/eldigitaldeasturias.com\/radio\/wp-content\/uploads\/2019\/01\/berliner-dom-3873686_960_720.jpg","width":960,"height":604},"datePublished":"2020-02-13T06:38:46+01:00","dateModified":"2020-02-13T06:38:46+01:00","inLanguage":"es-ES","mainEntityOfPage":{"@id":"https:\/\/eldigitaldeasturias.com\/radio\/el-precio-de-la-vivienda-en-alemania-se-mantiene-alto\/#webpage"},"isPartOf":{"@id":"https:\/\/eldigitaldeasturias.com\/radio\/el-precio-de-la-vivienda-en-alemania-se-mantiene-alto\/#webpage"},"articleSection":"Noticias","dateline":"Publicado el febrero 13, 2020."},{"@type":"Organization","@id":"https:\/\/eldigitaldeasturias.com\/radio\/#organization","name":"El digital de Asturias Radio","description":"Diario de informaci\u00f3n y noticias","url":"https:\/\/eldigitaldeasturias.com\/radio\/","telephone":"+34652131393","logo":{"@type":"ImageObject","url":"https:\/\/www.eldigitaldeasturias.com\/radio\/wp-content\/uploads\/2021\/03\/EDA.jpg","@id":"https:\/\/eldigitaldeasturias.com\/radio\/el-precio-de-la-vivienda-en-alemania-se-mantiene-alto\/#organizationLogo"},"image":{"@id":"https:\/\/eldigitaldeasturias.com\/radio\/el-precio-de-la-vivienda-en-alemania-se-mantiene-alto\/#organizationLogo"},"sameAs":["https:\/\/www.facebook.com\/","https:\/\/x.com\/bercodi","https:\/\/www.instagram.com\/","https:\/\/www.youtube.com\/channel\/UCZP-2wLEB9Rv6erhFmqVnvg"]},{"@type":"Person","@id":"https:\/\/eldigitaldeasturias.com\/radio\/author\/nbasturias\/#author","url":"https:\/\/eldigitaldeasturias.com\/radio\/author\/nbasturias\/","name":"NBAsturias","image":{"@type":"ImageObject","@id":"https:\/\/eldigitaldeasturias.com\/radio\/el-precio-de-la-vivienda-en-alemania-se-mantiene-alto\/#authorImage","url":"https:\/\/secure.gravatar.com\/avatar\/df2aeffc32bcd13f8d26072ef8a91b623d677766deac7f97ca815868cd41bf5e?s=96&d=mm&r=g","width":96,"height":96,"caption":"NBAsturias"}},{"@type":"WebPage","@id":"https:\/\/eldigitaldeasturias.com\/radio\/el-precio-de-la-vivienda-en-alemania-se-mantiene-alto\/#webpage","url":"https:\/\/eldigitaldeasturias.com\/radio\/el-precio-de-la-vivienda-en-alemania-se-mantiene-alto\/","name":"El precio de la vivienda en Alemania se mantiene alto | El Digital de Asturias","description":"Berl\u00edn, 11 feb (dpa) - Los alquileres en Alemania aumentaron un 3,5 por ciento en 2019, seg\u00fan se desprende del informe de primavera de la Comisi\u00f3n Central de Bienes Ra\u00edces (ZIA). En el a\u00f1o 2018, la cifra de los alquileres subi\u00f3 con m\u00e1s fuerza, alcanzando un 3,8 por ciento. Lars Feld, investigador econ\u00f3mico, dijo hoy","inLanguage":"es-ES","isPartOf":{"@id":"https:\/\/eldigitaldeasturias.com\/radio\/#website"},"breadcrumb":{"@id":"https:\/\/eldigitaldeasturias.com\/radio\/el-precio-de-la-vivienda-en-alemania-se-mantiene-alto\/#breadcrumblist"},"author":{"@id":"https:\/\/eldigitaldeasturias.com\/radio\/author\/nbasturias\/#author"},"creator":{"@id":"https:\/\/eldigitaldeasturias.com\/radio\/author\/nbasturias\/#author"},"image":{"@type":"ImageObject","url":"https:\/\/eldigitaldeasturias.com\/radio\/wp-content\/uploads\/2019\/01\/berliner-dom-3873686_960_720.jpg","@id":"https:\/\/eldigitaldeasturias.com\/radio\/el-precio-de-la-vivienda-en-alemania-se-mantiene-alto\/#mainImage","width":960,"height":604},"primaryImageOfPage":{"@id":"https:\/\/eldigitaldeasturias.com\/radio\/el-precio-de-la-vivienda-en-alemania-se-mantiene-alto\/#mainImage"},"datePublished":"2020-02-13T06:38:46+01:00","dateModified":"2020-02-13T06:38:46+01:00"},{"@type":"WebSite","@id":"https:\/\/eldigitaldeasturias.com\/radio\/#website","url":"https:\/\/eldigitaldeasturias.com\/radio\/","name":"El Digital de Asturias","description":"Diario de informaci\u00f3n y noticias","inLanguage":"es-ES","publisher":{"@id":"https:\/\/eldigitaldeasturias.com\/radio\/#organization"}}]},"og:locale":"es_ES","og:site_name":"El Digital de Asturias | Diario de informaci\u00f3n y noticias","og:type":"article","og:title":"El precio de la vivienda en Alemania se mantiene alto | El Digital de Asturias","og:description":"Berl\u00edn, 11 feb (dpa) - Los alquileres en Alemania aumentaron un 3,5 por ciento en 2019, seg\u00fan se desprende del informe de primavera de la Comisi\u00f3n Central de Bienes Ra\u00edces (ZIA). En el a\u00f1o 2018, la cifra de los alquileres subi\u00f3 con m\u00e1s fuerza, alcanzando un 3,8 por ciento. Lars Feld, investigador econ\u00f3mico, dijo hoy","og:url":"https:\/\/eldigitaldeasturias.com\/radio\/el-precio-de-la-vivienda-en-alemania-se-mantiene-alto\/","og:image":"https:\/\/eldigitaldeasturias.com\/radio\/wp-content\/uploads\/2019\/01\/berliner-dom-3873686_960_720.jpg","og:image:secure_url":"https:\/\/eldigitaldeasturias.com\/radio\/wp-content\/uploads\/2019\/01\/berliner-dom-3873686_960_720.jpg","og:image:width":960,"og:image:height":604,"article:published_time":"2020-02-13T06:38:46+00:00","article:modified_time":"2020-02-13T06:38:46+00:00","twitter:card":"summary_large_image","twitter:site":"@bercodi","twitter:title":"El precio de la vivienda en Alemania se mantiene alto | El Digital de Asturias","twitter:description":"Berl\u00edn, 11 feb (dpa) - Los alquileres en Alemania aumentaron un 3,5 por ciento en 2019, seg\u00fan se desprende del informe de primavera de la Comisi\u00f3n Central de Bienes Ra\u00edces (ZIA). En el a\u00f1o 2018, la cifra de los alquileres subi\u00f3 con m\u00e1s fuerza, alcanzando un 3,8 por ciento. Lars Feld, investigador econ\u00f3mico, dijo hoy","twitter:creator":"@bercodi","twitter:image":"https:\/\/eldigitaldeasturias.com\/radio\/wp-content\/uploads\/2019\/01\/berliner-dom-3873686_960_720.jpg"},"aioseo_meta_data":{"post_id":"3964","title":null,"description":null,"keywords":null,"keyphrases":null,"primary_term":null,"canonical_url":null,"og_title":null,"og_description":null,"og_object_type":"default","og_image_type":"default","og_image_url":null,"og_image_width":null,"og_image_height":null,"og_image_custom_url":null,"og_image_custom_fields":null,"og_video":null,"og_custom_url":null,"og_article_section":null,"og_article_tags":null,"twitter_use_og":false,"twitter_card":"default","twitter_image_type":"default","twitter_image_url":null,"twitter_image_custom_url":null,"twitter_image_custom_fields":null,"twitter_title":null,"twitter_description":null,"schema":{"blockGraphs":[],"customGraphs":[],"default":{"data":{"Article":[],"Course":[],"Dataset":[],"FAQPage":[],"Movie":[],"Person":[],"Product":[],"ProductReview":[],"Car":[],"Recipe":[],"Service":[],"SoftwareApplication":[],"WebPage":[]},"graphName":"","isEnabled":true},"graphs":[],"defaultGraph":"","defaultPostTypeGraph":""},"schema_type":null,"schema_type_options":null,"pillar_content":false,"robots_default":true,"robots_noindex":false,"robots_noarchive":false,"robots_nosnippet":false,"robots_nofollow":false,"robots_noimageindex":false,"robots_noodp":false,"robots_notranslate":false,"robots_max_snippet":null,"robots_max_videopreview":null,"robots_max_imagepreview":"large","priority":null,"frequency":null,"location":null,"local_seo":null,"seo_analyzer_scan_date":"2025-08-28 15:10:49","breadcrumb_settings":null,"limit_modified_date":false,"open_ai":null,"ai":null,"created":"2021-03-27 10:30:15","updated":"2025-08-28 15:10:49"},"aioseo_breadcrumb":"<div class=\"aioseo-breadcrumbs\"><span class=\"aioseo-breadcrumb\">\n\t<a href=\"https:\/\/eldigitaldeasturias.com\/radio\" title=\"Inicio\">Inicio<\/a>\n<\/span><span class=\"aioseo-breadcrumb-separator\">&ndash;<\/span><span class=\"aioseo-breadcrumb\">\n\t<a href=\"https:\/\/eldigitaldeasturias.com\/radio\/category\/noticias\/\" title=\"Noticias\">Noticias<\/a>\n<\/span><span class=\"aioseo-breadcrumb-separator\">&ndash;<\/span><span class=\"aioseo-breadcrumb\">\n\tEl precio de la vivienda en Alemania se mantiene alto\n<\/span><\/div>","aioseo_breadcrumb_json":[{"label":"Inicio","link":"https:\/\/eldigitaldeasturias.com\/radio"},{"label":"Noticias","link":"https:\/\/eldigitaldeasturias.com\/radio\/category\/noticias\/"},{"label":"El precio de la vivienda en Alemania se mantiene alto","link":"https:\/\/eldigitaldeasturias.com\/radio\/el-precio-de-la-vivienda-en-alemania-se-mantiene-alto\/"}],"_links":{"self":[{"href":"https:\/\/eldigitaldeasturias.com\/radio\/wp-json\/wp\/v2\/posts\/3964","targetHints":{"allow":["GET"]}}],"collection":[{"href":"https:\/\/eldigitaldeasturias.com\/radio\/wp-json\/wp\/v2\/posts"}],"about":[{"href":"https:\/\/eldigitaldeasturias.com\/radio\/wp-json\/wp\/v2\/types\/post"}],"author":[{"embeddable":true,"href":"https:\/\/eldigitaldeasturias.com\/radio\/wp-json\/wp\/v2\/users\/1"}],"replies":[{"embeddable":true,"href":"https:\/\/eldigitaldeasturias.com\/radio\/wp-json\/wp\/v2\/comments?post=3964"}],"version-history":[{"count":0,"href":"https:\/\/eldigitaldeasturias.com\/radio\/wp-json\/wp\/v2\/posts\/3964\/revisions"}],"wp:featuredmedia":[{"embeddable":true,"href":"https:\/\/eldigitaldeasturias.com\/radio\/wp-json\/wp\/v2\/media\/2266"}],"wp:attachment":[{"href":"https:\/\/eldigitaldeasturias.com\/radio\/wp-json\/wp\/v2\/media?parent=3964"}],"wp:term":[{"taxonomy":"category","embeddable":true,"href":"https:\/\/eldigitaldeasturias.com\/radio\/wp-json\/wp\/v2\/categories?post=3964"},{"taxonomy":"post_tag","embeddable":true,"href":"https:\/\/eldigitaldeasturias.com\/radio\/wp-json\/wp\/v2\/tags?post=3964"}],"curies":[{"name":"wp","href":"https:\/\/api.w.org\/{rel}","templated":true}]}}