{"id":3961,"date":"2020-02-13T06:32:15","date_gmt":"2020-02-13T06:32:15","guid":{"rendered":"http:\/\/www.eldigitaldeasturias.com\/radio\/?p=3961"},"modified":"2020-02-13T06:32:15","modified_gmt":"2020-02-13T06:32:15","slug":"historiador-aleman-dice-que-bombardeo-de-dresde-no-fue-singular","status":"publish","type":"post","link":"https:\/\/eldigitaldeasturias.com\/radio\/historiador-aleman-dice-que-bombardeo-de-dresde-no-fue-singular\/","title":{"rendered":"Historiador alem\u00e1n dice que bombardeo de Dresde no fue \u00absingular\u00bb"},"content":{"rendered":"<p><img fetchpriority=\"high\" decoding=\"async\" class=\"alignleft size-medium wp-image-3962\" src=\"http:\/\/www.eldigitaldeasturias.com\/radio\/wp-content\/uploads\/2020\/02\/bombardeo-Dresde-dpa-360x251.jpg\" alt=\"\" width=\"360\" height=\"251\" srcset=\"https:\/\/eldigitaldeasturias.com\/radio\/wp-content\/uploads\/2020\/02\/bombardeo-Dresde-dpa-360x251.jpg 360w, https:\/\/eldigitaldeasturias.com\/radio\/wp-content\/uploads\/2020\/02\/bombardeo-Dresde-dpa-768x535.jpg 768w, https:\/\/eldigitaldeasturias.com\/radio\/wp-content\/uploads\/2020\/02\/bombardeo-Dresde-dpa.jpg 965w\" sizes=\"(max-width: 360px) 100vw, 360px\" \/>Dresde (Alemania), 11 feb (dpa) &#8211; El historiador militar alem\u00e1n Jens Wehner advirti\u00f3 que no hay que utilizar los ataques a\u00e9reos contra Dresde en febrero de 1945 para dar otra interpretaci\u00f3n a la Segunda Guerra Mundial y relativizar la culpa alemana.<\/p>\n<p>Seg\u00fan dijo a dpa en Dresde el historiador de 41 a\u00f1os, el bombardeo no fue \u00abning\u00fan acontecimiento singular\u00bb en la guerra. En su opini\u00f3n, fue un ataque \u00abnormal\u00bb con un efecto enorme, con hasta 25.000 v\u00edctimas mortales.<\/p>\n<p>A\u00f1adi\u00f3 que por eso mismo, fue investigado por numerosos cient\u00edficos y se public\u00f3 mucho acerca de \u00e9l. \u00abEn Tokio murieron unas 100.000 personas en un solo ataque. Hiroshima y Nagasaki tampoco tuvieron parang\u00f3n\u00bb, afirm\u00f3.<\/p>\n<p>Wehner es curador en el museo hist\u00f3rico militar de las Fuerzas Armadas alemanas en Dresde y es considerado experto en la guerra a\u00e9rea.<\/p>\n<p>Adem\u00e1s, dijo que, si bien para algunos especialistas en derecho internacional el bombardeo de Dresde del 13 de febrero fue un crimen de guerra, hay que evaluar esto con un gran \u00abpero\u00bb.<\/p>\n<p>\u00abNo se puede analizar Dresde sin el contexto del transcurso de la guerra. Si Dresde fue un crimen de guerra, entonces tambi\u00e9n lo fueron muchos otros ataques a\u00e9reos durante la Segunda Guerra Mundial, ya sea de los alemanes o los aliados\u00bb, opin\u00f3.<\/p>\n<p>El historiador remarc\u00f3 que Dresde no debe ser usado para reinterpretar la guerra. A\u00f1adi\u00f3 que tampoco hay pruebas de que algunos aviones hayan volado a baja altura persiguiendo a las personas.<\/p>\n<p>Indic\u00f3 que, posiblemente, en los combates a\u00e9reos entre los cazas alemanes y estadounidenses del 14 de febrero, algunas salvas hayan terminado en el suelo.<\/p>\n<p>De acuerdo con Wehner, Dresde apenas estaba preparada para ataques a\u00e9reos en febrero de 1945. \u00abNo hab\u00eda una defensa a\u00e9rea. Hab\u00eda algunos cazas nocturnos pero con falta de combustible en el aeropuerto. La mayor\u00eda de las protecciones antia\u00e9reas hab\u00edan sido retiradas\u00bb, se\u00f1al\u00f3.<\/p>\n<p>Por otra parte, dijo que la mayor\u00eda de la poblaci\u00f3n cre\u00eda que Dresde ser\u00eda preservada por su patrimonio cultural. Al comienzo de la guerra, los brit\u00e1nicos colocaron en la mira objetivos militares para sus ataques a\u00e9reos y, luego, la industria armament\u00edstica.<\/p>\n<p>En 1942 se tom\u00f3 la decisi\u00f3n de ampliar los ataques a las \u00e1reas residenciales para afectar la moral de los alemanes. Por otra parte, el bombardeo de Dresde fue visto de forma cr\u00edtica incluso en el Reino Unido.<\/p>\n","protected":false},"excerpt":{"rendered":"<p>Dresde (Alemania), 11 feb (dpa) &#8211; El historiador militar alem\u00e1n Jens Wehner advirti\u00f3 que no hay que utilizar los ataques a\u00e9reos contra Dresde en febrero de 1945 para dar otra interpretaci\u00f3n a la Segunda Guerra Mundial y relativizar la culpa alemana. Seg\u00fan dijo a dpa en Dresde el historiador de 41 a\u00f1os, el bombardeo no<\/p>\n","protected":false},"author":1,"featured_media":3962,"comment_status":"closed","ping_status":"closed","sticky":false,"template":"","format":"standard","meta":{"footnotes":""},"categories":[1],"tags":[],"class_list":{"0":"post-3961","1":"post","2":"type-post","3":"status-publish","4":"format-standard","5":"has-post-thumbnail","7":"category-noticias"},"aioseo_notices":[],"aioseo_head":"\n\t\t<!-- All in One SEO Pro 4.9.6.2 - aioseo.com -->\n\t<meta name=\"description\" content=\"Dresde (Alemania), 11 feb (dpa) - El historiador militar alem\u00e1n Jens Wehner advirti\u00f3 que no hay que utilizar los ataques a\u00e9reos contra Dresde en febrero de 1945 para dar otra interpretaci\u00f3n a la Segunda Guerra Mundial y relativizar la culpa alemana. Seg\u00fan dijo a dpa en Dresde el historiador de 41 a\u00f1os, el bombardeo no\" \/>\n\t<meta name=\"robots\" content=\"max-image-preview:large\" \/>\n\t<meta name=\"author\" content=\"NBAsturias\"\/>\n\t<meta name=\"google-site-verification\" content=\"UA-38556648-1\" \/>\n\t<meta name=\"keywords\" content=\"noticias\" \/>\n\t<link rel=\"canonical\" href=\"https:\/\/eldigitaldeasturias.com\/radio\/historiador-aleman-dice-que-bombardeo-de-dresde-no-fue-singular\/\" \/>\n\t<meta name=\"generator\" content=\"All in One SEO Pro (AIOSEO) 4.9.6.2\" \/>\n\t\t<meta property=\"og:locale\" content=\"es_ES\" \/>\n\t\t<meta property=\"og:site_name\" content=\"El Digital de Asturias | Diario de informaci\u00f3n y noticias\" \/>\n\t\t<meta property=\"og:type\" content=\"article\" \/>\n\t\t<meta property=\"og:title\" content=\"Historiador alem\u00e1n dice que bombardeo de Dresde no fue \u00absingular\u00bb | El Digital de Asturias\" \/>\n\t\t<meta property=\"og:description\" content=\"Dresde (Alemania), 11 feb (dpa) - El historiador militar alem\u00e1n Jens Wehner advirti\u00f3 que no hay que utilizar los ataques a\u00e9reos contra Dresde en febrero de 1945 para dar otra interpretaci\u00f3n a la Segunda Guerra Mundial y relativizar la culpa alemana. Seg\u00fan dijo a dpa en Dresde el historiador de 41 a\u00f1os, el bombardeo no\" \/>\n\t\t<meta property=\"og:url\" content=\"https:\/\/eldigitaldeasturias.com\/radio\/historiador-aleman-dice-que-bombardeo-de-dresde-no-fue-singular\/\" \/>\n\t\t<meta property=\"og:image\" content=\"https:\/\/eldigitaldeasturias.com\/radio\/wp-content\/uploads\/2020\/02\/bombardeo-Dresde-dpa.jpg\" \/>\n\t\t<meta property=\"og:image:secure_url\" content=\"https:\/\/eldigitaldeasturias.com\/radio\/wp-content\/uploads\/2020\/02\/bombardeo-Dresde-dpa.jpg\" \/>\n\t\t<meta property=\"og:image:width\" content=\"965\" \/>\n\t\t<meta property=\"og:image:height\" content=\"672\" \/>\n\t\t<meta property=\"article:published_time\" content=\"2020-02-13T06:32:15+00:00\" \/>\n\t\t<meta property=\"article:modified_time\" content=\"2020-02-13T06:32:15+00:00\" \/>\n\t\t<meta name=\"twitter:card\" content=\"summary_large_image\" \/>\n\t\t<meta name=\"twitter:site\" content=\"@bercodi\" \/>\n\t\t<meta name=\"twitter:title\" content=\"Historiador alem\u00e1n dice que bombardeo de Dresde no fue \u00absingular\u00bb | El Digital de Asturias\" \/>\n\t\t<meta name=\"twitter:description\" content=\"Dresde (Alemania), 11 feb (dpa) - El historiador militar alem\u00e1n Jens Wehner advirti\u00f3 que no hay que utilizar los ataques a\u00e9reos contra Dresde en febrero de 1945 para dar otra interpretaci\u00f3n a la Segunda Guerra Mundial y relativizar la culpa alemana. Seg\u00fan dijo a dpa en Dresde el historiador de 41 a\u00f1os, el bombardeo no\" \/>\n\t\t<meta name=\"twitter:creator\" content=\"@bercodi\" \/>\n\t\t<meta name=\"twitter:image\" content=\"https:\/\/eldigitaldeasturias.com\/radio\/wp-content\/uploads\/2020\/02\/bombardeo-Dresde-dpa.jpg\" \/>\n\t\t<script type=\"application\/ld+json\" class=\"aioseo-schema\">\n\t\t\t{\"@context\":\"https:\\\/\\\/schema.org\",\"@graph\":[{\"@type\":\"BreadcrumbList\",\"@id\":\"https:\\\/\\\/eldigitaldeasturias.com\\\/radio\\\/historiador-aleman-dice-que-bombardeo-de-dresde-no-fue-singular\\\/#breadcrumblist\",\"itemListElement\":[{\"@type\":\"ListItem\",\"@id\":\"https:\\\/\\\/eldigitaldeasturias.com\\\/radio#listItem\",\"position\":1,\"name\":\"Inicio\",\"item\":\"https:\\\/\\\/eldigitaldeasturias.com\\\/radio\",\"nextItem\":{\"@type\":\"ListItem\",\"@id\":\"https:\\\/\\\/eldigitaldeasturias.com\\\/radio\\\/category\\\/noticias\\\/#listItem\",\"name\":\"Noticias\"}},{\"@type\":\"ListItem\",\"@id\":\"https:\\\/\\\/eldigitaldeasturias.com\\\/radio\\\/category\\\/noticias\\\/#listItem\",\"position\":2,\"name\":\"Noticias\",\"item\":\"https:\\\/\\\/eldigitaldeasturias.com\\\/radio\\\/category\\\/noticias\\\/\",\"nextItem\":{\"@type\":\"ListItem\",\"@id\":\"https:\\\/\\\/eldigitaldeasturias.com\\\/radio\\\/historiador-aleman-dice-que-bombardeo-de-dresde-no-fue-singular\\\/#listItem\",\"name\":\"Historiador alem\\u00e1n dice que bombardeo de Dresde no fue \\u00absingular\\u00bb\"},\"previousItem\":{\"@type\":\"ListItem\",\"@id\":\"https:\\\/\\\/eldigitaldeasturias.com\\\/radio#listItem\",\"name\":\"Inicio\"}},{\"@type\":\"ListItem\",\"@id\":\"https:\\\/\\\/eldigitaldeasturias.com\\\/radio\\\/historiador-aleman-dice-que-bombardeo-de-dresde-no-fue-singular\\\/#listItem\",\"position\":3,\"name\":\"Historiador alem\\u00e1n dice que bombardeo de Dresde no fue \\u00absingular\\u00bb\",\"previousItem\":{\"@type\":\"ListItem\",\"@id\":\"https:\\\/\\\/eldigitaldeasturias.com\\\/radio\\\/category\\\/noticias\\\/#listItem\",\"name\":\"Noticias\"}}]},{\"@type\":\"NewsArticle\",\"@id\":\"https:\\\/\\\/eldigitaldeasturias.com\\\/radio\\\/historiador-aleman-dice-que-bombardeo-de-dresde-no-fue-singular\\\/#newsarticle\",\"name\":\"Historiador alem\\u00e1n dice que bombardeo de Dresde no fue \\u00absingular\\u00bb | El Digital de Asturias\",\"headline\":\"Historiador alem\\u00e1n dice que bombardeo de Dresde no fue \\u00absingular\\u00bb\",\"author\":{\"@id\":\"https:\\\/\\\/eldigitaldeasturias.com\\\/radio\\\/author\\\/nbasturias\\\/#author\"},\"publisher\":{\"@id\":\"https:\\\/\\\/eldigitaldeasturias.com\\\/radio\\\/#organization\"},\"image\":{\"@type\":\"ImageObject\",\"url\":\"https:\\\/\\\/eldigitaldeasturias.com\\\/radio\\\/wp-content\\\/uploads\\\/2020\\\/02\\\/bombardeo-Dresde-dpa.jpg\",\"width\":965,\"height\":672},\"datePublished\":\"2020-02-13T06:32:15+01:00\",\"dateModified\":\"2020-02-13T06:32:15+01:00\",\"inLanguage\":\"es-ES\",\"mainEntityOfPage\":{\"@id\":\"https:\\\/\\\/eldigitaldeasturias.com\\\/radio\\\/historiador-aleman-dice-que-bombardeo-de-dresde-no-fue-singular\\\/#webpage\"},\"isPartOf\":{\"@id\":\"https:\\\/\\\/eldigitaldeasturias.com\\\/radio\\\/historiador-aleman-dice-que-bombardeo-de-dresde-no-fue-singular\\\/#webpage\"},\"articleSection\":\"Noticias\",\"dateline\":\"Publicado el febrero 13, 2020.\"},{\"@type\":\"Organization\",\"@id\":\"https:\\\/\\\/eldigitaldeasturias.com\\\/radio\\\/#organization\",\"name\":\"El digital de Asturias Radio\",\"description\":\"Diario de informaci\\u00f3n y noticias\",\"url\":\"https:\\\/\\\/eldigitaldeasturias.com\\\/radio\\\/\",\"telephone\":\"+34652131393\",\"logo\":{\"@type\":\"ImageObject\",\"url\":\"https:\\\/\\\/www.eldigitaldeasturias.com\\\/radio\\\/wp-content\\\/uploads\\\/2021\\\/03\\\/EDA.jpg\",\"@id\":\"https:\\\/\\\/eldigitaldeasturias.com\\\/radio\\\/historiador-aleman-dice-que-bombardeo-de-dresde-no-fue-singular\\\/#organizationLogo\"},\"image\":{\"@id\":\"https:\\\/\\\/eldigitaldeasturias.com\\\/radio\\\/historiador-aleman-dice-que-bombardeo-de-dresde-no-fue-singular\\\/#organizationLogo\"},\"sameAs\":[\"https:\\\/\\\/www.facebook.com\\\/\",\"https:\\\/\\\/x.com\\\/bercodi\",\"https:\\\/\\\/www.instagram.com\\\/\",\"https:\\\/\\\/www.youtube.com\\\/channel\\\/UCZP-2wLEB9Rv6erhFmqVnvg\"]},{\"@type\":\"Person\",\"@id\":\"https:\\\/\\\/eldigitaldeasturias.com\\\/radio\\\/author\\\/nbasturias\\\/#author\",\"url\":\"https:\\\/\\\/eldigitaldeasturias.com\\\/radio\\\/author\\\/nbasturias\\\/\",\"name\":\"NBAsturias\",\"image\":{\"@type\":\"ImageObject\",\"@id\":\"https:\\\/\\\/eldigitaldeasturias.com\\\/radio\\\/historiador-aleman-dice-que-bombardeo-de-dresde-no-fue-singular\\\/#authorImage\",\"url\":\"https:\\\/\\\/secure.gravatar.com\\\/avatar\\\/df2aeffc32bcd13f8d26072ef8a91b623d677766deac7f97ca815868cd41bf5e?s=96&d=mm&r=g\",\"width\":96,\"height\":96,\"caption\":\"NBAsturias\"}},{\"@type\":\"WebPage\",\"@id\":\"https:\\\/\\\/eldigitaldeasturias.com\\\/radio\\\/historiador-aleman-dice-que-bombardeo-de-dresde-no-fue-singular\\\/#webpage\",\"url\":\"https:\\\/\\\/eldigitaldeasturias.com\\\/radio\\\/historiador-aleman-dice-que-bombardeo-de-dresde-no-fue-singular\\\/\",\"name\":\"Historiador alem\\u00e1n dice que bombardeo de Dresde no fue \\u00absingular\\u00bb | El Digital de Asturias\",\"description\":\"Dresde (Alemania), 11 feb (dpa) - El historiador militar alem\\u00e1n Jens Wehner advirti\\u00f3 que no hay que utilizar los ataques a\\u00e9reos contra Dresde en febrero de 1945 para dar otra interpretaci\\u00f3n a la Segunda Guerra Mundial y relativizar la culpa alemana. Seg\\u00fan dijo a dpa en Dresde el historiador de 41 a\\u00f1os, el bombardeo no\",\"inLanguage\":\"es-ES\",\"isPartOf\":{\"@id\":\"https:\\\/\\\/eldigitaldeasturias.com\\\/radio\\\/#website\"},\"breadcrumb\":{\"@id\":\"https:\\\/\\\/eldigitaldeasturias.com\\\/radio\\\/historiador-aleman-dice-que-bombardeo-de-dresde-no-fue-singular\\\/#breadcrumblist\"},\"author\":{\"@id\":\"https:\\\/\\\/eldigitaldeasturias.com\\\/radio\\\/author\\\/nbasturias\\\/#author\"},\"creator\":{\"@id\":\"https:\\\/\\\/eldigitaldeasturias.com\\\/radio\\\/author\\\/nbasturias\\\/#author\"},\"image\":{\"@type\":\"ImageObject\",\"url\":\"https:\\\/\\\/eldigitaldeasturias.com\\\/radio\\\/wp-content\\\/uploads\\\/2020\\\/02\\\/bombardeo-Dresde-dpa.jpg\",\"@id\":\"https:\\\/\\\/eldigitaldeasturias.com\\\/radio\\\/historiador-aleman-dice-que-bombardeo-de-dresde-no-fue-singular\\\/#mainImage\",\"width\":965,\"height\":672},\"primaryImageOfPage\":{\"@id\":\"https:\\\/\\\/eldigitaldeasturias.com\\\/radio\\\/historiador-aleman-dice-que-bombardeo-de-dresde-no-fue-singular\\\/#mainImage\"},\"datePublished\":\"2020-02-13T06:32:15+01:00\",\"dateModified\":\"2020-02-13T06:32:15+01:00\"},{\"@type\":\"WebSite\",\"@id\":\"https:\\\/\\\/eldigitaldeasturias.com\\\/radio\\\/#website\",\"url\":\"https:\\\/\\\/eldigitaldeasturias.com\\\/radio\\\/\",\"name\":\"El Digital de Asturias\",\"description\":\"Diario de informaci\\u00f3n y noticias\",\"inLanguage\":\"es-ES\",\"publisher\":{\"@id\":\"https:\\\/\\\/eldigitaldeasturias.com\\\/radio\\\/#organization\"}}]}\n\t\t<\/script>\n\t\t<!-- All in One SEO Pro -->\r\n\t\t<title>Historiador alem\u00e1n dice que bombardeo de Dresde no fue \u00absingular\u00bb | El Digital de Asturias<\/title>\n\n","aioseo_head_json":{"title":"Historiador alem\u00e1n dice que bombardeo de Dresde no fue \u00absingular\u00bb | El Digital de Asturias","description":"Dresde (Alemania), 11 feb (dpa) - El historiador militar alem\u00e1n Jens Wehner advirti\u00f3 que no hay que utilizar los ataques a\u00e9reos contra Dresde en febrero de 1945 para dar otra interpretaci\u00f3n a la Segunda Guerra Mundial y relativizar la culpa alemana. Seg\u00fan dijo a dpa en Dresde el historiador de 41 a\u00f1os, el bombardeo no","canonical_url":"https:\/\/eldigitaldeasturias.com\/radio\/historiador-aleman-dice-que-bombardeo-de-dresde-no-fue-singular\/","robots":"max-image-preview:large","keywords":"noticias","webmasterTools":{"google-site-verification":"UA-38556648-1","miscellaneous":""},"schema":{"@context":"https:\/\/schema.org","@graph":[{"@type":"BreadcrumbList","@id":"https:\/\/eldigitaldeasturias.com\/radio\/historiador-aleman-dice-que-bombardeo-de-dresde-no-fue-singular\/#breadcrumblist","itemListElement":[{"@type":"ListItem","@id":"https:\/\/eldigitaldeasturias.com\/radio#listItem","position":1,"name":"Inicio","item":"https:\/\/eldigitaldeasturias.com\/radio","nextItem":{"@type":"ListItem","@id":"https:\/\/eldigitaldeasturias.com\/radio\/category\/noticias\/#listItem","name":"Noticias"}},{"@type":"ListItem","@id":"https:\/\/eldigitaldeasturias.com\/radio\/category\/noticias\/#listItem","position":2,"name":"Noticias","item":"https:\/\/eldigitaldeasturias.com\/radio\/category\/noticias\/","nextItem":{"@type":"ListItem","@id":"https:\/\/eldigitaldeasturias.com\/radio\/historiador-aleman-dice-que-bombardeo-de-dresde-no-fue-singular\/#listItem","name":"Historiador alem\u00e1n dice que bombardeo de Dresde no fue \u00absingular\u00bb"},"previousItem":{"@type":"ListItem","@id":"https:\/\/eldigitaldeasturias.com\/radio#listItem","name":"Inicio"}},{"@type":"ListItem","@id":"https:\/\/eldigitaldeasturias.com\/radio\/historiador-aleman-dice-que-bombardeo-de-dresde-no-fue-singular\/#listItem","position":3,"name":"Historiador alem\u00e1n dice que bombardeo de Dresde no fue \u00absingular\u00bb","previousItem":{"@type":"ListItem","@id":"https:\/\/eldigitaldeasturias.com\/radio\/category\/noticias\/#listItem","name":"Noticias"}}]},{"@type":"NewsArticle","@id":"https:\/\/eldigitaldeasturias.com\/radio\/historiador-aleman-dice-que-bombardeo-de-dresde-no-fue-singular\/#newsarticle","name":"Historiador alem\u00e1n dice que bombardeo de Dresde no fue \u00absingular\u00bb | El Digital de Asturias","headline":"Historiador alem\u00e1n dice que bombardeo de Dresde no fue \u00absingular\u00bb","author":{"@id":"https:\/\/eldigitaldeasturias.com\/radio\/author\/nbasturias\/#author"},"publisher":{"@id":"https:\/\/eldigitaldeasturias.com\/radio\/#organization"},"image":{"@type":"ImageObject","url":"https:\/\/eldigitaldeasturias.com\/radio\/wp-content\/uploads\/2020\/02\/bombardeo-Dresde-dpa.jpg","width":965,"height":672},"datePublished":"2020-02-13T06:32:15+01:00","dateModified":"2020-02-13T06:32:15+01:00","inLanguage":"es-ES","mainEntityOfPage":{"@id":"https:\/\/eldigitaldeasturias.com\/radio\/historiador-aleman-dice-que-bombardeo-de-dresde-no-fue-singular\/#webpage"},"isPartOf":{"@id":"https:\/\/eldigitaldeasturias.com\/radio\/historiador-aleman-dice-que-bombardeo-de-dresde-no-fue-singular\/#webpage"},"articleSection":"Noticias","dateline":"Publicado el febrero 13, 2020."},{"@type":"Organization","@id":"https:\/\/eldigitaldeasturias.com\/radio\/#organization","name":"El digital de Asturias Radio","description":"Diario de informaci\u00f3n y noticias","url":"https:\/\/eldigitaldeasturias.com\/radio\/","telephone":"+34652131393","logo":{"@type":"ImageObject","url":"https:\/\/www.eldigitaldeasturias.com\/radio\/wp-content\/uploads\/2021\/03\/EDA.jpg","@id":"https:\/\/eldigitaldeasturias.com\/radio\/historiador-aleman-dice-que-bombardeo-de-dresde-no-fue-singular\/#organizationLogo"},"image":{"@id":"https:\/\/eldigitaldeasturias.com\/radio\/historiador-aleman-dice-que-bombardeo-de-dresde-no-fue-singular\/#organizationLogo"},"sameAs":["https:\/\/www.facebook.com\/","https:\/\/x.com\/bercodi","https:\/\/www.instagram.com\/","https:\/\/www.youtube.com\/channel\/UCZP-2wLEB9Rv6erhFmqVnvg"]},{"@type":"Person","@id":"https:\/\/eldigitaldeasturias.com\/radio\/author\/nbasturias\/#author","url":"https:\/\/eldigitaldeasturias.com\/radio\/author\/nbasturias\/","name":"NBAsturias","image":{"@type":"ImageObject","@id":"https:\/\/eldigitaldeasturias.com\/radio\/historiador-aleman-dice-que-bombardeo-de-dresde-no-fue-singular\/#authorImage","url":"https:\/\/secure.gravatar.com\/avatar\/df2aeffc32bcd13f8d26072ef8a91b623d677766deac7f97ca815868cd41bf5e?s=96&d=mm&r=g","width":96,"height":96,"caption":"NBAsturias"}},{"@type":"WebPage","@id":"https:\/\/eldigitaldeasturias.com\/radio\/historiador-aleman-dice-que-bombardeo-de-dresde-no-fue-singular\/#webpage","url":"https:\/\/eldigitaldeasturias.com\/radio\/historiador-aleman-dice-que-bombardeo-de-dresde-no-fue-singular\/","name":"Historiador alem\u00e1n dice que bombardeo de Dresde no fue \u00absingular\u00bb | El Digital de Asturias","description":"Dresde (Alemania), 11 feb (dpa) - El historiador militar alem\u00e1n Jens Wehner advirti\u00f3 que no hay que utilizar los ataques a\u00e9reos contra Dresde en febrero de 1945 para dar otra interpretaci\u00f3n a la Segunda Guerra Mundial y relativizar la culpa alemana. Seg\u00fan dijo a dpa en Dresde el historiador de 41 a\u00f1os, el bombardeo no","inLanguage":"es-ES","isPartOf":{"@id":"https:\/\/eldigitaldeasturias.com\/radio\/#website"},"breadcrumb":{"@id":"https:\/\/eldigitaldeasturias.com\/radio\/historiador-aleman-dice-que-bombardeo-de-dresde-no-fue-singular\/#breadcrumblist"},"author":{"@id":"https:\/\/eldigitaldeasturias.com\/radio\/author\/nbasturias\/#author"},"creator":{"@id":"https:\/\/eldigitaldeasturias.com\/radio\/author\/nbasturias\/#author"},"image":{"@type":"ImageObject","url":"https:\/\/eldigitaldeasturias.com\/radio\/wp-content\/uploads\/2020\/02\/bombardeo-Dresde-dpa.jpg","@id":"https:\/\/eldigitaldeasturias.com\/radio\/historiador-aleman-dice-que-bombardeo-de-dresde-no-fue-singular\/#mainImage","width":965,"height":672},"primaryImageOfPage":{"@id":"https:\/\/eldigitaldeasturias.com\/radio\/historiador-aleman-dice-que-bombardeo-de-dresde-no-fue-singular\/#mainImage"},"datePublished":"2020-02-13T06:32:15+01:00","dateModified":"2020-02-13T06:32:15+01:00"},{"@type":"WebSite","@id":"https:\/\/eldigitaldeasturias.com\/radio\/#website","url":"https:\/\/eldigitaldeasturias.com\/radio\/","name":"El Digital de Asturias","description":"Diario de informaci\u00f3n y noticias","inLanguage":"es-ES","publisher":{"@id":"https:\/\/eldigitaldeasturias.com\/radio\/#organization"}}]},"og:locale":"es_ES","og:site_name":"El Digital de Asturias | Diario de informaci\u00f3n y noticias","og:type":"article","og:title":"Historiador alem\u00e1n dice que bombardeo de Dresde no fue \u00absingular\u00bb | El Digital de Asturias","og:description":"Dresde (Alemania), 11 feb (dpa) - El historiador militar alem\u00e1n Jens Wehner advirti\u00f3 que no hay que utilizar los ataques a\u00e9reos contra Dresde en febrero de 1945 para dar otra interpretaci\u00f3n a la Segunda Guerra Mundial y relativizar la culpa alemana. Seg\u00fan dijo a dpa en Dresde el historiador de 41 a\u00f1os, el bombardeo no","og:url":"https:\/\/eldigitaldeasturias.com\/radio\/historiador-aleman-dice-que-bombardeo-de-dresde-no-fue-singular\/","og:image":"https:\/\/eldigitaldeasturias.com\/radio\/wp-content\/uploads\/2020\/02\/bombardeo-Dresde-dpa.jpg","og:image:secure_url":"https:\/\/eldigitaldeasturias.com\/radio\/wp-content\/uploads\/2020\/02\/bombardeo-Dresde-dpa.jpg","og:image:width":965,"og:image:height":672,"article:published_time":"2020-02-13T06:32:15+00:00","article:modified_time":"2020-02-13T06:32:15+00:00","twitter:card":"summary_large_image","twitter:site":"@bercodi","twitter:title":"Historiador alem\u00e1n dice que bombardeo de Dresde no fue \u00absingular\u00bb | El Digital de Asturias","twitter:description":"Dresde (Alemania), 11 feb (dpa) - El historiador militar alem\u00e1n Jens Wehner advirti\u00f3 que no hay que utilizar los ataques a\u00e9reos contra Dresde en febrero de 1945 para dar otra interpretaci\u00f3n a la Segunda Guerra Mundial y relativizar la culpa alemana. Seg\u00fan dijo a dpa en Dresde el historiador de 41 a\u00f1os, el bombardeo no","twitter:creator":"@bercodi","twitter:image":"https:\/\/eldigitaldeasturias.com\/radio\/wp-content\/uploads\/2020\/02\/bombardeo-Dresde-dpa.jpg"},"aioseo_meta_data":{"post_id":"3961","title":null,"description":null,"keywords":null,"keyphrases":null,"primary_term":null,"canonical_url":null,"og_title":null,"og_description":null,"og_object_type":"default","og_image_type":"default","og_image_url":null,"og_image_width":null,"og_image_height":null,"og_image_custom_url":null,"og_image_custom_fields":null,"og_video":null,"og_custom_url":null,"og_article_section":null,"og_article_tags":null,"twitter_use_og":false,"twitter_card":"default","twitter_image_type":"default","twitter_image_url":null,"twitter_image_custom_url":null,"twitter_image_custom_fields":null,"twitter_title":null,"twitter_description":null,"schema":{"blockGraphs":[],"customGraphs":[],"default":{"data":{"Article":[],"Course":[],"Dataset":[],"FAQPage":[],"Movie":[],"Person":[],"Product":[],"ProductReview":[],"Car":[],"Recipe":[],"Service":[],"SoftwareApplication":[],"WebPage":[]},"graphName":"","isEnabled":true},"graphs":[],"defaultGraph":"","defaultPostTypeGraph":""},"schema_type":null,"schema_type_options":null,"pillar_content":false,"robots_default":true,"robots_noindex":false,"robots_noarchive":false,"robots_nosnippet":false,"robots_nofollow":false,"robots_noimageindex":false,"robots_noodp":false,"robots_notranslate":false,"robots_max_snippet":null,"robots_max_videopreview":null,"robots_max_imagepreview":"large","priority":null,"frequency":null,"location":null,"local_seo":null,"seo_analyzer_scan_date":"2025-08-28 15:10:48","breadcrumb_settings":null,"limit_modified_date":false,"open_ai":null,"ai":null,"created":"2021-03-27 10:30:15","updated":"2025-08-28 15:10:48"},"aioseo_breadcrumb":"<div class=\"aioseo-breadcrumbs\"><span class=\"aioseo-breadcrumb\">\n\t<a href=\"https:\/\/eldigitaldeasturias.com\/radio\" title=\"Inicio\">Inicio<\/a>\n<\/span><span class=\"aioseo-breadcrumb-separator\">&ndash;<\/span><span class=\"aioseo-breadcrumb\">\n\t<a href=\"https:\/\/eldigitaldeasturias.com\/radio\/category\/noticias\/\" title=\"Noticias\">Noticias<\/a>\n<\/span><span class=\"aioseo-breadcrumb-separator\">&ndash;<\/span><span class=\"aioseo-breadcrumb\">\n\tHistoriador alem\u00e1n dice que bombardeo de Dresde no fue \u00absingular\u00bb\n<\/span><\/div>","aioseo_breadcrumb_json":[{"label":"Inicio","link":"https:\/\/eldigitaldeasturias.com\/radio"},{"label":"Noticias","link":"https:\/\/eldigitaldeasturias.com\/radio\/category\/noticias\/"},{"label":"Historiador alem\u00e1n dice que bombardeo de Dresde no fue \u00absingular\u00bb","link":"https:\/\/eldigitaldeasturias.com\/radio\/historiador-aleman-dice-que-bombardeo-de-dresde-no-fue-singular\/"}],"_links":{"self":[{"href":"https:\/\/eldigitaldeasturias.com\/radio\/wp-json\/wp\/v2\/posts\/3961","targetHints":{"allow":["GET"]}}],"collection":[{"href":"https:\/\/eldigitaldeasturias.com\/radio\/wp-json\/wp\/v2\/posts"}],"about":[{"href":"https:\/\/eldigitaldeasturias.com\/radio\/wp-json\/wp\/v2\/types\/post"}],"author":[{"embeddable":true,"href":"https:\/\/eldigitaldeasturias.com\/radio\/wp-json\/wp\/v2\/users\/1"}],"replies":[{"embeddable":true,"href":"https:\/\/eldigitaldeasturias.com\/radio\/wp-json\/wp\/v2\/comments?post=3961"}],"version-history":[{"count":0,"href":"https:\/\/eldigitaldeasturias.com\/radio\/wp-json\/wp\/v2\/posts\/3961\/revisions"}],"wp:featuredmedia":[{"embeddable":true,"href":"https:\/\/eldigitaldeasturias.com\/radio\/wp-json\/wp\/v2\/media\/3962"}],"wp:attachment":[{"href":"https:\/\/eldigitaldeasturias.com\/radio\/wp-json\/wp\/v2\/media?parent=3961"}],"wp:term":[{"taxonomy":"category","embeddable":true,"href":"https:\/\/eldigitaldeasturias.com\/radio\/wp-json\/wp\/v2\/categories?post=3961"},{"taxonomy":"post_tag","embeddable":true,"href":"https:\/\/eldigitaldeasturias.com\/radio\/wp-json\/wp\/v2\/tags?post=3961"}],"curies":[{"name":"wp","href":"https:\/\/api.w.org\/{rel}","templated":true}]}}