{"id":3959,"date":"2020-02-13T06:30:01","date_gmt":"2020-02-13T06:30:01","guid":{"rendered":"http:\/\/www.eldigitaldeasturias.com\/radio\/?p=3959"},"modified":"2020-02-13T06:30:01","modified_gmt":"2020-02-13T06:30:01","slug":"contaminacion-del-aire-por-dioxido-de-nitrogeno-disminuye-en-alemania","status":"publish","type":"post","link":"https:\/\/eldigitaldeasturias.com\/radio\/contaminacion-del-aire-por-dioxido-de-nitrogeno-disminuye-en-alemania\/","title":{"rendered":"Contaminaci\u00f3n del aire por di\u00f3xido de nitr\u00f3geno disminuye en Alemania"},"content":{"rendered":"<p>Berl\u00edn, 11 feb (dpa) &#8211; La poluci\u00f3n del aire urbano por los gases que despiden los motores di\u00e9sel continu\u00f3 disminuyendo en Alemania, seg\u00fan una evaluaci\u00f3n de la Oficina Federal de Medio Ambiente (UBA).<\/p>\n<p>Seg\u00fan el informe, el valor l\u00edmite para el di\u00f3xido de nitr\u00f3geno (NO2) fue excedido el a\u00f1o pasado en una de cada cinco estaciones de medici\u00f3n cercanas al tr\u00e1fico, mientras que en 2018 la cifra fue de m\u00e1s del doble.<\/p>\n<p>\u00abLa calidad del aire en 2019 ha mejorado\u00bb, dijo la ministra alemana de Medio Ambiente, Svenja Schulze. Sin embargo, al menos 19 ciudades alemanas siguen superando la media anual permisible de 40 microgramos por metro c\u00fabico de aire.<\/p>\n<p>Hasta ahora, casi solo se han tenido en cuenta las estaciones de medici\u00f3n autom\u00e1tica.<\/p>\n<p>Seg\u00fan coment\u00f3 hoy el presidente de la UBA, Dirk Messner, cuando los datos de las estaciones adicionales est\u00e9n disponibles en mayo, el n\u00famero podr\u00eda aumentar a 25 o 30 ciudades. En 2018, la media anual todav\u00eda era demasiado alta en 57 ciudades alemanas.<\/p>\n<p>En opini\u00f3n de los expertos de la UBA, esta mejora se debe a los l\u00edmites de velocidad, las prohibiciones de conducir veh\u00edculos di\u00e9sel en determinadas zonas o los autobuses m\u00e1s ecol\u00f3gicos, pero tambi\u00e9n a las actualizaciones de software para el control de las emisiones, la sustituci\u00f3n de los coches m\u00e1s antiguos por otros m\u00e1s nuevos y el clima.<\/p>\n<p>Por primera vez, en 2019 no se super\u00f3 el valor l\u00edmite actualmente v\u00e1lido para las part\u00edculas finas.<\/p>\n<p>La contaminaci\u00f3n por NO2 es la raz\u00f3n por la que, en ciertas zonas de Stuttgart, Hamburgo y Berl\u00edn, se prohibir\u00e1 conducir coches di\u00e9sel viejos.<\/p>\n<p>Seg\u00fan la UBA, estos veh\u00edculos son la principal causa de que haya demasiado NO2 da\u00f1ino en las ciudades. El Gobierno alem\u00e1n y la industria automovil\u00edstica tambi\u00e9n est\u00e1n tratando de reducir las emisiones de NO2 con programas de renovaci\u00f3n y modernizaci\u00f3n de viejos veh\u00edculos.<\/p>\n","protected":false},"excerpt":{"rendered":"<p>Berl\u00edn, 11 feb (dpa) &#8211; La poluci\u00f3n del aire urbano por los gases que despiden los motores di\u00e9sel continu\u00f3 disminuyendo en Alemania, seg\u00fan una evaluaci\u00f3n de la Oficina Federal de Medio Ambiente (UBA). Seg\u00fan el informe, el valor l\u00edmite para el di\u00f3xido de nitr\u00f3geno (NO2) fue excedido el a\u00f1o pasado en una de cada cinco<\/p>\n","protected":false},"author":1,"featured_media":242,"comment_status":"closed","ping_status":"closed","sticky":false,"template":"","format":"standard","meta":{"footnotes":""},"categories":[1],"tags":[],"class_list":{"0":"post-3959","1":"post","2":"type-post","3":"status-publish","4":"format-standard","5":"has-post-thumbnail","7":"category-noticias"},"aioseo_notices":[],"aioseo_head":"\n\t\t<!-- All in One SEO Pro 4.9.6.2 - aioseo.com -->\n\t<meta name=\"description\" content=\"Berl\u00edn, 11 feb (dpa) - La poluci\u00f3n del aire urbano por los gases que despiden los motores di\u00e9sel continu\u00f3 disminuyendo en Alemania, seg\u00fan una evaluaci\u00f3n de la Oficina Federal de Medio Ambiente (UBA). Seg\u00fan el informe, el valor l\u00edmite para el di\u00f3xido de nitr\u00f3geno (NO2) fue excedido el a\u00f1o pasado en una de cada cinco\" \/>\n\t<meta name=\"robots\" content=\"max-image-preview:large\" \/>\n\t<meta name=\"author\" content=\"NBAsturias\"\/>\n\t<meta name=\"google-site-verification\" content=\"UA-38556648-1\" \/>\n\t<meta name=\"keywords\" content=\"noticias\" \/>\n\t<link rel=\"canonical\" href=\"https:\/\/eldigitaldeasturias.com\/radio\/contaminacion-del-aire-por-dioxido-de-nitrogeno-disminuye-en-alemania\/\" \/>\n\t<meta name=\"generator\" content=\"All in One SEO Pro (AIOSEO) 4.9.6.2\" \/>\n\t\t<meta property=\"og:locale\" content=\"es_ES\" \/>\n\t\t<meta property=\"og:site_name\" content=\"El Digital de Asturias | Diario de informaci\u00f3n y noticias\" \/>\n\t\t<meta property=\"og:type\" content=\"article\" \/>\n\t\t<meta property=\"og:title\" content=\"Contaminaci\u00f3n del aire por di\u00f3xido de nitr\u00f3geno disminuye en Alemania | El Digital de Asturias\" \/>\n\t\t<meta property=\"og:description\" content=\"Berl\u00edn, 11 feb (dpa) - La poluci\u00f3n del aire urbano por los gases que despiden los motores di\u00e9sel continu\u00f3 disminuyendo en Alemania, seg\u00fan una evaluaci\u00f3n de la Oficina Federal de Medio Ambiente (UBA). Seg\u00fan el informe, el valor l\u00edmite para el di\u00f3xido de nitr\u00f3geno (NO2) fue excedido el a\u00f1o pasado en una de cada cinco\" \/>\n\t\t<meta property=\"og:url\" content=\"https:\/\/eldigitaldeasturias.com\/radio\/contaminacion-del-aire-por-dioxido-de-nitrogeno-disminuye-en-alemania\/\" \/>\n\t\t<meta property=\"og:image\" content=\"https:\/\/eldigitaldeasturias.com\/radio\/wp-content\/uploads\/2018\/03\/technology-785742_1280.jpg\" \/>\n\t\t<meta property=\"og:image:secure_url\" content=\"https:\/\/eldigitaldeasturias.com\/radio\/wp-content\/uploads\/2018\/03\/technology-785742_1280.jpg\" \/>\n\t\t<meta property=\"og:image:width\" content=\"1280\" \/>\n\t\t<meta property=\"og:image:height\" content=\"853\" \/>\n\t\t<meta property=\"article:published_time\" content=\"2020-02-13T06:30:01+00:00\" \/>\n\t\t<meta property=\"article:modified_time\" content=\"2020-02-13T06:30:01+00:00\" \/>\n\t\t<meta name=\"twitter:card\" content=\"summary_large_image\" \/>\n\t\t<meta name=\"twitter:site\" content=\"@bercodi\" \/>\n\t\t<meta name=\"twitter:title\" content=\"Contaminaci\u00f3n del aire por di\u00f3xido de nitr\u00f3geno disminuye en Alemania | El Digital de Asturias\" \/>\n\t\t<meta name=\"twitter:description\" content=\"Berl\u00edn, 11 feb (dpa) - La poluci\u00f3n del aire urbano por los gases que despiden los motores di\u00e9sel continu\u00f3 disminuyendo en Alemania, seg\u00fan una evaluaci\u00f3n de la Oficina Federal de Medio Ambiente (UBA). Seg\u00fan el informe, el valor l\u00edmite para el di\u00f3xido de nitr\u00f3geno (NO2) fue excedido el a\u00f1o pasado en una de cada cinco\" \/>\n\t\t<meta name=\"twitter:creator\" content=\"@bercodi\" \/>\n\t\t<meta name=\"twitter:image\" content=\"https:\/\/eldigitaldeasturias.com\/radio\/wp-content\/uploads\/2018\/03\/technology-785742_1280.jpg\" \/>\n\t\t<script type=\"application\/ld+json\" class=\"aioseo-schema\">\n\t\t\t{\"@context\":\"https:\\\/\\\/schema.org\",\"@graph\":[{\"@type\":\"BreadcrumbList\",\"@id\":\"https:\\\/\\\/eldigitaldeasturias.com\\\/radio\\\/contaminacion-del-aire-por-dioxido-de-nitrogeno-disminuye-en-alemania\\\/#breadcrumblist\",\"itemListElement\":[{\"@type\":\"ListItem\",\"@id\":\"https:\\\/\\\/eldigitaldeasturias.com\\\/radio#listItem\",\"position\":1,\"name\":\"Inicio\",\"item\":\"https:\\\/\\\/eldigitaldeasturias.com\\\/radio\",\"nextItem\":{\"@type\":\"ListItem\",\"@id\":\"https:\\\/\\\/eldigitaldeasturias.com\\\/radio\\\/category\\\/noticias\\\/#listItem\",\"name\":\"Noticias\"}},{\"@type\":\"ListItem\",\"@id\":\"https:\\\/\\\/eldigitaldeasturias.com\\\/radio\\\/category\\\/noticias\\\/#listItem\",\"position\":2,\"name\":\"Noticias\",\"item\":\"https:\\\/\\\/eldigitaldeasturias.com\\\/radio\\\/category\\\/noticias\\\/\",\"nextItem\":{\"@type\":\"ListItem\",\"@id\":\"https:\\\/\\\/eldigitaldeasturias.com\\\/radio\\\/contaminacion-del-aire-por-dioxido-de-nitrogeno-disminuye-en-alemania\\\/#listItem\",\"name\":\"Contaminaci\\u00f3n del aire por di\\u00f3xido de nitr\\u00f3geno disminuye en Alemania\"},\"previousItem\":{\"@type\":\"ListItem\",\"@id\":\"https:\\\/\\\/eldigitaldeasturias.com\\\/radio#listItem\",\"name\":\"Inicio\"}},{\"@type\":\"ListItem\",\"@id\":\"https:\\\/\\\/eldigitaldeasturias.com\\\/radio\\\/contaminacion-del-aire-por-dioxido-de-nitrogeno-disminuye-en-alemania\\\/#listItem\",\"position\":3,\"name\":\"Contaminaci\\u00f3n del aire por di\\u00f3xido de nitr\\u00f3geno disminuye en Alemania\",\"previousItem\":{\"@type\":\"ListItem\",\"@id\":\"https:\\\/\\\/eldigitaldeasturias.com\\\/radio\\\/category\\\/noticias\\\/#listItem\",\"name\":\"Noticias\"}}]},{\"@type\":\"NewsArticle\",\"@id\":\"https:\\\/\\\/eldigitaldeasturias.com\\\/radio\\\/contaminacion-del-aire-por-dioxido-de-nitrogeno-disminuye-en-alemania\\\/#newsarticle\",\"name\":\"Contaminaci\\u00f3n del aire por di\\u00f3xido de nitr\\u00f3geno disminuye en Alemania | El Digital de Asturias\",\"headline\":\"Contaminaci\\u00f3n del aire por di\\u00f3xido de nitr\\u00f3geno disminuye en Alemania\",\"author\":{\"@id\":\"https:\\\/\\\/eldigitaldeasturias.com\\\/radio\\\/author\\\/nbasturias\\\/#author\"},\"publisher\":{\"@id\":\"https:\\\/\\\/eldigitaldeasturias.com\\\/radio\\\/#organization\"},\"image\":{\"@type\":\"ImageObject\",\"url\":\"https:\\\/\\\/eldigitaldeasturias.com\\\/radio\\\/wp-content\\\/uploads\\\/2018\\\/03\\\/technology-785742_1280.jpg\",\"width\":1280,\"height\":853},\"datePublished\":\"2020-02-13T06:30:01+01:00\",\"dateModified\":\"2020-02-13T06:30:01+01:00\",\"inLanguage\":\"es-ES\",\"mainEntityOfPage\":{\"@id\":\"https:\\\/\\\/eldigitaldeasturias.com\\\/radio\\\/contaminacion-del-aire-por-dioxido-de-nitrogeno-disminuye-en-alemania\\\/#webpage\"},\"isPartOf\":{\"@id\":\"https:\\\/\\\/eldigitaldeasturias.com\\\/radio\\\/contaminacion-del-aire-por-dioxido-de-nitrogeno-disminuye-en-alemania\\\/#webpage\"},\"articleSection\":\"Noticias\",\"dateline\":\"Publicado el febrero 13, 2020.\"},{\"@type\":\"Organization\",\"@id\":\"https:\\\/\\\/eldigitaldeasturias.com\\\/radio\\\/#organization\",\"name\":\"El digital de Asturias Radio\",\"description\":\"Diario de informaci\\u00f3n y noticias\",\"url\":\"https:\\\/\\\/eldigitaldeasturias.com\\\/radio\\\/\",\"telephone\":\"+34652131393\",\"logo\":{\"@type\":\"ImageObject\",\"url\":\"https:\\\/\\\/www.eldigitaldeasturias.com\\\/radio\\\/wp-content\\\/uploads\\\/2021\\\/03\\\/EDA.jpg\",\"@id\":\"https:\\\/\\\/eldigitaldeasturias.com\\\/radio\\\/contaminacion-del-aire-por-dioxido-de-nitrogeno-disminuye-en-alemania\\\/#organizationLogo\"},\"image\":{\"@id\":\"https:\\\/\\\/eldigitaldeasturias.com\\\/radio\\\/contaminacion-del-aire-por-dioxido-de-nitrogeno-disminuye-en-alemania\\\/#organizationLogo\"},\"sameAs\":[\"https:\\\/\\\/www.facebook.com\\\/\",\"https:\\\/\\\/x.com\\\/bercodi\",\"https:\\\/\\\/www.instagram.com\\\/\",\"https:\\\/\\\/www.youtube.com\\\/channel\\\/UCZP-2wLEB9Rv6erhFmqVnvg\"]},{\"@type\":\"Person\",\"@id\":\"https:\\\/\\\/eldigitaldeasturias.com\\\/radio\\\/author\\\/nbasturias\\\/#author\",\"url\":\"https:\\\/\\\/eldigitaldeasturias.com\\\/radio\\\/author\\\/nbasturias\\\/\",\"name\":\"NBAsturias\",\"image\":{\"@type\":\"ImageObject\",\"@id\":\"https:\\\/\\\/eldigitaldeasturias.com\\\/radio\\\/contaminacion-del-aire-por-dioxido-de-nitrogeno-disminuye-en-alemania\\\/#authorImage\",\"url\":\"https:\\\/\\\/secure.gravatar.com\\\/avatar\\\/df2aeffc32bcd13f8d26072ef8a91b623d677766deac7f97ca815868cd41bf5e?s=96&d=mm&r=g\",\"width\":96,\"height\":96,\"caption\":\"NBAsturias\"}},{\"@type\":\"WebPage\",\"@id\":\"https:\\\/\\\/eldigitaldeasturias.com\\\/radio\\\/contaminacion-del-aire-por-dioxido-de-nitrogeno-disminuye-en-alemania\\\/#webpage\",\"url\":\"https:\\\/\\\/eldigitaldeasturias.com\\\/radio\\\/contaminacion-del-aire-por-dioxido-de-nitrogeno-disminuye-en-alemania\\\/\",\"name\":\"Contaminaci\\u00f3n del aire por di\\u00f3xido de nitr\\u00f3geno disminuye en Alemania | El Digital de Asturias\",\"description\":\"Berl\\u00edn, 11 feb (dpa) - La poluci\\u00f3n del aire urbano por los gases que despiden los motores di\\u00e9sel continu\\u00f3 disminuyendo en Alemania, seg\\u00fan una evaluaci\\u00f3n de la Oficina Federal de Medio Ambiente (UBA). Seg\\u00fan el informe, el valor l\\u00edmite para el di\\u00f3xido de nitr\\u00f3geno (NO2) fue excedido el a\\u00f1o pasado en una de cada cinco\",\"inLanguage\":\"es-ES\",\"isPartOf\":{\"@id\":\"https:\\\/\\\/eldigitaldeasturias.com\\\/radio\\\/#website\"},\"breadcrumb\":{\"@id\":\"https:\\\/\\\/eldigitaldeasturias.com\\\/radio\\\/contaminacion-del-aire-por-dioxido-de-nitrogeno-disminuye-en-alemania\\\/#breadcrumblist\"},\"author\":{\"@id\":\"https:\\\/\\\/eldigitaldeasturias.com\\\/radio\\\/author\\\/nbasturias\\\/#author\"},\"creator\":{\"@id\":\"https:\\\/\\\/eldigitaldeasturias.com\\\/radio\\\/author\\\/nbasturias\\\/#author\"},\"image\":{\"@type\":\"ImageObject\",\"url\":\"https:\\\/\\\/eldigitaldeasturias.com\\\/radio\\\/wp-content\\\/uploads\\\/2018\\\/03\\\/technology-785742_1280.jpg\",\"@id\":\"https:\\\/\\\/eldigitaldeasturias.com\\\/radio\\\/contaminacion-del-aire-por-dioxido-de-nitrogeno-disminuye-en-alemania\\\/#mainImage\",\"width\":1280,\"height\":853},\"primaryImageOfPage\":{\"@id\":\"https:\\\/\\\/eldigitaldeasturias.com\\\/radio\\\/contaminacion-del-aire-por-dioxido-de-nitrogeno-disminuye-en-alemania\\\/#mainImage\"},\"datePublished\":\"2020-02-13T06:30:01+01:00\",\"dateModified\":\"2020-02-13T06:30:01+01:00\"},{\"@type\":\"WebSite\",\"@id\":\"https:\\\/\\\/eldigitaldeasturias.com\\\/radio\\\/#website\",\"url\":\"https:\\\/\\\/eldigitaldeasturias.com\\\/radio\\\/\",\"name\":\"El Digital de Asturias\",\"description\":\"Diario de informaci\\u00f3n y noticias\",\"inLanguage\":\"es-ES\",\"publisher\":{\"@id\":\"https:\\\/\\\/eldigitaldeasturias.com\\\/radio\\\/#organization\"}}]}\n\t\t<\/script>\n\t\t<!-- All in One SEO Pro -->\r\n\t\t<title>Contaminaci\u00f3n del aire por di\u00f3xido de nitr\u00f3geno disminuye en Alemania | El Digital de Asturias<\/title>\n\n","aioseo_head_json":{"title":"Contaminaci\u00f3n del aire por di\u00f3xido de nitr\u00f3geno disminuye en Alemania | El Digital de Asturias","description":"Berl\u00edn, 11 feb (dpa) - La poluci\u00f3n del aire urbano por los gases que despiden los motores di\u00e9sel continu\u00f3 disminuyendo en Alemania, seg\u00fan una evaluaci\u00f3n de la Oficina Federal de Medio Ambiente (UBA). Seg\u00fan el informe, el valor l\u00edmite para el di\u00f3xido de nitr\u00f3geno (NO2) fue excedido el a\u00f1o pasado en una de cada cinco","canonical_url":"https:\/\/eldigitaldeasturias.com\/radio\/contaminacion-del-aire-por-dioxido-de-nitrogeno-disminuye-en-alemania\/","robots":"max-image-preview:large","keywords":"noticias","webmasterTools":{"google-site-verification":"UA-38556648-1","miscellaneous":""},"schema":{"@context":"https:\/\/schema.org","@graph":[{"@type":"BreadcrumbList","@id":"https:\/\/eldigitaldeasturias.com\/radio\/contaminacion-del-aire-por-dioxido-de-nitrogeno-disminuye-en-alemania\/#breadcrumblist","itemListElement":[{"@type":"ListItem","@id":"https:\/\/eldigitaldeasturias.com\/radio#listItem","position":1,"name":"Inicio","item":"https:\/\/eldigitaldeasturias.com\/radio","nextItem":{"@type":"ListItem","@id":"https:\/\/eldigitaldeasturias.com\/radio\/category\/noticias\/#listItem","name":"Noticias"}},{"@type":"ListItem","@id":"https:\/\/eldigitaldeasturias.com\/radio\/category\/noticias\/#listItem","position":2,"name":"Noticias","item":"https:\/\/eldigitaldeasturias.com\/radio\/category\/noticias\/","nextItem":{"@type":"ListItem","@id":"https:\/\/eldigitaldeasturias.com\/radio\/contaminacion-del-aire-por-dioxido-de-nitrogeno-disminuye-en-alemania\/#listItem","name":"Contaminaci\u00f3n del aire por di\u00f3xido de nitr\u00f3geno disminuye en Alemania"},"previousItem":{"@type":"ListItem","@id":"https:\/\/eldigitaldeasturias.com\/radio#listItem","name":"Inicio"}},{"@type":"ListItem","@id":"https:\/\/eldigitaldeasturias.com\/radio\/contaminacion-del-aire-por-dioxido-de-nitrogeno-disminuye-en-alemania\/#listItem","position":3,"name":"Contaminaci\u00f3n del aire por di\u00f3xido de nitr\u00f3geno disminuye en Alemania","previousItem":{"@type":"ListItem","@id":"https:\/\/eldigitaldeasturias.com\/radio\/category\/noticias\/#listItem","name":"Noticias"}}]},{"@type":"NewsArticle","@id":"https:\/\/eldigitaldeasturias.com\/radio\/contaminacion-del-aire-por-dioxido-de-nitrogeno-disminuye-en-alemania\/#newsarticle","name":"Contaminaci\u00f3n del aire por di\u00f3xido de nitr\u00f3geno disminuye en Alemania | El Digital de Asturias","headline":"Contaminaci\u00f3n del aire por di\u00f3xido de nitr\u00f3geno disminuye en Alemania","author":{"@id":"https:\/\/eldigitaldeasturias.com\/radio\/author\/nbasturias\/#author"},"publisher":{"@id":"https:\/\/eldigitaldeasturias.com\/radio\/#organization"},"image":{"@type":"ImageObject","url":"https:\/\/eldigitaldeasturias.com\/radio\/wp-content\/uploads\/2018\/03\/technology-785742_1280.jpg","width":1280,"height":853},"datePublished":"2020-02-13T06:30:01+01:00","dateModified":"2020-02-13T06:30:01+01:00","inLanguage":"es-ES","mainEntityOfPage":{"@id":"https:\/\/eldigitaldeasturias.com\/radio\/contaminacion-del-aire-por-dioxido-de-nitrogeno-disminuye-en-alemania\/#webpage"},"isPartOf":{"@id":"https:\/\/eldigitaldeasturias.com\/radio\/contaminacion-del-aire-por-dioxido-de-nitrogeno-disminuye-en-alemania\/#webpage"},"articleSection":"Noticias","dateline":"Publicado el febrero 13, 2020."},{"@type":"Organization","@id":"https:\/\/eldigitaldeasturias.com\/radio\/#organization","name":"El digital de Asturias Radio","description":"Diario de informaci\u00f3n y noticias","url":"https:\/\/eldigitaldeasturias.com\/radio\/","telephone":"+34652131393","logo":{"@type":"ImageObject","url":"https:\/\/www.eldigitaldeasturias.com\/radio\/wp-content\/uploads\/2021\/03\/EDA.jpg","@id":"https:\/\/eldigitaldeasturias.com\/radio\/contaminacion-del-aire-por-dioxido-de-nitrogeno-disminuye-en-alemania\/#organizationLogo"},"image":{"@id":"https:\/\/eldigitaldeasturias.com\/radio\/contaminacion-del-aire-por-dioxido-de-nitrogeno-disminuye-en-alemania\/#organizationLogo"},"sameAs":["https:\/\/www.facebook.com\/","https:\/\/x.com\/bercodi","https:\/\/www.instagram.com\/","https:\/\/www.youtube.com\/channel\/UCZP-2wLEB9Rv6erhFmqVnvg"]},{"@type":"Person","@id":"https:\/\/eldigitaldeasturias.com\/radio\/author\/nbasturias\/#author","url":"https:\/\/eldigitaldeasturias.com\/radio\/author\/nbasturias\/","name":"NBAsturias","image":{"@type":"ImageObject","@id":"https:\/\/eldigitaldeasturias.com\/radio\/contaminacion-del-aire-por-dioxido-de-nitrogeno-disminuye-en-alemania\/#authorImage","url":"https:\/\/secure.gravatar.com\/avatar\/df2aeffc32bcd13f8d26072ef8a91b623d677766deac7f97ca815868cd41bf5e?s=96&d=mm&r=g","width":96,"height":96,"caption":"NBAsturias"}},{"@type":"WebPage","@id":"https:\/\/eldigitaldeasturias.com\/radio\/contaminacion-del-aire-por-dioxido-de-nitrogeno-disminuye-en-alemania\/#webpage","url":"https:\/\/eldigitaldeasturias.com\/radio\/contaminacion-del-aire-por-dioxido-de-nitrogeno-disminuye-en-alemania\/","name":"Contaminaci\u00f3n del aire por di\u00f3xido de nitr\u00f3geno disminuye en Alemania | El Digital de Asturias","description":"Berl\u00edn, 11 feb (dpa) - La poluci\u00f3n del aire urbano por los gases que despiden los motores di\u00e9sel continu\u00f3 disminuyendo en Alemania, seg\u00fan una evaluaci\u00f3n de la Oficina Federal de Medio Ambiente (UBA). Seg\u00fan el informe, el valor l\u00edmite para el di\u00f3xido de nitr\u00f3geno (NO2) fue excedido el a\u00f1o pasado en una de cada cinco","inLanguage":"es-ES","isPartOf":{"@id":"https:\/\/eldigitaldeasturias.com\/radio\/#website"},"breadcrumb":{"@id":"https:\/\/eldigitaldeasturias.com\/radio\/contaminacion-del-aire-por-dioxido-de-nitrogeno-disminuye-en-alemania\/#breadcrumblist"},"author":{"@id":"https:\/\/eldigitaldeasturias.com\/radio\/author\/nbasturias\/#author"},"creator":{"@id":"https:\/\/eldigitaldeasturias.com\/radio\/author\/nbasturias\/#author"},"image":{"@type":"ImageObject","url":"https:\/\/eldigitaldeasturias.com\/radio\/wp-content\/uploads\/2018\/03\/technology-785742_1280.jpg","@id":"https:\/\/eldigitaldeasturias.com\/radio\/contaminacion-del-aire-por-dioxido-de-nitrogeno-disminuye-en-alemania\/#mainImage","width":1280,"height":853},"primaryImageOfPage":{"@id":"https:\/\/eldigitaldeasturias.com\/radio\/contaminacion-del-aire-por-dioxido-de-nitrogeno-disminuye-en-alemania\/#mainImage"},"datePublished":"2020-02-13T06:30:01+01:00","dateModified":"2020-02-13T06:30:01+01:00"},{"@type":"WebSite","@id":"https:\/\/eldigitaldeasturias.com\/radio\/#website","url":"https:\/\/eldigitaldeasturias.com\/radio\/","name":"El Digital de Asturias","description":"Diario de informaci\u00f3n y noticias","inLanguage":"es-ES","publisher":{"@id":"https:\/\/eldigitaldeasturias.com\/radio\/#organization"}}]},"og:locale":"es_ES","og:site_name":"El Digital de Asturias | Diario de informaci\u00f3n y noticias","og:type":"article","og:title":"Contaminaci\u00f3n del aire por di\u00f3xido de nitr\u00f3geno disminuye en Alemania | El Digital de Asturias","og:description":"Berl\u00edn, 11 feb (dpa) - La poluci\u00f3n del aire urbano por los gases que despiden los motores di\u00e9sel continu\u00f3 disminuyendo en Alemania, seg\u00fan una evaluaci\u00f3n de la Oficina Federal de Medio Ambiente (UBA). Seg\u00fan el informe, el valor l\u00edmite para el di\u00f3xido de nitr\u00f3geno (NO2) fue excedido el a\u00f1o pasado en una de cada cinco","og:url":"https:\/\/eldigitaldeasturias.com\/radio\/contaminacion-del-aire-por-dioxido-de-nitrogeno-disminuye-en-alemania\/","og:image":"https:\/\/eldigitaldeasturias.com\/radio\/wp-content\/uploads\/2018\/03\/technology-785742_1280.jpg","og:image:secure_url":"https:\/\/eldigitaldeasturias.com\/radio\/wp-content\/uploads\/2018\/03\/technology-785742_1280.jpg","og:image:width":1280,"og:image:height":853,"article:published_time":"2020-02-13T06:30:01+00:00","article:modified_time":"2020-02-13T06:30:01+00:00","twitter:card":"summary_large_image","twitter:site":"@bercodi","twitter:title":"Contaminaci\u00f3n del aire por di\u00f3xido de nitr\u00f3geno disminuye en Alemania | El Digital de Asturias","twitter:description":"Berl\u00edn, 11 feb (dpa) - La poluci\u00f3n del aire urbano por los gases que despiden los motores di\u00e9sel continu\u00f3 disminuyendo en Alemania, seg\u00fan una evaluaci\u00f3n de la Oficina Federal de Medio Ambiente (UBA). Seg\u00fan el informe, el valor l\u00edmite para el di\u00f3xido de nitr\u00f3geno (NO2) fue excedido el a\u00f1o pasado en una de cada cinco","twitter:creator":"@bercodi","twitter:image":"https:\/\/eldigitaldeasturias.com\/radio\/wp-content\/uploads\/2018\/03\/technology-785742_1280.jpg"},"aioseo_meta_data":{"post_id":"3959","title":null,"description":null,"keywords":null,"keyphrases":null,"primary_term":null,"canonical_url":null,"og_title":null,"og_description":null,"og_object_type":"default","og_image_type":"default","og_image_url":null,"og_image_width":null,"og_image_height":null,"og_image_custom_url":null,"og_image_custom_fields":null,"og_video":null,"og_custom_url":null,"og_article_section":null,"og_article_tags":null,"twitter_use_og":false,"twitter_card":"default","twitter_image_type":"default","twitter_image_url":null,"twitter_image_custom_url":null,"twitter_image_custom_fields":null,"twitter_title":null,"twitter_description":null,"schema":{"blockGraphs":[],"customGraphs":[],"default":{"data":{"Article":[],"Course":[],"Dataset":[],"FAQPage":[],"Movie":[],"Person":[],"Product":[],"ProductReview":[],"Car":[],"Recipe":[],"Service":[],"SoftwareApplication":[],"WebPage":[]},"graphName":"","isEnabled":true},"graphs":[],"defaultGraph":"","defaultPostTypeGraph":""},"schema_type":null,"schema_type_options":null,"pillar_content":false,"robots_default":true,"robots_noindex":false,"robots_noarchive":false,"robots_nosnippet":false,"robots_nofollow":false,"robots_noimageindex":false,"robots_noodp":false,"robots_notranslate":false,"robots_max_snippet":null,"robots_max_videopreview":null,"robots_max_imagepreview":"large","priority":null,"frequency":null,"location":null,"local_seo":null,"seo_analyzer_scan_date":"2025-08-28 15:10:47","breadcrumb_settings":null,"limit_modified_date":false,"open_ai":null,"ai":null,"created":"2021-03-27 10:30:15","updated":"2025-08-28 15:10:47"},"aioseo_breadcrumb":"<div class=\"aioseo-breadcrumbs\"><span class=\"aioseo-breadcrumb\">\n\t<a href=\"https:\/\/eldigitaldeasturias.com\/radio\" title=\"Inicio\">Inicio<\/a>\n<\/span><span class=\"aioseo-breadcrumb-separator\">&ndash;<\/span><span class=\"aioseo-breadcrumb\">\n\t<a href=\"https:\/\/eldigitaldeasturias.com\/radio\/category\/noticias\/\" title=\"Noticias\">Noticias<\/a>\n<\/span><span class=\"aioseo-breadcrumb-separator\">&ndash;<\/span><span class=\"aioseo-breadcrumb\">\n\tContaminaci\u00f3n del aire por di\u00f3xido de nitr\u00f3geno disminuye en Alemania\n<\/span><\/div>","aioseo_breadcrumb_json":[{"label":"Inicio","link":"https:\/\/eldigitaldeasturias.com\/radio"},{"label":"Noticias","link":"https:\/\/eldigitaldeasturias.com\/radio\/category\/noticias\/"},{"label":"Contaminaci\u00f3n del aire por di\u00f3xido de nitr\u00f3geno disminuye en Alemania","link":"https:\/\/eldigitaldeasturias.com\/radio\/contaminacion-del-aire-por-dioxido-de-nitrogeno-disminuye-en-alemania\/"}],"_links":{"self":[{"href":"https:\/\/eldigitaldeasturias.com\/radio\/wp-json\/wp\/v2\/posts\/3959","targetHints":{"allow":["GET"]}}],"collection":[{"href":"https:\/\/eldigitaldeasturias.com\/radio\/wp-json\/wp\/v2\/posts"}],"about":[{"href":"https:\/\/eldigitaldeasturias.com\/radio\/wp-json\/wp\/v2\/types\/post"}],"author":[{"embeddable":true,"href":"https:\/\/eldigitaldeasturias.com\/radio\/wp-json\/wp\/v2\/users\/1"}],"replies":[{"embeddable":true,"href":"https:\/\/eldigitaldeasturias.com\/radio\/wp-json\/wp\/v2\/comments?post=3959"}],"version-history":[{"count":0,"href":"https:\/\/eldigitaldeasturias.com\/radio\/wp-json\/wp\/v2\/posts\/3959\/revisions"}],"wp:featuredmedia":[{"embeddable":true,"href":"https:\/\/eldigitaldeasturias.com\/radio\/wp-json\/wp\/v2\/media\/242"}],"wp:attachment":[{"href":"https:\/\/eldigitaldeasturias.com\/radio\/wp-json\/wp\/v2\/media?parent=3959"}],"wp:term":[{"taxonomy":"category","embeddable":true,"href":"https:\/\/eldigitaldeasturias.com\/radio\/wp-json\/wp\/v2\/categories?post=3959"},{"taxonomy":"post_tag","embeddable":true,"href":"https:\/\/eldigitaldeasturias.com\/radio\/wp-json\/wp\/v2\/tags?post=3959"}],"curies":[{"name":"wp","href":"https:\/\/api.w.org\/{rel}","templated":true}]}}