{"id":3953,"date":"2020-02-13T06:27:22","date_gmt":"2020-02-13T06:27:22","guid":{"rendered":"http:\/\/www.eldigitaldeasturias.com\/radio\/?p=3953"},"modified":"2020-02-13T06:27:22","modified_gmt":"2020-02-13T06:27:22","slug":"el-huracan-sabine-abandono-alemania-pero-sigue-el-mal-tiempo","status":"publish","type":"post","link":"https:\/\/eldigitaldeasturias.com\/radio\/el-huracan-sabine-abandono-alemania-pero-sigue-el-mal-tiempo\/","title":{"rendered":"El hurac\u00e1n \u00abSabine\u00bb abandon\u00f3 Alemania pero sigue el mal tiempo"},"content":{"rendered":"<figure id=\"attachment_3954\" aria-describedby=\"caption-attachment-3954\" style=\"width: 360px\" class=\"wp-caption alignleft\"><img fetchpriority=\"high\" decoding=\"async\" class=\"size-medium wp-image-3954\" src=\"http:\/\/www.eldigitaldeasturias.com\/radio\/wp-content\/uploads\/2020\/02\/Sabine-dpa-360x237.jpg\" alt=\"\" width=\"360\" height=\"237\" srcset=\"https:\/\/eldigitaldeasturias.com\/radio\/wp-content\/uploads\/2020\/02\/Sabine-dpa-360x237.jpg 360w, https:\/\/eldigitaldeasturias.com\/radio\/wp-content\/uploads\/2020\/02\/Sabine-dpa-768x506.jpg 768w, https:\/\/eldigitaldeasturias.com\/radio\/wp-content\/uploads\/2020\/02\/Sabine-dpa.jpg 1013w\" sizes=\"(max-width: 360px) 100vw, 360px\" \/><figcaption id=\"caption-attachment-3954\" class=\"wp-caption-text\">Foto: Gress\/SDMG\/dpa<\/figcaption><\/figure>\n<p>Berl\u00edn, 11 feb (dpa) &#8211; El frente fr\u00edo del hurac\u00e1n \u00abSabine\u00bb abandon\u00f3 Alemania, pero el mal tiempo sigue y provoc\u00f3 en el sur de Alemania la ca\u00edda de numerosos \u00e1rboles, informaron hoy las polic\u00edas locales.<\/p>\n<p>En la regi\u00f3n de Friburgo y en la Alta Selva Negra hubo varios operativos, por lo que varias calles segu\u00edan cerradas por la ma\u00f1ana. Los equipos de protecci\u00f3n civil tambi\u00e9n tuvieron trabajo en el sur de Baviera, donde hab\u00eda numerosos \u00e1rboles derribados en las calles y cortes de electricidad.<\/p>\n<p>Si bien hacia el norte el panorama era m\u00e1s tranquilo, en los estados federados de Renania del Norte-Westfalia, Hesse y Renania Palatinado hab\u00eda algunos \u00e1rboles ca\u00eddos y algunas calles menores cerradas. Sin embargo, la situaci\u00f3n era claramente m\u00e1s tranquila que el lunes por la ma\u00f1ana. Tampoco hubo informaciones acerca de m\u00e1s heridos.<\/p>\n<p>Los trenes retomaron el transporte de larga distancia sin grandes problemas despu\u00e9s de algunos problemas aislados. Un portavoz de los trenes hab\u00eda se\u00f1alado por la noche que a\u00fan hab\u00eda restricciones en el tr\u00e1nsito regional, sobre todo en Baviera y Baden-Wurtemberg. Por la noche, volvieron caer \u00e1rboles en algunos tramos de Hesse, por lo que se esperan all\u00ed algunas dificultades aisladas.<\/p>\n<p>El Servicio Meteorol\u00f3gico Alem\u00e1n (DWD) estima que en los pr\u00f3ximos d\u00edas el clima seguir\u00e1 tormentoso. Para hoy se prev\u00e9n chubascos, as\u00ed como r\u00e1fagas de viento.<\/p>\n<p>En la meseta b\u00e1vara y en algunas zonas altas es posible que haya vientos huracanados. Por su parte, la costa del Mar del Norte se prepara para las mareas altas.<\/p>\n<p>El domingo y el lunes, muchas personas resultaron heridas en accidentes causados por el mal tiempo. Tan s\u00f3lo en el estado federado de Renania del Norte-Westfalia, el m\u00e1s poblado del pa\u00eds, se registraron 13 heridos, de acuerdo con el Ministerio del Interior regional.<\/p>\n<p>Tambi\u00e9n se inform\u00f3 de heridos en otros estados federados, como el Sarre. All\u00ed, una mujer a\u00fan se debat\u00eda entre la vida y la muerte el lunes por la tarde.<\/p>\n","protected":false},"excerpt":{"rendered":"<p>Berl\u00edn, 11 feb (dpa) &#8211; El frente fr\u00edo del hurac\u00e1n \u00abSabine\u00bb abandon\u00f3 Alemania, pero el mal tiempo sigue y provoc\u00f3 en el sur de Alemania la ca\u00edda de numerosos \u00e1rboles, informaron hoy las polic\u00edas locales. En la regi\u00f3n de Friburgo y en la Alta Selva Negra hubo varios operativos, por lo que varias calles segu\u00edan<\/p>\n","protected":false},"author":1,"featured_media":3954,"comment_status":"closed","ping_status":"closed","sticky":false,"template":"","format":"standard","meta":{"footnotes":""},"categories":[1],"tags":[],"class_list":{"0":"post-3953","1":"post","2":"type-post","3":"status-publish","4":"format-standard","5":"has-post-thumbnail","7":"category-noticias"},"aioseo_notices":[],"aioseo_head":"\n\t\t<!-- All in One SEO Pro 4.9.6.2 - aioseo.com -->\n\t<meta name=\"description\" content=\"Berl\u00edn, 11 feb (dpa) - El frente fr\u00edo del hurac\u00e1n &quot;Sabine&quot; abandon\u00f3 Alemania, pero el mal tiempo sigue y provoc\u00f3 en el sur de Alemania la ca\u00edda de numerosos \u00e1rboles, informaron hoy las polic\u00edas locales. En la regi\u00f3n de Friburgo y en la Alta Selva Negra hubo varios operativos, por lo que varias calles segu\u00edan\" \/>\n\t<meta name=\"robots\" content=\"max-image-preview:large\" \/>\n\t<meta name=\"author\" content=\"NBAsturias\"\/>\n\t<meta name=\"google-site-verification\" content=\"UA-38556648-1\" \/>\n\t<meta name=\"keywords\" content=\"noticias\" \/>\n\t<link rel=\"canonical\" href=\"https:\/\/eldigitaldeasturias.com\/radio\/el-huracan-sabine-abandono-alemania-pero-sigue-el-mal-tiempo\/\" \/>\n\t<meta name=\"generator\" content=\"All in One SEO Pro (AIOSEO) 4.9.6.2\" \/>\n\t\t<meta property=\"og:locale\" content=\"es_ES\" \/>\n\t\t<meta property=\"og:site_name\" content=\"El Digital de Asturias | Diario de informaci\u00f3n y noticias\" \/>\n\t\t<meta property=\"og:type\" content=\"article\" \/>\n\t\t<meta property=\"og:title\" content=\"El hurac\u00e1n \u00abSabine\u00bb abandon\u00f3 Alemania pero sigue el mal tiempo | El Digital de Asturias\" \/>\n\t\t<meta property=\"og:description\" content=\"Berl\u00edn, 11 feb (dpa) - El frente fr\u00edo del hurac\u00e1n &quot;Sabine&quot; abandon\u00f3 Alemania, pero el mal tiempo sigue y provoc\u00f3 en el sur de Alemania la ca\u00edda de numerosos \u00e1rboles, informaron hoy las polic\u00edas locales. En la regi\u00f3n de Friburgo y en la Alta Selva Negra hubo varios operativos, por lo que varias calles segu\u00edan\" \/>\n\t\t<meta property=\"og:url\" content=\"https:\/\/eldigitaldeasturias.com\/radio\/el-huracan-sabine-abandono-alemania-pero-sigue-el-mal-tiempo\/\" \/>\n\t\t<meta property=\"og:image\" content=\"https:\/\/eldigitaldeasturias.com\/radio\/wp-content\/uploads\/2020\/02\/Sabine-dpa.jpg\" \/>\n\t\t<meta property=\"og:image:secure_url\" content=\"https:\/\/eldigitaldeasturias.com\/radio\/wp-content\/uploads\/2020\/02\/Sabine-dpa.jpg\" \/>\n\t\t<meta property=\"og:image:width\" content=\"1013\" \/>\n\t\t<meta property=\"og:image:height\" content=\"668\" \/>\n\t\t<meta property=\"article:published_time\" content=\"2020-02-13T06:27:22+00:00\" \/>\n\t\t<meta property=\"article:modified_time\" content=\"2020-02-13T06:27:22+00:00\" \/>\n\t\t<meta name=\"twitter:card\" content=\"summary_large_image\" \/>\n\t\t<meta name=\"twitter:site\" content=\"@bercodi\" \/>\n\t\t<meta name=\"twitter:title\" content=\"El hurac\u00e1n \u00abSabine\u00bb abandon\u00f3 Alemania pero sigue el mal tiempo | El Digital de Asturias\" \/>\n\t\t<meta name=\"twitter:description\" content=\"Berl\u00edn, 11 feb (dpa) - El frente fr\u00edo del hurac\u00e1n &quot;Sabine&quot; abandon\u00f3 Alemania, pero el mal tiempo sigue y provoc\u00f3 en el sur de Alemania la ca\u00edda de numerosos \u00e1rboles, informaron hoy las polic\u00edas locales. En la regi\u00f3n de Friburgo y en la Alta Selva Negra hubo varios operativos, por lo que varias calles segu\u00edan\" \/>\n\t\t<meta name=\"twitter:creator\" content=\"@bercodi\" \/>\n\t\t<meta name=\"twitter:image\" content=\"https:\/\/eldigitaldeasturias.com\/radio\/wp-content\/uploads\/2020\/02\/Sabine-dpa.jpg\" \/>\n\t\t<script type=\"application\/ld+json\" class=\"aioseo-schema\">\n\t\t\t{\"@context\":\"https:\\\/\\\/schema.org\",\"@graph\":[{\"@type\":\"BreadcrumbList\",\"@id\":\"https:\\\/\\\/eldigitaldeasturias.com\\\/radio\\\/el-huracan-sabine-abandono-alemania-pero-sigue-el-mal-tiempo\\\/#breadcrumblist\",\"itemListElement\":[{\"@type\":\"ListItem\",\"@id\":\"https:\\\/\\\/eldigitaldeasturias.com\\\/radio#listItem\",\"position\":1,\"name\":\"Inicio\",\"item\":\"https:\\\/\\\/eldigitaldeasturias.com\\\/radio\",\"nextItem\":{\"@type\":\"ListItem\",\"@id\":\"https:\\\/\\\/eldigitaldeasturias.com\\\/radio\\\/category\\\/noticias\\\/#listItem\",\"name\":\"Noticias\"}},{\"@type\":\"ListItem\",\"@id\":\"https:\\\/\\\/eldigitaldeasturias.com\\\/radio\\\/category\\\/noticias\\\/#listItem\",\"position\":2,\"name\":\"Noticias\",\"item\":\"https:\\\/\\\/eldigitaldeasturias.com\\\/radio\\\/category\\\/noticias\\\/\",\"nextItem\":{\"@type\":\"ListItem\",\"@id\":\"https:\\\/\\\/eldigitaldeasturias.com\\\/radio\\\/el-huracan-sabine-abandono-alemania-pero-sigue-el-mal-tiempo\\\/#listItem\",\"name\":\"El hurac\\u00e1n \\u00abSabine\\u00bb abandon\\u00f3 Alemania pero sigue el mal tiempo\"},\"previousItem\":{\"@type\":\"ListItem\",\"@id\":\"https:\\\/\\\/eldigitaldeasturias.com\\\/radio#listItem\",\"name\":\"Inicio\"}},{\"@type\":\"ListItem\",\"@id\":\"https:\\\/\\\/eldigitaldeasturias.com\\\/radio\\\/el-huracan-sabine-abandono-alemania-pero-sigue-el-mal-tiempo\\\/#listItem\",\"position\":3,\"name\":\"El hurac\\u00e1n \\u00abSabine\\u00bb abandon\\u00f3 Alemania pero sigue el mal tiempo\",\"previousItem\":{\"@type\":\"ListItem\",\"@id\":\"https:\\\/\\\/eldigitaldeasturias.com\\\/radio\\\/category\\\/noticias\\\/#listItem\",\"name\":\"Noticias\"}}]},{\"@type\":\"NewsArticle\",\"@id\":\"https:\\\/\\\/eldigitaldeasturias.com\\\/radio\\\/el-huracan-sabine-abandono-alemania-pero-sigue-el-mal-tiempo\\\/#newsarticle\",\"name\":\"El hurac\\u00e1n \\u00abSabine\\u00bb abandon\\u00f3 Alemania pero sigue el mal tiempo | El Digital de Asturias\",\"headline\":\"El hurac\\u00e1n \\u00abSabine\\u00bb abandon\\u00f3 Alemania pero sigue el mal tiempo\",\"author\":{\"@id\":\"https:\\\/\\\/eldigitaldeasturias.com\\\/radio\\\/author\\\/nbasturias\\\/#author\"},\"publisher\":{\"@id\":\"https:\\\/\\\/eldigitaldeasturias.com\\\/radio\\\/#organization\"},\"image\":{\"@type\":\"ImageObject\",\"url\":\"https:\\\/\\\/eldigitaldeasturias.com\\\/radio\\\/wp-content\\\/uploads\\\/2020\\\/02\\\/Sabine-dpa.jpg\",\"width\":1013,\"height\":668,\"caption\":\"Foto: Gress\\\/SDMG\\\/dpa\"},\"datePublished\":\"2020-02-13T06:27:22+01:00\",\"dateModified\":\"2020-02-13T06:27:22+01:00\",\"inLanguage\":\"es-ES\",\"mainEntityOfPage\":{\"@id\":\"https:\\\/\\\/eldigitaldeasturias.com\\\/radio\\\/el-huracan-sabine-abandono-alemania-pero-sigue-el-mal-tiempo\\\/#webpage\"},\"isPartOf\":{\"@id\":\"https:\\\/\\\/eldigitaldeasturias.com\\\/radio\\\/el-huracan-sabine-abandono-alemania-pero-sigue-el-mal-tiempo\\\/#webpage\"},\"articleSection\":\"Noticias\",\"dateline\":\"Publicado el febrero 13, 2020.\"},{\"@type\":\"Organization\",\"@id\":\"https:\\\/\\\/eldigitaldeasturias.com\\\/radio\\\/#organization\",\"name\":\"El digital de Asturias Radio\",\"description\":\"Diario de informaci\\u00f3n y noticias\",\"url\":\"https:\\\/\\\/eldigitaldeasturias.com\\\/radio\\\/\",\"telephone\":\"+34652131393\",\"logo\":{\"@type\":\"ImageObject\",\"url\":\"https:\\\/\\\/www.eldigitaldeasturias.com\\\/radio\\\/wp-content\\\/uploads\\\/2021\\\/03\\\/EDA.jpg\",\"@id\":\"https:\\\/\\\/eldigitaldeasturias.com\\\/radio\\\/el-huracan-sabine-abandono-alemania-pero-sigue-el-mal-tiempo\\\/#organizationLogo\"},\"image\":{\"@id\":\"https:\\\/\\\/eldigitaldeasturias.com\\\/radio\\\/el-huracan-sabine-abandono-alemania-pero-sigue-el-mal-tiempo\\\/#organizationLogo\"},\"sameAs\":[\"https:\\\/\\\/www.facebook.com\\\/\",\"https:\\\/\\\/x.com\\\/bercodi\",\"https:\\\/\\\/www.instagram.com\\\/\",\"https:\\\/\\\/www.youtube.com\\\/channel\\\/UCZP-2wLEB9Rv6erhFmqVnvg\"]},{\"@type\":\"Person\",\"@id\":\"https:\\\/\\\/eldigitaldeasturias.com\\\/radio\\\/author\\\/nbasturias\\\/#author\",\"url\":\"https:\\\/\\\/eldigitaldeasturias.com\\\/radio\\\/author\\\/nbasturias\\\/\",\"name\":\"NBAsturias\",\"image\":{\"@type\":\"ImageObject\",\"@id\":\"https:\\\/\\\/eldigitaldeasturias.com\\\/radio\\\/el-huracan-sabine-abandono-alemania-pero-sigue-el-mal-tiempo\\\/#authorImage\",\"url\":\"https:\\\/\\\/secure.gravatar.com\\\/avatar\\\/df2aeffc32bcd13f8d26072ef8a91b623d677766deac7f97ca815868cd41bf5e?s=96&d=mm&r=g\",\"width\":96,\"height\":96,\"caption\":\"NBAsturias\"}},{\"@type\":\"WebPage\",\"@id\":\"https:\\\/\\\/eldigitaldeasturias.com\\\/radio\\\/el-huracan-sabine-abandono-alemania-pero-sigue-el-mal-tiempo\\\/#webpage\",\"url\":\"https:\\\/\\\/eldigitaldeasturias.com\\\/radio\\\/el-huracan-sabine-abandono-alemania-pero-sigue-el-mal-tiempo\\\/\",\"name\":\"El hurac\\u00e1n \\u00abSabine\\u00bb abandon\\u00f3 Alemania pero sigue el mal tiempo | El Digital de Asturias\",\"description\":\"Berl\\u00edn, 11 feb (dpa) - El frente fr\\u00edo del hurac\\u00e1n \\\"Sabine\\\" abandon\\u00f3 Alemania, pero el mal tiempo sigue y provoc\\u00f3 en el sur de Alemania la ca\\u00edda de numerosos \\u00e1rboles, informaron hoy las polic\\u00edas locales. En la regi\\u00f3n de Friburgo y en la Alta Selva Negra hubo varios operativos, por lo que varias calles segu\\u00edan\",\"inLanguage\":\"es-ES\",\"isPartOf\":{\"@id\":\"https:\\\/\\\/eldigitaldeasturias.com\\\/radio\\\/#website\"},\"breadcrumb\":{\"@id\":\"https:\\\/\\\/eldigitaldeasturias.com\\\/radio\\\/el-huracan-sabine-abandono-alemania-pero-sigue-el-mal-tiempo\\\/#breadcrumblist\"},\"author\":{\"@id\":\"https:\\\/\\\/eldigitaldeasturias.com\\\/radio\\\/author\\\/nbasturias\\\/#author\"},\"creator\":{\"@id\":\"https:\\\/\\\/eldigitaldeasturias.com\\\/radio\\\/author\\\/nbasturias\\\/#author\"},\"image\":{\"@type\":\"ImageObject\",\"url\":\"https:\\\/\\\/eldigitaldeasturias.com\\\/radio\\\/wp-content\\\/uploads\\\/2020\\\/02\\\/Sabine-dpa.jpg\",\"@id\":\"https:\\\/\\\/eldigitaldeasturias.com\\\/radio\\\/el-huracan-sabine-abandono-alemania-pero-sigue-el-mal-tiempo\\\/#mainImage\",\"width\":1013,\"height\":668,\"caption\":\"Foto: Gress\\\/SDMG\\\/dpa\"},\"primaryImageOfPage\":{\"@id\":\"https:\\\/\\\/eldigitaldeasturias.com\\\/radio\\\/el-huracan-sabine-abandono-alemania-pero-sigue-el-mal-tiempo\\\/#mainImage\"},\"datePublished\":\"2020-02-13T06:27:22+01:00\",\"dateModified\":\"2020-02-13T06:27:22+01:00\"},{\"@type\":\"WebSite\",\"@id\":\"https:\\\/\\\/eldigitaldeasturias.com\\\/radio\\\/#website\",\"url\":\"https:\\\/\\\/eldigitaldeasturias.com\\\/radio\\\/\",\"name\":\"El Digital de Asturias\",\"description\":\"Diario de informaci\\u00f3n y noticias\",\"inLanguage\":\"es-ES\",\"publisher\":{\"@id\":\"https:\\\/\\\/eldigitaldeasturias.com\\\/radio\\\/#organization\"}}]}\n\t\t<\/script>\n\t\t<!-- All in One SEO Pro -->\r\n\t\t<title>El hurac\u00e1n \u00abSabine\u00bb abandon\u00f3 Alemania pero sigue el mal tiempo | El Digital de Asturias<\/title>\n\n","aioseo_head_json":{"title":"El hurac\u00e1n \u00abSabine\u00bb abandon\u00f3 Alemania pero sigue el mal tiempo | El Digital de Asturias","description":"Berl\u00edn, 11 feb (dpa) - El frente fr\u00edo del hurac\u00e1n \"Sabine\" abandon\u00f3 Alemania, pero el mal tiempo sigue y provoc\u00f3 en el sur de Alemania la ca\u00edda de numerosos \u00e1rboles, informaron hoy las polic\u00edas locales. En la regi\u00f3n de Friburgo y en la Alta Selva Negra hubo varios operativos, por lo que varias calles segu\u00edan","canonical_url":"https:\/\/eldigitaldeasturias.com\/radio\/el-huracan-sabine-abandono-alemania-pero-sigue-el-mal-tiempo\/","robots":"max-image-preview:large","keywords":"noticias","webmasterTools":{"google-site-verification":"UA-38556648-1","miscellaneous":""},"schema":{"@context":"https:\/\/schema.org","@graph":[{"@type":"BreadcrumbList","@id":"https:\/\/eldigitaldeasturias.com\/radio\/el-huracan-sabine-abandono-alemania-pero-sigue-el-mal-tiempo\/#breadcrumblist","itemListElement":[{"@type":"ListItem","@id":"https:\/\/eldigitaldeasturias.com\/radio#listItem","position":1,"name":"Inicio","item":"https:\/\/eldigitaldeasturias.com\/radio","nextItem":{"@type":"ListItem","@id":"https:\/\/eldigitaldeasturias.com\/radio\/category\/noticias\/#listItem","name":"Noticias"}},{"@type":"ListItem","@id":"https:\/\/eldigitaldeasturias.com\/radio\/category\/noticias\/#listItem","position":2,"name":"Noticias","item":"https:\/\/eldigitaldeasturias.com\/radio\/category\/noticias\/","nextItem":{"@type":"ListItem","@id":"https:\/\/eldigitaldeasturias.com\/radio\/el-huracan-sabine-abandono-alemania-pero-sigue-el-mal-tiempo\/#listItem","name":"El hurac\u00e1n \u00abSabine\u00bb abandon\u00f3 Alemania pero sigue el mal tiempo"},"previousItem":{"@type":"ListItem","@id":"https:\/\/eldigitaldeasturias.com\/radio#listItem","name":"Inicio"}},{"@type":"ListItem","@id":"https:\/\/eldigitaldeasturias.com\/radio\/el-huracan-sabine-abandono-alemania-pero-sigue-el-mal-tiempo\/#listItem","position":3,"name":"El hurac\u00e1n \u00abSabine\u00bb abandon\u00f3 Alemania pero sigue el mal tiempo","previousItem":{"@type":"ListItem","@id":"https:\/\/eldigitaldeasturias.com\/radio\/category\/noticias\/#listItem","name":"Noticias"}}]},{"@type":"NewsArticle","@id":"https:\/\/eldigitaldeasturias.com\/radio\/el-huracan-sabine-abandono-alemania-pero-sigue-el-mal-tiempo\/#newsarticle","name":"El hurac\u00e1n \u00abSabine\u00bb abandon\u00f3 Alemania pero sigue el mal tiempo | El Digital de Asturias","headline":"El hurac\u00e1n \u00abSabine\u00bb abandon\u00f3 Alemania pero sigue el mal tiempo","author":{"@id":"https:\/\/eldigitaldeasturias.com\/radio\/author\/nbasturias\/#author"},"publisher":{"@id":"https:\/\/eldigitaldeasturias.com\/radio\/#organization"},"image":{"@type":"ImageObject","url":"https:\/\/eldigitaldeasturias.com\/radio\/wp-content\/uploads\/2020\/02\/Sabine-dpa.jpg","width":1013,"height":668,"caption":"Foto: Gress\/SDMG\/dpa"},"datePublished":"2020-02-13T06:27:22+01:00","dateModified":"2020-02-13T06:27:22+01:00","inLanguage":"es-ES","mainEntityOfPage":{"@id":"https:\/\/eldigitaldeasturias.com\/radio\/el-huracan-sabine-abandono-alemania-pero-sigue-el-mal-tiempo\/#webpage"},"isPartOf":{"@id":"https:\/\/eldigitaldeasturias.com\/radio\/el-huracan-sabine-abandono-alemania-pero-sigue-el-mal-tiempo\/#webpage"},"articleSection":"Noticias","dateline":"Publicado el febrero 13, 2020."},{"@type":"Organization","@id":"https:\/\/eldigitaldeasturias.com\/radio\/#organization","name":"El digital de Asturias Radio","description":"Diario de informaci\u00f3n y noticias","url":"https:\/\/eldigitaldeasturias.com\/radio\/","telephone":"+34652131393","logo":{"@type":"ImageObject","url":"https:\/\/www.eldigitaldeasturias.com\/radio\/wp-content\/uploads\/2021\/03\/EDA.jpg","@id":"https:\/\/eldigitaldeasturias.com\/radio\/el-huracan-sabine-abandono-alemania-pero-sigue-el-mal-tiempo\/#organizationLogo"},"image":{"@id":"https:\/\/eldigitaldeasturias.com\/radio\/el-huracan-sabine-abandono-alemania-pero-sigue-el-mal-tiempo\/#organizationLogo"},"sameAs":["https:\/\/www.facebook.com\/","https:\/\/x.com\/bercodi","https:\/\/www.instagram.com\/","https:\/\/www.youtube.com\/channel\/UCZP-2wLEB9Rv6erhFmqVnvg"]},{"@type":"Person","@id":"https:\/\/eldigitaldeasturias.com\/radio\/author\/nbasturias\/#author","url":"https:\/\/eldigitaldeasturias.com\/radio\/author\/nbasturias\/","name":"NBAsturias","image":{"@type":"ImageObject","@id":"https:\/\/eldigitaldeasturias.com\/radio\/el-huracan-sabine-abandono-alemania-pero-sigue-el-mal-tiempo\/#authorImage","url":"https:\/\/secure.gravatar.com\/avatar\/df2aeffc32bcd13f8d26072ef8a91b623d677766deac7f97ca815868cd41bf5e?s=96&d=mm&r=g","width":96,"height":96,"caption":"NBAsturias"}},{"@type":"WebPage","@id":"https:\/\/eldigitaldeasturias.com\/radio\/el-huracan-sabine-abandono-alemania-pero-sigue-el-mal-tiempo\/#webpage","url":"https:\/\/eldigitaldeasturias.com\/radio\/el-huracan-sabine-abandono-alemania-pero-sigue-el-mal-tiempo\/","name":"El hurac\u00e1n \u00abSabine\u00bb abandon\u00f3 Alemania pero sigue el mal tiempo | El Digital de Asturias","description":"Berl\u00edn, 11 feb (dpa) - El frente fr\u00edo del hurac\u00e1n \"Sabine\" abandon\u00f3 Alemania, pero el mal tiempo sigue y provoc\u00f3 en el sur de Alemania la ca\u00edda de numerosos \u00e1rboles, informaron hoy las polic\u00edas locales. En la regi\u00f3n de Friburgo y en la Alta Selva Negra hubo varios operativos, por lo que varias calles segu\u00edan","inLanguage":"es-ES","isPartOf":{"@id":"https:\/\/eldigitaldeasturias.com\/radio\/#website"},"breadcrumb":{"@id":"https:\/\/eldigitaldeasturias.com\/radio\/el-huracan-sabine-abandono-alemania-pero-sigue-el-mal-tiempo\/#breadcrumblist"},"author":{"@id":"https:\/\/eldigitaldeasturias.com\/radio\/author\/nbasturias\/#author"},"creator":{"@id":"https:\/\/eldigitaldeasturias.com\/radio\/author\/nbasturias\/#author"},"image":{"@type":"ImageObject","url":"https:\/\/eldigitaldeasturias.com\/radio\/wp-content\/uploads\/2020\/02\/Sabine-dpa.jpg","@id":"https:\/\/eldigitaldeasturias.com\/radio\/el-huracan-sabine-abandono-alemania-pero-sigue-el-mal-tiempo\/#mainImage","width":1013,"height":668,"caption":"Foto: Gress\/SDMG\/dpa"},"primaryImageOfPage":{"@id":"https:\/\/eldigitaldeasturias.com\/radio\/el-huracan-sabine-abandono-alemania-pero-sigue-el-mal-tiempo\/#mainImage"},"datePublished":"2020-02-13T06:27:22+01:00","dateModified":"2020-02-13T06:27:22+01:00"},{"@type":"WebSite","@id":"https:\/\/eldigitaldeasturias.com\/radio\/#website","url":"https:\/\/eldigitaldeasturias.com\/radio\/","name":"El Digital de Asturias","description":"Diario de informaci\u00f3n y noticias","inLanguage":"es-ES","publisher":{"@id":"https:\/\/eldigitaldeasturias.com\/radio\/#organization"}}]},"og:locale":"es_ES","og:site_name":"El Digital de Asturias | Diario de informaci\u00f3n y noticias","og:type":"article","og:title":"El hurac\u00e1n \u00abSabine\u00bb abandon\u00f3 Alemania pero sigue el mal tiempo | El Digital de Asturias","og:description":"Berl\u00edn, 11 feb (dpa) - El frente fr\u00edo del hurac\u00e1n &quot;Sabine&quot; abandon\u00f3 Alemania, pero el mal tiempo sigue y provoc\u00f3 en el sur de Alemania la ca\u00edda de numerosos \u00e1rboles, informaron hoy las polic\u00edas locales. En la regi\u00f3n de Friburgo y en la Alta Selva Negra hubo varios operativos, por lo que varias calles segu\u00edan","og:url":"https:\/\/eldigitaldeasturias.com\/radio\/el-huracan-sabine-abandono-alemania-pero-sigue-el-mal-tiempo\/","og:image":"https:\/\/eldigitaldeasturias.com\/radio\/wp-content\/uploads\/2020\/02\/Sabine-dpa.jpg","og:image:secure_url":"https:\/\/eldigitaldeasturias.com\/radio\/wp-content\/uploads\/2020\/02\/Sabine-dpa.jpg","og:image:width":1013,"og:image:height":668,"article:published_time":"2020-02-13T06:27:22+00:00","article:modified_time":"2020-02-13T06:27:22+00:00","twitter:card":"summary_large_image","twitter:site":"@bercodi","twitter:title":"El hurac\u00e1n \u00abSabine\u00bb abandon\u00f3 Alemania pero sigue el mal tiempo | El Digital de Asturias","twitter:description":"Berl\u00edn, 11 feb (dpa) - El frente fr\u00edo del hurac\u00e1n &quot;Sabine&quot; abandon\u00f3 Alemania, pero el mal tiempo sigue y provoc\u00f3 en el sur de Alemania la ca\u00edda de numerosos \u00e1rboles, informaron hoy las polic\u00edas locales. En la regi\u00f3n de Friburgo y en la Alta Selva Negra hubo varios operativos, por lo que varias calles segu\u00edan","twitter:creator":"@bercodi","twitter:image":"https:\/\/eldigitaldeasturias.com\/radio\/wp-content\/uploads\/2020\/02\/Sabine-dpa.jpg"},"aioseo_meta_data":{"post_id":"3953","title":null,"description":null,"keywords":null,"keyphrases":null,"primary_term":null,"canonical_url":null,"og_title":null,"og_description":null,"og_object_type":"default","og_image_type":"default","og_image_url":null,"og_image_width":null,"og_image_height":null,"og_image_custom_url":null,"og_image_custom_fields":null,"og_video":null,"og_custom_url":null,"og_article_section":null,"og_article_tags":null,"twitter_use_og":false,"twitter_card":"default","twitter_image_type":"default","twitter_image_url":null,"twitter_image_custom_url":null,"twitter_image_custom_fields":null,"twitter_title":null,"twitter_description":null,"schema":{"blockGraphs":[],"customGraphs":[],"default":{"data":{"Article":[],"Course":[],"Dataset":[],"FAQPage":[],"Movie":[],"Person":[],"Product":[],"ProductReview":[],"Car":[],"Recipe":[],"Service":[],"SoftwareApplication":[],"WebPage":[]},"graphName":"","isEnabled":true},"graphs":[],"defaultGraph":"","defaultPostTypeGraph":""},"schema_type":null,"schema_type_options":null,"pillar_content":false,"robots_default":true,"robots_noindex":false,"robots_noarchive":false,"robots_nosnippet":false,"robots_nofollow":false,"robots_noimageindex":false,"robots_noodp":false,"robots_notranslate":false,"robots_max_snippet":null,"robots_max_videopreview":null,"robots_max_imagepreview":"large","priority":null,"frequency":null,"location":null,"local_seo":null,"seo_analyzer_scan_date":"2025-08-28 15:09:28","breadcrumb_settings":null,"limit_modified_date":false,"open_ai":null,"ai":null,"created":"2021-03-27 10:30:15","updated":"2025-08-28 15:09:28"},"aioseo_breadcrumb":"<div class=\"aioseo-breadcrumbs\"><span class=\"aioseo-breadcrumb\">\n\t<a href=\"https:\/\/eldigitaldeasturias.com\/radio\" title=\"Inicio\">Inicio<\/a>\n<\/span><span class=\"aioseo-breadcrumb-separator\">&ndash;<\/span><span class=\"aioseo-breadcrumb\">\n\t<a href=\"https:\/\/eldigitaldeasturias.com\/radio\/category\/noticias\/\" title=\"Noticias\">Noticias<\/a>\n<\/span><span class=\"aioseo-breadcrumb-separator\">&ndash;<\/span><span class=\"aioseo-breadcrumb\">\n\tEl hurac\u00e1n \u00abSabine\u00bb abandon\u00f3 Alemania pero sigue el mal tiempo\n<\/span><\/div>","aioseo_breadcrumb_json":[{"label":"Inicio","link":"https:\/\/eldigitaldeasturias.com\/radio"},{"label":"Noticias","link":"https:\/\/eldigitaldeasturias.com\/radio\/category\/noticias\/"},{"label":"El hurac\u00e1n \u00abSabine\u00bb abandon\u00f3 Alemania pero sigue el mal tiempo","link":"https:\/\/eldigitaldeasturias.com\/radio\/el-huracan-sabine-abandono-alemania-pero-sigue-el-mal-tiempo\/"}],"_links":{"self":[{"href":"https:\/\/eldigitaldeasturias.com\/radio\/wp-json\/wp\/v2\/posts\/3953","targetHints":{"allow":["GET"]}}],"collection":[{"href":"https:\/\/eldigitaldeasturias.com\/radio\/wp-json\/wp\/v2\/posts"}],"about":[{"href":"https:\/\/eldigitaldeasturias.com\/radio\/wp-json\/wp\/v2\/types\/post"}],"author":[{"embeddable":true,"href":"https:\/\/eldigitaldeasturias.com\/radio\/wp-json\/wp\/v2\/users\/1"}],"replies":[{"embeddable":true,"href":"https:\/\/eldigitaldeasturias.com\/radio\/wp-json\/wp\/v2\/comments?post=3953"}],"version-history":[{"count":0,"href":"https:\/\/eldigitaldeasturias.com\/radio\/wp-json\/wp\/v2\/posts\/3953\/revisions"}],"wp:featuredmedia":[{"embeddable":true,"href":"https:\/\/eldigitaldeasturias.com\/radio\/wp-json\/wp\/v2\/media\/3954"}],"wp:attachment":[{"href":"https:\/\/eldigitaldeasturias.com\/radio\/wp-json\/wp\/v2\/media?parent=3953"}],"wp:term":[{"taxonomy":"category","embeddable":true,"href":"https:\/\/eldigitaldeasturias.com\/radio\/wp-json\/wp\/v2\/categories?post=3953"},{"taxonomy":"post_tag","embeddable":true,"href":"https:\/\/eldigitaldeasturias.com\/radio\/wp-json\/wp\/v2\/tags?post=3953"}],"curies":[{"name":"wp","href":"https:\/\/api.w.org\/{rel}","templated":true}]}}