{"id":3950,"date":"2020-02-13T06:23:07","date_gmt":"2020-02-13T06:23:07","guid":{"rendered":"http:\/\/www.eldigitaldeasturias.com\/radio\/?p=3950"},"modified":"2020-02-13T06:23:07","modified_gmt":"2020-02-13T06:23:07","slug":"daimler-registra-segundo-ano-consecutivo-de-fuertes-perdidas-en-2019","status":"publish","type":"post","link":"https:\/\/eldigitaldeasturias.com\/radio\/daimler-registra-segundo-ano-consecutivo-de-fuertes-perdidas-en-2019\/","title":{"rendered":"Daimler registra segundo a\u00f1o consecutivo de fuertes p\u00e9rdidas en 2019"},"content":{"rendered":"<figure id=\"attachment_3951\" aria-describedby=\"caption-attachment-3951\" style=\"width: 360px\" class=\"wp-caption alignleft\"><img fetchpriority=\"high\" decoding=\"async\" class=\"wp-image-3951 size-medium\" src=\"http:\/\/www.eldigitaldeasturias.com\/radio\/wp-content\/uploads\/2020\/02\/mercedes-dpa-360x230.jpg\" alt=\"\" width=\"360\" height=\"230\" srcset=\"https:\/\/eldigitaldeasturias.com\/radio\/wp-content\/uploads\/2020\/02\/mercedes-dpa-360x230.jpg 360w, https:\/\/eldigitaldeasturias.com\/radio\/wp-content\/uploads\/2020\/02\/mercedes-dpa-1024x655.jpg 1024w, https:\/\/eldigitaldeasturias.com\/radio\/wp-content\/uploads\/2020\/02\/mercedes-dpa-768x491.jpg 768w, https:\/\/eldigitaldeasturias.com\/radio\/wp-content\/uploads\/2020\/02\/mercedes-dpa.jpg 1036w\" sizes=\"(max-width: 360px) 100vw, 360px\" \/><figcaption id=\"caption-attachment-3951\" class=\"wp-caption-text\">Foto: Marijan Murat\/dpa<\/figcaption><\/figure>\n<p>Berl\u00edn, 11 feb (dpa) &#8211; El fabricante alem\u00e1n de autom\u00f3viles Daimler inform\u00f3 hoy de su segundo a\u00f1o consecutivo de fuertes p\u00e9rdidas, con un beneficio neto que cay\u00f3 hasta los 2.400 millones de euros (2.600 millones de d\u00f3lares) en 2019.<\/p>\n<p>El beneficio neto atribuible a los accionistas fue tres veces mayor en 2018, aunque ese a\u00f1o tambi\u00e9n se produjo un descenso de los beneficios de la empresa con sede en Stuttgart.<\/p>\n<p>El fabricante de autom\u00f3viles de lujo pudo aumentar sus ingresos el a\u00f1o pasado en un 3 por ciento, hasta 172.700 millones de euros, gracias en parte al r\u00e9cord de ventas de la divisi\u00f3n Mercedes-Benz.<\/p>\n<p>Pero los enormes costes y las acciones legales contra los veh\u00edculos di\u00e9sel de Mercedes-Benz, as\u00ed como una costosa retirada de los airbags de Takata se comieron esas ganancias, seg\u00fan declar\u00f3 la compa\u00f1\u00eda.<\/p>\n<p>\u00abAunque nuestros resultados en 2019 reflejan la fuerte demanda de los clientes por nuestros atractivos productos, no podemos estar satisfechos con los resultados finales\u00bb, dijo el presidente de la junta directiva de Daimler, Ola K\u00e4llenius, que est\u00e1 llevando a cabo un programa dise\u00f1ado para ahorrar 1.400 millones de euros para 2022.<\/p>\n<p>K\u00e4llenius se\u00f1al\u00f3 que el fabricante de autom\u00f3viles tiene que adoptar y desarrollar nuevas tecnolog\u00edas que no emitan di\u00f3xido de carbono y fomentar la digitalizaci\u00f3n para asegurar el negocio futuro.<\/p>\n<p>Las p\u00e9rdidas las sufrir\u00e1n los empleados de Daimler, cuya prima anual para 2019 es una m\u00ednima parte de lo que recibieron el a\u00f1o anterior.<\/p>\n<p>La empresa inform\u00f3 que los empleados recibir\u00e1n una participaci\u00f3n en los beneficios de hasta 597 euros y una \u00fanica prima de reconocimiento de hasta 500 euros. Para 2018, la prima fue de 4.965 euros.<\/p>\n<p>Daimler planea para los pr\u00f3ximos a\u00f1os recortar m\u00e1s de 10.000 puestos. El lunes, el diario Handelsblatt inform\u00f3 citando fuentes de la empresa que esta cifra podr\u00eda llegar incluso a 15.000.<\/p>\n<p>&nbsp;<\/p>\n","protected":false},"excerpt":{"rendered":"<p>Berl\u00edn, 11 feb (dpa) &#8211; El fabricante alem\u00e1n de autom\u00f3viles Daimler inform\u00f3 hoy de su segundo a\u00f1o consecutivo de fuertes p\u00e9rdidas, con un beneficio neto que cay\u00f3 hasta los 2.400 millones de euros (2.600 millones de d\u00f3lares) en 2019. El beneficio neto atribuible a los accionistas fue tres veces mayor en 2018, aunque ese a\u00f1o<\/p>\n","protected":false},"author":1,"featured_media":3951,"comment_status":"closed","ping_status":"closed","sticky":false,"template":"","format":"standard","meta":{"footnotes":""},"categories":[35],"tags":[],"class_list":{"0":"post-3950","1":"post","2":"type-post","3":"status-publish","4":"format-standard","5":"has-post-thumbnail","7":"category-negocios"},"aioseo_notices":[],"aioseo_head":"\n\t\t<!-- All in One SEO Pro 4.9.6.2 - aioseo.com -->\n\t<meta name=\"description\" content=\"Berl\u00edn, 11 feb (dpa) - El fabricante alem\u00e1n de autom\u00f3viles Daimler inform\u00f3 hoy de su segundo a\u00f1o consecutivo de fuertes p\u00e9rdidas, con un beneficio neto que cay\u00f3 hasta los 2.400 millones de euros (2.600 millones de d\u00f3lares) en 2019. El beneficio neto atribuible a los accionistas fue tres veces mayor en 2018, aunque ese a\u00f1o\" \/>\n\t<meta name=\"robots\" content=\"max-image-preview:large\" \/>\n\t<meta name=\"author\" content=\"NBAsturias\"\/>\n\t<meta name=\"google-site-verification\" content=\"UA-38556648-1\" \/>\n\t<meta name=\"keywords\" content=\"negocios\" \/>\n\t<link rel=\"canonical\" href=\"https:\/\/eldigitaldeasturias.com\/radio\/daimler-registra-segundo-ano-consecutivo-de-fuertes-perdidas-en-2019\/\" \/>\n\t<meta name=\"generator\" content=\"All in One SEO Pro (AIOSEO) 4.9.6.2\" \/>\n\t\t<meta property=\"og:locale\" content=\"es_ES\" \/>\n\t\t<meta property=\"og:site_name\" content=\"El Digital de Asturias | Diario de informaci\u00f3n y noticias\" \/>\n\t\t<meta property=\"og:type\" content=\"article\" \/>\n\t\t<meta property=\"og:title\" content=\"Daimler registra segundo a\u00f1o consecutivo de fuertes p\u00e9rdidas en 2019 | El Digital de Asturias\" \/>\n\t\t<meta property=\"og:description\" content=\"Berl\u00edn, 11 feb (dpa) - El fabricante alem\u00e1n de autom\u00f3viles Daimler inform\u00f3 hoy de su segundo a\u00f1o consecutivo de fuertes p\u00e9rdidas, con un beneficio neto que cay\u00f3 hasta los 2.400 millones de euros (2.600 millones de d\u00f3lares) en 2019. El beneficio neto atribuible a los accionistas fue tres veces mayor en 2018, aunque ese a\u00f1o\" \/>\n\t\t<meta property=\"og:url\" content=\"https:\/\/eldigitaldeasturias.com\/radio\/daimler-registra-segundo-ano-consecutivo-de-fuertes-perdidas-en-2019\/\" \/>\n\t\t<meta property=\"og:image\" content=\"https:\/\/eldigitaldeasturias.com\/radio\/wp-content\/uploads\/2020\/02\/mercedes-dpa.jpg\" \/>\n\t\t<meta property=\"og:image:secure_url\" content=\"https:\/\/eldigitaldeasturias.com\/radio\/wp-content\/uploads\/2020\/02\/mercedes-dpa.jpg\" \/>\n\t\t<meta property=\"og:image:width\" content=\"1036\" \/>\n\t\t<meta property=\"og:image:height\" content=\"663\" \/>\n\t\t<meta property=\"article:published_time\" content=\"2020-02-13T06:23:07+00:00\" \/>\n\t\t<meta property=\"article:modified_time\" content=\"2020-02-13T06:23:07+00:00\" \/>\n\t\t<meta name=\"twitter:card\" content=\"summary_large_image\" \/>\n\t\t<meta name=\"twitter:site\" content=\"@bercodi\" \/>\n\t\t<meta name=\"twitter:title\" content=\"Daimler registra segundo a\u00f1o consecutivo de fuertes p\u00e9rdidas en 2019 | El Digital de Asturias\" \/>\n\t\t<meta name=\"twitter:description\" content=\"Berl\u00edn, 11 feb (dpa) - El fabricante alem\u00e1n de autom\u00f3viles Daimler inform\u00f3 hoy de su segundo a\u00f1o consecutivo de fuertes p\u00e9rdidas, con un beneficio neto que cay\u00f3 hasta los 2.400 millones de euros (2.600 millones de d\u00f3lares) en 2019. El beneficio neto atribuible a los accionistas fue tres veces mayor en 2018, aunque ese a\u00f1o\" \/>\n\t\t<meta name=\"twitter:creator\" content=\"@bercodi\" \/>\n\t\t<meta name=\"twitter:image\" content=\"https:\/\/eldigitaldeasturias.com\/radio\/wp-content\/uploads\/2020\/02\/mercedes-dpa.jpg\" \/>\n\t\t<script type=\"application\/ld+json\" class=\"aioseo-schema\">\n\t\t\t{\"@context\":\"https:\\\/\\\/schema.org\",\"@graph\":[{\"@type\":\"BreadcrumbList\",\"@id\":\"https:\\\/\\\/eldigitaldeasturias.com\\\/radio\\\/daimler-registra-segundo-ano-consecutivo-de-fuertes-perdidas-en-2019\\\/#breadcrumblist\",\"itemListElement\":[{\"@type\":\"ListItem\",\"@id\":\"https:\\\/\\\/eldigitaldeasturias.com\\\/radio#listItem\",\"position\":1,\"name\":\"Inicio\",\"item\":\"https:\\\/\\\/eldigitaldeasturias.com\\\/radio\",\"nextItem\":{\"@type\":\"ListItem\",\"@id\":\"https:\\\/\\\/eldigitaldeasturias.com\\\/radio\\\/category\\\/negocios\\\/#listItem\",\"name\":\"Negocios\"}},{\"@type\":\"ListItem\",\"@id\":\"https:\\\/\\\/eldigitaldeasturias.com\\\/radio\\\/category\\\/negocios\\\/#listItem\",\"position\":2,\"name\":\"Negocios\",\"item\":\"https:\\\/\\\/eldigitaldeasturias.com\\\/radio\\\/category\\\/negocios\\\/\",\"nextItem\":{\"@type\":\"ListItem\",\"@id\":\"https:\\\/\\\/eldigitaldeasturias.com\\\/radio\\\/daimler-registra-segundo-ano-consecutivo-de-fuertes-perdidas-en-2019\\\/#listItem\",\"name\":\"Daimler registra segundo a\\u00f1o consecutivo de fuertes p\\u00e9rdidas en 2019\"},\"previousItem\":{\"@type\":\"ListItem\",\"@id\":\"https:\\\/\\\/eldigitaldeasturias.com\\\/radio#listItem\",\"name\":\"Inicio\"}},{\"@type\":\"ListItem\",\"@id\":\"https:\\\/\\\/eldigitaldeasturias.com\\\/radio\\\/daimler-registra-segundo-ano-consecutivo-de-fuertes-perdidas-en-2019\\\/#listItem\",\"position\":3,\"name\":\"Daimler registra segundo a\\u00f1o consecutivo de fuertes p\\u00e9rdidas en 2019\",\"previousItem\":{\"@type\":\"ListItem\",\"@id\":\"https:\\\/\\\/eldigitaldeasturias.com\\\/radio\\\/category\\\/negocios\\\/#listItem\",\"name\":\"Negocios\"}}]},{\"@type\":\"NewsArticle\",\"@id\":\"https:\\\/\\\/eldigitaldeasturias.com\\\/radio\\\/daimler-registra-segundo-ano-consecutivo-de-fuertes-perdidas-en-2019\\\/#newsarticle\",\"name\":\"Daimler registra segundo a\\u00f1o consecutivo de fuertes p\\u00e9rdidas en 2019 | El Digital de Asturias\",\"headline\":\"Daimler registra segundo a\\u00f1o consecutivo de fuertes p\\u00e9rdidas en 2019\",\"author\":{\"@id\":\"https:\\\/\\\/eldigitaldeasturias.com\\\/radio\\\/author\\\/nbasturias\\\/#author\"},\"publisher\":{\"@id\":\"https:\\\/\\\/eldigitaldeasturias.com\\\/radio\\\/#organization\"},\"image\":{\"@type\":\"ImageObject\",\"url\":\"https:\\\/\\\/eldigitaldeasturias.com\\\/radio\\\/wp-content\\\/uploads\\\/2020\\\/02\\\/mercedes-dpa.jpg\",\"width\":1036,\"height\":663,\"caption\":\"Foto: Marijan Murat\\\/dpa\"},\"datePublished\":\"2020-02-13T06:23:07+01:00\",\"dateModified\":\"2020-02-13T06:23:07+01:00\",\"inLanguage\":\"es-ES\",\"mainEntityOfPage\":{\"@id\":\"https:\\\/\\\/eldigitaldeasturias.com\\\/radio\\\/daimler-registra-segundo-ano-consecutivo-de-fuertes-perdidas-en-2019\\\/#webpage\"},\"isPartOf\":{\"@id\":\"https:\\\/\\\/eldigitaldeasturias.com\\\/radio\\\/daimler-registra-segundo-ano-consecutivo-de-fuertes-perdidas-en-2019\\\/#webpage\"},\"articleSection\":\"Negocios\",\"dateline\":\"Publicado el febrero 13, 2020.\"},{\"@type\":\"Organization\",\"@id\":\"https:\\\/\\\/eldigitaldeasturias.com\\\/radio\\\/#organization\",\"name\":\"El digital de Asturias Radio\",\"description\":\"Diario de informaci\\u00f3n y noticias\",\"url\":\"https:\\\/\\\/eldigitaldeasturias.com\\\/radio\\\/\",\"telephone\":\"+34652131393\",\"logo\":{\"@type\":\"ImageObject\",\"url\":\"https:\\\/\\\/www.eldigitaldeasturias.com\\\/radio\\\/wp-content\\\/uploads\\\/2021\\\/03\\\/EDA.jpg\",\"@id\":\"https:\\\/\\\/eldigitaldeasturias.com\\\/radio\\\/daimler-registra-segundo-ano-consecutivo-de-fuertes-perdidas-en-2019\\\/#organizationLogo\"},\"image\":{\"@id\":\"https:\\\/\\\/eldigitaldeasturias.com\\\/radio\\\/daimler-registra-segundo-ano-consecutivo-de-fuertes-perdidas-en-2019\\\/#organizationLogo\"},\"sameAs\":[\"https:\\\/\\\/www.facebook.com\\\/\",\"https:\\\/\\\/x.com\\\/bercodi\",\"https:\\\/\\\/www.instagram.com\\\/\",\"https:\\\/\\\/www.youtube.com\\\/channel\\\/UCZP-2wLEB9Rv6erhFmqVnvg\"]},{\"@type\":\"Person\",\"@id\":\"https:\\\/\\\/eldigitaldeasturias.com\\\/radio\\\/author\\\/nbasturias\\\/#author\",\"url\":\"https:\\\/\\\/eldigitaldeasturias.com\\\/radio\\\/author\\\/nbasturias\\\/\",\"name\":\"NBAsturias\",\"image\":{\"@type\":\"ImageObject\",\"@id\":\"https:\\\/\\\/eldigitaldeasturias.com\\\/radio\\\/daimler-registra-segundo-ano-consecutivo-de-fuertes-perdidas-en-2019\\\/#authorImage\",\"url\":\"https:\\\/\\\/secure.gravatar.com\\\/avatar\\\/df2aeffc32bcd13f8d26072ef8a91b623d677766deac7f97ca815868cd41bf5e?s=96&d=mm&r=g\",\"width\":96,\"height\":96,\"caption\":\"NBAsturias\"}},{\"@type\":\"WebPage\",\"@id\":\"https:\\\/\\\/eldigitaldeasturias.com\\\/radio\\\/daimler-registra-segundo-ano-consecutivo-de-fuertes-perdidas-en-2019\\\/#webpage\",\"url\":\"https:\\\/\\\/eldigitaldeasturias.com\\\/radio\\\/daimler-registra-segundo-ano-consecutivo-de-fuertes-perdidas-en-2019\\\/\",\"name\":\"Daimler registra segundo a\\u00f1o consecutivo de fuertes p\\u00e9rdidas en 2019 | El Digital de Asturias\",\"description\":\"Berl\\u00edn, 11 feb (dpa) - El fabricante alem\\u00e1n de autom\\u00f3viles Daimler inform\\u00f3 hoy de su segundo a\\u00f1o consecutivo de fuertes p\\u00e9rdidas, con un beneficio neto que cay\\u00f3 hasta los 2.400 millones de euros (2.600 millones de d\\u00f3lares) en 2019. El beneficio neto atribuible a los accionistas fue tres veces mayor en 2018, aunque ese a\\u00f1o\",\"inLanguage\":\"es-ES\",\"isPartOf\":{\"@id\":\"https:\\\/\\\/eldigitaldeasturias.com\\\/radio\\\/#website\"},\"breadcrumb\":{\"@id\":\"https:\\\/\\\/eldigitaldeasturias.com\\\/radio\\\/daimler-registra-segundo-ano-consecutivo-de-fuertes-perdidas-en-2019\\\/#breadcrumblist\"},\"author\":{\"@id\":\"https:\\\/\\\/eldigitaldeasturias.com\\\/radio\\\/author\\\/nbasturias\\\/#author\"},\"creator\":{\"@id\":\"https:\\\/\\\/eldigitaldeasturias.com\\\/radio\\\/author\\\/nbasturias\\\/#author\"},\"image\":{\"@type\":\"ImageObject\",\"url\":\"https:\\\/\\\/eldigitaldeasturias.com\\\/radio\\\/wp-content\\\/uploads\\\/2020\\\/02\\\/mercedes-dpa.jpg\",\"@id\":\"https:\\\/\\\/eldigitaldeasturias.com\\\/radio\\\/daimler-registra-segundo-ano-consecutivo-de-fuertes-perdidas-en-2019\\\/#mainImage\",\"width\":1036,\"height\":663,\"caption\":\"Foto: Marijan Murat\\\/dpa\"},\"primaryImageOfPage\":{\"@id\":\"https:\\\/\\\/eldigitaldeasturias.com\\\/radio\\\/daimler-registra-segundo-ano-consecutivo-de-fuertes-perdidas-en-2019\\\/#mainImage\"},\"datePublished\":\"2020-02-13T06:23:07+01:00\",\"dateModified\":\"2020-02-13T06:23:07+01:00\"},{\"@type\":\"WebSite\",\"@id\":\"https:\\\/\\\/eldigitaldeasturias.com\\\/radio\\\/#website\",\"url\":\"https:\\\/\\\/eldigitaldeasturias.com\\\/radio\\\/\",\"name\":\"El Digital de Asturias\",\"description\":\"Diario de informaci\\u00f3n y noticias\",\"inLanguage\":\"es-ES\",\"publisher\":{\"@id\":\"https:\\\/\\\/eldigitaldeasturias.com\\\/radio\\\/#organization\"}}]}\n\t\t<\/script>\n\t\t<!-- All in One SEO Pro -->\r\n\t\t<title>Daimler registra segundo a\u00f1o consecutivo de fuertes p\u00e9rdidas en 2019 | El Digital de Asturias<\/title>\n\n","aioseo_head_json":{"title":"Daimler registra segundo a\u00f1o consecutivo de fuertes p\u00e9rdidas en 2019 | El Digital de Asturias","description":"Berl\u00edn, 11 feb (dpa) - El fabricante alem\u00e1n de autom\u00f3viles Daimler inform\u00f3 hoy de su segundo a\u00f1o consecutivo de fuertes p\u00e9rdidas, con un beneficio neto que cay\u00f3 hasta los 2.400 millones de euros (2.600 millones de d\u00f3lares) en 2019. El beneficio neto atribuible a los accionistas fue tres veces mayor en 2018, aunque ese a\u00f1o","canonical_url":"https:\/\/eldigitaldeasturias.com\/radio\/daimler-registra-segundo-ano-consecutivo-de-fuertes-perdidas-en-2019\/","robots":"max-image-preview:large","keywords":"negocios","webmasterTools":{"google-site-verification":"UA-38556648-1","miscellaneous":""},"schema":{"@context":"https:\/\/schema.org","@graph":[{"@type":"BreadcrumbList","@id":"https:\/\/eldigitaldeasturias.com\/radio\/daimler-registra-segundo-ano-consecutivo-de-fuertes-perdidas-en-2019\/#breadcrumblist","itemListElement":[{"@type":"ListItem","@id":"https:\/\/eldigitaldeasturias.com\/radio#listItem","position":1,"name":"Inicio","item":"https:\/\/eldigitaldeasturias.com\/radio","nextItem":{"@type":"ListItem","@id":"https:\/\/eldigitaldeasturias.com\/radio\/category\/negocios\/#listItem","name":"Negocios"}},{"@type":"ListItem","@id":"https:\/\/eldigitaldeasturias.com\/radio\/category\/negocios\/#listItem","position":2,"name":"Negocios","item":"https:\/\/eldigitaldeasturias.com\/radio\/category\/negocios\/","nextItem":{"@type":"ListItem","@id":"https:\/\/eldigitaldeasturias.com\/radio\/daimler-registra-segundo-ano-consecutivo-de-fuertes-perdidas-en-2019\/#listItem","name":"Daimler registra segundo a\u00f1o consecutivo de fuertes p\u00e9rdidas en 2019"},"previousItem":{"@type":"ListItem","@id":"https:\/\/eldigitaldeasturias.com\/radio#listItem","name":"Inicio"}},{"@type":"ListItem","@id":"https:\/\/eldigitaldeasturias.com\/radio\/daimler-registra-segundo-ano-consecutivo-de-fuertes-perdidas-en-2019\/#listItem","position":3,"name":"Daimler registra segundo a\u00f1o consecutivo de fuertes p\u00e9rdidas en 2019","previousItem":{"@type":"ListItem","@id":"https:\/\/eldigitaldeasturias.com\/radio\/category\/negocios\/#listItem","name":"Negocios"}}]},{"@type":"NewsArticle","@id":"https:\/\/eldigitaldeasturias.com\/radio\/daimler-registra-segundo-ano-consecutivo-de-fuertes-perdidas-en-2019\/#newsarticle","name":"Daimler registra segundo a\u00f1o consecutivo de fuertes p\u00e9rdidas en 2019 | El Digital de Asturias","headline":"Daimler registra segundo a\u00f1o consecutivo de fuertes p\u00e9rdidas en 2019","author":{"@id":"https:\/\/eldigitaldeasturias.com\/radio\/author\/nbasturias\/#author"},"publisher":{"@id":"https:\/\/eldigitaldeasturias.com\/radio\/#organization"},"image":{"@type":"ImageObject","url":"https:\/\/eldigitaldeasturias.com\/radio\/wp-content\/uploads\/2020\/02\/mercedes-dpa.jpg","width":1036,"height":663,"caption":"Foto: Marijan Murat\/dpa"},"datePublished":"2020-02-13T06:23:07+01:00","dateModified":"2020-02-13T06:23:07+01:00","inLanguage":"es-ES","mainEntityOfPage":{"@id":"https:\/\/eldigitaldeasturias.com\/radio\/daimler-registra-segundo-ano-consecutivo-de-fuertes-perdidas-en-2019\/#webpage"},"isPartOf":{"@id":"https:\/\/eldigitaldeasturias.com\/radio\/daimler-registra-segundo-ano-consecutivo-de-fuertes-perdidas-en-2019\/#webpage"},"articleSection":"Negocios","dateline":"Publicado el febrero 13, 2020."},{"@type":"Organization","@id":"https:\/\/eldigitaldeasturias.com\/radio\/#organization","name":"El digital de Asturias Radio","description":"Diario de informaci\u00f3n y noticias","url":"https:\/\/eldigitaldeasturias.com\/radio\/","telephone":"+34652131393","logo":{"@type":"ImageObject","url":"https:\/\/www.eldigitaldeasturias.com\/radio\/wp-content\/uploads\/2021\/03\/EDA.jpg","@id":"https:\/\/eldigitaldeasturias.com\/radio\/daimler-registra-segundo-ano-consecutivo-de-fuertes-perdidas-en-2019\/#organizationLogo"},"image":{"@id":"https:\/\/eldigitaldeasturias.com\/radio\/daimler-registra-segundo-ano-consecutivo-de-fuertes-perdidas-en-2019\/#organizationLogo"},"sameAs":["https:\/\/www.facebook.com\/","https:\/\/x.com\/bercodi","https:\/\/www.instagram.com\/","https:\/\/www.youtube.com\/channel\/UCZP-2wLEB9Rv6erhFmqVnvg"]},{"@type":"Person","@id":"https:\/\/eldigitaldeasturias.com\/radio\/author\/nbasturias\/#author","url":"https:\/\/eldigitaldeasturias.com\/radio\/author\/nbasturias\/","name":"NBAsturias","image":{"@type":"ImageObject","@id":"https:\/\/eldigitaldeasturias.com\/radio\/daimler-registra-segundo-ano-consecutivo-de-fuertes-perdidas-en-2019\/#authorImage","url":"https:\/\/secure.gravatar.com\/avatar\/df2aeffc32bcd13f8d26072ef8a91b623d677766deac7f97ca815868cd41bf5e?s=96&d=mm&r=g","width":96,"height":96,"caption":"NBAsturias"}},{"@type":"WebPage","@id":"https:\/\/eldigitaldeasturias.com\/radio\/daimler-registra-segundo-ano-consecutivo-de-fuertes-perdidas-en-2019\/#webpage","url":"https:\/\/eldigitaldeasturias.com\/radio\/daimler-registra-segundo-ano-consecutivo-de-fuertes-perdidas-en-2019\/","name":"Daimler registra segundo a\u00f1o consecutivo de fuertes p\u00e9rdidas en 2019 | El Digital de Asturias","description":"Berl\u00edn, 11 feb (dpa) - El fabricante alem\u00e1n de autom\u00f3viles Daimler inform\u00f3 hoy de su segundo a\u00f1o consecutivo de fuertes p\u00e9rdidas, con un beneficio neto que cay\u00f3 hasta los 2.400 millones de euros (2.600 millones de d\u00f3lares) en 2019. El beneficio neto atribuible a los accionistas fue tres veces mayor en 2018, aunque ese a\u00f1o","inLanguage":"es-ES","isPartOf":{"@id":"https:\/\/eldigitaldeasturias.com\/radio\/#website"},"breadcrumb":{"@id":"https:\/\/eldigitaldeasturias.com\/radio\/daimler-registra-segundo-ano-consecutivo-de-fuertes-perdidas-en-2019\/#breadcrumblist"},"author":{"@id":"https:\/\/eldigitaldeasturias.com\/radio\/author\/nbasturias\/#author"},"creator":{"@id":"https:\/\/eldigitaldeasturias.com\/radio\/author\/nbasturias\/#author"},"image":{"@type":"ImageObject","url":"https:\/\/eldigitaldeasturias.com\/radio\/wp-content\/uploads\/2020\/02\/mercedes-dpa.jpg","@id":"https:\/\/eldigitaldeasturias.com\/radio\/daimler-registra-segundo-ano-consecutivo-de-fuertes-perdidas-en-2019\/#mainImage","width":1036,"height":663,"caption":"Foto: Marijan Murat\/dpa"},"primaryImageOfPage":{"@id":"https:\/\/eldigitaldeasturias.com\/radio\/daimler-registra-segundo-ano-consecutivo-de-fuertes-perdidas-en-2019\/#mainImage"},"datePublished":"2020-02-13T06:23:07+01:00","dateModified":"2020-02-13T06:23:07+01:00"},{"@type":"WebSite","@id":"https:\/\/eldigitaldeasturias.com\/radio\/#website","url":"https:\/\/eldigitaldeasturias.com\/radio\/","name":"El Digital de Asturias","description":"Diario de informaci\u00f3n y noticias","inLanguage":"es-ES","publisher":{"@id":"https:\/\/eldigitaldeasturias.com\/radio\/#organization"}}]},"og:locale":"es_ES","og:site_name":"El Digital de Asturias | Diario de informaci\u00f3n y noticias","og:type":"article","og:title":"Daimler registra segundo a\u00f1o consecutivo de fuertes p\u00e9rdidas en 2019 | El Digital de Asturias","og:description":"Berl\u00edn, 11 feb (dpa) - El fabricante alem\u00e1n de autom\u00f3viles Daimler inform\u00f3 hoy de su segundo a\u00f1o consecutivo de fuertes p\u00e9rdidas, con un beneficio neto que cay\u00f3 hasta los 2.400 millones de euros (2.600 millones de d\u00f3lares) en 2019. El beneficio neto atribuible a los accionistas fue tres veces mayor en 2018, aunque ese a\u00f1o","og:url":"https:\/\/eldigitaldeasturias.com\/radio\/daimler-registra-segundo-ano-consecutivo-de-fuertes-perdidas-en-2019\/","og:image":"https:\/\/eldigitaldeasturias.com\/radio\/wp-content\/uploads\/2020\/02\/mercedes-dpa.jpg","og:image:secure_url":"https:\/\/eldigitaldeasturias.com\/radio\/wp-content\/uploads\/2020\/02\/mercedes-dpa.jpg","og:image:width":1036,"og:image:height":663,"article:published_time":"2020-02-13T06:23:07+00:00","article:modified_time":"2020-02-13T06:23:07+00:00","twitter:card":"summary_large_image","twitter:site":"@bercodi","twitter:title":"Daimler registra segundo a\u00f1o consecutivo de fuertes p\u00e9rdidas en 2019 | El Digital de Asturias","twitter:description":"Berl\u00edn, 11 feb (dpa) - El fabricante alem\u00e1n de autom\u00f3viles Daimler inform\u00f3 hoy de su segundo a\u00f1o consecutivo de fuertes p\u00e9rdidas, con un beneficio neto que cay\u00f3 hasta los 2.400 millones de euros (2.600 millones de d\u00f3lares) en 2019. El beneficio neto atribuible a los accionistas fue tres veces mayor en 2018, aunque ese a\u00f1o","twitter:creator":"@bercodi","twitter:image":"https:\/\/eldigitaldeasturias.com\/radio\/wp-content\/uploads\/2020\/02\/mercedes-dpa.jpg"},"aioseo_meta_data":{"post_id":"3950","title":null,"description":null,"keywords":null,"keyphrases":null,"primary_term":null,"canonical_url":null,"og_title":null,"og_description":null,"og_object_type":"default","og_image_type":"default","og_image_url":null,"og_image_width":null,"og_image_height":null,"og_image_custom_url":null,"og_image_custom_fields":null,"og_video":null,"og_custom_url":null,"og_article_section":null,"og_article_tags":null,"twitter_use_og":false,"twitter_card":"default","twitter_image_type":"default","twitter_image_url":null,"twitter_image_custom_url":null,"twitter_image_custom_fields":null,"twitter_title":null,"twitter_description":null,"schema":{"blockGraphs":[],"customGraphs":[],"default":{"data":{"Article":[],"Course":[],"Dataset":[],"FAQPage":[],"Movie":[],"Person":[],"Product":[],"ProductReview":[],"Car":[],"Recipe":[],"Service":[],"SoftwareApplication":[],"WebPage":[]},"graphName":"","isEnabled":true},"graphs":[],"defaultGraph":"","defaultPostTypeGraph":""},"schema_type":null,"schema_type_options":null,"pillar_content":false,"robots_default":true,"robots_noindex":false,"robots_noarchive":false,"robots_nosnippet":false,"robots_nofollow":false,"robots_noimageindex":false,"robots_noodp":false,"robots_notranslate":false,"robots_max_snippet":null,"robots_max_videopreview":null,"robots_max_imagepreview":"large","priority":null,"frequency":null,"location":null,"local_seo":null,"seo_analyzer_scan_date":"2025-08-28 15:09:27","breadcrumb_settings":null,"limit_modified_date":false,"open_ai":null,"ai":null,"created":"2021-03-25 19:04:13","updated":"2025-08-28 15:09:27"},"aioseo_breadcrumb":"<div class=\"aioseo-breadcrumbs\"><span class=\"aioseo-breadcrumb\">\n\t<a href=\"https:\/\/eldigitaldeasturias.com\/radio\" title=\"Inicio\">Inicio<\/a>\n<\/span><span class=\"aioseo-breadcrumb-separator\">&ndash;<\/span><span class=\"aioseo-breadcrumb\">\n\t<a href=\"https:\/\/eldigitaldeasturias.com\/radio\/category\/negocios\/\" title=\"Negocios\">Negocios<\/a>\n<\/span><span class=\"aioseo-breadcrumb-separator\">&ndash;<\/span><span class=\"aioseo-breadcrumb\">\n\tDaimler registra segundo a\u00f1o consecutivo de fuertes p\u00e9rdidas en 2019\n<\/span><\/div>","aioseo_breadcrumb_json":[{"label":"Inicio","link":"https:\/\/eldigitaldeasturias.com\/radio"},{"label":"Negocios","link":"https:\/\/eldigitaldeasturias.com\/radio\/category\/negocios\/"},{"label":"Daimler registra segundo a\u00f1o consecutivo de fuertes p\u00e9rdidas en 2019","link":"https:\/\/eldigitaldeasturias.com\/radio\/daimler-registra-segundo-ano-consecutivo-de-fuertes-perdidas-en-2019\/"}],"_links":{"self":[{"href":"https:\/\/eldigitaldeasturias.com\/radio\/wp-json\/wp\/v2\/posts\/3950","targetHints":{"allow":["GET"]}}],"collection":[{"href":"https:\/\/eldigitaldeasturias.com\/radio\/wp-json\/wp\/v2\/posts"}],"about":[{"href":"https:\/\/eldigitaldeasturias.com\/radio\/wp-json\/wp\/v2\/types\/post"}],"author":[{"embeddable":true,"href":"https:\/\/eldigitaldeasturias.com\/radio\/wp-json\/wp\/v2\/users\/1"}],"replies":[{"embeddable":true,"href":"https:\/\/eldigitaldeasturias.com\/radio\/wp-json\/wp\/v2\/comments?post=3950"}],"version-history":[{"count":0,"href":"https:\/\/eldigitaldeasturias.com\/radio\/wp-json\/wp\/v2\/posts\/3950\/revisions"}],"wp:featuredmedia":[{"embeddable":true,"href":"https:\/\/eldigitaldeasturias.com\/radio\/wp-json\/wp\/v2\/media\/3951"}],"wp:attachment":[{"href":"https:\/\/eldigitaldeasturias.com\/radio\/wp-json\/wp\/v2\/media?parent=3950"}],"wp:term":[{"taxonomy":"category","embeddable":true,"href":"https:\/\/eldigitaldeasturias.com\/radio\/wp-json\/wp\/v2\/categories?post=3950"},{"taxonomy":"post_tag","embeddable":true,"href":"https:\/\/eldigitaldeasturias.com\/radio\/wp-json\/wp\/v2\/tags?post=3950"}],"curies":[{"name":"wp","href":"https:\/\/api.w.org\/{rel}","templated":true}]}}