{"id":3947,"date":"2020-02-08T22:57:34","date_gmt":"2020-02-08T22:57:34","guid":{"rendered":"http:\/\/www.eldigitaldeasturias.com\/radio\/?p=3947"},"modified":"2020-02-08T22:57:34","modified_gmt":"2020-02-08T22:57:34","slug":"alemania-avanza-anticipadamente-a-ronda-final-de-copa-fed","status":"publish","type":"post","link":"https:\/\/eldigitaldeasturias.com\/radio\/alemania-avanza-anticipadamente-a-ronda-final-de-copa-fed\/","title":{"rendered":"Alemania avanza anticipadamente a ronda final de Copa Fed"},"content":{"rendered":"<figure id=\"attachment_3948\" aria-describedby=\"caption-attachment-3948\" style=\"width: 360px\" class=\"wp-caption alignleft\"><img fetchpriority=\"high\" decoding=\"async\" class=\"size-medium wp-image-3948\" src=\"http:\/\/www.eldigitaldeasturias.com\/radio\/wp-content\/uploads\/2020\/02\/Fed-dpa-360x239.jpg\" alt=\"\" width=\"360\" height=\"239\" srcset=\"https:\/\/eldigitaldeasturias.com\/radio\/wp-content\/uploads\/2020\/02\/Fed-dpa-360x239.jpg 360w, https:\/\/eldigitaldeasturias.com\/radio\/wp-content\/uploads\/2020\/02\/Fed-dpa-768x509.jpg 768w, https:\/\/eldigitaldeasturias.com\/radio\/wp-content\/uploads\/2020\/02\/Fed-dpa.jpg 1012w\" sizes=\"(max-width: 360px) 100vw, 360px\" \/><figcaption id=\"caption-attachment-3948\" class=\"wp-caption-text\">Foto: Diorgenes Pandini\/dpa<\/figcaption><\/figure>\n<p>Florian\u00f3polis (Brasil), 8 feb (dpa) &#8211; Alemania sell\u00f3 hoy anticipadamente su pase a la final de la Copa Fed de tenis tras la victoria de Laura Siegemund ante la brasile\u00f1a Gabriela C\u00e9 en el primer partido de la segunda jornada disputado en Brasil.<\/p>\n<p>Siegemund, 73 del ranking mundial, derrot\u00f3 a C\u00e9 por 6-1 y 6-2 y asegur\u00f3 as\u00ed una ventaja de 3-0 irremontable en Florian\u00f3polis.<\/p>\n<p>Siegemund ya hab\u00eda ganado contra Teliana Pereira el viernes y luego su compatriota Tatjana Maria derrot\u00f3 a C\u00e9.<\/p>\n<p>Las finales de la Fed Cup se celebrar\u00e1n en Budapest del 14 al 19 de abril. Adem\u00e1s de los ocho equipos clasificados, participar\u00e1n el anfitri\u00f3n Hungr\u00eda, Francia como defensora del t\u00edtulo, Australia como finalista del a\u00f1o pasado y la Rep\u00fablica Checa como invitada.<\/p>\n<p>Ante escaso p\u00fablico y pese al calor intenso, ambas jugadoras tuvieron que luchar contra el viento que reinaba en las instalaciones de Cost\u00e3o do Santinho, junto al oce\u00e1no Atl\u00e1ntico.<\/p>\n<p>Tras un gran n\u00famero de errores iniciales en ambos lados, Siegemund encontr\u00f3 mejor el camino que su rival brasile\u00f1a, 225 del escalaf\u00f3n mundial. En el segundo punto para set, C\u00e9 cometi\u00f3 una doble falta, al igual que el viernes cuando Maria se llev\u00f3 el punto de partido.<\/p>\n<p>En el segundo set, Siegemund necesit\u00f3 nuevamente un tiempo antes de volver a determinar el encuentro y cometer menos errores. Tras un 3-2 m\u00e1s disputado, finalmente la tenista germana de 31 a\u00f1os quebr\u00f3 el saque de su oponente y se llev\u00f3 el partido.<\/p>\n<p>Las mejores raquetas femeninas alemanas, Angelique Kerber y Julia G\u00f6rges, que esta vez se tomaron un descanso, podr\u00edan volver a la ronda final en Budapest.<\/p>\n<p>&nbsp;<\/p>\n","protected":false},"excerpt":{"rendered":"<p>Florian\u00f3polis (Brasil), 8 feb (dpa) &#8211; Alemania sell\u00f3 hoy anticipadamente su pase a la final de la Copa Fed de tenis tras la victoria de Laura Siegemund ante la brasile\u00f1a Gabriela C\u00e9 en el primer partido de la segunda jornada disputado en Brasil. Siegemund, 73 del ranking mundial, derrot\u00f3 a C\u00e9 por 6-1 y 6-2<\/p>\n","protected":false},"author":1,"featured_media":3948,"comment_status":"closed","ping_status":"closed","sticky":false,"template":"","format":"standard","meta":{"footnotes":""},"categories":[1],"tags":[],"class_list":{"0":"post-3947","1":"post","2":"type-post","3":"status-publish","4":"format-standard","5":"has-post-thumbnail","7":"category-noticias"},"aioseo_notices":[],"aioseo_head":"\n\t\t<!-- All in One SEO Pro 4.9.6.2 - aioseo.com -->\n\t<meta name=\"description\" content=\"Florian\u00f3polis (Brasil), 8 feb (dpa) - Alemania sell\u00f3 hoy anticipadamente su pase a la final de la Copa Fed de tenis tras la victoria de Laura Siegemund ante la brasile\u00f1a Gabriela C\u00e9 en el primer partido de la segunda jornada disputado en Brasil. Siegemund, 73 del ranking mundial, derrot\u00f3 a C\u00e9 por 6-1 y 6-2\" \/>\n\t<meta name=\"robots\" content=\"max-image-preview:large\" \/>\n\t<meta name=\"author\" content=\"NBAsturias\"\/>\n\t<meta name=\"google-site-verification\" content=\"UA-38556648-1\" \/>\n\t<meta name=\"keywords\" content=\"noticias\" \/>\n\t<link rel=\"canonical\" href=\"https:\/\/eldigitaldeasturias.com\/radio\/alemania-avanza-anticipadamente-a-ronda-final-de-copa-fed\/\" \/>\n\t<meta name=\"generator\" content=\"All in One SEO Pro (AIOSEO) 4.9.6.2\" \/>\n\t\t<meta property=\"og:locale\" content=\"es_ES\" \/>\n\t\t<meta property=\"og:site_name\" content=\"El Digital de Asturias | Diario de informaci\u00f3n y noticias\" \/>\n\t\t<meta property=\"og:type\" content=\"article\" \/>\n\t\t<meta property=\"og:title\" content=\"Alemania avanza anticipadamente a ronda final de Copa Fed | El Digital de Asturias\" \/>\n\t\t<meta property=\"og:description\" content=\"Florian\u00f3polis (Brasil), 8 feb (dpa) - Alemania sell\u00f3 hoy anticipadamente su pase a la final de la Copa Fed de tenis tras la victoria de Laura Siegemund ante la brasile\u00f1a Gabriela C\u00e9 en el primer partido de la segunda jornada disputado en Brasil. Siegemund, 73 del ranking mundial, derrot\u00f3 a C\u00e9 por 6-1 y 6-2\" \/>\n\t\t<meta property=\"og:url\" content=\"https:\/\/eldigitaldeasturias.com\/radio\/alemania-avanza-anticipadamente-a-ronda-final-de-copa-fed\/\" \/>\n\t\t<meta property=\"og:image\" content=\"https:\/\/eldigitaldeasturias.com\/radio\/wp-content\/uploads\/2020\/02\/Fed-dpa.jpg\" \/>\n\t\t<meta property=\"og:image:secure_url\" content=\"https:\/\/eldigitaldeasturias.com\/radio\/wp-content\/uploads\/2020\/02\/Fed-dpa.jpg\" \/>\n\t\t<meta property=\"og:image:width\" content=\"1012\" \/>\n\t\t<meta property=\"og:image:height\" content=\"671\" \/>\n\t\t<meta property=\"article:published_time\" content=\"2020-02-08T22:57:34+00:00\" \/>\n\t\t<meta property=\"article:modified_time\" content=\"2020-02-08T22:57:34+00:00\" \/>\n\t\t<meta name=\"twitter:card\" content=\"summary_large_image\" \/>\n\t\t<meta name=\"twitter:site\" content=\"@bercodi\" \/>\n\t\t<meta name=\"twitter:title\" content=\"Alemania avanza anticipadamente a ronda final de Copa Fed | El Digital de Asturias\" \/>\n\t\t<meta name=\"twitter:description\" content=\"Florian\u00f3polis (Brasil), 8 feb (dpa) - Alemania sell\u00f3 hoy anticipadamente su pase a la final de la Copa Fed de tenis tras la victoria de Laura Siegemund ante la brasile\u00f1a Gabriela C\u00e9 en el primer partido de la segunda jornada disputado en Brasil. Siegemund, 73 del ranking mundial, derrot\u00f3 a C\u00e9 por 6-1 y 6-2\" \/>\n\t\t<meta name=\"twitter:creator\" content=\"@bercodi\" \/>\n\t\t<meta name=\"twitter:image\" content=\"https:\/\/eldigitaldeasturias.com\/radio\/wp-content\/uploads\/2020\/02\/Fed-dpa.jpg\" \/>\n\t\t<script type=\"application\/ld+json\" class=\"aioseo-schema\">\n\t\t\t{\"@context\":\"https:\\\/\\\/schema.org\",\"@graph\":[{\"@type\":\"BreadcrumbList\",\"@id\":\"https:\\\/\\\/eldigitaldeasturias.com\\\/radio\\\/alemania-avanza-anticipadamente-a-ronda-final-de-copa-fed\\\/#breadcrumblist\",\"itemListElement\":[{\"@type\":\"ListItem\",\"@id\":\"https:\\\/\\\/eldigitaldeasturias.com\\\/radio#listItem\",\"position\":1,\"name\":\"Inicio\",\"item\":\"https:\\\/\\\/eldigitaldeasturias.com\\\/radio\",\"nextItem\":{\"@type\":\"ListItem\",\"@id\":\"https:\\\/\\\/eldigitaldeasturias.com\\\/radio\\\/category\\\/noticias\\\/#listItem\",\"name\":\"Noticias\"}},{\"@type\":\"ListItem\",\"@id\":\"https:\\\/\\\/eldigitaldeasturias.com\\\/radio\\\/category\\\/noticias\\\/#listItem\",\"position\":2,\"name\":\"Noticias\",\"item\":\"https:\\\/\\\/eldigitaldeasturias.com\\\/radio\\\/category\\\/noticias\\\/\",\"nextItem\":{\"@type\":\"ListItem\",\"@id\":\"https:\\\/\\\/eldigitaldeasturias.com\\\/radio\\\/alemania-avanza-anticipadamente-a-ronda-final-de-copa-fed\\\/#listItem\",\"name\":\"Alemania avanza anticipadamente a ronda final de Copa Fed\"},\"previousItem\":{\"@type\":\"ListItem\",\"@id\":\"https:\\\/\\\/eldigitaldeasturias.com\\\/radio#listItem\",\"name\":\"Inicio\"}},{\"@type\":\"ListItem\",\"@id\":\"https:\\\/\\\/eldigitaldeasturias.com\\\/radio\\\/alemania-avanza-anticipadamente-a-ronda-final-de-copa-fed\\\/#listItem\",\"position\":3,\"name\":\"Alemania avanza anticipadamente a ronda final de Copa Fed\",\"previousItem\":{\"@type\":\"ListItem\",\"@id\":\"https:\\\/\\\/eldigitaldeasturias.com\\\/radio\\\/category\\\/noticias\\\/#listItem\",\"name\":\"Noticias\"}}]},{\"@type\":\"NewsArticle\",\"@id\":\"https:\\\/\\\/eldigitaldeasturias.com\\\/radio\\\/alemania-avanza-anticipadamente-a-ronda-final-de-copa-fed\\\/#newsarticle\",\"name\":\"Alemania avanza anticipadamente a ronda final de Copa Fed | El Digital de Asturias\",\"headline\":\"Alemania avanza anticipadamente a ronda final de Copa Fed\",\"author\":{\"@id\":\"https:\\\/\\\/eldigitaldeasturias.com\\\/radio\\\/author\\\/nbasturias\\\/#author\"},\"publisher\":{\"@id\":\"https:\\\/\\\/eldigitaldeasturias.com\\\/radio\\\/#organization\"},\"image\":{\"@type\":\"ImageObject\",\"url\":\"https:\\\/\\\/eldigitaldeasturias.com\\\/radio\\\/wp-content\\\/uploads\\\/2020\\\/02\\\/Fed-dpa.jpg\",\"width\":1012,\"height\":671,\"caption\":\"Foto: Diorgenes Pandini\\\/dpa\"},\"datePublished\":\"2020-02-08T22:57:34+01:00\",\"dateModified\":\"2020-02-08T22:57:34+01:00\",\"inLanguage\":\"es-ES\",\"mainEntityOfPage\":{\"@id\":\"https:\\\/\\\/eldigitaldeasturias.com\\\/radio\\\/alemania-avanza-anticipadamente-a-ronda-final-de-copa-fed\\\/#webpage\"},\"isPartOf\":{\"@id\":\"https:\\\/\\\/eldigitaldeasturias.com\\\/radio\\\/alemania-avanza-anticipadamente-a-ronda-final-de-copa-fed\\\/#webpage\"},\"articleSection\":\"Noticias\",\"dateline\":\"Publicado el febrero 8, 2020.\"},{\"@type\":\"Organization\",\"@id\":\"https:\\\/\\\/eldigitaldeasturias.com\\\/radio\\\/#organization\",\"name\":\"El digital de Asturias Radio\",\"description\":\"Diario de informaci\\u00f3n y noticias\",\"url\":\"https:\\\/\\\/eldigitaldeasturias.com\\\/radio\\\/\",\"telephone\":\"+34652131393\",\"logo\":{\"@type\":\"ImageObject\",\"url\":\"https:\\\/\\\/www.eldigitaldeasturias.com\\\/radio\\\/wp-content\\\/uploads\\\/2021\\\/03\\\/EDA.jpg\",\"@id\":\"https:\\\/\\\/eldigitaldeasturias.com\\\/radio\\\/alemania-avanza-anticipadamente-a-ronda-final-de-copa-fed\\\/#organizationLogo\"},\"image\":{\"@id\":\"https:\\\/\\\/eldigitaldeasturias.com\\\/radio\\\/alemania-avanza-anticipadamente-a-ronda-final-de-copa-fed\\\/#organizationLogo\"},\"sameAs\":[\"https:\\\/\\\/www.facebook.com\\\/\",\"https:\\\/\\\/x.com\\\/bercodi\",\"https:\\\/\\\/www.instagram.com\\\/\",\"https:\\\/\\\/www.youtube.com\\\/channel\\\/UCZP-2wLEB9Rv6erhFmqVnvg\"]},{\"@type\":\"Person\",\"@id\":\"https:\\\/\\\/eldigitaldeasturias.com\\\/radio\\\/author\\\/nbasturias\\\/#author\",\"url\":\"https:\\\/\\\/eldigitaldeasturias.com\\\/radio\\\/author\\\/nbasturias\\\/\",\"name\":\"NBAsturias\",\"image\":{\"@type\":\"ImageObject\",\"@id\":\"https:\\\/\\\/eldigitaldeasturias.com\\\/radio\\\/alemania-avanza-anticipadamente-a-ronda-final-de-copa-fed\\\/#authorImage\",\"url\":\"https:\\\/\\\/secure.gravatar.com\\\/avatar\\\/df2aeffc32bcd13f8d26072ef8a91b623d677766deac7f97ca815868cd41bf5e?s=96&d=mm&r=g\",\"width\":96,\"height\":96,\"caption\":\"NBAsturias\"}},{\"@type\":\"WebPage\",\"@id\":\"https:\\\/\\\/eldigitaldeasturias.com\\\/radio\\\/alemania-avanza-anticipadamente-a-ronda-final-de-copa-fed\\\/#webpage\",\"url\":\"https:\\\/\\\/eldigitaldeasturias.com\\\/radio\\\/alemania-avanza-anticipadamente-a-ronda-final-de-copa-fed\\\/\",\"name\":\"Alemania avanza anticipadamente a ronda final de Copa Fed | El Digital de Asturias\",\"description\":\"Florian\\u00f3polis (Brasil), 8 feb (dpa) - Alemania sell\\u00f3 hoy anticipadamente su pase a la final de la Copa Fed de tenis tras la victoria de Laura Siegemund ante la brasile\\u00f1a Gabriela C\\u00e9 en el primer partido de la segunda jornada disputado en Brasil. Siegemund, 73 del ranking mundial, derrot\\u00f3 a C\\u00e9 por 6-1 y 6-2\",\"inLanguage\":\"es-ES\",\"isPartOf\":{\"@id\":\"https:\\\/\\\/eldigitaldeasturias.com\\\/radio\\\/#website\"},\"breadcrumb\":{\"@id\":\"https:\\\/\\\/eldigitaldeasturias.com\\\/radio\\\/alemania-avanza-anticipadamente-a-ronda-final-de-copa-fed\\\/#breadcrumblist\"},\"author\":{\"@id\":\"https:\\\/\\\/eldigitaldeasturias.com\\\/radio\\\/author\\\/nbasturias\\\/#author\"},\"creator\":{\"@id\":\"https:\\\/\\\/eldigitaldeasturias.com\\\/radio\\\/author\\\/nbasturias\\\/#author\"},\"image\":{\"@type\":\"ImageObject\",\"url\":\"https:\\\/\\\/eldigitaldeasturias.com\\\/radio\\\/wp-content\\\/uploads\\\/2020\\\/02\\\/Fed-dpa.jpg\",\"@id\":\"https:\\\/\\\/eldigitaldeasturias.com\\\/radio\\\/alemania-avanza-anticipadamente-a-ronda-final-de-copa-fed\\\/#mainImage\",\"width\":1012,\"height\":671,\"caption\":\"Foto: Diorgenes Pandini\\\/dpa\"},\"primaryImageOfPage\":{\"@id\":\"https:\\\/\\\/eldigitaldeasturias.com\\\/radio\\\/alemania-avanza-anticipadamente-a-ronda-final-de-copa-fed\\\/#mainImage\"},\"datePublished\":\"2020-02-08T22:57:34+01:00\",\"dateModified\":\"2020-02-08T22:57:34+01:00\"},{\"@type\":\"WebSite\",\"@id\":\"https:\\\/\\\/eldigitaldeasturias.com\\\/radio\\\/#website\",\"url\":\"https:\\\/\\\/eldigitaldeasturias.com\\\/radio\\\/\",\"name\":\"El Digital de Asturias\",\"description\":\"Diario de informaci\\u00f3n y noticias\",\"inLanguage\":\"es-ES\",\"publisher\":{\"@id\":\"https:\\\/\\\/eldigitaldeasturias.com\\\/radio\\\/#organization\"}}]}\n\t\t<\/script>\n\t\t<!-- All in One SEO Pro -->\r\n\t\t<title>Alemania avanza anticipadamente a ronda final de Copa Fed | El Digital de Asturias<\/title>\n\n","aioseo_head_json":{"title":"Alemania avanza anticipadamente a ronda final de Copa Fed | El Digital de Asturias","description":"Florian\u00f3polis (Brasil), 8 feb (dpa) - Alemania sell\u00f3 hoy anticipadamente su pase a la final de la Copa Fed de tenis tras la victoria de Laura Siegemund ante la brasile\u00f1a Gabriela C\u00e9 en el primer partido de la segunda jornada disputado en Brasil. Siegemund, 73 del ranking mundial, derrot\u00f3 a C\u00e9 por 6-1 y 6-2","canonical_url":"https:\/\/eldigitaldeasturias.com\/radio\/alemania-avanza-anticipadamente-a-ronda-final-de-copa-fed\/","robots":"max-image-preview:large","keywords":"noticias","webmasterTools":{"google-site-verification":"UA-38556648-1","miscellaneous":""},"schema":{"@context":"https:\/\/schema.org","@graph":[{"@type":"BreadcrumbList","@id":"https:\/\/eldigitaldeasturias.com\/radio\/alemania-avanza-anticipadamente-a-ronda-final-de-copa-fed\/#breadcrumblist","itemListElement":[{"@type":"ListItem","@id":"https:\/\/eldigitaldeasturias.com\/radio#listItem","position":1,"name":"Inicio","item":"https:\/\/eldigitaldeasturias.com\/radio","nextItem":{"@type":"ListItem","@id":"https:\/\/eldigitaldeasturias.com\/radio\/category\/noticias\/#listItem","name":"Noticias"}},{"@type":"ListItem","@id":"https:\/\/eldigitaldeasturias.com\/radio\/category\/noticias\/#listItem","position":2,"name":"Noticias","item":"https:\/\/eldigitaldeasturias.com\/radio\/category\/noticias\/","nextItem":{"@type":"ListItem","@id":"https:\/\/eldigitaldeasturias.com\/radio\/alemania-avanza-anticipadamente-a-ronda-final-de-copa-fed\/#listItem","name":"Alemania avanza anticipadamente a ronda final de Copa Fed"},"previousItem":{"@type":"ListItem","@id":"https:\/\/eldigitaldeasturias.com\/radio#listItem","name":"Inicio"}},{"@type":"ListItem","@id":"https:\/\/eldigitaldeasturias.com\/radio\/alemania-avanza-anticipadamente-a-ronda-final-de-copa-fed\/#listItem","position":3,"name":"Alemania avanza anticipadamente a ronda final de Copa Fed","previousItem":{"@type":"ListItem","@id":"https:\/\/eldigitaldeasturias.com\/radio\/category\/noticias\/#listItem","name":"Noticias"}}]},{"@type":"NewsArticle","@id":"https:\/\/eldigitaldeasturias.com\/radio\/alemania-avanza-anticipadamente-a-ronda-final-de-copa-fed\/#newsarticle","name":"Alemania avanza anticipadamente a ronda final de Copa Fed | El Digital de Asturias","headline":"Alemania avanza anticipadamente a ronda final de Copa Fed","author":{"@id":"https:\/\/eldigitaldeasturias.com\/radio\/author\/nbasturias\/#author"},"publisher":{"@id":"https:\/\/eldigitaldeasturias.com\/radio\/#organization"},"image":{"@type":"ImageObject","url":"https:\/\/eldigitaldeasturias.com\/radio\/wp-content\/uploads\/2020\/02\/Fed-dpa.jpg","width":1012,"height":671,"caption":"Foto: Diorgenes Pandini\/dpa"},"datePublished":"2020-02-08T22:57:34+01:00","dateModified":"2020-02-08T22:57:34+01:00","inLanguage":"es-ES","mainEntityOfPage":{"@id":"https:\/\/eldigitaldeasturias.com\/radio\/alemania-avanza-anticipadamente-a-ronda-final-de-copa-fed\/#webpage"},"isPartOf":{"@id":"https:\/\/eldigitaldeasturias.com\/radio\/alemania-avanza-anticipadamente-a-ronda-final-de-copa-fed\/#webpage"},"articleSection":"Noticias","dateline":"Publicado el febrero 8, 2020."},{"@type":"Organization","@id":"https:\/\/eldigitaldeasturias.com\/radio\/#organization","name":"El digital de Asturias Radio","description":"Diario de informaci\u00f3n y noticias","url":"https:\/\/eldigitaldeasturias.com\/radio\/","telephone":"+34652131393","logo":{"@type":"ImageObject","url":"https:\/\/www.eldigitaldeasturias.com\/radio\/wp-content\/uploads\/2021\/03\/EDA.jpg","@id":"https:\/\/eldigitaldeasturias.com\/radio\/alemania-avanza-anticipadamente-a-ronda-final-de-copa-fed\/#organizationLogo"},"image":{"@id":"https:\/\/eldigitaldeasturias.com\/radio\/alemania-avanza-anticipadamente-a-ronda-final-de-copa-fed\/#organizationLogo"},"sameAs":["https:\/\/www.facebook.com\/","https:\/\/x.com\/bercodi","https:\/\/www.instagram.com\/","https:\/\/www.youtube.com\/channel\/UCZP-2wLEB9Rv6erhFmqVnvg"]},{"@type":"Person","@id":"https:\/\/eldigitaldeasturias.com\/radio\/author\/nbasturias\/#author","url":"https:\/\/eldigitaldeasturias.com\/radio\/author\/nbasturias\/","name":"NBAsturias","image":{"@type":"ImageObject","@id":"https:\/\/eldigitaldeasturias.com\/radio\/alemania-avanza-anticipadamente-a-ronda-final-de-copa-fed\/#authorImage","url":"https:\/\/secure.gravatar.com\/avatar\/df2aeffc32bcd13f8d26072ef8a91b623d677766deac7f97ca815868cd41bf5e?s=96&d=mm&r=g","width":96,"height":96,"caption":"NBAsturias"}},{"@type":"WebPage","@id":"https:\/\/eldigitaldeasturias.com\/radio\/alemania-avanza-anticipadamente-a-ronda-final-de-copa-fed\/#webpage","url":"https:\/\/eldigitaldeasturias.com\/radio\/alemania-avanza-anticipadamente-a-ronda-final-de-copa-fed\/","name":"Alemania avanza anticipadamente a ronda final de Copa Fed | El Digital de Asturias","description":"Florian\u00f3polis (Brasil), 8 feb (dpa) - Alemania sell\u00f3 hoy anticipadamente su pase a la final de la Copa Fed de tenis tras la victoria de Laura Siegemund ante la brasile\u00f1a Gabriela C\u00e9 en el primer partido de la segunda jornada disputado en Brasil. Siegemund, 73 del ranking mundial, derrot\u00f3 a C\u00e9 por 6-1 y 6-2","inLanguage":"es-ES","isPartOf":{"@id":"https:\/\/eldigitaldeasturias.com\/radio\/#website"},"breadcrumb":{"@id":"https:\/\/eldigitaldeasturias.com\/radio\/alemania-avanza-anticipadamente-a-ronda-final-de-copa-fed\/#breadcrumblist"},"author":{"@id":"https:\/\/eldigitaldeasturias.com\/radio\/author\/nbasturias\/#author"},"creator":{"@id":"https:\/\/eldigitaldeasturias.com\/radio\/author\/nbasturias\/#author"},"image":{"@type":"ImageObject","url":"https:\/\/eldigitaldeasturias.com\/radio\/wp-content\/uploads\/2020\/02\/Fed-dpa.jpg","@id":"https:\/\/eldigitaldeasturias.com\/radio\/alemania-avanza-anticipadamente-a-ronda-final-de-copa-fed\/#mainImage","width":1012,"height":671,"caption":"Foto: Diorgenes Pandini\/dpa"},"primaryImageOfPage":{"@id":"https:\/\/eldigitaldeasturias.com\/radio\/alemania-avanza-anticipadamente-a-ronda-final-de-copa-fed\/#mainImage"},"datePublished":"2020-02-08T22:57:34+01:00","dateModified":"2020-02-08T22:57:34+01:00"},{"@type":"WebSite","@id":"https:\/\/eldigitaldeasturias.com\/radio\/#website","url":"https:\/\/eldigitaldeasturias.com\/radio\/","name":"El Digital de Asturias","description":"Diario de informaci\u00f3n y noticias","inLanguage":"es-ES","publisher":{"@id":"https:\/\/eldigitaldeasturias.com\/radio\/#organization"}}]},"og:locale":"es_ES","og:site_name":"El Digital de Asturias | Diario de informaci\u00f3n y noticias","og:type":"article","og:title":"Alemania avanza anticipadamente a ronda final de Copa Fed | El Digital de Asturias","og:description":"Florian\u00f3polis (Brasil), 8 feb (dpa) - Alemania sell\u00f3 hoy anticipadamente su pase a la final de la Copa Fed de tenis tras la victoria de Laura Siegemund ante la brasile\u00f1a Gabriela C\u00e9 en el primer partido de la segunda jornada disputado en Brasil. Siegemund, 73 del ranking mundial, derrot\u00f3 a C\u00e9 por 6-1 y 6-2","og:url":"https:\/\/eldigitaldeasturias.com\/radio\/alemania-avanza-anticipadamente-a-ronda-final-de-copa-fed\/","og:image":"https:\/\/eldigitaldeasturias.com\/radio\/wp-content\/uploads\/2020\/02\/Fed-dpa.jpg","og:image:secure_url":"https:\/\/eldigitaldeasturias.com\/radio\/wp-content\/uploads\/2020\/02\/Fed-dpa.jpg","og:image:width":1012,"og:image:height":671,"article:published_time":"2020-02-08T22:57:34+00:00","article:modified_time":"2020-02-08T22:57:34+00:00","twitter:card":"summary_large_image","twitter:site":"@bercodi","twitter:title":"Alemania avanza anticipadamente a ronda final de Copa Fed | El Digital de Asturias","twitter:description":"Florian\u00f3polis (Brasil), 8 feb (dpa) - Alemania sell\u00f3 hoy anticipadamente su pase a la final de la Copa Fed de tenis tras la victoria de Laura Siegemund ante la brasile\u00f1a Gabriela C\u00e9 en el primer partido de la segunda jornada disputado en Brasil. Siegemund, 73 del ranking mundial, derrot\u00f3 a C\u00e9 por 6-1 y 6-2","twitter:creator":"@bercodi","twitter:image":"https:\/\/eldigitaldeasturias.com\/radio\/wp-content\/uploads\/2020\/02\/Fed-dpa.jpg"},"aioseo_meta_data":{"post_id":"3947","title":null,"description":null,"keywords":null,"keyphrases":null,"primary_term":null,"canonical_url":null,"og_title":null,"og_description":null,"og_object_type":"default","og_image_type":"default","og_image_url":null,"og_image_width":null,"og_image_height":null,"og_image_custom_url":null,"og_image_custom_fields":null,"og_video":null,"og_custom_url":null,"og_article_section":null,"og_article_tags":null,"twitter_use_og":false,"twitter_card":"default","twitter_image_type":"default","twitter_image_url":null,"twitter_image_custom_url":null,"twitter_image_custom_fields":null,"twitter_title":null,"twitter_description":null,"schema":{"blockGraphs":[],"customGraphs":[],"default":{"data":{"Article":[],"Course":[],"Dataset":[],"FAQPage":[],"Movie":[],"Person":[],"Product":[],"ProductReview":[],"Car":[],"Recipe":[],"Service":[],"SoftwareApplication":[],"WebPage":[]},"graphName":"","isEnabled":true},"graphs":[],"defaultGraph":"","defaultPostTypeGraph":""},"schema_type":null,"schema_type_options":null,"pillar_content":false,"robots_default":true,"robots_noindex":false,"robots_noarchive":false,"robots_nosnippet":false,"robots_nofollow":false,"robots_noimageindex":false,"robots_noodp":false,"robots_notranslate":false,"robots_max_snippet":null,"robots_max_videopreview":null,"robots_max_imagepreview":"large","priority":null,"frequency":null,"location":null,"local_seo":null,"seo_analyzer_scan_date":"2025-08-28 15:09:26","breadcrumb_settings":null,"limit_modified_date":false,"open_ai":null,"ai":null,"created":"2021-03-25 11:33:03","updated":"2025-08-28 15:09:26"},"aioseo_breadcrumb":"<div class=\"aioseo-breadcrumbs\"><span class=\"aioseo-breadcrumb\">\n\t<a href=\"https:\/\/eldigitaldeasturias.com\/radio\" title=\"Inicio\">Inicio<\/a>\n<\/span><span class=\"aioseo-breadcrumb-separator\">&ndash;<\/span><span class=\"aioseo-breadcrumb\">\n\t<a href=\"https:\/\/eldigitaldeasturias.com\/radio\/category\/noticias\/\" title=\"Noticias\">Noticias<\/a>\n<\/span><span class=\"aioseo-breadcrumb-separator\">&ndash;<\/span><span class=\"aioseo-breadcrumb\">\n\tAlemania avanza anticipadamente a ronda final de Copa Fed\n<\/span><\/div>","aioseo_breadcrumb_json":[{"label":"Inicio","link":"https:\/\/eldigitaldeasturias.com\/radio"},{"label":"Noticias","link":"https:\/\/eldigitaldeasturias.com\/radio\/category\/noticias\/"},{"label":"Alemania avanza anticipadamente a ronda final de Copa Fed","link":"https:\/\/eldigitaldeasturias.com\/radio\/alemania-avanza-anticipadamente-a-ronda-final-de-copa-fed\/"}],"_links":{"self":[{"href":"https:\/\/eldigitaldeasturias.com\/radio\/wp-json\/wp\/v2\/posts\/3947","targetHints":{"allow":["GET"]}}],"collection":[{"href":"https:\/\/eldigitaldeasturias.com\/radio\/wp-json\/wp\/v2\/posts"}],"about":[{"href":"https:\/\/eldigitaldeasturias.com\/radio\/wp-json\/wp\/v2\/types\/post"}],"author":[{"embeddable":true,"href":"https:\/\/eldigitaldeasturias.com\/radio\/wp-json\/wp\/v2\/users\/1"}],"replies":[{"embeddable":true,"href":"https:\/\/eldigitaldeasturias.com\/radio\/wp-json\/wp\/v2\/comments?post=3947"}],"version-history":[{"count":0,"href":"https:\/\/eldigitaldeasturias.com\/radio\/wp-json\/wp\/v2\/posts\/3947\/revisions"}],"wp:featuredmedia":[{"embeddable":true,"href":"https:\/\/eldigitaldeasturias.com\/radio\/wp-json\/wp\/v2\/media\/3948"}],"wp:attachment":[{"href":"https:\/\/eldigitaldeasturias.com\/radio\/wp-json\/wp\/v2\/media?parent=3947"}],"wp:term":[{"taxonomy":"category","embeddable":true,"href":"https:\/\/eldigitaldeasturias.com\/radio\/wp-json\/wp\/v2\/categories?post=3947"},{"taxonomy":"post_tag","embeddable":true,"href":"https:\/\/eldigitaldeasturias.com\/radio\/wp-json\/wp\/v2\/tags?post=3947"}],"curies":[{"name":"wp","href":"https:\/\/api.w.org\/{rel}","templated":true}]}}