{"id":3939,"date":"2020-02-08T22:51:04","date_gmt":"2020-02-08T22:51:04","guid":{"rendered":"http:\/\/www.eldigitaldeasturias.com\/radio\/?p=3939"},"modified":"2020-02-08T22:51:04","modified_gmt":"2020-02-08T22:51:04","slug":"renuncia-el-primer-ministro-de-turingia","status":"publish","type":"post","link":"https:\/\/eldigitaldeasturias.com\/radio\/renuncia-el-primer-ministro-de-turingia\/","title":{"rendered":"Renuncia el primer ministro de Turingia"},"content":{"rendered":"<figure id=\"attachment_3940\" aria-describedby=\"caption-attachment-3940\" style=\"width: 360px\" class=\"wp-caption alignleft\"><img fetchpriority=\"high\" decoding=\"async\" class=\"size-medium wp-image-3940\" src=\"http:\/\/www.eldigitaldeasturias.com\/radio\/wp-content\/uploads\/2020\/02\/Kemmerich-dpa-360x240.jpg\" alt=\"\" width=\"360\" height=\"240\" srcset=\"https:\/\/eldigitaldeasturias.com\/radio\/wp-content\/uploads\/2020\/02\/Kemmerich-dpa-360x240.jpg 360w, https:\/\/eldigitaldeasturias.com\/radio\/wp-content\/uploads\/2020\/02\/Kemmerich-dpa-768x512.jpg 768w, https:\/\/eldigitaldeasturias.com\/radio\/wp-content\/uploads\/2020\/02\/Kemmerich-dpa.jpg 1006w\" sizes=\"(max-width: 360px) 100vw, 360px\" \/><figcaption id=\"caption-attachment-3940\" class=\"wp-caption-text\">Foto: Bodo Schackow\/dpa-Zentralbild\/dpa<\/figcaption><\/figure>\n<p>Berlin\/Erfurt (dpa) &#8211; El primer ministro del estado alem\u00e1n de Turingia, el liberal Thomas Kemmerich, renunci\u00f3 al cargo con efecto inmediato tras el esc\u00e1ndalo suscitado por su elecci\u00f3n, que se produjo con el apoyo de la ultraderecha, confirm\u00f3 hoy el Partido Liberal alem\u00e1n (FDP) de esa regi\u00f3n.<\/p>\n<p>Al mismo tiempo, la coalici\u00f3n de Gobierno que forman la Uni\u00f3n Dem\u00f3crata Cristiana (CDU), de la canciller Angela Merkel, su socia b\u00e1vara, la Uni\u00f3n Social Cristiana (CSU), y el Partido Socialdem\u00f3crata (SPD) exigi\u00f3 nuevas elecciones en ese estado del este de Alemania.<\/p>\n<p>\u00abDescartamos la formaci\u00f3n de un gobierno y de mayor\u00edas pol\u00edticas con los votos de la (ultraderechista Alternativa para Alemania) AfD. Esta es y sigue siendo la decisi\u00f3n para todos los niveles de los partidos que forman la coalici\u00f3n\u00bb, se\u00f1ala una declaraci\u00f3n emitida en Berl\u00edn.<\/p>\n<p>La coalici\u00f3n no solo reclam\u00f3 que se eligiera sin demora un nuevo primer ministro en Turingia, sino que urgi\u00f3 a convocar cuanto antes a nuevos comicios en la regi\u00f3n \u00abpor razones de legitimidad de la pol\u00edtica\u00bb.<\/p>\n<p>El comunicado destaca que es importante asegurar r\u00e1pidamente condiciones estables y claras en Turingia y a\u00f1adi\u00f3 que la elecci\u00f3n del primer ministro con una mayor\u00eda basada \u00fanicamente en los votos de la AfD fue \u00abun hecho imperdonable\u00bb.<\/p>\n<p>Por su parte, Kemmerich anunci\u00f3 su renuncia y la devoluci\u00f3n al Tesoro del Estado de las ganancias percibidas por el cargo.<\/p>\n<p>\u00abPor la presente declaro mi renuncia como jefe de Gobierno del Estado Libre de Turingia con efecto inmediato\u00bb, se\u00f1ala la dimisi\u00f3n de Kemmerich.<\/p>\n<p>Tras la elecci\u00f3n de Kemmerich el mi\u00e9rcoles pasado, el FDP y la CDU fueron sometidos a una fuerte presi\u00f3n en todo el pa\u00eds porque, al igual que la AfD, optaron sorpresivamente por Kemmerich como nuevo primer ministro de Turingia en la tercera ronda de votaciones.<\/p>\n<p>El candidato liberal, cuyo partido apenas hab\u00eda logrado entrar en el parlamento regional en las elecciones celebradas hace unos meses, se impuso sobre el primer ministro saliente Bodo Ramelow, del partido La Izquierda. Ramelow obtuvo 44 votos, mientras que el nuevo primer ministro sali\u00f3 elegido por tan solo un voto de diferencia con 45 votos.<\/p>\n<p>Esta es la primera vez que un primer ministro es elegido con votos de la AfD, liderada en la regi\u00f3n por Bj\u00f6rn H\u00f6cke, fundador del ala m\u00e1s radical del partido cuya existencia est\u00e1 clasificada por la Oficina de Protecci\u00f3n de la Constituci\u00f3n como un caso sospechoso de extremismo de derecha.<\/p>\n<p>&nbsp;<\/p>\n","protected":false},"excerpt":{"rendered":"<p>Berlin\/Erfurt (dpa) &#8211; El primer ministro del estado alem\u00e1n de Turingia, el liberal Thomas Kemmerich, renunci\u00f3 al cargo con efecto inmediato tras el esc\u00e1ndalo suscitado por su elecci\u00f3n, que se produjo con el apoyo de la ultraderecha, confirm\u00f3 hoy el Partido Liberal alem\u00e1n (FDP) de esa regi\u00f3n. Al mismo tiempo, la coalici\u00f3n de Gobierno que<\/p>\n","protected":false},"author":1,"featured_media":3940,"comment_status":"closed","ping_status":"closed","sticky":false,"template":"","format":"standard","meta":{"footnotes":""},"categories":[1],"tags":[],"class_list":{"0":"post-3939","1":"post","2":"type-post","3":"status-publish","4":"format-standard","5":"has-post-thumbnail","7":"category-noticias"},"aioseo_notices":[],"aioseo_head":"\n\t\t<!-- All in One SEO Pro 4.9.6.2 - aioseo.com -->\n\t<meta name=\"description\" content=\"Berlin\/Erfurt (dpa) - El primer ministro del estado alem\u00e1n de Turingia, el liberal Thomas Kemmerich, renunci\u00f3 al cargo con efecto inmediato tras el esc\u00e1ndalo suscitado por su elecci\u00f3n, que se produjo con el apoyo de la ultraderecha, confirm\u00f3 hoy el Partido Liberal alem\u00e1n (FDP) de esa regi\u00f3n. Al mismo tiempo, la coalici\u00f3n de Gobierno que\" \/>\n\t<meta name=\"robots\" content=\"max-image-preview:large\" \/>\n\t<meta name=\"author\" content=\"NBAsturias\"\/>\n\t<meta name=\"google-site-verification\" content=\"UA-38556648-1\" \/>\n\t<meta name=\"keywords\" content=\"noticias\" \/>\n\t<link rel=\"canonical\" href=\"https:\/\/eldigitaldeasturias.com\/radio\/renuncia-el-primer-ministro-de-turingia\/\" \/>\n\t<meta name=\"generator\" content=\"All in One SEO Pro (AIOSEO) 4.9.6.2\" \/>\n\t\t<meta property=\"og:locale\" content=\"es_ES\" \/>\n\t\t<meta property=\"og:site_name\" content=\"El Digital de Asturias | Diario de informaci\u00f3n y noticias\" \/>\n\t\t<meta property=\"og:type\" content=\"article\" \/>\n\t\t<meta property=\"og:title\" content=\"Renuncia el primer ministro de Turingia | El Digital de Asturias\" \/>\n\t\t<meta property=\"og:description\" content=\"Berlin\/Erfurt (dpa) - El primer ministro del estado alem\u00e1n de Turingia, el liberal Thomas Kemmerich, renunci\u00f3 al cargo con efecto inmediato tras el esc\u00e1ndalo suscitado por su elecci\u00f3n, que se produjo con el apoyo de la ultraderecha, confirm\u00f3 hoy el Partido Liberal alem\u00e1n (FDP) de esa regi\u00f3n. Al mismo tiempo, la coalici\u00f3n de Gobierno que\" \/>\n\t\t<meta property=\"og:url\" content=\"https:\/\/eldigitaldeasturias.com\/radio\/renuncia-el-primer-ministro-de-turingia\/\" \/>\n\t\t<meta property=\"og:image\" content=\"https:\/\/eldigitaldeasturias.com\/radio\/wp-content\/uploads\/2020\/02\/Kemmerich-dpa.jpg\" \/>\n\t\t<meta property=\"og:image:secure_url\" content=\"https:\/\/eldigitaldeasturias.com\/radio\/wp-content\/uploads\/2020\/02\/Kemmerich-dpa.jpg\" \/>\n\t\t<meta property=\"og:image:width\" content=\"1006\" \/>\n\t\t<meta property=\"og:image:height\" content=\"671\" \/>\n\t\t<meta property=\"article:published_time\" content=\"2020-02-08T22:51:04+00:00\" \/>\n\t\t<meta property=\"article:modified_time\" content=\"2020-02-08T22:51:04+00:00\" \/>\n\t\t<meta name=\"twitter:card\" content=\"summary_large_image\" \/>\n\t\t<meta name=\"twitter:site\" content=\"@bercodi\" \/>\n\t\t<meta name=\"twitter:title\" content=\"Renuncia el primer ministro de Turingia | El Digital de Asturias\" \/>\n\t\t<meta name=\"twitter:description\" content=\"Berlin\/Erfurt (dpa) - El primer ministro del estado alem\u00e1n de Turingia, el liberal Thomas Kemmerich, renunci\u00f3 al cargo con efecto inmediato tras el esc\u00e1ndalo suscitado por su elecci\u00f3n, que se produjo con el apoyo de la ultraderecha, confirm\u00f3 hoy el Partido Liberal alem\u00e1n (FDP) de esa regi\u00f3n. Al mismo tiempo, la coalici\u00f3n de Gobierno que\" \/>\n\t\t<meta name=\"twitter:creator\" content=\"@bercodi\" \/>\n\t\t<meta name=\"twitter:image\" content=\"https:\/\/eldigitaldeasturias.com\/radio\/wp-content\/uploads\/2020\/02\/Kemmerich-dpa.jpg\" \/>\n\t\t<script type=\"application\/ld+json\" class=\"aioseo-schema\">\n\t\t\t{\"@context\":\"https:\\\/\\\/schema.org\",\"@graph\":[{\"@type\":\"BreadcrumbList\",\"@id\":\"https:\\\/\\\/eldigitaldeasturias.com\\\/radio\\\/renuncia-el-primer-ministro-de-turingia\\\/#breadcrumblist\",\"itemListElement\":[{\"@type\":\"ListItem\",\"@id\":\"https:\\\/\\\/eldigitaldeasturias.com\\\/radio#listItem\",\"position\":1,\"name\":\"Inicio\",\"item\":\"https:\\\/\\\/eldigitaldeasturias.com\\\/radio\",\"nextItem\":{\"@type\":\"ListItem\",\"@id\":\"https:\\\/\\\/eldigitaldeasturias.com\\\/radio\\\/category\\\/noticias\\\/#listItem\",\"name\":\"Noticias\"}},{\"@type\":\"ListItem\",\"@id\":\"https:\\\/\\\/eldigitaldeasturias.com\\\/radio\\\/category\\\/noticias\\\/#listItem\",\"position\":2,\"name\":\"Noticias\",\"item\":\"https:\\\/\\\/eldigitaldeasturias.com\\\/radio\\\/category\\\/noticias\\\/\",\"nextItem\":{\"@type\":\"ListItem\",\"@id\":\"https:\\\/\\\/eldigitaldeasturias.com\\\/radio\\\/renuncia-el-primer-ministro-de-turingia\\\/#listItem\",\"name\":\"Renuncia el primer ministro de Turingia\"},\"previousItem\":{\"@type\":\"ListItem\",\"@id\":\"https:\\\/\\\/eldigitaldeasturias.com\\\/radio#listItem\",\"name\":\"Inicio\"}},{\"@type\":\"ListItem\",\"@id\":\"https:\\\/\\\/eldigitaldeasturias.com\\\/radio\\\/renuncia-el-primer-ministro-de-turingia\\\/#listItem\",\"position\":3,\"name\":\"Renuncia el primer ministro de Turingia\",\"previousItem\":{\"@type\":\"ListItem\",\"@id\":\"https:\\\/\\\/eldigitaldeasturias.com\\\/radio\\\/category\\\/noticias\\\/#listItem\",\"name\":\"Noticias\"}}]},{\"@type\":\"NewsArticle\",\"@id\":\"https:\\\/\\\/eldigitaldeasturias.com\\\/radio\\\/renuncia-el-primer-ministro-de-turingia\\\/#newsarticle\",\"name\":\"Renuncia el primer ministro de Turingia | El Digital de Asturias\",\"headline\":\"Renuncia el primer ministro de Turingia\",\"author\":{\"@id\":\"https:\\\/\\\/eldigitaldeasturias.com\\\/radio\\\/author\\\/nbasturias\\\/#author\"},\"publisher\":{\"@id\":\"https:\\\/\\\/eldigitaldeasturias.com\\\/radio\\\/#organization\"},\"image\":{\"@type\":\"ImageObject\",\"url\":\"https:\\\/\\\/eldigitaldeasturias.com\\\/radio\\\/wp-content\\\/uploads\\\/2020\\\/02\\\/Kemmerich-dpa.jpg\",\"width\":1006,\"height\":671,\"caption\":\"Foto: Bodo Schackow\\\/dpa-Zentralbild\\\/dpa\"},\"datePublished\":\"2020-02-08T22:51:04+01:00\",\"dateModified\":\"2020-02-08T22:51:04+01:00\",\"inLanguage\":\"es-ES\",\"mainEntityOfPage\":{\"@id\":\"https:\\\/\\\/eldigitaldeasturias.com\\\/radio\\\/renuncia-el-primer-ministro-de-turingia\\\/#webpage\"},\"isPartOf\":{\"@id\":\"https:\\\/\\\/eldigitaldeasturias.com\\\/radio\\\/renuncia-el-primer-ministro-de-turingia\\\/#webpage\"},\"articleSection\":\"Noticias\",\"dateline\":\"Publicado el febrero 8, 2020.\"},{\"@type\":\"Organization\",\"@id\":\"https:\\\/\\\/eldigitaldeasturias.com\\\/radio\\\/#organization\",\"name\":\"El digital de Asturias Radio\",\"description\":\"Diario de informaci\\u00f3n y noticias\",\"url\":\"https:\\\/\\\/eldigitaldeasturias.com\\\/radio\\\/\",\"telephone\":\"+34652131393\",\"logo\":{\"@type\":\"ImageObject\",\"url\":\"https:\\\/\\\/www.eldigitaldeasturias.com\\\/radio\\\/wp-content\\\/uploads\\\/2021\\\/03\\\/EDA.jpg\",\"@id\":\"https:\\\/\\\/eldigitaldeasturias.com\\\/radio\\\/renuncia-el-primer-ministro-de-turingia\\\/#organizationLogo\"},\"image\":{\"@id\":\"https:\\\/\\\/eldigitaldeasturias.com\\\/radio\\\/renuncia-el-primer-ministro-de-turingia\\\/#organizationLogo\"},\"sameAs\":[\"https:\\\/\\\/www.facebook.com\\\/\",\"https:\\\/\\\/x.com\\\/bercodi\",\"https:\\\/\\\/www.instagram.com\\\/\",\"https:\\\/\\\/www.youtube.com\\\/channel\\\/UCZP-2wLEB9Rv6erhFmqVnvg\"]},{\"@type\":\"Person\",\"@id\":\"https:\\\/\\\/eldigitaldeasturias.com\\\/radio\\\/author\\\/nbasturias\\\/#author\",\"url\":\"https:\\\/\\\/eldigitaldeasturias.com\\\/radio\\\/author\\\/nbasturias\\\/\",\"name\":\"NBAsturias\",\"image\":{\"@type\":\"ImageObject\",\"@id\":\"https:\\\/\\\/eldigitaldeasturias.com\\\/radio\\\/renuncia-el-primer-ministro-de-turingia\\\/#authorImage\",\"url\":\"https:\\\/\\\/secure.gravatar.com\\\/avatar\\\/df2aeffc32bcd13f8d26072ef8a91b623d677766deac7f97ca815868cd41bf5e?s=96&d=mm&r=g\",\"width\":96,\"height\":96,\"caption\":\"NBAsturias\"}},{\"@type\":\"WebPage\",\"@id\":\"https:\\\/\\\/eldigitaldeasturias.com\\\/radio\\\/renuncia-el-primer-ministro-de-turingia\\\/#webpage\",\"url\":\"https:\\\/\\\/eldigitaldeasturias.com\\\/radio\\\/renuncia-el-primer-ministro-de-turingia\\\/\",\"name\":\"Renuncia el primer ministro de Turingia | El Digital de Asturias\",\"description\":\"Berlin\\\/Erfurt (dpa) - El primer ministro del estado alem\\u00e1n de Turingia, el liberal Thomas Kemmerich, renunci\\u00f3 al cargo con efecto inmediato tras el esc\\u00e1ndalo suscitado por su elecci\\u00f3n, que se produjo con el apoyo de la ultraderecha, confirm\\u00f3 hoy el Partido Liberal alem\\u00e1n (FDP) de esa regi\\u00f3n. Al mismo tiempo, la coalici\\u00f3n de Gobierno que\",\"inLanguage\":\"es-ES\",\"isPartOf\":{\"@id\":\"https:\\\/\\\/eldigitaldeasturias.com\\\/radio\\\/#website\"},\"breadcrumb\":{\"@id\":\"https:\\\/\\\/eldigitaldeasturias.com\\\/radio\\\/renuncia-el-primer-ministro-de-turingia\\\/#breadcrumblist\"},\"author\":{\"@id\":\"https:\\\/\\\/eldigitaldeasturias.com\\\/radio\\\/author\\\/nbasturias\\\/#author\"},\"creator\":{\"@id\":\"https:\\\/\\\/eldigitaldeasturias.com\\\/radio\\\/author\\\/nbasturias\\\/#author\"},\"image\":{\"@type\":\"ImageObject\",\"url\":\"https:\\\/\\\/eldigitaldeasturias.com\\\/radio\\\/wp-content\\\/uploads\\\/2020\\\/02\\\/Kemmerich-dpa.jpg\",\"@id\":\"https:\\\/\\\/eldigitaldeasturias.com\\\/radio\\\/renuncia-el-primer-ministro-de-turingia\\\/#mainImage\",\"width\":1006,\"height\":671,\"caption\":\"Foto: Bodo Schackow\\\/dpa-Zentralbild\\\/dpa\"},\"primaryImageOfPage\":{\"@id\":\"https:\\\/\\\/eldigitaldeasturias.com\\\/radio\\\/renuncia-el-primer-ministro-de-turingia\\\/#mainImage\"},\"datePublished\":\"2020-02-08T22:51:04+01:00\",\"dateModified\":\"2020-02-08T22:51:04+01:00\"},{\"@type\":\"WebSite\",\"@id\":\"https:\\\/\\\/eldigitaldeasturias.com\\\/radio\\\/#website\",\"url\":\"https:\\\/\\\/eldigitaldeasturias.com\\\/radio\\\/\",\"name\":\"El Digital de Asturias\",\"description\":\"Diario de informaci\\u00f3n y noticias\",\"inLanguage\":\"es-ES\",\"publisher\":{\"@id\":\"https:\\\/\\\/eldigitaldeasturias.com\\\/radio\\\/#organization\"}}]}\n\t\t<\/script>\n\t\t<!-- All in One SEO Pro -->\r\n\t\t<title>Renuncia el primer ministro de Turingia | El Digital de Asturias<\/title>\n\n","aioseo_head_json":{"title":"Renuncia el primer ministro de Turingia | El Digital de Asturias","description":"Berlin\/Erfurt (dpa) - El primer ministro del estado alem\u00e1n de Turingia, el liberal Thomas Kemmerich, renunci\u00f3 al cargo con efecto inmediato tras el esc\u00e1ndalo suscitado por su elecci\u00f3n, que se produjo con el apoyo de la ultraderecha, confirm\u00f3 hoy el Partido Liberal alem\u00e1n (FDP) de esa regi\u00f3n. Al mismo tiempo, la coalici\u00f3n de Gobierno que","canonical_url":"https:\/\/eldigitaldeasturias.com\/radio\/renuncia-el-primer-ministro-de-turingia\/","robots":"max-image-preview:large","keywords":"noticias","webmasterTools":{"google-site-verification":"UA-38556648-1","miscellaneous":""},"schema":{"@context":"https:\/\/schema.org","@graph":[{"@type":"BreadcrumbList","@id":"https:\/\/eldigitaldeasturias.com\/radio\/renuncia-el-primer-ministro-de-turingia\/#breadcrumblist","itemListElement":[{"@type":"ListItem","@id":"https:\/\/eldigitaldeasturias.com\/radio#listItem","position":1,"name":"Inicio","item":"https:\/\/eldigitaldeasturias.com\/radio","nextItem":{"@type":"ListItem","@id":"https:\/\/eldigitaldeasturias.com\/radio\/category\/noticias\/#listItem","name":"Noticias"}},{"@type":"ListItem","@id":"https:\/\/eldigitaldeasturias.com\/radio\/category\/noticias\/#listItem","position":2,"name":"Noticias","item":"https:\/\/eldigitaldeasturias.com\/radio\/category\/noticias\/","nextItem":{"@type":"ListItem","@id":"https:\/\/eldigitaldeasturias.com\/radio\/renuncia-el-primer-ministro-de-turingia\/#listItem","name":"Renuncia el primer ministro de Turingia"},"previousItem":{"@type":"ListItem","@id":"https:\/\/eldigitaldeasturias.com\/radio#listItem","name":"Inicio"}},{"@type":"ListItem","@id":"https:\/\/eldigitaldeasturias.com\/radio\/renuncia-el-primer-ministro-de-turingia\/#listItem","position":3,"name":"Renuncia el primer ministro de Turingia","previousItem":{"@type":"ListItem","@id":"https:\/\/eldigitaldeasturias.com\/radio\/category\/noticias\/#listItem","name":"Noticias"}}]},{"@type":"NewsArticle","@id":"https:\/\/eldigitaldeasturias.com\/radio\/renuncia-el-primer-ministro-de-turingia\/#newsarticle","name":"Renuncia el primer ministro de Turingia | El Digital de Asturias","headline":"Renuncia el primer ministro de Turingia","author":{"@id":"https:\/\/eldigitaldeasturias.com\/radio\/author\/nbasturias\/#author"},"publisher":{"@id":"https:\/\/eldigitaldeasturias.com\/radio\/#organization"},"image":{"@type":"ImageObject","url":"https:\/\/eldigitaldeasturias.com\/radio\/wp-content\/uploads\/2020\/02\/Kemmerich-dpa.jpg","width":1006,"height":671,"caption":"Foto: Bodo Schackow\/dpa-Zentralbild\/dpa"},"datePublished":"2020-02-08T22:51:04+01:00","dateModified":"2020-02-08T22:51:04+01:00","inLanguage":"es-ES","mainEntityOfPage":{"@id":"https:\/\/eldigitaldeasturias.com\/radio\/renuncia-el-primer-ministro-de-turingia\/#webpage"},"isPartOf":{"@id":"https:\/\/eldigitaldeasturias.com\/radio\/renuncia-el-primer-ministro-de-turingia\/#webpage"},"articleSection":"Noticias","dateline":"Publicado el febrero 8, 2020."},{"@type":"Organization","@id":"https:\/\/eldigitaldeasturias.com\/radio\/#organization","name":"El digital de Asturias Radio","description":"Diario de informaci\u00f3n y noticias","url":"https:\/\/eldigitaldeasturias.com\/radio\/","telephone":"+34652131393","logo":{"@type":"ImageObject","url":"https:\/\/www.eldigitaldeasturias.com\/radio\/wp-content\/uploads\/2021\/03\/EDA.jpg","@id":"https:\/\/eldigitaldeasturias.com\/radio\/renuncia-el-primer-ministro-de-turingia\/#organizationLogo"},"image":{"@id":"https:\/\/eldigitaldeasturias.com\/radio\/renuncia-el-primer-ministro-de-turingia\/#organizationLogo"},"sameAs":["https:\/\/www.facebook.com\/","https:\/\/x.com\/bercodi","https:\/\/www.instagram.com\/","https:\/\/www.youtube.com\/channel\/UCZP-2wLEB9Rv6erhFmqVnvg"]},{"@type":"Person","@id":"https:\/\/eldigitaldeasturias.com\/radio\/author\/nbasturias\/#author","url":"https:\/\/eldigitaldeasturias.com\/radio\/author\/nbasturias\/","name":"NBAsturias","image":{"@type":"ImageObject","@id":"https:\/\/eldigitaldeasturias.com\/radio\/renuncia-el-primer-ministro-de-turingia\/#authorImage","url":"https:\/\/secure.gravatar.com\/avatar\/df2aeffc32bcd13f8d26072ef8a91b623d677766deac7f97ca815868cd41bf5e?s=96&d=mm&r=g","width":96,"height":96,"caption":"NBAsturias"}},{"@type":"WebPage","@id":"https:\/\/eldigitaldeasturias.com\/radio\/renuncia-el-primer-ministro-de-turingia\/#webpage","url":"https:\/\/eldigitaldeasturias.com\/radio\/renuncia-el-primer-ministro-de-turingia\/","name":"Renuncia el primer ministro de Turingia | El Digital de Asturias","description":"Berlin\/Erfurt (dpa) - El primer ministro del estado alem\u00e1n de Turingia, el liberal Thomas Kemmerich, renunci\u00f3 al cargo con efecto inmediato tras el esc\u00e1ndalo suscitado por su elecci\u00f3n, que se produjo con el apoyo de la ultraderecha, confirm\u00f3 hoy el Partido Liberal alem\u00e1n (FDP) de esa regi\u00f3n. Al mismo tiempo, la coalici\u00f3n de Gobierno que","inLanguage":"es-ES","isPartOf":{"@id":"https:\/\/eldigitaldeasturias.com\/radio\/#website"},"breadcrumb":{"@id":"https:\/\/eldigitaldeasturias.com\/radio\/renuncia-el-primer-ministro-de-turingia\/#breadcrumblist"},"author":{"@id":"https:\/\/eldigitaldeasturias.com\/radio\/author\/nbasturias\/#author"},"creator":{"@id":"https:\/\/eldigitaldeasturias.com\/radio\/author\/nbasturias\/#author"},"image":{"@type":"ImageObject","url":"https:\/\/eldigitaldeasturias.com\/radio\/wp-content\/uploads\/2020\/02\/Kemmerich-dpa.jpg","@id":"https:\/\/eldigitaldeasturias.com\/radio\/renuncia-el-primer-ministro-de-turingia\/#mainImage","width":1006,"height":671,"caption":"Foto: Bodo Schackow\/dpa-Zentralbild\/dpa"},"primaryImageOfPage":{"@id":"https:\/\/eldigitaldeasturias.com\/radio\/renuncia-el-primer-ministro-de-turingia\/#mainImage"},"datePublished":"2020-02-08T22:51:04+01:00","dateModified":"2020-02-08T22:51:04+01:00"},{"@type":"WebSite","@id":"https:\/\/eldigitaldeasturias.com\/radio\/#website","url":"https:\/\/eldigitaldeasturias.com\/radio\/","name":"El Digital de Asturias","description":"Diario de informaci\u00f3n y noticias","inLanguage":"es-ES","publisher":{"@id":"https:\/\/eldigitaldeasturias.com\/radio\/#organization"}}]},"og:locale":"es_ES","og:site_name":"El Digital de Asturias | Diario de informaci\u00f3n y noticias","og:type":"article","og:title":"Renuncia el primer ministro de Turingia | El Digital de Asturias","og:description":"Berlin\/Erfurt (dpa) - El primer ministro del estado alem\u00e1n de Turingia, el liberal Thomas Kemmerich, renunci\u00f3 al cargo con efecto inmediato tras el esc\u00e1ndalo suscitado por su elecci\u00f3n, que se produjo con el apoyo de la ultraderecha, confirm\u00f3 hoy el Partido Liberal alem\u00e1n (FDP) de esa regi\u00f3n. Al mismo tiempo, la coalici\u00f3n de Gobierno que","og:url":"https:\/\/eldigitaldeasturias.com\/radio\/renuncia-el-primer-ministro-de-turingia\/","og:image":"https:\/\/eldigitaldeasturias.com\/radio\/wp-content\/uploads\/2020\/02\/Kemmerich-dpa.jpg","og:image:secure_url":"https:\/\/eldigitaldeasturias.com\/radio\/wp-content\/uploads\/2020\/02\/Kemmerich-dpa.jpg","og:image:width":1006,"og:image:height":671,"article:published_time":"2020-02-08T22:51:04+00:00","article:modified_time":"2020-02-08T22:51:04+00:00","twitter:card":"summary_large_image","twitter:site":"@bercodi","twitter:title":"Renuncia el primer ministro de Turingia | El Digital de Asturias","twitter:description":"Berlin\/Erfurt (dpa) - El primer ministro del estado alem\u00e1n de Turingia, el liberal Thomas Kemmerich, renunci\u00f3 al cargo con efecto inmediato tras el esc\u00e1ndalo suscitado por su elecci\u00f3n, que se produjo con el apoyo de la ultraderecha, confirm\u00f3 hoy el Partido Liberal alem\u00e1n (FDP) de esa regi\u00f3n. Al mismo tiempo, la coalici\u00f3n de Gobierno que","twitter:creator":"@bercodi","twitter:image":"https:\/\/eldigitaldeasturias.com\/radio\/wp-content\/uploads\/2020\/02\/Kemmerich-dpa.jpg"},"aioseo_meta_data":{"post_id":"3939","title":null,"description":null,"keywords":null,"keyphrases":null,"primary_term":null,"canonical_url":null,"og_title":null,"og_description":null,"og_object_type":"default","og_image_type":"default","og_image_url":null,"og_image_width":null,"og_image_height":null,"og_image_custom_url":null,"og_image_custom_fields":null,"og_video":null,"og_custom_url":null,"og_article_section":null,"og_article_tags":null,"twitter_use_og":false,"twitter_card":"default","twitter_image_type":"default","twitter_image_url":null,"twitter_image_custom_url":null,"twitter_image_custom_fields":null,"twitter_title":null,"twitter_description":null,"schema":{"blockGraphs":[],"customGraphs":[],"default":{"data":{"Article":[],"Course":[],"Dataset":[],"FAQPage":[],"Movie":[],"Person":[],"Product":[],"ProductReview":[],"Car":[],"Recipe":[],"Service":[],"SoftwareApplication":[],"WebPage":[]},"graphName":"","isEnabled":true},"graphs":[],"defaultGraph":"","defaultPostTypeGraph":""},"schema_type":null,"schema_type_options":null,"pillar_content":false,"robots_default":true,"robots_noindex":false,"robots_noarchive":false,"robots_nosnippet":false,"robots_nofollow":false,"robots_noimageindex":false,"robots_noodp":false,"robots_notranslate":false,"robots_max_snippet":null,"robots_max_videopreview":null,"robots_max_imagepreview":"large","priority":null,"frequency":null,"location":null,"local_seo":null,"seo_analyzer_scan_date":"2025-08-28 15:07:28","breadcrumb_settings":null,"limit_modified_date":false,"open_ai":null,"ai":null,"created":"2021-03-28 03:12:09","updated":"2025-08-28 15:07:28"},"aioseo_breadcrumb":"<div class=\"aioseo-breadcrumbs\"><span class=\"aioseo-breadcrumb\">\n\t<a href=\"https:\/\/eldigitaldeasturias.com\/radio\" title=\"Inicio\">Inicio<\/a>\n<\/span><span class=\"aioseo-breadcrumb-separator\">&ndash;<\/span><span class=\"aioseo-breadcrumb\">\n\t<a href=\"https:\/\/eldigitaldeasturias.com\/radio\/category\/noticias\/\" title=\"Noticias\">Noticias<\/a>\n<\/span><span class=\"aioseo-breadcrumb-separator\">&ndash;<\/span><span class=\"aioseo-breadcrumb\">\n\tRenuncia el primer ministro de Turingia\n<\/span><\/div>","aioseo_breadcrumb_json":[{"label":"Inicio","link":"https:\/\/eldigitaldeasturias.com\/radio"},{"label":"Noticias","link":"https:\/\/eldigitaldeasturias.com\/radio\/category\/noticias\/"},{"label":"Renuncia el primer ministro de Turingia","link":"https:\/\/eldigitaldeasturias.com\/radio\/renuncia-el-primer-ministro-de-turingia\/"}],"_links":{"self":[{"href":"https:\/\/eldigitaldeasturias.com\/radio\/wp-json\/wp\/v2\/posts\/3939","targetHints":{"allow":["GET"]}}],"collection":[{"href":"https:\/\/eldigitaldeasturias.com\/radio\/wp-json\/wp\/v2\/posts"}],"about":[{"href":"https:\/\/eldigitaldeasturias.com\/radio\/wp-json\/wp\/v2\/types\/post"}],"author":[{"embeddable":true,"href":"https:\/\/eldigitaldeasturias.com\/radio\/wp-json\/wp\/v2\/users\/1"}],"replies":[{"embeddable":true,"href":"https:\/\/eldigitaldeasturias.com\/radio\/wp-json\/wp\/v2\/comments?post=3939"}],"version-history":[{"count":0,"href":"https:\/\/eldigitaldeasturias.com\/radio\/wp-json\/wp\/v2\/posts\/3939\/revisions"}],"wp:featuredmedia":[{"embeddable":true,"href":"https:\/\/eldigitaldeasturias.com\/radio\/wp-json\/wp\/v2\/media\/3940"}],"wp:attachment":[{"href":"https:\/\/eldigitaldeasturias.com\/radio\/wp-json\/wp\/v2\/media?parent=3939"}],"wp:term":[{"taxonomy":"category","embeddable":true,"href":"https:\/\/eldigitaldeasturias.com\/radio\/wp-json\/wp\/v2\/categories?post=3939"},{"taxonomy":"post_tag","embeddable":true,"href":"https:\/\/eldigitaldeasturias.com\/radio\/wp-json\/wp\/v2\/tags?post=3939"}],"curies":[{"name":"wp","href":"https:\/\/api.w.org\/{rel}","templated":true}]}}