{"id":3937,"date":"2020-02-08T22:45:55","date_gmt":"2020-02-08T22:45:55","guid":{"rendered":"http:\/\/www.eldigitaldeasturias.com\/radio\/?p=3937"},"modified":"2020-02-08T22:45:55","modified_gmt":"2020-02-08T22:45:55","slug":"coronavirus-berlin-espera-llegada-de-alemanes-provenientes-de-wuhan","status":"publish","type":"post","link":"https:\/\/eldigitaldeasturias.com\/radio\/coronavirus-berlin-espera-llegada-de-alemanes-provenientes-de-wuhan\/","title":{"rendered":"Coronavirus: Berl\u00edn espera llegada de alemanes provenientes de Wuhan"},"content":{"rendered":"<p>Berl\u00edn, 8 feb (dpa) &#8211; Berl\u00edn se prepara para la llegada de unos 20 alemanes provenientes de la ciudad china de Wuhan, foco de la epidemia de la enfermedad pulmonar causada por el coronavirus, informaron hoy las autoridades sanitarias de la capital germana.<\/p>\n<p>\u00abEl Gobierno Federal ha decidido permitir que personas que regresan de Wuhan aterricen en Berl\u00edn\u00bb, se\u00f1al\u00f3 Dilek Kalayci, responsable de la cartera de salud del Gobierno regional.<\/p>\n<p>Se espera que el grupo llegue a Berl\u00edn a bordo de un avi\u00f3n especial, que tocar\u00e1 tierra el domingo en el sector militar del aeropuerto de Tegel.<\/p>\n<p>Todos los pasajeros ser\u00e1n revisados tras su llegada para controlar si han contra\u00eddo el virus y deber\u00e1n permanecer dos semanas en un sector aislado de cl\u00ednicas de la Cruz Roja en las afueras de Berl\u00edn.<\/p>\n<p>Hace una semana, Alemania recogi\u00f3 a un centenar de ciudadanos germanos y sus familiares con un avi\u00f3n de la Fuerza A\u00e9rea. Los repatriados se encuentran en cuarentena en la base de la fuerza a\u00e9rea en Germersheim, no lejos de Fr\u00e1ncfort.<\/p>\n","protected":false},"excerpt":{"rendered":"<p>Berl\u00edn, 8 feb (dpa) &#8211; Berl\u00edn se prepara para la llegada de unos 20 alemanes provenientes de la ciudad china de Wuhan, foco de la epidemia de la enfermedad pulmonar causada por el coronavirus, informaron hoy las autoridades sanitarias de la capital germana. \u00abEl Gobierno Federal ha decidido permitir que personas que regresan de Wuhan<\/p>\n","protected":false},"author":1,"featured_media":242,"comment_status":"closed","ping_status":"closed","sticky":false,"template":"","format":"standard","meta":{"footnotes":""},"categories":[1],"tags":[],"class_list":{"0":"post-3937","1":"post","2":"type-post","3":"status-publish","4":"format-standard","5":"has-post-thumbnail","7":"category-noticias"},"aioseo_notices":[],"aioseo_head":"\n\t\t<!-- All in One SEO Pro 4.9.6.2 - aioseo.com -->\n\t<meta name=\"description\" content=\"Berl\u00edn, 8 feb (dpa) - Berl\u00edn se prepara para la llegada de unos 20 alemanes provenientes de la ciudad china de Wuhan, foco de la epidemia de la enfermedad pulmonar causada por el coronavirus, informaron hoy las autoridades sanitarias de la capital germana. &quot;El Gobierno Federal ha decidido permitir que personas que regresan de Wuhan\" \/>\n\t<meta name=\"robots\" content=\"max-image-preview:large\" \/>\n\t<meta name=\"author\" content=\"NBAsturias\"\/>\n\t<meta name=\"google-site-verification\" content=\"UA-38556648-1\" \/>\n\t<meta name=\"keywords\" content=\"noticias\" \/>\n\t<link rel=\"canonical\" href=\"https:\/\/eldigitaldeasturias.com\/radio\/coronavirus-berlin-espera-llegada-de-alemanes-provenientes-de-wuhan\/\" \/>\n\t<meta name=\"generator\" content=\"All in One SEO Pro (AIOSEO) 4.9.6.2\" \/>\n\t\t<meta property=\"og:locale\" content=\"es_ES\" \/>\n\t\t<meta property=\"og:site_name\" content=\"El Digital de Asturias | Diario de informaci\u00f3n y noticias\" \/>\n\t\t<meta property=\"og:type\" content=\"article\" \/>\n\t\t<meta property=\"og:title\" content=\"Coronavirus: Berl\u00edn espera llegada de alemanes provenientes de Wuhan | El Digital de Asturias\" \/>\n\t\t<meta property=\"og:description\" content=\"Berl\u00edn, 8 feb (dpa) - Berl\u00edn se prepara para la llegada de unos 20 alemanes provenientes de la ciudad china de Wuhan, foco de la epidemia de la enfermedad pulmonar causada por el coronavirus, informaron hoy las autoridades sanitarias de la capital germana. &quot;El Gobierno Federal ha decidido permitir que personas que regresan de Wuhan\" \/>\n\t\t<meta property=\"og:url\" content=\"https:\/\/eldigitaldeasturias.com\/radio\/coronavirus-berlin-espera-llegada-de-alemanes-provenientes-de-wuhan\/\" \/>\n\t\t<meta property=\"og:image\" content=\"https:\/\/eldigitaldeasturias.com\/radio\/wp-content\/uploads\/2018\/03\/technology-785742_1280.jpg\" \/>\n\t\t<meta property=\"og:image:secure_url\" content=\"https:\/\/eldigitaldeasturias.com\/radio\/wp-content\/uploads\/2018\/03\/technology-785742_1280.jpg\" \/>\n\t\t<meta property=\"og:image:width\" content=\"1280\" \/>\n\t\t<meta property=\"og:image:height\" content=\"853\" \/>\n\t\t<meta property=\"article:published_time\" content=\"2020-02-08T22:45:55+00:00\" \/>\n\t\t<meta property=\"article:modified_time\" content=\"2020-02-08T22:45:55+00:00\" \/>\n\t\t<meta name=\"twitter:card\" content=\"summary_large_image\" \/>\n\t\t<meta name=\"twitter:site\" content=\"@bercodi\" \/>\n\t\t<meta name=\"twitter:title\" content=\"Coronavirus: Berl\u00edn espera llegada de alemanes provenientes de Wuhan | El Digital de Asturias\" \/>\n\t\t<meta name=\"twitter:description\" content=\"Berl\u00edn, 8 feb (dpa) - Berl\u00edn se prepara para la llegada de unos 20 alemanes provenientes de la ciudad china de Wuhan, foco de la epidemia de la enfermedad pulmonar causada por el coronavirus, informaron hoy las autoridades sanitarias de la capital germana. &quot;El Gobierno Federal ha decidido permitir que personas que regresan de Wuhan\" \/>\n\t\t<meta name=\"twitter:creator\" content=\"@bercodi\" \/>\n\t\t<meta name=\"twitter:image\" content=\"https:\/\/eldigitaldeasturias.com\/radio\/wp-content\/uploads\/2018\/03\/technology-785742_1280.jpg\" \/>\n\t\t<script type=\"application\/ld+json\" class=\"aioseo-schema\">\n\t\t\t{\"@context\":\"https:\\\/\\\/schema.org\",\"@graph\":[{\"@type\":\"BreadcrumbList\",\"@id\":\"https:\\\/\\\/eldigitaldeasturias.com\\\/radio\\\/coronavirus-berlin-espera-llegada-de-alemanes-provenientes-de-wuhan\\\/#breadcrumblist\",\"itemListElement\":[{\"@type\":\"ListItem\",\"@id\":\"https:\\\/\\\/eldigitaldeasturias.com\\\/radio#listItem\",\"position\":1,\"name\":\"Inicio\",\"item\":\"https:\\\/\\\/eldigitaldeasturias.com\\\/radio\",\"nextItem\":{\"@type\":\"ListItem\",\"@id\":\"https:\\\/\\\/eldigitaldeasturias.com\\\/radio\\\/category\\\/noticias\\\/#listItem\",\"name\":\"Noticias\"}},{\"@type\":\"ListItem\",\"@id\":\"https:\\\/\\\/eldigitaldeasturias.com\\\/radio\\\/category\\\/noticias\\\/#listItem\",\"position\":2,\"name\":\"Noticias\",\"item\":\"https:\\\/\\\/eldigitaldeasturias.com\\\/radio\\\/category\\\/noticias\\\/\",\"nextItem\":{\"@type\":\"ListItem\",\"@id\":\"https:\\\/\\\/eldigitaldeasturias.com\\\/radio\\\/coronavirus-berlin-espera-llegada-de-alemanes-provenientes-de-wuhan\\\/#listItem\",\"name\":\"Coronavirus: Berl\\u00edn espera llegada de alemanes provenientes de Wuhan\"},\"previousItem\":{\"@type\":\"ListItem\",\"@id\":\"https:\\\/\\\/eldigitaldeasturias.com\\\/radio#listItem\",\"name\":\"Inicio\"}},{\"@type\":\"ListItem\",\"@id\":\"https:\\\/\\\/eldigitaldeasturias.com\\\/radio\\\/coronavirus-berlin-espera-llegada-de-alemanes-provenientes-de-wuhan\\\/#listItem\",\"position\":3,\"name\":\"Coronavirus: Berl\\u00edn espera llegada de alemanes provenientes de Wuhan\",\"previousItem\":{\"@type\":\"ListItem\",\"@id\":\"https:\\\/\\\/eldigitaldeasturias.com\\\/radio\\\/category\\\/noticias\\\/#listItem\",\"name\":\"Noticias\"}}]},{\"@type\":\"NewsArticle\",\"@id\":\"https:\\\/\\\/eldigitaldeasturias.com\\\/radio\\\/coronavirus-berlin-espera-llegada-de-alemanes-provenientes-de-wuhan\\\/#newsarticle\",\"name\":\"Coronavirus: Berl\\u00edn espera llegada de alemanes provenientes de Wuhan | El Digital de Asturias\",\"headline\":\"Coronavirus: Berl\\u00edn espera llegada de alemanes provenientes de Wuhan\",\"author\":{\"@id\":\"https:\\\/\\\/eldigitaldeasturias.com\\\/radio\\\/author\\\/nbasturias\\\/#author\"},\"publisher\":{\"@id\":\"https:\\\/\\\/eldigitaldeasturias.com\\\/radio\\\/#organization\"},\"image\":{\"@type\":\"ImageObject\",\"url\":\"https:\\\/\\\/eldigitaldeasturias.com\\\/radio\\\/wp-content\\\/uploads\\\/2018\\\/03\\\/technology-785742_1280.jpg\",\"width\":1280,\"height\":853},\"datePublished\":\"2020-02-08T22:45:55+01:00\",\"dateModified\":\"2020-02-08T22:45:55+01:00\",\"inLanguage\":\"es-ES\",\"mainEntityOfPage\":{\"@id\":\"https:\\\/\\\/eldigitaldeasturias.com\\\/radio\\\/coronavirus-berlin-espera-llegada-de-alemanes-provenientes-de-wuhan\\\/#webpage\"},\"isPartOf\":{\"@id\":\"https:\\\/\\\/eldigitaldeasturias.com\\\/radio\\\/coronavirus-berlin-espera-llegada-de-alemanes-provenientes-de-wuhan\\\/#webpage\"},\"articleSection\":\"Noticias\",\"dateline\":\"Publicado el febrero 8, 2020.\"},{\"@type\":\"Organization\",\"@id\":\"https:\\\/\\\/eldigitaldeasturias.com\\\/radio\\\/#organization\",\"name\":\"El digital de Asturias Radio\",\"description\":\"Diario de informaci\\u00f3n y noticias\",\"url\":\"https:\\\/\\\/eldigitaldeasturias.com\\\/radio\\\/\",\"telephone\":\"+34652131393\",\"logo\":{\"@type\":\"ImageObject\",\"url\":\"https:\\\/\\\/www.eldigitaldeasturias.com\\\/radio\\\/wp-content\\\/uploads\\\/2021\\\/03\\\/EDA.jpg\",\"@id\":\"https:\\\/\\\/eldigitaldeasturias.com\\\/radio\\\/coronavirus-berlin-espera-llegada-de-alemanes-provenientes-de-wuhan\\\/#organizationLogo\"},\"image\":{\"@id\":\"https:\\\/\\\/eldigitaldeasturias.com\\\/radio\\\/coronavirus-berlin-espera-llegada-de-alemanes-provenientes-de-wuhan\\\/#organizationLogo\"},\"sameAs\":[\"https:\\\/\\\/www.facebook.com\\\/\",\"https:\\\/\\\/x.com\\\/bercodi\",\"https:\\\/\\\/www.instagram.com\\\/\",\"https:\\\/\\\/www.youtube.com\\\/channel\\\/UCZP-2wLEB9Rv6erhFmqVnvg\"]},{\"@type\":\"Person\",\"@id\":\"https:\\\/\\\/eldigitaldeasturias.com\\\/radio\\\/author\\\/nbasturias\\\/#author\",\"url\":\"https:\\\/\\\/eldigitaldeasturias.com\\\/radio\\\/author\\\/nbasturias\\\/\",\"name\":\"NBAsturias\",\"image\":{\"@type\":\"ImageObject\",\"@id\":\"https:\\\/\\\/eldigitaldeasturias.com\\\/radio\\\/coronavirus-berlin-espera-llegada-de-alemanes-provenientes-de-wuhan\\\/#authorImage\",\"url\":\"https:\\\/\\\/secure.gravatar.com\\\/avatar\\\/df2aeffc32bcd13f8d26072ef8a91b623d677766deac7f97ca815868cd41bf5e?s=96&d=mm&r=g\",\"width\":96,\"height\":96,\"caption\":\"NBAsturias\"}},{\"@type\":\"WebPage\",\"@id\":\"https:\\\/\\\/eldigitaldeasturias.com\\\/radio\\\/coronavirus-berlin-espera-llegada-de-alemanes-provenientes-de-wuhan\\\/#webpage\",\"url\":\"https:\\\/\\\/eldigitaldeasturias.com\\\/radio\\\/coronavirus-berlin-espera-llegada-de-alemanes-provenientes-de-wuhan\\\/\",\"name\":\"Coronavirus: Berl\\u00edn espera llegada de alemanes provenientes de Wuhan | El Digital de Asturias\",\"description\":\"Berl\\u00edn, 8 feb (dpa) - Berl\\u00edn se prepara para la llegada de unos 20 alemanes provenientes de la ciudad china de Wuhan, foco de la epidemia de la enfermedad pulmonar causada por el coronavirus, informaron hoy las autoridades sanitarias de la capital germana. \\\"El Gobierno Federal ha decidido permitir que personas que regresan de Wuhan\",\"inLanguage\":\"es-ES\",\"isPartOf\":{\"@id\":\"https:\\\/\\\/eldigitaldeasturias.com\\\/radio\\\/#website\"},\"breadcrumb\":{\"@id\":\"https:\\\/\\\/eldigitaldeasturias.com\\\/radio\\\/coronavirus-berlin-espera-llegada-de-alemanes-provenientes-de-wuhan\\\/#breadcrumblist\"},\"author\":{\"@id\":\"https:\\\/\\\/eldigitaldeasturias.com\\\/radio\\\/author\\\/nbasturias\\\/#author\"},\"creator\":{\"@id\":\"https:\\\/\\\/eldigitaldeasturias.com\\\/radio\\\/author\\\/nbasturias\\\/#author\"},\"image\":{\"@type\":\"ImageObject\",\"url\":\"https:\\\/\\\/eldigitaldeasturias.com\\\/radio\\\/wp-content\\\/uploads\\\/2018\\\/03\\\/technology-785742_1280.jpg\",\"@id\":\"https:\\\/\\\/eldigitaldeasturias.com\\\/radio\\\/coronavirus-berlin-espera-llegada-de-alemanes-provenientes-de-wuhan\\\/#mainImage\",\"width\":1280,\"height\":853},\"primaryImageOfPage\":{\"@id\":\"https:\\\/\\\/eldigitaldeasturias.com\\\/radio\\\/coronavirus-berlin-espera-llegada-de-alemanes-provenientes-de-wuhan\\\/#mainImage\"},\"datePublished\":\"2020-02-08T22:45:55+01:00\",\"dateModified\":\"2020-02-08T22:45:55+01:00\"},{\"@type\":\"WebSite\",\"@id\":\"https:\\\/\\\/eldigitaldeasturias.com\\\/radio\\\/#website\",\"url\":\"https:\\\/\\\/eldigitaldeasturias.com\\\/radio\\\/\",\"name\":\"El Digital de Asturias\",\"description\":\"Diario de informaci\\u00f3n y noticias\",\"inLanguage\":\"es-ES\",\"publisher\":{\"@id\":\"https:\\\/\\\/eldigitaldeasturias.com\\\/radio\\\/#organization\"}}]}\n\t\t<\/script>\n\t\t<!-- All in One SEO Pro -->\r\n\t\t<title>Coronavirus: Berl\u00edn espera llegada de alemanes provenientes de Wuhan | El Digital de Asturias<\/title>\n\n","aioseo_head_json":{"title":"Coronavirus: Berl\u00edn espera llegada de alemanes provenientes de Wuhan | El Digital de Asturias","description":"Berl\u00edn, 8 feb (dpa) - Berl\u00edn se prepara para la llegada de unos 20 alemanes provenientes de la ciudad china de Wuhan, foco de la epidemia de la enfermedad pulmonar causada por el coronavirus, informaron hoy las autoridades sanitarias de la capital germana. \"El Gobierno Federal ha decidido permitir que personas que regresan de Wuhan","canonical_url":"https:\/\/eldigitaldeasturias.com\/radio\/coronavirus-berlin-espera-llegada-de-alemanes-provenientes-de-wuhan\/","robots":"max-image-preview:large","keywords":"noticias","webmasterTools":{"google-site-verification":"UA-38556648-1","miscellaneous":""},"schema":{"@context":"https:\/\/schema.org","@graph":[{"@type":"BreadcrumbList","@id":"https:\/\/eldigitaldeasturias.com\/radio\/coronavirus-berlin-espera-llegada-de-alemanes-provenientes-de-wuhan\/#breadcrumblist","itemListElement":[{"@type":"ListItem","@id":"https:\/\/eldigitaldeasturias.com\/radio#listItem","position":1,"name":"Inicio","item":"https:\/\/eldigitaldeasturias.com\/radio","nextItem":{"@type":"ListItem","@id":"https:\/\/eldigitaldeasturias.com\/radio\/category\/noticias\/#listItem","name":"Noticias"}},{"@type":"ListItem","@id":"https:\/\/eldigitaldeasturias.com\/radio\/category\/noticias\/#listItem","position":2,"name":"Noticias","item":"https:\/\/eldigitaldeasturias.com\/radio\/category\/noticias\/","nextItem":{"@type":"ListItem","@id":"https:\/\/eldigitaldeasturias.com\/radio\/coronavirus-berlin-espera-llegada-de-alemanes-provenientes-de-wuhan\/#listItem","name":"Coronavirus: Berl\u00edn espera llegada de alemanes provenientes de Wuhan"},"previousItem":{"@type":"ListItem","@id":"https:\/\/eldigitaldeasturias.com\/radio#listItem","name":"Inicio"}},{"@type":"ListItem","@id":"https:\/\/eldigitaldeasturias.com\/radio\/coronavirus-berlin-espera-llegada-de-alemanes-provenientes-de-wuhan\/#listItem","position":3,"name":"Coronavirus: Berl\u00edn espera llegada de alemanes provenientes de Wuhan","previousItem":{"@type":"ListItem","@id":"https:\/\/eldigitaldeasturias.com\/radio\/category\/noticias\/#listItem","name":"Noticias"}}]},{"@type":"NewsArticle","@id":"https:\/\/eldigitaldeasturias.com\/radio\/coronavirus-berlin-espera-llegada-de-alemanes-provenientes-de-wuhan\/#newsarticle","name":"Coronavirus: Berl\u00edn espera llegada de alemanes provenientes de Wuhan | El Digital de Asturias","headline":"Coronavirus: Berl\u00edn espera llegada de alemanes provenientes de Wuhan","author":{"@id":"https:\/\/eldigitaldeasturias.com\/radio\/author\/nbasturias\/#author"},"publisher":{"@id":"https:\/\/eldigitaldeasturias.com\/radio\/#organization"},"image":{"@type":"ImageObject","url":"https:\/\/eldigitaldeasturias.com\/radio\/wp-content\/uploads\/2018\/03\/technology-785742_1280.jpg","width":1280,"height":853},"datePublished":"2020-02-08T22:45:55+01:00","dateModified":"2020-02-08T22:45:55+01:00","inLanguage":"es-ES","mainEntityOfPage":{"@id":"https:\/\/eldigitaldeasturias.com\/radio\/coronavirus-berlin-espera-llegada-de-alemanes-provenientes-de-wuhan\/#webpage"},"isPartOf":{"@id":"https:\/\/eldigitaldeasturias.com\/radio\/coronavirus-berlin-espera-llegada-de-alemanes-provenientes-de-wuhan\/#webpage"},"articleSection":"Noticias","dateline":"Publicado el febrero 8, 2020."},{"@type":"Organization","@id":"https:\/\/eldigitaldeasturias.com\/radio\/#organization","name":"El digital de Asturias Radio","description":"Diario de informaci\u00f3n y noticias","url":"https:\/\/eldigitaldeasturias.com\/radio\/","telephone":"+34652131393","logo":{"@type":"ImageObject","url":"https:\/\/www.eldigitaldeasturias.com\/radio\/wp-content\/uploads\/2021\/03\/EDA.jpg","@id":"https:\/\/eldigitaldeasturias.com\/radio\/coronavirus-berlin-espera-llegada-de-alemanes-provenientes-de-wuhan\/#organizationLogo"},"image":{"@id":"https:\/\/eldigitaldeasturias.com\/radio\/coronavirus-berlin-espera-llegada-de-alemanes-provenientes-de-wuhan\/#organizationLogo"},"sameAs":["https:\/\/www.facebook.com\/","https:\/\/x.com\/bercodi","https:\/\/www.instagram.com\/","https:\/\/www.youtube.com\/channel\/UCZP-2wLEB9Rv6erhFmqVnvg"]},{"@type":"Person","@id":"https:\/\/eldigitaldeasturias.com\/radio\/author\/nbasturias\/#author","url":"https:\/\/eldigitaldeasturias.com\/radio\/author\/nbasturias\/","name":"NBAsturias","image":{"@type":"ImageObject","@id":"https:\/\/eldigitaldeasturias.com\/radio\/coronavirus-berlin-espera-llegada-de-alemanes-provenientes-de-wuhan\/#authorImage","url":"https:\/\/secure.gravatar.com\/avatar\/df2aeffc32bcd13f8d26072ef8a91b623d677766deac7f97ca815868cd41bf5e?s=96&d=mm&r=g","width":96,"height":96,"caption":"NBAsturias"}},{"@type":"WebPage","@id":"https:\/\/eldigitaldeasturias.com\/radio\/coronavirus-berlin-espera-llegada-de-alemanes-provenientes-de-wuhan\/#webpage","url":"https:\/\/eldigitaldeasturias.com\/radio\/coronavirus-berlin-espera-llegada-de-alemanes-provenientes-de-wuhan\/","name":"Coronavirus: Berl\u00edn espera llegada de alemanes provenientes de Wuhan | El Digital de Asturias","description":"Berl\u00edn, 8 feb (dpa) - Berl\u00edn se prepara para la llegada de unos 20 alemanes provenientes de la ciudad china de Wuhan, foco de la epidemia de la enfermedad pulmonar causada por el coronavirus, informaron hoy las autoridades sanitarias de la capital germana. \"El Gobierno Federal ha decidido permitir que personas que regresan de Wuhan","inLanguage":"es-ES","isPartOf":{"@id":"https:\/\/eldigitaldeasturias.com\/radio\/#website"},"breadcrumb":{"@id":"https:\/\/eldigitaldeasturias.com\/radio\/coronavirus-berlin-espera-llegada-de-alemanes-provenientes-de-wuhan\/#breadcrumblist"},"author":{"@id":"https:\/\/eldigitaldeasturias.com\/radio\/author\/nbasturias\/#author"},"creator":{"@id":"https:\/\/eldigitaldeasturias.com\/radio\/author\/nbasturias\/#author"},"image":{"@type":"ImageObject","url":"https:\/\/eldigitaldeasturias.com\/radio\/wp-content\/uploads\/2018\/03\/technology-785742_1280.jpg","@id":"https:\/\/eldigitaldeasturias.com\/radio\/coronavirus-berlin-espera-llegada-de-alemanes-provenientes-de-wuhan\/#mainImage","width":1280,"height":853},"primaryImageOfPage":{"@id":"https:\/\/eldigitaldeasturias.com\/radio\/coronavirus-berlin-espera-llegada-de-alemanes-provenientes-de-wuhan\/#mainImage"},"datePublished":"2020-02-08T22:45:55+01:00","dateModified":"2020-02-08T22:45:55+01:00"},{"@type":"WebSite","@id":"https:\/\/eldigitaldeasturias.com\/radio\/#website","url":"https:\/\/eldigitaldeasturias.com\/radio\/","name":"El Digital de Asturias","description":"Diario de informaci\u00f3n y noticias","inLanguage":"es-ES","publisher":{"@id":"https:\/\/eldigitaldeasturias.com\/radio\/#organization"}}]},"og:locale":"es_ES","og:site_name":"El Digital de Asturias | Diario de informaci\u00f3n y noticias","og:type":"article","og:title":"Coronavirus: Berl\u00edn espera llegada de alemanes provenientes de Wuhan | El Digital de Asturias","og:description":"Berl\u00edn, 8 feb (dpa) - Berl\u00edn se prepara para la llegada de unos 20 alemanes provenientes de la ciudad china de Wuhan, foco de la epidemia de la enfermedad pulmonar causada por el coronavirus, informaron hoy las autoridades sanitarias de la capital germana. &quot;El Gobierno Federal ha decidido permitir que personas que regresan de Wuhan","og:url":"https:\/\/eldigitaldeasturias.com\/radio\/coronavirus-berlin-espera-llegada-de-alemanes-provenientes-de-wuhan\/","og:image":"https:\/\/eldigitaldeasturias.com\/radio\/wp-content\/uploads\/2018\/03\/technology-785742_1280.jpg","og:image:secure_url":"https:\/\/eldigitaldeasturias.com\/radio\/wp-content\/uploads\/2018\/03\/technology-785742_1280.jpg","og:image:width":1280,"og:image:height":853,"article:published_time":"2020-02-08T22:45:55+00:00","article:modified_time":"2020-02-08T22:45:55+00:00","twitter:card":"summary_large_image","twitter:site":"@bercodi","twitter:title":"Coronavirus: Berl\u00edn espera llegada de alemanes provenientes de Wuhan | El Digital de Asturias","twitter:description":"Berl\u00edn, 8 feb (dpa) - Berl\u00edn se prepara para la llegada de unos 20 alemanes provenientes de la ciudad china de Wuhan, foco de la epidemia de la enfermedad pulmonar causada por el coronavirus, informaron hoy las autoridades sanitarias de la capital germana. &quot;El Gobierno Federal ha decidido permitir que personas que regresan de Wuhan","twitter:creator":"@bercodi","twitter:image":"https:\/\/eldigitaldeasturias.com\/radio\/wp-content\/uploads\/2018\/03\/technology-785742_1280.jpg"},"aioseo_meta_data":{"post_id":"3937","title":null,"description":null,"keywords":null,"keyphrases":null,"primary_term":null,"canonical_url":null,"og_title":null,"og_description":null,"og_object_type":"default","og_image_type":"default","og_image_url":null,"og_image_width":null,"og_image_height":null,"og_image_custom_url":null,"og_image_custom_fields":null,"og_video":null,"og_custom_url":null,"og_article_section":null,"og_article_tags":null,"twitter_use_og":false,"twitter_card":"default","twitter_image_type":"default","twitter_image_url":null,"twitter_image_custom_url":null,"twitter_image_custom_fields":null,"twitter_title":null,"twitter_description":null,"schema":{"blockGraphs":[],"customGraphs":[],"default":{"data":{"Article":[],"Course":[],"Dataset":[],"FAQPage":[],"Movie":[],"Person":[],"Product":[],"ProductReview":[],"Car":[],"Recipe":[],"Service":[],"SoftwareApplication":[],"WebPage":[]},"graphName":"","isEnabled":true},"graphs":[],"defaultGraph":"","defaultPostTypeGraph":""},"schema_type":null,"schema_type_options":null,"pillar_content":false,"robots_default":true,"robots_noindex":false,"robots_noarchive":false,"robots_nosnippet":false,"robots_nofollow":false,"robots_noimageindex":false,"robots_noodp":false,"robots_notranslate":false,"robots_max_snippet":null,"robots_max_videopreview":null,"robots_max_imagepreview":"large","priority":null,"frequency":null,"location":null,"local_seo":null,"seo_analyzer_scan_date":"2025-08-28 15:07:27","breadcrumb_settings":null,"limit_modified_date":false,"open_ai":null,"ai":null,"created":"2021-03-28 07:19:59","updated":"2025-08-28 15:07:27"},"aioseo_breadcrumb":"<div class=\"aioseo-breadcrumbs\"><span class=\"aioseo-breadcrumb\">\n\t<a href=\"https:\/\/eldigitaldeasturias.com\/radio\" title=\"Inicio\">Inicio<\/a>\n<\/span><span class=\"aioseo-breadcrumb-separator\">&ndash;<\/span><span class=\"aioseo-breadcrumb\">\n\t<a href=\"https:\/\/eldigitaldeasturias.com\/radio\/category\/noticias\/\" title=\"Noticias\">Noticias<\/a>\n<\/span><span class=\"aioseo-breadcrumb-separator\">&ndash;<\/span><span class=\"aioseo-breadcrumb\">\n\tCoronavirus: Berl\u00edn espera llegada de alemanes provenientes de Wuhan\n<\/span><\/div>","aioseo_breadcrumb_json":[{"label":"Inicio","link":"https:\/\/eldigitaldeasturias.com\/radio"},{"label":"Noticias","link":"https:\/\/eldigitaldeasturias.com\/radio\/category\/noticias\/"},{"label":"Coronavirus: Berl\u00edn espera llegada de alemanes provenientes de Wuhan","link":"https:\/\/eldigitaldeasturias.com\/radio\/coronavirus-berlin-espera-llegada-de-alemanes-provenientes-de-wuhan\/"}],"_links":{"self":[{"href":"https:\/\/eldigitaldeasturias.com\/radio\/wp-json\/wp\/v2\/posts\/3937","targetHints":{"allow":["GET"]}}],"collection":[{"href":"https:\/\/eldigitaldeasturias.com\/radio\/wp-json\/wp\/v2\/posts"}],"about":[{"href":"https:\/\/eldigitaldeasturias.com\/radio\/wp-json\/wp\/v2\/types\/post"}],"author":[{"embeddable":true,"href":"https:\/\/eldigitaldeasturias.com\/radio\/wp-json\/wp\/v2\/users\/1"}],"replies":[{"embeddable":true,"href":"https:\/\/eldigitaldeasturias.com\/radio\/wp-json\/wp\/v2\/comments?post=3937"}],"version-history":[{"count":0,"href":"https:\/\/eldigitaldeasturias.com\/radio\/wp-json\/wp\/v2\/posts\/3937\/revisions"}],"wp:featuredmedia":[{"embeddable":true,"href":"https:\/\/eldigitaldeasturias.com\/radio\/wp-json\/wp\/v2\/media\/242"}],"wp:attachment":[{"href":"https:\/\/eldigitaldeasturias.com\/radio\/wp-json\/wp\/v2\/media?parent=3937"}],"wp:term":[{"taxonomy":"category","embeddable":true,"href":"https:\/\/eldigitaldeasturias.com\/radio\/wp-json\/wp\/v2\/categories?post=3937"},{"taxonomy":"post_tag","embeddable":true,"href":"https:\/\/eldigitaldeasturias.com\/radio\/wp-json\/wp\/v2\/tags?post=3937"}],"curies":[{"name":"wp","href":"https:\/\/api.w.org\/{rel}","templated":true}]}}