{"id":3934,"date":"2020-02-08T22:43:52","date_gmt":"2020-02-08T22:43:52","guid":{"rendered":"http:\/\/www.eldigitaldeasturias.com\/radio\/?p=3934"},"modified":"2020-02-08T22:43:52","modified_gmt":"2020-02-08T22:43:52","slug":"renuncia-delegado-de-gobierno-aleman-en-medio-de-tumulto-por-turingia","status":"publish","type":"post","link":"https:\/\/eldigitaldeasturias.com\/radio\/renuncia-delegado-de-gobierno-aleman-en-medio-de-tumulto-por-turingia\/","title":{"rendered":"Renuncia delegado de Gobierno alem\u00e1n en medio de tumulto por Turingia"},"content":{"rendered":"<figure id=\"attachment_3935\" aria-describedby=\"caption-attachment-3935\" style=\"width: 360px\" class=\"wp-caption alignleft\"><img fetchpriority=\"high\" decoding=\"async\" class=\"size-medium wp-image-3935\" src=\"http:\/\/www.eldigitaldeasturias.com\/radio\/wp-content\/uploads\/2020\/02\/Hirte-dpa-360x237.jpg\" alt=\"\" width=\"360\" height=\"237\" srcset=\"https:\/\/eldigitaldeasturias.com\/radio\/wp-content\/uploads\/2020\/02\/Hirte-dpa-360x237.jpg 360w, https:\/\/eldigitaldeasturias.com\/radio\/wp-content\/uploads\/2020\/02\/Hirte-dpa-768x507.jpg 768w, https:\/\/eldigitaldeasturias.com\/radio\/wp-content\/uploads\/2020\/02\/Hirte-dpa.jpg 990w\" sizes=\"(max-width: 360px) 100vw, 360px\" \/><figcaption id=\"caption-attachment-3935\" class=\"wp-caption-text\">Foto: Wolfgang Kumm\/dpa<\/figcaption><\/figure>\n<p>Berl\u00edn, 8 feb (dpa) &#8211; El delegado del Gobierno alem\u00e1n para los estados del este, Christian Hirte, present\u00f3 hoy su dimisi\u00f3n tras haber sido instado por la canciller germana, Angela Merkel, en medio del tumulto pol\u00edtico que afecta a la regi\u00f3n de Turingia, seg\u00fan anunci\u00f3 a trav\u00e9s de Twitter.<\/p>\n<p>La salida del conservador Hirte est\u00e1 relacionada con las consecuencias a las que se enfrenta la Uni\u00f3n Dem\u00f3crata Cristiana (CDU), partido de la canciller, por su postura en la elecci\u00f3n del primer ministro de Turingia con el apoyo de la ultraderechista Alternativa para Alemania (AfD) y los dem\u00f3crata cristianos de esa regi\u00f3n.<\/p>\n<p>Hirte tambi\u00e9n es vice jefe de la CDU en Turingia.<\/p>\n<p>Hirte se\u00f1al\u00f3 en el tuit, cuya autenticidad fue confirmada a dpa, que Merkel le indic\u00f3 en una conversaci\u00f3n que ya no podr\u00eda continuar como encargado de los estados federados del este.<\/p>\n<p>\u00abSiguiendo su sugerencia, he pedido mi retiro del cargo\u00bb, explic\u00f3 Hirte respecto a la conversaci\u00f3n mantenida con Merkel.<\/p>\n<p>La funci\u00f3n del delegado gubernamental para el este apoyar el proceso de integraci\u00f3n de los cinco estados que formaban la extinta Rep\u00fablica Democr\u00e1tica Alemana, entre ellos Turingia, antes de la reunificaci\u00f3n de 1990.<\/p>\n<p>El mi\u00e9rcoles, el candidato del Partido Liberal alem\u00e1n (FDP) Thomas Kemmerich fue elegido de manera sorprendente como nuevo primer ministro de Turingia en la tercera ronda de votaciones gracias al apoyo de la CDU y de la AfD.<\/p>\n<p>La votaci\u00f3n entre Kemmerich y Bodo Ramelow, del partido La Izquierda y primer ministro saliente, estuvo muy disputada. Ramelow obtuvo 44 votos, mientras que el nuevo primer ministro sali\u00f3 elegido por tan solo un voto de diferencia con 45 votos.<\/p>\n<p>Tras el torbellino pol\u00edtico causado por esta elecci\u00f3n, Kemmerich anunci\u00f3 apenas un d\u00eda despu\u00e9s que quiere renunciar al cargo.<\/p>\n<p>La AfD surgi\u00f3 en 2013 en rechazo a la pol\u00edtica de inmigraci\u00f3n. La llegada de m\u00e1s de un mill\u00f3n de refugiados a Alemania desde 2015 dio nuevas alas a la agrupaci\u00f3n, que accedi\u00f3 al Parlamento como tercera fuerza pol\u00edtica en los comicios de septiembre de 2017 y est\u00e1 representada en todos los Legislativos regionales.<\/p>\n<p>El partido es acusado de albergar simpatizantes nazis en sus m\u00e1rgenes extremistas. Hasta ahora los dem\u00e1s partidos alemanes se hab\u00edan negado a actuar de forma conjunta con la AfD.<\/p>\n<p>De momento no se sabe cu\u00e1ndo Hirte dejar\u00e1 el cargo, que forma parte del Ministerio alem\u00e1n de Econom\u00eda.<\/p>\n<p>&nbsp;<\/p>\n","protected":false},"excerpt":{"rendered":"<p>Berl\u00edn, 8 feb (dpa) &#8211; El delegado del Gobierno alem\u00e1n para los estados del este, Christian Hirte, present\u00f3 hoy su dimisi\u00f3n tras haber sido instado por la canciller germana, Angela Merkel, en medio del tumulto pol\u00edtico que afecta a la regi\u00f3n de Turingia, seg\u00fan anunci\u00f3 a trav\u00e9s de Twitter. La salida del conservador Hirte est\u00e1<\/p>\n","protected":false},"author":1,"featured_media":3935,"comment_status":"closed","ping_status":"closed","sticky":false,"template":"","format":"standard","meta":{"footnotes":""},"categories":[1],"tags":[],"class_list":{"0":"post-3934","1":"post","2":"type-post","3":"status-publish","4":"format-standard","5":"has-post-thumbnail","7":"category-noticias"},"aioseo_notices":[],"aioseo_head":"\n\t\t<!-- All in One SEO Pro 4.9.6.2 - aioseo.com -->\n\t<meta name=\"description\" content=\"Berl\u00edn, 8 feb (dpa) - El delegado del Gobierno alem\u00e1n para los estados del este, Christian Hirte, present\u00f3 hoy su dimisi\u00f3n tras haber sido instado por la canciller germana, Angela Merkel, en medio del tumulto pol\u00edtico que afecta a la regi\u00f3n de Turingia, seg\u00fan anunci\u00f3 a trav\u00e9s de Twitter. La salida del conservador Hirte est\u00e1\" \/>\n\t<meta name=\"robots\" content=\"max-image-preview:large\" \/>\n\t<meta name=\"author\" content=\"NBAsturias\"\/>\n\t<meta name=\"google-site-verification\" content=\"UA-38556648-1\" \/>\n\t<meta name=\"keywords\" content=\"noticias\" \/>\n\t<link rel=\"canonical\" href=\"https:\/\/eldigitaldeasturias.com\/radio\/renuncia-delegado-de-gobierno-aleman-en-medio-de-tumulto-por-turingia\/\" \/>\n\t<meta name=\"generator\" content=\"All in One SEO Pro (AIOSEO) 4.9.6.2\" \/>\n\t\t<meta property=\"og:locale\" content=\"es_ES\" \/>\n\t\t<meta property=\"og:site_name\" content=\"El Digital de Asturias | Diario de informaci\u00f3n y noticias\" \/>\n\t\t<meta property=\"og:type\" content=\"article\" \/>\n\t\t<meta property=\"og:title\" content=\"Renuncia delegado de Gobierno alem\u00e1n en medio de tumulto por Turingia | El Digital de Asturias\" \/>\n\t\t<meta property=\"og:description\" content=\"Berl\u00edn, 8 feb (dpa) - El delegado del Gobierno alem\u00e1n para los estados del este, Christian Hirte, present\u00f3 hoy su dimisi\u00f3n tras haber sido instado por la canciller germana, Angela Merkel, en medio del tumulto pol\u00edtico que afecta a la regi\u00f3n de Turingia, seg\u00fan anunci\u00f3 a trav\u00e9s de Twitter. La salida del conservador Hirte est\u00e1\" \/>\n\t\t<meta property=\"og:url\" content=\"https:\/\/eldigitaldeasturias.com\/radio\/renuncia-delegado-de-gobierno-aleman-en-medio-de-tumulto-por-turingia\/\" \/>\n\t\t<meta property=\"og:image\" content=\"https:\/\/eldigitaldeasturias.com\/radio\/wp-content\/uploads\/2020\/02\/Hirte-dpa.jpg\" \/>\n\t\t<meta property=\"og:image:secure_url\" content=\"https:\/\/eldigitaldeasturias.com\/radio\/wp-content\/uploads\/2020\/02\/Hirte-dpa.jpg\" \/>\n\t\t<meta property=\"og:image:width\" content=\"990\" \/>\n\t\t<meta property=\"og:image:height\" content=\"653\" \/>\n\t\t<meta property=\"article:published_time\" content=\"2020-02-08T22:43:52+00:00\" \/>\n\t\t<meta property=\"article:modified_time\" content=\"2020-02-08T22:43:52+00:00\" \/>\n\t\t<meta name=\"twitter:card\" content=\"summary_large_image\" \/>\n\t\t<meta name=\"twitter:site\" content=\"@bercodi\" \/>\n\t\t<meta name=\"twitter:title\" content=\"Renuncia delegado de Gobierno alem\u00e1n en medio de tumulto por Turingia | El Digital de Asturias\" \/>\n\t\t<meta name=\"twitter:description\" content=\"Berl\u00edn, 8 feb (dpa) - El delegado del Gobierno alem\u00e1n para los estados del este, Christian Hirte, present\u00f3 hoy su dimisi\u00f3n tras haber sido instado por la canciller germana, Angela Merkel, en medio del tumulto pol\u00edtico que afecta a la regi\u00f3n de Turingia, seg\u00fan anunci\u00f3 a trav\u00e9s de Twitter. La salida del conservador Hirte est\u00e1\" \/>\n\t\t<meta name=\"twitter:creator\" content=\"@bercodi\" \/>\n\t\t<meta name=\"twitter:image\" content=\"https:\/\/eldigitaldeasturias.com\/radio\/wp-content\/uploads\/2020\/02\/Hirte-dpa.jpg\" \/>\n\t\t<script type=\"application\/ld+json\" class=\"aioseo-schema\">\n\t\t\t{\"@context\":\"https:\\\/\\\/schema.org\",\"@graph\":[{\"@type\":\"BreadcrumbList\",\"@id\":\"https:\\\/\\\/eldigitaldeasturias.com\\\/radio\\\/renuncia-delegado-de-gobierno-aleman-en-medio-de-tumulto-por-turingia\\\/#breadcrumblist\",\"itemListElement\":[{\"@type\":\"ListItem\",\"@id\":\"https:\\\/\\\/eldigitaldeasturias.com\\\/radio#listItem\",\"position\":1,\"name\":\"Inicio\",\"item\":\"https:\\\/\\\/eldigitaldeasturias.com\\\/radio\",\"nextItem\":{\"@type\":\"ListItem\",\"@id\":\"https:\\\/\\\/eldigitaldeasturias.com\\\/radio\\\/category\\\/noticias\\\/#listItem\",\"name\":\"Noticias\"}},{\"@type\":\"ListItem\",\"@id\":\"https:\\\/\\\/eldigitaldeasturias.com\\\/radio\\\/category\\\/noticias\\\/#listItem\",\"position\":2,\"name\":\"Noticias\",\"item\":\"https:\\\/\\\/eldigitaldeasturias.com\\\/radio\\\/category\\\/noticias\\\/\",\"nextItem\":{\"@type\":\"ListItem\",\"@id\":\"https:\\\/\\\/eldigitaldeasturias.com\\\/radio\\\/renuncia-delegado-de-gobierno-aleman-en-medio-de-tumulto-por-turingia\\\/#listItem\",\"name\":\"Renuncia delegado de Gobierno alem\\u00e1n en medio de tumulto por Turingia\"},\"previousItem\":{\"@type\":\"ListItem\",\"@id\":\"https:\\\/\\\/eldigitaldeasturias.com\\\/radio#listItem\",\"name\":\"Inicio\"}},{\"@type\":\"ListItem\",\"@id\":\"https:\\\/\\\/eldigitaldeasturias.com\\\/radio\\\/renuncia-delegado-de-gobierno-aleman-en-medio-de-tumulto-por-turingia\\\/#listItem\",\"position\":3,\"name\":\"Renuncia delegado de Gobierno alem\\u00e1n en medio de tumulto por Turingia\",\"previousItem\":{\"@type\":\"ListItem\",\"@id\":\"https:\\\/\\\/eldigitaldeasturias.com\\\/radio\\\/category\\\/noticias\\\/#listItem\",\"name\":\"Noticias\"}}]},{\"@type\":\"NewsArticle\",\"@id\":\"https:\\\/\\\/eldigitaldeasturias.com\\\/radio\\\/renuncia-delegado-de-gobierno-aleman-en-medio-de-tumulto-por-turingia\\\/#newsarticle\",\"name\":\"Renuncia delegado de Gobierno alem\\u00e1n en medio de tumulto por Turingia | El Digital de Asturias\",\"headline\":\"Renuncia delegado de Gobierno alem\\u00e1n en medio de tumulto por Turingia\",\"author\":{\"@id\":\"https:\\\/\\\/eldigitaldeasturias.com\\\/radio\\\/author\\\/nbasturias\\\/#author\"},\"publisher\":{\"@id\":\"https:\\\/\\\/eldigitaldeasturias.com\\\/radio\\\/#organization\"},\"image\":{\"@type\":\"ImageObject\",\"url\":\"https:\\\/\\\/eldigitaldeasturias.com\\\/radio\\\/wp-content\\\/uploads\\\/2020\\\/02\\\/Hirte-dpa.jpg\",\"width\":990,\"height\":653,\"caption\":\"Foto: Wolfgang Kumm\\\/dpa\"},\"datePublished\":\"2020-02-08T22:43:52+01:00\",\"dateModified\":\"2020-02-08T22:43:52+01:00\",\"inLanguage\":\"es-ES\",\"mainEntityOfPage\":{\"@id\":\"https:\\\/\\\/eldigitaldeasturias.com\\\/radio\\\/renuncia-delegado-de-gobierno-aleman-en-medio-de-tumulto-por-turingia\\\/#webpage\"},\"isPartOf\":{\"@id\":\"https:\\\/\\\/eldigitaldeasturias.com\\\/radio\\\/renuncia-delegado-de-gobierno-aleman-en-medio-de-tumulto-por-turingia\\\/#webpage\"},\"articleSection\":\"Noticias\",\"dateline\":\"Publicado el febrero 8, 2020.\"},{\"@type\":\"Organization\",\"@id\":\"https:\\\/\\\/eldigitaldeasturias.com\\\/radio\\\/#organization\",\"name\":\"El digital de Asturias Radio\",\"description\":\"Diario de informaci\\u00f3n y noticias\",\"url\":\"https:\\\/\\\/eldigitaldeasturias.com\\\/radio\\\/\",\"telephone\":\"+34652131393\",\"logo\":{\"@type\":\"ImageObject\",\"url\":\"https:\\\/\\\/www.eldigitaldeasturias.com\\\/radio\\\/wp-content\\\/uploads\\\/2021\\\/03\\\/EDA.jpg\",\"@id\":\"https:\\\/\\\/eldigitaldeasturias.com\\\/radio\\\/renuncia-delegado-de-gobierno-aleman-en-medio-de-tumulto-por-turingia\\\/#organizationLogo\"},\"image\":{\"@id\":\"https:\\\/\\\/eldigitaldeasturias.com\\\/radio\\\/renuncia-delegado-de-gobierno-aleman-en-medio-de-tumulto-por-turingia\\\/#organizationLogo\"},\"sameAs\":[\"https:\\\/\\\/www.facebook.com\\\/\",\"https:\\\/\\\/x.com\\\/bercodi\",\"https:\\\/\\\/www.instagram.com\\\/\",\"https:\\\/\\\/www.youtube.com\\\/channel\\\/UCZP-2wLEB9Rv6erhFmqVnvg\"]},{\"@type\":\"Person\",\"@id\":\"https:\\\/\\\/eldigitaldeasturias.com\\\/radio\\\/author\\\/nbasturias\\\/#author\",\"url\":\"https:\\\/\\\/eldigitaldeasturias.com\\\/radio\\\/author\\\/nbasturias\\\/\",\"name\":\"NBAsturias\",\"image\":{\"@type\":\"ImageObject\",\"@id\":\"https:\\\/\\\/eldigitaldeasturias.com\\\/radio\\\/renuncia-delegado-de-gobierno-aleman-en-medio-de-tumulto-por-turingia\\\/#authorImage\",\"url\":\"https:\\\/\\\/secure.gravatar.com\\\/avatar\\\/df2aeffc32bcd13f8d26072ef8a91b623d677766deac7f97ca815868cd41bf5e?s=96&d=mm&r=g\",\"width\":96,\"height\":96,\"caption\":\"NBAsturias\"}},{\"@type\":\"WebPage\",\"@id\":\"https:\\\/\\\/eldigitaldeasturias.com\\\/radio\\\/renuncia-delegado-de-gobierno-aleman-en-medio-de-tumulto-por-turingia\\\/#webpage\",\"url\":\"https:\\\/\\\/eldigitaldeasturias.com\\\/radio\\\/renuncia-delegado-de-gobierno-aleman-en-medio-de-tumulto-por-turingia\\\/\",\"name\":\"Renuncia delegado de Gobierno alem\\u00e1n en medio de tumulto por Turingia | El Digital de Asturias\",\"description\":\"Berl\\u00edn, 8 feb (dpa) - El delegado del Gobierno alem\\u00e1n para los estados del este, Christian Hirte, present\\u00f3 hoy su dimisi\\u00f3n tras haber sido instado por la canciller germana, Angela Merkel, en medio del tumulto pol\\u00edtico que afecta a la regi\\u00f3n de Turingia, seg\\u00fan anunci\\u00f3 a trav\\u00e9s de Twitter. La salida del conservador Hirte est\\u00e1\",\"inLanguage\":\"es-ES\",\"isPartOf\":{\"@id\":\"https:\\\/\\\/eldigitaldeasturias.com\\\/radio\\\/#website\"},\"breadcrumb\":{\"@id\":\"https:\\\/\\\/eldigitaldeasturias.com\\\/radio\\\/renuncia-delegado-de-gobierno-aleman-en-medio-de-tumulto-por-turingia\\\/#breadcrumblist\"},\"author\":{\"@id\":\"https:\\\/\\\/eldigitaldeasturias.com\\\/radio\\\/author\\\/nbasturias\\\/#author\"},\"creator\":{\"@id\":\"https:\\\/\\\/eldigitaldeasturias.com\\\/radio\\\/author\\\/nbasturias\\\/#author\"},\"image\":{\"@type\":\"ImageObject\",\"url\":\"https:\\\/\\\/eldigitaldeasturias.com\\\/radio\\\/wp-content\\\/uploads\\\/2020\\\/02\\\/Hirte-dpa.jpg\",\"@id\":\"https:\\\/\\\/eldigitaldeasturias.com\\\/radio\\\/renuncia-delegado-de-gobierno-aleman-en-medio-de-tumulto-por-turingia\\\/#mainImage\",\"width\":990,\"height\":653,\"caption\":\"Foto: Wolfgang Kumm\\\/dpa\"},\"primaryImageOfPage\":{\"@id\":\"https:\\\/\\\/eldigitaldeasturias.com\\\/radio\\\/renuncia-delegado-de-gobierno-aleman-en-medio-de-tumulto-por-turingia\\\/#mainImage\"},\"datePublished\":\"2020-02-08T22:43:52+01:00\",\"dateModified\":\"2020-02-08T22:43:52+01:00\"},{\"@type\":\"WebSite\",\"@id\":\"https:\\\/\\\/eldigitaldeasturias.com\\\/radio\\\/#website\",\"url\":\"https:\\\/\\\/eldigitaldeasturias.com\\\/radio\\\/\",\"name\":\"El Digital de Asturias\",\"description\":\"Diario de informaci\\u00f3n y noticias\",\"inLanguage\":\"es-ES\",\"publisher\":{\"@id\":\"https:\\\/\\\/eldigitaldeasturias.com\\\/radio\\\/#organization\"}}]}\n\t\t<\/script>\n\t\t<!-- All in One SEO Pro -->\r\n\t\t<title>Renuncia delegado de Gobierno alem\u00e1n en medio de tumulto por Turingia | El Digital de Asturias<\/title>\n\n","aioseo_head_json":{"title":"Renuncia delegado de Gobierno alem\u00e1n en medio de tumulto por Turingia | El Digital de Asturias","description":"Berl\u00edn, 8 feb (dpa) - El delegado del Gobierno alem\u00e1n para los estados del este, Christian Hirte, present\u00f3 hoy su dimisi\u00f3n tras haber sido instado por la canciller germana, Angela Merkel, en medio del tumulto pol\u00edtico que afecta a la regi\u00f3n de Turingia, seg\u00fan anunci\u00f3 a trav\u00e9s de Twitter. La salida del conservador Hirte est\u00e1","canonical_url":"https:\/\/eldigitaldeasturias.com\/radio\/renuncia-delegado-de-gobierno-aleman-en-medio-de-tumulto-por-turingia\/","robots":"max-image-preview:large","keywords":"noticias","webmasterTools":{"google-site-verification":"UA-38556648-1","miscellaneous":""},"schema":{"@context":"https:\/\/schema.org","@graph":[{"@type":"BreadcrumbList","@id":"https:\/\/eldigitaldeasturias.com\/radio\/renuncia-delegado-de-gobierno-aleman-en-medio-de-tumulto-por-turingia\/#breadcrumblist","itemListElement":[{"@type":"ListItem","@id":"https:\/\/eldigitaldeasturias.com\/radio#listItem","position":1,"name":"Inicio","item":"https:\/\/eldigitaldeasturias.com\/radio","nextItem":{"@type":"ListItem","@id":"https:\/\/eldigitaldeasturias.com\/radio\/category\/noticias\/#listItem","name":"Noticias"}},{"@type":"ListItem","@id":"https:\/\/eldigitaldeasturias.com\/radio\/category\/noticias\/#listItem","position":2,"name":"Noticias","item":"https:\/\/eldigitaldeasturias.com\/radio\/category\/noticias\/","nextItem":{"@type":"ListItem","@id":"https:\/\/eldigitaldeasturias.com\/radio\/renuncia-delegado-de-gobierno-aleman-en-medio-de-tumulto-por-turingia\/#listItem","name":"Renuncia delegado de Gobierno alem\u00e1n en medio de tumulto por Turingia"},"previousItem":{"@type":"ListItem","@id":"https:\/\/eldigitaldeasturias.com\/radio#listItem","name":"Inicio"}},{"@type":"ListItem","@id":"https:\/\/eldigitaldeasturias.com\/radio\/renuncia-delegado-de-gobierno-aleman-en-medio-de-tumulto-por-turingia\/#listItem","position":3,"name":"Renuncia delegado de Gobierno alem\u00e1n en medio de tumulto por Turingia","previousItem":{"@type":"ListItem","@id":"https:\/\/eldigitaldeasturias.com\/radio\/category\/noticias\/#listItem","name":"Noticias"}}]},{"@type":"NewsArticle","@id":"https:\/\/eldigitaldeasturias.com\/radio\/renuncia-delegado-de-gobierno-aleman-en-medio-de-tumulto-por-turingia\/#newsarticle","name":"Renuncia delegado de Gobierno alem\u00e1n en medio de tumulto por Turingia | El Digital de Asturias","headline":"Renuncia delegado de Gobierno alem\u00e1n en medio de tumulto por Turingia","author":{"@id":"https:\/\/eldigitaldeasturias.com\/radio\/author\/nbasturias\/#author"},"publisher":{"@id":"https:\/\/eldigitaldeasturias.com\/radio\/#organization"},"image":{"@type":"ImageObject","url":"https:\/\/eldigitaldeasturias.com\/radio\/wp-content\/uploads\/2020\/02\/Hirte-dpa.jpg","width":990,"height":653,"caption":"Foto: Wolfgang Kumm\/dpa"},"datePublished":"2020-02-08T22:43:52+01:00","dateModified":"2020-02-08T22:43:52+01:00","inLanguage":"es-ES","mainEntityOfPage":{"@id":"https:\/\/eldigitaldeasturias.com\/radio\/renuncia-delegado-de-gobierno-aleman-en-medio-de-tumulto-por-turingia\/#webpage"},"isPartOf":{"@id":"https:\/\/eldigitaldeasturias.com\/radio\/renuncia-delegado-de-gobierno-aleman-en-medio-de-tumulto-por-turingia\/#webpage"},"articleSection":"Noticias","dateline":"Publicado el febrero 8, 2020."},{"@type":"Organization","@id":"https:\/\/eldigitaldeasturias.com\/radio\/#organization","name":"El digital de Asturias Radio","description":"Diario de informaci\u00f3n y noticias","url":"https:\/\/eldigitaldeasturias.com\/radio\/","telephone":"+34652131393","logo":{"@type":"ImageObject","url":"https:\/\/www.eldigitaldeasturias.com\/radio\/wp-content\/uploads\/2021\/03\/EDA.jpg","@id":"https:\/\/eldigitaldeasturias.com\/radio\/renuncia-delegado-de-gobierno-aleman-en-medio-de-tumulto-por-turingia\/#organizationLogo"},"image":{"@id":"https:\/\/eldigitaldeasturias.com\/radio\/renuncia-delegado-de-gobierno-aleman-en-medio-de-tumulto-por-turingia\/#organizationLogo"},"sameAs":["https:\/\/www.facebook.com\/","https:\/\/x.com\/bercodi","https:\/\/www.instagram.com\/","https:\/\/www.youtube.com\/channel\/UCZP-2wLEB9Rv6erhFmqVnvg"]},{"@type":"Person","@id":"https:\/\/eldigitaldeasturias.com\/radio\/author\/nbasturias\/#author","url":"https:\/\/eldigitaldeasturias.com\/radio\/author\/nbasturias\/","name":"NBAsturias","image":{"@type":"ImageObject","@id":"https:\/\/eldigitaldeasturias.com\/radio\/renuncia-delegado-de-gobierno-aleman-en-medio-de-tumulto-por-turingia\/#authorImage","url":"https:\/\/secure.gravatar.com\/avatar\/df2aeffc32bcd13f8d26072ef8a91b623d677766deac7f97ca815868cd41bf5e?s=96&d=mm&r=g","width":96,"height":96,"caption":"NBAsturias"}},{"@type":"WebPage","@id":"https:\/\/eldigitaldeasturias.com\/radio\/renuncia-delegado-de-gobierno-aleman-en-medio-de-tumulto-por-turingia\/#webpage","url":"https:\/\/eldigitaldeasturias.com\/radio\/renuncia-delegado-de-gobierno-aleman-en-medio-de-tumulto-por-turingia\/","name":"Renuncia delegado de Gobierno alem\u00e1n en medio de tumulto por Turingia | El Digital de Asturias","description":"Berl\u00edn, 8 feb (dpa) - El delegado del Gobierno alem\u00e1n para los estados del este, Christian Hirte, present\u00f3 hoy su dimisi\u00f3n tras haber sido instado por la canciller germana, Angela Merkel, en medio del tumulto pol\u00edtico que afecta a la regi\u00f3n de Turingia, seg\u00fan anunci\u00f3 a trav\u00e9s de Twitter. La salida del conservador Hirte est\u00e1","inLanguage":"es-ES","isPartOf":{"@id":"https:\/\/eldigitaldeasturias.com\/radio\/#website"},"breadcrumb":{"@id":"https:\/\/eldigitaldeasturias.com\/radio\/renuncia-delegado-de-gobierno-aleman-en-medio-de-tumulto-por-turingia\/#breadcrumblist"},"author":{"@id":"https:\/\/eldigitaldeasturias.com\/radio\/author\/nbasturias\/#author"},"creator":{"@id":"https:\/\/eldigitaldeasturias.com\/radio\/author\/nbasturias\/#author"},"image":{"@type":"ImageObject","url":"https:\/\/eldigitaldeasturias.com\/radio\/wp-content\/uploads\/2020\/02\/Hirte-dpa.jpg","@id":"https:\/\/eldigitaldeasturias.com\/radio\/renuncia-delegado-de-gobierno-aleman-en-medio-de-tumulto-por-turingia\/#mainImage","width":990,"height":653,"caption":"Foto: Wolfgang Kumm\/dpa"},"primaryImageOfPage":{"@id":"https:\/\/eldigitaldeasturias.com\/radio\/renuncia-delegado-de-gobierno-aleman-en-medio-de-tumulto-por-turingia\/#mainImage"},"datePublished":"2020-02-08T22:43:52+01:00","dateModified":"2020-02-08T22:43:52+01:00"},{"@type":"WebSite","@id":"https:\/\/eldigitaldeasturias.com\/radio\/#website","url":"https:\/\/eldigitaldeasturias.com\/radio\/","name":"El Digital de Asturias","description":"Diario de informaci\u00f3n y noticias","inLanguage":"es-ES","publisher":{"@id":"https:\/\/eldigitaldeasturias.com\/radio\/#organization"}}]},"og:locale":"es_ES","og:site_name":"El Digital de Asturias | Diario de informaci\u00f3n y noticias","og:type":"article","og:title":"Renuncia delegado de Gobierno alem\u00e1n en medio de tumulto por Turingia | El Digital de Asturias","og:description":"Berl\u00edn, 8 feb (dpa) - El delegado del Gobierno alem\u00e1n para los estados del este, Christian Hirte, present\u00f3 hoy su dimisi\u00f3n tras haber sido instado por la canciller germana, Angela Merkel, en medio del tumulto pol\u00edtico que afecta a la regi\u00f3n de Turingia, seg\u00fan anunci\u00f3 a trav\u00e9s de Twitter. La salida del conservador Hirte est\u00e1","og:url":"https:\/\/eldigitaldeasturias.com\/radio\/renuncia-delegado-de-gobierno-aleman-en-medio-de-tumulto-por-turingia\/","og:image":"https:\/\/eldigitaldeasturias.com\/radio\/wp-content\/uploads\/2020\/02\/Hirte-dpa.jpg","og:image:secure_url":"https:\/\/eldigitaldeasturias.com\/radio\/wp-content\/uploads\/2020\/02\/Hirte-dpa.jpg","og:image:width":990,"og:image:height":653,"article:published_time":"2020-02-08T22:43:52+00:00","article:modified_time":"2020-02-08T22:43:52+00:00","twitter:card":"summary_large_image","twitter:site":"@bercodi","twitter:title":"Renuncia delegado de Gobierno alem\u00e1n en medio de tumulto por Turingia | El Digital de Asturias","twitter:description":"Berl\u00edn, 8 feb (dpa) - El delegado del Gobierno alem\u00e1n para los estados del este, Christian Hirte, present\u00f3 hoy su dimisi\u00f3n tras haber sido instado por la canciller germana, Angela Merkel, en medio del tumulto pol\u00edtico que afecta a la regi\u00f3n de Turingia, seg\u00fan anunci\u00f3 a trav\u00e9s de Twitter. La salida del conservador Hirte est\u00e1","twitter:creator":"@bercodi","twitter:image":"https:\/\/eldigitaldeasturias.com\/radio\/wp-content\/uploads\/2020\/02\/Hirte-dpa.jpg"},"aioseo_meta_data":{"post_id":"3934","title":null,"description":null,"keywords":null,"keyphrases":null,"primary_term":null,"canonical_url":null,"og_title":null,"og_description":null,"og_object_type":"default","og_image_type":"default","og_image_url":null,"og_image_width":null,"og_image_height":null,"og_image_custom_url":null,"og_image_custom_fields":null,"og_video":null,"og_custom_url":null,"og_article_section":null,"og_article_tags":null,"twitter_use_og":false,"twitter_card":"default","twitter_image_type":"default","twitter_image_url":null,"twitter_image_custom_url":null,"twitter_image_custom_fields":null,"twitter_title":null,"twitter_description":null,"schema":{"blockGraphs":[],"customGraphs":[],"default":{"data":{"Article":[],"Course":[],"Dataset":[],"FAQPage":[],"Movie":[],"Person":[],"Product":[],"ProductReview":[],"Car":[],"Recipe":[],"Service":[],"SoftwareApplication":[],"WebPage":[]},"graphName":"","isEnabled":true},"graphs":[],"defaultGraph":"","defaultPostTypeGraph":""},"schema_type":null,"schema_type_options":null,"pillar_content":false,"robots_default":true,"robots_noindex":false,"robots_noarchive":false,"robots_nosnippet":false,"robots_nofollow":false,"robots_noimageindex":false,"robots_noodp":false,"robots_notranslate":false,"robots_max_snippet":null,"robots_max_videopreview":null,"robots_max_imagepreview":"large","priority":null,"frequency":null,"location":null,"local_seo":null,"seo_analyzer_scan_date":"2025-08-28 15:07:26","breadcrumb_settings":null,"limit_modified_date":false,"open_ai":null,"ai":null,"created":"2021-03-28 07:19:59","updated":"2025-08-28 15:07:26"},"aioseo_breadcrumb":"<div class=\"aioseo-breadcrumbs\"><span class=\"aioseo-breadcrumb\">\n\t<a href=\"https:\/\/eldigitaldeasturias.com\/radio\" title=\"Inicio\">Inicio<\/a>\n<\/span><span class=\"aioseo-breadcrumb-separator\">&ndash;<\/span><span class=\"aioseo-breadcrumb\">\n\t<a href=\"https:\/\/eldigitaldeasturias.com\/radio\/category\/noticias\/\" title=\"Noticias\">Noticias<\/a>\n<\/span><span class=\"aioseo-breadcrumb-separator\">&ndash;<\/span><span class=\"aioseo-breadcrumb\">\n\tRenuncia delegado de Gobierno alem\u00e1n en medio de tumulto por Turingia\n<\/span><\/div>","aioseo_breadcrumb_json":[{"label":"Inicio","link":"https:\/\/eldigitaldeasturias.com\/radio"},{"label":"Noticias","link":"https:\/\/eldigitaldeasturias.com\/radio\/category\/noticias\/"},{"label":"Renuncia delegado de Gobierno alem\u00e1n en medio de tumulto por Turingia","link":"https:\/\/eldigitaldeasturias.com\/radio\/renuncia-delegado-de-gobierno-aleman-en-medio-de-tumulto-por-turingia\/"}],"_links":{"self":[{"href":"https:\/\/eldigitaldeasturias.com\/radio\/wp-json\/wp\/v2\/posts\/3934","targetHints":{"allow":["GET"]}}],"collection":[{"href":"https:\/\/eldigitaldeasturias.com\/radio\/wp-json\/wp\/v2\/posts"}],"about":[{"href":"https:\/\/eldigitaldeasturias.com\/radio\/wp-json\/wp\/v2\/types\/post"}],"author":[{"embeddable":true,"href":"https:\/\/eldigitaldeasturias.com\/radio\/wp-json\/wp\/v2\/users\/1"}],"replies":[{"embeddable":true,"href":"https:\/\/eldigitaldeasturias.com\/radio\/wp-json\/wp\/v2\/comments?post=3934"}],"version-history":[{"count":0,"href":"https:\/\/eldigitaldeasturias.com\/radio\/wp-json\/wp\/v2\/posts\/3934\/revisions"}],"wp:featuredmedia":[{"embeddable":true,"href":"https:\/\/eldigitaldeasturias.com\/radio\/wp-json\/wp\/v2\/media\/3935"}],"wp:attachment":[{"href":"https:\/\/eldigitaldeasturias.com\/radio\/wp-json\/wp\/v2\/media?parent=3934"}],"wp:term":[{"taxonomy":"category","embeddable":true,"href":"https:\/\/eldigitaldeasturias.com\/radio\/wp-json\/wp\/v2\/categories?post=3934"},{"taxonomy":"post_tag","embeddable":true,"href":"https:\/\/eldigitaldeasturias.com\/radio\/wp-json\/wp\/v2\/tags?post=3934"}],"curies":[{"name":"wp","href":"https:\/\/api.w.org\/{rel}","templated":true}]}}