{"id":3931,"date":"2020-02-08T22:41:32","date_gmt":"2020-02-08T22:41:32","guid":{"rendered":"http:\/\/www.eldigitaldeasturias.com\/radio\/?p=3931"},"modified":"2020-02-08T22:41:32","modified_gmt":"2020-02-08T22:41:32","slug":"helmer-recomienda-al-bayern-munich-fichar-a-timo-werner","status":"publish","type":"post","link":"https:\/\/eldigitaldeasturias.com\/radio\/helmer-recomienda-al-bayern-munich-fichar-a-timo-werner\/","title":{"rendered":"Helmer recomienda al Bayern M\u00fanich fichar a Timo Werner"},"content":{"rendered":"<figure id=\"attachment_3932\" aria-describedby=\"caption-attachment-3932\" style=\"width: 360px\" class=\"wp-caption alignleft\"><img fetchpriority=\"high\" decoding=\"async\" class=\"size-medium wp-image-3932\" src=\"http:\/\/www.eldigitaldeasturias.com\/radio\/wp-content\/uploads\/2020\/02\/Werner-360x249.jpg\" alt=\"\" width=\"360\" height=\"249\" srcset=\"https:\/\/eldigitaldeasturias.com\/radio\/wp-content\/uploads\/2020\/02\/Werner-360x249.jpg 360w, https:\/\/eldigitaldeasturias.com\/radio\/wp-content\/uploads\/2020\/02\/Werner-768x531.jpg 768w, https:\/\/eldigitaldeasturias.com\/radio\/wp-content\/uploads\/2020\/02\/Werner.jpg 954w\" sizes=\"(max-width: 360px) 100vw, 360px\" \/><figcaption id=\"caption-attachment-3932\" class=\"wp-caption-text\">Foto: Jan Woitas\/dpa-zentralbild\/dpa<\/figcaption><\/figure>\n<p>M\u00fanich, 8 feb (dpa) &#8211; El ex jugador del Bayern M\u00fanich Thomas Helmer recomend\u00f3 a su antiguo club que contrate al delantero del Leipzig Timo Werner, seg\u00fan public\u00f3 el portal \u00abt-online\u00bb.<\/p>\n<p>Helmer, quien actualmente se desempe\u00f1a como comentarista deportivo, desestim\u00f3 la preocupaci\u00f3n de la actual dirigencia del Bayern de que Werner no pueda adaptarse al club b\u00e1varo.<\/p>\n<p>\u00abPor supuesto que encaja en el sistema\u00bb, enfatiz\u00f3 Helmer, quien al mismo tiempo aconsej\u00f3 a su ex club a dejar de depender de Robert Lewandowski.<\/p>\n<p>\u00abSi (Lewandowski) est\u00e1 en un mal momento o se lesiona, \u00bfqu\u00e9 har\u00e1 el Bayern? Si quieres ganar la Liga de Campeones tienes que tener un mejor plantel\u00bb, agreg\u00f3 Helmer al portal online.<\/p>\n<p>Seg\u00fan el reportero deportivo, el actual campe\u00f3n de la Bundesliga tiene muy pocos jugadores para poder mantener un nivel internacional.<\/p>\n<p>Con respecto a la vig\u00e9simo primera fecha de la Bundesliga que se disputa este fin de semana, Helmer se\u00f1al\u00f3 que el Bayern tiene una gran posibilidad de mantenerse en la cima de la tabla si vence al Leipzig.<\/p>\n<p>\u00abSi Leipzig pierde, ser\u00e1 un campeonato muy duro. Para m\u00ed, el Dortmund es el rival m\u00e1s fuerte en este momento, pero enfrenta al Leverkusen. El Bayern puede ser el gran ganador de la jornada\u00bb, dijo el ex defensa.<\/p>\n<p>El Bayern lidera con 41 puntos, uno m\u00e1s que el Leipzig, mientras que el Dortmund y el Borussia M\u00f6nchengladbach se ubican en tercera y cuarta posici\u00f3n con 39 puntos, respectivamente.<\/p>\n","protected":false},"excerpt":{"rendered":"<p>M\u00fanich, 8 feb (dpa) &#8211; El ex jugador del Bayern M\u00fanich Thomas Helmer recomend\u00f3 a su antiguo club que contrate al delantero del Leipzig Timo Werner, seg\u00fan public\u00f3 el portal \u00abt-online\u00bb. Helmer, quien actualmente se desempe\u00f1a como comentarista deportivo, desestim\u00f3 la preocupaci\u00f3n de la actual dirigencia del Bayern de que Werner no pueda adaptarse al<\/p>\n","protected":false},"author":1,"featured_media":3932,"comment_status":"closed","ping_status":"closed","sticky":false,"template":"","format":"standard","meta":{"footnotes":""},"categories":[1],"tags":[],"class_list":{"0":"post-3931","1":"post","2":"type-post","3":"status-publish","4":"format-standard","5":"has-post-thumbnail","7":"category-noticias"},"aioseo_notices":[],"aioseo_head":"\n\t\t<!-- All in One SEO Pro 4.9.6.2 - aioseo.com -->\n\t<meta name=\"description\" content=\"M\u00fanich, 8 feb (dpa) - El ex jugador del Bayern M\u00fanich Thomas Helmer recomend\u00f3 a su antiguo club que contrate al delantero del Leipzig Timo Werner, seg\u00fan public\u00f3 el portal &quot;t-online&quot;. Helmer, quien actualmente se desempe\u00f1a como comentarista deportivo, desestim\u00f3 la preocupaci\u00f3n de la actual dirigencia del Bayern de que Werner no pueda adaptarse al\" \/>\n\t<meta name=\"robots\" content=\"max-image-preview:large\" \/>\n\t<meta name=\"author\" content=\"NBAsturias\"\/>\n\t<meta name=\"google-site-verification\" content=\"UA-38556648-1\" \/>\n\t<meta name=\"keywords\" content=\"noticias\" \/>\n\t<link rel=\"canonical\" href=\"https:\/\/eldigitaldeasturias.com\/radio\/helmer-recomienda-al-bayern-munich-fichar-a-timo-werner\/\" \/>\n\t<meta name=\"generator\" content=\"All in One SEO Pro (AIOSEO) 4.9.6.2\" \/>\n\t\t<meta property=\"og:locale\" content=\"es_ES\" \/>\n\t\t<meta property=\"og:site_name\" content=\"El Digital de Asturias | Diario de informaci\u00f3n y noticias\" \/>\n\t\t<meta property=\"og:type\" content=\"article\" \/>\n\t\t<meta property=\"og:title\" content=\"Helmer recomienda al Bayern M\u00fanich fichar a Timo Werner | El Digital de Asturias\" \/>\n\t\t<meta property=\"og:description\" content=\"M\u00fanich, 8 feb (dpa) - El ex jugador del Bayern M\u00fanich Thomas Helmer recomend\u00f3 a su antiguo club que contrate al delantero del Leipzig Timo Werner, seg\u00fan public\u00f3 el portal &quot;t-online&quot;. Helmer, quien actualmente se desempe\u00f1a como comentarista deportivo, desestim\u00f3 la preocupaci\u00f3n de la actual dirigencia del Bayern de que Werner no pueda adaptarse al\" \/>\n\t\t<meta property=\"og:url\" content=\"https:\/\/eldigitaldeasturias.com\/radio\/helmer-recomienda-al-bayern-munich-fichar-a-timo-werner\/\" \/>\n\t\t<meta property=\"og:image\" content=\"https:\/\/eldigitaldeasturias.com\/radio\/wp-content\/uploads\/2020\/02\/Werner.jpg\" \/>\n\t\t<meta property=\"og:image:secure_url\" content=\"https:\/\/eldigitaldeasturias.com\/radio\/wp-content\/uploads\/2020\/02\/Werner.jpg\" \/>\n\t\t<meta property=\"og:image:width\" content=\"954\" \/>\n\t\t<meta property=\"og:image:height\" content=\"659\" \/>\n\t\t<meta property=\"article:published_time\" content=\"2020-02-08T22:41:32+00:00\" \/>\n\t\t<meta property=\"article:modified_time\" content=\"2020-02-08T22:41:32+00:00\" \/>\n\t\t<meta name=\"twitter:card\" content=\"summary_large_image\" \/>\n\t\t<meta name=\"twitter:site\" content=\"@bercodi\" \/>\n\t\t<meta name=\"twitter:title\" content=\"Helmer recomienda al Bayern M\u00fanich fichar a Timo Werner | El Digital de Asturias\" \/>\n\t\t<meta name=\"twitter:description\" content=\"M\u00fanich, 8 feb (dpa) - El ex jugador del Bayern M\u00fanich Thomas Helmer recomend\u00f3 a su antiguo club que contrate al delantero del Leipzig Timo Werner, seg\u00fan public\u00f3 el portal &quot;t-online&quot;. Helmer, quien actualmente se desempe\u00f1a como comentarista deportivo, desestim\u00f3 la preocupaci\u00f3n de la actual dirigencia del Bayern de que Werner no pueda adaptarse al\" \/>\n\t\t<meta name=\"twitter:creator\" content=\"@bercodi\" \/>\n\t\t<meta name=\"twitter:image\" content=\"https:\/\/eldigitaldeasturias.com\/radio\/wp-content\/uploads\/2020\/02\/Werner.jpg\" \/>\n\t\t<script type=\"application\/ld+json\" class=\"aioseo-schema\">\n\t\t\t{\"@context\":\"https:\\\/\\\/schema.org\",\"@graph\":[{\"@type\":\"BreadcrumbList\",\"@id\":\"https:\\\/\\\/eldigitaldeasturias.com\\\/radio\\\/helmer-recomienda-al-bayern-munich-fichar-a-timo-werner\\\/#breadcrumblist\",\"itemListElement\":[{\"@type\":\"ListItem\",\"@id\":\"https:\\\/\\\/eldigitaldeasturias.com\\\/radio#listItem\",\"position\":1,\"name\":\"Inicio\",\"item\":\"https:\\\/\\\/eldigitaldeasturias.com\\\/radio\",\"nextItem\":{\"@type\":\"ListItem\",\"@id\":\"https:\\\/\\\/eldigitaldeasturias.com\\\/radio\\\/category\\\/noticias\\\/#listItem\",\"name\":\"Noticias\"}},{\"@type\":\"ListItem\",\"@id\":\"https:\\\/\\\/eldigitaldeasturias.com\\\/radio\\\/category\\\/noticias\\\/#listItem\",\"position\":2,\"name\":\"Noticias\",\"item\":\"https:\\\/\\\/eldigitaldeasturias.com\\\/radio\\\/category\\\/noticias\\\/\",\"nextItem\":{\"@type\":\"ListItem\",\"@id\":\"https:\\\/\\\/eldigitaldeasturias.com\\\/radio\\\/helmer-recomienda-al-bayern-munich-fichar-a-timo-werner\\\/#listItem\",\"name\":\"Helmer recomienda al Bayern M\\u00fanich fichar a Timo Werner\"},\"previousItem\":{\"@type\":\"ListItem\",\"@id\":\"https:\\\/\\\/eldigitaldeasturias.com\\\/radio#listItem\",\"name\":\"Inicio\"}},{\"@type\":\"ListItem\",\"@id\":\"https:\\\/\\\/eldigitaldeasturias.com\\\/radio\\\/helmer-recomienda-al-bayern-munich-fichar-a-timo-werner\\\/#listItem\",\"position\":3,\"name\":\"Helmer recomienda al Bayern M\\u00fanich fichar a Timo Werner\",\"previousItem\":{\"@type\":\"ListItem\",\"@id\":\"https:\\\/\\\/eldigitaldeasturias.com\\\/radio\\\/category\\\/noticias\\\/#listItem\",\"name\":\"Noticias\"}}]},{\"@type\":\"NewsArticle\",\"@id\":\"https:\\\/\\\/eldigitaldeasturias.com\\\/radio\\\/helmer-recomienda-al-bayern-munich-fichar-a-timo-werner\\\/#newsarticle\",\"name\":\"Helmer recomienda al Bayern M\\u00fanich fichar a Timo Werner | El Digital de Asturias\",\"headline\":\"Helmer recomienda al Bayern M\\u00fanich fichar a Timo Werner\",\"author\":{\"@id\":\"https:\\\/\\\/eldigitaldeasturias.com\\\/radio\\\/author\\\/nbasturias\\\/#author\"},\"publisher\":{\"@id\":\"https:\\\/\\\/eldigitaldeasturias.com\\\/radio\\\/#organization\"},\"image\":{\"@type\":\"ImageObject\",\"url\":\"https:\\\/\\\/eldigitaldeasturias.com\\\/radio\\\/wp-content\\\/uploads\\\/2020\\\/02\\\/Werner.jpg\",\"width\":954,\"height\":659,\"caption\":\"Foto: Jan Woitas\\\/dpa-zentralbild\\\/dpa\"},\"datePublished\":\"2020-02-08T22:41:32+01:00\",\"dateModified\":\"2020-02-08T22:41:32+01:00\",\"inLanguage\":\"es-ES\",\"mainEntityOfPage\":{\"@id\":\"https:\\\/\\\/eldigitaldeasturias.com\\\/radio\\\/helmer-recomienda-al-bayern-munich-fichar-a-timo-werner\\\/#webpage\"},\"isPartOf\":{\"@id\":\"https:\\\/\\\/eldigitaldeasturias.com\\\/radio\\\/helmer-recomienda-al-bayern-munich-fichar-a-timo-werner\\\/#webpage\"},\"articleSection\":\"Noticias\",\"dateline\":\"Publicado el febrero 8, 2020.\"},{\"@type\":\"Organization\",\"@id\":\"https:\\\/\\\/eldigitaldeasturias.com\\\/radio\\\/#organization\",\"name\":\"El digital de Asturias Radio\",\"description\":\"Diario de informaci\\u00f3n y noticias\",\"url\":\"https:\\\/\\\/eldigitaldeasturias.com\\\/radio\\\/\",\"telephone\":\"+34652131393\",\"logo\":{\"@type\":\"ImageObject\",\"url\":\"https:\\\/\\\/www.eldigitaldeasturias.com\\\/radio\\\/wp-content\\\/uploads\\\/2021\\\/03\\\/EDA.jpg\",\"@id\":\"https:\\\/\\\/eldigitaldeasturias.com\\\/radio\\\/helmer-recomienda-al-bayern-munich-fichar-a-timo-werner\\\/#organizationLogo\"},\"image\":{\"@id\":\"https:\\\/\\\/eldigitaldeasturias.com\\\/radio\\\/helmer-recomienda-al-bayern-munich-fichar-a-timo-werner\\\/#organizationLogo\"},\"sameAs\":[\"https:\\\/\\\/www.facebook.com\\\/\",\"https:\\\/\\\/x.com\\\/bercodi\",\"https:\\\/\\\/www.instagram.com\\\/\",\"https:\\\/\\\/www.youtube.com\\\/channel\\\/UCZP-2wLEB9Rv6erhFmqVnvg\"]},{\"@type\":\"Person\",\"@id\":\"https:\\\/\\\/eldigitaldeasturias.com\\\/radio\\\/author\\\/nbasturias\\\/#author\",\"url\":\"https:\\\/\\\/eldigitaldeasturias.com\\\/radio\\\/author\\\/nbasturias\\\/\",\"name\":\"NBAsturias\",\"image\":{\"@type\":\"ImageObject\",\"@id\":\"https:\\\/\\\/eldigitaldeasturias.com\\\/radio\\\/helmer-recomienda-al-bayern-munich-fichar-a-timo-werner\\\/#authorImage\",\"url\":\"https:\\\/\\\/secure.gravatar.com\\\/avatar\\\/df2aeffc32bcd13f8d26072ef8a91b623d677766deac7f97ca815868cd41bf5e?s=96&d=mm&r=g\",\"width\":96,\"height\":96,\"caption\":\"NBAsturias\"}},{\"@type\":\"WebPage\",\"@id\":\"https:\\\/\\\/eldigitaldeasturias.com\\\/radio\\\/helmer-recomienda-al-bayern-munich-fichar-a-timo-werner\\\/#webpage\",\"url\":\"https:\\\/\\\/eldigitaldeasturias.com\\\/radio\\\/helmer-recomienda-al-bayern-munich-fichar-a-timo-werner\\\/\",\"name\":\"Helmer recomienda al Bayern M\\u00fanich fichar a Timo Werner | El Digital de Asturias\",\"description\":\"M\\u00fanich, 8 feb (dpa) - El ex jugador del Bayern M\\u00fanich Thomas Helmer recomend\\u00f3 a su antiguo club que contrate al delantero del Leipzig Timo Werner, seg\\u00fan public\\u00f3 el portal \\\"t-online\\\". Helmer, quien actualmente se desempe\\u00f1a como comentarista deportivo, desestim\\u00f3 la preocupaci\\u00f3n de la actual dirigencia del Bayern de que Werner no pueda adaptarse al\",\"inLanguage\":\"es-ES\",\"isPartOf\":{\"@id\":\"https:\\\/\\\/eldigitaldeasturias.com\\\/radio\\\/#website\"},\"breadcrumb\":{\"@id\":\"https:\\\/\\\/eldigitaldeasturias.com\\\/radio\\\/helmer-recomienda-al-bayern-munich-fichar-a-timo-werner\\\/#breadcrumblist\"},\"author\":{\"@id\":\"https:\\\/\\\/eldigitaldeasturias.com\\\/radio\\\/author\\\/nbasturias\\\/#author\"},\"creator\":{\"@id\":\"https:\\\/\\\/eldigitaldeasturias.com\\\/radio\\\/author\\\/nbasturias\\\/#author\"},\"image\":{\"@type\":\"ImageObject\",\"url\":\"https:\\\/\\\/eldigitaldeasturias.com\\\/radio\\\/wp-content\\\/uploads\\\/2020\\\/02\\\/Werner.jpg\",\"@id\":\"https:\\\/\\\/eldigitaldeasturias.com\\\/radio\\\/helmer-recomienda-al-bayern-munich-fichar-a-timo-werner\\\/#mainImage\",\"width\":954,\"height\":659,\"caption\":\"Foto: Jan Woitas\\\/dpa-zentralbild\\\/dpa\"},\"primaryImageOfPage\":{\"@id\":\"https:\\\/\\\/eldigitaldeasturias.com\\\/radio\\\/helmer-recomienda-al-bayern-munich-fichar-a-timo-werner\\\/#mainImage\"},\"datePublished\":\"2020-02-08T22:41:32+01:00\",\"dateModified\":\"2020-02-08T22:41:32+01:00\"},{\"@type\":\"WebSite\",\"@id\":\"https:\\\/\\\/eldigitaldeasturias.com\\\/radio\\\/#website\",\"url\":\"https:\\\/\\\/eldigitaldeasturias.com\\\/radio\\\/\",\"name\":\"El Digital de Asturias\",\"description\":\"Diario de informaci\\u00f3n y noticias\",\"inLanguage\":\"es-ES\",\"publisher\":{\"@id\":\"https:\\\/\\\/eldigitaldeasturias.com\\\/radio\\\/#organization\"}}]}\n\t\t<\/script>\n\t\t<!-- All in One SEO Pro -->\r\n\t\t<title>Helmer recomienda al Bayern M\u00fanich fichar a Timo Werner | El Digital de Asturias<\/title>\n\n","aioseo_head_json":{"title":"Helmer recomienda al Bayern M\u00fanich fichar a Timo Werner | El Digital de Asturias","description":"M\u00fanich, 8 feb (dpa) - El ex jugador del Bayern M\u00fanich Thomas Helmer recomend\u00f3 a su antiguo club que contrate al delantero del Leipzig Timo Werner, seg\u00fan public\u00f3 el portal \"t-online\". Helmer, quien actualmente se desempe\u00f1a como comentarista deportivo, desestim\u00f3 la preocupaci\u00f3n de la actual dirigencia del Bayern de que Werner no pueda adaptarse al","canonical_url":"https:\/\/eldigitaldeasturias.com\/radio\/helmer-recomienda-al-bayern-munich-fichar-a-timo-werner\/","robots":"max-image-preview:large","keywords":"noticias","webmasterTools":{"google-site-verification":"UA-38556648-1","miscellaneous":""},"schema":{"@context":"https:\/\/schema.org","@graph":[{"@type":"BreadcrumbList","@id":"https:\/\/eldigitaldeasturias.com\/radio\/helmer-recomienda-al-bayern-munich-fichar-a-timo-werner\/#breadcrumblist","itemListElement":[{"@type":"ListItem","@id":"https:\/\/eldigitaldeasturias.com\/radio#listItem","position":1,"name":"Inicio","item":"https:\/\/eldigitaldeasturias.com\/radio","nextItem":{"@type":"ListItem","@id":"https:\/\/eldigitaldeasturias.com\/radio\/category\/noticias\/#listItem","name":"Noticias"}},{"@type":"ListItem","@id":"https:\/\/eldigitaldeasturias.com\/radio\/category\/noticias\/#listItem","position":2,"name":"Noticias","item":"https:\/\/eldigitaldeasturias.com\/radio\/category\/noticias\/","nextItem":{"@type":"ListItem","@id":"https:\/\/eldigitaldeasturias.com\/radio\/helmer-recomienda-al-bayern-munich-fichar-a-timo-werner\/#listItem","name":"Helmer recomienda al Bayern M\u00fanich fichar a Timo Werner"},"previousItem":{"@type":"ListItem","@id":"https:\/\/eldigitaldeasturias.com\/radio#listItem","name":"Inicio"}},{"@type":"ListItem","@id":"https:\/\/eldigitaldeasturias.com\/radio\/helmer-recomienda-al-bayern-munich-fichar-a-timo-werner\/#listItem","position":3,"name":"Helmer recomienda al Bayern M\u00fanich fichar a Timo Werner","previousItem":{"@type":"ListItem","@id":"https:\/\/eldigitaldeasturias.com\/radio\/category\/noticias\/#listItem","name":"Noticias"}}]},{"@type":"NewsArticle","@id":"https:\/\/eldigitaldeasturias.com\/radio\/helmer-recomienda-al-bayern-munich-fichar-a-timo-werner\/#newsarticle","name":"Helmer recomienda al Bayern M\u00fanich fichar a Timo Werner | El Digital de Asturias","headline":"Helmer recomienda al Bayern M\u00fanich fichar a Timo Werner","author":{"@id":"https:\/\/eldigitaldeasturias.com\/radio\/author\/nbasturias\/#author"},"publisher":{"@id":"https:\/\/eldigitaldeasturias.com\/radio\/#organization"},"image":{"@type":"ImageObject","url":"https:\/\/eldigitaldeasturias.com\/radio\/wp-content\/uploads\/2020\/02\/Werner.jpg","width":954,"height":659,"caption":"Foto: Jan Woitas\/dpa-zentralbild\/dpa"},"datePublished":"2020-02-08T22:41:32+01:00","dateModified":"2020-02-08T22:41:32+01:00","inLanguage":"es-ES","mainEntityOfPage":{"@id":"https:\/\/eldigitaldeasturias.com\/radio\/helmer-recomienda-al-bayern-munich-fichar-a-timo-werner\/#webpage"},"isPartOf":{"@id":"https:\/\/eldigitaldeasturias.com\/radio\/helmer-recomienda-al-bayern-munich-fichar-a-timo-werner\/#webpage"},"articleSection":"Noticias","dateline":"Publicado el febrero 8, 2020."},{"@type":"Organization","@id":"https:\/\/eldigitaldeasturias.com\/radio\/#organization","name":"El digital de Asturias Radio","description":"Diario de informaci\u00f3n y noticias","url":"https:\/\/eldigitaldeasturias.com\/radio\/","telephone":"+34652131393","logo":{"@type":"ImageObject","url":"https:\/\/www.eldigitaldeasturias.com\/radio\/wp-content\/uploads\/2021\/03\/EDA.jpg","@id":"https:\/\/eldigitaldeasturias.com\/radio\/helmer-recomienda-al-bayern-munich-fichar-a-timo-werner\/#organizationLogo"},"image":{"@id":"https:\/\/eldigitaldeasturias.com\/radio\/helmer-recomienda-al-bayern-munich-fichar-a-timo-werner\/#organizationLogo"},"sameAs":["https:\/\/www.facebook.com\/","https:\/\/x.com\/bercodi","https:\/\/www.instagram.com\/","https:\/\/www.youtube.com\/channel\/UCZP-2wLEB9Rv6erhFmqVnvg"]},{"@type":"Person","@id":"https:\/\/eldigitaldeasturias.com\/radio\/author\/nbasturias\/#author","url":"https:\/\/eldigitaldeasturias.com\/radio\/author\/nbasturias\/","name":"NBAsturias","image":{"@type":"ImageObject","@id":"https:\/\/eldigitaldeasturias.com\/radio\/helmer-recomienda-al-bayern-munich-fichar-a-timo-werner\/#authorImage","url":"https:\/\/secure.gravatar.com\/avatar\/df2aeffc32bcd13f8d26072ef8a91b623d677766deac7f97ca815868cd41bf5e?s=96&d=mm&r=g","width":96,"height":96,"caption":"NBAsturias"}},{"@type":"WebPage","@id":"https:\/\/eldigitaldeasturias.com\/radio\/helmer-recomienda-al-bayern-munich-fichar-a-timo-werner\/#webpage","url":"https:\/\/eldigitaldeasturias.com\/radio\/helmer-recomienda-al-bayern-munich-fichar-a-timo-werner\/","name":"Helmer recomienda al Bayern M\u00fanich fichar a Timo Werner | El Digital de Asturias","description":"M\u00fanich, 8 feb (dpa) - El ex jugador del Bayern M\u00fanich Thomas Helmer recomend\u00f3 a su antiguo club que contrate al delantero del Leipzig Timo Werner, seg\u00fan public\u00f3 el portal \"t-online\". Helmer, quien actualmente se desempe\u00f1a como comentarista deportivo, desestim\u00f3 la preocupaci\u00f3n de la actual dirigencia del Bayern de que Werner no pueda adaptarse al","inLanguage":"es-ES","isPartOf":{"@id":"https:\/\/eldigitaldeasturias.com\/radio\/#website"},"breadcrumb":{"@id":"https:\/\/eldigitaldeasturias.com\/radio\/helmer-recomienda-al-bayern-munich-fichar-a-timo-werner\/#breadcrumblist"},"author":{"@id":"https:\/\/eldigitaldeasturias.com\/radio\/author\/nbasturias\/#author"},"creator":{"@id":"https:\/\/eldigitaldeasturias.com\/radio\/author\/nbasturias\/#author"},"image":{"@type":"ImageObject","url":"https:\/\/eldigitaldeasturias.com\/radio\/wp-content\/uploads\/2020\/02\/Werner.jpg","@id":"https:\/\/eldigitaldeasturias.com\/radio\/helmer-recomienda-al-bayern-munich-fichar-a-timo-werner\/#mainImage","width":954,"height":659,"caption":"Foto: Jan Woitas\/dpa-zentralbild\/dpa"},"primaryImageOfPage":{"@id":"https:\/\/eldigitaldeasturias.com\/radio\/helmer-recomienda-al-bayern-munich-fichar-a-timo-werner\/#mainImage"},"datePublished":"2020-02-08T22:41:32+01:00","dateModified":"2020-02-08T22:41:32+01:00"},{"@type":"WebSite","@id":"https:\/\/eldigitaldeasturias.com\/radio\/#website","url":"https:\/\/eldigitaldeasturias.com\/radio\/","name":"El Digital de Asturias","description":"Diario de informaci\u00f3n y noticias","inLanguage":"es-ES","publisher":{"@id":"https:\/\/eldigitaldeasturias.com\/radio\/#organization"}}]},"og:locale":"es_ES","og:site_name":"El Digital de Asturias | Diario de informaci\u00f3n y noticias","og:type":"article","og:title":"Helmer recomienda al Bayern M\u00fanich fichar a Timo Werner | El Digital de Asturias","og:description":"M\u00fanich, 8 feb (dpa) - El ex jugador del Bayern M\u00fanich Thomas Helmer recomend\u00f3 a su antiguo club que contrate al delantero del Leipzig Timo Werner, seg\u00fan public\u00f3 el portal &quot;t-online&quot;. Helmer, quien actualmente se desempe\u00f1a como comentarista deportivo, desestim\u00f3 la preocupaci\u00f3n de la actual dirigencia del Bayern de que Werner no pueda adaptarse al","og:url":"https:\/\/eldigitaldeasturias.com\/radio\/helmer-recomienda-al-bayern-munich-fichar-a-timo-werner\/","og:image":"https:\/\/eldigitaldeasturias.com\/radio\/wp-content\/uploads\/2020\/02\/Werner.jpg","og:image:secure_url":"https:\/\/eldigitaldeasturias.com\/radio\/wp-content\/uploads\/2020\/02\/Werner.jpg","og:image:width":954,"og:image:height":659,"article:published_time":"2020-02-08T22:41:32+00:00","article:modified_time":"2020-02-08T22:41:32+00:00","twitter:card":"summary_large_image","twitter:site":"@bercodi","twitter:title":"Helmer recomienda al Bayern M\u00fanich fichar a Timo Werner | El Digital de Asturias","twitter:description":"M\u00fanich, 8 feb (dpa) - El ex jugador del Bayern M\u00fanich Thomas Helmer recomend\u00f3 a su antiguo club que contrate al delantero del Leipzig Timo Werner, seg\u00fan public\u00f3 el portal &quot;t-online&quot;. Helmer, quien actualmente se desempe\u00f1a como comentarista deportivo, desestim\u00f3 la preocupaci\u00f3n de la actual dirigencia del Bayern de que Werner no pueda adaptarse al","twitter:creator":"@bercodi","twitter:image":"https:\/\/eldigitaldeasturias.com\/radio\/wp-content\/uploads\/2020\/02\/Werner.jpg"},"aioseo_meta_data":{"post_id":"3931","title":null,"description":null,"keywords":null,"keyphrases":null,"primary_term":null,"canonical_url":null,"og_title":null,"og_description":null,"og_object_type":"default","og_image_type":"default","og_image_url":null,"og_image_width":null,"og_image_height":null,"og_image_custom_url":null,"og_image_custom_fields":null,"og_video":null,"og_custom_url":null,"og_article_section":null,"og_article_tags":null,"twitter_use_og":false,"twitter_card":"default","twitter_image_type":"default","twitter_image_url":null,"twitter_image_custom_url":null,"twitter_image_custom_fields":null,"twitter_title":null,"twitter_description":null,"schema":{"blockGraphs":[],"customGraphs":[],"default":{"data":{"Article":[],"Course":[],"Dataset":[],"FAQPage":[],"Movie":[],"Person":[],"Product":[],"ProductReview":[],"Car":[],"Recipe":[],"Service":[],"SoftwareApplication":[],"WebPage":[]},"graphName":"","isEnabled":true},"graphs":[],"defaultGraph":"","defaultPostTypeGraph":""},"schema_type":null,"schema_type_options":null,"pillar_content":false,"robots_default":true,"robots_noindex":false,"robots_noarchive":false,"robots_nosnippet":false,"robots_nofollow":false,"robots_noimageindex":false,"robots_noodp":false,"robots_notranslate":false,"robots_max_snippet":null,"robots_max_videopreview":null,"robots_max_imagepreview":"large","priority":null,"frequency":null,"location":null,"local_seo":null,"seo_analyzer_scan_date":"2025-08-28 15:07:25","breadcrumb_settings":null,"limit_modified_date":false,"open_ai":null,"ai":null,"created":"2021-03-29 18:51:35","updated":"2025-08-28 15:07:25"},"aioseo_breadcrumb":"<div class=\"aioseo-breadcrumbs\"><span class=\"aioseo-breadcrumb\">\n\t<a href=\"https:\/\/eldigitaldeasturias.com\/radio\" title=\"Inicio\">Inicio<\/a>\n<\/span><span class=\"aioseo-breadcrumb-separator\">&ndash;<\/span><span class=\"aioseo-breadcrumb\">\n\t<a href=\"https:\/\/eldigitaldeasturias.com\/radio\/category\/noticias\/\" title=\"Noticias\">Noticias<\/a>\n<\/span><span class=\"aioseo-breadcrumb-separator\">&ndash;<\/span><span class=\"aioseo-breadcrumb\">\n\tHelmer recomienda al Bayern M\u00fanich fichar a Timo Werner\n<\/span><\/div>","aioseo_breadcrumb_json":[{"label":"Inicio","link":"https:\/\/eldigitaldeasturias.com\/radio"},{"label":"Noticias","link":"https:\/\/eldigitaldeasturias.com\/radio\/category\/noticias\/"},{"label":"Helmer recomienda al Bayern M\u00fanich fichar a Timo Werner","link":"https:\/\/eldigitaldeasturias.com\/radio\/helmer-recomienda-al-bayern-munich-fichar-a-timo-werner\/"}],"_links":{"self":[{"href":"https:\/\/eldigitaldeasturias.com\/radio\/wp-json\/wp\/v2\/posts\/3931","targetHints":{"allow":["GET"]}}],"collection":[{"href":"https:\/\/eldigitaldeasturias.com\/radio\/wp-json\/wp\/v2\/posts"}],"about":[{"href":"https:\/\/eldigitaldeasturias.com\/radio\/wp-json\/wp\/v2\/types\/post"}],"author":[{"embeddable":true,"href":"https:\/\/eldigitaldeasturias.com\/radio\/wp-json\/wp\/v2\/users\/1"}],"replies":[{"embeddable":true,"href":"https:\/\/eldigitaldeasturias.com\/radio\/wp-json\/wp\/v2\/comments?post=3931"}],"version-history":[{"count":0,"href":"https:\/\/eldigitaldeasturias.com\/radio\/wp-json\/wp\/v2\/posts\/3931\/revisions"}],"wp:featuredmedia":[{"embeddable":true,"href":"https:\/\/eldigitaldeasturias.com\/radio\/wp-json\/wp\/v2\/media\/3932"}],"wp:attachment":[{"href":"https:\/\/eldigitaldeasturias.com\/radio\/wp-json\/wp\/v2\/media?parent=3931"}],"wp:term":[{"taxonomy":"category","embeddable":true,"href":"https:\/\/eldigitaldeasturias.com\/radio\/wp-json\/wp\/v2\/categories?post=3931"},{"taxonomy":"post_tag","embeddable":true,"href":"https:\/\/eldigitaldeasturias.com\/radio\/wp-json\/wp\/v2\/tags?post=3931"}],"curies":[{"name":"wp","href":"https:\/\/api.w.org\/{rel}","templated":true}]}}