{"id":3925,"date":"2020-02-08T22:36:47","date_gmt":"2020-02-08T22:36:47","guid":{"rendered":"http:\/\/www.eldigitaldeasturias.com\/radio\/?p=3925"},"modified":"2020-02-08T22:36:48","modified_gmt":"2020-02-08T22:36:48","slug":"ministro-aleman-planea-mas-competencias-de-policia-para-deportaciones","status":"publish","type":"post","link":"https:\/\/eldigitaldeasturias.com\/radio\/ministro-aleman-planea-mas-competencias-de-policia-para-deportaciones\/","title":{"rendered":"Ministro alem\u00e1n planea m\u00e1s competencias de Polic\u00eda para deportaciones"},"content":{"rendered":"<p>Berl\u00edn, 8 feb (dpa) &#8211; El ministro alem\u00e1n del Interior, Horst Seehofer, quiere que la Polic\u00eda Federal tenga m\u00e1s competencias en el \u00e1mbito de las expulsiones de extranjeros del pa\u00eds, seg\u00fan se desprende de un borrador sobre una nueva ley al que tuvo acceso dpa.<\/p>\n<p>El proyecto propone que los agentes federales puedan declararse responsables tambi\u00e9n en ciertos casos que hasta ahora se encuadraban en el \u00e1mbito de los estados federados.<\/p>\n<p>El borrador establece que en el futuro la responsabilidad de la Polic\u00eda Federal no se limite a las estaciones de trenes y a la zona de 30 kil\u00f3metros pr\u00f3xima a las fronteras y propone que sea extendida en especial a las denominadas rutas principales de tr\u00e1nsito, en caso de que \u00abinformaciones sobre la situaci\u00f3n indiquen que estas v\u00edas son usadas para la entrada no autorizada\u00bb.<\/p>\n<p>El borrador, que de momento est\u00e1 siendo discutido entre los departamentos del Gobierno germano, tambi\u00e9n permitir\u00eda a los agentes el uso de los llamados t\u00e1sers, pistolas el\u00e9ctricas que disparan impulsos para incapacitar de forma temporaria a un atacante.<\/p>\n<p>El grupo de intervenci\u00f3n r\u00e1pida GSG-9 de la Polic\u00eda Federal alemana ya ha probado estos dispositivos.<\/p>\n<p>Asimismo, el borrador propone que la Polic\u00eda Federal pueda operar con investigadores encubiertos de manera preventiva. Hasta ahora s\u00f3lo est\u00e1n autorizados a actuar en el curso de sumarios. Tal competencia podr\u00eda ser aplicada, por ejemplo, para detectar bandas de traficantes.<\/p>\n<p>&nbsp;<\/p>\n","protected":false},"excerpt":{"rendered":"<p>Berl\u00edn, 8 feb (dpa) &#8211; El ministro alem\u00e1n del Interior, Horst Seehofer, quiere que la Polic\u00eda Federal tenga m\u00e1s competencias en el \u00e1mbito de las expulsiones de extranjeros del pa\u00eds, seg\u00fan se desprende de un borrador sobre una nueva ley al que tuvo acceso dpa. El proyecto propone que los agentes federales puedan declararse responsables<\/p>\n","protected":false},"author":1,"featured_media":242,"comment_status":"closed","ping_status":"closed","sticky":false,"template":"","format":"standard","meta":{"footnotes":""},"categories":[1],"tags":[],"class_list":{"0":"post-3925","1":"post","2":"type-post","3":"status-publish","4":"format-standard","5":"has-post-thumbnail","7":"category-noticias"},"aioseo_notices":[],"aioseo_head":"\n\t\t<!-- All in One SEO Pro 4.9.6.2 - aioseo.com -->\n\t<meta name=\"description\" content=\"Berl\u00edn, 8 feb (dpa) - El ministro alem\u00e1n del Interior, Horst Seehofer, quiere que la Polic\u00eda Federal tenga m\u00e1s competencias en el \u00e1mbito de las expulsiones de extranjeros del pa\u00eds, seg\u00fan se desprende de un borrador sobre una nueva ley al que tuvo acceso dpa. El proyecto propone que los agentes federales puedan declararse responsables\" \/>\n\t<meta name=\"robots\" content=\"max-image-preview:large\" \/>\n\t<meta name=\"author\" content=\"NBAsturias\"\/>\n\t<meta name=\"google-site-verification\" content=\"UA-38556648-1\" \/>\n\t<meta name=\"keywords\" content=\"noticias\" \/>\n\t<link rel=\"canonical\" href=\"https:\/\/eldigitaldeasturias.com\/radio\/ministro-aleman-planea-mas-competencias-de-policia-para-deportaciones\/\" \/>\n\t<meta name=\"generator\" content=\"All in One SEO Pro (AIOSEO) 4.9.6.2\" \/>\n\t\t<meta property=\"og:locale\" content=\"es_ES\" \/>\n\t\t<meta property=\"og:site_name\" content=\"El Digital de Asturias | Diario de informaci\u00f3n y noticias\" \/>\n\t\t<meta property=\"og:type\" content=\"article\" \/>\n\t\t<meta property=\"og:title\" content=\"Ministro alem\u00e1n planea m\u00e1s competencias de Polic\u00eda para deportaciones | El Digital de Asturias\" \/>\n\t\t<meta property=\"og:description\" content=\"Berl\u00edn, 8 feb (dpa) - El ministro alem\u00e1n del Interior, Horst Seehofer, quiere que la Polic\u00eda Federal tenga m\u00e1s competencias en el \u00e1mbito de las expulsiones de extranjeros del pa\u00eds, seg\u00fan se desprende de un borrador sobre una nueva ley al que tuvo acceso dpa. El proyecto propone que los agentes federales puedan declararse responsables\" \/>\n\t\t<meta property=\"og:url\" content=\"https:\/\/eldigitaldeasturias.com\/radio\/ministro-aleman-planea-mas-competencias-de-policia-para-deportaciones\/\" \/>\n\t\t<meta property=\"og:image\" content=\"https:\/\/eldigitaldeasturias.com\/radio\/wp-content\/uploads\/2018\/03\/technology-785742_1280.jpg\" \/>\n\t\t<meta property=\"og:image:secure_url\" content=\"https:\/\/eldigitaldeasturias.com\/radio\/wp-content\/uploads\/2018\/03\/technology-785742_1280.jpg\" \/>\n\t\t<meta property=\"og:image:width\" content=\"1280\" \/>\n\t\t<meta property=\"og:image:height\" content=\"853\" \/>\n\t\t<meta property=\"article:published_time\" content=\"2020-02-08T22:36:47+00:00\" \/>\n\t\t<meta property=\"article:modified_time\" content=\"2020-02-08T22:36:48+00:00\" \/>\n\t\t<meta name=\"twitter:card\" content=\"summary_large_image\" \/>\n\t\t<meta name=\"twitter:site\" content=\"@bercodi\" \/>\n\t\t<meta name=\"twitter:title\" content=\"Ministro alem\u00e1n planea m\u00e1s competencias de Polic\u00eda para deportaciones | El Digital de Asturias\" \/>\n\t\t<meta name=\"twitter:description\" content=\"Berl\u00edn, 8 feb (dpa) - El ministro alem\u00e1n del Interior, Horst Seehofer, quiere que la Polic\u00eda Federal tenga m\u00e1s competencias en el \u00e1mbito de las expulsiones de extranjeros del pa\u00eds, seg\u00fan se desprende de un borrador sobre una nueva ley al que tuvo acceso dpa. El proyecto propone que los agentes federales puedan declararse responsables\" \/>\n\t\t<meta name=\"twitter:creator\" content=\"@bercodi\" \/>\n\t\t<meta name=\"twitter:image\" content=\"https:\/\/eldigitaldeasturias.com\/radio\/wp-content\/uploads\/2018\/03\/technology-785742_1280.jpg\" \/>\n\t\t<script type=\"application\/ld+json\" class=\"aioseo-schema\">\n\t\t\t{\"@context\":\"https:\\\/\\\/schema.org\",\"@graph\":[{\"@type\":\"BreadcrumbList\",\"@id\":\"https:\\\/\\\/eldigitaldeasturias.com\\\/radio\\\/ministro-aleman-planea-mas-competencias-de-policia-para-deportaciones\\\/#breadcrumblist\",\"itemListElement\":[{\"@type\":\"ListItem\",\"@id\":\"https:\\\/\\\/eldigitaldeasturias.com\\\/radio#listItem\",\"position\":1,\"name\":\"Inicio\",\"item\":\"https:\\\/\\\/eldigitaldeasturias.com\\\/radio\",\"nextItem\":{\"@type\":\"ListItem\",\"@id\":\"https:\\\/\\\/eldigitaldeasturias.com\\\/radio\\\/category\\\/noticias\\\/#listItem\",\"name\":\"Noticias\"}},{\"@type\":\"ListItem\",\"@id\":\"https:\\\/\\\/eldigitaldeasturias.com\\\/radio\\\/category\\\/noticias\\\/#listItem\",\"position\":2,\"name\":\"Noticias\",\"item\":\"https:\\\/\\\/eldigitaldeasturias.com\\\/radio\\\/category\\\/noticias\\\/\",\"nextItem\":{\"@type\":\"ListItem\",\"@id\":\"https:\\\/\\\/eldigitaldeasturias.com\\\/radio\\\/ministro-aleman-planea-mas-competencias-de-policia-para-deportaciones\\\/#listItem\",\"name\":\"Ministro alem\\u00e1n planea m\\u00e1s competencias de Polic\\u00eda para deportaciones\"},\"previousItem\":{\"@type\":\"ListItem\",\"@id\":\"https:\\\/\\\/eldigitaldeasturias.com\\\/radio#listItem\",\"name\":\"Inicio\"}},{\"@type\":\"ListItem\",\"@id\":\"https:\\\/\\\/eldigitaldeasturias.com\\\/radio\\\/ministro-aleman-planea-mas-competencias-de-policia-para-deportaciones\\\/#listItem\",\"position\":3,\"name\":\"Ministro alem\\u00e1n planea m\\u00e1s competencias de Polic\\u00eda para deportaciones\",\"previousItem\":{\"@type\":\"ListItem\",\"@id\":\"https:\\\/\\\/eldigitaldeasturias.com\\\/radio\\\/category\\\/noticias\\\/#listItem\",\"name\":\"Noticias\"}}]},{\"@type\":\"NewsArticle\",\"@id\":\"https:\\\/\\\/eldigitaldeasturias.com\\\/radio\\\/ministro-aleman-planea-mas-competencias-de-policia-para-deportaciones\\\/#newsarticle\",\"name\":\"Ministro alem\\u00e1n planea m\\u00e1s competencias de Polic\\u00eda para deportaciones | El Digital de Asturias\",\"headline\":\"Ministro alem\\u00e1n planea m\\u00e1s competencias de Polic\\u00eda para deportaciones\",\"author\":{\"@id\":\"https:\\\/\\\/eldigitaldeasturias.com\\\/radio\\\/author\\\/nbasturias\\\/#author\"},\"publisher\":{\"@id\":\"https:\\\/\\\/eldigitaldeasturias.com\\\/radio\\\/#organization\"},\"image\":{\"@type\":\"ImageObject\",\"url\":\"https:\\\/\\\/eldigitaldeasturias.com\\\/radio\\\/wp-content\\\/uploads\\\/2018\\\/03\\\/technology-785742_1280.jpg\",\"width\":1280,\"height\":853},\"datePublished\":\"2020-02-08T22:36:47+01:00\",\"dateModified\":\"2020-02-08T22:36:48+01:00\",\"inLanguage\":\"es-ES\",\"mainEntityOfPage\":{\"@id\":\"https:\\\/\\\/eldigitaldeasturias.com\\\/radio\\\/ministro-aleman-planea-mas-competencias-de-policia-para-deportaciones\\\/#webpage\"},\"isPartOf\":{\"@id\":\"https:\\\/\\\/eldigitaldeasturias.com\\\/radio\\\/ministro-aleman-planea-mas-competencias-de-policia-para-deportaciones\\\/#webpage\"},\"articleSection\":\"Noticias\",\"dateline\":\"Publicado el febrero 8, 2020.\"},{\"@type\":\"Organization\",\"@id\":\"https:\\\/\\\/eldigitaldeasturias.com\\\/radio\\\/#organization\",\"name\":\"El digital de Asturias Radio\",\"description\":\"Diario de informaci\\u00f3n y noticias\",\"url\":\"https:\\\/\\\/eldigitaldeasturias.com\\\/radio\\\/\",\"telephone\":\"+34652131393\",\"logo\":{\"@type\":\"ImageObject\",\"url\":\"https:\\\/\\\/www.eldigitaldeasturias.com\\\/radio\\\/wp-content\\\/uploads\\\/2021\\\/03\\\/EDA.jpg\",\"@id\":\"https:\\\/\\\/eldigitaldeasturias.com\\\/radio\\\/ministro-aleman-planea-mas-competencias-de-policia-para-deportaciones\\\/#organizationLogo\"},\"image\":{\"@id\":\"https:\\\/\\\/eldigitaldeasturias.com\\\/radio\\\/ministro-aleman-planea-mas-competencias-de-policia-para-deportaciones\\\/#organizationLogo\"},\"sameAs\":[\"https:\\\/\\\/www.facebook.com\\\/\",\"https:\\\/\\\/x.com\\\/bercodi\",\"https:\\\/\\\/www.instagram.com\\\/\",\"https:\\\/\\\/www.youtube.com\\\/channel\\\/UCZP-2wLEB9Rv6erhFmqVnvg\"]},{\"@type\":\"Person\",\"@id\":\"https:\\\/\\\/eldigitaldeasturias.com\\\/radio\\\/author\\\/nbasturias\\\/#author\",\"url\":\"https:\\\/\\\/eldigitaldeasturias.com\\\/radio\\\/author\\\/nbasturias\\\/\",\"name\":\"NBAsturias\",\"image\":{\"@type\":\"ImageObject\",\"@id\":\"https:\\\/\\\/eldigitaldeasturias.com\\\/radio\\\/ministro-aleman-planea-mas-competencias-de-policia-para-deportaciones\\\/#authorImage\",\"url\":\"https:\\\/\\\/secure.gravatar.com\\\/avatar\\\/df2aeffc32bcd13f8d26072ef8a91b623d677766deac7f97ca815868cd41bf5e?s=96&d=mm&r=g\",\"width\":96,\"height\":96,\"caption\":\"NBAsturias\"}},{\"@type\":\"WebPage\",\"@id\":\"https:\\\/\\\/eldigitaldeasturias.com\\\/radio\\\/ministro-aleman-planea-mas-competencias-de-policia-para-deportaciones\\\/#webpage\",\"url\":\"https:\\\/\\\/eldigitaldeasturias.com\\\/radio\\\/ministro-aleman-planea-mas-competencias-de-policia-para-deportaciones\\\/\",\"name\":\"Ministro alem\\u00e1n planea m\\u00e1s competencias de Polic\\u00eda para deportaciones | El Digital de Asturias\",\"description\":\"Berl\\u00edn, 8 feb (dpa) - El ministro alem\\u00e1n del Interior, Horst Seehofer, quiere que la Polic\\u00eda Federal tenga m\\u00e1s competencias en el \\u00e1mbito de las expulsiones de extranjeros del pa\\u00eds, seg\\u00fan se desprende de un borrador sobre una nueva ley al que tuvo acceso dpa. El proyecto propone que los agentes federales puedan declararse responsables\",\"inLanguage\":\"es-ES\",\"isPartOf\":{\"@id\":\"https:\\\/\\\/eldigitaldeasturias.com\\\/radio\\\/#website\"},\"breadcrumb\":{\"@id\":\"https:\\\/\\\/eldigitaldeasturias.com\\\/radio\\\/ministro-aleman-planea-mas-competencias-de-policia-para-deportaciones\\\/#breadcrumblist\"},\"author\":{\"@id\":\"https:\\\/\\\/eldigitaldeasturias.com\\\/radio\\\/author\\\/nbasturias\\\/#author\"},\"creator\":{\"@id\":\"https:\\\/\\\/eldigitaldeasturias.com\\\/radio\\\/author\\\/nbasturias\\\/#author\"},\"image\":{\"@type\":\"ImageObject\",\"url\":\"https:\\\/\\\/eldigitaldeasturias.com\\\/radio\\\/wp-content\\\/uploads\\\/2018\\\/03\\\/technology-785742_1280.jpg\",\"@id\":\"https:\\\/\\\/eldigitaldeasturias.com\\\/radio\\\/ministro-aleman-planea-mas-competencias-de-policia-para-deportaciones\\\/#mainImage\",\"width\":1280,\"height\":853},\"primaryImageOfPage\":{\"@id\":\"https:\\\/\\\/eldigitaldeasturias.com\\\/radio\\\/ministro-aleman-planea-mas-competencias-de-policia-para-deportaciones\\\/#mainImage\"},\"datePublished\":\"2020-02-08T22:36:47+01:00\",\"dateModified\":\"2020-02-08T22:36:48+01:00\"},{\"@type\":\"WebSite\",\"@id\":\"https:\\\/\\\/eldigitaldeasturias.com\\\/radio\\\/#website\",\"url\":\"https:\\\/\\\/eldigitaldeasturias.com\\\/radio\\\/\",\"name\":\"El Digital de Asturias\",\"description\":\"Diario de informaci\\u00f3n y noticias\",\"inLanguage\":\"es-ES\",\"publisher\":{\"@id\":\"https:\\\/\\\/eldigitaldeasturias.com\\\/radio\\\/#organization\"}}]}\n\t\t<\/script>\n\t\t<!-- All in One SEO Pro -->\r\n\t\t<title>Ministro alem\u00e1n planea m\u00e1s competencias de Polic\u00eda para deportaciones | El Digital de Asturias<\/title>\n\n","aioseo_head_json":{"title":"Ministro alem\u00e1n planea m\u00e1s competencias de Polic\u00eda para deportaciones | El Digital de Asturias","description":"Berl\u00edn, 8 feb (dpa) - El ministro alem\u00e1n del Interior, Horst Seehofer, quiere que la Polic\u00eda Federal tenga m\u00e1s competencias en el \u00e1mbito de las expulsiones de extranjeros del pa\u00eds, seg\u00fan se desprende de un borrador sobre una nueva ley al que tuvo acceso dpa. El proyecto propone que los agentes federales puedan declararse responsables","canonical_url":"https:\/\/eldigitaldeasturias.com\/radio\/ministro-aleman-planea-mas-competencias-de-policia-para-deportaciones\/","robots":"max-image-preview:large","keywords":"noticias","webmasterTools":{"google-site-verification":"UA-38556648-1","miscellaneous":""},"schema":{"@context":"https:\/\/schema.org","@graph":[{"@type":"BreadcrumbList","@id":"https:\/\/eldigitaldeasturias.com\/radio\/ministro-aleman-planea-mas-competencias-de-policia-para-deportaciones\/#breadcrumblist","itemListElement":[{"@type":"ListItem","@id":"https:\/\/eldigitaldeasturias.com\/radio#listItem","position":1,"name":"Inicio","item":"https:\/\/eldigitaldeasturias.com\/radio","nextItem":{"@type":"ListItem","@id":"https:\/\/eldigitaldeasturias.com\/radio\/category\/noticias\/#listItem","name":"Noticias"}},{"@type":"ListItem","@id":"https:\/\/eldigitaldeasturias.com\/radio\/category\/noticias\/#listItem","position":2,"name":"Noticias","item":"https:\/\/eldigitaldeasturias.com\/radio\/category\/noticias\/","nextItem":{"@type":"ListItem","@id":"https:\/\/eldigitaldeasturias.com\/radio\/ministro-aleman-planea-mas-competencias-de-policia-para-deportaciones\/#listItem","name":"Ministro alem\u00e1n planea m\u00e1s competencias de Polic\u00eda para deportaciones"},"previousItem":{"@type":"ListItem","@id":"https:\/\/eldigitaldeasturias.com\/radio#listItem","name":"Inicio"}},{"@type":"ListItem","@id":"https:\/\/eldigitaldeasturias.com\/radio\/ministro-aleman-planea-mas-competencias-de-policia-para-deportaciones\/#listItem","position":3,"name":"Ministro alem\u00e1n planea m\u00e1s competencias de Polic\u00eda para deportaciones","previousItem":{"@type":"ListItem","@id":"https:\/\/eldigitaldeasturias.com\/radio\/category\/noticias\/#listItem","name":"Noticias"}}]},{"@type":"NewsArticle","@id":"https:\/\/eldigitaldeasturias.com\/radio\/ministro-aleman-planea-mas-competencias-de-policia-para-deportaciones\/#newsarticle","name":"Ministro alem\u00e1n planea m\u00e1s competencias de Polic\u00eda para deportaciones | El Digital de Asturias","headline":"Ministro alem\u00e1n planea m\u00e1s competencias de Polic\u00eda para deportaciones","author":{"@id":"https:\/\/eldigitaldeasturias.com\/radio\/author\/nbasturias\/#author"},"publisher":{"@id":"https:\/\/eldigitaldeasturias.com\/radio\/#organization"},"image":{"@type":"ImageObject","url":"https:\/\/eldigitaldeasturias.com\/radio\/wp-content\/uploads\/2018\/03\/technology-785742_1280.jpg","width":1280,"height":853},"datePublished":"2020-02-08T22:36:47+01:00","dateModified":"2020-02-08T22:36:48+01:00","inLanguage":"es-ES","mainEntityOfPage":{"@id":"https:\/\/eldigitaldeasturias.com\/radio\/ministro-aleman-planea-mas-competencias-de-policia-para-deportaciones\/#webpage"},"isPartOf":{"@id":"https:\/\/eldigitaldeasturias.com\/radio\/ministro-aleman-planea-mas-competencias-de-policia-para-deportaciones\/#webpage"},"articleSection":"Noticias","dateline":"Publicado el febrero 8, 2020."},{"@type":"Organization","@id":"https:\/\/eldigitaldeasturias.com\/radio\/#organization","name":"El digital de Asturias Radio","description":"Diario de informaci\u00f3n y noticias","url":"https:\/\/eldigitaldeasturias.com\/radio\/","telephone":"+34652131393","logo":{"@type":"ImageObject","url":"https:\/\/www.eldigitaldeasturias.com\/radio\/wp-content\/uploads\/2021\/03\/EDA.jpg","@id":"https:\/\/eldigitaldeasturias.com\/radio\/ministro-aleman-planea-mas-competencias-de-policia-para-deportaciones\/#organizationLogo"},"image":{"@id":"https:\/\/eldigitaldeasturias.com\/radio\/ministro-aleman-planea-mas-competencias-de-policia-para-deportaciones\/#organizationLogo"},"sameAs":["https:\/\/www.facebook.com\/","https:\/\/x.com\/bercodi","https:\/\/www.instagram.com\/","https:\/\/www.youtube.com\/channel\/UCZP-2wLEB9Rv6erhFmqVnvg"]},{"@type":"Person","@id":"https:\/\/eldigitaldeasturias.com\/radio\/author\/nbasturias\/#author","url":"https:\/\/eldigitaldeasturias.com\/radio\/author\/nbasturias\/","name":"NBAsturias","image":{"@type":"ImageObject","@id":"https:\/\/eldigitaldeasturias.com\/radio\/ministro-aleman-planea-mas-competencias-de-policia-para-deportaciones\/#authorImage","url":"https:\/\/secure.gravatar.com\/avatar\/df2aeffc32bcd13f8d26072ef8a91b623d677766deac7f97ca815868cd41bf5e?s=96&d=mm&r=g","width":96,"height":96,"caption":"NBAsturias"}},{"@type":"WebPage","@id":"https:\/\/eldigitaldeasturias.com\/radio\/ministro-aleman-planea-mas-competencias-de-policia-para-deportaciones\/#webpage","url":"https:\/\/eldigitaldeasturias.com\/radio\/ministro-aleman-planea-mas-competencias-de-policia-para-deportaciones\/","name":"Ministro alem\u00e1n planea m\u00e1s competencias de Polic\u00eda para deportaciones | El Digital de Asturias","description":"Berl\u00edn, 8 feb (dpa) - El ministro alem\u00e1n del Interior, Horst Seehofer, quiere que la Polic\u00eda Federal tenga m\u00e1s competencias en el \u00e1mbito de las expulsiones de extranjeros del pa\u00eds, seg\u00fan se desprende de un borrador sobre una nueva ley al que tuvo acceso dpa. El proyecto propone que los agentes federales puedan declararse responsables","inLanguage":"es-ES","isPartOf":{"@id":"https:\/\/eldigitaldeasturias.com\/radio\/#website"},"breadcrumb":{"@id":"https:\/\/eldigitaldeasturias.com\/radio\/ministro-aleman-planea-mas-competencias-de-policia-para-deportaciones\/#breadcrumblist"},"author":{"@id":"https:\/\/eldigitaldeasturias.com\/radio\/author\/nbasturias\/#author"},"creator":{"@id":"https:\/\/eldigitaldeasturias.com\/radio\/author\/nbasturias\/#author"},"image":{"@type":"ImageObject","url":"https:\/\/eldigitaldeasturias.com\/radio\/wp-content\/uploads\/2018\/03\/technology-785742_1280.jpg","@id":"https:\/\/eldigitaldeasturias.com\/radio\/ministro-aleman-planea-mas-competencias-de-policia-para-deportaciones\/#mainImage","width":1280,"height":853},"primaryImageOfPage":{"@id":"https:\/\/eldigitaldeasturias.com\/radio\/ministro-aleman-planea-mas-competencias-de-policia-para-deportaciones\/#mainImage"},"datePublished":"2020-02-08T22:36:47+01:00","dateModified":"2020-02-08T22:36:48+01:00"},{"@type":"WebSite","@id":"https:\/\/eldigitaldeasturias.com\/radio\/#website","url":"https:\/\/eldigitaldeasturias.com\/radio\/","name":"El Digital de Asturias","description":"Diario de informaci\u00f3n y noticias","inLanguage":"es-ES","publisher":{"@id":"https:\/\/eldigitaldeasturias.com\/radio\/#organization"}}]},"og:locale":"es_ES","og:site_name":"El Digital de Asturias | Diario de informaci\u00f3n y noticias","og:type":"article","og:title":"Ministro alem\u00e1n planea m\u00e1s competencias de Polic\u00eda para deportaciones | El Digital de Asturias","og:description":"Berl\u00edn, 8 feb (dpa) - El ministro alem\u00e1n del Interior, Horst Seehofer, quiere que la Polic\u00eda Federal tenga m\u00e1s competencias en el \u00e1mbito de las expulsiones de extranjeros del pa\u00eds, seg\u00fan se desprende de un borrador sobre una nueva ley al que tuvo acceso dpa. El proyecto propone que los agentes federales puedan declararse responsables","og:url":"https:\/\/eldigitaldeasturias.com\/radio\/ministro-aleman-planea-mas-competencias-de-policia-para-deportaciones\/","og:image":"https:\/\/eldigitaldeasturias.com\/radio\/wp-content\/uploads\/2018\/03\/technology-785742_1280.jpg","og:image:secure_url":"https:\/\/eldigitaldeasturias.com\/radio\/wp-content\/uploads\/2018\/03\/technology-785742_1280.jpg","og:image:width":1280,"og:image:height":853,"article:published_time":"2020-02-08T22:36:47+00:00","article:modified_time":"2020-02-08T22:36:48+00:00","twitter:card":"summary_large_image","twitter:site":"@bercodi","twitter:title":"Ministro alem\u00e1n planea m\u00e1s competencias de Polic\u00eda para deportaciones | El Digital de Asturias","twitter:description":"Berl\u00edn, 8 feb (dpa) - El ministro alem\u00e1n del Interior, Horst Seehofer, quiere que la Polic\u00eda Federal tenga m\u00e1s competencias en el \u00e1mbito de las expulsiones de extranjeros del pa\u00eds, seg\u00fan se desprende de un borrador sobre una nueva ley al que tuvo acceso dpa. El proyecto propone que los agentes federales puedan declararse responsables","twitter:creator":"@bercodi","twitter:image":"https:\/\/eldigitaldeasturias.com\/radio\/wp-content\/uploads\/2018\/03\/technology-785742_1280.jpg"},"aioseo_meta_data":{"post_id":"3925","title":null,"description":null,"keywords":null,"keyphrases":null,"primary_term":null,"canonical_url":null,"og_title":null,"og_description":null,"og_object_type":"default","og_image_type":"default","og_image_url":null,"og_image_width":null,"og_image_height":null,"og_image_custom_url":null,"og_image_custom_fields":null,"og_video":null,"og_custom_url":null,"og_article_section":null,"og_article_tags":null,"twitter_use_og":false,"twitter_card":"default","twitter_image_type":"default","twitter_image_url":null,"twitter_image_custom_url":null,"twitter_image_custom_fields":null,"twitter_title":null,"twitter_description":null,"schema":{"blockGraphs":[],"customGraphs":[],"default":{"data":{"Article":[],"Course":[],"Dataset":[],"FAQPage":[],"Movie":[],"Person":[],"Product":[],"ProductReview":[],"Car":[],"Recipe":[],"Service":[],"SoftwareApplication":[],"WebPage":[]},"graphName":"","isEnabled":true},"graphs":[],"defaultGraph":"","defaultPostTypeGraph":""},"schema_type":null,"schema_type_options":null,"pillar_content":false,"robots_default":true,"robots_noindex":false,"robots_noarchive":false,"robots_nosnippet":false,"robots_nofollow":false,"robots_noimageindex":false,"robots_noodp":false,"robots_notranslate":false,"robots_max_snippet":null,"robots_max_videopreview":null,"robots_max_imagepreview":"large","priority":null,"frequency":null,"location":null,"local_seo":null,"seo_analyzer_scan_date":"2025-08-28 15:05:48","breadcrumb_settings":null,"limit_modified_date":false,"open_ai":null,"ai":null,"created":"2021-03-29 17:09:06","updated":"2025-08-28 15:05:48"},"aioseo_breadcrumb":"<div class=\"aioseo-breadcrumbs\"><span class=\"aioseo-breadcrumb\">\n\t<a href=\"https:\/\/eldigitaldeasturias.com\/radio\" title=\"Inicio\">Inicio<\/a>\n<\/span><span class=\"aioseo-breadcrumb-separator\">&ndash;<\/span><span class=\"aioseo-breadcrumb\">\n\t<a href=\"https:\/\/eldigitaldeasturias.com\/radio\/category\/noticias\/\" title=\"Noticias\">Noticias<\/a>\n<\/span><span class=\"aioseo-breadcrumb-separator\">&ndash;<\/span><span class=\"aioseo-breadcrumb\">\n\tMinistro alem\u00e1n planea m\u00e1s competencias de Polic\u00eda para deportaciones\n<\/span><\/div>","aioseo_breadcrumb_json":[{"label":"Inicio","link":"https:\/\/eldigitaldeasturias.com\/radio"},{"label":"Noticias","link":"https:\/\/eldigitaldeasturias.com\/radio\/category\/noticias\/"},{"label":"Ministro alem\u00e1n planea m\u00e1s competencias de Polic\u00eda para deportaciones","link":"https:\/\/eldigitaldeasturias.com\/radio\/ministro-aleman-planea-mas-competencias-de-policia-para-deportaciones\/"}],"_links":{"self":[{"href":"https:\/\/eldigitaldeasturias.com\/radio\/wp-json\/wp\/v2\/posts\/3925","targetHints":{"allow":["GET"]}}],"collection":[{"href":"https:\/\/eldigitaldeasturias.com\/radio\/wp-json\/wp\/v2\/posts"}],"about":[{"href":"https:\/\/eldigitaldeasturias.com\/radio\/wp-json\/wp\/v2\/types\/post"}],"author":[{"embeddable":true,"href":"https:\/\/eldigitaldeasturias.com\/radio\/wp-json\/wp\/v2\/users\/1"}],"replies":[{"embeddable":true,"href":"https:\/\/eldigitaldeasturias.com\/radio\/wp-json\/wp\/v2\/comments?post=3925"}],"version-history":[{"count":0,"href":"https:\/\/eldigitaldeasturias.com\/radio\/wp-json\/wp\/v2\/posts\/3925\/revisions"}],"wp:featuredmedia":[{"embeddable":true,"href":"https:\/\/eldigitaldeasturias.com\/radio\/wp-json\/wp\/v2\/media\/242"}],"wp:attachment":[{"href":"https:\/\/eldigitaldeasturias.com\/radio\/wp-json\/wp\/v2\/media?parent=3925"}],"wp:term":[{"taxonomy":"category","embeddable":true,"href":"https:\/\/eldigitaldeasturias.com\/radio\/wp-json\/wp\/v2\/categories?post=3925"},{"taxonomy":"post_tag","embeddable":true,"href":"https:\/\/eldigitaldeasturias.com\/radio\/wp-json\/wp\/v2\/tags?post=3925"}],"curies":[{"name":"wp","href":"https:\/\/api.w.org\/{rel}","templated":true}]}}