{"id":3920,"date":"2020-02-08T22:32:49","date_gmt":"2020-02-08T22:32:49","guid":{"rendered":"http:\/\/www.eldigitaldeasturias.com\/radio\/?p=3920"},"modified":"2020-02-08T22:32:49","modified_gmt":"2020-02-08T22:32:49","slug":"investigadores-reconstruyen-brote-de-coronavirus-en-alemania","status":"publish","type":"post","link":"https:\/\/eldigitaldeasturias.com\/radio\/investigadores-reconstruyen-brote-de-coronavirus-en-alemania\/","title":{"rendered":"Investigadores reconstruyen brote de coronavirus en Alemania"},"content":{"rendered":"<p>M\u00fanich, 7 feb (dpa) &#8211; Un grupo de investigadores alemanes logr\u00f3 reconstruir en detalle las primeras infecciones con el nuevo coronavirus en el estado federado de Baviera, seg\u00fan revela hoy la publicaci\u00f3n \u00abNew England Journal of Medicine\u00bb (\u00abNEJM\u00bb).<\/p>\n<p>El equipo dirigido por Camilla Rothe, del Hospital Universitario de M\u00fanich, destaca dos particularidades: en primer lugar, que la ciudadana china que caus\u00f3 el brote no presentaba s\u00edntomas durante su estad\u00eda en Alemania. Y en segundo lugar, que existe la posibilidad de que las personas sigan siendo un foco infeccioso a\u00fan despu\u00e9s de su recuperaci\u00f3n.<\/p>\n<p>La fuente del agente pat\u00f3geno en Alemania fue -como ya se sabe- una mujer de Shanghai, que visit\u00f3 al proveedor de autom\u00f3viles Webasto en Baviera del 19 al 22 de enero y particip\u00f3 en reuniones de la empresa.<\/p>\n<p>Seg\u00fan los cient\u00edficos, la mujer se\u00f1al\u00f3, en interrogatorios posteriores, que ya se sinti\u00f3 con temperatura un poco alta el 20 de enero, pero no con fiebre. Para estar bien el d\u00eda siguiente, la mujer dijo haber tomado una pastilla.<\/p>\n<p>Describi\u00f3 adem\u00e1s que el d\u00eda 21 se sinti\u00f3 cansada por la tarde y ten\u00eda ligeros dolores musculares, y que el d\u00eda de su partida de Alemania sinti\u00f3 fr\u00edo en su ropa de trabajo, por lo que se puso una bufanda.<\/p>\n<p>Reci\u00e9n se sinti\u00f3 realmente enferma en la noche del 23 de enero y midi\u00f3 38 grados de temperatura, que al d\u00eda siguiente ascendieron a 38,7. De acuerdo con los investigadores, la mujer dio positivo con el coronavirus el 26 de enero.<\/p>\n<p>El 27 de enero inform\u00f3 a la compa\u00f1\u00eda sobre su enfermedad por lo cual fueron examinados sus contactos, tambi\u00e9n en Baviera.<\/p>\n<p>Seg\u00fan el informe, el 24 de enero, el primer paciente alem\u00e1n, un empleado de Webasto de 33 a\u00f1os, empez\u00f3 a tener dolor de garganta, escalofr\u00edos y dolor muscular. Un d\u00eda despu\u00e9s, comenz\u00f3 a tener tos y hasta 39,1 grados de fiebre. En la tarde del 26 de enero se sinti\u00f3 mejor y regres\u00f3 al trabajo el 27 de enero, antes de que se le detectara el agente pat\u00f3geno.<\/p>\n<p>El 28 de enero, otros tres empleados de la empresa dieron positivo, pero solo uno de ellos hab\u00eda tenido contacto con la mujer china, se\u00f1ala el informe. Los otros dos empleados se hab\u00edan contagiado del hombre de 33 a\u00f1os. <\/p>\n<p>La mujer china probablemente infect\u00f3 a los primeros pacientes alemanes durante su per\u00edodo de incubaci\u00f3n, es decir, antes de que aparecieran los s\u00edntomas, se\u00f1ala el equipo, que incluye m\u00e9dicos de M\u00fanich y al experto en coronavirus Christian Drosten del hospital Charit\u00e9 de Berl\u00edn.<\/p>\n<p>Adem\u00e1s, se detect\u00f3 genoma del coronavirus en el paciente de 33 a\u00f1os cuando este ya se sent\u00eda bien de nuevo. <\/p>\n<p>\u00abEl hecho de que personas sin s\u00edntomas fueran una posible fuente de la infecci\u00f3n 2019-nCoV puede justificar una reevaluaci\u00f3n de la din\u00e1mica de transmisi\u00f3n del brote actual\u00bb, destaca el informe (https:\/\/www.nejm.org\/doi\/full\/10.1056\/NEJMc2001468).<\/p>\n<p>\u00abEn este contexto, la detecci\u00f3n del 2019-nCoV y una alta carga viral en el esputo de un paciente recuperado plantea la preocupaci\u00f3n de que el coronavirus 2019-nCoV se propague despu\u00e9s de la recuperaci\u00f3n\u00bb, agregan los expertos.<\/p>\n<p>Sin embargo, el equipo subraya que la capacidad de los virus detectados a\u00fan debe ser examinada en laboratorio.<\/p>\n<p>Los investigadores informan que los cuatro pacientes alemanes descritos en el estudio solo tuvieron s\u00edntomas leves y que solo hab\u00edan sido tratados en hospitales a causa de la preocupaci\u00f3n por la salud p\u00fablica general. <\/p>\n<p>Hasta ahora se detectaron 13 casos en Alemania, de los cuales once est\u00e1n relacionados con el brote descrito en Baviera. Otras dos personas, que fueron tra\u00eddas de China, est\u00e1n siendo tratadas en la ciudad de Fr\u00e1ncfort.<\/p>\n","protected":false},"excerpt":{"rendered":"<p>M\u00fanich, 7 feb (dpa) &#8211; Un grupo de investigadores alemanes logr\u00f3 reconstruir en detalle las primeras infecciones con el nuevo coronavirus en el estado federado de Baviera, seg\u00fan revela hoy la publicaci\u00f3n \u00abNew England Journal of Medicine\u00bb (\u00abNEJM\u00bb). El equipo dirigido por Camilla Rothe, del Hospital Universitario de M\u00fanich, destaca dos particularidades: en primer lugar,<\/p>\n","protected":false},"author":1,"featured_media":2992,"comment_status":"closed","ping_status":"closed","sticky":false,"template":"","format":"standard","meta":{"footnotes":""},"categories":[1],"tags":[],"class_list":{"0":"post-3920","1":"post","2":"type-post","3":"status-publish","4":"format-standard","5":"has-post-thumbnail","7":"category-noticias"},"aioseo_notices":[],"aioseo_head":"\n\t\t<!-- All in One SEO Pro 4.9.6.2 - aioseo.com -->\n\t<meta name=\"description\" content=\"M\u00fanich, 7 feb (dpa) - Un grupo de investigadores alemanes logr\u00f3 reconstruir en detalle las primeras infecciones con el nuevo coronavirus en el estado federado de Baviera, seg\u00fan revela hoy la publicaci\u00f3n &quot;New England Journal of Medicine&quot; (&quot;NEJM&quot;). El equipo dirigido por Camilla Rothe, del Hospital Universitario de M\u00fanich, destaca dos particularidades: en primer lugar,\" \/>\n\t<meta name=\"robots\" content=\"max-image-preview:large\" \/>\n\t<meta name=\"author\" content=\"NBAsturias\"\/>\n\t<meta name=\"google-site-verification\" content=\"UA-38556648-1\" \/>\n\t<meta name=\"keywords\" content=\"noticias\" \/>\n\t<link rel=\"canonical\" href=\"https:\/\/eldigitaldeasturias.com\/radio\/investigadores-reconstruyen-brote-de-coronavirus-en-alemania\/\" \/>\n\t<meta name=\"generator\" content=\"All in One SEO Pro (AIOSEO) 4.9.6.2\" \/>\n\t\t<meta property=\"og:locale\" content=\"es_ES\" \/>\n\t\t<meta property=\"og:site_name\" content=\"El Digital de Asturias | Diario de informaci\u00f3n y noticias\" \/>\n\t\t<meta property=\"og:type\" content=\"article\" \/>\n\t\t<meta property=\"og:title\" content=\"Investigadores reconstruyen brote de coronavirus en Alemania | El Digital de Asturias\" \/>\n\t\t<meta property=\"og:description\" content=\"M\u00fanich, 7 feb (dpa) - Un grupo de investigadores alemanes logr\u00f3 reconstruir en detalle las primeras infecciones con el nuevo coronavirus en el estado federado de Baviera, seg\u00fan revela hoy la publicaci\u00f3n &quot;New England Journal of Medicine&quot; (&quot;NEJM&quot;). El equipo dirigido por Camilla Rothe, del Hospital Universitario de M\u00fanich, destaca dos particularidades: en primer lugar,\" \/>\n\t\t<meta property=\"og:url\" content=\"https:\/\/eldigitaldeasturias.com\/radio\/investigadores-reconstruyen-brote-de-coronavirus-en-alemania\/\" \/>\n\t\t<meta property=\"og:image\" content=\"https:\/\/eldigitaldeasturias.com\/radio\/wp-content\/uploads\/2019\/08\/pedestrians-400811_960_720.jpg\" \/>\n\t\t<meta property=\"og:image:secure_url\" content=\"https:\/\/eldigitaldeasturias.com\/radio\/wp-content\/uploads\/2019\/08\/pedestrians-400811_960_720.jpg\" \/>\n\t\t<meta property=\"og:image:width\" content=\"960\" \/>\n\t\t<meta property=\"og:image:height\" content=\"635\" \/>\n\t\t<meta property=\"article:published_time\" content=\"2020-02-08T22:32:49+00:00\" \/>\n\t\t<meta property=\"article:modified_time\" content=\"2020-02-08T22:32:49+00:00\" \/>\n\t\t<meta name=\"twitter:card\" content=\"summary_large_image\" \/>\n\t\t<meta name=\"twitter:site\" content=\"@bercodi\" \/>\n\t\t<meta name=\"twitter:title\" content=\"Investigadores reconstruyen brote de coronavirus en Alemania | El Digital de Asturias\" \/>\n\t\t<meta name=\"twitter:description\" content=\"M\u00fanich, 7 feb (dpa) - Un grupo de investigadores alemanes logr\u00f3 reconstruir en detalle las primeras infecciones con el nuevo coronavirus en el estado federado de Baviera, seg\u00fan revela hoy la publicaci\u00f3n &quot;New England Journal of Medicine&quot; (&quot;NEJM&quot;). El equipo dirigido por Camilla Rothe, del Hospital Universitario de M\u00fanich, destaca dos particularidades: en primer lugar,\" \/>\n\t\t<meta name=\"twitter:creator\" content=\"@bercodi\" \/>\n\t\t<meta name=\"twitter:image\" content=\"https:\/\/eldigitaldeasturias.com\/radio\/wp-content\/uploads\/2019\/08\/pedestrians-400811_960_720.jpg\" \/>\n\t\t<script type=\"application\/ld+json\" class=\"aioseo-schema\">\n\t\t\t{\"@context\":\"https:\\\/\\\/schema.org\",\"@graph\":[{\"@type\":\"BreadcrumbList\",\"@id\":\"https:\\\/\\\/eldigitaldeasturias.com\\\/radio\\\/investigadores-reconstruyen-brote-de-coronavirus-en-alemania\\\/#breadcrumblist\",\"itemListElement\":[{\"@type\":\"ListItem\",\"@id\":\"https:\\\/\\\/eldigitaldeasturias.com\\\/radio#listItem\",\"position\":1,\"name\":\"Inicio\",\"item\":\"https:\\\/\\\/eldigitaldeasturias.com\\\/radio\",\"nextItem\":{\"@type\":\"ListItem\",\"@id\":\"https:\\\/\\\/eldigitaldeasturias.com\\\/radio\\\/category\\\/noticias\\\/#listItem\",\"name\":\"Noticias\"}},{\"@type\":\"ListItem\",\"@id\":\"https:\\\/\\\/eldigitaldeasturias.com\\\/radio\\\/category\\\/noticias\\\/#listItem\",\"position\":2,\"name\":\"Noticias\",\"item\":\"https:\\\/\\\/eldigitaldeasturias.com\\\/radio\\\/category\\\/noticias\\\/\",\"nextItem\":{\"@type\":\"ListItem\",\"@id\":\"https:\\\/\\\/eldigitaldeasturias.com\\\/radio\\\/investigadores-reconstruyen-brote-de-coronavirus-en-alemania\\\/#listItem\",\"name\":\"Investigadores reconstruyen brote de coronavirus en Alemania\"},\"previousItem\":{\"@type\":\"ListItem\",\"@id\":\"https:\\\/\\\/eldigitaldeasturias.com\\\/radio#listItem\",\"name\":\"Inicio\"}},{\"@type\":\"ListItem\",\"@id\":\"https:\\\/\\\/eldigitaldeasturias.com\\\/radio\\\/investigadores-reconstruyen-brote-de-coronavirus-en-alemania\\\/#listItem\",\"position\":3,\"name\":\"Investigadores reconstruyen brote de coronavirus en Alemania\",\"previousItem\":{\"@type\":\"ListItem\",\"@id\":\"https:\\\/\\\/eldigitaldeasturias.com\\\/radio\\\/category\\\/noticias\\\/#listItem\",\"name\":\"Noticias\"}}]},{\"@type\":\"NewsArticle\",\"@id\":\"https:\\\/\\\/eldigitaldeasturias.com\\\/radio\\\/investigadores-reconstruyen-brote-de-coronavirus-en-alemania\\\/#newsarticle\",\"name\":\"Investigadores reconstruyen brote de coronavirus en Alemania | El Digital de Asturias\",\"headline\":\"Investigadores reconstruyen brote de coronavirus en Alemania\",\"author\":{\"@id\":\"https:\\\/\\\/eldigitaldeasturias.com\\\/radio\\\/author\\\/nbasturias\\\/#author\"},\"publisher\":{\"@id\":\"https:\\\/\\\/eldigitaldeasturias.com\\\/radio\\\/#organization\"},\"image\":{\"@type\":\"ImageObject\",\"url\":\"https:\\\/\\\/eldigitaldeasturias.com\\\/radio\\\/wp-content\\\/uploads\\\/2019\\\/08\\\/pedestrians-400811_960_720.jpg\",\"width\":960,\"height\":635},\"datePublished\":\"2020-02-08T22:32:49+01:00\",\"dateModified\":\"2020-02-08T22:32:49+01:00\",\"inLanguage\":\"es-ES\",\"mainEntityOfPage\":{\"@id\":\"https:\\\/\\\/eldigitaldeasturias.com\\\/radio\\\/investigadores-reconstruyen-brote-de-coronavirus-en-alemania\\\/#webpage\"},\"isPartOf\":{\"@id\":\"https:\\\/\\\/eldigitaldeasturias.com\\\/radio\\\/investigadores-reconstruyen-brote-de-coronavirus-en-alemania\\\/#webpage\"},\"articleSection\":\"Noticias\",\"dateline\":\"Publicado el febrero 8, 2020.\"},{\"@type\":\"Organization\",\"@id\":\"https:\\\/\\\/eldigitaldeasturias.com\\\/radio\\\/#organization\",\"name\":\"El digital de Asturias Radio\",\"description\":\"Diario de informaci\\u00f3n y noticias\",\"url\":\"https:\\\/\\\/eldigitaldeasturias.com\\\/radio\\\/\",\"telephone\":\"+34652131393\",\"logo\":{\"@type\":\"ImageObject\",\"url\":\"https:\\\/\\\/www.eldigitaldeasturias.com\\\/radio\\\/wp-content\\\/uploads\\\/2021\\\/03\\\/EDA.jpg\",\"@id\":\"https:\\\/\\\/eldigitaldeasturias.com\\\/radio\\\/investigadores-reconstruyen-brote-de-coronavirus-en-alemania\\\/#organizationLogo\"},\"image\":{\"@id\":\"https:\\\/\\\/eldigitaldeasturias.com\\\/radio\\\/investigadores-reconstruyen-brote-de-coronavirus-en-alemania\\\/#organizationLogo\"},\"sameAs\":[\"https:\\\/\\\/www.facebook.com\\\/\",\"https:\\\/\\\/x.com\\\/bercodi\",\"https:\\\/\\\/www.instagram.com\\\/\",\"https:\\\/\\\/www.youtube.com\\\/channel\\\/UCZP-2wLEB9Rv6erhFmqVnvg\"]},{\"@type\":\"Person\",\"@id\":\"https:\\\/\\\/eldigitaldeasturias.com\\\/radio\\\/author\\\/nbasturias\\\/#author\",\"url\":\"https:\\\/\\\/eldigitaldeasturias.com\\\/radio\\\/author\\\/nbasturias\\\/\",\"name\":\"NBAsturias\",\"image\":{\"@type\":\"ImageObject\",\"@id\":\"https:\\\/\\\/eldigitaldeasturias.com\\\/radio\\\/investigadores-reconstruyen-brote-de-coronavirus-en-alemania\\\/#authorImage\",\"url\":\"https:\\\/\\\/secure.gravatar.com\\\/avatar\\\/df2aeffc32bcd13f8d26072ef8a91b623d677766deac7f97ca815868cd41bf5e?s=96&d=mm&r=g\",\"width\":96,\"height\":96,\"caption\":\"NBAsturias\"}},{\"@type\":\"WebPage\",\"@id\":\"https:\\\/\\\/eldigitaldeasturias.com\\\/radio\\\/investigadores-reconstruyen-brote-de-coronavirus-en-alemania\\\/#webpage\",\"url\":\"https:\\\/\\\/eldigitaldeasturias.com\\\/radio\\\/investigadores-reconstruyen-brote-de-coronavirus-en-alemania\\\/\",\"name\":\"Investigadores reconstruyen brote de coronavirus en Alemania | El Digital de Asturias\",\"description\":\"M\\u00fanich, 7 feb (dpa) - Un grupo de investigadores alemanes logr\\u00f3 reconstruir en detalle las primeras infecciones con el nuevo coronavirus en el estado federado de Baviera, seg\\u00fan revela hoy la publicaci\\u00f3n \\\"New England Journal of Medicine\\\" (\\\"NEJM\\\"). El equipo dirigido por Camilla Rothe, del Hospital Universitario de M\\u00fanich, destaca dos particularidades: en primer lugar,\",\"inLanguage\":\"es-ES\",\"isPartOf\":{\"@id\":\"https:\\\/\\\/eldigitaldeasturias.com\\\/radio\\\/#website\"},\"breadcrumb\":{\"@id\":\"https:\\\/\\\/eldigitaldeasturias.com\\\/radio\\\/investigadores-reconstruyen-brote-de-coronavirus-en-alemania\\\/#breadcrumblist\"},\"author\":{\"@id\":\"https:\\\/\\\/eldigitaldeasturias.com\\\/radio\\\/author\\\/nbasturias\\\/#author\"},\"creator\":{\"@id\":\"https:\\\/\\\/eldigitaldeasturias.com\\\/radio\\\/author\\\/nbasturias\\\/#author\"},\"image\":{\"@type\":\"ImageObject\",\"url\":\"https:\\\/\\\/eldigitaldeasturias.com\\\/radio\\\/wp-content\\\/uploads\\\/2019\\\/08\\\/pedestrians-400811_960_720.jpg\",\"@id\":\"https:\\\/\\\/eldigitaldeasturias.com\\\/radio\\\/investigadores-reconstruyen-brote-de-coronavirus-en-alemania\\\/#mainImage\",\"width\":960,\"height\":635},\"primaryImageOfPage\":{\"@id\":\"https:\\\/\\\/eldigitaldeasturias.com\\\/radio\\\/investigadores-reconstruyen-brote-de-coronavirus-en-alemania\\\/#mainImage\"},\"datePublished\":\"2020-02-08T22:32:49+01:00\",\"dateModified\":\"2020-02-08T22:32:49+01:00\"},{\"@type\":\"WebSite\",\"@id\":\"https:\\\/\\\/eldigitaldeasturias.com\\\/radio\\\/#website\",\"url\":\"https:\\\/\\\/eldigitaldeasturias.com\\\/radio\\\/\",\"name\":\"El Digital de Asturias\",\"description\":\"Diario de informaci\\u00f3n y noticias\",\"inLanguage\":\"es-ES\",\"publisher\":{\"@id\":\"https:\\\/\\\/eldigitaldeasturias.com\\\/radio\\\/#organization\"}}]}\n\t\t<\/script>\n\t\t<!-- All in One SEO Pro -->\r\n\t\t<title>Investigadores reconstruyen brote de coronavirus en Alemania | El Digital de Asturias<\/title>\n\n","aioseo_head_json":{"title":"Investigadores reconstruyen brote de coronavirus en Alemania | El Digital de Asturias","description":"M\u00fanich, 7 feb (dpa) - Un grupo de investigadores alemanes logr\u00f3 reconstruir en detalle las primeras infecciones con el nuevo coronavirus en el estado federado de Baviera, seg\u00fan revela hoy la publicaci\u00f3n \"New England Journal of Medicine\" (\"NEJM\"). El equipo dirigido por Camilla Rothe, del Hospital Universitario de M\u00fanich, destaca dos particularidades: en primer lugar,","canonical_url":"https:\/\/eldigitaldeasturias.com\/radio\/investigadores-reconstruyen-brote-de-coronavirus-en-alemania\/","robots":"max-image-preview:large","keywords":"noticias","webmasterTools":{"google-site-verification":"UA-38556648-1","miscellaneous":""},"schema":{"@context":"https:\/\/schema.org","@graph":[{"@type":"BreadcrumbList","@id":"https:\/\/eldigitaldeasturias.com\/radio\/investigadores-reconstruyen-brote-de-coronavirus-en-alemania\/#breadcrumblist","itemListElement":[{"@type":"ListItem","@id":"https:\/\/eldigitaldeasturias.com\/radio#listItem","position":1,"name":"Inicio","item":"https:\/\/eldigitaldeasturias.com\/radio","nextItem":{"@type":"ListItem","@id":"https:\/\/eldigitaldeasturias.com\/radio\/category\/noticias\/#listItem","name":"Noticias"}},{"@type":"ListItem","@id":"https:\/\/eldigitaldeasturias.com\/radio\/category\/noticias\/#listItem","position":2,"name":"Noticias","item":"https:\/\/eldigitaldeasturias.com\/radio\/category\/noticias\/","nextItem":{"@type":"ListItem","@id":"https:\/\/eldigitaldeasturias.com\/radio\/investigadores-reconstruyen-brote-de-coronavirus-en-alemania\/#listItem","name":"Investigadores reconstruyen brote de coronavirus en Alemania"},"previousItem":{"@type":"ListItem","@id":"https:\/\/eldigitaldeasturias.com\/radio#listItem","name":"Inicio"}},{"@type":"ListItem","@id":"https:\/\/eldigitaldeasturias.com\/radio\/investigadores-reconstruyen-brote-de-coronavirus-en-alemania\/#listItem","position":3,"name":"Investigadores reconstruyen brote de coronavirus en Alemania","previousItem":{"@type":"ListItem","@id":"https:\/\/eldigitaldeasturias.com\/radio\/category\/noticias\/#listItem","name":"Noticias"}}]},{"@type":"NewsArticle","@id":"https:\/\/eldigitaldeasturias.com\/radio\/investigadores-reconstruyen-brote-de-coronavirus-en-alemania\/#newsarticle","name":"Investigadores reconstruyen brote de coronavirus en Alemania | El Digital de Asturias","headline":"Investigadores reconstruyen brote de coronavirus en Alemania","author":{"@id":"https:\/\/eldigitaldeasturias.com\/radio\/author\/nbasturias\/#author"},"publisher":{"@id":"https:\/\/eldigitaldeasturias.com\/radio\/#organization"},"image":{"@type":"ImageObject","url":"https:\/\/eldigitaldeasturias.com\/radio\/wp-content\/uploads\/2019\/08\/pedestrians-400811_960_720.jpg","width":960,"height":635},"datePublished":"2020-02-08T22:32:49+01:00","dateModified":"2020-02-08T22:32:49+01:00","inLanguage":"es-ES","mainEntityOfPage":{"@id":"https:\/\/eldigitaldeasturias.com\/radio\/investigadores-reconstruyen-brote-de-coronavirus-en-alemania\/#webpage"},"isPartOf":{"@id":"https:\/\/eldigitaldeasturias.com\/radio\/investigadores-reconstruyen-brote-de-coronavirus-en-alemania\/#webpage"},"articleSection":"Noticias","dateline":"Publicado el febrero 8, 2020."},{"@type":"Organization","@id":"https:\/\/eldigitaldeasturias.com\/radio\/#organization","name":"El digital de Asturias Radio","description":"Diario de informaci\u00f3n y noticias","url":"https:\/\/eldigitaldeasturias.com\/radio\/","telephone":"+34652131393","logo":{"@type":"ImageObject","url":"https:\/\/www.eldigitaldeasturias.com\/radio\/wp-content\/uploads\/2021\/03\/EDA.jpg","@id":"https:\/\/eldigitaldeasturias.com\/radio\/investigadores-reconstruyen-brote-de-coronavirus-en-alemania\/#organizationLogo"},"image":{"@id":"https:\/\/eldigitaldeasturias.com\/radio\/investigadores-reconstruyen-brote-de-coronavirus-en-alemania\/#organizationLogo"},"sameAs":["https:\/\/www.facebook.com\/","https:\/\/x.com\/bercodi","https:\/\/www.instagram.com\/","https:\/\/www.youtube.com\/channel\/UCZP-2wLEB9Rv6erhFmqVnvg"]},{"@type":"Person","@id":"https:\/\/eldigitaldeasturias.com\/radio\/author\/nbasturias\/#author","url":"https:\/\/eldigitaldeasturias.com\/radio\/author\/nbasturias\/","name":"NBAsturias","image":{"@type":"ImageObject","@id":"https:\/\/eldigitaldeasturias.com\/radio\/investigadores-reconstruyen-brote-de-coronavirus-en-alemania\/#authorImage","url":"https:\/\/secure.gravatar.com\/avatar\/df2aeffc32bcd13f8d26072ef8a91b623d677766deac7f97ca815868cd41bf5e?s=96&d=mm&r=g","width":96,"height":96,"caption":"NBAsturias"}},{"@type":"WebPage","@id":"https:\/\/eldigitaldeasturias.com\/radio\/investigadores-reconstruyen-brote-de-coronavirus-en-alemania\/#webpage","url":"https:\/\/eldigitaldeasturias.com\/radio\/investigadores-reconstruyen-brote-de-coronavirus-en-alemania\/","name":"Investigadores reconstruyen brote de coronavirus en Alemania | El Digital de Asturias","description":"M\u00fanich, 7 feb (dpa) - Un grupo de investigadores alemanes logr\u00f3 reconstruir en detalle las primeras infecciones con el nuevo coronavirus en el estado federado de Baviera, seg\u00fan revela hoy la publicaci\u00f3n \"New England Journal of Medicine\" (\"NEJM\"). El equipo dirigido por Camilla Rothe, del Hospital Universitario de M\u00fanich, destaca dos particularidades: en primer lugar,","inLanguage":"es-ES","isPartOf":{"@id":"https:\/\/eldigitaldeasturias.com\/radio\/#website"},"breadcrumb":{"@id":"https:\/\/eldigitaldeasturias.com\/radio\/investigadores-reconstruyen-brote-de-coronavirus-en-alemania\/#breadcrumblist"},"author":{"@id":"https:\/\/eldigitaldeasturias.com\/radio\/author\/nbasturias\/#author"},"creator":{"@id":"https:\/\/eldigitaldeasturias.com\/radio\/author\/nbasturias\/#author"},"image":{"@type":"ImageObject","url":"https:\/\/eldigitaldeasturias.com\/radio\/wp-content\/uploads\/2019\/08\/pedestrians-400811_960_720.jpg","@id":"https:\/\/eldigitaldeasturias.com\/radio\/investigadores-reconstruyen-brote-de-coronavirus-en-alemania\/#mainImage","width":960,"height":635},"primaryImageOfPage":{"@id":"https:\/\/eldigitaldeasturias.com\/radio\/investigadores-reconstruyen-brote-de-coronavirus-en-alemania\/#mainImage"},"datePublished":"2020-02-08T22:32:49+01:00","dateModified":"2020-02-08T22:32:49+01:00"},{"@type":"WebSite","@id":"https:\/\/eldigitaldeasturias.com\/radio\/#website","url":"https:\/\/eldigitaldeasturias.com\/radio\/","name":"El Digital de Asturias","description":"Diario de informaci\u00f3n y noticias","inLanguage":"es-ES","publisher":{"@id":"https:\/\/eldigitaldeasturias.com\/radio\/#organization"}}]},"og:locale":"es_ES","og:site_name":"El Digital de Asturias | Diario de informaci\u00f3n y noticias","og:type":"article","og:title":"Investigadores reconstruyen brote de coronavirus en Alemania | El Digital de Asturias","og:description":"M\u00fanich, 7 feb (dpa) - Un grupo de investigadores alemanes logr\u00f3 reconstruir en detalle las primeras infecciones con el nuevo coronavirus en el estado federado de Baviera, seg\u00fan revela hoy la publicaci\u00f3n &quot;New England Journal of Medicine&quot; (&quot;NEJM&quot;). El equipo dirigido por Camilla Rothe, del Hospital Universitario de M\u00fanich, destaca dos particularidades: en primer lugar,","og:url":"https:\/\/eldigitaldeasturias.com\/radio\/investigadores-reconstruyen-brote-de-coronavirus-en-alemania\/","og:image":"https:\/\/eldigitaldeasturias.com\/radio\/wp-content\/uploads\/2019\/08\/pedestrians-400811_960_720.jpg","og:image:secure_url":"https:\/\/eldigitaldeasturias.com\/radio\/wp-content\/uploads\/2019\/08\/pedestrians-400811_960_720.jpg","og:image:width":960,"og:image:height":635,"article:published_time":"2020-02-08T22:32:49+00:00","article:modified_time":"2020-02-08T22:32:49+00:00","twitter:card":"summary_large_image","twitter:site":"@bercodi","twitter:title":"Investigadores reconstruyen brote de coronavirus en Alemania | El Digital de Asturias","twitter:description":"M\u00fanich, 7 feb (dpa) - Un grupo de investigadores alemanes logr\u00f3 reconstruir en detalle las primeras infecciones con el nuevo coronavirus en el estado federado de Baviera, seg\u00fan revela hoy la publicaci\u00f3n &quot;New England Journal of Medicine&quot; (&quot;NEJM&quot;). El equipo dirigido por Camilla Rothe, del Hospital Universitario de M\u00fanich, destaca dos particularidades: en primer lugar,","twitter:creator":"@bercodi","twitter:image":"https:\/\/eldigitaldeasturias.com\/radio\/wp-content\/uploads\/2019\/08\/pedestrians-400811_960_720.jpg"},"aioseo_meta_data":{"post_id":"3920","title":null,"description":null,"keywords":null,"keyphrases":null,"primary_term":null,"canonical_url":null,"og_title":null,"og_description":null,"og_object_type":"default","og_image_type":"default","og_image_url":null,"og_image_width":null,"og_image_height":null,"og_image_custom_url":null,"og_image_custom_fields":null,"og_video":null,"og_custom_url":null,"og_article_section":null,"og_article_tags":null,"twitter_use_og":false,"twitter_card":"default","twitter_image_type":"default","twitter_image_url":null,"twitter_image_custom_url":null,"twitter_image_custom_fields":null,"twitter_title":null,"twitter_description":null,"schema":{"blockGraphs":[],"customGraphs":[],"default":{"data":{"Article":[],"Course":[],"Dataset":[],"FAQPage":[],"Movie":[],"Person":[],"Product":[],"ProductReview":[],"Car":[],"Recipe":[],"Service":[],"SoftwareApplication":[],"WebPage":[]},"graphName":"","isEnabled":true},"graphs":[],"defaultGraph":"","defaultPostTypeGraph":""},"schema_type":null,"schema_type_options":null,"pillar_content":false,"robots_default":true,"robots_noindex":false,"robots_noarchive":false,"robots_nosnippet":false,"robots_nofollow":false,"robots_noimageindex":false,"robots_noodp":false,"robots_notranslate":false,"robots_max_snippet":null,"robots_max_videopreview":null,"robots_max_imagepreview":"large","priority":null,"frequency":null,"location":null,"local_seo":null,"seo_analyzer_scan_date":"2025-08-28 15:05:46","breadcrumb_settings":null,"limit_modified_date":false,"open_ai":null,"ai":null,"created":"2021-03-27 00:16:47","updated":"2025-08-28 15:05:46"},"aioseo_breadcrumb":"<div class=\"aioseo-breadcrumbs\"><span class=\"aioseo-breadcrumb\">\n\t<a href=\"https:\/\/eldigitaldeasturias.com\/radio\" title=\"Inicio\">Inicio<\/a>\n<\/span><span class=\"aioseo-breadcrumb-separator\">&ndash;<\/span><span class=\"aioseo-breadcrumb\">\n\t<a href=\"https:\/\/eldigitaldeasturias.com\/radio\/category\/noticias\/\" title=\"Noticias\">Noticias<\/a>\n<\/span><span class=\"aioseo-breadcrumb-separator\">&ndash;<\/span><span class=\"aioseo-breadcrumb\">\n\tInvestigadores reconstruyen brote de coronavirus en Alemania\n<\/span><\/div>","aioseo_breadcrumb_json":[{"label":"Inicio","link":"https:\/\/eldigitaldeasturias.com\/radio"},{"label":"Noticias","link":"https:\/\/eldigitaldeasturias.com\/radio\/category\/noticias\/"},{"label":"Investigadores reconstruyen brote de coronavirus en Alemania","link":"https:\/\/eldigitaldeasturias.com\/radio\/investigadores-reconstruyen-brote-de-coronavirus-en-alemania\/"}],"_links":{"self":[{"href":"https:\/\/eldigitaldeasturias.com\/radio\/wp-json\/wp\/v2\/posts\/3920","targetHints":{"allow":["GET"]}}],"collection":[{"href":"https:\/\/eldigitaldeasturias.com\/radio\/wp-json\/wp\/v2\/posts"}],"about":[{"href":"https:\/\/eldigitaldeasturias.com\/radio\/wp-json\/wp\/v2\/types\/post"}],"author":[{"embeddable":true,"href":"https:\/\/eldigitaldeasturias.com\/radio\/wp-json\/wp\/v2\/users\/1"}],"replies":[{"embeddable":true,"href":"https:\/\/eldigitaldeasturias.com\/radio\/wp-json\/wp\/v2\/comments?post=3920"}],"version-history":[{"count":0,"href":"https:\/\/eldigitaldeasturias.com\/radio\/wp-json\/wp\/v2\/posts\/3920\/revisions"}],"wp:featuredmedia":[{"embeddable":true,"href":"https:\/\/eldigitaldeasturias.com\/radio\/wp-json\/wp\/v2\/media\/2992"}],"wp:attachment":[{"href":"https:\/\/eldigitaldeasturias.com\/radio\/wp-json\/wp\/v2\/media?parent=3920"}],"wp:term":[{"taxonomy":"category","embeddable":true,"href":"https:\/\/eldigitaldeasturias.com\/radio\/wp-json\/wp\/v2\/categories?post=3920"},{"taxonomy":"post_tag","embeddable":true,"href":"https:\/\/eldigitaldeasturias.com\/radio\/wp-json\/wp\/v2\/tags?post=3920"}],"curies":[{"name":"wp","href":"https:\/\/api.w.org\/{rel}","templated":true}]}}