{"id":3915,"date":"2020-02-08T22:31:00","date_gmt":"2020-02-08T22:31:00","guid":{"rendered":"http:\/\/www.eldigitaldeasturias.com\/radio\/?p=3915"},"modified":"2020-02-08T22:31:00","modified_gmt":"2020-02-08T22:31:00","slug":"primer-censo-de-sintecho-en-berlin-menos-personas-de-lo-estimado","status":"publish","type":"post","link":"https:\/\/eldigitaldeasturias.com\/radio\/primer-censo-de-sintecho-en-berlin-menos-personas-de-lo-estimado\/","title":{"rendered":"Primer censo de sintecho en Berl\u00edn, menos personas de lo estimado"},"content":{"rendered":"<p><img fetchpriority=\"high\" decoding=\"async\" class=\"alignleft size-medium wp-image-3916\" src=\"http:\/\/www.eldigitaldeasturias.com\/radio\/wp-content\/uploads\/2020\/02\/sin-techo-dpa-360x232.jpg\" alt=\"\" width=\"360\" height=\"232\" srcset=\"https:\/\/eldigitaldeasturias.com\/radio\/wp-content\/uploads\/2020\/02\/sin-techo-dpa-360x232.jpg 360w, https:\/\/eldigitaldeasturias.com\/radio\/wp-content\/uploads\/2020\/02\/sin-techo-dpa-1024x660.jpg 1024w, https:\/\/eldigitaldeasturias.com\/radio\/wp-content\/uploads\/2020\/02\/sin-techo-dpa-768x495.jpg 768w, https:\/\/eldigitaldeasturias.com\/radio\/wp-content\/uploads\/2020\/02\/sin-techo-dpa.jpg 1031w\" sizes=\"(max-width: 360px) 100vw, 360px\" \/>Berl\u00edn, 7 feb (dpa) &#8211; El primer censo sistem\u00e1tico de personas sin techo en Berl\u00edn contabiliz\u00f3 1.976 personas, muchas menos de las que se estimaban, comunic\u00f3 hoy Elke Breitenbach, la encargada de la cartera de Asuntos Sociales de la capital alemana.<\/p>\n<p>Seg\u00fan Breitenbach, m\u00e1s de 800 personas fueron localizadas en las calles, mientras que otras 942 personas se encontraban en instalaciones de la \u00abBerliner K\u00e4ltehilfe\u00bb, el programa de asistencia a personas sintecho organizado por diversas instituciones de la ciudad para los meses de invierno boreal.<\/p>\n<p>Sin embargo, el informe indic\u00f3 que el censo realizado la semana pasada probablemente no registr\u00f3 a todas las personas que viven en las calles de la capital germana, por lo que se planean m\u00e1s conteos.<\/p>\n<p>Hasta ahora solo exist\u00edan estimaciones aproximadas del n\u00famero de personas sin hogar en Berl\u00edn, que oscilaban entre 6.000 y 10.000 personas.<\/p>\n<p>El censo tambi\u00e9n incluy\u00f3 a personas sintecho localizadas en trenes suburbanos y subterr\u00e1neos (158), en centros de rescate (15) y en custodia policial (12).<\/p>\n<p>De acuerdo con el informe, alrededor de un tercio de las personas sin hogar que viven en las calles dieron informaci\u00f3n de manera voluntaria a los equipos de conteo sobre su propia situaci\u00f3n de vida. El 55 por ciento de ellos ten\u00edan entre 30 y 49 a\u00f1os, el 84 por ciento eran hombres.<\/p>\n<p>Cerca de 2.600 voluntarios se desplazaron por la capital alemana en la noche del 29 al 30 de enero, siguiendo rutas fijas a trav\u00e9s de los doce distritos de la ciudad para contabilizar a las personas sin techo y, en lo posible, hacerles preguntas, por ejemplo, sobre su edad, origen y su situaci\u00f3n en la calle.<\/p>\n<p>Con el censo titulado \u00abNoche de la solidaridad\u00bb, Berl\u00edn respondi\u00f3 a demandas de larga data. El objetivo es utilizar los resultados para crear una base estad\u00edstica a fin de ofrecer a los sintecho un apoyo m\u00e1s adecuado a lo largo del a\u00f1o.<\/p>\n","protected":false},"excerpt":{"rendered":"<p>Berl\u00edn, 7 feb (dpa) &#8211; El primer censo sistem\u00e1tico de personas sin techo en Berl\u00edn contabiliz\u00f3 1.976 personas, muchas menos de las que se estimaban, comunic\u00f3 hoy Elke Breitenbach, la encargada de la cartera de Asuntos Sociales de la capital alemana. Seg\u00fan Breitenbach, m\u00e1s de 800 personas fueron localizadas en las calles, mientras que otras<\/p>\n","protected":false},"author":1,"featured_media":3916,"comment_status":"closed","ping_status":"closed","sticky":false,"template":"","format":"standard","meta":{"footnotes":""},"categories":[1],"tags":[],"class_list":{"0":"post-3915","1":"post","2":"type-post","3":"status-publish","4":"format-standard","5":"has-post-thumbnail","7":"category-noticias"},"aioseo_notices":[],"aioseo_head":"\n\t\t<!-- All in One SEO Pro 4.9.6.2 - aioseo.com -->\n\t<meta name=\"description\" content=\"Berl\u00edn, 7 feb (dpa) - El primer censo sistem\u00e1tico de personas sin techo en Berl\u00edn contabiliz\u00f3 1.976 personas, muchas menos de las que se estimaban, comunic\u00f3 hoy Elke Breitenbach, la encargada de la cartera de Asuntos Sociales de la capital alemana. Seg\u00fan Breitenbach, m\u00e1s de 800 personas fueron localizadas en las calles, mientras que otras\" \/>\n\t<meta name=\"robots\" content=\"max-image-preview:large\" \/>\n\t<meta name=\"author\" content=\"NBAsturias\"\/>\n\t<meta name=\"google-site-verification\" content=\"UA-38556648-1\" \/>\n\t<meta name=\"keywords\" content=\"noticias\" \/>\n\t<link rel=\"canonical\" href=\"https:\/\/eldigitaldeasturias.com\/radio\/primer-censo-de-sintecho-en-berlin-menos-personas-de-lo-estimado\/\" \/>\n\t<meta name=\"generator\" content=\"All in One SEO Pro (AIOSEO) 4.9.6.2\" \/>\n\t\t<meta property=\"og:locale\" content=\"es_ES\" \/>\n\t\t<meta property=\"og:site_name\" content=\"El Digital de Asturias | Diario de informaci\u00f3n y noticias\" \/>\n\t\t<meta property=\"og:type\" content=\"article\" \/>\n\t\t<meta property=\"og:title\" content=\"Primer censo de sintecho en Berl\u00edn, menos personas de lo estimado | El Digital de Asturias\" \/>\n\t\t<meta property=\"og:description\" content=\"Berl\u00edn, 7 feb (dpa) - El primer censo sistem\u00e1tico de personas sin techo en Berl\u00edn contabiliz\u00f3 1.976 personas, muchas menos de las que se estimaban, comunic\u00f3 hoy Elke Breitenbach, la encargada de la cartera de Asuntos Sociales de la capital alemana. Seg\u00fan Breitenbach, m\u00e1s de 800 personas fueron localizadas en las calles, mientras que otras\" \/>\n\t\t<meta property=\"og:url\" content=\"https:\/\/eldigitaldeasturias.com\/radio\/primer-censo-de-sintecho-en-berlin-menos-personas-de-lo-estimado\/\" \/>\n\t\t<meta property=\"og:image\" content=\"https:\/\/eldigitaldeasturias.com\/radio\/wp-content\/uploads\/2020\/02\/sin-techo-dpa.jpg\" \/>\n\t\t<meta property=\"og:image:secure_url\" content=\"https:\/\/eldigitaldeasturias.com\/radio\/wp-content\/uploads\/2020\/02\/sin-techo-dpa.jpg\" \/>\n\t\t<meta property=\"og:image:width\" content=\"1031\" \/>\n\t\t<meta property=\"og:image:height\" content=\"665\" \/>\n\t\t<meta property=\"article:published_time\" content=\"2020-02-08T22:31:00+00:00\" \/>\n\t\t<meta property=\"article:modified_time\" content=\"2020-02-08T22:31:00+00:00\" \/>\n\t\t<meta name=\"twitter:card\" content=\"summary_large_image\" \/>\n\t\t<meta name=\"twitter:site\" content=\"@bercodi\" \/>\n\t\t<meta name=\"twitter:title\" content=\"Primer censo de sintecho en Berl\u00edn, menos personas de lo estimado | El Digital de Asturias\" \/>\n\t\t<meta name=\"twitter:description\" content=\"Berl\u00edn, 7 feb (dpa) - El primer censo sistem\u00e1tico de personas sin techo en Berl\u00edn contabiliz\u00f3 1.976 personas, muchas menos de las que se estimaban, comunic\u00f3 hoy Elke Breitenbach, la encargada de la cartera de Asuntos Sociales de la capital alemana. Seg\u00fan Breitenbach, m\u00e1s de 800 personas fueron localizadas en las calles, mientras que otras\" \/>\n\t\t<meta name=\"twitter:creator\" content=\"@bercodi\" \/>\n\t\t<meta name=\"twitter:image\" content=\"https:\/\/eldigitaldeasturias.com\/radio\/wp-content\/uploads\/2020\/02\/sin-techo-dpa.jpg\" \/>\n\t\t<script type=\"application\/ld+json\" class=\"aioseo-schema\">\n\t\t\t{\"@context\":\"https:\\\/\\\/schema.org\",\"@graph\":[{\"@type\":\"BreadcrumbList\",\"@id\":\"https:\\\/\\\/eldigitaldeasturias.com\\\/radio\\\/primer-censo-de-sintecho-en-berlin-menos-personas-de-lo-estimado\\\/#breadcrumblist\",\"itemListElement\":[{\"@type\":\"ListItem\",\"@id\":\"https:\\\/\\\/eldigitaldeasturias.com\\\/radio#listItem\",\"position\":1,\"name\":\"Inicio\",\"item\":\"https:\\\/\\\/eldigitaldeasturias.com\\\/radio\",\"nextItem\":{\"@type\":\"ListItem\",\"@id\":\"https:\\\/\\\/eldigitaldeasturias.com\\\/radio\\\/category\\\/noticias\\\/#listItem\",\"name\":\"Noticias\"}},{\"@type\":\"ListItem\",\"@id\":\"https:\\\/\\\/eldigitaldeasturias.com\\\/radio\\\/category\\\/noticias\\\/#listItem\",\"position\":2,\"name\":\"Noticias\",\"item\":\"https:\\\/\\\/eldigitaldeasturias.com\\\/radio\\\/category\\\/noticias\\\/\",\"nextItem\":{\"@type\":\"ListItem\",\"@id\":\"https:\\\/\\\/eldigitaldeasturias.com\\\/radio\\\/primer-censo-de-sintecho-en-berlin-menos-personas-de-lo-estimado\\\/#listItem\",\"name\":\"Primer censo de sintecho en Berl\\u00edn, menos personas de lo estimado\"},\"previousItem\":{\"@type\":\"ListItem\",\"@id\":\"https:\\\/\\\/eldigitaldeasturias.com\\\/radio#listItem\",\"name\":\"Inicio\"}},{\"@type\":\"ListItem\",\"@id\":\"https:\\\/\\\/eldigitaldeasturias.com\\\/radio\\\/primer-censo-de-sintecho-en-berlin-menos-personas-de-lo-estimado\\\/#listItem\",\"position\":3,\"name\":\"Primer censo de sintecho en Berl\\u00edn, menos personas de lo estimado\",\"previousItem\":{\"@type\":\"ListItem\",\"@id\":\"https:\\\/\\\/eldigitaldeasturias.com\\\/radio\\\/category\\\/noticias\\\/#listItem\",\"name\":\"Noticias\"}}]},{\"@type\":\"NewsArticle\",\"@id\":\"https:\\\/\\\/eldigitaldeasturias.com\\\/radio\\\/primer-censo-de-sintecho-en-berlin-menos-personas-de-lo-estimado\\\/#newsarticle\",\"name\":\"Primer censo de sintecho en Berl\\u00edn, menos personas de lo estimado | El Digital de Asturias\",\"headline\":\"Primer censo de sintecho en Berl\\u00edn, menos personas de lo estimado\",\"author\":{\"@id\":\"https:\\\/\\\/eldigitaldeasturias.com\\\/radio\\\/author\\\/nbasturias\\\/#author\"},\"publisher\":{\"@id\":\"https:\\\/\\\/eldigitaldeasturias.com\\\/radio\\\/#organization\"},\"image\":{\"@type\":\"ImageObject\",\"url\":\"https:\\\/\\\/eldigitaldeasturias.com\\\/radio\\\/wp-content\\\/uploads\\\/2020\\\/02\\\/sin-techo-dpa.jpg\",\"width\":1031,\"height\":665},\"datePublished\":\"2020-02-08T22:31:00+01:00\",\"dateModified\":\"2020-02-08T22:31:00+01:00\",\"inLanguage\":\"es-ES\",\"mainEntityOfPage\":{\"@id\":\"https:\\\/\\\/eldigitaldeasturias.com\\\/radio\\\/primer-censo-de-sintecho-en-berlin-menos-personas-de-lo-estimado\\\/#webpage\"},\"isPartOf\":{\"@id\":\"https:\\\/\\\/eldigitaldeasturias.com\\\/radio\\\/primer-censo-de-sintecho-en-berlin-menos-personas-de-lo-estimado\\\/#webpage\"},\"articleSection\":\"Noticias\",\"dateline\":\"Publicado el febrero 8, 2020.\"},{\"@type\":\"Organization\",\"@id\":\"https:\\\/\\\/eldigitaldeasturias.com\\\/radio\\\/#organization\",\"name\":\"El digital de Asturias Radio\",\"description\":\"Diario de informaci\\u00f3n y noticias\",\"url\":\"https:\\\/\\\/eldigitaldeasturias.com\\\/radio\\\/\",\"telephone\":\"+34652131393\",\"logo\":{\"@type\":\"ImageObject\",\"url\":\"https:\\\/\\\/www.eldigitaldeasturias.com\\\/radio\\\/wp-content\\\/uploads\\\/2021\\\/03\\\/EDA.jpg\",\"@id\":\"https:\\\/\\\/eldigitaldeasturias.com\\\/radio\\\/primer-censo-de-sintecho-en-berlin-menos-personas-de-lo-estimado\\\/#organizationLogo\"},\"image\":{\"@id\":\"https:\\\/\\\/eldigitaldeasturias.com\\\/radio\\\/primer-censo-de-sintecho-en-berlin-menos-personas-de-lo-estimado\\\/#organizationLogo\"},\"sameAs\":[\"https:\\\/\\\/www.facebook.com\\\/\",\"https:\\\/\\\/x.com\\\/bercodi\",\"https:\\\/\\\/www.instagram.com\\\/\",\"https:\\\/\\\/www.youtube.com\\\/channel\\\/UCZP-2wLEB9Rv6erhFmqVnvg\"]},{\"@type\":\"Person\",\"@id\":\"https:\\\/\\\/eldigitaldeasturias.com\\\/radio\\\/author\\\/nbasturias\\\/#author\",\"url\":\"https:\\\/\\\/eldigitaldeasturias.com\\\/radio\\\/author\\\/nbasturias\\\/\",\"name\":\"NBAsturias\",\"image\":{\"@type\":\"ImageObject\",\"@id\":\"https:\\\/\\\/eldigitaldeasturias.com\\\/radio\\\/primer-censo-de-sintecho-en-berlin-menos-personas-de-lo-estimado\\\/#authorImage\",\"url\":\"https:\\\/\\\/secure.gravatar.com\\\/avatar\\\/df2aeffc32bcd13f8d26072ef8a91b623d677766deac7f97ca815868cd41bf5e?s=96&d=mm&r=g\",\"width\":96,\"height\":96,\"caption\":\"NBAsturias\"}},{\"@type\":\"WebPage\",\"@id\":\"https:\\\/\\\/eldigitaldeasturias.com\\\/radio\\\/primer-censo-de-sintecho-en-berlin-menos-personas-de-lo-estimado\\\/#webpage\",\"url\":\"https:\\\/\\\/eldigitaldeasturias.com\\\/radio\\\/primer-censo-de-sintecho-en-berlin-menos-personas-de-lo-estimado\\\/\",\"name\":\"Primer censo de sintecho en Berl\\u00edn, menos personas de lo estimado | El Digital de Asturias\",\"description\":\"Berl\\u00edn, 7 feb (dpa) - El primer censo sistem\\u00e1tico de personas sin techo en Berl\\u00edn contabiliz\\u00f3 1.976 personas, muchas menos de las que se estimaban, comunic\\u00f3 hoy Elke Breitenbach, la encargada de la cartera de Asuntos Sociales de la capital alemana. Seg\\u00fan Breitenbach, m\\u00e1s de 800 personas fueron localizadas en las calles, mientras que otras\",\"inLanguage\":\"es-ES\",\"isPartOf\":{\"@id\":\"https:\\\/\\\/eldigitaldeasturias.com\\\/radio\\\/#website\"},\"breadcrumb\":{\"@id\":\"https:\\\/\\\/eldigitaldeasturias.com\\\/radio\\\/primer-censo-de-sintecho-en-berlin-menos-personas-de-lo-estimado\\\/#breadcrumblist\"},\"author\":{\"@id\":\"https:\\\/\\\/eldigitaldeasturias.com\\\/radio\\\/author\\\/nbasturias\\\/#author\"},\"creator\":{\"@id\":\"https:\\\/\\\/eldigitaldeasturias.com\\\/radio\\\/author\\\/nbasturias\\\/#author\"},\"image\":{\"@type\":\"ImageObject\",\"url\":\"https:\\\/\\\/eldigitaldeasturias.com\\\/radio\\\/wp-content\\\/uploads\\\/2020\\\/02\\\/sin-techo-dpa.jpg\",\"@id\":\"https:\\\/\\\/eldigitaldeasturias.com\\\/radio\\\/primer-censo-de-sintecho-en-berlin-menos-personas-de-lo-estimado\\\/#mainImage\",\"width\":1031,\"height\":665},\"primaryImageOfPage\":{\"@id\":\"https:\\\/\\\/eldigitaldeasturias.com\\\/radio\\\/primer-censo-de-sintecho-en-berlin-menos-personas-de-lo-estimado\\\/#mainImage\"},\"datePublished\":\"2020-02-08T22:31:00+01:00\",\"dateModified\":\"2020-02-08T22:31:00+01:00\"},{\"@type\":\"WebSite\",\"@id\":\"https:\\\/\\\/eldigitaldeasturias.com\\\/radio\\\/#website\",\"url\":\"https:\\\/\\\/eldigitaldeasturias.com\\\/radio\\\/\",\"name\":\"El Digital de Asturias\",\"description\":\"Diario de informaci\\u00f3n y noticias\",\"inLanguage\":\"es-ES\",\"publisher\":{\"@id\":\"https:\\\/\\\/eldigitaldeasturias.com\\\/radio\\\/#organization\"}}]}\n\t\t<\/script>\n\t\t<!-- All in One SEO Pro -->\r\n\t\t<title>Primer censo de sintecho en Berl\u00edn, menos personas de lo estimado | El Digital de Asturias<\/title>\n\n","aioseo_head_json":{"title":"Primer censo de sintecho en Berl\u00edn, menos personas de lo estimado | El Digital de Asturias","description":"Berl\u00edn, 7 feb (dpa) - El primer censo sistem\u00e1tico de personas sin techo en Berl\u00edn contabiliz\u00f3 1.976 personas, muchas menos de las que se estimaban, comunic\u00f3 hoy Elke Breitenbach, la encargada de la cartera de Asuntos Sociales de la capital alemana. Seg\u00fan Breitenbach, m\u00e1s de 800 personas fueron localizadas en las calles, mientras que otras","canonical_url":"https:\/\/eldigitaldeasturias.com\/radio\/primer-censo-de-sintecho-en-berlin-menos-personas-de-lo-estimado\/","robots":"max-image-preview:large","keywords":"noticias","webmasterTools":{"google-site-verification":"UA-38556648-1","miscellaneous":""},"schema":{"@context":"https:\/\/schema.org","@graph":[{"@type":"BreadcrumbList","@id":"https:\/\/eldigitaldeasturias.com\/radio\/primer-censo-de-sintecho-en-berlin-menos-personas-de-lo-estimado\/#breadcrumblist","itemListElement":[{"@type":"ListItem","@id":"https:\/\/eldigitaldeasturias.com\/radio#listItem","position":1,"name":"Inicio","item":"https:\/\/eldigitaldeasturias.com\/radio","nextItem":{"@type":"ListItem","@id":"https:\/\/eldigitaldeasturias.com\/radio\/category\/noticias\/#listItem","name":"Noticias"}},{"@type":"ListItem","@id":"https:\/\/eldigitaldeasturias.com\/radio\/category\/noticias\/#listItem","position":2,"name":"Noticias","item":"https:\/\/eldigitaldeasturias.com\/radio\/category\/noticias\/","nextItem":{"@type":"ListItem","@id":"https:\/\/eldigitaldeasturias.com\/radio\/primer-censo-de-sintecho-en-berlin-menos-personas-de-lo-estimado\/#listItem","name":"Primer censo de sintecho en Berl\u00edn, menos personas de lo estimado"},"previousItem":{"@type":"ListItem","@id":"https:\/\/eldigitaldeasturias.com\/radio#listItem","name":"Inicio"}},{"@type":"ListItem","@id":"https:\/\/eldigitaldeasturias.com\/radio\/primer-censo-de-sintecho-en-berlin-menos-personas-de-lo-estimado\/#listItem","position":3,"name":"Primer censo de sintecho en Berl\u00edn, menos personas de lo estimado","previousItem":{"@type":"ListItem","@id":"https:\/\/eldigitaldeasturias.com\/radio\/category\/noticias\/#listItem","name":"Noticias"}}]},{"@type":"NewsArticle","@id":"https:\/\/eldigitaldeasturias.com\/radio\/primer-censo-de-sintecho-en-berlin-menos-personas-de-lo-estimado\/#newsarticle","name":"Primer censo de sintecho en Berl\u00edn, menos personas de lo estimado | El Digital de Asturias","headline":"Primer censo de sintecho en Berl\u00edn, menos personas de lo estimado","author":{"@id":"https:\/\/eldigitaldeasturias.com\/radio\/author\/nbasturias\/#author"},"publisher":{"@id":"https:\/\/eldigitaldeasturias.com\/radio\/#organization"},"image":{"@type":"ImageObject","url":"https:\/\/eldigitaldeasturias.com\/radio\/wp-content\/uploads\/2020\/02\/sin-techo-dpa.jpg","width":1031,"height":665},"datePublished":"2020-02-08T22:31:00+01:00","dateModified":"2020-02-08T22:31:00+01:00","inLanguage":"es-ES","mainEntityOfPage":{"@id":"https:\/\/eldigitaldeasturias.com\/radio\/primer-censo-de-sintecho-en-berlin-menos-personas-de-lo-estimado\/#webpage"},"isPartOf":{"@id":"https:\/\/eldigitaldeasturias.com\/radio\/primer-censo-de-sintecho-en-berlin-menos-personas-de-lo-estimado\/#webpage"},"articleSection":"Noticias","dateline":"Publicado el febrero 8, 2020."},{"@type":"Organization","@id":"https:\/\/eldigitaldeasturias.com\/radio\/#organization","name":"El digital de Asturias Radio","description":"Diario de informaci\u00f3n y noticias","url":"https:\/\/eldigitaldeasturias.com\/radio\/","telephone":"+34652131393","logo":{"@type":"ImageObject","url":"https:\/\/www.eldigitaldeasturias.com\/radio\/wp-content\/uploads\/2021\/03\/EDA.jpg","@id":"https:\/\/eldigitaldeasturias.com\/radio\/primer-censo-de-sintecho-en-berlin-menos-personas-de-lo-estimado\/#organizationLogo"},"image":{"@id":"https:\/\/eldigitaldeasturias.com\/radio\/primer-censo-de-sintecho-en-berlin-menos-personas-de-lo-estimado\/#organizationLogo"},"sameAs":["https:\/\/www.facebook.com\/","https:\/\/x.com\/bercodi","https:\/\/www.instagram.com\/","https:\/\/www.youtube.com\/channel\/UCZP-2wLEB9Rv6erhFmqVnvg"]},{"@type":"Person","@id":"https:\/\/eldigitaldeasturias.com\/radio\/author\/nbasturias\/#author","url":"https:\/\/eldigitaldeasturias.com\/radio\/author\/nbasturias\/","name":"NBAsturias","image":{"@type":"ImageObject","@id":"https:\/\/eldigitaldeasturias.com\/radio\/primer-censo-de-sintecho-en-berlin-menos-personas-de-lo-estimado\/#authorImage","url":"https:\/\/secure.gravatar.com\/avatar\/df2aeffc32bcd13f8d26072ef8a91b623d677766deac7f97ca815868cd41bf5e?s=96&d=mm&r=g","width":96,"height":96,"caption":"NBAsturias"}},{"@type":"WebPage","@id":"https:\/\/eldigitaldeasturias.com\/radio\/primer-censo-de-sintecho-en-berlin-menos-personas-de-lo-estimado\/#webpage","url":"https:\/\/eldigitaldeasturias.com\/radio\/primer-censo-de-sintecho-en-berlin-menos-personas-de-lo-estimado\/","name":"Primer censo de sintecho en Berl\u00edn, menos personas de lo estimado | El Digital de Asturias","description":"Berl\u00edn, 7 feb (dpa) - El primer censo sistem\u00e1tico de personas sin techo en Berl\u00edn contabiliz\u00f3 1.976 personas, muchas menos de las que se estimaban, comunic\u00f3 hoy Elke Breitenbach, la encargada de la cartera de Asuntos Sociales de la capital alemana. Seg\u00fan Breitenbach, m\u00e1s de 800 personas fueron localizadas en las calles, mientras que otras","inLanguage":"es-ES","isPartOf":{"@id":"https:\/\/eldigitaldeasturias.com\/radio\/#website"},"breadcrumb":{"@id":"https:\/\/eldigitaldeasturias.com\/radio\/primer-censo-de-sintecho-en-berlin-menos-personas-de-lo-estimado\/#breadcrumblist"},"author":{"@id":"https:\/\/eldigitaldeasturias.com\/radio\/author\/nbasturias\/#author"},"creator":{"@id":"https:\/\/eldigitaldeasturias.com\/radio\/author\/nbasturias\/#author"},"image":{"@type":"ImageObject","url":"https:\/\/eldigitaldeasturias.com\/radio\/wp-content\/uploads\/2020\/02\/sin-techo-dpa.jpg","@id":"https:\/\/eldigitaldeasturias.com\/radio\/primer-censo-de-sintecho-en-berlin-menos-personas-de-lo-estimado\/#mainImage","width":1031,"height":665},"primaryImageOfPage":{"@id":"https:\/\/eldigitaldeasturias.com\/radio\/primer-censo-de-sintecho-en-berlin-menos-personas-de-lo-estimado\/#mainImage"},"datePublished":"2020-02-08T22:31:00+01:00","dateModified":"2020-02-08T22:31:00+01:00"},{"@type":"WebSite","@id":"https:\/\/eldigitaldeasturias.com\/radio\/#website","url":"https:\/\/eldigitaldeasturias.com\/radio\/","name":"El Digital de Asturias","description":"Diario de informaci\u00f3n y noticias","inLanguage":"es-ES","publisher":{"@id":"https:\/\/eldigitaldeasturias.com\/radio\/#organization"}}]},"og:locale":"es_ES","og:site_name":"El Digital de Asturias | Diario de informaci\u00f3n y noticias","og:type":"article","og:title":"Primer censo de sintecho en Berl\u00edn, menos personas de lo estimado | El Digital de Asturias","og:description":"Berl\u00edn, 7 feb (dpa) - El primer censo sistem\u00e1tico de personas sin techo en Berl\u00edn contabiliz\u00f3 1.976 personas, muchas menos de las que se estimaban, comunic\u00f3 hoy Elke Breitenbach, la encargada de la cartera de Asuntos Sociales de la capital alemana. Seg\u00fan Breitenbach, m\u00e1s de 800 personas fueron localizadas en las calles, mientras que otras","og:url":"https:\/\/eldigitaldeasturias.com\/radio\/primer-censo-de-sintecho-en-berlin-menos-personas-de-lo-estimado\/","og:image":"https:\/\/eldigitaldeasturias.com\/radio\/wp-content\/uploads\/2020\/02\/sin-techo-dpa.jpg","og:image:secure_url":"https:\/\/eldigitaldeasturias.com\/radio\/wp-content\/uploads\/2020\/02\/sin-techo-dpa.jpg","og:image:width":1031,"og:image:height":665,"article:published_time":"2020-02-08T22:31:00+00:00","article:modified_time":"2020-02-08T22:31:00+00:00","twitter:card":"summary_large_image","twitter:site":"@bercodi","twitter:title":"Primer censo de sintecho en Berl\u00edn, menos personas de lo estimado | El Digital de Asturias","twitter:description":"Berl\u00edn, 7 feb (dpa) - El primer censo sistem\u00e1tico de personas sin techo en Berl\u00edn contabiliz\u00f3 1.976 personas, muchas menos de las que se estimaban, comunic\u00f3 hoy Elke Breitenbach, la encargada de la cartera de Asuntos Sociales de la capital alemana. Seg\u00fan Breitenbach, m\u00e1s de 800 personas fueron localizadas en las calles, mientras que otras","twitter:creator":"@bercodi","twitter:image":"https:\/\/eldigitaldeasturias.com\/radio\/wp-content\/uploads\/2020\/02\/sin-techo-dpa.jpg"},"aioseo_meta_data":{"post_id":"3915","title":null,"description":null,"keywords":null,"keyphrases":null,"primary_term":null,"canonical_url":null,"og_title":null,"og_description":null,"og_object_type":"default","og_image_type":"default","og_image_url":null,"og_image_width":null,"og_image_height":null,"og_image_custom_url":null,"og_image_custom_fields":null,"og_video":null,"og_custom_url":null,"og_article_section":null,"og_article_tags":null,"twitter_use_og":false,"twitter_card":"default","twitter_image_type":"default","twitter_image_url":null,"twitter_image_custom_url":null,"twitter_image_custom_fields":null,"twitter_title":null,"twitter_description":null,"schema":{"blockGraphs":[],"customGraphs":[],"default":{"data":{"Article":[],"Course":[],"Dataset":[],"FAQPage":[],"Movie":[],"Person":[],"Product":[],"ProductReview":[],"Car":[],"Recipe":[],"Service":[],"SoftwareApplication":[],"WebPage":[]},"graphName":"","isEnabled":true},"graphs":[],"defaultGraph":"","defaultPostTypeGraph":""},"schema_type":null,"schema_type_options":null,"pillar_content":false,"robots_default":true,"robots_noindex":false,"robots_noarchive":false,"robots_nosnippet":false,"robots_nofollow":false,"robots_noimageindex":false,"robots_noodp":false,"robots_notranslate":false,"robots_max_snippet":null,"robots_max_videopreview":null,"robots_max_imagepreview":"large","priority":null,"frequency":null,"location":null,"local_seo":null,"seo_analyzer_scan_date":"2025-08-28 15:04:25","breadcrumb_settings":null,"limit_modified_date":false,"open_ai":null,"ai":null,"created":"2021-03-27 00:16:47","updated":"2025-08-28 15:04:25"},"aioseo_breadcrumb":"<div class=\"aioseo-breadcrumbs\"><span class=\"aioseo-breadcrumb\">\n\t<a href=\"https:\/\/eldigitaldeasturias.com\/radio\" title=\"Inicio\">Inicio<\/a>\n<\/span><span class=\"aioseo-breadcrumb-separator\">&ndash;<\/span><span class=\"aioseo-breadcrumb\">\n\t<a href=\"https:\/\/eldigitaldeasturias.com\/radio\/category\/noticias\/\" title=\"Noticias\">Noticias<\/a>\n<\/span><span class=\"aioseo-breadcrumb-separator\">&ndash;<\/span><span class=\"aioseo-breadcrumb\">\n\tPrimer censo de sintecho en Berl\u00edn, menos personas de lo estimado\n<\/span><\/div>","aioseo_breadcrumb_json":[{"label":"Inicio","link":"https:\/\/eldigitaldeasturias.com\/radio"},{"label":"Noticias","link":"https:\/\/eldigitaldeasturias.com\/radio\/category\/noticias\/"},{"label":"Primer censo de sintecho en Berl\u00edn, menos personas de lo estimado","link":"https:\/\/eldigitaldeasturias.com\/radio\/primer-censo-de-sintecho-en-berlin-menos-personas-de-lo-estimado\/"}],"_links":{"self":[{"href":"https:\/\/eldigitaldeasturias.com\/radio\/wp-json\/wp\/v2\/posts\/3915","targetHints":{"allow":["GET"]}}],"collection":[{"href":"https:\/\/eldigitaldeasturias.com\/radio\/wp-json\/wp\/v2\/posts"}],"about":[{"href":"https:\/\/eldigitaldeasturias.com\/radio\/wp-json\/wp\/v2\/types\/post"}],"author":[{"embeddable":true,"href":"https:\/\/eldigitaldeasturias.com\/radio\/wp-json\/wp\/v2\/users\/1"}],"replies":[{"embeddable":true,"href":"https:\/\/eldigitaldeasturias.com\/radio\/wp-json\/wp\/v2\/comments?post=3915"}],"version-history":[{"count":0,"href":"https:\/\/eldigitaldeasturias.com\/radio\/wp-json\/wp\/v2\/posts\/3915\/revisions"}],"wp:featuredmedia":[{"embeddable":true,"href":"https:\/\/eldigitaldeasturias.com\/radio\/wp-json\/wp\/v2\/media\/3916"}],"wp:attachment":[{"href":"https:\/\/eldigitaldeasturias.com\/radio\/wp-json\/wp\/v2\/media?parent=3915"}],"wp:term":[{"taxonomy":"category","embeddable":true,"href":"https:\/\/eldigitaldeasturias.com\/radio\/wp-json\/wp\/v2\/categories?post=3915"},{"taxonomy":"post_tag","embeddable":true,"href":"https:\/\/eldigitaldeasturias.com\/radio\/wp-json\/wp\/v2\/tags?post=3915"}],"curies":[{"name":"wp","href":"https:\/\/api.w.org\/{rel}","templated":true}]}}