{"id":3913,"date":"2020-02-08T22:28:54","date_gmt":"2020-02-08T22:28:54","guid":{"rendered":"http:\/\/www.eldigitaldeasturias.com\/radio\/?p=3913"},"modified":"2020-02-08T22:28:54","modified_gmt":"2020-02-08T22:28:54","slug":"pocas-personas-del-tercer-genero-postulan-para-empleos-en-alemania","status":"publish","type":"post","link":"https:\/\/eldigitaldeasturias.com\/radio\/pocas-personas-del-tercer-genero-postulan-para-empleos-en-alemania\/","title":{"rendered":"Pocas personas del tercer g\u00e9nero postulan para empleos en Alemania"},"content":{"rendered":"<p><img fetchpriority=\"high\" decoding=\"async\" class=\"alignleft size-medium wp-image-2992\" src=\"http:\/\/www.eldigitaldeasturias.com\/radio\/wp-content\/uploads\/2019\/08\/pedestrians-400811_960_720-360x238.jpg\" alt=\"\" width=\"360\" height=\"238\" srcset=\"https:\/\/eldigitaldeasturias.com\/radio\/wp-content\/uploads\/2019\/08\/pedestrians-400811_960_720-360x238.jpg 360w, https:\/\/eldigitaldeasturias.com\/radio\/wp-content\/uploads\/2019\/08\/pedestrians-400811_960_720-768x508.jpg 768w, https:\/\/eldigitaldeasturias.com\/radio\/wp-content\/uploads\/2019\/08\/pedestrians-400811_960_720.jpg 960w\" sizes=\"(max-width: 360px) 100vw, 360px\" \/>Bonn\/Fr\u00e1ncfort (Alemania), 7 feb (dpa) &#8211; Muy pocas personas del tercer g\u00e9nero postulan a empleos en las grandes empresas alemanas, seg\u00fan revel\u00f3 hoy una encuesta realizada por dpa.<\/p>\n<p>\u00abNo me sorprende\u00bb, dijo la abogada Friederike Boll, que representa a v\u00edctimas de discriminaci\u00f3n en el \u00e1mbito laboral.<\/p>\n<p>Desde que se implement\u00f3 en 2019 la opci\u00f3n \u00abdiverso\u00bb para personas intersexuales en documentos oficiales, tambi\u00e9n los empleadores tuvieron que reformular sus anuncios de empleo de manera neutral en cuanto al g\u00e9nero, por ejemplo, con las abreviaturas (m\/f\/d) (masculino\/femenino\/diverso).<\/p>\n<p>Seg\u00fan pudo saber dpa, algunas de las grandes empresas como la farmace\u00fatica Bayer, el gigante de energ\u00eda Eon, el Deutsche Bank o Vodafone, a\u00fan no recibieron ni una sola solicitud de empleo de personas del tercer g\u00e9nero.<\/p>\n<p>En tanto, otras empresas, como el banco Commerzbank o la aseguradora Continental, indicaron que no consideran el g\u00e9nero de la persona en las solicitudes de empleo.<\/p>\n<p>Un caso at\u00edpico es la empresa de correos alemana Deutsche Post, que afirma haber recibido ya 700 solicitudes laborales de personas con el g\u00e9nero \u00abdiverso\u00bb. Sin embargo, una portavoz acot\u00f3 que podr\u00eda ser que la gente marcara esa opci\u00f3n porque no quer\u00edan revelar su g\u00e9nero.<\/p>\n<p>El Parlamento alem\u00e1n aprob\u00f3 la introducci\u00f3n de la opci\u00f3n del tercer g\u00e9nero a mediados de diciembre de 2018.<\/p>\n<p>El Gobierno cumpli\u00f3 as\u00ed con una demanda del Tribunal Constitucional Federal, que dictamin\u00f3 que la anterior obligaci\u00f3n de elegir entre hombre y mujer era una violaci\u00f3n a la prohibici\u00f3n de discriminaci\u00f3n.<\/p>\n<p>En los primeros meses despu\u00e9s de la nueva regulaci\u00f3n, la opci\u00f3n de cambiar el g\u00e9nero en los documentos oficiales tuvo poca demanda en los Registros Civiles de las principales ciudades alemanas.<\/p>\n","protected":false},"excerpt":{"rendered":"<p>Bonn\/Fr\u00e1ncfort (Alemania), 7 feb (dpa) &#8211; Muy pocas personas del tercer g\u00e9nero postulan a empleos en las grandes empresas alemanas, seg\u00fan revel\u00f3 hoy una encuesta realizada por dpa. \u00abNo me sorprende\u00bb, dijo la abogada Friederike Boll, que representa a v\u00edctimas de discriminaci\u00f3n en el \u00e1mbito laboral. Desde que se implement\u00f3 en 2019 la opci\u00f3n \u00abdiverso\u00bb<\/p>\n","protected":false},"author":1,"featured_media":2992,"comment_status":"closed","ping_status":"closed","sticky":false,"template":"","format":"standard","meta":{"footnotes":""},"categories":[35],"tags":[],"class_list":{"0":"post-3913","1":"post","2":"type-post","3":"status-publish","4":"format-standard","5":"has-post-thumbnail","7":"category-negocios"},"aioseo_notices":[],"aioseo_head":"\n\t\t<!-- All in One SEO Pro 4.9.6.2 - aioseo.com -->\n\t<meta name=\"description\" content=\"Bonn\/Fr\u00e1ncfort (Alemania), 7 feb (dpa) - Muy pocas personas del tercer g\u00e9nero postulan a empleos en las grandes empresas alemanas, seg\u00fan revel\u00f3 hoy una encuesta realizada por dpa. &quot;No me sorprende&quot;, dijo la abogada Friederike Boll, que representa a v\u00edctimas de discriminaci\u00f3n en el \u00e1mbito laboral. Desde que se implement\u00f3 en 2019 la opci\u00f3n &quot;diverso&quot;\" \/>\n\t<meta name=\"robots\" content=\"max-image-preview:large\" \/>\n\t<meta name=\"author\" content=\"NBAsturias\"\/>\n\t<meta name=\"google-site-verification\" content=\"UA-38556648-1\" \/>\n\t<meta name=\"keywords\" content=\"negocios\" \/>\n\t<link rel=\"canonical\" href=\"https:\/\/eldigitaldeasturias.com\/radio\/pocas-personas-del-tercer-genero-postulan-para-empleos-en-alemania\/\" \/>\n\t<meta name=\"generator\" content=\"All in One SEO Pro (AIOSEO) 4.9.6.2\" \/>\n\t\t<meta property=\"og:locale\" content=\"es_ES\" \/>\n\t\t<meta property=\"og:site_name\" content=\"El Digital de Asturias | Diario de informaci\u00f3n y noticias\" \/>\n\t\t<meta property=\"og:type\" content=\"article\" \/>\n\t\t<meta property=\"og:title\" content=\"Pocas personas del tercer g\u00e9nero postulan para empleos en Alemania | El Digital de Asturias\" \/>\n\t\t<meta property=\"og:description\" content=\"Bonn\/Fr\u00e1ncfort (Alemania), 7 feb (dpa) - Muy pocas personas del tercer g\u00e9nero postulan a empleos en las grandes empresas alemanas, seg\u00fan revel\u00f3 hoy una encuesta realizada por dpa. &quot;No me sorprende&quot;, dijo la abogada Friederike Boll, que representa a v\u00edctimas de discriminaci\u00f3n en el \u00e1mbito laboral. Desde que se implement\u00f3 en 2019 la opci\u00f3n &quot;diverso&quot;\" \/>\n\t\t<meta property=\"og:url\" content=\"https:\/\/eldigitaldeasturias.com\/radio\/pocas-personas-del-tercer-genero-postulan-para-empleos-en-alemania\/\" \/>\n\t\t<meta property=\"og:image\" content=\"https:\/\/eldigitaldeasturias.com\/radio\/wp-content\/uploads\/2019\/08\/pedestrians-400811_960_720.jpg\" \/>\n\t\t<meta property=\"og:image:secure_url\" content=\"https:\/\/eldigitaldeasturias.com\/radio\/wp-content\/uploads\/2019\/08\/pedestrians-400811_960_720.jpg\" \/>\n\t\t<meta property=\"og:image:width\" content=\"960\" \/>\n\t\t<meta property=\"og:image:height\" content=\"635\" \/>\n\t\t<meta property=\"article:published_time\" content=\"2020-02-08T22:28:54+00:00\" \/>\n\t\t<meta property=\"article:modified_time\" content=\"2020-02-08T22:28:54+00:00\" \/>\n\t\t<meta name=\"twitter:card\" content=\"summary_large_image\" \/>\n\t\t<meta name=\"twitter:site\" content=\"@bercodi\" \/>\n\t\t<meta name=\"twitter:title\" content=\"Pocas personas del tercer g\u00e9nero postulan para empleos en Alemania | El Digital de Asturias\" \/>\n\t\t<meta name=\"twitter:description\" content=\"Bonn\/Fr\u00e1ncfort (Alemania), 7 feb (dpa) - Muy pocas personas del tercer g\u00e9nero postulan a empleos en las grandes empresas alemanas, seg\u00fan revel\u00f3 hoy una encuesta realizada por dpa. &quot;No me sorprende&quot;, dijo la abogada Friederike Boll, que representa a v\u00edctimas de discriminaci\u00f3n en el \u00e1mbito laboral. Desde que se implement\u00f3 en 2019 la opci\u00f3n &quot;diverso&quot;\" \/>\n\t\t<meta name=\"twitter:creator\" content=\"@bercodi\" \/>\n\t\t<meta name=\"twitter:image\" content=\"https:\/\/eldigitaldeasturias.com\/radio\/wp-content\/uploads\/2019\/08\/pedestrians-400811_960_720.jpg\" \/>\n\t\t<script type=\"application\/ld+json\" class=\"aioseo-schema\">\n\t\t\t{\"@context\":\"https:\\\/\\\/schema.org\",\"@graph\":[{\"@type\":\"BreadcrumbList\",\"@id\":\"https:\\\/\\\/eldigitaldeasturias.com\\\/radio\\\/pocas-personas-del-tercer-genero-postulan-para-empleos-en-alemania\\\/#breadcrumblist\",\"itemListElement\":[{\"@type\":\"ListItem\",\"@id\":\"https:\\\/\\\/eldigitaldeasturias.com\\\/radio#listItem\",\"position\":1,\"name\":\"Inicio\",\"item\":\"https:\\\/\\\/eldigitaldeasturias.com\\\/radio\",\"nextItem\":{\"@type\":\"ListItem\",\"@id\":\"https:\\\/\\\/eldigitaldeasturias.com\\\/radio\\\/category\\\/negocios\\\/#listItem\",\"name\":\"Negocios\"}},{\"@type\":\"ListItem\",\"@id\":\"https:\\\/\\\/eldigitaldeasturias.com\\\/radio\\\/category\\\/negocios\\\/#listItem\",\"position\":2,\"name\":\"Negocios\",\"item\":\"https:\\\/\\\/eldigitaldeasturias.com\\\/radio\\\/category\\\/negocios\\\/\",\"nextItem\":{\"@type\":\"ListItem\",\"@id\":\"https:\\\/\\\/eldigitaldeasturias.com\\\/radio\\\/pocas-personas-del-tercer-genero-postulan-para-empleos-en-alemania\\\/#listItem\",\"name\":\"Pocas personas del tercer g\\u00e9nero postulan para empleos en Alemania\"},\"previousItem\":{\"@type\":\"ListItem\",\"@id\":\"https:\\\/\\\/eldigitaldeasturias.com\\\/radio#listItem\",\"name\":\"Inicio\"}},{\"@type\":\"ListItem\",\"@id\":\"https:\\\/\\\/eldigitaldeasturias.com\\\/radio\\\/pocas-personas-del-tercer-genero-postulan-para-empleos-en-alemania\\\/#listItem\",\"position\":3,\"name\":\"Pocas personas del tercer g\\u00e9nero postulan para empleos en Alemania\",\"previousItem\":{\"@type\":\"ListItem\",\"@id\":\"https:\\\/\\\/eldigitaldeasturias.com\\\/radio\\\/category\\\/negocios\\\/#listItem\",\"name\":\"Negocios\"}}]},{\"@type\":\"NewsArticle\",\"@id\":\"https:\\\/\\\/eldigitaldeasturias.com\\\/radio\\\/pocas-personas-del-tercer-genero-postulan-para-empleos-en-alemania\\\/#newsarticle\",\"name\":\"Pocas personas del tercer g\\u00e9nero postulan para empleos en Alemania | El Digital de Asturias\",\"headline\":\"Pocas personas del tercer g\\u00e9nero postulan para empleos en Alemania\",\"author\":{\"@id\":\"https:\\\/\\\/eldigitaldeasturias.com\\\/radio\\\/author\\\/nbasturias\\\/#author\"},\"publisher\":{\"@id\":\"https:\\\/\\\/eldigitaldeasturias.com\\\/radio\\\/#organization\"},\"image\":{\"@type\":\"ImageObject\",\"url\":\"https:\\\/\\\/eldigitaldeasturias.com\\\/radio\\\/wp-content\\\/uploads\\\/2019\\\/08\\\/pedestrians-400811_960_720.jpg\",\"width\":960,\"height\":635},\"datePublished\":\"2020-02-08T22:28:54+01:00\",\"dateModified\":\"2020-02-08T22:28:54+01:00\",\"inLanguage\":\"es-ES\",\"mainEntityOfPage\":{\"@id\":\"https:\\\/\\\/eldigitaldeasturias.com\\\/radio\\\/pocas-personas-del-tercer-genero-postulan-para-empleos-en-alemania\\\/#webpage\"},\"isPartOf\":{\"@id\":\"https:\\\/\\\/eldigitaldeasturias.com\\\/radio\\\/pocas-personas-del-tercer-genero-postulan-para-empleos-en-alemania\\\/#webpage\"},\"articleSection\":\"Negocios\",\"dateline\":\"Publicado el febrero 8, 2020.\"},{\"@type\":\"Organization\",\"@id\":\"https:\\\/\\\/eldigitaldeasturias.com\\\/radio\\\/#organization\",\"name\":\"El digital de Asturias Radio\",\"description\":\"Diario de informaci\\u00f3n y noticias\",\"url\":\"https:\\\/\\\/eldigitaldeasturias.com\\\/radio\\\/\",\"telephone\":\"+34652131393\",\"logo\":{\"@type\":\"ImageObject\",\"url\":\"https:\\\/\\\/www.eldigitaldeasturias.com\\\/radio\\\/wp-content\\\/uploads\\\/2021\\\/03\\\/EDA.jpg\",\"@id\":\"https:\\\/\\\/eldigitaldeasturias.com\\\/radio\\\/pocas-personas-del-tercer-genero-postulan-para-empleos-en-alemania\\\/#organizationLogo\"},\"image\":{\"@id\":\"https:\\\/\\\/eldigitaldeasturias.com\\\/radio\\\/pocas-personas-del-tercer-genero-postulan-para-empleos-en-alemania\\\/#organizationLogo\"},\"sameAs\":[\"https:\\\/\\\/www.facebook.com\\\/\",\"https:\\\/\\\/x.com\\\/bercodi\",\"https:\\\/\\\/www.instagram.com\\\/\",\"https:\\\/\\\/www.youtube.com\\\/channel\\\/UCZP-2wLEB9Rv6erhFmqVnvg\"]},{\"@type\":\"Person\",\"@id\":\"https:\\\/\\\/eldigitaldeasturias.com\\\/radio\\\/author\\\/nbasturias\\\/#author\",\"url\":\"https:\\\/\\\/eldigitaldeasturias.com\\\/radio\\\/author\\\/nbasturias\\\/\",\"name\":\"NBAsturias\",\"image\":{\"@type\":\"ImageObject\",\"@id\":\"https:\\\/\\\/eldigitaldeasturias.com\\\/radio\\\/pocas-personas-del-tercer-genero-postulan-para-empleos-en-alemania\\\/#authorImage\",\"url\":\"https:\\\/\\\/secure.gravatar.com\\\/avatar\\\/df2aeffc32bcd13f8d26072ef8a91b623d677766deac7f97ca815868cd41bf5e?s=96&d=mm&r=g\",\"width\":96,\"height\":96,\"caption\":\"NBAsturias\"}},{\"@type\":\"WebPage\",\"@id\":\"https:\\\/\\\/eldigitaldeasturias.com\\\/radio\\\/pocas-personas-del-tercer-genero-postulan-para-empleos-en-alemania\\\/#webpage\",\"url\":\"https:\\\/\\\/eldigitaldeasturias.com\\\/radio\\\/pocas-personas-del-tercer-genero-postulan-para-empleos-en-alemania\\\/\",\"name\":\"Pocas personas del tercer g\\u00e9nero postulan para empleos en Alemania | El Digital de Asturias\",\"description\":\"Bonn\\\/Fr\\u00e1ncfort (Alemania), 7 feb (dpa) - Muy pocas personas del tercer g\\u00e9nero postulan a empleos en las grandes empresas alemanas, seg\\u00fan revel\\u00f3 hoy una encuesta realizada por dpa. \\\"No me sorprende\\\", dijo la abogada Friederike Boll, que representa a v\\u00edctimas de discriminaci\\u00f3n en el \\u00e1mbito laboral. Desde que se implement\\u00f3 en 2019 la opci\\u00f3n \\\"diverso\\\"\",\"inLanguage\":\"es-ES\",\"isPartOf\":{\"@id\":\"https:\\\/\\\/eldigitaldeasturias.com\\\/radio\\\/#website\"},\"breadcrumb\":{\"@id\":\"https:\\\/\\\/eldigitaldeasturias.com\\\/radio\\\/pocas-personas-del-tercer-genero-postulan-para-empleos-en-alemania\\\/#breadcrumblist\"},\"author\":{\"@id\":\"https:\\\/\\\/eldigitaldeasturias.com\\\/radio\\\/author\\\/nbasturias\\\/#author\"},\"creator\":{\"@id\":\"https:\\\/\\\/eldigitaldeasturias.com\\\/radio\\\/author\\\/nbasturias\\\/#author\"},\"image\":{\"@type\":\"ImageObject\",\"url\":\"https:\\\/\\\/eldigitaldeasturias.com\\\/radio\\\/wp-content\\\/uploads\\\/2019\\\/08\\\/pedestrians-400811_960_720.jpg\",\"@id\":\"https:\\\/\\\/eldigitaldeasturias.com\\\/radio\\\/pocas-personas-del-tercer-genero-postulan-para-empleos-en-alemania\\\/#mainImage\",\"width\":960,\"height\":635},\"primaryImageOfPage\":{\"@id\":\"https:\\\/\\\/eldigitaldeasturias.com\\\/radio\\\/pocas-personas-del-tercer-genero-postulan-para-empleos-en-alemania\\\/#mainImage\"},\"datePublished\":\"2020-02-08T22:28:54+01:00\",\"dateModified\":\"2020-02-08T22:28:54+01:00\"},{\"@type\":\"WebSite\",\"@id\":\"https:\\\/\\\/eldigitaldeasturias.com\\\/radio\\\/#website\",\"url\":\"https:\\\/\\\/eldigitaldeasturias.com\\\/radio\\\/\",\"name\":\"El Digital de Asturias\",\"description\":\"Diario de informaci\\u00f3n y noticias\",\"inLanguage\":\"es-ES\",\"publisher\":{\"@id\":\"https:\\\/\\\/eldigitaldeasturias.com\\\/radio\\\/#organization\"}}]}\n\t\t<\/script>\n\t\t<!-- All in One SEO Pro -->\r\n\t\t<title>Pocas personas del tercer g\u00e9nero postulan para empleos en Alemania | El Digital de Asturias<\/title>\n\n","aioseo_head_json":{"title":"Pocas personas del tercer g\u00e9nero postulan para empleos en Alemania | El Digital de Asturias","description":"Bonn\/Fr\u00e1ncfort (Alemania), 7 feb (dpa) - Muy pocas personas del tercer g\u00e9nero postulan a empleos en las grandes empresas alemanas, seg\u00fan revel\u00f3 hoy una encuesta realizada por dpa. \"No me sorprende\", dijo la abogada Friederike Boll, que representa a v\u00edctimas de discriminaci\u00f3n en el \u00e1mbito laboral. Desde que se implement\u00f3 en 2019 la opci\u00f3n \"diverso\"","canonical_url":"https:\/\/eldigitaldeasturias.com\/radio\/pocas-personas-del-tercer-genero-postulan-para-empleos-en-alemania\/","robots":"max-image-preview:large","keywords":"negocios","webmasterTools":{"google-site-verification":"UA-38556648-1","miscellaneous":""},"schema":{"@context":"https:\/\/schema.org","@graph":[{"@type":"BreadcrumbList","@id":"https:\/\/eldigitaldeasturias.com\/radio\/pocas-personas-del-tercer-genero-postulan-para-empleos-en-alemania\/#breadcrumblist","itemListElement":[{"@type":"ListItem","@id":"https:\/\/eldigitaldeasturias.com\/radio#listItem","position":1,"name":"Inicio","item":"https:\/\/eldigitaldeasturias.com\/radio","nextItem":{"@type":"ListItem","@id":"https:\/\/eldigitaldeasturias.com\/radio\/category\/negocios\/#listItem","name":"Negocios"}},{"@type":"ListItem","@id":"https:\/\/eldigitaldeasturias.com\/radio\/category\/negocios\/#listItem","position":2,"name":"Negocios","item":"https:\/\/eldigitaldeasturias.com\/radio\/category\/negocios\/","nextItem":{"@type":"ListItem","@id":"https:\/\/eldigitaldeasturias.com\/radio\/pocas-personas-del-tercer-genero-postulan-para-empleos-en-alemania\/#listItem","name":"Pocas personas del tercer g\u00e9nero postulan para empleos en Alemania"},"previousItem":{"@type":"ListItem","@id":"https:\/\/eldigitaldeasturias.com\/radio#listItem","name":"Inicio"}},{"@type":"ListItem","@id":"https:\/\/eldigitaldeasturias.com\/radio\/pocas-personas-del-tercer-genero-postulan-para-empleos-en-alemania\/#listItem","position":3,"name":"Pocas personas del tercer g\u00e9nero postulan para empleos en Alemania","previousItem":{"@type":"ListItem","@id":"https:\/\/eldigitaldeasturias.com\/radio\/category\/negocios\/#listItem","name":"Negocios"}}]},{"@type":"NewsArticle","@id":"https:\/\/eldigitaldeasturias.com\/radio\/pocas-personas-del-tercer-genero-postulan-para-empleos-en-alemania\/#newsarticle","name":"Pocas personas del tercer g\u00e9nero postulan para empleos en Alemania | El Digital de Asturias","headline":"Pocas personas del tercer g\u00e9nero postulan para empleos en Alemania","author":{"@id":"https:\/\/eldigitaldeasturias.com\/radio\/author\/nbasturias\/#author"},"publisher":{"@id":"https:\/\/eldigitaldeasturias.com\/radio\/#organization"},"image":{"@type":"ImageObject","url":"https:\/\/eldigitaldeasturias.com\/radio\/wp-content\/uploads\/2019\/08\/pedestrians-400811_960_720.jpg","width":960,"height":635},"datePublished":"2020-02-08T22:28:54+01:00","dateModified":"2020-02-08T22:28:54+01:00","inLanguage":"es-ES","mainEntityOfPage":{"@id":"https:\/\/eldigitaldeasturias.com\/radio\/pocas-personas-del-tercer-genero-postulan-para-empleos-en-alemania\/#webpage"},"isPartOf":{"@id":"https:\/\/eldigitaldeasturias.com\/radio\/pocas-personas-del-tercer-genero-postulan-para-empleos-en-alemania\/#webpage"},"articleSection":"Negocios","dateline":"Publicado el febrero 8, 2020."},{"@type":"Organization","@id":"https:\/\/eldigitaldeasturias.com\/radio\/#organization","name":"El digital de Asturias Radio","description":"Diario de informaci\u00f3n y noticias","url":"https:\/\/eldigitaldeasturias.com\/radio\/","telephone":"+34652131393","logo":{"@type":"ImageObject","url":"https:\/\/www.eldigitaldeasturias.com\/radio\/wp-content\/uploads\/2021\/03\/EDA.jpg","@id":"https:\/\/eldigitaldeasturias.com\/radio\/pocas-personas-del-tercer-genero-postulan-para-empleos-en-alemania\/#organizationLogo"},"image":{"@id":"https:\/\/eldigitaldeasturias.com\/radio\/pocas-personas-del-tercer-genero-postulan-para-empleos-en-alemania\/#organizationLogo"},"sameAs":["https:\/\/www.facebook.com\/","https:\/\/x.com\/bercodi","https:\/\/www.instagram.com\/","https:\/\/www.youtube.com\/channel\/UCZP-2wLEB9Rv6erhFmqVnvg"]},{"@type":"Person","@id":"https:\/\/eldigitaldeasturias.com\/radio\/author\/nbasturias\/#author","url":"https:\/\/eldigitaldeasturias.com\/radio\/author\/nbasturias\/","name":"NBAsturias","image":{"@type":"ImageObject","@id":"https:\/\/eldigitaldeasturias.com\/radio\/pocas-personas-del-tercer-genero-postulan-para-empleos-en-alemania\/#authorImage","url":"https:\/\/secure.gravatar.com\/avatar\/df2aeffc32bcd13f8d26072ef8a91b623d677766deac7f97ca815868cd41bf5e?s=96&d=mm&r=g","width":96,"height":96,"caption":"NBAsturias"}},{"@type":"WebPage","@id":"https:\/\/eldigitaldeasturias.com\/radio\/pocas-personas-del-tercer-genero-postulan-para-empleos-en-alemania\/#webpage","url":"https:\/\/eldigitaldeasturias.com\/radio\/pocas-personas-del-tercer-genero-postulan-para-empleos-en-alemania\/","name":"Pocas personas del tercer g\u00e9nero postulan para empleos en Alemania | El Digital de Asturias","description":"Bonn\/Fr\u00e1ncfort (Alemania), 7 feb (dpa) - Muy pocas personas del tercer g\u00e9nero postulan a empleos en las grandes empresas alemanas, seg\u00fan revel\u00f3 hoy una encuesta realizada por dpa. \"No me sorprende\", dijo la abogada Friederike Boll, que representa a v\u00edctimas de discriminaci\u00f3n en el \u00e1mbito laboral. Desde que se implement\u00f3 en 2019 la opci\u00f3n \"diverso\"","inLanguage":"es-ES","isPartOf":{"@id":"https:\/\/eldigitaldeasturias.com\/radio\/#website"},"breadcrumb":{"@id":"https:\/\/eldigitaldeasturias.com\/radio\/pocas-personas-del-tercer-genero-postulan-para-empleos-en-alemania\/#breadcrumblist"},"author":{"@id":"https:\/\/eldigitaldeasturias.com\/radio\/author\/nbasturias\/#author"},"creator":{"@id":"https:\/\/eldigitaldeasturias.com\/radio\/author\/nbasturias\/#author"},"image":{"@type":"ImageObject","url":"https:\/\/eldigitaldeasturias.com\/radio\/wp-content\/uploads\/2019\/08\/pedestrians-400811_960_720.jpg","@id":"https:\/\/eldigitaldeasturias.com\/radio\/pocas-personas-del-tercer-genero-postulan-para-empleos-en-alemania\/#mainImage","width":960,"height":635},"primaryImageOfPage":{"@id":"https:\/\/eldigitaldeasturias.com\/radio\/pocas-personas-del-tercer-genero-postulan-para-empleos-en-alemania\/#mainImage"},"datePublished":"2020-02-08T22:28:54+01:00","dateModified":"2020-02-08T22:28:54+01:00"},{"@type":"WebSite","@id":"https:\/\/eldigitaldeasturias.com\/radio\/#website","url":"https:\/\/eldigitaldeasturias.com\/radio\/","name":"El Digital de Asturias","description":"Diario de informaci\u00f3n y noticias","inLanguage":"es-ES","publisher":{"@id":"https:\/\/eldigitaldeasturias.com\/radio\/#organization"}}]},"og:locale":"es_ES","og:site_name":"El Digital de Asturias | Diario de informaci\u00f3n y noticias","og:type":"article","og:title":"Pocas personas del tercer g\u00e9nero postulan para empleos en Alemania | El Digital de Asturias","og:description":"Bonn\/Fr\u00e1ncfort (Alemania), 7 feb (dpa) - Muy pocas personas del tercer g\u00e9nero postulan a empleos en las grandes empresas alemanas, seg\u00fan revel\u00f3 hoy una encuesta realizada por dpa. &quot;No me sorprende&quot;, dijo la abogada Friederike Boll, que representa a v\u00edctimas de discriminaci\u00f3n en el \u00e1mbito laboral. Desde que se implement\u00f3 en 2019 la opci\u00f3n &quot;diverso&quot;","og:url":"https:\/\/eldigitaldeasturias.com\/radio\/pocas-personas-del-tercer-genero-postulan-para-empleos-en-alemania\/","og:image":"https:\/\/eldigitaldeasturias.com\/radio\/wp-content\/uploads\/2019\/08\/pedestrians-400811_960_720.jpg","og:image:secure_url":"https:\/\/eldigitaldeasturias.com\/radio\/wp-content\/uploads\/2019\/08\/pedestrians-400811_960_720.jpg","og:image:width":960,"og:image:height":635,"article:published_time":"2020-02-08T22:28:54+00:00","article:modified_time":"2020-02-08T22:28:54+00:00","twitter:card":"summary_large_image","twitter:site":"@bercodi","twitter:title":"Pocas personas del tercer g\u00e9nero postulan para empleos en Alemania | El Digital de Asturias","twitter:description":"Bonn\/Fr\u00e1ncfort (Alemania), 7 feb (dpa) - Muy pocas personas del tercer g\u00e9nero postulan a empleos en las grandes empresas alemanas, seg\u00fan revel\u00f3 hoy una encuesta realizada por dpa. &quot;No me sorprende&quot;, dijo la abogada Friederike Boll, que representa a v\u00edctimas de discriminaci\u00f3n en el \u00e1mbito laboral. Desde que se implement\u00f3 en 2019 la opci\u00f3n &quot;diverso&quot;","twitter:creator":"@bercodi","twitter:image":"https:\/\/eldigitaldeasturias.com\/radio\/wp-content\/uploads\/2019\/08\/pedestrians-400811_960_720.jpg"},"aioseo_meta_data":{"post_id":"3913","title":null,"description":null,"keywords":null,"keyphrases":null,"primary_term":null,"canonical_url":null,"og_title":null,"og_description":null,"og_object_type":"default","og_image_type":"default","og_image_url":null,"og_image_width":null,"og_image_height":null,"og_image_custom_url":null,"og_image_custom_fields":null,"og_video":null,"og_custom_url":null,"og_article_section":null,"og_article_tags":null,"twitter_use_og":false,"twitter_card":"default","twitter_image_type":"default","twitter_image_url":null,"twitter_image_custom_url":null,"twitter_image_custom_fields":null,"twitter_title":null,"twitter_description":null,"schema":{"blockGraphs":[],"customGraphs":[],"default":{"data":{"Article":[],"Course":[],"Dataset":[],"FAQPage":[],"Movie":[],"Person":[],"Product":[],"ProductReview":[],"Car":[],"Recipe":[],"Service":[],"SoftwareApplication":[],"WebPage":[]},"graphName":"","isEnabled":true},"graphs":[],"defaultGraph":"","defaultPostTypeGraph":""},"schema_type":null,"schema_type_options":null,"pillar_content":false,"robots_default":true,"robots_noindex":false,"robots_noarchive":false,"robots_nosnippet":false,"robots_nofollow":false,"robots_noimageindex":false,"robots_noodp":false,"robots_notranslate":false,"robots_max_snippet":null,"robots_max_videopreview":null,"robots_max_imagepreview":"large","priority":null,"frequency":null,"location":null,"local_seo":null,"seo_analyzer_scan_date":"2025-08-28 15:04:24","breadcrumb_settings":null,"limit_modified_date":false,"open_ai":null,"ai":null,"created":"2021-03-25 20:43:12","updated":"2025-08-28 15:04:24"},"aioseo_breadcrumb":"<div class=\"aioseo-breadcrumbs\"><span class=\"aioseo-breadcrumb\">\n\t<a href=\"https:\/\/eldigitaldeasturias.com\/radio\" title=\"Inicio\">Inicio<\/a>\n<\/span><span class=\"aioseo-breadcrumb-separator\">&ndash;<\/span><span class=\"aioseo-breadcrumb\">\n\t<a href=\"https:\/\/eldigitaldeasturias.com\/radio\/category\/negocios\/\" title=\"Negocios\">Negocios<\/a>\n<\/span><span class=\"aioseo-breadcrumb-separator\">&ndash;<\/span><span class=\"aioseo-breadcrumb\">\n\tPocas personas del tercer g\u00e9nero postulan para empleos en Alemania\n<\/span><\/div>","aioseo_breadcrumb_json":[{"label":"Inicio","link":"https:\/\/eldigitaldeasturias.com\/radio"},{"label":"Negocios","link":"https:\/\/eldigitaldeasturias.com\/radio\/category\/negocios\/"},{"label":"Pocas personas del tercer g\u00e9nero postulan para empleos en Alemania","link":"https:\/\/eldigitaldeasturias.com\/radio\/pocas-personas-del-tercer-genero-postulan-para-empleos-en-alemania\/"}],"_links":{"self":[{"href":"https:\/\/eldigitaldeasturias.com\/radio\/wp-json\/wp\/v2\/posts\/3913","targetHints":{"allow":["GET"]}}],"collection":[{"href":"https:\/\/eldigitaldeasturias.com\/radio\/wp-json\/wp\/v2\/posts"}],"about":[{"href":"https:\/\/eldigitaldeasturias.com\/radio\/wp-json\/wp\/v2\/types\/post"}],"author":[{"embeddable":true,"href":"https:\/\/eldigitaldeasturias.com\/radio\/wp-json\/wp\/v2\/users\/1"}],"replies":[{"embeddable":true,"href":"https:\/\/eldigitaldeasturias.com\/radio\/wp-json\/wp\/v2\/comments?post=3913"}],"version-history":[{"count":0,"href":"https:\/\/eldigitaldeasturias.com\/radio\/wp-json\/wp\/v2\/posts\/3913\/revisions"}],"wp:featuredmedia":[{"embeddable":true,"href":"https:\/\/eldigitaldeasturias.com\/radio\/wp-json\/wp\/v2\/media\/2992"}],"wp:attachment":[{"href":"https:\/\/eldigitaldeasturias.com\/radio\/wp-json\/wp\/v2\/media?parent=3913"}],"wp:term":[{"taxonomy":"category","embeddable":true,"href":"https:\/\/eldigitaldeasturias.com\/radio\/wp-json\/wp\/v2\/categories?post=3913"},{"taxonomy":"post_tag","embeddable":true,"href":"https:\/\/eldigitaldeasturias.com\/radio\/wp-json\/wp\/v2\/tags?post=3913"}],"curies":[{"name":"wp","href":"https:\/\/api.w.org\/{rel}","templated":true}]}}