{"id":3911,"date":"2020-02-08T22:27:58","date_gmt":"2020-02-08T22:27:58","guid":{"rendered":"http:\/\/www.eldigitaldeasturias.com\/radio\/?p=3911"},"modified":"2020-02-08T22:27:58","modified_gmt":"2020-02-08T22:27:58","slug":"primera-dama-de-alemania-destaca-educacion-de-ninos-en-visita-a-nepal","status":"publish","type":"post","link":"https:\/\/eldigitaldeasturias.com\/radio\/primera-dama-de-alemania-destaca-educacion-de-ninos-en-visita-a-nepal\/","title":{"rendered":"Primera dama de Alemania destaca educaci\u00f3n de ni\u00f1os en visita a Nepal"},"content":{"rendered":"<p>Katmand\u00fa (Nepal), 7 feb (dpa) &#8211; La primera dama de Alemania, Elke B\u00fcdenbender, fue educada por mujeres muy fuertes, seg\u00fan revel\u00f3 hoy a dpa durante una visita a proyectos de ayuda en Nepal.<\/p>\n<p>La esposa del presidente alem\u00e1n, Frank-Walter Steinmeier, manifest\u00f3 que de joven quer\u00eda ser enfermera al igual que su madrina, casi como una segunda madre, y una de las primeras mujeres de su zona en tener esa profesi\u00f3n.<\/p>\n<p>\u00abMi madrina, como as\u00ed tambi\u00e9n mi madre, ten\u00edan una personalidad muy fuerte. Y a m\u00ed me gustaba lo independiente que eran\u00bb, agreg\u00f3.<\/p>\n<p>B\u00fcdenbender, de 58 a\u00f1os, destac\u00f3 que tanto para su madre como para su abuela era importante que las ni\u00f1as tambi\u00e9n recibieran una buena educaci\u00f3n.<\/p>\n<p>Durante una entrevista con una emisora de radio infantil apoyada por el Fondo de las Naciones Unidas para la Infancia (Unicef), la primera dama germana aconsej\u00f3 a los ni\u00f1os de Nepal que consigan apoyo. \u00abConsigan apoyo. En primer lugar, todo el mundo necesita apoyo\u00bb, enfatiz\u00f3.<\/p>\n<p>Seg\u00fan cuenta B\u00fcdenbender, luego cambiaron sus aspiraciones personales. \u00abNo cumpl\u00ed con el deseo de trabajar como enfermera cuando v\u00ed lo duro que es el trabajo. Y no pude imaginarme en ese lugar\u00bb, agreg\u00f3 la jueza, que actualmente se encuentra bajo licencia.<\/p>\n<p>Como embajadora de Unicef, la primera dama est\u00e1 muy comprometida con temas de educaci\u00f3n. En Nepal, visit\u00f3 proyectos destinados a sobre todo a la educaci\u00f3n de las ni\u00f1as y a la lucha contra el matrimonio infantil.<\/p>\n","protected":false},"excerpt":{"rendered":"<p>Katmand\u00fa (Nepal), 7 feb (dpa) &#8211; La primera dama de Alemania, Elke B\u00fcdenbender, fue educada por mujeres muy fuertes, seg\u00fan revel\u00f3 hoy a dpa durante una visita a proyectos de ayuda en Nepal. La esposa del presidente alem\u00e1n, Frank-Walter Steinmeier, manifest\u00f3 que de joven quer\u00eda ser enfermera al igual que su madrina, casi como una<\/p>\n","protected":false},"author":1,"featured_media":242,"comment_status":"closed","ping_status":"closed","sticky":false,"template":"","format":"standard","meta":{"footnotes":""},"categories":[1],"tags":[],"class_list":{"0":"post-3911","1":"post","2":"type-post","3":"status-publish","4":"format-standard","5":"has-post-thumbnail","7":"category-noticias"},"aioseo_notices":[],"aioseo_head":"\n\t\t<!-- All in One SEO Pro 4.9.6.2 - aioseo.com -->\n\t<meta name=\"description\" content=\"Katmand\u00fa (Nepal), 7 feb (dpa) - La primera dama de Alemania, Elke B\u00fcdenbender, fue educada por mujeres muy fuertes, seg\u00fan revel\u00f3 hoy a dpa durante una visita a proyectos de ayuda en Nepal. La esposa del presidente alem\u00e1n, Frank-Walter Steinmeier, manifest\u00f3 que de joven quer\u00eda ser enfermera al igual que su madrina, casi como una\" \/>\n\t<meta name=\"robots\" content=\"max-image-preview:large\" \/>\n\t<meta name=\"author\" content=\"NBAsturias\"\/>\n\t<meta name=\"google-site-verification\" content=\"UA-38556648-1\" \/>\n\t<meta name=\"keywords\" content=\"noticias\" \/>\n\t<link rel=\"canonical\" href=\"https:\/\/eldigitaldeasturias.com\/radio\/primera-dama-de-alemania-destaca-educacion-de-ninos-en-visita-a-nepal\/\" \/>\n\t<meta name=\"generator\" content=\"All in One SEO Pro (AIOSEO) 4.9.6.2\" \/>\n\t\t<meta property=\"og:locale\" content=\"es_ES\" \/>\n\t\t<meta property=\"og:site_name\" content=\"El Digital de Asturias | Diario de informaci\u00f3n y noticias\" \/>\n\t\t<meta property=\"og:type\" content=\"article\" \/>\n\t\t<meta property=\"og:title\" content=\"Primera dama de Alemania destaca educaci\u00f3n de ni\u00f1os en visita a Nepal | El Digital de Asturias\" \/>\n\t\t<meta property=\"og:description\" content=\"Katmand\u00fa (Nepal), 7 feb (dpa) - La primera dama de Alemania, Elke B\u00fcdenbender, fue educada por mujeres muy fuertes, seg\u00fan revel\u00f3 hoy a dpa durante una visita a proyectos de ayuda en Nepal. La esposa del presidente alem\u00e1n, Frank-Walter Steinmeier, manifest\u00f3 que de joven quer\u00eda ser enfermera al igual que su madrina, casi como una\" \/>\n\t\t<meta property=\"og:url\" content=\"https:\/\/eldigitaldeasturias.com\/radio\/primera-dama-de-alemania-destaca-educacion-de-ninos-en-visita-a-nepal\/\" \/>\n\t\t<meta property=\"og:image\" content=\"https:\/\/eldigitaldeasturias.com\/radio\/wp-content\/uploads\/2018\/03\/technology-785742_1280.jpg\" \/>\n\t\t<meta property=\"og:image:secure_url\" content=\"https:\/\/eldigitaldeasturias.com\/radio\/wp-content\/uploads\/2018\/03\/technology-785742_1280.jpg\" \/>\n\t\t<meta property=\"og:image:width\" content=\"1280\" \/>\n\t\t<meta property=\"og:image:height\" content=\"853\" \/>\n\t\t<meta property=\"article:published_time\" content=\"2020-02-08T22:27:58+00:00\" \/>\n\t\t<meta property=\"article:modified_time\" content=\"2020-02-08T22:27:58+00:00\" \/>\n\t\t<meta name=\"twitter:card\" content=\"summary_large_image\" \/>\n\t\t<meta name=\"twitter:site\" content=\"@bercodi\" \/>\n\t\t<meta name=\"twitter:title\" content=\"Primera dama de Alemania destaca educaci\u00f3n de ni\u00f1os en visita a Nepal | El Digital de Asturias\" \/>\n\t\t<meta name=\"twitter:description\" content=\"Katmand\u00fa (Nepal), 7 feb (dpa) - La primera dama de Alemania, Elke B\u00fcdenbender, fue educada por mujeres muy fuertes, seg\u00fan revel\u00f3 hoy a dpa durante una visita a proyectos de ayuda en Nepal. La esposa del presidente alem\u00e1n, Frank-Walter Steinmeier, manifest\u00f3 que de joven quer\u00eda ser enfermera al igual que su madrina, casi como una\" \/>\n\t\t<meta name=\"twitter:creator\" content=\"@bercodi\" \/>\n\t\t<meta name=\"twitter:image\" content=\"https:\/\/eldigitaldeasturias.com\/radio\/wp-content\/uploads\/2018\/03\/technology-785742_1280.jpg\" \/>\n\t\t<script type=\"application\/ld+json\" class=\"aioseo-schema\">\n\t\t\t{\"@context\":\"https:\\\/\\\/schema.org\",\"@graph\":[{\"@type\":\"BreadcrumbList\",\"@id\":\"https:\\\/\\\/eldigitaldeasturias.com\\\/radio\\\/primera-dama-de-alemania-destaca-educacion-de-ninos-en-visita-a-nepal\\\/#breadcrumblist\",\"itemListElement\":[{\"@type\":\"ListItem\",\"@id\":\"https:\\\/\\\/eldigitaldeasturias.com\\\/radio#listItem\",\"position\":1,\"name\":\"Inicio\",\"item\":\"https:\\\/\\\/eldigitaldeasturias.com\\\/radio\",\"nextItem\":{\"@type\":\"ListItem\",\"@id\":\"https:\\\/\\\/eldigitaldeasturias.com\\\/radio\\\/category\\\/noticias\\\/#listItem\",\"name\":\"Noticias\"}},{\"@type\":\"ListItem\",\"@id\":\"https:\\\/\\\/eldigitaldeasturias.com\\\/radio\\\/category\\\/noticias\\\/#listItem\",\"position\":2,\"name\":\"Noticias\",\"item\":\"https:\\\/\\\/eldigitaldeasturias.com\\\/radio\\\/category\\\/noticias\\\/\",\"nextItem\":{\"@type\":\"ListItem\",\"@id\":\"https:\\\/\\\/eldigitaldeasturias.com\\\/radio\\\/primera-dama-de-alemania-destaca-educacion-de-ninos-en-visita-a-nepal\\\/#listItem\",\"name\":\"Primera dama de Alemania destaca educaci\\u00f3n de ni\\u00f1os en visita a Nepal\"},\"previousItem\":{\"@type\":\"ListItem\",\"@id\":\"https:\\\/\\\/eldigitaldeasturias.com\\\/radio#listItem\",\"name\":\"Inicio\"}},{\"@type\":\"ListItem\",\"@id\":\"https:\\\/\\\/eldigitaldeasturias.com\\\/radio\\\/primera-dama-de-alemania-destaca-educacion-de-ninos-en-visita-a-nepal\\\/#listItem\",\"position\":3,\"name\":\"Primera dama de Alemania destaca educaci\\u00f3n de ni\\u00f1os en visita a Nepal\",\"previousItem\":{\"@type\":\"ListItem\",\"@id\":\"https:\\\/\\\/eldigitaldeasturias.com\\\/radio\\\/category\\\/noticias\\\/#listItem\",\"name\":\"Noticias\"}}]},{\"@type\":\"NewsArticle\",\"@id\":\"https:\\\/\\\/eldigitaldeasturias.com\\\/radio\\\/primera-dama-de-alemania-destaca-educacion-de-ninos-en-visita-a-nepal\\\/#newsarticle\",\"name\":\"Primera dama de Alemania destaca educaci\\u00f3n de ni\\u00f1os en visita a Nepal | El Digital de Asturias\",\"headline\":\"Primera dama de Alemania destaca educaci\\u00f3n de ni\\u00f1os en visita a Nepal\",\"author\":{\"@id\":\"https:\\\/\\\/eldigitaldeasturias.com\\\/radio\\\/author\\\/nbasturias\\\/#author\"},\"publisher\":{\"@id\":\"https:\\\/\\\/eldigitaldeasturias.com\\\/radio\\\/#organization\"},\"image\":{\"@type\":\"ImageObject\",\"url\":\"https:\\\/\\\/eldigitaldeasturias.com\\\/radio\\\/wp-content\\\/uploads\\\/2018\\\/03\\\/technology-785742_1280.jpg\",\"width\":1280,\"height\":853},\"datePublished\":\"2020-02-08T22:27:58+01:00\",\"dateModified\":\"2020-02-08T22:27:58+01:00\",\"inLanguage\":\"es-ES\",\"mainEntityOfPage\":{\"@id\":\"https:\\\/\\\/eldigitaldeasturias.com\\\/radio\\\/primera-dama-de-alemania-destaca-educacion-de-ninos-en-visita-a-nepal\\\/#webpage\"},\"isPartOf\":{\"@id\":\"https:\\\/\\\/eldigitaldeasturias.com\\\/radio\\\/primera-dama-de-alemania-destaca-educacion-de-ninos-en-visita-a-nepal\\\/#webpage\"},\"articleSection\":\"Noticias\",\"dateline\":\"Publicado el febrero 8, 2020.\"},{\"@type\":\"Organization\",\"@id\":\"https:\\\/\\\/eldigitaldeasturias.com\\\/radio\\\/#organization\",\"name\":\"El digital de Asturias Radio\",\"description\":\"Diario de informaci\\u00f3n y noticias\",\"url\":\"https:\\\/\\\/eldigitaldeasturias.com\\\/radio\\\/\",\"telephone\":\"+34652131393\",\"logo\":{\"@type\":\"ImageObject\",\"url\":\"https:\\\/\\\/www.eldigitaldeasturias.com\\\/radio\\\/wp-content\\\/uploads\\\/2021\\\/03\\\/EDA.jpg\",\"@id\":\"https:\\\/\\\/eldigitaldeasturias.com\\\/radio\\\/primera-dama-de-alemania-destaca-educacion-de-ninos-en-visita-a-nepal\\\/#organizationLogo\"},\"image\":{\"@id\":\"https:\\\/\\\/eldigitaldeasturias.com\\\/radio\\\/primera-dama-de-alemania-destaca-educacion-de-ninos-en-visita-a-nepal\\\/#organizationLogo\"},\"sameAs\":[\"https:\\\/\\\/www.facebook.com\\\/\",\"https:\\\/\\\/x.com\\\/bercodi\",\"https:\\\/\\\/www.instagram.com\\\/\",\"https:\\\/\\\/www.youtube.com\\\/channel\\\/UCZP-2wLEB9Rv6erhFmqVnvg\"]},{\"@type\":\"Person\",\"@id\":\"https:\\\/\\\/eldigitaldeasturias.com\\\/radio\\\/author\\\/nbasturias\\\/#author\",\"url\":\"https:\\\/\\\/eldigitaldeasturias.com\\\/radio\\\/author\\\/nbasturias\\\/\",\"name\":\"NBAsturias\",\"image\":{\"@type\":\"ImageObject\",\"@id\":\"https:\\\/\\\/eldigitaldeasturias.com\\\/radio\\\/primera-dama-de-alemania-destaca-educacion-de-ninos-en-visita-a-nepal\\\/#authorImage\",\"url\":\"https:\\\/\\\/secure.gravatar.com\\\/avatar\\\/df2aeffc32bcd13f8d26072ef8a91b623d677766deac7f97ca815868cd41bf5e?s=96&d=mm&r=g\",\"width\":96,\"height\":96,\"caption\":\"NBAsturias\"}},{\"@type\":\"WebPage\",\"@id\":\"https:\\\/\\\/eldigitaldeasturias.com\\\/radio\\\/primera-dama-de-alemania-destaca-educacion-de-ninos-en-visita-a-nepal\\\/#webpage\",\"url\":\"https:\\\/\\\/eldigitaldeasturias.com\\\/radio\\\/primera-dama-de-alemania-destaca-educacion-de-ninos-en-visita-a-nepal\\\/\",\"name\":\"Primera dama de Alemania destaca educaci\\u00f3n de ni\\u00f1os en visita a Nepal | El Digital de Asturias\",\"description\":\"Katmand\\u00fa (Nepal), 7 feb (dpa) - La primera dama de Alemania, Elke B\\u00fcdenbender, fue educada por mujeres muy fuertes, seg\\u00fan revel\\u00f3 hoy a dpa durante una visita a proyectos de ayuda en Nepal. La esposa del presidente alem\\u00e1n, Frank-Walter Steinmeier, manifest\\u00f3 que de joven quer\\u00eda ser enfermera al igual que su madrina, casi como una\",\"inLanguage\":\"es-ES\",\"isPartOf\":{\"@id\":\"https:\\\/\\\/eldigitaldeasturias.com\\\/radio\\\/#website\"},\"breadcrumb\":{\"@id\":\"https:\\\/\\\/eldigitaldeasturias.com\\\/radio\\\/primera-dama-de-alemania-destaca-educacion-de-ninos-en-visita-a-nepal\\\/#breadcrumblist\"},\"author\":{\"@id\":\"https:\\\/\\\/eldigitaldeasturias.com\\\/radio\\\/author\\\/nbasturias\\\/#author\"},\"creator\":{\"@id\":\"https:\\\/\\\/eldigitaldeasturias.com\\\/radio\\\/author\\\/nbasturias\\\/#author\"},\"image\":{\"@type\":\"ImageObject\",\"url\":\"https:\\\/\\\/eldigitaldeasturias.com\\\/radio\\\/wp-content\\\/uploads\\\/2018\\\/03\\\/technology-785742_1280.jpg\",\"@id\":\"https:\\\/\\\/eldigitaldeasturias.com\\\/radio\\\/primera-dama-de-alemania-destaca-educacion-de-ninos-en-visita-a-nepal\\\/#mainImage\",\"width\":1280,\"height\":853},\"primaryImageOfPage\":{\"@id\":\"https:\\\/\\\/eldigitaldeasturias.com\\\/radio\\\/primera-dama-de-alemania-destaca-educacion-de-ninos-en-visita-a-nepal\\\/#mainImage\"},\"datePublished\":\"2020-02-08T22:27:58+01:00\",\"dateModified\":\"2020-02-08T22:27:58+01:00\"},{\"@type\":\"WebSite\",\"@id\":\"https:\\\/\\\/eldigitaldeasturias.com\\\/radio\\\/#website\",\"url\":\"https:\\\/\\\/eldigitaldeasturias.com\\\/radio\\\/\",\"name\":\"El Digital de Asturias\",\"description\":\"Diario de informaci\\u00f3n y noticias\",\"inLanguage\":\"es-ES\",\"publisher\":{\"@id\":\"https:\\\/\\\/eldigitaldeasturias.com\\\/radio\\\/#organization\"}}]}\n\t\t<\/script>\n\t\t<!-- All in One SEO Pro -->\r\n\t\t<title>Primera dama de Alemania destaca educaci\u00f3n de ni\u00f1os en visita a Nepal | El Digital de Asturias<\/title>\n\n","aioseo_head_json":{"title":"Primera dama de Alemania destaca educaci\u00f3n de ni\u00f1os en visita a Nepal | El Digital de Asturias","description":"Katmand\u00fa (Nepal), 7 feb (dpa) - La primera dama de Alemania, Elke B\u00fcdenbender, fue educada por mujeres muy fuertes, seg\u00fan revel\u00f3 hoy a dpa durante una visita a proyectos de ayuda en Nepal. La esposa del presidente alem\u00e1n, Frank-Walter Steinmeier, manifest\u00f3 que de joven quer\u00eda ser enfermera al igual que su madrina, casi como una","canonical_url":"https:\/\/eldigitaldeasturias.com\/radio\/primera-dama-de-alemania-destaca-educacion-de-ninos-en-visita-a-nepal\/","robots":"max-image-preview:large","keywords":"noticias","webmasterTools":{"google-site-verification":"UA-38556648-1","miscellaneous":""},"schema":{"@context":"https:\/\/schema.org","@graph":[{"@type":"BreadcrumbList","@id":"https:\/\/eldigitaldeasturias.com\/radio\/primera-dama-de-alemania-destaca-educacion-de-ninos-en-visita-a-nepal\/#breadcrumblist","itemListElement":[{"@type":"ListItem","@id":"https:\/\/eldigitaldeasturias.com\/radio#listItem","position":1,"name":"Inicio","item":"https:\/\/eldigitaldeasturias.com\/radio","nextItem":{"@type":"ListItem","@id":"https:\/\/eldigitaldeasturias.com\/radio\/category\/noticias\/#listItem","name":"Noticias"}},{"@type":"ListItem","@id":"https:\/\/eldigitaldeasturias.com\/radio\/category\/noticias\/#listItem","position":2,"name":"Noticias","item":"https:\/\/eldigitaldeasturias.com\/radio\/category\/noticias\/","nextItem":{"@type":"ListItem","@id":"https:\/\/eldigitaldeasturias.com\/radio\/primera-dama-de-alemania-destaca-educacion-de-ninos-en-visita-a-nepal\/#listItem","name":"Primera dama de Alemania destaca educaci\u00f3n de ni\u00f1os en visita a Nepal"},"previousItem":{"@type":"ListItem","@id":"https:\/\/eldigitaldeasturias.com\/radio#listItem","name":"Inicio"}},{"@type":"ListItem","@id":"https:\/\/eldigitaldeasturias.com\/radio\/primera-dama-de-alemania-destaca-educacion-de-ninos-en-visita-a-nepal\/#listItem","position":3,"name":"Primera dama de Alemania destaca educaci\u00f3n de ni\u00f1os en visita a Nepal","previousItem":{"@type":"ListItem","@id":"https:\/\/eldigitaldeasturias.com\/radio\/category\/noticias\/#listItem","name":"Noticias"}}]},{"@type":"NewsArticle","@id":"https:\/\/eldigitaldeasturias.com\/radio\/primera-dama-de-alemania-destaca-educacion-de-ninos-en-visita-a-nepal\/#newsarticle","name":"Primera dama de Alemania destaca educaci\u00f3n de ni\u00f1os en visita a Nepal | El Digital de Asturias","headline":"Primera dama de Alemania destaca educaci\u00f3n de ni\u00f1os en visita a Nepal","author":{"@id":"https:\/\/eldigitaldeasturias.com\/radio\/author\/nbasturias\/#author"},"publisher":{"@id":"https:\/\/eldigitaldeasturias.com\/radio\/#organization"},"image":{"@type":"ImageObject","url":"https:\/\/eldigitaldeasturias.com\/radio\/wp-content\/uploads\/2018\/03\/technology-785742_1280.jpg","width":1280,"height":853},"datePublished":"2020-02-08T22:27:58+01:00","dateModified":"2020-02-08T22:27:58+01:00","inLanguage":"es-ES","mainEntityOfPage":{"@id":"https:\/\/eldigitaldeasturias.com\/radio\/primera-dama-de-alemania-destaca-educacion-de-ninos-en-visita-a-nepal\/#webpage"},"isPartOf":{"@id":"https:\/\/eldigitaldeasturias.com\/radio\/primera-dama-de-alemania-destaca-educacion-de-ninos-en-visita-a-nepal\/#webpage"},"articleSection":"Noticias","dateline":"Publicado el febrero 8, 2020."},{"@type":"Organization","@id":"https:\/\/eldigitaldeasturias.com\/radio\/#organization","name":"El digital de Asturias Radio","description":"Diario de informaci\u00f3n y noticias","url":"https:\/\/eldigitaldeasturias.com\/radio\/","telephone":"+34652131393","logo":{"@type":"ImageObject","url":"https:\/\/www.eldigitaldeasturias.com\/radio\/wp-content\/uploads\/2021\/03\/EDA.jpg","@id":"https:\/\/eldigitaldeasturias.com\/radio\/primera-dama-de-alemania-destaca-educacion-de-ninos-en-visita-a-nepal\/#organizationLogo"},"image":{"@id":"https:\/\/eldigitaldeasturias.com\/radio\/primera-dama-de-alemania-destaca-educacion-de-ninos-en-visita-a-nepal\/#organizationLogo"},"sameAs":["https:\/\/www.facebook.com\/","https:\/\/x.com\/bercodi","https:\/\/www.instagram.com\/","https:\/\/www.youtube.com\/channel\/UCZP-2wLEB9Rv6erhFmqVnvg"]},{"@type":"Person","@id":"https:\/\/eldigitaldeasturias.com\/radio\/author\/nbasturias\/#author","url":"https:\/\/eldigitaldeasturias.com\/radio\/author\/nbasturias\/","name":"NBAsturias","image":{"@type":"ImageObject","@id":"https:\/\/eldigitaldeasturias.com\/radio\/primera-dama-de-alemania-destaca-educacion-de-ninos-en-visita-a-nepal\/#authorImage","url":"https:\/\/secure.gravatar.com\/avatar\/df2aeffc32bcd13f8d26072ef8a91b623d677766deac7f97ca815868cd41bf5e?s=96&d=mm&r=g","width":96,"height":96,"caption":"NBAsturias"}},{"@type":"WebPage","@id":"https:\/\/eldigitaldeasturias.com\/radio\/primera-dama-de-alemania-destaca-educacion-de-ninos-en-visita-a-nepal\/#webpage","url":"https:\/\/eldigitaldeasturias.com\/radio\/primera-dama-de-alemania-destaca-educacion-de-ninos-en-visita-a-nepal\/","name":"Primera dama de Alemania destaca educaci\u00f3n de ni\u00f1os en visita a Nepal | El Digital de Asturias","description":"Katmand\u00fa (Nepal), 7 feb (dpa) - La primera dama de Alemania, Elke B\u00fcdenbender, fue educada por mujeres muy fuertes, seg\u00fan revel\u00f3 hoy a dpa durante una visita a proyectos de ayuda en Nepal. La esposa del presidente alem\u00e1n, Frank-Walter Steinmeier, manifest\u00f3 que de joven quer\u00eda ser enfermera al igual que su madrina, casi como una","inLanguage":"es-ES","isPartOf":{"@id":"https:\/\/eldigitaldeasturias.com\/radio\/#website"},"breadcrumb":{"@id":"https:\/\/eldigitaldeasturias.com\/radio\/primera-dama-de-alemania-destaca-educacion-de-ninos-en-visita-a-nepal\/#breadcrumblist"},"author":{"@id":"https:\/\/eldigitaldeasturias.com\/radio\/author\/nbasturias\/#author"},"creator":{"@id":"https:\/\/eldigitaldeasturias.com\/radio\/author\/nbasturias\/#author"},"image":{"@type":"ImageObject","url":"https:\/\/eldigitaldeasturias.com\/radio\/wp-content\/uploads\/2018\/03\/technology-785742_1280.jpg","@id":"https:\/\/eldigitaldeasturias.com\/radio\/primera-dama-de-alemania-destaca-educacion-de-ninos-en-visita-a-nepal\/#mainImage","width":1280,"height":853},"primaryImageOfPage":{"@id":"https:\/\/eldigitaldeasturias.com\/radio\/primera-dama-de-alemania-destaca-educacion-de-ninos-en-visita-a-nepal\/#mainImage"},"datePublished":"2020-02-08T22:27:58+01:00","dateModified":"2020-02-08T22:27:58+01:00"},{"@type":"WebSite","@id":"https:\/\/eldigitaldeasturias.com\/radio\/#website","url":"https:\/\/eldigitaldeasturias.com\/radio\/","name":"El Digital de Asturias","description":"Diario de informaci\u00f3n y noticias","inLanguage":"es-ES","publisher":{"@id":"https:\/\/eldigitaldeasturias.com\/radio\/#organization"}}]},"og:locale":"es_ES","og:site_name":"El Digital de Asturias | Diario de informaci\u00f3n y noticias","og:type":"article","og:title":"Primera dama de Alemania destaca educaci\u00f3n de ni\u00f1os en visita a Nepal | El Digital de Asturias","og:description":"Katmand\u00fa (Nepal), 7 feb (dpa) - La primera dama de Alemania, Elke B\u00fcdenbender, fue educada por mujeres muy fuertes, seg\u00fan revel\u00f3 hoy a dpa durante una visita a proyectos de ayuda en Nepal. La esposa del presidente alem\u00e1n, Frank-Walter Steinmeier, manifest\u00f3 que de joven quer\u00eda ser enfermera al igual que su madrina, casi como una","og:url":"https:\/\/eldigitaldeasturias.com\/radio\/primera-dama-de-alemania-destaca-educacion-de-ninos-en-visita-a-nepal\/","og:image":"https:\/\/eldigitaldeasturias.com\/radio\/wp-content\/uploads\/2018\/03\/technology-785742_1280.jpg","og:image:secure_url":"https:\/\/eldigitaldeasturias.com\/radio\/wp-content\/uploads\/2018\/03\/technology-785742_1280.jpg","og:image:width":1280,"og:image:height":853,"article:published_time":"2020-02-08T22:27:58+00:00","article:modified_time":"2020-02-08T22:27:58+00:00","twitter:card":"summary_large_image","twitter:site":"@bercodi","twitter:title":"Primera dama de Alemania destaca educaci\u00f3n de ni\u00f1os en visita a Nepal | El Digital de Asturias","twitter:description":"Katmand\u00fa (Nepal), 7 feb (dpa) - La primera dama de Alemania, Elke B\u00fcdenbender, fue educada por mujeres muy fuertes, seg\u00fan revel\u00f3 hoy a dpa durante una visita a proyectos de ayuda en Nepal. La esposa del presidente alem\u00e1n, Frank-Walter Steinmeier, manifest\u00f3 que de joven quer\u00eda ser enfermera al igual que su madrina, casi como una","twitter:creator":"@bercodi","twitter:image":"https:\/\/eldigitaldeasturias.com\/radio\/wp-content\/uploads\/2018\/03\/technology-785742_1280.jpg"},"aioseo_meta_data":{"post_id":"3911","title":null,"description":null,"keywords":null,"keyphrases":null,"primary_term":null,"canonical_url":null,"og_title":null,"og_description":null,"og_object_type":"default","og_image_type":"default","og_image_url":null,"og_image_width":null,"og_image_height":null,"og_image_custom_url":null,"og_image_custom_fields":null,"og_video":null,"og_custom_url":null,"og_article_section":null,"og_article_tags":null,"twitter_use_og":false,"twitter_card":"default","twitter_image_type":"default","twitter_image_url":null,"twitter_image_custom_url":null,"twitter_image_custom_fields":null,"twitter_title":null,"twitter_description":null,"schema":{"blockGraphs":[],"customGraphs":[],"default":{"data":{"Article":[],"Course":[],"Dataset":[],"FAQPage":[],"Movie":[],"Person":[],"Product":[],"ProductReview":[],"Car":[],"Recipe":[],"Service":[],"SoftwareApplication":[],"WebPage":[]},"graphName":"","isEnabled":true},"graphs":[],"defaultGraph":"","defaultPostTypeGraph":""},"schema_type":null,"schema_type_options":null,"pillar_content":false,"robots_default":true,"robots_noindex":false,"robots_noarchive":false,"robots_nosnippet":false,"robots_nofollow":false,"robots_noimageindex":false,"robots_noodp":false,"robots_notranslate":false,"robots_max_snippet":null,"robots_max_videopreview":null,"robots_max_imagepreview":"large","priority":null,"frequency":null,"location":null,"local_seo":null,"seo_analyzer_scan_date":"2025-08-28 15:04:23","breadcrumb_settings":null,"limit_modified_date":false,"open_ai":null,"ai":null,"created":"2021-03-27 00:16:47","updated":"2025-08-28 15:04:23"},"aioseo_breadcrumb":"<div class=\"aioseo-breadcrumbs\"><span class=\"aioseo-breadcrumb\">\n\t<a href=\"https:\/\/eldigitaldeasturias.com\/radio\" title=\"Inicio\">Inicio<\/a>\n<\/span><span class=\"aioseo-breadcrumb-separator\">&ndash;<\/span><span class=\"aioseo-breadcrumb\">\n\t<a href=\"https:\/\/eldigitaldeasturias.com\/radio\/category\/noticias\/\" title=\"Noticias\">Noticias<\/a>\n<\/span><span class=\"aioseo-breadcrumb-separator\">&ndash;<\/span><span class=\"aioseo-breadcrumb\">\n\tPrimera dama de Alemania destaca educaci\u00f3n de ni\u00f1os en visita a Nepal\n<\/span><\/div>","aioseo_breadcrumb_json":[{"label":"Inicio","link":"https:\/\/eldigitaldeasturias.com\/radio"},{"label":"Noticias","link":"https:\/\/eldigitaldeasturias.com\/radio\/category\/noticias\/"},{"label":"Primera dama de Alemania destaca educaci\u00f3n de ni\u00f1os en visita a Nepal","link":"https:\/\/eldigitaldeasturias.com\/radio\/primera-dama-de-alemania-destaca-educacion-de-ninos-en-visita-a-nepal\/"}],"_links":{"self":[{"href":"https:\/\/eldigitaldeasturias.com\/radio\/wp-json\/wp\/v2\/posts\/3911","targetHints":{"allow":["GET"]}}],"collection":[{"href":"https:\/\/eldigitaldeasturias.com\/radio\/wp-json\/wp\/v2\/posts"}],"about":[{"href":"https:\/\/eldigitaldeasturias.com\/radio\/wp-json\/wp\/v2\/types\/post"}],"author":[{"embeddable":true,"href":"https:\/\/eldigitaldeasturias.com\/radio\/wp-json\/wp\/v2\/users\/1"}],"replies":[{"embeddable":true,"href":"https:\/\/eldigitaldeasturias.com\/radio\/wp-json\/wp\/v2\/comments?post=3911"}],"version-history":[{"count":0,"href":"https:\/\/eldigitaldeasturias.com\/radio\/wp-json\/wp\/v2\/posts\/3911\/revisions"}],"wp:featuredmedia":[{"embeddable":true,"href":"https:\/\/eldigitaldeasturias.com\/radio\/wp-json\/wp\/v2\/media\/242"}],"wp:attachment":[{"href":"https:\/\/eldigitaldeasturias.com\/radio\/wp-json\/wp\/v2\/media?parent=3911"}],"wp:term":[{"taxonomy":"category","embeddable":true,"href":"https:\/\/eldigitaldeasturias.com\/radio\/wp-json\/wp\/v2\/categories?post=3911"},{"taxonomy":"post_tag","embeddable":true,"href":"https:\/\/eldigitaldeasturias.com\/radio\/wp-json\/wp\/v2\/tags?post=3911"}],"curies":[{"name":"wp","href":"https:\/\/api.w.org\/{rel}","templated":true}]}}