{"id":3908,"date":"2020-02-08T22:27:19","date_gmt":"2020-02-08T22:27:19","guid":{"rendered":"http:\/\/www.eldigitaldeasturias.com\/radio\/?p=3908"},"modified":"2020-02-08T22:27:19","modified_gmt":"2020-02-08T22:27:19","slug":"merkel-ofrece-a-angola-apoyo-para-la-reconstruccion-del-pais","status":"publish","type":"post","link":"https:\/\/eldigitaldeasturias.com\/radio\/merkel-ofrece-a-angola-apoyo-para-la-reconstruccion-del-pais\/","title":{"rendered":"Merkel ofrece a Angola apoyo para la reconstrucci\u00f3n del pa\u00eds"},"content":{"rendered":"<figure id=\"attachment_3909\" aria-describedby=\"caption-attachment-3909\" style=\"width: 360px\" class=\"wp-caption alignleft\"><img fetchpriority=\"high\" decoding=\"async\" class=\"size-medium wp-image-3909\" src=\"http:\/\/www.eldigitaldeasturias.com\/radio\/wp-content\/uploads\/2020\/02\/Merkel-dpa-360x229.jpg\" alt=\"\" width=\"360\" height=\"229\" srcset=\"https:\/\/eldigitaldeasturias.com\/radio\/wp-content\/uploads\/2020\/02\/Merkel-dpa-360x229.jpg 360w, https:\/\/eldigitaldeasturias.com\/radio\/wp-content\/uploads\/2020\/02\/Merkel-dpa-1024x652.jpg 1024w, https:\/\/eldigitaldeasturias.com\/radio\/wp-content\/uploads\/2020\/02\/Merkel-dpa-768x489.jpg 768w, https:\/\/eldigitaldeasturias.com\/radio\/wp-content\/uploads\/2020\/02\/Merkel-dpa.jpg 1040w\" sizes=\"(max-width: 360px) 100vw, 360px\" \/><figcaption id=\"caption-attachment-3909\" class=\"wp-caption-text\">Foto: Kay Nietfeld\/dpa<\/figcaption><\/figure>\n<p>Luanda (Angola), 7 feb (dpa) &#8211; La canciller alemana, Angela Merkel, ofreci\u00f3 al gobierno angole\u00f1o un amplio apoyo para la construcci\u00f3n de infraestructura en el pa\u00eds, durante la visita que inici\u00f3 hoy al pa\u00eds africano.<\/p>\n<p>En una reuni\u00f3n mantenida hoy en Luanda con el presidente del pa\u00eds, Jo\u00e3o Manuel Gon\u00e7alves Louren\u00e7o, Merkel se\u00f1al\u00f3 que Alemania quiere ser socio bueno y honesto en la reconstrucci\u00f3n del pa\u00eds, tras la guerra civil que termin\u00f3 en 2002.<\/p>\n<p>Louren\u00e7o reiter\u00f3 la solicitud de una entrega de barcos alemanes de protecci\u00f3n costera para controlar los 1.600 kil\u00f3metros de costa, donde Angola est\u00e1 luchando, entre otros, contra la pirater\u00eda.<\/p>\n<p>Merkel reaccion\u00f3 positivamente ante esta solicitud e indic\u00f3 que las negociaciones sobre la cooperaci\u00f3n militar contin\u00faan en curso y m\u00e1s a nivel de las empresas intervinientes y no a nivel de jefes de Estado y Gobierno.<\/p>\n<p>La canciller germana coment\u00f3 que desea mejorar la cooperaci\u00f3n jur\u00eddica, tambi\u00e9n importante para el sector econ\u00f3mico. Ambos pa\u00edses firmaron un acuerdo de tr\u00e1fico a\u00e9reo que incluye la expansi\u00f3n del mismo y que, seg\u00fan Merkel, ayudar\u00e1 a estimular el intercambio entre los dos pa\u00edses.<\/p>\n<p>Tambi\u00e9n se prev\u00e9 una mayor cooperaci\u00f3n en el \u00e1mbito de la educaci\u00f3n. Merkel sostuvo que Angola es un pa\u00eds rico en materias primas, pero que debe ampliar sus oportunidades para ofrecer un futuro a los j\u00f3venes.<\/p>\n<p>En el marco de la visita se firm\u00f3 un programa de becas, que comenzar\u00e1 el pr\u00f3ximo a\u00f1o. El programa conceder\u00e1 anualmente 30 becas de maestr\u00eda, financiadas por el Ministerio de Petr\u00f3leo de Angola.<\/p>\n<p>Louren\u00e7o apunt\u00f3 que su Gobierno quer\u00eda intensificar las relaciones en los sectores econ\u00f3mico, energ\u00e9tico y de transporte, y que existe un gran inter\u00e9s en programas de formaci\u00f3n y capacitaci\u00f3n de personal directivo en los \u00e1mbitos agropecuarios, de formaci\u00f3n profesional y de salud, como en ampliar la cooperaci\u00f3n en el sector bancario.<\/p>\n<p>Actualmente, solo 25 empresas alemanas est\u00e1n involucradas en Angola. La corrupci\u00f3n y la falta de un estado de derecho se consideran el mayor freno a las inversiones alemanas.<\/p>\n<p>Merkel, quien ya visit\u00f3 el pa\u00eds en 2011, fue la primera jefa de Gobierno alemana en visitar Angola. La antigua colonia portuguesa es uno de los mayores productores de petr\u00f3leo de \u00c1frica. No obstante, el pa\u00eds est\u00e1 considerado como uno de los m\u00e1s pobres del mundo.<\/p>\n","protected":false},"excerpt":{"rendered":"<p>Luanda (Angola), 7 feb (dpa) &#8211; La canciller alemana, Angela Merkel, ofreci\u00f3 al gobierno angole\u00f1o un amplio apoyo para la construcci\u00f3n de infraestructura en el pa\u00eds, durante la visita que inici\u00f3 hoy al pa\u00eds africano. En una reuni\u00f3n mantenida hoy en Luanda con el presidente del pa\u00eds, Jo\u00e3o Manuel Gon\u00e7alves Louren\u00e7o, Merkel se\u00f1al\u00f3 que Alemania<\/p>\n","protected":false},"author":1,"featured_media":3909,"comment_status":"closed","ping_status":"closed","sticky":false,"template":"","format":"standard","meta":{"footnotes":""},"categories":[1],"tags":[],"class_list":{"0":"post-3908","1":"post","2":"type-post","3":"status-publish","4":"format-standard","5":"has-post-thumbnail","7":"category-noticias"},"aioseo_notices":[],"aioseo_head":"\n\t\t<!-- All in One SEO Pro 4.9.6.2 - aioseo.com -->\n\t<meta name=\"description\" content=\"Luanda (Angola), 7 feb (dpa) - La canciller alemana, Angela Merkel, ofreci\u00f3 al gobierno angole\u00f1o un amplio apoyo para la construcci\u00f3n de infraestructura en el pa\u00eds, durante la visita que inici\u00f3 hoy al pa\u00eds africano. En una reuni\u00f3n mantenida hoy en Luanda con el presidente del pa\u00eds, Jo\u00e3o Manuel Gon\u00e7alves Louren\u00e7o, Merkel se\u00f1al\u00f3 que Alemania\" \/>\n\t<meta name=\"robots\" content=\"max-image-preview:large\" \/>\n\t<meta name=\"author\" content=\"NBAsturias\"\/>\n\t<meta name=\"google-site-verification\" content=\"UA-38556648-1\" \/>\n\t<meta name=\"keywords\" content=\"noticias\" \/>\n\t<link rel=\"canonical\" href=\"https:\/\/eldigitaldeasturias.com\/radio\/merkel-ofrece-a-angola-apoyo-para-la-reconstruccion-del-pais\/\" \/>\n\t<meta name=\"generator\" content=\"All in One SEO Pro (AIOSEO) 4.9.6.2\" \/>\n\t\t<meta property=\"og:locale\" content=\"es_ES\" \/>\n\t\t<meta property=\"og:site_name\" content=\"El Digital de Asturias | Diario de informaci\u00f3n y noticias\" \/>\n\t\t<meta property=\"og:type\" content=\"article\" \/>\n\t\t<meta property=\"og:title\" content=\"Merkel ofrece a Angola apoyo para la reconstrucci\u00f3n del pa\u00eds | El Digital de Asturias\" \/>\n\t\t<meta property=\"og:description\" content=\"Luanda (Angola), 7 feb (dpa) - La canciller alemana, Angela Merkel, ofreci\u00f3 al gobierno angole\u00f1o un amplio apoyo para la construcci\u00f3n de infraestructura en el pa\u00eds, durante la visita que inici\u00f3 hoy al pa\u00eds africano. En una reuni\u00f3n mantenida hoy en Luanda con el presidente del pa\u00eds, Jo\u00e3o Manuel Gon\u00e7alves Louren\u00e7o, Merkel se\u00f1al\u00f3 que Alemania\" \/>\n\t\t<meta property=\"og:url\" content=\"https:\/\/eldigitaldeasturias.com\/radio\/merkel-ofrece-a-angola-apoyo-para-la-reconstruccion-del-pais\/\" \/>\n\t\t<meta property=\"og:image\" content=\"https:\/\/eldigitaldeasturias.com\/radio\/wp-content\/uploads\/2020\/02\/Merkel-dpa.jpg\" \/>\n\t\t<meta property=\"og:image:secure_url\" content=\"https:\/\/eldigitaldeasturias.com\/radio\/wp-content\/uploads\/2020\/02\/Merkel-dpa.jpg\" \/>\n\t\t<meta property=\"og:image:width\" content=\"1040\" \/>\n\t\t<meta property=\"og:image:height\" content=\"662\" \/>\n\t\t<meta property=\"article:published_time\" content=\"2020-02-08T22:27:19+00:00\" \/>\n\t\t<meta property=\"article:modified_time\" content=\"2020-02-08T22:27:19+00:00\" \/>\n\t\t<meta name=\"twitter:card\" content=\"summary_large_image\" \/>\n\t\t<meta name=\"twitter:site\" content=\"@bercodi\" \/>\n\t\t<meta name=\"twitter:title\" content=\"Merkel ofrece a Angola apoyo para la reconstrucci\u00f3n del pa\u00eds | El Digital de Asturias\" \/>\n\t\t<meta name=\"twitter:description\" content=\"Luanda (Angola), 7 feb (dpa) - La canciller alemana, Angela Merkel, ofreci\u00f3 al gobierno angole\u00f1o un amplio apoyo para la construcci\u00f3n de infraestructura en el pa\u00eds, durante la visita que inici\u00f3 hoy al pa\u00eds africano. En una reuni\u00f3n mantenida hoy en Luanda con el presidente del pa\u00eds, Jo\u00e3o Manuel Gon\u00e7alves Louren\u00e7o, Merkel se\u00f1al\u00f3 que Alemania\" \/>\n\t\t<meta name=\"twitter:creator\" content=\"@bercodi\" \/>\n\t\t<meta name=\"twitter:image\" content=\"https:\/\/eldigitaldeasturias.com\/radio\/wp-content\/uploads\/2020\/02\/Merkel-dpa.jpg\" \/>\n\t\t<script type=\"application\/ld+json\" class=\"aioseo-schema\">\n\t\t\t{\"@context\":\"https:\\\/\\\/schema.org\",\"@graph\":[{\"@type\":\"BreadcrumbList\",\"@id\":\"https:\\\/\\\/eldigitaldeasturias.com\\\/radio\\\/merkel-ofrece-a-angola-apoyo-para-la-reconstruccion-del-pais\\\/#breadcrumblist\",\"itemListElement\":[{\"@type\":\"ListItem\",\"@id\":\"https:\\\/\\\/eldigitaldeasturias.com\\\/radio#listItem\",\"position\":1,\"name\":\"Inicio\",\"item\":\"https:\\\/\\\/eldigitaldeasturias.com\\\/radio\",\"nextItem\":{\"@type\":\"ListItem\",\"@id\":\"https:\\\/\\\/eldigitaldeasturias.com\\\/radio\\\/category\\\/noticias\\\/#listItem\",\"name\":\"Noticias\"}},{\"@type\":\"ListItem\",\"@id\":\"https:\\\/\\\/eldigitaldeasturias.com\\\/radio\\\/category\\\/noticias\\\/#listItem\",\"position\":2,\"name\":\"Noticias\",\"item\":\"https:\\\/\\\/eldigitaldeasturias.com\\\/radio\\\/category\\\/noticias\\\/\",\"nextItem\":{\"@type\":\"ListItem\",\"@id\":\"https:\\\/\\\/eldigitaldeasturias.com\\\/radio\\\/merkel-ofrece-a-angola-apoyo-para-la-reconstruccion-del-pais\\\/#listItem\",\"name\":\"Merkel ofrece a Angola apoyo para la reconstrucci\\u00f3n del pa\\u00eds\"},\"previousItem\":{\"@type\":\"ListItem\",\"@id\":\"https:\\\/\\\/eldigitaldeasturias.com\\\/radio#listItem\",\"name\":\"Inicio\"}},{\"@type\":\"ListItem\",\"@id\":\"https:\\\/\\\/eldigitaldeasturias.com\\\/radio\\\/merkel-ofrece-a-angola-apoyo-para-la-reconstruccion-del-pais\\\/#listItem\",\"position\":3,\"name\":\"Merkel ofrece a Angola apoyo para la reconstrucci\\u00f3n del pa\\u00eds\",\"previousItem\":{\"@type\":\"ListItem\",\"@id\":\"https:\\\/\\\/eldigitaldeasturias.com\\\/radio\\\/category\\\/noticias\\\/#listItem\",\"name\":\"Noticias\"}}]},{\"@type\":\"NewsArticle\",\"@id\":\"https:\\\/\\\/eldigitaldeasturias.com\\\/radio\\\/merkel-ofrece-a-angola-apoyo-para-la-reconstruccion-del-pais\\\/#newsarticle\",\"name\":\"Merkel ofrece a Angola apoyo para la reconstrucci\\u00f3n del pa\\u00eds | El Digital de Asturias\",\"headline\":\"Merkel ofrece a Angola apoyo para la reconstrucci\\u00f3n del pa\\u00eds\",\"author\":{\"@id\":\"https:\\\/\\\/eldigitaldeasturias.com\\\/radio\\\/author\\\/nbasturias\\\/#author\"},\"publisher\":{\"@id\":\"https:\\\/\\\/eldigitaldeasturias.com\\\/radio\\\/#organization\"},\"image\":{\"@type\":\"ImageObject\",\"url\":\"https:\\\/\\\/eldigitaldeasturias.com\\\/radio\\\/wp-content\\\/uploads\\\/2020\\\/02\\\/Merkel-dpa.jpg\",\"width\":1040,\"height\":662,\"caption\":\"Foto: Kay Nietfeld\\\/dpa\"},\"datePublished\":\"2020-02-08T22:27:19+01:00\",\"dateModified\":\"2020-02-08T22:27:19+01:00\",\"inLanguage\":\"es-ES\",\"mainEntityOfPage\":{\"@id\":\"https:\\\/\\\/eldigitaldeasturias.com\\\/radio\\\/merkel-ofrece-a-angola-apoyo-para-la-reconstruccion-del-pais\\\/#webpage\"},\"isPartOf\":{\"@id\":\"https:\\\/\\\/eldigitaldeasturias.com\\\/radio\\\/merkel-ofrece-a-angola-apoyo-para-la-reconstruccion-del-pais\\\/#webpage\"},\"articleSection\":\"Noticias\",\"dateline\":\"Publicado el febrero 8, 2020.\"},{\"@type\":\"Organization\",\"@id\":\"https:\\\/\\\/eldigitaldeasturias.com\\\/radio\\\/#organization\",\"name\":\"El digital de Asturias Radio\",\"description\":\"Diario de informaci\\u00f3n y noticias\",\"url\":\"https:\\\/\\\/eldigitaldeasturias.com\\\/radio\\\/\",\"telephone\":\"+34652131393\",\"logo\":{\"@type\":\"ImageObject\",\"url\":\"https:\\\/\\\/www.eldigitaldeasturias.com\\\/radio\\\/wp-content\\\/uploads\\\/2021\\\/03\\\/EDA.jpg\",\"@id\":\"https:\\\/\\\/eldigitaldeasturias.com\\\/radio\\\/merkel-ofrece-a-angola-apoyo-para-la-reconstruccion-del-pais\\\/#organizationLogo\"},\"image\":{\"@id\":\"https:\\\/\\\/eldigitaldeasturias.com\\\/radio\\\/merkel-ofrece-a-angola-apoyo-para-la-reconstruccion-del-pais\\\/#organizationLogo\"},\"sameAs\":[\"https:\\\/\\\/www.facebook.com\\\/\",\"https:\\\/\\\/x.com\\\/bercodi\",\"https:\\\/\\\/www.instagram.com\\\/\",\"https:\\\/\\\/www.youtube.com\\\/channel\\\/UCZP-2wLEB9Rv6erhFmqVnvg\"]},{\"@type\":\"Person\",\"@id\":\"https:\\\/\\\/eldigitaldeasturias.com\\\/radio\\\/author\\\/nbasturias\\\/#author\",\"url\":\"https:\\\/\\\/eldigitaldeasturias.com\\\/radio\\\/author\\\/nbasturias\\\/\",\"name\":\"NBAsturias\",\"image\":{\"@type\":\"ImageObject\",\"@id\":\"https:\\\/\\\/eldigitaldeasturias.com\\\/radio\\\/merkel-ofrece-a-angola-apoyo-para-la-reconstruccion-del-pais\\\/#authorImage\",\"url\":\"https:\\\/\\\/secure.gravatar.com\\\/avatar\\\/df2aeffc32bcd13f8d26072ef8a91b623d677766deac7f97ca815868cd41bf5e?s=96&d=mm&r=g\",\"width\":96,\"height\":96,\"caption\":\"NBAsturias\"}},{\"@type\":\"WebPage\",\"@id\":\"https:\\\/\\\/eldigitaldeasturias.com\\\/radio\\\/merkel-ofrece-a-angola-apoyo-para-la-reconstruccion-del-pais\\\/#webpage\",\"url\":\"https:\\\/\\\/eldigitaldeasturias.com\\\/radio\\\/merkel-ofrece-a-angola-apoyo-para-la-reconstruccion-del-pais\\\/\",\"name\":\"Merkel ofrece a Angola apoyo para la reconstrucci\\u00f3n del pa\\u00eds | El Digital de Asturias\",\"description\":\"Luanda (Angola), 7 feb (dpa) - La canciller alemana, Angela Merkel, ofreci\\u00f3 al gobierno angole\\u00f1o un amplio apoyo para la construcci\\u00f3n de infraestructura en el pa\\u00eds, durante la visita que inici\\u00f3 hoy al pa\\u00eds africano. En una reuni\\u00f3n mantenida hoy en Luanda con el presidente del pa\\u00eds, Jo\\u00e3o Manuel Gon\\u00e7alves Louren\\u00e7o, Merkel se\\u00f1al\\u00f3 que Alemania\",\"inLanguage\":\"es-ES\",\"isPartOf\":{\"@id\":\"https:\\\/\\\/eldigitaldeasturias.com\\\/radio\\\/#website\"},\"breadcrumb\":{\"@id\":\"https:\\\/\\\/eldigitaldeasturias.com\\\/radio\\\/merkel-ofrece-a-angola-apoyo-para-la-reconstruccion-del-pais\\\/#breadcrumblist\"},\"author\":{\"@id\":\"https:\\\/\\\/eldigitaldeasturias.com\\\/radio\\\/author\\\/nbasturias\\\/#author\"},\"creator\":{\"@id\":\"https:\\\/\\\/eldigitaldeasturias.com\\\/radio\\\/author\\\/nbasturias\\\/#author\"},\"image\":{\"@type\":\"ImageObject\",\"url\":\"https:\\\/\\\/eldigitaldeasturias.com\\\/radio\\\/wp-content\\\/uploads\\\/2020\\\/02\\\/Merkel-dpa.jpg\",\"@id\":\"https:\\\/\\\/eldigitaldeasturias.com\\\/radio\\\/merkel-ofrece-a-angola-apoyo-para-la-reconstruccion-del-pais\\\/#mainImage\",\"width\":1040,\"height\":662,\"caption\":\"Foto: Kay Nietfeld\\\/dpa\"},\"primaryImageOfPage\":{\"@id\":\"https:\\\/\\\/eldigitaldeasturias.com\\\/radio\\\/merkel-ofrece-a-angola-apoyo-para-la-reconstruccion-del-pais\\\/#mainImage\"},\"datePublished\":\"2020-02-08T22:27:19+01:00\",\"dateModified\":\"2020-02-08T22:27:19+01:00\"},{\"@type\":\"WebSite\",\"@id\":\"https:\\\/\\\/eldigitaldeasturias.com\\\/radio\\\/#website\",\"url\":\"https:\\\/\\\/eldigitaldeasturias.com\\\/radio\\\/\",\"name\":\"El Digital de Asturias\",\"description\":\"Diario de informaci\\u00f3n y noticias\",\"inLanguage\":\"es-ES\",\"publisher\":{\"@id\":\"https:\\\/\\\/eldigitaldeasturias.com\\\/radio\\\/#organization\"}}]}\n\t\t<\/script>\n\t\t<!-- All in One SEO Pro -->\r\n\t\t<title>Merkel ofrece a Angola apoyo para la reconstrucci\u00f3n del pa\u00eds | El Digital de Asturias<\/title>\n\n","aioseo_head_json":{"title":"Merkel ofrece a Angola apoyo para la reconstrucci\u00f3n del pa\u00eds | El Digital de Asturias","description":"Luanda (Angola), 7 feb (dpa) - La canciller alemana, Angela Merkel, ofreci\u00f3 al gobierno angole\u00f1o un amplio apoyo para la construcci\u00f3n de infraestructura en el pa\u00eds, durante la visita que inici\u00f3 hoy al pa\u00eds africano. En una reuni\u00f3n mantenida hoy en Luanda con el presidente del pa\u00eds, Jo\u00e3o Manuel Gon\u00e7alves Louren\u00e7o, Merkel se\u00f1al\u00f3 que Alemania","canonical_url":"https:\/\/eldigitaldeasturias.com\/radio\/merkel-ofrece-a-angola-apoyo-para-la-reconstruccion-del-pais\/","robots":"max-image-preview:large","keywords":"noticias","webmasterTools":{"google-site-verification":"UA-38556648-1","miscellaneous":""},"schema":{"@context":"https:\/\/schema.org","@graph":[{"@type":"BreadcrumbList","@id":"https:\/\/eldigitaldeasturias.com\/radio\/merkel-ofrece-a-angola-apoyo-para-la-reconstruccion-del-pais\/#breadcrumblist","itemListElement":[{"@type":"ListItem","@id":"https:\/\/eldigitaldeasturias.com\/radio#listItem","position":1,"name":"Inicio","item":"https:\/\/eldigitaldeasturias.com\/radio","nextItem":{"@type":"ListItem","@id":"https:\/\/eldigitaldeasturias.com\/radio\/category\/noticias\/#listItem","name":"Noticias"}},{"@type":"ListItem","@id":"https:\/\/eldigitaldeasturias.com\/radio\/category\/noticias\/#listItem","position":2,"name":"Noticias","item":"https:\/\/eldigitaldeasturias.com\/radio\/category\/noticias\/","nextItem":{"@type":"ListItem","@id":"https:\/\/eldigitaldeasturias.com\/radio\/merkel-ofrece-a-angola-apoyo-para-la-reconstruccion-del-pais\/#listItem","name":"Merkel ofrece a Angola apoyo para la reconstrucci\u00f3n del pa\u00eds"},"previousItem":{"@type":"ListItem","@id":"https:\/\/eldigitaldeasturias.com\/radio#listItem","name":"Inicio"}},{"@type":"ListItem","@id":"https:\/\/eldigitaldeasturias.com\/radio\/merkel-ofrece-a-angola-apoyo-para-la-reconstruccion-del-pais\/#listItem","position":3,"name":"Merkel ofrece a Angola apoyo para la reconstrucci\u00f3n del pa\u00eds","previousItem":{"@type":"ListItem","@id":"https:\/\/eldigitaldeasturias.com\/radio\/category\/noticias\/#listItem","name":"Noticias"}}]},{"@type":"NewsArticle","@id":"https:\/\/eldigitaldeasturias.com\/radio\/merkel-ofrece-a-angola-apoyo-para-la-reconstruccion-del-pais\/#newsarticle","name":"Merkel ofrece a Angola apoyo para la reconstrucci\u00f3n del pa\u00eds | El Digital de Asturias","headline":"Merkel ofrece a Angola apoyo para la reconstrucci\u00f3n del pa\u00eds","author":{"@id":"https:\/\/eldigitaldeasturias.com\/radio\/author\/nbasturias\/#author"},"publisher":{"@id":"https:\/\/eldigitaldeasturias.com\/radio\/#organization"},"image":{"@type":"ImageObject","url":"https:\/\/eldigitaldeasturias.com\/radio\/wp-content\/uploads\/2020\/02\/Merkel-dpa.jpg","width":1040,"height":662,"caption":"Foto: Kay Nietfeld\/dpa"},"datePublished":"2020-02-08T22:27:19+01:00","dateModified":"2020-02-08T22:27:19+01:00","inLanguage":"es-ES","mainEntityOfPage":{"@id":"https:\/\/eldigitaldeasturias.com\/radio\/merkel-ofrece-a-angola-apoyo-para-la-reconstruccion-del-pais\/#webpage"},"isPartOf":{"@id":"https:\/\/eldigitaldeasturias.com\/radio\/merkel-ofrece-a-angola-apoyo-para-la-reconstruccion-del-pais\/#webpage"},"articleSection":"Noticias","dateline":"Publicado el febrero 8, 2020."},{"@type":"Organization","@id":"https:\/\/eldigitaldeasturias.com\/radio\/#organization","name":"El digital de Asturias Radio","description":"Diario de informaci\u00f3n y noticias","url":"https:\/\/eldigitaldeasturias.com\/radio\/","telephone":"+34652131393","logo":{"@type":"ImageObject","url":"https:\/\/www.eldigitaldeasturias.com\/radio\/wp-content\/uploads\/2021\/03\/EDA.jpg","@id":"https:\/\/eldigitaldeasturias.com\/radio\/merkel-ofrece-a-angola-apoyo-para-la-reconstruccion-del-pais\/#organizationLogo"},"image":{"@id":"https:\/\/eldigitaldeasturias.com\/radio\/merkel-ofrece-a-angola-apoyo-para-la-reconstruccion-del-pais\/#organizationLogo"},"sameAs":["https:\/\/www.facebook.com\/","https:\/\/x.com\/bercodi","https:\/\/www.instagram.com\/","https:\/\/www.youtube.com\/channel\/UCZP-2wLEB9Rv6erhFmqVnvg"]},{"@type":"Person","@id":"https:\/\/eldigitaldeasturias.com\/radio\/author\/nbasturias\/#author","url":"https:\/\/eldigitaldeasturias.com\/radio\/author\/nbasturias\/","name":"NBAsturias","image":{"@type":"ImageObject","@id":"https:\/\/eldigitaldeasturias.com\/radio\/merkel-ofrece-a-angola-apoyo-para-la-reconstruccion-del-pais\/#authorImage","url":"https:\/\/secure.gravatar.com\/avatar\/df2aeffc32bcd13f8d26072ef8a91b623d677766deac7f97ca815868cd41bf5e?s=96&d=mm&r=g","width":96,"height":96,"caption":"NBAsturias"}},{"@type":"WebPage","@id":"https:\/\/eldigitaldeasturias.com\/radio\/merkel-ofrece-a-angola-apoyo-para-la-reconstruccion-del-pais\/#webpage","url":"https:\/\/eldigitaldeasturias.com\/radio\/merkel-ofrece-a-angola-apoyo-para-la-reconstruccion-del-pais\/","name":"Merkel ofrece a Angola apoyo para la reconstrucci\u00f3n del pa\u00eds | El Digital de Asturias","description":"Luanda (Angola), 7 feb (dpa) - La canciller alemana, Angela Merkel, ofreci\u00f3 al gobierno angole\u00f1o un amplio apoyo para la construcci\u00f3n de infraestructura en el pa\u00eds, durante la visita que inici\u00f3 hoy al pa\u00eds africano. En una reuni\u00f3n mantenida hoy en Luanda con el presidente del pa\u00eds, Jo\u00e3o Manuel Gon\u00e7alves Louren\u00e7o, Merkel se\u00f1al\u00f3 que Alemania","inLanguage":"es-ES","isPartOf":{"@id":"https:\/\/eldigitaldeasturias.com\/radio\/#website"},"breadcrumb":{"@id":"https:\/\/eldigitaldeasturias.com\/radio\/merkel-ofrece-a-angola-apoyo-para-la-reconstruccion-del-pais\/#breadcrumblist"},"author":{"@id":"https:\/\/eldigitaldeasturias.com\/radio\/author\/nbasturias\/#author"},"creator":{"@id":"https:\/\/eldigitaldeasturias.com\/radio\/author\/nbasturias\/#author"},"image":{"@type":"ImageObject","url":"https:\/\/eldigitaldeasturias.com\/radio\/wp-content\/uploads\/2020\/02\/Merkel-dpa.jpg","@id":"https:\/\/eldigitaldeasturias.com\/radio\/merkel-ofrece-a-angola-apoyo-para-la-reconstruccion-del-pais\/#mainImage","width":1040,"height":662,"caption":"Foto: Kay Nietfeld\/dpa"},"primaryImageOfPage":{"@id":"https:\/\/eldigitaldeasturias.com\/radio\/merkel-ofrece-a-angola-apoyo-para-la-reconstruccion-del-pais\/#mainImage"},"datePublished":"2020-02-08T22:27:19+01:00","dateModified":"2020-02-08T22:27:19+01:00"},{"@type":"WebSite","@id":"https:\/\/eldigitaldeasturias.com\/radio\/#website","url":"https:\/\/eldigitaldeasturias.com\/radio\/","name":"El Digital de Asturias","description":"Diario de informaci\u00f3n y noticias","inLanguage":"es-ES","publisher":{"@id":"https:\/\/eldigitaldeasturias.com\/radio\/#organization"}}]},"og:locale":"es_ES","og:site_name":"El Digital de Asturias | Diario de informaci\u00f3n y noticias","og:type":"article","og:title":"Merkel ofrece a Angola apoyo para la reconstrucci\u00f3n del pa\u00eds | El Digital de Asturias","og:description":"Luanda (Angola), 7 feb (dpa) - La canciller alemana, Angela Merkel, ofreci\u00f3 al gobierno angole\u00f1o un amplio apoyo para la construcci\u00f3n de infraestructura en el pa\u00eds, durante la visita que inici\u00f3 hoy al pa\u00eds africano. En una reuni\u00f3n mantenida hoy en Luanda con el presidente del pa\u00eds, Jo\u00e3o Manuel Gon\u00e7alves Louren\u00e7o, Merkel se\u00f1al\u00f3 que Alemania","og:url":"https:\/\/eldigitaldeasturias.com\/radio\/merkel-ofrece-a-angola-apoyo-para-la-reconstruccion-del-pais\/","og:image":"https:\/\/eldigitaldeasturias.com\/radio\/wp-content\/uploads\/2020\/02\/Merkel-dpa.jpg","og:image:secure_url":"https:\/\/eldigitaldeasturias.com\/radio\/wp-content\/uploads\/2020\/02\/Merkel-dpa.jpg","og:image:width":1040,"og:image:height":662,"article:published_time":"2020-02-08T22:27:19+00:00","article:modified_time":"2020-02-08T22:27:19+00:00","twitter:card":"summary_large_image","twitter:site":"@bercodi","twitter:title":"Merkel ofrece a Angola apoyo para la reconstrucci\u00f3n del pa\u00eds | El Digital de Asturias","twitter:description":"Luanda (Angola), 7 feb (dpa) - La canciller alemana, Angela Merkel, ofreci\u00f3 al gobierno angole\u00f1o un amplio apoyo para la construcci\u00f3n de infraestructura en el pa\u00eds, durante la visita que inici\u00f3 hoy al pa\u00eds africano. En una reuni\u00f3n mantenida hoy en Luanda con el presidente del pa\u00eds, Jo\u00e3o Manuel Gon\u00e7alves Louren\u00e7o, Merkel se\u00f1al\u00f3 que Alemania","twitter:creator":"@bercodi","twitter:image":"https:\/\/eldigitaldeasturias.com\/radio\/wp-content\/uploads\/2020\/02\/Merkel-dpa.jpg"},"aioseo_meta_data":{"post_id":"3908","title":null,"description":null,"keywords":null,"keyphrases":null,"primary_term":null,"canonical_url":null,"og_title":null,"og_description":null,"og_object_type":"default","og_image_type":"default","og_image_url":null,"og_image_width":null,"og_image_height":null,"og_image_custom_url":null,"og_image_custom_fields":null,"og_video":null,"og_custom_url":null,"og_article_section":null,"og_article_tags":null,"twitter_use_og":false,"twitter_card":"default","twitter_image_type":"default","twitter_image_url":null,"twitter_image_custom_url":null,"twitter_image_custom_fields":null,"twitter_title":null,"twitter_description":null,"schema":{"blockGraphs":[],"customGraphs":[],"default":{"data":{"Article":[],"Course":[],"Dataset":[],"FAQPage":[],"Movie":[],"Person":[],"Product":[],"ProductReview":[],"Car":[],"Recipe":[],"Service":[],"SoftwareApplication":[],"WebPage":[]},"graphName":"","isEnabled":true},"graphs":[],"defaultGraph":"","defaultPostTypeGraph":""},"schema_type":null,"schema_type_options":null,"pillar_content":false,"robots_default":true,"robots_noindex":false,"robots_noarchive":false,"robots_nosnippet":false,"robots_nofollow":false,"robots_noimageindex":false,"robots_noodp":false,"robots_notranslate":false,"robots_max_snippet":null,"robots_max_videopreview":null,"robots_max_imagepreview":"large","priority":null,"frequency":null,"location":null,"local_seo":null,"seo_analyzer_scan_date":"2025-08-28 15:04:22","breadcrumb_settings":null,"limit_modified_date":false,"open_ai":null,"ai":null,"created":"2021-03-26 09:44:49","updated":"2025-08-28 15:04:22"},"aioseo_breadcrumb":"<div class=\"aioseo-breadcrumbs\"><span class=\"aioseo-breadcrumb\">\n\t<a href=\"https:\/\/eldigitaldeasturias.com\/radio\" title=\"Inicio\">Inicio<\/a>\n<\/span><span class=\"aioseo-breadcrumb-separator\">&ndash;<\/span><span class=\"aioseo-breadcrumb\">\n\t<a href=\"https:\/\/eldigitaldeasturias.com\/radio\/category\/noticias\/\" title=\"Noticias\">Noticias<\/a>\n<\/span><span class=\"aioseo-breadcrumb-separator\">&ndash;<\/span><span class=\"aioseo-breadcrumb\">\n\tMerkel ofrece a Angola apoyo para la reconstrucci\u00f3n del pa\u00eds\n<\/span><\/div>","aioseo_breadcrumb_json":[{"label":"Inicio","link":"https:\/\/eldigitaldeasturias.com\/radio"},{"label":"Noticias","link":"https:\/\/eldigitaldeasturias.com\/radio\/category\/noticias\/"},{"label":"Merkel ofrece a Angola apoyo para la reconstrucci\u00f3n del pa\u00eds","link":"https:\/\/eldigitaldeasturias.com\/radio\/merkel-ofrece-a-angola-apoyo-para-la-reconstruccion-del-pais\/"}],"_links":{"self":[{"href":"https:\/\/eldigitaldeasturias.com\/radio\/wp-json\/wp\/v2\/posts\/3908","targetHints":{"allow":["GET"]}}],"collection":[{"href":"https:\/\/eldigitaldeasturias.com\/radio\/wp-json\/wp\/v2\/posts"}],"about":[{"href":"https:\/\/eldigitaldeasturias.com\/radio\/wp-json\/wp\/v2\/types\/post"}],"author":[{"embeddable":true,"href":"https:\/\/eldigitaldeasturias.com\/radio\/wp-json\/wp\/v2\/users\/1"}],"replies":[{"embeddable":true,"href":"https:\/\/eldigitaldeasturias.com\/radio\/wp-json\/wp\/v2\/comments?post=3908"}],"version-history":[{"count":0,"href":"https:\/\/eldigitaldeasturias.com\/radio\/wp-json\/wp\/v2\/posts\/3908\/revisions"}],"wp:featuredmedia":[{"embeddable":true,"href":"https:\/\/eldigitaldeasturias.com\/radio\/wp-json\/wp\/v2\/media\/3909"}],"wp:attachment":[{"href":"https:\/\/eldigitaldeasturias.com\/radio\/wp-json\/wp\/v2\/media?parent=3908"}],"wp:term":[{"taxonomy":"category","embeddable":true,"href":"https:\/\/eldigitaldeasturias.com\/radio\/wp-json\/wp\/v2\/categories?post=3908"},{"taxonomy":"post_tag","embeddable":true,"href":"https:\/\/eldigitaldeasturias.com\/radio\/wp-json\/wp\/v2\/tags?post=3908"}],"curies":[{"name":"wp","href":"https:\/\/api.w.org\/{rel}","templated":true}]}}