{"id":3906,"date":"2020-02-08T22:25:05","date_gmt":"2020-02-08T22:25:05","guid":{"rendered":"http:\/\/www.eldigitaldeasturias.com\/radio\/?p=3906"},"modified":"2020-02-08T22:25:05","modified_gmt":"2020-02-08T22:25:05","slug":"exportaciones-alemanas-registran-nuevo-record-pero-pierden-ritmo","status":"publish","type":"post","link":"https:\/\/eldigitaldeasturias.com\/radio\/exportaciones-alemanas-registran-nuevo-record-pero-pierden-ritmo\/","title":{"rendered":"Exportaciones alemanas registran nuevo r\u00e9cord pero pierden ritmo"},"content":{"rendered":"<p><img fetchpriority=\"high\" decoding=\"async\" class=\"alignleft size-medium wp-image-1471\" src=\"http:\/\/www.eldigitaldeasturias.com\/radio\/wp-content\/uploads\/2018\/10\/money-1005477_960_720-360x240.jpg\" alt=\"\" width=\"360\" height=\"240\" srcset=\"https:\/\/eldigitaldeasturias.com\/radio\/wp-content\/uploads\/2018\/10\/money-1005477_960_720-360x240.jpg 360w, https:\/\/eldigitaldeasturias.com\/radio\/wp-content\/uploads\/2018\/10\/money-1005477_960_720-768x512.jpg 768w, https:\/\/eldigitaldeasturias.com\/radio\/wp-content\/uploads\/2018\/10\/money-1005477_960_720.jpg 960w\" sizes=\"(max-width: 360px) 100vw, 360px\" \/>Wiesbaden (Alemania), 7 feb (dpa) &#8211; Las exportaciones alemanas registraron un nuevo valor r\u00e9cord en 2019 pero denotaron un menor incremento que en los a\u00f1os precedentes, revelaron las cifras suministradas hoy por la Oficina Federal de Estad\u00edstica (Destatis).<\/p>\n<p>Seg\u00fan los datos, las exportaciones de mercanc\u00edas aumentaron a un valor r\u00e9cord de 1,3276 billones de euros (1,4584 billones de d\u00f3lares). Sin embargo, con un 0,8 por ciento, el incremento que registraron fue mucho menor que en 2018 y 2017, cuando el crecimiento fue del tres y el 6,2 por ciento respectivamente.<\/p>\n<p>Las exportaciones mostraron una aceleraci\u00f3n hacia finales de 2019, de acuerdo con las informaciones de Destatis. En diciembre, se enviaron al extranjero mercanc\u00edas por valor de 98.000 millones de euros, lo que supuso un 2,3 por ciento m\u00e1s que en el mismo mes del a\u00f1o anterior.<\/p>\n<p>Por otra parte, las importaciones para el conjunto del a\u00f1o aumentaron un 1,4 por ciento hasta los 1,104 billones de euros.<\/p>\n<p>El conflicto comercial entre Estados Unidos y China, en particular, presion\u00f3 sobre la econom\u00eda mundial en 2019 y fren\u00f3 el crecimiento econ\u00f3mico de China, lo que afect\u00f3 especialmente a Alemania, como importante naci\u00f3n exportadora.<\/p>\n<p>Para el a\u00f1o en curso, la Asociaci\u00f3n Alemana de Comercio Exterior (BGA) no espera ninguna mejora radical. Si bien se vislumbra un acuerdo parcial entre Washington y Pek\u00edn y el riesgo de un Brexit desordenado parece haber disminuido por el momento, los problemas a\u00fan no est\u00e1n resueltos.<\/p>\n<p>La r\u00e1pida propagaci\u00f3n del coronavirus, en particular en China, un importante socio comercial de Alemania, es una nueva fuente de incertidumbre.<\/p>\n","protected":false},"excerpt":{"rendered":"<p>Wiesbaden (Alemania), 7 feb (dpa) &#8211; Las exportaciones alemanas registraron un nuevo valor r\u00e9cord en 2019 pero denotaron un menor incremento que en los a\u00f1os precedentes, revelaron las cifras suministradas hoy por la Oficina Federal de Estad\u00edstica (Destatis). Seg\u00fan los datos, las exportaciones de mercanc\u00edas aumentaron a un valor r\u00e9cord de 1,3276 billones de euros<\/p>\n","protected":false},"author":1,"featured_media":1471,"comment_status":"closed","ping_status":"closed","sticky":false,"template":"","format":"standard","meta":{"footnotes":""},"categories":[35],"tags":[],"class_list":{"0":"post-3906","1":"post","2":"type-post","3":"status-publish","4":"format-standard","5":"has-post-thumbnail","7":"category-negocios"},"aioseo_notices":[],"aioseo_head":"\n\t\t<!-- All in One SEO Pro 4.9.6.2 - aioseo.com -->\n\t<meta name=\"description\" content=\"Wiesbaden (Alemania), 7 feb (dpa) - Las exportaciones alemanas registraron un nuevo valor r\u00e9cord en 2019 pero denotaron un menor incremento que en los a\u00f1os precedentes, revelaron las cifras suministradas hoy por la Oficina Federal de Estad\u00edstica (Destatis). Seg\u00fan los datos, las exportaciones de mercanc\u00edas aumentaron a un valor r\u00e9cord de 1,3276 billones de euros\" \/>\n\t<meta name=\"robots\" content=\"max-image-preview:large\" \/>\n\t<meta name=\"author\" content=\"NBAsturias\"\/>\n\t<meta name=\"google-site-verification\" content=\"UA-38556648-1\" \/>\n\t<meta name=\"keywords\" content=\"negocios\" \/>\n\t<link rel=\"canonical\" href=\"https:\/\/eldigitaldeasturias.com\/radio\/exportaciones-alemanas-registran-nuevo-record-pero-pierden-ritmo\/\" \/>\n\t<meta name=\"generator\" content=\"All in One SEO Pro (AIOSEO) 4.9.6.2\" \/>\n\t\t<meta property=\"og:locale\" content=\"es_ES\" \/>\n\t\t<meta property=\"og:site_name\" content=\"El Digital de Asturias | Diario de informaci\u00f3n y noticias\" \/>\n\t\t<meta property=\"og:type\" content=\"article\" \/>\n\t\t<meta property=\"og:title\" content=\"Exportaciones alemanas registran nuevo r\u00e9cord pero pierden ritmo | El Digital de Asturias\" \/>\n\t\t<meta property=\"og:description\" content=\"Wiesbaden (Alemania), 7 feb (dpa) - Las exportaciones alemanas registraron un nuevo valor r\u00e9cord en 2019 pero denotaron un menor incremento que en los a\u00f1os precedentes, revelaron las cifras suministradas hoy por la Oficina Federal de Estad\u00edstica (Destatis). Seg\u00fan los datos, las exportaciones de mercanc\u00edas aumentaron a un valor r\u00e9cord de 1,3276 billones de euros\" \/>\n\t\t<meta property=\"og:url\" content=\"https:\/\/eldigitaldeasturias.com\/radio\/exportaciones-alemanas-registran-nuevo-record-pero-pierden-ritmo\/\" \/>\n\t\t<meta property=\"og:image\" content=\"https:\/\/eldigitaldeasturias.com\/radio\/wp-content\/uploads\/2018\/10\/money-1005477_960_720.jpg\" \/>\n\t\t<meta property=\"og:image:secure_url\" content=\"https:\/\/eldigitaldeasturias.com\/radio\/wp-content\/uploads\/2018\/10\/money-1005477_960_720.jpg\" \/>\n\t\t<meta property=\"og:image:width\" content=\"960\" \/>\n\t\t<meta property=\"og:image:height\" content=\"640\" \/>\n\t\t<meta property=\"article:published_time\" content=\"2020-02-08T22:25:05+00:00\" \/>\n\t\t<meta property=\"article:modified_time\" content=\"2020-02-08T22:25:05+00:00\" \/>\n\t\t<meta name=\"twitter:card\" content=\"summary_large_image\" \/>\n\t\t<meta name=\"twitter:site\" content=\"@bercodi\" \/>\n\t\t<meta name=\"twitter:title\" content=\"Exportaciones alemanas registran nuevo r\u00e9cord pero pierden ritmo | El Digital de Asturias\" \/>\n\t\t<meta name=\"twitter:description\" content=\"Wiesbaden (Alemania), 7 feb (dpa) - Las exportaciones alemanas registraron un nuevo valor r\u00e9cord en 2019 pero denotaron un menor incremento que en los a\u00f1os precedentes, revelaron las cifras suministradas hoy por la Oficina Federal de Estad\u00edstica (Destatis). Seg\u00fan los datos, las exportaciones de mercanc\u00edas aumentaron a un valor r\u00e9cord de 1,3276 billones de euros\" \/>\n\t\t<meta name=\"twitter:creator\" content=\"@bercodi\" \/>\n\t\t<meta name=\"twitter:image\" content=\"https:\/\/eldigitaldeasturias.com\/radio\/wp-content\/uploads\/2018\/10\/money-1005477_960_720.jpg\" \/>\n\t\t<script type=\"application\/ld+json\" class=\"aioseo-schema\">\n\t\t\t{\"@context\":\"https:\\\/\\\/schema.org\",\"@graph\":[{\"@type\":\"BreadcrumbList\",\"@id\":\"https:\\\/\\\/eldigitaldeasturias.com\\\/radio\\\/exportaciones-alemanas-registran-nuevo-record-pero-pierden-ritmo\\\/#breadcrumblist\",\"itemListElement\":[{\"@type\":\"ListItem\",\"@id\":\"https:\\\/\\\/eldigitaldeasturias.com\\\/radio#listItem\",\"position\":1,\"name\":\"Inicio\",\"item\":\"https:\\\/\\\/eldigitaldeasturias.com\\\/radio\",\"nextItem\":{\"@type\":\"ListItem\",\"@id\":\"https:\\\/\\\/eldigitaldeasturias.com\\\/radio\\\/category\\\/negocios\\\/#listItem\",\"name\":\"Negocios\"}},{\"@type\":\"ListItem\",\"@id\":\"https:\\\/\\\/eldigitaldeasturias.com\\\/radio\\\/category\\\/negocios\\\/#listItem\",\"position\":2,\"name\":\"Negocios\",\"item\":\"https:\\\/\\\/eldigitaldeasturias.com\\\/radio\\\/category\\\/negocios\\\/\",\"nextItem\":{\"@type\":\"ListItem\",\"@id\":\"https:\\\/\\\/eldigitaldeasturias.com\\\/radio\\\/exportaciones-alemanas-registran-nuevo-record-pero-pierden-ritmo\\\/#listItem\",\"name\":\"Exportaciones alemanas registran nuevo r\\u00e9cord pero pierden ritmo\"},\"previousItem\":{\"@type\":\"ListItem\",\"@id\":\"https:\\\/\\\/eldigitaldeasturias.com\\\/radio#listItem\",\"name\":\"Inicio\"}},{\"@type\":\"ListItem\",\"@id\":\"https:\\\/\\\/eldigitaldeasturias.com\\\/radio\\\/exportaciones-alemanas-registran-nuevo-record-pero-pierden-ritmo\\\/#listItem\",\"position\":3,\"name\":\"Exportaciones alemanas registran nuevo r\\u00e9cord pero pierden ritmo\",\"previousItem\":{\"@type\":\"ListItem\",\"@id\":\"https:\\\/\\\/eldigitaldeasturias.com\\\/radio\\\/category\\\/negocios\\\/#listItem\",\"name\":\"Negocios\"}}]},{\"@type\":\"NewsArticle\",\"@id\":\"https:\\\/\\\/eldigitaldeasturias.com\\\/radio\\\/exportaciones-alemanas-registran-nuevo-record-pero-pierden-ritmo\\\/#newsarticle\",\"name\":\"Exportaciones alemanas registran nuevo r\\u00e9cord pero pierden ritmo | El Digital de Asturias\",\"headline\":\"Exportaciones alemanas registran nuevo r\\u00e9cord pero pierden ritmo\",\"author\":{\"@id\":\"https:\\\/\\\/eldigitaldeasturias.com\\\/radio\\\/author\\\/nbasturias\\\/#author\"},\"publisher\":{\"@id\":\"https:\\\/\\\/eldigitaldeasturias.com\\\/radio\\\/#organization\"},\"image\":{\"@type\":\"ImageObject\",\"url\":\"https:\\\/\\\/eldigitaldeasturias.com\\\/radio\\\/wp-content\\\/uploads\\\/2018\\\/10\\\/money-1005477_960_720.jpg\",\"width\":960,\"height\":640},\"datePublished\":\"2020-02-08T22:25:05+01:00\",\"dateModified\":\"2020-02-08T22:25:05+01:00\",\"inLanguage\":\"es-ES\",\"mainEntityOfPage\":{\"@id\":\"https:\\\/\\\/eldigitaldeasturias.com\\\/radio\\\/exportaciones-alemanas-registran-nuevo-record-pero-pierden-ritmo\\\/#webpage\"},\"isPartOf\":{\"@id\":\"https:\\\/\\\/eldigitaldeasturias.com\\\/radio\\\/exportaciones-alemanas-registran-nuevo-record-pero-pierden-ritmo\\\/#webpage\"},\"articleSection\":\"Negocios\",\"dateline\":\"Publicado el febrero 8, 2020.\"},{\"@type\":\"Organization\",\"@id\":\"https:\\\/\\\/eldigitaldeasturias.com\\\/radio\\\/#organization\",\"name\":\"El digital de Asturias Radio\",\"description\":\"Diario de informaci\\u00f3n y noticias\",\"url\":\"https:\\\/\\\/eldigitaldeasturias.com\\\/radio\\\/\",\"telephone\":\"+34652131393\",\"logo\":{\"@type\":\"ImageObject\",\"url\":\"https:\\\/\\\/www.eldigitaldeasturias.com\\\/radio\\\/wp-content\\\/uploads\\\/2021\\\/03\\\/EDA.jpg\",\"@id\":\"https:\\\/\\\/eldigitaldeasturias.com\\\/radio\\\/exportaciones-alemanas-registran-nuevo-record-pero-pierden-ritmo\\\/#organizationLogo\"},\"image\":{\"@id\":\"https:\\\/\\\/eldigitaldeasturias.com\\\/radio\\\/exportaciones-alemanas-registran-nuevo-record-pero-pierden-ritmo\\\/#organizationLogo\"},\"sameAs\":[\"https:\\\/\\\/www.facebook.com\\\/\",\"https:\\\/\\\/x.com\\\/bercodi\",\"https:\\\/\\\/www.instagram.com\\\/\",\"https:\\\/\\\/www.youtube.com\\\/channel\\\/UCZP-2wLEB9Rv6erhFmqVnvg\"]},{\"@type\":\"Person\",\"@id\":\"https:\\\/\\\/eldigitaldeasturias.com\\\/radio\\\/author\\\/nbasturias\\\/#author\",\"url\":\"https:\\\/\\\/eldigitaldeasturias.com\\\/radio\\\/author\\\/nbasturias\\\/\",\"name\":\"NBAsturias\",\"image\":{\"@type\":\"ImageObject\",\"@id\":\"https:\\\/\\\/eldigitaldeasturias.com\\\/radio\\\/exportaciones-alemanas-registran-nuevo-record-pero-pierden-ritmo\\\/#authorImage\",\"url\":\"https:\\\/\\\/secure.gravatar.com\\\/avatar\\\/df2aeffc32bcd13f8d26072ef8a91b623d677766deac7f97ca815868cd41bf5e?s=96&d=mm&r=g\",\"width\":96,\"height\":96,\"caption\":\"NBAsturias\"}},{\"@type\":\"WebPage\",\"@id\":\"https:\\\/\\\/eldigitaldeasturias.com\\\/radio\\\/exportaciones-alemanas-registran-nuevo-record-pero-pierden-ritmo\\\/#webpage\",\"url\":\"https:\\\/\\\/eldigitaldeasturias.com\\\/radio\\\/exportaciones-alemanas-registran-nuevo-record-pero-pierden-ritmo\\\/\",\"name\":\"Exportaciones alemanas registran nuevo r\\u00e9cord pero pierden ritmo | El Digital de Asturias\",\"description\":\"Wiesbaden (Alemania), 7 feb (dpa) - Las exportaciones alemanas registraron un nuevo valor r\\u00e9cord en 2019 pero denotaron un menor incremento que en los a\\u00f1os precedentes, revelaron las cifras suministradas hoy por la Oficina Federal de Estad\\u00edstica (Destatis). Seg\\u00fan los datos, las exportaciones de mercanc\\u00edas aumentaron a un valor r\\u00e9cord de 1,3276 billones de euros\",\"inLanguage\":\"es-ES\",\"isPartOf\":{\"@id\":\"https:\\\/\\\/eldigitaldeasturias.com\\\/radio\\\/#website\"},\"breadcrumb\":{\"@id\":\"https:\\\/\\\/eldigitaldeasturias.com\\\/radio\\\/exportaciones-alemanas-registran-nuevo-record-pero-pierden-ritmo\\\/#breadcrumblist\"},\"author\":{\"@id\":\"https:\\\/\\\/eldigitaldeasturias.com\\\/radio\\\/author\\\/nbasturias\\\/#author\"},\"creator\":{\"@id\":\"https:\\\/\\\/eldigitaldeasturias.com\\\/radio\\\/author\\\/nbasturias\\\/#author\"},\"image\":{\"@type\":\"ImageObject\",\"url\":\"https:\\\/\\\/eldigitaldeasturias.com\\\/radio\\\/wp-content\\\/uploads\\\/2018\\\/10\\\/money-1005477_960_720.jpg\",\"@id\":\"https:\\\/\\\/eldigitaldeasturias.com\\\/radio\\\/exportaciones-alemanas-registran-nuevo-record-pero-pierden-ritmo\\\/#mainImage\",\"width\":960,\"height\":640},\"primaryImageOfPage\":{\"@id\":\"https:\\\/\\\/eldigitaldeasturias.com\\\/radio\\\/exportaciones-alemanas-registran-nuevo-record-pero-pierden-ritmo\\\/#mainImage\"},\"datePublished\":\"2020-02-08T22:25:05+01:00\",\"dateModified\":\"2020-02-08T22:25:05+01:00\"},{\"@type\":\"WebSite\",\"@id\":\"https:\\\/\\\/eldigitaldeasturias.com\\\/radio\\\/#website\",\"url\":\"https:\\\/\\\/eldigitaldeasturias.com\\\/radio\\\/\",\"name\":\"El Digital de Asturias\",\"description\":\"Diario de informaci\\u00f3n y noticias\",\"inLanguage\":\"es-ES\",\"publisher\":{\"@id\":\"https:\\\/\\\/eldigitaldeasturias.com\\\/radio\\\/#organization\"}}]}\n\t\t<\/script>\n\t\t<!-- All in One SEO Pro -->\r\n\t\t<title>Exportaciones alemanas registran nuevo r\u00e9cord pero pierden ritmo | El Digital de Asturias<\/title>\n\n","aioseo_head_json":{"title":"Exportaciones alemanas registran nuevo r\u00e9cord pero pierden ritmo | El Digital de Asturias","description":"Wiesbaden (Alemania), 7 feb (dpa) - Las exportaciones alemanas registraron un nuevo valor r\u00e9cord en 2019 pero denotaron un menor incremento que en los a\u00f1os precedentes, revelaron las cifras suministradas hoy por la Oficina Federal de Estad\u00edstica (Destatis). Seg\u00fan los datos, las exportaciones de mercanc\u00edas aumentaron a un valor r\u00e9cord de 1,3276 billones de euros","canonical_url":"https:\/\/eldigitaldeasturias.com\/radio\/exportaciones-alemanas-registran-nuevo-record-pero-pierden-ritmo\/","robots":"max-image-preview:large","keywords":"negocios","webmasterTools":{"google-site-verification":"UA-38556648-1","miscellaneous":""},"schema":{"@context":"https:\/\/schema.org","@graph":[{"@type":"BreadcrumbList","@id":"https:\/\/eldigitaldeasturias.com\/radio\/exportaciones-alemanas-registran-nuevo-record-pero-pierden-ritmo\/#breadcrumblist","itemListElement":[{"@type":"ListItem","@id":"https:\/\/eldigitaldeasturias.com\/radio#listItem","position":1,"name":"Inicio","item":"https:\/\/eldigitaldeasturias.com\/radio","nextItem":{"@type":"ListItem","@id":"https:\/\/eldigitaldeasturias.com\/radio\/category\/negocios\/#listItem","name":"Negocios"}},{"@type":"ListItem","@id":"https:\/\/eldigitaldeasturias.com\/radio\/category\/negocios\/#listItem","position":2,"name":"Negocios","item":"https:\/\/eldigitaldeasturias.com\/radio\/category\/negocios\/","nextItem":{"@type":"ListItem","@id":"https:\/\/eldigitaldeasturias.com\/radio\/exportaciones-alemanas-registran-nuevo-record-pero-pierden-ritmo\/#listItem","name":"Exportaciones alemanas registran nuevo r\u00e9cord pero pierden ritmo"},"previousItem":{"@type":"ListItem","@id":"https:\/\/eldigitaldeasturias.com\/radio#listItem","name":"Inicio"}},{"@type":"ListItem","@id":"https:\/\/eldigitaldeasturias.com\/radio\/exportaciones-alemanas-registran-nuevo-record-pero-pierden-ritmo\/#listItem","position":3,"name":"Exportaciones alemanas registran nuevo r\u00e9cord pero pierden ritmo","previousItem":{"@type":"ListItem","@id":"https:\/\/eldigitaldeasturias.com\/radio\/category\/negocios\/#listItem","name":"Negocios"}}]},{"@type":"NewsArticle","@id":"https:\/\/eldigitaldeasturias.com\/radio\/exportaciones-alemanas-registran-nuevo-record-pero-pierden-ritmo\/#newsarticle","name":"Exportaciones alemanas registran nuevo r\u00e9cord pero pierden ritmo | El Digital de Asturias","headline":"Exportaciones alemanas registran nuevo r\u00e9cord pero pierden ritmo","author":{"@id":"https:\/\/eldigitaldeasturias.com\/radio\/author\/nbasturias\/#author"},"publisher":{"@id":"https:\/\/eldigitaldeasturias.com\/radio\/#organization"},"image":{"@type":"ImageObject","url":"https:\/\/eldigitaldeasturias.com\/radio\/wp-content\/uploads\/2018\/10\/money-1005477_960_720.jpg","width":960,"height":640},"datePublished":"2020-02-08T22:25:05+01:00","dateModified":"2020-02-08T22:25:05+01:00","inLanguage":"es-ES","mainEntityOfPage":{"@id":"https:\/\/eldigitaldeasturias.com\/radio\/exportaciones-alemanas-registran-nuevo-record-pero-pierden-ritmo\/#webpage"},"isPartOf":{"@id":"https:\/\/eldigitaldeasturias.com\/radio\/exportaciones-alemanas-registran-nuevo-record-pero-pierden-ritmo\/#webpage"},"articleSection":"Negocios","dateline":"Publicado el febrero 8, 2020."},{"@type":"Organization","@id":"https:\/\/eldigitaldeasturias.com\/radio\/#organization","name":"El digital de Asturias Radio","description":"Diario de informaci\u00f3n y noticias","url":"https:\/\/eldigitaldeasturias.com\/radio\/","telephone":"+34652131393","logo":{"@type":"ImageObject","url":"https:\/\/www.eldigitaldeasturias.com\/radio\/wp-content\/uploads\/2021\/03\/EDA.jpg","@id":"https:\/\/eldigitaldeasturias.com\/radio\/exportaciones-alemanas-registran-nuevo-record-pero-pierden-ritmo\/#organizationLogo"},"image":{"@id":"https:\/\/eldigitaldeasturias.com\/radio\/exportaciones-alemanas-registran-nuevo-record-pero-pierden-ritmo\/#organizationLogo"},"sameAs":["https:\/\/www.facebook.com\/","https:\/\/x.com\/bercodi","https:\/\/www.instagram.com\/","https:\/\/www.youtube.com\/channel\/UCZP-2wLEB9Rv6erhFmqVnvg"]},{"@type":"Person","@id":"https:\/\/eldigitaldeasturias.com\/radio\/author\/nbasturias\/#author","url":"https:\/\/eldigitaldeasturias.com\/radio\/author\/nbasturias\/","name":"NBAsturias","image":{"@type":"ImageObject","@id":"https:\/\/eldigitaldeasturias.com\/radio\/exportaciones-alemanas-registran-nuevo-record-pero-pierden-ritmo\/#authorImage","url":"https:\/\/secure.gravatar.com\/avatar\/df2aeffc32bcd13f8d26072ef8a91b623d677766deac7f97ca815868cd41bf5e?s=96&d=mm&r=g","width":96,"height":96,"caption":"NBAsturias"}},{"@type":"WebPage","@id":"https:\/\/eldigitaldeasturias.com\/radio\/exportaciones-alemanas-registran-nuevo-record-pero-pierden-ritmo\/#webpage","url":"https:\/\/eldigitaldeasturias.com\/radio\/exportaciones-alemanas-registran-nuevo-record-pero-pierden-ritmo\/","name":"Exportaciones alemanas registran nuevo r\u00e9cord pero pierden ritmo | El Digital de Asturias","description":"Wiesbaden (Alemania), 7 feb (dpa) - Las exportaciones alemanas registraron un nuevo valor r\u00e9cord en 2019 pero denotaron un menor incremento que en los a\u00f1os precedentes, revelaron las cifras suministradas hoy por la Oficina Federal de Estad\u00edstica (Destatis). Seg\u00fan los datos, las exportaciones de mercanc\u00edas aumentaron a un valor r\u00e9cord de 1,3276 billones de euros","inLanguage":"es-ES","isPartOf":{"@id":"https:\/\/eldigitaldeasturias.com\/radio\/#website"},"breadcrumb":{"@id":"https:\/\/eldigitaldeasturias.com\/radio\/exportaciones-alemanas-registran-nuevo-record-pero-pierden-ritmo\/#breadcrumblist"},"author":{"@id":"https:\/\/eldigitaldeasturias.com\/radio\/author\/nbasturias\/#author"},"creator":{"@id":"https:\/\/eldigitaldeasturias.com\/radio\/author\/nbasturias\/#author"},"image":{"@type":"ImageObject","url":"https:\/\/eldigitaldeasturias.com\/radio\/wp-content\/uploads\/2018\/10\/money-1005477_960_720.jpg","@id":"https:\/\/eldigitaldeasturias.com\/radio\/exportaciones-alemanas-registran-nuevo-record-pero-pierden-ritmo\/#mainImage","width":960,"height":640},"primaryImageOfPage":{"@id":"https:\/\/eldigitaldeasturias.com\/radio\/exportaciones-alemanas-registran-nuevo-record-pero-pierden-ritmo\/#mainImage"},"datePublished":"2020-02-08T22:25:05+01:00","dateModified":"2020-02-08T22:25:05+01:00"},{"@type":"WebSite","@id":"https:\/\/eldigitaldeasturias.com\/radio\/#website","url":"https:\/\/eldigitaldeasturias.com\/radio\/","name":"El Digital de Asturias","description":"Diario de informaci\u00f3n y noticias","inLanguage":"es-ES","publisher":{"@id":"https:\/\/eldigitaldeasturias.com\/radio\/#organization"}}]},"og:locale":"es_ES","og:site_name":"El Digital de Asturias | Diario de informaci\u00f3n y noticias","og:type":"article","og:title":"Exportaciones alemanas registran nuevo r\u00e9cord pero pierden ritmo | El Digital de Asturias","og:description":"Wiesbaden (Alemania), 7 feb (dpa) - Las exportaciones alemanas registraron un nuevo valor r\u00e9cord en 2019 pero denotaron un menor incremento que en los a\u00f1os precedentes, revelaron las cifras suministradas hoy por la Oficina Federal de Estad\u00edstica (Destatis). Seg\u00fan los datos, las exportaciones de mercanc\u00edas aumentaron a un valor r\u00e9cord de 1,3276 billones de euros","og:url":"https:\/\/eldigitaldeasturias.com\/radio\/exportaciones-alemanas-registran-nuevo-record-pero-pierden-ritmo\/","og:image":"https:\/\/eldigitaldeasturias.com\/radio\/wp-content\/uploads\/2018\/10\/money-1005477_960_720.jpg","og:image:secure_url":"https:\/\/eldigitaldeasturias.com\/radio\/wp-content\/uploads\/2018\/10\/money-1005477_960_720.jpg","og:image:width":960,"og:image:height":640,"article:published_time":"2020-02-08T22:25:05+00:00","article:modified_time":"2020-02-08T22:25:05+00:00","twitter:card":"summary_large_image","twitter:site":"@bercodi","twitter:title":"Exportaciones alemanas registran nuevo r\u00e9cord pero pierden ritmo | El Digital de Asturias","twitter:description":"Wiesbaden (Alemania), 7 feb (dpa) - Las exportaciones alemanas registraron un nuevo valor r\u00e9cord en 2019 pero denotaron un menor incremento que en los a\u00f1os precedentes, revelaron las cifras suministradas hoy por la Oficina Federal de Estad\u00edstica (Destatis). Seg\u00fan los datos, las exportaciones de mercanc\u00edas aumentaron a un valor r\u00e9cord de 1,3276 billones de euros","twitter:creator":"@bercodi","twitter:image":"https:\/\/eldigitaldeasturias.com\/radio\/wp-content\/uploads\/2018\/10\/money-1005477_960_720.jpg"},"aioseo_meta_data":{"post_id":"3906","title":null,"description":null,"keywords":null,"keyphrases":null,"primary_term":null,"canonical_url":null,"og_title":null,"og_description":null,"og_object_type":"default","og_image_type":"default","og_image_url":null,"og_image_width":null,"og_image_height":null,"og_image_custom_url":null,"og_image_custom_fields":null,"og_video":null,"og_custom_url":null,"og_article_section":null,"og_article_tags":null,"twitter_use_og":false,"twitter_card":"default","twitter_image_type":"default","twitter_image_url":null,"twitter_image_custom_url":null,"twitter_image_custom_fields":null,"twitter_title":null,"twitter_description":null,"schema":{"blockGraphs":[],"customGraphs":[],"default":{"data":{"Article":[],"Course":[],"Dataset":[],"FAQPage":[],"Movie":[],"Person":[],"Product":[],"ProductReview":[],"Car":[],"Recipe":[],"Service":[],"SoftwareApplication":[],"WebPage":[]},"graphName":"","isEnabled":true},"graphs":[],"defaultGraph":"","defaultPostTypeGraph":""},"schema_type":null,"schema_type_options":null,"pillar_content":false,"robots_default":true,"robots_noindex":false,"robots_noarchive":false,"robots_nosnippet":false,"robots_nofollow":false,"robots_noimageindex":false,"robots_noodp":false,"robots_notranslate":false,"robots_max_snippet":null,"robots_max_videopreview":null,"robots_max_imagepreview":"large","priority":null,"frequency":null,"location":null,"local_seo":null,"seo_analyzer_scan_date":"2025-08-28 15:04:21","breadcrumb_settings":null,"limit_modified_date":false,"open_ai":null,"ai":null,"created":"2021-03-25 20:36:52","updated":"2025-08-28 15:04:21"},"aioseo_breadcrumb":"<div class=\"aioseo-breadcrumbs\"><span class=\"aioseo-breadcrumb\">\n\t<a href=\"https:\/\/eldigitaldeasturias.com\/radio\" title=\"Inicio\">Inicio<\/a>\n<\/span><span class=\"aioseo-breadcrumb-separator\">&ndash;<\/span><span class=\"aioseo-breadcrumb\">\n\t<a href=\"https:\/\/eldigitaldeasturias.com\/radio\/category\/negocios\/\" title=\"Negocios\">Negocios<\/a>\n<\/span><span class=\"aioseo-breadcrumb-separator\">&ndash;<\/span><span class=\"aioseo-breadcrumb\">\n\tExportaciones alemanas registran nuevo r\u00e9cord pero pierden ritmo\n<\/span><\/div>","aioseo_breadcrumb_json":[{"label":"Inicio","link":"https:\/\/eldigitaldeasturias.com\/radio"},{"label":"Negocios","link":"https:\/\/eldigitaldeasturias.com\/radio\/category\/negocios\/"},{"label":"Exportaciones alemanas registran nuevo r\u00e9cord pero pierden ritmo","link":"https:\/\/eldigitaldeasturias.com\/radio\/exportaciones-alemanas-registran-nuevo-record-pero-pierden-ritmo\/"}],"_links":{"self":[{"href":"https:\/\/eldigitaldeasturias.com\/radio\/wp-json\/wp\/v2\/posts\/3906","targetHints":{"allow":["GET"]}}],"collection":[{"href":"https:\/\/eldigitaldeasturias.com\/radio\/wp-json\/wp\/v2\/posts"}],"about":[{"href":"https:\/\/eldigitaldeasturias.com\/radio\/wp-json\/wp\/v2\/types\/post"}],"author":[{"embeddable":true,"href":"https:\/\/eldigitaldeasturias.com\/radio\/wp-json\/wp\/v2\/users\/1"}],"replies":[{"embeddable":true,"href":"https:\/\/eldigitaldeasturias.com\/radio\/wp-json\/wp\/v2\/comments?post=3906"}],"version-history":[{"count":0,"href":"https:\/\/eldigitaldeasturias.com\/radio\/wp-json\/wp\/v2\/posts\/3906\/revisions"}],"wp:featuredmedia":[{"embeddable":true,"href":"https:\/\/eldigitaldeasturias.com\/radio\/wp-json\/wp\/v2\/media\/1471"}],"wp:attachment":[{"href":"https:\/\/eldigitaldeasturias.com\/radio\/wp-json\/wp\/v2\/media?parent=3906"}],"wp:term":[{"taxonomy":"category","embeddable":true,"href":"https:\/\/eldigitaldeasturias.com\/radio\/wp-json\/wp\/v2\/categories?post=3906"},{"taxonomy":"post_tag","embeddable":true,"href":"https:\/\/eldigitaldeasturias.com\/radio\/wp-json\/wp\/v2\/tags?post=3906"}],"curies":[{"name":"wp","href":"https:\/\/api.w.org\/{rel}","templated":true}]}}