{"id":3904,"date":"2020-02-08T22:23:59","date_gmt":"2020-02-08T22:23:59","guid":{"rendered":"http:\/\/www.eldigitaldeasturias.com\/radio\/?p=3904"},"modified":"2020-02-08T22:23:59","modified_gmt":"2020-02-08T22:23:59","slug":"aumenta-notablemente-el-trafico-de-drogas-en-alemania","status":"publish","type":"post","link":"https:\/\/eldigitaldeasturias.com\/radio\/aumenta-notablemente-el-trafico-de-drogas-en-alemania\/","title":{"rendered":"Aumenta notablemente el tr\u00e1fico de drogas en Alemania"},"content":{"rendered":"<p>Berl\u00edn, 7 feb (dpa) &#8211; Las Aduanas en Alemania se incautaron el a\u00f1o pasado de un n\u00famero considerablemente mayor de drogas introducidas por contrabando que en a\u00f1os anteriores, seg\u00fan se desprende de la respuesta del Ministerio alem\u00e1n de Hacienda a una solicitud del grupo parlamentario del Partido Liberal alem\u00e1n (FPD).<\/p>\n<p>Seg\u00fan los datos, mientras que en 2017 se encontraron 62 kilos de hero\u00edna, en 2019 fueron 918 kilos.<\/p>\n<p>Tambi\u00e9n aument\u00f3 considerablemente la cantidad en el caso de drogas como coca\u00edna, \u00e9xtasis y anfetaminas, por otro lado, disminuy\u00f3 el contrabando de cigarrillos y alcohol.<\/p>\n<p>Seg\u00fan el Ministerio, las drogas llegaron a Alemania por tierra, aire y mar. Una gran parte del hach\u00eds incautado en Alemania proced\u00eda de Marruecos y se introduc\u00eda de contrabando a trav\u00e9s de los Pa\u00edses Bajos, Espa\u00f1a o Francia.<\/p>\n<p>Por otra parte, la hero\u00edna suele proceder de Afganist\u00e1n, Pakist\u00e1n e Ir\u00e1n y entra en Alemania a trav\u00e9s de la ruta de los Balcanes, mientras que la coca\u00edna procede de Am\u00e9rica del Sur y llega por barco o por correo a\u00e9reo, de acuerdo con las informaciones ministeriales.<\/p>\n","protected":false},"excerpt":{"rendered":"<p>Berl\u00edn, 7 feb (dpa) &#8211; Las Aduanas en Alemania se incautaron el a\u00f1o pasado de un n\u00famero considerablemente mayor de drogas introducidas por contrabando que en a\u00f1os anteriores, seg\u00fan se desprende de la respuesta del Ministerio alem\u00e1n de Hacienda a una solicitud del grupo parlamentario del Partido Liberal alem\u00e1n (FPD). Seg\u00fan los datos, mientras que<\/p>\n","protected":false},"author":1,"featured_media":242,"comment_status":"closed","ping_status":"closed","sticky":false,"template":"","format":"standard","meta":{"footnotes":""},"categories":[1],"tags":[],"class_list":{"0":"post-3904","1":"post","2":"type-post","3":"status-publish","4":"format-standard","5":"has-post-thumbnail","7":"category-noticias"},"aioseo_notices":[],"aioseo_head":"\n\t\t<!-- All in One SEO Pro 4.9.6.2 - aioseo.com -->\n\t<meta name=\"description\" content=\"Berl\u00edn, 7 feb (dpa) - Las Aduanas en Alemania se incautaron el a\u00f1o pasado de un n\u00famero considerablemente mayor de drogas introducidas por contrabando que en a\u00f1os anteriores, seg\u00fan se desprende de la respuesta del Ministerio alem\u00e1n de Hacienda a una solicitud del grupo parlamentario del Partido Liberal alem\u00e1n (FPD). Seg\u00fan los datos, mientras que\" \/>\n\t<meta name=\"robots\" content=\"max-image-preview:large\" \/>\n\t<meta name=\"author\" content=\"NBAsturias\"\/>\n\t<meta name=\"google-site-verification\" content=\"UA-38556648-1\" \/>\n\t<meta name=\"keywords\" content=\"noticias\" \/>\n\t<link rel=\"canonical\" href=\"https:\/\/eldigitaldeasturias.com\/radio\/aumenta-notablemente-el-trafico-de-drogas-en-alemania\/\" \/>\n\t<meta name=\"generator\" content=\"All in One SEO Pro (AIOSEO) 4.9.6.2\" \/>\n\t\t<meta property=\"og:locale\" content=\"es_ES\" \/>\n\t\t<meta property=\"og:site_name\" content=\"El Digital de Asturias | Diario de informaci\u00f3n y noticias\" \/>\n\t\t<meta property=\"og:type\" content=\"article\" \/>\n\t\t<meta property=\"og:title\" content=\"Aumenta notablemente el tr\u00e1fico de drogas en Alemania | El Digital de Asturias\" \/>\n\t\t<meta property=\"og:description\" content=\"Berl\u00edn, 7 feb (dpa) - Las Aduanas en Alemania se incautaron el a\u00f1o pasado de un n\u00famero considerablemente mayor de drogas introducidas por contrabando que en a\u00f1os anteriores, seg\u00fan se desprende de la respuesta del Ministerio alem\u00e1n de Hacienda a una solicitud del grupo parlamentario del Partido Liberal alem\u00e1n (FPD). Seg\u00fan los datos, mientras que\" \/>\n\t\t<meta property=\"og:url\" content=\"https:\/\/eldigitaldeasturias.com\/radio\/aumenta-notablemente-el-trafico-de-drogas-en-alemania\/\" \/>\n\t\t<meta property=\"og:image\" content=\"https:\/\/eldigitaldeasturias.com\/radio\/wp-content\/uploads\/2018\/03\/technology-785742_1280.jpg\" \/>\n\t\t<meta property=\"og:image:secure_url\" content=\"https:\/\/eldigitaldeasturias.com\/radio\/wp-content\/uploads\/2018\/03\/technology-785742_1280.jpg\" \/>\n\t\t<meta property=\"og:image:width\" content=\"1280\" \/>\n\t\t<meta property=\"og:image:height\" content=\"853\" \/>\n\t\t<meta property=\"article:published_time\" content=\"2020-02-08T22:23:59+00:00\" \/>\n\t\t<meta property=\"article:modified_time\" content=\"2020-02-08T22:23:59+00:00\" \/>\n\t\t<meta name=\"twitter:card\" content=\"summary_large_image\" \/>\n\t\t<meta name=\"twitter:site\" content=\"@bercodi\" \/>\n\t\t<meta name=\"twitter:title\" content=\"Aumenta notablemente el tr\u00e1fico de drogas en Alemania | El Digital de Asturias\" \/>\n\t\t<meta name=\"twitter:description\" content=\"Berl\u00edn, 7 feb (dpa) - Las Aduanas en Alemania se incautaron el a\u00f1o pasado de un n\u00famero considerablemente mayor de drogas introducidas por contrabando que en a\u00f1os anteriores, seg\u00fan se desprende de la respuesta del Ministerio alem\u00e1n de Hacienda a una solicitud del grupo parlamentario del Partido Liberal alem\u00e1n (FPD). Seg\u00fan los datos, mientras que\" \/>\n\t\t<meta name=\"twitter:creator\" content=\"@bercodi\" \/>\n\t\t<meta name=\"twitter:image\" content=\"https:\/\/eldigitaldeasturias.com\/radio\/wp-content\/uploads\/2018\/03\/technology-785742_1280.jpg\" \/>\n\t\t<script type=\"application\/ld+json\" class=\"aioseo-schema\">\n\t\t\t{\"@context\":\"https:\\\/\\\/schema.org\",\"@graph\":[{\"@type\":\"BreadcrumbList\",\"@id\":\"https:\\\/\\\/eldigitaldeasturias.com\\\/radio\\\/aumenta-notablemente-el-trafico-de-drogas-en-alemania\\\/#breadcrumblist\",\"itemListElement\":[{\"@type\":\"ListItem\",\"@id\":\"https:\\\/\\\/eldigitaldeasturias.com\\\/radio#listItem\",\"position\":1,\"name\":\"Inicio\",\"item\":\"https:\\\/\\\/eldigitaldeasturias.com\\\/radio\",\"nextItem\":{\"@type\":\"ListItem\",\"@id\":\"https:\\\/\\\/eldigitaldeasturias.com\\\/radio\\\/category\\\/noticias\\\/#listItem\",\"name\":\"Noticias\"}},{\"@type\":\"ListItem\",\"@id\":\"https:\\\/\\\/eldigitaldeasturias.com\\\/radio\\\/category\\\/noticias\\\/#listItem\",\"position\":2,\"name\":\"Noticias\",\"item\":\"https:\\\/\\\/eldigitaldeasturias.com\\\/radio\\\/category\\\/noticias\\\/\",\"nextItem\":{\"@type\":\"ListItem\",\"@id\":\"https:\\\/\\\/eldigitaldeasturias.com\\\/radio\\\/aumenta-notablemente-el-trafico-de-drogas-en-alemania\\\/#listItem\",\"name\":\"Aumenta notablemente el tr\\u00e1fico de drogas en Alemania\"},\"previousItem\":{\"@type\":\"ListItem\",\"@id\":\"https:\\\/\\\/eldigitaldeasturias.com\\\/radio#listItem\",\"name\":\"Inicio\"}},{\"@type\":\"ListItem\",\"@id\":\"https:\\\/\\\/eldigitaldeasturias.com\\\/radio\\\/aumenta-notablemente-el-trafico-de-drogas-en-alemania\\\/#listItem\",\"position\":3,\"name\":\"Aumenta notablemente el tr\\u00e1fico de drogas en Alemania\",\"previousItem\":{\"@type\":\"ListItem\",\"@id\":\"https:\\\/\\\/eldigitaldeasturias.com\\\/radio\\\/category\\\/noticias\\\/#listItem\",\"name\":\"Noticias\"}}]},{\"@type\":\"NewsArticle\",\"@id\":\"https:\\\/\\\/eldigitaldeasturias.com\\\/radio\\\/aumenta-notablemente-el-trafico-de-drogas-en-alemania\\\/#newsarticle\",\"name\":\"Aumenta notablemente el tr\\u00e1fico de drogas en Alemania | El Digital de Asturias\",\"headline\":\"Aumenta notablemente el tr\\u00e1fico de drogas en Alemania\",\"author\":{\"@id\":\"https:\\\/\\\/eldigitaldeasturias.com\\\/radio\\\/author\\\/nbasturias\\\/#author\"},\"publisher\":{\"@id\":\"https:\\\/\\\/eldigitaldeasturias.com\\\/radio\\\/#organization\"},\"image\":{\"@type\":\"ImageObject\",\"url\":\"https:\\\/\\\/eldigitaldeasturias.com\\\/radio\\\/wp-content\\\/uploads\\\/2018\\\/03\\\/technology-785742_1280.jpg\",\"width\":1280,\"height\":853},\"datePublished\":\"2020-02-08T22:23:59+01:00\",\"dateModified\":\"2020-02-08T22:23:59+01:00\",\"inLanguage\":\"es-ES\",\"mainEntityOfPage\":{\"@id\":\"https:\\\/\\\/eldigitaldeasturias.com\\\/radio\\\/aumenta-notablemente-el-trafico-de-drogas-en-alemania\\\/#webpage\"},\"isPartOf\":{\"@id\":\"https:\\\/\\\/eldigitaldeasturias.com\\\/radio\\\/aumenta-notablemente-el-trafico-de-drogas-en-alemania\\\/#webpage\"},\"articleSection\":\"Noticias\",\"dateline\":\"Publicado el febrero 8, 2020.\"},{\"@type\":\"Organization\",\"@id\":\"https:\\\/\\\/eldigitaldeasturias.com\\\/radio\\\/#organization\",\"name\":\"El digital de Asturias Radio\",\"description\":\"Diario de informaci\\u00f3n y noticias\",\"url\":\"https:\\\/\\\/eldigitaldeasturias.com\\\/radio\\\/\",\"telephone\":\"+34652131393\",\"logo\":{\"@type\":\"ImageObject\",\"url\":\"https:\\\/\\\/www.eldigitaldeasturias.com\\\/radio\\\/wp-content\\\/uploads\\\/2021\\\/03\\\/EDA.jpg\",\"@id\":\"https:\\\/\\\/eldigitaldeasturias.com\\\/radio\\\/aumenta-notablemente-el-trafico-de-drogas-en-alemania\\\/#organizationLogo\"},\"image\":{\"@id\":\"https:\\\/\\\/eldigitaldeasturias.com\\\/radio\\\/aumenta-notablemente-el-trafico-de-drogas-en-alemania\\\/#organizationLogo\"},\"sameAs\":[\"https:\\\/\\\/www.facebook.com\\\/\",\"https:\\\/\\\/x.com\\\/bercodi\",\"https:\\\/\\\/www.instagram.com\\\/\",\"https:\\\/\\\/www.youtube.com\\\/channel\\\/UCZP-2wLEB9Rv6erhFmqVnvg\"]},{\"@type\":\"Person\",\"@id\":\"https:\\\/\\\/eldigitaldeasturias.com\\\/radio\\\/author\\\/nbasturias\\\/#author\",\"url\":\"https:\\\/\\\/eldigitaldeasturias.com\\\/radio\\\/author\\\/nbasturias\\\/\",\"name\":\"NBAsturias\",\"image\":{\"@type\":\"ImageObject\",\"@id\":\"https:\\\/\\\/eldigitaldeasturias.com\\\/radio\\\/aumenta-notablemente-el-trafico-de-drogas-en-alemania\\\/#authorImage\",\"url\":\"https:\\\/\\\/secure.gravatar.com\\\/avatar\\\/df2aeffc32bcd13f8d26072ef8a91b623d677766deac7f97ca815868cd41bf5e?s=96&d=mm&r=g\",\"width\":96,\"height\":96,\"caption\":\"NBAsturias\"}},{\"@type\":\"WebPage\",\"@id\":\"https:\\\/\\\/eldigitaldeasturias.com\\\/radio\\\/aumenta-notablemente-el-trafico-de-drogas-en-alemania\\\/#webpage\",\"url\":\"https:\\\/\\\/eldigitaldeasturias.com\\\/radio\\\/aumenta-notablemente-el-trafico-de-drogas-en-alemania\\\/\",\"name\":\"Aumenta notablemente el tr\\u00e1fico de drogas en Alemania | El Digital de Asturias\",\"description\":\"Berl\\u00edn, 7 feb (dpa) - Las Aduanas en Alemania se incautaron el a\\u00f1o pasado de un n\\u00famero considerablemente mayor de drogas introducidas por contrabando que en a\\u00f1os anteriores, seg\\u00fan se desprende de la respuesta del Ministerio alem\\u00e1n de Hacienda a una solicitud del grupo parlamentario del Partido Liberal alem\\u00e1n (FPD). Seg\\u00fan los datos, mientras que\",\"inLanguage\":\"es-ES\",\"isPartOf\":{\"@id\":\"https:\\\/\\\/eldigitaldeasturias.com\\\/radio\\\/#website\"},\"breadcrumb\":{\"@id\":\"https:\\\/\\\/eldigitaldeasturias.com\\\/radio\\\/aumenta-notablemente-el-trafico-de-drogas-en-alemania\\\/#breadcrumblist\"},\"author\":{\"@id\":\"https:\\\/\\\/eldigitaldeasturias.com\\\/radio\\\/author\\\/nbasturias\\\/#author\"},\"creator\":{\"@id\":\"https:\\\/\\\/eldigitaldeasturias.com\\\/radio\\\/author\\\/nbasturias\\\/#author\"},\"image\":{\"@type\":\"ImageObject\",\"url\":\"https:\\\/\\\/eldigitaldeasturias.com\\\/radio\\\/wp-content\\\/uploads\\\/2018\\\/03\\\/technology-785742_1280.jpg\",\"@id\":\"https:\\\/\\\/eldigitaldeasturias.com\\\/radio\\\/aumenta-notablemente-el-trafico-de-drogas-en-alemania\\\/#mainImage\",\"width\":1280,\"height\":853},\"primaryImageOfPage\":{\"@id\":\"https:\\\/\\\/eldigitaldeasturias.com\\\/radio\\\/aumenta-notablemente-el-trafico-de-drogas-en-alemania\\\/#mainImage\"},\"datePublished\":\"2020-02-08T22:23:59+01:00\",\"dateModified\":\"2020-02-08T22:23:59+01:00\"},{\"@type\":\"WebSite\",\"@id\":\"https:\\\/\\\/eldigitaldeasturias.com\\\/radio\\\/#website\",\"url\":\"https:\\\/\\\/eldigitaldeasturias.com\\\/radio\\\/\",\"name\":\"El Digital de Asturias\",\"description\":\"Diario de informaci\\u00f3n y noticias\",\"inLanguage\":\"es-ES\",\"publisher\":{\"@id\":\"https:\\\/\\\/eldigitaldeasturias.com\\\/radio\\\/#organization\"}}]}\n\t\t<\/script>\n\t\t<!-- All in One SEO Pro -->\r\n\t\t<title>Aumenta notablemente el tr\u00e1fico de drogas en Alemania | El Digital de Asturias<\/title>\n\n","aioseo_head_json":{"title":"Aumenta notablemente el tr\u00e1fico de drogas en Alemania | El Digital de Asturias","description":"Berl\u00edn, 7 feb (dpa) - Las Aduanas en Alemania se incautaron el a\u00f1o pasado de un n\u00famero considerablemente mayor de drogas introducidas por contrabando que en a\u00f1os anteriores, seg\u00fan se desprende de la respuesta del Ministerio alem\u00e1n de Hacienda a una solicitud del grupo parlamentario del Partido Liberal alem\u00e1n (FPD). Seg\u00fan los datos, mientras que","canonical_url":"https:\/\/eldigitaldeasturias.com\/radio\/aumenta-notablemente-el-trafico-de-drogas-en-alemania\/","robots":"max-image-preview:large","keywords":"noticias","webmasterTools":{"google-site-verification":"UA-38556648-1","miscellaneous":""},"schema":{"@context":"https:\/\/schema.org","@graph":[{"@type":"BreadcrumbList","@id":"https:\/\/eldigitaldeasturias.com\/radio\/aumenta-notablemente-el-trafico-de-drogas-en-alemania\/#breadcrumblist","itemListElement":[{"@type":"ListItem","@id":"https:\/\/eldigitaldeasturias.com\/radio#listItem","position":1,"name":"Inicio","item":"https:\/\/eldigitaldeasturias.com\/radio","nextItem":{"@type":"ListItem","@id":"https:\/\/eldigitaldeasturias.com\/radio\/category\/noticias\/#listItem","name":"Noticias"}},{"@type":"ListItem","@id":"https:\/\/eldigitaldeasturias.com\/radio\/category\/noticias\/#listItem","position":2,"name":"Noticias","item":"https:\/\/eldigitaldeasturias.com\/radio\/category\/noticias\/","nextItem":{"@type":"ListItem","@id":"https:\/\/eldigitaldeasturias.com\/radio\/aumenta-notablemente-el-trafico-de-drogas-en-alemania\/#listItem","name":"Aumenta notablemente el tr\u00e1fico de drogas en Alemania"},"previousItem":{"@type":"ListItem","@id":"https:\/\/eldigitaldeasturias.com\/radio#listItem","name":"Inicio"}},{"@type":"ListItem","@id":"https:\/\/eldigitaldeasturias.com\/radio\/aumenta-notablemente-el-trafico-de-drogas-en-alemania\/#listItem","position":3,"name":"Aumenta notablemente el tr\u00e1fico de drogas en Alemania","previousItem":{"@type":"ListItem","@id":"https:\/\/eldigitaldeasturias.com\/radio\/category\/noticias\/#listItem","name":"Noticias"}}]},{"@type":"NewsArticle","@id":"https:\/\/eldigitaldeasturias.com\/radio\/aumenta-notablemente-el-trafico-de-drogas-en-alemania\/#newsarticle","name":"Aumenta notablemente el tr\u00e1fico de drogas en Alemania | El Digital de Asturias","headline":"Aumenta notablemente el tr\u00e1fico de drogas en Alemania","author":{"@id":"https:\/\/eldigitaldeasturias.com\/radio\/author\/nbasturias\/#author"},"publisher":{"@id":"https:\/\/eldigitaldeasturias.com\/radio\/#organization"},"image":{"@type":"ImageObject","url":"https:\/\/eldigitaldeasturias.com\/radio\/wp-content\/uploads\/2018\/03\/technology-785742_1280.jpg","width":1280,"height":853},"datePublished":"2020-02-08T22:23:59+01:00","dateModified":"2020-02-08T22:23:59+01:00","inLanguage":"es-ES","mainEntityOfPage":{"@id":"https:\/\/eldigitaldeasturias.com\/radio\/aumenta-notablemente-el-trafico-de-drogas-en-alemania\/#webpage"},"isPartOf":{"@id":"https:\/\/eldigitaldeasturias.com\/radio\/aumenta-notablemente-el-trafico-de-drogas-en-alemania\/#webpage"},"articleSection":"Noticias","dateline":"Publicado el febrero 8, 2020."},{"@type":"Organization","@id":"https:\/\/eldigitaldeasturias.com\/radio\/#organization","name":"El digital de Asturias Radio","description":"Diario de informaci\u00f3n y noticias","url":"https:\/\/eldigitaldeasturias.com\/radio\/","telephone":"+34652131393","logo":{"@type":"ImageObject","url":"https:\/\/www.eldigitaldeasturias.com\/radio\/wp-content\/uploads\/2021\/03\/EDA.jpg","@id":"https:\/\/eldigitaldeasturias.com\/radio\/aumenta-notablemente-el-trafico-de-drogas-en-alemania\/#organizationLogo"},"image":{"@id":"https:\/\/eldigitaldeasturias.com\/radio\/aumenta-notablemente-el-trafico-de-drogas-en-alemania\/#organizationLogo"},"sameAs":["https:\/\/www.facebook.com\/","https:\/\/x.com\/bercodi","https:\/\/www.instagram.com\/","https:\/\/www.youtube.com\/channel\/UCZP-2wLEB9Rv6erhFmqVnvg"]},{"@type":"Person","@id":"https:\/\/eldigitaldeasturias.com\/radio\/author\/nbasturias\/#author","url":"https:\/\/eldigitaldeasturias.com\/radio\/author\/nbasturias\/","name":"NBAsturias","image":{"@type":"ImageObject","@id":"https:\/\/eldigitaldeasturias.com\/radio\/aumenta-notablemente-el-trafico-de-drogas-en-alemania\/#authorImage","url":"https:\/\/secure.gravatar.com\/avatar\/df2aeffc32bcd13f8d26072ef8a91b623d677766deac7f97ca815868cd41bf5e?s=96&d=mm&r=g","width":96,"height":96,"caption":"NBAsturias"}},{"@type":"WebPage","@id":"https:\/\/eldigitaldeasturias.com\/radio\/aumenta-notablemente-el-trafico-de-drogas-en-alemania\/#webpage","url":"https:\/\/eldigitaldeasturias.com\/radio\/aumenta-notablemente-el-trafico-de-drogas-en-alemania\/","name":"Aumenta notablemente el tr\u00e1fico de drogas en Alemania | El Digital de Asturias","description":"Berl\u00edn, 7 feb (dpa) - Las Aduanas en Alemania se incautaron el a\u00f1o pasado de un n\u00famero considerablemente mayor de drogas introducidas por contrabando que en a\u00f1os anteriores, seg\u00fan se desprende de la respuesta del Ministerio alem\u00e1n de Hacienda a una solicitud del grupo parlamentario del Partido Liberal alem\u00e1n (FPD). Seg\u00fan los datos, mientras que","inLanguage":"es-ES","isPartOf":{"@id":"https:\/\/eldigitaldeasturias.com\/radio\/#website"},"breadcrumb":{"@id":"https:\/\/eldigitaldeasturias.com\/radio\/aumenta-notablemente-el-trafico-de-drogas-en-alemania\/#breadcrumblist"},"author":{"@id":"https:\/\/eldigitaldeasturias.com\/radio\/author\/nbasturias\/#author"},"creator":{"@id":"https:\/\/eldigitaldeasturias.com\/radio\/author\/nbasturias\/#author"},"image":{"@type":"ImageObject","url":"https:\/\/eldigitaldeasturias.com\/radio\/wp-content\/uploads\/2018\/03\/technology-785742_1280.jpg","@id":"https:\/\/eldigitaldeasturias.com\/radio\/aumenta-notablemente-el-trafico-de-drogas-en-alemania\/#mainImage","width":1280,"height":853},"primaryImageOfPage":{"@id":"https:\/\/eldigitaldeasturias.com\/radio\/aumenta-notablemente-el-trafico-de-drogas-en-alemania\/#mainImage"},"datePublished":"2020-02-08T22:23:59+01:00","dateModified":"2020-02-08T22:23:59+01:00"},{"@type":"WebSite","@id":"https:\/\/eldigitaldeasturias.com\/radio\/#website","url":"https:\/\/eldigitaldeasturias.com\/radio\/","name":"El Digital de Asturias","description":"Diario de informaci\u00f3n y noticias","inLanguage":"es-ES","publisher":{"@id":"https:\/\/eldigitaldeasturias.com\/radio\/#organization"}}]},"og:locale":"es_ES","og:site_name":"El Digital de Asturias | Diario de informaci\u00f3n y noticias","og:type":"article","og:title":"Aumenta notablemente el tr\u00e1fico de drogas en Alemania | El Digital de Asturias","og:description":"Berl\u00edn, 7 feb (dpa) - Las Aduanas en Alemania se incautaron el a\u00f1o pasado de un n\u00famero considerablemente mayor de drogas introducidas por contrabando que en a\u00f1os anteriores, seg\u00fan se desprende de la respuesta del Ministerio alem\u00e1n de Hacienda a una solicitud del grupo parlamentario del Partido Liberal alem\u00e1n (FPD). Seg\u00fan los datos, mientras que","og:url":"https:\/\/eldigitaldeasturias.com\/radio\/aumenta-notablemente-el-trafico-de-drogas-en-alemania\/","og:image":"https:\/\/eldigitaldeasturias.com\/radio\/wp-content\/uploads\/2018\/03\/technology-785742_1280.jpg","og:image:secure_url":"https:\/\/eldigitaldeasturias.com\/radio\/wp-content\/uploads\/2018\/03\/technology-785742_1280.jpg","og:image:width":1280,"og:image:height":853,"article:published_time":"2020-02-08T22:23:59+00:00","article:modified_time":"2020-02-08T22:23:59+00:00","twitter:card":"summary_large_image","twitter:site":"@bercodi","twitter:title":"Aumenta notablemente el tr\u00e1fico de drogas en Alemania | El Digital de Asturias","twitter:description":"Berl\u00edn, 7 feb (dpa) - Las Aduanas en Alemania se incautaron el a\u00f1o pasado de un n\u00famero considerablemente mayor de drogas introducidas por contrabando que en a\u00f1os anteriores, seg\u00fan se desprende de la respuesta del Ministerio alem\u00e1n de Hacienda a una solicitud del grupo parlamentario del Partido Liberal alem\u00e1n (FPD). Seg\u00fan los datos, mientras que","twitter:creator":"@bercodi","twitter:image":"https:\/\/eldigitaldeasturias.com\/radio\/wp-content\/uploads\/2018\/03\/technology-785742_1280.jpg"},"aioseo_meta_data":{"post_id":"3904","title":null,"description":null,"keywords":null,"keyphrases":null,"primary_term":null,"canonical_url":null,"og_title":null,"og_description":null,"og_object_type":"default","og_image_type":"default","og_image_url":null,"og_image_width":null,"og_image_height":null,"og_image_custom_url":null,"og_image_custom_fields":null,"og_video":null,"og_custom_url":null,"og_article_section":null,"og_article_tags":null,"twitter_use_og":false,"twitter_card":"default","twitter_image_type":"default","twitter_image_url":null,"twitter_image_custom_url":null,"twitter_image_custom_fields":null,"twitter_title":null,"twitter_description":null,"schema":{"blockGraphs":[],"customGraphs":[],"default":{"data":{"Article":[],"Course":[],"Dataset":[],"FAQPage":[],"Movie":[],"Person":[],"Product":[],"ProductReview":[],"Car":[],"Recipe":[],"Service":[],"SoftwareApplication":[],"WebPage":[]},"graphName":"","isEnabled":true},"graphs":[],"defaultGraph":"","defaultPostTypeGraph":""},"schema_type":null,"schema_type_options":null,"pillar_content":false,"robots_default":true,"robots_noindex":false,"robots_noarchive":false,"robots_nosnippet":false,"robots_nofollow":false,"robots_noimageindex":false,"robots_noodp":false,"robots_notranslate":false,"robots_max_snippet":null,"robots_max_videopreview":null,"robots_max_imagepreview":"large","priority":null,"frequency":null,"location":null,"local_seo":null,"seo_analyzer_scan_date":"2025-08-28 15:03:00","breadcrumb_settings":null,"limit_modified_date":false,"open_ai":null,"ai":null,"created":"2021-03-27 00:16:47","updated":"2025-08-28 15:03:00"},"aioseo_breadcrumb":"<div class=\"aioseo-breadcrumbs\"><span class=\"aioseo-breadcrumb\">\n\t<a href=\"https:\/\/eldigitaldeasturias.com\/radio\" title=\"Inicio\">Inicio<\/a>\n<\/span><span class=\"aioseo-breadcrumb-separator\">&ndash;<\/span><span class=\"aioseo-breadcrumb\">\n\t<a href=\"https:\/\/eldigitaldeasturias.com\/radio\/category\/noticias\/\" title=\"Noticias\">Noticias<\/a>\n<\/span><span class=\"aioseo-breadcrumb-separator\">&ndash;<\/span><span class=\"aioseo-breadcrumb\">\n\tAumenta notablemente el tr\u00e1fico de drogas en Alemania\n<\/span><\/div>","aioseo_breadcrumb_json":[{"label":"Inicio","link":"https:\/\/eldigitaldeasturias.com\/radio"},{"label":"Noticias","link":"https:\/\/eldigitaldeasturias.com\/radio\/category\/noticias\/"},{"label":"Aumenta notablemente el tr\u00e1fico de drogas en Alemania","link":"https:\/\/eldigitaldeasturias.com\/radio\/aumenta-notablemente-el-trafico-de-drogas-en-alemania\/"}],"_links":{"self":[{"href":"https:\/\/eldigitaldeasturias.com\/radio\/wp-json\/wp\/v2\/posts\/3904","targetHints":{"allow":["GET"]}}],"collection":[{"href":"https:\/\/eldigitaldeasturias.com\/radio\/wp-json\/wp\/v2\/posts"}],"about":[{"href":"https:\/\/eldigitaldeasturias.com\/radio\/wp-json\/wp\/v2\/types\/post"}],"author":[{"embeddable":true,"href":"https:\/\/eldigitaldeasturias.com\/radio\/wp-json\/wp\/v2\/users\/1"}],"replies":[{"embeddable":true,"href":"https:\/\/eldigitaldeasturias.com\/radio\/wp-json\/wp\/v2\/comments?post=3904"}],"version-history":[{"count":0,"href":"https:\/\/eldigitaldeasturias.com\/radio\/wp-json\/wp\/v2\/posts\/3904\/revisions"}],"wp:featuredmedia":[{"embeddable":true,"href":"https:\/\/eldigitaldeasturias.com\/radio\/wp-json\/wp\/v2\/media\/242"}],"wp:attachment":[{"href":"https:\/\/eldigitaldeasturias.com\/radio\/wp-json\/wp\/v2\/media?parent=3904"}],"wp:term":[{"taxonomy":"category","embeddable":true,"href":"https:\/\/eldigitaldeasturias.com\/radio\/wp-json\/wp\/v2\/categories?post=3904"},{"taxonomy":"post_tag","embeddable":true,"href":"https:\/\/eldigitaldeasturias.com\/radio\/wp-json\/wp\/v2\/tags?post=3904"}],"curies":[{"name":"wp","href":"https:\/\/api.w.org\/{rel}","templated":true}]}}