{"id":3902,"date":"2020-02-08T22:23:11","date_gmt":"2020-02-08T22:23:11","guid":{"rendered":"http:\/\/www.eldigitaldeasturias.com\/radio\/?p=3902"},"modified":"2020-02-08T22:23:11","modified_gmt":"2020-02-08T22:23:11","slug":"industria-alemana-registra-fuerte-caida-a-finales-de-2019","status":"publish","type":"post","link":"https:\/\/eldigitaldeasturias.com\/radio\/industria-alemana-registra-fuerte-caida-a-finales-de-2019\/","title":{"rendered":"Industria alemana registra fuerte ca\u00edda a finales de 2019"},"content":{"rendered":"<p>Wiesbaden\/Berl\u00edn, 7 feb (dpa) &#8211; La industria alemana sufri\u00f3 a finales del a\u00f1o pasado la mayor ca\u00edda de su producci\u00f3n desde 2009, seg\u00fan revelaron las cifras suministradas hoy por la Oficina Federal de Estad\u00edstica (Destatis) en Wiesbaden.<\/p>\n<p>De acuerdo con los datos, la producci\u00f3n total fue un 3,5 por ciento menor que en noviembre de 2019. Se trata de la contracci\u00f3n m\u00e1s pronunciada desde principios de 2009, derivada de las consecuencias de la crisis financiera mundial.<\/p>\n<p>Asimismo, en comparaci\u00f3n con diciembre del a\u00f1o anterior, la producci\u00f3n cay\u00f3 un 6,8 por ciento, la mayor desde finales de 2009.<\/p>\n<p>Estas cifras no se corresponden a los datos previstos por los analistas, quienes incluso esperaban en promedio un ligero aumento de la producci\u00f3n.<\/p>\n<p>Seg\u00fan Carsten Brzeski, economista jefe del Banco ING en Alemania, las considerables cargas econ\u00f3micas de la industria alemana orientada a la exportaci\u00f3n, la disputa comercial entre Estados Unidos y China y una econom\u00eda mundial en general m\u00e1s d\u00e9bil influyeron en la ca\u00edda de la producci\u00f3n.<\/p>\n<p>Con excepci\u00f3n del sector energ\u00e9tico, el crecimiento de la producci\u00f3n en Alemania fue d\u00e9bil en el mes de diciembre.<\/p>\n<p>En comparaci\u00f3n con el mes anterior la industria redujo su producci\u00f3n en un 2,9 por ciento, mientras que la construcci\u00f3n cay\u00f3 un 8,7 por ciento.<\/p>\n<p>Seg\u00fan el Ministerio de Econom\u00eda la producci\u00f3n manufacturera cay\u00f3 un 1,9 por ciento en el cuarto semestre 2019 y sobre todo la industria mec\u00e1nica y automotriz se vio severamente afectada.<\/p>\n<p>\u00abEl desarrollo lento de la producci\u00f3n y una menor entrada de pedidos indica que la debilidad econ\u00f3mica de la industria a\u00fan no ha sido superada\u00bb, coment\u00f3 el ministerio.<\/p>\n<p>Sin embargo, el Ministerio alem\u00e1n de Econom\u00eda y algunos expertos se\u00f1alan que la gran cantidad de feriados y d\u00edas puente en el mes de diciembre probablemente hayan influido en las cifras. Por lo tanto, se espera una recuperaci\u00f3n a m\u00e1s tardar en febrero.<\/p>\n<p>\u00abSin embargo, esto no cambia el hecho de que la tendencia de la producci\u00f3n sigue siendo claramente a la baja\u00bb, a\u00f1adi\u00f3 Solveen.<\/p>\n<p>Los \u00faltimos datos de producci\u00f3n de otros pa\u00edses europeos tambi\u00e9n fueron d\u00e9biles. En Francia y Espa\u00f1a, la producci\u00f3n industrial se derrumb\u00f3 a finales de 2019.<\/p>\n","protected":false},"excerpt":{"rendered":"<p>Wiesbaden\/Berl\u00edn, 7 feb (dpa) &#8211; La industria alemana sufri\u00f3 a finales del a\u00f1o pasado la mayor ca\u00edda de su producci\u00f3n desde 2009, seg\u00fan revelaron las cifras suministradas hoy por la Oficina Federal de Estad\u00edstica (Destatis) en Wiesbaden. De acuerdo con los datos, la producci\u00f3n total fue un 3,5 por ciento menor que en noviembre de<\/p>\n","protected":false},"author":1,"featured_media":1471,"comment_status":"closed","ping_status":"closed","sticky":false,"template":"","format":"standard","meta":{"footnotes":""},"categories":[35],"tags":[],"class_list":{"0":"post-3902","1":"post","2":"type-post","3":"status-publish","4":"format-standard","5":"has-post-thumbnail","7":"category-negocios"},"aioseo_notices":[],"aioseo_head":"\n\t\t<!-- All in One SEO Pro 4.9.6.2 - aioseo.com -->\n\t<meta name=\"description\" content=\"Wiesbaden\/Berl\u00edn, 7 feb (dpa) - La industria alemana sufri\u00f3 a finales del a\u00f1o pasado la mayor ca\u00edda de su producci\u00f3n desde 2009, seg\u00fan revelaron las cifras suministradas hoy por la Oficina Federal de Estad\u00edstica (Destatis) en Wiesbaden. De acuerdo con los datos, la producci\u00f3n total fue un 3,5 por ciento menor que en noviembre de\" \/>\n\t<meta name=\"robots\" content=\"max-image-preview:large\" \/>\n\t<meta name=\"author\" content=\"NBAsturias\"\/>\n\t<meta name=\"google-site-verification\" content=\"UA-38556648-1\" \/>\n\t<meta name=\"keywords\" content=\"negocios\" \/>\n\t<link rel=\"canonical\" href=\"https:\/\/eldigitaldeasturias.com\/radio\/industria-alemana-registra-fuerte-caida-a-finales-de-2019\/\" \/>\n\t<meta name=\"generator\" content=\"All in One SEO Pro (AIOSEO) 4.9.6.2\" \/>\n\t\t<meta property=\"og:locale\" content=\"es_ES\" \/>\n\t\t<meta property=\"og:site_name\" content=\"El Digital de Asturias | Diario de informaci\u00f3n y noticias\" \/>\n\t\t<meta property=\"og:type\" content=\"article\" \/>\n\t\t<meta property=\"og:title\" content=\"Industria alemana registra fuerte ca\u00edda a finales de 2019 | El Digital de Asturias\" \/>\n\t\t<meta property=\"og:description\" content=\"Wiesbaden\/Berl\u00edn, 7 feb (dpa) - La industria alemana sufri\u00f3 a finales del a\u00f1o pasado la mayor ca\u00edda de su producci\u00f3n desde 2009, seg\u00fan revelaron las cifras suministradas hoy por la Oficina Federal de Estad\u00edstica (Destatis) en Wiesbaden. De acuerdo con los datos, la producci\u00f3n total fue un 3,5 por ciento menor que en noviembre de\" \/>\n\t\t<meta property=\"og:url\" content=\"https:\/\/eldigitaldeasturias.com\/radio\/industria-alemana-registra-fuerte-caida-a-finales-de-2019\/\" \/>\n\t\t<meta property=\"og:image\" content=\"https:\/\/eldigitaldeasturias.com\/radio\/wp-content\/uploads\/2018\/10\/money-1005477_960_720.jpg\" \/>\n\t\t<meta property=\"og:image:secure_url\" content=\"https:\/\/eldigitaldeasturias.com\/radio\/wp-content\/uploads\/2018\/10\/money-1005477_960_720.jpg\" \/>\n\t\t<meta property=\"og:image:width\" content=\"960\" \/>\n\t\t<meta property=\"og:image:height\" content=\"640\" \/>\n\t\t<meta property=\"article:published_time\" content=\"2020-02-08T22:23:11+00:00\" \/>\n\t\t<meta property=\"article:modified_time\" content=\"2020-02-08T22:23:11+00:00\" \/>\n\t\t<meta name=\"twitter:card\" content=\"summary_large_image\" \/>\n\t\t<meta name=\"twitter:site\" content=\"@bercodi\" \/>\n\t\t<meta name=\"twitter:title\" content=\"Industria alemana registra fuerte ca\u00edda a finales de 2019 | El Digital de Asturias\" \/>\n\t\t<meta name=\"twitter:description\" content=\"Wiesbaden\/Berl\u00edn, 7 feb (dpa) - La industria alemana sufri\u00f3 a finales del a\u00f1o pasado la mayor ca\u00edda de su producci\u00f3n desde 2009, seg\u00fan revelaron las cifras suministradas hoy por la Oficina Federal de Estad\u00edstica (Destatis) en Wiesbaden. De acuerdo con los datos, la producci\u00f3n total fue un 3,5 por ciento menor que en noviembre de\" \/>\n\t\t<meta name=\"twitter:creator\" content=\"@bercodi\" \/>\n\t\t<meta name=\"twitter:image\" content=\"https:\/\/eldigitaldeasturias.com\/radio\/wp-content\/uploads\/2018\/10\/money-1005477_960_720.jpg\" \/>\n\t\t<script type=\"application\/ld+json\" class=\"aioseo-schema\">\n\t\t\t{\"@context\":\"https:\\\/\\\/schema.org\",\"@graph\":[{\"@type\":\"BreadcrumbList\",\"@id\":\"https:\\\/\\\/eldigitaldeasturias.com\\\/radio\\\/industria-alemana-registra-fuerte-caida-a-finales-de-2019\\\/#breadcrumblist\",\"itemListElement\":[{\"@type\":\"ListItem\",\"@id\":\"https:\\\/\\\/eldigitaldeasturias.com\\\/radio#listItem\",\"position\":1,\"name\":\"Inicio\",\"item\":\"https:\\\/\\\/eldigitaldeasturias.com\\\/radio\",\"nextItem\":{\"@type\":\"ListItem\",\"@id\":\"https:\\\/\\\/eldigitaldeasturias.com\\\/radio\\\/category\\\/negocios\\\/#listItem\",\"name\":\"Negocios\"}},{\"@type\":\"ListItem\",\"@id\":\"https:\\\/\\\/eldigitaldeasturias.com\\\/radio\\\/category\\\/negocios\\\/#listItem\",\"position\":2,\"name\":\"Negocios\",\"item\":\"https:\\\/\\\/eldigitaldeasturias.com\\\/radio\\\/category\\\/negocios\\\/\",\"nextItem\":{\"@type\":\"ListItem\",\"@id\":\"https:\\\/\\\/eldigitaldeasturias.com\\\/radio\\\/industria-alemana-registra-fuerte-caida-a-finales-de-2019\\\/#listItem\",\"name\":\"Industria alemana registra fuerte ca\\u00edda a finales de 2019\"},\"previousItem\":{\"@type\":\"ListItem\",\"@id\":\"https:\\\/\\\/eldigitaldeasturias.com\\\/radio#listItem\",\"name\":\"Inicio\"}},{\"@type\":\"ListItem\",\"@id\":\"https:\\\/\\\/eldigitaldeasturias.com\\\/radio\\\/industria-alemana-registra-fuerte-caida-a-finales-de-2019\\\/#listItem\",\"position\":3,\"name\":\"Industria alemana registra fuerte ca\\u00edda a finales de 2019\",\"previousItem\":{\"@type\":\"ListItem\",\"@id\":\"https:\\\/\\\/eldigitaldeasturias.com\\\/radio\\\/category\\\/negocios\\\/#listItem\",\"name\":\"Negocios\"}}]},{\"@type\":\"NewsArticle\",\"@id\":\"https:\\\/\\\/eldigitaldeasturias.com\\\/radio\\\/industria-alemana-registra-fuerte-caida-a-finales-de-2019\\\/#newsarticle\",\"name\":\"Industria alemana registra fuerte ca\\u00edda a finales de 2019 | El Digital de Asturias\",\"headline\":\"Industria alemana registra fuerte ca\\u00edda a finales de 2019\",\"author\":{\"@id\":\"https:\\\/\\\/eldigitaldeasturias.com\\\/radio\\\/author\\\/nbasturias\\\/#author\"},\"publisher\":{\"@id\":\"https:\\\/\\\/eldigitaldeasturias.com\\\/radio\\\/#organization\"},\"image\":{\"@type\":\"ImageObject\",\"url\":\"https:\\\/\\\/eldigitaldeasturias.com\\\/radio\\\/wp-content\\\/uploads\\\/2018\\\/10\\\/money-1005477_960_720.jpg\",\"width\":960,\"height\":640},\"datePublished\":\"2020-02-08T22:23:11+01:00\",\"dateModified\":\"2020-02-08T22:23:11+01:00\",\"inLanguage\":\"es-ES\",\"mainEntityOfPage\":{\"@id\":\"https:\\\/\\\/eldigitaldeasturias.com\\\/radio\\\/industria-alemana-registra-fuerte-caida-a-finales-de-2019\\\/#webpage\"},\"isPartOf\":{\"@id\":\"https:\\\/\\\/eldigitaldeasturias.com\\\/radio\\\/industria-alemana-registra-fuerte-caida-a-finales-de-2019\\\/#webpage\"},\"articleSection\":\"Negocios\",\"dateline\":\"Publicado el febrero 8, 2020.\"},{\"@type\":\"Organization\",\"@id\":\"https:\\\/\\\/eldigitaldeasturias.com\\\/radio\\\/#organization\",\"name\":\"El digital de Asturias Radio\",\"description\":\"Diario de informaci\\u00f3n y noticias\",\"url\":\"https:\\\/\\\/eldigitaldeasturias.com\\\/radio\\\/\",\"telephone\":\"+34652131393\",\"logo\":{\"@type\":\"ImageObject\",\"url\":\"https:\\\/\\\/www.eldigitaldeasturias.com\\\/radio\\\/wp-content\\\/uploads\\\/2021\\\/03\\\/EDA.jpg\",\"@id\":\"https:\\\/\\\/eldigitaldeasturias.com\\\/radio\\\/industria-alemana-registra-fuerte-caida-a-finales-de-2019\\\/#organizationLogo\"},\"image\":{\"@id\":\"https:\\\/\\\/eldigitaldeasturias.com\\\/radio\\\/industria-alemana-registra-fuerte-caida-a-finales-de-2019\\\/#organizationLogo\"},\"sameAs\":[\"https:\\\/\\\/www.facebook.com\\\/\",\"https:\\\/\\\/x.com\\\/bercodi\",\"https:\\\/\\\/www.instagram.com\\\/\",\"https:\\\/\\\/www.youtube.com\\\/channel\\\/UCZP-2wLEB9Rv6erhFmqVnvg\"]},{\"@type\":\"Person\",\"@id\":\"https:\\\/\\\/eldigitaldeasturias.com\\\/radio\\\/author\\\/nbasturias\\\/#author\",\"url\":\"https:\\\/\\\/eldigitaldeasturias.com\\\/radio\\\/author\\\/nbasturias\\\/\",\"name\":\"NBAsturias\",\"image\":{\"@type\":\"ImageObject\",\"@id\":\"https:\\\/\\\/eldigitaldeasturias.com\\\/radio\\\/industria-alemana-registra-fuerte-caida-a-finales-de-2019\\\/#authorImage\",\"url\":\"https:\\\/\\\/secure.gravatar.com\\\/avatar\\\/df2aeffc32bcd13f8d26072ef8a91b623d677766deac7f97ca815868cd41bf5e?s=96&d=mm&r=g\",\"width\":96,\"height\":96,\"caption\":\"NBAsturias\"}},{\"@type\":\"WebPage\",\"@id\":\"https:\\\/\\\/eldigitaldeasturias.com\\\/radio\\\/industria-alemana-registra-fuerte-caida-a-finales-de-2019\\\/#webpage\",\"url\":\"https:\\\/\\\/eldigitaldeasturias.com\\\/radio\\\/industria-alemana-registra-fuerte-caida-a-finales-de-2019\\\/\",\"name\":\"Industria alemana registra fuerte ca\\u00edda a finales de 2019 | El Digital de Asturias\",\"description\":\"Wiesbaden\\\/Berl\\u00edn, 7 feb (dpa) - La industria alemana sufri\\u00f3 a finales del a\\u00f1o pasado la mayor ca\\u00edda de su producci\\u00f3n desde 2009, seg\\u00fan revelaron las cifras suministradas hoy por la Oficina Federal de Estad\\u00edstica (Destatis) en Wiesbaden. De acuerdo con los datos, la producci\\u00f3n total fue un 3,5 por ciento menor que en noviembre de\",\"inLanguage\":\"es-ES\",\"isPartOf\":{\"@id\":\"https:\\\/\\\/eldigitaldeasturias.com\\\/radio\\\/#website\"},\"breadcrumb\":{\"@id\":\"https:\\\/\\\/eldigitaldeasturias.com\\\/radio\\\/industria-alemana-registra-fuerte-caida-a-finales-de-2019\\\/#breadcrumblist\"},\"author\":{\"@id\":\"https:\\\/\\\/eldigitaldeasturias.com\\\/radio\\\/author\\\/nbasturias\\\/#author\"},\"creator\":{\"@id\":\"https:\\\/\\\/eldigitaldeasturias.com\\\/radio\\\/author\\\/nbasturias\\\/#author\"},\"image\":{\"@type\":\"ImageObject\",\"url\":\"https:\\\/\\\/eldigitaldeasturias.com\\\/radio\\\/wp-content\\\/uploads\\\/2018\\\/10\\\/money-1005477_960_720.jpg\",\"@id\":\"https:\\\/\\\/eldigitaldeasturias.com\\\/radio\\\/industria-alemana-registra-fuerte-caida-a-finales-de-2019\\\/#mainImage\",\"width\":960,\"height\":640},\"primaryImageOfPage\":{\"@id\":\"https:\\\/\\\/eldigitaldeasturias.com\\\/radio\\\/industria-alemana-registra-fuerte-caida-a-finales-de-2019\\\/#mainImage\"},\"datePublished\":\"2020-02-08T22:23:11+01:00\",\"dateModified\":\"2020-02-08T22:23:11+01:00\"},{\"@type\":\"WebSite\",\"@id\":\"https:\\\/\\\/eldigitaldeasturias.com\\\/radio\\\/#website\",\"url\":\"https:\\\/\\\/eldigitaldeasturias.com\\\/radio\\\/\",\"name\":\"El Digital de Asturias\",\"description\":\"Diario de informaci\\u00f3n y noticias\",\"inLanguage\":\"es-ES\",\"publisher\":{\"@id\":\"https:\\\/\\\/eldigitaldeasturias.com\\\/radio\\\/#organization\"}}]}\n\t\t<\/script>\n\t\t<!-- All in One SEO Pro -->\r\n\t\t<title>Industria alemana registra fuerte ca\u00edda a finales de 2019 | El Digital de Asturias<\/title>\n\n","aioseo_head_json":{"title":"Industria alemana registra fuerte ca\u00edda a finales de 2019 | El Digital de Asturias","description":"Wiesbaden\/Berl\u00edn, 7 feb (dpa) - La industria alemana sufri\u00f3 a finales del a\u00f1o pasado la mayor ca\u00edda de su producci\u00f3n desde 2009, seg\u00fan revelaron las cifras suministradas hoy por la Oficina Federal de Estad\u00edstica (Destatis) en Wiesbaden. De acuerdo con los datos, la producci\u00f3n total fue un 3,5 por ciento menor que en noviembre de","canonical_url":"https:\/\/eldigitaldeasturias.com\/radio\/industria-alemana-registra-fuerte-caida-a-finales-de-2019\/","robots":"max-image-preview:large","keywords":"negocios","webmasterTools":{"google-site-verification":"UA-38556648-1","miscellaneous":""},"schema":{"@context":"https:\/\/schema.org","@graph":[{"@type":"BreadcrumbList","@id":"https:\/\/eldigitaldeasturias.com\/radio\/industria-alemana-registra-fuerte-caida-a-finales-de-2019\/#breadcrumblist","itemListElement":[{"@type":"ListItem","@id":"https:\/\/eldigitaldeasturias.com\/radio#listItem","position":1,"name":"Inicio","item":"https:\/\/eldigitaldeasturias.com\/radio","nextItem":{"@type":"ListItem","@id":"https:\/\/eldigitaldeasturias.com\/radio\/category\/negocios\/#listItem","name":"Negocios"}},{"@type":"ListItem","@id":"https:\/\/eldigitaldeasturias.com\/radio\/category\/negocios\/#listItem","position":2,"name":"Negocios","item":"https:\/\/eldigitaldeasturias.com\/radio\/category\/negocios\/","nextItem":{"@type":"ListItem","@id":"https:\/\/eldigitaldeasturias.com\/radio\/industria-alemana-registra-fuerte-caida-a-finales-de-2019\/#listItem","name":"Industria alemana registra fuerte ca\u00edda a finales de 2019"},"previousItem":{"@type":"ListItem","@id":"https:\/\/eldigitaldeasturias.com\/radio#listItem","name":"Inicio"}},{"@type":"ListItem","@id":"https:\/\/eldigitaldeasturias.com\/radio\/industria-alemana-registra-fuerte-caida-a-finales-de-2019\/#listItem","position":3,"name":"Industria alemana registra fuerte ca\u00edda a finales de 2019","previousItem":{"@type":"ListItem","@id":"https:\/\/eldigitaldeasturias.com\/radio\/category\/negocios\/#listItem","name":"Negocios"}}]},{"@type":"NewsArticle","@id":"https:\/\/eldigitaldeasturias.com\/radio\/industria-alemana-registra-fuerte-caida-a-finales-de-2019\/#newsarticle","name":"Industria alemana registra fuerte ca\u00edda a finales de 2019 | El Digital de Asturias","headline":"Industria alemana registra fuerte ca\u00edda a finales de 2019","author":{"@id":"https:\/\/eldigitaldeasturias.com\/radio\/author\/nbasturias\/#author"},"publisher":{"@id":"https:\/\/eldigitaldeasturias.com\/radio\/#organization"},"image":{"@type":"ImageObject","url":"https:\/\/eldigitaldeasturias.com\/radio\/wp-content\/uploads\/2018\/10\/money-1005477_960_720.jpg","width":960,"height":640},"datePublished":"2020-02-08T22:23:11+01:00","dateModified":"2020-02-08T22:23:11+01:00","inLanguage":"es-ES","mainEntityOfPage":{"@id":"https:\/\/eldigitaldeasturias.com\/radio\/industria-alemana-registra-fuerte-caida-a-finales-de-2019\/#webpage"},"isPartOf":{"@id":"https:\/\/eldigitaldeasturias.com\/radio\/industria-alemana-registra-fuerte-caida-a-finales-de-2019\/#webpage"},"articleSection":"Negocios","dateline":"Publicado el febrero 8, 2020."},{"@type":"Organization","@id":"https:\/\/eldigitaldeasturias.com\/radio\/#organization","name":"El digital de Asturias Radio","description":"Diario de informaci\u00f3n y noticias","url":"https:\/\/eldigitaldeasturias.com\/radio\/","telephone":"+34652131393","logo":{"@type":"ImageObject","url":"https:\/\/www.eldigitaldeasturias.com\/radio\/wp-content\/uploads\/2021\/03\/EDA.jpg","@id":"https:\/\/eldigitaldeasturias.com\/radio\/industria-alemana-registra-fuerte-caida-a-finales-de-2019\/#organizationLogo"},"image":{"@id":"https:\/\/eldigitaldeasturias.com\/radio\/industria-alemana-registra-fuerte-caida-a-finales-de-2019\/#organizationLogo"},"sameAs":["https:\/\/www.facebook.com\/","https:\/\/x.com\/bercodi","https:\/\/www.instagram.com\/","https:\/\/www.youtube.com\/channel\/UCZP-2wLEB9Rv6erhFmqVnvg"]},{"@type":"Person","@id":"https:\/\/eldigitaldeasturias.com\/radio\/author\/nbasturias\/#author","url":"https:\/\/eldigitaldeasturias.com\/radio\/author\/nbasturias\/","name":"NBAsturias","image":{"@type":"ImageObject","@id":"https:\/\/eldigitaldeasturias.com\/radio\/industria-alemana-registra-fuerte-caida-a-finales-de-2019\/#authorImage","url":"https:\/\/secure.gravatar.com\/avatar\/df2aeffc32bcd13f8d26072ef8a91b623d677766deac7f97ca815868cd41bf5e?s=96&d=mm&r=g","width":96,"height":96,"caption":"NBAsturias"}},{"@type":"WebPage","@id":"https:\/\/eldigitaldeasturias.com\/radio\/industria-alemana-registra-fuerte-caida-a-finales-de-2019\/#webpage","url":"https:\/\/eldigitaldeasturias.com\/radio\/industria-alemana-registra-fuerte-caida-a-finales-de-2019\/","name":"Industria alemana registra fuerte ca\u00edda a finales de 2019 | El Digital de Asturias","description":"Wiesbaden\/Berl\u00edn, 7 feb (dpa) - La industria alemana sufri\u00f3 a finales del a\u00f1o pasado la mayor ca\u00edda de su producci\u00f3n desde 2009, seg\u00fan revelaron las cifras suministradas hoy por la Oficina Federal de Estad\u00edstica (Destatis) en Wiesbaden. De acuerdo con los datos, la producci\u00f3n total fue un 3,5 por ciento menor que en noviembre de","inLanguage":"es-ES","isPartOf":{"@id":"https:\/\/eldigitaldeasturias.com\/radio\/#website"},"breadcrumb":{"@id":"https:\/\/eldigitaldeasturias.com\/radio\/industria-alemana-registra-fuerte-caida-a-finales-de-2019\/#breadcrumblist"},"author":{"@id":"https:\/\/eldigitaldeasturias.com\/radio\/author\/nbasturias\/#author"},"creator":{"@id":"https:\/\/eldigitaldeasturias.com\/radio\/author\/nbasturias\/#author"},"image":{"@type":"ImageObject","url":"https:\/\/eldigitaldeasturias.com\/radio\/wp-content\/uploads\/2018\/10\/money-1005477_960_720.jpg","@id":"https:\/\/eldigitaldeasturias.com\/radio\/industria-alemana-registra-fuerte-caida-a-finales-de-2019\/#mainImage","width":960,"height":640},"primaryImageOfPage":{"@id":"https:\/\/eldigitaldeasturias.com\/radio\/industria-alemana-registra-fuerte-caida-a-finales-de-2019\/#mainImage"},"datePublished":"2020-02-08T22:23:11+01:00","dateModified":"2020-02-08T22:23:11+01:00"},{"@type":"WebSite","@id":"https:\/\/eldigitaldeasturias.com\/radio\/#website","url":"https:\/\/eldigitaldeasturias.com\/radio\/","name":"El Digital de Asturias","description":"Diario de informaci\u00f3n y noticias","inLanguage":"es-ES","publisher":{"@id":"https:\/\/eldigitaldeasturias.com\/radio\/#organization"}}]},"og:locale":"es_ES","og:site_name":"El Digital de Asturias | Diario de informaci\u00f3n y noticias","og:type":"article","og:title":"Industria alemana registra fuerte ca\u00edda a finales de 2019 | El Digital de Asturias","og:description":"Wiesbaden\/Berl\u00edn, 7 feb (dpa) - La industria alemana sufri\u00f3 a finales del a\u00f1o pasado la mayor ca\u00edda de su producci\u00f3n desde 2009, seg\u00fan revelaron las cifras suministradas hoy por la Oficina Federal de Estad\u00edstica (Destatis) en Wiesbaden. De acuerdo con los datos, la producci\u00f3n total fue un 3,5 por ciento menor que en noviembre de","og:url":"https:\/\/eldigitaldeasturias.com\/radio\/industria-alemana-registra-fuerte-caida-a-finales-de-2019\/","og:image":"https:\/\/eldigitaldeasturias.com\/radio\/wp-content\/uploads\/2018\/10\/money-1005477_960_720.jpg","og:image:secure_url":"https:\/\/eldigitaldeasturias.com\/radio\/wp-content\/uploads\/2018\/10\/money-1005477_960_720.jpg","og:image:width":960,"og:image:height":640,"article:published_time":"2020-02-08T22:23:11+00:00","article:modified_time":"2020-02-08T22:23:11+00:00","twitter:card":"summary_large_image","twitter:site":"@bercodi","twitter:title":"Industria alemana registra fuerte ca\u00edda a finales de 2019 | El Digital de Asturias","twitter:description":"Wiesbaden\/Berl\u00edn, 7 feb (dpa) - La industria alemana sufri\u00f3 a finales del a\u00f1o pasado la mayor ca\u00edda de su producci\u00f3n desde 2009, seg\u00fan revelaron las cifras suministradas hoy por la Oficina Federal de Estad\u00edstica (Destatis) en Wiesbaden. De acuerdo con los datos, la producci\u00f3n total fue un 3,5 por ciento menor que en noviembre de","twitter:creator":"@bercodi","twitter:image":"https:\/\/eldigitaldeasturias.com\/radio\/wp-content\/uploads\/2018\/10\/money-1005477_960_720.jpg"},"aioseo_meta_data":{"post_id":"3902","title":null,"description":null,"keywords":null,"keyphrases":null,"primary_term":null,"canonical_url":null,"og_title":null,"og_description":null,"og_object_type":"default","og_image_type":"default","og_image_url":null,"og_image_width":null,"og_image_height":null,"og_image_custom_url":null,"og_image_custom_fields":null,"og_video":null,"og_custom_url":null,"og_article_section":null,"og_article_tags":null,"twitter_use_og":false,"twitter_card":"default","twitter_image_type":"default","twitter_image_url":null,"twitter_image_custom_url":null,"twitter_image_custom_fields":null,"twitter_title":null,"twitter_description":null,"schema":{"blockGraphs":[],"customGraphs":[],"default":{"data":{"Article":[],"Course":[],"Dataset":[],"FAQPage":[],"Movie":[],"Person":[],"Product":[],"ProductReview":[],"Car":[],"Recipe":[],"Service":[],"SoftwareApplication":[],"WebPage":[]},"graphName":"","isEnabled":true},"graphs":[],"defaultGraph":"","defaultPostTypeGraph":""},"schema_type":null,"schema_type_options":null,"pillar_content":false,"robots_default":true,"robots_noindex":false,"robots_noarchive":false,"robots_nosnippet":false,"robots_nofollow":false,"robots_noimageindex":false,"robots_noodp":false,"robots_notranslate":false,"robots_max_snippet":null,"robots_max_videopreview":null,"robots_max_imagepreview":"large","priority":null,"frequency":null,"location":null,"local_seo":null,"seo_analyzer_scan_date":"2025-08-28 15:02:59","breadcrumb_settings":null,"limit_modified_date":false,"open_ai":null,"ai":null,"created":"2021-03-25 20:38:12","updated":"2025-08-28 15:02:59"},"aioseo_breadcrumb":"<div class=\"aioseo-breadcrumbs\"><span class=\"aioseo-breadcrumb\">\n\t<a href=\"https:\/\/eldigitaldeasturias.com\/radio\" title=\"Inicio\">Inicio<\/a>\n<\/span><span class=\"aioseo-breadcrumb-separator\">&ndash;<\/span><span class=\"aioseo-breadcrumb\">\n\t<a href=\"https:\/\/eldigitaldeasturias.com\/radio\/category\/negocios\/\" title=\"Negocios\">Negocios<\/a>\n<\/span><span class=\"aioseo-breadcrumb-separator\">&ndash;<\/span><span class=\"aioseo-breadcrumb\">\n\tIndustria alemana registra fuerte ca\u00edda a finales de 2019\n<\/span><\/div>","aioseo_breadcrumb_json":[{"label":"Inicio","link":"https:\/\/eldigitaldeasturias.com\/radio"},{"label":"Negocios","link":"https:\/\/eldigitaldeasturias.com\/radio\/category\/negocios\/"},{"label":"Industria alemana registra fuerte ca\u00edda a finales de 2019","link":"https:\/\/eldigitaldeasturias.com\/radio\/industria-alemana-registra-fuerte-caida-a-finales-de-2019\/"}],"_links":{"self":[{"href":"https:\/\/eldigitaldeasturias.com\/radio\/wp-json\/wp\/v2\/posts\/3902","targetHints":{"allow":["GET"]}}],"collection":[{"href":"https:\/\/eldigitaldeasturias.com\/radio\/wp-json\/wp\/v2\/posts"}],"about":[{"href":"https:\/\/eldigitaldeasturias.com\/radio\/wp-json\/wp\/v2\/types\/post"}],"author":[{"embeddable":true,"href":"https:\/\/eldigitaldeasturias.com\/radio\/wp-json\/wp\/v2\/users\/1"}],"replies":[{"embeddable":true,"href":"https:\/\/eldigitaldeasturias.com\/radio\/wp-json\/wp\/v2\/comments?post=3902"}],"version-history":[{"count":0,"href":"https:\/\/eldigitaldeasturias.com\/radio\/wp-json\/wp\/v2\/posts\/3902\/revisions"}],"wp:featuredmedia":[{"embeddable":true,"href":"https:\/\/eldigitaldeasturias.com\/radio\/wp-json\/wp\/v2\/media\/1471"}],"wp:attachment":[{"href":"https:\/\/eldigitaldeasturias.com\/radio\/wp-json\/wp\/v2\/media?parent=3902"}],"wp:term":[{"taxonomy":"category","embeddable":true,"href":"https:\/\/eldigitaldeasturias.com\/radio\/wp-json\/wp\/v2\/categories?post=3902"},{"taxonomy":"post_tag","embeddable":true,"href":"https:\/\/eldigitaldeasturias.com\/radio\/wp-json\/wp\/v2\/tags?post=3902"}],"curies":[{"name":"wp","href":"https:\/\/api.w.org\/{rel}","templated":true}]}}