{"id":3899,"date":"2020-02-08T22:22:30","date_gmt":"2020-02-08T22:22:30","guid":{"rendered":"http:\/\/www.eldigitaldeasturias.com\/radio\/?p=3899"},"modified":"2020-02-08T22:22:30","modified_gmt":"2020-02-08T22:22:30","slug":"mimistro-aleman-espera-resurgir-de-produccion-de-baterias-en-alemania","status":"publish","type":"post","link":"https:\/\/eldigitaldeasturias.com\/radio\/mimistro-aleman-espera-resurgir-de-produccion-de-baterias-en-alemania\/","title":{"rendered":"Mimistro alem\u00e1n espera resurgir de producci\u00f3n de bater\u00edas en Alemania"},"content":{"rendered":"<figure id=\"attachment_3900\" aria-describedby=\"caption-attachment-3900\" style=\"width: 360px\" class=\"wp-caption alignleft\"><img fetchpriority=\"high\" decoding=\"async\" class=\"size-medium wp-image-3900\" src=\"http:\/\/www.eldigitaldeasturias.com\/radio\/wp-content\/uploads\/2020\/02\/Peter-Altmaier-360x214.jpg\" alt=\"\" width=\"360\" height=\"214\" srcset=\"https:\/\/eldigitaldeasturias.com\/radio\/wp-content\/uploads\/2020\/02\/Peter-Altmaier-360x214.jpg 360w, https:\/\/eldigitaldeasturias.com\/radio\/wp-content\/uploads\/2020\/02\/Peter-Altmaier-1024x608.jpg 1024w, https:\/\/eldigitaldeasturias.com\/radio\/wp-content\/uploads\/2020\/02\/Peter-Altmaier-768x456.jpg 768w, https:\/\/eldigitaldeasturias.com\/radio\/wp-content\/uploads\/2020\/02\/Peter-Altmaier.jpg 1117w\" sizes=\"(max-width: 360px) 100vw, 360px\" \/><figcaption id=\"caption-attachment-3900\" class=\"wp-caption-text\">Foto: Oliver Dietze\/dpa<\/figcaption><\/figure>\n<p>Kaiserslautern (Alemania), 7 feb (dpa) &#8211; El Ministro alem\u00e1n de Econom\u00eda, Peter Altmaier, espera un renacimiento de la producci\u00f3n de bater\u00edas en Alemania, seg\u00fan declaraciones de hoy en Kaiserslautern, donde la automotriz Opel present\u00f3 sus planes para la producci\u00f3n de celdas de bater\u00edas para coches el\u00e9ctricos.<\/p>\n<p>\u00abExiste la perspectiva de que dentro de unos a\u00f1os la producci\u00f3n de c\u00e9lulas de bater\u00edas, que en Alemania y Europa cre\u00edamos perdidas desde hace mucho tiempo, vuelva a este lugar\u00bb, se\u00f1al\u00f3 el pol\u00edtico conservador. Opel quiere producir all\u00ed, junto con su empresa matriz PSA y la francesa Saft, filial de Total, celdas de bater\u00edas.<\/p>\n<p>\u00abEsta es una decisi\u00f3n de pol\u00edtica industrial de primer orden\u00bb, dijo Altmaier, e indic\u00f3 que el Gobierno federal quiere participar en la inversi\u00f3n con una suma millonaria de tres d\u00edgitos.<\/p>\n<p>Seg\u00fan Opel, se invertir\u00e1n aproximadamente 2.000 millones de euros (casi 2.200 millones de d\u00f3lares) en la mayor producci\u00f3n de celdas de bater\u00eda para veh\u00edculos el\u00e9ctricos de Alemania.<\/p>\n<p>La f\u00e1brica prevista en la regi\u00f3n del Palatinado, en el suroeste alem\u00e1n, podr\u00eda iniciar la producci\u00f3n en 2024 y se prev\u00e9n unos 2.000 puestos de trabajo.<\/p>\n<p>\u00abAqu\u00ed en Kaiserslautern, se est\u00e1 creando un verdadero proyecto secular\u00bb, afirm\u00f3 el presidente ejecutivo de Opel, Michael Lohscheller, y detall\u00f3 que, a partir de 2023, se montar\u00e1n paso a paso tres bloques, cada uno con una capacidad de ocho gigavatios hora.<\/p>\n<p>Seg\u00fan Lohscheller, con esto se podr\u00eda abastecer a cerca de medio mill\u00f3n de coches al a\u00f1o con celdas de bater\u00eda producidas en el Palatinado.<\/p>\n<p>La primera ministra de Renania Palatinado, Malu Dreyer, lo calific\u00f3 de \u00abhito\u00bb. \u00abHay que dar forma al cambio. Kaiserslautern es una se\u00f1al importante y positiva en este sentido\u00bb, sostuvo.<\/p>\n<p>El presidente del comit\u00e9 de empresa de Opel, Thorsten Zangerle, consider\u00f3 que la inversi\u00f3n planeada es como un \u00abpremio gordo de la loter\u00eda\u00bb para el lugar.<\/p>\n","protected":false},"excerpt":{"rendered":"<p>Kaiserslautern (Alemania), 7 feb (dpa) &#8211; El Ministro alem\u00e1n de Econom\u00eda, Peter Altmaier, espera un renacimiento de la producci\u00f3n de bater\u00edas en Alemania, seg\u00fan declaraciones de hoy en Kaiserslautern, donde la automotriz Opel present\u00f3 sus planes para la producci\u00f3n de celdas de bater\u00edas para coches el\u00e9ctricos. \u00abExiste la perspectiva de que dentro de unos a\u00f1os<\/p>\n","protected":false},"author":1,"featured_media":3900,"comment_status":"closed","ping_status":"closed","sticky":false,"template":"","format":"standard","meta":{"footnotes":""},"categories":[35],"tags":[],"class_list":{"0":"post-3899","1":"post","2":"type-post","3":"status-publish","4":"format-standard","5":"has-post-thumbnail","7":"category-negocios"},"aioseo_notices":[],"aioseo_head":"\n\t\t<!-- All in One SEO Pro 4.9.6.2 - aioseo.com -->\n\t<meta name=\"description\" content=\"Kaiserslautern (Alemania), 7 feb (dpa) - El Ministro alem\u00e1n de Econom\u00eda, Peter Altmaier, espera un renacimiento de la producci\u00f3n de bater\u00edas en Alemania, seg\u00fan declaraciones de hoy en Kaiserslautern, donde la automotriz Opel present\u00f3 sus planes para la producci\u00f3n de celdas de bater\u00edas para coches el\u00e9ctricos. &quot;Existe la perspectiva de que dentro de unos a\u00f1os\" \/>\n\t<meta name=\"robots\" content=\"max-image-preview:large\" \/>\n\t<meta name=\"author\" content=\"NBAsturias\"\/>\n\t<meta name=\"google-site-verification\" content=\"UA-38556648-1\" \/>\n\t<meta name=\"keywords\" content=\"negocios\" \/>\n\t<link rel=\"canonical\" href=\"https:\/\/eldigitaldeasturias.com\/radio\/mimistro-aleman-espera-resurgir-de-produccion-de-baterias-en-alemania\/\" \/>\n\t<meta name=\"generator\" content=\"All in One SEO Pro (AIOSEO) 4.9.6.2\" \/>\n\t\t<meta property=\"og:locale\" content=\"es_ES\" \/>\n\t\t<meta property=\"og:site_name\" content=\"El Digital de Asturias | Diario de informaci\u00f3n y noticias\" \/>\n\t\t<meta property=\"og:type\" content=\"article\" \/>\n\t\t<meta property=\"og:title\" content=\"Mimistro alem\u00e1n espera resurgir de producci\u00f3n de bater\u00edas en Alemania | El Digital de Asturias\" \/>\n\t\t<meta property=\"og:description\" content=\"Kaiserslautern (Alemania), 7 feb (dpa) - El Ministro alem\u00e1n de Econom\u00eda, Peter Altmaier, espera un renacimiento de la producci\u00f3n de bater\u00edas en Alemania, seg\u00fan declaraciones de hoy en Kaiserslautern, donde la automotriz Opel present\u00f3 sus planes para la producci\u00f3n de celdas de bater\u00edas para coches el\u00e9ctricos. &quot;Existe la perspectiva de que dentro de unos a\u00f1os\" \/>\n\t\t<meta property=\"og:url\" content=\"https:\/\/eldigitaldeasturias.com\/radio\/mimistro-aleman-espera-resurgir-de-produccion-de-baterias-en-alemania\/\" \/>\n\t\t<meta property=\"og:image\" content=\"https:\/\/eldigitaldeasturias.com\/radio\/wp-content\/uploads\/2020\/02\/Peter-Altmaier.jpg\" \/>\n\t\t<meta property=\"og:image:secure_url\" content=\"https:\/\/eldigitaldeasturias.com\/radio\/wp-content\/uploads\/2020\/02\/Peter-Altmaier.jpg\" \/>\n\t\t<meta property=\"og:image:width\" content=\"1117\" \/>\n\t\t<meta property=\"og:image:height\" content=\"663\" \/>\n\t\t<meta property=\"article:published_time\" content=\"2020-02-08T22:22:30+00:00\" \/>\n\t\t<meta property=\"article:modified_time\" content=\"2020-02-08T22:22:30+00:00\" \/>\n\t\t<meta name=\"twitter:card\" content=\"summary_large_image\" \/>\n\t\t<meta name=\"twitter:site\" content=\"@bercodi\" \/>\n\t\t<meta name=\"twitter:title\" content=\"Mimistro alem\u00e1n espera resurgir de producci\u00f3n de bater\u00edas en Alemania | El Digital de Asturias\" \/>\n\t\t<meta name=\"twitter:description\" content=\"Kaiserslautern (Alemania), 7 feb (dpa) - El Ministro alem\u00e1n de Econom\u00eda, Peter Altmaier, espera un renacimiento de la producci\u00f3n de bater\u00edas en Alemania, seg\u00fan declaraciones de hoy en Kaiserslautern, donde la automotriz Opel present\u00f3 sus planes para la producci\u00f3n de celdas de bater\u00edas para coches el\u00e9ctricos. &quot;Existe la perspectiva de que dentro de unos a\u00f1os\" \/>\n\t\t<meta name=\"twitter:creator\" content=\"@bercodi\" \/>\n\t\t<meta name=\"twitter:image\" content=\"https:\/\/eldigitaldeasturias.com\/radio\/wp-content\/uploads\/2020\/02\/Peter-Altmaier.jpg\" \/>\n\t\t<script type=\"application\/ld+json\" class=\"aioseo-schema\">\n\t\t\t{\"@context\":\"https:\\\/\\\/schema.org\",\"@graph\":[{\"@type\":\"BreadcrumbList\",\"@id\":\"https:\\\/\\\/eldigitaldeasturias.com\\\/radio\\\/mimistro-aleman-espera-resurgir-de-produccion-de-baterias-en-alemania\\\/#breadcrumblist\",\"itemListElement\":[{\"@type\":\"ListItem\",\"@id\":\"https:\\\/\\\/eldigitaldeasturias.com\\\/radio#listItem\",\"position\":1,\"name\":\"Inicio\",\"item\":\"https:\\\/\\\/eldigitaldeasturias.com\\\/radio\",\"nextItem\":{\"@type\":\"ListItem\",\"@id\":\"https:\\\/\\\/eldigitaldeasturias.com\\\/radio\\\/category\\\/negocios\\\/#listItem\",\"name\":\"Negocios\"}},{\"@type\":\"ListItem\",\"@id\":\"https:\\\/\\\/eldigitaldeasturias.com\\\/radio\\\/category\\\/negocios\\\/#listItem\",\"position\":2,\"name\":\"Negocios\",\"item\":\"https:\\\/\\\/eldigitaldeasturias.com\\\/radio\\\/category\\\/negocios\\\/\",\"nextItem\":{\"@type\":\"ListItem\",\"@id\":\"https:\\\/\\\/eldigitaldeasturias.com\\\/radio\\\/mimistro-aleman-espera-resurgir-de-produccion-de-baterias-en-alemania\\\/#listItem\",\"name\":\"Mimistro alem\\u00e1n espera resurgir de producci\\u00f3n de bater\\u00edas en Alemania\"},\"previousItem\":{\"@type\":\"ListItem\",\"@id\":\"https:\\\/\\\/eldigitaldeasturias.com\\\/radio#listItem\",\"name\":\"Inicio\"}},{\"@type\":\"ListItem\",\"@id\":\"https:\\\/\\\/eldigitaldeasturias.com\\\/radio\\\/mimistro-aleman-espera-resurgir-de-produccion-de-baterias-en-alemania\\\/#listItem\",\"position\":3,\"name\":\"Mimistro alem\\u00e1n espera resurgir de producci\\u00f3n de bater\\u00edas en Alemania\",\"previousItem\":{\"@type\":\"ListItem\",\"@id\":\"https:\\\/\\\/eldigitaldeasturias.com\\\/radio\\\/category\\\/negocios\\\/#listItem\",\"name\":\"Negocios\"}}]},{\"@type\":\"NewsArticle\",\"@id\":\"https:\\\/\\\/eldigitaldeasturias.com\\\/radio\\\/mimistro-aleman-espera-resurgir-de-produccion-de-baterias-en-alemania\\\/#newsarticle\",\"name\":\"Mimistro alem\\u00e1n espera resurgir de producci\\u00f3n de bater\\u00edas en Alemania | El Digital de Asturias\",\"headline\":\"Mimistro alem\\u00e1n espera resurgir de producci\\u00f3n de bater\\u00edas en Alemania\",\"author\":{\"@id\":\"https:\\\/\\\/eldigitaldeasturias.com\\\/radio\\\/author\\\/nbasturias\\\/#author\"},\"publisher\":{\"@id\":\"https:\\\/\\\/eldigitaldeasturias.com\\\/radio\\\/#organization\"},\"image\":{\"@type\":\"ImageObject\",\"url\":\"https:\\\/\\\/eldigitaldeasturias.com\\\/radio\\\/wp-content\\\/uploads\\\/2020\\\/02\\\/Peter-Altmaier.jpg\",\"width\":1117,\"height\":663,\"caption\":\"Foto: Oliver Dietze\\\/dpa\"},\"datePublished\":\"2020-02-08T22:22:30+01:00\",\"dateModified\":\"2020-02-08T22:22:30+01:00\",\"inLanguage\":\"es-ES\",\"mainEntityOfPage\":{\"@id\":\"https:\\\/\\\/eldigitaldeasturias.com\\\/radio\\\/mimistro-aleman-espera-resurgir-de-produccion-de-baterias-en-alemania\\\/#webpage\"},\"isPartOf\":{\"@id\":\"https:\\\/\\\/eldigitaldeasturias.com\\\/radio\\\/mimistro-aleman-espera-resurgir-de-produccion-de-baterias-en-alemania\\\/#webpage\"},\"articleSection\":\"Negocios\",\"dateline\":\"Publicado el febrero 8, 2020.\"},{\"@type\":\"Organization\",\"@id\":\"https:\\\/\\\/eldigitaldeasturias.com\\\/radio\\\/#organization\",\"name\":\"El digital de Asturias Radio\",\"description\":\"Diario de informaci\\u00f3n y noticias\",\"url\":\"https:\\\/\\\/eldigitaldeasturias.com\\\/radio\\\/\",\"telephone\":\"+34652131393\",\"logo\":{\"@type\":\"ImageObject\",\"url\":\"https:\\\/\\\/www.eldigitaldeasturias.com\\\/radio\\\/wp-content\\\/uploads\\\/2021\\\/03\\\/EDA.jpg\",\"@id\":\"https:\\\/\\\/eldigitaldeasturias.com\\\/radio\\\/mimistro-aleman-espera-resurgir-de-produccion-de-baterias-en-alemania\\\/#organizationLogo\"},\"image\":{\"@id\":\"https:\\\/\\\/eldigitaldeasturias.com\\\/radio\\\/mimistro-aleman-espera-resurgir-de-produccion-de-baterias-en-alemania\\\/#organizationLogo\"},\"sameAs\":[\"https:\\\/\\\/www.facebook.com\\\/\",\"https:\\\/\\\/x.com\\\/bercodi\",\"https:\\\/\\\/www.instagram.com\\\/\",\"https:\\\/\\\/www.youtube.com\\\/channel\\\/UCZP-2wLEB9Rv6erhFmqVnvg\"]},{\"@type\":\"Person\",\"@id\":\"https:\\\/\\\/eldigitaldeasturias.com\\\/radio\\\/author\\\/nbasturias\\\/#author\",\"url\":\"https:\\\/\\\/eldigitaldeasturias.com\\\/radio\\\/author\\\/nbasturias\\\/\",\"name\":\"NBAsturias\",\"image\":{\"@type\":\"ImageObject\",\"@id\":\"https:\\\/\\\/eldigitaldeasturias.com\\\/radio\\\/mimistro-aleman-espera-resurgir-de-produccion-de-baterias-en-alemania\\\/#authorImage\",\"url\":\"https:\\\/\\\/secure.gravatar.com\\\/avatar\\\/df2aeffc32bcd13f8d26072ef8a91b623d677766deac7f97ca815868cd41bf5e?s=96&d=mm&r=g\",\"width\":96,\"height\":96,\"caption\":\"NBAsturias\"}},{\"@type\":\"WebPage\",\"@id\":\"https:\\\/\\\/eldigitaldeasturias.com\\\/radio\\\/mimistro-aleman-espera-resurgir-de-produccion-de-baterias-en-alemania\\\/#webpage\",\"url\":\"https:\\\/\\\/eldigitaldeasturias.com\\\/radio\\\/mimistro-aleman-espera-resurgir-de-produccion-de-baterias-en-alemania\\\/\",\"name\":\"Mimistro alem\\u00e1n espera resurgir de producci\\u00f3n de bater\\u00edas en Alemania | El Digital de Asturias\",\"description\":\"Kaiserslautern (Alemania), 7 feb (dpa) - El Ministro alem\\u00e1n de Econom\\u00eda, Peter Altmaier, espera un renacimiento de la producci\\u00f3n de bater\\u00edas en Alemania, seg\\u00fan declaraciones de hoy en Kaiserslautern, donde la automotriz Opel present\\u00f3 sus planes para la producci\\u00f3n de celdas de bater\\u00edas para coches el\\u00e9ctricos. \\\"Existe la perspectiva de que dentro de unos a\\u00f1os\",\"inLanguage\":\"es-ES\",\"isPartOf\":{\"@id\":\"https:\\\/\\\/eldigitaldeasturias.com\\\/radio\\\/#website\"},\"breadcrumb\":{\"@id\":\"https:\\\/\\\/eldigitaldeasturias.com\\\/radio\\\/mimistro-aleman-espera-resurgir-de-produccion-de-baterias-en-alemania\\\/#breadcrumblist\"},\"author\":{\"@id\":\"https:\\\/\\\/eldigitaldeasturias.com\\\/radio\\\/author\\\/nbasturias\\\/#author\"},\"creator\":{\"@id\":\"https:\\\/\\\/eldigitaldeasturias.com\\\/radio\\\/author\\\/nbasturias\\\/#author\"},\"image\":{\"@type\":\"ImageObject\",\"url\":\"https:\\\/\\\/eldigitaldeasturias.com\\\/radio\\\/wp-content\\\/uploads\\\/2020\\\/02\\\/Peter-Altmaier.jpg\",\"@id\":\"https:\\\/\\\/eldigitaldeasturias.com\\\/radio\\\/mimistro-aleman-espera-resurgir-de-produccion-de-baterias-en-alemania\\\/#mainImage\",\"width\":1117,\"height\":663,\"caption\":\"Foto: Oliver Dietze\\\/dpa\"},\"primaryImageOfPage\":{\"@id\":\"https:\\\/\\\/eldigitaldeasturias.com\\\/radio\\\/mimistro-aleman-espera-resurgir-de-produccion-de-baterias-en-alemania\\\/#mainImage\"},\"datePublished\":\"2020-02-08T22:22:30+01:00\",\"dateModified\":\"2020-02-08T22:22:30+01:00\"},{\"@type\":\"WebSite\",\"@id\":\"https:\\\/\\\/eldigitaldeasturias.com\\\/radio\\\/#website\",\"url\":\"https:\\\/\\\/eldigitaldeasturias.com\\\/radio\\\/\",\"name\":\"El Digital de Asturias\",\"description\":\"Diario de informaci\\u00f3n y noticias\",\"inLanguage\":\"es-ES\",\"publisher\":{\"@id\":\"https:\\\/\\\/eldigitaldeasturias.com\\\/radio\\\/#organization\"}}]}\n\t\t<\/script>\n\t\t<!-- All in One SEO Pro -->\r\n\t\t<title>Mimistro alem\u00e1n espera resurgir de producci\u00f3n de bater\u00edas en Alemania | El Digital de Asturias<\/title>\n\n","aioseo_head_json":{"title":"Mimistro alem\u00e1n espera resurgir de producci\u00f3n de bater\u00edas en Alemania | El Digital de Asturias","description":"Kaiserslautern (Alemania), 7 feb (dpa) - El Ministro alem\u00e1n de Econom\u00eda, Peter Altmaier, espera un renacimiento de la producci\u00f3n de bater\u00edas en Alemania, seg\u00fan declaraciones de hoy en Kaiserslautern, donde la automotriz Opel present\u00f3 sus planes para la producci\u00f3n de celdas de bater\u00edas para coches el\u00e9ctricos. \"Existe la perspectiva de que dentro de unos a\u00f1os","canonical_url":"https:\/\/eldigitaldeasturias.com\/radio\/mimistro-aleman-espera-resurgir-de-produccion-de-baterias-en-alemania\/","robots":"max-image-preview:large","keywords":"negocios","webmasterTools":{"google-site-verification":"UA-38556648-1","miscellaneous":""},"schema":{"@context":"https:\/\/schema.org","@graph":[{"@type":"BreadcrumbList","@id":"https:\/\/eldigitaldeasturias.com\/radio\/mimistro-aleman-espera-resurgir-de-produccion-de-baterias-en-alemania\/#breadcrumblist","itemListElement":[{"@type":"ListItem","@id":"https:\/\/eldigitaldeasturias.com\/radio#listItem","position":1,"name":"Inicio","item":"https:\/\/eldigitaldeasturias.com\/radio","nextItem":{"@type":"ListItem","@id":"https:\/\/eldigitaldeasturias.com\/radio\/category\/negocios\/#listItem","name":"Negocios"}},{"@type":"ListItem","@id":"https:\/\/eldigitaldeasturias.com\/radio\/category\/negocios\/#listItem","position":2,"name":"Negocios","item":"https:\/\/eldigitaldeasturias.com\/radio\/category\/negocios\/","nextItem":{"@type":"ListItem","@id":"https:\/\/eldigitaldeasturias.com\/radio\/mimistro-aleman-espera-resurgir-de-produccion-de-baterias-en-alemania\/#listItem","name":"Mimistro alem\u00e1n espera resurgir de producci\u00f3n de bater\u00edas en Alemania"},"previousItem":{"@type":"ListItem","@id":"https:\/\/eldigitaldeasturias.com\/radio#listItem","name":"Inicio"}},{"@type":"ListItem","@id":"https:\/\/eldigitaldeasturias.com\/radio\/mimistro-aleman-espera-resurgir-de-produccion-de-baterias-en-alemania\/#listItem","position":3,"name":"Mimistro alem\u00e1n espera resurgir de producci\u00f3n de bater\u00edas en Alemania","previousItem":{"@type":"ListItem","@id":"https:\/\/eldigitaldeasturias.com\/radio\/category\/negocios\/#listItem","name":"Negocios"}}]},{"@type":"NewsArticle","@id":"https:\/\/eldigitaldeasturias.com\/radio\/mimistro-aleman-espera-resurgir-de-produccion-de-baterias-en-alemania\/#newsarticle","name":"Mimistro alem\u00e1n espera resurgir de producci\u00f3n de bater\u00edas en Alemania | El Digital de Asturias","headline":"Mimistro alem\u00e1n espera resurgir de producci\u00f3n de bater\u00edas en Alemania","author":{"@id":"https:\/\/eldigitaldeasturias.com\/radio\/author\/nbasturias\/#author"},"publisher":{"@id":"https:\/\/eldigitaldeasturias.com\/radio\/#organization"},"image":{"@type":"ImageObject","url":"https:\/\/eldigitaldeasturias.com\/radio\/wp-content\/uploads\/2020\/02\/Peter-Altmaier.jpg","width":1117,"height":663,"caption":"Foto: Oliver Dietze\/dpa"},"datePublished":"2020-02-08T22:22:30+01:00","dateModified":"2020-02-08T22:22:30+01:00","inLanguage":"es-ES","mainEntityOfPage":{"@id":"https:\/\/eldigitaldeasturias.com\/radio\/mimistro-aleman-espera-resurgir-de-produccion-de-baterias-en-alemania\/#webpage"},"isPartOf":{"@id":"https:\/\/eldigitaldeasturias.com\/radio\/mimistro-aleman-espera-resurgir-de-produccion-de-baterias-en-alemania\/#webpage"},"articleSection":"Negocios","dateline":"Publicado el febrero 8, 2020."},{"@type":"Organization","@id":"https:\/\/eldigitaldeasturias.com\/radio\/#organization","name":"El digital de Asturias Radio","description":"Diario de informaci\u00f3n y noticias","url":"https:\/\/eldigitaldeasturias.com\/radio\/","telephone":"+34652131393","logo":{"@type":"ImageObject","url":"https:\/\/www.eldigitaldeasturias.com\/radio\/wp-content\/uploads\/2021\/03\/EDA.jpg","@id":"https:\/\/eldigitaldeasturias.com\/radio\/mimistro-aleman-espera-resurgir-de-produccion-de-baterias-en-alemania\/#organizationLogo"},"image":{"@id":"https:\/\/eldigitaldeasturias.com\/radio\/mimistro-aleman-espera-resurgir-de-produccion-de-baterias-en-alemania\/#organizationLogo"},"sameAs":["https:\/\/www.facebook.com\/","https:\/\/x.com\/bercodi","https:\/\/www.instagram.com\/","https:\/\/www.youtube.com\/channel\/UCZP-2wLEB9Rv6erhFmqVnvg"]},{"@type":"Person","@id":"https:\/\/eldigitaldeasturias.com\/radio\/author\/nbasturias\/#author","url":"https:\/\/eldigitaldeasturias.com\/radio\/author\/nbasturias\/","name":"NBAsturias","image":{"@type":"ImageObject","@id":"https:\/\/eldigitaldeasturias.com\/radio\/mimistro-aleman-espera-resurgir-de-produccion-de-baterias-en-alemania\/#authorImage","url":"https:\/\/secure.gravatar.com\/avatar\/df2aeffc32bcd13f8d26072ef8a91b623d677766deac7f97ca815868cd41bf5e?s=96&d=mm&r=g","width":96,"height":96,"caption":"NBAsturias"}},{"@type":"WebPage","@id":"https:\/\/eldigitaldeasturias.com\/radio\/mimistro-aleman-espera-resurgir-de-produccion-de-baterias-en-alemania\/#webpage","url":"https:\/\/eldigitaldeasturias.com\/radio\/mimistro-aleman-espera-resurgir-de-produccion-de-baterias-en-alemania\/","name":"Mimistro alem\u00e1n espera resurgir de producci\u00f3n de bater\u00edas en Alemania | El Digital de Asturias","description":"Kaiserslautern (Alemania), 7 feb (dpa) - El Ministro alem\u00e1n de Econom\u00eda, Peter Altmaier, espera un renacimiento de la producci\u00f3n de bater\u00edas en Alemania, seg\u00fan declaraciones de hoy en Kaiserslautern, donde la automotriz Opel present\u00f3 sus planes para la producci\u00f3n de celdas de bater\u00edas para coches el\u00e9ctricos. \"Existe la perspectiva de que dentro de unos a\u00f1os","inLanguage":"es-ES","isPartOf":{"@id":"https:\/\/eldigitaldeasturias.com\/radio\/#website"},"breadcrumb":{"@id":"https:\/\/eldigitaldeasturias.com\/radio\/mimistro-aleman-espera-resurgir-de-produccion-de-baterias-en-alemania\/#breadcrumblist"},"author":{"@id":"https:\/\/eldigitaldeasturias.com\/radio\/author\/nbasturias\/#author"},"creator":{"@id":"https:\/\/eldigitaldeasturias.com\/radio\/author\/nbasturias\/#author"},"image":{"@type":"ImageObject","url":"https:\/\/eldigitaldeasturias.com\/radio\/wp-content\/uploads\/2020\/02\/Peter-Altmaier.jpg","@id":"https:\/\/eldigitaldeasturias.com\/radio\/mimistro-aleman-espera-resurgir-de-produccion-de-baterias-en-alemania\/#mainImage","width":1117,"height":663,"caption":"Foto: Oliver Dietze\/dpa"},"primaryImageOfPage":{"@id":"https:\/\/eldigitaldeasturias.com\/radio\/mimistro-aleman-espera-resurgir-de-produccion-de-baterias-en-alemania\/#mainImage"},"datePublished":"2020-02-08T22:22:30+01:00","dateModified":"2020-02-08T22:22:30+01:00"},{"@type":"WebSite","@id":"https:\/\/eldigitaldeasturias.com\/radio\/#website","url":"https:\/\/eldigitaldeasturias.com\/radio\/","name":"El Digital de Asturias","description":"Diario de informaci\u00f3n y noticias","inLanguage":"es-ES","publisher":{"@id":"https:\/\/eldigitaldeasturias.com\/radio\/#organization"}}]},"og:locale":"es_ES","og:site_name":"El Digital de Asturias | Diario de informaci\u00f3n y noticias","og:type":"article","og:title":"Mimistro alem\u00e1n espera resurgir de producci\u00f3n de bater\u00edas en Alemania | El Digital de Asturias","og:description":"Kaiserslautern (Alemania), 7 feb (dpa) - El Ministro alem\u00e1n de Econom\u00eda, Peter Altmaier, espera un renacimiento de la producci\u00f3n de bater\u00edas en Alemania, seg\u00fan declaraciones de hoy en Kaiserslautern, donde la automotriz Opel present\u00f3 sus planes para la producci\u00f3n de celdas de bater\u00edas para coches el\u00e9ctricos. &quot;Existe la perspectiva de que dentro de unos a\u00f1os","og:url":"https:\/\/eldigitaldeasturias.com\/radio\/mimistro-aleman-espera-resurgir-de-produccion-de-baterias-en-alemania\/","og:image":"https:\/\/eldigitaldeasturias.com\/radio\/wp-content\/uploads\/2020\/02\/Peter-Altmaier.jpg","og:image:secure_url":"https:\/\/eldigitaldeasturias.com\/radio\/wp-content\/uploads\/2020\/02\/Peter-Altmaier.jpg","og:image:width":1117,"og:image:height":663,"article:published_time":"2020-02-08T22:22:30+00:00","article:modified_time":"2020-02-08T22:22:30+00:00","twitter:card":"summary_large_image","twitter:site":"@bercodi","twitter:title":"Mimistro alem\u00e1n espera resurgir de producci\u00f3n de bater\u00edas en Alemania | El Digital de Asturias","twitter:description":"Kaiserslautern (Alemania), 7 feb (dpa) - El Ministro alem\u00e1n de Econom\u00eda, Peter Altmaier, espera un renacimiento de la producci\u00f3n de bater\u00edas en Alemania, seg\u00fan declaraciones de hoy en Kaiserslautern, donde la automotriz Opel present\u00f3 sus planes para la producci\u00f3n de celdas de bater\u00edas para coches el\u00e9ctricos. &quot;Existe la perspectiva de que dentro de unos a\u00f1os","twitter:creator":"@bercodi","twitter:image":"https:\/\/eldigitaldeasturias.com\/radio\/wp-content\/uploads\/2020\/02\/Peter-Altmaier.jpg"},"aioseo_meta_data":{"post_id":"3899","title":null,"description":null,"keywords":null,"keyphrases":null,"primary_term":null,"canonical_url":null,"og_title":null,"og_description":null,"og_object_type":"default","og_image_type":"default","og_image_url":null,"og_image_width":null,"og_image_height":null,"og_image_custom_url":null,"og_image_custom_fields":null,"og_video":null,"og_custom_url":null,"og_article_section":null,"og_article_tags":null,"twitter_use_og":false,"twitter_card":"default","twitter_image_type":"default","twitter_image_url":null,"twitter_image_custom_url":null,"twitter_image_custom_fields":null,"twitter_title":null,"twitter_description":null,"schema":{"blockGraphs":[],"customGraphs":[],"default":{"data":{"Article":[],"Course":[],"Dataset":[],"FAQPage":[],"Movie":[],"Person":[],"Product":[],"ProductReview":[],"Car":[],"Recipe":[],"Service":[],"SoftwareApplication":[],"WebPage":[]},"graphName":"","isEnabled":true},"graphs":[],"defaultGraph":"","defaultPostTypeGraph":""},"schema_type":null,"schema_type_options":null,"pillar_content":false,"robots_default":true,"robots_noindex":false,"robots_noarchive":false,"robots_nosnippet":false,"robots_nofollow":false,"robots_noimageindex":false,"robots_noodp":false,"robots_notranslate":false,"robots_max_snippet":null,"robots_max_videopreview":null,"robots_max_imagepreview":"large","priority":null,"frequency":null,"location":null,"local_seo":null,"seo_analyzer_scan_date":"2025-08-28 15:02:57","breadcrumb_settings":null,"limit_modified_date":false,"open_ai":null,"ai":null,"created":"2021-03-25 20:41:59","updated":"2025-08-28 15:02:57"},"aioseo_breadcrumb":"<div class=\"aioseo-breadcrumbs\"><span class=\"aioseo-breadcrumb\">\n\t<a href=\"https:\/\/eldigitaldeasturias.com\/radio\" title=\"Inicio\">Inicio<\/a>\n<\/span><span class=\"aioseo-breadcrumb-separator\">&ndash;<\/span><span class=\"aioseo-breadcrumb\">\n\t<a href=\"https:\/\/eldigitaldeasturias.com\/radio\/category\/negocios\/\" title=\"Negocios\">Negocios<\/a>\n<\/span><span class=\"aioseo-breadcrumb-separator\">&ndash;<\/span><span class=\"aioseo-breadcrumb\">\n\tMimistro alem\u00e1n espera resurgir de producci\u00f3n de bater\u00edas en Alemania\n<\/span><\/div>","aioseo_breadcrumb_json":[{"label":"Inicio","link":"https:\/\/eldigitaldeasturias.com\/radio"},{"label":"Negocios","link":"https:\/\/eldigitaldeasturias.com\/radio\/category\/negocios\/"},{"label":"Mimistro alem\u00e1n espera resurgir de producci\u00f3n de bater\u00edas en Alemania","link":"https:\/\/eldigitaldeasturias.com\/radio\/mimistro-aleman-espera-resurgir-de-produccion-de-baterias-en-alemania\/"}],"_links":{"self":[{"href":"https:\/\/eldigitaldeasturias.com\/radio\/wp-json\/wp\/v2\/posts\/3899","targetHints":{"allow":["GET"]}}],"collection":[{"href":"https:\/\/eldigitaldeasturias.com\/radio\/wp-json\/wp\/v2\/posts"}],"about":[{"href":"https:\/\/eldigitaldeasturias.com\/radio\/wp-json\/wp\/v2\/types\/post"}],"author":[{"embeddable":true,"href":"https:\/\/eldigitaldeasturias.com\/radio\/wp-json\/wp\/v2\/users\/1"}],"replies":[{"embeddable":true,"href":"https:\/\/eldigitaldeasturias.com\/radio\/wp-json\/wp\/v2\/comments?post=3899"}],"version-history":[{"count":0,"href":"https:\/\/eldigitaldeasturias.com\/radio\/wp-json\/wp\/v2\/posts\/3899\/revisions"}],"wp:featuredmedia":[{"embeddable":true,"href":"https:\/\/eldigitaldeasturias.com\/radio\/wp-json\/wp\/v2\/media\/3900"}],"wp:attachment":[{"href":"https:\/\/eldigitaldeasturias.com\/radio\/wp-json\/wp\/v2\/media?parent=3899"}],"wp:term":[{"taxonomy":"category","embeddable":true,"href":"https:\/\/eldigitaldeasturias.com\/radio\/wp-json\/wp\/v2\/categories?post=3899"},{"taxonomy":"post_tag","embeddable":true,"href":"https:\/\/eldigitaldeasturias.com\/radio\/wp-json\/wp\/v2\/tags?post=3899"}],"curies":[{"name":"wp","href":"https:\/\/api.w.org\/{rel}","templated":true}]}}