{"id":3889,"date":"2020-02-08T21:01:33","date_gmt":"2020-02-08T21:01:33","guid":{"rendered":"http:\/\/www.eldigitaldeasturias.com\/radio\/?p=3889"},"modified":"2020-02-08T21:01:33","modified_gmt":"2020-02-08T21:01:33","slug":"siegemund-disputa-primer-single-de-copa-fed-en-brasil","status":"publish","type":"post","link":"https:\/\/eldigitaldeasturias.com\/radio\/siegemund-disputa-primer-single-de-copa-fed-en-brasil\/","title":{"rendered":"Siegemund disputa primer single de Copa Fed en Brasil"},"content":{"rendered":"<p>Florian\u00f3polis (Brasil), 6 feb (dpa) &#8211; Laura Siegemund disputa este viernes el primer partido de singles del equipo alem\u00e1n en la Copa Fed contra la brasile\u00f1a Teliana Pereira, seg\u00fan arroj\u00f3 el sorteo realizado hoy.<\/p>\n<p>La germana de 31 a\u00f1os es considerada clara favorita contra Pereira, que ocupa el puesto n\u00famero 359 en el ranking mundial.<\/p>\n<p>Posteriormente, la germana Tatjana Maria se enfrentar\u00e1 a Gabriela C\u00e9, n\u00famero 225 del mundo.<\/p>\n<p>El s\u00e1bado tendr\u00e1n lugar los otros dos partidos single y el encuentro en dobles.<\/p>\n<p>El equipo ganador de la ronda clasificatoria se adjudicar\u00e1 el derecho a participar en la fase final a mediados de abril en Budapest, en la que por primera vez se enfrentar\u00e1n doce equipos.<\/p>\n<p>Rainer Sch\u00fcttler, capit\u00e1n del equipo germano, tuvo que prescindir de sus dos mejores jugadoras, Angelique Kerber y Julia G\u00f6rges. Kerber sufri\u00f3 una lesi\u00f3n en el muslo que tambi\u00e9n le afect\u00f3 en el Abierto de Australia, mientras que G\u00f6rges anunci\u00f3 que no participar\u00eda.<\/p>\n<p>El tenis femenino alem\u00e1n est\u00e1 representado en Brasil por Laura Siegemund, Tatjana Maria, Anna-Lena Friedsam y Antonia Lottner.<\/p>\n","protected":false},"excerpt":{"rendered":"<p>Florian\u00f3polis (Brasil), 6 feb (dpa) &#8211; Laura Siegemund disputa este viernes el primer partido de singles del equipo alem\u00e1n en la Copa Fed contra la brasile\u00f1a Teliana Pereira, seg\u00fan arroj\u00f3 el sorteo realizado hoy. La germana de 31 a\u00f1os es considerada clara favorita contra Pereira, que ocupa el puesto n\u00famero 359 en el ranking mundial.<\/p>\n","protected":false},"author":1,"featured_media":893,"comment_status":"closed","ping_status":"closed","sticky":false,"template":"","format":"standard","meta":{"footnotes":""},"categories":[1],"tags":[],"class_list":{"0":"post-3889","1":"post","2":"type-post","3":"status-publish","4":"format-standard","5":"has-post-thumbnail","7":"category-noticias"},"aioseo_notices":[],"aioseo_head":"\n\t\t<!-- All in One SEO Pro 4.9.6.2 - aioseo.com -->\n\t<meta name=\"description\" content=\"Florian\u00f3polis (Brasil), 6 feb (dpa) - Laura Siegemund disputa este viernes el primer partido de singles del equipo alem\u00e1n en la Copa Fed contra la brasile\u00f1a Teliana Pereira, seg\u00fan arroj\u00f3 el sorteo realizado hoy. La germana de 31 a\u00f1os es considerada clara favorita contra Pereira, que ocupa el puesto n\u00famero 359 en el ranking mundial.\" \/>\n\t<meta name=\"robots\" content=\"max-image-preview:large\" \/>\n\t<meta name=\"author\" content=\"NBAsturias\"\/>\n\t<meta name=\"google-site-verification\" content=\"UA-38556648-1\" \/>\n\t<meta name=\"keywords\" content=\"noticias\" \/>\n\t<link rel=\"canonical\" href=\"https:\/\/eldigitaldeasturias.com\/radio\/siegemund-disputa-primer-single-de-copa-fed-en-brasil\/\" \/>\n\t<meta name=\"generator\" content=\"All in One SEO Pro (AIOSEO) 4.9.6.2\" \/>\n\t\t<meta property=\"og:locale\" content=\"es_ES\" \/>\n\t\t<meta property=\"og:site_name\" content=\"El Digital de Asturias | Diario de informaci\u00f3n y noticias\" \/>\n\t\t<meta property=\"og:type\" content=\"article\" \/>\n\t\t<meta property=\"og:title\" content=\"Siegemund disputa primer single de Copa Fed en Brasil | El Digital de Asturias\" \/>\n\t\t<meta property=\"og:description\" content=\"Florian\u00f3polis (Brasil), 6 feb (dpa) - Laura Siegemund disputa este viernes el primer partido de singles del equipo alem\u00e1n en la Copa Fed contra la brasile\u00f1a Teliana Pereira, seg\u00fan arroj\u00f3 el sorteo realizado hoy. La germana de 31 a\u00f1os es considerada clara favorita contra Pereira, que ocupa el puesto n\u00famero 359 en el ranking mundial.\" \/>\n\t\t<meta property=\"og:url\" content=\"https:\/\/eldigitaldeasturias.com\/radio\/siegemund-disputa-primer-single-de-copa-fed-en-brasil\/\" \/>\n\t\t<meta property=\"og:image\" content=\"https:\/\/eldigitaldeasturias.com\/radio\/wp-content\/uploads\/2018\/05\/tennis-923659_960_720.jpg\" \/>\n\t\t<meta property=\"og:image:secure_url\" content=\"https:\/\/eldigitaldeasturias.com\/radio\/wp-content\/uploads\/2018\/05\/tennis-923659_960_720.jpg\" \/>\n\t\t<meta property=\"og:image:width\" content=\"960\" \/>\n\t\t<meta property=\"og:image:height\" content=\"720\" \/>\n\t\t<meta property=\"article:published_time\" content=\"2020-02-08T21:01:33+00:00\" \/>\n\t\t<meta property=\"article:modified_time\" content=\"2020-02-08T21:01:33+00:00\" \/>\n\t\t<meta name=\"twitter:card\" content=\"summary_large_image\" \/>\n\t\t<meta name=\"twitter:site\" content=\"@bercodi\" \/>\n\t\t<meta name=\"twitter:title\" content=\"Siegemund disputa primer single de Copa Fed en Brasil | El Digital de Asturias\" \/>\n\t\t<meta name=\"twitter:description\" content=\"Florian\u00f3polis (Brasil), 6 feb (dpa) - Laura Siegemund disputa este viernes el primer partido de singles del equipo alem\u00e1n en la Copa Fed contra la brasile\u00f1a Teliana Pereira, seg\u00fan arroj\u00f3 el sorteo realizado hoy. La germana de 31 a\u00f1os es considerada clara favorita contra Pereira, que ocupa el puesto n\u00famero 359 en el ranking mundial.\" \/>\n\t\t<meta name=\"twitter:creator\" content=\"@bercodi\" \/>\n\t\t<meta name=\"twitter:image\" content=\"https:\/\/eldigitaldeasturias.com\/radio\/wp-content\/uploads\/2018\/05\/tennis-923659_960_720.jpg\" \/>\n\t\t<script type=\"application\/ld+json\" class=\"aioseo-schema\">\n\t\t\t{\"@context\":\"https:\\\/\\\/schema.org\",\"@graph\":[{\"@type\":\"BreadcrumbList\",\"@id\":\"https:\\\/\\\/eldigitaldeasturias.com\\\/radio\\\/siegemund-disputa-primer-single-de-copa-fed-en-brasil\\\/#breadcrumblist\",\"itemListElement\":[{\"@type\":\"ListItem\",\"@id\":\"https:\\\/\\\/eldigitaldeasturias.com\\\/radio#listItem\",\"position\":1,\"name\":\"Inicio\",\"item\":\"https:\\\/\\\/eldigitaldeasturias.com\\\/radio\",\"nextItem\":{\"@type\":\"ListItem\",\"@id\":\"https:\\\/\\\/eldigitaldeasturias.com\\\/radio\\\/category\\\/noticias\\\/#listItem\",\"name\":\"Noticias\"}},{\"@type\":\"ListItem\",\"@id\":\"https:\\\/\\\/eldigitaldeasturias.com\\\/radio\\\/category\\\/noticias\\\/#listItem\",\"position\":2,\"name\":\"Noticias\",\"item\":\"https:\\\/\\\/eldigitaldeasturias.com\\\/radio\\\/category\\\/noticias\\\/\",\"nextItem\":{\"@type\":\"ListItem\",\"@id\":\"https:\\\/\\\/eldigitaldeasturias.com\\\/radio\\\/siegemund-disputa-primer-single-de-copa-fed-en-brasil\\\/#listItem\",\"name\":\"Siegemund disputa primer single de Copa Fed en Brasil\"},\"previousItem\":{\"@type\":\"ListItem\",\"@id\":\"https:\\\/\\\/eldigitaldeasturias.com\\\/radio#listItem\",\"name\":\"Inicio\"}},{\"@type\":\"ListItem\",\"@id\":\"https:\\\/\\\/eldigitaldeasturias.com\\\/radio\\\/siegemund-disputa-primer-single-de-copa-fed-en-brasil\\\/#listItem\",\"position\":3,\"name\":\"Siegemund disputa primer single de Copa Fed en Brasil\",\"previousItem\":{\"@type\":\"ListItem\",\"@id\":\"https:\\\/\\\/eldigitaldeasturias.com\\\/radio\\\/category\\\/noticias\\\/#listItem\",\"name\":\"Noticias\"}}]},{\"@type\":\"NewsArticle\",\"@id\":\"https:\\\/\\\/eldigitaldeasturias.com\\\/radio\\\/siegemund-disputa-primer-single-de-copa-fed-en-brasil\\\/#newsarticle\",\"name\":\"Siegemund disputa primer single de Copa Fed en Brasil | El Digital de Asturias\",\"headline\":\"Siegemund disputa primer single de Copa Fed en Brasil\",\"author\":{\"@id\":\"https:\\\/\\\/eldigitaldeasturias.com\\\/radio\\\/author\\\/nbasturias\\\/#author\"},\"publisher\":{\"@id\":\"https:\\\/\\\/eldigitaldeasturias.com\\\/radio\\\/#organization\"},\"image\":{\"@type\":\"ImageObject\",\"url\":\"https:\\\/\\\/eldigitaldeasturias.com\\\/radio\\\/wp-content\\\/uploads\\\/2018\\\/05\\\/tennis-923659_960_720.jpg\",\"width\":960,\"height\":720},\"datePublished\":\"2020-02-08T21:01:33+01:00\",\"dateModified\":\"2020-02-08T21:01:33+01:00\",\"inLanguage\":\"es-ES\",\"mainEntityOfPage\":{\"@id\":\"https:\\\/\\\/eldigitaldeasturias.com\\\/radio\\\/siegemund-disputa-primer-single-de-copa-fed-en-brasil\\\/#webpage\"},\"isPartOf\":{\"@id\":\"https:\\\/\\\/eldigitaldeasturias.com\\\/radio\\\/siegemund-disputa-primer-single-de-copa-fed-en-brasil\\\/#webpage\"},\"articleSection\":\"Noticias\",\"dateline\":\"Publicado el febrero 8, 2020.\"},{\"@type\":\"Organization\",\"@id\":\"https:\\\/\\\/eldigitaldeasturias.com\\\/radio\\\/#organization\",\"name\":\"El digital de Asturias Radio\",\"description\":\"Diario de informaci\\u00f3n y noticias\",\"url\":\"https:\\\/\\\/eldigitaldeasturias.com\\\/radio\\\/\",\"telephone\":\"+34652131393\",\"logo\":{\"@type\":\"ImageObject\",\"url\":\"https:\\\/\\\/www.eldigitaldeasturias.com\\\/radio\\\/wp-content\\\/uploads\\\/2021\\\/03\\\/EDA.jpg\",\"@id\":\"https:\\\/\\\/eldigitaldeasturias.com\\\/radio\\\/siegemund-disputa-primer-single-de-copa-fed-en-brasil\\\/#organizationLogo\"},\"image\":{\"@id\":\"https:\\\/\\\/eldigitaldeasturias.com\\\/radio\\\/siegemund-disputa-primer-single-de-copa-fed-en-brasil\\\/#organizationLogo\"},\"sameAs\":[\"https:\\\/\\\/www.facebook.com\\\/\",\"https:\\\/\\\/x.com\\\/bercodi\",\"https:\\\/\\\/www.instagram.com\\\/\",\"https:\\\/\\\/www.youtube.com\\\/channel\\\/UCZP-2wLEB9Rv6erhFmqVnvg\"]},{\"@type\":\"Person\",\"@id\":\"https:\\\/\\\/eldigitaldeasturias.com\\\/radio\\\/author\\\/nbasturias\\\/#author\",\"url\":\"https:\\\/\\\/eldigitaldeasturias.com\\\/radio\\\/author\\\/nbasturias\\\/\",\"name\":\"NBAsturias\",\"image\":{\"@type\":\"ImageObject\",\"@id\":\"https:\\\/\\\/eldigitaldeasturias.com\\\/radio\\\/siegemund-disputa-primer-single-de-copa-fed-en-brasil\\\/#authorImage\",\"url\":\"https:\\\/\\\/secure.gravatar.com\\\/avatar\\\/df2aeffc32bcd13f8d26072ef8a91b623d677766deac7f97ca815868cd41bf5e?s=96&d=mm&r=g\",\"width\":96,\"height\":96,\"caption\":\"NBAsturias\"}},{\"@type\":\"WebPage\",\"@id\":\"https:\\\/\\\/eldigitaldeasturias.com\\\/radio\\\/siegemund-disputa-primer-single-de-copa-fed-en-brasil\\\/#webpage\",\"url\":\"https:\\\/\\\/eldigitaldeasturias.com\\\/radio\\\/siegemund-disputa-primer-single-de-copa-fed-en-brasil\\\/\",\"name\":\"Siegemund disputa primer single de Copa Fed en Brasil | El Digital de Asturias\",\"description\":\"Florian\\u00f3polis (Brasil), 6 feb (dpa) - Laura Siegemund disputa este viernes el primer partido de singles del equipo alem\\u00e1n en la Copa Fed contra la brasile\\u00f1a Teliana Pereira, seg\\u00fan arroj\\u00f3 el sorteo realizado hoy. La germana de 31 a\\u00f1os es considerada clara favorita contra Pereira, que ocupa el puesto n\\u00famero 359 en el ranking mundial.\",\"inLanguage\":\"es-ES\",\"isPartOf\":{\"@id\":\"https:\\\/\\\/eldigitaldeasturias.com\\\/radio\\\/#website\"},\"breadcrumb\":{\"@id\":\"https:\\\/\\\/eldigitaldeasturias.com\\\/radio\\\/siegemund-disputa-primer-single-de-copa-fed-en-brasil\\\/#breadcrumblist\"},\"author\":{\"@id\":\"https:\\\/\\\/eldigitaldeasturias.com\\\/radio\\\/author\\\/nbasturias\\\/#author\"},\"creator\":{\"@id\":\"https:\\\/\\\/eldigitaldeasturias.com\\\/radio\\\/author\\\/nbasturias\\\/#author\"},\"image\":{\"@type\":\"ImageObject\",\"url\":\"https:\\\/\\\/eldigitaldeasturias.com\\\/radio\\\/wp-content\\\/uploads\\\/2018\\\/05\\\/tennis-923659_960_720.jpg\",\"@id\":\"https:\\\/\\\/eldigitaldeasturias.com\\\/radio\\\/siegemund-disputa-primer-single-de-copa-fed-en-brasil\\\/#mainImage\",\"width\":960,\"height\":720},\"primaryImageOfPage\":{\"@id\":\"https:\\\/\\\/eldigitaldeasturias.com\\\/radio\\\/siegemund-disputa-primer-single-de-copa-fed-en-brasil\\\/#mainImage\"},\"datePublished\":\"2020-02-08T21:01:33+01:00\",\"dateModified\":\"2020-02-08T21:01:33+01:00\"},{\"@type\":\"WebSite\",\"@id\":\"https:\\\/\\\/eldigitaldeasturias.com\\\/radio\\\/#website\",\"url\":\"https:\\\/\\\/eldigitaldeasturias.com\\\/radio\\\/\",\"name\":\"El Digital de Asturias\",\"description\":\"Diario de informaci\\u00f3n y noticias\",\"inLanguage\":\"es-ES\",\"publisher\":{\"@id\":\"https:\\\/\\\/eldigitaldeasturias.com\\\/radio\\\/#organization\"}}]}\n\t\t<\/script>\n\t\t<!-- All in One SEO Pro -->\r\n\t\t<title>Siegemund disputa primer single de Copa Fed en Brasil | El Digital de Asturias<\/title>\n\n","aioseo_head_json":{"title":"Siegemund disputa primer single de Copa Fed en Brasil | El Digital de Asturias","description":"Florian\u00f3polis (Brasil), 6 feb (dpa) - Laura Siegemund disputa este viernes el primer partido de singles del equipo alem\u00e1n en la Copa Fed contra la brasile\u00f1a Teliana Pereira, seg\u00fan arroj\u00f3 el sorteo realizado hoy. La germana de 31 a\u00f1os es considerada clara favorita contra Pereira, que ocupa el puesto n\u00famero 359 en el ranking mundial.","canonical_url":"https:\/\/eldigitaldeasturias.com\/radio\/siegemund-disputa-primer-single-de-copa-fed-en-brasil\/","robots":"max-image-preview:large","keywords":"noticias","webmasterTools":{"google-site-verification":"UA-38556648-1","miscellaneous":""},"schema":{"@context":"https:\/\/schema.org","@graph":[{"@type":"BreadcrumbList","@id":"https:\/\/eldigitaldeasturias.com\/radio\/siegemund-disputa-primer-single-de-copa-fed-en-brasil\/#breadcrumblist","itemListElement":[{"@type":"ListItem","@id":"https:\/\/eldigitaldeasturias.com\/radio#listItem","position":1,"name":"Inicio","item":"https:\/\/eldigitaldeasturias.com\/radio","nextItem":{"@type":"ListItem","@id":"https:\/\/eldigitaldeasturias.com\/radio\/category\/noticias\/#listItem","name":"Noticias"}},{"@type":"ListItem","@id":"https:\/\/eldigitaldeasturias.com\/radio\/category\/noticias\/#listItem","position":2,"name":"Noticias","item":"https:\/\/eldigitaldeasturias.com\/radio\/category\/noticias\/","nextItem":{"@type":"ListItem","@id":"https:\/\/eldigitaldeasturias.com\/radio\/siegemund-disputa-primer-single-de-copa-fed-en-brasil\/#listItem","name":"Siegemund disputa primer single de Copa Fed en Brasil"},"previousItem":{"@type":"ListItem","@id":"https:\/\/eldigitaldeasturias.com\/radio#listItem","name":"Inicio"}},{"@type":"ListItem","@id":"https:\/\/eldigitaldeasturias.com\/radio\/siegemund-disputa-primer-single-de-copa-fed-en-brasil\/#listItem","position":3,"name":"Siegemund disputa primer single de Copa Fed en Brasil","previousItem":{"@type":"ListItem","@id":"https:\/\/eldigitaldeasturias.com\/radio\/category\/noticias\/#listItem","name":"Noticias"}}]},{"@type":"NewsArticle","@id":"https:\/\/eldigitaldeasturias.com\/radio\/siegemund-disputa-primer-single-de-copa-fed-en-brasil\/#newsarticle","name":"Siegemund disputa primer single de Copa Fed en Brasil | El Digital de Asturias","headline":"Siegemund disputa primer single de Copa Fed en Brasil","author":{"@id":"https:\/\/eldigitaldeasturias.com\/radio\/author\/nbasturias\/#author"},"publisher":{"@id":"https:\/\/eldigitaldeasturias.com\/radio\/#organization"},"image":{"@type":"ImageObject","url":"https:\/\/eldigitaldeasturias.com\/radio\/wp-content\/uploads\/2018\/05\/tennis-923659_960_720.jpg","width":960,"height":720},"datePublished":"2020-02-08T21:01:33+01:00","dateModified":"2020-02-08T21:01:33+01:00","inLanguage":"es-ES","mainEntityOfPage":{"@id":"https:\/\/eldigitaldeasturias.com\/radio\/siegemund-disputa-primer-single-de-copa-fed-en-brasil\/#webpage"},"isPartOf":{"@id":"https:\/\/eldigitaldeasturias.com\/radio\/siegemund-disputa-primer-single-de-copa-fed-en-brasil\/#webpage"},"articleSection":"Noticias","dateline":"Publicado el febrero 8, 2020."},{"@type":"Organization","@id":"https:\/\/eldigitaldeasturias.com\/radio\/#organization","name":"El digital de Asturias Radio","description":"Diario de informaci\u00f3n y noticias","url":"https:\/\/eldigitaldeasturias.com\/radio\/","telephone":"+34652131393","logo":{"@type":"ImageObject","url":"https:\/\/www.eldigitaldeasturias.com\/radio\/wp-content\/uploads\/2021\/03\/EDA.jpg","@id":"https:\/\/eldigitaldeasturias.com\/radio\/siegemund-disputa-primer-single-de-copa-fed-en-brasil\/#organizationLogo"},"image":{"@id":"https:\/\/eldigitaldeasturias.com\/radio\/siegemund-disputa-primer-single-de-copa-fed-en-brasil\/#organizationLogo"},"sameAs":["https:\/\/www.facebook.com\/","https:\/\/x.com\/bercodi","https:\/\/www.instagram.com\/","https:\/\/www.youtube.com\/channel\/UCZP-2wLEB9Rv6erhFmqVnvg"]},{"@type":"Person","@id":"https:\/\/eldigitaldeasturias.com\/radio\/author\/nbasturias\/#author","url":"https:\/\/eldigitaldeasturias.com\/radio\/author\/nbasturias\/","name":"NBAsturias","image":{"@type":"ImageObject","@id":"https:\/\/eldigitaldeasturias.com\/radio\/siegemund-disputa-primer-single-de-copa-fed-en-brasil\/#authorImage","url":"https:\/\/secure.gravatar.com\/avatar\/df2aeffc32bcd13f8d26072ef8a91b623d677766deac7f97ca815868cd41bf5e?s=96&d=mm&r=g","width":96,"height":96,"caption":"NBAsturias"}},{"@type":"WebPage","@id":"https:\/\/eldigitaldeasturias.com\/radio\/siegemund-disputa-primer-single-de-copa-fed-en-brasil\/#webpage","url":"https:\/\/eldigitaldeasturias.com\/radio\/siegemund-disputa-primer-single-de-copa-fed-en-brasil\/","name":"Siegemund disputa primer single de Copa Fed en Brasil | El Digital de Asturias","description":"Florian\u00f3polis (Brasil), 6 feb (dpa) - Laura Siegemund disputa este viernes el primer partido de singles del equipo alem\u00e1n en la Copa Fed contra la brasile\u00f1a Teliana Pereira, seg\u00fan arroj\u00f3 el sorteo realizado hoy. La germana de 31 a\u00f1os es considerada clara favorita contra Pereira, que ocupa el puesto n\u00famero 359 en el ranking mundial.","inLanguage":"es-ES","isPartOf":{"@id":"https:\/\/eldigitaldeasturias.com\/radio\/#website"},"breadcrumb":{"@id":"https:\/\/eldigitaldeasturias.com\/radio\/siegemund-disputa-primer-single-de-copa-fed-en-brasil\/#breadcrumblist"},"author":{"@id":"https:\/\/eldigitaldeasturias.com\/radio\/author\/nbasturias\/#author"},"creator":{"@id":"https:\/\/eldigitaldeasturias.com\/radio\/author\/nbasturias\/#author"},"image":{"@type":"ImageObject","url":"https:\/\/eldigitaldeasturias.com\/radio\/wp-content\/uploads\/2018\/05\/tennis-923659_960_720.jpg","@id":"https:\/\/eldigitaldeasturias.com\/radio\/siegemund-disputa-primer-single-de-copa-fed-en-brasil\/#mainImage","width":960,"height":720},"primaryImageOfPage":{"@id":"https:\/\/eldigitaldeasturias.com\/radio\/siegemund-disputa-primer-single-de-copa-fed-en-brasil\/#mainImage"},"datePublished":"2020-02-08T21:01:33+01:00","dateModified":"2020-02-08T21:01:33+01:00"},{"@type":"WebSite","@id":"https:\/\/eldigitaldeasturias.com\/radio\/#website","url":"https:\/\/eldigitaldeasturias.com\/radio\/","name":"El Digital de Asturias","description":"Diario de informaci\u00f3n y noticias","inLanguage":"es-ES","publisher":{"@id":"https:\/\/eldigitaldeasturias.com\/radio\/#organization"}}]},"og:locale":"es_ES","og:site_name":"El Digital de Asturias | Diario de informaci\u00f3n y noticias","og:type":"article","og:title":"Siegemund disputa primer single de Copa Fed en Brasil | El Digital de Asturias","og:description":"Florian\u00f3polis (Brasil), 6 feb (dpa) - Laura Siegemund disputa este viernes el primer partido de singles del equipo alem\u00e1n en la Copa Fed contra la brasile\u00f1a Teliana Pereira, seg\u00fan arroj\u00f3 el sorteo realizado hoy. La germana de 31 a\u00f1os es considerada clara favorita contra Pereira, que ocupa el puesto n\u00famero 359 en el ranking mundial.","og:url":"https:\/\/eldigitaldeasturias.com\/radio\/siegemund-disputa-primer-single-de-copa-fed-en-brasil\/","og:image":"https:\/\/eldigitaldeasturias.com\/radio\/wp-content\/uploads\/2018\/05\/tennis-923659_960_720.jpg","og:image:secure_url":"https:\/\/eldigitaldeasturias.com\/radio\/wp-content\/uploads\/2018\/05\/tennis-923659_960_720.jpg","og:image:width":960,"og:image:height":720,"article:published_time":"2020-02-08T21:01:33+00:00","article:modified_time":"2020-02-08T21:01:33+00:00","twitter:card":"summary_large_image","twitter:site":"@bercodi","twitter:title":"Siegemund disputa primer single de Copa Fed en Brasil | El Digital de Asturias","twitter:description":"Florian\u00f3polis (Brasil), 6 feb (dpa) - Laura Siegemund disputa este viernes el primer partido de singles del equipo alem\u00e1n en la Copa Fed contra la brasile\u00f1a Teliana Pereira, seg\u00fan arroj\u00f3 el sorteo realizado hoy. La germana de 31 a\u00f1os es considerada clara favorita contra Pereira, que ocupa el puesto n\u00famero 359 en el ranking mundial.","twitter:creator":"@bercodi","twitter:image":"https:\/\/eldigitaldeasturias.com\/radio\/wp-content\/uploads\/2018\/05\/tennis-923659_960_720.jpg"},"aioseo_meta_data":{"post_id":"3889","title":null,"description":null,"keywords":null,"keyphrases":null,"primary_term":null,"canonical_url":null,"og_title":null,"og_description":null,"og_object_type":"default","og_image_type":"default","og_image_url":null,"og_image_width":null,"og_image_height":null,"og_image_custom_url":null,"og_image_custom_fields":null,"og_video":null,"og_custom_url":null,"og_article_section":null,"og_article_tags":null,"twitter_use_og":false,"twitter_card":"default","twitter_image_type":"default","twitter_image_url":null,"twitter_image_custom_url":null,"twitter_image_custom_fields":null,"twitter_title":null,"twitter_description":null,"schema":{"blockGraphs":[],"customGraphs":[],"default":{"data":{"Article":[],"Course":[],"Dataset":[],"FAQPage":[],"Movie":[],"Person":[],"Product":[],"ProductReview":[],"Car":[],"Recipe":[],"Service":[],"SoftwareApplication":[],"WebPage":[]},"graphName":"","isEnabled":true},"graphs":[],"defaultGraph":"","defaultPostTypeGraph":""},"schema_type":null,"schema_type_options":null,"pillar_content":false,"robots_default":true,"robots_noindex":false,"robots_noarchive":false,"robots_nosnippet":false,"robots_nofollow":false,"robots_noimageindex":false,"robots_noodp":false,"robots_notranslate":false,"robots_max_snippet":null,"robots_max_videopreview":null,"robots_max_imagepreview":"large","priority":null,"frequency":null,"location":null,"local_seo":null,"seo_analyzer_scan_date":"2025-08-28 15:01:03","breadcrumb_settings":null,"limit_modified_date":false,"open_ai":null,"ai":null,"created":"2021-03-28 22:45:09","updated":"2025-08-28 15:01:03"},"aioseo_breadcrumb":"<div class=\"aioseo-breadcrumbs\"><span class=\"aioseo-breadcrumb\">\n\t<a href=\"https:\/\/eldigitaldeasturias.com\/radio\" title=\"Inicio\">Inicio<\/a>\n<\/span><span class=\"aioseo-breadcrumb-separator\">&ndash;<\/span><span class=\"aioseo-breadcrumb\">\n\t<a href=\"https:\/\/eldigitaldeasturias.com\/radio\/category\/noticias\/\" title=\"Noticias\">Noticias<\/a>\n<\/span><span class=\"aioseo-breadcrumb-separator\">&ndash;<\/span><span class=\"aioseo-breadcrumb\">\n\tSiegemund disputa primer single de Copa Fed en Brasil\n<\/span><\/div>","aioseo_breadcrumb_json":[{"label":"Inicio","link":"https:\/\/eldigitaldeasturias.com\/radio"},{"label":"Noticias","link":"https:\/\/eldigitaldeasturias.com\/radio\/category\/noticias\/"},{"label":"Siegemund disputa primer single de Copa Fed en Brasil","link":"https:\/\/eldigitaldeasturias.com\/radio\/siegemund-disputa-primer-single-de-copa-fed-en-brasil\/"}],"_links":{"self":[{"href":"https:\/\/eldigitaldeasturias.com\/radio\/wp-json\/wp\/v2\/posts\/3889","targetHints":{"allow":["GET"]}}],"collection":[{"href":"https:\/\/eldigitaldeasturias.com\/radio\/wp-json\/wp\/v2\/posts"}],"about":[{"href":"https:\/\/eldigitaldeasturias.com\/radio\/wp-json\/wp\/v2\/types\/post"}],"author":[{"embeddable":true,"href":"https:\/\/eldigitaldeasturias.com\/radio\/wp-json\/wp\/v2\/users\/1"}],"replies":[{"embeddable":true,"href":"https:\/\/eldigitaldeasturias.com\/radio\/wp-json\/wp\/v2\/comments?post=3889"}],"version-history":[{"count":0,"href":"https:\/\/eldigitaldeasturias.com\/radio\/wp-json\/wp\/v2\/posts\/3889\/revisions"}],"wp:featuredmedia":[{"embeddable":true,"href":"https:\/\/eldigitaldeasturias.com\/radio\/wp-json\/wp\/v2\/media\/893"}],"wp:attachment":[{"href":"https:\/\/eldigitaldeasturias.com\/radio\/wp-json\/wp\/v2\/media?parent=3889"}],"wp:term":[{"taxonomy":"category","embeddable":true,"href":"https:\/\/eldigitaldeasturias.com\/radio\/wp-json\/wp\/v2\/categories?post=3889"},{"taxonomy":"post_tag","embeddable":true,"href":"https:\/\/eldigitaldeasturias.com\/radio\/wp-json\/wp\/v2\/tags?post=3889"}],"curies":[{"name":"wp","href":"https:\/\/api.w.org\/{rel}","templated":true}]}}