{"id":3885,"date":"2020-02-08T20:59:45","date_gmt":"2020-02-08T20:59:45","guid":{"rendered":"http:\/\/www.eldigitaldeasturias.com\/radio\/?p=3885"},"modified":"2020-02-08T20:59:45","modified_gmt":"2020-02-08T20:59:45","slug":"primer-ministro-de-turingia-quiere-renunciar-tras-escandalo-electoral","status":"publish","type":"post","link":"https:\/\/eldigitaldeasturias.com\/radio\/primer-ministro-de-turingia-quiere-renunciar-tras-escandalo-electoral\/","title":{"rendered":"Primer ministro de Turingia quiere renunciar tras esc\u00e1ndalo electoral"},"content":{"rendered":"<p>Erfurt (Alemania), 6 feb (dpa) &#8211; El liberal Thomas Kemmerich, elegido ayer primer ministro de Turingia con el apoyo de la ultraderecha, anunci\u00f3 hoy que quiere renunciar al cargo, y su grupo parlamentario planea pedir la disoluci\u00f3n del parlamento, seg\u00fan informaron hoy.<\/p>\n<p>Este paso permitir\u00eda la convocatoria a nuevas elecciones en esa regi\u00f3n del este de Alemania.<\/p>\n<p>\u00abCon esto, Thomas L. Kemmerich quiere eliminar el estigma del apoyo de la (ultraderechista Alternativa para Alemania) AfD del cargo de primer ministro\u00bb, se\u00f1ala el comunicado del grupo parlamentario del Partido Liberal alem\u00e1n (FDP) de Turingia.<\/p>\n<p>\u00abLa dimisi\u00f3n es inevitable\u00bb, se\u00f1al\u00f3 por su parte Kemmerich.<\/p>\n<p>El jefe de los liberales en el plano nacional, Christian Lindner, tuvo que enfrentarse a numerosas cr\u00edticas. Lindner se\u00f1al\u00f3 tras el anuncio de Kemmerich que esa era la \u00ab\u00fanica decisi\u00f3n correcta\u00bb.<\/p>\n<p>El mi\u00e9rcoles, Kemmerich fue elegido de manera sorprendente como nuevo primer ministro del estado federado de Turingia en la tercera ronda de votaciones gracias al apoyo de la AfD y de la Uni\u00f3n Dem\u00f3crata Cristiana (CDU), de la canciller Angela Merkel.<\/p>\n<p>El candidato liberal, cuyo partido apenas hab\u00eda logrado entrar en el parlamento regional en las elecciones celebradas hace unos meses, se impuso sobre el primer ministro saliente Bodo Ramelow, del partido La Izquierda.<\/p>\n<p>Esta es la primera vez que un primer ministro es elegido con votos de la AfD.<\/p>\n<p>Tambi\u00e9n entre los conservadores de la CDU crece la presi\u00f3n por revertir la elecci\u00f3n apoyada por los dem\u00f3crata cristianos de Turingia.<\/p>\n<p>Desde Sud\u00e1frica, donde se encuentra en visita oficial, Merkel calific\u00f3 la elecci\u00f3n de Kemmerich de \u00abimperdonable\u00bb y reclam\u00f3 una correcci\u00f3n, coloc\u00e1ndose as\u00ed de manera indirecta del lado de quienes piden una nueva convocatoria a elecciones.<\/p>\n<p>A\u00fan durante horas de la ma\u00f1ana, Kemmerich hab\u00eda afirmado en un programa de la cadena de televisi\u00f3n ARD que \u00e9l hab\u00eda sido elegido y que nuevos comicios s\u00f3lo servir\u00edan para fortalecer a los extremos pol\u00edticos.<\/p>\n<p>\u00abEl trabajo comienza ahora\u00bb, dijo Kemmerich, quien pretend\u00eda formar un Gobierno de minor\u00eda en conjunto con la CDU, el Partido Dem\u00f3crata Alem\u00e1n (SPD) y los Verdes, mas estas dos \u00faltimas agrupaciones se negaron.<\/p>\n<p>Tal posible coalici\u00f3n solo podr\u00eda haber gobernado en Turingia con el apoyo de La Izquierda, del ministro saliente Ramelow, o bien de la ultraderechista AfD.<\/p>\n<p>&nbsp;<\/p>\n","protected":false},"excerpt":{"rendered":"<p>Erfurt (Alemania), 6 feb (dpa) &#8211; El liberal Thomas Kemmerich, elegido ayer primer ministro de Turingia con el apoyo de la ultraderecha, anunci\u00f3 hoy que quiere renunciar al cargo, y su grupo parlamentario planea pedir la disoluci\u00f3n del parlamento, seg\u00fan informaron hoy. Este paso permitir\u00eda la convocatoria a nuevas elecciones en esa regi\u00f3n del este<\/p>\n","protected":false},"author":1,"featured_media":242,"comment_status":"closed","ping_status":"closed","sticky":false,"template":"","format":"standard","meta":{"footnotes":""},"categories":[1],"tags":[],"class_list":{"0":"post-3885","1":"post","2":"type-post","3":"status-publish","4":"format-standard","5":"has-post-thumbnail","7":"category-noticias"},"aioseo_notices":[],"aioseo_head":"\n\t\t<!-- All in One SEO Pro 4.9.6.2 - aioseo.com -->\n\t<meta name=\"description\" content=\"Erfurt (Alemania), 6 feb (dpa) - El liberal Thomas Kemmerich, elegido ayer primer ministro de Turingia con el apoyo de la ultraderecha, anunci\u00f3 hoy que quiere renunciar al cargo, y su grupo parlamentario planea pedir la disoluci\u00f3n del parlamento, seg\u00fan informaron hoy. Este paso permitir\u00eda la convocatoria a nuevas elecciones en esa regi\u00f3n del este\" \/>\n\t<meta name=\"robots\" content=\"max-image-preview:large\" \/>\n\t<meta name=\"author\" content=\"NBAsturias\"\/>\n\t<meta name=\"google-site-verification\" content=\"UA-38556648-1\" \/>\n\t<meta name=\"keywords\" content=\"noticias\" \/>\n\t<link rel=\"canonical\" href=\"https:\/\/eldigitaldeasturias.com\/radio\/primer-ministro-de-turingia-quiere-renunciar-tras-escandalo-electoral\/\" \/>\n\t<meta name=\"generator\" content=\"All in One SEO Pro (AIOSEO) 4.9.6.2\" \/>\n\t\t<meta property=\"og:locale\" content=\"es_ES\" \/>\n\t\t<meta property=\"og:site_name\" content=\"El Digital de Asturias | Diario de informaci\u00f3n y noticias\" \/>\n\t\t<meta property=\"og:type\" content=\"article\" \/>\n\t\t<meta property=\"og:title\" content=\"Primer ministro de Turingia quiere renunciar tras esc\u00e1ndalo electoral | El Digital de Asturias\" \/>\n\t\t<meta property=\"og:description\" content=\"Erfurt (Alemania), 6 feb (dpa) - El liberal Thomas Kemmerich, elegido ayer primer ministro de Turingia con el apoyo de la ultraderecha, anunci\u00f3 hoy que quiere renunciar al cargo, y su grupo parlamentario planea pedir la disoluci\u00f3n del parlamento, seg\u00fan informaron hoy. Este paso permitir\u00eda la convocatoria a nuevas elecciones en esa regi\u00f3n del este\" \/>\n\t\t<meta property=\"og:url\" content=\"https:\/\/eldigitaldeasturias.com\/radio\/primer-ministro-de-turingia-quiere-renunciar-tras-escandalo-electoral\/\" \/>\n\t\t<meta property=\"og:image\" content=\"https:\/\/eldigitaldeasturias.com\/radio\/wp-content\/uploads\/2018\/03\/technology-785742_1280.jpg\" \/>\n\t\t<meta property=\"og:image:secure_url\" content=\"https:\/\/eldigitaldeasturias.com\/radio\/wp-content\/uploads\/2018\/03\/technology-785742_1280.jpg\" \/>\n\t\t<meta property=\"og:image:width\" content=\"1280\" \/>\n\t\t<meta property=\"og:image:height\" content=\"853\" \/>\n\t\t<meta property=\"article:published_time\" content=\"2020-02-08T20:59:45+00:00\" \/>\n\t\t<meta property=\"article:modified_time\" content=\"2020-02-08T20:59:45+00:00\" \/>\n\t\t<meta name=\"twitter:card\" content=\"summary_large_image\" \/>\n\t\t<meta name=\"twitter:site\" content=\"@bercodi\" \/>\n\t\t<meta name=\"twitter:title\" content=\"Primer ministro de Turingia quiere renunciar tras esc\u00e1ndalo electoral | El Digital de Asturias\" \/>\n\t\t<meta name=\"twitter:description\" content=\"Erfurt (Alemania), 6 feb (dpa) - El liberal Thomas Kemmerich, elegido ayer primer ministro de Turingia con el apoyo de la ultraderecha, anunci\u00f3 hoy que quiere renunciar al cargo, y su grupo parlamentario planea pedir la disoluci\u00f3n del parlamento, seg\u00fan informaron hoy. Este paso permitir\u00eda la convocatoria a nuevas elecciones en esa regi\u00f3n del este\" \/>\n\t\t<meta name=\"twitter:creator\" content=\"@bercodi\" \/>\n\t\t<meta name=\"twitter:image\" content=\"https:\/\/eldigitaldeasturias.com\/radio\/wp-content\/uploads\/2018\/03\/technology-785742_1280.jpg\" \/>\n\t\t<script type=\"application\/ld+json\" class=\"aioseo-schema\">\n\t\t\t{\"@context\":\"https:\\\/\\\/schema.org\",\"@graph\":[{\"@type\":\"BreadcrumbList\",\"@id\":\"https:\\\/\\\/eldigitaldeasturias.com\\\/radio\\\/primer-ministro-de-turingia-quiere-renunciar-tras-escandalo-electoral\\\/#breadcrumblist\",\"itemListElement\":[{\"@type\":\"ListItem\",\"@id\":\"https:\\\/\\\/eldigitaldeasturias.com\\\/radio#listItem\",\"position\":1,\"name\":\"Inicio\",\"item\":\"https:\\\/\\\/eldigitaldeasturias.com\\\/radio\",\"nextItem\":{\"@type\":\"ListItem\",\"@id\":\"https:\\\/\\\/eldigitaldeasturias.com\\\/radio\\\/category\\\/noticias\\\/#listItem\",\"name\":\"Noticias\"}},{\"@type\":\"ListItem\",\"@id\":\"https:\\\/\\\/eldigitaldeasturias.com\\\/radio\\\/category\\\/noticias\\\/#listItem\",\"position\":2,\"name\":\"Noticias\",\"item\":\"https:\\\/\\\/eldigitaldeasturias.com\\\/radio\\\/category\\\/noticias\\\/\",\"nextItem\":{\"@type\":\"ListItem\",\"@id\":\"https:\\\/\\\/eldigitaldeasturias.com\\\/radio\\\/primer-ministro-de-turingia-quiere-renunciar-tras-escandalo-electoral\\\/#listItem\",\"name\":\"Primer ministro de Turingia quiere renunciar tras esc\\u00e1ndalo electoral\"},\"previousItem\":{\"@type\":\"ListItem\",\"@id\":\"https:\\\/\\\/eldigitaldeasturias.com\\\/radio#listItem\",\"name\":\"Inicio\"}},{\"@type\":\"ListItem\",\"@id\":\"https:\\\/\\\/eldigitaldeasturias.com\\\/radio\\\/primer-ministro-de-turingia-quiere-renunciar-tras-escandalo-electoral\\\/#listItem\",\"position\":3,\"name\":\"Primer ministro de Turingia quiere renunciar tras esc\\u00e1ndalo electoral\",\"previousItem\":{\"@type\":\"ListItem\",\"@id\":\"https:\\\/\\\/eldigitaldeasturias.com\\\/radio\\\/category\\\/noticias\\\/#listItem\",\"name\":\"Noticias\"}}]},{\"@type\":\"NewsArticle\",\"@id\":\"https:\\\/\\\/eldigitaldeasturias.com\\\/radio\\\/primer-ministro-de-turingia-quiere-renunciar-tras-escandalo-electoral\\\/#newsarticle\",\"name\":\"Primer ministro de Turingia quiere renunciar tras esc\\u00e1ndalo electoral | El Digital de Asturias\",\"headline\":\"Primer ministro de Turingia quiere renunciar tras esc\\u00e1ndalo electoral\",\"author\":{\"@id\":\"https:\\\/\\\/eldigitaldeasturias.com\\\/radio\\\/author\\\/nbasturias\\\/#author\"},\"publisher\":{\"@id\":\"https:\\\/\\\/eldigitaldeasturias.com\\\/radio\\\/#organization\"},\"image\":{\"@type\":\"ImageObject\",\"url\":\"https:\\\/\\\/eldigitaldeasturias.com\\\/radio\\\/wp-content\\\/uploads\\\/2018\\\/03\\\/technology-785742_1280.jpg\",\"width\":1280,\"height\":853},\"datePublished\":\"2020-02-08T20:59:45+01:00\",\"dateModified\":\"2020-02-08T20:59:45+01:00\",\"inLanguage\":\"es-ES\",\"mainEntityOfPage\":{\"@id\":\"https:\\\/\\\/eldigitaldeasturias.com\\\/radio\\\/primer-ministro-de-turingia-quiere-renunciar-tras-escandalo-electoral\\\/#webpage\"},\"isPartOf\":{\"@id\":\"https:\\\/\\\/eldigitaldeasturias.com\\\/radio\\\/primer-ministro-de-turingia-quiere-renunciar-tras-escandalo-electoral\\\/#webpage\"},\"articleSection\":\"Noticias\",\"dateline\":\"Publicado el febrero 8, 2020.\"},{\"@type\":\"Organization\",\"@id\":\"https:\\\/\\\/eldigitaldeasturias.com\\\/radio\\\/#organization\",\"name\":\"El digital de Asturias Radio\",\"description\":\"Diario de informaci\\u00f3n y noticias\",\"url\":\"https:\\\/\\\/eldigitaldeasturias.com\\\/radio\\\/\",\"telephone\":\"+34652131393\",\"logo\":{\"@type\":\"ImageObject\",\"url\":\"https:\\\/\\\/www.eldigitaldeasturias.com\\\/radio\\\/wp-content\\\/uploads\\\/2021\\\/03\\\/EDA.jpg\",\"@id\":\"https:\\\/\\\/eldigitaldeasturias.com\\\/radio\\\/primer-ministro-de-turingia-quiere-renunciar-tras-escandalo-electoral\\\/#organizationLogo\"},\"image\":{\"@id\":\"https:\\\/\\\/eldigitaldeasturias.com\\\/radio\\\/primer-ministro-de-turingia-quiere-renunciar-tras-escandalo-electoral\\\/#organizationLogo\"},\"sameAs\":[\"https:\\\/\\\/www.facebook.com\\\/\",\"https:\\\/\\\/x.com\\\/bercodi\",\"https:\\\/\\\/www.instagram.com\\\/\",\"https:\\\/\\\/www.youtube.com\\\/channel\\\/UCZP-2wLEB9Rv6erhFmqVnvg\"]},{\"@type\":\"Person\",\"@id\":\"https:\\\/\\\/eldigitaldeasturias.com\\\/radio\\\/author\\\/nbasturias\\\/#author\",\"url\":\"https:\\\/\\\/eldigitaldeasturias.com\\\/radio\\\/author\\\/nbasturias\\\/\",\"name\":\"NBAsturias\",\"image\":{\"@type\":\"ImageObject\",\"@id\":\"https:\\\/\\\/eldigitaldeasturias.com\\\/radio\\\/primer-ministro-de-turingia-quiere-renunciar-tras-escandalo-electoral\\\/#authorImage\",\"url\":\"https:\\\/\\\/secure.gravatar.com\\\/avatar\\\/df2aeffc32bcd13f8d26072ef8a91b623d677766deac7f97ca815868cd41bf5e?s=96&d=mm&r=g\",\"width\":96,\"height\":96,\"caption\":\"NBAsturias\"}},{\"@type\":\"WebPage\",\"@id\":\"https:\\\/\\\/eldigitaldeasturias.com\\\/radio\\\/primer-ministro-de-turingia-quiere-renunciar-tras-escandalo-electoral\\\/#webpage\",\"url\":\"https:\\\/\\\/eldigitaldeasturias.com\\\/radio\\\/primer-ministro-de-turingia-quiere-renunciar-tras-escandalo-electoral\\\/\",\"name\":\"Primer ministro de Turingia quiere renunciar tras esc\\u00e1ndalo electoral | El Digital de Asturias\",\"description\":\"Erfurt (Alemania), 6 feb (dpa) - El liberal Thomas Kemmerich, elegido ayer primer ministro de Turingia con el apoyo de la ultraderecha, anunci\\u00f3 hoy que quiere renunciar al cargo, y su grupo parlamentario planea pedir la disoluci\\u00f3n del parlamento, seg\\u00fan informaron hoy. Este paso permitir\\u00eda la convocatoria a nuevas elecciones en esa regi\\u00f3n del este\",\"inLanguage\":\"es-ES\",\"isPartOf\":{\"@id\":\"https:\\\/\\\/eldigitaldeasturias.com\\\/radio\\\/#website\"},\"breadcrumb\":{\"@id\":\"https:\\\/\\\/eldigitaldeasturias.com\\\/radio\\\/primer-ministro-de-turingia-quiere-renunciar-tras-escandalo-electoral\\\/#breadcrumblist\"},\"author\":{\"@id\":\"https:\\\/\\\/eldigitaldeasturias.com\\\/radio\\\/author\\\/nbasturias\\\/#author\"},\"creator\":{\"@id\":\"https:\\\/\\\/eldigitaldeasturias.com\\\/radio\\\/author\\\/nbasturias\\\/#author\"},\"image\":{\"@type\":\"ImageObject\",\"url\":\"https:\\\/\\\/eldigitaldeasturias.com\\\/radio\\\/wp-content\\\/uploads\\\/2018\\\/03\\\/technology-785742_1280.jpg\",\"@id\":\"https:\\\/\\\/eldigitaldeasturias.com\\\/radio\\\/primer-ministro-de-turingia-quiere-renunciar-tras-escandalo-electoral\\\/#mainImage\",\"width\":1280,\"height\":853},\"primaryImageOfPage\":{\"@id\":\"https:\\\/\\\/eldigitaldeasturias.com\\\/radio\\\/primer-ministro-de-turingia-quiere-renunciar-tras-escandalo-electoral\\\/#mainImage\"},\"datePublished\":\"2020-02-08T20:59:45+01:00\",\"dateModified\":\"2020-02-08T20:59:45+01:00\"},{\"@type\":\"WebSite\",\"@id\":\"https:\\\/\\\/eldigitaldeasturias.com\\\/radio\\\/#website\",\"url\":\"https:\\\/\\\/eldigitaldeasturias.com\\\/radio\\\/\",\"name\":\"El Digital de Asturias\",\"description\":\"Diario de informaci\\u00f3n y noticias\",\"inLanguage\":\"es-ES\",\"publisher\":{\"@id\":\"https:\\\/\\\/eldigitaldeasturias.com\\\/radio\\\/#organization\"}}]}\n\t\t<\/script>\n\t\t<!-- All in One SEO Pro -->\r\n\t\t<title>Primer ministro de Turingia quiere renunciar tras esc\u00e1ndalo electoral | El Digital de Asturias<\/title>\n\n","aioseo_head_json":{"title":"Primer ministro de Turingia quiere renunciar tras esc\u00e1ndalo electoral | El Digital de Asturias","description":"Erfurt (Alemania), 6 feb (dpa) - El liberal Thomas Kemmerich, elegido ayer primer ministro de Turingia con el apoyo de la ultraderecha, anunci\u00f3 hoy que quiere renunciar al cargo, y su grupo parlamentario planea pedir la disoluci\u00f3n del parlamento, seg\u00fan informaron hoy. Este paso permitir\u00eda la convocatoria a nuevas elecciones en esa regi\u00f3n del este","canonical_url":"https:\/\/eldigitaldeasturias.com\/radio\/primer-ministro-de-turingia-quiere-renunciar-tras-escandalo-electoral\/","robots":"max-image-preview:large","keywords":"noticias","webmasterTools":{"google-site-verification":"UA-38556648-1","miscellaneous":""},"schema":{"@context":"https:\/\/schema.org","@graph":[{"@type":"BreadcrumbList","@id":"https:\/\/eldigitaldeasturias.com\/radio\/primer-ministro-de-turingia-quiere-renunciar-tras-escandalo-electoral\/#breadcrumblist","itemListElement":[{"@type":"ListItem","@id":"https:\/\/eldigitaldeasturias.com\/radio#listItem","position":1,"name":"Inicio","item":"https:\/\/eldigitaldeasturias.com\/radio","nextItem":{"@type":"ListItem","@id":"https:\/\/eldigitaldeasturias.com\/radio\/category\/noticias\/#listItem","name":"Noticias"}},{"@type":"ListItem","@id":"https:\/\/eldigitaldeasturias.com\/radio\/category\/noticias\/#listItem","position":2,"name":"Noticias","item":"https:\/\/eldigitaldeasturias.com\/radio\/category\/noticias\/","nextItem":{"@type":"ListItem","@id":"https:\/\/eldigitaldeasturias.com\/radio\/primer-ministro-de-turingia-quiere-renunciar-tras-escandalo-electoral\/#listItem","name":"Primer ministro de Turingia quiere renunciar tras esc\u00e1ndalo electoral"},"previousItem":{"@type":"ListItem","@id":"https:\/\/eldigitaldeasturias.com\/radio#listItem","name":"Inicio"}},{"@type":"ListItem","@id":"https:\/\/eldigitaldeasturias.com\/radio\/primer-ministro-de-turingia-quiere-renunciar-tras-escandalo-electoral\/#listItem","position":3,"name":"Primer ministro de Turingia quiere renunciar tras esc\u00e1ndalo electoral","previousItem":{"@type":"ListItem","@id":"https:\/\/eldigitaldeasturias.com\/radio\/category\/noticias\/#listItem","name":"Noticias"}}]},{"@type":"NewsArticle","@id":"https:\/\/eldigitaldeasturias.com\/radio\/primer-ministro-de-turingia-quiere-renunciar-tras-escandalo-electoral\/#newsarticle","name":"Primer ministro de Turingia quiere renunciar tras esc\u00e1ndalo electoral | El Digital de Asturias","headline":"Primer ministro de Turingia quiere renunciar tras esc\u00e1ndalo electoral","author":{"@id":"https:\/\/eldigitaldeasturias.com\/radio\/author\/nbasturias\/#author"},"publisher":{"@id":"https:\/\/eldigitaldeasturias.com\/radio\/#organization"},"image":{"@type":"ImageObject","url":"https:\/\/eldigitaldeasturias.com\/radio\/wp-content\/uploads\/2018\/03\/technology-785742_1280.jpg","width":1280,"height":853},"datePublished":"2020-02-08T20:59:45+01:00","dateModified":"2020-02-08T20:59:45+01:00","inLanguage":"es-ES","mainEntityOfPage":{"@id":"https:\/\/eldigitaldeasturias.com\/radio\/primer-ministro-de-turingia-quiere-renunciar-tras-escandalo-electoral\/#webpage"},"isPartOf":{"@id":"https:\/\/eldigitaldeasturias.com\/radio\/primer-ministro-de-turingia-quiere-renunciar-tras-escandalo-electoral\/#webpage"},"articleSection":"Noticias","dateline":"Publicado el febrero 8, 2020."},{"@type":"Organization","@id":"https:\/\/eldigitaldeasturias.com\/radio\/#organization","name":"El digital de Asturias Radio","description":"Diario de informaci\u00f3n y noticias","url":"https:\/\/eldigitaldeasturias.com\/radio\/","telephone":"+34652131393","logo":{"@type":"ImageObject","url":"https:\/\/www.eldigitaldeasturias.com\/radio\/wp-content\/uploads\/2021\/03\/EDA.jpg","@id":"https:\/\/eldigitaldeasturias.com\/radio\/primer-ministro-de-turingia-quiere-renunciar-tras-escandalo-electoral\/#organizationLogo"},"image":{"@id":"https:\/\/eldigitaldeasturias.com\/radio\/primer-ministro-de-turingia-quiere-renunciar-tras-escandalo-electoral\/#organizationLogo"},"sameAs":["https:\/\/www.facebook.com\/","https:\/\/x.com\/bercodi","https:\/\/www.instagram.com\/","https:\/\/www.youtube.com\/channel\/UCZP-2wLEB9Rv6erhFmqVnvg"]},{"@type":"Person","@id":"https:\/\/eldigitaldeasturias.com\/radio\/author\/nbasturias\/#author","url":"https:\/\/eldigitaldeasturias.com\/radio\/author\/nbasturias\/","name":"NBAsturias","image":{"@type":"ImageObject","@id":"https:\/\/eldigitaldeasturias.com\/radio\/primer-ministro-de-turingia-quiere-renunciar-tras-escandalo-electoral\/#authorImage","url":"https:\/\/secure.gravatar.com\/avatar\/df2aeffc32bcd13f8d26072ef8a91b623d677766deac7f97ca815868cd41bf5e?s=96&d=mm&r=g","width":96,"height":96,"caption":"NBAsturias"}},{"@type":"WebPage","@id":"https:\/\/eldigitaldeasturias.com\/radio\/primer-ministro-de-turingia-quiere-renunciar-tras-escandalo-electoral\/#webpage","url":"https:\/\/eldigitaldeasturias.com\/radio\/primer-ministro-de-turingia-quiere-renunciar-tras-escandalo-electoral\/","name":"Primer ministro de Turingia quiere renunciar tras esc\u00e1ndalo electoral | El Digital de Asturias","description":"Erfurt (Alemania), 6 feb (dpa) - El liberal Thomas Kemmerich, elegido ayer primer ministro de Turingia con el apoyo de la ultraderecha, anunci\u00f3 hoy que quiere renunciar al cargo, y su grupo parlamentario planea pedir la disoluci\u00f3n del parlamento, seg\u00fan informaron hoy. Este paso permitir\u00eda la convocatoria a nuevas elecciones en esa regi\u00f3n del este","inLanguage":"es-ES","isPartOf":{"@id":"https:\/\/eldigitaldeasturias.com\/radio\/#website"},"breadcrumb":{"@id":"https:\/\/eldigitaldeasturias.com\/radio\/primer-ministro-de-turingia-quiere-renunciar-tras-escandalo-electoral\/#breadcrumblist"},"author":{"@id":"https:\/\/eldigitaldeasturias.com\/radio\/author\/nbasturias\/#author"},"creator":{"@id":"https:\/\/eldigitaldeasturias.com\/radio\/author\/nbasturias\/#author"},"image":{"@type":"ImageObject","url":"https:\/\/eldigitaldeasturias.com\/radio\/wp-content\/uploads\/2018\/03\/technology-785742_1280.jpg","@id":"https:\/\/eldigitaldeasturias.com\/radio\/primer-ministro-de-turingia-quiere-renunciar-tras-escandalo-electoral\/#mainImage","width":1280,"height":853},"primaryImageOfPage":{"@id":"https:\/\/eldigitaldeasturias.com\/radio\/primer-ministro-de-turingia-quiere-renunciar-tras-escandalo-electoral\/#mainImage"},"datePublished":"2020-02-08T20:59:45+01:00","dateModified":"2020-02-08T20:59:45+01:00"},{"@type":"WebSite","@id":"https:\/\/eldigitaldeasturias.com\/radio\/#website","url":"https:\/\/eldigitaldeasturias.com\/radio\/","name":"El Digital de Asturias","description":"Diario de informaci\u00f3n y noticias","inLanguage":"es-ES","publisher":{"@id":"https:\/\/eldigitaldeasturias.com\/radio\/#organization"}}]},"og:locale":"es_ES","og:site_name":"El Digital de Asturias | Diario de informaci\u00f3n y noticias","og:type":"article","og:title":"Primer ministro de Turingia quiere renunciar tras esc\u00e1ndalo electoral | El Digital de Asturias","og:description":"Erfurt (Alemania), 6 feb (dpa) - El liberal Thomas Kemmerich, elegido ayer primer ministro de Turingia con el apoyo de la ultraderecha, anunci\u00f3 hoy que quiere renunciar al cargo, y su grupo parlamentario planea pedir la disoluci\u00f3n del parlamento, seg\u00fan informaron hoy. Este paso permitir\u00eda la convocatoria a nuevas elecciones en esa regi\u00f3n del este","og:url":"https:\/\/eldigitaldeasturias.com\/radio\/primer-ministro-de-turingia-quiere-renunciar-tras-escandalo-electoral\/","og:image":"https:\/\/eldigitaldeasturias.com\/radio\/wp-content\/uploads\/2018\/03\/technology-785742_1280.jpg","og:image:secure_url":"https:\/\/eldigitaldeasturias.com\/radio\/wp-content\/uploads\/2018\/03\/technology-785742_1280.jpg","og:image:width":1280,"og:image:height":853,"article:published_time":"2020-02-08T20:59:45+00:00","article:modified_time":"2020-02-08T20:59:45+00:00","twitter:card":"summary_large_image","twitter:site":"@bercodi","twitter:title":"Primer ministro de Turingia quiere renunciar tras esc\u00e1ndalo electoral | El Digital de Asturias","twitter:description":"Erfurt (Alemania), 6 feb (dpa) - El liberal Thomas Kemmerich, elegido ayer primer ministro de Turingia con el apoyo de la ultraderecha, anunci\u00f3 hoy que quiere renunciar al cargo, y su grupo parlamentario planea pedir la disoluci\u00f3n del parlamento, seg\u00fan informaron hoy. Este paso permitir\u00eda la convocatoria a nuevas elecciones en esa regi\u00f3n del este","twitter:creator":"@bercodi","twitter:image":"https:\/\/eldigitaldeasturias.com\/radio\/wp-content\/uploads\/2018\/03\/technology-785742_1280.jpg"},"aioseo_meta_data":{"post_id":"3885","title":null,"description":null,"keywords":null,"keyphrases":null,"primary_term":null,"canonical_url":null,"og_title":null,"og_description":null,"og_object_type":"default","og_image_type":"default","og_image_url":null,"og_image_width":null,"og_image_height":null,"og_image_custom_url":null,"og_image_custom_fields":null,"og_video":null,"og_custom_url":null,"og_article_section":null,"og_article_tags":null,"twitter_use_og":false,"twitter_card":"default","twitter_image_type":"default","twitter_image_url":null,"twitter_image_custom_url":null,"twitter_image_custom_fields":null,"twitter_title":null,"twitter_description":null,"schema":{"blockGraphs":[],"customGraphs":[],"default":{"data":{"Article":[],"Course":[],"Dataset":[],"FAQPage":[],"Movie":[],"Person":[],"Product":[],"ProductReview":[],"Car":[],"Recipe":[],"Service":[],"SoftwareApplication":[],"WebPage":[]},"graphName":"","isEnabled":true},"graphs":[],"defaultGraph":"","defaultPostTypeGraph":""},"schema_type":null,"schema_type_options":null,"pillar_content":false,"robots_default":true,"robots_noindex":false,"robots_noarchive":false,"robots_nosnippet":false,"robots_nofollow":false,"robots_noimageindex":false,"robots_noodp":false,"robots_notranslate":false,"robots_max_snippet":null,"robots_max_videopreview":null,"robots_max_imagepreview":"large","priority":null,"frequency":null,"location":null,"local_seo":null,"seo_analyzer_scan_date":"2025-08-28 15:01:00","breadcrumb_settings":null,"limit_modified_date":false,"open_ai":null,"ai":null,"created":"2021-03-28 22:45:09","updated":"2025-08-28 15:01:00"},"aioseo_breadcrumb":"<div class=\"aioseo-breadcrumbs\"><span class=\"aioseo-breadcrumb\">\n\t<a href=\"https:\/\/eldigitaldeasturias.com\/radio\" title=\"Inicio\">Inicio<\/a>\n<\/span><span class=\"aioseo-breadcrumb-separator\">&ndash;<\/span><span class=\"aioseo-breadcrumb\">\n\t<a href=\"https:\/\/eldigitaldeasturias.com\/radio\/category\/noticias\/\" title=\"Noticias\">Noticias<\/a>\n<\/span><span class=\"aioseo-breadcrumb-separator\">&ndash;<\/span><span class=\"aioseo-breadcrumb\">\n\tPrimer ministro de Turingia quiere renunciar tras esc\u00e1ndalo electoral\n<\/span><\/div>","aioseo_breadcrumb_json":[{"label":"Inicio","link":"https:\/\/eldigitaldeasturias.com\/radio"},{"label":"Noticias","link":"https:\/\/eldigitaldeasturias.com\/radio\/category\/noticias\/"},{"label":"Primer ministro de Turingia quiere renunciar tras esc\u00e1ndalo electoral","link":"https:\/\/eldigitaldeasturias.com\/radio\/primer-ministro-de-turingia-quiere-renunciar-tras-escandalo-electoral\/"}],"_links":{"self":[{"href":"https:\/\/eldigitaldeasturias.com\/radio\/wp-json\/wp\/v2\/posts\/3885","targetHints":{"allow":["GET"]}}],"collection":[{"href":"https:\/\/eldigitaldeasturias.com\/radio\/wp-json\/wp\/v2\/posts"}],"about":[{"href":"https:\/\/eldigitaldeasturias.com\/radio\/wp-json\/wp\/v2\/types\/post"}],"author":[{"embeddable":true,"href":"https:\/\/eldigitaldeasturias.com\/radio\/wp-json\/wp\/v2\/users\/1"}],"replies":[{"embeddable":true,"href":"https:\/\/eldigitaldeasturias.com\/radio\/wp-json\/wp\/v2\/comments?post=3885"}],"version-history":[{"count":0,"href":"https:\/\/eldigitaldeasturias.com\/radio\/wp-json\/wp\/v2\/posts\/3885\/revisions"}],"wp:featuredmedia":[{"embeddable":true,"href":"https:\/\/eldigitaldeasturias.com\/radio\/wp-json\/wp\/v2\/media\/242"}],"wp:attachment":[{"href":"https:\/\/eldigitaldeasturias.com\/radio\/wp-json\/wp\/v2\/media?parent=3885"}],"wp:term":[{"taxonomy":"category","embeddable":true,"href":"https:\/\/eldigitaldeasturias.com\/radio\/wp-json\/wp\/v2\/categories?post=3885"},{"taxonomy":"post_tag","embeddable":true,"href":"https:\/\/eldigitaldeasturias.com\/radio\/wp-json\/wp\/v2\/tags?post=3885"}],"curies":[{"name":"wp","href":"https:\/\/api.w.org\/{rel}","templated":true}]}}