{"id":3881,"date":"2020-02-08T20:58:01","date_gmt":"2020-02-08T20:58:01","guid":{"rendered":"http:\/\/www.eldigitaldeasturias.com\/radio\/?p=3881"},"modified":"2020-02-08T20:58:01","modified_gmt":"2020-02-08T20:58:01","slug":"alemania-registra-menos-deportaciones-en-2019","status":"publish","type":"post","link":"https:\/\/eldigitaldeasturias.com\/radio\/alemania-registra-menos-deportaciones-en-2019\/","title":{"rendered":"Alemania registra menos deportaciones en 2019"},"content":{"rendered":"<p>Berl\u00edn, 6 feb (dpa) &#8211; La cifra de deportaciones de Alemania disminuy\u00f3 en 2019 por tercer a\u00f1o consecutivo, con un total de 22.097 personas que debieron salir del pa\u00eds, seg\u00fan datos proporcionados hoy por el Ministerio del Interior.<\/p>\n<p>En 2018 las autoridades deportaron a 23.617 personas, frente a las 23.966 que abandonaron el pa\u00eds por esta v\u00eda en 2017.<\/p>\n<p>Adem\u00e1s, el a\u00f1o pasado hubo 2.934 casos de devoluci\u00f3n.<\/p>\n<p>Esta es una forma de regreso forzado al pa\u00eds de origen o de salida a un pa\u00eds de la Uni\u00f3n Europea (EU) responsable de tramitar la solicitud de asilo acorde con el Reglamento de Dubl\u00edn.<\/p>\n<p>Se aplica poco despu\u00e9s de la llegada no autorizada, cuando, por ejemplo, alguien entra en el pa\u00eds a pesar de tener prohibido volver a ingresar.<\/p>\n<p>La cifra de las devoluciones en 2018 alcanz\u00f3 los 2.497 casos, algunos menos que en 2019, cuando se registr\u00f3 un aumento en Alemania.<\/p>\n<p>Estas cifras podr\u00edan estar relacionadas con los controles adicionales de la Polic\u00eda germana en zonas fronterizas, medida ordenada hace unos meses por el ministro del Interior, Horst Seehofer.<\/p>\n<p>En 2019 salieron de Alemania 13.105 personas con el apoyo financiero del Gobierno alem\u00e1n. El dinero est\u00e1 destinado principalmente a alentar a abandonar el pa\u00eds a los solicitantes de asilo cuya petici\u00f3n fue rechazada y a los extranjeros cuyo procedimiento de asilo est\u00e9 a\u00fan en tr\u00e1mite.<\/p>\n<p>Seg\u00fan el informe, m\u00e1s de 9.400 retornados abandonaron Alemania sin aprovechar esta asistencia. Un portavoz del Ministerio aclar\u00f3 que tres de los 16 estados federados todav\u00eda no han informado sobre el n\u00famero de personas que se repatriaron de forma voluntaria en 2019.<\/p>\n","protected":false},"excerpt":{"rendered":"<p>Berl\u00edn, 6 feb (dpa) &#8211; La cifra de deportaciones de Alemania disminuy\u00f3 en 2019 por tercer a\u00f1o consecutivo, con un total de 22.097 personas que debieron salir del pa\u00eds, seg\u00fan datos proporcionados hoy por el Ministerio del Interior. En 2018 las autoridades deportaron a 23.617 personas, frente a las 23.966 que abandonaron el pa\u00eds por<\/p>\n","protected":false},"author":1,"featured_media":242,"comment_status":"closed","ping_status":"closed","sticky":false,"template":"","format":"standard","meta":{"footnotes":""},"categories":[1],"tags":[],"class_list":{"0":"post-3881","1":"post","2":"type-post","3":"status-publish","4":"format-standard","5":"has-post-thumbnail","7":"category-noticias"},"aioseo_notices":[],"aioseo_head":"\n\t\t<!-- All in One SEO Pro 4.9.6.2 - aioseo.com -->\n\t<meta name=\"description\" content=\"Berl\u00edn, 6 feb (dpa) - La cifra de deportaciones de Alemania disminuy\u00f3 en 2019 por tercer a\u00f1o consecutivo, con un total de 22.097 personas que debieron salir del pa\u00eds, seg\u00fan datos proporcionados hoy por el Ministerio del Interior. En 2018 las autoridades deportaron a 23.617 personas, frente a las 23.966 que abandonaron el pa\u00eds por\" \/>\n\t<meta name=\"robots\" content=\"max-image-preview:large\" \/>\n\t<meta name=\"author\" content=\"NBAsturias\"\/>\n\t<meta name=\"google-site-verification\" content=\"UA-38556648-1\" \/>\n\t<meta name=\"keywords\" content=\"noticias\" \/>\n\t<link rel=\"canonical\" href=\"https:\/\/eldigitaldeasturias.com\/radio\/alemania-registra-menos-deportaciones-en-2019\/\" \/>\n\t<meta name=\"generator\" content=\"All in One SEO Pro (AIOSEO) 4.9.6.2\" \/>\n\t\t<meta property=\"og:locale\" content=\"es_ES\" \/>\n\t\t<meta property=\"og:site_name\" content=\"El Digital de Asturias | Diario de informaci\u00f3n y noticias\" \/>\n\t\t<meta property=\"og:type\" content=\"article\" \/>\n\t\t<meta property=\"og:title\" content=\"Alemania registra menos deportaciones en 2019 | El Digital de Asturias\" \/>\n\t\t<meta property=\"og:description\" content=\"Berl\u00edn, 6 feb (dpa) - La cifra de deportaciones de Alemania disminuy\u00f3 en 2019 por tercer a\u00f1o consecutivo, con un total de 22.097 personas que debieron salir del pa\u00eds, seg\u00fan datos proporcionados hoy por el Ministerio del Interior. En 2018 las autoridades deportaron a 23.617 personas, frente a las 23.966 que abandonaron el pa\u00eds por\" \/>\n\t\t<meta property=\"og:url\" content=\"https:\/\/eldigitaldeasturias.com\/radio\/alemania-registra-menos-deportaciones-en-2019\/\" \/>\n\t\t<meta property=\"og:image\" content=\"https:\/\/eldigitaldeasturias.com\/radio\/wp-content\/uploads\/2018\/03\/technology-785742_1280.jpg\" \/>\n\t\t<meta property=\"og:image:secure_url\" content=\"https:\/\/eldigitaldeasturias.com\/radio\/wp-content\/uploads\/2018\/03\/technology-785742_1280.jpg\" \/>\n\t\t<meta property=\"og:image:width\" content=\"1280\" \/>\n\t\t<meta property=\"og:image:height\" content=\"853\" \/>\n\t\t<meta property=\"article:published_time\" content=\"2020-02-08T20:58:01+00:00\" \/>\n\t\t<meta property=\"article:modified_time\" content=\"2020-02-08T20:58:01+00:00\" \/>\n\t\t<meta name=\"twitter:card\" content=\"summary_large_image\" \/>\n\t\t<meta name=\"twitter:site\" content=\"@bercodi\" \/>\n\t\t<meta name=\"twitter:title\" content=\"Alemania registra menos deportaciones en 2019 | El Digital de Asturias\" \/>\n\t\t<meta name=\"twitter:description\" content=\"Berl\u00edn, 6 feb (dpa) - La cifra de deportaciones de Alemania disminuy\u00f3 en 2019 por tercer a\u00f1o consecutivo, con un total de 22.097 personas que debieron salir del pa\u00eds, seg\u00fan datos proporcionados hoy por el Ministerio del Interior. En 2018 las autoridades deportaron a 23.617 personas, frente a las 23.966 que abandonaron el pa\u00eds por\" \/>\n\t\t<meta name=\"twitter:creator\" content=\"@bercodi\" \/>\n\t\t<meta name=\"twitter:image\" content=\"https:\/\/eldigitaldeasturias.com\/radio\/wp-content\/uploads\/2018\/03\/technology-785742_1280.jpg\" \/>\n\t\t<script type=\"application\/ld+json\" class=\"aioseo-schema\">\n\t\t\t{\"@context\":\"https:\\\/\\\/schema.org\",\"@graph\":[{\"@type\":\"BreadcrumbList\",\"@id\":\"https:\\\/\\\/eldigitaldeasturias.com\\\/radio\\\/alemania-registra-menos-deportaciones-en-2019\\\/#breadcrumblist\",\"itemListElement\":[{\"@type\":\"ListItem\",\"@id\":\"https:\\\/\\\/eldigitaldeasturias.com\\\/radio#listItem\",\"position\":1,\"name\":\"Inicio\",\"item\":\"https:\\\/\\\/eldigitaldeasturias.com\\\/radio\",\"nextItem\":{\"@type\":\"ListItem\",\"@id\":\"https:\\\/\\\/eldigitaldeasturias.com\\\/radio\\\/category\\\/noticias\\\/#listItem\",\"name\":\"Noticias\"}},{\"@type\":\"ListItem\",\"@id\":\"https:\\\/\\\/eldigitaldeasturias.com\\\/radio\\\/category\\\/noticias\\\/#listItem\",\"position\":2,\"name\":\"Noticias\",\"item\":\"https:\\\/\\\/eldigitaldeasturias.com\\\/radio\\\/category\\\/noticias\\\/\",\"nextItem\":{\"@type\":\"ListItem\",\"@id\":\"https:\\\/\\\/eldigitaldeasturias.com\\\/radio\\\/alemania-registra-menos-deportaciones-en-2019\\\/#listItem\",\"name\":\"Alemania registra menos deportaciones en 2019\"},\"previousItem\":{\"@type\":\"ListItem\",\"@id\":\"https:\\\/\\\/eldigitaldeasturias.com\\\/radio#listItem\",\"name\":\"Inicio\"}},{\"@type\":\"ListItem\",\"@id\":\"https:\\\/\\\/eldigitaldeasturias.com\\\/radio\\\/alemania-registra-menos-deportaciones-en-2019\\\/#listItem\",\"position\":3,\"name\":\"Alemania registra menos deportaciones en 2019\",\"previousItem\":{\"@type\":\"ListItem\",\"@id\":\"https:\\\/\\\/eldigitaldeasturias.com\\\/radio\\\/category\\\/noticias\\\/#listItem\",\"name\":\"Noticias\"}}]},{\"@type\":\"NewsArticle\",\"@id\":\"https:\\\/\\\/eldigitaldeasturias.com\\\/radio\\\/alemania-registra-menos-deportaciones-en-2019\\\/#newsarticle\",\"name\":\"Alemania registra menos deportaciones en 2019 | El Digital de Asturias\",\"headline\":\"Alemania registra menos deportaciones en 2019\",\"author\":{\"@id\":\"https:\\\/\\\/eldigitaldeasturias.com\\\/radio\\\/author\\\/nbasturias\\\/#author\"},\"publisher\":{\"@id\":\"https:\\\/\\\/eldigitaldeasturias.com\\\/radio\\\/#organization\"},\"image\":{\"@type\":\"ImageObject\",\"url\":\"https:\\\/\\\/eldigitaldeasturias.com\\\/radio\\\/wp-content\\\/uploads\\\/2018\\\/03\\\/technology-785742_1280.jpg\",\"width\":1280,\"height\":853},\"datePublished\":\"2020-02-08T20:58:01+01:00\",\"dateModified\":\"2020-02-08T20:58:01+01:00\",\"inLanguage\":\"es-ES\",\"mainEntityOfPage\":{\"@id\":\"https:\\\/\\\/eldigitaldeasturias.com\\\/radio\\\/alemania-registra-menos-deportaciones-en-2019\\\/#webpage\"},\"isPartOf\":{\"@id\":\"https:\\\/\\\/eldigitaldeasturias.com\\\/radio\\\/alemania-registra-menos-deportaciones-en-2019\\\/#webpage\"},\"articleSection\":\"Noticias\",\"dateline\":\"Publicado el febrero 8, 2020.\"},{\"@type\":\"Organization\",\"@id\":\"https:\\\/\\\/eldigitaldeasturias.com\\\/radio\\\/#organization\",\"name\":\"El digital de Asturias Radio\",\"description\":\"Diario de informaci\\u00f3n y noticias\",\"url\":\"https:\\\/\\\/eldigitaldeasturias.com\\\/radio\\\/\",\"telephone\":\"+34652131393\",\"logo\":{\"@type\":\"ImageObject\",\"url\":\"https:\\\/\\\/www.eldigitaldeasturias.com\\\/radio\\\/wp-content\\\/uploads\\\/2021\\\/03\\\/EDA.jpg\",\"@id\":\"https:\\\/\\\/eldigitaldeasturias.com\\\/radio\\\/alemania-registra-menos-deportaciones-en-2019\\\/#organizationLogo\"},\"image\":{\"@id\":\"https:\\\/\\\/eldigitaldeasturias.com\\\/radio\\\/alemania-registra-menos-deportaciones-en-2019\\\/#organizationLogo\"},\"sameAs\":[\"https:\\\/\\\/www.facebook.com\\\/\",\"https:\\\/\\\/x.com\\\/bercodi\",\"https:\\\/\\\/www.instagram.com\\\/\",\"https:\\\/\\\/www.youtube.com\\\/channel\\\/UCZP-2wLEB9Rv6erhFmqVnvg\"]},{\"@type\":\"Person\",\"@id\":\"https:\\\/\\\/eldigitaldeasturias.com\\\/radio\\\/author\\\/nbasturias\\\/#author\",\"url\":\"https:\\\/\\\/eldigitaldeasturias.com\\\/radio\\\/author\\\/nbasturias\\\/\",\"name\":\"NBAsturias\",\"image\":{\"@type\":\"ImageObject\",\"@id\":\"https:\\\/\\\/eldigitaldeasturias.com\\\/radio\\\/alemania-registra-menos-deportaciones-en-2019\\\/#authorImage\",\"url\":\"https:\\\/\\\/secure.gravatar.com\\\/avatar\\\/df2aeffc32bcd13f8d26072ef8a91b623d677766deac7f97ca815868cd41bf5e?s=96&d=mm&r=g\",\"width\":96,\"height\":96,\"caption\":\"NBAsturias\"}},{\"@type\":\"WebPage\",\"@id\":\"https:\\\/\\\/eldigitaldeasturias.com\\\/radio\\\/alemania-registra-menos-deportaciones-en-2019\\\/#webpage\",\"url\":\"https:\\\/\\\/eldigitaldeasturias.com\\\/radio\\\/alemania-registra-menos-deportaciones-en-2019\\\/\",\"name\":\"Alemania registra menos deportaciones en 2019 | El Digital de Asturias\",\"description\":\"Berl\\u00edn, 6 feb (dpa) - La cifra de deportaciones de Alemania disminuy\\u00f3 en 2019 por tercer a\\u00f1o consecutivo, con un total de 22.097 personas que debieron salir del pa\\u00eds, seg\\u00fan datos proporcionados hoy por el Ministerio del Interior. En 2018 las autoridades deportaron a 23.617 personas, frente a las 23.966 que abandonaron el pa\\u00eds por\",\"inLanguage\":\"es-ES\",\"isPartOf\":{\"@id\":\"https:\\\/\\\/eldigitaldeasturias.com\\\/radio\\\/#website\"},\"breadcrumb\":{\"@id\":\"https:\\\/\\\/eldigitaldeasturias.com\\\/radio\\\/alemania-registra-menos-deportaciones-en-2019\\\/#breadcrumblist\"},\"author\":{\"@id\":\"https:\\\/\\\/eldigitaldeasturias.com\\\/radio\\\/author\\\/nbasturias\\\/#author\"},\"creator\":{\"@id\":\"https:\\\/\\\/eldigitaldeasturias.com\\\/radio\\\/author\\\/nbasturias\\\/#author\"},\"image\":{\"@type\":\"ImageObject\",\"url\":\"https:\\\/\\\/eldigitaldeasturias.com\\\/radio\\\/wp-content\\\/uploads\\\/2018\\\/03\\\/technology-785742_1280.jpg\",\"@id\":\"https:\\\/\\\/eldigitaldeasturias.com\\\/radio\\\/alemania-registra-menos-deportaciones-en-2019\\\/#mainImage\",\"width\":1280,\"height\":853},\"primaryImageOfPage\":{\"@id\":\"https:\\\/\\\/eldigitaldeasturias.com\\\/radio\\\/alemania-registra-menos-deportaciones-en-2019\\\/#mainImage\"},\"datePublished\":\"2020-02-08T20:58:01+01:00\",\"dateModified\":\"2020-02-08T20:58:01+01:00\"},{\"@type\":\"WebSite\",\"@id\":\"https:\\\/\\\/eldigitaldeasturias.com\\\/radio\\\/#website\",\"url\":\"https:\\\/\\\/eldigitaldeasturias.com\\\/radio\\\/\",\"name\":\"El Digital de Asturias\",\"description\":\"Diario de informaci\\u00f3n y noticias\",\"inLanguage\":\"es-ES\",\"publisher\":{\"@id\":\"https:\\\/\\\/eldigitaldeasturias.com\\\/radio\\\/#organization\"}}]}\n\t\t<\/script>\n\t\t<!-- All in One SEO Pro -->\r\n\t\t<title>Alemania registra menos deportaciones en 2019 | El Digital de Asturias<\/title>\n\n","aioseo_head_json":{"title":"Alemania registra menos deportaciones en 2019 | El Digital de Asturias","description":"Berl\u00edn, 6 feb (dpa) - La cifra de deportaciones de Alemania disminuy\u00f3 en 2019 por tercer a\u00f1o consecutivo, con un total de 22.097 personas que debieron salir del pa\u00eds, seg\u00fan datos proporcionados hoy por el Ministerio del Interior. En 2018 las autoridades deportaron a 23.617 personas, frente a las 23.966 que abandonaron el pa\u00eds por","canonical_url":"https:\/\/eldigitaldeasturias.com\/radio\/alemania-registra-menos-deportaciones-en-2019\/","robots":"max-image-preview:large","keywords":"noticias","webmasterTools":{"google-site-verification":"UA-38556648-1","miscellaneous":""},"schema":{"@context":"https:\/\/schema.org","@graph":[{"@type":"BreadcrumbList","@id":"https:\/\/eldigitaldeasturias.com\/radio\/alemania-registra-menos-deportaciones-en-2019\/#breadcrumblist","itemListElement":[{"@type":"ListItem","@id":"https:\/\/eldigitaldeasturias.com\/radio#listItem","position":1,"name":"Inicio","item":"https:\/\/eldigitaldeasturias.com\/radio","nextItem":{"@type":"ListItem","@id":"https:\/\/eldigitaldeasturias.com\/radio\/category\/noticias\/#listItem","name":"Noticias"}},{"@type":"ListItem","@id":"https:\/\/eldigitaldeasturias.com\/radio\/category\/noticias\/#listItem","position":2,"name":"Noticias","item":"https:\/\/eldigitaldeasturias.com\/radio\/category\/noticias\/","nextItem":{"@type":"ListItem","@id":"https:\/\/eldigitaldeasturias.com\/radio\/alemania-registra-menos-deportaciones-en-2019\/#listItem","name":"Alemania registra menos deportaciones en 2019"},"previousItem":{"@type":"ListItem","@id":"https:\/\/eldigitaldeasturias.com\/radio#listItem","name":"Inicio"}},{"@type":"ListItem","@id":"https:\/\/eldigitaldeasturias.com\/radio\/alemania-registra-menos-deportaciones-en-2019\/#listItem","position":3,"name":"Alemania registra menos deportaciones en 2019","previousItem":{"@type":"ListItem","@id":"https:\/\/eldigitaldeasturias.com\/radio\/category\/noticias\/#listItem","name":"Noticias"}}]},{"@type":"NewsArticle","@id":"https:\/\/eldigitaldeasturias.com\/radio\/alemania-registra-menos-deportaciones-en-2019\/#newsarticle","name":"Alemania registra menos deportaciones en 2019 | El Digital de Asturias","headline":"Alemania registra menos deportaciones en 2019","author":{"@id":"https:\/\/eldigitaldeasturias.com\/radio\/author\/nbasturias\/#author"},"publisher":{"@id":"https:\/\/eldigitaldeasturias.com\/radio\/#organization"},"image":{"@type":"ImageObject","url":"https:\/\/eldigitaldeasturias.com\/radio\/wp-content\/uploads\/2018\/03\/technology-785742_1280.jpg","width":1280,"height":853},"datePublished":"2020-02-08T20:58:01+01:00","dateModified":"2020-02-08T20:58:01+01:00","inLanguage":"es-ES","mainEntityOfPage":{"@id":"https:\/\/eldigitaldeasturias.com\/radio\/alemania-registra-menos-deportaciones-en-2019\/#webpage"},"isPartOf":{"@id":"https:\/\/eldigitaldeasturias.com\/radio\/alemania-registra-menos-deportaciones-en-2019\/#webpage"},"articleSection":"Noticias","dateline":"Publicado el febrero 8, 2020."},{"@type":"Organization","@id":"https:\/\/eldigitaldeasturias.com\/radio\/#organization","name":"El digital de Asturias Radio","description":"Diario de informaci\u00f3n y noticias","url":"https:\/\/eldigitaldeasturias.com\/radio\/","telephone":"+34652131393","logo":{"@type":"ImageObject","url":"https:\/\/www.eldigitaldeasturias.com\/radio\/wp-content\/uploads\/2021\/03\/EDA.jpg","@id":"https:\/\/eldigitaldeasturias.com\/radio\/alemania-registra-menos-deportaciones-en-2019\/#organizationLogo"},"image":{"@id":"https:\/\/eldigitaldeasturias.com\/radio\/alemania-registra-menos-deportaciones-en-2019\/#organizationLogo"},"sameAs":["https:\/\/www.facebook.com\/","https:\/\/x.com\/bercodi","https:\/\/www.instagram.com\/","https:\/\/www.youtube.com\/channel\/UCZP-2wLEB9Rv6erhFmqVnvg"]},{"@type":"Person","@id":"https:\/\/eldigitaldeasturias.com\/radio\/author\/nbasturias\/#author","url":"https:\/\/eldigitaldeasturias.com\/radio\/author\/nbasturias\/","name":"NBAsturias","image":{"@type":"ImageObject","@id":"https:\/\/eldigitaldeasturias.com\/radio\/alemania-registra-menos-deportaciones-en-2019\/#authorImage","url":"https:\/\/secure.gravatar.com\/avatar\/df2aeffc32bcd13f8d26072ef8a91b623d677766deac7f97ca815868cd41bf5e?s=96&d=mm&r=g","width":96,"height":96,"caption":"NBAsturias"}},{"@type":"WebPage","@id":"https:\/\/eldigitaldeasturias.com\/radio\/alemania-registra-menos-deportaciones-en-2019\/#webpage","url":"https:\/\/eldigitaldeasturias.com\/radio\/alemania-registra-menos-deportaciones-en-2019\/","name":"Alemania registra menos deportaciones en 2019 | El Digital de Asturias","description":"Berl\u00edn, 6 feb (dpa) - La cifra de deportaciones de Alemania disminuy\u00f3 en 2019 por tercer a\u00f1o consecutivo, con un total de 22.097 personas que debieron salir del pa\u00eds, seg\u00fan datos proporcionados hoy por el Ministerio del Interior. En 2018 las autoridades deportaron a 23.617 personas, frente a las 23.966 que abandonaron el pa\u00eds por","inLanguage":"es-ES","isPartOf":{"@id":"https:\/\/eldigitaldeasturias.com\/radio\/#website"},"breadcrumb":{"@id":"https:\/\/eldigitaldeasturias.com\/radio\/alemania-registra-menos-deportaciones-en-2019\/#breadcrumblist"},"author":{"@id":"https:\/\/eldigitaldeasturias.com\/radio\/author\/nbasturias\/#author"},"creator":{"@id":"https:\/\/eldigitaldeasturias.com\/radio\/author\/nbasturias\/#author"},"image":{"@type":"ImageObject","url":"https:\/\/eldigitaldeasturias.com\/radio\/wp-content\/uploads\/2018\/03\/technology-785742_1280.jpg","@id":"https:\/\/eldigitaldeasturias.com\/radio\/alemania-registra-menos-deportaciones-en-2019\/#mainImage","width":1280,"height":853},"primaryImageOfPage":{"@id":"https:\/\/eldigitaldeasturias.com\/radio\/alemania-registra-menos-deportaciones-en-2019\/#mainImage"},"datePublished":"2020-02-08T20:58:01+01:00","dateModified":"2020-02-08T20:58:01+01:00"},{"@type":"WebSite","@id":"https:\/\/eldigitaldeasturias.com\/radio\/#website","url":"https:\/\/eldigitaldeasturias.com\/radio\/","name":"El Digital de Asturias","description":"Diario de informaci\u00f3n y noticias","inLanguage":"es-ES","publisher":{"@id":"https:\/\/eldigitaldeasturias.com\/radio\/#organization"}}]},"og:locale":"es_ES","og:site_name":"El Digital de Asturias | Diario de informaci\u00f3n y noticias","og:type":"article","og:title":"Alemania registra menos deportaciones en 2019 | El Digital de Asturias","og:description":"Berl\u00edn, 6 feb (dpa) - La cifra de deportaciones de Alemania disminuy\u00f3 en 2019 por tercer a\u00f1o consecutivo, con un total de 22.097 personas que debieron salir del pa\u00eds, seg\u00fan datos proporcionados hoy por el Ministerio del Interior. En 2018 las autoridades deportaron a 23.617 personas, frente a las 23.966 que abandonaron el pa\u00eds por","og:url":"https:\/\/eldigitaldeasturias.com\/radio\/alemania-registra-menos-deportaciones-en-2019\/","og:image":"https:\/\/eldigitaldeasturias.com\/radio\/wp-content\/uploads\/2018\/03\/technology-785742_1280.jpg","og:image:secure_url":"https:\/\/eldigitaldeasturias.com\/radio\/wp-content\/uploads\/2018\/03\/technology-785742_1280.jpg","og:image:width":1280,"og:image:height":853,"article:published_time":"2020-02-08T20:58:01+00:00","article:modified_time":"2020-02-08T20:58:01+00:00","twitter:card":"summary_large_image","twitter:site":"@bercodi","twitter:title":"Alemania registra menos deportaciones en 2019 | El Digital de Asturias","twitter:description":"Berl\u00edn, 6 feb (dpa) - La cifra de deportaciones de Alemania disminuy\u00f3 en 2019 por tercer a\u00f1o consecutivo, con un total de 22.097 personas que debieron salir del pa\u00eds, seg\u00fan datos proporcionados hoy por el Ministerio del Interior. En 2018 las autoridades deportaron a 23.617 personas, frente a las 23.966 que abandonaron el pa\u00eds por","twitter:creator":"@bercodi","twitter:image":"https:\/\/eldigitaldeasturias.com\/radio\/wp-content\/uploads\/2018\/03\/technology-785742_1280.jpg"},"aioseo_meta_data":{"post_id":"3881","title":null,"description":null,"keywords":null,"keyphrases":null,"primary_term":null,"canonical_url":null,"og_title":null,"og_description":null,"og_object_type":"default","og_image_type":"default","og_image_url":null,"og_image_width":null,"og_image_height":null,"og_image_custom_url":null,"og_image_custom_fields":null,"og_video":null,"og_custom_url":null,"og_article_section":null,"og_article_tags":null,"twitter_use_og":false,"twitter_card":"default","twitter_image_type":"default","twitter_image_url":null,"twitter_image_custom_url":null,"twitter_image_custom_fields":null,"twitter_title":null,"twitter_description":null,"schema":{"blockGraphs":[],"customGraphs":[],"default":{"data":{"Article":[],"Course":[],"Dataset":[],"FAQPage":[],"Movie":[],"Person":[],"Product":[],"ProductReview":[],"Car":[],"Recipe":[],"Service":[],"SoftwareApplication":[],"WebPage":[]},"graphName":"","isEnabled":true},"graphs":[],"defaultGraph":"","defaultPostTypeGraph":""},"schema_type":null,"schema_type_options":null,"pillar_content":false,"robots_default":true,"robots_noindex":false,"robots_noarchive":false,"robots_nosnippet":false,"robots_nofollow":false,"robots_noimageindex":false,"robots_noodp":false,"robots_notranslate":false,"robots_max_snippet":null,"robots_max_videopreview":null,"robots_max_imagepreview":"large","priority":null,"frequency":null,"location":null,"local_seo":null,"seo_analyzer_scan_date":"2025-08-28 14:58:40","breadcrumb_settings":null,"limit_modified_date":false,"open_ai":null,"ai":null,"created":"2021-03-28 22:45:09","updated":"2025-08-28 14:58:40"},"aioseo_breadcrumb":"<div class=\"aioseo-breadcrumbs\"><span class=\"aioseo-breadcrumb\">\n\t<a href=\"https:\/\/eldigitaldeasturias.com\/radio\" title=\"Inicio\">Inicio<\/a>\n<\/span><span class=\"aioseo-breadcrumb-separator\">&ndash;<\/span><span class=\"aioseo-breadcrumb\">\n\t<a href=\"https:\/\/eldigitaldeasturias.com\/radio\/category\/noticias\/\" title=\"Noticias\">Noticias<\/a>\n<\/span><span class=\"aioseo-breadcrumb-separator\">&ndash;<\/span><span class=\"aioseo-breadcrumb\">\n\tAlemania registra menos deportaciones en 2019\n<\/span><\/div>","aioseo_breadcrumb_json":[{"label":"Inicio","link":"https:\/\/eldigitaldeasturias.com\/radio"},{"label":"Noticias","link":"https:\/\/eldigitaldeasturias.com\/radio\/category\/noticias\/"},{"label":"Alemania registra menos deportaciones en 2019","link":"https:\/\/eldigitaldeasturias.com\/radio\/alemania-registra-menos-deportaciones-en-2019\/"}],"_links":{"self":[{"href":"https:\/\/eldigitaldeasturias.com\/radio\/wp-json\/wp\/v2\/posts\/3881","targetHints":{"allow":["GET"]}}],"collection":[{"href":"https:\/\/eldigitaldeasturias.com\/radio\/wp-json\/wp\/v2\/posts"}],"about":[{"href":"https:\/\/eldigitaldeasturias.com\/radio\/wp-json\/wp\/v2\/types\/post"}],"author":[{"embeddable":true,"href":"https:\/\/eldigitaldeasturias.com\/radio\/wp-json\/wp\/v2\/users\/1"}],"replies":[{"embeddable":true,"href":"https:\/\/eldigitaldeasturias.com\/radio\/wp-json\/wp\/v2\/comments?post=3881"}],"version-history":[{"count":0,"href":"https:\/\/eldigitaldeasturias.com\/radio\/wp-json\/wp\/v2\/posts\/3881\/revisions"}],"wp:featuredmedia":[{"embeddable":true,"href":"https:\/\/eldigitaldeasturias.com\/radio\/wp-json\/wp\/v2\/media\/242"}],"wp:attachment":[{"href":"https:\/\/eldigitaldeasturias.com\/radio\/wp-json\/wp\/v2\/media?parent=3881"}],"wp:term":[{"taxonomy":"category","embeddable":true,"href":"https:\/\/eldigitaldeasturias.com\/radio\/wp-json\/wp\/v2\/categories?post=3881"},{"taxonomy":"post_tag","embeddable":true,"href":"https:\/\/eldigitaldeasturias.com\/radio\/wp-json\/wp\/v2\/tags?post=3881"}],"curies":[{"name":"wp","href":"https:\/\/api.w.org\/{rel}","templated":true}]}}