{"id":3879,"date":"2020-02-08T20:57:06","date_gmt":"2020-02-08T20:57:06","guid":{"rendered":"http:\/\/www.eldigitaldeasturias.com\/radio\/?p=3879"},"modified":"2020-02-08T20:57:06","modified_gmt":"2020-02-08T20:57:06","slug":"merkel-insta-a-incluir-a-africanos-en-busqueda-de-solucion-para-libia","status":"publish","type":"post","link":"https:\/\/eldigitaldeasturias.com\/radio\/merkel-insta-a-incluir-a-africanos-en-busqueda-de-solucion-para-libia\/","title":{"rendered":"Merkel insta a incluir a africanos en b\u00fasqueda de soluci\u00f3n para Libia"},"content":{"rendered":"<p>Pretoria, 6 ene (dpa) &#8211; La canciller alemana, Angela Merkel, inst\u00f3 hoy durante su visita a Sud\u00e1frica a incluir a los africanos en la b\u00fasqueda de soluciones para el conflicto en Libia, seg\u00fan declar\u00f3 en Pretoria.<\/p>\n<p>\u00abNo vamos a lograr resolverlo sin la experiencia africana\u00bb, coment\u00f3 la jefa del Gobierno germano.<\/p>\n<p>Libia, un pa\u00eds rico en petr\u00f3leo, es sacudida por luchas internas desde el derrocamiento del dictador Muamar el Gadafi en 2011.<\/p>\n<p>Merkel agreg\u00f3 que la soluci\u00f3n del conflicto tiene gran importancia para Europa y \u00c1frica. \u00abNo me hago ilusiones, esto va a llevar mucho tiempo\u00bb, recalc\u00f3 la canciller.<\/p>\n<p>Por su parte, el presidente sudafricano, Cyril Ramaphosa, se\u00f1al\u00f3 que una soluci\u00f3n para los problemas africanos solo puede venir de los propios africanos, pero que tambi\u00e9n es conveniente contar con apoyo externo.<\/p>\n<p>Merkel fue recibida con honores militares en su tercera visita oficial a Sud\u00e1frica. Tras dialogar con la mandataria, Ramaphosa calific\u00f3 a Alemania como uno de los socios estrat\u00e9gicos m\u00e1s importantes de su pa\u00eds.<\/p>\n<p>Tras recibir a Merkel, Ramaphosa asumir\u00e1 la presidencia de la Uni\u00f3n Africana en la pr\u00f3xima cumbre de la organizaci\u00f3n en la capital de Eitop\u00eda, Addis Abeba.<\/p>\n","protected":false},"excerpt":{"rendered":"<p>Pretoria, 6 ene (dpa) &#8211; La canciller alemana, Angela Merkel, inst\u00f3 hoy durante su visita a Sud\u00e1frica a incluir a los africanos en la b\u00fasqueda de soluciones para el conflicto en Libia, seg\u00fan declar\u00f3 en Pretoria. \u00abNo vamos a lograr resolverlo sin la experiencia africana\u00bb, coment\u00f3 la jefa del Gobierno germano. Libia, un pa\u00eds rico<\/p>\n","protected":false},"author":1,"featured_media":408,"comment_status":"closed","ping_status":"closed","sticky":false,"template":"","format":"standard","meta":{"footnotes":""},"categories":[1],"tags":[],"class_list":{"0":"post-3879","1":"post","2":"type-post","3":"status-publish","4":"format-standard","5":"has-post-thumbnail","7":"category-noticias"},"aioseo_notices":[],"aioseo_head":"\n\t\t<!-- All in One SEO Pro 4.9.6.2 - aioseo.com -->\n\t<meta name=\"description\" content=\"Pretoria, 6 ene (dpa) - La canciller alemana, Angela Merkel, inst\u00f3 hoy durante su visita a Sud\u00e1frica a incluir a los africanos en la b\u00fasqueda de soluciones para el conflicto en Libia, seg\u00fan declar\u00f3 en Pretoria. &quot;No vamos a lograr resolverlo sin la experiencia africana&quot;, coment\u00f3 la jefa del Gobierno germano. Libia, un pa\u00eds rico\" \/>\n\t<meta name=\"robots\" content=\"max-image-preview:large\" \/>\n\t<meta name=\"author\" content=\"NBAsturias\"\/>\n\t<meta name=\"google-site-verification\" content=\"UA-38556648-1\" \/>\n\t<meta name=\"keywords\" content=\"noticias\" \/>\n\t<link rel=\"canonical\" href=\"https:\/\/eldigitaldeasturias.com\/radio\/merkel-insta-a-incluir-a-africanos-en-busqueda-de-solucion-para-libia\/\" \/>\n\t<meta name=\"generator\" content=\"All in One SEO Pro (AIOSEO) 4.9.6.2\" \/>\n\t\t<meta property=\"og:locale\" content=\"es_ES\" \/>\n\t\t<meta property=\"og:site_name\" content=\"El Digital de Asturias | Diario de informaci\u00f3n y noticias\" \/>\n\t\t<meta property=\"og:type\" content=\"article\" \/>\n\t\t<meta property=\"og:title\" content=\"Merkel insta a incluir a africanos en b\u00fasqueda de soluci\u00f3n para Libia | El Digital de Asturias\" \/>\n\t\t<meta property=\"og:description\" content=\"Pretoria, 6 ene (dpa) - La canciller alemana, Angela Merkel, inst\u00f3 hoy durante su visita a Sud\u00e1frica a incluir a los africanos en la b\u00fasqueda de soluciones para el conflicto en Libia, seg\u00fan declar\u00f3 en Pretoria. &quot;No vamos a lograr resolverlo sin la experiencia africana&quot;, coment\u00f3 la jefa del Gobierno germano. Libia, un pa\u00eds rico\" \/>\n\t\t<meta property=\"og:url\" content=\"https:\/\/eldigitaldeasturias.com\/radio\/merkel-insta-a-incluir-a-africanos-en-busqueda-de-solucion-para-libia\/\" \/>\n\t\t<meta property=\"og:image\" content=\"https:\/\/eldigitaldeasturias.com\/radio\/wp-content\/uploads\/2018\/03\/bundestag-2463231_1280.jpg\" \/>\n\t\t<meta property=\"og:image:secure_url\" content=\"https:\/\/eldigitaldeasturias.com\/radio\/wp-content\/uploads\/2018\/03\/bundestag-2463231_1280.jpg\" \/>\n\t\t<meta property=\"og:image:width\" content=\"1280\" \/>\n\t\t<meta property=\"og:image:height\" content=\"853\" \/>\n\t\t<meta property=\"article:published_time\" content=\"2020-02-08T20:57:06+00:00\" \/>\n\t\t<meta property=\"article:modified_time\" content=\"2020-02-08T20:57:06+00:00\" \/>\n\t\t<meta name=\"twitter:card\" content=\"summary_large_image\" \/>\n\t\t<meta name=\"twitter:site\" content=\"@bercodi\" \/>\n\t\t<meta name=\"twitter:title\" content=\"Merkel insta a incluir a africanos en b\u00fasqueda de soluci\u00f3n para Libia | El Digital de Asturias\" \/>\n\t\t<meta name=\"twitter:description\" content=\"Pretoria, 6 ene (dpa) - La canciller alemana, Angela Merkel, inst\u00f3 hoy durante su visita a Sud\u00e1frica a incluir a los africanos en la b\u00fasqueda de soluciones para el conflicto en Libia, seg\u00fan declar\u00f3 en Pretoria. &quot;No vamos a lograr resolverlo sin la experiencia africana&quot;, coment\u00f3 la jefa del Gobierno germano. Libia, un pa\u00eds rico\" \/>\n\t\t<meta name=\"twitter:creator\" content=\"@bercodi\" \/>\n\t\t<meta name=\"twitter:image\" content=\"https:\/\/eldigitaldeasturias.com\/radio\/wp-content\/uploads\/2018\/03\/bundestag-2463231_1280.jpg\" \/>\n\t\t<script type=\"application\/ld+json\" class=\"aioseo-schema\">\n\t\t\t{\"@context\":\"https:\\\/\\\/schema.org\",\"@graph\":[{\"@type\":\"BreadcrumbList\",\"@id\":\"https:\\\/\\\/eldigitaldeasturias.com\\\/radio\\\/merkel-insta-a-incluir-a-africanos-en-busqueda-de-solucion-para-libia\\\/#breadcrumblist\",\"itemListElement\":[{\"@type\":\"ListItem\",\"@id\":\"https:\\\/\\\/eldigitaldeasturias.com\\\/radio#listItem\",\"position\":1,\"name\":\"Inicio\",\"item\":\"https:\\\/\\\/eldigitaldeasturias.com\\\/radio\",\"nextItem\":{\"@type\":\"ListItem\",\"@id\":\"https:\\\/\\\/eldigitaldeasturias.com\\\/radio\\\/category\\\/noticias\\\/#listItem\",\"name\":\"Noticias\"}},{\"@type\":\"ListItem\",\"@id\":\"https:\\\/\\\/eldigitaldeasturias.com\\\/radio\\\/category\\\/noticias\\\/#listItem\",\"position\":2,\"name\":\"Noticias\",\"item\":\"https:\\\/\\\/eldigitaldeasturias.com\\\/radio\\\/category\\\/noticias\\\/\",\"nextItem\":{\"@type\":\"ListItem\",\"@id\":\"https:\\\/\\\/eldigitaldeasturias.com\\\/radio\\\/merkel-insta-a-incluir-a-africanos-en-busqueda-de-solucion-para-libia\\\/#listItem\",\"name\":\"Merkel insta a incluir a africanos en b\\u00fasqueda de soluci\\u00f3n para Libia\"},\"previousItem\":{\"@type\":\"ListItem\",\"@id\":\"https:\\\/\\\/eldigitaldeasturias.com\\\/radio#listItem\",\"name\":\"Inicio\"}},{\"@type\":\"ListItem\",\"@id\":\"https:\\\/\\\/eldigitaldeasturias.com\\\/radio\\\/merkel-insta-a-incluir-a-africanos-en-busqueda-de-solucion-para-libia\\\/#listItem\",\"position\":3,\"name\":\"Merkel insta a incluir a africanos en b\\u00fasqueda de soluci\\u00f3n para Libia\",\"previousItem\":{\"@type\":\"ListItem\",\"@id\":\"https:\\\/\\\/eldigitaldeasturias.com\\\/radio\\\/category\\\/noticias\\\/#listItem\",\"name\":\"Noticias\"}}]},{\"@type\":\"NewsArticle\",\"@id\":\"https:\\\/\\\/eldigitaldeasturias.com\\\/radio\\\/merkel-insta-a-incluir-a-africanos-en-busqueda-de-solucion-para-libia\\\/#newsarticle\",\"name\":\"Merkel insta a incluir a africanos en b\\u00fasqueda de soluci\\u00f3n para Libia | El Digital de Asturias\",\"headline\":\"Merkel insta a incluir a africanos en b\\u00fasqueda de soluci\\u00f3n para Libia\",\"author\":{\"@id\":\"https:\\\/\\\/eldigitaldeasturias.com\\\/radio\\\/author\\\/nbasturias\\\/#author\"},\"publisher\":{\"@id\":\"https:\\\/\\\/eldigitaldeasturias.com\\\/radio\\\/#organization\"},\"image\":{\"@type\":\"ImageObject\",\"url\":\"https:\\\/\\\/eldigitaldeasturias.com\\\/radio\\\/wp-content\\\/uploads\\\/2018\\\/03\\\/bundestag-2463231_1280.jpg\",\"width\":1280,\"height\":853},\"datePublished\":\"2020-02-08T20:57:06+01:00\",\"dateModified\":\"2020-02-08T20:57:06+01:00\",\"inLanguage\":\"es-ES\",\"mainEntityOfPage\":{\"@id\":\"https:\\\/\\\/eldigitaldeasturias.com\\\/radio\\\/merkel-insta-a-incluir-a-africanos-en-busqueda-de-solucion-para-libia\\\/#webpage\"},\"isPartOf\":{\"@id\":\"https:\\\/\\\/eldigitaldeasturias.com\\\/radio\\\/merkel-insta-a-incluir-a-africanos-en-busqueda-de-solucion-para-libia\\\/#webpage\"},\"articleSection\":\"Noticias\",\"dateline\":\"Publicado el febrero 8, 2020.\"},{\"@type\":\"Organization\",\"@id\":\"https:\\\/\\\/eldigitaldeasturias.com\\\/radio\\\/#organization\",\"name\":\"El digital de Asturias Radio\",\"description\":\"Diario de informaci\\u00f3n y noticias\",\"url\":\"https:\\\/\\\/eldigitaldeasturias.com\\\/radio\\\/\",\"telephone\":\"+34652131393\",\"logo\":{\"@type\":\"ImageObject\",\"url\":\"https:\\\/\\\/www.eldigitaldeasturias.com\\\/radio\\\/wp-content\\\/uploads\\\/2021\\\/03\\\/EDA.jpg\",\"@id\":\"https:\\\/\\\/eldigitaldeasturias.com\\\/radio\\\/merkel-insta-a-incluir-a-africanos-en-busqueda-de-solucion-para-libia\\\/#organizationLogo\"},\"image\":{\"@id\":\"https:\\\/\\\/eldigitaldeasturias.com\\\/radio\\\/merkel-insta-a-incluir-a-africanos-en-busqueda-de-solucion-para-libia\\\/#organizationLogo\"},\"sameAs\":[\"https:\\\/\\\/www.facebook.com\\\/\",\"https:\\\/\\\/x.com\\\/bercodi\",\"https:\\\/\\\/www.instagram.com\\\/\",\"https:\\\/\\\/www.youtube.com\\\/channel\\\/UCZP-2wLEB9Rv6erhFmqVnvg\"]},{\"@type\":\"Person\",\"@id\":\"https:\\\/\\\/eldigitaldeasturias.com\\\/radio\\\/author\\\/nbasturias\\\/#author\",\"url\":\"https:\\\/\\\/eldigitaldeasturias.com\\\/radio\\\/author\\\/nbasturias\\\/\",\"name\":\"NBAsturias\",\"image\":{\"@type\":\"ImageObject\",\"@id\":\"https:\\\/\\\/eldigitaldeasturias.com\\\/radio\\\/merkel-insta-a-incluir-a-africanos-en-busqueda-de-solucion-para-libia\\\/#authorImage\",\"url\":\"https:\\\/\\\/secure.gravatar.com\\\/avatar\\\/df2aeffc32bcd13f8d26072ef8a91b623d677766deac7f97ca815868cd41bf5e?s=96&d=mm&r=g\",\"width\":96,\"height\":96,\"caption\":\"NBAsturias\"}},{\"@type\":\"WebPage\",\"@id\":\"https:\\\/\\\/eldigitaldeasturias.com\\\/radio\\\/merkel-insta-a-incluir-a-africanos-en-busqueda-de-solucion-para-libia\\\/#webpage\",\"url\":\"https:\\\/\\\/eldigitaldeasturias.com\\\/radio\\\/merkel-insta-a-incluir-a-africanos-en-busqueda-de-solucion-para-libia\\\/\",\"name\":\"Merkel insta a incluir a africanos en b\\u00fasqueda de soluci\\u00f3n para Libia | El Digital de Asturias\",\"description\":\"Pretoria, 6 ene (dpa) - La canciller alemana, Angela Merkel, inst\\u00f3 hoy durante su visita a Sud\\u00e1frica a incluir a los africanos en la b\\u00fasqueda de soluciones para el conflicto en Libia, seg\\u00fan declar\\u00f3 en Pretoria. \\\"No vamos a lograr resolverlo sin la experiencia africana\\\", coment\\u00f3 la jefa del Gobierno germano. Libia, un pa\\u00eds rico\",\"inLanguage\":\"es-ES\",\"isPartOf\":{\"@id\":\"https:\\\/\\\/eldigitaldeasturias.com\\\/radio\\\/#website\"},\"breadcrumb\":{\"@id\":\"https:\\\/\\\/eldigitaldeasturias.com\\\/radio\\\/merkel-insta-a-incluir-a-africanos-en-busqueda-de-solucion-para-libia\\\/#breadcrumblist\"},\"author\":{\"@id\":\"https:\\\/\\\/eldigitaldeasturias.com\\\/radio\\\/author\\\/nbasturias\\\/#author\"},\"creator\":{\"@id\":\"https:\\\/\\\/eldigitaldeasturias.com\\\/radio\\\/author\\\/nbasturias\\\/#author\"},\"image\":{\"@type\":\"ImageObject\",\"url\":\"https:\\\/\\\/eldigitaldeasturias.com\\\/radio\\\/wp-content\\\/uploads\\\/2018\\\/03\\\/bundestag-2463231_1280.jpg\",\"@id\":\"https:\\\/\\\/eldigitaldeasturias.com\\\/radio\\\/merkel-insta-a-incluir-a-africanos-en-busqueda-de-solucion-para-libia\\\/#mainImage\",\"width\":1280,\"height\":853},\"primaryImageOfPage\":{\"@id\":\"https:\\\/\\\/eldigitaldeasturias.com\\\/radio\\\/merkel-insta-a-incluir-a-africanos-en-busqueda-de-solucion-para-libia\\\/#mainImage\"},\"datePublished\":\"2020-02-08T20:57:06+01:00\",\"dateModified\":\"2020-02-08T20:57:06+01:00\"},{\"@type\":\"WebSite\",\"@id\":\"https:\\\/\\\/eldigitaldeasturias.com\\\/radio\\\/#website\",\"url\":\"https:\\\/\\\/eldigitaldeasturias.com\\\/radio\\\/\",\"name\":\"El Digital de Asturias\",\"description\":\"Diario de informaci\\u00f3n y noticias\",\"inLanguage\":\"es-ES\",\"publisher\":{\"@id\":\"https:\\\/\\\/eldigitaldeasturias.com\\\/radio\\\/#organization\"}}]}\n\t\t<\/script>\n\t\t<!-- All in One SEO Pro -->\r\n\t\t<title>Merkel insta a incluir a africanos en b\u00fasqueda de soluci\u00f3n para Libia | El Digital de Asturias<\/title>\n\n","aioseo_head_json":{"title":"Merkel insta a incluir a africanos en b\u00fasqueda de soluci\u00f3n para Libia | El Digital de Asturias","description":"Pretoria, 6 ene (dpa) - La canciller alemana, Angela Merkel, inst\u00f3 hoy durante su visita a Sud\u00e1frica a incluir a los africanos en la b\u00fasqueda de soluciones para el conflicto en Libia, seg\u00fan declar\u00f3 en Pretoria. \"No vamos a lograr resolverlo sin la experiencia africana\", coment\u00f3 la jefa del Gobierno germano. Libia, un pa\u00eds rico","canonical_url":"https:\/\/eldigitaldeasturias.com\/radio\/merkel-insta-a-incluir-a-africanos-en-busqueda-de-solucion-para-libia\/","robots":"max-image-preview:large","keywords":"noticias","webmasterTools":{"google-site-verification":"UA-38556648-1","miscellaneous":""},"schema":{"@context":"https:\/\/schema.org","@graph":[{"@type":"BreadcrumbList","@id":"https:\/\/eldigitaldeasturias.com\/radio\/merkel-insta-a-incluir-a-africanos-en-busqueda-de-solucion-para-libia\/#breadcrumblist","itemListElement":[{"@type":"ListItem","@id":"https:\/\/eldigitaldeasturias.com\/radio#listItem","position":1,"name":"Inicio","item":"https:\/\/eldigitaldeasturias.com\/radio","nextItem":{"@type":"ListItem","@id":"https:\/\/eldigitaldeasturias.com\/radio\/category\/noticias\/#listItem","name":"Noticias"}},{"@type":"ListItem","@id":"https:\/\/eldigitaldeasturias.com\/radio\/category\/noticias\/#listItem","position":2,"name":"Noticias","item":"https:\/\/eldigitaldeasturias.com\/radio\/category\/noticias\/","nextItem":{"@type":"ListItem","@id":"https:\/\/eldigitaldeasturias.com\/radio\/merkel-insta-a-incluir-a-africanos-en-busqueda-de-solucion-para-libia\/#listItem","name":"Merkel insta a incluir a africanos en b\u00fasqueda de soluci\u00f3n para Libia"},"previousItem":{"@type":"ListItem","@id":"https:\/\/eldigitaldeasturias.com\/radio#listItem","name":"Inicio"}},{"@type":"ListItem","@id":"https:\/\/eldigitaldeasturias.com\/radio\/merkel-insta-a-incluir-a-africanos-en-busqueda-de-solucion-para-libia\/#listItem","position":3,"name":"Merkel insta a incluir a africanos en b\u00fasqueda de soluci\u00f3n para Libia","previousItem":{"@type":"ListItem","@id":"https:\/\/eldigitaldeasturias.com\/radio\/category\/noticias\/#listItem","name":"Noticias"}}]},{"@type":"NewsArticle","@id":"https:\/\/eldigitaldeasturias.com\/radio\/merkel-insta-a-incluir-a-africanos-en-busqueda-de-solucion-para-libia\/#newsarticle","name":"Merkel insta a incluir a africanos en b\u00fasqueda de soluci\u00f3n para Libia | El Digital de Asturias","headline":"Merkel insta a incluir a africanos en b\u00fasqueda de soluci\u00f3n para Libia","author":{"@id":"https:\/\/eldigitaldeasturias.com\/radio\/author\/nbasturias\/#author"},"publisher":{"@id":"https:\/\/eldigitaldeasturias.com\/radio\/#organization"},"image":{"@type":"ImageObject","url":"https:\/\/eldigitaldeasturias.com\/radio\/wp-content\/uploads\/2018\/03\/bundestag-2463231_1280.jpg","width":1280,"height":853},"datePublished":"2020-02-08T20:57:06+01:00","dateModified":"2020-02-08T20:57:06+01:00","inLanguage":"es-ES","mainEntityOfPage":{"@id":"https:\/\/eldigitaldeasturias.com\/radio\/merkel-insta-a-incluir-a-africanos-en-busqueda-de-solucion-para-libia\/#webpage"},"isPartOf":{"@id":"https:\/\/eldigitaldeasturias.com\/radio\/merkel-insta-a-incluir-a-africanos-en-busqueda-de-solucion-para-libia\/#webpage"},"articleSection":"Noticias","dateline":"Publicado el febrero 8, 2020."},{"@type":"Organization","@id":"https:\/\/eldigitaldeasturias.com\/radio\/#organization","name":"El digital de Asturias Radio","description":"Diario de informaci\u00f3n y noticias","url":"https:\/\/eldigitaldeasturias.com\/radio\/","telephone":"+34652131393","logo":{"@type":"ImageObject","url":"https:\/\/www.eldigitaldeasturias.com\/radio\/wp-content\/uploads\/2021\/03\/EDA.jpg","@id":"https:\/\/eldigitaldeasturias.com\/radio\/merkel-insta-a-incluir-a-africanos-en-busqueda-de-solucion-para-libia\/#organizationLogo"},"image":{"@id":"https:\/\/eldigitaldeasturias.com\/radio\/merkel-insta-a-incluir-a-africanos-en-busqueda-de-solucion-para-libia\/#organizationLogo"},"sameAs":["https:\/\/www.facebook.com\/","https:\/\/x.com\/bercodi","https:\/\/www.instagram.com\/","https:\/\/www.youtube.com\/channel\/UCZP-2wLEB9Rv6erhFmqVnvg"]},{"@type":"Person","@id":"https:\/\/eldigitaldeasturias.com\/radio\/author\/nbasturias\/#author","url":"https:\/\/eldigitaldeasturias.com\/radio\/author\/nbasturias\/","name":"NBAsturias","image":{"@type":"ImageObject","@id":"https:\/\/eldigitaldeasturias.com\/radio\/merkel-insta-a-incluir-a-africanos-en-busqueda-de-solucion-para-libia\/#authorImage","url":"https:\/\/secure.gravatar.com\/avatar\/df2aeffc32bcd13f8d26072ef8a91b623d677766deac7f97ca815868cd41bf5e?s=96&d=mm&r=g","width":96,"height":96,"caption":"NBAsturias"}},{"@type":"WebPage","@id":"https:\/\/eldigitaldeasturias.com\/radio\/merkel-insta-a-incluir-a-africanos-en-busqueda-de-solucion-para-libia\/#webpage","url":"https:\/\/eldigitaldeasturias.com\/radio\/merkel-insta-a-incluir-a-africanos-en-busqueda-de-solucion-para-libia\/","name":"Merkel insta a incluir a africanos en b\u00fasqueda de soluci\u00f3n para Libia | El Digital de Asturias","description":"Pretoria, 6 ene (dpa) - La canciller alemana, Angela Merkel, inst\u00f3 hoy durante su visita a Sud\u00e1frica a incluir a los africanos en la b\u00fasqueda de soluciones para el conflicto en Libia, seg\u00fan declar\u00f3 en Pretoria. \"No vamos a lograr resolverlo sin la experiencia africana\", coment\u00f3 la jefa del Gobierno germano. Libia, un pa\u00eds rico","inLanguage":"es-ES","isPartOf":{"@id":"https:\/\/eldigitaldeasturias.com\/radio\/#website"},"breadcrumb":{"@id":"https:\/\/eldigitaldeasturias.com\/radio\/merkel-insta-a-incluir-a-africanos-en-busqueda-de-solucion-para-libia\/#breadcrumblist"},"author":{"@id":"https:\/\/eldigitaldeasturias.com\/radio\/author\/nbasturias\/#author"},"creator":{"@id":"https:\/\/eldigitaldeasturias.com\/radio\/author\/nbasturias\/#author"},"image":{"@type":"ImageObject","url":"https:\/\/eldigitaldeasturias.com\/radio\/wp-content\/uploads\/2018\/03\/bundestag-2463231_1280.jpg","@id":"https:\/\/eldigitaldeasturias.com\/radio\/merkel-insta-a-incluir-a-africanos-en-busqueda-de-solucion-para-libia\/#mainImage","width":1280,"height":853},"primaryImageOfPage":{"@id":"https:\/\/eldigitaldeasturias.com\/radio\/merkel-insta-a-incluir-a-africanos-en-busqueda-de-solucion-para-libia\/#mainImage"},"datePublished":"2020-02-08T20:57:06+01:00","dateModified":"2020-02-08T20:57:06+01:00"},{"@type":"WebSite","@id":"https:\/\/eldigitaldeasturias.com\/radio\/#website","url":"https:\/\/eldigitaldeasturias.com\/radio\/","name":"El Digital de Asturias","description":"Diario de informaci\u00f3n y noticias","inLanguage":"es-ES","publisher":{"@id":"https:\/\/eldigitaldeasturias.com\/radio\/#organization"}}]},"og:locale":"es_ES","og:site_name":"El Digital de Asturias | Diario de informaci\u00f3n y noticias","og:type":"article","og:title":"Merkel insta a incluir a africanos en b\u00fasqueda de soluci\u00f3n para Libia | El Digital de Asturias","og:description":"Pretoria, 6 ene (dpa) - La canciller alemana, Angela Merkel, inst\u00f3 hoy durante su visita a Sud\u00e1frica a incluir a los africanos en la b\u00fasqueda de soluciones para el conflicto en Libia, seg\u00fan declar\u00f3 en Pretoria. &quot;No vamos a lograr resolverlo sin la experiencia africana&quot;, coment\u00f3 la jefa del Gobierno germano. Libia, un pa\u00eds rico","og:url":"https:\/\/eldigitaldeasturias.com\/radio\/merkel-insta-a-incluir-a-africanos-en-busqueda-de-solucion-para-libia\/","og:image":"https:\/\/eldigitaldeasturias.com\/radio\/wp-content\/uploads\/2018\/03\/bundestag-2463231_1280.jpg","og:image:secure_url":"https:\/\/eldigitaldeasturias.com\/radio\/wp-content\/uploads\/2018\/03\/bundestag-2463231_1280.jpg","og:image:width":1280,"og:image:height":853,"article:published_time":"2020-02-08T20:57:06+00:00","article:modified_time":"2020-02-08T20:57:06+00:00","twitter:card":"summary_large_image","twitter:site":"@bercodi","twitter:title":"Merkel insta a incluir a africanos en b\u00fasqueda de soluci\u00f3n para Libia | El Digital de Asturias","twitter:description":"Pretoria, 6 ene (dpa) - La canciller alemana, Angela Merkel, inst\u00f3 hoy durante su visita a Sud\u00e1frica a incluir a los africanos en la b\u00fasqueda de soluciones para el conflicto en Libia, seg\u00fan declar\u00f3 en Pretoria. &quot;No vamos a lograr resolverlo sin la experiencia africana&quot;, coment\u00f3 la jefa del Gobierno germano. Libia, un pa\u00eds rico","twitter:creator":"@bercodi","twitter:image":"https:\/\/eldigitaldeasturias.com\/radio\/wp-content\/uploads\/2018\/03\/bundestag-2463231_1280.jpg"},"aioseo_meta_data":{"post_id":"3879","title":null,"description":null,"keywords":null,"keyphrases":null,"primary_term":null,"canonical_url":null,"og_title":null,"og_description":null,"og_object_type":"default","og_image_type":"default","og_image_url":null,"og_image_width":null,"og_image_height":null,"og_image_custom_url":null,"og_image_custom_fields":null,"og_video":null,"og_custom_url":null,"og_article_section":null,"og_article_tags":null,"twitter_use_og":false,"twitter_card":"default","twitter_image_type":"default","twitter_image_url":null,"twitter_image_custom_url":null,"twitter_image_custom_fields":null,"twitter_title":null,"twitter_description":null,"schema":{"blockGraphs":[],"customGraphs":[],"default":{"data":{"Article":[],"Course":[],"Dataset":[],"FAQPage":[],"Movie":[],"Person":[],"Product":[],"ProductReview":[],"Car":[],"Recipe":[],"Service":[],"SoftwareApplication":[],"WebPage":[]},"graphName":"","isEnabled":true},"graphs":[],"defaultGraph":"","defaultPostTypeGraph":""},"schema_type":null,"schema_type_options":null,"pillar_content":false,"robots_default":true,"robots_noindex":false,"robots_noarchive":false,"robots_nosnippet":false,"robots_nofollow":false,"robots_noimageindex":false,"robots_noodp":false,"robots_notranslate":false,"robots_max_snippet":null,"robots_max_videopreview":null,"robots_max_imagepreview":"large","priority":null,"frequency":null,"location":null,"local_seo":null,"seo_analyzer_scan_date":"2025-08-28 14:58:39","breadcrumb_settings":null,"limit_modified_date":false,"open_ai":null,"ai":null,"created":"2021-03-28 22:45:09","updated":"2025-08-28 14:58:39"},"aioseo_breadcrumb":"<div class=\"aioseo-breadcrumbs\"><span class=\"aioseo-breadcrumb\">\n\t<a href=\"https:\/\/eldigitaldeasturias.com\/radio\" title=\"Inicio\">Inicio<\/a>\n<\/span><span class=\"aioseo-breadcrumb-separator\">&ndash;<\/span><span class=\"aioseo-breadcrumb\">\n\t<a href=\"https:\/\/eldigitaldeasturias.com\/radio\/category\/noticias\/\" title=\"Noticias\">Noticias<\/a>\n<\/span><span class=\"aioseo-breadcrumb-separator\">&ndash;<\/span><span class=\"aioseo-breadcrumb\">\n\tMerkel insta a incluir a africanos en b\u00fasqueda de soluci\u00f3n para Libia\n<\/span><\/div>","aioseo_breadcrumb_json":[{"label":"Inicio","link":"https:\/\/eldigitaldeasturias.com\/radio"},{"label":"Noticias","link":"https:\/\/eldigitaldeasturias.com\/radio\/category\/noticias\/"},{"label":"Merkel insta a incluir a africanos en b\u00fasqueda de soluci\u00f3n para Libia","link":"https:\/\/eldigitaldeasturias.com\/radio\/merkel-insta-a-incluir-a-africanos-en-busqueda-de-solucion-para-libia\/"}],"_links":{"self":[{"href":"https:\/\/eldigitaldeasturias.com\/radio\/wp-json\/wp\/v2\/posts\/3879","targetHints":{"allow":["GET"]}}],"collection":[{"href":"https:\/\/eldigitaldeasturias.com\/radio\/wp-json\/wp\/v2\/posts"}],"about":[{"href":"https:\/\/eldigitaldeasturias.com\/radio\/wp-json\/wp\/v2\/types\/post"}],"author":[{"embeddable":true,"href":"https:\/\/eldigitaldeasturias.com\/radio\/wp-json\/wp\/v2\/users\/1"}],"replies":[{"embeddable":true,"href":"https:\/\/eldigitaldeasturias.com\/radio\/wp-json\/wp\/v2\/comments?post=3879"}],"version-history":[{"count":0,"href":"https:\/\/eldigitaldeasturias.com\/radio\/wp-json\/wp\/v2\/posts\/3879\/revisions"}],"wp:featuredmedia":[{"embeddable":true,"href":"https:\/\/eldigitaldeasturias.com\/radio\/wp-json\/wp\/v2\/media\/408"}],"wp:attachment":[{"href":"https:\/\/eldigitaldeasturias.com\/radio\/wp-json\/wp\/v2\/media?parent=3879"}],"wp:term":[{"taxonomy":"category","embeddable":true,"href":"https:\/\/eldigitaldeasturias.com\/radio\/wp-json\/wp\/v2\/categories?post=3879"},{"taxonomy":"post_tag","embeddable":true,"href":"https:\/\/eldigitaldeasturias.com\/radio\/wp-json\/wp\/v2\/tags?post=3879"}],"curies":[{"name":"wp","href":"https:\/\/api.w.org\/{rel}","templated":true}]}}