{"id":3876,"date":"2020-02-08T20:55:42","date_gmt":"2020-02-08T20:55:42","guid":{"rendered":"http:\/\/www.eldigitaldeasturias.com\/radio\/?p=3876"},"modified":"2020-02-08T20:55:42","modified_gmt":"2020-02-08T20:55:42","slug":"se-estancan-pedidos-en-el-sector-aleman-de-maquinaria-en-2019","status":"publish","type":"post","link":"https:\/\/eldigitaldeasturias.com\/radio\/se-estancan-pedidos-en-el-sector-aleman-de-maquinaria-en-2019\/","title":{"rendered":"Se estancan pedidos en el sector alem\u00e1n de maquinaria en 2019"},"content":{"rendered":"<p><img fetchpriority=\"high\" decoding=\"async\" class=\"alignleft size-medium wp-image-3877\" src=\"http:\/\/www.eldigitaldeasturias.com\/radio\/wp-content\/uploads\/2020\/02\/maquinaria-dpa-360x233.jpg\" alt=\"\" width=\"360\" height=\"233\" srcset=\"https:\/\/eldigitaldeasturias.com\/radio\/wp-content\/uploads\/2020\/02\/maquinaria-dpa-360x233.jpg 360w, https:\/\/eldigitaldeasturias.com\/radio\/wp-content\/uploads\/2020\/02\/maquinaria-dpa-1024x663.jpg 1024w, https:\/\/eldigitaldeasturias.com\/radio\/wp-content\/uploads\/2020\/02\/maquinaria-dpa-768x497.jpg 768w, https:\/\/eldigitaldeasturias.com\/radio\/wp-content\/uploads\/2020\/02\/maquinaria-dpa.jpg 1026w\" sizes=\"(max-width: 360px) 100vw, 360px\" \/>Fr\u00e1ncfort, 6 feb (dpa) &#8211; Los conflictos comerciales internacionales, el Brexit y el cambio estructural en la industria automotriz provocaron en 2019 un descenso de los pedidos para los fabricantes alemanes de maquinaria, inform\u00f3 hoy la asociaci\u00f3n empresarial del sector, VDMA.<\/p>\n<p>La entrada de pedidos disminuy\u00f3 un nueve por ciento interanual en base a un reajuste de precios, se\u00f1ala el comunicado. \u00abEn resumen, 2019 fue un a\u00f1o econ\u00f3micamente sombr\u00edo para la industria de la construcci\u00f3n de maquinaria y de instalaciones en Alemania\u00bb, apunt\u00f3 Olaf Wortmann, experto en econom\u00eda de VDMA.<\/p>\n<p>\u00abEn especial, los conflictos comerciales internacionales, la creciente ola de proteccionismo y la aventura del Brexit, as\u00ed como el cambio estructural de gran alcance en la industria automotriz provocaron incertidumbre y reticencia a invertir\u00bb, explic\u00f3 Wortmann, para insistir en que los pedidos, tanto de Alemania como del extranjero, cayeron un nueve por ciento respectivamente.<\/p>\n<p>En 2020, esta industria alemana clave especializada en la exportaci\u00f3n no parece tener expectativas de obtener una mejora que cambie radicalmente el panorama.<\/p>\n<p>Recientemente, la VDMA asumi\u00f3 que la producci\u00f3n ajustada por el aumento (real) de los precios se reducir\u00e1 en 2020 en un dos por ciento en comparaci\u00f3n con el a\u00f1o anterior, despu\u00e9s de una ca\u00edda de otro dos por ciento en 2019.<\/p>\n<p>&nbsp;<\/p>\n","protected":false},"excerpt":{"rendered":"<p>Fr\u00e1ncfort, 6 feb (dpa) &#8211; Los conflictos comerciales internacionales, el Brexit y el cambio estructural en la industria automotriz provocaron en 2019 un descenso de los pedidos para los fabricantes alemanes de maquinaria, inform\u00f3 hoy la asociaci\u00f3n empresarial del sector, VDMA. La entrada de pedidos disminuy\u00f3 un nueve por ciento interanual en base a un<\/p>\n","protected":false},"author":1,"featured_media":3877,"comment_status":"closed","ping_status":"closed","sticky":false,"template":"","format":"standard","meta":{"footnotes":""},"categories":[35],"tags":[],"class_list":{"0":"post-3876","1":"post","2":"type-post","3":"status-publish","4":"format-standard","5":"has-post-thumbnail","7":"category-negocios"},"aioseo_notices":[],"aioseo_head":"\n\t\t<!-- All in One SEO Pro 4.9.6.2 - aioseo.com -->\n\t<meta name=\"description\" content=\"Fr\u00e1ncfort, 6 feb (dpa) - Los conflictos comerciales internacionales, el Brexit y el cambio estructural en la industria automotriz provocaron en 2019 un descenso de los pedidos para los fabricantes alemanes de maquinaria, inform\u00f3 hoy la asociaci\u00f3n empresarial del sector, VDMA. La entrada de pedidos disminuy\u00f3 un nueve por ciento interanual en base a un\" \/>\n\t<meta name=\"robots\" content=\"max-image-preview:large\" \/>\n\t<meta name=\"author\" content=\"NBAsturias\"\/>\n\t<meta name=\"google-site-verification\" content=\"UA-38556648-1\" \/>\n\t<meta name=\"keywords\" content=\"negocios\" \/>\n\t<link rel=\"canonical\" href=\"https:\/\/eldigitaldeasturias.com\/radio\/se-estancan-pedidos-en-el-sector-aleman-de-maquinaria-en-2019\/\" \/>\n\t<meta name=\"generator\" content=\"All in One SEO Pro (AIOSEO) 4.9.6.2\" \/>\n\t\t<meta property=\"og:locale\" content=\"es_ES\" \/>\n\t\t<meta property=\"og:site_name\" content=\"El Digital de Asturias | Diario de informaci\u00f3n y noticias\" \/>\n\t\t<meta property=\"og:type\" content=\"article\" \/>\n\t\t<meta property=\"og:title\" content=\"Se estancan pedidos en el sector alem\u00e1n de maquinaria en 2019 | El Digital de Asturias\" \/>\n\t\t<meta property=\"og:description\" content=\"Fr\u00e1ncfort, 6 feb (dpa) - Los conflictos comerciales internacionales, el Brexit y el cambio estructural en la industria automotriz provocaron en 2019 un descenso de los pedidos para los fabricantes alemanes de maquinaria, inform\u00f3 hoy la asociaci\u00f3n empresarial del sector, VDMA. La entrada de pedidos disminuy\u00f3 un nueve por ciento interanual en base a un\" \/>\n\t\t<meta property=\"og:url\" content=\"https:\/\/eldigitaldeasturias.com\/radio\/se-estancan-pedidos-en-el-sector-aleman-de-maquinaria-en-2019\/\" \/>\n\t\t<meta property=\"og:image\" content=\"https:\/\/eldigitaldeasturias.com\/radio\/wp-content\/uploads\/2020\/02\/maquinaria-dpa.jpg\" \/>\n\t\t<meta property=\"og:image:secure_url\" content=\"https:\/\/eldigitaldeasturias.com\/radio\/wp-content\/uploads\/2020\/02\/maquinaria-dpa.jpg\" \/>\n\t\t<meta property=\"og:image:width\" content=\"1026\" \/>\n\t\t<meta property=\"og:image:height\" content=\"664\" \/>\n\t\t<meta property=\"article:published_time\" content=\"2020-02-08T20:55:42+00:00\" \/>\n\t\t<meta property=\"article:modified_time\" content=\"2020-02-08T20:55:42+00:00\" \/>\n\t\t<meta name=\"twitter:card\" content=\"summary_large_image\" \/>\n\t\t<meta name=\"twitter:site\" content=\"@bercodi\" \/>\n\t\t<meta name=\"twitter:title\" content=\"Se estancan pedidos en el sector alem\u00e1n de maquinaria en 2019 | El Digital de Asturias\" \/>\n\t\t<meta name=\"twitter:description\" content=\"Fr\u00e1ncfort, 6 feb (dpa) - Los conflictos comerciales internacionales, el Brexit y el cambio estructural en la industria automotriz provocaron en 2019 un descenso de los pedidos para los fabricantes alemanes de maquinaria, inform\u00f3 hoy la asociaci\u00f3n empresarial del sector, VDMA. La entrada de pedidos disminuy\u00f3 un nueve por ciento interanual en base a un\" \/>\n\t\t<meta name=\"twitter:creator\" content=\"@bercodi\" \/>\n\t\t<meta name=\"twitter:image\" content=\"https:\/\/eldigitaldeasturias.com\/radio\/wp-content\/uploads\/2020\/02\/maquinaria-dpa.jpg\" \/>\n\t\t<script type=\"application\/ld+json\" class=\"aioseo-schema\">\n\t\t\t{\"@context\":\"https:\\\/\\\/schema.org\",\"@graph\":[{\"@type\":\"BreadcrumbList\",\"@id\":\"https:\\\/\\\/eldigitaldeasturias.com\\\/radio\\\/se-estancan-pedidos-en-el-sector-aleman-de-maquinaria-en-2019\\\/#breadcrumblist\",\"itemListElement\":[{\"@type\":\"ListItem\",\"@id\":\"https:\\\/\\\/eldigitaldeasturias.com\\\/radio#listItem\",\"position\":1,\"name\":\"Inicio\",\"item\":\"https:\\\/\\\/eldigitaldeasturias.com\\\/radio\",\"nextItem\":{\"@type\":\"ListItem\",\"@id\":\"https:\\\/\\\/eldigitaldeasturias.com\\\/radio\\\/category\\\/negocios\\\/#listItem\",\"name\":\"Negocios\"}},{\"@type\":\"ListItem\",\"@id\":\"https:\\\/\\\/eldigitaldeasturias.com\\\/radio\\\/category\\\/negocios\\\/#listItem\",\"position\":2,\"name\":\"Negocios\",\"item\":\"https:\\\/\\\/eldigitaldeasturias.com\\\/radio\\\/category\\\/negocios\\\/\",\"nextItem\":{\"@type\":\"ListItem\",\"@id\":\"https:\\\/\\\/eldigitaldeasturias.com\\\/radio\\\/se-estancan-pedidos-en-el-sector-aleman-de-maquinaria-en-2019\\\/#listItem\",\"name\":\"Se estancan pedidos en el sector alem\\u00e1n de maquinaria en 2019\"},\"previousItem\":{\"@type\":\"ListItem\",\"@id\":\"https:\\\/\\\/eldigitaldeasturias.com\\\/radio#listItem\",\"name\":\"Inicio\"}},{\"@type\":\"ListItem\",\"@id\":\"https:\\\/\\\/eldigitaldeasturias.com\\\/radio\\\/se-estancan-pedidos-en-el-sector-aleman-de-maquinaria-en-2019\\\/#listItem\",\"position\":3,\"name\":\"Se estancan pedidos en el sector alem\\u00e1n de maquinaria en 2019\",\"previousItem\":{\"@type\":\"ListItem\",\"@id\":\"https:\\\/\\\/eldigitaldeasturias.com\\\/radio\\\/category\\\/negocios\\\/#listItem\",\"name\":\"Negocios\"}}]},{\"@type\":\"NewsArticle\",\"@id\":\"https:\\\/\\\/eldigitaldeasturias.com\\\/radio\\\/se-estancan-pedidos-en-el-sector-aleman-de-maquinaria-en-2019\\\/#newsarticle\",\"name\":\"Se estancan pedidos en el sector alem\\u00e1n de maquinaria en 2019 | El Digital de Asturias\",\"headline\":\"Se estancan pedidos en el sector alem\\u00e1n de maquinaria en 2019\",\"author\":{\"@id\":\"https:\\\/\\\/eldigitaldeasturias.com\\\/radio\\\/author\\\/nbasturias\\\/#author\"},\"publisher\":{\"@id\":\"https:\\\/\\\/eldigitaldeasturias.com\\\/radio\\\/#organization\"},\"image\":{\"@type\":\"ImageObject\",\"url\":\"https:\\\/\\\/eldigitaldeasturias.com\\\/radio\\\/wp-content\\\/uploads\\\/2020\\\/02\\\/maquinaria-dpa.jpg\",\"width\":1026,\"height\":664},\"datePublished\":\"2020-02-08T20:55:42+01:00\",\"dateModified\":\"2020-02-08T20:55:42+01:00\",\"inLanguage\":\"es-ES\",\"mainEntityOfPage\":{\"@id\":\"https:\\\/\\\/eldigitaldeasturias.com\\\/radio\\\/se-estancan-pedidos-en-el-sector-aleman-de-maquinaria-en-2019\\\/#webpage\"},\"isPartOf\":{\"@id\":\"https:\\\/\\\/eldigitaldeasturias.com\\\/radio\\\/se-estancan-pedidos-en-el-sector-aleman-de-maquinaria-en-2019\\\/#webpage\"},\"articleSection\":\"Negocios\",\"dateline\":\"Publicado el febrero 8, 2020.\"},{\"@type\":\"Organization\",\"@id\":\"https:\\\/\\\/eldigitaldeasturias.com\\\/radio\\\/#organization\",\"name\":\"El digital de Asturias Radio\",\"description\":\"Diario de informaci\\u00f3n y noticias\",\"url\":\"https:\\\/\\\/eldigitaldeasturias.com\\\/radio\\\/\",\"telephone\":\"+34652131393\",\"logo\":{\"@type\":\"ImageObject\",\"url\":\"https:\\\/\\\/www.eldigitaldeasturias.com\\\/radio\\\/wp-content\\\/uploads\\\/2021\\\/03\\\/EDA.jpg\",\"@id\":\"https:\\\/\\\/eldigitaldeasturias.com\\\/radio\\\/se-estancan-pedidos-en-el-sector-aleman-de-maquinaria-en-2019\\\/#organizationLogo\"},\"image\":{\"@id\":\"https:\\\/\\\/eldigitaldeasturias.com\\\/radio\\\/se-estancan-pedidos-en-el-sector-aleman-de-maquinaria-en-2019\\\/#organizationLogo\"},\"sameAs\":[\"https:\\\/\\\/www.facebook.com\\\/\",\"https:\\\/\\\/x.com\\\/bercodi\",\"https:\\\/\\\/www.instagram.com\\\/\",\"https:\\\/\\\/www.youtube.com\\\/channel\\\/UCZP-2wLEB9Rv6erhFmqVnvg\"]},{\"@type\":\"Person\",\"@id\":\"https:\\\/\\\/eldigitaldeasturias.com\\\/radio\\\/author\\\/nbasturias\\\/#author\",\"url\":\"https:\\\/\\\/eldigitaldeasturias.com\\\/radio\\\/author\\\/nbasturias\\\/\",\"name\":\"NBAsturias\",\"image\":{\"@type\":\"ImageObject\",\"@id\":\"https:\\\/\\\/eldigitaldeasturias.com\\\/radio\\\/se-estancan-pedidos-en-el-sector-aleman-de-maquinaria-en-2019\\\/#authorImage\",\"url\":\"https:\\\/\\\/secure.gravatar.com\\\/avatar\\\/df2aeffc32bcd13f8d26072ef8a91b623d677766deac7f97ca815868cd41bf5e?s=96&d=mm&r=g\",\"width\":96,\"height\":96,\"caption\":\"NBAsturias\"}},{\"@type\":\"WebPage\",\"@id\":\"https:\\\/\\\/eldigitaldeasturias.com\\\/radio\\\/se-estancan-pedidos-en-el-sector-aleman-de-maquinaria-en-2019\\\/#webpage\",\"url\":\"https:\\\/\\\/eldigitaldeasturias.com\\\/radio\\\/se-estancan-pedidos-en-el-sector-aleman-de-maquinaria-en-2019\\\/\",\"name\":\"Se estancan pedidos en el sector alem\\u00e1n de maquinaria en 2019 | El Digital de Asturias\",\"description\":\"Fr\\u00e1ncfort, 6 feb (dpa) - Los conflictos comerciales internacionales, el Brexit y el cambio estructural en la industria automotriz provocaron en 2019 un descenso de los pedidos para los fabricantes alemanes de maquinaria, inform\\u00f3 hoy la asociaci\\u00f3n empresarial del sector, VDMA. La entrada de pedidos disminuy\\u00f3 un nueve por ciento interanual en base a un\",\"inLanguage\":\"es-ES\",\"isPartOf\":{\"@id\":\"https:\\\/\\\/eldigitaldeasturias.com\\\/radio\\\/#website\"},\"breadcrumb\":{\"@id\":\"https:\\\/\\\/eldigitaldeasturias.com\\\/radio\\\/se-estancan-pedidos-en-el-sector-aleman-de-maquinaria-en-2019\\\/#breadcrumblist\"},\"author\":{\"@id\":\"https:\\\/\\\/eldigitaldeasturias.com\\\/radio\\\/author\\\/nbasturias\\\/#author\"},\"creator\":{\"@id\":\"https:\\\/\\\/eldigitaldeasturias.com\\\/radio\\\/author\\\/nbasturias\\\/#author\"},\"image\":{\"@type\":\"ImageObject\",\"url\":\"https:\\\/\\\/eldigitaldeasturias.com\\\/radio\\\/wp-content\\\/uploads\\\/2020\\\/02\\\/maquinaria-dpa.jpg\",\"@id\":\"https:\\\/\\\/eldigitaldeasturias.com\\\/radio\\\/se-estancan-pedidos-en-el-sector-aleman-de-maquinaria-en-2019\\\/#mainImage\",\"width\":1026,\"height\":664},\"primaryImageOfPage\":{\"@id\":\"https:\\\/\\\/eldigitaldeasturias.com\\\/radio\\\/se-estancan-pedidos-en-el-sector-aleman-de-maquinaria-en-2019\\\/#mainImage\"},\"datePublished\":\"2020-02-08T20:55:42+01:00\",\"dateModified\":\"2020-02-08T20:55:42+01:00\"},{\"@type\":\"WebSite\",\"@id\":\"https:\\\/\\\/eldigitaldeasturias.com\\\/radio\\\/#website\",\"url\":\"https:\\\/\\\/eldigitaldeasturias.com\\\/radio\\\/\",\"name\":\"El Digital de Asturias\",\"description\":\"Diario de informaci\\u00f3n y noticias\",\"inLanguage\":\"es-ES\",\"publisher\":{\"@id\":\"https:\\\/\\\/eldigitaldeasturias.com\\\/radio\\\/#organization\"}}]}\n\t\t<\/script>\n\t\t<!-- All in One SEO Pro -->\r\n\t\t<title>Se estancan pedidos en el sector alem\u00e1n de maquinaria en 2019 | El Digital de Asturias<\/title>\n\n","aioseo_head_json":{"title":"Se estancan pedidos en el sector alem\u00e1n de maquinaria en 2019 | El Digital de Asturias","description":"Fr\u00e1ncfort, 6 feb (dpa) - Los conflictos comerciales internacionales, el Brexit y el cambio estructural en la industria automotriz provocaron en 2019 un descenso de los pedidos para los fabricantes alemanes de maquinaria, inform\u00f3 hoy la asociaci\u00f3n empresarial del sector, VDMA. La entrada de pedidos disminuy\u00f3 un nueve por ciento interanual en base a un","canonical_url":"https:\/\/eldigitaldeasturias.com\/radio\/se-estancan-pedidos-en-el-sector-aleman-de-maquinaria-en-2019\/","robots":"max-image-preview:large","keywords":"negocios","webmasterTools":{"google-site-verification":"UA-38556648-1","miscellaneous":""},"schema":{"@context":"https:\/\/schema.org","@graph":[{"@type":"BreadcrumbList","@id":"https:\/\/eldigitaldeasturias.com\/radio\/se-estancan-pedidos-en-el-sector-aleman-de-maquinaria-en-2019\/#breadcrumblist","itemListElement":[{"@type":"ListItem","@id":"https:\/\/eldigitaldeasturias.com\/radio#listItem","position":1,"name":"Inicio","item":"https:\/\/eldigitaldeasturias.com\/radio","nextItem":{"@type":"ListItem","@id":"https:\/\/eldigitaldeasturias.com\/radio\/category\/negocios\/#listItem","name":"Negocios"}},{"@type":"ListItem","@id":"https:\/\/eldigitaldeasturias.com\/radio\/category\/negocios\/#listItem","position":2,"name":"Negocios","item":"https:\/\/eldigitaldeasturias.com\/radio\/category\/negocios\/","nextItem":{"@type":"ListItem","@id":"https:\/\/eldigitaldeasturias.com\/radio\/se-estancan-pedidos-en-el-sector-aleman-de-maquinaria-en-2019\/#listItem","name":"Se estancan pedidos en el sector alem\u00e1n de maquinaria en 2019"},"previousItem":{"@type":"ListItem","@id":"https:\/\/eldigitaldeasturias.com\/radio#listItem","name":"Inicio"}},{"@type":"ListItem","@id":"https:\/\/eldigitaldeasturias.com\/radio\/se-estancan-pedidos-en-el-sector-aleman-de-maquinaria-en-2019\/#listItem","position":3,"name":"Se estancan pedidos en el sector alem\u00e1n de maquinaria en 2019","previousItem":{"@type":"ListItem","@id":"https:\/\/eldigitaldeasturias.com\/radio\/category\/negocios\/#listItem","name":"Negocios"}}]},{"@type":"NewsArticle","@id":"https:\/\/eldigitaldeasturias.com\/radio\/se-estancan-pedidos-en-el-sector-aleman-de-maquinaria-en-2019\/#newsarticle","name":"Se estancan pedidos en el sector alem\u00e1n de maquinaria en 2019 | El Digital de Asturias","headline":"Se estancan pedidos en el sector alem\u00e1n de maquinaria en 2019","author":{"@id":"https:\/\/eldigitaldeasturias.com\/radio\/author\/nbasturias\/#author"},"publisher":{"@id":"https:\/\/eldigitaldeasturias.com\/radio\/#organization"},"image":{"@type":"ImageObject","url":"https:\/\/eldigitaldeasturias.com\/radio\/wp-content\/uploads\/2020\/02\/maquinaria-dpa.jpg","width":1026,"height":664},"datePublished":"2020-02-08T20:55:42+01:00","dateModified":"2020-02-08T20:55:42+01:00","inLanguage":"es-ES","mainEntityOfPage":{"@id":"https:\/\/eldigitaldeasturias.com\/radio\/se-estancan-pedidos-en-el-sector-aleman-de-maquinaria-en-2019\/#webpage"},"isPartOf":{"@id":"https:\/\/eldigitaldeasturias.com\/radio\/se-estancan-pedidos-en-el-sector-aleman-de-maquinaria-en-2019\/#webpage"},"articleSection":"Negocios","dateline":"Publicado el febrero 8, 2020."},{"@type":"Organization","@id":"https:\/\/eldigitaldeasturias.com\/radio\/#organization","name":"El digital de Asturias Radio","description":"Diario de informaci\u00f3n y noticias","url":"https:\/\/eldigitaldeasturias.com\/radio\/","telephone":"+34652131393","logo":{"@type":"ImageObject","url":"https:\/\/www.eldigitaldeasturias.com\/radio\/wp-content\/uploads\/2021\/03\/EDA.jpg","@id":"https:\/\/eldigitaldeasturias.com\/radio\/se-estancan-pedidos-en-el-sector-aleman-de-maquinaria-en-2019\/#organizationLogo"},"image":{"@id":"https:\/\/eldigitaldeasturias.com\/radio\/se-estancan-pedidos-en-el-sector-aleman-de-maquinaria-en-2019\/#organizationLogo"},"sameAs":["https:\/\/www.facebook.com\/","https:\/\/x.com\/bercodi","https:\/\/www.instagram.com\/","https:\/\/www.youtube.com\/channel\/UCZP-2wLEB9Rv6erhFmqVnvg"]},{"@type":"Person","@id":"https:\/\/eldigitaldeasturias.com\/radio\/author\/nbasturias\/#author","url":"https:\/\/eldigitaldeasturias.com\/radio\/author\/nbasturias\/","name":"NBAsturias","image":{"@type":"ImageObject","@id":"https:\/\/eldigitaldeasturias.com\/radio\/se-estancan-pedidos-en-el-sector-aleman-de-maquinaria-en-2019\/#authorImage","url":"https:\/\/secure.gravatar.com\/avatar\/df2aeffc32bcd13f8d26072ef8a91b623d677766deac7f97ca815868cd41bf5e?s=96&d=mm&r=g","width":96,"height":96,"caption":"NBAsturias"}},{"@type":"WebPage","@id":"https:\/\/eldigitaldeasturias.com\/radio\/se-estancan-pedidos-en-el-sector-aleman-de-maquinaria-en-2019\/#webpage","url":"https:\/\/eldigitaldeasturias.com\/radio\/se-estancan-pedidos-en-el-sector-aleman-de-maquinaria-en-2019\/","name":"Se estancan pedidos en el sector alem\u00e1n de maquinaria en 2019 | El Digital de Asturias","description":"Fr\u00e1ncfort, 6 feb (dpa) - Los conflictos comerciales internacionales, el Brexit y el cambio estructural en la industria automotriz provocaron en 2019 un descenso de los pedidos para los fabricantes alemanes de maquinaria, inform\u00f3 hoy la asociaci\u00f3n empresarial del sector, VDMA. La entrada de pedidos disminuy\u00f3 un nueve por ciento interanual en base a un","inLanguage":"es-ES","isPartOf":{"@id":"https:\/\/eldigitaldeasturias.com\/radio\/#website"},"breadcrumb":{"@id":"https:\/\/eldigitaldeasturias.com\/radio\/se-estancan-pedidos-en-el-sector-aleman-de-maquinaria-en-2019\/#breadcrumblist"},"author":{"@id":"https:\/\/eldigitaldeasturias.com\/radio\/author\/nbasturias\/#author"},"creator":{"@id":"https:\/\/eldigitaldeasturias.com\/radio\/author\/nbasturias\/#author"},"image":{"@type":"ImageObject","url":"https:\/\/eldigitaldeasturias.com\/radio\/wp-content\/uploads\/2020\/02\/maquinaria-dpa.jpg","@id":"https:\/\/eldigitaldeasturias.com\/radio\/se-estancan-pedidos-en-el-sector-aleman-de-maquinaria-en-2019\/#mainImage","width":1026,"height":664},"primaryImageOfPage":{"@id":"https:\/\/eldigitaldeasturias.com\/radio\/se-estancan-pedidos-en-el-sector-aleman-de-maquinaria-en-2019\/#mainImage"},"datePublished":"2020-02-08T20:55:42+01:00","dateModified":"2020-02-08T20:55:42+01:00"},{"@type":"WebSite","@id":"https:\/\/eldigitaldeasturias.com\/radio\/#website","url":"https:\/\/eldigitaldeasturias.com\/radio\/","name":"El Digital de Asturias","description":"Diario de informaci\u00f3n y noticias","inLanguage":"es-ES","publisher":{"@id":"https:\/\/eldigitaldeasturias.com\/radio\/#organization"}}]},"og:locale":"es_ES","og:site_name":"El Digital de Asturias | Diario de informaci\u00f3n y noticias","og:type":"article","og:title":"Se estancan pedidos en el sector alem\u00e1n de maquinaria en 2019 | El Digital de Asturias","og:description":"Fr\u00e1ncfort, 6 feb (dpa) - Los conflictos comerciales internacionales, el Brexit y el cambio estructural en la industria automotriz provocaron en 2019 un descenso de los pedidos para los fabricantes alemanes de maquinaria, inform\u00f3 hoy la asociaci\u00f3n empresarial del sector, VDMA. La entrada de pedidos disminuy\u00f3 un nueve por ciento interanual en base a un","og:url":"https:\/\/eldigitaldeasturias.com\/radio\/se-estancan-pedidos-en-el-sector-aleman-de-maquinaria-en-2019\/","og:image":"https:\/\/eldigitaldeasturias.com\/radio\/wp-content\/uploads\/2020\/02\/maquinaria-dpa.jpg","og:image:secure_url":"https:\/\/eldigitaldeasturias.com\/radio\/wp-content\/uploads\/2020\/02\/maquinaria-dpa.jpg","og:image:width":1026,"og:image:height":664,"article:published_time":"2020-02-08T20:55:42+00:00","article:modified_time":"2020-02-08T20:55:42+00:00","twitter:card":"summary_large_image","twitter:site":"@bercodi","twitter:title":"Se estancan pedidos en el sector alem\u00e1n de maquinaria en 2019 | El Digital de Asturias","twitter:description":"Fr\u00e1ncfort, 6 feb (dpa) - Los conflictos comerciales internacionales, el Brexit y el cambio estructural en la industria automotriz provocaron en 2019 un descenso de los pedidos para los fabricantes alemanes de maquinaria, inform\u00f3 hoy la asociaci\u00f3n empresarial del sector, VDMA. La entrada de pedidos disminuy\u00f3 un nueve por ciento interanual en base a un","twitter:creator":"@bercodi","twitter:image":"https:\/\/eldigitaldeasturias.com\/radio\/wp-content\/uploads\/2020\/02\/maquinaria-dpa.jpg"},"aioseo_meta_data":{"post_id":"3876","title":null,"description":null,"keywords":null,"keyphrases":null,"primary_term":null,"canonical_url":null,"og_title":null,"og_description":null,"og_object_type":"default","og_image_type":"default","og_image_url":null,"og_image_width":null,"og_image_height":null,"og_image_custom_url":null,"og_image_custom_fields":null,"og_video":null,"og_custom_url":null,"og_article_section":null,"og_article_tags":null,"twitter_use_og":false,"twitter_card":"default","twitter_image_type":"default","twitter_image_url":null,"twitter_image_custom_url":null,"twitter_image_custom_fields":null,"twitter_title":null,"twitter_description":null,"schema":{"blockGraphs":[],"customGraphs":[],"default":{"data":{"Article":[],"Course":[],"Dataset":[],"FAQPage":[],"Movie":[],"Person":[],"Product":[],"ProductReview":[],"Car":[],"Recipe":[],"Service":[],"SoftwareApplication":[],"WebPage":[]},"graphName":"","isEnabled":true},"graphs":[],"defaultGraph":"","defaultPostTypeGraph":""},"schema_type":null,"schema_type_options":null,"pillar_content":false,"robots_default":true,"robots_noindex":false,"robots_noarchive":false,"robots_nosnippet":false,"robots_nofollow":false,"robots_noimageindex":false,"robots_noodp":false,"robots_notranslate":false,"robots_max_snippet":null,"robots_max_videopreview":null,"robots_max_imagepreview":"large","priority":null,"frequency":null,"location":null,"local_seo":null,"seo_analyzer_scan_date":"2025-08-28 14:58:38","breadcrumb_settings":null,"limit_modified_date":false,"open_ai":null,"ai":null,"created":"2021-03-25 20:44:06","updated":"2025-08-28 14:58:38"},"aioseo_breadcrumb":"<div class=\"aioseo-breadcrumbs\"><span class=\"aioseo-breadcrumb\">\n\t<a href=\"https:\/\/eldigitaldeasturias.com\/radio\" title=\"Inicio\">Inicio<\/a>\n<\/span><span class=\"aioseo-breadcrumb-separator\">&ndash;<\/span><span class=\"aioseo-breadcrumb\">\n\t<a href=\"https:\/\/eldigitaldeasturias.com\/radio\/category\/negocios\/\" title=\"Negocios\">Negocios<\/a>\n<\/span><span class=\"aioseo-breadcrumb-separator\">&ndash;<\/span><span class=\"aioseo-breadcrumb\">\n\tSe estancan pedidos en el sector alem\u00e1n de maquinaria en 2019\n<\/span><\/div>","aioseo_breadcrumb_json":[{"label":"Inicio","link":"https:\/\/eldigitaldeasturias.com\/radio"},{"label":"Negocios","link":"https:\/\/eldigitaldeasturias.com\/radio\/category\/negocios\/"},{"label":"Se estancan pedidos en el sector alem\u00e1n de maquinaria en 2019","link":"https:\/\/eldigitaldeasturias.com\/radio\/se-estancan-pedidos-en-el-sector-aleman-de-maquinaria-en-2019\/"}],"_links":{"self":[{"href":"https:\/\/eldigitaldeasturias.com\/radio\/wp-json\/wp\/v2\/posts\/3876","targetHints":{"allow":["GET"]}}],"collection":[{"href":"https:\/\/eldigitaldeasturias.com\/radio\/wp-json\/wp\/v2\/posts"}],"about":[{"href":"https:\/\/eldigitaldeasturias.com\/radio\/wp-json\/wp\/v2\/types\/post"}],"author":[{"embeddable":true,"href":"https:\/\/eldigitaldeasturias.com\/radio\/wp-json\/wp\/v2\/users\/1"}],"replies":[{"embeddable":true,"href":"https:\/\/eldigitaldeasturias.com\/radio\/wp-json\/wp\/v2\/comments?post=3876"}],"version-history":[{"count":0,"href":"https:\/\/eldigitaldeasturias.com\/radio\/wp-json\/wp\/v2\/posts\/3876\/revisions"}],"wp:featuredmedia":[{"embeddable":true,"href":"https:\/\/eldigitaldeasturias.com\/radio\/wp-json\/wp\/v2\/media\/3877"}],"wp:attachment":[{"href":"https:\/\/eldigitaldeasturias.com\/radio\/wp-json\/wp\/v2\/media?parent=3876"}],"wp:term":[{"taxonomy":"category","embeddable":true,"href":"https:\/\/eldigitaldeasturias.com\/radio\/wp-json\/wp\/v2\/categories?post=3876"},{"taxonomy":"post_tag","embeddable":true,"href":"https:\/\/eldigitaldeasturias.com\/radio\/wp-json\/wp\/v2\/tags?post=3876"}],"curies":[{"name":"wp","href":"https:\/\/api.w.org\/{rel}","templated":true}]}}