{"id":3873,"date":"2020-02-08T20:53:33","date_gmt":"2020-02-08T20:53:33","guid":{"rendered":"http:\/\/www.eldigitaldeasturias.com\/radio\/?p=3873"},"modified":"2020-02-08T20:53:33","modified_gmt":"2020-02-08T20:53:33","slug":"toni-kroos-ve-a-alemania-fuera-de-los-favoritos-para-la-eurocopa","status":"publish","type":"post","link":"https:\/\/eldigitaldeasturias.com\/radio\/toni-kroos-ve-a-alemania-fuera-de-los-favoritos-para-la-eurocopa\/","title":{"rendered":"Toni Kroos ve a Alemania fuera de los favoritos para la Eurocopa"},"content":{"rendered":"<figure id=\"attachment_3874\" aria-describedby=\"caption-attachment-3874\" style=\"width: 360px\" class=\"wp-caption alignleft\"><img fetchpriority=\"high\" decoding=\"async\" class=\"size-medium wp-image-3874\" src=\"http:\/\/www.eldigitaldeasturias.com\/radio\/wp-content\/uploads\/2020\/02\/Toni-Kroos-dpa-360x253.jpg\" alt=\"\" width=\"360\" height=\"253\" srcset=\"https:\/\/eldigitaldeasturias.com\/radio\/wp-content\/uploads\/2020\/02\/Toni-Kroos-dpa-360x253.jpg 360w, https:\/\/eldigitaldeasturias.com\/radio\/wp-content\/uploads\/2020\/02\/Toni-Kroos-dpa-768x539.jpg 768w, https:\/\/eldigitaldeasturias.com\/radio\/wp-content\/uploads\/2020\/02\/Toni-Kroos-dpa.jpg 948w\" sizes=\"(max-width: 360px) 100vw, 360px\" \/><figcaption id=\"caption-attachment-3874\" class=\"wp-caption-text\">Foto: Uwe Anspach\/dpa<\/figcaption><\/figure>\n<p>Madrid, 6 feb (dpa) \u2013 El centrocampista internacional alem\u00e1n y del Real Madrid Toni Kroos no ve a la selecci\u00f3n de su pa\u00eds entre las favoritas para alzarse con el triunfo en la Eurocopa de este verano, seg\u00fan declar\u00f3 en el programa \u00abSportschau Club\u00bb de la televisi\u00f3n p\u00fablica alemana ARD.<\/p>\n<p>\u00abPero eso no significa nada por ahora\u00bb, coment\u00f3 el jugador. \u00abMi objetivo es ganar todos los torneos en los que empiezo a jugar\u00bb, recalc\u00f3 Kroos.<\/p>\n<p>Seg\u00fan el centrocampista, tambi\u00e9n hay que ser realista hasta cierto punto, ya que el torneo \u00abtal vez ser\u00e1 m\u00e1s dif\u00edcil que en otro momento\u00bb, dijo el jugador del Real Madrid, quien considera que el equipo es bueno. \u00abVeremos qu\u00e9 consigue\u00bb, sentenci\u00f3.<\/p>\n<p>Kroos se mostr\u00f3 cauteloso sobre un posible regreso de sus compa\u00f1eros Mats Hummels y Thomas M\u00fcller, que fueron campeones del mundo en Brasil en 2014.<\/p>\n<p>En una reciente entrevista con el peri\u00f3dico alem\u00e1n \u00abBild am Sonntag\u00bb, el seleccionador nacional, Joachim L\u00f6w, especul\u00f3 sobre el regreso de ambos al equipo, tras descartarlos el a\u00f1o pasado junto a J\u00e9r\u00f4me Boateng en una discutida decisi\u00f3n.<\/p>\n<p>\u00abEl seleccionador nacional no toma una decisi\u00f3n porque sean malos jugadores o porque tengan 38 a\u00f1os. Es simplemente para tomar una nueva direcci\u00f3n\u00bb, explic\u00f3 Kroos, a\u00f1adiendo que el hecho de que Hummels y M\u00fcller sean capaces de rendir al m\u00e1ximo no debe sorprender a nadie.<\/p>\n<p>Kroos tambi\u00e9n habl\u00f3 sobre el momento en que terminar\u00e1 su carrera. \u00abEstoy seguro que no voy a jugar hasta los 38. Ahora tengo por delante un contrato de tres a\u00f1os y medio hasta el verano de 2023. Entonces cumplir\u00e9 33\u00bb, reflexion\u00f3.<\/p>\n<p>\u00abEs una buena edad para empezar a pensar en lo que quiero hacer, si quiero un contrato que dure cuatro a\u00f1os\u00bb, revel\u00f3. \u00abNo quedar\u00e1 mucho tiempo despu\u00e9s de eso\u00bb, acot\u00f3.<\/p>\n<p>Kroos juega en el Real Madrid desde 2014 y gan\u00f3 tres veces la Liga de Campeones con el club, entre otros t\u00edtulos. A pesar de su \u00e9xito, la ambici\u00f3n del mediocampista sigue intacta. \u00abLa sensaci\u00f3n de ganar t\u00edtulos es un poco adictiva\u00bb, dijo. \u00abPero la importancia de esto es relativa\u00bb, matiz\u00f3.<\/p>\n<p>El centrocampista alem\u00e1n tambi\u00e9n habl\u00f3 de d\u00f3nde quiere vivir cuando acabe su carrera. \u00abAl final, son los ni\u00f1os los que deciden\u00bb, reconoci\u00f3. \u00c9l, su esposa e hijos se sienten muy felices en Madrid, por lo que no descarta quedarse en la capital espa\u00f1ola.<\/p>\n<p>\u00abCuando se sienten tan bien aqu\u00ed, cuando tienen amigos, es dif\u00edcil separarlos\u00bb, dijo Kroos traspasando la decisi\u00f3n final a sus hijos.<\/p>\n<p>&nbsp;<\/p>\n","protected":false},"excerpt":{"rendered":"<p>Madrid, 6 feb (dpa) \u2013 El centrocampista internacional alem\u00e1n y del Real Madrid Toni Kroos no ve a la selecci\u00f3n de su pa\u00eds entre las favoritas para alzarse con el triunfo en la Eurocopa de este verano, seg\u00fan declar\u00f3 en el programa \u00abSportschau Club\u00bb de la televisi\u00f3n p\u00fablica alemana ARD. \u00abPero eso no significa nada<\/p>\n","protected":false},"author":1,"featured_media":3874,"comment_status":"closed","ping_status":"closed","sticky":false,"template":"","format":"standard","meta":{"footnotes":""},"categories":[1],"tags":[],"class_list":{"0":"post-3873","1":"post","2":"type-post","3":"status-publish","4":"format-standard","5":"has-post-thumbnail","7":"category-noticias"},"aioseo_notices":[],"aioseo_head":"\n\t\t<!-- All in One SEO Pro 4.9.6.2 - aioseo.com -->\n\t<meta name=\"description\" content=\"Madrid, 6 feb (dpa) \u2013 El centrocampista internacional alem\u00e1n y del Real Madrid Toni Kroos no ve a la selecci\u00f3n de su pa\u00eds entre las favoritas para alzarse con el triunfo en la Eurocopa de este verano, seg\u00fan declar\u00f3 en el programa &quot;Sportschau Club&quot; de la televisi\u00f3n p\u00fablica alemana ARD. &quot;Pero eso no significa nada\" \/>\n\t<meta name=\"robots\" content=\"max-image-preview:large\" \/>\n\t<meta name=\"author\" content=\"NBAsturias\"\/>\n\t<meta name=\"google-site-verification\" content=\"UA-38556648-1\" \/>\n\t<meta name=\"keywords\" content=\"noticias\" \/>\n\t<link rel=\"canonical\" href=\"https:\/\/eldigitaldeasturias.com\/radio\/toni-kroos-ve-a-alemania-fuera-de-los-favoritos-para-la-eurocopa\/\" \/>\n\t<meta name=\"generator\" content=\"All in One SEO Pro (AIOSEO) 4.9.6.2\" \/>\n\t\t<meta property=\"og:locale\" content=\"es_ES\" \/>\n\t\t<meta property=\"og:site_name\" content=\"El Digital de Asturias | Diario de informaci\u00f3n y noticias\" \/>\n\t\t<meta property=\"og:type\" content=\"article\" \/>\n\t\t<meta property=\"og:title\" content=\"Toni Kroos ve a Alemania fuera de los favoritos para la Eurocopa | El Digital de Asturias\" \/>\n\t\t<meta property=\"og:description\" content=\"Madrid, 6 feb (dpa) \u2013 El centrocampista internacional alem\u00e1n y del Real Madrid Toni Kroos no ve a la selecci\u00f3n de su pa\u00eds entre las favoritas para alzarse con el triunfo en la Eurocopa de este verano, seg\u00fan declar\u00f3 en el programa &quot;Sportschau Club&quot; de la televisi\u00f3n p\u00fablica alemana ARD. &quot;Pero eso no significa nada\" \/>\n\t\t<meta property=\"og:url\" content=\"https:\/\/eldigitaldeasturias.com\/radio\/toni-kroos-ve-a-alemania-fuera-de-los-favoritos-para-la-eurocopa\/\" \/>\n\t\t<meta property=\"og:image\" content=\"https:\/\/eldigitaldeasturias.com\/radio\/wp-content\/uploads\/2020\/02\/Toni-Kroos-dpa.jpg\" \/>\n\t\t<meta property=\"og:image:secure_url\" content=\"https:\/\/eldigitaldeasturias.com\/radio\/wp-content\/uploads\/2020\/02\/Toni-Kroos-dpa.jpg\" \/>\n\t\t<meta property=\"og:image:width\" content=\"948\" \/>\n\t\t<meta property=\"og:image:height\" content=\"665\" \/>\n\t\t<meta property=\"article:published_time\" content=\"2020-02-08T20:53:33+00:00\" \/>\n\t\t<meta property=\"article:modified_time\" content=\"2020-02-08T20:53:33+00:00\" \/>\n\t\t<meta name=\"twitter:card\" content=\"summary_large_image\" \/>\n\t\t<meta name=\"twitter:site\" content=\"@bercodi\" \/>\n\t\t<meta name=\"twitter:title\" content=\"Toni Kroos ve a Alemania fuera de los favoritos para la Eurocopa | El Digital de Asturias\" \/>\n\t\t<meta name=\"twitter:description\" content=\"Madrid, 6 feb (dpa) \u2013 El centrocampista internacional alem\u00e1n y del Real Madrid Toni Kroos no ve a la selecci\u00f3n de su pa\u00eds entre las favoritas para alzarse con el triunfo en la Eurocopa de este verano, seg\u00fan declar\u00f3 en el programa &quot;Sportschau Club&quot; de la televisi\u00f3n p\u00fablica alemana ARD. &quot;Pero eso no significa nada\" \/>\n\t\t<meta name=\"twitter:creator\" content=\"@bercodi\" \/>\n\t\t<meta name=\"twitter:image\" content=\"https:\/\/eldigitaldeasturias.com\/radio\/wp-content\/uploads\/2020\/02\/Toni-Kroos-dpa.jpg\" \/>\n\t\t<script type=\"application\/ld+json\" class=\"aioseo-schema\">\n\t\t\t{\"@context\":\"https:\\\/\\\/schema.org\",\"@graph\":[{\"@type\":\"BreadcrumbList\",\"@id\":\"https:\\\/\\\/eldigitaldeasturias.com\\\/radio\\\/toni-kroos-ve-a-alemania-fuera-de-los-favoritos-para-la-eurocopa\\\/#breadcrumblist\",\"itemListElement\":[{\"@type\":\"ListItem\",\"@id\":\"https:\\\/\\\/eldigitaldeasturias.com\\\/radio#listItem\",\"position\":1,\"name\":\"Inicio\",\"item\":\"https:\\\/\\\/eldigitaldeasturias.com\\\/radio\",\"nextItem\":{\"@type\":\"ListItem\",\"@id\":\"https:\\\/\\\/eldigitaldeasturias.com\\\/radio\\\/category\\\/noticias\\\/#listItem\",\"name\":\"Noticias\"}},{\"@type\":\"ListItem\",\"@id\":\"https:\\\/\\\/eldigitaldeasturias.com\\\/radio\\\/category\\\/noticias\\\/#listItem\",\"position\":2,\"name\":\"Noticias\",\"item\":\"https:\\\/\\\/eldigitaldeasturias.com\\\/radio\\\/category\\\/noticias\\\/\",\"nextItem\":{\"@type\":\"ListItem\",\"@id\":\"https:\\\/\\\/eldigitaldeasturias.com\\\/radio\\\/toni-kroos-ve-a-alemania-fuera-de-los-favoritos-para-la-eurocopa\\\/#listItem\",\"name\":\"Toni Kroos ve a Alemania fuera de los favoritos para la Eurocopa\"},\"previousItem\":{\"@type\":\"ListItem\",\"@id\":\"https:\\\/\\\/eldigitaldeasturias.com\\\/radio#listItem\",\"name\":\"Inicio\"}},{\"@type\":\"ListItem\",\"@id\":\"https:\\\/\\\/eldigitaldeasturias.com\\\/radio\\\/toni-kroos-ve-a-alemania-fuera-de-los-favoritos-para-la-eurocopa\\\/#listItem\",\"position\":3,\"name\":\"Toni Kroos ve a Alemania fuera de los favoritos para la Eurocopa\",\"previousItem\":{\"@type\":\"ListItem\",\"@id\":\"https:\\\/\\\/eldigitaldeasturias.com\\\/radio\\\/category\\\/noticias\\\/#listItem\",\"name\":\"Noticias\"}}]},{\"@type\":\"NewsArticle\",\"@id\":\"https:\\\/\\\/eldigitaldeasturias.com\\\/radio\\\/toni-kroos-ve-a-alemania-fuera-de-los-favoritos-para-la-eurocopa\\\/#newsarticle\",\"name\":\"Toni Kroos ve a Alemania fuera de los favoritos para la Eurocopa | El Digital de Asturias\",\"headline\":\"Toni Kroos ve a Alemania fuera de los favoritos para la Eurocopa\",\"author\":{\"@id\":\"https:\\\/\\\/eldigitaldeasturias.com\\\/radio\\\/author\\\/nbasturias\\\/#author\"},\"publisher\":{\"@id\":\"https:\\\/\\\/eldigitaldeasturias.com\\\/radio\\\/#organization\"},\"image\":{\"@type\":\"ImageObject\",\"url\":\"https:\\\/\\\/eldigitaldeasturias.com\\\/radio\\\/wp-content\\\/uploads\\\/2020\\\/02\\\/Toni-Kroos-dpa.jpg\",\"width\":948,\"height\":665,\"caption\":\"Foto: Uwe Anspach\\\/dpa\"},\"datePublished\":\"2020-02-08T20:53:33+01:00\",\"dateModified\":\"2020-02-08T20:53:33+01:00\",\"inLanguage\":\"es-ES\",\"mainEntityOfPage\":{\"@id\":\"https:\\\/\\\/eldigitaldeasturias.com\\\/radio\\\/toni-kroos-ve-a-alemania-fuera-de-los-favoritos-para-la-eurocopa\\\/#webpage\"},\"isPartOf\":{\"@id\":\"https:\\\/\\\/eldigitaldeasturias.com\\\/radio\\\/toni-kroos-ve-a-alemania-fuera-de-los-favoritos-para-la-eurocopa\\\/#webpage\"},\"articleSection\":\"Noticias\",\"dateline\":\"Publicado el febrero 8, 2020.\"},{\"@type\":\"Organization\",\"@id\":\"https:\\\/\\\/eldigitaldeasturias.com\\\/radio\\\/#organization\",\"name\":\"El digital de Asturias Radio\",\"description\":\"Diario de informaci\\u00f3n y noticias\",\"url\":\"https:\\\/\\\/eldigitaldeasturias.com\\\/radio\\\/\",\"telephone\":\"+34652131393\",\"logo\":{\"@type\":\"ImageObject\",\"url\":\"https:\\\/\\\/www.eldigitaldeasturias.com\\\/radio\\\/wp-content\\\/uploads\\\/2021\\\/03\\\/EDA.jpg\",\"@id\":\"https:\\\/\\\/eldigitaldeasturias.com\\\/radio\\\/toni-kroos-ve-a-alemania-fuera-de-los-favoritos-para-la-eurocopa\\\/#organizationLogo\"},\"image\":{\"@id\":\"https:\\\/\\\/eldigitaldeasturias.com\\\/radio\\\/toni-kroos-ve-a-alemania-fuera-de-los-favoritos-para-la-eurocopa\\\/#organizationLogo\"},\"sameAs\":[\"https:\\\/\\\/www.facebook.com\\\/\",\"https:\\\/\\\/x.com\\\/bercodi\",\"https:\\\/\\\/www.instagram.com\\\/\",\"https:\\\/\\\/www.youtube.com\\\/channel\\\/UCZP-2wLEB9Rv6erhFmqVnvg\"]},{\"@type\":\"Person\",\"@id\":\"https:\\\/\\\/eldigitaldeasturias.com\\\/radio\\\/author\\\/nbasturias\\\/#author\",\"url\":\"https:\\\/\\\/eldigitaldeasturias.com\\\/radio\\\/author\\\/nbasturias\\\/\",\"name\":\"NBAsturias\",\"image\":{\"@type\":\"ImageObject\",\"@id\":\"https:\\\/\\\/eldigitaldeasturias.com\\\/radio\\\/toni-kroos-ve-a-alemania-fuera-de-los-favoritos-para-la-eurocopa\\\/#authorImage\",\"url\":\"https:\\\/\\\/secure.gravatar.com\\\/avatar\\\/df2aeffc32bcd13f8d26072ef8a91b623d677766deac7f97ca815868cd41bf5e?s=96&d=mm&r=g\",\"width\":96,\"height\":96,\"caption\":\"NBAsturias\"}},{\"@type\":\"WebPage\",\"@id\":\"https:\\\/\\\/eldigitaldeasturias.com\\\/radio\\\/toni-kroos-ve-a-alemania-fuera-de-los-favoritos-para-la-eurocopa\\\/#webpage\",\"url\":\"https:\\\/\\\/eldigitaldeasturias.com\\\/radio\\\/toni-kroos-ve-a-alemania-fuera-de-los-favoritos-para-la-eurocopa\\\/\",\"name\":\"Toni Kroos ve a Alemania fuera de los favoritos para la Eurocopa | El Digital de Asturias\",\"description\":\"Madrid, 6 feb (dpa) \\u2013 El centrocampista internacional alem\\u00e1n y del Real Madrid Toni Kroos no ve a la selecci\\u00f3n de su pa\\u00eds entre las favoritas para alzarse con el triunfo en la Eurocopa de este verano, seg\\u00fan declar\\u00f3 en el programa \\\"Sportschau Club\\\" de la televisi\\u00f3n p\\u00fablica alemana ARD. \\\"Pero eso no significa nada\",\"inLanguage\":\"es-ES\",\"isPartOf\":{\"@id\":\"https:\\\/\\\/eldigitaldeasturias.com\\\/radio\\\/#website\"},\"breadcrumb\":{\"@id\":\"https:\\\/\\\/eldigitaldeasturias.com\\\/radio\\\/toni-kroos-ve-a-alemania-fuera-de-los-favoritos-para-la-eurocopa\\\/#breadcrumblist\"},\"author\":{\"@id\":\"https:\\\/\\\/eldigitaldeasturias.com\\\/radio\\\/author\\\/nbasturias\\\/#author\"},\"creator\":{\"@id\":\"https:\\\/\\\/eldigitaldeasturias.com\\\/radio\\\/author\\\/nbasturias\\\/#author\"},\"image\":{\"@type\":\"ImageObject\",\"url\":\"https:\\\/\\\/eldigitaldeasturias.com\\\/radio\\\/wp-content\\\/uploads\\\/2020\\\/02\\\/Toni-Kroos-dpa.jpg\",\"@id\":\"https:\\\/\\\/eldigitaldeasturias.com\\\/radio\\\/toni-kroos-ve-a-alemania-fuera-de-los-favoritos-para-la-eurocopa\\\/#mainImage\",\"width\":948,\"height\":665,\"caption\":\"Foto: Uwe Anspach\\\/dpa\"},\"primaryImageOfPage\":{\"@id\":\"https:\\\/\\\/eldigitaldeasturias.com\\\/radio\\\/toni-kroos-ve-a-alemania-fuera-de-los-favoritos-para-la-eurocopa\\\/#mainImage\"},\"datePublished\":\"2020-02-08T20:53:33+01:00\",\"dateModified\":\"2020-02-08T20:53:33+01:00\"},{\"@type\":\"WebSite\",\"@id\":\"https:\\\/\\\/eldigitaldeasturias.com\\\/radio\\\/#website\",\"url\":\"https:\\\/\\\/eldigitaldeasturias.com\\\/radio\\\/\",\"name\":\"El Digital de Asturias\",\"description\":\"Diario de informaci\\u00f3n y noticias\",\"inLanguage\":\"es-ES\",\"publisher\":{\"@id\":\"https:\\\/\\\/eldigitaldeasturias.com\\\/radio\\\/#organization\"}}]}\n\t\t<\/script>\n\t\t<!-- All in One SEO Pro -->\r\n\t\t<title>Toni Kroos ve a Alemania fuera de los favoritos para la Eurocopa | El Digital de Asturias<\/title>\n\n","aioseo_head_json":{"title":"Toni Kroos ve a Alemania fuera de los favoritos para la Eurocopa | El Digital de Asturias","description":"Madrid, 6 feb (dpa) \u2013 El centrocampista internacional alem\u00e1n y del Real Madrid Toni Kroos no ve a la selecci\u00f3n de su pa\u00eds entre las favoritas para alzarse con el triunfo en la Eurocopa de este verano, seg\u00fan declar\u00f3 en el programa \"Sportschau Club\" de la televisi\u00f3n p\u00fablica alemana ARD. \"Pero eso no significa nada","canonical_url":"https:\/\/eldigitaldeasturias.com\/radio\/toni-kroos-ve-a-alemania-fuera-de-los-favoritos-para-la-eurocopa\/","robots":"max-image-preview:large","keywords":"noticias","webmasterTools":{"google-site-verification":"UA-38556648-1","miscellaneous":""},"schema":{"@context":"https:\/\/schema.org","@graph":[{"@type":"BreadcrumbList","@id":"https:\/\/eldigitaldeasturias.com\/radio\/toni-kroos-ve-a-alemania-fuera-de-los-favoritos-para-la-eurocopa\/#breadcrumblist","itemListElement":[{"@type":"ListItem","@id":"https:\/\/eldigitaldeasturias.com\/radio#listItem","position":1,"name":"Inicio","item":"https:\/\/eldigitaldeasturias.com\/radio","nextItem":{"@type":"ListItem","@id":"https:\/\/eldigitaldeasturias.com\/radio\/category\/noticias\/#listItem","name":"Noticias"}},{"@type":"ListItem","@id":"https:\/\/eldigitaldeasturias.com\/radio\/category\/noticias\/#listItem","position":2,"name":"Noticias","item":"https:\/\/eldigitaldeasturias.com\/radio\/category\/noticias\/","nextItem":{"@type":"ListItem","@id":"https:\/\/eldigitaldeasturias.com\/radio\/toni-kroos-ve-a-alemania-fuera-de-los-favoritos-para-la-eurocopa\/#listItem","name":"Toni Kroos ve a Alemania fuera de los favoritos para la Eurocopa"},"previousItem":{"@type":"ListItem","@id":"https:\/\/eldigitaldeasturias.com\/radio#listItem","name":"Inicio"}},{"@type":"ListItem","@id":"https:\/\/eldigitaldeasturias.com\/radio\/toni-kroos-ve-a-alemania-fuera-de-los-favoritos-para-la-eurocopa\/#listItem","position":3,"name":"Toni Kroos ve a Alemania fuera de los favoritos para la Eurocopa","previousItem":{"@type":"ListItem","@id":"https:\/\/eldigitaldeasturias.com\/radio\/category\/noticias\/#listItem","name":"Noticias"}}]},{"@type":"NewsArticle","@id":"https:\/\/eldigitaldeasturias.com\/radio\/toni-kroos-ve-a-alemania-fuera-de-los-favoritos-para-la-eurocopa\/#newsarticle","name":"Toni Kroos ve a Alemania fuera de los favoritos para la Eurocopa | El Digital de Asturias","headline":"Toni Kroos ve a Alemania fuera de los favoritos para la Eurocopa","author":{"@id":"https:\/\/eldigitaldeasturias.com\/radio\/author\/nbasturias\/#author"},"publisher":{"@id":"https:\/\/eldigitaldeasturias.com\/radio\/#organization"},"image":{"@type":"ImageObject","url":"https:\/\/eldigitaldeasturias.com\/radio\/wp-content\/uploads\/2020\/02\/Toni-Kroos-dpa.jpg","width":948,"height":665,"caption":"Foto: Uwe Anspach\/dpa"},"datePublished":"2020-02-08T20:53:33+01:00","dateModified":"2020-02-08T20:53:33+01:00","inLanguage":"es-ES","mainEntityOfPage":{"@id":"https:\/\/eldigitaldeasturias.com\/radio\/toni-kroos-ve-a-alemania-fuera-de-los-favoritos-para-la-eurocopa\/#webpage"},"isPartOf":{"@id":"https:\/\/eldigitaldeasturias.com\/radio\/toni-kroos-ve-a-alemania-fuera-de-los-favoritos-para-la-eurocopa\/#webpage"},"articleSection":"Noticias","dateline":"Publicado el febrero 8, 2020."},{"@type":"Organization","@id":"https:\/\/eldigitaldeasturias.com\/radio\/#organization","name":"El digital de Asturias Radio","description":"Diario de informaci\u00f3n y noticias","url":"https:\/\/eldigitaldeasturias.com\/radio\/","telephone":"+34652131393","logo":{"@type":"ImageObject","url":"https:\/\/www.eldigitaldeasturias.com\/radio\/wp-content\/uploads\/2021\/03\/EDA.jpg","@id":"https:\/\/eldigitaldeasturias.com\/radio\/toni-kroos-ve-a-alemania-fuera-de-los-favoritos-para-la-eurocopa\/#organizationLogo"},"image":{"@id":"https:\/\/eldigitaldeasturias.com\/radio\/toni-kroos-ve-a-alemania-fuera-de-los-favoritos-para-la-eurocopa\/#organizationLogo"},"sameAs":["https:\/\/www.facebook.com\/","https:\/\/x.com\/bercodi","https:\/\/www.instagram.com\/","https:\/\/www.youtube.com\/channel\/UCZP-2wLEB9Rv6erhFmqVnvg"]},{"@type":"Person","@id":"https:\/\/eldigitaldeasturias.com\/radio\/author\/nbasturias\/#author","url":"https:\/\/eldigitaldeasturias.com\/radio\/author\/nbasturias\/","name":"NBAsturias","image":{"@type":"ImageObject","@id":"https:\/\/eldigitaldeasturias.com\/radio\/toni-kroos-ve-a-alemania-fuera-de-los-favoritos-para-la-eurocopa\/#authorImage","url":"https:\/\/secure.gravatar.com\/avatar\/df2aeffc32bcd13f8d26072ef8a91b623d677766deac7f97ca815868cd41bf5e?s=96&d=mm&r=g","width":96,"height":96,"caption":"NBAsturias"}},{"@type":"WebPage","@id":"https:\/\/eldigitaldeasturias.com\/radio\/toni-kroos-ve-a-alemania-fuera-de-los-favoritos-para-la-eurocopa\/#webpage","url":"https:\/\/eldigitaldeasturias.com\/radio\/toni-kroos-ve-a-alemania-fuera-de-los-favoritos-para-la-eurocopa\/","name":"Toni Kroos ve a Alemania fuera de los favoritos para la Eurocopa | El Digital de Asturias","description":"Madrid, 6 feb (dpa) \u2013 El centrocampista internacional alem\u00e1n y del Real Madrid Toni Kroos no ve a la selecci\u00f3n de su pa\u00eds entre las favoritas para alzarse con el triunfo en la Eurocopa de este verano, seg\u00fan declar\u00f3 en el programa \"Sportschau Club\" de la televisi\u00f3n p\u00fablica alemana ARD. \"Pero eso no significa nada","inLanguage":"es-ES","isPartOf":{"@id":"https:\/\/eldigitaldeasturias.com\/radio\/#website"},"breadcrumb":{"@id":"https:\/\/eldigitaldeasturias.com\/radio\/toni-kroos-ve-a-alemania-fuera-de-los-favoritos-para-la-eurocopa\/#breadcrumblist"},"author":{"@id":"https:\/\/eldigitaldeasturias.com\/radio\/author\/nbasturias\/#author"},"creator":{"@id":"https:\/\/eldigitaldeasturias.com\/radio\/author\/nbasturias\/#author"},"image":{"@type":"ImageObject","url":"https:\/\/eldigitaldeasturias.com\/radio\/wp-content\/uploads\/2020\/02\/Toni-Kroos-dpa.jpg","@id":"https:\/\/eldigitaldeasturias.com\/radio\/toni-kroos-ve-a-alemania-fuera-de-los-favoritos-para-la-eurocopa\/#mainImage","width":948,"height":665,"caption":"Foto: Uwe Anspach\/dpa"},"primaryImageOfPage":{"@id":"https:\/\/eldigitaldeasturias.com\/radio\/toni-kroos-ve-a-alemania-fuera-de-los-favoritos-para-la-eurocopa\/#mainImage"},"datePublished":"2020-02-08T20:53:33+01:00","dateModified":"2020-02-08T20:53:33+01:00"},{"@type":"WebSite","@id":"https:\/\/eldigitaldeasturias.com\/radio\/#website","url":"https:\/\/eldigitaldeasturias.com\/radio\/","name":"El Digital de Asturias","description":"Diario de informaci\u00f3n y noticias","inLanguage":"es-ES","publisher":{"@id":"https:\/\/eldigitaldeasturias.com\/radio\/#organization"}}]},"og:locale":"es_ES","og:site_name":"El Digital de Asturias | Diario de informaci\u00f3n y noticias","og:type":"article","og:title":"Toni Kroos ve a Alemania fuera de los favoritos para la Eurocopa | El Digital de Asturias","og:description":"Madrid, 6 feb (dpa) \u2013 El centrocampista internacional alem\u00e1n y del Real Madrid Toni Kroos no ve a la selecci\u00f3n de su pa\u00eds entre las favoritas para alzarse con el triunfo en la Eurocopa de este verano, seg\u00fan declar\u00f3 en el programa &quot;Sportschau Club&quot; de la televisi\u00f3n p\u00fablica alemana ARD. &quot;Pero eso no significa nada","og:url":"https:\/\/eldigitaldeasturias.com\/radio\/toni-kroos-ve-a-alemania-fuera-de-los-favoritos-para-la-eurocopa\/","og:image":"https:\/\/eldigitaldeasturias.com\/radio\/wp-content\/uploads\/2020\/02\/Toni-Kroos-dpa.jpg","og:image:secure_url":"https:\/\/eldigitaldeasturias.com\/radio\/wp-content\/uploads\/2020\/02\/Toni-Kroos-dpa.jpg","og:image:width":948,"og:image:height":665,"article:published_time":"2020-02-08T20:53:33+00:00","article:modified_time":"2020-02-08T20:53:33+00:00","twitter:card":"summary_large_image","twitter:site":"@bercodi","twitter:title":"Toni Kroos ve a Alemania fuera de los favoritos para la Eurocopa | El Digital de Asturias","twitter:description":"Madrid, 6 feb (dpa) \u2013 El centrocampista internacional alem\u00e1n y del Real Madrid Toni Kroos no ve a la selecci\u00f3n de su pa\u00eds entre las favoritas para alzarse con el triunfo en la Eurocopa de este verano, seg\u00fan declar\u00f3 en el programa &quot;Sportschau Club&quot; de la televisi\u00f3n p\u00fablica alemana ARD. &quot;Pero eso no significa nada","twitter:creator":"@bercodi","twitter:image":"https:\/\/eldigitaldeasturias.com\/radio\/wp-content\/uploads\/2020\/02\/Toni-Kroos-dpa.jpg"},"aioseo_meta_data":{"post_id":"3873","title":null,"description":null,"keywords":null,"keyphrases":null,"primary_term":null,"canonical_url":null,"og_title":null,"og_description":null,"og_object_type":"default","og_image_type":"default","og_image_url":null,"og_image_width":null,"og_image_height":null,"og_image_custom_url":null,"og_image_custom_fields":null,"og_video":null,"og_custom_url":null,"og_article_section":null,"og_article_tags":null,"twitter_use_og":false,"twitter_card":"default","twitter_image_type":"default","twitter_image_url":null,"twitter_image_custom_url":null,"twitter_image_custom_fields":null,"twitter_title":null,"twitter_description":null,"schema":{"blockGraphs":[],"customGraphs":[],"default":{"data":{"Article":[],"Course":[],"Dataset":[],"FAQPage":[],"Movie":[],"Person":[],"Product":[],"ProductReview":[],"Car":[],"Recipe":[],"Service":[],"SoftwareApplication":[],"WebPage":[]},"graphName":"","isEnabled":true},"graphs":[],"defaultGraph":"","defaultPostTypeGraph":""},"schema_type":null,"schema_type_options":null,"pillar_content":false,"robots_default":true,"robots_noindex":false,"robots_noarchive":false,"robots_nosnippet":false,"robots_nofollow":false,"robots_noimageindex":false,"robots_noodp":false,"robots_notranslate":false,"robots_max_snippet":null,"robots_max_videopreview":null,"robots_max_imagepreview":"large","priority":null,"frequency":null,"location":null,"local_seo":null,"seo_analyzer_scan_date":"2025-08-28 14:58:37","breadcrumb_settings":null,"limit_modified_date":false,"open_ai":null,"ai":null,"created":"2021-03-28 22:45:09","updated":"2025-08-28 14:58:37"},"aioseo_breadcrumb":"<div class=\"aioseo-breadcrumbs\"><span class=\"aioseo-breadcrumb\">\n\t<a href=\"https:\/\/eldigitaldeasturias.com\/radio\" title=\"Inicio\">Inicio<\/a>\n<\/span><span class=\"aioseo-breadcrumb-separator\">&ndash;<\/span><span class=\"aioseo-breadcrumb\">\n\t<a href=\"https:\/\/eldigitaldeasturias.com\/radio\/category\/noticias\/\" title=\"Noticias\">Noticias<\/a>\n<\/span><span class=\"aioseo-breadcrumb-separator\">&ndash;<\/span><span class=\"aioseo-breadcrumb\">\n\tToni Kroos ve a Alemania fuera de los favoritos para la Eurocopa\n<\/span><\/div>","aioseo_breadcrumb_json":[{"label":"Inicio","link":"https:\/\/eldigitaldeasturias.com\/radio"},{"label":"Noticias","link":"https:\/\/eldigitaldeasturias.com\/radio\/category\/noticias\/"},{"label":"Toni Kroos ve a Alemania fuera de los favoritos para la Eurocopa","link":"https:\/\/eldigitaldeasturias.com\/radio\/toni-kroos-ve-a-alemania-fuera-de-los-favoritos-para-la-eurocopa\/"}],"_links":{"self":[{"href":"https:\/\/eldigitaldeasturias.com\/radio\/wp-json\/wp\/v2\/posts\/3873","targetHints":{"allow":["GET"]}}],"collection":[{"href":"https:\/\/eldigitaldeasturias.com\/radio\/wp-json\/wp\/v2\/posts"}],"about":[{"href":"https:\/\/eldigitaldeasturias.com\/radio\/wp-json\/wp\/v2\/types\/post"}],"author":[{"embeddable":true,"href":"https:\/\/eldigitaldeasturias.com\/radio\/wp-json\/wp\/v2\/users\/1"}],"replies":[{"embeddable":true,"href":"https:\/\/eldigitaldeasturias.com\/radio\/wp-json\/wp\/v2\/comments?post=3873"}],"version-history":[{"count":0,"href":"https:\/\/eldigitaldeasturias.com\/radio\/wp-json\/wp\/v2\/posts\/3873\/revisions"}],"wp:featuredmedia":[{"embeddable":true,"href":"https:\/\/eldigitaldeasturias.com\/radio\/wp-json\/wp\/v2\/media\/3874"}],"wp:attachment":[{"href":"https:\/\/eldigitaldeasturias.com\/radio\/wp-json\/wp\/v2\/media?parent=3873"}],"wp:term":[{"taxonomy":"category","embeddable":true,"href":"https:\/\/eldigitaldeasturias.com\/radio\/wp-json\/wp\/v2\/categories?post=3873"},{"taxonomy":"post_tag","embeddable":true,"href":"https:\/\/eldigitaldeasturias.com\/radio\/wp-json\/wp\/v2\/tags?post=3873"}],"curies":[{"name":"wp","href":"https:\/\/api.w.org\/{rel}","templated":true}]}}