{"id":3870,"date":"2020-02-08T20:51:10","date_gmt":"2020-02-08T20:51:10","guid":{"rendered":"http:\/\/www.eldigitaldeasturias.com\/radio\/?p=3870"},"modified":"2020-02-08T20:51:10","modified_gmt":"2020-02-08T20:51:10","slug":"presidente-del-schalke-confirma-voluntad-de-aclarar-caso-de-racismo","status":"publish","type":"post","link":"https:\/\/eldigitaldeasturias.com\/radio\/presidente-del-schalke-confirma-voluntad-de-aclarar-caso-de-racismo\/","title":{"rendered":"Presidente del Schalke confirma voluntad de aclarar caso de racismo"},"content":{"rendered":"<figure id=\"attachment_3871\" aria-describedby=\"caption-attachment-3871\" style=\"width: 360px\" class=\"wp-caption alignleft\"><img fetchpriority=\"high\" decoding=\"async\" class=\"wp-image-3871 size-medium\" src=\"http:\/\/www.eldigitaldeasturias.com\/radio\/wp-content\/uploads\/2020\/02\/Jordan-Torunarigha-dpa-360x254.jpg\" alt=\"\" width=\"360\" height=\"254\" srcset=\"https:\/\/eldigitaldeasturias.com\/radio\/wp-content\/uploads\/2020\/02\/Jordan-Torunarigha-dpa-360x254.jpg 360w, https:\/\/eldigitaldeasturias.com\/radio\/wp-content\/uploads\/2020\/02\/Jordan-Torunarigha-dpa-768x542.jpg 768w, https:\/\/eldigitaldeasturias.com\/radio\/wp-content\/uploads\/2020\/02\/Jordan-Torunarigha-dpa.jpg 947w\" sizes=\"(max-width: 360px) 100vw, 360px\" \/><figcaption id=\"caption-attachment-3871\" class=\"wp-caption-text\">Foto: Rolf Vennenbernd\/dpa<\/figcaption><\/figure>\n<p>Gelsenkirchen (Alemania), 6 feb (dpa) &#8211; Las acusaciones de racismo contra la afici\u00f3n del Schalke 04 en un partido de Copa frente al Hertha Berl\u00edn llevaron al presidente del consejo de administraci\u00f3n del club, Clemens T\u00f6nnies, a expresar su voluntad de aclarar el caso en declaraciones que publica hoy el diario \u00abBild\u00bb.<\/p>\n<p>T\u00f6nnies dijo que el consejo de administraci\u00f3n y el entrenador lo expresaron con total correcci\u00f3n y que solo pod\u00eda respaldar el comunicado del club. \u00abHaremos todo lo que est\u00e9 a nuestro alcance para aclarar el asunto\u00bb, advirti\u00f3.<\/p>\n<p>En el partido de octavos de final de la Copa Alemana entre el Schalke y el Hertha, disputado el martes, algunos aficionados del equipo local imitaron gru\u00f1idos de mono dedicados a varios jugadores del equipo visitante, especialmente al internacional juvenil alem\u00e1n Jordan Torunarigha.<\/p>\n<p>En un comunicado del club, el Schalke afirm\u00f3 que se tomar\u00eda muy en serio las denuncias del jugador sobre \u00abgritos y sonidos racistas dirigidos a \u00e9l\u00bb y que revisar\u00eda el caso junto con la polic\u00eda, entre otras instancias.<\/p>\n<p>Con anterioridad, la comisi\u00f3n de \u00e9tica de la Federaci\u00f3n Alemana de F\u00fatbol (DFB) consider\u00f3 unas declaraciones de T\u00f6nnies sobre \u00c1frica, efectuadas en julio pasado, como racistas.<\/p>\n<p>El Consejo de Honor del Schalke decidi\u00f3 entonces que el directivo y empresario sel sector c\u00e1rnico fuera relevado de su cargo durante tres meses. Una vez cumplida la sanci\u00f3n, T\u00f6nnies asegur\u00f3 que sus declaraciones fueron un \u00aberror\u00bb.<\/p>\n<p>&nbsp;<\/p>\n","protected":false},"excerpt":{"rendered":"<p>Gelsenkirchen (Alemania), 6 feb (dpa) &#8211; Las acusaciones de racismo contra la afici\u00f3n del Schalke 04 en un partido de Copa frente al Hertha Berl\u00edn llevaron al presidente del consejo de administraci\u00f3n del club, Clemens T\u00f6nnies, a expresar su voluntad de aclarar el caso en declaraciones que publica hoy el diario \u00abBild\u00bb. T\u00f6nnies dijo que<\/p>\n","protected":false},"author":1,"featured_media":3871,"comment_status":"closed","ping_status":"closed","sticky":false,"template":"","format":"standard","meta":{"footnotes":""},"categories":[1],"tags":[],"class_list":{"0":"post-3870","1":"post","2":"type-post","3":"status-publish","4":"format-standard","5":"has-post-thumbnail","7":"category-noticias"},"aioseo_notices":[],"aioseo_head":"\n\t\t<!-- All in One SEO Pro 4.9.6.2 - aioseo.com -->\n\t<meta name=\"description\" content=\"Gelsenkirchen (Alemania), 6 feb (dpa) - Las acusaciones de racismo contra la afici\u00f3n del Schalke 04 en un partido de Copa frente al Hertha Berl\u00edn llevaron al presidente del consejo de administraci\u00f3n del club, Clemens T\u00f6nnies, a expresar su voluntad de aclarar el caso en declaraciones que publica hoy el diario &quot;Bild&quot;. T\u00f6nnies dijo que\" \/>\n\t<meta name=\"robots\" content=\"max-image-preview:large\" \/>\n\t<meta name=\"author\" content=\"NBAsturias\"\/>\n\t<meta name=\"google-site-verification\" content=\"UA-38556648-1\" \/>\n\t<meta name=\"keywords\" content=\"noticias\" \/>\n\t<link rel=\"canonical\" href=\"https:\/\/eldigitaldeasturias.com\/radio\/presidente-del-schalke-confirma-voluntad-de-aclarar-caso-de-racismo\/\" \/>\n\t<meta name=\"generator\" content=\"All in One SEO Pro (AIOSEO) 4.9.6.2\" \/>\n\t\t<meta property=\"og:locale\" content=\"es_ES\" \/>\n\t\t<meta property=\"og:site_name\" content=\"El Digital de Asturias | Diario de informaci\u00f3n y noticias\" \/>\n\t\t<meta property=\"og:type\" content=\"article\" \/>\n\t\t<meta property=\"og:title\" content=\"Presidente del Schalke confirma voluntad de aclarar caso de racismo | El Digital de Asturias\" \/>\n\t\t<meta property=\"og:description\" content=\"Gelsenkirchen (Alemania), 6 feb (dpa) - Las acusaciones de racismo contra la afici\u00f3n del Schalke 04 en un partido de Copa frente al Hertha Berl\u00edn llevaron al presidente del consejo de administraci\u00f3n del club, Clemens T\u00f6nnies, a expresar su voluntad de aclarar el caso en declaraciones que publica hoy el diario &quot;Bild&quot;. T\u00f6nnies dijo que\" \/>\n\t\t<meta property=\"og:url\" content=\"https:\/\/eldigitaldeasturias.com\/radio\/presidente-del-schalke-confirma-voluntad-de-aclarar-caso-de-racismo\/\" \/>\n\t\t<meta property=\"og:image\" content=\"https:\/\/eldigitaldeasturias.com\/radio\/wp-content\/uploads\/2020\/02\/Jordan-Torunarigha-dpa.jpg\" \/>\n\t\t<meta property=\"og:image:secure_url\" content=\"https:\/\/eldigitaldeasturias.com\/radio\/wp-content\/uploads\/2020\/02\/Jordan-Torunarigha-dpa.jpg\" \/>\n\t\t<meta property=\"og:image:width\" content=\"947\" \/>\n\t\t<meta property=\"og:image:height\" content=\"668\" \/>\n\t\t<meta property=\"article:published_time\" content=\"2020-02-08T20:51:10+00:00\" \/>\n\t\t<meta property=\"article:modified_time\" content=\"2020-02-08T20:51:10+00:00\" \/>\n\t\t<meta name=\"twitter:card\" content=\"summary_large_image\" \/>\n\t\t<meta name=\"twitter:site\" content=\"@bercodi\" \/>\n\t\t<meta name=\"twitter:title\" content=\"Presidente del Schalke confirma voluntad de aclarar caso de racismo | El Digital de Asturias\" \/>\n\t\t<meta name=\"twitter:description\" content=\"Gelsenkirchen (Alemania), 6 feb (dpa) - Las acusaciones de racismo contra la afici\u00f3n del Schalke 04 en un partido de Copa frente al Hertha Berl\u00edn llevaron al presidente del consejo de administraci\u00f3n del club, Clemens T\u00f6nnies, a expresar su voluntad de aclarar el caso en declaraciones que publica hoy el diario &quot;Bild&quot;. T\u00f6nnies dijo que\" \/>\n\t\t<meta name=\"twitter:creator\" content=\"@bercodi\" \/>\n\t\t<meta name=\"twitter:image\" content=\"https:\/\/eldigitaldeasturias.com\/radio\/wp-content\/uploads\/2020\/02\/Jordan-Torunarigha-dpa.jpg\" \/>\n\t\t<script type=\"application\/ld+json\" class=\"aioseo-schema\">\n\t\t\t{\"@context\":\"https:\\\/\\\/schema.org\",\"@graph\":[{\"@type\":\"BreadcrumbList\",\"@id\":\"https:\\\/\\\/eldigitaldeasturias.com\\\/radio\\\/presidente-del-schalke-confirma-voluntad-de-aclarar-caso-de-racismo\\\/#breadcrumblist\",\"itemListElement\":[{\"@type\":\"ListItem\",\"@id\":\"https:\\\/\\\/eldigitaldeasturias.com\\\/radio#listItem\",\"position\":1,\"name\":\"Inicio\",\"item\":\"https:\\\/\\\/eldigitaldeasturias.com\\\/radio\",\"nextItem\":{\"@type\":\"ListItem\",\"@id\":\"https:\\\/\\\/eldigitaldeasturias.com\\\/radio\\\/category\\\/noticias\\\/#listItem\",\"name\":\"Noticias\"}},{\"@type\":\"ListItem\",\"@id\":\"https:\\\/\\\/eldigitaldeasturias.com\\\/radio\\\/category\\\/noticias\\\/#listItem\",\"position\":2,\"name\":\"Noticias\",\"item\":\"https:\\\/\\\/eldigitaldeasturias.com\\\/radio\\\/category\\\/noticias\\\/\",\"nextItem\":{\"@type\":\"ListItem\",\"@id\":\"https:\\\/\\\/eldigitaldeasturias.com\\\/radio\\\/presidente-del-schalke-confirma-voluntad-de-aclarar-caso-de-racismo\\\/#listItem\",\"name\":\"Presidente del Schalke confirma voluntad de aclarar caso de racismo\"},\"previousItem\":{\"@type\":\"ListItem\",\"@id\":\"https:\\\/\\\/eldigitaldeasturias.com\\\/radio#listItem\",\"name\":\"Inicio\"}},{\"@type\":\"ListItem\",\"@id\":\"https:\\\/\\\/eldigitaldeasturias.com\\\/radio\\\/presidente-del-schalke-confirma-voluntad-de-aclarar-caso-de-racismo\\\/#listItem\",\"position\":3,\"name\":\"Presidente del Schalke confirma voluntad de aclarar caso de racismo\",\"previousItem\":{\"@type\":\"ListItem\",\"@id\":\"https:\\\/\\\/eldigitaldeasturias.com\\\/radio\\\/category\\\/noticias\\\/#listItem\",\"name\":\"Noticias\"}}]},{\"@type\":\"NewsArticle\",\"@id\":\"https:\\\/\\\/eldigitaldeasturias.com\\\/radio\\\/presidente-del-schalke-confirma-voluntad-de-aclarar-caso-de-racismo\\\/#newsarticle\",\"name\":\"Presidente del Schalke confirma voluntad de aclarar caso de racismo | El Digital de Asturias\",\"headline\":\"Presidente del Schalke confirma voluntad de aclarar caso de racismo\",\"author\":{\"@id\":\"https:\\\/\\\/eldigitaldeasturias.com\\\/radio\\\/author\\\/nbasturias\\\/#author\"},\"publisher\":{\"@id\":\"https:\\\/\\\/eldigitaldeasturias.com\\\/radio\\\/#organization\"},\"image\":{\"@type\":\"ImageObject\",\"url\":\"https:\\\/\\\/eldigitaldeasturias.com\\\/radio\\\/wp-content\\\/uploads\\\/2020\\\/02\\\/Jordan-Torunarigha-dpa.jpg\",\"width\":947,\"height\":668,\"caption\":\"Foto: Rolf Vennenbernd\\\/dpa\"},\"datePublished\":\"2020-02-08T20:51:10+01:00\",\"dateModified\":\"2020-02-08T20:51:10+01:00\",\"inLanguage\":\"es-ES\",\"mainEntityOfPage\":{\"@id\":\"https:\\\/\\\/eldigitaldeasturias.com\\\/radio\\\/presidente-del-schalke-confirma-voluntad-de-aclarar-caso-de-racismo\\\/#webpage\"},\"isPartOf\":{\"@id\":\"https:\\\/\\\/eldigitaldeasturias.com\\\/radio\\\/presidente-del-schalke-confirma-voluntad-de-aclarar-caso-de-racismo\\\/#webpage\"},\"articleSection\":\"Noticias\",\"dateline\":\"Publicado el febrero 8, 2020.\"},{\"@type\":\"Organization\",\"@id\":\"https:\\\/\\\/eldigitaldeasturias.com\\\/radio\\\/#organization\",\"name\":\"El digital de Asturias Radio\",\"description\":\"Diario de informaci\\u00f3n y noticias\",\"url\":\"https:\\\/\\\/eldigitaldeasturias.com\\\/radio\\\/\",\"telephone\":\"+34652131393\",\"logo\":{\"@type\":\"ImageObject\",\"url\":\"https:\\\/\\\/www.eldigitaldeasturias.com\\\/radio\\\/wp-content\\\/uploads\\\/2021\\\/03\\\/EDA.jpg\",\"@id\":\"https:\\\/\\\/eldigitaldeasturias.com\\\/radio\\\/presidente-del-schalke-confirma-voluntad-de-aclarar-caso-de-racismo\\\/#organizationLogo\"},\"image\":{\"@id\":\"https:\\\/\\\/eldigitaldeasturias.com\\\/radio\\\/presidente-del-schalke-confirma-voluntad-de-aclarar-caso-de-racismo\\\/#organizationLogo\"},\"sameAs\":[\"https:\\\/\\\/www.facebook.com\\\/\",\"https:\\\/\\\/x.com\\\/bercodi\",\"https:\\\/\\\/www.instagram.com\\\/\",\"https:\\\/\\\/www.youtube.com\\\/channel\\\/UCZP-2wLEB9Rv6erhFmqVnvg\"]},{\"@type\":\"Person\",\"@id\":\"https:\\\/\\\/eldigitaldeasturias.com\\\/radio\\\/author\\\/nbasturias\\\/#author\",\"url\":\"https:\\\/\\\/eldigitaldeasturias.com\\\/radio\\\/author\\\/nbasturias\\\/\",\"name\":\"NBAsturias\",\"image\":{\"@type\":\"ImageObject\",\"@id\":\"https:\\\/\\\/eldigitaldeasturias.com\\\/radio\\\/presidente-del-schalke-confirma-voluntad-de-aclarar-caso-de-racismo\\\/#authorImage\",\"url\":\"https:\\\/\\\/secure.gravatar.com\\\/avatar\\\/df2aeffc32bcd13f8d26072ef8a91b623d677766deac7f97ca815868cd41bf5e?s=96&d=mm&r=g\",\"width\":96,\"height\":96,\"caption\":\"NBAsturias\"}},{\"@type\":\"WebPage\",\"@id\":\"https:\\\/\\\/eldigitaldeasturias.com\\\/radio\\\/presidente-del-schalke-confirma-voluntad-de-aclarar-caso-de-racismo\\\/#webpage\",\"url\":\"https:\\\/\\\/eldigitaldeasturias.com\\\/radio\\\/presidente-del-schalke-confirma-voluntad-de-aclarar-caso-de-racismo\\\/\",\"name\":\"Presidente del Schalke confirma voluntad de aclarar caso de racismo | El Digital de Asturias\",\"description\":\"Gelsenkirchen (Alemania), 6 feb (dpa) - Las acusaciones de racismo contra la afici\\u00f3n del Schalke 04 en un partido de Copa frente al Hertha Berl\\u00edn llevaron al presidente del consejo de administraci\\u00f3n del club, Clemens T\\u00f6nnies, a expresar su voluntad de aclarar el caso en declaraciones que publica hoy el diario \\\"Bild\\\". T\\u00f6nnies dijo que\",\"inLanguage\":\"es-ES\",\"isPartOf\":{\"@id\":\"https:\\\/\\\/eldigitaldeasturias.com\\\/radio\\\/#website\"},\"breadcrumb\":{\"@id\":\"https:\\\/\\\/eldigitaldeasturias.com\\\/radio\\\/presidente-del-schalke-confirma-voluntad-de-aclarar-caso-de-racismo\\\/#breadcrumblist\"},\"author\":{\"@id\":\"https:\\\/\\\/eldigitaldeasturias.com\\\/radio\\\/author\\\/nbasturias\\\/#author\"},\"creator\":{\"@id\":\"https:\\\/\\\/eldigitaldeasturias.com\\\/radio\\\/author\\\/nbasturias\\\/#author\"},\"image\":{\"@type\":\"ImageObject\",\"url\":\"https:\\\/\\\/eldigitaldeasturias.com\\\/radio\\\/wp-content\\\/uploads\\\/2020\\\/02\\\/Jordan-Torunarigha-dpa.jpg\",\"@id\":\"https:\\\/\\\/eldigitaldeasturias.com\\\/radio\\\/presidente-del-schalke-confirma-voluntad-de-aclarar-caso-de-racismo\\\/#mainImage\",\"width\":947,\"height\":668,\"caption\":\"Foto: Rolf Vennenbernd\\\/dpa\"},\"primaryImageOfPage\":{\"@id\":\"https:\\\/\\\/eldigitaldeasturias.com\\\/radio\\\/presidente-del-schalke-confirma-voluntad-de-aclarar-caso-de-racismo\\\/#mainImage\"},\"datePublished\":\"2020-02-08T20:51:10+01:00\",\"dateModified\":\"2020-02-08T20:51:10+01:00\"},{\"@type\":\"WebSite\",\"@id\":\"https:\\\/\\\/eldigitaldeasturias.com\\\/radio\\\/#website\",\"url\":\"https:\\\/\\\/eldigitaldeasturias.com\\\/radio\\\/\",\"name\":\"El Digital de Asturias\",\"description\":\"Diario de informaci\\u00f3n y noticias\",\"inLanguage\":\"es-ES\",\"publisher\":{\"@id\":\"https:\\\/\\\/eldigitaldeasturias.com\\\/radio\\\/#organization\"}}]}\n\t\t<\/script>\n\t\t<!-- All in One SEO Pro -->\r\n\t\t<title>Presidente del Schalke confirma voluntad de aclarar caso de racismo | El Digital de Asturias<\/title>\n\n","aioseo_head_json":{"title":"Presidente del Schalke confirma voluntad de aclarar caso de racismo | El Digital de Asturias","description":"Gelsenkirchen (Alemania), 6 feb (dpa) - Las acusaciones de racismo contra la afici\u00f3n del Schalke 04 en un partido de Copa frente al Hertha Berl\u00edn llevaron al presidente del consejo de administraci\u00f3n del club, Clemens T\u00f6nnies, a expresar su voluntad de aclarar el caso en declaraciones que publica hoy el diario \"Bild\". T\u00f6nnies dijo que","canonical_url":"https:\/\/eldigitaldeasturias.com\/radio\/presidente-del-schalke-confirma-voluntad-de-aclarar-caso-de-racismo\/","robots":"max-image-preview:large","keywords":"noticias","webmasterTools":{"google-site-verification":"UA-38556648-1","miscellaneous":""},"schema":{"@context":"https:\/\/schema.org","@graph":[{"@type":"BreadcrumbList","@id":"https:\/\/eldigitaldeasturias.com\/radio\/presidente-del-schalke-confirma-voluntad-de-aclarar-caso-de-racismo\/#breadcrumblist","itemListElement":[{"@type":"ListItem","@id":"https:\/\/eldigitaldeasturias.com\/radio#listItem","position":1,"name":"Inicio","item":"https:\/\/eldigitaldeasturias.com\/radio","nextItem":{"@type":"ListItem","@id":"https:\/\/eldigitaldeasturias.com\/radio\/category\/noticias\/#listItem","name":"Noticias"}},{"@type":"ListItem","@id":"https:\/\/eldigitaldeasturias.com\/radio\/category\/noticias\/#listItem","position":2,"name":"Noticias","item":"https:\/\/eldigitaldeasturias.com\/radio\/category\/noticias\/","nextItem":{"@type":"ListItem","@id":"https:\/\/eldigitaldeasturias.com\/radio\/presidente-del-schalke-confirma-voluntad-de-aclarar-caso-de-racismo\/#listItem","name":"Presidente del Schalke confirma voluntad de aclarar caso de racismo"},"previousItem":{"@type":"ListItem","@id":"https:\/\/eldigitaldeasturias.com\/radio#listItem","name":"Inicio"}},{"@type":"ListItem","@id":"https:\/\/eldigitaldeasturias.com\/radio\/presidente-del-schalke-confirma-voluntad-de-aclarar-caso-de-racismo\/#listItem","position":3,"name":"Presidente del Schalke confirma voluntad de aclarar caso de racismo","previousItem":{"@type":"ListItem","@id":"https:\/\/eldigitaldeasturias.com\/radio\/category\/noticias\/#listItem","name":"Noticias"}}]},{"@type":"NewsArticle","@id":"https:\/\/eldigitaldeasturias.com\/radio\/presidente-del-schalke-confirma-voluntad-de-aclarar-caso-de-racismo\/#newsarticle","name":"Presidente del Schalke confirma voluntad de aclarar caso de racismo | El Digital de Asturias","headline":"Presidente del Schalke confirma voluntad de aclarar caso de racismo","author":{"@id":"https:\/\/eldigitaldeasturias.com\/radio\/author\/nbasturias\/#author"},"publisher":{"@id":"https:\/\/eldigitaldeasturias.com\/radio\/#organization"},"image":{"@type":"ImageObject","url":"https:\/\/eldigitaldeasturias.com\/radio\/wp-content\/uploads\/2020\/02\/Jordan-Torunarigha-dpa.jpg","width":947,"height":668,"caption":"Foto: Rolf Vennenbernd\/dpa"},"datePublished":"2020-02-08T20:51:10+01:00","dateModified":"2020-02-08T20:51:10+01:00","inLanguage":"es-ES","mainEntityOfPage":{"@id":"https:\/\/eldigitaldeasturias.com\/radio\/presidente-del-schalke-confirma-voluntad-de-aclarar-caso-de-racismo\/#webpage"},"isPartOf":{"@id":"https:\/\/eldigitaldeasturias.com\/radio\/presidente-del-schalke-confirma-voluntad-de-aclarar-caso-de-racismo\/#webpage"},"articleSection":"Noticias","dateline":"Publicado el febrero 8, 2020."},{"@type":"Organization","@id":"https:\/\/eldigitaldeasturias.com\/radio\/#organization","name":"El digital de Asturias Radio","description":"Diario de informaci\u00f3n y noticias","url":"https:\/\/eldigitaldeasturias.com\/radio\/","telephone":"+34652131393","logo":{"@type":"ImageObject","url":"https:\/\/www.eldigitaldeasturias.com\/radio\/wp-content\/uploads\/2021\/03\/EDA.jpg","@id":"https:\/\/eldigitaldeasturias.com\/radio\/presidente-del-schalke-confirma-voluntad-de-aclarar-caso-de-racismo\/#organizationLogo"},"image":{"@id":"https:\/\/eldigitaldeasturias.com\/radio\/presidente-del-schalke-confirma-voluntad-de-aclarar-caso-de-racismo\/#organizationLogo"},"sameAs":["https:\/\/www.facebook.com\/","https:\/\/x.com\/bercodi","https:\/\/www.instagram.com\/","https:\/\/www.youtube.com\/channel\/UCZP-2wLEB9Rv6erhFmqVnvg"]},{"@type":"Person","@id":"https:\/\/eldigitaldeasturias.com\/radio\/author\/nbasturias\/#author","url":"https:\/\/eldigitaldeasturias.com\/radio\/author\/nbasturias\/","name":"NBAsturias","image":{"@type":"ImageObject","@id":"https:\/\/eldigitaldeasturias.com\/radio\/presidente-del-schalke-confirma-voluntad-de-aclarar-caso-de-racismo\/#authorImage","url":"https:\/\/secure.gravatar.com\/avatar\/df2aeffc32bcd13f8d26072ef8a91b623d677766deac7f97ca815868cd41bf5e?s=96&d=mm&r=g","width":96,"height":96,"caption":"NBAsturias"}},{"@type":"WebPage","@id":"https:\/\/eldigitaldeasturias.com\/radio\/presidente-del-schalke-confirma-voluntad-de-aclarar-caso-de-racismo\/#webpage","url":"https:\/\/eldigitaldeasturias.com\/radio\/presidente-del-schalke-confirma-voluntad-de-aclarar-caso-de-racismo\/","name":"Presidente del Schalke confirma voluntad de aclarar caso de racismo | El Digital de Asturias","description":"Gelsenkirchen (Alemania), 6 feb (dpa) - Las acusaciones de racismo contra la afici\u00f3n del Schalke 04 en un partido de Copa frente al Hertha Berl\u00edn llevaron al presidente del consejo de administraci\u00f3n del club, Clemens T\u00f6nnies, a expresar su voluntad de aclarar el caso en declaraciones que publica hoy el diario \"Bild\". T\u00f6nnies dijo que","inLanguage":"es-ES","isPartOf":{"@id":"https:\/\/eldigitaldeasturias.com\/radio\/#website"},"breadcrumb":{"@id":"https:\/\/eldigitaldeasturias.com\/radio\/presidente-del-schalke-confirma-voluntad-de-aclarar-caso-de-racismo\/#breadcrumblist"},"author":{"@id":"https:\/\/eldigitaldeasturias.com\/radio\/author\/nbasturias\/#author"},"creator":{"@id":"https:\/\/eldigitaldeasturias.com\/radio\/author\/nbasturias\/#author"},"image":{"@type":"ImageObject","url":"https:\/\/eldigitaldeasturias.com\/radio\/wp-content\/uploads\/2020\/02\/Jordan-Torunarigha-dpa.jpg","@id":"https:\/\/eldigitaldeasturias.com\/radio\/presidente-del-schalke-confirma-voluntad-de-aclarar-caso-de-racismo\/#mainImage","width":947,"height":668,"caption":"Foto: Rolf Vennenbernd\/dpa"},"primaryImageOfPage":{"@id":"https:\/\/eldigitaldeasturias.com\/radio\/presidente-del-schalke-confirma-voluntad-de-aclarar-caso-de-racismo\/#mainImage"},"datePublished":"2020-02-08T20:51:10+01:00","dateModified":"2020-02-08T20:51:10+01:00"},{"@type":"WebSite","@id":"https:\/\/eldigitaldeasturias.com\/radio\/#website","url":"https:\/\/eldigitaldeasturias.com\/radio\/","name":"El Digital de Asturias","description":"Diario de informaci\u00f3n y noticias","inLanguage":"es-ES","publisher":{"@id":"https:\/\/eldigitaldeasturias.com\/radio\/#organization"}}]},"og:locale":"es_ES","og:site_name":"El Digital de Asturias | Diario de informaci\u00f3n y noticias","og:type":"article","og:title":"Presidente del Schalke confirma voluntad de aclarar caso de racismo | El Digital de Asturias","og:description":"Gelsenkirchen (Alemania), 6 feb (dpa) - Las acusaciones de racismo contra la afici\u00f3n del Schalke 04 en un partido de Copa frente al Hertha Berl\u00edn llevaron al presidente del consejo de administraci\u00f3n del club, Clemens T\u00f6nnies, a expresar su voluntad de aclarar el caso en declaraciones que publica hoy el diario &quot;Bild&quot;. T\u00f6nnies dijo que","og:url":"https:\/\/eldigitaldeasturias.com\/radio\/presidente-del-schalke-confirma-voluntad-de-aclarar-caso-de-racismo\/","og:image":"https:\/\/eldigitaldeasturias.com\/radio\/wp-content\/uploads\/2020\/02\/Jordan-Torunarigha-dpa.jpg","og:image:secure_url":"https:\/\/eldigitaldeasturias.com\/radio\/wp-content\/uploads\/2020\/02\/Jordan-Torunarigha-dpa.jpg","og:image:width":947,"og:image:height":668,"article:published_time":"2020-02-08T20:51:10+00:00","article:modified_time":"2020-02-08T20:51:10+00:00","twitter:card":"summary_large_image","twitter:site":"@bercodi","twitter:title":"Presidente del Schalke confirma voluntad de aclarar caso de racismo | El Digital de Asturias","twitter:description":"Gelsenkirchen (Alemania), 6 feb (dpa) - Las acusaciones de racismo contra la afici\u00f3n del Schalke 04 en un partido de Copa frente al Hertha Berl\u00edn llevaron al presidente del consejo de administraci\u00f3n del club, Clemens T\u00f6nnies, a expresar su voluntad de aclarar el caso en declaraciones que publica hoy el diario &quot;Bild&quot;. T\u00f6nnies dijo que","twitter:creator":"@bercodi","twitter:image":"https:\/\/eldigitaldeasturias.com\/radio\/wp-content\/uploads\/2020\/02\/Jordan-Torunarigha-dpa.jpg"},"aioseo_meta_data":{"post_id":"3870","title":null,"description":null,"keywords":null,"keyphrases":null,"primary_term":null,"canonical_url":null,"og_title":null,"og_description":null,"og_object_type":"default","og_image_type":"default","og_image_url":null,"og_image_width":null,"og_image_height":null,"og_image_custom_url":null,"og_image_custom_fields":null,"og_video":null,"og_custom_url":null,"og_article_section":null,"og_article_tags":null,"twitter_use_og":false,"twitter_card":"default","twitter_image_type":"default","twitter_image_url":null,"twitter_image_custom_url":null,"twitter_image_custom_fields":null,"twitter_title":null,"twitter_description":null,"schema":{"blockGraphs":[],"customGraphs":[],"default":{"data":{"Article":[],"Course":[],"Dataset":[],"FAQPage":[],"Movie":[],"Person":[],"Product":[],"ProductReview":[],"Car":[],"Recipe":[],"Service":[],"SoftwareApplication":[],"WebPage":[]},"graphName":"","isEnabled":true},"graphs":[],"defaultGraph":"","defaultPostTypeGraph":""},"schema_type":null,"schema_type_options":null,"pillar_content":false,"robots_default":true,"robots_noindex":false,"robots_noarchive":false,"robots_nosnippet":false,"robots_nofollow":false,"robots_noimageindex":false,"robots_noodp":false,"robots_notranslate":false,"robots_max_snippet":null,"robots_max_videopreview":null,"robots_max_imagepreview":"large","priority":null,"frequency":null,"location":null,"local_seo":null,"seo_analyzer_scan_date":"2025-08-28 14:58:35","breadcrumb_settings":null,"limit_modified_date":false,"open_ai":null,"ai":null,"created":"2021-03-28 22:45:09","updated":"2025-08-28 14:58:35"},"aioseo_breadcrumb":"<div class=\"aioseo-breadcrumbs\"><span class=\"aioseo-breadcrumb\">\n\t<a href=\"https:\/\/eldigitaldeasturias.com\/radio\" title=\"Inicio\">Inicio<\/a>\n<\/span><span class=\"aioseo-breadcrumb-separator\">&ndash;<\/span><span class=\"aioseo-breadcrumb\">\n\t<a href=\"https:\/\/eldigitaldeasturias.com\/radio\/category\/noticias\/\" title=\"Noticias\">Noticias<\/a>\n<\/span><span class=\"aioseo-breadcrumb-separator\">&ndash;<\/span><span class=\"aioseo-breadcrumb\">\n\tPresidente del Schalke confirma voluntad de aclarar caso de racismo\n<\/span><\/div>","aioseo_breadcrumb_json":[{"label":"Inicio","link":"https:\/\/eldigitaldeasturias.com\/radio"},{"label":"Noticias","link":"https:\/\/eldigitaldeasturias.com\/radio\/category\/noticias\/"},{"label":"Presidente del Schalke confirma voluntad de aclarar caso de racismo","link":"https:\/\/eldigitaldeasturias.com\/radio\/presidente-del-schalke-confirma-voluntad-de-aclarar-caso-de-racismo\/"}],"_links":{"self":[{"href":"https:\/\/eldigitaldeasturias.com\/radio\/wp-json\/wp\/v2\/posts\/3870","targetHints":{"allow":["GET"]}}],"collection":[{"href":"https:\/\/eldigitaldeasturias.com\/radio\/wp-json\/wp\/v2\/posts"}],"about":[{"href":"https:\/\/eldigitaldeasturias.com\/radio\/wp-json\/wp\/v2\/types\/post"}],"author":[{"embeddable":true,"href":"https:\/\/eldigitaldeasturias.com\/radio\/wp-json\/wp\/v2\/users\/1"}],"replies":[{"embeddable":true,"href":"https:\/\/eldigitaldeasturias.com\/radio\/wp-json\/wp\/v2\/comments?post=3870"}],"version-history":[{"count":0,"href":"https:\/\/eldigitaldeasturias.com\/radio\/wp-json\/wp\/v2\/posts\/3870\/revisions"}],"wp:featuredmedia":[{"embeddable":true,"href":"https:\/\/eldigitaldeasturias.com\/radio\/wp-json\/wp\/v2\/media\/3871"}],"wp:attachment":[{"href":"https:\/\/eldigitaldeasturias.com\/radio\/wp-json\/wp\/v2\/media?parent=3870"}],"wp:term":[{"taxonomy":"category","embeddable":true,"href":"https:\/\/eldigitaldeasturias.com\/radio\/wp-json\/wp\/v2\/categories?post=3870"},{"taxonomy":"post_tag","embeddable":true,"href":"https:\/\/eldigitaldeasturias.com\/radio\/wp-json\/wp\/v2\/tags?post=3870"}],"curies":[{"name":"wp","href":"https:\/\/api.w.org\/{rel}","templated":true}]}}