{"id":3868,"date":"2020-02-08T20:48:04","date_gmt":"2020-02-08T20:48:04","guid":{"rendered":"http:\/\/www.eldigitaldeasturias.com\/radio\/?p=3868"},"modified":"2020-02-08T20:48:04","modified_gmt":"2020-02-08T20:48:04","slug":"industrias-alemanas-sufren-nuevamente-descenso-de-pedidos","status":"publish","type":"post","link":"https:\/\/eldigitaldeasturias.com\/radio\/industrias-alemanas-sufren-nuevamente-descenso-de-pedidos\/","title":{"rendered":"Industrias alemanas sufren nuevamente descenso de pedidos"},"content":{"rendered":"<p><img fetchpriority=\"high\" decoding=\"async\" class=\"alignleft size-medium wp-image-1471\" src=\"http:\/\/www.eldigitaldeasturias.com\/radio\/wp-content\/uploads\/2018\/10\/money-1005477_960_720-360x240.jpg\" alt=\"\" width=\"360\" height=\"240\" srcset=\"https:\/\/eldigitaldeasturias.com\/radio\/wp-content\/uploads\/2018\/10\/money-1005477_960_720-360x240.jpg 360w, https:\/\/eldigitaldeasturias.com\/radio\/wp-content\/uploads\/2018\/10\/money-1005477_960_720-768x512.jpg 768w, https:\/\/eldigitaldeasturias.com\/radio\/wp-content\/uploads\/2018\/10\/money-1005477_960_720.jpg 960w\" sizes=\"(max-width: 360px) 100vw, 360px\" \/>Wiesbaden (Alemania), 6 feb (dpa) &#8211; La desaceleraci\u00f3n sigue impactando en el sector industrial alem\u00e1n, a tenor de las cifras de pedidos que reciben, que volvieron a disminuir en el pasado mes de diciembre, seg\u00fan anunci\u00f3 hoy la Oficina alemana de Estad\u00edstica (Destatis).<\/p>\n<p>El \u00edndice mensual referente a los nuevos pedidos cay\u00f3 un inesperado 2,1 por ciento, seg\u00fan datos preliminares. Los analistas se vieron sorprendidos por el dato, ya que esperaban un aumento del 0,6 por ciento.<\/p>\n<p>Sin embargo, las cifras relativas al mes anterior no fueron tan bajas como se esperaba. Destatis revis\u00f3 al alza el \u00edndice de pedidos del sector industrial de noviembre, y se registr\u00f3 una disminuci\u00f3n de solo el 0,8 por ciento, frente al 1,3 por ciento anunciado previamente.<\/p>\n<p>En t\u00e9rminos interanuales, los pedidos en diciembre cayeron un 8,7 por ciento, un dato considerado decepcionante, m\u00e1s si cabe cuando los analistas esperaban un descenso del 6,6 por ciento.<\/p>\n<p>La disminuci\u00f3n de los pedidos procedentes del extranjero es uno de los principales motivos de la decepcionante evoluci\u00f3n de diciembre en el sector industrial alem\u00e1n. En este punto, Destatis se\u00f1al\u00f3 una ca\u00edda del 4,5 por ciento respecto al mes anterior.<\/p>\n<p>\u00abLos pedidos procedentes de la zona euro disminuyeron un 13,9 por ciento\u00bb, se\u00f1al\u00f3 sobre este aspecto la declaraci\u00f3n de la oficina estad\u00edstica alemana.<\/p>\n<p>&nbsp;<\/p>\n","protected":false},"excerpt":{"rendered":"<p>Wiesbaden (Alemania), 6 feb (dpa) &#8211; La desaceleraci\u00f3n sigue impactando en el sector industrial alem\u00e1n, a tenor de las cifras de pedidos que reciben, que volvieron a disminuir en el pasado mes de diciembre, seg\u00fan anunci\u00f3 hoy la Oficina alemana de Estad\u00edstica (Destatis). El \u00edndice mensual referente a los nuevos pedidos cay\u00f3 un inesperado 2,1<\/p>\n","protected":false},"author":1,"featured_media":1471,"comment_status":"closed","ping_status":"closed","sticky":false,"template":"","format":"standard","meta":{"footnotes":""},"categories":[35],"tags":[],"class_list":{"0":"post-3868","1":"post","2":"type-post","3":"status-publish","4":"format-standard","5":"has-post-thumbnail","7":"category-negocios"},"aioseo_notices":[],"aioseo_head":"\n\t\t<!-- All in One SEO Pro 4.9.6.2 - aioseo.com -->\n\t<meta name=\"description\" content=\"Wiesbaden (Alemania), 6 feb (dpa) - La desaceleraci\u00f3n sigue impactando en el sector industrial alem\u00e1n, a tenor de las cifras de pedidos que reciben, que volvieron a disminuir en el pasado mes de diciembre, seg\u00fan anunci\u00f3 hoy la Oficina alemana de Estad\u00edstica (Destatis). El \u00edndice mensual referente a los nuevos pedidos cay\u00f3 un inesperado 2,1\" \/>\n\t<meta name=\"robots\" content=\"max-image-preview:large\" \/>\n\t<meta name=\"author\" content=\"NBAsturias\"\/>\n\t<meta name=\"google-site-verification\" content=\"UA-38556648-1\" \/>\n\t<meta name=\"keywords\" content=\"negocios\" \/>\n\t<link rel=\"canonical\" href=\"https:\/\/eldigitaldeasturias.com\/radio\/industrias-alemanas-sufren-nuevamente-descenso-de-pedidos\/\" \/>\n\t<meta name=\"generator\" content=\"All in One SEO Pro (AIOSEO) 4.9.6.2\" \/>\n\t\t<meta property=\"og:locale\" content=\"es_ES\" \/>\n\t\t<meta property=\"og:site_name\" content=\"El Digital de Asturias | Diario de informaci\u00f3n y noticias\" \/>\n\t\t<meta property=\"og:type\" content=\"article\" \/>\n\t\t<meta property=\"og:title\" content=\"Industrias alemanas sufren nuevamente descenso de pedidos | El Digital de Asturias\" \/>\n\t\t<meta property=\"og:description\" content=\"Wiesbaden (Alemania), 6 feb (dpa) - La desaceleraci\u00f3n sigue impactando en el sector industrial alem\u00e1n, a tenor de las cifras de pedidos que reciben, que volvieron a disminuir en el pasado mes de diciembre, seg\u00fan anunci\u00f3 hoy la Oficina alemana de Estad\u00edstica (Destatis). El \u00edndice mensual referente a los nuevos pedidos cay\u00f3 un inesperado 2,1\" \/>\n\t\t<meta property=\"og:url\" content=\"https:\/\/eldigitaldeasturias.com\/radio\/industrias-alemanas-sufren-nuevamente-descenso-de-pedidos\/\" \/>\n\t\t<meta property=\"og:image\" content=\"https:\/\/eldigitaldeasturias.com\/radio\/wp-content\/uploads\/2018\/10\/money-1005477_960_720.jpg\" \/>\n\t\t<meta property=\"og:image:secure_url\" content=\"https:\/\/eldigitaldeasturias.com\/radio\/wp-content\/uploads\/2018\/10\/money-1005477_960_720.jpg\" \/>\n\t\t<meta property=\"og:image:width\" content=\"960\" \/>\n\t\t<meta property=\"og:image:height\" content=\"640\" \/>\n\t\t<meta property=\"article:published_time\" content=\"2020-02-08T20:48:04+00:00\" \/>\n\t\t<meta property=\"article:modified_time\" content=\"2020-02-08T20:48:04+00:00\" \/>\n\t\t<meta name=\"twitter:card\" content=\"summary_large_image\" \/>\n\t\t<meta name=\"twitter:site\" content=\"@bercodi\" \/>\n\t\t<meta name=\"twitter:title\" content=\"Industrias alemanas sufren nuevamente descenso de pedidos | El Digital de Asturias\" \/>\n\t\t<meta name=\"twitter:description\" content=\"Wiesbaden (Alemania), 6 feb (dpa) - La desaceleraci\u00f3n sigue impactando en el sector industrial alem\u00e1n, a tenor de las cifras de pedidos que reciben, que volvieron a disminuir en el pasado mes de diciembre, seg\u00fan anunci\u00f3 hoy la Oficina alemana de Estad\u00edstica (Destatis). El \u00edndice mensual referente a los nuevos pedidos cay\u00f3 un inesperado 2,1\" \/>\n\t\t<meta name=\"twitter:creator\" content=\"@bercodi\" \/>\n\t\t<meta name=\"twitter:image\" content=\"https:\/\/eldigitaldeasturias.com\/radio\/wp-content\/uploads\/2018\/10\/money-1005477_960_720.jpg\" \/>\n\t\t<script type=\"application\/ld+json\" class=\"aioseo-schema\">\n\t\t\t{\"@context\":\"https:\\\/\\\/schema.org\",\"@graph\":[{\"@type\":\"BreadcrumbList\",\"@id\":\"https:\\\/\\\/eldigitaldeasturias.com\\\/radio\\\/industrias-alemanas-sufren-nuevamente-descenso-de-pedidos\\\/#breadcrumblist\",\"itemListElement\":[{\"@type\":\"ListItem\",\"@id\":\"https:\\\/\\\/eldigitaldeasturias.com\\\/radio#listItem\",\"position\":1,\"name\":\"Inicio\",\"item\":\"https:\\\/\\\/eldigitaldeasturias.com\\\/radio\",\"nextItem\":{\"@type\":\"ListItem\",\"@id\":\"https:\\\/\\\/eldigitaldeasturias.com\\\/radio\\\/category\\\/negocios\\\/#listItem\",\"name\":\"Negocios\"}},{\"@type\":\"ListItem\",\"@id\":\"https:\\\/\\\/eldigitaldeasturias.com\\\/radio\\\/category\\\/negocios\\\/#listItem\",\"position\":2,\"name\":\"Negocios\",\"item\":\"https:\\\/\\\/eldigitaldeasturias.com\\\/radio\\\/category\\\/negocios\\\/\",\"nextItem\":{\"@type\":\"ListItem\",\"@id\":\"https:\\\/\\\/eldigitaldeasturias.com\\\/radio\\\/industrias-alemanas-sufren-nuevamente-descenso-de-pedidos\\\/#listItem\",\"name\":\"Industrias alemanas sufren nuevamente descenso de pedidos\"},\"previousItem\":{\"@type\":\"ListItem\",\"@id\":\"https:\\\/\\\/eldigitaldeasturias.com\\\/radio#listItem\",\"name\":\"Inicio\"}},{\"@type\":\"ListItem\",\"@id\":\"https:\\\/\\\/eldigitaldeasturias.com\\\/radio\\\/industrias-alemanas-sufren-nuevamente-descenso-de-pedidos\\\/#listItem\",\"position\":3,\"name\":\"Industrias alemanas sufren nuevamente descenso de pedidos\",\"previousItem\":{\"@type\":\"ListItem\",\"@id\":\"https:\\\/\\\/eldigitaldeasturias.com\\\/radio\\\/category\\\/negocios\\\/#listItem\",\"name\":\"Negocios\"}}]},{\"@type\":\"NewsArticle\",\"@id\":\"https:\\\/\\\/eldigitaldeasturias.com\\\/radio\\\/industrias-alemanas-sufren-nuevamente-descenso-de-pedidos\\\/#newsarticle\",\"name\":\"Industrias alemanas sufren nuevamente descenso de pedidos | El Digital de Asturias\",\"headline\":\"Industrias alemanas sufren nuevamente descenso de pedidos\",\"author\":{\"@id\":\"https:\\\/\\\/eldigitaldeasturias.com\\\/radio\\\/author\\\/nbasturias\\\/#author\"},\"publisher\":{\"@id\":\"https:\\\/\\\/eldigitaldeasturias.com\\\/radio\\\/#organization\"},\"image\":{\"@type\":\"ImageObject\",\"url\":\"https:\\\/\\\/eldigitaldeasturias.com\\\/radio\\\/wp-content\\\/uploads\\\/2018\\\/10\\\/money-1005477_960_720.jpg\",\"width\":960,\"height\":640},\"datePublished\":\"2020-02-08T20:48:04+01:00\",\"dateModified\":\"2020-02-08T20:48:04+01:00\",\"inLanguage\":\"es-ES\",\"mainEntityOfPage\":{\"@id\":\"https:\\\/\\\/eldigitaldeasturias.com\\\/radio\\\/industrias-alemanas-sufren-nuevamente-descenso-de-pedidos\\\/#webpage\"},\"isPartOf\":{\"@id\":\"https:\\\/\\\/eldigitaldeasturias.com\\\/radio\\\/industrias-alemanas-sufren-nuevamente-descenso-de-pedidos\\\/#webpage\"},\"articleSection\":\"Negocios\",\"dateline\":\"Publicado el febrero 8, 2020.\"},{\"@type\":\"Organization\",\"@id\":\"https:\\\/\\\/eldigitaldeasturias.com\\\/radio\\\/#organization\",\"name\":\"El digital de Asturias Radio\",\"description\":\"Diario de informaci\\u00f3n y noticias\",\"url\":\"https:\\\/\\\/eldigitaldeasturias.com\\\/radio\\\/\",\"telephone\":\"+34652131393\",\"logo\":{\"@type\":\"ImageObject\",\"url\":\"https:\\\/\\\/www.eldigitaldeasturias.com\\\/radio\\\/wp-content\\\/uploads\\\/2021\\\/03\\\/EDA.jpg\",\"@id\":\"https:\\\/\\\/eldigitaldeasturias.com\\\/radio\\\/industrias-alemanas-sufren-nuevamente-descenso-de-pedidos\\\/#organizationLogo\"},\"image\":{\"@id\":\"https:\\\/\\\/eldigitaldeasturias.com\\\/radio\\\/industrias-alemanas-sufren-nuevamente-descenso-de-pedidos\\\/#organizationLogo\"},\"sameAs\":[\"https:\\\/\\\/www.facebook.com\\\/\",\"https:\\\/\\\/x.com\\\/bercodi\",\"https:\\\/\\\/www.instagram.com\\\/\",\"https:\\\/\\\/www.youtube.com\\\/channel\\\/UCZP-2wLEB9Rv6erhFmqVnvg\"]},{\"@type\":\"Person\",\"@id\":\"https:\\\/\\\/eldigitaldeasturias.com\\\/radio\\\/author\\\/nbasturias\\\/#author\",\"url\":\"https:\\\/\\\/eldigitaldeasturias.com\\\/radio\\\/author\\\/nbasturias\\\/\",\"name\":\"NBAsturias\",\"image\":{\"@type\":\"ImageObject\",\"@id\":\"https:\\\/\\\/eldigitaldeasturias.com\\\/radio\\\/industrias-alemanas-sufren-nuevamente-descenso-de-pedidos\\\/#authorImage\",\"url\":\"https:\\\/\\\/secure.gravatar.com\\\/avatar\\\/df2aeffc32bcd13f8d26072ef8a91b623d677766deac7f97ca815868cd41bf5e?s=96&d=mm&r=g\",\"width\":96,\"height\":96,\"caption\":\"NBAsturias\"}},{\"@type\":\"WebPage\",\"@id\":\"https:\\\/\\\/eldigitaldeasturias.com\\\/radio\\\/industrias-alemanas-sufren-nuevamente-descenso-de-pedidos\\\/#webpage\",\"url\":\"https:\\\/\\\/eldigitaldeasturias.com\\\/radio\\\/industrias-alemanas-sufren-nuevamente-descenso-de-pedidos\\\/\",\"name\":\"Industrias alemanas sufren nuevamente descenso de pedidos | El Digital de Asturias\",\"description\":\"Wiesbaden (Alemania), 6 feb (dpa) - La desaceleraci\\u00f3n sigue impactando en el sector industrial alem\\u00e1n, a tenor de las cifras de pedidos que reciben, que volvieron a disminuir en el pasado mes de diciembre, seg\\u00fan anunci\\u00f3 hoy la Oficina alemana de Estad\\u00edstica (Destatis). El \\u00edndice mensual referente a los nuevos pedidos cay\\u00f3 un inesperado 2,1\",\"inLanguage\":\"es-ES\",\"isPartOf\":{\"@id\":\"https:\\\/\\\/eldigitaldeasturias.com\\\/radio\\\/#website\"},\"breadcrumb\":{\"@id\":\"https:\\\/\\\/eldigitaldeasturias.com\\\/radio\\\/industrias-alemanas-sufren-nuevamente-descenso-de-pedidos\\\/#breadcrumblist\"},\"author\":{\"@id\":\"https:\\\/\\\/eldigitaldeasturias.com\\\/radio\\\/author\\\/nbasturias\\\/#author\"},\"creator\":{\"@id\":\"https:\\\/\\\/eldigitaldeasturias.com\\\/radio\\\/author\\\/nbasturias\\\/#author\"},\"image\":{\"@type\":\"ImageObject\",\"url\":\"https:\\\/\\\/eldigitaldeasturias.com\\\/radio\\\/wp-content\\\/uploads\\\/2018\\\/10\\\/money-1005477_960_720.jpg\",\"@id\":\"https:\\\/\\\/eldigitaldeasturias.com\\\/radio\\\/industrias-alemanas-sufren-nuevamente-descenso-de-pedidos\\\/#mainImage\",\"width\":960,\"height\":640},\"primaryImageOfPage\":{\"@id\":\"https:\\\/\\\/eldigitaldeasturias.com\\\/radio\\\/industrias-alemanas-sufren-nuevamente-descenso-de-pedidos\\\/#mainImage\"},\"datePublished\":\"2020-02-08T20:48:04+01:00\",\"dateModified\":\"2020-02-08T20:48:04+01:00\"},{\"@type\":\"WebSite\",\"@id\":\"https:\\\/\\\/eldigitaldeasturias.com\\\/radio\\\/#website\",\"url\":\"https:\\\/\\\/eldigitaldeasturias.com\\\/radio\\\/\",\"name\":\"El Digital de Asturias\",\"description\":\"Diario de informaci\\u00f3n y noticias\",\"inLanguage\":\"es-ES\",\"publisher\":{\"@id\":\"https:\\\/\\\/eldigitaldeasturias.com\\\/radio\\\/#organization\"}}]}\n\t\t<\/script>\n\t\t<!-- All in One SEO Pro -->\r\n\t\t<title>Industrias alemanas sufren nuevamente descenso de pedidos | El Digital de Asturias<\/title>\n\n","aioseo_head_json":{"title":"Industrias alemanas sufren nuevamente descenso de pedidos | El Digital de Asturias","description":"Wiesbaden (Alemania), 6 feb (dpa) - La desaceleraci\u00f3n sigue impactando en el sector industrial alem\u00e1n, a tenor de las cifras de pedidos que reciben, que volvieron a disminuir en el pasado mes de diciembre, seg\u00fan anunci\u00f3 hoy la Oficina alemana de Estad\u00edstica (Destatis). El \u00edndice mensual referente a los nuevos pedidos cay\u00f3 un inesperado 2,1","canonical_url":"https:\/\/eldigitaldeasturias.com\/radio\/industrias-alemanas-sufren-nuevamente-descenso-de-pedidos\/","robots":"max-image-preview:large","keywords":"negocios","webmasterTools":{"google-site-verification":"UA-38556648-1","miscellaneous":""},"schema":{"@context":"https:\/\/schema.org","@graph":[{"@type":"BreadcrumbList","@id":"https:\/\/eldigitaldeasturias.com\/radio\/industrias-alemanas-sufren-nuevamente-descenso-de-pedidos\/#breadcrumblist","itemListElement":[{"@type":"ListItem","@id":"https:\/\/eldigitaldeasturias.com\/radio#listItem","position":1,"name":"Inicio","item":"https:\/\/eldigitaldeasturias.com\/radio","nextItem":{"@type":"ListItem","@id":"https:\/\/eldigitaldeasturias.com\/radio\/category\/negocios\/#listItem","name":"Negocios"}},{"@type":"ListItem","@id":"https:\/\/eldigitaldeasturias.com\/radio\/category\/negocios\/#listItem","position":2,"name":"Negocios","item":"https:\/\/eldigitaldeasturias.com\/radio\/category\/negocios\/","nextItem":{"@type":"ListItem","@id":"https:\/\/eldigitaldeasturias.com\/radio\/industrias-alemanas-sufren-nuevamente-descenso-de-pedidos\/#listItem","name":"Industrias alemanas sufren nuevamente descenso de pedidos"},"previousItem":{"@type":"ListItem","@id":"https:\/\/eldigitaldeasturias.com\/radio#listItem","name":"Inicio"}},{"@type":"ListItem","@id":"https:\/\/eldigitaldeasturias.com\/radio\/industrias-alemanas-sufren-nuevamente-descenso-de-pedidos\/#listItem","position":3,"name":"Industrias alemanas sufren nuevamente descenso de pedidos","previousItem":{"@type":"ListItem","@id":"https:\/\/eldigitaldeasturias.com\/radio\/category\/negocios\/#listItem","name":"Negocios"}}]},{"@type":"NewsArticle","@id":"https:\/\/eldigitaldeasturias.com\/radio\/industrias-alemanas-sufren-nuevamente-descenso-de-pedidos\/#newsarticle","name":"Industrias alemanas sufren nuevamente descenso de pedidos | El Digital de Asturias","headline":"Industrias alemanas sufren nuevamente descenso de pedidos","author":{"@id":"https:\/\/eldigitaldeasturias.com\/radio\/author\/nbasturias\/#author"},"publisher":{"@id":"https:\/\/eldigitaldeasturias.com\/radio\/#organization"},"image":{"@type":"ImageObject","url":"https:\/\/eldigitaldeasturias.com\/radio\/wp-content\/uploads\/2018\/10\/money-1005477_960_720.jpg","width":960,"height":640},"datePublished":"2020-02-08T20:48:04+01:00","dateModified":"2020-02-08T20:48:04+01:00","inLanguage":"es-ES","mainEntityOfPage":{"@id":"https:\/\/eldigitaldeasturias.com\/radio\/industrias-alemanas-sufren-nuevamente-descenso-de-pedidos\/#webpage"},"isPartOf":{"@id":"https:\/\/eldigitaldeasturias.com\/radio\/industrias-alemanas-sufren-nuevamente-descenso-de-pedidos\/#webpage"},"articleSection":"Negocios","dateline":"Publicado el febrero 8, 2020."},{"@type":"Organization","@id":"https:\/\/eldigitaldeasturias.com\/radio\/#organization","name":"El digital de Asturias Radio","description":"Diario de informaci\u00f3n y noticias","url":"https:\/\/eldigitaldeasturias.com\/radio\/","telephone":"+34652131393","logo":{"@type":"ImageObject","url":"https:\/\/www.eldigitaldeasturias.com\/radio\/wp-content\/uploads\/2021\/03\/EDA.jpg","@id":"https:\/\/eldigitaldeasturias.com\/radio\/industrias-alemanas-sufren-nuevamente-descenso-de-pedidos\/#organizationLogo"},"image":{"@id":"https:\/\/eldigitaldeasturias.com\/radio\/industrias-alemanas-sufren-nuevamente-descenso-de-pedidos\/#organizationLogo"},"sameAs":["https:\/\/www.facebook.com\/","https:\/\/x.com\/bercodi","https:\/\/www.instagram.com\/","https:\/\/www.youtube.com\/channel\/UCZP-2wLEB9Rv6erhFmqVnvg"]},{"@type":"Person","@id":"https:\/\/eldigitaldeasturias.com\/radio\/author\/nbasturias\/#author","url":"https:\/\/eldigitaldeasturias.com\/radio\/author\/nbasturias\/","name":"NBAsturias","image":{"@type":"ImageObject","@id":"https:\/\/eldigitaldeasturias.com\/radio\/industrias-alemanas-sufren-nuevamente-descenso-de-pedidos\/#authorImage","url":"https:\/\/secure.gravatar.com\/avatar\/df2aeffc32bcd13f8d26072ef8a91b623d677766deac7f97ca815868cd41bf5e?s=96&d=mm&r=g","width":96,"height":96,"caption":"NBAsturias"}},{"@type":"WebPage","@id":"https:\/\/eldigitaldeasturias.com\/radio\/industrias-alemanas-sufren-nuevamente-descenso-de-pedidos\/#webpage","url":"https:\/\/eldigitaldeasturias.com\/radio\/industrias-alemanas-sufren-nuevamente-descenso-de-pedidos\/","name":"Industrias alemanas sufren nuevamente descenso de pedidos | El Digital de Asturias","description":"Wiesbaden (Alemania), 6 feb (dpa) - La desaceleraci\u00f3n sigue impactando en el sector industrial alem\u00e1n, a tenor de las cifras de pedidos que reciben, que volvieron a disminuir en el pasado mes de diciembre, seg\u00fan anunci\u00f3 hoy la Oficina alemana de Estad\u00edstica (Destatis). El \u00edndice mensual referente a los nuevos pedidos cay\u00f3 un inesperado 2,1","inLanguage":"es-ES","isPartOf":{"@id":"https:\/\/eldigitaldeasturias.com\/radio\/#website"},"breadcrumb":{"@id":"https:\/\/eldigitaldeasturias.com\/radio\/industrias-alemanas-sufren-nuevamente-descenso-de-pedidos\/#breadcrumblist"},"author":{"@id":"https:\/\/eldigitaldeasturias.com\/radio\/author\/nbasturias\/#author"},"creator":{"@id":"https:\/\/eldigitaldeasturias.com\/radio\/author\/nbasturias\/#author"},"image":{"@type":"ImageObject","url":"https:\/\/eldigitaldeasturias.com\/radio\/wp-content\/uploads\/2018\/10\/money-1005477_960_720.jpg","@id":"https:\/\/eldigitaldeasturias.com\/radio\/industrias-alemanas-sufren-nuevamente-descenso-de-pedidos\/#mainImage","width":960,"height":640},"primaryImageOfPage":{"@id":"https:\/\/eldigitaldeasturias.com\/radio\/industrias-alemanas-sufren-nuevamente-descenso-de-pedidos\/#mainImage"},"datePublished":"2020-02-08T20:48:04+01:00","dateModified":"2020-02-08T20:48:04+01:00"},{"@type":"WebSite","@id":"https:\/\/eldigitaldeasturias.com\/radio\/#website","url":"https:\/\/eldigitaldeasturias.com\/radio\/","name":"El Digital de Asturias","description":"Diario de informaci\u00f3n y noticias","inLanguage":"es-ES","publisher":{"@id":"https:\/\/eldigitaldeasturias.com\/radio\/#organization"}}]},"og:locale":"es_ES","og:site_name":"El Digital de Asturias | Diario de informaci\u00f3n y noticias","og:type":"article","og:title":"Industrias alemanas sufren nuevamente descenso de pedidos | El Digital de Asturias","og:description":"Wiesbaden (Alemania), 6 feb (dpa) - La desaceleraci\u00f3n sigue impactando en el sector industrial alem\u00e1n, a tenor de las cifras de pedidos que reciben, que volvieron a disminuir en el pasado mes de diciembre, seg\u00fan anunci\u00f3 hoy la Oficina alemana de Estad\u00edstica (Destatis). El \u00edndice mensual referente a los nuevos pedidos cay\u00f3 un inesperado 2,1","og:url":"https:\/\/eldigitaldeasturias.com\/radio\/industrias-alemanas-sufren-nuevamente-descenso-de-pedidos\/","og:image":"https:\/\/eldigitaldeasturias.com\/radio\/wp-content\/uploads\/2018\/10\/money-1005477_960_720.jpg","og:image:secure_url":"https:\/\/eldigitaldeasturias.com\/radio\/wp-content\/uploads\/2018\/10\/money-1005477_960_720.jpg","og:image:width":960,"og:image:height":640,"article:published_time":"2020-02-08T20:48:04+00:00","article:modified_time":"2020-02-08T20:48:04+00:00","twitter:card":"summary_large_image","twitter:site":"@bercodi","twitter:title":"Industrias alemanas sufren nuevamente descenso de pedidos | El Digital de Asturias","twitter:description":"Wiesbaden (Alemania), 6 feb (dpa) - La desaceleraci\u00f3n sigue impactando en el sector industrial alem\u00e1n, a tenor de las cifras de pedidos que reciben, que volvieron a disminuir en el pasado mes de diciembre, seg\u00fan anunci\u00f3 hoy la Oficina alemana de Estad\u00edstica (Destatis). El \u00edndice mensual referente a los nuevos pedidos cay\u00f3 un inesperado 2,1","twitter:creator":"@bercodi","twitter:image":"https:\/\/eldigitaldeasturias.com\/radio\/wp-content\/uploads\/2018\/10\/money-1005477_960_720.jpg"},"aioseo_meta_data":{"post_id":"3868","title":null,"description":null,"keywords":null,"keyphrases":null,"primary_term":null,"canonical_url":null,"og_title":null,"og_description":null,"og_object_type":"default","og_image_type":"default","og_image_url":null,"og_image_width":null,"og_image_height":null,"og_image_custom_url":null,"og_image_custom_fields":null,"og_video":null,"og_custom_url":null,"og_article_section":null,"og_article_tags":null,"twitter_use_og":false,"twitter_card":"default","twitter_image_type":"default","twitter_image_url":null,"twitter_image_custom_url":null,"twitter_image_custom_fields":null,"twitter_title":null,"twitter_description":null,"schema":{"blockGraphs":[],"customGraphs":[],"default":{"data":{"Article":[],"Course":[],"Dataset":[],"FAQPage":[],"Movie":[],"Person":[],"Product":[],"ProductReview":[],"Car":[],"Recipe":[],"Service":[],"SoftwareApplication":[],"WebPage":[]},"graphName":"","isEnabled":true},"graphs":[],"defaultGraph":"","defaultPostTypeGraph":""},"schema_type":null,"schema_type_options":null,"pillar_content":false,"robots_default":true,"robots_noindex":false,"robots_noarchive":false,"robots_nosnippet":false,"robots_nofollow":false,"robots_noimageindex":false,"robots_noodp":false,"robots_notranslate":false,"robots_max_snippet":null,"robots_max_videopreview":null,"robots_max_imagepreview":"large","priority":null,"frequency":null,"location":null,"local_seo":null,"seo_analyzer_scan_date":"2025-08-28 14:57:01","breadcrumb_settings":null,"limit_modified_date":false,"open_ai":null,"ai":null,"created":"2021-03-25 20:38:15","updated":"2025-08-28 14:57:01"},"aioseo_breadcrumb":"<div class=\"aioseo-breadcrumbs\"><span class=\"aioseo-breadcrumb\">\n\t<a href=\"https:\/\/eldigitaldeasturias.com\/radio\" title=\"Inicio\">Inicio<\/a>\n<\/span><span class=\"aioseo-breadcrumb-separator\">&ndash;<\/span><span class=\"aioseo-breadcrumb\">\n\t<a href=\"https:\/\/eldigitaldeasturias.com\/radio\/category\/negocios\/\" title=\"Negocios\">Negocios<\/a>\n<\/span><span class=\"aioseo-breadcrumb-separator\">&ndash;<\/span><span class=\"aioseo-breadcrumb\">\n\tIndustrias alemanas sufren nuevamente descenso de pedidos\n<\/span><\/div>","aioseo_breadcrumb_json":[{"label":"Inicio","link":"https:\/\/eldigitaldeasturias.com\/radio"},{"label":"Negocios","link":"https:\/\/eldigitaldeasturias.com\/radio\/category\/negocios\/"},{"label":"Industrias alemanas sufren nuevamente descenso de pedidos","link":"https:\/\/eldigitaldeasturias.com\/radio\/industrias-alemanas-sufren-nuevamente-descenso-de-pedidos\/"}],"_links":{"self":[{"href":"https:\/\/eldigitaldeasturias.com\/radio\/wp-json\/wp\/v2\/posts\/3868","targetHints":{"allow":["GET"]}}],"collection":[{"href":"https:\/\/eldigitaldeasturias.com\/radio\/wp-json\/wp\/v2\/posts"}],"about":[{"href":"https:\/\/eldigitaldeasturias.com\/radio\/wp-json\/wp\/v2\/types\/post"}],"author":[{"embeddable":true,"href":"https:\/\/eldigitaldeasturias.com\/radio\/wp-json\/wp\/v2\/users\/1"}],"replies":[{"embeddable":true,"href":"https:\/\/eldigitaldeasturias.com\/radio\/wp-json\/wp\/v2\/comments?post=3868"}],"version-history":[{"count":0,"href":"https:\/\/eldigitaldeasturias.com\/radio\/wp-json\/wp\/v2\/posts\/3868\/revisions"}],"wp:featuredmedia":[{"embeddable":true,"href":"https:\/\/eldigitaldeasturias.com\/radio\/wp-json\/wp\/v2\/media\/1471"}],"wp:attachment":[{"href":"https:\/\/eldigitaldeasturias.com\/radio\/wp-json\/wp\/v2\/media?parent=3868"}],"wp:term":[{"taxonomy":"category","embeddable":true,"href":"https:\/\/eldigitaldeasturias.com\/radio\/wp-json\/wp\/v2\/categories?post=3868"},{"taxonomy":"post_tag","embeddable":true,"href":"https:\/\/eldigitaldeasturias.com\/radio\/wp-json\/wp\/v2\/tags?post=3868"}],"curies":[{"name":"wp","href":"https:\/\/api.w.org\/{rel}","templated":true}]}}