{"id":3865,"date":"2020-01-12T20:48:02","date_gmt":"2020-01-12T20:48:02","guid":{"rendered":"http:\/\/www.eldigitaldeasturias.com\/radio\/?p=3865"},"modified":"2020-01-12T20:48:02","modified_gmt":"2020-01-12T20:48:02","slug":"por-que-nunca-puede-faltar-una-cafetera-de-capsulas-en-casa-por-cafetera-me","status":"publish","type":"post","link":"https:\/\/eldigitaldeasturias.com\/radio\/por-que-nunca-puede-faltar-una-cafetera-de-capsulas-en-casa-por-cafetera-me\/","title":{"rendered":"Por qu\u00e9 nunca puede faltar una cafetera de c\u00e1psulas en casa por cafetera.me"},"content":{"rendered":"<p><img fetchpriority=\"high\" decoding=\"async\" class=\"alignleft size-medium wp-image-3866\" src=\"http:\/\/www.eldigitaldeasturias.com\/radio\/wp-content\/uploads\/2020\/01\/1578665732_cafetera-247x300.png\" alt=\"\" width=\"247\" height=\"300\" srcset=\"https:\/\/eldigitaldeasturias.com\/radio\/wp-content\/uploads\/2020\/01\/1578665732_cafetera-247x300.png 247w, https:\/\/eldigitaldeasturias.com\/radio\/wp-content\/uploads\/2020\/01\/1578665732_cafetera.png 455w\" sizes=\"(max-width: 247px) 100vw, 247px\" \/>El caf\u00e9, cu\u00e1nta gente es incapaz de vivir sin el, es ese placer ma\u00f1anero capaz de espabilar hasta a las mentes m\u00e1s adormiladas, pues bien, con este precedente, aqu\u00ed vienen las principales razones por las que nunca puede faltar una buena<span style=\"color: #ff6600;\"><strong>\u00a0<a style=\"color: #ff6600;\" href=\"https:\/\/www.cafetera.me\/cafetera\" target=\"_blank\" rel=\"nofollow noopener noreferrer\">cafetera<\/a>\u00a0<\/strong><\/span>de c\u00e1psulas en casa para disfrutar del mejor caf\u00e9:<\/p>\n<p><strong>Variedad de m\u00e1quinas y marcas:<\/strong>\u00a0Antiguamente este mercado estaba m\u00e1s dominado por Nespresso, pero a d\u00eda de hoy, hay una gran de variedad de cafeteras y marcas con las que conseguir el mejor caf\u00e9 en c\u00e1psulas en casa, adem\u00e1s de la m\u00e1s que conocida Nespresso, hay otras marcas que quieren hacerle competencia, como lo son Dolce Gusto y Tassimo.<\/p>\n<p><strong>Espacio:<\/strong>\u00a0Si las cafeteras de espresso son realmente voluminosas y complejas la mayor parte de ellas, con las de c\u00e1psulas se da el caso absolutamente opuesto, la gran parte de estas m\u00e1quinas son peque\u00f1as y recogidas, esto implica un gran beneficio en cuanto a espacio, ya que caben en cualquier rinconcito de cualquier sala.<\/p>\n<p><strong>Son muy c\u00f3modas:<\/strong>\u00a0Tanto a la hora de preparar el caf\u00e9 como a la hora de limpiar las\u00a0<strong><span style=\"color: #ff6600;\"><a style=\"color: #ff6600;\" href=\"https:\/\/www.cafetera.me\/cafetera-dolce-gusto\" target=\"_blank\" rel=\"nofollow noopener noreferrer\">cafeteras<\/a><\/span><\/strong>, dichas cafeteras de c\u00e1psulas aportan la gran ventaja de que no tiene ninguna complicaci\u00f3n hacer el caf\u00e9 adem\u00e1s de introducir la c\u00e1psula, mientras que a la hora de limpiarlas, suelen tener menos componentes que las cl\u00e1sicas espresso y las tradicionales italianas.<\/p>\n<p><strong>En un plis plas:<\/strong>\u00a0El caf\u00e9 est\u00e1 listo r\u00e1pidamente con estas cafeteras de c\u00e1psulas, ya que tardan escasos segundos en preparar el caf\u00e9 preferido de cada uno, sin tener que calentar el caf\u00e9 en una vitrocer\u00e1mica o procesos similares.<\/p>\n<p><strong>F\u00e1cil transporte:<\/strong>\u00a0Si hay un evento alg\u00fan d\u00eda en la oficina, o hay una excursi\u00f3n pendiente, no hay ninguna pega, ya que estas\u00a0<span style=\"color: #ff6600;\"><strong><a style=\"color: #ff6600;\" href=\"https:\/\/www.cafetera.me\/cafetera-de-longhi\" target=\"_blank\" rel=\"nofollow noopener noreferrer\">cafeteras<\/a><\/strong><\/span>\u00a0funcionan a la corriente y resulta muy f\u00e1cil el transportar la cafetera a otro sitio.<\/p>\n<p><strong>Infinidad de sabores:<\/strong>\u00a0Solo, doble, intenso, cortado, cacao, latte machiatto, capuchinno, etc. Mil y una variedades de c\u00e1psulas y de sabores para las cafeteras de c\u00e1psulas, para que cada uno encuentre de una manera f\u00e1cil y r\u00e1pida su caf\u00e9, chocolate o t\u00e9 favorito.<\/p>\n<p><strong>Son muy bonitas:<\/strong>\u00a0En la parcela de la est\u00e9tica, entonces las\u00a0<span style=\"color: #ff6600;\"><strong><a style=\"color: #ff6600;\" href=\"https:\/\/www.cafetera.me\/cafetera-nespresso\" target=\"_blank\" rel=\"nofollow noopener noreferrer\">cafeteras de c\u00e1psulas<\/a><\/strong><\/span>\u00a0son las m\u00e1s bonitas est\u00e9ticamente hablando, ya que han conseguido aunar la tecnolog\u00eda de las voluminosas espresso en el espacio de las cl\u00e1sicas cafeteras italianas.<\/p>\n<p><strong>Baratas:<\/strong>\u00a0Cierto es que cuando esta generaci\u00f3n de cafeteras sali\u00f3 al mercado, se escapaban en cuanto a precio, pero con el paso de los a\u00f1os se han ido abaratando y se han convertido en m\u00e1quinas tecnol\u00f3gicas pero muy econ\u00f3micas, por el irrisorio precio de 40 euros ya tienes m\u00e1quinas de c\u00e1psulas realmente preparadas e innovadoras.<\/p>\n<p>\u00abEstos han sido tan solo unos pocos beneficios de los incalculables que puede tener el hecho de tener una cafetera de c\u00e1psulas en casa. Las mejores cafeteras de c\u00e1psulas del mercado a los mejores precios est\u00e1n todas en\u00a0<span style=\"color: #ff6600;\"><strong><a style=\"color: #ff6600;\" href=\"https:\/\/www.cafetera.me\/\" target=\"_blank\" rel=\"nofollow noopener noreferrer\">cafetera.me<\/a><\/strong><\/span>\u00bb afirman.<\/p>\n","protected":false},"excerpt":{"rendered":"<p>El caf\u00e9, cu\u00e1nta gente es incapaz de vivir sin el, es ese placer ma\u00f1anero capaz de espabilar hasta a las mentes m\u00e1s adormiladas, pues bien, con este precedente, aqu\u00ed vienen las principales razones por las que nunca puede faltar una buena\u00a0cafetera\u00a0de c\u00e1psulas en casa para disfrutar del mejor caf\u00e9: Variedad de m\u00e1quinas y marcas:\u00a0Antiguamente este<\/p>\n","protected":false},"author":1,"featured_media":3866,"comment_status":"closed","ping_status":"closed","sticky":false,"template":"","format":"standard","meta":{"footnotes":""},"categories":[35],"tags":[],"class_list":{"0":"post-3865","1":"post","2":"type-post","3":"status-publish","4":"format-standard","5":"has-post-thumbnail","7":"category-negocios"},"aioseo_notices":[],"aioseo_head":"\n\t\t<!-- All in One SEO Pro 4.9.6.2 - aioseo.com -->\n\t<meta name=\"description\" content=\"El caf\u00e9, cu\u00e1nta gente es incapaz de vivir sin el, es ese placer ma\u00f1anero capaz de espabilar hasta a las mentes m\u00e1s adormiladas, pues bien, con este precedente, aqu\u00ed vienen las principales razones por las que nunca puede faltar una buena cafetera de c\u00e1psulas en casa para disfrutar del mejor caf\u00e9: Variedad de m\u00e1quinas y marcas: Antiguamente este\" \/>\n\t<meta name=\"robots\" content=\"max-image-preview:large\" \/>\n\t<meta name=\"author\" content=\"NBAsturias\"\/>\n\t<meta name=\"google-site-verification\" content=\"UA-38556648-1\" \/>\n\t<meta name=\"keywords\" content=\"negocios\" \/>\n\t<link rel=\"canonical\" href=\"https:\/\/eldigitaldeasturias.com\/radio\/por-que-nunca-puede-faltar-una-cafetera-de-capsulas-en-casa-por-cafetera-me\/\" \/>\n\t<meta name=\"generator\" content=\"All in One SEO Pro (AIOSEO) 4.9.6.2\" \/>\n\t\t<meta property=\"og:locale\" content=\"es_ES\" \/>\n\t\t<meta property=\"og:site_name\" content=\"El Digital de Asturias | Diario de informaci\u00f3n y noticias\" \/>\n\t\t<meta property=\"og:type\" content=\"article\" \/>\n\t\t<meta property=\"og:title\" content=\"Por qu\u00e9 nunca puede faltar una cafetera de c\u00e1psulas en casa por cafetera.me | El Digital de Asturias\" \/>\n\t\t<meta property=\"og:description\" content=\"El caf\u00e9, cu\u00e1nta gente es incapaz de vivir sin el, es ese placer ma\u00f1anero capaz de espabilar hasta a las mentes m\u00e1s adormiladas, pues bien, con este precedente, aqu\u00ed vienen las principales razones por las que nunca puede faltar una buena cafetera de c\u00e1psulas en casa para disfrutar del mejor caf\u00e9: Variedad de m\u00e1quinas y marcas: Antiguamente este\" \/>\n\t\t<meta property=\"og:url\" content=\"https:\/\/eldigitaldeasturias.com\/radio\/por-que-nunca-puede-faltar-una-cafetera-de-capsulas-en-casa-por-cafetera-me\/\" \/>\n\t\t<meta property=\"og:image\" content=\"https:\/\/eldigitaldeasturias.com\/radio\/wp-content\/uploads\/2020\/01\/1578665732_cafetera.png\" \/>\n\t\t<meta property=\"og:image:secure_url\" content=\"https:\/\/eldigitaldeasturias.com\/radio\/wp-content\/uploads\/2020\/01\/1578665732_cafetera.png\" \/>\n\t\t<meta property=\"og:image:width\" content=\"455\" \/>\n\t\t<meta property=\"og:image:height\" content=\"552\" \/>\n\t\t<meta property=\"article:published_time\" content=\"2020-01-12T20:48:02+00:00\" \/>\n\t\t<meta property=\"article:modified_time\" content=\"2020-01-12T20:48:02+00:00\" \/>\n\t\t<meta name=\"twitter:card\" content=\"summary_large_image\" \/>\n\t\t<meta name=\"twitter:site\" content=\"@bercodi\" \/>\n\t\t<meta name=\"twitter:title\" content=\"Por qu\u00e9 nunca puede faltar una cafetera de c\u00e1psulas en casa por cafetera.me | El Digital de Asturias\" \/>\n\t\t<meta name=\"twitter:description\" content=\"El caf\u00e9, cu\u00e1nta gente es incapaz de vivir sin el, es ese placer ma\u00f1anero capaz de espabilar hasta a las mentes m\u00e1s adormiladas, pues bien, con este precedente, aqu\u00ed vienen las principales razones por las que nunca puede faltar una buena cafetera de c\u00e1psulas en casa para disfrutar del mejor caf\u00e9: Variedad de m\u00e1quinas y marcas: Antiguamente este\" \/>\n\t\t<meta name=\"twitter:creator\" content=\"@bercodi\" \/>\n\t\t<meta name=\"twitter:image\" content=\"https:\/\/eldigitaldeasturias.com\/radio\/wp-content\/uploads\/2020\/01\/1578665732_cafetera.png\" \/>\n\t\t<script type=\"application\/ld+json\" class=\"aioseo-schema\">\n\t\t\t{\"@context\":\"https:\\\/\\\/schema.org\",\"@graph\":[{\"@type\":\"BreadcrumbList\",\"@id\":\"https:\\\/\\\/eldigitaldeasturias.com\\\/radio\\\/por-que-nunca-puede-faltar-una-cafetera-de-capsulas-en-casa-por-cafetera-me\\\/#breadcrumblist\",\"itemListElement\":[{\"@type\":\"ListItem\",\"@id\":\"https:\\\/\\\/eldigitaldeasturias.com\\\/radio#listItem\",\"position\":1,\"name\":\"Inicio\",\"item\":\"https:\\\/\\\/eldigitaldeasturias.com\\\/radio\",\"nextItem\":{\"@type\":\"ListItem\",\"@id\":\"https:\\\/\\\/eldigitaldeasturias.com\\\/radio\\\/category\\\/negocios\\\/#listItem\",\"name\":\"Negocios\"}},{\"@type\":\"ListItem\",\"@id\":\"https:\\\/\\\/eldigitaldeasturias.com\\\/radio\\\/category\\\/negocios\\\/#listItem\",\"position\":2,\"name\":\"Negocios\",\"item\":\"https:\\\/\\\/eldigitaldeasturias.com\\\/radio\\\/category\\\/negocios\\\/\",\"nextItem\":{\"@type\":\"ListItem\",\"@id\":\"https:\\\/\\\/eldigitaldeasturias.com\\\/radio\\\/por-que-nunca-puede-faltar-una-cafetera-de-capsulas-en-casa-por-cafetera-me\\\/#listItem\",\"name\":\"Por qu\\u00e9 nunca puede faltar una cafetera de c\\u00e1psulas en casa por cafetera.me\"},\"previousItem\":{\"@type\":\"ListItem\",\"@id\":\"https:\\\/\\\/eldigitaldeasturias.com\\\/radio#listItem\",\"name\":\"Inicio\"}},{\"@type\":\"ListItem\",\"@id\":\"https:\\\/\\\/eldigitaldeasturias.com\\\/radio\\\/por-que-nunca-puede-faltar-una-cafetera-de-capsulas-en-casa-por-cafetera-me\\\/#listItem\",\"position\":3,\"name\":\"Por qu\\u00e9 nunca puede faltar una cafetera de c\\u00e1psulas en casa por cafetera.me\",\"previousItem\":{\"@type\":\"ListItem\",\"@id\":\"https:\\\/\\\/eldigitaldeasturias.com\\\/radio\\\/category\\\/negocios\\\/#listItem\",\"name\":\"Negocios\"}}]},{\"@type\":\"NewsArticle\",\"@id\":\"https:\\\/\\\/eldigitaldeasturias.com\\\/radio\\\/por-que-nunca-puede-faltar-una-cafetera-de-capsulas-en-casa-por-cafetera-me\\\/#newsarticle\",\"name\":\"Por qu\\u00e9 nunca puede faltar una cafetera de c\\u00e1psulas en casa por cafetera.me | El Digital de Asturias\",\"headline\":\"Por qu\\u00e9 nunca puede faltar una cafetera de c\\u00e1psulas en casa por cafetera.me\",\"author\":{\"@id\":\"https:\\\/\\\/eldigitaldeasturias.com\\\/radio\\\/author\\\/nbasturias\\\/#author\"},\"publisher\":{\"@id\":\"https:\\\/\\\/eldigitaldeasturias.com\\\/radio\\\/#organization\"},\"image\":{\"@type\":\"ImageObject\",\"url\":\"https:\\\/\\\/eldigitaldeasturias.com\\\/radio\\\/wp-content\\\/uploads\\\/2020\\\/01\\\/1578665732_cafetera.png\",\"width\":455,\"height\":552},\"datePublished\":\"2020-01-12T20:48:02+01:00\",\"dateModified\":\"2020-01-12T20:48:02+01:00\",\"inLanguage\":\"es-ES\",\"mainEntityOfPage\":{\"@id\":\"https:\\\/\\\/eldigitaldeasturias.com\\\/radio\\\/por-que-nunca-puede-faltar-una-cafetera-de-capsulas-en-casa-por-cafetera-me\\\/#webpage\"},\"isPartOf\":{\"@id\":\"https:\\\/\\\/eldigitaldeasturias.com\\\/radio\\\/por-que-nunca-puede-faltar-una-cafetera-de-capsulas-en-casa-por-cafetera-me\\\/#webpage\"},\"articleSection\":\"Negocios\",\"dateline\":\"Publicado el enero 12, 2020.\"},{\"@type\":\"Organization\",\"@id\":\"https:\\\/\\\/eldigitaldeasturias.com\\\/radio\\\/#organization\",\"name\":\"El digital de Asturias Radio\",\"description\":\"Diario de informaci\\u00f3n y noticias\",\"url\":\"https:\\\/\\\/eldigitaldeasturias.com\\\/radio\\\/\",\"telephone\":\"+34652131393\",\"logo\":{\"@type\":\"ImageObject\",\"url\":\"https:\\\/\\\/www.eldigitaldeasturias.com\\\/radio\\\/wp-content\\\/uploads\\\/2021\\\/03\\\/EDA.jpg\",\"@id\":\"https:\\\/\\\/eldigitaldeasturias.com\\\/radio\\\/por-que-nunca-puede-faltar-una-cafetera-de-capsulas-en-casa-por-cafetera-me\\\/#organizationLogo\"},\"image\":{\"@id\":\"https:\\\/\\\/eldigitaldeasturias.com\\\/radio\\\/por-que-nunca-puede-faltar-una-cafetera-de-capsulas-en-casa-por-cafetera-me\\\/#organizationLogo\"},\"sameAs\":[\"https:\\\/\\\/www.facebook.com\\\/\",\"https:\\\/\\\/x.com\\\/bercodi\",\"https:\\\/\\\/www.instagram.com\\\/\",\"https:\\\/\\\/www.youtube.com\\\/channel\\\/UCZP-2wLEB9Rv6erhFmqVnvg\"]},{\"@type\":\"Person\",\"@id\":\"https:\\\/\\\/eldigitaldeasturias.com\\\/radio\\\/author\\\/nbasturias\\\/#author\",\"url\":\"https:\\\/\\\/eldigitaldeasturias.com\\\/radio\\\/author\\\/nbasturias\\\/\",\"name\":\"NBAsturias\",\"image\":{\"@type\":\"ImageObject\",\"@id\":\"https:\\\/\\\/eldigitaldeasturias.com\\\/radio\\\/por-que-nunca-puede-faltar-una-cafetera-de-capsulas-en-casa-por-cafetera-me\\\/#authorImage\",\"url\":\"https:\\\/\\\/secure.gravatar.com\\\/avatar\\\/df2aeffc32bcd13f8d26072ef8a91b623d677766deac7f97ca815868cd41bf5e?s=96&d=mm&r=g\",\"width\":96,\"height\":96,\"caption\":\"NBAsturias\"}},{\"@type\":\"WebPage\",\"@id\":\"https:\\\/\\\/eldigitaldeasturias.com\\\/radio\\\/por-que-nunca-puede-faltar-una-cafetera-de-capsulas-en-casa-por-cafetera-me\\\/#webpage\",\"url\":\"https:\\\/\\\/eldigitaldeasturias.com\\\/radio\\\/por-que-nunca-puede-faltar-una-cafetera-de-capsulas-en-casa-por-cafetera-me\\\/\",\"name\":\"Por qu\\u00e9 nunca puede faltar una cafetera de c\\u00e1psulas en casa por cafetera.me | El Digital de Asturias\",\"description\":\"El caf\\u00e9, cu\\u00e1nta gente es incapaz de vivir sin el, es ese placer ma\\u00f1anero capaz de espabilar hasta a las mentes m\\u00e1s adormiladas, pues bien, con este precedente, aqu\\u00ed vienen las principales razones por las que nunca puede faltar una buena cafetera de c\\u00e1psulas en casa para disfrutar del mejor caf\\u00e9: Variedad de m\\u00e1quinas y marcas: Antiguamente este\",\"inLanguage\":\"es-ES\",\"isPartOf\":{\"@id\":\"https:\\\/\\\/eldigitaldeasturias.com\\\/radio\\\/#website\"},\"breadcrumb\":{\"@id\":\"https:\\\/\\\/eldigitaldeasturias.com\\\/radio\\\/por-que-nunca-puede-faltar-una-cafetera-de-capsulas-en-casa-por-cafetera-me\\\/#breadcrumblist\"},\"author\":{\"@id\":\"https:\\\/\\\/eldigitaldeasturias.com\\\/radio\\\/author\\\/nbasturias\\\/#author\"},\"creator\":{\"@id\":\"https:\\\/\\\/eldigitaldeasturias.com\\\/radio\\\/author\\\/nbasturias\\\/#author\"},\"image\":{\"@type\":\"ImageObject\",\"url\":\"https:\\\/\\\/eldigitaldeasturias.com\\\/radio\\\/wp-content\\\/uploads\\\/2020\\\/01\\\/1578665732_cafetera.png\",\"@id\":\"https:\\\/\\\/eldigitaldeasturias.com\\\/radio\\\/por-que-nunca-puede-faltar-una-cafetera-de-capsulas-en-casa-por-cafetera-me\\\/#mainImage\",\"width\":455,\"height\":552},\"primaryImageOfPage\":{\"@id\":\"https:\\\/\\\/eldigitaldeasturias.com\\\/radio\\\/por-que-nunca-puede-faltar-una-cafetera-de-capsulas-en-casa-por-cafetera-me\\\/#mainImage\"},\"datePublished\":\"2020-01-12T20:48:02+01:00\",\"dateModified\":\"2020-01-12T20:48:02+01:00\"},{\"@type\":\"WebSite\",\"@id\":\"https:\\\/\\\/eldigitaldeasturias.com\\\/radio\\\/#website\",\"url\":\"https:\\\/\\\/eldigitaldeasturias.com\\\/radio\\\/\",\"name\":\"El Digital de Asturias\",\"description\":\"Diario de informaci\\u00f3n y noticias\",\"inLanguage\":\"es-ES\",\"publisher\":{\"@id\":\"https:\\\/\\\/eldigitaldeasturias.com\\\/radio\\\/#organization\"}}]}\n\t\t<\/script>\n\t\t<!-- All in One SEO Pro -->\r\n\t\t<title>Por qu\u00e9 nunca puede faltar una cafetera de c\u00e1psulas en casa por cafetera.me | El Digital de Asturias<\/title>\n\n","aioseo_head_json":{"title":"Por qu\u00e9 nunca puede faltar una cafetera de c\u00e1psulas en casa por cafetera.me | El Digital de Asturias","description":"El caf\u00e9, cu\u00e1nta gente es incapaz de vivir sin el, es ese placer ma\u00f1anero capaz de espabilar hasta a las mentes m\u00e1s adormiladas, pues bien, con este precedente, aqu\u00ed vienen las principales razones por las que nunca puede faltar una buena cafetera de c\u00e1psulas en casa para disfrutar del mejor caf\u00e9: Variedad de m\u00e1quinas y marcas: Antiguamente este","canonical_url":"https:\/\/eldigitaldeasturias.com\/radio\/por-que-nunca-puede-faltar-una-cafetera-de-capsulas-en-casa-por-cafetera-me\/","robots":"max-image-preview:large","keywords":"negocios","webmasterTools":{"google-site-verification":"UA-38556648-1","miscellaneous":""},"schema":{"@context":"https:\/\/schema.org","@graph":[{"@type":"BreadcrumbList","@id":"https:\/\/eldigitaldeasturias.com\/radio\/por-que-nunca-puede-faltar-una-cafetera-de-capsulas-en-casa-por-cafetera-me\/#breadcrumblist","itemListElement":[{"@type":"ListItem","@id":"https:\/\/eldigitaldeasturias.com\/radio#listItem","position":1,"name":"Inicio","item":"https:\/\/eldigitaldeasturias.com\/radio","nextItem":{"@type":"ListItem","@id":"https:\/\/eldigitaldeasturias.com\/radio\/category\/negocios\/#listItem","name":"Negocios"}},{"@type":"ListItem","@id":"https:\/\/eldigitaldeasturias.com\/radio\/category\/negocios\/#listItem","position":2,"name":"Negocios","item":"https:\/\/eldigitaldeasturias.com\/radio\/category\/negocios\/","nextItem":{"@type":"ListItem","@id":"https:\/\/eldigitaldeasturias.com\/radio\/por-que-nunca-puede-faltar-una-cafetera-de-capsulas-en-casa-por-cafetera-me\/#listItem","name":"Por qu\u00e9 nunca puede faltar una cafetera de c\u00e1psulas en casa por cafetera.me"},"previousItem":{"@type":"ListItem","@id":"https:\/\/eldigitaldeasturias.com\/radio#listItem","name":"Inicio"}},{"@type":"ListItem","@id":"https:\/\/eldigitaldeasturias.com\/radio\/por-que-nunca-puede-faltar-una-cafetera-de-capsulas-en-casa-por-cafetera-me\/#listItem","position":3,"name":"Por qu\u00e9 nunca puede faltar una cafetera de c\u00e1psulas en casa por cafetera.me","previousItem":{"@type":"ListItem","@id":"https:\/\/eldigitaldeasturias.com\/radio\/category\/negocios\/#listItem","name":"Negocios"}}]},{"@type":"NewsArticle","@id":"https:\/\/eldigitaldeasturias.com\/radio\/por-que-nunca-puede-faltar-una-cafetera-de-capsulas-en-casa-por-cafetera-me\/#newsarticle","name":"Por qu\u00e9 nunca puede faltar una cafetera de c\u00e1psulas en casa por cafetera.me | El Digital de Asturias","headline":"Por qu\u00e9 nunca puede faltar una cafetera de c\u00e1psulas en casa por cafetera.me","author":{"@id":"https:\/\/eldigitaldeasturias.com\/radio\/author\/nbasturias\/#author"},"publisher":{"@id":"https:\/\/eldigitaldeasturias.com\/radio\/#organization"},"image":{"@type":"ImageObject","url":"https:\/\/eldigitaldeasturias.com\/radio\/wp-content\/uploads\/2020\/01\/1578665732_cafetera.png","width":455,"height":552},"datePublished":"2020-01-12T20:48:02+01:00","dateModified":"2020-01-12T20:48:02+01:00","inLanguage":"es-ES","mainEntityOfPage":{"@id":"https:\/\/eldigitaldeasturias.com\/radio\/por-que-nunca-puede-faltar-una-cafetera-de-capsulas-en-casa-por-cafetera-me\/#webpage"},"isPartOf":{"@id":"https:\/\/eldigitaldeasturias.com\/radio\/por-que-nunca-puede-faltar-una-cafetera-de-capsulas-en-casa-por-cafetera-me\/#webpage"},"articleSection":"Negocios","dateline":"Publicado el enero 12, 2020."},{"@type":"Organization","@id":"https:\/\/eldigitaldeasturias.com\/radio\/#organization","name":"El digital de Asturias Radio","description":"Diario de informaci\u00f3n y noticias","url":"https:\/\/eldigitaldeasturias.com\/radio\/","telephone":"+34652131393","logo":{"@type":"ImageObject","url":"https:\/\/www.eldigitaldeasturias.com\/radio\/wp-content\/uploads\/2021\/03\/EDA.jpg","@id":"https:\/\/eldigitaldeasturias.com\/radio\/por-que-nunca-puede-faltar-una-cafetera-de-capsulas-en-casa-por-cafetera-me\/#organizationLogo"},"image":{"@id":"https:\/\/eldigitaldeasturias.com\/radio\/por-que-nunca-puede-faltar-una-cafetera-de-capsulas-en-casa-por-cafetera-me\/#organizationLogo"},"sameAs":["https:\/\/www.facebook.com\/","https:\/\/x.com\/bercodi","https:\/\/www.instagram.com\/","https:\/\/www.youtube.com\/channel\/UCZP-2wLEB9Rv6erhFmqVnvg"]},{"@type":"Person","@id":"https:\/\/eldigitaldeasturias.com\/radio\/author\/nbasturias\/#author","url":"https:\/\/eldigitaldeasturias.com\/radio\/author\/nbasturias\/","name":"NBAsturias","image":{"@type":"ImageObject","@id":"https:\/\/eldigitaldeasturias.com\/radio\/por-que-nunca-puede-faltar-una-cafetera-de-capsulas-en-casa-por-cafetera-me\/#authorImage","url":"https:\/\/secure.gravatar.com\/avatar\/df2aeffc32bcd13f8d26072ef8a91b623d677766deac7f97ca815868cd41bf5e?s=96&d=mm&r=g","width":96,"height":96,"caption":"NBAsturias"}},{"@type":"WebPage","@id":"https:\/\/eldigitaldeasturias.com\/radio\/por-que-nunca-puede-faltar-una-cafetera-de-capsulas-en-casa-por-cafetera-me\/#webpage","url":"https:\/\/eldigitaldeasturias.com\/radio\/por-que-nunca-puede-faltar-una-cafetera-de-capsulas-en-casa-por-cafetera-me\/","name":"Por qu\u00e9 nunca puede faltar una cafetera de c\u00e1psulas en casa por cafetera.me | El Digital de Asturias","description":"El caf\u00e9, cu\u00e1nta gente es incapaz de vivir sin el, es ese placer ma\u00f1anero capaz de espabilar hasta a las mentes m\u00e1s adormiladas, pues bien, con este precedente, aqu\u00ed vienen las principales razones por las que nunca puede faltar una buena cafetera de c\u00e1psulas en casa para disfrutar del mejor caf\u00e9: Variedad de m\u00e1quinas y marcas: Antiguamente este","inLanguage":"es-ES","isPartOf":{"@id":"https:\/\/eldigitaldeasturias.com\/radio\/#website"},"breadcrumb":{"@id":"https:\/\/eldigitaldeasturias.com\/radio\/por-que-nunca-puede-faltar-una-cafetera-de-capsulas-en-casa-por-cafetera-me\/#breadcrumblist"},"author":{"@id":"https:\/\/eldigitaldeasturias.com\/radio\/author\/nbasturias\/#author"},"creator":{"@id":"https:\/\/eldigitaldeasturias.com\/radio\/author\/nbasturias\/#author"},"image":{"@type":"ImageObject","url":"https:\/\/eldigitaldeasturias.com\/radio\/wp-content\/uploads\/2020\/01\/1578665732_cafetera.png","@id":"https:\/\/eldigitaldeasturias.com\/radio\/por-que-nunca-puede-faltar-una-cafetera-de-capsulas-en-casa-por-cafetera-me\/#mainImage","width":455,"height":552},"primaryImageOfPage":{"@id":"https:\/\/eldigitaldeasturias.com\/radio\/por-que-nunca-puede-faltar-una-cafetera-de-capsulas-en-casa-por-cafetera-me\/#mainImage"},"datePublished":"2020-01-12T20:48:02+01:00","dateModified":"2020-01-12T20:48:02+01:00"},{"@type":"WebSite","@id":"https:\/\/eldigitaldeasturias.com\/radio\/#website","url":"https:\/\/eldigitaldeasturias.com\/radio\/","name":"El Digital de Asturias","description":"Diario de informaci\u00f3n y noticias","inLanguage":"es-ES","publisher":{"@id":"https:\/\/eldigitaldeasturias.com\/radio\/#organization"}}]},"og:locale":"es_ES","og:site_name":"El Digital de Asturias | Diario de informaci\u00f3n y noticias","og:type":"article","og:title":"Por qu\u00e9 nunca puede faltar una cafetera de c\u00e1psulas en casa por cafetera.me | El Digital de Asturias","og:description":"El caf\u00e9, cu\u00e1nta gente es incapaz de vivir sin el, es ese placer ma\u00f1anero capaz de espabilar hasta a las mentes m\u00e1s adormiladas, pues bien, con este precedente, aqu\u00ed vienen las principales razones por las que nunca puede faltar una buena cafetera de c\u00e1psulas en casa para disfrutar del mejor caf\u00e9: Variedad de m\u00e1quinas y marcas: Antiguamente este","og:url":"https:\/\/eldigitaldeasturias.com\/radio\/por-que-nunca-puede-faltar-una-cafetera-de-capsulas-en-casa-por-cafetera-me\/","og:image":"https:\/\/eldigitaldeasturias.com\/radio\/wp-content\/uploads\/2020\/01\/1578665732_cafetera.png","og:image:secure_url":"https:\/\/eldigitaldeasturias.com\/radio\/wp-content\/uploads\/2020\/01\/1578665732_cafetera.png","og:image:width":455,"og:image:height":552,"article:published_time":"2020-01-12T20:48:02+00:00","article:modified_time":"2020-01-12T20:48:02+00:00","twitter:card":"summary_large_image","twitter:site":"@bercodi","twitter:title":"Por qu\u00e9 nunca puede faltar una cafetera de c\u00e1psulas en casa por cafetera.me | El Digital de Asturias","twitter:description":"El caf\u00e9, cu\u00e1nta gente es incapaz de vivir sin el, es ese placer ma\u00f1anero capaz de espabilar hasta a las mentes m\u00e1s adormiladas, pues bien, con este precedente, aqu\u00ed vienen las principales razones por las que nunca puede faltar una buena cafetera de c\u00e1psulas en casa para disfrutar del mejor caf\u00e9: Variedad de m\u00e1quinas y marcas: Antiguamente este","twitter:creator":"@bercodi","twitter:image":"https:\/\/eldigitaldeasturias.com\/radio\/wp-content\/uploads\/2020\/01\/1578665732_cafetera.png"},"aioseo_meta_data":{"post_id":"3865","title":null,"description":null,"keywords":null,"keyphrases":null,"primary_term":null,"canonical_url":null,"og_title":null,"og_description":null,"og_object_type":"default","og_image_type":"default","og_image_url":null,"og_image_width":null,"og_image_height":null,"og_image_custom_url":null,"og_image_custom_fields":null,"og_video":null,"og_custom_url":null,"og_article_section":null,"og_article_tags":null,"twitter_use_og":false,"twitter_card":"default","twitter_image_type":"default","twitter_image_url":null,"twitter_image_custom_url":null,"twitter_image_custom_fields":null,"twitter_title":null,"twitter_description":null,"schema":{"blockGraphs":[],"customGraphs":[],"default":{"data":{"Article":[],"Course":[],"Dataset":[],"FAQPage":[],"Movie":[],"Person":[],"Product":[],"ProductReview":[],"Car":[],"Recipe":[],"Service":[],"SoftwareApplication":[],"WebPage":[]},"graphName":"","isEnabled":true},"graphs":[],"defaultGraph":"","defaultPostTypeGraph":""},"schema_type":null,"schema_type_options":null,"pillar_content":false,"robots_default":true,"robots_noindex":false,"robots_noarchive":false,"robots_nosnippet":false,"robots_nofollow":false,"robots_noimageindex":false,"robots_noodp":false,"robots_notranslate":false,"robots_max_snippet":null,"robots_max_videopreview":null,"robots_max_imagepreview":"large","priority":null,"frequency":null,"location":null,"local_seo":null,"seo_analyzer_scan_date":"2025-08-28 14:57:00","breadcrumb_settings":null,"limit_modified_date":false,"open_ai":null,"ai":null,"created":"2021-03-25 20:43:15","updated":"2025-08-28 14:57:00"},"aioseo_breadcrumb":"<div class=\"aioseo-breadcrumbs\"><span class=\"aioseo-breadcrumb\">\n\t<a href=\"https:\/\/eldigitaldeasturias.com\/radio\" title=\"Inicio\">Inicio<\/a>\n<\/span><span class=\"aioseo-breadcrumb-separator\">&ndash;<\/span><span class=\"aioseo-breadcrumb\">\n\t<a href=\"https:\/\/eldigitaldeasturias.com\/radio\/category\/negocios\/\" title=\"Negocios\">Negocios<\/a>\n<\/span><span class=\"aioseo-breadcrumb-separator\">&ndash;<\/span><span class=\"aioseo-breadcrumb\">\n\tPor qu\u00e9 nunca puede faltar una cafetera de c\u00e1psulas en casa por cafetera.me\n<\/span><\/div>","aioseo_breadcrumb_json":[{"label":"Inicio","link":"https:\/\/eldigitaldeasturias.com\/radio"},{"label":"Negocios","link":"https:\/\/eldigitaldeasturias.com\/radio\/category\/negocios\/"},{"label":"Por qu\u00e9 nunca puede faltar una cafetera de c\u00e1psulas en casa por cafetera.me","link":"https:\/\/eldigitaldeasturias.com\/radio\/por-que-nunca-puede-faltar-una-cafetera-de-capsulas-en-casa-por-cafetera-me\/"}],"_links":{"self":[{"href":"https:\/\/eldigitaldeasturias.com\/radio\/wp-json\/wp\/v2\/posts\/3865","targetHints":{"allow":["GET"]}}],"collection":[{"href":"https:\/\/eldigitaldeasturias.com\/radio\/wp-json\/wp\/v2\/posts"}],"about":[{"href":"https:\/\/eldigitaldeasturias.com\/radio\/wp-json\/wp\/v2\/types\/post"}],"author":[{"embeddable":true,"href":"https:\/\/eldigitaldeasturias.com\/radio\/wp-json\/wp\/v2\/users\/1"}],"replies":[{"embeddable":true,"href":"https:\/\/eldigitaldeasturias.com\/radio\/wp-json\/wp\/v2\/comments?post=3865"}],"version-history":[{"count":0,"href":"https:\/\/eldigitaldeasturias.com\/radio\/wp-json\/wp\/v2\/posts\/3865\/revisions"}],"wp:featuredmedia":[{"embeddable":true,"href":"https:\/\/eldigitaldeasturias.com\/radio\/wp-json\/wp\/v2\/media\/3866"}],"wp:attachment":[{"href":"https:\/\/eldigitaldeasturias.com\/radio\/wp-json\/wp\/v2\/media?parent=3865"}],"wp:term":[{"taxonomy":"category","embeddable":true,"href":"https:\/\/eldigitaldeasturias.com\/radio\/wp-json\/wp\/v2\/categories?post=3865"},{"taxonomy":"post_tag","embeddable":true,"href":"https:\/\/eldigitaldeasturias.com\/radio\/wp-json\/wp\/v2\/tags?post=3865"}],"curies":[{"name":"wp","href":"https:\/\/api.w.org\/{rel}","templated":true}]}}