{"id":3853,"date":"2020-01-12T20:17:37","date_gmt":"2020-01-12T20:17:37","guid":{"rendered":"http:\/\/www.eldigitaldeasturias.com\/radio\/?p=3853"},"modified":"2020-01-12T20:28:37","modified_gmt":"2020-01-12T20:28:37","slug":"la-alternativa-real-a-la-lucha-contra-el-cambio-climatico","status":"publish","type":"post","link":"https:\/\/eldigitaldeasturias.com\/radio\/la-alternativa-real-a-la-lucha-contra-el-cambio-climatico\/","title":{"rendered":"La alternativa real a la lucha contra el cambio clim\u00e1tico"},"content":{"rendered":"<p><img fetchpriority=\"high\" decoding=\"async\" class=\"alignleft size-medium wp-image-3854\" src=\"http:\/\/www.eldigitaldeasturias.com\/radio\/wp-content\/uploads\/2020\/01\/1578386212_THE_GENERATION_FOREST-360x240.jpg\" alt=\"\" width=\"360\" height=\"240\" srcset=\"https:\/\/eldigitaldeasturias.com\/radio\/wp-content\/uploads\/2020\/01\/1578386212_THE_GENERATION_FOREST-360x240.jpg 360w, https:\/\/eldigitaldeasturias.com\/radio\/wp-content\/uploads\/2020\/01\/1578386212_THE_GENERATION_FOREST-1024x683.jpg 1024w, https:\/\/eldigitaldeasturias.com\/radio\/wp-content\/uploads\/2020\/01\/1578386212_THE_GENERATION_FOREST-768x512.jpg 768w, https:\/\/eldigitaldeasturias.com\/radio\/wp-content\/uploads\/2020\/01\/1578386212_THE_GENERATION_FOREST.jpg 1200w\" sizes=\"(max-width: 360px) 100vw, 360px\" \/>Cuando los gobiernos parecen no lograr ponerse de acuerdo, surge la necesidad de atender a iniciativas privadas para poder avanzar en la lucha contra un cambio clim\u00e1tico cada vez m\u00e1s acuciante.<\/p>\n<p>Y es que la lucha contra el cambio clim\u00e1tico es uno de los retos m\u00e1s importantes a los que tendr\u00e1 que hacer frente la humanidad en toda su existencia. Esta fue la raz\u00f3n por la que un grupo de visionarios puso en marcha\u00a0<strong>The Generation Forest<\/strong>.<\/p>\n<p><a href=\"https:\/\/thegenerationforest.com\/es\/\" target=\"_blank\" rel=\"nofollow noopener noreferrer\"><span style=\"color: #ff6600;\"><strong>The Generation Forest<\/strong><\/span><\/a>, una cooperativa que naci\u00f3 en Alemania, pero que quiere llevar su visi\u00f3n del problema clim\u00e1tico y su soluci\u00f3n al resto del mundo, propone contribuir a la lucha contra el cambio clim\u00e1tico repoblando cualquier espacio, plantando de manera sostenible tantos bosques como est\u00e9 en su mano.<\/p>\n<p>Al inicio de 2019, The Generation Forest contaba con 280 miembros y un mill\u00f3n de euros de capital social de la cooperativa. Al final del a\u00f1o pasado, ha crecido a casi 900 miembros y logr\u00f3 aumentar su capital a m\u00e1s de 3 millones de euros.<\/p>\n<p>Sus integrantes van de los dos meses hasta los 86 a\u00f1os de edad. Proceden de Espa\u00f1a, China, Colombia, Panama, Malasia, Alemania Suiza, Francia, Austria, EEUU y Bolivia. Son estudiantes, padres j\u00f3venes y no tan j\u00f3venes, hombres de negocios, dise\u00f1adores, alba\u00f1iles, doctores, ingenieros, jubilados, asociaciones y hasta fundaciones.<\/p>\n<p>En este a\u00f1o, The Generation Forest ha plantado m\u00e1s de 1.480.000 metros cuadrados de bosque tropical: \u00abEste a\u00f1o hemos visto en nuestros bosques el regreso de huellas de jaguar y de los monos aulladores, as\u00ed como hasta los p\u00e1jaros contribuyen con nuestra causa con la diseminaci\u00f3n de las semillas, pero nuestra labor no termina ah\u00ed; empleamos a gente local, humilde, quienes tienen la oportunidad de volver a estudiar, de seguir desarroll\u00e1ndose como personas, de aprender, de tener un seguro social por primera vez en su vida, un salario o fuente de ingresos regular e incluso acceso a microcr\u00e9ditos sin intereses para que puedan emprender sus propios proyectos\u00bb, seg\u00fan TGF.<\/p>\n<p>The Generation Forest declara querer ir m\u00e1s all\u00e1: \u00abes nuestro deseo seguir creciendo y contribuyendo. Nuestro proyecto Gat\u00fan 2 se llevar\u00e1 a cabo la pr\u00f3xima temporada de lluvias, donde se crear\u00e1 un total de 500.000 metros cuadrados de nuevos bosques en estos antiguos pastos para ganado. S\u00f3lo este nuevo \u00e1rea de bosque se har\u00e1 con 700 toneladas de CO2 cada a\u00f1o, adem\u00e1s crear\u00e1 un nuevo h\u00e1bitat en una de las regiones m\u00e1s ricas en especies del mundo (Panam\u00e1), lo que proporcionar\u00e1 un nivel de agua constante para los pueblos a lo largo de sus r\u00edos, preservar\u00e1 el suelo para generaciones futuras y contribuir\u00e1 a la creaci\u00f3n de riqueza local, produciendo una incontable cantidad de metros c\u00fabicos de madera sostenible, aminorando el da\u00f1o que crean las talas descontroladas de bosques naturales\u00bb.<\/p>\n<p>M\u00e1s informaci\u00f3n:\u00a0<span style=\"color: #ff6600;\"><strong><a style=\"color: #ff6600;\" href=\"https:\/\/thegenerationforest.com\/es\/\" target=\"_blank\" rel=\"nofollow noopener noreferrer\">https:\/\/thegenerationforest.com\/es\/<\/a><\/strong><\/span><\/p>\n","protected":false},"excerpt":{"rendered":"<p>Cuando los gobiernos parecen no lograr ponerse de acuerdo, surge la necesidad de atender a iniciativas privadas para poder avanzar en la lucha contra un cambio clim\u00e1tico cada vez m\u00e1s acuciante. Y es que la lucha contra el cambio clim\u00e1tico es uno de los retos m\u00e1s importantes a los que tendr\u00e1 que hacer frente la<\/p>\n","protected":false},"author":1,"featured_media":3854,"comment_status":"closed","ping_status":"closed","sticky":false,"template":"","format":"standard","meta":{"footnotes":""},"categories":[1],"tags":[],"class_list":{"0":"post-3853","1":"post","2":"type-post","3":"status-publish","4":"format-standard","5":"has-post-thumbnail","7":"category-noticias"},"aioseo_notices":[],"aioseo_head":"\n\t\t<!-- All in One SEO Pro 4.9.6.2 - aioseo.com -->\n\t<meta name=\"description\" content=\"Cuando los gobiernos parecen no lograr ponerse de acuerdo, surge la necesidad de atender a iniciativas privadas para poder avanzar en la lucha contra un cambio clim\u00e1tico cada vez m\u00e1s acuciante. Y es que la lucha contra el cambio clim\u00e1tico es uno de los retos m\u00e1s importantes a los que tendr\u00e1 que hacer frente la\" \/>\n\t<meta name=\"robots\" content=\"max-image-preview:large\" \/>\n\t<meta name=\"author\" content=\"NBAsturias\"\/>\n\t<meta name=\"google-site-verification\" content=\"UA-38556648-1\" \/>\n\t<meta name=\"keywords\" content=\"noticias\" \/>\n\t<link rel=\"canonical\" href=\"https:\/\/eldigitaldeasturias.com\/radio\/la-alternativa-real-a-la-lucha-contra-el-cambio-climatico\/\" \/>\n\t<meta name=\"generator\" content=\"All in One SEO Pro (AIOSEO) 4.9.6.2\" \/>\n\t\t<meta property=\"og:locale\" content=\"es_ES\" \/>\n\t\t<meta property=\"og:site_name\" content=\"El Digital de Asturias | Diario de informaci\u00f3n y noticias\" \/>\n\t\t<meta property=\"og:type\" content=\"article\" \/>\n\t\t<meta property=\"og:title\" content=\"La alternativa real a la lucha contra el cambio clim\u00e1tico | El Digital de Asturias\" \/>\n\t\t<meta property=\"og:description\" content=\"Cuando los gobiernos parecen no lograr ponerse de acuerdo, surge la necesidad de atender a iniciativas privadas para poder avanzar en la lucha contra un cambio clim\u00e1tico cada vez m\u00e1s acuciante. Y es que la lucha contra el cambio clim\u00e1tico es uno de los retos m\u00e1s importantes a los que tendr\u00e1 que hacer frente la\" \/>\n\t\t<meta property=\"og:url\" content=\"https:\/\/eldigitaldeasturias.com\/radio\/la-alternativa-real-a-la-lucha-contra-el-cambio-climatico\/\" \/>\n\t\t<meta property=\"og:image\" content=\"https:\/\/eldigitaldeasturias.com\/radio\/wp-content\/uploads\/2020\/01\/1578386212_THE_GENERATION_FOREST.jpg\" \/>\n\t\t<meta property=\"og:image:secure_url\" content=\"https:\/\/eldigitaldeasturias.com\/radio\/wp-content\/uploads\/2020\/01\/1578386212_THE_GENERATION_FOREST.jpg\" \/>\n\t\t<meta property=\"og:image:width\" content=\"1200\" \/>\n\t\t<meta property=\"og:image:height\" content=\"800\" \/>\n\t\t<meta property=\"article:published_time\" content=\"2020-01-12T20:17:37+00:00\" \/>\n\t\t<meta property=\"article:modified_time\" content=\"2020-01-12T20:28:37+00:00\" \/>\n\t\t<meta name=\"twitter:card\" content=\"summary_large_image\" \/>\n\t\t<meta name=\"twitter:site\" content=\"@bercodi\" \/>\n\t\t<meta name=\"twitter:title\" content=\"La alternativa real a la lucha contra el cambio clim\u00e1tico | El Digital de Asturias\" \/>\n\t\t<meta name=\"twitter:description\" content=\"Cuando los gobiernos parecen no lograr ponerse de acuerdo, surge la necesidad de atender a iniciativas privadas para poder avanzar en la lucha contra un cambio clim\u00e1tico cada vez m\u00e1s acuciante. Y es que la lucha contra el cambio clim\u00e1tico es uno de los retos m\u00e1s importantes a los que tendr\u00e1 que hacer frente la\" \/>\n\t\t<meta name=\"twitter:creator\" content=\"@bercodi\" \/>\n\t\t<meta name=\"twitter:image\" content=\"https:\/\/eldigitaldeasturias.com\/radio\/wp-content\/uploads\/2020\/01\/1578386212_THE_GENERATION_FOREST.jpg\" \/>\n\t\t<script type=\"application\/ld+json\" class=\"aioseo-schema\">\n\t\t\t{\"@context\":\"https:\\\/\\\/schema.org\",\"@graph\":[{\"@type\":\"BreadcrumbList\",\"@id\":\"https:\\\/\\\/eldigitaldeasturias.com\\\/radio\\\/la-alternativa-real-a-la-lucha-contra-el-cambio-climatico\\\/#breadcrumblist\",\"itemListElement\":[{\"@type\":\"ListItem\",\"@id\":\"https:\\\/\\\/eldigitaldeasturias.com\\\/radio#listItem\",\"position\":1,\"name\":\"Inicio\",\"item\":\"https:\\\/\\\/eldigitaldeasturias.com\\\/radio\",\"nextItem\":{\"@type\":\"ListItem\",\"@id\":\"https:\\\/\\\/eldigitaldeasturias.com\\\/radio\\\/category\\\/noticias\\\/#listItem\",\"name\":\"Noticias\"}},{\"@type\":\"ListItem\",\"@id\":\"https:\\\/\\\/eldigitaldeasturias.com\\\/radio\\\/category\\\/noticias\\\/#listItem\",\"position\":2,\"name\":\"Noticias\",\"item\":\"https:\\\/\\\/eldigitaldeasturias.com\\\/radio\\\/category\\\/noticias\\\/\",\"nextItem\":{\"@type\":\"ListItem\",\"@id\":\"https:\\\/\\\/eldigitaldeasturias.com\\\/radio\\\/la-alternativa-real-a-la-lucha-contra-el-cambio-climatico\\\/#listItem\",\"name\":\"La alternativa real a la lucha contra el cambio clim\\u00e1tico\"},\"previousItem\":{\"@type\":\"ListItem\",\"@id\":\"https:\\\/\\\/eldigitaldeasturias.com\\\/radio#listItem\",\"name\":\"Inicio\"}},{\"@type\":\"ListItem\",\"@id\":\"https:\\\/\\\/eldigitaldeasturias.com\\\/radio\\\/la-alternativa-real-a-la-lucha-contra-el-cambio-climatico\\\/#listItem\",\"position\":3,\"name\":\"La alternativa real a la lucha contra el cambio clim\\u00e1tico\",\"previousItem\":{\"@type\":\"ListItem\",\"@id\":\"https:\\\/\\\/eldigitaldeasturias.com\\\/radio\\\/category\\\/noticias\\\/#listItem\",\"name\":\"Noticias\"}}]},{\"@type\":\"NewsArticle\",\"@id\":\"https:\\\/\\\/eldigitaldeasturias.com\\\/radio\\\/la-alternativa-real-a-la-lucha-contra-el-cambio-climatico\\\/#newsarticle\",\"name\":\"La alternativa real a la lucha contra el cambio clim\\u00e1tico | El Digital de Asturias\",\"headline\":\"La alternativa real a la lucha contra el cambio clim\\u00e1tico\",\"author\":{\"@id\":\"https:\\\/\\\/eldigitaldeasturias.com\\\/radio\\\/author\\\/nbasturias\\\/#author\"},\"publisher\":{\"@id\":\"https:\\\/\\\/eldigitaldeasturias.com\\\/radio\\\/#organization\"},\"image\":{\"@type\":\"ImageObject\",\"url\":\"https:\\\/\\\/eldigitaldeasturias.com\\\/radio\\\/wp-content\\\/uploads\\\/2020\\\/01\\\/1578386212_THE_GENERATION_FOREST.jpg\",\"width\":1200,\"height\":800},\"datePublished\":\"2020-01-12T20:17:37+01:00\",\"dateModified\":\"2020-01-12T20:28:37+01:00\",\"inLanguage\":\"es-ES\",\"mainEntityOfPage\":{\"@id\":\"https:\\\/\\\/eldigitaldeasturias.com\\\/radio\\\/la-alternativa-real-a-la-lucha-contra-el-cambio-climatico\\\/#webpage\"},\"isPartOf\":{\"@id\":\"https:\\\/\\\/eldigitaldeasturias.com\\\/radio\\\/la-alternativa-real-a-la-lucha-contra-el-cambio-climatico\\\/#webpage\"},\"articleSection\":\"Noticias\",\"dateline\":\"Publicado el enero 12, 2020.\"},{\"@type\":\"Organization\",\"@id\":\"https:\\\/\\\/eldigitaldeasturias.com\\\/radio\\\/#organization\",\"name\":\"El digital de Asturias Radio\",\"description\":\"Diario de informaci\\u00f3n y noticias\",\"url\":\"https:\\\/\\\/eldigitaldeasturias.com\\\/radio\\\/\",\"telephone\":\"+34652131393\",\"logo\":{\"@type\":\"ImageObject\",\"url\":\"https:\\\/\\\/www.eldigitaldeasturias.com\\\/radio\\\/wp-content\\\/uploads\\\/2021\\\/03\\\/EDA.jpg\",\"@id\":\"https:\\\/\\\/eldigitaldeasturias.com\\\/radio\\\/la-alternativa-real-a-la-lucha-contra-el-cambio-climatico\\\/#organizationLogo\"},\"image\":{\"@id\":\"https:\\\/\\\/eldigitaldeasturias.com\\\/radio\\\/la-alternativa-real-a-la-lucha-contra-el-cambio-climatico\\\/#organizationLogo\"},\"sameAs\":[\"https:\\\/\\\/www.facebook.com\\\/\",\"https:\\\/\\\/x.com\\\/bercodi\",\"https:\\\/\\\/www.instagram.com\\\/\",\"https:\\\/\\\/www.youtube.com\\\/channel\\\/UCZP-2wLEB9Rv6erhFmqVnvg\"]},{\"@type\":\"Person\",\"@id\":\"https:\\\/\\\/eldigitaldeasturias.com\\\/radio\\\/author\\\/nbasturias\\\/#author\",\"url\":\"https:\\\/\\\/eldigitaldeasturias.com\\\/radio\\\/author\\\/nbasturias\\\/\",\"name\":\"NBAsturias\",\"image\":{\"@type\":\"ImageObject\",\"@id\":\"https:\\\/\\\/eldigitaldeasturias.com\\\/radio\\\/la-alternativa-real-a-la-lucha-contra-el-cambio-climatico\\\/#authorImage\",\"url\":\"https:\\\/\\\/secure.gravatar.com\\\/avatar\\\/df2aeffc32bcd13f8d26072ef8a91b623d677766deac7f97ca815868cd41bf5e?s=96&d=mm&r=g\",\"width\":96,\"height\":96,\"caption\":\"NBAsturias\"}},{\"@type\":\"WebPage\",\"@id\":\"https:\\\/\\\/eldigitaldeasturias.com\\\/radio\\\/la-alternativa-real-a-la-lucha-contra-el-cambio-climatico\\\/#webpage\",\"url\":\"https:\\\/\\\/eldigitaldeasturias.com\\\/radio\\\/la-alternativa-real-a-la-lucha-contra-el-cambio-climatico\\\/\",\"name\":\"La alternativa real a la lucha contra el cambio clim\\u00e1tico | El Digital de Asturias\",\"description\":\"Cuando los gobiernos parecen no lograr ponerse de acuerdo, surge la necesidad de atender a iniciativas privadas para poder avanzar en la lucha contra un cambio clim\\u00e1tico cada vez m\\u00e1s acuciante. Y es que la lucha contra el cambio clim\\u00e1tico es uno de los retos m\\u00e1s importantes a los que tendr\\u00e1 que hacer frente la\",\"inLanguage\":\"es-ES\",\"isPartOf\":{\"@id\":\"https:\\\/\\\/eldigitaldeasturias.com\\\/radio\\\/#website\"},\"breadcrumb\":{\"@id\":\"https:\\\/\\\/eldigitaldeasturias.com\\\/radio\\\/la-alternativa-real-a-la-lucha-contra-el-cambio-climatico\\\/#breadcrumblist\"},\"author\":{\"@id\":\"https:\\\/\\\/eldigitaldeasturias.com\\\/radio\\\/author\\\/nbasturias\\\/#author\"},\"creator\":{\"@id\":\"https:\\\/\\\/eldigitaldeasturias.com\\\/radio\\\/author\\\/nbasturias\\\/#author\"},\"image\":{\"@type\":\"ImageObject\",\"url\":\"https:\\\/\\\/eldigitaldeasturias.com\\\/radio\\\/wp-content\\\/uploads\\\/2020\\\/01\\\/1578386212_THE_GENERATION_FOREST.jpg\",\"@id\":\"https:\\\/\\\/eldigitaldeasturias.com\\\/radio\\\/la-alternativa-real-a-la-lucha-contra-el-cambio-climatico\\\/#mainImage\",\"width\":1200,\"height\":800},\"primaryImageOfPage\":{\"@id\":\"https:\\\/\\\/eldigitaldeasturias.com\\\/radio\\\/la-alternativa-real-a-la-lucha-contra-el-cambio-climatico\\\/#mainImage\"},\"datePublished\":\"2020-01-12T20:17:37+01:00\",\"dateModified\":\"2020-01-12T20:28:37+01:00\"},{\"@type\":\"WebSite\",\"@id\":\"https:\\\/\\\/eldigitaldeasturias.com\\\/radio\\\/#website\",\"url\":\"https:\\\/\\\/eldigitaldeasturias.com\\\/radio\\\/\",\"name\":\"El Digital de Asturias\",\"description\":\"Diario de informaci\\u00f3n y noticias\",\"inLanguage\":\"es-ES\",\"publisher\":{\"@id\":\"https:\\\/\\\/eldigitaldeasturias.com\\\/radio\\\/#organization\"}}]}\n\t\t<\/script>\n\t\t<!-- All in One SEO Pro -->\r\n\t\t<title>La alternativa real a la lucha contra el cambio clim\u00e1tico | El Digital de Asturias<\/title>\n\n","aioseo_head_json":{"title":"La alternativa real a la lucha contra el cambio clim\u00e1tico | El Digital de Asturias","description":"Cuando los gobiernos parecen no lograr ponerse de acuerdo, surge la necesidad de atender a iniciativas privadas para poder avanzar en la lucha contra un cambio clim\u00e1tico cada vez m\u00e1s acuciante. Y es que la lucha contra el cambio clim\u00e1tico es uno de los retos m\u00e1s importantes a los que tendr\u00e1 que hacer frente la","canonical_url":"https:\/\/eldigitaldeasturias.com\/radio\/la-alternativa-real-a-la-lucha-contra-el-cambio-climatico\/","robots":"max-image-preview:large","keywords":"noticias","webmasterTools":{"google-site-verification":"UA-38556648-1","miscellaneous":""},"schema":{"@context":"https:\/\/schema.org","@graph":[{"@type":"BreadcrumbList","@id":"https:\/\/eldigitaldeasturias.com\/radio\/la-alternativa-real-a-la-lucha-contra-el-cambio-climatico\/#breadcrumblist","itemListElement":[{"@type":"ListItem","@id":"https:\/\/eldigitaldeasturias.com\/radio#listItem","position":1,"name":"Inicio","item":"https:\/\/eldigitaldeasturias.com\/radio","nextItem":{"@type":"ListItem","@id":"https:\/\/eldigitaldeasturias.com\/radio\/category\/noticias\/#listItem","name":"Noticias"}},{"@type":"ListItem","@id":"https:\/\/eldigitaldeasturias.com\/radio\/category\/noticias\/#listItem","position":2,"name":"Noticias","item":"https:\/\/eldigitaldeasturias.com\/radio\/category\/noticias\/","nextItem":{"@type":"ListItem","@id":"https:\/\/eldigitaldeasturias.com\/radio\/la-alternativa-real-a-la-lucha-contra-el-cambio-climatico\/#listItem","name":"La alternativa real a la lucha contra el cambio clim\u00e1tico"},"previousItem":{"@type":"ListItem","@id":"https:\/\/eldigitaldeasturias.com\/radio#listItem","name":"Inicio"}},{"@type":"ListItem","@id":"https:\/\/eldigitaldeasturias.com\/radio\/la-alternativa-real-a-la-lucha-contra-el-cambio-climatico\/#listItem","position":3,"name":"La alternativa real a la lucha contra el cambio clim\u00e1tico","previousItem":{"@type":"ListItem","@id":"https:\/\/eldigitaldeasturias.com\/radio\/category\/noticias\/#listItem","name":"Noticias"}}]},{"@type":"NewsArticle","@id":"https:\/\/eldigitaldeasturias.com\/radio\/la-alternativa-real-a-la-lucha-contra-el-cambio-climatico\/#newsarticle","name":"La alternativa real a la lucha contra el cambio clim\u00e1tico | El Digital de Asturias","headline":"La alternativa real a la lucha contra el cambio clim\u00e1tico","author":{"@id":"https:\/\/eldigitaldeasturias.com\/radio\/author\/nbasturias\/#author"},"publisher":{"@id":"https:\/\/eldigitaldeasturias.com\/radio\/#organization"},"image":{"@type":"ImageObject","url":"https:\/\/eldigitaldeasturias.com\/radio\/wp-content\/uploads\/2020\/01\/1578386212_THE_GENERATION_FOREST.jpg","width":1200,"height":800},"datePublished":"2020-01-12T20:17:37+01:00","dateModified":"2020-01-12T20:28:37+01:00","inLanguage":"es-ES","mainEntityOfPage":{"@id":"https:\/\/eldigitaldeasturias.com\/radio\/la-alternativa-real-a-la-lucha-contra-el-cambio-climatico\/#webpage"},"isPartOf":{"@id":"https:\/\/eldigitaldeasturias.com\/radio\/la-alternativa-real-a-la-lucha-contra-el-cambio-climatico\/#webpage"},"articleSection":"Noticias","dateline":"Publicado el enero 12, 2020."},{"@type":"Organization","@id":"https:\/\/eldigitaldeasturias.com\/radio\/#organization","name":"El digital de Asturias Radio","description":"Diario de informaci\u00f3n y noticias","url":"https:\/\/eldigitaldeasturias.com\/radio\/","telephone":"+34652131393","logo":{"@type":"ImageObject","url":"https:\/\/www.eldigitaldeasturias.com\/radio\/wp-content\/uploads\/2021\/03\/EDA.jpg","@id":"https:\/\/eldigitaldeasturias.com\/radio\/la-alternativa-real-a-la-lucha-contra-el-cambio-climatico\/#organizationLogo"},"image":{"@id":"https:\/\/eldigitaldeasturias.com\/radio\/la-alternativa-real-a-la-lucha-contra-el-cambio-climatico\/#organizationLogo"},"sameAs":["https:\/\/www.facebook.com\/","https:\/\/x.com\/bercodi","https:\/\/www.instagram.com\/","https:\/\/www.youtube.com\/channel\/UCZP-2wLEB9Rv6erhFmqVnvg"]},{"@type":"Person","@id":"https:\/\/eldigitaldeasturias.com\/radio\/author\/nbasturias\/#author","url":"https:\/\/eldigitaldeasturias.com\/radio\/author\/nbasturias\/","name":"NBAsturias","image":{"@type":"ImageObject","@id":"https:\/\/eldigitaldeasturias.com\/radio\/la-alternativa-real-a-la-lucha-contra-el-cambio-climatico\/#authorImage","url":"https:\/\/secure.gravatar.com\/avatar\/df2aeffc32bcd13f8d26072ef8a91b623d677766deac7f97ca815868cd41bf5e?s=96&d=mm&r=g","width":96,"height":96,"caption":"NBAsturias"}},{"@type":"WebPage","@id":"https:\/\/eldigitaldeasturias.com\/radio\/la-alternativa-real-a-la-lucha-contra-el-cambio-climatico\/#webpage","url":"https:\/\/eldigitaldeasturias.com\/radio\/la-alternativa-real-a-la-lucha-contra-el-cambio-climatico\/","name":"La alternativa real a la lucha contra el cambio clim\u00e1tico | El Digital de Asturias","description":"Cuando los gobiernos parecen no lograr ponerse de acuerdo, surge la necesidad de atender a iniciativas privadas para poder avanzar en la lucha contra un cambio clim\u00e1tico cada vez m\u00e1s acuciante. Y es que la lucha contra el cambio clim\u00e1tico es uno de los retos m\u00e1s importantes a los que tendr\u00e1 que hacer frente la","inLanguage":"es-ES","isPartOf":{"@id":"https:\/\/eldigitaldeasturias.com\/radio\/#website"},"breadcrumb":{"@id":"https:\/\/eldigitaldeasturias.com\/radio\/la-alternativa-real-a-la-lucha-contra-el-cambio-climatico\/#breadcrumblist"},"author":{"@id":"https:\/\/eldigitaldeasturias.com\/radio\/author\/nbasturias\/#author"},"creator":{"@id":"https:\/\/eldigitaldeasturias.com\/radio\/author\/nbasturias\/#author"},"image":{"@type":"ImageObject","url":"https:\/\/eldigitaldeasturias.com\/radio\/wp-content\/uploads\/2020\/01\/1578386212_THE_GENERATION_FOREST.jpg","@id":"https:\/\/eldigitaldeasturias.com\/radio\/la-alternativa-real-a-la-lucha-contra-el-cambio-climatico\/#mainImage","width":1200,"height":800},"primaryImageOfPage":{"@id":"https:\/\/eldigitaldeasturias.com\/radio\/la-alternativa-real-a-la-lucha-contra-el-cambio-climatico\/#mainImage"},"datePublished":"2020-01-12T20:17:37+01:00","dateModified":"2020-01-12T20:28:37+01:00"},{"@type":"WebSite","@id":"https:\/\/eldigitaldeasturias.com\/radio\/#website","url":"https:\/\/eldigitaldeasturias.com\/radio\/","name":"El Digital de Asturias","description":"Diario de informaci\u00f3n y noticias","inLanguage":"es-ES","publisher":{"@id":"https:\/\/eldigitaldeasturias.com\/radio\/#organization"}}]},"og:locale":"es_ES","og:site_name":"El Digital de Asturias | Diario de informaci\u00f3n y noticias","og:type":"article","og:title":"La alternativa real a la lucha contra el cambio clim\u00e1tico | El Digital de Asturias","og:description":"Cuando los gobiernos parecen no lograr ponerse de acuerdo, surge la necesidad de atender a iniciativas privadas para poder avanzar en la lucha contra un cambio clim\u00e1tico cada vez m\u00e1s acuciante. Y es que la lucha contra el cambio clim\u00e1tico es uno de los retos m\u00e1s importantes a los que tendr\u00e1 que hacer frente la","og:url":"https:\/\/eldigitaldeasturias.com\/radio\/la-alternativa-real-a-la-lucha-contra-el-cambio-climatico\/","og:image":"https:\/\/eldigitaldeasturias.com\/radio\/wp-content\/uploads\/2020\/01\/1578386212_THE_GENERATION_FOREST.jpg","og:image:secure_url":"https:\/\/eldigitaldeasturias.com\/radio\/wp-content\/uploads\/2020\/01\/1578386212_THE_GENERATION_FOREST.jpg","og:image:width":1200,"og:image:height":800,"article:published_time":"2020-01-12T20:17:37+00:00","article:modified_time":"2020-01-12T20:28:37+00:00","twitter:card":"summary_large_image","twitter:site":"@bercodi","twitter:title":"La alternativa real a la lucha contra el cambio clim\u00e1tico | El Digital de Asturias","twitter:description":"Cuando los gobiernos parecen no lograr ponerse de acuerdo, surge la necesidad de atender a iniciativas privadas para poder avanzar en la lucha contra un cambio clim\u00e1tico cada vez m\u00e1s acuciante. Y es que la lucha contra el cambio clim\u00e1tico es uno de los retos m\u00e1s importantes a los que tendr\u00e1 que hacer frente la","twitter:creator":"@bercodi","twitter:image":"https:\/\/eldigitaldeasturias.com\/radio\/wp-content\/uploads\/2020\/01\/1578386212_THE_GENERATION_FOREST.jpg"},"aioseo_meta_data":{"post_id":"3853","title":null,"description":null,"keywords":null,"keyphrases":null,"primary_term":null,"canonical_url":null,"og_title":null,"og_description":null,"og_object_type":"default","og_image_type":"default","og_image_url":null,"og_image_width":null,"og_image_height":null,"og_image_custom_url":null,"og_image_custom_fields":null,"og_video":null,"og_custom_url":null,"og_article_section":null,"og_article_tags":null,"twitter_use_og":false,"twitter_card":"default","twitter_image_type":"default","twitter_image_url":null,"twitter_image_custom_url":null,"twitter_image_custom_fields":null,"twitter_title":null,"twitter_description":null,"schema":{"blockGraphs":[],"customGraphs":[],"default":{"data":{"Article":[],"Course":[],"Dataset":[],"FAQPage":[],"Movie":[],"Person":[],"Product":[],"ProductReview":[],"Car":[],"Recipe":[],"Service":[],"SoftwareApplication":[],"WebPage":[]},"graphName":"","isEnabled":true},"graphs":[],"defaultGraph":"","defaultPostTypeGraph":""},"schema_type":null,"schema_type_options":null,"pillar_content":false,"robots_default":true,"robots_noindex":false,"robots_noarchive":false,"robots_nosnippet":false,"robots_nofollow":false,"robots_noimageindex":false,"robots_noodp":false,"robots_notranslate":false,"robots_max_snippet":null,"robots_max_videopreview":null,"robots_max_imagepreview":"large","priority":null,"frequency":null,"location":null,"local_seo":null,"seo_analyzer_scan_date":"2025-08-28 14:55:30","breadcrumb_settings":null,"limit_modified_date":false,"open_ai":null,"ai":null,"created":"2021-03-27 23:59:10","updated":"2025-08-28 14:55:30"},"aioseo_breadcrumb":"<div class=\"aioseo-breadcrumbs\"><span class=\"aioseo-breadcrumb\">\n\t<a href=\"https:\/\/eldigitaldeasturias.com\/radio\" title=\"Inicio\">Inicio<\/a>\n<\/span><span class=\"aioseo-breadcrumb-separator\">&ndash;<\/span><span class=\"aioseo-breadcrumb\">\n\t<a href=\"https:\/\/eldigitaldeasturias.com\/radio\/category\/noticias\/\" title=\"Noticias\">Noticias<\/a>\n<\/span><span class=\"aioseo-breadcrumb-separator\">&ndash;<\/span><span class=\"aioseo-breadcrumb\">\n\tLa alternativa real a la lucha contra el cambio clim\u00e1tico\n<\/span><\/div>","aioseo_breadcrumb_json":[{"label":"Inicio","link":"https:\/\/eldigitaldeasturias.com\/radio"},{"label":"Noticias","link":"https:\/\/eldigitaldeasturias.com\/radio\/category\/noticias\/"},{"label":"La alternativa real a la lucha contra el cambio clim\u00e1tico","link":"https:\/\/eldigitaldeasturias.com\/radio\/la-alternativa-real-a-la-lucha-contra-el-cambio-climatico\/"}],"_links":{"self":[{"href":"https:\/\/eldigitaldeasturias.com\/radio\/wp-json\/wp\/v2\/posts\/3853","targetHints":{"allow":["GET"]}}],"collection":[{"href":"https:\/\/eldigitaldeasturias.com\/radio\/wp-json\/wp\/v2\/posts"}],"about":[{"href":"https:\/\/eldigitaldeasturias.com\/radio\/wp-json\/wp\/v2\/types\/post"}],"author":[{"embeddable":true,"href":"https:\/\/eldigitaldeasturias.com\/radio\/wp-json\/wp\/v2\/users\/1"}],"replies":[{"embeddable":true,"href":"https:\/\/eldigitaldeasturias.com\/radio\/wp-json\/wp\/v2\/comments?post=3853"}],"version-history":[{"count":0,"href":"https:\/\/eldigitaldeasturias.com\/radio\/wp-json\/wp\/v2\/posts\/3853\/revisions"}],"wp:featuredmedia":[{"embeddable":true,"href":"https:\/\/eldigitaldeasturias.com\/radio\/wp-json\/wp\/v2\/media\/3854"}],"wp:attachment":[{"href":"https:\/\/eldigitaldeasturias.com\/radio\/wp-json\/wp\/v2\/media?parent=3853"}],"wp:term":[{"taxonomy":"category","embeddable":true,"href":"https:\/\/eldigitaldeasturias.com\/radio\/wp-json\/wp\/v2\/categories?post=3853"},{"taxonomy":"post_tag","embeddable":true,"href":"https:\/\/eldigitaldeasturias.com\/radio\/wp-json\/wp\/v2\/tags?post=3853"}],"curies":[{"name":"wp","href":"https:\/\/api.w.org\/{rel}","templated":true}]}}